{"id":54770,"date":"2026-03-06T20:38:48","date_gmt":"2026-03-06T18:38:48","guid":{"rendered":"https:\/\/www.laguiadepamplona.com\/actualidad\/?p=54770"},"modified":"2026-03-06T20:38:48","modified_gmt":"2026-03-06T18:38:48","slug":"convocada-una-oposicion-para-la-cobertura-de-dos-plazas-de-tecnico-o-tecnica-superior-de-archivos","status":"publish","type":"post","link":"https:\/\/www.laguiadepamplona.com\/actualidad\/convocada-una-oposicion-para-la-cobertura-de-dos-plazas-de-tecnico-o-tecnica-superior-de-archivos\/","title":{"rendered":"Convocada una oposici\u00f3n para la cobertura de dos plazas de t\u00e9cnico o t\u00e9cnica superior de archivos"},"content":{"rendered":"<h2>La oposici\u00f3n, que consta de tres pruebas te\u00f3ricas y pr\u00e1cticas, dar\u00e1 comienzo a partir del mes de septiembre<\/h2>\n<p><!--more--><\/p>\n<p>El Ayuntamiento de Pamplona ha convocado una oposici\u00f3n para la cobertura de dos plazas de t\u00e9cnico\/a superior de archivos. Se trata de dos plazas de r\u00e9gimen funcionarial y nivel retributivo A, que ser\u00e1n las resultantes del concurso de traslados convocado el pasado mes de febrero. Se prev\u00e9 que las pruebas de la oposici\u00f3n comiencen a partir del mes de septiembre. El 25 de marzo finaliza el plazo para apuntarse a la oposici\u00f3n.<\/p>\n<p>Se convocan dos plazas, una de turno libre y una de turno de promoci\u00f3n. Quienes aspiran a la plaza de turno libre deben cumplir los requisitos de nacionalidad, edad, capacidad f\u00edsica y ps\u00edquica para ejercer las funciones del puesto de trabajo y no tener inhabilitaci\u00f3n, suspensi\u00f3n o separaci\u00f3n del servicio de una administraci\u00f3n p\u00fablica. Se exige, adem\u00e1s, tener el t\u00edtulo de Grado Universitario en Historia, Filosof\u00eda, Ciencias de la Informaci\u00f3n, Derecho, Filolog\u00eda o Antropolog\u00eda, o de una titulaci\u00f3n declarada equivalente.<\/p>\n<p>Quienes opten a la plaza del turno de promoci\u00f3n, deben tener la condici\u00f3n de personal fijo perteneciente a cualquiera de las Administraciones P\u00fablicas de Navarra y no hallarse en situaci\u00f3n de excedencia voluntaria o forzosa, excepto cuando la persona en situaci\u00f3n de excedencia voluntaria se encuentre prestando servicios en otro puesto de trabajo de car\u00e1cter fijo o temporal en el Ayuntamiento de Pamplona. Asimismo, deben pertenecer al mismo o inferior nivel al de las vacantes convocadas y tener cinco a\u00f1os de antig\u00fcedad reconocida en las Administraciones P\u00fablicas u ocho a\u00f1os en el caso de los cuerpos de Polic\u00eda de Navarra.<\/p>\n<p>Las inscripciones a la convocatoria se deben realizar de forma telem\u00e1tica a trav\u00e9s del apartado \u2018<a href=\"https:\/\/sedeelectronica.pamplona.es\/FichaTramite.aspx?id=EP6000030&amp;Idioma=1\" target=\"_blank\" rel=\"noopener\">Convocatorias de empleo p\u00fablico<\/a>\u2019 de la web municipal. Las bases de la convocatoria y el temario se pueden consultar en el Bolet\u00edn Oficial de Navarra de 5 de marzo de 2026 y en <a href=\"http:\/\/www.pamplona.es\" target=\"_blank\" rel=\"noopener\">www.pamplona.es<\/a>. La tasa que se debe abonar en concepto de derechos de examen y formalizaci\u00f3n de expediente asciende a 26 euros.<\/p>\n<p><strong>Tres pruebas<\/strong><\/p>\n<p>Todas las pruebas que conforman la oposici\u00f3n se llevar\u00e1n a cabo por el sistema de plicas. La primera prueba constar\u00e1 de dos partes: una primera, con un cuestionario de un m\u00e1ximo de 20 preguntas tipo test de la parte del temario relativa a legislaci\u00f3n y, una segunda, con un cuestionario de preguntas de respuesta breve sobre las materias contenidas en la parte relativa a historia e instituciones. La puntuaci\u00f3n m\u00e1xima ser\u00e1 de 30 puntos, con 10 puntos para la parte de legislaci\u00f3n y 20 para la historia e instituciones. Quedar\u00e1n eliminadas las personas aspirantes que no obtengan, al menos, el 50% de puntuaci\u00f3n m\u00e1xima en cada parte.<\/p>\n<p>En la segunda prueba, de car\u00e1cter te\u00f3rico, se desarrollar\u00e1n dos temas, uno de entre los comprendidos en el temario sobre Archiv\u00edstica I y el otro de entre los comprendidos en la parte de Archiv\u00edstica II. Se escoger\u00e1n sorteo dos temas de cada una de las partes se\u00f1aladas, debiendo las personas aspirantes desarrollar \u00fanicamente uno de ellos a su elecci\u00f3n. La puntuaci\u00f3n m\u00e1xima de esta segunda prueba ser\u00e1 de 40 puntos. Cada tema tendr\u00e1 una puntuaci\u00f3n m\u00e1xima de 20 puntos y se deber\u00e1 sacar al menos 10 puntos en cada uno de ellos.<\/p>\n<p>La tercera y \u00faltima prueba tendr\u00e1 car\u00e1cter te\u00f3rico-pr\u00e1ctico. Consistir\u00e1 en desarrollar y resolver por escrito dos ejercicios te\u00f3rico-pr\u00e1cticos planteados por el tribunal, relativos a documentaci\u00f3n custodiada en el Archivo Municipal de Pamplona, relacionados con la planificaci\u00f3n, gesti\u00f3n y ejecuci\u00f3n de procesos o servicios archiv\u00edsticos y sobre los conocimientos necesarios para el desarrollo de las funciones propias del puesto de trabajo. La prueba tendr\u00e1 una puntuaci\u00f3n m\u00e1xima de 30 puntos, necesitando 15, para aprobar y seguir en el proceso.<\/p>\n","protected":false},"excerpt":{"rendered":"<p>La oposici\u00f3n, que consta de tres pruebas te\u00f3ricas y pr\u00e1cticas, dar\u00e1 comienzo a partir del mes de septiembre<\/p>\n","protected":false},"author":1,"featured_media":54771,"comment_status":"open","ping_status":"closed","sticky":false,"template":"","format":"standard","meta":{"footnotes":""},"categories":[2],"tags":[],"class_list":["post-54770","post","type-post","status-publish","format-standard","has-post-thumbnail","hentry","category-ayuntamiento-pamplona"],"yoast_head":"<!-- This site is optimized with the Yoast SEO plugin v27.3 - https:\/\/yoast.com\/product\/yoast-seo-wordpress\/ -->\n<title>Convocada una oposici\u00f3n para la cobertura de dos plazas de t\u00e9cnico o t\u00e9cnica superior de archivos<\/title>\n<meta name=\"description\" content=\"La oposici\u00f3n, que consta de tres pruebas te\u00f3ricas y pr\u00e1cticas, dar\u00e1 comienzo a partir del mes de septiembre\" \/>\n<meta name=\"robots\" content=\"index, follow, max-snippet:-1, max-image-preview:large, max-video-preview:-1\" \/>\n<link rel=\"canonical\" href=\"https:\/\/www.laguiadepamplona.com\/actualidad\/convocada-una-oposicion-para-la-cobertura-de-dos-plazas-de-tecnico-o-tecnica-superior-de-archivos\/\" \/>\n<meta property=\"og:locale\" content=\"es_ES\" \/>\n<meta property=\"og:type\" content=\"article\" \/>\n<meta property=\"og:title\" content=\"Convocada una oposici\u00f3n para la cobertura de dos plazas de t\u00e9cnico o t\u00e9cnica superior de archivos\" \/>\n<meta property=\"og:description\" content=\"La oposici\u00f3n, que consta de tres pruebas te\u00f3ricas y pr\u00e1cticas, dar\u00e1 comienzo a partir del mes de septiembre\" \/>\n<meta property=\"og:url\" content=\"https:\/\/www.laguiadepamplona.com\/actualidad\/convocada-una-oposicion-para-la-cobertura-de-dos-plazas-de-tecnico-o-tecnica-superior-de-archivos\/\" \/>\n<meta property=\"og:site_name\" content=\"La Gu\u00eda de Pamplona\" \/>\n<meta property=\"article:publisher\" content=\"https:\/\/www.facebook.com\/laguiadepamplonacom-133175176762273\/?ref=hl\" \/>\n<meta property=\"article:published_time\" content=\"2026-03-06T18:38:48+00:00\" \/>\n<meta property=\"og:image\" content=\"https:\/\/www.laguiadepamplona.com\/actualidad\/wp-content\/uploads\/2026\/03\/archivo_web_2.webp\" \/>\n\t<meta property=\"og:image:width\" content=\"1000\" \/>\n\t<meta property=\"og:image:height\" content=\"472\" \/>\n\t<meta property=\"og:image:type\" content=\"image\/webp\" \/>\n<meta name=\"author\" content=\"La Gu\u00eda de Pamplona\" \/>\n<meta name=\"twitter:card\" content=\"summary_large_image\" \/>\n<meta name=\"twitter:creator\" content=\"@LaGuiadPamplona\" \/>\n<meta name=\"twitter:site\" content=\"@LaGuiadPamplona\" \/>\n<meta name=\"twitter:label1\" content=\"Escrito por\" \/>\n\t<meta name=\"twitter:data1\" content=\"La Gu\u00eda de Pamplona\" \/>\n\t<meta name=\"twitter:label2\" content=\"Tiempo de lectura\" \/>\n\t<meta name=\"twitter:data2\" content=\"4 minutos\" \/>\n<script type=\"application\/ld+json\" class=\"yoast-schema-graph\">{\"@context\":\"https:\\\/\\\/schema.org\",\"@graph\":[{\"@type\":\"Article\",\"@id\":\"https:\\\/\\\/www.laguiadepamplona.com\\\/actualidad\\\/convocada-una-oposicion-para-la-cobertura-de-dos-plazas-de-tecnico-o-tecnica-superior-de-archivos\\\/#article\",\"isPartOf\":{\"@id\":\"https:\\\/\\\/www.laguiadepamplona.com\\\/actualidad\\\/convocada-una-oposicion-para-la-cobertura-de-dos-plazas-de-tecnico-o-tecnica-superior-de-archivos\\\/\"},\"author\":{\"name\":\"La Gu\u00eda de Pamplona\",\"@id\":\"https:\\\/\\\/www.laguiadepamplona.com\\\/actualidad\\\/#\\\/schema\\\/person\\\/efe887376f0213d4657c93adc50b1fdb\"},\"headline\":\"Convocada una oposici\u00f3n para la cobertura de dos plazas de t\u00e9cnico o t\u00e9cnica superior de archivos\",\"datePublished\":\"2026-03-06T18:38:48+00:00\",\"mainEntityOfPage\":{\"@id\":\"https:\\\/\\\/www.laguiadepamplona.com\\\/actualidad\\\/convocada-una-oposicion-para-la-cobertura-de-dos-plazas-de-tecnico-o-tecnica-superior-de-archivos\\\/\"},\"wordCount\":700,\"commentCount\":0,\"publisher\":{\"@id\":\"https:\\\/\\\/www.laguiadepamplona.com\\\/actualidad\\\/#organization\"},\"image\":{\"@id\":\"https:\\\/\\\/www.laguiadepamplona.com\\\/actualidad\\\/convocada-una-oposicion-para-la-cobertura-de-dos-plazas-de-tecnico-o-tecnica-superior-de-archivos\\\/#primaryimage\"},\"thumbnailUrl\":\"https:\\\/\\\/www.laguiadepamplona.com\\\/actualidad\\\/wp-content\\\/uploads\\\/2026\\\/03\\\/archivo_web_2.webp\",\"articleSection\":[\"Ayto Pamplona\"],\"inLanguage\":\"es\",\"potentialAction\":[{\"@type\":\"CommentAction\",\"name\":\"Comment\",\"target\":[\"https:\\\/\\\/www.laguiadepamplona.com\\\/actualidad\\\/convocada-una-oposicion-para-la-cobertura-de-dos-plazas-de-tecnico-o-tecnica-superior-de-archivos\\\/#respond\"]}]},{\"@type\":\"WebPage\",\"@id\":\"https:\\\/\\\/www.laguiadepamplona.com\\\/actualidad\\\/convocada-una-oposicion-para-la-cobertura-de-dos-plazas-de-tecnico-o-tecnica-superior-de-archivos\\\/\",\"url\":\"https:\\\/\\\/www.laguiadepamplona.com\\\/actualidad\\\/convocada-una-oposicion-para-la-cobertura-de-dos-plazas-de-tecnico-o-tecnica-superior-de-archivos\\\/\",\"name\":\"Convocada una oposici\u00f3n para la cobertura de dos plazas de t\u00e9cnico o t\u00e9cnica superior de archivos\",\"isPartOf\":{\"@id\":\"https:\\\/\\\/www.laguiadepamplona.com\\\/actualidad\\\/#website\"},\"primaryImageOfPage\":{\"@id\":\"https:\\\/\\\/www.laguiadepamplona.com\\\/actualidad\\\/convocada-una-oposicion-para-la-cobertura-de-dos-plazas-de-tecnico-o-tecnica-superior-de-archivos\\\/#primaryimage\"},\"image\":{\"@id\":\"https:\\\/\\\/www.laguiadepamplona.com\\\/actualidad\\\/convocada-una-oposicion-para-la-cobertura-de-dos-plazas-de-tecnico-o-tecnica-superior-de-archivos\\\/#primaryimage\"},\"thumbnailUrl\":\"https:\\\/\\\/www.laguiadepamplona.com\\\/actualidad\\\/wp-content\\\/uploads\\\/2026\\\/03\\\/archivo_web_2.webp\",\"datePublished\":\"2026-03-06T18:38:48+00:00\",\"description\":\"La oposici\u00f3n, que consta de tres pruebas te\u00f3ricas y pr\u00e1cticas, dar\u00e1 comienzo a partir del mes de septiembre\",\"breadcrumb\":{\"@id\":\"https:\\\/\\\/www.laguiadepamplona.com\\\/actualidad\\\/convocada-una-oposicion-para-la-cobertura-de-dos-plazas-de-tecnico-o-tecnica-superior-de-archivos\\\/#breadcrumb\"},\"inLanguage\":\"es\",\"potentialAction\":[{\"@type\":\"ReadAction\",\"target\":[\"https:\\\/\\\/www.laguiadepamplona.com\\\/actualidad\\\/convocada-una-oposicion-para-la-cobertura-de-dos-plazas-de-tecnico-o-tecnica-superior-de-archivos\\\/\"]}]},{\"@type\":\"ImageObject\",\"inLanguage\":\"es\",\"@id\":\"https:\\\/\\\/www.laguiadepamplona.com\\\/actualidad\\\/convocada-una-oposicion-para-la-cobertura-de-dos-plazas-de-tecnico-o-tecnica-superior-de-archivos\\\/#primaryimage\",\"url\":\"https:\\\/\\\/www.laguiadepamplona.com\\\/actualidad\\\/wp-content\\\/uploads\\\/2026\\\/03\\\/archivo_web_2.webp\",\"contentUrl\":\"https:\\\/\\\/www.laguiadepamplona.com\\\/actualidad\\\/wp-content\\\/uploads\\\/2026\\\/03\\\/archivo_web_2.webp\",\"width\":1000,\"height\":472,\"caption\":\"archivo de navarra\"},{\"@type\":\"BreadcrumbList\",\"@id\":\"https:\\\/\\\/www.laguiadepamplona.com\\\/actualidad\\\/convocada-una-oposicion-para-la-cobertura-de-dos-plazas-de-tecnico-o-tecnica-superior-de-archivos\\\/#breadcrumb\",\"itemListElement\":[{\"@type\":\"ListItem\",\"position\":1,\"name\":\"Portada\",\"item\":\"https:\\\/\\\/www.laguiadepamplona.com\\\/actualidad\\\/\"},{\"@type\":\"ListItem\",\"position\":2,\"name\":\"Convocada una oposici\u00f3n para la cobertura de dos plazas de t\u00e9cnico o t\u00e9cnica superior de archivos\"}]},{\"@type\":\"WebSite\",\"@id\":\"https:\\\/\\\/www.laguiadepamplona.com\\\/actualidad\\\/#website\",\"url\":\"https:\\\/\\\/www.laguiadepamplona.com\\\/actualidad\\\/\",\"name\":\"La gu\u00eda de Pamplona\",\"description\":\"Noticias de Pamplona\",\"publisher\":{\"@id\":\"https:\\\/\\\/www.laguiadepamplona.com\\\/actualidad\\\/#organization\"},\"potentialAction\":[{\"@type\":\"SearchAction\",\"target\":{\"@type\":\"EntryPoint\",\"urlTemplate\":\"https:\\\/\\\/www.laguiadepamplona.com\\\/actualidad\\\/?s={search_term_string}\"},\"query-input\":{\"@type\":\"PropertyValueSpecification\",\"valueRequired\":true,\"valueName\":\"search_term_string\"}}],\"inLanguage\":\"es\"},{\"@type\":\"Organization\",\"@id\":\"https:\\\/\\\/www.laguiadepamplona.com\\\/actualidad\\\/#organization\",\"name\":\"La Gu\u00eda de Pamplona \\\/ Noticias\",\"url\":\"https:\\\/\\\/www.laguiadepamplona.com\\\/actualidad\\\/\",\"logo\":{\"@type\":\"ImageObject\",\"inLanguage\":\"es\",\"@id\":\"https:\\\/\\\/www.laguiadepamplona.com\\\/actualidad\\\/#\\\/schema\\\/logo\\\/image\\\/\",\"url\":\"https:\\\/\\\/www.laguiadepamplona.com\\\/actualidad\\\/wp-content\\\/uploads\\\/2018\\\/11\\\/logo-laguiadepamplona18-web1.png\",\"contentUrl\":\"https:\\\/\\\/www.laguiadepamplona.com\\\/actualidad\\\/wp-content\\\/uploads\\\/2018\\\/11\\\/logo-laguiadepamplona18-web1.png\",\"width\":600,\"height\":196,\"caption\":\"La Gu\u00eda de Pamplona \\\/ Noticias\"},\"image\":{\"@id\":\"https:\\\/\\\/www.laguiadepamplona.com\\\/actualidad\\\/#\\\/schema\\\/logo\\\/image\\\/\"},\"sameAs\":[\"https:\\\/\\\/www.facebook.com\\\/laguiadepamplonacom-133175176762273\\\/?ref=hl\",\"https:\\\/\\\/x.com\\\/LaGuiadPamplona\",\"https:\\\/\\\/www.instagram.com\\\/la_guia_de_pamplona\\\/\",\"https:\\\/\\\/www.youtube.com\\\/user\\\/laguiadepamplona\"]},{\"@type\":\"Person\",\"@id\":\"https:\\\/\\\/www.laguiadepamplona.com\\\/actualidad\\\/#\\\/schema\\\/person\\\/efe887376f0213d4657c93adc50b1fdb\",\"name\":\"La Gu\u00eda de Pamplona\",\"image\":{\"@type\":\"ImageObject\",\"inLanguage\":\"es\",\"@id\":\"https:\\\/\\\/secure.gravatar.com\\\/avatar\\\/b6992f131dc8d30ab0dff15446e9d346d9dbd95992de0fef795073f5ea83a81c?s=96&d=mm&r=g\",\"url\":\"https:\\\/\\\/secure.gravatar.com\\\/avatar\\\/b6992f131dc8d30ab0dff15446e9d346d9dbd95992de0fef795073f5ea83a81c?s=96&d=mm&r=g\",\"contentUrl\":\"https:\\\/\\\/secure.gravatar.com\\\/avatar\\\/b6992f131dc8d30ab0dff15446e9d346d9dbd95992de0fef795073f5ea83a81c?s=96&d=mm&r=g\",\"caption\":\"La Gu\u00eda de Pamplona\"}}]}<\/script>\n<!-- \/ Yoast SEO plugin. -->","yoast_head_json":{"title":"Convocada una oposici\u00f3n para la cobertura de dos plazas de t\u00e9cnico o t\u00e9cnica superior de archivos","description":"La oposici\u00f3n, que consta de tres pruebas te\u00f3ricas y pr\u00e1cticas, dar\u00e1 comienzo a partir del mes de septiembre","robots":{"index":"index","follow":"follow","max-snippet":"max-snippet:-1","max-image-preview":"max-image-preview:large","max-video-preview":"max-video-preview:-1"},"canonical":"https:\/\/www.laguiadepamplona.com\/actualidad\/convocada-una-oposicion-para-la-cobertura-de-dos-plazas-de-tecnico-o-tecnica-superior-de-archivos\/","og_locale":"es_ES","og_type":"article","og_title":"Convocada una oposici\u00f3n para la cobertura de dos plazas de t\u00e9cnico o t\u00e9cnica superior de archivos","og_description":"La oposici\u00f3n, que consta de tres pruebas te\u00f3ricas y pr\u00e1cticas, dar\u00e1 comienzo a partir del mes de septiembre","og_url":"https:\/\/www.laguiadepamplona.com\/actualidad\/convocada-una-oposicion-para-la-cobertura-de-dos-plazas-de-tecnico-o-tecnica-superior-de-archivos\/","og_site_name":"La Gu\u00eda de Pamplona","article_publisher":"https:\/\/www.facebook.com\/laguiadepamplonacom-133175176762273\/?ref=hl","article_published_time":"2026-03-06T18:38:48+00:00","og_image":[{"width":1000,"height":472,"url":"https:\/\/www.laguiadepamplona.com\/actualidad\/wp-content\/uploads\/2026\/03\/archivo_web_2.webp","type":"image\/webp"}],"author":"La Gu\u00eda de Pamplona","twitter_card":"summary_large_image","twitter_creator":"@LaGuiadPamplona","twitter_site":"@LaGuiadPamplona","twitter_misc":{"Escrito por":"La Gu\u00eda de Pamplona","Tiempo de lectura":"4 minutos"},"schema":{"@context":"https:\/\/schema.org","@graph":[{"@type":"Article","@id":"https:\/\/www.laguiadepamplona.com\/actualidad\/convocada-una-oposicion-para-la-cobertura-de-dos-plazas-de-tecnico-o-tecnica-superior-de-archivos\/#article","isPartOf":{"@id":"https:\/\/www.laguiadepamplona.com\/actualidad\/convocada-una-oposicion-para-la-cobertura-de-dos-plazas-de-tecnico-o-tecnica-superior-de-archivos\/"},"author":{"name":"La Gu\u00eda de Pamplona","@id":"https:\/\/www.laguiadepamplona.com\/actualidad\/#\/schema\/person\/efe887376f0213d4657c93adc50b1fdb"},"headline":"Convocada una oposici\u00f3n para la cobertura de dos plazas de t\u00e9cnico o t\u00e9cnica superior de archivos","datePublished":"2026-03-06T18:38:48+00:00","mainEntityOfPage":{"@id":"https:\/\/www.laguiadepamplona.com\/actualidad\/convocada-una-oposicion-para-la-cobertura-de-dos-plazas-de-tecnico-o-tecnica-superior-de-archivos\/"},"wordCount":700,"commentCount":0,"publisher":{"@id":"https:\/\/www.laguiadepamplona.com\/actualidad\/#organization"},"image":{"@id":"https:\/\/www.laguiadepamplona.com\/actualidad\/convocada-una-oposicion-para-la-cobertura-de-dos-plazas-de-tecnico-o-tecnica-superior-de-archivos\/#primaryimage"},"thumbnailUrl":"https:\/\/www.laguiadepamplona.com\/actualidad\/wp-content\/uploads\/2026\/03\/archivo_web_2.webp","articleSection":["Ayto Pamplona"],"inLanguage":"es","potentialAction":[{"@type":"CommentAction","name":"Comment","target":["https:\/\/www.laguiadepamplona.com\/actualidad\/convocada-una-oposicion-para-la-cobertura-de-dos-plazas-de-tecnico-o-tecnica-superior-de-archivos\/#respond"]}]},{"@type":"WebPage","@id":"https:\/\/www.laguiadepamplona.com\/actualidad\/convocada-una-oposicion-para-la-cobertura-de-dos-plazas-de-tecnico-o-tecnica-superior-de-archivos\/","url":"https:\/\/www.laguiadepamplona.com\/actualidad\/convocada-una-oposicion-para-la-cobertura-de-dos-plazas-de-tecnico-o-tecnica-superior-de-archivos\/","name":"Convocada una oposici\u00f3n para la cobertura de dos plazas de t\u00e9cnico o t\u00e9cnica superior de archivos","isPartOf":{"@id":"https:\/\/www.laguiadepamplona.com\/actualidad\/#website"},"primaryImageOfPage":{"@id":"https:\/\/www.laguiadepamplona.com\/actualidad\/convocada-una-oposicion-para-la-cobertura-de-dos-plazas-de-tecnico-o-tecnica-superior-de-archivos\/#primaryimage"},"image":{"@id":"https:\/\/www.laguiadepamplona.com\/actualidad\/convocada-una-oposicion-para-la-cobertura-de-dos-plazas-de-tecnico-o-tecnica-superior-de-archivos\/#primaryimage"},"thumbnailUrl":"https:\/\/www.laguiadepamplona.com\/actualidad\/wp-content\/uploads\/2026\/03\/archivo_web_2.webp","datePublished":"2026-03-06T18:38:48+00:00","description":"La oposici\u00f3n, que consta de tres pruebas te\u00f3ricas y pr\u00e1cticas, dar\u00e1 comienzo a partir del mes de septiembre","breadcrumb":{"@id":"https:\/\/www.laguiadepamplona.com\/actualidad\/convocada-una-oposicion-para-la-cobertura-de-dos-plazas-de-tecnico-o-tecnica-superior-de-archivos\/#breadcrumb"},"inLanguage":"es","potentialAction":[{"@type":"ReadAction","target":["https:\/\/www.laguiadepamplona.com\/actualidad\/convocada-una-oposicion-para-la-cobertura-de-dos-plazas-de-tecnico-o-tecnica-superior-de-archivos\/"]}]},{"@type":"ImageObject","inLanguage":"es","@id":"https:\/\/www.laguiadepamplona.com\/actualidad\/convocada-una-oposicion-para-la-cobertura-de-dos-plazas-de-tecnico-o-tecnica-superior-de-archivos\/#primaryimage","url":"https:\/\/www.laguiadepamplona.com\/actualidad\/wp-content\/uploads\/2026\/03\/archivo_web_2.webp","contentUrl":"https:\/\/www.laguiadepamplona.com\/actualidad\/wp-content\/uploads\/2026\/03\/archivo_web_2.webp","width":1000,"height":472,"caption":"archivo de navarra"},{"@type":"BreadcrumbList","@id":"https:\/\/www.laguiadepamplona.com\/actualidad\/convocada-una-oposicion-para-la-cobertura-de-dos-plazas-de-tecnico-o-tecnica-superior-de-archivos\/#breadcrumb","itemListElement":[{"@type":"ListItem","position":1,"name":"Portada","item":"https:\/\/www.laguiadepamplona.com\/actualidad\/"},{"@type":"ListItem","position":2,"name":"Convocada una oposici\u00f3n para la cobertura de dos plazas de t\u00e9cnico o t\u00e9cnica superior de archivos"}]},{"@type":"WebSite","@id":"https:\/\/www.laguiadepamplona.com\/actualidad\/#website","url":"https:\/\/www.laguiadepamplona.com\/actualidad\/","name":"La gu\u00eda de Pamplona","description":"Noticias de Pamplona","publisher":{"@id":"https:\/\/www.laguiadepamplona.com\/actualidad\/#organization"},"potentialAction":[{"@type":"SearchAction","target":{"@type":"EntryPoint","urlTemplate":"https:\/\/www.laguiadepamplona.com\/actualidad\/?s={search_term_string}"},"query-input":{"@type":"PropertyValueSpecification","valueRequired":true,"valueName":"search_term_string"}}],"inLanguage":"es"},{"@type":"Organization","@id":"https:\/\/www.laguiadepamplona.com\/actualidad\/#organization","name":"La Gu\u00eda de Pamplona \/ Noticias","url":"https:\/\/www.laguiadepamplona.com\/actualidad\/","logo":{"@type":"ImageObject","inLanguage":"es","@id":"https:\/\/www.laguiadepamplona.com\/actualidad\/#\/schema\/logo\/image\/","url":"https:\/\/www.laguiadepamplona.com\/actualidad\/wp-content\/uploads\/2018\/11\/logo-laguiadepamplona18-web1.png","contentUrl":"https:\/\/www.laguiadepamplona.com\/actualidad\/wp-content\/uploads\/2018\/11\/logo-laguiadepamplona18-web1.png","width":600,"height":196,"caption":"La Gu\u00eda de Pamplona \/ Noticias"},"image":{"@id":"https:\/\/www.laguiadepamplona.com\/actualidad\/#\/schema\/logo\/image\/"},"sameAs":["https:\/\/www.facebook.com\/laguiadepamplonacom-133175176762273\/?ref=hl","https:\/\/x.com\/LaGuiadPamplona","https:\/\/www.instagram.com\/la_guia_de_pamplona\/","https:\/\/www.youtube.com\/user\/laguiadepamplona"]},{"@type":"Person","@id":"https:\/\/www.laguiadepamplona.com\/actualidad\/#\/schema\/person\/efe887376f0213d4657c93adc50b1fdb","name":"La Gu\u00eda de Pamplona","image":{"@type":"ImageObject","inLanguage":"es","@id":"https:\/\/secure.gravatar.com\/avatar\/b6992f131dc8d30ab0dff15446e9d346d9dbd95992de0fef795073f5ea83a81c?s=96&d=mm&r=g","url":"https:\/\/secure.gravatar.com\/avatar\/b6992f131dc8d30ab0dff15446e9d346d9dbd95992de0fef795073f5ea83a81c?s=96&d=mm&r=g","contentUrl":"https:\/\/secure.gravatar.com\/avatar\/b6992f131dc8d30ab0dff15446e9d346d9dbd95992de0fef795073f5ea83a81c?s=96&d=mm&r=g","caption":"La Gu\u00eda de Pamplona"}}]}},"post_mailing_queue_ids":[],"_links":{"self":[{"href":"https:\/\/www.laguiadepamplona.com\/actualidad\/wp-json\/wp\/v2\/posts\/54770","targetHints":{"allow":["GET"]}}],"collection":[{"href":"https:\/\/www.laguiadepamplona.com\/actualidad\/wp-json\/wp\/v2\/posts"}],"about":[{"href":"https:\/\/www.laguiadepamplona.com\/actualidad\/wp-json\/wp\/v2\/types\/post"}],"author":[{"embeddable":true,"href":"https:\/\/www.laguiadepamplona.com\/actualidad\/wp-json\/wp\/v2\/users\/1"}],"replies":[{"embeddable":true,"href":"https:\/\/www.laguiadepamplona.com\/actualidad\/wp-json\/wp\/v2\/comments?post=54770"}],"version-history":[{"count":1,"href":"https:\/\/www.laguiadepamplona.com\/actualidad\/wp-json\/wp\/v2\/posts\/54770\/revisions"}],"predecessor-version":[{"id":54772,"href":"https:\/\/www.laguiadepamplona.com\/actualidad\/wp-json\/wp\/v2\/posts\/54770\/revisions\/54772"}],"wp:featuredmedia":[{"embeddable":true,"href":"https:\/\/www.laguiadepamplona.com\/actualidad\/wp-json\/wp\/v2\/media\/54771"}],"wp:attachment":[{"href":"https:\/\/www.laguiadepamplona.com\/actualidad\/wp-json\/wp\/v2\/media?parent=54770"}],"wp:term":[{"taxonomy":"category","embeddable":true,"href":"https:\/\/www.laguiadepamplona.com\/actualidad\/wp-json\/wp\/v2\/categories?post=54770"},{"taxonomy":"post_tag","embeddable":true,"href":"https:\/\/www.laguiadepamplona.com\/actualidad\/wp-json\/wp\/v2\/tags?post=54770"}],"curies":[{"name":"wp","href":"https:\/\/api.w.org\/{rel}","templated":true}]}}