{"id":54767,"date":"2026-03-06T20:36:53","date_gmt":"2026-03-06T18:36:53","guid":{"rendered":"https:\/\/www.laguiadepamplona.com\/actualidad\/?p=54767"},"modified":"2026-03-06T20:36:53","modified_gmt":"2026-03-06T18:36:53","slug":"el-albergue-casa-paderborn-cumple-20-anos-de-gestion-a-cargo-de-la-hermandad-de-santiago-un-voluntariado-que-atiende-a-quienes-peregrinan-y-difunde-imagen-de-pamplona","status":"publish","type":"post","link":"https:\/\/www.laguiadepamplona.com\/actualidad\/el-albergue-casa-paderborn-cumple-20-anos-de-gestion-a-cargo-de-la-hermandad-de-santiago-un-voluntariado-que-atiende-a-quienes-peregrinan-y-difunde-imagen-de-pamplona\/","title":{"rendered":"El albergue Casa Paderborn cumple 20 a\u00f1os de gesti\u00f3n a cargo de la Hermandad de Santiago, un voluntariado que atiende a quienes peregrinan y difunde imagen de Pamplona"},"content":{"rendered":"<h2>El albergue ha iniciado esta semana su temporada de apertura y el domingo 8 de marzo celebra un \u201cdesayuno alem\u00e1n\u201d de aniversario<\/h2>\n<p><!--more--><\/p>\n<p>Este a\u00f1o el albergue Casa Paderborn inicia su temporada de apertura con una fiesta. El domingo 8 de marzo en el Chalet de Iraizoz, antes llamado Casa del veterinario, tendr\u00e1 lugar un \u201cdesayuno alem\u00e1n\u201d para celebrar que hace ya 20 a\u00f1os que la Hermandad Santiago de Paderborn gestiona ese espacio de acogimiento, hospitalidad, informaci\u00f3n y apoyo a los peregrinos. Lo hace mediante la firma de sucesivos convenidos convenios, 4 desde el a\u00f1o 2006, siempre de acuerdo con los usos y pr\u00e1cticas que son comunes en los albergues de la Ruta Jacobea.<\/p>\n<p>Y es que cada a\u00f1o pasan por all\u00ed aproximadamente 3.400 personas, lo que supone la atenci\u00f3n de 68.000 peregrinos en dos d\u00e9cadas. Han registrado 35 nacionalidades diferentes, ya que desde que existe Internet, la informaci\u00f3n de este albergue se extendi\u00f3 a todo el mundo, pero casi todas las personas de nacionalidad alemana que hacen el Camino y pernoctan en Pamplona, lo hacen all\u00ed. Son embajadores de la ciudad y su sede de Pamplona funciona de manera informal como oficina de turismo de hecho.<\/p>\n<p>Esta larga relaci\u00f3n simbi\u00f3tica emana del hermanamiento que la ciudad alemana de Paderborn mantiene con Pamplona que se firm\u00f3 en 1993 mediante un documento de amistad. En \u00e9l se recog\u00eda el objetivo de ambas instituciones de fomentar la amistad entre los pueblos a trav\u00e9s de buenas relaciones humanas y culturales y para ello se propone coordinar y organizar encuentros y actividades hispano-alemanas. En el a\u00f1o 2004, el Ayuntamiento de Pamplona decide utilizar el Chalet Iraizoz, a las orillas del r\u00edo Arga como albergue de peregrinos del Camino de Santiago para dar cobertura a la previsible mayor afluencia de peregrinos en este a\u00f1o jacobeo; dos a\u00f1os despu\u00e9s, y a iniciativa de la Hermandad Santiago de Paderborn se firma el primer convenio de cesi\u00f3n de uso, algo que se ha venido repitiendo cada 5 a\u00f1os. Este 2026 toca renovaci\u00f3n.<\/p>\n<p>El albergue abre todos los a\u00f1os sus puertas el 1 de marzo para dar alojamiento a quienes peregrinan, y no cierra sus puertas hasta el 31 de octubre. Sistem\u00e1ticamente los meses de mayor afluencia son abril y mayo y, cada d\u00eda, dos personas voluntarias se encargan de hacer funcionar el centro; la pareja cambia cada tres semanas. El albergue admite como donativos la cantidad establecida como tal en cada momento en el Reglamento de Ordenaci\u00f3n de los Albergues Tur\u00edsticos de Navarra y, a cambio, de encarga del mantenimiento ordinario de los espacios del chalet. Algunos de los trabajos de los que se ha hecho cargo la asociaci\u00f3n han sido el pintado de fachadas, el alicatado de duchas, la instalaci\u00f3n de un ba\u00f1o nuevos y la colocaci\u00f3n de lavabos en interiores y exteriores; asimismo han renovado o instalado suelos, han creado una zona de estancia en el jard\u00edn equipada con bancos y mesas y cubierta con una p\u00e9rgola, y han montado una nueva cocina, con secadora, lavadora, muebles de cocina\u2026 El Ayuntamiento, por su parte, financia las facturas de agua corriente y electricidad.<\/p>\n<p><strong>Colaboraci\u00f3n con Pamplona como destino tur\u00edstico<\/strong><\/p>\n<p>La Fundaci\u00f3n de la Hermandad de Santiago, ubicada antiguamente en una casa particular, debido a la gran cantidad de preguntas, solicitudes, sugerencias que gestionaban, se encuentra desde 2010 en Busdorfmauer 33, D-33098, Paderborn, Rep\u00fablica Federal de Alemania.Esta oficina, llamada Pilgerb\u00fcro Casa Pamplona (Oficina de peregrinos Casa Pamplona) tienen el objetivo de seguir atendiendo a todos los peregrinos que se dirigen a la Asociaci\u00f3n de Amigos del Camino de Santiago de Paderborn.<\/p>\n<p>As\u00ed hace las funciones oficina de turismo, sobre todo para turistas procedentes de Alemania, por lo que informa a futuros prescriptores de Pamplona como destino. En la oficina de peregrinos ofrecen informaci\u00f3n de todo tipo, c\u00f3mo hacer el camino, albergues en el camino franc\u00e9s, as\u00ed como informaci\u00f3n general sobre Pamplona. Adem\u00e1s, contestan a llamadas telef\u00f3nicas, correos electr\u00f3nicos y numerosas cartas que llegan diariamente adem\u00e1s de expedir credenciales.<\/p>\n<p>Adem\u00e1s de mantener actualizada la web <a href=\"https:\/\/jakobusfreunde-paderborn.com\/\" target=\"_blank\" rel=\"noopener\">https:\/\/jakobusfreunde-paderborn.com\/<\/a>, la hermandad publica la gu\u00eda para peregrinos \u2018El Camino de Santiago\u2019 con informaci\u00f3n sobre el Camino Franc\u00e9s en Espa\u00f1a, los albergues y dem\u00e1s alojamientos a lo largo del Camino, con especial atenci\u00f3n gr\u00e1fica y textual al albergue Casa Paderborn.<\/p>\n<p>La Fundaci\u00f3n de la Hermandad de Santiago aglutina a 1.050 personas y se financia fundamentalmente gracias a las cuotas de quienes la integran y a donaciones.<\/p>\n","protected":false},"excerpt":{"rendered":"<p>El albergue ha iniciado esta semana su temporada de apertura y el domingo 8 de marzo celebra un \u201cdesayuno alem\u00e1n\u201d de aniversario<\/p>\n","protected":false},"author":1,"featured_media":54768,"comment_status":"open","ping_status":"closed","sticky":false,"template":"","format":"standard","meta":{"footnotes":""},"categories":[2],"tags":[],"class_list":["post-54767","post","type-post","status-publish","format-standard","has-post-thumbnail","hentry","category-ayuntamiento-pamplona"],"yoast_head":"<!-- This site is optimized with the Yoast SEO plugin v27.5 - https:\/\/yoast.com\/product\/yoast-seo-wordpress\/ -->\n<title>El albergue Casa Paderborn cumple 20 a\u00f1os de gesti\u00f3n a cargo de la Hermandad de Santiago, un voluntariado que atiende a quienes peregrinan y difunde imagen de Pamplona<\/title>\n<meta name=\"description\" content=\"El albergue ha iniciado esta semana su temporada de apertura y el domingo 8 de marzo celebra un \u201cdesayuno alem\u00e1n\u201d de aniversario\" \/>\n<meta name=\"robots\" content=\"index, follow, max-snippet:-1, max-image-preview:large, max-video-preview:-1\" \/>\n<link rel=\"canonical\" href=\"https:\/\/www.laguiadepamplona.com\/actualidad\/el-albergue-casa-paderborn-cumple-20-anos-de-gestion-a-cargo-de-la-hermandad-de-santiago-un-voluntariado-que-atiende-a-quienes-peregrinan-y-difunde-imagen-de-pamplona\/\" \/>\n<meta property=\"og:locale\" content=\"es_ES\" \/>\n<meta property=\"og:type\" content=\"article\" \/>\n<meta property=\"og:title\" content=\"El albergue Casa Paderborn cumple 20 a\u00f1os de gesti\u00f3n a cargo de la Hermandad de Santiago, un voluntariado que atiende a quienes peregrinan y difunde imagen de Pamplona\" \/>\n<meta property=\"og:description\" content=\"El albergue ha iniciado esta semana su temporada de apertura y el domingo 8 de marzo celebra un \u201cdesayuno alem\u00e1n\u201d de aniversario\" \/>\n<meta property=\"og:url\" content=\"https:\/\/www.laguiadepamplona.com\/actualidad\/el-albergue-casa-paderborn-cumple-20-anos-de-gestion-a-cargo-de-la-hermandad-de-santiago-un-voluntariado-que-atiende-a-quienes-peregrinan-y-difunde-imagen-de-pamplona\/\" \/>\n<meta property=\"og:site_name\" content=\"La Gu\u00eda de Pamplona\" \/>\n<meta property=\"article:publisher\" content=\"https:\/\/www.facebook.com\/laguiadepamplonacom-133175176762273\/?ref=hl\" \/>\n<meta property=\"article:published_time\" content=\"2026-03-06T18:36:53+00:00\" \/>\n<meta property=\"og:image\" content=\"https:\/\/www.laguiadepamplona.com\/actualidad\/wp-content\/uploads\/2026\/03\/Paderborn_web.webp\" \/>\n\t<meta property=\"og:image:width\" content=\"1000\" \/>\n\t<meta property=\"og:image:height\" content=\"667\" \/>\n\t<meta property=\"og:image:type\" content=\"image\/webp\" \/>\n<meta name=\"author\" content=\"La Gu\u00eda de Pamplona\" \/>\n<meta name=\"twitter:card\" content=\"summary_large_image\" \/>\n<meta name=\"twitter:creator\" content=\"@LaGuiadPamplona\" \/>\n<meta name=\"twitter:site\" content=\"@LaGuiadPamplona\" \/>\n<meta name=\"twitter:label1\" content=\"Escrito por\" \/>\n\t<meta name=\"twitter:data1\" content=\"La Gu\u00eda de Pamplona\" \/>\n\t<meta name=\"twitter:label2\" content=\"Tiempo de lectura\" \/>\n\t<meta name=\"twitter:data2\" content=\"4 minutos\" \/>\n<script type=\"application\/ld+json\" class=\"yoast-schema-graph\">{\"@context\":\"https:\\\/\\\/schema.org\",\"@graph\":[{\"@type\":\"Article\",\"@id\":\"https:\\\/\\\/www.laguiadepamplona.com\\\/actualidad\\\/el-albergue-casa-paderborn-cumple-20-anos-de-gestion-a-cargo-de-la-hermandad-de-santiago-un-voluntariado-que-atiende-a-quienes-peregrinan-y-difunde-imagen-de-pamplona\\\/#article\",\"isPartOf\":{\"@id\":\"https:\\\/\\\/www.laguiadepamplona.com\\\/actualidad\\\/el-albergue-casa-paderborn-cumple-20-anos-de-gestion-a-cargo-de-la-hermandad-de-santiago-un-voluntariado-que-atiende-a-quienes-peregrinan-y-difunde-imagen-de-pamplona\\\/\"},\"author\":{\"name\":\"La Gu\u00eda de Pamplona\",\"@id\":\"https:\\\/\\\/www.laguiadepamplona.com\\\/actualidad\\\/#\\\/schema\\\/person\\\/efe887376f0213d4657c93adc50b1fdb\"},\"headline\":\"El albergue Casa Paderborn cumple 20 a\u00f1os de gesti\u00f3n a cargo de la Hermandad de Santiago, un voluntariado que atiende a quienes peregrinan y difunde imagen de Pamplona\",\"datePublished\":\"2026-03-06T18:36:53+00:00\",\"mainEntityOfPage\":{\"@id\":\"https:\\\/\\\/www.laguiadepamplona.com\\\/actualidad\\\/el-albergue-casa-paderborn-cumple-20-anos-de-gestion-a-cargo-de-la-hermandad-de-santiago-un-voluntariado-que-atiende-a-quienes-peregrinan-y-difunde-imagen-de-pamplona\\\/\"},\"wordCount\":803,\"commentCount\":0,\"publisher\":{\"@id\":\"https:\\\/\\\/www.laguiadepamplona.com\\\/actualidad\\\/#organization\"},\"image\":{\"@id\":\"https:\\\/\\\/www.laguiadepamplona.com\\\/actualidad\\\/el-albergue-casa-paderborn-cumple-20-anos-de-gestion-a-cargo-de-la-hermandad-de-santiago-un-voluntariado-que-atiende-a-quienes-peregrinan-y-difunde-imagen-de-pamplona\\\/#primaryimage\"},\"thumbnailUrl\":\"https:\\\/\\\/www.laguiadepamplona.com\\\/actualidad\\\/wp-content\\\/uploads\\\/2026\\\/03\\\/Paderborn_web.webp\",\"articleSection\":[\"Ayto Pamplona\"],\"inLanguage\":\"es\",\"potentialAction\":[{\"@type\":\"CommentAction\",\"name\":\"Comment\",\"target\":[\"https:\\\/\\\/www.laguiadepamplona.com\\\/actualidad\\\/el-albergue-casa-paderborn-cumple-20-anos-de-gestion-a-cargo-de-la-hermandad-de-santiago-un-voluntariado-que-atiende-a-quienes-peregrinan-y-difunde-imagen-de-pamplona\\\/#respond\"]}]},{\"@type\":\"WebPage\",\"@id\":\"https:\\\/\\\/www.laguiadepamplona.com\\\/actualidad\\\/el-albergue-casa-paderborn-cumple-20-anos-de-gestion-a-cargo-de-la-hermandad-de-santiago-un-voluntariado-que-atiende-a-quienes-peregrinan-y-difunde-imagen-de-pamplona\\\/\",\"url\":\"https:\\\/\\\/www.laguiadepamplona.com\\\/actualidad\\\/el-albergue-casa-paderborn-cumple-20-anos-de-gestion-a-cargo-de-la-hermandad-de-santiago-un-voluntariado-que-atiende-a-quienes-peregrinan-y-difunde-imagen-de-pamplona\\\/\",\"name\":\"El albergue Casa Paderborn cumple 20 a\u00f1os de gesti\u00f3n a cargo de la Hermandad de Santiago, un voluntariado que atiende a quienes peregrinan y difunde imagen de Pamplona\",\"isPartOf\":{\"@id\":\"https:\\\/\\\/www.laguiadepamplona.com\\\/actualidad\\\/#website\"},\"primaryImageOfPage\":{\"@id\":\"https:\\\/\\\/www.laguiadepamplona.com\\\/actualidad\\\/el-albergue-casa-paderborn-cumple-20-anos-de-gestion-a-cargo-de-la-hermandad-de-santiago-un-voluntariado-que-atiende-a-quienes-peregrinan-y-difunde-imagen-de-pamplona\\\/#primaryimage\"},\"image\":{\"@id\":\"https:\\\/\\\/www.laguiadepamplona.com\\\/actualidad\\\/el-albergue-casa-paderborn-cumple-20-anos-de-gestion-a-cargo-de-la-hermandad-de-santiago-un-voluntariado-que-atiende-a-quienes-peregrinan-y-difunde-imagen-de-pamplona\\\/#primaryimage\"},\"thumbnailUrl\":\"https:\\\/\\\/www.laguiadepamplona.com\\\/actualidad\\\/wp-content\\\/uploads\\\/2026\\\/03\\\/Paderborn_web.webp\",\"datePublished\":\"2026-03-06T18:36:53+00:00\",\"description\":\"El albergue ha iniciado esta semana su temporada de apertura y el domingo 8 de marzo celebra un \u201cdesayuno alem\u00e1n\u201d de aniversario\",\"breadcrumb\":{\"@id\":\"https:\\\/\\\/www.laguiadepamplona.com\\\/actualidad\\\/el-albergue-casa-paderborn-cumple-20-anos-de-gestion-a-cargo-de-la-hermandad-de-santiago-un-voluntariado-que-atiende-a-quienes-peregrinan-y-difunde-imagen-de-pamplona\\\/#breadcrumb\"},\"inLanguage\":\"es\",\"potentialAction\":[{\"@type\":\"ReadAction\",\"target\":[\"https:\\\/\\\/www.laguiadepamplona.com\\\/actualidad\\\/el-albergue-casa-paderborn-cumple-20-anos-de-gestion-a-cargo-de-la-hermandad-de-santiago-un-voluntariado-que-atiende-a-quienes-peregrinan-y-difunde-imagen-de-pamplona\\\/\"]}]},{\"@type\":\"ImageObject\",\"inLanguage\":\"es\",\"@id\":\"https:\\\/\\\/www.laguiadepamplona.com\\\/actualidad\\\/el-albergue-casa-paderborn-cumple-20-anos-de-gestion-a-cargo-de-la-hermandad-de-santiago-un-voluntariado-que-atiende-a-quienes-peregrinan-y-difunde-imagen-de-pamplona\\\/#primaryimage\",\"url\":\"https:\\\/\\\/www.laguiadepamplona.com\\\/actualidad\\\/wp-content\\\/uploads\\\/2026\\\/03\\\/Paderborn_web.webp\",\"contentUrl\":\"https:\\\/\\\/www.laguiadepamplona.com\\\/actualidad\\\/wp-content\\\/uploads\\\/2026\\\/03\\\/Paderborn_web.webp\",\"width\":1000,\"height\":667,\"caption\":\"Paderborn\"},{\"@type\":\"BreadcrumbList\",\"@id\":\"https:\\\/\\\/www.laguiadepamplona.com\\\/actualidad\\\/el-albergue-casa-paderborn-cumple-20-anos-de-gestion-a-cargo-de-la-hermandad-de-santiago-un-voluntariado-que-atiende-a-quienes-peregrinan-y-difunde-imagen-de-pamplona\\\/#breadcrumb\",\"itemListElement\":[{\"@type\":\"ListItem\",\"position\":1,\"name\":\"Portada\",\"item\":\"https:\\\/\\\/www.laguiadepamplona.com\\\/actualidad\\\/\"},{\"@type\":\"ListItem\",\"position\":2,\"name\":\"El albergue Casa Paderborn cumple 20 a\u00f1os de gesti\u00f3n a cargo de la Hermandad de Santiago, un voluntariado que atiende a quienes peregrinan y difunde imagen de Pamplona\"}]},{\"@type\":\"WebSite\",\"@id\":\"https:\\\/\\\/www.laguiadepamplona.com\\\/actualidad\\\/#website\",\"url\":\"https:\\\/\\\/www.laguiadepamplona.com\\\/actualidad\\\/\",\"name\":\"La gu\u00eda de Pamplona\",\"description\":\"Noticias de Pamplona\",\"publisher\":{\"@id\":\"https:\\\/\\\/www.laguiadepamplona.com\\\/actualidad\\\/#organization\"},\"potentialAction\":[{\"@type\":\"SearchAction\",\"target\":{\"@type\":\"EntryPoint\",\"urlTemplate\":\"https:\\\/\\\/www.laguiadepamplona.com\\\/actualidad\\\/?s={search_term_string}\"},\"query-input\":{\"@type\":\"PropertyValueSpecification\",\"valueRequired\":true,\"valueName\":\"search_term_string\"}}],\"inLanguage\":\"es\"},{\"@type\":\"Organization\",\"@id\":\"https:\\\/\\\/www.laguiadepamplona.com\\\/actualidad\\\/#organization\",\"name\":\"La Gu\u00eda de Pamplona \\\/ Noticias\",\"url\":\"https:\\\/\\\/www.laguiadepamplona.com\\\/actualidad\\\/\",\"logo\":{\"@type\":\"ImageObject\",\"inLanguage\":\"es\",\"@id\":\"https:\\\/\\\/www.laguiadepamplona.com\\\/actualidad\\\/#\\\/schema\\\/logo\\\/image\\\/\",\"url\":\"https:\\\/\\\/www.laguiadepamplona.com\\\/actualidad\\\/wp-content\\\/uploads\\\/2018\\\/11\\\/logo-laguiadepamplona18-web1.png\",\"contentUrl\":\"https:\\\/\\\/www.laguiadepamplona.com\\\/actualidad\\\/wp-content\\\/uploads\\\/2018\\\/11\\\/logo-laguiadepamplona18-web1.png\",\"width\":600,\"height\":196,\"caption\":\"La Gu\u00eda de Pamplona \\\/ Noticias\"},\"image\":{\"@id\":\"https:\\\/\\\/www.laguiadepamplona.com\\\/actualidad\\\/#\\\/schema\\\/logo\\\/image\\\/\"},\"sameAs\":[\"https:\\\/\\\/www.facebook.com\\\/laguiadepamplonacom-133175176762273\\\/?ref=hl\",\"https:\\\/\\\/x.com\\\/LaGuiadPamplona\",\"https:\\\/\\\/www.instagram.com\\\/la_guia_de_pamplona\\\/\",\"https:\\\/\\\/www.youtube.com\\\/user\\\/laguiadepamplona\"]},{\"@type\":\"Person\",\"@id\":\"https:\\\/\\\/www.laguiadepamplona.com\\\/actualidad\\\/#\\\/schema\\\/person\\\/efe887376f0213d4657c93adc50b1fdb\",\"name\":\"La Gu\u00eda de Pamplona\",\"image\":{\"@type\":\"ImageObject\",\"inLanguage\":\"es\",\"@id\":\"https:\\\/\\\/secure.gravatar.com\\\/avatar\\\/b6992f131dc8d30ab0dff15446e9d346d9dbd95992de0fef795073f5ea83a81c?s=96&d=mm&r=g\",\"url\":\"https:\\\/\\\/secure.gravatar.com\\\/avatar\\\/b6992f131dc8d30ab0dff15446e9d346d9dbd95992de0fef795073f5ea83a81c?s=96&d=mm&r=g\",\"contentUrl\":\"https:\\\/\\\/secure.gravatar.com\\\/avatar\\\/b6992f131dc8d30ab0dff15446e9d346d9dbd95992de0fef795073f5ea83a81c?s=96&d=mm&r=g\",\"caption\":\"La Gu\u00eda de Pamplona\"}}]}<\/script>\n<!-- \/ Yoast SEO plugin. -->","yoast_head_json":{"title":"El albergue Casa Paderborn cumple 20 a\u00f1os de gesti\u00f3n a cargo de la Hermandad de Santiago, un voluntariado que atiende a quienes peregrinan y difunde imagen de Pamplona","description":"El albergue ha iniciado esta semana su temporada de apertura y el domingo 8 de marzo celebra un \u201cdesayuno alem\u00e1n\u201d de aniversario","robots":{"index":"index","follow":"follow","max-snippet":"max-snippet:-1","max-image-preview":"max-image-preview:large","max-video-preview":"max-video-preview:-1"},"canonical":"https:\/\/www.laguiadepamplona.com\/actualidad\/el-albergue-casa-paderborn-cumple-20-anos-de-gestion-a-cargo-de-la-hermandad-de-santiago-un-voluntariado-que-atiende-a-quienes-peregrinan-y-difunde-imagen-de-pamplona\/","og_locale":"es_ES","og_type":"article","og_title":"El albergue Casa Paderborn cumple 20 a\u00f1os de gesti\u00f3n a cargo de la Hermandad de Santiago, un voluntariado que atiende a quienes peregrinan y difunde imagen de Pamplona","og_description":"El albergue ha iniciado esta semana su temporada de apertura y el domingo 8 de marzo celebra un \u201cdesayuno alem\u00e1n\u201d de aniversario","og_url":"https:\/\/www.laguiadepamplona.com\/actualidad\/el-albergue-casa-paderborn-cumple-20-anos-de-gestion-a-cargo-de-la-hermandad-de-santiago-un-voluntariado-que-atiende-a-quienes-peregrinan-y-difunde-imagen-de-pamplona\/","og_site_name":"La Gu\u00eda de Pamplona","article_publisher":"https:\/\/www.facebook.com\/laguiadepamplonacom-133175176762273\/?ref=hl","article_published_time":"2026-03-06T18:36:53+00:00","og_image":[{"width":1000,"height":667,"url":"https:\/\/www.laguiadepamplona.com\/actualidad\/wp-content\/uploads\/2026\/03\/Paderborn_web.webp","type":"image\/webp"}],"author":"La Gu\u00eda de Pamplona","twitter_card":"summary_large_image","twitter_creator":"@LaGuiadPamplona","twitter_site":"@LaGuiadPamplona","twitter_misc":{"Escrito por":"La Gu\u00eda de Pamplona","Tiempo de lectura":"4 minutos"},"schema":{"@context":"https:\/\/schema.org","@graph":[{"@type":"Article","@id":"https:\/\/www.laguiadepamplona.com\/actualidad\/el-albergue-casa-paderborn-cumple-20-anos-de-gestion-a-cargo-de-la-hermandad-de-santiago-un-voluntariado-que-atiende-a-quienes-peregrinan-y-difunde-imagen-de-pamplona\/#article","isPartOf":{"@id":"https:\/\/www.laguiadepamplona.com\/actualidad\/el-albergue-casa-paderborn-cumple-20-anos-de-gestion-a-cargo-de-la-hermandad-de-santiago-un-voluntariado-que-atiende-a-quienes-peregrinan-y-difunde-imagen-de-pamplona\/"},"author":{"name":"La Gu\u00eda de Pamplona","@id":"https:\/\/www.laguiadepamplona.com\/actualidad\/#\/schema\/person\/efe887376f0213d4657c93adc50b1fdb"},"headline":"El albergue Casa Paderborn cumple 20 a\u00f1os de gesti\u00f3n a cargo de la Hermandad de Santiago, un voluntariado que atiende a quienes peregrinan y difunde imagen de Pamplona","datePublished":"2026-03-06T18:36:53+00:00","mainEntityOfPage":{"@id":"https:\/\/www.laguiadepamplona.com\/actualidad\/el-albergue-casa-paderborn-cumple-20-anos-de-gestion-a-cargo-de-la-hermandad-de-santiago-un-voluntariado-que-atiende-a-quienes-peregrinan-y-difunde-imagen-de-pamplona\/"},"wordCount":803,"commentCount":0,"publisher":{"@id":"https:\/\/www.laguiadepamplona.com\/actualidad\/#organization"},"image":{"@id":"https:\/\/www.laguiadepamplona.com\/actualidad\/el-albergue-casa-paderborn-cumple-20-anos-de-gestion-a-cargo-de-la-hermandad-de-santiago-un-voluntariado-que-atiende-a-quienes-peregrinan-y-difunde-imagen-de-pamplona\/#primaryimage"},"thumbnailUrl":"https:\/\/www.laguiadepamplona.com\/actualidad\/wp-content\/uploads\/2026\/03\/Paderborn_web.webp","articleSection":["Ayto Pamplona"],"inLanguage":"es","potentialAction":[{"@type":"CommentAction","name":"Comment","target":["https:\/\/www.laguiadepamplona.com\/actualidad\/el-albergue-casa-paderborn-cumple-20-anos-de-gestion-a-cargo-de-la-hermandad-de-santiago-un-voluntariado-que-atiende-a-quienes-peregrinan-y-difunde-imagen-de-pamplona\/#respond"]}]},{"@type":"WebPage","@id":"https:\/\/www.laguiadepamplona.com\/actualidad\/el-albergue-casa-paderborn-cumple-20-anos-de-gestion-a-cargo-de-la-hermandad-de-santiago-un-voluntariado-que-atiende-a-quienes-peregrinan-y-difunde-imagen-de-pamplona\/","url":"https:\/\/www.laguiadepamplona.com\/actualidad\/el-albergue-casa-paderborn-cumple-20-anos-de-gestion-a-cargo-de-la-hermandad-de-santiago-un-voluntariado-que-atiende-a-quienes-peregrinan-y-difunde-imagen-de-pamplona\/","name":"El albergue Casa Paderborn cumple 20 a\u00f1os de gesti\u00f3n a cargo de la Hermandad de Santiago, un voluntariado que atiende a quienes peregrinan y difunde imagen de Pamplona","isPartOf":{"@id":"https:\/\/www.laguiadepamplona.com\/actualidad\/#website"},"primaryImageOfPage":{"@id":"https:\/\/www.laguiadepamplona.com\/actualidad\/el-albergue-casa-paderborn-cumple-20-anos-de-gestion-a-cargo-de-la-hermandad-de-santiago-un-voluntariado-que-atiende-a-quienes-peregrinan-y-difunde-imagen-de-pamplona\/#primaryimage"},"image":{"@id":"https:\/\/www.laguiadepamplona.com\/actualidad\/el-albergue-casa-paderborn-cumple-20-anos-de-gestion-a-cargo-de-la-hermandad-de-santiago-un-voluntariado-que-atiende-a-quienes-peregrinan-y-difunde-imagen-de-pamplona\/#primaryimage"},"thumbnailUrl":"https:\/\/www.laguiadepamplona.com\/actualidad\/wp-content\/uploads\/2026\/03\/Paderborn_web.webp","datePublished":"2026-03-06T18:36:53+00:00","description":"El albergue ha iniciado esta semana su temporada de apertura y el domingo 8 de marzo celebra un \u201cdesayuno alem\u00e1n\u201d de aniversario","breadcrumb":{"@id":"https:\/\/www.laguiadepamplona.com\/actualidad\/el-albergue-casa-paderborn-cumple-20-anos-de-gestion-a-cargo-de-la-hermandad-de-santiago-un-voluntariado-que-atiende-a-quienes-peregrinan-y-difunde-imagen-de-pamplona\/#breadcrumb"},"inLanguage":"es","potentialAction":[{"@type":"ReadAction","target":["https:\/\/www.laguiadepamplona.com\/actualidad\/el-albergue-casa-paderborn-cumple-20-anos-de-gestion-a-cargo-de-la-hermandad-de-santiago-un-voluntariado-que-atiende-a-quienes-peregrinan-y-difunde-imagen-de-pamplona\/"]}]},{"@type":"ImageObject","inLanguage":"es","@id":"https:\/\/www.laguiadepamplona.com\/actualidad\/el-albergue-casa-paderborn-cumple-20-anos-de-gestion-a-cargo-de-la-hermandad-de-santiago-un-voluntariado-que-atiende-a-quienes-peregrinan-y-difunde-imagen-de-pamplona\/#primaryimage","url":"https:\/\/www.laguiadepamplona.com\/actualidad\/wp-content\/uploads\/2026\/03\/Paderborn_web.webp","contentUrl":"https:\/\/www.laguiadepamplona.com\/actualidad\/wp-content\/uploads\/2026\/03\/Paderborn_web.webp","width":1000,"height":667,"caption":"Paderborn"},{"@type":"BreadcrumbList","@id":"https:\/\/www.laguiadepamplona.com\/actualidad\/el-albergue-casa-paderborn-cumple-20-anos-de-gestion-a-cargo-de-la-hermandad-de-santiago-un-voluntariado-que-atiende-a-quienes-peregrinan-y-difunde-imagen-de-pamplona\/#breadcrumb","itemListElement":[{"@type":"ListItem","position":1,"name":"Portada","item":"https:\/\/www.laguiadepamplona.com\/actualidad\/"},{"@type":"ListItem","position":2,"name":"El albergue Casa Paderborn cumple 20 a\u00f1os de gesti\u00f3n a cargo de la Hermandad de Santiago, un voluntariado que atiende a quienes peregrinan y difunde imagen de Pamplona"}]},{"@type":"WebSite","@id":"https:\/\/www.laguiadepamplona.com\/actualidad\/#website","url":"https:\/\/www.laguiadepamplona.com\/actualidad\/","name":"La gu\u00eda de Pamplona","description":"Noticias de Pamplona","publisher":{"@id":"https:\/\/www.laguiadepamplona.com\/actualidad\/#organization"},"potentialAction":[{"@type":"SearchAction","target":{"@type":"EntryPoint","urlTemplate":"https:\/\/www.laguiadepamplona.com\/actualidad\/?s={search_term_string}"},"query-input":{"@type":"PropertyValueSpecification","valueRequired":true,"valueName":"search_term_string"}}],"inLanguage":"es"},{"@type":"Organization","@id":"https:\/\/www.laguiadepamplona.com\/actualidad\/#organization","name":"La Gu\u00eda de Pamplona \/ Noticias","url":"https:\/\/www.laguiadepamplona.com\/actualidad\/","logo":{"@type":"ImageObject","inLanguage":"es","@id":"https:\/\/www.laguiadepamplona.com\/actualidad\/#\/schema\/logo\/image\/","url":"https:\/\/www.laguiadepamplona.com\/actualidad\/wp-content\/uploads\/2018\/11\/logo-laguiadepamplona18-web1.png","contentUrl":"https:\/\/www.laguiadepamplona.com\/actualidad\/wp-content\/uploads\/2018\/11\/logo-laguiadepamplona18-web1.png","width":600,"height":196,"caption":"La Gu\u00eda de Pamplona \/ Noticias"},"image":{"@id":"https:\/\/www.laguiadepamplona.com\/actualidad\/#\/schema\/logo\/image\/"},"sameAs":["https:\/\/www.facebook.com\/laguiadepamplonacom-133175176762273\/?ref=hl","https:\/\/x.com\/LaGuiadPamplona","https:\/\/www.instagram.com\/la_guia_de_pamplona\/","https:\/\/www.youtube.com\/user\/laguiadepamplona"]},{"@type":"Person","@id":"https:\/\/www.laguiadepamplona.com\/actualidad\/#\/schema\/person\/efe887376f0213d4657c93adc50b1fdb","name":"La Gu\u00eda de Pamplona","image":{"@type":"ImageObject","inLanguage":"es","@id":"https:\/\/secure.gravatar.com\/avatar\/b6992f131dc8d30ab0dff15446e9d346d9dbd95992de0fef795073f5ea83a81c?s=96&d=mm&r=g","url":"https:\/\/secure.gravatar.com\/avatar\/b6992f131dc8d30ab0dff15446e9d346d9dbd95992de0fef795073f5ea83a81c?s=96&d=mm&r=g","contentUrl":"https:\/\/secure.gravatar.com\/avatar\/b6992f131dc8d30ab0dff15446e9d346d9dbd95992de0fef795073f5ea83a81c?s=96&d=mm&r=g","caption":"La Gu\u00eda de Pamplona"}}]}},"post_mailing_queue_ids":[],"_links":{"self":[{"href":"https:\/\/www.laguiadepamplona.com\/actualidad\/wp-json\/wp\/v2\/posts\/54767","targetHints":{"allow":["GET"]}}],"collection":[{"href":"https:\/\/www.laguiadepamplona.com\/actualidad\/wp-json\/wp\/v2\/posts"}],"about":[{"href":"https:\/\/www.laguiadepamplona.com\/actualidad\/wp-json\/wp\/v2\/types\/post"}],"author":[{"embeddable":true,"href":"https:\/\/www.laguiadepamplona.com\/actualidad\/wp-json\/wp\/v2\/users\/1"}],"replies":[{"embeddable":true,"href":"https:\/\/www.laguiadepamplona.com\/actualidad\/wp-json\/wp\/v2\/comments?post=54767"}],"version-history":[{"count":1,"href":"https:\/\/www.laguiadepamplona.com\/actualidad\/wp-json\/wp\/v2\/posts\/54767\/revisions"}],"predecessor-version":[{"id":54769,"href":"https:\/\/www.laguiadepamplona.com\/actualidad\/wp-json\/wp\/v2\/posts\/54767\/revisions\/54769"}],"wp:featuredmedia":[{"embeddable":true,"href":"https:\/\/www.laguiadepamplona.com\/actualidad\/wp-json\/wp\/v2\/media\/54768"}],"wp:attachment":[{"href":"https:\/\/www.laguiadepamplona.com\/actualidad\/wp-json\/wp\/v2\/media?parent=54767"}],"wp:term":[{"taxonomy":"category","embeddable":true,"href":"https:\/\/www.laguiadepamplona.com\/actualidad\/wp-json\/wp\/v2\/categories?post=54767"},{"taxonomy":"post_tag","embeddable":true,"href":"https:\/\/www.laguiadepamplona.com\/actualidad\/wp-json\/wp\/v2\/tags?post=54767"}],"curies":[{"name":"wp","href":"https:\/\/api.w.org\/{rel}","templated":true}]}}