{"id":54726,"date":"2026-03-04T16:42:00","date_gmt":"2026-03-04T14:42:00","guid":{"rendered":"https:\/\/www.laguiadepamplona.com\/actualidad\/?p=54726"},"modified":"2026-03-04T16:42:00","modified_gmt":"2026-03-04T14:42:00","slug":"las-obras-de-rehabilitacion-de-casa-soto-etxezuria-se-centran-estos-meses-en-la-estructura-principal-del-edificio-y-en-la-nueva-propuesta-de-espacios-anexos","status":"publish","type":"post","link":"https:\/\/www.laguiadepamplona.com\/actualidad\/las-obras-de-rehabilitacion-de-casa-soto-etxezuria-se-centran-estos-meses-en-la-estructura-principal-del-edificio-y-en-la-nueva-propuesta-de-espacios-anexos\/","title":{"rendered":"Las obras de rehabilitaci\u00f3n de Casa Soto \u2013 Etxezuria se centran estos meses en la estructura principal del edificio y en la nueva propuesta de espacios anexos"},"content":{"rendered":"<h2>El \u00e1mbito se convertir\u00e1 a final de a\u00f1o en un centro de formaci\u00f3n, educaci\u00f3n ambiental y estudio ligado al uso hort\u00edcola con una inversi\u00f3n de 643.782,72 euros<\/h2>\n<p><!--more--><\/p>\n<p>Las obras de rehabilitaci\u00f3n de Casa Soto \u2013 Etxezuria en el parque de Aranzadi para convertirla en centro de educaci\u00f3n ambiental y estudio sobre la agricultura ecol\u00f3gica afrontan ya su cuarto mes, centradas en trabajos de estructura en el edificio principal y construcci\u00f3n de los nuevos anexos. Las obras comenzaron el pasado 18 de noviembre y se desarrollar\u00e1n durante un a\u00f1o, hasta mediados de noviembre de este 2026. La inversi\u00f3n asciende a 643.782,72 euros.<\/p>\n<p>La Gerencia y la Comisi\u00f3n de Urbanismo ha visitado esta ma\u00f1ana unas obras que buscan recuperar la tradici\u00f3n de un espacio hort\u00edcola, aportando un componente socioeducativo, ya que el edificio y las huertas adyacentes se utilizar\u00e1n para el desarrollo de actividades y programas complementarios y relacionados con el uso agr\u00edcola que fomenten a su vez el ocio y la participaci\u00f3n ciudadana (proyectos de educaci\u00f3n ambiental, proyectos de estudio y experimentaci\u00f3n, prototipos alternativos de producci\u00f3n\u2026). El edificio tiene una superficie construida de 445,50 m<sup>2<\/sup>, dividida en planta baja m\u00e1s dos alturas, de los que 314 m<sup>2<\/sup> son superficie \u00fatil.<\/p>\n<p>El proyecto de rehabilitaci\u00f3n se plantea con criterios de m\u00ednima intervenci\u00f3n y respeto al edificio existente y apuesta por poner en valor sus aspectos m\u00e1s caracter\u00edsticos, como la estructura, tipo de hueco y revestimientos exteriores. Esos criterios est\u00e1n condicionando la intervenci\u00f3n de manera que se han tomado decisiones funcionales, basadas en las preexistencias como la ubicaci\u00f3n de escaleras o huecos, as\u00ed como elementos anexos. Se busca respetar al m\u00e1ximo la realidad construida y los derribos realizados son los m\u00ednimos para el cambio del uso demandado. Las obras las est\u00e1 ejecutando la empresa Erki Construcci\u00f3n Sostenible SL, siguiendo el proyecto dise\u00f1ado por el estudio Voil\u00e0!, formado por Jokine Crespo, Laura Hern\u00e1ndez y Nacho Cordero.<\/p>\n<p>En estos momentos, se trabaja en la estructura principal del edificio, con la sustituci\u00f3n de los pilares de la planta baja y la sustituci\u00f3n de las vigas de madera en los forjados de la primera planta, y tambi\u00e9n en la cubierta con diferentes labores al respecto de las vigas, entablados, correas y con la aplicaci\u00f3n de un tratamiento antixil\u00f3fago contra termitas u otros insectos. Se van a acometer, asimismo, trabajos de trazado de la red horizontal de saneamiento y abastecimiento y de terminaci\u00f3n de las acometidas. En el exterior del edificio, se han derribado por completo los espacios anexos que hab\u00eda y se est\u00e1 trabajando en la cimentaci\u00f3n y levantamiento de muros de los nuevos anexos, que tendr\u00e1n funciones de vestuarios y aseos.<\/p>\n<p><strong>Dise\u00f1o y utilidades del edificio principal y de los espacios anexos<\/strong><\/p>\n<p>En la planta baja de edificio principal, se situar\u00e1n los espacios polivalentes relacionados con la funci\u00f3n agr\u00edcola del parque del meandro de Aranzadi. Esos espacios son la zona de recepci\u00f3n de visitantes, los aseos p\u00fablicos, la zona de talleres o la sala de eventos y conferencias. Esas zonas se establecen en planta baja para atender demandas de visitas dentro de programas de educaci\u00f3n ambiental y de cursos sobre horticultura ecol\u00f3gica para componentes de la red de huertos urbanos y escolares o para personas interesadas.<\/p>\n<p>Para esos espacios polivalentes se emplear\u00e1 tanto la superficie disponible en la planta baja del edificio principal como los anexos construidos. El peque\u00f1o nuevo volumen se ubicar\u00e1 en la plataforma existente donde antes estaba el antiguo gallinero. Este m\u00f3dulo prefabricado contendr\u00e1 vestuarios y aseos para quienes trabajen las huertas. En este nivel, se localizar\u00e1 tambi\u00e9n un acceso independiente al n\u00facleo de escaleras que da acceso a la residencia de estudiantes ubicada en planta primera y segunda.<\/p>\n<p>La primera y la segunda planta del edificio principal se proyectan como apartamentos de residencia conjunta de estudiantes, los cuales podr\u00edan realizar pr\u00e1cticas dentro de programas de estudio y \/o capacitaci\u00f3n para la agricultura en ecol\u00f3gica. En la primera planta, se ubicar\u00e1n los dormitorios, un ba\u00f1o completo adaptado y un ba\u00f1o adicional. En la segunda, se situar\u00e1n las estancias de d\u00eda de la vivienda destinada a estudiantes en pr\u00e1cticas, es decir, zonas comunes como cocina, comedor, sala de estar y estudio, adem\u00e1s de un ba\u00f1o adaptado.<\/p>\n","protected":false},"excerpt":{"rendered":"<p>El \u00e1mbito se convertir\u00e1 a final de a\u00f1o en un centro de formaci\u00f3n, educaci\u00f3n ambiental y estudio ligado al uso hort\u00edcola con una inversi\u00f3n de 643.782,72 euros<\/p>\n","protected":false},"author":1,"featured_media":54727,"comment_status":"open","ping_status":"closed","sticky":false,"template":"","format":"standard","meta":{"footnotes":""},"categories":[2],"tags":[],"class_list":["post-54726","post","type-post","status-publish","format-standard","has-post-thumbnail","hentry","category-ayuntamiento-pamplona"],"yoast_head":"<!-- This site is optimized with the Yoast SEO plugin v27.5 - https:\/\/yoast.com\/product\/yoast-seo-wordpress\/ -->\n<title>Las obras de rehabilitaci\u00f3n de Casa Soto \u2013 Etxezuria se centran estos meses en la estructura principal del edificio y en la nueva propuesta de espacios anexos<\/title>\n<meta name=\"description\" content=\"El \u00e1mbito se convertir\u00e1 a final de a\u00f1o en un centro de formaci\u00f3n, educaci\u00f3n ambiental y estudio ligado al uso hort\u00edcola con una inversi\u00f3n de 643.782,72 euros\" \/>\n<meta name=\"robots\" content=\"index, follow, max-snippet:-1, max-image-preview:large, max-video-preview:-1\" \/>\n<link rel=\"canonical\" href=\"https:\/\/www.laguiadepamplona.com\/actualidad\/las-obras-de-rehabilitacion-de-casa-soto-etxezuria-se-centran-estos-meses-en-la-estructura-principal-del-edificio-y-en-la-nueva-propuesta-de-espacios-anexos\/\" \/>\n<meta property=\"og:locale\" content=\"es_ES\" \/>\n<meta property=\"og:type\" content=\"article\" \/>\n<meta property=\"og:title\" content=\"Las obras de rehabilitaci\u00f3n de Casa Soto \u2013 Etxezuria se centran estos meses en la estructura principal del edificio y en la nueva propuesta de espacios anexos\" \/>\n<meta property=\"og:description\" content=\"El \u00e1mbito se convertir\u00e1 a final de a\u00f1o en un centro de formaci\u00f3n, educaci\u00f3n ambiental y estudio ligado al uso hort\u00edcola con una inversi\u00f3n de 643.782,72 euros\" \/>\n<meta property=\"og:url\" content=\"https:\/\/www.laguiadepamplona.com\/actualidad\/las-obras-de-rehabilitacion-de-casa-soto-etxezuria-se-centran-estos-meses-en-la-estructura-principal-del-edificio-y-en-la-nueva-propuesta-de-espacios-anexos\/\" \/>\n<meta property=\"og:site_name\" content=\"La Gu\u00eda de Pamplona\" \/>\n<meta property=\"article:publisher\" content=\"https:\/\/www.facebook.com\/laguiadepamplonacom-133175176762273\/?ref=hl\" \/>\n<meta property=\"article:published_time\" content=\"2026-03-04T14:42:00+00:00\" \/>\n<meta property=\"og:image\" content=\"https:\/\/www.laguiadepamplona.com\/actualidad\/wp-content\/uploads\/2026\/03\/visista-gerencia-urbanismo-casa-soto-etxezuria.webp\" \/>\n\t<meta property=\"og:image:width\" content=\"1000\" \/>\n\t<meta property=\"og:image:height\" content=\"667\" \/>\n\t<meta property=\"og:image:type\" content=\"image\/webp\" \/>\n<meta name=\"author\" content=\"La Gu\u00eda de Pamplona\" \/>\n<meta name=\"twitter:card\" content=\"summary_large_image\" \/>\n<meta name=\"twitter:creator\" content=\"@LaGuiadPamplona\" \/>\n<meta name=\"twitter:site\" content=\"@LaGuiadPamplona\" \/>\n<meta name=\"twitter:label1\" content=\"Escrito por\" \/>\n\t<meta name=\"twitter:data1\" content=\"La Gu\u00eda de Pamplona\" \/>\n\t<meta name=\"twitter:label2\" content=\"Tiempo de lectura\" \/>\n\t<meta name=\"twitter:data2\" content=\"4 minutos\" \/>\n<script type=\"application\/ld+json\" class=\"yoast-schema-graph\">{\"@context\":\"https:\\\/\\\/schema.org\",\"@graph\":[{\"@type\":\"Article\",\"@id\":\"https:\\\/\\\/www.laguiadepamplona.com\\\/actualidad\\\/las-obras-de-rehabilitacion-de-casa-soto-etxezuria-se-centran-estos-meses-en-la-estructura-principal-del-edificio-y-en-la-nueva-propuesta-de-espacios-anexos\\\/#article\",\"isPartOf\":{\"@id\":\"https:\\\/\\\/www.laguiadepamplona.com\\\/actualidad\\\/las-obras-de-rehabilitacion-de-casa-soto-etxezuria-se-centran-estos-meses-en-la-estructura-principal-del-edificio-y-en-la-nueva-propuesta-de-espacios-anexos\\\/\"},\"author\":{\"name\":\"La Gu\u00eda de Pamplona\",\"@id\":\"https:\\\/\\\/www.laguiadepamplona.com\\\/actualidad\\\/#\\\/schema\\\/person\\\/efe887376f0213d4657c93adc50b1fdb\"},\"headline\":\"Las obras de rehabilitaci\u00f3n de Casa Soto \u2013 Etxezuria se centran estos meses en la estructura principal del edificio y en la nueva propuesta de espacios anexos\",\"datePublished\":\"2026-03-04T14:42:00+00:00\",\"mainEntityOfPage\":{\"@id\":\"https:\\\/\\\/www.laguiadepamplona.com\\\/actualidad\\\/las-obras-de-rehabilitacion-de-casa-soto-etxezuria-se-centran-estos-meses-en-la-estructura-principal-del-edificio-y-en-la-nueva-propuesta-de-espacios-anexos\\\/\"},\"wordCount\":781,\"commentCount\":0,\"publisher\":{\"@id\":\"https:\\\/\\\/www.laguiadepamplona.com\\\/actualidad\\\/#organization\"},\"image\":{\"@id\":\"https:\\\/\\\/www.laguiadepamplona.com\\\/actualidad\\\/las-obras-de-rehabilitacion-de-casa-soto-etxezuria-se-centran-estos-meses-en-la-estructura-principal-del-edificio-y-en-la-nueva-propuesta-de-espacios-anexos\\\/#primaryimage\"},\"thumbnailUrl\":\"https:\\\/\\\/www.laguiadepamplona.com\\\/actualidad\\\/wp-content\\\/uploads\\\/2026\\\/03\\\/visista-gerencia-urbanismo-casa-soto-etxezuria.webp\",\"articleSection\":[\"Ayto Pamplona\"],\"inLanguage\":\"es\",\"potentialAction\":[{\"@type\":\"CommentAction\",\"name\":\"Comment\",\"target\":[\"https:\\\/\\\/www.laguiadepamplona.com\\\/actualidad\\\/las-obras-de-rehabilitacion-de-casa-soto-etxezuria-se-centran-estos-meses-en-la-estructura-principal-del-edificio-y-en-la-nueva-propuesta-de-espacios-anexos\\\/#respond\"]}]},{\"@type\":\"WebPage\",\"@id\":\"https:\\\/\\\/www.laguiadepamplona.com\\\/actualidad\\\/las-obras-de-rehabilitacion-de-casa-soto-etxezuria-se-centran-estos-meses-en-la-estructura-principal-del-edificio-y-en-la-nueva-propuesta-de-espacios-anexos\\\/\",\"url\":\"https:\\\/\\\/www.laguiadepamplona.com\\\/actualidad\\\/las-obras-de-rehabilitacion-de-casa-soto-etxezuria-se-centran-estos-meses-en-la-estructura-principal-del-edificio-y-en-la-nueva-propuesta-de-espacios-anexos\\\/\",\"name\":\"Las obras de rehabilitaci\u00f3n de Casa Soto \u2013 Etxezuria se centran estos meses en la estructura principal del edificio y en la nueva propuesta de espacios anexos\",\"isPartOf\":{\"@id\":\"https:\\\/\\\/www.laguiadepamplona.com\\\/actualidad\\\/#website\"},\"primaryImageOfPage\":{\"@id\":\"https:\\\/\\\/www.laguiadepamplona.com\\\/actualidad\\\/las-obras-de-rehabilitacion-de-casa-soto-etxezuria-se-centran-estos-meses-en-la-estructura-principal-del-edificio-y-en-la-nueva-propuesta-de-espacios-anexos\\\/#primaryimage\"},\"image\":{\"@id\":\"https:\\\/\\\/www.laguiadepamplona.com\\\/actualidad\\\/las-obras-de-rehabilitacion-de-casa-soto-etxezuria-se-centran-estos-meses-en-la-estructura-principal-del-edificio-y-en-la-nueva-propuesta-de-espacios-anexos\\\/#primaryimage\"},\"thumbnailUrl\":\"https:\\\/\\\/www.laguiadepamplona.com\\\/actualidad\\\/wp-content\\\/uploads\\\/2026\\\/03\\\/visista-gerencia-urbanismo-casa-soto-etxezuria.webp\",\"datePublished\":\"2026-03-04T14:42:00+00:00\",\"description\":\"El \u00e1mbito se convertir\u00e1 a final de a\u00f1o en un centro de formaci\u00f3n, educaci\u00f3n ambiental y estudio ligado al uso hort\u00edcola con una inversi\u00f3n de 643.782,72 euros\",\"breadcrumb\":{\"@id\":\"https:\\\/\\\/www.laguiadepamplona.com\\\/actualidad\\\/las-obras-de-rehabilitacion-de-casa-soto-etxezuria-se-centran-estos-meses-en-la-estructura-principal-del-edificio-y-en-la-nueva-propuesta-de-espacios-anexos\\\/#breadcrumb\"},\"inLanguage\":\"es\",\"potentialAction\":[{\"@type\":\"ReadAction\",\"target\":[\"https:\\\/\\\/www.laguiadepamplona.com\\\/actualidad\\\/las-obras-de-rehabilitacion-de-casa-soto-etxezuria-se-centran-estos-meses-en-la-estructura-principal-del-edificio-y-en-la-nueva-propuesta-de-espacios-anexos\\\/\"]}]},{\"@type\":\"ImageObject\",\"inLanguage\":\"es\",\"@id\":\"https:\\\/\\\/www.laguiadepamplona.com\\\/actualidad\\\/las-obras-de-rehabilitacion-de-casa-soto-etxezuria-se-centran-estos-meses-en-la-estructura-principal-del-edificio-y-en-la-nueva-propuesta-de-espacios-anexos\\\/#primaryimage\",\"url\":\"https:\\\/\\\/www.laguiadepamplona.com\\\/actualidad\\\/wp-content\\\/uploads\\\/2026\\\/03\\\/visista-gerencia-urbanismo-casa-soto-etxezuria.webp\",\"contentUrl\":\"https:\\\/\\\/www.laguiadepamplona.com\\\/actualidad\\\/wp-content\\\/uploads\\\/2026\\\/03\\\/visista-gerencia-urbanismo-casa-soto-etxezuria.webp\",\"width\":1000,\"height\":667,\"caption\":\"visita gerencia urbanismo casa soto etxezuria\"},{\"@type\":\"BreadcrumbList\",\"@id\":\"https:\\\/\\\/www.laguiadepamplona.com\\\/actualidad\\\/las-obras-de-rehabilitacion-de-casa-soto-etxezuria-se-centran-estos-meses-en-la-estructura-principal-del-edificio-y-en-la-nueva-propuesta-de-espacios-anexos\\\/#breadcrumb\",\"itemListElement\":[{\"@type\":\"ListItem\",\"position\":1,\"name\":\"Portada\",\"item\":\"https:\\\/\\\/www.laguiadepamplona.com\\\/actualidad\\\/\"},{\"@type\":\"ListItem\",\"position\":2,\"name\":\"Las obras de rehabilitaci\u00f3n de Casa Soto \u2013 Etxezuria se centran estos meses en la estructura principal del edificio y en la nueva propuesta de espacios anexos\"}]},{\"@type\":\"WebSite\",\"@id\":\"https:\\\/\\\/www.laguiadepamplona.com\\\/actualidad\\\/#website\",\"url\":\"https:\\\/\\\/www.laguiadepamplona.com\\\/actualidad\\\/\",\"name\":\"La gu\u00eda de Pamplona\",\"description\":\"Noticias de Pamplona\",\"publisher\":{\"@id\":\"https:\\\/\\\/www.laguiadepamplona.com\\\/actualidad\\\/#organization\"},\"potentialAction\":[{\"@type\":\"SearchAction\",\"target\":{\"@type\":\"EntryPoint\",\"urlTemplate\":\"https:\\\/\\\/www.laguiadepamplona.com\\\/actualidad\\\/?s={search_term_string}\"},\"query-input\":{\"@type\":\"PropertyValueSpecification\",\"valueRequired\":true,\"valueName\":\"search_term_string\"}}],\"inLanguage\":\"es\"},{\"@type\":\"Organization\",\"@id\":\"https:\\\/\\\/www.laguiadepamplona.com\\\/actualidad\\\/#organization\",\"name\":\"La Gu\u00eda de Pamplona \\\/ Noticias\",\"url\":\"https:\\\/\\\/www.laguiadepamplona.com\\\/actualidad\\\/\",\"logo\":{\"@type\":\"ImageObject\",\"inLanguage\":\"es\",\"@id\":\"https:\\\/\\\/www.laguiadepamplona.com\\\/actualidad\\\/#\\\/schema\\\/logo\\\/image\\\/\",\"url\":\"https:\\\/\\\/www.laguiadepamplona.com\\\/actualidad\\\/wp-content\\\/uploads\\\/2018\\\/11\\\/logo-laguiadepamplona18-web1.png\",\"contentUrl\":\"https:\\\/\\\/www.laguiadepamplona.com\\\/actualidad\\\/wp-content\\\/uploads\\\/2018\\\/11\\\/logo-laguiadepamplona18-web1.png\",\"width\":600,\"height\":196,\"caption\":\"La Gu\u00eda de Pamplona \\\/ Noticias\"},\"image\":{\"@id\":\"https:\\\/\\\/www.laguiadepamplona.com\\\/actualidad\\\/#\\\/schema\\\/logo\\\/image\\\/\"},\"sameAs\":[\"https:\\\/\\\/www.facebook.com\\\/laguiadepamplonacom-133175176762273\\\/?ref=hl\",\"https:\\\/\\\/x.com\\\/LaGuiadPamplona\",\"https:\\\/\\\/www.instagram.com\\\/la_guia_de_pamplona\\\/\",\"https:\\\/\\\/www.youtube.com\\\/user\\\/laguiadepamplona\"]},{\"@type\":\"Person\",\"@id\":\"https:\\\/\\\/www.laguiadepamplona.com\\\/actualidad\\\/#\\\/schema\\\/person\\\/efe887376f0213d4657c93adc50b1fdb\",\"name\":\"La Gu\u00eda de Pamplona\",\"image\":{\"@type\":\"ImageObject\",\"inLanguage\":\"es\",\"@id\":\"https:\\\/\\\/secure.gravatar.com\\\/avatar\\\/b6992f131dc8d30ab0dff15446e9d346d9dbd95992de0fef795073f5ea83a81c?s=96&d=mm&r=g\",\"url\":\"https:\\\/\\\/secure.gravatar.com\\\/avatar\\\/b6992f131dc8d30ab0dff15446e9d346d9dbd95992de0fef795073f5ea83a81c?s=96&d=mm&r=g\",\"contentUrl\":\"https:\\\/\\\/secure.gravatar.com\\\/avatar\\\/b6992f131dc8d30ab0dff15446e9d346d9dbd95992de0fef795073f5ea83a81c?s=96&d=mm&r=g\",\"caption\":\"La Gu\u00eda de Pamplona\"}}]}<\/script>\n<!-- \/ Yoast SEO plugin. -->","yoast_head_json":{"title":"Las obras de rehabilitaci\u00f3n de Casa Soto \u2013 Etxezuria se centran estos meses en la estructura principal del edificio y en la nueva propuesta de espacios anexos","description":"El \u00e1mbito se convertir\u00e1 a final de a\u00f1o en un centro de formaci\u00f3n, educaci\u00f3n ambiental y estudio ligado al uso hort\u00edcola con una inversi\u00f3n de 643.782,72 euros","robots":{"index":"index","follow":"follow","max-snippet":"max-snippet:-1","max-image-preview":"max-image-preview:large","max-video-preview":"max-video-preview:-1"},"canonical":"https:\/\/www.laguiadepamplona.com\/actualidad\/las-obras-de-rehabilitacion-de-casa-soto-etxezuria-se-centran-estos-meses-en-la-estructura-principal-del-edificio-y-en-la-nueva-propuesta-de-espacios-anexos\/","og_locale":"es_ES","og_type":"article","og_title":"Las obras de rehabilitaci\u00f3n de Casa Soto \u2013 Etxezuria se centran estos meses en la estructura principal del edificio y en la nueva propuesta de espacios anexos","og_description":"El \u00e1mbito se convertir\u00e1 a final de a\u00f1o en un centro de formaci\u00f3n, educaci\u00f3n ambiental y estudio ligado al uso hort\u00edcola con una inversi\u00f3n de 643.782,72 euros","og_url":"https:\/\/www.laguiadepamplona.com\/actualidad\/las-obras-de-rehabilitacion-de-casa-soto-etxezuria-se-centran-estos-meses-en-la-estructura-principal-del-edificio-y-en-la-nueva-propuesta-de-espacios-anexos\/","og_site_name":"La Gu\u00eda de Pamplona","article_publisher":"https:\/\/www.facebook.com\/laguiadepamplonacom-133175176762273\/?ref=hl","article_published_time":"2026-03-04T14:42:00+00:00","og_image":[{"width":1000,"height":667,"url":"https:\/\/www.laguiadepamplona.com\/actualidad\/wp-content\/uploads\/2026\/03\/visista-gerencia-urbanismo-casa-soto-etxezuria.webp","type":"image\/webp"}],"author":"La Gu\u00eda de Pamplona","twitter_card":"summary_large_image","twitter_creator":"@LaGuiadPamplona","twitter_site":"@LaGuiadPamplona","twitter_misc":{"Escrito por":"La Gu\u00eda de Pamplona","Tiempo de lectura":"4 minutos"},"schema":{"@context":"https:\/\/schema.org","@graph":[{"@type":"Article","@id":"https:\/\/www.laguiadepamplona.com\/actualidad\/las-obras-de-rehabilitacion-de-casa-soto-etxezuria-se-centran-estos-meses-en-la-estructura-principal-del-edificio-y-en-la-nueva-propuesta-de-espacios-anexos\/#article","isPartOf":{"@id":"https:\/\/www.laguiadepamplona.com\/actualidad\/las-obras-de-rehabilitacion-de-casa-soto-etxezuria-se-centran-estos-meses-en-la-estructura-principal-del-edificio-y-en-la-nueva-propuesta-de-espacios-anexos\/"},"author":{"name":"La Gu\u00eda de Pamplona","@id":"https:\/\/www.laguiadepamplona.com\/actualidad\/#\/schema\/person\/efe887376f0213d4657c93adc50b1fdb"},"headline":"Las obras de rehabilitaci\u00f3n de Casa Soto \u2013 Etxezuria se centran estos meses en la estructura principal del edificio y en la nueva propuesta de espacios anexos","datePublished":"2026-03-04T14:42:00+00:00","mainEntityOfPage":{"@id":"https:\/\/www.laguiadepamplona.com\/actualidad\/las-obras-de-rehabilitacion-de-casa-soto-etxezuria-se-centran-estos-meses-en-la-estructura-principal-del-edificio-y-en-la-nueva-propuesta-de-espacios-anexos\/"},"wordCount":781,"commentCount":0,"publisher":{"@id":"https:\/\/www.laguiadepamplona.com\/actualidad\/#organization"},"image":{"@id":"https:\/\/www.laguiadepamplona.com\/actualidad\/las-obras-de-rehabilitacion-de-casa-soto-etxezuria-se-centran-estos-meses-en-la-estructura-principal-del-edificio-y-en-la-nueva-propuesta-de-espacios-anexos\/#primaryimage"},"thumbnailUrl":"https:\/\/www.laguiadepamplona.com\/actualidad\/wp-content\/uploads\/2026\/03\/visista-gerencia-urbanismo-casa-soto-etxezuria.webp","articleSection":["Ayto Pamplona"],"inLanguage":"es","potentialAction":[{"@type":"CommentAction","name":"Comment","target":["https:\/\/www.laguiadepamplona.com\/actualidad\/las-obras-de-rehabilitacion-de-casa-soto-etxezuria-se-centran-estos-meses-en-la-estructura-principal-del-edificio-y-en-la-nueva-propuesta-de-espacios-anexos\/#respond"]}]},{"@type":"WebPage","@id":"https:\/\/www.laguiadepamplona.com\/actualidad\/las-obras-de-rehabilitacion-de-casa-soto-etxezuria-se-centran-estos-meses-en-la-estructura-principal-del-edificio-y-en-la-nueva-propuesta-de-espacios-anexos\/","url":"https:\/\/www.laguiadepamplona.com\/actualidad\/las-obras-de-rehabilitacion-de-casa-soto-etxezuria-se-centran-estos-meses-en-la-estructura-principal-del-edificio-y-en-la-nueva-propuesta-de-espacios-anexos\/","name":"Las obras de rehabilitaci\u00f3n de Casa Soto \u2013 Etxezuria se centran estos meses en la estructura principal del edificio y en la nueva propuesta de espacios anexos","isPartOf":{"@id":"https:\/\/www.laguiadepamplona.com\/actualidad\/#website"},"primaryImageOfPage":{"@id":"https:\/\/www.laguiadepamplona.com\/actualidad\/las-obras-de-rehabilitacion-de-casa-soto-etxezuria-se-centran-estos-meses-en-la-estructura-principal-del-edificio-y-en-la-nueva-propuesta-de-espacios-anexos\/#primaryimage"},"image":{"@id":"https:\/\/www.laguiadepamplona.com\/actualidad\/las-obras-de-rehabilitacion-de-casa-soto-etxezuria-se-centran-estos-meses-en-la-estructura-principal-del-edificio-y-en-la-nueva-propuesta-de-espacios-anexos\/#primaryimage"},"thumbnailUrl":"https:\/\/www.laguiadepamplona.com\/actualidad\/wp-content\/uploads\/2026\/03\/visista-gerencia-urbanismo-casa-soto-etxezuria.webp","datePublished":"2026-03-04T14:42:00+00:00","description":"El \u00e1mbito se convertir\u00e1 a final de a\u00f1o en un centro de formaci\u00f3n, educaci\u00f3n ambiental y estudio ligado al uso hort\u00edcola con una inversi\u00f3n de 643.782,72 euros","breadcrumb":{"@id":"https:\/\/www.laguiadepamplona.com\/actualidad\/las-obras-de-rehabilitacion-de-casa-soto-etxezuria-se-centran-estos-meses-en-la-estructura-principal-del-edificio-y-en-la-nueva-propuesta-de-espacios-anexos\/#breadcrumb"},"inLanguage":"es","potentialAction":[{"@type":"ReadAction","target":["https:\/\/www.laguiadepamplona.com\/actualidad\/las-obras-de-rehabilitacion-de-casa-soto-etxezuria-se-centran-estos-meses-en-la-estructura-principal-del-edificio-y-en-la-nueva-propuesta-de-espacios-anexos\/"]}]},{"@type":"ImageObject","inLanguage":"es","@id":"https:\/\/www.laguiadepamplona.com\/actualidad\/las-obras-de-rehabilitacion-de-casa-soto-etxezuria-se-centran-estos-meses-en-la-estructura-principal-del-edificio-y-en-la-nueva-propuesta-de-espacios-anexos\/#primaryimage","url":"https:\/\/www.laguiadepamplona.com\/actualidad\/wp-content\/uploads\/2026\/03\/visista-gerencia-urbanismo-casa-soto-etxezuria.webp","contentUrl":"https:\/\/www.laguiadepamplona.com\/actualidad\/wp-content\/uploads\/2026\/03\/visista-gerencia-urbanismo-casa-soto-etxezuria.webp","width":1000,"height":667,"caption":"visita gerencia urbanismo casa soto etxezuria"},{"@type":"BreadcrumbList","@id":"https:\/\/www.laguiadepamplona.com\/actualidad\/las-obras-de-rehabilitacion-de-casa-soto-etxezuria-se-centran-estos-meses-en-la-estructura-principal-del-edificio-y-en-la-nueva-propuesta-de-espacios-anexos\/#breadcrumb","itemListElement":[{"@type":"ListItem","position":1,"name":"Portada","item":"https:\/\/www.laguiadepamplona.com\/actualidad\/"},{"@type":"ListItem","position":2,"name":"Las obras de rehabilitaci\u00f3n de Casa Soto \u2013 Etxezuria se centran estos meses en la estructura principal del edificio y en la nueva propuesta de espacios anexos"}]},{"@type":"WebSite","@id":"https:\/\/www.laguiadepamplona.com\/actualidad\/#website","url":"https:\/\/www.laguiadepamplona.com\/actualidad\/","name":"La gu\u00eda de Pamplona","description":"Noticias de Pamplona","publisher":{"@id":"https:\/\/www.laguiadepamplona.com\/actualidad\/#organization"},"potentialAction":[{"@type":"SearchAction","target":{"@type":"EntryPoint","urlTemplate":"https:\/\/www.laguiadepamplona.com\/actualidad\/?s={search_term_string}"},"query-input":{"@type":"PropertyValueSpecification","valueRequired":true,"valueName":"search_term_string"}}],"inLanguage":"es"},{"@type":"Organization","@id":"https:\/\/www.laguiadepamplona.com\/actualidad\/#organization","name":"La Gu\u00eda de Pamplona \/ Noticias","url":"https:\/\/www.laguiadepamplona.com\/actualidad\/","logo":{"@type":"ImageObject","inLanguage":"es","@id":"https:\/\/www.laguiadepamplona.com\/actualidad\/#\/schema\/logo\/image\/","url":"https:\/\/www.laguiadepamplona.com\/actualidad\/wp-content\/uploads\/2018\/11\/logo-laguiadepamplona18-web1.png","contentUrl":"https:\/\/www.laguiadepamplona.com\/actualidad\/wp-content\/uploads\/2018\/11\/logo-laguiadepamplona18-web1.png","width":600,"height":196,"caption":"La Gu\u00eda de Pamplona \/ Noticias"},"image":{"@id":"https:\/\/www.laguiadepamplona.com\/actualidad\/#\/schema\/logo\/image\/"},"sameAs":["https:\/\/www.facebook.com\/laguiadepamplonacom-133175176762273\/?ref=hl","https:\/\/x.com\/LaGuiadPamplona","https:\/\/www.instagram.com\/la_guia_de_pamplona\/","https:\/\/www.youtube.com\/user\/laguiadepamplona"]},{"@type":"Person","@id":"https:\/\/www.laguiadepamplona.com\/actualidad\/#\/schema\/person\/efe887376f0213d4657c93adc50b1fdb","name":"La Gu\u00eda de Pamplona","image":{"@type":"ImageObject","inLanguage":"es","@id":"https:\/\/secure.gravatar.com\/avatar\/b6992f131dc8d30ab0dff15446e9d346d9dbd95992de0fef795073f5ea83a81c?s=96&d=mm&r=g","url":"https:\/\/secure.gravatar.com\/avatar\/b6992f131dc8d30ab0dff15446e9d346d9dbd95992de0fef795073f5ea83a81c?s=96&d=mm&r=g","contentUrl":"https:\/\/secure.gravatar.com\/avatar\/b6992f131dc8d30ab0dff15446e9d346d9dbd95992de0fef795073f5ea83a81c?s=96&d=mm&r=g","caption":"La Gu\u00eda de Pamplona"}}]}},"post_mailing_queue_ids":[],"_links":{"self":[{"href":"https:\/\/www.laguiadepamplona.com\/actualidad\/wp-json\/wp\/v2\/posts\/54726","targetHints":{"allow":["GET"]}}],"collection":[{"href":"https:\/\/www.laguiadepamplona.com\/actualidad\/wp-json\/wp\/v2\/posts"}],"about":[{"href":"https:\/\/www.laguiadepamplona.com\/actualidad\/wp-json\/wp\/v2\/types\/post"}],"author":[{"embeddable":true,"href":"https:\/\/www.laguiadepamplona.com\/actualidad\/wp-json\/wp\/v2\/users\/1"}],"replies":[{"embeddable":true,"href":"https:\/\/www.laguiadepamplona.com\/actualidad\/wp-json\/wp\/v2\/comments?post=54726"}],"version-history":[{"count":1,"href":"https:\/\/www.laguiadepamplona.com\/actualidad\/wp-json\/wp\/v2\/posts\/54726\/revisions"}],"predecessor-version":[{"id":54728,"href":"https:\/\/www.laguiadepamplona.com\/actualidad\/wp-json\/wp\/v2\/posts\/54726\/revisions\/54728"}],"wp:featuredmedia":[{"embeddable":true,"href":"https:\/\/www.laguiadepamplona.com\/actualidad\/wp-json\/wp\/v2\/media\/54727"}],"wp:attachment":[{"href":"https:\/\/www.laguiadepamplona.com\/actualidad\/wp-json\/wp\/v2\/media?parent=54726"}],"wp:term":[{"taxonomy":"category","embeddable":true,"href":"https:\/\/www.laguiadepamplona.com\/actualidad\/wp-json\/wp\/v2\/categories?post=54726"},{"taxonomy":"post_tag","embeddable":true,"href":"https:\/\/www.laguiadepamplona.com\/actualidad\/wp-json\/wp\/v2\/tags?post=54726"}],"curies":[{"name":"wp","href":"https:\/\/api.w.org\/{rel}","templated":true}]}}