{"id":5441,"date":"2015-04-15T16:41:05","date_gmt":"2015-04-15T14:41:05","guid":{"rendered":"http:\/\/laguiadepamplona.com\/actualidad\/?p=5441"},"modified":"2015-04-15T16:41:05","modified_gmt":"2015-04-15T14:41:05","slug":"las-personas-empadronadas-en-pamplona-pueden-votar-hasta-el-27-de-abril-para-elegir-el-cartel-de-san-fermin-de-2015-entre-los-ocho-finalistas-presentados-hoy","status":"publish","type":"post","link":"https:\/\/www.laguiadepamplona.com\/actualidad\/las-personas-empadronadas-en-pamplona-pueden-votar-hasta-el-27-de-abril-para-elegir-el-cartel-de-san-fermin-de-2015-entre-los-ocho-finalistas-presentados-hoy\/","title":{"rendered":"Las personas empadronadas en Pamplona pueden votar hasta el 27 de abril para elegir el cartel de San Ferm\u00edn de 2015 entre los ocho finalistas presentados hoy"},"content":{"rendered":"<h4>Esta tarde se abren las votaciones a trav\u00e9s de <a href=\"http:\/\/www.pamplona.es\/\" target=\"_blank\">www.pamplona.es<\/a> y el tel\u00e9fono 010 y ma\u00f1ana comienzan las presenciales en los Civivox<\/h4>\n<p><a href=\"http:\/\/laguiadepamplona.com\/actualidad\/wp-content\/uploads\/2015\/04\/1.jpg\"><img loading=\"lazy\" decoding=\"async\" class=\"alignleft size-medium wp-image-5442\" src=\"http:\/\/laguiadepamplona.com\/actualidad\/wp-content\/uploads\/2015\/04\/1-207x300.jpg\" alt=\"1\" width=\"207\" height=\"300\" \/><\/a> <a href=\"http:\/\/laguiadepamplona.com\/actualidad\/wp-content\/uploads\/2015\/04\/2.jpg\"><img loading=\"lazy\" decoding=\"async\" class=\"alignleft size-medium wp-image-5443\" src=\"http:\/\/laguiadepamplona.com\/actualidad\/wp-content\/uploads\/2015\/04\/2-219x300.jpg\" alt=\"2\" width=\"219\" height=\"300\" \/><\/a> <a href=\"http:\/\/laguiadepamplona.com\/actualidad\/wp-content\/uploads\/2015\/04\/3.jpg\"><img loading=\"lazy\" decoding=\"async\" class=\"alignleft size-medium wp-image-5444\" src=\"http:\/\/laguiadepamplona.com\/actualidad\/wp-content\/uploads\/2015\/04\/3-208x300.jpg\" alt=\"3\" width=\"208\" height=\"300\" \/><\/a> <a href=\"http:\/\/laguiadepamplona.com\/actualidad\/wp-content\/uploads\/2015\/04\/4.jpg\"><img loading=\"lazy\" decoding=\"async\" class=\"alignleft size-medium wp-image-5445\" src=\"http:\/\/laguiadepamplona.com\/actualidad\/wp-content\/uploads\/2015\/04\/4-209x300.jpg\" alt=\"4\" width=\"209\" height=\"300\" \/><\/a> <a href=\"http:\/\/laguiadepamplona.com\/actualidad\/wp-content\/uploads\/2015\/04\/5.jpg\"><img loading=\"lazy\" decoding=\"async\" class=\"alignleft size-medium wp-image-5446\" src=\"http:\/\/laguiadepamplona.com\/actualidad\/wp-content\/uploads\/2015\/04\/5-209x300.jpg\" alt=\"5\" width=\"209\" height=\"300\" \/><\/a> <a href=\"http:\/\/laguiadepamplona.com\/actualidad\/wp-content\/uploads\/2015\/04\/6.jpg\"><img loading=\"lazy\" decoding=\"async\" class=\"alignleft size-medium wp-image-5447\" src=\"http:\/\/laguiadepamplona.com\/actualidad\/wp-content\/uploads\/2015\/04\/6-209x300.jpg\" alt=\"6\" width=\"209\" height=\"300\" \/><\/a> <a href=\"http:\/\/laguiadepamplona.com\/actualidad\/wp-content\/uploads\/2015\/04\/7.jpg\"><img loading=\"lazy\" decoding=\"async\" class=\"alignleft size-medium wp-image-5448\" src=\"http:\/\/laguiadepamplona.com\/actualidad\/wp-content\/uploads\/2015\/04\/7-207x300.jpg\" alt=\"7\" width=\"207\" height=\"300\" \/><\/a> <a href=\"http:\/\/laguiadepamplona.com\/actualidad\/wp-content\/uploads\/2015\/04\/8.jpg\"><img loading=\"lazy\" decoding=\"async\" class=\"alignleft size-medium wp-image-5449\" src=\"http:\/\/laguiadepamplona.com\/actualidad\/wp-content\/uploads\/2015\/04\/8-210x300.jpg\" alt=\"8\" width=\"210\" height=\"300\" \/><\/a><\/p>\n<p>&nbsp;<\/p>\n<p>&nbsp;<\/p>\n<p>&nbsp;<\/p>\n<p>&nbsp;<\/p>\n<p>&nbsp;<\/p>\n<p>&nbsp;<\/p>\n<p>&nbsp;<\/p>\n<p>&nbsp;<\/p>\n<p>&nbsp;<\/p>\n<p>&nbsp;<\/p>\n<p>&nbsp;<\/p>\n<p>&nbsp;<\/p>\n<p>&nbsp;<\/p>\n<p>&nbsp;<\/p>\n<p>&nbsp;<\/p>\n<p>&nbsp;<\/p>\n<p>&nbsp;<\/p>\n<p>&nbsp;<\/p>\n<p>&nbsp;<\/p>\n<p>&nbsp;<\/p>\n<p>&nbsp;<\/p>\n<p>&nbsp;<\/p>\n<p>&nbsp;<\/p>\n<p>&nbsp;<\/p>\n<p>&nbsp;<\/p>\n<p>&nbsp;<\/p>\n<p>&nbsp;<\/p>\n<p>&nbsp;<\/p>\n<p>&nbsp;<\/p>\n<p>&nbsp;<\/p>\n<p>&nbsp;<\/p>\n<p>&nbsp;<\/p>\n<p>&nbsp;<\/p>\n<p>&nbsp;<\/p>\n<p>&nbsp;<\/p>\n<p>&nbsp;<\/p>\n<p>&nbsp;<\/p>\n<p>&nbsp;<\/p>\n<p>&nbsp;<\/p>\n<p>&nbsp;<\/p>\n<p>&nbsp;<\/p>\n<p>Los ocho carteles finalistas entre los que las personas empadronadas en Pamplona podr\u00e1n elegir el que ser\u00e1 la imagen oficial anunciadora de las fiestas de este a\u00f1o se han dado a conocer a primera hora de esta tarde. El jurado, reunido desde las nueve horas, ha elegido los ocho carteles entre las 462 obras presentadas. Desde este misma tarde y hasta el 27 de abril, se puede emitir el voto a trav\u00e9s de la p\u00e1gina web municipal, <a href=\"http:\/\/www.pamplona.es\/\" target=\"_blank\">www.pamplona.es<\/a>, y del tel\u00e9fono 010 (948420100 si se llama desde m\u00f3vil o desde fuera de Pamplona). Desde ma\u00f1ana jueves se podr\u00e1 emitir el voto de forma presencial en los civivox de la ciudad.<\/p>\n<p>Tambi\u00e9n desde esta tarde, los ocho carteles finalistas estar\u00e1n expuestos en el Palacio del Condestable hasta el \u00faltimo d\u00eda de la votaci\u00f3n popular de manera que los ciudadanos pueden ver de cerca los trabajos. El jurado ha elegido como finalistas las siguientes obras:<\/p>\n<ul>\n<li>N\u00ba 1 \u2013 49 &#8211; \u2018La despedida de los gigantes\u2019<\/li>\n<li>N\u00ba 2 \u2013 67 &#8211; \u2018San Ferm\u00edn Pamplona Lovers\u2019<\/li>\n<li>N\u00ba 3 \u2013 90 &#8211; \u2018Kilik\u00f3n\u2019<\/li>\n<li>N\u00ba 4 \u201394 \u2013 \u2018Ciudad abierta \/Hiria zabalik\u2019<\/li>\n<li>N\u00ba 5 \u2013 260 \u2013 \u2018Urdin gorri\u2019<\/li>\n<li>N\u00ba 6 \u2013 262 \u2013 \u20188 d\u00edas de rojo y blanco\u2019<\/li>\n<li>N\u00ba 7 \u2013 322 \u2013 \u2018Mogoll\u00f3n\u2019<\/li>\n<li>N\u00ba 8 \u2013 360 \u2013\u2018Estallido &amp; recompensa\u2019<\/li>\n<\/ul>\n<p>&nbsp;<\/p>\n<p>El jurado ha estado compuesto por representantes de los grupos pol\u00edticos, t\u00e9cnicos municipales y profesionales del dise\u00f1o y el arte. Presidido por el concejal delegado de Educaci\u00f3n y Cultura, Ferm\u00edn Alonso, ha contado como vocales con Itziar G\u00f3mez de Geroa Bai, Pilar Ferrero de PSN-PSOE, Cristina Sanz de PPN y Paz Prieto de UPN. Los grupos municipales Aralar, Izquierda\u2013Ezkerra y Bildu no han nombrado representante o han declinado la invitaci\u00f3n de formar parte del jurado. Como vocales t\u00e9cnicos han participado el ganador del concurso de carteles del a\u00f1o pasado, Ignacio Dom\u00e9nech; la artista Mireya Mart\u00edn y el dise\u00f1ador Edmundo Irujo, nombrado por la Asociaci\u00f3n Navarra de Empresas de Comunicaci\u00f3n y Publicidad, adem\u00e1s de la directora del \u00e1rea de Educaci\u00f3n y Cultura, Teresa Lasheras, y del t\u00e9cnico municipal de Artes Pl\u00e1sticas, Pedro Lozano. Por \u00faltimo ha participado un representante del Ayuntamiento de Bayona, por primera vez con voz y voto, el teniente alcalde, Yves Ugalde.<\/p>\n<p><strong>Prohibido revelar los autores de los carteles seleccionados<\/strong><\/p>\n<p>Las bases del concurso establecen un premio en met\u00e1lico de 3.600 euros para el ganador. Tambi\u00e9n recogen la prohibici\u00f3n de revelar la autor\u00eda de cualquiera de las obras seleccionadas. Como en a\u00f1os anteriores, el formato del cartel tiene que ser de 100 cent\u00edmetros de alto por 70 de ancho y deber\u00e1 ir montado sobre un soporte r\u00edgido, convenientemente embalado. Adem\u00e1s ha de incluir obligatoriamente el texto \u2018Pamplona \/Iru\u00f1a. San Ferm\u00edn 2015. 6 al 14 de julio \/Uztailaren 6tik 14ra\u2019.<\/p>\n<p>Las personas que voten deber\u00e1n indicar nombre y primer apellido adem\u00e1s del n\u00famero del DNI, NIE o pasaporte, ya que as\u00ed se podr\u00e1 comprobar despu\u00e9s, en el recuento, la veracidad de los datos y la validez del voto. \u00danicamente pueden votar los empadronados en Pamplona, en los que el Ayuntamiento de Pamplona deja la decisi\u00f3n final por octavo a\u00f1o consecutivo.<\/p>\n<p>Para votar a trav\u00e9s de la web municipal, <a href=\"http:\/\/www.pamplona.es\/\" target=\"_blank\">www.pamplona.es<\/a>, hay que acceder a un enlace en la parte superior de la portada, situado entre los cuatro destacados, y desde all\u00ed entrar en la pantalla de las votaciones en donde aparece la imagen de los ocho carteles junto con la informaci\u00f3n sobre c\u00f3mo emitir el voto. Para hacerlo en el tel\u00e9fono 010 (948420100 si se llama desde m\u00f3vil o desde fuera de Pamplona) se requerir\u00e1 al ciudadano su identificaci\u00f3n y el n\u00famero de cartel por el que vota. Cada uno de los siete civivox de la ciudad tendr\u00e1 tambi\u00e9n una urna en la que los empadronados podr\u00e1n depositar sus votos mediante unas papeletas preparadas para ello por el Consistorio.<\/p>\n<p>El a\u00f1o pasado participaron en la votaci\u00f3n 3.474 personas. De ellas, un 73,5%, votaron a trav\u00e9s de internet en <a href=\"http:\/\/www.pamplona.es\/\" target=\"_blank\">www.pamplona.es<\/a>, un 24,5% lo hicieron de forma presencial en alguno de los siete civivox y casi un 2%% utilizaron como v\u00eda el tel\u00e9fono 010.<\/p>\n<p><strong>Casi la mitad de los carteles presentados proceden de Pamplona<\/strong><\/p>\n<p>De los 462 carteles presentados, 202 (un 43,9%) proceden de Pamplona y 97 m\u00e1s del resto de localidades navarras, por lo que el 64,9% de las obras que concursan por anunciar las fiestas proceden de la Comunidad Foral. Tambi\u00e9n se han recibido 155 carteles desde otras comunidades aut\u00f3nomas espa\u00f1olas, entre los que se encuentran 31 llegados desde el Pa\u00eds Vasco; 24 de la Comunidad Valenciana y de Madrid; 20 de Andaluc\u00eda; 15 de Catalu\u00f1a; 12 de Castilla Le\u00f3n; 7 de Arag\u00f3n y Castilla La Mancha; 4 de Extremadura; 3 de La Rioja; 2 de Galicia, Baleares y Murcia; y uno de Asturias y Canarias. Del extranjero se han recibido 8 carteles (un 1,7% del total) de cuatro pa\u00edses diferentes: 4 de Francia, 2 de Estados Unidos y uno de Andorra y Hungr\u00eda.<\/p>\n<p>El a\u00f1o pasado se presentaron al concurso un total de 546 carteles, de los que 205 proced\u00edan de Pamplona, 112 de otras localidades navarras, 217 de otras autonom\u00edas espa\u00f1olas y los 12 restantes, del extranjero. El cartel ganador, \u2018Equipazo\u2019, del dise\u00f1ador alicantino Ignacio Dom\u00e9nech, obtuvo el 25,3% de los votos emitidos por los ciudadanos.<\/p>\n<p><strong>Exposici\u00f3n de carteles del 19 de junio al 19 de julio<\/strong><\/p>\n<p>El jurado ha seleccionado tambi\u00e9n un total de 96 obras, incluidas las ocho finalistas, que conformar\u00e1n la exposici\u00f3n que tradicionalmente se puede visitar en la sala Conde Rodezno. Se trata de esta forma de dar a conocer al p\u00fablico una muestra m\u00e1s amplia de entre los 462 carteles recibidos en la edici\u00f3n de este a\u00f1o.<\/p>\n<p>Est\u00e1 previsto que la exposici\u00f3n se inaugure el pr\u00f3ximo 19 de junio y se pueda visitar durante los Sanfermines y tambi\u00e9n durante algunos d\u00edas despu\u00e9s, hasta el 19 de julio. La exposici\u00f3n de carteles de San Ferm\u00edn es una de las muestras que m\u00e1s personas visitan cada a\u00f1o en Pamplona. En 2014 pasaron por la sala Conde Rodezno 5.086 personas y el a\u00f1o anterior, en 2013, tuvo un total de 3.946 visitantes.<\/p>\n<p>Carteles seleccionados para la exposici\u00f3n en la sala Conde Rodezno<\/p>\n<p>&nbsp;<\/p>\n<table>\n<tbody>\n<tr>\n<td width=\"58\">2<\/td>\n<td width=\"58\">9<\/td>\n<td width=\"58\">14<\/td>\n<td width=\"58\">23<\/td>\n<td width=\"58\">33<\/td>\n<td width=\"58\">40<\/td>\n<td width=\"58\">47<\/td>\n<td width=\"58\">49<\/td>\n<td width=\"58\">50<\/td>\n<td width=\"58\">51<\/td>\n<\/tr>\n<tr>\n<td width=\"58\">52<\/td>\n<td width=\"58\">54<\/td>\n<td width=\"58\">67<\/td>\n<td width=\"58\">69<\/td>\n<td width=\"58\">72<\/td>\n<td width=\"58\">74<\/td>\n<td width=\"58\">79<\/td>\n<td width=\"58\">83<\/td>\n<td width=\"58\">90<\/td>\n<td width=\"58\">94<\/td>\n<\/tr>\n<tr>\n<td width=\"58\">98<\/td>\n<td width=\"58\">100<\/td>\n<td width=\"58\">102<\/td>\n<td width=\"58\">105<\/td>\n<td width=\"58\">110<\/td>\n<td width=\"58\">121<\/td>\n<td width=\"58\">126<\/td>\n<td width=\"58\">129<\/td>\n<td width=\"58\">134<\/td>\n<td width=\"58\">135<\/td>\n<\/tr>\n<tr>\n<td width=\"58\">138<\/td>\n<td width=\"58\">142<\/td>\n<td width=\"58\">146<\/td>\n<td width=\"58\">149<\/td>\n<td width=\"58\">154<\/td>\n<td width=\"58\">160<\/td>\n<td width=\"58\">171<\/td>\n<td width=\"58\">172<\/td>\n<td width=\"58\">173<\/td>\n<td width=\"58\">176<\/td>\n<\/tr>\n<tr>\n<td width=\"58\">180<\/td>\n<td width=\"58\">181<\/td>\n<td width=\"58\">184<\/td>\n<td width=\"58\">187<\/td>\n<td width=\"58\">200<\/td>\n<td width=\"58\">207<\/td>\n<td width=\"58\">209<\/td>\n<td width=\"58\">216<\/td>\n<td width=\"58\">233<\/td>\n<td width=\"58\">241<\/td>\n<\/tr>\n<tr>\n<td width=\"58\">253<\/td>\n<td width=\"58\">260<\/td>\n<td width=\"58\">262<\/td>\n<td width=\"58\">266<\/td>\n<td width=\"58\">275<\/td>\n<td width=\"58\">277<\/td>\n<td width=\"58\">279<\/td>\n<td width=\"58\">287<\/td>\n<td width=\"58\">295<\/td>\n<td width=\"58\">309<\/td>\n<\/tr>\n<tr>\n<td width=\"58\">310<\/td>\n<td width=\"58\">321<\/td>\n<td width=\"58\">322<\/td>\n<td width=\"58\">332<\/td>\n<td width=\"58\">343<\/td>\n<td width=\"58\">345<\/td>\n<td width=\"58\">346<\/td>\n<td width=\"58\">353<\/td>\n<td width=\"58\">354<\/td>\n<td width=\"58\">356<\/td>\n<\/tr>\n<tr>\n<td width=\"58\">357<\/td>\n<td width=\"58\">360<\/td>\n<td width=\"58\">363<\/td>\n<td width=\"58\">364<\/td>\n<td width=\"58\">465<\/td>\n<td width=\"58\">370<\/td>\n<td width=\"58\">372<\/td>\n<td width=\"58\">376<\/td>\n<td width=\"58\">377<\/td>\n<td width=\"58\">385<\/td>\n<\/tr>\n<tr>\n<td width=\"58\">390<\/td>\n<td width=\"58\">393<\/td>\n<td width=\"58\">396<\/td>\n<td width=\"58\">407<\/td>\n<td width=\"58\">408<\/td>\n<td width=\"58\">413<\/td>\n<td width=\"58\">420<\/td>\n<td width=\"58\">429<\/td>\n<td width=\"58\">432<\/td>\n<td width=\"58\">441<\/td>\n<\/tr>\n<tr>\n<td width=\"58\">445<\/td>\n<td width=\"58\">446<\/td>\n<td width=\"58\">447<\/td>\n<td width=\"58\">451<\/td>\n<td width=\"58\">457<\/td>\n<td width=\"58\">460<\/td>\n<td width=\"58\"><\/td>\n<td width=\"58\"><\/td>\n<td width=\"58\"><\/td>\n<td width=\"58\"><\/td>\n<\/tr>\n<\/tbody>\n<\/table>\n<p>&nbsp;<\/p>\n","protected":false},"excerpt":{"rendered":"<p>Esta tarde se abren las votaciones a trav\u00e9s de www.pamplona.es y el tel\u00e9fono 010 y ma\u00f1ana comienzan las presenciales en los Civivox &nbsp; &nbsp; &nbsp; &nbsp; &nbsp; &nbsp; &nbsp; &nbsp;&#8230;<\/p>\n","protected":false},"author":1,"featured_media":5443,"comment_status":"closed","ping_status":"closed","sticky":false,"template":"","format":"standard","meta":{"footnotes":""},"categories":[2],"tags":[2191,5,6,509,4872,8,9,4873,506,578,709],"class_list":["post-5441","post","type-post","status-publish","format-standard","has-post-thumbnail","hentry","category-ayuntamiento-pamplona","tag-2191","tag-actualidad","tag-ayto-pamplona","tag-ayuntamiento-de-pamplona","tag-cartel-de-san-fermin","tag-noticias","tag-pamplona","tag-personas-empadronadas","tag-san-fermin","tag-sanfermines","tag-votar"],"yoast_head":"<!-- This site is optimized with the Yoast SEO plugin v27.5 - https:\/\/yoast.com\/product\/yoast-seo-wordpress\/ -->\n<title>Las personas empadronadas en Pamplona pueden votar hasta el 27 de abril para elegir el cartel de San Ferm\u00edn de 2015 entre los ocho finalistas presentados hoy<\/title>\n<meta name=\"robots\" content=\"index, follow, max-snippet:-1, max-image-preview:large, max-video-preview:-1\" \/>\n<link rel=\"canonical\" href=\"https:\/\/www.laguiadepamplona.com\/actualidad\/las-personas-empadronadas-en-pamplona-pueden-votar-hasta-el-27-de-abril-para-elegir-el-cartel-de-san-fermin-de-2015-entre-los-ocho-finalistas-presentados-hoy\/\" \/>\n<meta property=\"og:locale\" content=\"es_ES\" \/>\n<meta property=\"og:type\" content=\"article\" \/>\n<meta property=\"og:title\" content=\"Las personas empadronadas en Pamplona pueden votar hasta el 27 de abril para elegir el cartel de San Ferm\u00edn de 2015 entre los ocho finalistas presentados hoy\" \/>\n<meta property=\"og:description\" content=\"Esta tarde se abren las votaciones a trav\u00e9s de www.pamplona.es y el tel\u00e9fono 010 y ma\u00f1ana comienzan las presenciales en los Civivox &nbsp; &nbsp; &nbsp; &nbsp; &nbsp; &nbsp; &nbsp; &nbsp;...\" \/>\n<meta property=\"og:url\" content=\"https:\/\/www.laguiadepamplona.com\/actualidad\/las-personas-empadronadas-en-pamplona-pueden-votar-hasta-el-27-de-abril-para-elegir-el-cartel-de-san-fermin-de-2015-entre-los-ocho-finalistas-presentados-hoy\/\" \/>\n<meta property=\"og:site_name\" content=\"La Gu\u00eda de Pamplona\" \/>\n<meta property=\"article:publisher\" content=\"https:\/\/www.facebook.com\/laguiadepamplonacom-133175176762273\/?ref=hl\" \/>\n<meta property=\"article:published_time\" content=\"2015-04-15T14:41:05+00:00\" \/>\n<meta name=\"author\" content=\"La Gu\u00eda de Pamplona\" \/>\n<meta name=\"twitter:card\" content=\"summary_large_image\" \/>\n<meta name=\"twitter:creator\" content=\"@LaGuiadPamplona\" \/>\n<meta name=\"twitter:site\" content=\"@LaGuiadPamplona\" \/>\n<meta name=\"twitter:label1\" content=\"Escrito por\" \/>\n\t<meta name=\"twitter:data1\" content=\"La Gu\u00eda de Pamplona\" \/>\n\t<meta name=\"twitter:label2\" content=\"Tiempo de lectura\" \/>\n\t<meta name=\"twitter:data2\" content=\"6 minutos\" \/>\n<script type=\"application\/ld+json\" class=\"yoast-schema-graph\">{\"@context\":\"https:\\\/\\\/schema.org\",\"@graph\":[{\"@type\":\"Article\",\"@id\":\"https:\\\/\\\/www.laguiadepamplona.com\\\/actualidad\\\/las-personas-empadronadas-en-pamplona-pueden-votar-hasta-el-27-de-abril-para-elegir-el-cartel-de-san-fermin-de-2015-entre-los-ocho-finalistas-presentados-hoy\\\/#article\",\"isPartOf\":{\"@id\":\"https:\\\/\\\/www.laguiadepamplona.com\\\/actualidad\\\/las-personas-empadronadas-en-pamplona-pueden-votar-hasta-el-27-de-abril-para-elegir-el-cartel-de-san-fermin-de-2015-entre-los-ocho-finalistas-presentados-hoy\\\/\"},\"author\":{\"name\":\"La Gu\u00eda de Pamplona\",\"@id\":\"https:\\\/\\\/www.laguiadepamplona.com\\\/actualidad\\\/#\\\/schema\\\/person\\\/efe887376f0213d4657c93adc50b1fdb\"},\"headline\":\"Las personas empadronadas en Pamplona pueden votar hasta el 27 de abril para elegir el cartel de San Ferm\u00edn de 2015 entre los ocho finalistas presentados hoy\",\"datePublished\":\"2015-04-15T14:41:05+00:00\",\"mainEntityOfPage\":{\"@id\":\"https:\\\/\\\/www.laguiadepamplona.com\\\/actualidad\\\/las-personas-empadronadas-en-pamplona-pueden-votar-hasta-el-27-de-abril-para-elegir-el-cartel-de-san-fermin-de-2015-entre-los-ocho-finalistas-presentados-hoy\\\/\"},\"wordCount\":1145,\"publisher\":{\"@id\":\"https:\\\/\\\/www.laguiadepamplona.com\\\/actualidad\\\/#organization\"},\"image\":{\"@id\":\"https:\\\/\\\/www.laguiadepamplona.com\\\/actualidad\\\/las-personas-empadronadas-en-pamplona-pueden-votar-hasta-el-27-de-abril-para-elegir-el-cartel-de-san-fermin-de-2015-entre-los-ocho-finalistas-presentados-hoy\\\/#primaryimage\"},\"thumbnailUrl\":\"\",\"keywords\":[\"2015\",\"actualidad\",\"ayto pamplona\",\"Ayuntamiento de Pamplona\",\"cartel de San Ferm\u00edn\",\"noticias\",\"pamplona\",\"personas empadronadas\",\"san ferm\u00edn\",\"Sanfermines\",\"votar\"],\"articleSection\":[\"Ayto Pamplona\"],\"inLanguage\":\"es\"},{\"@type\":\"WebPage\",\"@id\":\"https:\\\/\\\/www.laguiadepamplona.com\\\/actualidad\\\/las-personas-empadronadas-en-pamplona-pueden-votar-hasta-el-27-de-abril-para-elegir-el-cartel-de-san-fermin-de-2015-entre-los-ocho-finalistas-presentados-hoy\\\/\",\"url\":\"https:\\\/\\\/www.laguiadepamplona.com\\\/actualidad\\\/las-personas-empadronadas-en-pamplona-pueden-votar-hasta-el-27-de-abril-para-elegir-el-cartel-de-san-fermin-de-2015-entre-los-ocho-finalistas-presentados-hoy\\\/\",\"name\":\"Las personas empadronadas en Pamplona pueden votar hasta el 27 de abril para elegir el cartel de San Ferm\u00edn de 2015 entre los ocho finalistas presentados hoy\",\"isPartOf\":{\"@id\":\"https:\\\/\\\/www.laguiadepamplona.com\\\/actualidad\\\/#website\"},\"primaryImageOfPage\":{\"@id\":\"https:\\\/\\\/www.laguiadepamplona.com\\\/actualidad\\\/las-personas-empadronadas-en-pamplona-pueden-votar-hasta-el-27-de-abril-para-elegir-el-cartel-de-san-fermin-de-2015-entre-los-ocho-finalistas-presentados-hoy\\\/#primaryimage\"},\"image\":{\"@id\":\"https:\\\/\\\/www.laguiadepamplona.com\\\/actualidad\\\/las-personas-empadronadas-en-pamplona-pueden-votar-hasta-el-27-de-abril-para-elegir-el-cartel-de-san-fermin-de-2015-entre-los-ocho-finalistas-presentados-hoy\\\/#primaryimage\"},\"thumbnailUrl\":\"\",\"datePublished\":\"2015-04-15T14:41:05+00:00\",\"breadcrumb\":{\"@id\":\"https:\\\/\\\/www.laguiadepamplona.com\\\/actualidad\\\/las-personas-empadronadas-en-pamplona-pueden-votar-hasta-el-27-de-abril-para-elegir-el-cartel-de-san-fermin-de-2015-entre-los-ocho-finalistas-presentados-hoy\\\/#breadcrumb\"},\"inLanguage\":\"es\",\"potentialAction\":[{\"@type\":\"ReadAction\",\"target\":[\"https:\\\/\\\/www.laguiadepamplona.com\\\/actualidad\\\/las-personas-empadronadas-en-pamplona-pueden-votar-hasta-el-27-de-abril-para-elegir-el-cartel-de-san-fermin-de-2015-entre-los-ocho-finalistas-presentados-hoy\\\/\"]}]},{\"@type\":\"ImageObject\",\"inLanguage\":\"es\",\"@id\":\"https:\\\/\\\/www.laguiadepamplona.com\\\/actualidad\\\/las-personas-empadronadas-en-pamplona-pueden-votar-hasta-el-27-de-abril-para-elegir-el-cartel-de-san-fermin-de-2015-entre-los-ocho-finalistas-presentados-hoy\\\/#primaryimage\",\"url\":\"\",\"contentUrl\":\"\"},{\"@type\":\"BreadcrumbList\",\"@id\":\"https:\\\/\\\/www.laguiadepamplona.com\\\/actualidad\\\/las-personas-empadronadas-en-pamplona-pueden-votar-hasta-el-27-de-abril-para-elegir-el-cartel-de-san-fermin-de-2015-entre-los-ocho-finalistas-presentados-hoy\\\/#breadcrumb\",\"itemListElement\":[{\"@type\":\"ListItem\",\"position\":1,\"name\":\"Portada\",\"item\":\"https:\\\/\\\/www.laguiadepamplona.com\\\/actualidad\\\/\"},{\"@type\":\"ListItem\",\"position\":2,\"name\":\"Las personas empadronadas en Pamplona pueden votar hasta el 27 de abril para elegir el cartel de San Ferm\u00edn de 2015 entre los ocho finalistas presentados hoy\"}]},{\"@type\":\"WebSite\",\"@id\":\"https:\\\/\\\/www.laguiadepamplona.com\\\/actualidad\\\/#website\",\"url\":\"https:\\\/\\\/www.laguiadepamplona.com\\\/actualidad\\\/\",\"name\":\"La gu\u00eda de Pamplona\",\"description\":\"Noticias de Pamplona\",\"publisher\":{\"@id\":\"https:\\\/\\\/www.laguiadepamplona.com\\\/actualidad\\\/#organization\"},\"potentialAction\":[{\"@type\":\"SearchAction\",\"target\":{\"@type\":\"EntryPoint\",\"urlTemplate\":\"https:\\\/\\\/www.laguiadepamplona.com\\\/actualidad\\\/?s={search_term_string}\"},\"query-input\":{\"@type\":\"PropertyValueSpecification\",\"valueRequired\":true,\"valueName\":\"search_term_string\"}}],\"inLanguage\":\"es\"},{\"@type\":\"Organization\",\"@id\":\"https:\\\/\\\/www.laguiadepamplona.com\\\/actualidad\\\/#organization\",\"name\":\"La Gu\u00eda de Pamplona \\\/ Noticias\",\"url\":\"https:\\\/\\\/www.laguiadepamplona.com\\\/actualidad\\\/\",\"logo\":{\"@type\":\"ImageObject\",\"inLanguage\":\"es\",\"@id\":\"https:\\\/\\\/www.laguiadepamplona.com\\\/actualidad\\\/#\\\/schema\\\/logo\\\/image\\\/\",\"url\":\"https:\\\/\\\/www.laguiadepamplona.com\\\/actualidad\\\/wp-content\\\/uploads\\\/2018\\\/11\\\/logo-laguiadepamplona18-web1.png\",\"contentUrl\":\"https:\\\/\\\/www.laguiadepamplona.com\\\/actualidad\\\/wp-content\\\/uploads\\\/2018\\\/11\\\/logo-laguiadepamplona18-web1.png\",\"width\":600,\"height\":196,\"caption\":\"La Gu\u00eda de Pamplona \\\/ Noticias\"},\"image\":{\"@id\":\"https:\\\/\\\/www.laguiadepamplona.com\\\/actualidad\\\/#\\\/schema\\\/logo\\\/image\\\/\"},\"sameAs\":[\"https:\\\/\\\/www.facebook.com\\\/laguiadepamplonacom-133175176762273\\\/?ref=hl\",\"https:\\\/\\\/x.com\\\/LaGuiadPamplona\",\"https:\\\/\\\/www.instagram.com\\\/la_guia_de_pamplona\\\/\",\"https:\\\/\\\/www.youtube.com\\\/user\\\/laguiadepamplona\"]},{\"@type\":\"Person\",\"@id\":\"https:\\\/\\\/www.laguiadepamplona.com\\\/actualidad\\\/#\\\/schema\\\/person\\\/efe887376f0213d4657c93adc50b1fdb\",\"name\":\"La Gu\u00eda de Pamplona\",\"image\":{\"@type\":\"ImageObject\",\"inLanguage\":\"es\",\"@id\":\"https:\\\/\\\/secure.gravatar.com\\\/avatar\\\/b6992f131dc8d30ab0dff15446e9d346d9dbd95992de0fef795073f5ea83a81c?s=96&d=mm&r=g\",\"url\":\"https:\\\/\\\/secure.gravatar.com\\\/avatar\\\/b6992f131dc8d30ab0dff15446e9d346d9dbd95992de0fef795073f5ea83a81c?s=96&d=mm&r=g\",\"contentUrl\":\"https:\\\/\\\/secure.gravatar.com\\\/avatar\\\/b6992f131dc8d30ab0dff15446e9d346d9dbd95992de0fef795073f5ea83a81c?s=96&d=mm&r=g\",\"caption\":\"La Gu\u00eda de Pamplona\"}}]}<\/script>\n<!-- \/ Yoast SEO plugin. -->","yoast_head_json":{"title":"Las personas empadronadas en Pamplona pueden votar hasta el 27 de abril para elegir el cartel de San Ferm\u00edn de 2015 entre los ocho finalistas presentados hoy","robots":{"index":"index","follow":"follow","max-snippet":"max-snippet:-1","max-image-preview":"max-image-preview:large","max-video-preview":"max-video-preview:-1"},"canonical":"https:\/\/www.laguiadepamplona.com\/actualidad\/las-personas-empadronadas-en-pamplona-pueden-votar-hasta-el-27-de-abril-para-elegir-el-cartel-de-san-fermin-de-2015-entre-los-ocho-finalistas-presentados-hoy\/","og_locale":"es_ES","og_type":"article","og_title":"Las personas empadronadas en Pamplona pueden votar hasta el 27 de abril para elegir el cartel de San Ferm\u00edn de 2015 entre los ocho finalistas presentados hoy","og_description":"Esta tarde se abren las votaciones a trav\u00e9s de www.pamplona.es y el tel\u00e9fono 010 y ma\u00f1ana comienzan las presenciales en los Civivox &nbsp; &nbsp; &nbsp; &nbsp; &nbsp; &nbsp; &nbsp; &nbsp;...","og_url":"https:\/\/www.laguiadepamplona.com\/actualidad\/las-personas-empadronadas-en-pamplona-pueden-votar-hasta-el-27-de-abril-para-elegir-el-cartel-de-san-fermin-de-2015-entre-los-ocho-finalistas-presentados-hoy\/","og_site_name":"La Gu\u00eda de Pamplona","article_publisher":"https:\/\/www.facebook.com\/laguiadepamplonacom-133175176762273\/?ref=hl","article_published_time":"2015-04-15T14:41:05+00:00","author":"La Gu\u00eda de Pamplona","twitter_card":"summary_large_image","twitter_creator":"@LaGuiadPamplona","twitter_site":"@LaGuiadPamplona","twitter_misc":{"Escrito por":"La Gu\u00eda de Pamplona","Tiempo de lectura":"6 minutos"},"schema":{"@context":"https:\/\/schema.org","@graph":[{"@type":"Article","@id":"https:\/\/www.laguiadepamplona.com\/actualidad\/las-personas-empadronadas-en-pamplona-pueden-votar-hasta-el-27-de-abril-para-elegir-el-cartel-de-san-fermin-de-2015-entre-los-ocho-finalistas-presentados-hoy\/#article","isPartOf":{"@id":"https:\/\/www.laguiadepamplona.com\/actualidad\/las-personas-empadronadas-en-pamplona-pueden-votar-hasta-el-27-de-abril-para-elegir-el-cartel-de-san-fermin-de-2015-entre-los-ocho-finalistas-presentados-hoy\/"},"author":{"name":"La Gu\u00eda de Pamplona","@id":"https:\/\/www.laguiadepamplona.com\/actualidad\/#\/schema\/person\/efe887376f0213d4657c93adc50b1fdb"},"headline":"Las personas empadronadas en Pamplona pueden votar hasta el 27 de abril para elegir el cartel de San Ferm\u00edn de 2015 entre los ocho finalistas presentados hoy","datePublished":"2015-04-15T14:41:05+00:00","mainEntityOfPage":{"@id":"https:\/\/www.laguiadepamplona.com\/actualidad\/las-personas-empadronadas-en-pamplona-pueden-votar-hasta-el-27-de-abril-para-elegir-el-cartel-de-san-fermin-de-2015-entre-los-ocho-finalistas-presentados-hoy\/"},"wordCount":1145,"publisher":{"@id":"https:\/\/www.laguiadepamplona.com\/actualidad\/#organization"},"image":{"@id":"https:\/\/www.laguiadepamplona.com\/actualidad\/las-personas-empadronadas-en-pamplona-pueden-votar-hasta-el-27-de-abril-para-elegir-el-cartel-de-san-fermin-de-2015-entre-los-ocho-finalistas-presentados-hoy\/#primaryimage"},"thumbnailUrl":"","keywords":["2015","actualidad","ayto pamplona","Ayuntamiento de Pamplona","cartel de San Ferm\u00edn","noticias","pamplona","personas empadronadas","san ferm\u00edn","Sanfermines","votar"],"articleSection":["Ayto Pamplona"],"inLanguage":"es"},{"@type":"WebPage","@id":"https:\/\/www.laguiadepamplona.com\/actualidad\/las-personas-empadronadas-en-pamplona-pueden-votar-hasta-el-27-de-abril-para-elegir-el-cartel-de-san-fermin-de-2015-entre-los-ocho-finalistas-presentados-hoy\/","url":"https:\/\/www.laguiadepamplona.com\/actualidad\/las-personas-empadronadas-en-pamplona-pueden-votar-hasta-el-27-de-abril-para-elegir-el-cartel-de-san-fermin-de-2015-entre-los-ocho-finalistas-presentados-hoy\/","name":"Las personas empadronadas en Pamplona pueden votar hasta el 27 de abril para elegir el cartel de San Ferm\u00edn de 2015 entre los ocho finalistas presentados hoy","isPartOf":{"@id":"https:\/\/www.laguiadepamplona.com\/actualidad\/#website"},"primaryImageOfPage":{"@id":"https:\/\/www.laguiadepamplona.com\/actualidad\/las-personas-empadronadas-en-pamplona-pueden-votar-hasta-el-27-de-abril-para-elegir-el-cartel-de-san-fermin-de-2015-entre-los-ocho-finalistas-presentados-hoy\/#primaryimage"},"image":{"@id":"https:\/\/www.laguiadepamplona.com\/actualidad\/las-personas-empadronadas-en-pamplona-pueden-votar-hasta-el-27-de-abril-para-elegir-el-cartel-de-san-fermin-de-2015-entre-los-ocho-finalistas-presentados-hoy\/#primaryimage"},"thumbnailUrl":"","datePublished":"2015-04-15T14:41:05+00:00","breadcrumb":{"@id":"https:\/\/www.laguiadepamplona.com\/actualidad\/las-personas-empadronadas-en-pamplona-pueden-votar-hasta-el-27-de-abril-para-elegir-el-cartel-de-san-fermin-de-2015-entre-los-ocho-finalistas-presentados-hoy\/#breadcrumb"},"inLanguage":"es","potentialAction":[{"@type":"ReadAction","target":["https:\/\/www.laguiadepamplona.com\/actualidad\/las-personas-empadronadas-en-pamplona-pueden-votar-hasta-el-27-de-abril-para-elegir-el-cartel-de-san-fermin-de-2015-entre-los-ocho-finalistas-presentados-hoy\/"]}]},{"@type":"ImageObject","inLanguage":"es","@id":"https:\/\/www.laguiadepamplona.com\/actualidad\/las-personas-empadronadas-en-pamplona-pueden-votar-hasta-el-27-de-abril-para-elegir-el-cartel-de-san-fermin-de-2015-entre-los-ocho-finalistas-presentados-hoy\/#primaryimage","url":"","contentUrl":""},{"@type":"BreadcrumbList","@id":"https:\/\/www.laguiadepamplona.com\/actualidad\/las-personas-empadronadas-en-pamplona-pueden-votar-hasta-el-27-de-abril-para-elegir-el-cartel-de-san-fermin-de-2015-entre-los-ocho-finalistas-presentados-hoy\/#breadcrumb","itemListElement":[{"@type":"ListItem","position":1,"name":"Portada","item":"https:\/\/www.laguiadepamplona.com\/actualidad\/"},{"@type":"ListItem","position":2,"name":"Las personas empadronadas en Pamplona pueden votar hasta el 27 de abril para elegir el cartel de San Ferm\u00edn de 2015 entre los ocho finalistas presentados hoy"}]},{"@type":"WebSite","@id":"https:\/\/www.laguiadepamplona.com\/actualidad\/#website","url":"https:\/\/www.laguiadepamplona.com\/actualidad\/","name":"La gu\u00eda de Pamplona","description":"Noticias de Pamplona","publisher":{"@id":"https:\/\/www.laguiadepamplona.com\/actualidad\/#organization"},"potentialAction":[{"@type":"SearchAction","target":{"@type":"EntryPoint","urlTemplate":"https:\/\/www.laguiadepamplona.com\/actualidad\/?s={search_term_string}"},"query-input":{"@type":"PropertyValueSpecification","valueRequired":true,"valueName":"search_term_string"}}],"inLanguage":"es"},{"@type":"Organization","@id":"https:\/\/www.laguiadepamplona.com\/actualidad\/#organization","name":"La Gu\u00eda de Pamplona \/ Noticias","url":"https:\/\/www.laguiadepamplona.com\/actualidad\/","logo":{"@type":"ImageObject","inLanguage":"es","@id":"https:\/\/www.laguiadepamplona.com\/actualidad\/#\/schema\/logo\/image\/","url":"https:\/\/www.laguiadepamplona.com\/actualidad\/wp-content\/uploads\/2018\/11\/logo-laguiadepamplona18-web1.png","contentUrl":"https:\/\/www.laguiadepamplona.com\/actualidad\/wp-content\/uploads\/2018\/11\/logo-laguiadepamplona18-web1.png","width":600,"height":196,"caption":"La Gu\u00eda de Pamplona \/ Noticias"},"image":{"@id":"https:\/\/www.laguiadepamplona.com\/actualidad\/#\/schema\/logo\/image\/"},"sameAs":["https:\/\/www.facebook.com\/laguiadepamplonacom-133175176762273\/?ref=hl","https:\/\/x.com\/LaGuiadPamplona","https:\/\/www.instagram.com\/la_guia_de_pamplona\/","https:\/\/www.youtube.com\/user\/laguiadepamplona"]},{"@type":"Person","@id":"https:\/\/www.laguiadepamplona.com\/actualidad\/#\/schema\/person\/efe887376f0213d4657c93adc50b1fdb","name":"La Gu\u00eda de Pamplona","image":{"@type":"ImageObject","inLanguage":"es","@id":"https:\/\/secure.gravatar.com\/avatar\/b6992f131dc8d30ab0dff15446e9d346d9dbd95992de0fef795073f5ea83a81c?s=96&d=mm&r=g","url":"https:\/\/secure.gravatar.com\/avatar\/b6992f131dc8d30ab0dff15446e9d346d9dbd95992de0fef795073f5ea83a81c?s=96&d=mm&r=g","contentUrl":"https:\/\/secure.gravatar.com\/avatar\/b6992f131dc8d30ab0dff15446e9d346d9dbd95992de0fef795073f5ea83a81c?s=96&d=mm&r=g","caption":"La Gu\u00eda de Pamplona"}}]}},"post_mailing_queue_ids":[],"_links":{"self":[{"href":"https:\/\/www.laguiadepamplona.com\/actualidad\/wp-json\/wp\/v2\/posts\/5441","targetHints":{"allow":["GET"]}}],"collection":[{"href":"https:\/\/www.laguiadepamplona.com\/actualidad\/wp-json\/wp\/v2\/posts"}],"about":[{"href":"https:\/\/www.laguiadepamplona.com\/actualidad\/wp-json\/wp\/v2\/types\/post"}],"author":[{"embeddable":true,"href":"https:\/\/www.laguiadepamplona.com\/actualidad\/wp-json\/wp\/v2\/users\/1"}],"replies":[{"embeddable":true,"href":"https:\/\/www.laguiadepamplona.com\/actualidad\/wp-json\/wp\/v2\/comments?post=5441"}],"version-history":[{"count":0,"href":"https:\/\/www.laguiadepamplona.com\/actualidad\/wp-json\/wp\/v2\/posts\/5441\/revisions"}],"wp:featuredmedia":[{"embeddable":true,"href":"https:\/\/www.laguiadepamplona.com\/actualidad\/wp-json\/"}],"wp:attachment":[{"href":"https:\/\/www.laguiadepamplona.com\/actualidad\/wp-json\/wp\/v2\/media?parent=5441"}],"wp:term":[{"taxonomy":"category","embeddable":true,"href":"https:\/\/www.laguiadepamplona.com\/actualidad\/wp-json\/wp\/v2\/categories?post=5441"},{"taxonomy":"post_tag","embeddable":true,"href":"https:\/\/www.laguiadepamplona.com\/actualidad\/wp-json\/wp\/v2\/tags?post=5441"}],"curies":[{"name":"wp","href":"https:\/\/api.w.org\/{rel}","templated":true}]}}