{"id":54101,"date":"2025-11-10T19:54:06","date_gmt":"2025-11-10T17:54:06","guid":{"rendered":"https:\/\/www.laguiadepamplona.com\/actualidad\/?p=54101"},"modified":"2025-11-10T19:54:06","modified_gmt":"2025-11-10T17:54:06","slug":"el-ayuntamiento-de-pamplona-aprueba-la-cuarta-prorroga-del-contrato-de-gestion-de-nueve-aseos-publicos-municipales-la-casa-de-banos-y-las-duchas-de-antoniutti","status":"publish","type":"post","link":"https:\/\/www.laguiadepamplona.com\/actualidad\/el-ayuntamiento-de-pamplona-aprueba-la-cuarta-prorroga-del-contrato-de-gestion-de-nueve-aseos-publicos-municipales-la-casa-de-banos-y-las-duchas-de-antoniutti\/","title":{"rendered":"El Ayuntamiento de Pamplona aprueba la cuarta pr\u00f3rroga del contrato de gesti\u00f3n de nueve aseos p\u00fablicos municipales, la Casa de Ba\u00f1os y las duchas de Antoniutti"},"content":{"rendered":"<h2>La \u00faltima pr\u00f3rroga del contrato, por importe de 958.423,62 euros, abarca el periodo entre el 1 de noviembre de 2025 y el 31 de octubre de 2026<\/h2>\n<p><!--more--><\/p>\n<p>La Junta de Gobierno Local del Ayuntamiento de Pamplona ha aprobado la cuarta pr\u00f3rroga del contrato de servicios de gesti\u00f3n de nueve aseos p\u00fablicos municipales, de la Casa de Ba\u00f1os y de las duchas de Antoniutti. Este contrato fue adjudicado con fecha 15 de septiembre de 2021, por un importe anual de 958.423,62 euros (IVA incluido), y la cuarta pr\u00f3rroga, que es la \u00faltima, abarca el periodo comprendido entre el 1 de noviembre de 2025 y el 31 de octubre de 2026.<\/p>\n<p>La empresa adjudicataria es Distrivisual SL, que dispondr\u00e1 de un importe de 159.737,27 euros, para los meses de noviembre y diciembre de 2025, y 798.686,35 euros, para los meses entre enero y octubre de 2026. Los nueve aseos municipales que integran el contrato son los de la plaza del Castillo, plaza de la Cruz, Bosquecillo, plaza de los Fueros, parque de Antoniutti, Media Luna, parque del Mundo, Ciudadela y Landaben.<\/p>\n<p>El contrato establece los horarios de apertura, en funci\u00f3n de la \u00e9poca del a\u00f1o y la ubicaci\u00f3n; el mantenimiento de las debidas condiciones de limpieza y desinfecci\u00f3n; la realizaci\u00f3n de operaciones sencillas de reparaci\u00f3n o la reposici\u00f3n del material necesario. El acceso a los nueve aseos p\u00fablicos sigue siendo libre y gratuito, y est\u00e1n adaptados para personas con discapacidad los de los Fueros, Bosquecillo, Ciudadela, Media Luna y Parque del Mundo.<\/p>\n<p>Las instalaciones de la Casa de Ba\u00f1os, en la calle Eslava, disponen de agua caliente, ocho cabinas de ducha, seis pilas de ba\u00f1o (dos de ellas, adaptadas para su uso por personas con discapacidad), tres lavadoras y tres secadoras. La gesti\u00f3n de la Casa de Ba\u00f1os incluye la limpieza y desinfecci\u00f3n de las instalaciones, la reposici\u00f3n de material y diferentes tareas de control diario, semanal y trimestral para su funcionamiento.<\/p>\n<p>En cuanto a las duchas de Antoniutti, solo se abren durante las fiestas de San Ferm\u00edn y su gesti\u00f3n contempla el mantenimiento de las instalaciones, su limpieza y desinfecci\u00f3n, as\u00ed como el cobro de los precios p\u00fablicos determinados para su uso.<\/p>\n","protected":false},"excerpt":{"rendered":"<p>La \u00faltima pr\u00f3rroga del contrato, por importe de 958.423,62 euros, abarca el periodo entre el 1 de noviembre de 2025 y el 31 de octubre de 2026<\/p>\n","protected":false},"author":1,"featured_media":54102,"comment_status":"open","ping_status":"closed","sticky":false,"template":"","format":"standard","meta":{"footnotes":""},"categories":[2],"tags":[],"class_list":["post-54101","post","type-post","status-publish","format-standard","has-post-thumbnail","hentry","category-ayuntamiento-pamplona"],"yoast_head":"<!-- This site is optimized with the Yoast SEO plugin v27.3 - https:\/\/yoast.com\/product\/yoast-seo-wordpress\/ -->\n<title>El Ayuntamiento de Pamplona aprueba la cuarta pr\u00f3rroga del contrato de gesti\u00f3n de nueve aseos p\u00fablicos municipales, la Casa de Ba\u00f1os y las duchas de Antoniutti<\/title>\n<meta name=\"description\" content=\"La \u00faltima pr\u00f3rroga del contrato, por importe de 958.423,62 euros, abarca el periodo entre el 1 de noviembre de 2025 y el 31 de octubre de 2026\" \/>\n<meta name=\"robots\" content=\"index, follow, max-snippet:-1, max-image-preview:large, max-video-preview:-1\" \/>\n<link rel=\"canonical\" href=\"https:\/\/www.laguiadepamplona.com\/actualidad\/el-ayuntamiento-de-pamplona-aprueba-la-cuarta-prorroga-del-contrato-de-gestion-de-nueve-aseos-publicos-municipales-la-casa-de-banos-y-las-duchas-de-antoniutti\/\" \/>\n<meta property=\"og:locale\" content=\"es_ES\" \/>\n<meta property=\"og:type\" content=\"article\" \/>\n<meta property=\"og:title\" content=\"El Ayuntamiento de Pamplona aprueba la cuarta pr\u00f3rroga del contrato de gesti\u00f3n de nueve aseos p\u00fablicos municipales, la Casa de Ba\u00f1os y las duchas de Antoniutti\" \/>\n<meta property=\"og:description\" content=\"La \u00faltima pr\u00f3rroga del contrato, por importe de 958.423,62 euros, abarca el periodo entre el 1 de noviembre de 2025 y el 31 de octubre de 2026\" \/>\n<meta property=\"og:url\" content=\"https:\/\/www.laguiadepamplona.com\/actualidad\/el-ayuntamiento-de-pamplona-aprueba-la-cuarta-prorroga-del-contrato-de-gestion-de-nueve-aseos-publicos-municipales-la-casa-de-banos-y-las-duchas-de-antoniutti\/\" \/>\n<meta property=\"og:site_name\" content=\"La Gu\u00eda de Pamplona\" \/>\n<meta property=\"article:publisher\" content=\"https:\/\/www.facebook.com\/laguiadepamplonacom-133175176762273\/?ref=hl\" \/>\n<meta property=\"article:published_time\" content=\"2025-11-10T17:54:06+00:00\" \/>\n<meta property=\"og:image\" content=\"https:\/\/www.laguiadepamplona.com\/actualidad\/wp-content\/uploads\/2025\/11\/banos-aseos-publicos_web.webp\" \/>\n\t<meta property=\"og:image:width\" content=\"1000\" \/>\n\t<meta property=\"og:image:height\" content=\"750\" \/>\n\t<meta property=\"og:image:type\" content=\"image\/webp\" \/>\n<meta name=\"author\" content=\"La Gu\u00eda de Pamplona\" \/>\n<meta name=\"twitter:card\" content=\"summary_large_image\" \/>\n<meta name=\"twitter:creator\" content=\"@LaGuiadPamplona\" \/>\n<meta name=\"twitter:site\" content=\"@LaGuiadPamplona\" \/>\n<meta name=\"twitter:label1\" content=\"Escrito por\" \/>\n\t<meta name=\"twitter:data1\" content=\"La Gu\u00eda de Pamplona\" \/>\n\t<meta name=\"twitter:label2\" content=\"Tiempo de lectura\" \/>\n\t<meta name=\"twitter:data2\" content=\"2 minutos\" \/>\n<script type=\"application\/ld+json\" class=\"yoast-schema-graph\">{\"@context\":\"https:\\\/\\\/schema.org\",\"@graph\":[{\"@type\":\"Article\",\"@id\":\"https:\\\/\\\/www.laguiadepamplona.com\\\/actualidad\\\/el-ayuntamiento-de-pamplona-aprueba-la-cuarta-prorroga-del-contrato-de-gestion-de-nueve-aseos-publicos-municipales-la-casa-de-banos-y-las-duchas-de-antoniutti\\\/#article\",\"isPartOf\":{\"@id\":\"https:\\\/\\\/www.laguiadepamplona.com\\\/actualidad\\\/el-ayuntamiento-de-pamplona-aprueba-la-cuarta-prorroga-del-contrato-de-gestion-de-nueve-aseos-publicos-municipales-la-casa-de-banos-y-las-duchas-de-antoniutti\\\/\"},\"author\":{\"name\":\"La Gu\u00eda de Pamplona\",\"@id\":\"https:\\\/\\\/www.laguiadepamplona.com\\\/actualidad\\\/#\\\/schema\\\/person\\\/efe887376f0213d4657c93adc50b1fdb\"},\"headline\":\"El Ayuntamiento de Pamplona aprueba la cuarta pr\u00f3rroga del contrato de gesti\u00f3n de nueve aseos p\u00fablicos municipales, la Casa de Ba\u00f1os y las duchas de Antoniutti\",\"datePublished\":\"2025-11-10T17:54:06+00:00\",\"mainEntityOfPage\":{\"@id\":\"https:\\\/\\\/www.laguiadepamplona.com\\\/actualidad\\\/el-ayuntamiento-de-pamplona-aprueba-la-cuarta-prorroga-del-contrato-de-gestion-de-nueve-aseos-publicos-municipales-la-casa-de-banos-y-las-duchas-de-antoniutti\\\/\"},\"wordCount\":400,\"commentCount\":0,\"publisher\":{\"@id\":\"https:\\\/\\\/www.laguiadepamplona.com\\\/actualidad\\\/#organization\"},\"image\":{\"@id\":\"https:\\\/\\\/www.laguiadepamplona.com\\\/actualidad\\\/el-ayuntamiento-de-pamplona-aprueba-la-cuarta-prorroga-del-contrato-de-gestion-de-nueve-aseos-publicos-municipales-la-casa-de-banos-y-las-duchas-de-antoniutti\\\/#primaryimage\"},\"thumbnailUrl\":\"https:\\\/\\\/www.laguiadepamplona.com\\\/actualidad\\\/wp-content\\\/uploads\\\/2025\\\/11\\\/banos-aseos-publicos_web.webp\",\"articleSection\":[\"Ayto Pamplona\"],\"inLanguage\":\"es\",\"potentialAction\":[{\"@type\":\"CommentAction\",\"name\":\"Comment\",\"target\":[\"https:\\\/\\\/www.laguiadepamplona.com\\\/actualidad\\\/el-ayuntamiento-de-pamplona-aprueba-la-cuarta-prorroga-del-contrato-de-gestion-de-nueve-aseos-publicos-municipales-la-casa-de-banos-y-las-duchas-de-antoniutti\\\/#respond\"]}]},{\"@type\":\"WebPage\",\"@id\":\"https:\\\/\\\/www.laguiadepamplona.com\\\/actualidad\\\/el-ayuntamiento-de-pamplona-aprueba-la-cuarta-prorroga-del-contrato-de-gestion-de-nueve-aseos-publicos-municipales-la-casa-de-banos-y-las-duchas-de-antoniutti\\\/\",\"url\":\"https:\\\/\\\/www.laguiadepamplona.com\\\/actualidad\\\/el-ayuntamiento-de-pamplona-aprueba-la-cuarta-prorroga-del-contrato-de-gestion-de-nueve-aseos-publicos-municipales-la-casa-de-banos-y-las-duchas-de-antoniutti\\\/\",\"name\":\"El Ayuntamiento de Pamplona aprueba la cuarta pr\u00f3rroga del contrato de gesti\u00f3n de nueve aseos p\u00fablicos municipales, la Casa de Ba\u00f1os y las duchas de Antoniutti\",\"isPartOf\":{\"@id\":\"https:\\\/\\\/www.laguiadepamplona.com\\\/actualidad\\\/#website\"},\"primaryImageOfPage\":{\"@id\":\"https:\\\/\\\/www.laguiadepamplona.com\\\/actualidad\\\/el-ayuntamiento-de-pamplona-aprueba-la-cuarta-prorroga-del-contrato-de-gestion-de-nueve-aseos-publicos-municipales-la-casa-de-banos-y-las-duchas-de-antoniutti\\\/#primaryimage\"},\"image\":{\"@id\":\"https:\\\/\\\/www.laguiadepamplona.com\\\/actualidad\\\/el-ayuntamiento-de-pamplona-aprueba-la-cuarta-prorroga-del-contrato-de-gestion-de-nueve-aseos-publicos-municipales-la-casa-de-banos-y-las-duchas-de-antoniutti\\\/#primaryimage\"},\"thumbnailUrl\":\"https:\\\/\\\/www.laguiadepamplona.com\\\/actualidad\\\/wp-content\\\/uploads\\\/2025\\\/11\\\/banos-aseos-publicos_web.webp\",\"datePublished\":\"2025-11-10T17:54:06+00:00\",\"description\":\"La \u00faltima pr\u00f3rroga del contrato, por importe de 958.423,62 euros, abarca el periodo entre el 1 de noviembre de 2025 y el 31 de octubre de 2026\",\"breadcrumb\":{\"@id\":\"https:\\\/\\\/www.laguiadepamplona.com\\\/actualidad\\\/el-ayuntamiento-de-pamplona-aprueba-la-cuarta-prorroga-del-contrato-de-gestion-de-nueve-aseos-publicos-municipales-la-casa-de-banos-y-las-duchas-de-antoniutti\\\/#breadcrumb\"},\"inLanguage\":\"es\",\"potentialAction\":[{\"@type\":\"ReadAction\",\"target\":[\"https:\\\/\\\/www.laguiadepamplona.com\\\/actualidad\\\/el-ayuntamiento-de-pamplona-aprueba-la-cuarta-prorroga-del-contrato-de-gestion-de-nueve-aseos-publicos-municipales-la-casa-de-banos-y-las-duchas-de-antoniutti\\\/\"]}]},{\"@type\":\"ImageObject\",\"inLanguage\":\"es\",\"@id\":\"https:\\\/\\\/www.laguiadepamplona.com\\\/actualidad\\\/el-ayuntamiento-de-pamplona-aprueba-la-cuarta-prorroga-del-contrato-de-gestion-de-nueve-aseos-publicos-municipales-la-casa-de-banos-y-las-duchas-de-antoniutti\\\/#primaryimage\",\"url\":\"https:\\\/\\\/www.laguiadepamplona.com\\\/actualidad\\\/wp-content\\\/uploads\\\/2025\\\/11\\\/banos-aseos-publicos_web.webp\",\"contentUrl\":\"https:\\\/\\\/www.laguiadepamplona.com\\\/actualidad\\\/wp-content\\\/uploads\\\/2025\\\/11\\\/banos-aseos-publicos_web.webp\",\"width\":1000,\"height\":750,\"caption\":\"aseos ba\u00f1os p\u00fablicos\"},{\"@type\":\"BreadcrumbList\",\"@id\":\"https:\\\/\\\/www.laguiadepamplona.com\\\/actualidad\\\/el-ayuntamiento-de-pamplona-aprueba-la-cuarta-prorroga-del-contrato-de-gestion-de-nueve-aseos-publicos-municipales-la-casa-de-banos-y-las-duchas-de-antoniutti\\\/#breadcrumb\",\"itemListElement\":[{\"@type\":\"ListItem\",\"position\":1,\"name\":\"Portada\",\"item\":\"https:\\\/\\\/www.laguiadepamplona.com\\\/actualidad\\\/\"},{\"@type\":\"ListItem\",\"position\":2,\"name\":\"El Ayuntamiento de Pamplona aprueba la cuarta pr\u00f3rroga del contrato de gesti\u00f3n de nueve aseos p\u00fablicos municipales, la Casa de Ba\u00f1os y las duchas de Antoniutti\"}]},{\"@type\":\"WebSite\",\"@id\":\"https:\\\/\\\/www.laguiadepamplona.com\\\/actualidad\\\/#website\",\"url\":\"https:\\\/\\\/www.laguiadepamplona.com\\\/actualidad\\\/\",\"name\":\"La gu\u00eda de Pamplona\",\"description\":\"Noticias de Pamplona\",\"publisher\":{\"@id\":\"https:\\\/\\\/www.laguiadepamplona.com\\\/actualidad\\\/#organization\"},\"potentialAction\":[{\"@type\":\"SearchAction\",\"target\":{\"@type\":\"EntryPoint\",\"urlTemplate\":\"https:\\\/\\\/www.laguiadepamplona.com\\\/actualidad\\\/?s={search_term_string}\"},\"query-input\":{\"@type\":\"PropertyValueSpecification\",\"valueRequired\":true,\"valueName\":\"search_term_string\"}}],\"inLanguage\":\"es\"},{\"@type\":\"Organization\",\"@id\":\"https:\\\/\\\/www.laguiadepamplona.com\\\/actualidad\\\/#organization\",\"name\":\"La Gu\u00eda de Pamplona \\\/ Noticias\",\"url\":\"https:\\\/\\\/www.laguiadepamplona.com\\\/actualidad\\\/\",\"logo\":{\"@type\":\"ImageObject\",\"inLanguage\":\"es\",\"@id\":\"https:\\\/\\\/www.laguiadepamplona.com\\\/actualidad\\\/#\\\/schema\\\/logo\\\/image\\\/\",\"url\":\"https:\\\/\\\/www.laguiadepamplona.com\\\/actualidad\\\/wp-content\\\/uploads\\\/2018\\\/11\\\/logo-laguiadepamplona18-web1.png\",\"contentUrl\":\"https:\\\/\\\/www.laguiadepamplona.com\\\/actualidad\\\/wp-content\\\/uploads\\\/2018\\\/11\\\/logo-laguiadepamplona18-web1.png\",\"width\":600,\"height\":196,\"caption\":\"La Gu\u00eda de Pamplona \\\/ Noticias\"},\"image\":{\"@id\":\"https:\\\/\\\/www.laguiadepamplona.com\\\/actualidad\\\/#\\\/schema\\\/logo\\\/image\\\/\"},\"sameAs\":[\"https:\\\/\\\/www.facebook.com\\\/laguiadepamplonacom-133175176762273\\\/?ref=hl\",\"https:\\\/\\\/x.com\\\/LaGuiadPamplona\",\"https:\\\/\\\/www.instagram.com\\\/la_guia_de_pamplona\\\/\",\"https:\\\/\\\/www.youtube.com\\\/user\\\/laguiadepamplona\"]},{\"@type\":\"Person\",\"@id\":\"https:\\\/\\\/www.laguiadepamplona.com\\\/actualidad\\\/#\\\/schema\\\/person\\\/efe887376f0213d4657c93adc50b1fdb\",\"name\":\"La Gu\u00eda de Pamplona\",\"image\":{\"@type\":\"ImageObject\",\"inLanguage\":\"es\",\"@id\":\"https:\\\/\\\/secure.gravatar.com\\\/avatar\\\/b6992f131dc8d30ab0dff15446e9d346d9dbd95992de0fef795073f5ea83a81c?s=96&d=mm&r=g\",\"url\":\"https:\\\/\\\/secure.gravatar.com\\\/avatar\\\/b6992f131dc8d30ab0dff15446e9d346d9dbd95992de0fef795073f5ea83a81c?s=96&d=mm&r=g\",\"contentUrl\":\"https:\\\/\\\/secure.gravatar.com\\\/avatar\\\/b6992f131dc8d30ab0dff15446e9d346d9dbd95992de0fef795073f5ea83a81c?s=96&d=mm&r=g\",\"caption\":\"La Gu\u00eda de Pamplona\"}}]}<\/script>\n<!-- \/ Yoast SEO plugin. -->","yoast_head_json":{"title":"El Ayuntamiento de Pamplona aprueba la cuarta pr\u00f3rroga del contrato de gesti\u00f3n de nueve aseos p\u00fablicos municipales, la Casa de Ba\u00f1os y las duchas de Antoniutti","description":"La \u00faltima pr\u00f3rroga del contrato, por importe de 958.423,62 euros, abarca el periodo entre el 1 de noviembre de 2025 y el 31 de octubre de 2026","robots":{"index":"index","follow":"follow","max-snippet":"max-snippet:-1","max-image-preview":"max-image-preview:large","max-video-preview":"max-video-preview:-1"},"canonical":"https:\/\/www.laguiadepamplona.com\/actualidad\/el-ayuntamiento-de-pamplona-aprueba-la-cuarta-prorroga-del-contrato-de-gestion-de-nueve-aseos-publicos-municipales-la-casa-de-banos-y-las-duchas-de-antoniutti\/","og_locale":"es_ES","og_type":"article","og_title":"El Ayuntamiento de Pamplona aprueba la cuarta pr\u00f3rroga del contrato de gesti\u00f3n de nueve aseos p\u00fablicos municipales, la Casa de Ba\u00f1os y las duchas de Antoniutti","og_description":"La \u00faltima pr\u00f3rroga del contrato, por importe de 958.423,62 euros, abarca el periodo entre el 1 de noviembre de 2025 y el 31 de octubre de 2026","og_url":"https:\/\/www.laguiadepamplona.com\/actualidad\/el-ayuntamiento-de-pamplona-aprueba-la-cuarta-prorroga-del-contrato-de-gestion-de-nueve-aseos-publicos-municipales-la-casa-de-banos-y-las-duchas-de-antoniutti\/","og_site_name":"La Gu\u00eda de Pamplona","article_publisher":"https:\/\/www.facebook.com\/laguiadepamplonacom-133175176762273\/?ref=hl","article_published_time":"2025-11-10T17:54:06+00:00","og_image":[{"width":1000,"height":750,"url":"https:\/\/www.laguiadepamplona.com\/actualidad\/wp-content\/uploads\/2025\/11\/banos-aseos-publicos_web.webp","type":"image\/webp"}],"author":"La Gu\u00eda de Pamplona","twitter_card":"summary_large_image","twitter_creator":"@LaGuiadPamplona","twitter_site":"@LaGuiadPamplona","twitter_misc":{"Escrito por":"La Gu\u00eda de Pamplona","Tiempo de lectura":"2 minutos"},"schema":{"@context":"https:\/\/schema.org","@graph":[{"@type":"Article","@id":"https:\/\/www.laguiadepamplona.com\/actualidad\/el-ayuntamiento-de-pamplona-aprueba-la-cuarta-prorroga-del-contrato-de-gestion-de-nueve-aseos-publicos-municipales-la-casa-de-banos-y-las-duchas-de-antoniutti\/#article","isPartOf":{"@id":"https:\/\/www.laguiadepamplona.com\/actualidad\/el-ayuntamiento-de-pamplona-aprueba-la-cuarta-prorroga-del-contrato-de-gestion-de-nueve-aseos-publicos-municipales-la-casa-de-banos-y-las-duchas-de-antoniutti\/"},"author":{"name":"La Gu\u00eda de Pamplona","@id":"https:\/\/www.laguiadepamplona.com\/actualidad\/#\/schema\/person\/efe887376f0213d4657c93adc50b1fdb"},"headline":"El Ayuntamiento de Pamplona aprueba la cuarta pr\u00f3rroga del contrato de gesti\u00f3n de nueve aseos p\u00fablicos municipales, la Casa de Ba\u00f1os y las duchas de Antoniutti","datePublished":"2025-11-10T17:54:06+00:00","mainEntityOfPage":{"@id":"https:\/\/www.laguiadepamplona.com\/actualidad\/el-ayuntamiento-de-pamplona-aprueba-la-cuarta-prorroga-del-contrato-de-gestion-de-nueve-aseos-publicos-municipales-la-casa-de-banos-y-las-duchas-de-antoniutti\/"},"wordCount":400,"commentCount":0,"publisher":{"@id":"https:\/\/www.laguiadepamplona.com\/actualidad\/#organization"},"image":{"@id":"https:\/\/www.laguiadepamplona.com\/actualidad\/el-ayuntamiento-de-pamplona-aprueba-la-cuarta-prorroga-del-contrato-de-gestion-de-nueve-aseos-publicos-municipales-la-casa-de-banos-y-las-duchas-de-antoniutti\/#primaryimage"},"thumbnailUrl":"https:\/\/www.laguiadepamplona.com\/actualidad\/wp-content\/uploads\/2025\/11\/banos-aseos-publicos_web.webp","articleSection":["Ayto Pamplona"],"inLanguage":"es","potentialAction":[{"@type":"CommentAction","name":"Comment","target":["https:\/\/www.laguiadepamplona.com\/actualidad\/el-ayuntamiento-de-pamplona-aprueba-la-cuarta-prorroga-del-contrato-de-gestion-de-nueve-aseos-publicos-municipales-la-casa-de-banos-y-las-duchas-de-antoniutti\/#respond"]}]},{"@type":"WebPage","@id":"https:\/\/www.laguiadepamplona.com\/actualidad\/el-ayuntamiento-de-pamplona-aprueba-la-cuarta-prorroga-del-contrato-de-gestion-de-nueve-aseos-publicos-municipales-la-casa-de-banos-y-las-duchas-de-antoniutti\/","url":"https:\/\/www.laguiadepamplona.com\/actualidad\/el-ayuntamiento-de-pamplona-aprueba-la-cuarta-prorroga-del-contrato-de-gestion-de-nueve-aseos-publicos-municipales-la-casa-de-banos-y-las-duchas-de-antoniutti\/","name":"El Ayuntamiento de Pamplona aprueba la cuarta pr\u00f3rroga del contrato de gesti\u00f3n de nueve aseos p\u00fablicos municipales, la Casa de Ba\u00f1os y las duchas de Antoniutti","isPartOf":{"@id":"https:\/\/www.laguiadepamplona.com\/actualidad\/#website"},"primaryImageOfPage":{"@id":"https:\/\/www.laguiadepamplona.com\/actualidad\/el-ayuntamiento-de-pamplona-aprueba-la-cuarta-prorroga-del-contrato-de-gestion-de-nueve-aseos-publicos-municipales-la-casa-de-banos-y-las-duchas-de-antoniutti\/#primaryimage"},"image":{"@id":"https:\/\/www.laguiadepamplona.com\/actualidad\/el-ayuntamiento-de-pamplona-aprueba-la-cuarta-prorroga-del-contrato-de-gestion-de-nueve-aseos-publicos-municipales-la-casa-de-banos-y-las-duchas-de-antoniutti\/#primaryimage"},"thumbnailUrl":"https:\/\/www.laguiadepamplona.com\/actualidad\/wp-content\/uploads\/2025\/11\/banos-aseos-publicos_web.webp","datePublished":"2025-11-10T17:54:06+00:00","description":"La \u00faltima pr\u00f3rroga del contrato, por importe de 958.423,62 euros, abarca el periodo entre el 1 de noviembre de 2025 y el 31 de octubre de 2026","breadcrumb":{"@id":"https:\/\/www.laguiadepamplona.com\/actualidad\/el-ayuntamiento-de-pamplona-aprueba-la-cuarta-prorroga-del-contrato-de-gestion-de-nueve-aseos-publicos-municipales-la-casa-de-banos-y-las-duchas-de-antoniutti\/#breadcrumb"},"inLanguage":"es","potentialAction":[{"@type":"ReadAction","target":["https:\/\/www.laguiadepamplona.com\/actualidad\/el-ayuntamiento-de-pamplona-aprueba-la-cuarta-prorroga-del-contrato-de-gestion-de-nueve-aseos-publicos-municipales-la-casa-de-banos-y-las-duchas-de-antoniutti\/"]}]},{"@type":"ImageObject","inLanguage":"es","@id":"https:\/\/www.laguiadepamplona.com\/actualidad\/el-ayuntamiento-de-pamplona-aprueba-la-cuarta-prorroga-del-contrato-de-gestion-de-nueve-aseos-publicos-municipales-la-casa-de-banos-y-las-duchas-de-antoniutti\/#primaryimage","url":"https:\/\/www.laguiadepamplona.com\/actualidad\/wp-content\/uploads\/2025\/11\/banos-aseos-publicos_web.webp","contentUrl":"https:\/\/www.laguiadepamplona.com\/actualidad\/wp-content\/uploads\/2025\/11\/banos-aseos-publicos_web.webp","width":1000,"height":750,"caption":"aseos ba\u00f1os p\u00fablicos"},{"@type":"BreadcrumbList","@id":"https:\/\/www.laguiadepamplona.com\/actualidad\/el-ayuntamiento-de-pamplona-aprueba-la-cuarta-prorroga-del-contrato-de-gestion-de-nueve-aseos-publicos-municipales-la-casa-de-banos-y-las-duchas-de-antoniutti\/#breadcrumb","itemListElement":[{"@type":"ListItem","position":1,"name":"Portada","item":"https:\/\/www.laguiadepamplona.com\/actualidad\/"},{"@type":"ListItem","position":2,"name":"El Ayuntamiento de Pamplona aprueba la cuarta pr\u00f3rroga del contrato de gesti\u00f3n de nueve aseos p\u00fablicos municipales, la Casa de Ba\u00f1os y las duchas de Antoniutti"}]},{"@type":"WebSite","@id":"https:\/\/www.laguiadepamplona.com\/actualidad\/#website","url":"https:\/\/www.laguiadepamplona.com\/actualidad\/","name":"La gu\u00eda de Pamplona","description":"Noticias de Pamplona","publisher":{"@id":"https:\/\/www.laguiadepamplona.com\/actualidad\/#organization"},"potentialAction":[{"@type":"SearchAction","target":{"@type":"EntryPoint","urlTemplate":"https:\/\/www.laguiadepamplona.com\/actualidad\/?s={search_term_string}"},"query-input":{"@type":"PropertyValueSpecification","valueRequired":true,"valueName":"search_term_string"}}],"inLanguage":"es"},{"@type":"Organization","@id":"https:\/\/www.laguiadepamplona.com\/actualidad\/#organization","name":"La Gu\u00eda de Pamplona \/ Noticias","url":"https:\/\/www.laguiadepamplona.com\/actualidad\/","logo":{"@type":"ImageObject","inLanguage":"es","@id":"https:\/\/www.laguiadepamplona.com\/actualidad\/#\/schema\/logo\/image\/","url":"https:\/\/www.laguiadepamplona.com\/actualidad\/wp-content\/uploads\/2018\/11\/logo-laguiadepamplona18-web1.png","contentUrl":"https:\/\/www.laguiadepamplona.com\/actualidad\/wp-content\/uploads\/2018\/11\/logo-laguiadepamplona18-web1.png","width":600,"height":196,"caption":"La Gu\u00eda de Pamplona \/ Noticias"},"image":{"@id":"https:\/\/www.laguiadepamplona.com\/actualidad\/#\/schema\/logo\/image\/"},"sameAs":["https:\/\/www.facebook.com\/laguiadepamplonacom-133175176762273\/?ref=hl","https:\/\/x.com\/LaGuiadPamplona","https:\/\/www.instagram.com\/la_guia_de_pamplona\/","https:\/\/www.youtube.com\/user\/laguiadepamplona"]},{"@type":"Person","@id":"https:\/\/www.laguiadepamplona.com\/actualidad\/#\/schema\/person\/efe887376f0213d4657c93adc50b1fdb","name":"La Gu\u00eda de Pamplona","image":{"@type":"ImageObject","inLanguage":"es","@id":"https:\/\/secure.gravatar.com\/avatar\/b6992f131dc8d30ab0dff15446e9d346d9dbd95992de0fef795073f5ea83a81c?s=96&d=mm&r=g","url":"https:\/\/secure.gravatar.com\/avatar\/b6992f131dc8d30ab0dff15446e9d346d9dbd95992de0fef795073f5ea83a81c?s=96&d=mm&r=g","contentUrl":"https:\/\/secure.gravatar.com\/avatar\/b6992f131dc8d30ab0dff15446e9d346d9dbd95992de0fef795073f5ea83a81c?s=96&d=mm&r=g","caption":"La Gu\u00eda de Pamplona"}}]}},"post_mailing_queue_ids":[],"_links":{"self":[{"href":"https:\/\/www.laguiadepamplona.com\/actualidad\/wp-json\/wp\/v2\/posts\/54101","targetHints":{"allow":["GET"]}}],"collection":[{"href":"https:\/\/www.laguiadepamplona.com\/actualidad\/wp-json\/wp\/v2\/posts"}],"about":[{"href":"https:\/\/www.laguiadepamplona.com\/actualidad\/wp-json\/wp\/v2\/types\/post"}],"author":[{"embeddable":true,"href":"https:\/\/www.laguiadepamplona.com\/actualidad\/wp-json\/wp\/v2\/users\/1"}],"replies":[{"embeddable":true,"href":"https:\/\/www.laguiadepamplona.com\/actualidad\/wp-json\/wp\/v2\/comments?post=54101"}],"version-history":[{"count":1,"href":"https:\/\/www.laguiadepamplona.com\/actualidad\/wp-json\/wp\/v2\/posts\/54101\/revisions"}],"predecessor-version":[{"id":54103,"href":"https:\/\/www.laguiadepamplona.com\/actualidad\/wp-json\/wp\/v2\/posts\/54101\/revisions\/54103"}],"wp:featuredmedia":[{"embeddable":true,"href":"https:\/\/www.laguiadepamplona.com\/actualidad\/wp-json\/wp\/v2\/media\/54102"}],"wp:attachment":[{"href":"https:\/\/www.laguiadepamplona.com\/actualidad\/wp-json\/wp\/v2\/media?parent=54101"}],"wp:term":[{"taxonomy":"category","embeddable":true,"href":"https:\/\/www.laguiadepamplona.com\/actualidad\/wp-json\/wp\/v2\/categories?post=54101"},{"taxonomy":"post_tag","embeddable":true,"href":"https:\/\/www.laguiadepamplona.com\/actualidad\/wp-json\/wp\/v2\/tags?post=54101"}],"curies":[{"name":"wp","href":"https:\/\/api.w.org\/{rel}","templated":true}]}}