{"id":54092,"date":"2025-11-07T16:50:45","date_gmt":"2025-11-07T14:50:45","guid":{"rendered":"https:\/\/www.laguiadepamplona.com\/actualidad\/?p=54092"},"modified":"2025-11-07T16:50:45","modified_gmt":"2025-11-07T14:50:45","slug":"el-bosquecillo-acoge-este-sabado-de-10-a-14-horas-el-mercado-de-producto-local-y-artesano-basotxoa-con-una-treintena-de-puestos","status":"publish","type":"post","link":"https:\/\/www.laguiadepamplona.com\/actualidad\/el-bosquecillo-acoge-este-sabado-de-10-a-14-horas-el-mercado-de-producto-local-y-artesano-basotxoa-con-una-treintena-de-puestos\/","title":{"rendered":"El Bosquecillo acoge este s\u00e1bado, de 10 a 14 horas, el mercado de producto local y artesano Basotxoa, con una treintena de puestos"},"content":{"rendered":"<h2>Locales y visitantes podr\u00e1n adquirir miel, aceite, huevos, queso de cabra y oveja, pan, legumbres, hortalizas, embutidos, condimentos, dulces o vino<\/h2>\n<p><!--more--><\/p>\n<p>El Bosquecillo vuelve a acoger este s\u00e1bado, en horario de 10 a 14 horas, el mercado de producto local y artesano Basotxoa. Una treintena de puestos ofrecer\u00e1n productos de alimentaci\u00f3n de cercan\u00eda, artesan\u00eda, textil, joyer\u00eda y artes gr\u00e1ficas, distribuidos por la calle Bosquecillo. Esta ser\u00e1 la cuarta jornada del mercado de producto de cercan\u00eda.<\/p>\n<p>El mercado Basotxoa est\u00e1 organizado por el Ayuntamiento de Pamplona, en colaboraci\u00f3n con INTIA-Reyno Gourmet, el Consejo de Producci\u00f3n Agraria Ecol\u00f3gica de Navarra (CPAEN), la Asociaci\u00f3n de Elaboradores de Alimentos Artesano y la asociaci\u00f3n Bizilur. Los puestos van rotando en cada edici\u00f3n, de forma que, al menos, un 25% corresponde a nuevas incorporaciones.<\/p>\n<p>En cada edici\u00f3n, se destaca un producto de temporada, que este s\u00e1bado corresponde a la Nuez de Navarra. La marca colectiva \u2018Nuez de Navarra \/ Nafarroako Intxaurra\u2019 es un producto de calidad certificada que incluye la producci\u00f3n de ocho explotaciones, que producen unas 200 toneladas por campa\u00f1a. En Basotxoa estar\u00e1 representada por las nueces de Oteiza de la Solana.<\/p>\n<p>Entre los productos alimentarios que se pueden adquirir este s\u00e1bado, adem\u00e1s de las nueces, se encuentran la miel, aceite, huevos, queso de cabra y oveja, pan, legumbres, hortalizas, embutidos, condimentos, derivados de pato, mermeladas, dulces o vino. Tambi\u00e9n hay disponibles productos de artesan\u00eda como jabones, arte floral y flores secas, mu\u00f1ecas y bisuter\u00eda.<\/p>\n<p>El mercado busca asentarse como cita permanente de referencia de productos de proximidad de calidad reconocida, tanto para personas locales como visitantes. En los meses de diciembre y enero no se celebrar\u00e1, ya que se desarrolla la programaci\u00f3n navide\u00f1a en la ciudad.<\/p>\n<p>&nbsp;<\/p>\n<h3>Puestos que participan este s\u00e1bado 8 de noviembre<\/h3>\n<h2>Locales y visitantes podr\u00e1n adquirir miel, aceite, huevos, queso de cabra y oveja, pan, legumbres, hortalizas, embutidos, condimentos, dulces o vino<\/h2>\n<ul>\n<li>EKOSAGAR, zumos (Oskotz)<\/li>\n<li>NUECES DE OTEIZA, nueces y aceite (Oteiza)<\/li>\n<li>MIEL BAIGORRI, miel (Sang\u00fcesa\/Zangoza)<\/li>\n<li>EKOLLAONDO, huevos y queso de cabra (Goldaratz)<\/li>\n<li>ARTESAN\u00cdA ENERG\u00c9TICA LA ESPIRAL, bisuteria, (Bearin)<\/li>\n<li>LAKABE OKINDEGIA, pan (Lakabe)<\/li>\n<li>LOPERENA, queso de oveja (Egozkue)<\/li>\n<li>CASA AMEZQUETA, legumbres (Izu)<\/li>\n<li>ARTISAI HANDMADE, textil (Pamplona\/Iru\u00f1a)<\/li>\n<li>MIEL ANDIAGA, miel (Uju\u00e9\/Uxue)<\/li>\n<li>NAVARSOTILLO, vino (Calahorra)<\/li>\n<li>GORRITZ, queso de oveja (Leitza)<\/li>\n<li>EL PUENTE VIEJO, hortalizas (Caparroso)<\/li>\n<li>OTXOKAIN, queso de cabra (Osac\u00e1in)<\/li>\n<li>EL BORDON, embutidos (Viana)<\/li>\n<li>ISANATUR, aceite y condimentos (Puente La Reina)<\/li>\n<li>BILOBILA, textil (Abaurreagaina\/Abaurrea Alta)<\/li>\n<li>ERLAN, miel (Izurzu-Arbizu)<\/li>\n<li>EL CAPRICHO DE REMIRO, queso de oveja (Eulate)<\/li>\n<li>KATEALDE, derivados de pato (Altsasu\/Alsasua)<\/li>\n<li>ELKEA, legumbre, aceite y varios, (Baquedano)<\/li>\n<li>LOS JABONES DE MONTSE, jabones (Aoiz\/Agoitz)<\/li>\n<li>SUSTRAI GAZTATEGIA, queso y embutidos de oveja (Uharte Arakil)<\/li>\n<li>IRULAR, mermeladas (Irurita)<\/li>\n<li>HERBARIA, Arte floral y flores secas (Arce\/Artzi)<\/li>\n<li>GARRARTE TAFALLA, dulces (Tafalla)<\/li>\n<li>JAVIER ANOCIBAR, Legumbre y patatas (Mun\u00e1rriz)<\/li>\n<li>QUESO BIKAIN, queso de oveja (Etxarri Larraun)<\/li>\n<li>SUKHA, elaboraci\u00f3n de mu\u00f1ecas (Amillano)<\/li>\n<li>BRESKA EZTIA, miel (Pamplona\/Iru\u00f1a)<\/li>\n<\/ul>\n","protected":false},"excerpt":{"rendered":"<p>Locales y visitantes podr\u00e1n adquirir miel, aceite, huevos, queso de cabra y oveja, pan, legumbres, hortalizas, embutidos, condimentos, dulces o vino<\/p>\n","protected":false},"author":1,"featured_media":54093,"comment_status":"open","ping_status":"closed","sticky":false,"template":"","format":"standard","meta":{"footnotes":""},"categories":[2],"tags":[],"class_list":["post-54092","post","type-post","status-publish","format-standard","has-post-thumbnail","hentry","category-ayuntamiento-pamplona"],"yoast_head":"<!-- This site is optimized with the Yoast SEO plugin v27.5 - https:\/\/yoast.com\/product\/yoast-seo-wordpress\/ -->\n<title>El Bosquecillo acoge este s\u00e1bado, de 10 a 14 horas, el mercado de producto local y artesano Basotxoa, con una treintena de puestos<\/title>\n<meta name=\"description\" content=\"Locales y visitantes podr\u00e1n adquirir miel, aceite, huevos, queso de cabra y oveja, pan, legumbres, hortalizas, embutidos, condimentos, dulces o vino\" \/>\n<meta name=\"robots\" content=\"index, follow, max-snippet:-1, max-image-preview:large, max-video-preview:-1\" \/>\n<link rel=\"canonical\" href=\"https:\/\/www.laguiadepamplona.com\/actualidad\/el-bosquecillo-acoge-este-sabado-de-10-a-14-horas-el-mercado-de-producto-local-y-artesano-basotxoa-con-una-treintena-de-puestos\/\" \/>\n<meta property=\"og:locale\" content=\"es_ES\" \/>\n<meta property=\"og:type\" content=\"article\" \/>\n<meta property=\"og:title\" content=\"El Bosquecillo acoge este s\u00e1bado, de 10 a 14 horas, el mercado de producto local y artesano Basotxoa, con una treintena de puestos\" \/>\n<meta property=\"og:description\" content=\"Locales y visitantes podr\u00e1n adquirir miel, aceite, huevos, queso de cabra y oveja, pan, legumbres, hortalizas, embutidos, condimentos, dulces o vino\" \/>\n<meta property=\"og:url\" content=\"https:\/\/www.laguiadepamplona.com\/actualidad\/el-bosquecillo-acoge-este-sabado-de-10-a-14-horas-el-mercado-de-producto-local-y-artesano-basotxoa-con-una-treintena-de-puestos\/\" \/>\n<meta property=\"og:site_name\" content=\"La Gu\u00eda de Pamplona\" \/>\n<meta property=\"article:publisher\" content=\"https:\/\/www.facebook.com\/laguiadepamplonacom-133175176762273\/?ref=hl\" \/>\n<meta property=\"article:published_time\" content=\"2025-11-07T14:50:45+00:00\" \/>\n<meta property=\"og:image\" content=\"https:\/\/www.laguiadepamplona.com\/actualidad\/wp-content\/uploads\/2025\/11\/mercado-bosquecillo_web_0.webp\" \/>\n\t<meta property=\"og:image:width\" content=\"1000\" \/>\n\t<meta property=\"og:image:height\" content=\"667\" \/>\n\t<meta property=\"og:image:type\" content=\"image\/webp\" \/>\n<meta name=\"author\" content=\"La Gu\u00eda de Pamplona\" \/>\n<meta name=\"twitter:card\" content=\"summary_large_image\" \/>\n<meta name=\"twitter:creator\" content=\"@LaGuiadPamplona\" \/>\n<meta name=\"twitter:site\" content=\"@LaGuiadPamplona\" \/>\n<meta name=\"twitter:label1\" content=\"Escrito por\" \/>\n\t<meta name=\"twitter:data1\" content=\"La Gu\u00eda de Pamplona\" \/>\n\t<meta name=\"twitter:label2\" content=\"Tiempo de lectura\" \/>\n\t<meta name=\"twitter:data2\" content=\"3 minutos\" \/>\n<script type=\"application\/ld+json\" class=\"yoast-schema-graph\">{\"@context\":\"https:\\\/\\\/schema.org\",\"@graph\":[{\"@type\":\"Article\",\"@id\":\"https:\\\/\\\/www.laguiadepamplona.com\\\/actualidad\\\/el-bosquecillo-acoge-este-sabado-de-10-a-14-horas-el-mercado-de-producto-local-y-artesano-basotxoa-con-una-treintena-de-puestos\\\/#article\",\"isPartOf\":{\"@id\":\"https:\\\/\\\/www.laguiadepamplona.com\\\/actualidad\\\/el-bosquecillo-acoge-este-sabado-de-10-a-14-horas-el-mercado-de-producto-local-y-artesano-basotxoa-con-una-treintena-de-puestos\\\/\"},\"author\":{\"name\":\"La Gu\u00eda de Pamplona\",\"@id\":\"https:\\\/\\\/www.laguiadepamplona.com\\\/actualidad\\\/#\\\/schema\\\/person\\\/efe887376f0213d4657c93adc50b1fdb\"},\"headline\":\"El Bosquecillo acoge este s\u00e1bado, de 10 a 14 horas, el mercado de producto local y artesano Basotxoa, con una treintena de puestos\",\"datePublished\":\"2025-11-07T14:50:45+00:00\",\"mainEntityOfPage\":{\"@id\":\"https:\\\/\\\/www.laguiadepamplona.com\\\/actualidad\\\/el-bosquecillo-acoge-este-sabado-de-10-a-14-horas-el-mercado-de-producto-local-y-artesano-basotxoa-con-una-treintena-de-puestos\\\/\"},\"wordCount\":528,\"commentCount\":0,\"publisher\":{\"@id\":\"https:\\\/\\\/www.laguiadepamplona.com\\\/actualidad\\\/#organization\"},\"image\":{\"@id\":\"https:\\\/\\\/www.laguiadepamplona.com\\\/actualidad\\\/el-bosquecillo-acoge-este-sabado-de-10-a-14-horas-el-mercado-de-producto-local-y-artesano-basotxoa-con-una-treintena-de-puestos\\\/#primaryimage\"},\"thumbnailUrl\":\"https:\\\/\\\/www.laguiadepamplona.com\\\/actualidad\\\/wp-content\\\/uploads\\\/2025\\\/11\\\/mercado-bosquecillo_web_0.webp\",\"articleSection\":[\"Ayto Pamplona\"],\"inLanguage\":\"es\",\"potentialAction\":[{\"@type\":\"CommentAction\",\"name\":\"Comment\",\"target\":[\"https:\\\/\\\/www.laguiadepamplona.com\\\/actualidad\\\/el-bosquecillo-acoge-este-sabado-de-10-a-14-horas-el-mercado-de-producto-local-y-artesano-basotxoa-con-una-treintena-de-puestos\\\/#respond\"]}]},{\"@type\":\"WebPage\",\"@id\":\"https:\\\/\\\/www.laguiadepamplona.com\\\/actualidad\\\/el-bosquecillo-acoge-este-sabado-de-10-a-14-horas-el-mercado-de-producto-local-y-artesano-basotxoa-con-una-treintena-de-puestos\\\/\",\"url\":\"https:\\\/\\\/www.laguiadepamplona.com\\\/actualidad\\\/el-bosquecillo-acoge-este-sabado-de-10-a-14-horas-el-mercado-de-producto-local-y-artesano-basotxoa-con-una-treintena-de-puestos\\\/\",\"name\":\"El Bosquecillo acoge este s\u00e1bado, de 10 a 14 horas, el mercado de producto local y artesano Basotxoa, con una treintena de puestos\",\"isPartOf\":{\"@id\":\"https:\\\/\\\/www.laguiadepamplona.com\\\/actualidad\\\/#website\"},\"primaryImageOfPage\":{\"@id\":\"https:\\\/\\\/www.laguiadepamplona.com\\\/actualidad\\\/el-bosquecillo-acoge-este-sabado-de-10-a-14-horas-el-mercado-de-producto-local-y-artesano-basotxoa-con-una-treintena-de-puestos\\\/#primaryimage\"},\"image\":{\"@id\":\"https:\\\/\\\/www.laguiadepamplona.com\\\/actualidad\\\/el-bosquecillo-acoge-este-sabado-de-10-a-14-horas-el-mercado-de-producto-local-y-artesano-basotxoa-con-una-treintena-de-puestos\\\/#primaryimage\"},\"thumbnailUrl\":\"https:\\\/\\\/www.laguiadepamplona.com\\\/actualidad\\\/wp-content\\\/uploads\\\/2025\\\/11\\\/mercado-bosquecillo_web_0.webp\",\"datePublished\":\"2025-11-07T14:50:45+00:00\",\"description\":\"Locales y visitantes podr\u00e1n adquirir miel, aceite, huevos, queso de cabra y oveja, pan, legumbres, hortalizas, embutidos, condimentos, dulces o vino\",\"breadcrumb\":{\"@id\":\"https:\\\/\\\/www.laguiadepamplona.com\\\/actualidad\\\/el-bosquecillo-acoge-este-sabado-de-10-a-14-horas-el-mercado-de-producto-local-y-artesano-basotxoa-con-una-treintena-de-puestos\\\/#breadcrumb\"},\"inLanguage\":\"es\",\"potentialAction\":[{\"@type\":\"ReadAction\",\"target\":[\"https:\\\/\\\/www.laguiadepamplona.com\\\/actualidad\\\/el-bosquecillo-acoge-este-sabado-de-10-a-14-horas-el-mercado-de-producto-local-y-artesano-basotxoa-con-una-treintena-de-puestos\\\/\"]}]},{\"@type\":\"ImageObject\",\"inLanguage\":\"es\",\"@id\":\"https:\\\/\\\/www.laguiadepamplona.com\\\/actualidad\\\/el-bosquecillo-acoge-este-sabado-de-10-a-14-horas-el-mercado-de-producto-local-y-artesano-basotxoa-con-una-treintena-de-puestos\\\/#primaryimage\",\"url\":\"https:\\\/\\\/www.laguiadepamplona.com\\\/actualidad\\\/wp-content\\\/uploads\\\/2025\\\/11\\\/mercado-bosquecillo_web_0.webp\",\"contentUrl\":\"https:\\\/\\\/www.laguiadepamplona.com\\\/actualidad\\\/wp-content\\\/uploads\\\/2025\\\/11\\\/mercado-bosquecillo_web_0.webp\",\"width\":1000,\"height\":667,\"caption\":\"mercado bosquecillo\"},{\"@type\":\"BreadcrumbList\",\"@id\":\"https:\\\/\\\/www.laguiadepamplona.com\\\/actualidad\\\/el-bosquecillo-acoge-este-sabado-de-10-a-14-horas-el-mercado-de-producto-local-y-artesano-basotxoa-con-una-treintena-de-puestos\\\/#breadcrumb\",\"itemListElement\":[{\"@type\":\"ListItem\",\"position\":1,\"name\":\"Portada\",\"item\":\"https:\\\/\\\/www.laguiadepamplona.com\\\/actualidad\\\/\"},{\"@type\":\"ListItem\",\"position\":2,\"name\":\"El Bosquecillo acoge este s\u00e1bado, de 10 a 14 horas, el mercado de producto local y artesano Basotxoa, con una treintena de puestos\"}]},{\"@type\":\"WebSite\",\"@id\":\"https:\\\/\\\/www.laguiadepamplona.com\\\/actualidad\\\/#website\",\"url\":\"https:\\\/\\\/www.laguiadepamplona.com\\\/actualidad\\\/\",\"name\":\"La gu\u00eda de Pamplona\",\"description\":\"Noticias de Pamplona\",\"publisher\":{\"@id\":\"https:\\\/\\\/www.laguiadepamplona.com\\\/actualidad\\\/#organization\"},\"potentialAction\":[{\"@type\":\"SearchAction\",\"target\":{\"@type\":\"EntryPoint\",\"urlTemplate\":\"https:\\\/\\\/www.laguiadepamplona.com\\\/actualidad\\\/?s={search_term_string}\"},\"query-input\":{\"@type\":\"PropertyValueSpecification\",\"valueRequired\":true,\"valueName\":\"search_term_string\"}}],\"inLanguage\":\"es\"},{\"@type\":\"Organization\",\"@id\":\"https:\\\/\\\/www.laguiadepamplona.com\\\/actualidad\\\/#organization\",\"name\":\"La Gu\u00eda de Pamplona \\\/ Noticias\",\"url\":\"https:\\\/\\\/www.laguiadepamplona.com\\\/actualidad\\\/\",\"logo\":{\"@type\":\"ImageObject\",\"inLanguage\":\"es\",\"@id\":\"https:\\\/\\\/www.laguiadepamplona.com\\\/actualidad\\\/#\\\/schema\\\/logo\\\/image\\\/\",\"url\":\"https:\\\/\\\/www.laguiadepamplona.com\\\/actualidad\\\/wp-content\\\/uploads\\\/2018\\\/11\\\/logo-laguiadepamplona18-web1.png\",\"contentUrl\":\"https:\\\/\\\/www.laguiadepamplona.com\\\/actualidad\\\/wp-content\\\/uploads\\\/2018\\\/11\\\/logo-laguiadepamplona18-web1.png\",\"width\":600,\"height\":196,\"caption\":\"La Gu\u00eda de Pamplona \\\/ Noticias\"},\"image\":{\"@id\":\"https:\\\/\\\/www.laguiadepamplona.com\\\/actualidad\\\/#\\\/schema\\\/logo\\\/image\\\/\"},\"sameAs\":[\"https:\\\/\\\/www.facebook.com\\\/laguiadepamplonacom-133175176762273\\\/?ref=hl\",\"https:\\\/\\\/x.com\\\/LaGuiadPamplona\",\"https:\\\/\\\/www.instagram.com\\\/la_guia_de_pamplona\\\/\",\"https:\\\/\\\/www.youtube.com\\\/user\\\/laguiadepamplona\"]},{\"@type\":\"Person\",\"@id\":\"https:\\\/\\\/www.laguiadepamplona.com\\\/actualidad\\\/#\\\/schema\\\/person\\\/efe887376f0213d4657c93adc50b1fdb\",\"name\":\"La Gu\u00eda de Pamplona\",\"image\":{\"@type\":\"ImageObject\",\"inLanguage\":\"es\",\"@id\":\"https:\\\/\\\/secure.gravatar.com\\\/avatar\\\/b6992f131dc8d30ab0dff15446e9d346d9dbd95992de0fef795073f5ea83a81c?s=96&d=mm&r=g\",\"url\":\"https:\\\/\\\/secure.gravatar.com\\\/avatar\\\/b6992f131dc8d30ab0dff15446e9d346d9dbd95992de0fef795073f5ea83a81c?s=96&d=mm&r=g\",\"contentUrl\":\"https:\\\/\\\/secure.gravatar.com\\\/avatar\\\/b6992f131dc8d30ab0dff15446e9d346d9dbd95992de0fef795073f5ea83a81c?s=96&d=mm&r=g\",\"caption\":\"La Gu\u00eda de Pamplona\"}}]}<\/script>\n<!-- \/ Yoast SEO plugin. -->","yoast_head_json":{"title":"El Bosquecillo acoge este s\u00e1bado, de 10 a 14 horas, el mercado de producto local y artesano Basotxoa, con una treintena de puestos","description":"Locales y visitantes podr\u00e1n adquirir miel, aceite, huevos, queso de cabra y oveja, pan, legumbres, hortalizas, embutidos, condimentos, dulces o vino","robots":{"index":"index","follow":"follow","max-snippet":"max-snippet:-1","max-image-preview":"max-image-preview:large","max-video-preview":"max-video-preview:-1"},"canonical":"https:\/\/www.laguiadepamplona.com\/actualidad\/el-bosquecillo-acoge-este-sabado-de-10-a-14-horas-el-mercado-de-producto-local-y-artesano-basotxoa-con-una-treintena-de-puestos\/","og_locale":"es_ES","og_type":"article","og_title":"El Bosquecillo acoge este s\u00e1bado, de 10 a 14 horas, el mercado de producto local y artesano Basotxoa, con una treintena de puestos","og_description":"Locales y visitantes podr\u00e1n adquirir miel, aceite, huevos, queso de cabra y oveja, pan, legumbres, hortalizas, embutidos, condimentos, dulces o vino","og_url":"https:\/\/www.laguiadepamplona.com\/actualidad\/el-bosquecillo-acoge-este-sabado-de-10-a-14-horas-el-mercado-de-producto-local-y-artesano-basotxoa-con-una-treintena-de-puestos\/","og_site_name":"La Gu\u00eda de Pamplona","article_publisher":"https:\/\/www.facebook.com\/laguiadepamplonacom-133175176762273\/?ref=hl","article_published_time":"2025-11-07T14:50:45+00:00","og_image":[{"width":1000,"height":667,"url":"https:\/\/www.laguiadepamplona.com\/actualidad\/wp-content\/uploads\/2025\/11\/mercado-bosquecillo_web_0.webp","type":"image\/webp"}],"author":"La Gu\u00eda de Pamplona","twitter_card":"summary_large_image","twitter_creator":"@LaGuiadPamplona","twitter_site":"@LaGuiadPamplona","twitter_misc":{"Escrito por":"La Gu\u00eda de Pamplona","Tiempo de lectura":"3 minutos"},"schema":{"@context":"https:\/\/schema.org","@graph":[{"@type":"Article","@id":"https:\/\/www.laguiadepamplona.com\/actualidad\/el-bosquecillo-acoge-este-sabado-de-10-a-14-horas-el-mercado-de-producto-local-y-artesano-basotxoa-con-una-treintena-de-puestos\/#article","isPartOf":{"@id":"https:\/\/www.laguiadepamplona.com\/actualidad\/el-bosquecillo-acoge-este-sabado-de-10-a-14-horas-el-mercado-de-producto-local-y-artesano-basotxoa-con-una-treintena-de-puestos\/"},"author":{"name":"La Gu\u00eda de Pamplona","@id":"https:\/\/www.laguiadepamplona.com\/actualidad\/#\/schema\/person\/efe887376f0213d4657c93adc50b1fdb"},"headline":"El Bosquecillo acoge este s\u00e1bado, de 10 a 14 horas, el mercado de producto local y artesano Basotxoa, con una treintena de puestos","datePublished":"2025-11-07T14:50:45+00:00","mainEntityOfPage":{"@id":"https:\/\/www.laguiadepamplona.com\/actualidad\/el-bosquecillo-acoge-este-sabado-de-10-a-14-horas-el-mercado-de-producto-local-y-artesano-basotxoa-con-una-treintena-de-puestos\/"},"wordCount":528,"commentCount":0,"publisher":{"@id":"https:\/\/www.laguiadepamplona.com\/actualidad\/#organization"},"image":{"@id":"https:\/\/www.laguiadepamplona.com\/actualidad\/el-bosquecillo-acoge-este-sabado-de-10-a-14-horas-el-mercado-de-producto-local-y-artesano-basotxoa-con-una-treintena-de-puestos\/#primaryimage"},"thumbnailUrl":"https:\/\/www.laguiadepamplona.com\/actualidad\/wp-content\/uploads\/2025\/11\/mercado-bosquecillo_web_0.webp","articleSection":["Ayto Pamplona"],"inLanguage":"es","potentialAction":[{"@type":"CommentAction","name":"Comment","target":["https:\/\/www.laguiadepamplona.com\/actualidad\/el-bosquecillo-acoge-este-sabado-de-10-a-14-horas-el-mercado-de-producto-local-y-artesano-basotxoa-con-una-treintena-de-puestos\/#respond"]}]},{"@type":"WebPage","@id":"https:\/\/www.laguiadepamplona.com\/actualidad\/el-bosquecillo-acoge-este-sabado-de-10-a-14-horas-el-mercado-de-producto-local-y-artesano-basotxoa-con-una-treintena-de-puestos\/","url":"https:\/\/www.laguiadepamplona.com\/actualidad\/el-bosquecillo-acoge-este-sabado-de-10-a-14-horas-el-mercado-de-producto-local-y-artesano-basotxoa-con-una-treintena-de-puestos\/","name":"El Bosquecillo acoge este s\u00e1bado, de 10 a 14 horas, el mercado de producto local y artesano Basotxoa, con una treintena de puestos","isPartOf":{"@id":"https:\/\/www.laguiadepamplona.com\/actualidad\/#website"},"primaryImageOfPage":{"@id":"https:\/\/www.laguiadepamplona.com\/actualidad\/el-bosquecillo-acoge-este-sabado-de-10-a-14-horas-el-mercado-de-producto-local-y-artesano-basotxoa-con-una-treintena-de-puestos\/#primaryimage"},"image":{"@id":"https:\/\/www.laguiadepamplona.com\/actualidad\/el-bosquecillo-acoge-este-sabado-de-10-a-14-horas-el-mercado-de-producto-local-y-artesano-basotxoa-con-una-treintena-de-puestos\/#primaryimage"},"thumbnailUrl":"https:\/\/www.laguiadepamplona.com\/actualidad\/wp-content\/uploads\/2025\/11\/mercado-bosquecillo_web_0.webp","datePublished":"2025-11-07T14:50:45+00:00","description":"Locales y visitantes podr\u00e1n adquirir miel, aceite, huevos, queso de cabra y oveja, pan, legumbres, hortalizas, embutidos, condimentos, dulces o vino","breadcrumb":{"@id":"https:\/\/www.laguiadepamplona.com\/actualidad\/el-bosquecillo-acoge-este-sabado-de-10-a-14-horas-el-mercado-de-producto-local-y-artesano-basotxoa-con-una-treintena-de-puestos\/#breadcrumb"},"inLanguage":"es","potentialAction":[{"@type":"ReadAction","target":["https:\/\/www.laguiadepamplona.com\/actualidad\/el-bosquecillo-acoge-este-sabado-de-10-a-14-horas-el-mercado-de-producto-local-y-artesano-basotxoa-con-una-treintena-de-puestos\/"]}]},{"@type":"ImageObject","inLanguage":"es","@id":"https:\/\/www.laguiadepamplona.com\/actualidad\/el-bosquecillo-acoge-este-sabado-de-10-a-14-horas-el-mercado-de-producto-local-y-artesano-basotxoa-con-una-treintena-de-puestos\/#primaryimage","url":"https:\/\/www.laguiadepamplona.com\/actualidad\/wp-content\/uploads\/2025\/11\/mercado-bosquecillo_web_0.webp","contentUrl":"https:\/\/www.laguiadepamplona.com\/actualidad\/wp-content\/uploads\/2025\/11\/mercado-bosquecillo_web_0.webp","width":1000,"height":667,"caption":"mercado bosquecillo"},{"@type":"BreadcrumbList","@id":"https:\/\/www.laguiadepamplona.com\/actualidad\/el-bosquecillo-acoge-este-sabado-de-10-a-14-horas-el-mercado-de-producto-local-y-artesano-basotxoa-con-una-treintena-de-puestos\/#breadcrumb","itemListElement":[{"@type":"ListItem","position":1,"name":"Portada","item":"https:\/\/www.laguiadepamplona.com\/actualidad\/"},{"@type":"ListItem","position":2,"name":"El Bosquecillo acoge este s\u00e1bado, de 10 a 14 horas, el mercado de producto local y artesano Basotxoa, con una treintena de puestos"}]},{"@type":"WebSite","@id":"https:\/\/www.laguiadepamplona.com\/actualidad\/#website","url":"https:\/\/www.laguiadepamplona.com\/actualidad\/","name":"La gu\u00eda de Pamplona","description":"Noticias de Pamplona","publisher":{"@id":"https:\/\/www.laguiadepamplona.com\/actualidad\/#organization"},"potentialAction":[{"@type":"SearchAction","target":{"@type":"EntryPoint","urlTemplate":"https:\/\/www.laguiadepamplona.com\/actualidad\/?s={search_term_string}"},"query-input":{"@type":"PropertyValueSpecification","valueRequired":true,"valueName":"search_term_string"}}],"inLanguage":"es"},{"@type":"Organization","@id":"https:\/\/www.laguiadepamplona.com\/actualidad\/#organization","name":"La Gu\u00eda de Pamplona \/ Noticias","url":"https:\/\/www.laguiadepamplona.com\/actualidad\/","logo":{"@type":"ImageObject","inLanguage":"es","@id":"https:\/\/www.laguiadepamplona.com\/actualidad\/#\/schema\/logo\/image\/","url":"https:\/\/www.laguiadepamplona.com\/actualidad\/wp-content\/uploads\/2018\/11\/logo-laguiadepamplona18-web1.png","contentUrl":"https:\/\/www.laguiadepamplona.com\/actualidad\/wp-content\/uploads\/2018\/11\/logo-laguiadepamplona18-web1.png","width":600,"height":196,"caption":"La Gu\u00eda de Pamplona \/ Noticias"},"image":{"@id":"https:\/\/www.laguiadepamplona.com\/actualidad\/#\/schema\/logo\/image\/"},"sameAs":["https:\/\/www.facebook.com\/laguiadepamplonacom-133175176762273\/?ref=hl","https:\/\/x.com\/LaGuiadPamplona","https:\/\/www.instagram.com\/la_guia_de_pamplona\/","https:\/\/www.youtube.com\/user\/laguiadepamplona"]},{"@type":"Person","@id":"https:\/\/www.laguiadepamplona.com\/actualidad\/#\/schema\/person\/efe887376f0213d4657c93adc50b1fdb","name":"La Gu\u00eda de Pamplona","image":{"@type":"ImageObject","inLanguage":"es","@id":"https:\/\/secure.gravatar.com\/avatar\/b6992f131dc8d30ab0dff15446e9d346d9dbd95992de0fef795073f5ea83a81c?s=96&d=mm&r=g","url":"https:\/\/secure.gravatar.com\/avatar\/b6992f131dc8d30ab0dff15446e9d346d9dbd95992de0fef795073f5ea83a81c?s=96&d=mm&r=g","contentUrl":"https:\/\/secure.gravatar.com\/avatar\/b6992f131dc8d30ab0dff15446e9d346d9dbd95992de0fef795073f5ea83a81c?s=96&d=mm&r=g","caption":"La Gu\u00eda de Pamplona"}}]}},"post_mailing_queue_ids":[],"_links":{"self":[{"href":"https:\/\/www.laguiadepamplona.com\/actualidad\/wp-json\/wp\/v2\/posts\/54092","targetHints":{"allow":["GET"]}}],"collection":[{"href":"https:\/\/www.laguiadepamplona.com\/actualidad\/wp-json\/wp\/v2\/posts"}],"about":[{"href":"https:\/\/www.laguiadepamplona.com\/actualidad\/wp-json\/wp\/v2\/types\/post"}],"author":[{"embeddable":true,"href":"https:\/\/www.laguiadepamplona.com\/actualidad\/wp-json\/wp\/v2\/users\/1"}],"replies":[{"embeddable":true,"href":"https:\/\/www.laguiadepamplona.com\/actualidad\/wp-json\/wp\/v2\/comments?post=54092"}],"version-history":[{"count":1,"href":"https:\/\/www.laguiadepamplona.com\/actualidad\/wp-json\/wp\/v2\/posts\/54092\/revisions"}],"predecessor-version":[{"id":54094,"href":"https:\/\/www.laguiadepamplona.com\/actualidad\/wp-json\/wp\/v2\/posts\/54092\/revisions\/54094"}],"wp:featuredmedia":[{"embeddable":true,"href":"https:\/\/www.laguiadepamplona.com\/actualidad\/wp-json\/wp\/v2\/media\/54093"}],"wp:attachment":[{"href":"https:\/\/www.laguiadepamplona.com\/actualidad\/wp-json\/wp\/v2\/media?parent=54092"}],"wp:term":[{"taxonomy":"category","embeddable":true,"href":"https:\/\/www.laguiadepamplona.com\/actualidad\/wp-json\/wp\/v2\/categories?post=54092"},{"taxonomy":"post_tag","embeddable":true,"href":"https:\/\/www.laguiadepamplona.com\/actualidad\/wp-json\/wp\/v2\/tags?post=54092"}],"curies":[{"name":"wp","href":"https:\/\/api.w.org\/{rel}","templated":true}]}}