{"id":54086,"date":"2025-11-07T16:47:43","date_gmt":"2025-11-07T14:47:43","guid":{"rendered":"https:\/\/www.laguiadepamplona.com\/actualidad\/?p=54086"},"modified":"2025-11-07T16:47:43","modified_gmt":"2025-11-07T14:47:43","slug":"la-casa-de-la-juventud-abrira-dos-veces-al-mes-un-espacio-dedicado-a-la-cultura-pop","status":"publish","type":"post","link":"https:\/\/www.laguiadepamplona.com\/actualidad\/la-casa-de-la-juventud-abrira-dos-veces-al-mes-un-espacio-dedicado-a-la-cultura-pop\/","title":{"rendered":"La Casa de la Juventud abrir\u00e1 dos veces al mes un espacio dedicado a la cultura pop"},"content":{"rendered":"<h2>Esta nueva actividad, que comienza el martes a las 18.30 horas, aunar\u00e1 literatura, m\u00fasica, manga o videojuegos, entre otras muchas opciones<\/h2>\n<p><!--more--><\/p>\n<p>La Casa de la Juventud estrena este noviembre \u2018Casa Pop\u2019, una nueva actividad que durante dos d\u00edas al mes busca acercar la cultura pop a un p\u00fablico juvenil. La primera sesi\u00f3n tendr\u00e1 lugar este martes 10 de noviembre, a las 18.30 horas, con entrada libre hasta completar el aforo. \u2018Casa Pop\u2019 se enmarca en la programaci\u00f3n de #Cafeteando, que la Casa de la Juventud propone cada semana con diferentes actividades.<\/p>\n<p>Esta nueva actividad sustituye a la propuesta \u2018Chocolate con libros\u2019, que el curso pasado se centr\u00f3 en la literatura. Con \u2018Casa Pop\u2019 se abre el abanico a otras artes e iniciativas, sin olvidar los libros. Se incluir\u00e1n pel\u00edculas, series, comics, mangas, m\u00fasica, videojuegos, podcast, redes, plataformas, actualidad\u2026 Se buscar\u00e1, adem\u00e1s, la sorpresa, pues hasta que no empiece cada sesi\u00f3n no se sabr\u00e1 si se va a escuchar el \u00faltimo disco de tu artista favorita, compartir teor\u00edas sobre el final de la serie de moda, hacer una lista con el top 3 de libros del mes, compartir podcast y descubrimientos musicales o re\u00edrse con los memes y stickers m\u00e1s ingeniosos.<\/p>\n<p>Quienes participen en cada sesi\u00f3n podr\u00e1n proponer temas para pr\u00f3ximos encuentros. La siguiente \u2018Casa Pop\u2019 se celebrar\u00e1 el jueves 27 de noviembre, tambi\u00e9n a las 18.30 horas, con entrada libre hasta completar el aforo. Las sesiones estar\u00e1n dinamizadas por la animadora de la Casa de la Juventud.<\/p>\n<p>La idea de esta propuesta y de la programaci\u00f3n de #Cafeteando es fortalecer la autonom\u00eda y empoderar al p\u00fablico joven a trav\u00e9s de un ocio alternativo y empleo de su tiempo libre de un modo que les permita divertirse y satisfacer sus necesidades de relacionarse con los dem\u00e1s, en la misma l\u00ednea que el resto de actividades de la Casa de la Juventud.<\/p>\n<p>&nbsp;<\/p>\n<h3>Nueva actividad. Casa Pop<\/h3>\n<ul>\n<li>Martes 11 de noviembre, 18.30 horas. Entrada libre, hasta completar el aforo<\/li>\n<li>Jueves 27 de noviembre, 18.30 horas. Entrada libre, hasta completar el aforo<\/li>\n<\/ul>\n","protected":false},"excerpt":{"rendered":"<p>Esta nueva actividad, que comienza el martes a las 18.30 horas, aunar\u00e1 literatura, m\u00fasica, manga o videojuegos, entre otras muchas opciones<\/p>\n","protected":false},"author":1,"featured_media":54087,"comment_status":"open","ping_status":"closed","sticky":false,"template":"","format":"standard","meta":{"footnotes":""},"categories":[2],"tags":[],"class_list":["post-54086","post","type-post","status-publish","format-standard","has-post-thumbnail","hentry","category-ayuntamiento-pamplona"],"yoast_head":"<!-- This site is optimized with the Yoast SEO plugin v27.3 - https:\/\/yoast.com\/product\/yoast-seo-wordpress\/ -->\n<title>La Casa de la Juventud abrir\u00e1 dos veces al mes un espacio dedicado a la cultura pop<\/title>\n<meta name=\"description\" content=\"Esta nueva actividad, que comienza el martes a las 18.30 horas, aunar\u00e1 literatura, m\u00fasica, manga o videojuegos, entre otras muchas opciones\" \/>\n<meta name=\"robots\" content=\"index, follow, max-snippet:-1, max-image-preview:large, max-video-preview:-1\" \/>\n<link rel=\"canonical\" href=\"https:\/\/www.laguiadepamplona.com\/actualidad\/la-casa-de-la-juventud-abrira-dos-veces-al-mes-un-espacio-dedicado-a-la-cultura-pop\/\" \/>\n<meta property=\"og:locale\" content=\"es_ES\" \/>\n<meta property=\"og:type\" content=\"article\" \/>\n<meta property=\"og:title\" content=\"La Casa de la Juventud abrir\u00e1 dos veces al mes un espacio dedicado a la cultura pop\" \/>\n<meta property=\"og:description\" content=\"Esta nueva actividad, que comienza el martes a las 18.30 horas, aunar\u00e1 literatura, m\u00fasica, manga o videojuegos, entre otras muchas opciones\" \/>\n<meta property=\"og:url\" content=\"https:\/\/www.laguiadepamplona.com\/actualidad\/la-casa-de-la-juventud-abrira-dos-veces-al-mes-un-espacio-dedicado-a-la-cultura-pop\/\" \/>\n<meta property=\"og:site_name\" content=\"La Gu\u00eda de Pamplona\" \/>\n<meta property=\"article:publisher\" content=\"https:\/\/www.facebook.com\/laguiadepamplonacom-133175176762273\/?ref=hl\" \/>\n<meta property=\"article:published_time\" content=\"2025-11-07T14:47:43+00:00\" \/>\n<meta property=\"og:image\" content=\"https:\/\/www.laguiadepamplona.com\/actualidad\/wp-content\/uploads\/2025\/11\/Casa-de-la-Juventud_web_1.webp\" \/>\n\t<meta property=\"og:image:width\" content=\"1000\" \/>\n\t<meta property=\"og:image:height\" content=\"737\" \/>\n\t<meta property=\"og:image:type\" content=\"image\/webp\" \/>\n<meta name=\"author\" content=\"La Gu\u00eda de Pamplona\" \/>\n<meta name=\"twitter:card\" content=\"summary_large_image\" \/>\n<meta name=\"twitter:creator\" content=\"@LaGuiadPamplona\" \/>\n<meta name=\"twitter:site\" content=\"@LaGuiadPamplona\" \/>\n<meta name=\"twitter:label1\" content=\"Escrito por\" \/>\n\t<meta name=\"twitter:data1\" content=\"La Gu\u00eda de Pamplona\" \/>\n\t<meta name=\"twitter:label2\" content=\"Tiempo de lectura\" \/>\n\t<meta name=\"twitter:data2\" content=\"2 minutos\" \/>\n<script type=\"application\/ld+json\" class=\"yoast-schema-graph\">{\"@context\":\"https:\\\/\\\/schema.org\",\"@graph\":[{\"@type\":\"Article\",\"@id\":\"https:\\\/\\\/www.laguiadepamplona.com\\\/actualidad\\\/la-casa-de-la-juventud-abrira-dos-veces-al-mes-un-espacio-dedicado-a-la-cultura-pop\\\/#article\",\"isPartOf\":{\"@id\":\"https:\\\/\\\/www.laguiadepamplona.com\\\/actualidad\\\/la-casa-de-la-juventud-abrira-dos-veces-al-mes-un-espacio-dedicado-a-la-cultura-pop\\\/\"},\"author\":{\"name\":\"La Gu\u00eda de Pamplona\",\"@id\":\"https:\\\/\\\/www.laguiadepamplona.com\\\/actualidad\\\/#\\\/schema\\\/person\\\/efe887376f0213d4657c93adc50b1fdb\"},\"headline\":\"La Casa de la Juventud abrir\u00e1 dos veces al mes un espacio dedicado a la cultura pop\",\"datePublished\":\"2025-11-07T14:47:43+00:00\",\"mainEntityOfPage\":{\"@id\":\"https:\\\/\\\/www.laguiadepamplona.com\\\/actualidad\\\/la-casa-de-la-juventud-abrira-dos-veces-al-mes-un-espacio-dedicado-a-la-cultura-pop\\\/\"},\"wordCount\":370,\"commentCount\":0,\"publisher\":{\"@id\":\"https:\\\/\\\/www.laguiadepamplona.com\\\/actualidad\\\/#organization\"},\"image\":{\"@id\":\"https:\\\/\\\/www.laguiadepamplona.com\\\/actualidad\\\/la-casa-de-la-juventud-abrira-dos-veces-al-mes-un-espacio-dedicado-a-la-cultura-pop\\\/#primaryimage\"},\"thumbnailUrl\":\"https:\\\/\\\/www.laguiadepamplona.com\\\/actualidad\\\/wp-content\\\/uploads\\\/2025\\\/11\\\/Casa-de-la-Juventud_web_1.webp\",\"articleSection\":[\"Ayto Pamplona\"],\"inLanguage\":\"es\",\"potentialAction\":[{\"@type\":\"CommentAction\",\"name\":\"Comment\",\"target\":[\"https:\\\/\\\/www.laguiadepamplona.com\\\/actualidad\\\/la-casa-de-la-juventud-abrira-dos-veces-al-mes-un-espacio-dedicado-a-la-cultura-pop\\\/#respond\"]}]},{\"@type\":\"WebPage\",\"@id\":\"https:\\\/\\\/www.laguiadepamplona.com\\\/actualidad\\\/la-casa-de-la-juventud-abrira-dos-veces-al-mes-un-espacio-dedicado-a-la-cultura-pop\\\/\",\"url\":\"https:\\\/\\\/www.laguiadepamplona.com\\\/actualidad\\\/la-casa-de-la-juventud-abrira-dos-veces-al-mes-un-espacio-dedicado-a-la-cultura-pop\\\/\",\"name\":\"La Casa de la Juventud abrir\u00e1 dos veces al mes un espacio dedicado a la cultura pop\",\"isPartOf\":{\"@id\":\"https:\\\/\\\/www.laguiadepamplona.com\\\/actualidad\\\/#website\"},\"primaryImageOfPage\":{\"@id\":\"https:\\\/\\\/www.laguiadepamplona.com\\\/actualidad\\\/la-casa-de-la-juventud-abrira-dos-veces-al-mes-un-espacio-dedicado-a-la-cultura-pop\\\/#primaryimage\"},\"image\":{\"@id\":\"https:\\\/\\\/www.laguiadepamplona.com\\\/actualidad\\\/la-casa-de-la-juventud-abrira-dos-veces-al-mes-un-espacio-dedicado-a-la-cultura-pop\\\/#primaryimage\"},\"thumbnailUrl\":\"https:\\\/\\\/www.laguiadepamplona.com\\\/actualidad\\\/wp-content\\\/uploads\\\/2025\\\/11\\\/Casa-de-la-Juventud_web_1.webp\",\"datePublished\":\"2025-11-07T14:47:43+00:00\",\"description\":\"Esta nueva actividad, que comienza el martes a las 18.30 horas, aunar\u00e1 literatura, m\u00fasica, manga o videojuegos, entre otras muchas opciones\",\"breadcrumb\":{\"@id\":\"https:\\\/\\\/www.laguiadepamplona.com\\\/actualidad\\\/la-casa-de-la-juventud-abrira-dos-veces-al-mes-un-espacio-dedicado-a-la-cultura-pop\\\/#breadcrumb\"},\"inLanguage\":\"es\",\"potentialAction\":[{\"@type\":\"ReadAction\",\"target\":[\"https:\\\/\\\/www.laguiadepamplona.com\\\/actualidad\\\/la-casa-de-la-juventud-abrira-dos-veces-al-mes-un-espacio-dedicado-a-la-cultura-pop\\\/\"]}]},{\"@type\":\"ImageObject\",\"inLanguage\":\"es\",\"@id\":\"https:\\\/\\\/www.laguiadepamplona.com\\\/actualidad\\\/la-casa-de-la-juventud-abrira-dos-veces-al-mes-un-espacio-dedicado-a-la-cultura-pop\\\/#primaryimage\",\"url\":\"https:\\\/\\\/www.laguiadepamplona.com\\\/actualidad\\\/wp-content\\\/uploads\\\/2025\\\/11\\\/Casa-de-la-Juventud_web_1.webp\",\"contentUrl\":\"https:\\\/\\\/www.laguiadepamplona.com\\\/actualidad\\\/wp-content\\\/uploads\\\/2025\\\/11\\\/Casa-de-la-Juventud_web_1.webp\",\"width\":1000,\"height\":737,\"caption\":\"casa de la juventud\"},{\"@type\":\"BreadcrumbList\",\"@id\":\"https:\\\/\\\/www.laguiadepamplona.com\\\/actualidad\\\/la-casa-de-la-juventud-abrira-dos-veces-al-mes-un-espacio-dedicado-a-la-cultura-pop\\\/#breadcrumb\",\"itemListElement\":[{\"@type\":\"ListItem\",\"position\":1,\"name\":\"Portada\",\"item\":\"https:\\\/\\\/www.laguiadepamplona.com\\\/actualidad\\\/\"},{\"@type\":\"ListItem\",\"position\":2,\"name\":\"La Casa de la Juventud abrir\u00e1 dos veces al mes un espacio dedicado a la cultura pop\"}]},{\"@type\":\"WebSite\",\"@id\":\"https:\\\/\\\/www.laguiadepamplona.com\\\/actualidad\\\/#website\",\"url\":\"https:\\\/\\\/www.laguiadepamplona.com\\\/actualidad\\\/\",\"name\":\"La gu\u00eda de Pamplona\",\"description\":\"Noticias de Pamplona\",\"publisher\":{\"@id\":\"https:\\\/\\\/www.laguiadepamplona.com\\\/actualidad\\\/#organization\"},\"potentialAction\":[{\"@type\":\"SearchAction\",\"target\":{\"@type\":\"EntryPoint\",\"urlTemplate\":\"https:\\\/\\\/www.laguiadepamplona.com\\\/actualidad\\\/?s={search_term_string}\"},\"query-input\":{\"@type\":\"PropertyValueSpecification\",\"valueRequired\":true,\"valueName\":\"search_term_string\"}}],\"inLanguage\":\"es\"},{\"@type\":\"Organization\",\"@id\":\"https:\\\/\\\/www.laguiadepamplona.com\\\/actualidad\\\/#organization\",\"name\":\"La Gu\u00eda de Pamplona \\\/ Noticias\",\"url\":\"https:\\\/\\\/www.laguiadepamplona.com\\\/actualidad\\\/\",\"logo\":{\"@type\":\"ImageObject\",\"inLanguage\":\"es\",\"@id\":\"https:\\\/\\\/www.laguiadepamplona.com\\\/actualidad\\\/#\\\/schema\\\/logo\\\/image\\\/\",\"url\":\"https:\\\/\\\/www.laguiadepamplona.com\\\/actualidad\\\/wp-content\\\/uploads\\\/2018\\\/11\\\/logo-laguiadepamplona18-web1.png\",\"contentUrl\":\"https:\\\/\\\/www.laguiadepamplona.com\\\/actualidad\\\/wp-content\\\/uploads\\\/2018\\\/11\\\/logo-laguiadepamplona18-web1.png\",\"width\":600,\"height\":196,\"caption\":\"La Gu\u00eda de Pamplona \\\/ Noticias\"},\"image\":{\"@id\":\"https:\\\/\\\/www.laguiadepamplona.com\\\/actualidad\\\/#\\\/schema\\\/logo\\\/image\\\/\"},\"sameAs\":[\"https:\\\/\\\/www.facebook.com\\\/laguiadepamplonacom-133175176762273\\\/?ref=hl\",\"https:\\\/\\\/x.com\\\/LaGuiadPamplona\",\"https:\\\/\\\/www.instagram.com\\\/la_guia_de_pamplona\\\/\",\"https:\\\/\\\/www.youtube.com\\\/user\\\/laguiadepamplona\"]},{\"@type\":\"Person\",\"@id\":\"https:\\\/\\\/www.laguiadepamplona.com\\\/actualidad\\\/#\\\/schema\\\/person\\\/efe887376f0213d4657c93adc50b1fdb\",\"name\":\"La Gu\u00eda de Pamplona\",\"image\":{\"@type\":\"ImageObject\",\"inLanguage\":\"es\",\"@id\":\"https:\\\/\\\/secure.gravatar.com\\\/avatar\\\/b6992f131dc8d30ab0dff15446e9d346d9dbd95992de0fef795073f5ea83a81c?s=96&d=mm&r=g\",\"url\":\"https:\\\/\\\/secure.gravatar.com\\\/avatar\\\/b6992f131dc8d30ab0dff15446e9d346d9dbd95992de0fef795073f5ea83a81c?s=96&d=mm&r=g\",\"contentUrl\":\"https:\\\/\\\/secure.gravatar.com\\\/avatar\\\/b6992f131dc8d30ab0dff15446e9d346d9dbd95992de0fef795073f5ea83a81c?s=96&d=mm&r=g\",\"caption\":\"La Gu\u00eda de Pamplona\"}}]}<\/script>\n<!-- \/ Yoast SEO plugin. -->","yoast_head_json":{"title":"La Casa de la Juventud abrir\u00e1 dos veces al mes un espacio dedicado a la cultura pop","description":"Esta nueva actividad, que comienza el martes a las 18.30 horas, aunar\u00e1 literatura, m\u00fasica, manga o videojuegos, entre otras muchas opciones","robots":{"index":"index","follow":"follow","max-snippet":"max-snippet:-1","max-image-preview":"max-image-preview:large","max-video-preview":"max-video-preview:-1"},"canonical":"https:\/\/www.laguiadepamplona.com\/actualidad\/la-casa-de-la-juventud-abrira-dos-veces-al-mes-un-espacio-dedicado-a-la-cultura-pop\/","og_locale":"es_ES","og_type":"article","og_title":"La Casa de la Juventud abrir\u00e1 dos veces al mes un espacio dedicado a la cultura pop","og_description":"Esta nueva actividad, que comienza el martes a las 18.30 horas, aunar\u00e1 literatura, m\u00fasica, manga o videojuegos, entre otras muchas opciones","og_url":"https:\/\/www.laguiadepamplona.com\/actualidad\/la-casa-de-la-juventud-abrira-dos-veces-al-mes-un-espacio-dedicado-a-la-cultura-pop\/","og_site_name":"La Gu\u00eda de Pamplona","article_publisher":"https:\/\/www.facebook.com\/laguiadepamplonacom-133175176762273\/?ref=hl","article_published_time":"2025-11-07T14:47:43+00:00","og_image":[{"width":1000,"height":737,"url":"https:\/\/www.laguiadepamplona.com\/actualidad\/wp-content\/uploads\/2025\/11\/Casa-de-la-Juventud_web_1.webp","type":"image\/webp"}],"author":"La Gu\u00eda de Pamplona","twitter_card":"summary_large_image","twitter_creator":"@LaGuiadPamplona","twitter_site":"@LaGuiadPamplona","twitter_misc":{"Escrito por":"La Gu\u00eda de Pamplona","Tiempo de lectura":"2 minutos"},"schema":{"@context":"https:\/\/schema.org","@graph":[{"@type":"Article","@id":"https:\/\/www.laguiadepamplona.com\/actualidad\/la-casa-de-la-juventud-abrira-dos-veces-al-mes-un-espacio-dedicado-a-la-cultura-pop\/#article","isPartOf":{"@id":"https:\/\/www.laguiadepamplona.com\/actualidad\/la-casa-de-la-juventud-abrira-dos-veces-al-mes-un-espacio-dedicado-a-la-cultura-pop\/"},"author":{"name":"La Gu\u00eda de Pamplona","@id":"https:\/\/www.laguiadepamplona.com\/actualidad\/#\/schema\/person\/efe887376f0213d4657c93adc50b1fdb"},"headline":"La Casa de la Juventud abrir\u00e1 dos veces al mes un espacio dedicado a la cultura pop","datePublished":"2025-11-07T14:47:43+00:00","mainEntityOfPage":{"@id":"https:\/\/www.laguiadepamplona.com\/actualidad\/la-casa-de-la-juventud-abrira-dos-veces-al-mes-un-espacio-dedicado-a-la-cultura-pop\/"},"wordCount":370,"commentCount":0,"publisher":{"@id":"https:\/\/www.laguiadepamplona.com\/actualidad\/#organization"},"image":{"@id":"https:\/\/www.laguiadepamplona.com\/actualidad\/la-casa-de-la-juventud-abrira-dos-veces-al-mes-un-espacio-dedicado-a-la-cultura-pop\/#primaryimage"},"thumbnailUrl":"https:\/\/www.laguiadepamplona.com\/actualidad\/wp-content\/uploads\/2025\/11\/Casa-de-la-Juventud_web_1.webp","articleSection":["Ayto Pamplona"],"inLanguage":"es","potentialAction":[{"@type":"CommentAction","name":"Comment","target":["https:\/\/www.laguiadepamplona.com\/actualidad\/la-casa-de-la-juventud-abrira-dos-veces-al-mes-un-espacio-dedicado-a-la-cultura-pop\/#respond"]}]},{"@type":"WebPage","@id":"https:\/\/www.laguiadepamplona.com\/actualidad\/la-casa-de-la-juventud-abrira-dos-veces-al-mes-un-espacio-dedicado-a-la-cultura-pop\/","url":"https:\/\/www.laguiadepamplona.com\/actualidad\/la-casa-de-la-juventud-abrira-dos-veces-al-mes-un-espacio-dedicado-a-la-cultura-pop\/","name":"La Casa de la Juventud abrir\u00e1 dos veces al mes un espacio dedicado a la cultura pop","isPartOf":{"@id":"https:\/\/www.laguiadepamplona.com\/actualidad\/#website"},"primaryImageOfPage":{"@id":"https:\/\/www.laguiadepamplona.com\/actualidad\/la-casa-de-la-juventud-abrira-dos-veces-al-mes-un-espacio-dedicado-a-la-cultura-pop\/#primaryimage"},"image":{"@id":"https:\/\/www.laguiadepamplona.com\/actualidad\/la-casa-de-la-juventud-abrira-dos-veces-al-mes-un-espacio-dedicado-a-la-cultura-pop\/#primaryimage"},"thumbnailUrl":"https:\/\/www.laguiadepamplona.com\/actualidad\/wp-content\/uploads\/2025\/11\/Casa-de-la-Juventud_web_1.webp","datePublished":"2025-11-07T14:47:43+00:00","description":"Esta nueva actividad, que comienza el martes a las 18.30 horas, aunar\u00e1 literatura, m\u00fasica, manga o videojuegos, entre otras muchas opciones","breadcrumb":{"@id":"https:\/\/www.laguiadepamplona.com\/actualidad\/la-casa-de-la-juventud-abrira-dos-veces-al-mes-un-espacio-dedicado-a-la-cultura-pop\/#breadcrumb"},"inLanguage":"es","potentialAction":[{"@type":"ReadAction","target":["https:\/\/www.laguiadepamplona.com\/actualidad\/la-casa-de-la-juventud-abrira-dos-veces-al-mes-un-espacio-dedicado-a-la-cultura-pop\/"]}]},{"@type":"ImageObject","inLanguage":"es","@id":"https:\/\/www.laguiadepamplona.com\/actualidad\/la-casa-de-la-juventud-abrira-dos-veces-al-mes-un-espacio-dedicado-a-la-cultura-pop\/#primaryimage","url":"https:\/\/www.laguiadepamplona.com\/actualidad\/wp-content\/uploads\/2025\/11\/Casa-de-la-Juventud_web_1.webp","contentUrl":"https:\/\/www.laguiadepamplona.com\/actualidad\/wp-content\/uploads\/2025\/11\/Casa-de-la-Juventud_web_1.webp","width":1000,"height":737,"caption":"casa de la juventud"},{"@type":"BreadcrumbList","@id":"https:\/\/www.laguiadepamplona.com\/actualidad\/la-casa-de-la-juventud-abrira-dos-veces-al-mes-un-espacio-dedicado-a-la-cultura-pop\/#breadcrumb","itemListElement":[{"@type":"ListItem","position":1,"name":"Portada","item":"https:\/\/www.laguiadepamplona.com\/actualidad\/"},{"@type":"ListItem","position":2,"name":"La Casa de la Juventud abrir\u00e1 dos veces al mes un espacio dedicado a la cultura pop"}]},{"@type":"WebSite","@id":"https:\/\/www.laguiadepamplona.com\/actualidad\/#website","url":"https:\/\/www.laguiadepamplona.com\/actualidad\/","name":"La gu\u00eda de Pamplona","description":"Noticias de Pamplona","publisher":{"@id":"https:\/\/www.laguiadepamplona.com\/actualidad\/#organization"},"potentialAction":[{"@type":"SearchAction","target":{"@type":"EntryPoint","urlTemplate":"https:\/\/www.laguiadepamplona.com\/actualidad\/?s={search_term_string}"},"query-input":{"@type":"PropertyValueSpecification","valueRequired":true,"valueName":"search_term_string"}}],"inLanguage":"es"},{"@type":"Organization","@id":"https:\/\/www.laguiadepamplona.com\/actualidad\/#organization","name":"La Gu\u00eda de Pamplona \/ Noticias","url":"https:\/\/www.laguiadepamplona.com\/actualidad\/","logo":{"@type":"ImageObject","inLanguage":"es","@id":"https:\/\/www.laguiadepamplona.com\/actualidad\/#\/schema\/logo\/image\/","url":"https:\/\/www.laguiadepamplona.com\/actualidad\/wp-content\/uploads\/2018\/11\/logo-laguiadepamplona18-web1.png","contentUrl":"https:\/\/www.laguiadepamplona.com\/actualidad\/wp-content\/uploads\/2018\/11\/logo-laguiadepamplona18-web1.png","width":600,"height":196,"caption":"La Gu\u00eda de Pamplona \/ Noticias"},"image":{"@id":"https:\/\/www.laguiadepamplona.com\/actualidad\/#\/schema\/logo\/image\/"},"sameAs":["https:\/\/www.facebook.com\/laguiadepamplonacom-133175176762273\/?ref=hl","https:\/\/x.com\/LaGuiadPamplona","https:\/\/www.instagram.com\/la_guia_de_pamplona\/","https:\/\/www.youtube.com\/user\/laguiadepamplona"]},{"@type":"Person","@id":"https:\/\/www.laguiadepamplona.com\/actualidad\/#\/schema\/person\/efe887376f0213d4657c93adc50b1fdb","name":"La Gu\u00eda de Pamplona","image":{"@type":"ImageObject","inLanguage":"es","@id":"https:\/\/secure.gravatar.com\/avatar\/b6992f131dc8d30ab0dff15446e9d346d9dbd95992de0fef795073f5ea83a81c?s=96&d=mm&r=g","url":"https:\/\/secure.gravatar.com\/avatar\/b6992f131dc8d30ab0dff15446e9d346d9dbd95992de0fef795073f5ea83a81c?s=96&d=mm&r=g","contentUrl":"https:\/\/secure.gravatar.com\/avatar\/b6992f131dc8d30ab0dff15446e9d346d9dbd95992de0fef795073f5ea83a81c?s=96&d=mm&r=g","caption":"La Gu\u00eda de Pamplona"}}]}},"post_mailing_queue_ids":[],"_links":{"self":[{"href":"https:\/\/www.laguiadepamplona.com\/actualidad\/wp-json\/wp\/v2\/posts\/54086","targetHints":{"allow":["GET"]}}],"collection":[{"href":"https:\/\/www.laguiadepamplona.com\/actualidad\/wp-json\/wp\/v2\/posts"}],"about":[{"href":"https:\/\/www.laguiadepamplona.com\/actualidad\/wp-json\/wp\/v2\/types\/post"}],"author":[{"embeddable":true,"href":"https:\/\/www.laguiadepamplona.com\/actualidad\/wp-json\/wp\/v2\/users\/1"}],"replies":[{"embeddable":true,"href":"https:\/\/www.laguiadepamplona.com\/actualidad\/wp-json\/wp\/v2\/comments?post=54086"}],"version-history":[{"count":1,"href":"https:\/\/www.laguiadepamplona.com\/actualidad\/wp-json\/wp\/v2\/posts\/54086\/revisions"}],"predecessor-version":[{"id":54088,"href":"https:\/\/www.laguiadepamplona.com\/actualidad\/wp-json\/wp\/v2\/posts\/54086\/revisions\/54088"}],"wp:featuredmedia":[{"embeddable":true,"href":"https:\/\/www.laguiadepamplona.com\/actualidad\/wp-json\/wp\/v2\/media\/54087"}],"wp:attachment":[{"href":"https:\/\/www.laguiadepamplona.com\/actualidad\/wp-json\/wp\/v2\/media?parent=54086"}],"wp:term":[{"taxonomy":"category","embeddable":true,"href":"https:\/\/www.laguiadepamplona.com\/actualidad\/wp-json\/wp\/v2\/categories?post=54086"},{"taxonomy":"post_tag","embeddable":true,"href":"https:\/\/www.laguiadepamplona.com\/actualidad\/wp-json\/wp\/v2\/tags?post=54086"}],"curies":[{"name":"wp","href":"https:\/\/api.w.org\/{rel}","templated":true}]}}