{"id":53977,"date":"2025-10-29T15:03:50","date_gmt":"2025-10-29T13:03:50","guid":{"rendered":"https:\/\/www.laguiadepamplona.com\/actualidad\/?p=53977"},"modified":"2025-10-29T15:03:50","modified_gmt":"2025-10-29T13:03:50","slug":"civivox-condestable-acoge-la-segunda-edicion-del-ciclo-cultural-record-arte-que-convierte-la-expresion-artistica-en-una-herramienta-en-el-proceso-de-duelo","status":"publish","type":"post","link":"https:\/\/www.laguiadepamplona.com\/actualidad\/civivox-condestable-acoge-la-segunda-edicion-del-ciclo-cultural-record-arte-que-convierte-la-expresion-artistica-en-una-herramienta-en-el-proceso-de-duelo\/","title":{"rendered":"Civivox Condestable acoge la segunda edici\u00f3n del ciclo cultural Record-ARTE, que convierte la expresi\u00f3n art\u00edstica en una herramienta en el proceso de duelo"},"content":{"rendered":"<h2>Las actividades programadas incluyen varios conciertos, una performance, dos cortometrajes, una charla, un teatro y una exposici\u00f3n art\u00edstica<\/h2>\n<p><!--more--><\/p>\n<p>Con el arte como una forma de m\u00e1s para expresar y encauzar el duelo tras una p\u00e9rdida, vuelve a Civivox Condestable el ciclo cultural Record-ARTE, impulsado por la Asociaci\u00f3n Goizargi en colaboraci\u00f3n con el Ayuntamiento de Pamplona. A lo largo de un mes, desde este mi\u00e9rcoles, 29 de octubre, y hasta el 30 de noviembre, se han programado una serie de actividades relacionadas con la danza, la m\u00fasica, el cine, la literatura y el teatro. Adem\u00e1s, el patio del Palacio de Condestable acoger\u00e1 una instalaci\u00f3n art\u00edstica compuesta por l\u00e1grimas y paraguas, bajo el nombre \u2018Zutaz Blai: empaparme de ti\u2019.<\/p>\n<p>Precisamente Civivox Condestable ha acogido esta ma\u00f1ana la presentaci\u00f3n de toda la programaci\u00f3n de esta segunda edici\u00f3n del ciclo Record-ARTE. En ella han participado la t\u00e9cnica municipal Idoia Monje Jaurrieta; la directora de la Asociaci\u00f3n Goizargi, Rakel Mateo Sebasti\u00e1n; la directora del Conservatorio Profesional de M\u00fasica Pablo Sarasate, Mercedes Gorr\u00eda S\u00e1nchez; el director de la Escuela de Arte y Superior de Dise\u00f1o de Pamplona (EASD), I\u00f1aki Otsoa Etxeberria; y la directora de la compa\u00f1\u00eda La Banda Teatro Circo, Izaskun Lasarte Reguera.\u00a0 Todos ellos han trabajado de la mano para elaborar una programaci\u00f3n capaz de reivindicar que la expresi\u00f3n art\u00edstica puede servir y, de hecho, sirve como herramienta en el proceso de duelo.<\/p>\n<p>En esta nueva edici\u00f3n ha sido clave la colaboraci\u00f3n de la Escuela de Arte y Superior de Dise\u00f1o de Pamplona, que se ha implicado en su conjunto para dar forma a la exposici\u00f3n \u2018Zutaz Blai: empaparme de ti\u2019. M\u00e1s de 600 gotas de lluvia componen esta instalaci\u00f3n que surge de la reflexi\u00f3n del alumnado del centro, del profesorado y del personal administrativo de la escuela en torno al duelo y a la p\u00e9rdida. A ellos se han sumado tambi\u00e9n las personas usuarias de Goizargi, que han querido reflejar c\u00f3mo viven, piensan y sienten una p\u00e9rdida. Todas esas reflexiones han sido encapsuladas en cada una de las gotas, de forma individual, evocando as\u00ed, de forma conjunta el proceso de duelo: empaparse, llorar, escampar, tormenta, calma\u2026 Junto a las gotas de agua, la instalaci\u00f3n incluya m\u00e1s de 40 paraguas intervenidos colectivamente, que simbolizan el cobijo de las emociones y recuerdos que emanan de cada gota.<\/p>\n<p>La exposici\u00f3n culmina, en la primera planta del Palacio de Condestable, con un conjunto de obras art\u00edsticas sobre flores, mariposas, heridas y otros motivos simb\u00f3licos asociados al recuerdo, la belleza y el homenaje, en distintos formatos, tama\u00f1os y medios de expresi\u00f3n art\u00edstica.<\/p>\n<p><strong>Actividades hasta el 30 de noviembre<\/strong><\/p>\n<p>El ciclo ha comenzado este mismo mi\u00e9rcoles con un desfile por el centro de la ciudad al ritmo de la m\u00fasica de la Brass Band del Conservatorio Profesional de M\u00fasica Pablo Sarasate. Junto al alumnado de la Escuela de Arte y Superior de Dise\u00f1o de Pamplona el desfile ha recreado una Second Line, tradici\u00f3n cultural del cortejo f\u00fanebre de Nueva Orleans (Estados Unidos). El desfile ha comenzado el monumento al Encierro y tras recorrer diversas calles ha llegado a Civivox Condestable. Los integrantes del desfile han colgado en las paredes de la primera planta un conjunto de m\u00e1s de 40 paraguas, uno de los elementos principales de la exposici\u00f3n \u2018Zutaz Blai: empaparme de ti\u2019.<\/p>\n<p>Bajo esos paraguas y en el entorno de la exposici\u00f3n, este viernes, 31 de octubre, se ofrecer\u00e1 un concierto de c\u00e1mara de la mano del Conservatorio Profesional de M\u00fasica Pablo Sarasate. La cita ser\u00e1 a las 19 horas y se repetir\u00e1 el 28 de noviembre, en el mismo lugar.<\/p>\n<p>Por su parte, el domingo 2 de noviembre, a las 19 horas, la compa\u00f1\u00eda Komorebi Produkzioak presentar\u00e1 su performance Argilunak, en la que, a trav\u00e9s de la danza, la m\u00fasica y las proyecciones visuales, propone un espacio art\u00edstico que invita a abrazar los vac\u00edos y a reconocer la belleza que tambi\u00e9n emerge de la fragilidad y la p\u00e9rdida.<\/p>\n<p>El viernes 7 de noviembre se han programado dos cortometrajes que versan sobre la muerte y que ir\u00e1n seguidos de un coloquio entre sus directoras, una terapeuta de Goizargi y las personas asistentes. La sesi\u00f3n comenzar\u00e1 a las 19 horas. El primer filme es \u2018Arenillas\u2019 (Espa\u00f1a, 2024), de Marta Mart\u00edn, y el segundo audiovisual es \u2018D\u00e9jame ir\u2019 (Espa\u00f1a, 2024), de la directora navarra Mar\u00eda Monreal. Ambos tratan el duelo en la infancia desde la mirada de una ni\u00f1a y un ni\u00f1o.<\/p>\n<p>La literatura tendr\u00e1 su espacio el viernes 14 de noviembre, a las 18 horas, con una charla con el escritor Alejandro Palomas para hablar sobre su libro \u2018El d\u00eda que mi hermana quiso volar\u2019, una novela que trata el duelo de una familia tras la muerte por suicidio de Eva. Este mismo d\u00eda, a las 18 horas, hay programado un encuentro de mediaci\u00f3n en el que desde la Escuela de Artes y Superior de Dise\u00f1o de Pamplona y Goizargi se har\u00e1 un recorrido por la exposici\u00f3n para que las personas que acudan puedan conocer c\u00f3mo ha sido el proceso creativo de la muestra \u2018Zutz blai: empaparme de ti\u2019.<\/p>\n<p>El viernes 21 de noviembre, por su parte, la compa\u00f1\u00eda navarra La Banda Teatro Circo estrena su \u00faltima producci\u00f3n, <em>NUUR<\/em>, una obra familiar que nos traslada a un viaje po\u00e9tico, a un universo donde lo invisible cobra vida, donde los recuerdos iluminan la oscuridad, la imaginaci\u00f3n teje realidades y los sue\u00f1os abren portales. NUUR es la luz que queda cuando cerramos los ojos y recordamos a los que se fueron. Despu\u00e9s de la funci\u00f3n habr\u00e1 un coloquio.<\/p>\n<p>Todas las actividades son gratuitas, dirigidas a todos los p\u00fablicos y con entrada libre hasta completar aforo, excepto la danza y el teatro familiar, en las que es necesario inscribirse previamente a trav\u00e9s de <a href=\"http:\/\/www.pamplonaescultura.es\" target=\"_blank\" rel=\"noopener\">www.pamplonaescultura.es<\/a> y el tel\u00e9fono de atenci\u00f3n ciudadana 010.<\/p>\n<p>&nbsp;<\/p>\n<h3>Actividades Ciclo Record-ARTE. En Civivox Condestable.<\/h3>\n<ul>\n<li>Actividades:\n<ul>\n<li><strong>Exposici\u00f3n<\/strong> \u2018Zutaz Blai: empaparme de ti\u2019. Patio de Condestable. Hasta el 30 de noviembre.<\/li>\n<li>Mi\u00e9rcoles, 29 de octubre. <strong>Desfile<\/strong> de un cortejo f\u00fanebre. Desde el monumento del Encierro hasta Civivox Condestable. A las 11 horas.<\/li>\n<li>Viernes, 31 de octubre. <strong>Concierto<\/strong> de c\u00e1mara del Conservatorio Profesional de M\u00fasica Pablo Sarasate. A las 19 horas.<\/li>\n<li>Domingo, 2 de noviembre. <strong>Performance<\/strong> \u2018Argilunak\u2019, de la compa\u00f1\u00eda Komorebi Produkzioak. A las 19 horas.<\/li>\n<li>Viernes, 7 de noviembre. <strong>Proyecci\u00f3n y coloquio<\/strong> en torno a los cortometrajes \u2018Arenillas\u2019 y \u2018D\u00e9jame ir\u2019. A las 19 horas.<\/li>\n<li>Viernes, 14 de noviembre. <strong>Mediaci\u00f3n art\u00edstica <\/strong>sobre la exposici\u00f3n \u201cEmpaparme de ti\u201d. A las 18 horas.<\/li>\n<li>Viernes, 14 de noviembre. <strong>Encuentro literario <\/strong>con Alejandro Palomas sobre su libro \u201cEl d\u00eda que mi hermana quiso volar\u2019. A las 19 horas.<\/li>\n<li>Viernes, 21 de noviembre. <strong>Teatro<\/strong> \u2018Nuur\u2019, de la compa\u00f1\u00eda navarra La Banda Teatro Circo. A las 19 horas.<\/li>\n<li>Viernes, 28 de noviembre. <strong>Concierto<\/strong> de c\u00e1mara del Conservatorio Profesional de M\u00fasica Pablo Sarasate. A las 19 horas.<\/li>\n<\/ul>\n<\/li>\n<li>Todas las actividades son gratuitas, dirigidas a todos los p\u00fablicos y con entrada libre hasta completar aforo, excepto la danza y el teatro familiar, en las que es necesario inscribirse previamente a trav\u00e9s de <a href=\"http:\/\/www.pamplonaescultura.es\" target=\"_blank\" rel=\"noopener\">pamplonaescultura.es<\/a> y el tel\u00e9fono de atenci\u00f3n ciudadana 010.<\/li>\n<\/ul>\n","protected":false},"excerpt":{"rendered":"<p>Las actividades programadas incluyen varios conciertos, una performance, dos cortometrajes, una charla, un teatro y una exposici\u00f3n art\u00edstica<\/p>\n","protected":false},"author":1,"featured_media":53978,"comment_status":"open","ping_status":"closed","sticky":false,"template":"","format":"standard","meta":{"footnotes":""},"categories":[2],"tags":[],"class_list":["post-53977","post","type-post","status-publish","format-standard","has-post-thumbnail","hentry","category-ayuntamiento-pamplona"],"yoast_head":"<!-- This site is optimized with the Yoast SEO plugin v27.5 - https:\/\/yoast.com\/product\/yoast-seo-wordpress\/ -->\n<title>Civivox Condestable acoge la segunda edici\u00f3n del ciclo cultural Record-ARTE, que convierte la expresi\u00f3n art\u00edstica en una herramienta en el proceso de duelo<\/title>\n<meta name=\"description\" content=\"Las actividades programadas incluyen varios conciertos, una performance, dos cortometrajes, una charla, un teatro y una exposici\u00f3n art\u00edstica\" \/>\n<meta name=\"robots\" content=\"index, follow, max-snippet:-1, max-image-preview:large, max-video-preview:-1\" \/>\n<link rel=\"canonical\" href=\"https:\/\/www.laguiadepamplona.com\/actualidad\/civivox-condestable-acoge-la-segunda-edicion-del-ciclo-cultural-record-arte-que-convierte-la-expresion-artistica-en-una-herramienta-en-el-proceso-de-duelo\/\" \/>\n<meta property=\"og:locale\" content=\"es_ES\" \/>\n<meta property=\"og:type\" content=\"article\" \/>\n<meta property=\"og:title\" content=\"Civivox Condestable acoge la segunda edici\u00f3n del ciclo cultural Record-ARTE, que convierte la expresi\u00f3n art\u00edstica en una herramienta en el proceso de duelo\" \/>\n<meta property=\"og:description\" content=\"Las actividades programadas incluyen varios conciertos, una performance, dos cortometrajes, una charla, un teatro y una exposici\u00f3n art\u00edstica\" \/>\n<meta property=\"og:url\" content=\"https:\/\/www.laguiadepamplona.com\/actualidad\/civivox-condestable-acoge-la-segunda-edicion-del-ciclo-cultural-record-arte-que-convierte-la-expresion-artistica-en-una-herramienta-en-el-proceso-de-duelo\/\" \/>\n<meta property=\"og:site_name\" content=\"La Gu\u00eda de Pamplona\" \/>\n<meta property=\"article:publisher\" content=\"https:\/\/www.facebook.com\/laguiadepamplonacom-133175176762273\/?ref=hl\" \/>\n<meta property=\"article:published_time\" content=\"2025-10-29T13:03:50+00:00\" \/>\n<meta property=\"og:image\" content=\"https:\/\/www.laguiadepamplona.com\/actualidad\/wp-content\/uploads\/2025\/10\/record-arte.webp\" \/>\n\t<meta property=\"og:image:width\" content=\"1000\" \/>\n\t<meta property=\"og:image:height\" content=\"461\" \/>\n\t<meta property=\"og:image:type\" content=\"image\/webp\" \/>\n<meta name=\"author\" content=\"La Gu\u00eda de Pamplona\" \/>\n<meta name=\"twitter:card\" content=\"summary_large_image\" \/>\n<meta name=\"twitter:creator\" content=\"@LaGuiadPamplona\" \/>\n<meta name=\"twitter:site\" content=\"@LaGuiadPamplona\" \/>\n<meta name=\"twitter:label1\" content=\"Escrito por\" \/>\n\t<meta name=\"twitter:data1\" content=\"La Gu\u00eda de Pamplona\" \/>\n\t<meta name=\"twitter:label2\" content=\"Tiempo de lectura\" \/>\n\t<meta name=\"twitter:data2\" content=\"6 minutos\" \/>\n<script type=\"application\/ld+json\" class=\"yoast-schema-graph\">{\"@context\":\"https:\\\/\\\/schema.org\",\"@graph\":[{\"@type\":\"Article\",\"@id\":\"https:\\\/\\\/www.laguiadepamplona.com\\\/actualidad\\\/civivox-condestable-acoge-la-segunda-edicion-del-ciclo-cultural-record-arte-que-convierte-la-expresion-artistica-en-una-herramienta-en-el-proceso-de-duelo\\\/#article\",\"isPartOf\":{\"@id\":\"https:\\\/\\\/www.laguiadepamplona.com\\\/actualidad\\\/civivox-condestable-acoge-la-segunda-edicion-del-ciclo-cultural-record-arte-que-convierte-la-expresion-artistica-en-una-herramienta-en-el-proceso-de-duelo\\\/\"},\"author\":{\"name\":\"La Gu\u00eda de Pamplona\",\"@id\":\"https:\\\/\\\/www.laguiadepamplona.com\\\/actualidad\\\/#\\\/schema\\\/person\\\/efe887376f0213d4657c93adc50b1fdb\"},\"headline\":\"Civivox Condestable acoge la segunda edici\u00f3n del ciclo cultural Record-ARTE, que convierte la expresi\u00f3n art\u00edstica en una herramienta en el proceso de duelo\",\"datePublished\":\"2025-10-29T13:03:50+00:00\",\"mainEntityOfPage\":{\"@id\":\"https:\\\/\\\/www.laguiadepamplona.com\\\/actualidad\\\/civivox-condestable-acoge-la-segunda-edicion-del-ciclo-cultural-record-arte-que-convierte-la-expresion-artistica-en-una-herramienta-en-el-proceso-de-duelo\\\/\"},\"wordCount\":1273,\"commentCount\":0,\"publisher\":{\"@id\":\"https:\\\/\\\/www.laguiadepamplona.com\\\/actualidad\\\/#organization\"},\"image\":{\"@id\":\"https:\\\/\\\/www.laguiadepamplona.com\\\/actualidad\\\/civivox-condestable-acoge-la-segunda-edicion-del-ciclo-cultural-record-arte-que-convierte-la-expresion-artistica-en-una-herramienta-en-el-proceso-de-duelo\\\/#primaryimage\"},\"thumbnailUrl\":\"https:\\\/\\\/www.laguiadepamplona.com\\\/actualidad\\\/wp-content\\\/uploads\\\/2025\\\/10\\\/record-arte.webp\",\"articleSection\":[\"Ayto Pamplona\"],\"inLanguage\":\"es\",\"potentialAction\":[{\"@type\":\"CommentAction\",\"name\":\"Comment\",\"target\":[\"https:\\\/\\\/www.laguiadepamplona.com\\\/actualidad\\\/civivox-condestable-acoge-la-segunda-edicion-del-ciclo-cultural-record-arte-que-convierte-la-expresion-artistica-en-una-herramienta-en-el-proceso-de-duelo\\\/#respond\"]}]},{\"@type\":\"WebPage\",\"@id\":\"https:\\\/\\\/www.laguiadepamplona.com\\\/actualidad\\\/civivox-condestable-acoge-la-segunda-edicion-del-ciclo-cultural-record-arte-que-convierte-la-expresion-artistica-en-una-herramienta-en-el-proceso-de-duelo\\\/\",\"url\":\"https:\\\/\\\/www.laguiadepamplona.com\\\/actualidad\\\/civivox-condestable-acoge-la-segunda-edicion-del-ciclo-cultural-record-arte-que-convierte-la-expresion-artistica-en-una-herramienta-en-el-proceso-de-duelo\\\/\",\"name\":\"Civivox Condestable acoge la segunda edici\u00f3n del ciclo cultural Record-ARTE, que convierte la expresi\u00f3n art\u00edstica en una herramienta en el proceso de duelo\",\"isPartOf\":{\"@id\":\"https:\\\/\\\/www.laguiadepamplona.com\\\/actualidad\\\/#website\"},\"primaryImageOfPage\":{\"@id\":\"https:\\\/\\\/www.laguiadepamplona.com\\\/actualidad\\\/civivox-condestable-acoge-la-segunda-edicion-del-ciclo-cultural-record-arte-que-convierte-la-expresion-artistica-en-una-herramienta-en-el-proceso-de-duelo\\\/#primaryimage\"},\"image\":{\"@id\":\"https:\\\/\\\/www.laguiadepamplona.com\\\/actualidad\\\/civivox-condestable-acoge-la-segunda-edicion-del-ciclo-cultural-record-arte-que-convierte-la-expresion-artistica-en-una-herramienta-en-el-proceso-de-duelo\\\/#primaryimage\"},\"thumbnailUrl\":\"https:\\\/\\\/www.laguiadepamplona.com\\\/actualidad\\\/wp-content\\\/uploads\\\/2025\\\/10\\\/record-arte.webp\",\"datePublished\":\"2025-10-29T13:03:50+00:00\",\"description\":\"Las actividades programadas incluyen varios conciertos, una performance, dos cortometrajes, una charla, un teatro y una exposici\u00f3n art\u00edstica\",\"breadcrumb\":{\"@id\":\"https:\\\/\\\/www.laguiadepamplona.com\\\/actualidad\\\/civivox-condestable-acoge-la-segunda-edicion-del-ciclo-cultural-record-arte-que-convierte-la-expresion-artistica-en-una-herramienta-en-el-proceso-de-duelo\\\/#breadcrumb\"},\"inLanguage\":\"es\",\"potentialAction\":[{\"@type\":\"ReadAction\",\"target\":[\"https:\\\/\\\/www.laguiadepamplona.com\\\/actualidad\\\/civivox-condestable-acoge-la-segunda-edicion-del-ciclo-cultural-record-arte-que-convierte-la-expresion-artistica-en-una-herramienta-en-el-proceso-de-duelo\\\/\"]}]},{\"@type\":\"ImageObject\",\"inLanguage\":\"es\",\"@id\":\"https:\\\/\\\/www.laguiadepamplona.com\\\/actualidad\\\/civivox-condestable-acoge-la-segunda-edicion-del-ciclo-cultural-record-arte-que-convierte-la-expresion-artistica-en-una-herramienta-en-el-proceso-de-duelo\\\/#primaryimage\",\"url\":\"https:\\\/\\\/www.laguiadepamplona.com\\\/actualidad\\\/wp-content\\\/uploads\\\/2025\\\/10\\\/record-arte.webp\",\"contentUrl\":\"https:\\\/\\\/www.laguiadepamplona.com\\\/actualidad\\\/wp-content\\\/uploads\\\/2025\\\/10\\\/record-arte.webp\",\"width\":1000,\"height\":461,\"caption\":\"record-arte\"},{\"@type\":\"BreadcrumbList\",\"@id\":\"https:\\\/\\\/www.laguiadepamplona.com\\\/actualidad\\\/civivox-condestable-acoge-la-segunda-edicion-del-ciclo-cultural-record-arte-que-convierte-la-expresion-artistica-en-una-herramienta-en-el-proceso-de-duelo\\\/#breadcrumb\",\"itemListElement\":[{\"@type\":\"ListItem\",\"position\":1,\"name\":\"Portada\",\"item\":\"https:\\\/\\\/www.laguiadepamplona.com\\\/actualidad\\\/\"},{\"@type\":\"ListItem\",\"position\":2,\"name\":\"Civivox Condestable acoge la segunda edici\u00f3n del ciclo cultural Record-ARTE, que convierte la expresi\u00f3n art\u00edstica en una herramienta en el proceso de duelo\"}]},{\"@type\":\"WebSite\",\"@id\":\"https:\\\/\\\/www.laguiadepamplona.com\\\/actualidad\\\/#website\",\"url\":\"https:\\\/\\\/www.laguiadepamplona.com\\\/actualidad\\\/\",\"name\":\"La gu\u00eda de Pamplona\",\"description\":\"Noticias de Pamplona\",\"publisher\":{\"@id\":\"https:\\\/\\\/www.laguiadepamplona.com\\\/actualidad\\\/#organization\"},\"potentialAction\":[{\"@type\":\"SearchAction\",\"target\":{\"@type\":\"EntryPoint\",\"urlTemplate\":\"https:\\\/\\\/www.laguiadepamplona.com\\\/actualidad\\\/?s={search_term_string}\"},\"query-input\":{\"@type\":\"PropertyValueSpecification\",\"valueRequired\":true,\"valueName\":\"search_term_string\"}}],\"inLanguage\":\"es\"},{\"@type\":\"Organization\",\"@id\":\"https:\\\/\\\/www.laguiadepamplona.com\\\/actualidad\\\/#organization\",\"name\":\"La Gu\u00eda de Pamplona \\\/ Noticias\",\"url\":\"https:\\\/\\\/www.laguiadepamplona.com\\\/actualidad\\\/\",\"logo\":{\"@type\":\"ImageObject\",\"inLanguage\":\"es\",\"@id\":\"https:\\\/\\\/www.laguiadepamplona.com\\\/actualidad\\\/#\\\/schema\\\/logo\\\/image\\\/\",\"url\":\"https:\\\/\\\/www.laguiadepamplona.com\\\/actualidad\\\/wp-content\\\/uploads\\\/2018\\\/11\\\/logo-laguiadepamplona18-web1.png\",\"contentUrl\":\"https:\\\/\\\/www.laguiadepamplona.com\\\/actualidad\\\/wp-content\\\/uploads\\\/2018\\\/11\\\/logo-laguiadepamplona18-web1.png\",\"width\":600,\"height\":196,\"caption\":\"La Gu\u00eda de Pamplona \\\/ Noticias\"},\"image\":{\"@id\":\"https:\\\/\\\/www.laguiadepamplona.com\\\/actualidad\\\/#\\\/schema\\\/logo\\\/image\\\/\"},\"sameAs\":[\"https:\\\/\\\/www.facebook.com\\\/laguiadepamplonacom-133175176762273\\\/?ref=hl\",\"https:\\\/\\\/x.com\\\/LaGuiadPamplona\",\"https:\\\/\\\/www.instagram.com\\\/la_guia_de_pamplona\\\/\",\"https:\\\/\\\/www.youtube.com\\\/user\\\/laguiadepamplona\"]},{\"@type\":\"Person\",\"@id\":\"https:\\\/\\\/www.laguiadepamplona.com\\\/actualidad\\\/#\\\/schema\\\/person\\\/efe887376f0213d4657c93adc50b1fdb\",\"name\":\"La Gu\u00eda de Pamplona\",\"image\":{\"@type\":\"ImageObject\",\"inLanguage\":\"es\",\"@id\":\"https:\\\/\\\/secure.gravatar.com\\\/avatar\\\/b6992f131dc8d30ab0dff15446e9d346d9dbd95992de0fef795073f5ea83a81c?s=96&d=mm&r=g\",\"url\":\"https:\\\/\\\/secure.gravatar.com\\\/avatar\\\/b6992f131dc8d30ab0dff15446e9d346d9dbd95992de0fef795073f5ea83a81c?s=96&d=mm&r=g\",\"contentUrl\":\"https:\\\/\\\/secure.gravatar.com\\\/avatar\\\/b6992f131dc8d30ab0dff15446e9d346d9dbd95992de0fef795073f5ea83a81c?s=96&d=mm&r=g\",\"caption\":\"La Gu\u00eda de Pamplona\"}}]}<\/script>\n<!-- \/ Yoast SEO plugin. -->","yoast_head_json":{"title":"Civivox Condestable acoge la segunda edici\u00f3n del ciclo cultural Record-ARTE, que convierte la expresi\u00f3n art\u00edstica en una herramienta en el proceso de duelo","description":"Las actividades programadas incluyen varios conciertos, una performance, dos cortometrajes, una charla, un teatro y una exposici\u00f3n art\u00edstica","robots":{"index":"index","follow":"follow","max-snippet":"max-snippet:-1","max-image-preview":"max-image-preview:large","max-video-preview":"max-video-preview:-1"},"canonical":"https:\/\/www.laguiadepamplona.com\/actualidad\/civivox-condestable-acoge-la-segunda-edicion-del-ciclo-cultural-record-arte-que-convierte-la-expresion-artistica-en-una-herramienta-en-el-proceso-de-duelo\/","og_locale":"es_ES","og_type":"article","og_title":"Civivox Condestable acoge la segunda edici\u00f3n del ciclo cultural Record-ARTE, que convierte la expresi\u00f3n art\u00edstica en una herramienta en el proceso de duelo","og_description":"Las actividades programadas incluyen varios conciertos, una performance, dos cortometrajes, una charla, un teatro y una exposici\u00f3n art\u00edstica","og_url":"https:\/\/www.laguiadepamplona.com\/actualidad\/civivox-condestable-acoge-la-segunda-edicion-del-ciclo-cultural-record-arte-que-convierte-la-expresion-artistica-en-una-herramienta-en-el-proceso-de-duelo\/","og_site_name":"La Gu\u00eda de Pamplona","article_publisher":"https:\/\/www.facebook.com\/laguiadepamplonacom-133175176762273\/?ref=hl","article_published_time":"2025-10-29T13:03:50+00:00","og_image":[{"width":1000,"height":461,"url":"https:\/\/www.laguiadepamplona.com\/actualidad\/wp-content\/uploads\/2025\/10\/record-arte.webp","type":"image\/webp"}],"author":"La Gu\u00eda de Pamplona","twitter_card":"summary_large_image","twitter_creator":"@LaGuiadPamplona","twitter_site":"@LaGuiadPamplona","twitter_misc":{"Escrito por":"La Gu\u00eda de Pamplona","Tiempo de lectura":"6 minutos"},"schema":{"@context":"https:\/\/schema.org","@graph":[{"@type":"Article","@id":"https:\/\/www.laguiadepamplona.com\/actualidad\/civivox-condestable-acoge-la-segunda-edicion-del-ciclo-cultural-record-arte-que-convierte-la-expresion-artistica-en-una-herramienta-en-el-proceso-de-duelo\/#article","isPartOf":{"@id":"https:\/\/www.laguiadepamplona.com\/actualidad\/civivox-condestable-acoge-la-segunda-edicion-del-ciclo-cultural-record-arte-que-convierte-la-expresion-artistica-en-una-herramienta-en-el-proceso-de-duelo\/"},"author":{"name":"La Gu\u00eda de Pamplona","@id":"https:\/\/www.laguiadepamplona.com\/actualidad\/#\/schema\/person\/efe887376f0213d4657c93adc50b1fdb"},"headline":"Civivox Condestable acoge la segunda edici\u00f3n del ciclo cultural Record-ARTE, que convierte la expresi\u00f3n art\u00edstica en una herramienta en el proceso de duelo","datePublished":"2025-10-29T13:03:50+00:00","mainEntityOfPage":{"@id":"https:\/\/www.laguiadepamplona.com\/actualidad\/civivox-condestable-acoge-la-segunda-edicion-del-ciclo-cultural-record-arte-que-convierte-la-expresion-artistica-en-una-herramienta-en-el-proceso-de-duelo\/"},"wordCount":1273,"commentCount":0,"publisher":{"@id":"https:\/\/www.laguiadepamplona.com\/actualidad\/#organization"},"image":{"@id":"https:\/\/www.laguiadepamplona.com\/actualidad\/civivox-condestable-acoge-la-segunda-edicion-del-ciclo-cultural-record-arte-que-convierte-la-expresion-artistica-en-una-herramienta-en-el-proceso-de-duelo\/#primaryimage"},"thumbnailUrl":"https:\/\/www.laguiadepamplona.com\/actualidad\/wp-content\/uploads\/2025\/10\/record-arte.webp","articleSection":["Ayto Pamplona"],"inLanguage":"es","potentialAction":[{"@type":"CommentAction","name":"Comment","target":["https:\/\/www.laguiadepamplona.com\/actualidad\/civivox-condestable-acoge-la-segunda-edicion-del-ciclo-cultural-record-arte-que-convierte-la-expresion-artistica-en-una-herramienta-en-el-proceso-de-duelo\/#respond"]}]},{"@type":"WebPage","@id":"https:\/\/www.laguiadepamplona.com\/actualidad\/civivox-condestable-acoge-la-segunda-edicion-del-ciclo-cultural-record-arte-que-convierte-la-expresion-artistica-en-una-herramienta-en-el-proceso-de-duelo\/","url":"https:\/\/www.laguiadepamplona.com\/actualidad\/civivox-condestable-acoge-la-segunda-edicion-del-ciclo-cultural-record-arte-que-convierte-la-expresion-artistica-en-una-herramienta-en-el-proceso-de-duelo\/","name":"Civivox Condestable acoge la segunda edici\u00f3n del ciclo cultural Record-ARTE, que convierte la expresi\u00f3n art\u00edstica en una herramienta en el proceso de duelo","isPartOf":{"@id":"https:\/\/www.laguiadepamplona.com\/actualidad\/#website"},"primaryImageOfPage":{"@id":"https:\/\/www.laguiadepamplona.com\/actualidad\/civivox-condestable-acoge-la-segunda-edicion-del-ciclo-cultural-record-arte-que-convierte-la-expresion-artistica-en-una-herramienta-en-el-proceso-de-duelo\/#primaryimage"},"image":{"@id":"https:\/\/www.laguiadepamplona.com\/actualidad\/civivox-condestable-acoge-la-segunda-edicion-del-ciclo-cultural-record-arte-que-convierte-la-expresion-artistica-en-una-herramienta-en-el-proceso-de-duelo\/#primaryimage"},"thumbnailUrl":"https:\/\/www.laguiadepamplona.com\/actualidad\/wp-content\/uploads\/2025\/10\/record-arte.webp","datePublished":"2025-10-29T13:03:50+00:00","description":"Las actividades programadas incluyen varios conciertos, una performance, dos cortometrajes, una charla, un teatro y una exposici\u00f3n art\u00edstica","breadcrumb":{"@id":"https:\/\/www.laguiadepamplona.com\/actualidad\/civivox-condestable-acoge-la-segunda-edicion-del-ciclo-cultural-record-arte-que-convierte-la-expresion-artistica-en-una-herramienta-en-el-proceso-de-duelo\/#breadcrumb"},"inLanguage":"es","potentialAction":[{"@type":"ReadAction","target":["https:\/\/www.laguiadepamplona.com\/actualidad\/civivox-condestable-acoge-la-segunda-edicion-del-ciclo-cultural-record-arte-que-convierte-la-expresion-artistica-en-una-herramienta-en-el-proceso-de-duelo\/"]}]},{"@type":"ImageObject","inLanguage":"es","@id":"https:\/\/www.laguiadepamplona.com\/actualidad\/civivox-condestable-acoge-la-segunda-edicion-del-ciclo-cultural-record-arte-que-convierte-la-expresion-artistica-en-una-herramienta-en-el-proceso-de-duelo\/#primaryimage","url":"https:\/\/www.laguiadepamplona.com\/actualidad\/wp-content\/uploads\/2025\/10\/record-arte.webp","contentUrl":"https:\/\/www.laguiadepamplona.com\/actualidad\/wp-content\/uploads\/2025\/10\/record-arte.webp","width":1000,"height":461,"caption":"record-arte"},{"@type":"BreadcrumbList","@id":"https:\/\/www.laguiadepamplona.com\/actualidad\/civivox-condestable-acoge-la-segunda-edicion-del-ciclo-cultural-record-arte-que-convierte-la-expresion-artistica-en-una-herramienta-en-el-proceso-de-duelo\/#breadcrumb","itemListElement":[{"@type":"ListItem","position":1,"name":"Portada","item":"https:\/\/www.laguiadepamplona.com\/actualidad\/"},{"@type":"ListItem","position":2,"name":"Civivox Condestable acoge la segunda edici\u00f3n del ciclo cultural Record-ARTE, que convierte la expresi\u00f3n art\u00edstica en una herramienta en el proceso de duelo"}]},{"@type":"WebSite","@id":"https:\/\/www.laguiadepamplona.com\/actualidad\/#website","url":"https:\/\/www.laguiadepamplona.com\/actualidad\/","name":"La gu\u00eda de Pamplona","description":"Noticias de Pamplona","publisher":{"@id":"https:\/\/www.laguiadepamplona.com\/actualidad\/#organization"},"potentialAction":[{"@type":"SearchAction","target":{"@type":"EntryPoint","urlTemplate":"https:\/\/www.laguiadepamplona.com\/actualidad\/?s={search_term_string}"},"query-input":{"@type":"PropertyValueSpecification","valueRequired":true,"valueName":"search_term_string"}}],"inLanguage":"es"},{"@type":"Organization","@id":"https:\/\/www.laguiadepamplona.com\/actualidad\/#organization","name":"La Gu\u00eda de Pamplona \/ Noticias","url":"https:\/\/www.laguiadepamplona.com\/actualidad\/","logo":{"@type":"ImageObject","inLanguage":"es","@id":"https:\/\/www.laguiadepamplona.com\/actualidad\/#\/schema\/logo\/image\/","url":"https:\/\/www.laguiadepamplona.com\/actualidad\/wp-content\/uploads\/2018\/11\/logo-laguiadepamplona18-web1.png","contentUrl":"https:\/\/www.laguiadepamplona.com\/actualidad\/wp-content\/uploads\/2018\/11\/logo-laguiadepamplona18-web1.png","width":600,"height":196,"caption":"La Gu\u00eda de Pamplona \/ Noticias"},"image":{"@id":"https:\/\/www.laguiadepamplona.com\/actualidad\/#\/schema\/logo\/image\/"},"sameAs":["https:\/\/www.facebook.com\/laguiadepamplonacom-133175176762273\/?ref=hl","https:\/\/x.com\/LaGuiadPamplona","https:\/\/www.instagram.com\/la_guia_de_pamplona\/","https:\/\/www.youtube.com\/user\/laguiadepamplona"]},{"@type":"Person","@id":"https:\/\/www.laguiadepamplona.com\/actualidad\/#\/schema\/person\/efe887376f0213d4657c93adc50b1fdb","name":"La Gu\u00eda de Pamplona","image":{"@type":"ImageObject","inLanguage":"es","@id":"https:\/\/secure.gravatar.com\/avatar\/b6992f131dc8d30ab0dff15446e9d346d9dbd95992de0fef795073f5ea83a81c?s=96&d=mm&r=g","url":"https:\/\/secure.gravatar.com\/avatar\/b6992f131dc8d30ab0dff15446e9d346d9dbd95992de0fef795073f5ea83a81c?s=96&d=mm&r=g","contentUrl":"https:\/\/secure.gravatar.com\/avatar\/b6992f131dc8d30ab0dff15446e9d346d9dbd95992de0fef795073f5ea83a81c?s=96&d=mm&r=g","caption":"La Gu\u00eda de Pamplona"}}]}},"post_mailing_queue_ids":[],"_links":{"self":[{"href":"https:\/\/www.laguiadepamplona.com\/actualidad\/wp-json\/wp\/v2\/posts\/53977","targetHints":{"allow":["GET"]}}],"collection":[{"href":"https:\/\/www.laguiadepamplona.com\/actualidad\/wp-json\/wp\/v2\/posts"}],"about":[{"href":"https:\/\/www.laguiadepamplona.com\/actualidad\/wp-json\/wp\/v2\/types\/post"}],"author":[{"embeddable":true,"href":"https:\/\/www.laguiadepamplona.com\/actualidad\/wp-json\/wp\/v2\/users\/1"}],"replies":[{"embeddable":true,"href":"https:\/\/www.laguiadepamplona.com\/actualidad\/wp-json\/wp\/v2\/comments?post=53977"}],"version-history":[{"count":1,"href":"https:\/\/www.laguiadepamplona.com\/actualidad\/wp-json\/wp\/v2\/posts\/53977\/revisions"}],"predecessor-version":[{"id":53979,"href":"https:\/\/www.laguiadepamplona.com\/actualidad\/wp-json\/wp\/v2\/posts\/53977\/revisions\/53979"}],"wp:featuredmedia":[{"embeddable":true,"href":"https:\/\/www.laguiadepamplona.com\/actualidad\/wp-json\/wp\/v2\/media\/53978"}],"wp:attachment":[{"href":"https:\/\/www.laguiadepamplona.com\/actualidad\/wp-json\/wp\/v2\/media?parent=53977"}],"wp:term":[{"taxonomy":"category","embeddable":true,"href":"https:\/\/www.laguiadepamplona.com\/actualidad\/wp-json\/wp\/v2\/categories?post=53977"},{"taxonomy":"post_tag","embeddable":true,"href":"https:\/\/www.laguiadepamplona.com\/actualidad\/wp-json\/wp\/v2\/tags?post=53977"}],"curies":[{"name":"wp","href":"https:\/\/api.w.org\/{rel}","templated":true}]}}