{"id":53924,"date":"2025-10-15T19:23:20","date_gmt":"2025-10-15T17:23:20","guid":{"rendered":"https:\/\/www.laguiadepamplona.com\/actualidad\/?p=53924"},"modified":"2025-10-15T19:23:20","modified_gmt":"2025-10-15T17:23:20","slug":"el-ayuntamiento-rotulara-45-vehiculos-de-la-flota-municipal-con-la-imagen-de-marca-pamplona-y-su-lema-pamplona-bagara-iruna-de-verdad","status":"publish","type":"post","link":"https:\/\/www.laguiadepamplona.com\/actualidad\/el-ayuntamiento-rotulara-45-vehiculos-de-la-flota-municipal-con-la-imagen-de-marca-pamplona-y-su-lema-pamplona-bagara-iruna-de-verdad\/","title":{"rendered":"El Ayuntamiento rotular\u00e1 45 veh\u00edculos de la flota municipal con la imagen de Marca Pamplona y su lema \u2018Pamplona = Bagara; Iru\u00f1a = De verdad\u201d"},"content":{"rendered":"<h2>Se invertir\u00e1n 130.680 euros para una rotulaci\u00f3n en verde, blanco y con una franja vertical ajedrezada, que deber\u00e1 estar concluida para final de a\u00f1o<\/h2>\n<p><!--more--><\/p>\n<p>La Junta de Gobierno Local ha aprobado la licitaci\u00f3n de un contrato para la rotulaci\u00f3n de 45 veh\u00edculos de la flota municipal, de las \u00e1reas de Conservaci\u00f3n Urbana, Servicios Sociales, Educaci\u00f3n y Recursos Humanos, de acuerdo con la imagen de Marca Pamplona. El Ayuntamiento de Pamplona va a invertir 130.680 euros, con un plazo de ejecuci\u00f3n de dos meses. La rotulaci\u00f3n deber\u00e1 estar concluida para final de a\u00f1o.<\/p>\n<p>Marca Pamplona, con el lema \u2018Pamplona = Bagara; Iru\u00f1a = De verdad\u2019, persigue involucrar la ciudadan\u00eda y a los agentes sociales en la proyecci\u00f3n de una ciudad que desde su historia y sus ra\u00edces busca consolidarse como una ciudad plural y de vanguardia. A trav\u00e9s de esta identidad visual, el Ayuntamiento de Pamplona busca plasmar la autenticidad y pluralidad de la ciudad y de sus gentes, que buscan lugares de encuentro. La paleta de color de la nueva marca Pamplona parte del verde de su bandera que es, adem\u00e1s, expresi\u00f3n de sus parques, zonas verdes y vanguardia en sostenibilidad.<\/p>\n<p>Los veh\u00edculos se rotular\u00e1n en verde y blanco con una franja vertical ajedrezada multicolor que separar\u00e1 ambos colores. La superficie verde ocupar\u00e1 como m\u00ednimo el 50% del veh\u00edculo. En la parte trasera, bien en las puertas, en los portones o en los cristales seg\u00fan el tipo de veh\u00edculo y tambi\u00e9n en el techo, se podr\u00e1 leer la leyenda \u2018Pamplona = Bagara; Iru\u00f1a = De verdad\u2019. En funci\u00f3n del veh\u00edculo, los dise\u00f1os incluyen tambi\u00e9n el logo del Ayuntamiento, el de las contratas u otras declinaciones de la Marca Pamplona.<\/p>\n<p>El contrato recoge como tareas a realizar la retirada de la serigraf\u00eda anterior y la adecuaci\u00f3n del veh\u00edculo para la aplicaci\u00f3n de la pintura. Adem\u00e1s, se deben adecuar los dise\u00f1os al manual de estilo que se ha implementado y se debe llevar a cabo tanto el pintado exterior como la instalaci\u00f3n de vinilos para los logotipos y la franja vertical ajedrezada.<\/p>\n","protected":false},"excerpt":{"rendered":"<p>Se invertir\u00e1n 130.680 euros para una rotulaci\u00f3n en verde, blanco y con una franja vertical ajedrezada, que deber\u00e1 estar concluida para final de a\u00f1o<\/p>\n","protected":false},"author":1,"featured_media":53925,"comment_status":"open","ping_status":"closed","sticky":false,"template":"","format":"standard","meta":{"footnotes":""},"categories":[2],"tags":[],"class_list":["post-53924","post","type-post","status-publish","format-standard","has-post-thumbnail","hentry","category-ayuntamiento-pamplona"],"yoast_head":"<!-- This site is optimized with the Yoast SEO plugin v27.3 - https:\/\/yoast.com\/product\/yoast-seo-wordpress\/ -->\n<title>El Ayuntamiento rotular\u00e1 45 veh\u00edculos de la flota municipal con la imagen de Marca Pamplona y su lema \u2018Pamplona = Bagara; Iru\u00f1a = De verdad\u201d<\/title>\n<meta name=\"description\" content=\"Se invertir\u00e1n 130.680 euros para una rotulaci\u00f3n en verde, blanco y con una franja vertical ajedrezada, que deber\u00e1 estar concluida para final de a\u00f1o\" \/>\n<meta name=\"robots\" content=\"index, follow, max-snippet:-1, max-image-preview:large, max-video-preview:-1\" \/>\n<link rel=\"canonical\" href=\"https:\/\/www.laguiadepamplona.com\/actualidad\/el-ayuntamiento-rotulara-45-vehiculos-de-la-flota-municipal-con-la-imagen-de-marca-pamplona-y-su-lema-pamplona-bagara-iruna-de-verdad\/\" \/>\n<meta property=\"og:locale\" content=\"es_ES\" \/>\n<meta property=\"og:type\" content=\"article\" \/>\n<meta property=\"og:title\" content=\"El Ayuntamiento rotular\u00e1 45 veh\u00edculos de la flota municipal con la imagen de Marca Pamplona y su lema \u2018Pamplona = Bagara; Iru\u00f1a = De verdad\u201d\" \/>\n<meta property=\"og:description\" content=\"Se invertir\u00e1n 130.680 euros para una rotulaci\u00f3n en verde, blanco y con una franja vertical ajedrezada, que deber\u00e1 estar concluida para final de a\u00f1o\" \/>\n<meta property=\"og:url\" content=\"https:\/\/www.laguiadepamplona.com\/actualidad\/el-ayuntamiento-rotulara-45-vehiculos-de-la-flota-municipal-con-la-imagen-de-marca-pamplona-y-su-lema-pamplona-bagara-iruna-de-verdad\/\" \/>\n<meta property=\"og:site_name\" content=\"La Gu\u00eda de Pamplona\" \/>\n<meta property=\"article:publisher\" content=\"https:\/\/www.facebook.com\/laguiadepamplonacom-133175176762273\/?ref=hl\" \/>\n<meta property=\"article:published_time\" content=\"2025-10-15T17:23:20+00:00\" \/>\n<meta property=\"og:image\" content=\"https:\/\/www.laguiadepamplona.com\/actualidad\/wp-content\/uploads\/2025\/10\/marca-pamplona-bagara_web.jpg\" \/>\n\t<meta property=\"og:image:width\" content=\"1500\" \/>\n\t<meta property=\"og:image:height\" content=\"288\" \/>\n\t<meta property=\"og:image:type\" content=\"image\/jpeg\" \/>\n<meta name=\"author\" content=\"La Gu\u00eda de Pamplona\" \/>\n<meta name=\"twitter:card\" content=\"summary_large_image\" \/>\n<meta name=\"twitter:creator\" content=\"@LaGuiadPamplona\" \/>\n<meta name=\"twitter:site\" content=\"@LaGuiadPamplona\" \/>\n<meta name=\"twitter:label1\" content=\"Escrito por\" \/>\n\t<meta name=\"twitter:data1\" content=\"La Gu\u00eda de Pamplona\" \/>\n\t<meta name=\"twitter:label2\" content=\"Tiempo de lectura\" \/>\n\t<meta name=\"twitter:data2\" content=\"2 minutos\" \/>\n<script type=\"application\/ld+json\" class=\"yoast-schema-graph\">{\"@context\":\"https:\\\/\\\/schema.org\",\"@graph\":[{\"@type\":\"Article\",\"@id\":\"https:\\\/\\\/www.laguiadepamplona.com\\\/actualidad\\\/el-ayuntamiento-rotulara-45-vehiculos-de-la-flota-municipal-con-la-imagen-de-marca-pamplona-y-su-lema-pamplona-bagara-iruna-de-verdad\\\/#article\",\"isPartOf\":{\"@id\":\"https:\\\/\\\/www.laguiadepamplona.com\\\/actualidad\\\/el-ayuntamiento-rotulara-45-vehiculos-de-la-flota-municipal-con-la-imagen-de-marca-pamplona-y-su-lema-pamplona-bagara-iruna-de-verdad\\\/\"},\"author\":{\"name\":\"La Gu\u00eda de Pamplona\",\"@id\":\"https:\\\/\\\/www.laguiadepamplona.com\\\/actualidad\\\/#\\\/schema\\\/person\\\/efe887376f0213d4657c93adc50b1fdb\"},\"headline\":\"El Ayuntamiento rotular\u00e1 45 veh\u00edculos de la flota municipal con la imagen de Marca Pamplona y su lema \u2018Pamplona = Bagara; Iru\u00f1a = De verdad\u201d\",\"datePublished\":\"2025-10-15T17:23:20+00:00\",\"mainEntityOfPage\":{\"@id\":\"https:\\\/\\\/www.laguiadepamplona.com\\\/actualidad\\\/el-ayuntamiento-rotulara-45-vehiculos-de-la-flota-municipal-con-la-imagen-de-marca-pamplona-y-su-lema-pamplona-bagara-iruna-de-verdad\\\/\"},\"wordCount\":393,\"commentCount\":0,\"publisher\":{\"@id\":\"https:\\\/\\\/www.laguiadepamplona.com\\\/actualidad\\\/#organization\"},\"image\":{\"@id\":\"https:\\\/\\\/www.laguiadepamplona.com\\\/actualidad\\\/el-ayuntamiento-rotulara-45-vehiculos-de-la-flota-municipal-con-la-imagen-de-marca-pamplona-y-su-lema-pamplona-bagara-iruna-de-verdad\\\/#primaryimage\"},\"thumbnailUrl\":\"https:\\\/\\\/www.laguiadepamplona.com\\\/actualidad\\\/wp-content\\\/uploads\\\/2025\\\/10\\\/marca-pamplona-bagara_web.jpg\",\"articleSection\":[\"Ayto Pamplona\"],\"inLanguage\":\"es\",\"potentialAction\":[{\"@type\":\"CommentAction\",\"name\":\"Comment\",\"target\":[\"https:\\\/\\\/www.laguiadepamplona.com\\\/actualidad\\\/el-ayuntamiento-rotulara-45-vehiculos-de-la-flota-municipal-con-la-imagen-de-marca-pamplona-y-su-lema-pamplona-bagara-iruna-de-verdad\\\/#respond\"]}]},{\"@type\":\"WebPage\",\"@id\":\"https:\\\/\\\/www.laguiadepamplona.com\\\/actualidad\\\/el-ayuntamiento-rotulara-45-vehiculos-de-la-flota-municipal-con-la-imagen-de-marca-pamplona-y-su-lema-pamplona-bagara-iruna-de-verdad\\\/\",\"url\":\"https:\\\/\\\/www.laguiadepamplona.com\\\/actualidad\\\/el-ayuntamiento-rotulara-45-vehiculos-de-la-flota-municipal-con-la-imagen-de-marca-pamplona-y-su-lema-pamplona-bagara-iruna-de-verdad\\\/\",\"name\":\"El Ayuntamiento rotular\u00e1 45 veh\u00edculos de la flota municipal con la imagen de Marca Pamplona y su lema \u2018Pamplona = Bagara; Iru\u00f1a = De verdad\u201d\",\"isPartOf\":{\"@id\":\"https:\\\/\\\/www.laguiadepamplona.com\\\/actualidad\\\/#website\"},\"primaryImageOfPage\":{\"@id\":\"https:\\\/\\\/www.laguiadepamplona.com\\\/actualidad\\\/el-ayuntamiento-rotulara-45-vehiculos-de-la-flota-municipal-con-la-imagen-de-marca-pamplona-y-su-lema-pamplona-bagara-iruna-de-verdad\\\/#primaryimage\"},\"image\":{\"@id\":\"https:\\\/\\\/www.laguiadepamplona.com\\\/actualidad\\\/el-ayuntamiento-rotulara-45-vehiculos-de-la-flota-municipal-con-la-imagen-de-marca-pamplona-y-su-lema-pamplona-bagara-iruna-de-verdad\\\/#primaryimage\"},\"thumbnailUrl\":\"https:\\\/\\\/www.laguiadepamplona.com\\\/actualidad\\\/wp-content\\\/uploads\\\/2025\\\/10\\\/marca-pamplona-bagara_web.jpg\",\"datePublished\":\"2025-10-15T17:23:20+00:00\",\"description\":\"Se invertir\u00e1n 130.680 euros para una rotulaci\u00f3n en verde, blanco y con una franja vertical ajedrezada, que deber\u00e1 estar concluida para final de a\u00f1o\",\"breadcrumb\":{\"@id\":\"https:\\\/\\\/www.laguiadepamplona.com\\\/actualidad\\\/el-ayuntamiento-rotulara-45-vehiculos-de-la-flota-municipal-con-la-imagen-de-marca-pamplona-y-su-lema-pamplona-bagara-iruna-de-verdad\\\/#breadcrumb\"},\"inLanguage\":\"es\",\"potentialAction\":[{\"@type\":\"ReadAction\",\"target\":[\"https:\\\/\\\/www.laguiadepamplona.com\\\/actualidad\\\/el-ayuntamiento-rotulara-45-vehiculos-de-la-flota-municipal-con-la-imagen-de-marca-pamplona-y-su-lema-pamplona-bagara-iruna-de-verdad\\\/\"]}]},{\"@type\":\"ImageObject\",\"inLanguage\":\"es\",\"@id\":\"https:\\\/\\\/www.laguiadepamplona.com\\\/actualidad\\\/el-ayuntamiento-rotulara-45-vehiculos-de-la-flota-municipal-con-la-imagen-de-marca-pamplona-y-su-lema-pamplona-bagara-iruna-de-verdad\\\/#primaryimage\",\"url\":\"https:\\\/\\\/www.laguiadepamplona.com\\\/actualidad\\\/wp-content\\\/uploads\\\/2025\\\/10\\\/marca-pamplona-bagara_web.jpg\",\"contentUrl\":\"https:\\\/\\\/www.laguiadepamplona.com\\\/actualidad\\\/wp-content\\\/uploads\\\/2025\\\/10\\\/marca-pamplona-bagara_web.jpg\",\"width\":1500,\"height\":288,\"caption\":\"rotulaci\u00f3n pamplona bagara\"},{\"@type\":\"BreadcrumbList\",\"@id\":\"https:\\\/\\\/www.laguiadepamplona.com\\\/actualidad\\\/el-ayuntamiento-rotulara-45-vehiculos-de-la-flota-municipal-con-la-imagen-de-marca-pamplona-y-su-lema-pamplona-bagara-iruna-de-verdad\\\/#breadcrumb\",\"itemListElement\":[{\"@type\":\"ListItem\",\"position\":1,\"name\":\"Portada\",\"item\":\"https:\\\/\\\/www.laguiadepamplona.com\\\/actualidad\\\/\"},{\"@type\":\"ListItem\",\"position\":2,\"name\":\"El Ayuntamiento rotular\u00e1 45 veh\u00edculos de la flota municipal con la imagen de Marca Pamplona y su lema \u2018Pamplona = Bagara; Iru\u00f1a = De verdad\u201d\"}]},{\"@type\":\"WebSite\",\"@id\":\"https:\\\/\\\/www.laguiadepamplona.com\\\/actualidad\\\/#website\",\"url\":\"https:\\\/\\\/www.laguiadepamplona.com\\\/actualidad\\\/\",\"name\":\"La gu\u00eda de Pamplona\",\"description\":\"Noticias de Pamplona\",\"publisher\":{\"@id\":\"https:\\\/\\\/www.laguiadepamplona.com\\\/actualidad\\\/#organization\"},\"potentialAction\":[{\"@type\":\"SearchAction\",\"target\":{\"@type\":\"EntryPoint\",\"urlTemplate\":\"https:\\\/\\\/www.laguiadepamplona.com\\\/actualidad\\\/?s={search_term_string}\"},\"query-input\":{\"@type\":\"PropertyValueSpecification\",\"valueRequired\":true,\"valueName\":\"search_term_string\"}}],\"inLanguage\":\"es\"},{\"@type\":\"Organization\",\"@id\":\"https:\\\/\\\/www.laguiadepamplona.com\\\/actualidad\\\/#organization\",\"name\":\"La Gu\u00eda de Pamplona \\\/ Noticias\",\"url\":\"https:\\\/\\\/www.laguiadepamplona.com\\\/actualidad\\\/\",\"logo\":{\"@type\":\"ImageObject\",\"inLanguage\":\"es\",\"@id\":\"https:\\\/\\\/www.laguiadepamplona.com\\\/actualidad\\\/#\\\/schema\\\/logo\\\/image\\\/\",\"url\":\"https:\\\/\\\/www.laguiadepamplona.com\\\/actualidad\\\/wp-content\\\/uploads\\\/2018\\\/11\\\/logo-laguiadepamplona18-web1.png\",\"contentUrl\":\"https:\\\/\\\/www.laguiadepamplona.com\\\/actualidad\\\/wp-content\\\/uploads\\\/2018\\\/11\\\/logo-laguiadepamplona18-web1.png\",\"width\":600,\"height\":196,\"caption\":\"La Gu\u00eda de Pamplona \\\/ Noticias\"},\"image\":{\"@id\":\"https:\\\/\\\/www.laguiadepamplona.com\\\/actualidad\\\/#\\\/schema\\\/logo\\\/image\\\/\"},\"sameAs\":[\"https:\\\/\\\/www.facebook.com\\\/laguiadepamplonacom-133175176762273\\\/?ref=hl\",\"https:\\\/\\\/x.com\\\/LaGuiadPamplona\",\"https:\\\/\\\/www.instagram.com\\\/la_guia_de_pamplona\\\/\",\"https:\\\/\\\/www.youtube.com\\\/user\\\/laguiadepamplona\"]},{\"@type\":\"Person\",\"@id\":\"https:\\\/\\\/www.laguiadepamplona.com\\\/actualidad\\\/#\\\/schema\\\/person\\\/efe887376f0213d4657c93adc50b1fdb\",\"name\":\"La Gu\u00eda de Pamplona\",\"image\":{\"@type\":\"ImageObject\",\"inLanguage\":\"es\",\"@id\":\"https:\\\/\\\/secure.gravatar.com\\\/avatar\\\/b6992f131dc8d30ab0dff15446e9d346d9dbd95992de0fef795073f5ea83a81c?s=96&d=mm&r=g\",\"url\":\"https:\\\/\\\/secure.gravatar.com\\\/avatar\\\/b6992f131dc8d30ab0dff15446e9d346d9dbd95992de0fef795073f5ea83a81c?s=96&d=mm&r=g\",\"contentUrl\":\"https:\\\/\\\/secure.gravatar.com\\\/avatar\\\/b6992f131dc8d30ab0dff15446e9d346d9dbd95992de0fef795073f5ea83a81c?s=96&d=mm&r=g\",\"caption\":\"La Gu\u00eda de Pamplona\"}}]}<\/script>\n<!-- \/ Yoast SEO plugin. -->","yoast_head_json":{"title":"El Ayuntamiento rotular\u00e1 45 veh\u00edculos de la flota municipal con la imagen de Marca Pamplona y su lema \u2018Pamplona = Bagara; Iru\u00f1a = De verdad\u201d","description":"Se invertir\u00e1n 130.680 euros para una rotulaci\u00f3n en verde, blanco y con una franja vertical ajedrezada, que deber\u00e1 estar concluida para final de a\u00f1o","robots":{"index":"index","follow":"follow","max-snippet":"max-snippet:-1","max-image-preview":"max-image-preview:large","max-video-preview":"max-video-preview:-1"},"canonical":"https:\/\/www.laguiadepamplona.com\/actualidad\/el-ayuntamiento-rotulara-45-vehiculos-de-la-flota-municipal-con-la-imagen-de-marca-pamplona-y-su-lema-pamplona-bagara-iruna-de-verdad\/","og_locale":"es_ES","og_type":"article","og_title":"El Ayuntamiento rotular\u00e1 45 veh\u00edculos de la flota municipal con la imagen de Marca Pamplona y su lema \u2018Pamplona = Bagara; Iru\u00f1a = De verdad\u201d","og_description":"Se invertir\u00e1n 130.680 euros para una rotulaci\u00f3n en verde, blanco y con una franja vertical ajedrezada, que deber\u00e1 estar concluida para final de a\u00f1o","og_url":"https:\/\/www.laguiadepamplona.com\/actualidad\/el-ayuntamiento-rotulara-45-vehiculos-de-la-flota-municipal-con-la-imagen-de-marca-pamplona-y-su-lema-pamplona-bagara-iruna-de-verdad\/","og_site_name":"La Gu\u00eda de Pamplona","article_publisher":"https:\/\/www.facebook.com\/laguiadepamplonacom-133175176762273\/?ref=hl","article_published_time":"2025-10-15T17:23:20+00:00","og_image":[{"width":1500,"height":288,"url":"https:\/\/www.laguiadepamplona.com\/actualidad\/wp-content\/uploads\/2025\/10\/marca-pamplona-bagara_web.jpg","type":"image\/jpeg"}],"author":"La Gu\u00eda de Pamplona","twitter_card":"summary_large_image","twitter_creator":"@LaGuiadPamplona","twitter_site":"@LaGuiadPamplona","twitter_misc":{"Escrito por":"La Gu\u00eda de Pamplona","Tiempo de lectura":"2 minutos"},"schema":{"@context":"https:\/\/schema.org","@graph":[{"@type":"Article","@id":"https:\/\/www.laguiadepamplona.com\/actualidad\/el-ayuntamiento-rotulara-45-vehiculos-de-la-flota-municipal-con-la-imagen-de-marca-pamplona-y-su-lema-pamplona-bagara-iruna-de-verdad\/#article","isPartOf":{"@id":"https:\/\/www.laguiadepamplona.com\/actualidad\/el-ayuntamiento-rotulara-45-vehiculos-de-la-flota-municipal-con-la-imagen-de-marca-pamplona-y-su-lema-pamplona-bagara-iruna-de-verdad\/"},"author":{"name":"La Gu\u00eda de Pamplona","@id":"https:\/\/www.laguiadepamplona.com\/actualidad\/#\/schema\/person\/efe887376f0213d4657c93adc50b1fdb"},"headline":"El Ayuntamiento rotular\u00e1 45 veh\u00edculos de la flota municipal con la imagen de Marca Pamplona y su lema \u2018Pamplona = Bagara; Iru\u00f1a = De verdad\u201d","datePublished":"2025-10-15T17:23:20+00:00","mainEntityOfPage":{"@id":"https:\/\/www.laguiadepamplona.com\/actualidad\/el-ayuntamiento-rotulara-45-vehiculos-de-la-flota-municipal-con-la-imagen-de-marca-pamplona-y-su-lema-pamplona-bagara-iruna-de-verdad\/"},"wordCount":393,"commentCount":0,"publisher":{"@id":"https:\/\/www.laguiadepamplona.com\/actualidad\/#organization"},"image":{"@id":"https:\/\/www.laguiadepamplona.com\/actualidad\/el-ayuntamiento-rotulara-45-vehiculos-de-la-flota-municipal-con-la-imagen-de-marca-pamplona-y-su-lema-pamplona-bagara-iruna-de-verdad\/#primaryimage"},"thumbnailUrl":"https:\/\/www.laguiadepamplona.com\/actualidad\/wp-content\/uploads\/2025\/10\/marca-pamplona-bagara_web.jpg","articleSection":["Ayto Pamplona"],"inLanguage":"es","potentialAction":[{"@type":"CommentAction","name":"Comment","target":["https:\/\/www.laguiadepamplona.com\/actualidad\/el-ayuntamiento-rotulara-45-vehiculos-de-la-flota-municipal-con-la-imagen-de-marca-pamplona-y-su-lema-pamplona-bagara-iruna-de-verdad\/#respond"]}]},{"@type":"WebPage","@id":"https:\/\/www.laguiadepamplona.com\/actualidad\/el-ayuntamiento-rotulara-45-vehiculos-de-la-flota-municipal-con-la-imagen-de-marca-pamplona-y-su-lema-pamplona-bagara-iruna-de-verdad\/","url":"https:\/\/www.laguiadepamplona.com\/actualidad\/el-ayuntamiento-rotulara-45-vehiculos-de-la-flota-municipal-con-la-imagen-de-marca-pamplona-y-su-lema-pamplona-bagara-iruna-de-verdad\/","name":"El Ayuntamiento rotular\u00e1 45 veh\u00edculos de la flota municipal con la imagen de Marca Pamplona y su lema \u2018Pamplona = Bagara; Iru\u00f1a = De verdad\u201d","isPartOf":{"@id":"https:\/\/www.laguiadepamplona.com\/actualidad\/#website"},"primaryImageOfPage":{"@id":"https:\/\/www.laguiadepamplona.com\/actualidad\/el-ayuntamiento-rotulara-45-vehiculos-de-la-flota-municipal-con-la-imagen-de-marca-pamplona-y-su-lema-pamplona-bagara-iruna-de-verdad\/#primaryimage"},"image":{"@id":"https:\/\/www.laguiadepamplona.com\/actualidad\/el-ayuntamiento-rotulara-45-vehiculos-de-la-flota-municipal-con-la-imagen-de-marca-pamplona-y-su-lema-pamplona-bagara-iruna-de-verdad\/#primaryimage"},"thumbnailUrl":"https:\/\/www.laguiadepamplona.com\/actualidad\/wp-content\/uploads\/2025\/10\/marca-pamplona-bagara_web.jpg","datePublished":"2025-10-15T17:23:20+00:00","description":"Se invertir\u00e1n 130.680 euros para una rotulaci\u00f3n en verde, blanco y con una franja vertical ajedrezada, que deber\u00e1 estar concluida para final de a\u00f1o","breadcrumb":{"@id":"https:\/\/www.laguiadepamplona.com\/actualidad\/el-ayuntamiento-rotulara-45-vehiculos-de-la-flota-municipal-con-la-imagen-de-marca-pamplona-y-su-lema-pamplona-bagara-iruna-de-verdad\/#breadcrumb"},"inLanguage":"es","potentialAction":[{"@type":"ReadAction","target":["https:\/\/www.laguiadepamplona.com\/actualidad\/el-ayuntamiento-rotulara-45-vehiculos-de-la-flota-municipal-con-la-imagen-de-marca-pamplona-y-su-lema-pamplona-bagara-iruna-de-verdad\/"]}]},{"@type":"ImageObject","inLanguage":"es","@id":"https:\/\/www.laguiadepamplona.com\/actualidad\/el-ayuntamiento-rotulara-45-vehiculos-de-la-flota-municipal-con-la-imagen-de-marca-pamplona-y-su-lema-pamplona-bagara-iruna-de-verdad\/#primaryimage","url":"https:\/\/www.laguiadepamplona.com\/actualidad\/wp-content\/uploads\/2025\/10\/marca-pamplona-bagara_web.jpg","contentUrl":"https:\/\/www.laguiadepamplona.com\/actualidad\/wp-content\/uploads\/2025\/10\/marca-pamplona-bagara_web.jpg","width":1500,"height":288,"caption":"rotulaci\u00f3n pamplona bagara"},{"@type":"BreadcrumbList","@id":"https:\/\/www.laguiadepamplona.com\/actualidad\/el-ayuntamiento-rotulara-45-vehiculos-de-la-flota-municipal-con-la-imagen-de-marca-pamplona-y-su-lema-pamplona-bagara-iruna-de-verdad\/#breadcrumb","itemListElement":[{"@type":"ListItem","position":1,"name":"Portada","item":"https:\/\/www.laguiadepamplona.com\/actualidad\/"},{"@type":"ListItem","position":2,"name":"El Ayuntamiento rotular\u00e1 45 veh\u00edculos de la flota municipal con la imagen de Marca Pamplona y su lema \u2018Pamplona = Bagara; Iru\u00f1a = De verdad\u201d"}]},{"@type":"WebSite","@id":"https:\/\/www.laguiadepamplona.com\/actualidad\/#website","url":"https:\/\/www.laguiadepamplona.com\/actualidad\/","name":"La gu\u00eda de Pamplona","description":"Noticias de Pamplona","publisher":{"@id":"https:\/\/www.laguiadepamplona.com\/actualidad\/#organization"},"potentialAction":[{"@type":"SearchAction","target":{"@type":"EntryPoint","urlTemplate":"https:\/\/www.laguiadepamplona.com\/actualidad\/?s={search_term_string}"},"query-input":{"@type":"PropertyValueSpecification","valueRequired":true,"valueName":"search_term_string"}}],"inLanguage":"es"},{"@type":"Organization","@id":"https:\/\/www.laguiadepamplona.com\/actualidad\/#organization","name":"La Gu\u00eda de Pamplona \/ Noticias","url":"https:\/\/www.laguiadepamplona.com\/actualidad\/","logo":{"@type":"ImageObject","inLanguage":"es","@id":"https:\/\/www.laguiadepamplona.com\/actualidad\/#\/schema\/logo\/image\/","url":"https:\/\/www.laguiadepamplona.com\/actualidad\/wp-content\/uploads\/2018\/11\/logo-laguiadepamplona18-web1.png","contentUrl":"https:\/\/www.laguiadepamplona.com\/actualidad\/wp-content\/uploads\/2018\/11\/logo-laguiadepamplona18-web1.png","width":600,"height":196,"caption":"La Gu\u00eda de Pamplona \/ Noticias"},"image":{"@id":"https:\/\/www.laguiadepamplona.com\/actualidad\/#\/schema\/logo\/image\/"},"sameAs":["https:\/\/www.facebook.com\/laguiadepamplonacom-133175176762273\/?ref=hl","https:\/\/x.com\/LaGuiadPamplona","https:\/\/www.instagram.com\/la_guia_de_pamplona\/","https:\/\/www.youtube.com\/user\/laguiadepamplona"]},{"@type":"Person","@id":"https:\/\/www.laguiadepamplona.com\/actualidad\/#\/schema\/person\/efe887376f0213d4657c93adc50b1fdb","name":"La Gu\u00eda de Pamplona","image":{"@type":"ImageObject","inLanguage":"es","@id":"https:\/\/secure.gravatar.com\/avatar\/b6992f131dc8d30ab0dff15446e9d346d9dbd95992de0fef795073f5ea83a81c?s=96&d=mm&r=g","url":"https:\/\/secure.gravatar.com\/avatar\/b6992f131dc8d30ab0dff15446e9d346d9dbd95992de0fef795073f5ea83a81c?s=96&d=mm&r=g","contentUrl":"https:\/\/secure.gravatar.com\/avatar\/b6992f131dc8d30ab0dff15446e9d346d9dbd95992de0fef795073f5ea83a81c?s=96&d=mm&r=g","caption":"La Gu\u00eda de Pamplona"}}]}},"post_mailing_queue_ids":[],"_links":{"self":[{"href":"https:\/\/www.laguiadepamplona.com\/actualidad\/wp-json\/wp\/v2\/posts\/53924","targetHints":{"allow":["GET"]}}],"collection":[{"href":"https:\/\/www.laguiadepamplona.com\/actualidad\/wp-json\/wp\/v2\/posts"}],"about":[{"href":"https:\/\/www.laguiadepamplona.com\/actualidad\/wp-json\/wp\/v2\/types\/post"}],"author":[{"embeddable":true,"href":"https:\/\/www.laguiadepamplona.com\/actualidad\/wp-json\/wp\/v2\/users\/1"}],"replies":[{"embeddable":true,"href":"https:\/\/www.laguiadepamplona.com\/actualidad\/wp-json\/wp\/v2\/comments?post=53924"}],"version-history":[{"count":1,"href":"https:\/\/www.laguiadepamplona.com\/actualidad\/wp-json\/wp\/v2\/posts\/53924\/revisions"}],"predecessor-version":[{"id":53926,"href":"https:\/\/www.laguiadepamplona.com\/actualidad\/wp-json\/wp\/v2\/posts\/53924\/revisions\/53926"}],"wp:featuredmedia":[{"embeddable":true,"href":"https:\/\/www.laguiadepamplona.com\/actualidad\/wp-json\/wp\/v2\/media\/53925"}],"wp:attachment":[{"href":"https:\/\/www.laguiadepamplona.com\/actualidad\/wp-json\/wp\/v2\/media?parent=53924"}],"wp:term":[{"taxonomy":"category","embeddable":true,"href":"https:\/\/www.laguiadepamplona.com\/actualidad\/wp-json\/wp\/v2\/categories?post=53924"},{"taxonomy":"post_tag","embeddable":true,"href":"https:\/\/www.laguiadepamplona.com\/actualidad\/wp-json\/wp\/v2\/tags?post=53924"}],"curies":[{"name":"wp","href":"https:\/\/api.w.org\/{rel}","templated":true}]}}