{"id":536,"date":"2014-02-20T12:48:49","date_gmt":"2014-02-20T11:48:49","guid":{"rendered":"http:\/\/laguiadepamplona.es\/noticias\/?p=536"},"modified":"2014-02-20T12:48:49","modified_gmt":"2014-02-20T11:48:49","slug":"el-grupo-caricaturas-pone-en-escena-este-viernes-en-civivox-mendillorri-la-obra-lisistrata-dentro-del-iv-festival-de-teatro-amateur-de-navarra","status":"publish","type":"post","link":"https:\/\/www.laguiadepamplona.com\/actualidad\/el-grupo-caricaturas-pone-en-escena-este-viernes-en-civivox-mendillorri-la-obra-lisistrata-dentro-del-iv-festival-de-teatro-amateur-de-navarra\/","title":{"rendered":"El grupo Caricaturas pone en escena este viernes en Civivox Mendillorri la obra \u2018Lis\u00edstrata\u2019, dentro del IV Festival de Teatro Amateur de Navarra"},"content":{"rendered":"<h6>La tercera actuaci\u00f3n de Esc\u00e9nica Navarra en Mendillorri comenzar\u00e1 a las 19.30 horas con entrada al precio de 3 euros<\/h6>\n<p><a href=\"http:\/\/laguiadepamplona.es\/noticias\/wp-content\/uploads\/2014\/02\/escenica_caricaturas.jpg\"><img loading=\"lazy\" decoding=\"async\" class=\"alignleft size-medium wp-image-537\" alt=\"escenica_caricaturas\" src=\"http:\/\/laguiadepamplona.es\/noticias\/wp-content\/uploads\/2014\/02\/escenica_caricaturas-300x199.jpg\" width=\"300\" height=\"199\" \/><\/a>El cl\u00e1sico \u2018Lis\u00edstrata\u2019 del griego Arist\u00f3fanes es la propuesta que ofrece el grupo de teatro Caricaturas este viernes en Civivox Mendilorri dentro del ciclo Esc\u00e9nica Navarra, IV Festival de Teatro Amateur. La funci\u00f3n comienza a las 19.30 horas, con entradas a la venta en el propio civivox al precio de 3 euros.<\/p>\n<p>La historia combina la comedia y cierta cr\u00edtica social. Qu\u00e9 necesidad hay de guerras o qu\u00e9 sentido tienen son las preguntas que las sufridas esposas de los guerreros se hacen d\u00eda tras d\u00eda mientras los hombres batallan en tierras lejanas. Mientras ellos luchan, las mujeres esperan en casa, sufriendo por sus hijos y maridos, y resignadas a que, tal vez, un d\u00eda no puedan volver por su propio pie. Resignadas hasta que Lis\u00edstrata, ya harta, convence a todas las mujeres de que ellas, unidas, pueden terminar con la guerra de una vez por todas. El modo, no mantener relaciones con sus maridos.<\/p>\n<p>La cuarta edici\u00f3n de Esc\u00e9nica finalizar\u00e1 el pr\u00f3ximo viernes 28 de febrero en Civivox Mendillorri con la representaci\u00f3n de la obra de Federico Garc\u00eda Lorca \u2018Bodas de sangre\u2019, a cargo de la compa\u00f1\u00eda villavesa El Bardo. La funci\u00f3n ser\u00e1 a las 19.30 horas con entrada al precio de 3 euros. Antes, este s\u00e1bado 22 de febrero, el festival de teatro amateur se despide de su otra sede, de la Casa de Cultura de Huarte, con el montaje \u2018Tejas verdes\u2019, basado en un texto de Ferm\u00edn Cabal. El grupo de teatro Trapalan, de Ma\u00f1eru, representar\u00e1 la obra a las 19.30 horas, con entrada al precio de 4,10 euros.<\/p>\n<p>&nbsp;<\/p>\n<div>\n<p><strong>Esc\u00e9nica Navarra. IV Festival de Teatro Amateur<\/strong><\/p>\n<\/div>\n<ul>\n<li>Espect\u00e1culos en Civivox Mendillorri (entrada: 3 euros)\n<ul>\n<li>Viernes 21 de febrero. 19.30 horas. \u2018Lis\u00edstrata\u2019, de Arist\u00f3fanes. Grupo de teatro Caricaturas, de Villafranca<\/li>\n<li>Viernes 28 de febrero. 19.30 horas. \u2018Bodas de sangre\u2019, de Federico Garc\u00eda Lorca. El Bardo, de Villava<\/li>\n<li>Espect\u00e1culos en la Casa de Cultura de Huarte (entrada: 4,10 euros)\n<ul>\n<li>S\u00e1bado 22 de febrero. 19.30 horas. \u2018Tejas verdes\u2019, de Ferm\u00edn Cabal. Grupo de teatro Trapalan, de Ma\u00f1eru<\/li>\n<\/ul>\n<\/li>\n<\/ul>\n<\/li>\n<\/ul>\n<p>&nbsp;<\/p>\n<p>&nbsp;<\/p>\n","protected":false},"excerpt":{"rendered":"<p>La tercera actuaci\u00f3n de Esc\u00e9nica Navarra en Mendillorri comenzar\u00e1 a las 19.30 horas con entrada al precio de 3 euros El cl\u00e1sico \u2018Lis\u00edstrata\u2019 del griego Arist\u00f3fanes es la propuesta que&#8230;<\/p>\n","protected":false},"author":1,"featured_media":537,"comment_status":"open","ping_status":"open","sticky":false,"template":"","format":"standard","meta":{"footnotes":""},"categories":[2],"tags":[5,6,319,8,318],"class_list":["post-536","post","type-post","status-publish","format-standard","has-post-thumbnail","hentry","category-ayuntamiento-pamplona","tag-actualidad","tag-ayto-pamplona","tag-grupo-de-teatro-caricaturas","tag-noticias","tag-lisistrata-del-griego-aristofanes"],"yoast_head":"<!-- This site is optimized with the Yoast SEO plugin v27.5 - https:\/\/yoast.com\/product\/yoast-seo-wordpress\/ -->\n<title>El grupo Caricaturas pone en escena este viernes en Civivox Mendillorri la obra \u2018Lis\u00edstrata\u2019, dentro del IV Festival de Teatro Amateur de Navarra<\/title>\n<meta name=\"robots\" content=\"index, follow, max-snippet:-1, max-image-preview:large, max-video-preview:-1\" \/>\n<link rel=\"canonical\" href=\"https:\/\/www.laguiadepamplona.com\/actualidad\/el-grupo-caricaturas-pone-en-escena-este-viernes-en-civivox-mendillorri-la-obra-lisistrata-dentro-del-iv-festival-de-teatro-amateur-de-navarra\/\" \/>\n<meta property=\"og:locale\" content=\"es_ES\" \/>\n<meta property=\"og:type\" content=\"article\" \/>\n<meta property=\"og:title\" content=\"El grupo Caricaturas pone en escena este viernes en Civivox Mendillorri la obra \u2018Lis\u00edstrata\u2019, dentro del IV Festival de Teatro Amateur de Navarra\" \/>\n<meta property=\"og:description\" content=\"La tercera actuaci\u00f3n de Esc\u00e9nica Navarra en Mendillorri comenzar\u00e1 a las 19.30 horas con entrada al precio de 3 euros El cl\u00e1sico \u2018Lis\u00edstrata\u2019 del griego Arist\u00f3fanes es la propuesta que...\" \/>\n<meta property=\"og:url\" content=\"https:\/\/www.laguiadepamplona.com\/actualidad\/el-grupo-caricaturas-pone-en-escena-este-viernes-en-civivox-mendillorri-la-obra-lisistrata-dentro-del-iv-festival-de-teatro-amateur-de-navarra\/\" \/>\n<meta property=\"og:site_name\" content=\"La Gu\u00eda de Pamplona\" \/>\n<meta property=\"article:publisher\" content=\"https:\/\/www.facebook.com\/laguiadepamplonacom-133175176762273\/?ref=hl\" \/>\n<meta property=\"article:published_time\" content=\"2014-02-20T11:48:49+00:00\" \/>\n<meta name=\"author\" content=\"La Gu\u00eda de Pamplona\" \/>\n<meta name=\"twitter:card\" content=\"summary_large_image\" \/>\n<meta name=\"twitter:creator\" content=\"@LaGuiadPamplona\" \/>\n<meta name=\"twitter:site\" content=\"@LaGuiadPamplona\" \/>\n<meta name=\"twitter:label1\" content=\"Escrito por\" \/>\n\t<meta name=\"twitter:data1\" content=\"La Gu\u00eda de Pamplona\" \/>\n\t<meta name=\"twitter:label2\" content=\"Tiempo de lectura\" \/>\n\t<meta name=\"twitter:data2\" content=\"2 minutos\" \/>\n<script type=\"application\/ld+json\" class=\"yoast-schema-graph\">{\"@context\":\"https:\\\/\\\/schema.org\",\"@graph\":[{\"@type\":\"Article\",\"@id\":\"https:\\\/\\\/www.laguiadepamplona.com\\\/actualidad\\\/el-grupo-caricaturas-pone-en-escena-este-viernes-en-civivox-mendillorri-la-obra-lisistrata-dentro-del-iv-festival-de-teatro-amateur-de-navarra\\\/#article\",\"isPartOf\":{\"@id\":\"https:\\\/\\\/www.laguiadepamplona.com\\\/actualidad\\\/el-grupo-caricaturas-pone-en-escena-este-viernes-en-civivox-mendillorri-la-obra-lisistrata-dentro-del-iv-festival-de-teatro-amateur-de-navarra\\\/\"},\"author\":{\"name\":\"La Gu\u00eda de Pamplona\",\"@id\":\"https:\\\/\\\/www.laguiadepamplona.com\\\/actualidad\\\/#\\\/schema\\\/person\\\/efe887376f0213d4657c93adc50b1fdb\"},\"headline\":\"El grupo Caricaturas pone en escena este viernes en Civivox Mendillorri la obra \u2018Lis\u00edstrata\u2019, dentro del IV Festival de Teatro Amateur de Navarra\",\"datePublished\":\"2014-02-20T11:48:49+00:00\",\"mainEntityOfPage\":{\"@id\":\"https:\\\/\\\/www.laguiadepamplona.com\\\/actualidad\\\/el-grupo-caricaturas-pone-en-escena-este-viernes-en-civivox-mendillorri-la-obra-lisistrata-dentro-del-iv-festival-de-teatro-amateur-de-navarra\\\/\"},\"wordCount\":395,\"commentCount\":0,\"publisher\":{\"@id\":\"https:\\\/\\\/www.laguiadepamplona.com\\\/actualidad\\\/#organization\"},\"image\":{\"@id\":\"https:\\\/\\\/www.laguiadepamplona.com\\\/actualidad\\\/el-grupo-caricaturas-pone-en-escena-este-viernes-en-civivox-mendillorri-la-obra-lisistrata-dentro-del-iv-festival-de-teatro-amateur-de-navarra\\\/#primaryimage\"},\"thumbnailUrl\":\"\",\"keywords\":[\"actualidad\",\"ayto pamplona\",\"grupo de teatro Caricaturas\",\"noticias\",\"\u2018Lis\u00edstrata\u2019 del griego Arist\u00f3fanes\"],\"articleSection\":[\"Ayto Pamplona\"],\"inLanguage\":\"es\",\"potentialAction\":[{\"@type\":\"CommentAction\",\"name\":\"Comment\",\"target\":[\"https:\\\/\\\/www.laguiadepamplona.com\\\/actualidad\\\/el-grupo-caricaturas-pone-en-escena-este-viernes-en-civivox-mendillorri-la-obra-lisistrata-dentro-del-iv-festival-de-teatro-amateur-de-navarra\\\/#respond\"]}]},{\"@type\":\"WebPage\",\"@id\":\"https:\\\/\\\/www.laguiadepamplona.com\\\/actualidad\\\/el-grupo-caricaturas-pone-en-escena-este-viernes-en-civivox-mendillorri-la-obra-lisistrata-dentro-del-iv-festival-de-teatro-amateur-de-navarra\\\/\",\"url\":\"https:\\\/\\\/www.laguiadepamplona.com\\\/actualidad\\\/el-grupo-caricaturas-pone-en-escena-este-viernes-en-civivox-mendillorri-la-obra-lisistrata-dentro-del-iv-festival-de-teatro-amateur-de-navarra\\\/\",\"name\":\"El grupo Caricaturas pone en escena este viernes en Civivox Mendillorri la obra \u2018Lis\u00edstrata\u2019, dentro del IV Festival de Teatro Amateur de Navarra\",\"isPartOf\":{\"@id\":\"https:\\\/\\\/www.laguiadepamplona.com\\\/actualidad\\\/#website\"},\"primaryImageOfPage\":{\"@id\":\"https:\\\/\\\/www.laguiadepamplona.com\\\/actualidad\\\/el-grupo-caricaturas-pone-en-escena-este-viernes-en-civivox-mendillorri-la-obra-lisistrata-dentro-del-iv-festival-de-teatro-amateur-de-navarra\\\/#primaryimage\"},\"image\":{\"@id\":\"https:\\\/\\\/www.laguiadepamplona.com\\\/actualidad\\\/el-grupo-caricaturas-pone-en-escena-este-viernes-en-civivox-mendillorri-la-obra-lisistrata-dentro-del-iv-festival-de-teatro-amateur-de-navarra\\\/#primaryimage\"},\"thumbnailUrl\":\"\",\"datePublished\":\"2014-02-20T11:48:49+00:00\",\"breadcrumb\":{\"@id\":\"https:\\\/\\\/www.laguiadepamplona.com\\\/actualidad\\\/el-grupo-caricaturas-pone-en-escena-este-viernes-en-civivox-mendillorri-la-obra-lisistrata-dentro-del-iv-festival-de-teatro-amateur-de-navarra\\\/#breadcrumb\"},\"inLanguage\":\"es\",\"potentialAction\":[{\"@type\":\"ReadAction\",\"target\":[\"https:\\\/\\\/www.laguiadepamplona.com\\\/actualidad\\\/el-grupo-caricaturas-pone-en-escena-este-viernes-en-civivox-mendillorri-la-obra-lisistrata-dentro-del-iv-festival-de-teatro-amateur-de-navarra\\\/\"]}]},{\"@type\":\"ImageObject\",\"inLanguage\":\"es\",\"@id\":\"https:\\\/\\\/www.laguiadepamplona.com\\\/actualidad\\\/el-grupo-caricaturas-pone-en-escena-este-viernes-en-civivox-mendillorri-la-obra-lisistrata-dentro-del-iv-festival-de-teatro-amateur-de-navarra\\\/#primaryimage\",\"url\":\"\",\"contentUrl\":\"\"},{\"@type\":\"BreadcrumbList\",\"@id\":\"https:\\\/\\\/www.laguiadepamplona.com\\\/actualidad\\\/el-grupo-caricaturas-pone-en-escena-este-viernes-en-civivox-mendillorri-la-obra-lisistrata-dentro-del-iv-festival-de-teatro-amateur-de-navarra\\\/#breadcrumb\",\"itemListElement\":[{\"@type\":\"ListItem\",\"position\":1,\"name\":\"Portada\",\"item\":\"https:\\\/\\\/www.laguiadepamplona.com\\\/actualidad\\\/\"},{\"@type\":\"ListItem\",\"position\":2,\"name\":\"El grupo Caricaturas pone en escena este viernes en Civivox Mendillorri la obra \u2018Lis\u00edstrata\u2019, dentro del IV Festival de Teatro Amateur de Navarra\"}]},{\"@type\":\"WebSite\",\"@id\":\"https:\\\/\\\/www.laguiadepamplona.com\\\/actualidad\\\/#website\",\"url\":\"https:\\\/\\\/www.laguiadepamplona.com\\\/actualidad\\\/\",\"name\":\"La gu\u00eda de Pamplona\",\"description\":\"Noticias de Pamplona\",\"publisher\":{\"@id\":\"https:\\\/\\\/www.laguiadepamplona.com\\\/actualidad\\\/#organization\"},\"potentialAction\":[{\"@type\":\"SearchAction\",\"target\":{\"@type\":\"EntryPoint\",\"urlTemplate\":\"https:\\\/\\\/www.laguiadepamplona.com\\\/actualidad\\\/?s={search_term_string}\"},\"query-input\":{\"@type\":\"PropertyValueSpecification\",\"valueRequired\":true,\"valueName\":\"search_term_string\"}}],\"inLanguage\":\"es\"},{\"@type\":\"Organization\",\"@id\":\"https:\\\/\\\/www.laguiadepamplona.com\\\/actualidad\\\/#organization\",\"name\":\"La Gu\u00eda de Pamplona \\\/ Noticias\",\"url\":\"https:\\\/\\\/www.laguiadepamplona.com\\\/actualidad\\\/\",\"logo\":{\"@type\":\"ImageObject\",\"inLanguage\":\"es\",\"@id\":\"https:\\\/\\\/www.laguiadepamplona.com\\\/actualidad\\\/#\\\/schema\\\/logo\\\/image\\\/\",\"url\":\"https:\\\/\\\/www.laguiadepamplona.com\\\/actualidad\\\/wp-content\\\/uploads\\\/2018\\\/11\\\/logo-laguiadepamplona18-web1.png\",\"contentUrl\":\"https:\\\/\\\/www.laguiadepamplona.com\\\/actualidad\\\/wp-content\\\/uploads\\\/2018\\\/11\\\/logo-laguiadepamplona18-web1.png\",\"width\":600,\"height\":196,\"caption\":\"La Gu\u00eda de Pamplona \\\/ Noticias\"},\"image\":{\"@id\":\"https:\\\/\\\/www.laguiadepamplona.com\\\/actualidad\\\/#\\\/schema\\\/logo\\\/image\\\/\"},\"sameAs\":[\"https:\\\/\\\/www.facebook.com\\\/laguiadepamplonacom-133175176762273\\\/?ref=hl\",\"https:\\\/\\\/x.com\\\/LaGuiadPamplona\",\"https:\\\/\\\/www.instagram.com\\\/la_guia_de_pamplona\\\/\",\"https:\\\/\\\/www.youtube.com\\\/user\\\/laguiadepamplona\"]},{\"@type\":\"Person\",\"@id\":\"https:\\\/\\\/www.laguiadepamplona.com\\\/actualidad\\\/#\\\/schema\\\/person\\\/efe887376f0213d4657c93adc50b1fdb\",\"name\":\"La Gu\u00eda de Pamplona\",\"image\":{\"@type\":\"ImageObject\",\"inLanguage\":\"es\",\"@id\":\"https:\\\/\\\/secure.gravatar.com\\\/avatar\\\/b6992f131dc8d30ab0dff15446e9d346d9dbd95992de0fef795073f5ea83a81c?s=96&d=mm&r=g\",\"url\":\"https:\\\/\\\/secure.gravatar.com\\\/avatar\\\/b6992f131dc8d30ab0dff15446e9d346d9dbd95992de0fef795073f5ea83a81c?s=96&d=mm&r=g\",\"contentUrl\":\"https:\\\/\\\/secure.gravatar.com\\\/avatar\\\/b6992f131dc8d30ab0dff15446e9d346d9dbd95992de0fef795073f5ea83a81c?s=96&d=mm&r=g\",\"caption\":\"La Gu\u00eda de Pamplona\"}}]}<\/script>\n<!-- \/ Yoast SEO plugin. -->","yoast_head_json":{"title":"El grupo Caricaturas pone en escena este viernes en Civivox Mendillorri la obra \u2018Lis\u00edstrata\u2019, dentro del IV Festival de Teatro Amateur de Navarra","robots":{"index":"index","follow":"follow","max-snippet":"max-snippet:-1","max-image-preview":"max-image-preview:large","max-video-preview":"max-video-preview:-1"},"canonical":"https:\/\/www.laguiadepamplona.com\/actualidad\/el-grupo-caricaturas-pone-en-escena-este-viernes-en-civivox-mendillorri-la-obra-lisistrata-dentro-del-iv-festival-de-teatro-amateur-de-navarra\/","og_locale":"es_ES","og_type":"article","og_title":"El grupo Caricaturas pone en escena este viernes en Civivox Mendillorri la obra \u2018Lis\u00edstrata\u2019, dentro del IV Festival de Teatro Amateur de Navarra","og_description":"La tercera actuaci\u00f3n de Esc\u00e9nica Navarra en Mendillorri comenzar\u00e1 a las 19.30 horas con entrada al precio de 3 euros El cl\u00e1sico \u2018Lis\u00edstrata\u2019 del griego Arist\u00f3fanes es la propuesta que...","og_url":"https:\/\/www.laguiadepamplona.com\/actualidad\/el-grupo-caricaturas-pone-en-escena-este-viernes-en-civivox-mendillorri-la-obra-lisistrata-dentro-del-iv-festival-de-teatro-amateur-de-navarra\/","og_site_name":"La Gu\u00eda de Pamplona","article_publisher":"https:\/\/www.facebook.com\/laguiadepamplonacom-133175176762273\/?ref=hl","article_published_time":"2014-02-20T11:48:49+00:00","author":"La Gu\u00eda de Pamplona","twitter_card":"summary_large_image","twitter_creator":"@LaGuiadPamplona","twitter_site":"@LaGuiadPamplona","twitter_misc":{"Escrito por":"La Gu\u00eda de Pamplona","Tiempo de lectura":"2 minutos"},"schema":{"@context":"https:\/\/schema.org","@graph":[{"@type":"Article","@id":"https:\/\/www.laguiadepamplona.com\/actualidad\/el-grupo-caricaturas-pone-en-escena-este-viernes-en-civivox-mendillorri-la-obra-lisistrata-dentro-del-iv-festival-de-teatro-amateur-de-navarra\/#article","isPartOf":{"@id":"https:\/\/www.laguiadepamplona.com\/actualidad\/el-grupo-caricaturas-pone-en-escena-este-viernes-en-civivox-mendillorri-la-obra-lisistrata-dentro-del-iv-festival-de-teatro-amateur-de-navarra\/"},"author":{"name":"La Gu\u00eda de Pamplona","@id":"https:\/\/www.laguiadepamplona.com\/actualidad\/#\/schema\/person\/efe887376f0213d4657c93adc50b1fdb"},"headline":"El grupo Caricaturas pone en escena este viernes en Civivox Mendillorri la obra \u2018Lis\u00edstrata\u2019, dentro del IV Festival de Teatro Amateur de Navarra","datePublished":"2014-02-20T11:48:49+00:00","mainEntityOfPage":{"@id":"https:\/\/www.laguiadepamplona.com\/actualidad\/el-grupo-caricaturas-pone-en-escena-este-viernes-en-civivox-mendillorri-la-obra-lisistrata-dentro-del-iv-festival-de-teatro-amateur-de-navarra\/"},"wordCount":395,"commentCount":0,"publisher":{"@id":"https:\/\/www.laguiadepamplona.com\/actualidad\/#organization"},"image":{"@id":"https:\/\/www.laguiadepamplona.com\/actualidad\/el-grupo-caricaturas-pone-en-escena-este-viernes-en-civivox-mendillorri-la-obra-lisistrata-dentro-del-iv-festival-de-teatro-amateur-de-navarra\/#primaryimage"},"thumbnailUrl":"","keywords":["actualidad","ayto pamplona","grupo de teatro Caricaturas","noticias","\u2018Lis\u00edstrata\u2019 del griego Arist\u00f3fanes"],"articleSection":["Ayto Pamplona"],"inLanguage":"es","potentialAction":[{"@type":"CommentAction","name":"Comment","target":["https:\/\/www.laguiadepamplona.com\/actualidad\/el-grupo-caricaturas-pone-en-escena-este-viernes-en-civivox-mendillorri-la-obra-lisistrata-dentro-del-iv-festival-de-teatro-amateur-de-navarra\/#respond"]}]},{"@type":"WebPage","@id":"https:\/\/www.laguiadepamplona.com\/actualidad\/el-grupo-caricaturas-pone-en-escena-este-viernes-en-civivox-mendillorri-la-obra-lisistrata-dentro-del-iv-festival-de-teatro-amateur-de-navarra\/","url":"https:\/\/www.laguiadepamplona.com\/actualidad\/el-grupo-caricaturas-pone-en-escena-este-viernes-en-civivox-mendillorri-la-obra-lisistrata-dentro-del-iv-festival-de-teatro-amateur-de-navarra\/","name":"El grupo Caricaturas pone en escena este viernes en Civivox Mendillorri la obra \u2018Lis\u00edstrata\u2019, dentro del IV Festival de Teatro Amateur de Navarra","isPartOf":{"@id":"https:\/\/www.laguiadepamplona.com\/actualidad\/#website"},"primaryImageOfPage":{"@id":"https:\/\/www.laguiadepamplona.com\/actualidad\/el-grupo-caricaturas-pone-en-escena-este-viernes-en-civivox-mendillorri-la-obra-lisistrata-dentro-del-iv-festival-de-teatro-amateur-de-navarra\/#primaryimage"},"image":{"@id":"https:\/\/www.laguiadepamplona.com\/actualidad\/el-grupo-caricaturas-pone-en-escena-este-viernes-en-civivox-mendillorri-la-obra-lisistrata-dentro-del-iv-festival-de-teatro-amateur-de-navarra\/#primaryimage"},"thumbnailUrl":"","datePublished":"2014-02-20T11:48:49+00:00","breadcrumb":{"@id":"https:\/\/www.laguiadepamplona.com\/actualidad\/el-grupo-caricaturas-pone-en-escena-este-viernes-en-civivox-mendillorri-la-obra-lisistrata-dentro-del-iv-festival-de-teatro-amateur-de-navarra\/#breadcrumb"},"inLanguage":"es","potentialAction":[{"@type":"ReadAction","target":["https:\/\/www.laguiadepamplona.com\/actualidad\/el-grupo-caricaturas-pone-en-escena-este-viernes-en-civivox-mendillorri-la-obra-lisistrata-dentro-del-iv-festival-de-teatro-amateur-de-navarra\/"]}]},{"@type":"ImageObject","inLanguage":"es","@id":"https:\/\/www.laguiadepamplona.com\/actualidad\/el-grupo-caricaturas-pone-en-escena-este-viernes-en-civivox-mendillorri-la-obra-lisistrata-dentro-del-iv-festival-de-teatro-amateur-de-navarra\/#primaryimage","url":"","contentUrl":""},{"@type":"BreadcrumbList","@id":"https:\/\/www.laguiadepamplona.com\/actualidad\/el-grupo-caricaturas-pone-en-escena-este-viernes-en-civivox-mendillorri-la-obra-lisistrata-dentro-del-iv-festival-de-teatro-amateur-de-navarra\/#breadcrumb","itemListElement":[{"@type":"ListItem","position":1,"name":"Portada","item":"https:\/\/www.laguiadepamplona.com\/actualidad\/"},{"@type":"ListItem","position":2,"name":"El grupo Caricaturas pone en escena este viernes en Civivox Mendillorri la obra \u2018Lis\u00edstrata\u2019, dentro del IV Festival de Teatro Amateur de Navarra"}]},{"@type":"WebSite","@id":"https:\/\/www.laguiadepamplona.com\/actualidad\/#website","url":"https:\/\/www.laguiadepamplona.com\/actualidad\/","name":"La gu\u00eda de Pamplona","description":"Noticias de Pamplona","publisher":{"@id":"https:\/\/www.laguiadepamplona.com\/actualidad\/#organization"},"potentialAction":[{"@type":"SearchAction","target":{"@type":"EntryPoint","urlTemplate":"https:\/\/www.laguiadepamplona.com\/actualidad\/?s={search_term_string}"},"query-input":{"@type":"PropertyValueSpecification","valueRequired":true,"valueName":"search_term_string"}}],"inLanguage":"es"},{"@type":"Organization","@id":"https:\/\/www.laguiadepamplona.com\/actualidad\/#organization","name":"La Gu\u00eda de Pamplona \/ Noticias","url":"https:\/\/www.laguiadepamplona.com\/actualidad\/","logo":{"@type":"ImageObject","inLanguage":"es","@id":"https:\/\/www.laguiadepamplona.com\/actualidad\/#\/schema\/logo\/image\/","url":"https:\/\/www.laguiadepamplona.com\/actualidad\/wp-content\/uploads\/2018\/11\/logo-laguiadepamplona18-web1.png","contentUrl":"https:\/\/www.laguiadepamplona.com\/actualidad\/wp-content\/uploads\/2018\/11\/logo-laguiadepamplona18-web1.png","width":600,"height":196,"caption":"La Gu\u00eda de Pamplona \/ Noticias"},"image":{"@id":"https:\/\/www.laguiadepamplona.com\/actualidad\/#\/schema\/logo\/image\/"},"sameAs":["https:\/\/www.facebook.com\/laguiadepamplonacom-133175176762273\/?ref=hl","https:\/\/x.com\/LaGuiadPamplona","https:\/\/www.instagram.com\/la_guia_de_pamplona\/","https:\/\/www.youtube.com\/user\/laguiadepamplona"]},{"@type":"Person","@id":"https:\/\/www.laguiadepamplona.com\/actualidad\/#\/schema\/person\/efe887376f0213d4657c93adc50b1fdb","name":"La Gu\u00eda de Pamplona","image":{"@type":"ImageObject","inLanguage":"es","@id":"https:\/\/secure.gravatar.com\/avatar\/b6992f131dc8d30ab0dff15446e9d346d9dbd95992de0fef795073f5ea83a81c?s=96&d=mm&r=g","url":"https:\/\/secure.gravatar.com\/avatar\/b6992f131dc8d30ab0dff15446e9d346d9dbd95992de0fef795073f5ea83a81c?s=96&d=mm&r=g","contentUrl":"https:\/\/secure.gravatar.com\/avatar\/b6992f131dc8d30ab0dff15446e9d346d9dbd95992de0fef795073f5ea83a81c?s=96&d=mm&r=g","caption":"La Gu\u00eda de Pamplona"}}]}},"post_mailing_queue_ids":[],"_links":{"self":[{"href":"https:\/\/www.laguiadepamplona.com\/actualidad\/wp-json\/wp\/v2\/posts\/536","targetHints":{"allow":["GET"]}}],"collection":[{"href":"https:\/\/www.laguiadepamplona.com\/actualidad\/wp-json\/wp\/v2\/posts"}],"about":[{"href":"https:\/\/www.laguiadepamplona.com\/actualidad\/wp-json\/wp\/v2\/types\/post"}],"author":[{"embeddable":true,"href":"https:\/\/www.laguiadepamplona.com\/actualidad\/wp-json\/wp\/v2\/users\/1"}],"replies":[{"embeddable":true,"href":"https:\/\/www.laguiadepamplona.com\/actualidad\/wp-json\/wp\/v2\/comments?post=536"}],"version-history":[{"count":0,"href":"https:\/\/www.laguiadepamplona.com\/actualidad\/wp-json\/wp\/v2\/posts\/536\/revisions"}],"wp:featuredmedia":[{"embeddable":true,"href":"https:\/\/www.laguiadepamplona.com\/actualidad\/wp-json\/"}],"wp:attachment":[{"href":"https:\/\/www.laguiadepamplona.com\/actualidad\/wp-json\/wp\/v2\/media?parent=536"}],"wp:term":[{"taxonomy":"category","embeddable":true,"href":"https:\/\/www.laguiadepamplona.com\/actualidad\/wp-json\/wp\/v2\/categories?post=536"},{"taxonomy":"post_tag","embeddable":true,"href":"https:\/\/www.laguiadepamplona.com\/actualidad\/wp-json\/wp\/v2\/tags?post=536"}],"curies":[{"name":"wp","href":"https:\/\/api.w.org\/{rel}","templated":true}]}}