{"id":53337,"date":"2025-07-02T17:38:40","date_gmt":"2025-07-02T15:38:40","guid":{"rendered":"https:\/\/www.laguiadepamplona.com\/actualidad\/?p=53337"},"modified":"2025-07-02T17:38:40","modified_gmt":"2025-07-02T15:38:40","slug":"los-dos-ascensores-de-descalzos-permaneceran-cerrados-entre-el-15-y-el-28-de-julio-para-la-primera-fase-de-una-reforma-integral-que-se-iniciara-en-otono","status":"publish","type":"post","link":"https:\/\/www.laguiadepamplona.com\/actualidad\/los-dos-ascensores-de-descalzos-permaneceran-cerrados-entre-el-15-y-el-28-de-julio-para-la-primera-fase-de-una-reforma-integral-que-se-iniciara-en-otono\/","title":{"rendered":"Los dos ascensores de Descalzos permanecer\u00e1n cerrados entre el 15 y el 28 de julio para la primera fase de una reforma integral que se iniciar\u00e1 en oto\u00f1o"},"content":{"rendered":"<h2>Durante estas dos semanas se reforzar\u00e1 la frecuencia de la l\u00ednea 14 que sube de la Rochapea y se habilitar\u00e1 una parada antes del puente de Curtidores<\/h2>\n<p><!--more--><\/p>\n<p>El 15 de julio y hasta el d\u00eda 28 julio los elevadores de Descalzos permanecer\u00e1n cerrados para llevar a cabo los trabajos de la primera fase de la reforma de esta infraestructura inaugurada en 2008. Esta primera fase consistir\u00e1 en la revisi\u00f3n y adecuaci\u00f3n de una de las l\u00edneas de ascensores para garantizar que cuando a partir de septiembre se lleve a cabo la reforma integral de la otra, el servicio pueda mantenerse.<\/p>\n<p>Para facilitar la accesibilidad, dado que el desnivel entre cotas es de 29,6 metros Consistorio y Mancomunidad de la Comarca de Pamplona han acordado que, durante el tiempo que se extienda la intervenci\u00f3n, se reforzar\u00e1 la l\u00ednea 14 \u201cConexi\u00f3n Rochapea \u2013 Casco Antiguo\u201d. As\u00ed, esa l\u00ednea tendr\u00e1 una frecuencia de 15 minutos en lugar de los 30 habituales que se mantendr\u00e1 durante todo el d\u00eda y todos los d\u00edas de la semana. Adem\u00e1s, se colocar\u00e1 una parada provisional de subida antes del cruce del r\u00edo, pr\u00f3ximo a Corralillos, lo que se se\u00f1alizar\u00e1 colocando un poste.<\/p>\n<p><strong>De septiembre a diciembre, instalaci\u00f3n de maquinaria nueva en uno de los ascensores<\/strong><\/p>\n<p>La segunda fase de estos trabajos llegar\u00e1 en septiembre y se prolongar\u00e1 durante todo el oto\u00f1o. En esta fase de la intervenci\u00f3n se reformar\u00e1 completamente la instalaci\u00f3n mec\u00e1nica de uno de los dos ascensores, debido al estado de desgaste que presentan ambos equipos, lo que supone un elevado n\u00famero de aver\u00edas, con las incidencias que esto supone para los usuarios.<\/p>\n<p>La intervenci\u00f3n consiste en sustituir completamente en uno de los aparatos elevadores, las gu\u00edas de rodadura de cabina, las gu\u00edas de alineaci\u00f3n, las ruedas y patines, todas las poleas de movimiento, el motor completo y todos los elementos de soportaci\u00f3n de estos equipos. Una aver\u00eda grave del eje hizo necesario abrir la m\u00e1quina momento en el que se detect\u00f3 el grave deterioro en el motor. La pieza ha sido realizada en Italia por la compa\u00f1\u00eda italiana que lo fabric\u00f3 en su d\u00eda ya que estos aparatos elevadores discurren sobre un plano inclinado y, por lo tanto, todos los elementos de estos aparatos son \u201cde tipo \u00fanico\u201d, es decir, no est\u00e1ndar, por lo que siempre hay que fabricar las piezas \u201cex profeso\u201d.<\/p>\n<p><strong>240.000 euros de inversi\u00f3n<\/strong><\/p>\n<p>El presupuesto global de inversi\u00f3n en estas dos primeras fases de actuaci\u00f3n se eleva a los 240.000 euros. Respecto a una posible tercera fase, que consistir\u00eda en la reforma integral de la segunda de las l\u00edneas de elevadores, desde el \u00e1rea de Conservaci\u00f3n Urbana del Ayuntamiento de Pamplona se aclara que \u00e9sta se propondr\u00eda para un ejercicio posterior en funci\u00f3n de los resultados que den estas dos primeras fases.<\/p>\n<p>Cada elevador puede transportar 1.500 kilos de peso y en cada viaje pueden subir o bajar de 15 a 20 personas y un m\u00e1ximo de 2 bicicletas. Los elevadores se enmarcaron en su momento en una reurbanizaci\u00f3n del entorno que cont\u00f3 con una subvenci\u00f3n de la Uni\u00f3n Europea a trav\u00e9s del Plan Urban.<\/p>\n","protected":false},"excerpt":{"rendered":"<p>Durante estas dos semanas se reforzar\u00e1 la frecuencia de la l\u00ednea 14 que sube de la Rochapea y se habilitar\u00e1 una parada antes del puente de Curtidores<\/p>\n","protected":false},"author":1,"featured_media":53184,"comment_status":"open","ping_status":"closed","sticky":false,"template":"","format":"standard","meta":{"footnotes":""},"categories":[2],"tags":[],"class_list":["post-53337","post","type-post","status-publish","format-standard","has-post-thumbnail","hentry","category-ayuntamiento-pamplona"],"yoast_head":"<!-- This site is optimized with the Yoast SEO plugin v27.5 - https:\/\/yoast.com\/product\/yoast-seo-wordpress\/ -->\n<title>Los dos ascensores de Descalzos permanecer\u00e1n cerrados entre el 15 y el 28 de julio para la primera fase de una reforma integral que se iniciar\u00e1 en oto\u00f1o<\/title>\n<meta name=\"description\" content=\"Durante estas dos semanas se reforzar\u00e1 la frecuencia de la l\u00ednea 14 que sube de la Rochapea y se habilitar\u00e1 una parada antes del puente de Curtidores\" \/>\n<meta name=\"robots\" content=\"index, follow, max-snippet:-1, max-image-preview:large, max-video-preview:-1\" \/>\n<link rel=\"canonical\" href=\"https:\/\/www.laguiadepamplona.com\/actualidad\/los-dos-ascensores-de-descalzos-permaneceran-cerrados-entre-el-15-y-el-28-de-julio-para-la-primera-fase-de-una-reforma-integral-que-se-iniciara-en-otono\/\" \/>\n<meta property=\"og:locale\" content=\"es_ES\" \/>\n<meta property=\"og:type\" content=\"article\" \/>\n<meta property=\"og:title\" content=\"Los dos ascensores de Descalzos permanecer\u00e1n cerrados entre el 15 y el 28 de julio para la primera fase de una reforma integral que se iniciar\u00e1 en oto\u00f1o\" \/>\n<meta property=\"og:description\" content=\"Durante estas dos semanas se reforzar\u00e1 la frecuencia de la l\u00ednea 14 que sube de la Rochapea y se habilitar\u00e1 una parada antes del puente de Curtidores\" \/>\n<meta property=\"og:url\" content=\"https:\/\/www.laguiadepamplona.com\/actualidad\/los-dos-ascensores-de-descalzos-permaneceran-cerrados-entre-el-15-y-el-28-de-julio-para-la-primera-fase-de-una-reforma-integral-que-se-iniciara-en-otono\/\" \/>\n<meta property=\"og:site_name\" content=\"La Gu\u00eda de Pamplona\" \/>\n<meta property=\"article:publisher\" content=\"https:\/\/www.facebook.com\/laguiadepamplonacom-133175176762273\/?ref=hl\" \/>\n<meta property=\"article:published_time\" content=\"2025-07-02T15:38:40+00:00\" \/>\n<meta property=\"og:image\" content=\"https:\/\/www.laguiadepamplona.com\/actualidad\/wp-content\/uploads\/2025\/06\/ascensor-descalzos_web.webp\" \/>\n\t<meta property=\"og:image:width\" content=\"1000\" \/>\n\t<meta property=\"og:image:height\" content=\"667\" \/>\n\t<meta property=\"og:image:type\" content=\"image\/webp\" \/>\n<meta name=\"author\" content=\"La Gu\u00eda de Pamplona\" \/>\n<meta name=\"twitter:card\" content=\"summary_large_image\" \/>\n<meta name=\"twitter:creator\" content=\"@LaGuiadPamplona\" \/>\n<meta name=\"twitter:site\" content=\"@LaGuiadPamplona\" \/>\n<meta name=\"twitter:label1\" content=\"Escrito por\" \/>\n\t<meta name=\"twitter:data1\" content=\"La Gu\u00eda de Pamplona\" \/>\n\t<meta name=\"twitter:label2\" content=\"Tiempo de lectura\" \/>\n\t<meta name=\"twitter:data2\" content=\"3 minutos\" \/>\n<script type=\"application\/ld+json\" class=\"yoast-schema-graph\">{\"@context\":\"https:\\\/\\\/schema.org\",\"@graph\":[{\"@type\":\"Article\",\"@id\":\"https:\\\/\\\/www.laguiadepamplona.com\\\/actualidad\\\/los-dos-ascensores-de-descalzos-permaneceran-cerrados-entre-el-15-y-el-28-de-julio-para-la-primera-fase-de-una-reforma-integral-que-se-iniciara-en-otono\\\/#article\",\"isPartOf\":{\"@id\":\"https:\\\/\\\/www.laguiadepamplona.com\\\/actualidad\\\/los-dos-ascensores-de-descalzos-permaneceran-cerrados-entre-el-15-y-el-28-de-julio-para-la-primera-fase-de-una-reforma-integral-que-se-iniciara-en-otono\\\/\"},\"author\":{\"name\":\"La Gu\u00eda de Pamplona\",\"@id\":\"https:\\\/\\\/www.laguiadepamplona.com\\\/actualidad\\\/#\\\/schema\\\/person\\\/efe887376f0213d4657c93adc50b1fdb\"},\"headline\":\"Los dos ascensores de Descalzos permanecer\u00e1n cerrados entre el 15 y el 28 de julio para la primera fase de una reforma integral que se iniciar\u00e1 en oto\u00f1o\",\"datePublished\":\"2025-07-02T15:38:40+00:00\",\"mainEntityOfPage\":{\"@id\":\"https:\\\/\\\/www.laguiadepamplona.com\\\/actualidad\\\/los-dos-ascensores-de-descalzos-permaneceran-cerrados-entre-el-15-y-el-28-de-julio-para-la-primera-fase-de-una-reforma-integral-que-se-iniciara-en-otono\\\/\"},\"wordCount\":574,\"commentCount\":0,\"publisher\":{\"@id\":\"https:\\\/\\\/www.laguiadepamplona.com\\\/actualidad\\\/#organization\"},\"image\":{\"@id\":\"https:\\\/\\\/www.laguiadepamplona.com\\\/actualidad\\\/los-dos-ascensores-de-descalzos-permaneceran-cerrados-entre-el-15-y-el-28-de-julio-para-la-primera-fase-de-una-reforma-integral-que-se-iniciara-en-otono\\\/#primaryimage\"},\"thumbnailUrl\":\"https:\\\/\\\/www.laguiadepamplona.com\\\/actualidad\\\/wp-content\\\/uploads\\\/2025\\\/06\\\/ascensor-descalzos_web.webp\",\"articleSection\":[\"Ayto Pamplona\"],\"inLanguage\":\"es\",\"potentialAction\":[{\"@type\":\"CommentAction\",\"name\":\"Comment\",\"target\":[\"https:\\\/\\\/www.laguiadepamplona.com\\\/actualidad\\\/los-dos-ascensores-de-descalzos-permaneceran-cerrados-entre-el-15-y-el-28-de-julio-para-la-primera-fase-de-una-reforma-integral-que-se-iniciara-en-otono\\\/#respond\"]}]},{\"@type\":\"WebPage\",\"@id\":\"https:\\\/\\\/www.laguiadepamplona.com\\\/actualidad\\\/los-dos-ascensores-de-descalzos-permaneceran-cerrados-entre-el-15-y-el-28-de-julio-para-la-primera-fase-de-una-reforma-integral-que-se-iniciara-en-otono\\\/\",\"url\":\"https:\\\/\\\/www.laguiadepamplona.com\\\/actualidad\\\/los-dos-ascensores-de-descalzos-permaneceran-cerrados-entre-el-15-y-el-28-de-julio-para-la-primera-fase-de-una-reforma-integral-que-se-iniciara-en-otono\\\/\",\"name\":\"Los dos ascensores de Descalzos permanecer\u00e1n cerrados entre el 15 y el 28 de julio para la primera fase de una reforma integral que se iniciar\u00e1 en oto\u00f1o\",\"isPartOf\":{\"@id\":\"https:\\\/\\\/www.laguiadepamplona.com\\\/actualidad\\\/#website\"},\"primaryImageOfPage\":{\"@id\":\"https:\\\/\\\/www.laguiadepamplona.com\\\/actualidad\\\/los-dos-ascensores-de-descalzos-permaneceran-cerrados-entre-el-15-y-el-28-de-julio-para-la-primera-fase-de-una-reforma-integral-que-se-iniciara-en-otono\\\/#primaryimage\"},\"image\":{\"@id\":\"https:\\\/\\\/www.laguiadepamplona.com\\\/actualidad\\\/los-dos-ascensores-de-descalzos-permaneceran-cerrados-entre-el-15-y-el-28-de-julio-para-la-primera-fase-de-una-reforma-integral-que-se-iniciara-en-otono\\\/#primaryimage\"},\"thumbnailUrl\":\"https:\\\/\\\/www.laguiadepamplona.com\\\/actualidad\\\/wp-content\\\/uploads\\\/2025\\\/06\\\/ascensor-descalzos_web.webp\",\"datePublished\":\"2025-07-02T15:38:40+00:00\",\"description\":\"Durante estas dos semanas se reforzar\u00e1 la frecuencia de la l\u00ednea 14 que sube de la Rochapea y se habilitar\u00e1 una parada antes del puente de Curtidores\",\"breadcrumb\":{\"@id\":\"https:\\\/\\\/www.laguiadepamplona.com\\\/actualidad\\\/los-dos-ascensores-de-descalzos-permaneceran-cerrados-entre-el-15-y-el-28-de-julio-para-la-primera-fase-de-una-reforma-integral-que-se-iniciara-en-otono\\\/#breadcrumb\"},\"inLanguage\":\"es\",\"potentialAction\":[{\"@type\":\"ReadAction\",\"target\":[\"https:\\\/\\\/www.laguiadepamplona.com\\\/actualidad\\\/los-dos-ascensores-de-descalzos-permaneceran-cerrados-entre-el-15-y-el-28-de-julio-para-la-primera-fase-de-una-reforma-integral-que-se-iniciara-en-otono\\\/\"]}]},{\"@type\":\"ImageObject\",\"inLanguage\":\"es\",\"@id\":\"https:\\\/\\\/www.laguiadepamplona.com\\\/actualidad\\\/los-dos-ascensores-de-descalzos-permaneceran-cerrados-entre-el-15-y-el-28-de-julio-para-la-primera-fase-de-una-reforma-integral-que-se-iniciara-en-otono\\\/#primaryimage\",\"url\":\"https:\\\/\\\/www.laguiadepamplona.com\\\/actualidad\\\/wp-content\\\/uploads\\\/2025\\\/06\\\/ascensor-descalzos_web.webp\",\"contentUrl\":\"https:\\\/\\\/www.laguiadepamplona.com\\\/actualidad\\\/wp-content\\\/uploads\\\/2025\\\/06\\\/ascensor-descalzos_web.webp\",\"width\":1000,\"height\":667,\"caption\":\"ascensores descalzos\"},{\"@type\":\"BreadcrumbList\",\"@id\":\"https:\\\/\\\/www.laguiadepamplona.com\\\/actualidad\\\/los-dos-ascensores-de-descalzos-permaneceran-cerrados-entre-el-15-y-el-28-de-julio-para-la-primera-fase-de-una-reforma-integral-que-se-iniciara-en-otono\\\/#breadcrumb\",\"itemListElement\":[{\"@type\":\"ListItem\",\"position\":1,\"name\":\"Portada\",\"item\":\"https:\\\/\\\/www.laguiadepamplona.com\\\/actualidad\\\/\"},{\"@type\":\"ListItem\",\"position\":2,\"name\":\"Los dos ascensores de Descalzos permanecer\u00e1n cerrados entre el 15 y el 28 de julio para la primera fase de una reforma integral que se iniciar\u00e1 en oto\u00f1o\"}]},{\"@type\":\"WebSite\",\"@id\":\"https:\\\/\\\/www.laguiadepamplona.com\\\/actualidad\\\/#website\",\"url\":\"https:\\\/\\\/www.laguiadepamplona.com\\\/actualidad\\\/\",\"name\":\"La gu\u00eda de Pamplona\",\"description\":\"Noticias de Pamplona\",\"publisher\":{\"@id\":\"https:\\\/\\\/www.laguiadepamplona.com\\\/actualidad\\\/#organization\"},\"potentialAction\":[{\"@type\":\"SearchAction\",\"target\":{\"@type\":\"EntryPoint\",\"urlTemplate\":\"https:\\\/\\\/www.laguiadepamplona.com\\\/actualidad\\\/?s={search_term_string}\"},\"query-input\":{\"@type\":\"PropertyValueSpecification\",\"valueRequired\":true,\"valueName\":\"search_term_string\"}}],\"inLanguage\":\"es\"},{\"@type\":\"Organization\",\"@id\":\"https:\\\/\\\/www.laguiadepamplona.com\\\/actualidad\\\/#organization\",\"name\":\"La Gu\u00eda de Pamplona \\\/ Noticias\",\"url\":\"https:\\\/\\\/www.laguiadepamplona.com\\\/actualidad\\\/\",\"logo\":{\"@type\":\"ImageObject\",\"inLanguage\":\"es\",\"@id\":\"https:\\\/\\\/www.laguiadepamplona.com\\\/actualidad\\\/#\\\/schema\\\/logo\\\/image\\\/\",\"url\":\"https:\\\/\\\/www.laguiadepamplona.com\\\/actualidad\\\/wp-content\\\/uploads\\\/2018\\\/11\\\/logo-laguiadepamplona18-web1.png\",\"contentUrl\":\"https:\\\/\\\/www.laguiadepamplona.com\\\/actualidad\\\/wp-content\\\/uploads\\\/2018\\\/11\\\/logo-laguiadepamplona18-web1.png\",\"width\":600,\"height\":196,\"caption\":\"La Gu\u00eda de Pamplona \\\/ Noticias\"},\"image\":{\"@id\":\"https:\\\/\\\/www.laguiadepamplona.com\\\/actualidad\\\/#\\\/schema\\\/logo\\\/image\\\/\"},\"sameAs\":[\"https:\\\/\\\/www.facebook.com\\\/laguiadepamplonacom-133175176762273\\\/?ref=hl\",\"https:\\\/\\\/x.com\\\/LaGuiadPamplona\",\"https:\\\/\\\/www.instagram.com\\\/la_guia_de_pamplona\\\/\",\"https:\\\/\\\/www.youtube.com\\\/user\\\/laguiadepamplona\"]},{\"@type\":\"Person\",\"@id\":\"https:\\\/\\\/www.laguiadepamplona.com\\\/actualidad\\\/#\\\/schema\\\/person\\\/efe887376f0213d4657c93adc50b1fdb\",\"name\":\"La Gu\u00eda de Pamplona\",\"image\":{\"@type\":\"ImageObject\",\"inLanguage\":\"es\",\"@id\":\"https:\\\/\\\/secure.gravatar.com\\\/avatar\\\/b6992f131dc8d30ab0dff15446e9d346d9dbd95992de0fef795073f5ea83a81c?s=96&d=mm&r=g\",\"url\":\"https:\\\/\\\/secure.gravatar.com\\\/avatar\\\/b6992f131dc8d30ab0dff15446e9d346d9dbd95992de0fef795073f5ea83a81c?s=96&d=mm&r=g\",\"contentUrl\":\"https:\\\/\\\/secure.gravatar.com\\\/avatar\\\/b6992f131dc8d30ab0dff15446e9d346d9dbd95992de0fef795073f5ea83a81c?s=96&d=mm&r=g\",\"caption\":\"La Gu\u00eda de Pamplona\"}}]}<\/script>\n<!-- \/ Yoast SEO plugin. -->","yoast_head_json":{"title":"Los dos ascensores de Descalzos permanecer\u00e1n cerrados entre el 15 y el 28 de julio para la primera fase de una reforma integral que se iniciar\u00e1 en oto\u00f1o","description":"Durante estas dos semanas se reforzar\u00e1 la frecuencia de la l\u00ednea 14 que sube de la Rochapea y se habilitar\u00e1 una parada antes del puente de Curtidores","robots":{"index":"index","follow":"follow","max-snippet":"max-snippet:-1","max-image-preview":"max-image-preview:large","max-video-preview":"max-video-preview:-1"},"canonical":"https:\/\/www.laguiadepamplona.com\/actualidad\/los-dos-ascensores-de-descalzos-permaneceran-cerrados-entre-el-15-y-el-28-de-julio-para-la-primera-fase-de-una-reforma-integral-que-se-iniciara-en-otono\/","og_locale":"es_ES","og_type":"article","og_title":"Los dos ascensores de Descalzos permanecer\u00e1n cerrados entre el 15 y el 28 de julio para la primera fase de una reforma integral que se iniciar\u00e1 en oto\u00f1o","og_description":"Durante estas dos semanas se reforzar\u00e1 la frecuencia de la l\u00ednea 14 que sube de la Rochapea y se habilitar\u00e1 una parada antes del puente de Curtidores","og_url":"https:\/\/www.laguiadepamplona.com\/actualidad\/los-dos-ascensores-de-descalzos-permaneceran-cerrados-entre-el-15-y-el-28-de-julio-para-la-primera-fase-de-una-reforma-integral-que-se-iniciara-en-otono\/","og_site_name":"La Gu\u00eda de Pamplona","article_publisher":"https:\/\/www.facebook.com\/laguiadepamplonacom-133175176762273\/?ref=hl","article_published_time":"2025-07-02T15:38:40+00:00","og_image":[{"width":1000,"height":667,"url":"https:\/\/www.laguiadepamplona.com\/actualidad\/wp-content\/uploads\/2025\/06\/ascensor-descalzos_web.webp","type":"image\/webp"}],"author":"La Gu\u00eda de Pamplona","twitter_card":"summary_large_image","twitter_creator":"@LaGuiadPamplona","twitter_site":"@LaGuiadPamplona","twitter_misc":{"Escrito por":"La Gu\u00eda de Pamplona","Tiempo de lectura":"3 minutos"},"schema":{"@context":"https:\/\/schema.org","@graph":[{"@type":"Article","@id":"https:\/\/www.laguiadepamplona.com\/actualidad\/los-dos-ascensores-de-descalzos-permaneceran-cerrados-entre-el-15-y-el-28-de-julio-para-la-primera-fase-de-una-reforma-integral-que-se-iniciara-en-otono\/#article","isPartOf":{"@id":"https:\/\/www.laguiadepamplona.com\/actualidad\/los-dos-ascensores-de-descalzos-permaneceran-cerrados-entre-el-15-y-el-28-de-julio-para-la-primera-fase-de-una-reforma-integral-que-se-iniciara-en-otono\/"},"author":{"name":"La Gu\u00eda de Pamplona","@id":"https:\/\/www.laguiadepamplona.com\/actualidad\/#\/schema\/person\/efe887376f0213d4657c93adc50b1fdb"},"headline":"Los dos ascensores de Descalzos permanecer\u00e1n cerrados entre el 15 y el 28 de julio para la primera fase de una reforma integral que se iniciar\u00e1 en oto\u00f1o","datePublished":"2025-07-02T15:38:40+00:00","mainEntityOfPage":{"@id":"https:\/\/www.laguiadepamplona.com\/actualidad\/los-dos-ascensores-de-descalzos-permaneceran-cerrados-entre-el-15-y-el-28-de-julio-para-la-primera-fase-de-una-reforma-integral-que-se-iniciara-en-otono\/"},"wordCount":574,"commentCount":0,"publisher":{"@id":"https:\/\/www.laguiadepamplona.com\/actualidad\/#organization"},"image":{"@id":"https:\/\/www.laguiadepamplona.com\/actualidad\/los-dos-ascensores-de-descalzos-permaneceran-cerrados-entre-el-15-y-el-28-de-julio-para-la-primera-fase-de-una-reforma-integral-que-se-iniciara-en-otono\/#primaryimage"},"thumbnailUrl":"https:\/\/www.laguiadepamplona.com\/actualidad\/wp-content\/uploads\/2025\/06\/ascensor-descalzos_web.webp","articleSection":["Ayto Pamplona"],"inLanguage":"es","potentialAction":[{"@type":"CommentAction","name":"Comment","target":["https:\/\/www.laguiadepamplona.com\/actualidad\/los-dos-ascensores-de-descalzos-permaneceran-cerrados-entre-el-15-y-el-28-de-julio-para-la-primera-fase-de-una-reforma-integral-que-se-iniciara-en-otono\/#respond"]}]},{"@type":"WebPage","@id":"https:\/\/www.laguiadepamplona.com\/actualidad\/los-dos-ascensores-de-descalzos-permaneceran-cerrados-entre-el-15-y-el-28-de-julio-para-la-primera-fase-de-una-reforma-integral-que-se-iniciara-en-otono\/","url":"https:\/\/www.laguiadepamplona.com\/actualidad\/los-dos-ascensores-de-descalzos-permaneceran-cerrados-entre-el-15-y-el-28-de-julio-para-la-primera-fase-de-una-reforma-integral-que-se-iniciara-en-otono\/","name":"Los dos ascensores de Descalzos permanecer\u00e1n cerrados entre el 15 y el 28 de julio para la primera fase de una reforma integral que se iniciar\u00e1 en oto\u00f1o","isPartOf":{"@id":"https:\/\/www.laguiadepamplona.com\/actualidad\/#website"},"primaryImageOfPage":{"@id":"https:\/\/www.laguiadepamplona.com\/actualidad\/los-dos-ascensores-de-descalzos-permaneceran-cerrados-entre-el-15-y-el-28-de-julio-para-la-primera-fase-de-una-reforma-integral-que-se-iniciara-en-otono\/#primaryimage"},"image":{"@id":"https:\/\/www.laguiadepamplona.com\/actualidad\/los-dos-ascensores-de-descalzos-permaneceran-cerrados-entre-el-15-y-el-28-de-julio-para-la-primera-fase-de-una-reforma-integral-que-se-iniciara-en-otono\/#primaryimage"},"thumbnailUrl":"https:\/\/www.laguiadepamplona.com\/actualidad\/wp-content\/uploads\/2025\/06\/ascensor-descalzos_web.webp","datePublished":"2025-07-02T15:38:40+00:00","description":"Durante estas dos semanas se reforzar\u00e1 la frecuencia de la l\u00ednea 14 que sube de la Rochapea y se habilitar\u00e1 una parada antes del puente de Curtidores","breadcrumb":{"@id":"https:\/\/www.laguiadepamplona.com\/actualidad\/los-dos-ascensores-de-descalzos-permaneceran-cerrados-entre-el-15-y-el-28-de-julio-para-la-primera-fase-de-una-reforma-integral-que-se-iniciara-en-otono\/#breadcrumb"},"inLanguage":"es","potentialAction":[{"@type":"ReadAction","target":["https:\/\/www.laguiadepamplona.com\/actualidad\/los-dos-ascensores-de-descalzos-permaneceran-cerrados-entre-el-15-y-el-28-de-julio-para-la-primera-fase-de-una-reforma-integral-que-se-iniciara-en-otono\/"]}]},{"@type":"ImageObject","inLanguage":"es","@id":"https:\/\/www.laguiadepamplona.com\/actualidad\/los-dos-ascensores-de-descalzos-permaneceran-cerrados-entre-el-15-y-el-28-de-julio-para-la-primera-fase-de-una-reforma-integral-que-se-iniciara-en-otono\/#primaryimage","url":"https:\/\/www.laguiadepamplona.com\/actualidad\/wp-content\/uploads\/2025\/06\/ascensor-descalzos_web.webp","contentUrl":"https:\/\/www.laguiadepamplona.com\/actualidad\/wp-content\/uploads\/2025\/06\/ascensor-descalzos_web.webp","width":1000,"height":667,"caption":"ascensores descalzos"},{"@type":"BreadcrumbList","@id":"https:\/\/www.laguiadepamplona.com\/actualidad\/los-dos-ascensores-de-descalzos-permaneceran-cerrados-entre-el-15-y-el-28-de-julio-para-la-primera-fase-de-una-reforma-integral-que-se-iniciara-en-otono\/#breadcrumb","itemListElement":[{"@type":"ListItem","position":1,"name":"Portada","item":"https:\/\/www.laguiadepamplona.com\/actualidad\/"},{"@type":"ListItem","position":2,"name":"Los dos ascensores de Descalzos permanecer\u00e1n cerrados entre el 15 y el 28 de julio para la primera fase de una reforma integral que se iniciar\u00e1 en oto\u00f1o"}]},{"@type":"WebSite","@id":"https:\/\/www.laguiadepamplona.com\/actualidad\/#website","url":"https:\/\/www.laguiadepamplona.com\/actualidad\/","name":"La gu\u00eda de Pamplona","description":"Noticias de Pamplona","publisher":{"@id":"https:\/\/www.laguiadepamplona.com\/actualidad\/#organization"},"potentialAction":[{"@type":"SearchAction","target":{"@type":"EntryPoint","urlTemplate":"https:\/\/www.laguiadepamplona.com\/actualidad\/?s={search_term_string}"},"query-input":{"@type":"PropertyValueSpecification","valueRequired":true,"valueName":"search_term_string"}}],"inLanguage":"es"},{"@type":"Organization","@id":"https:\/\/www.laguiadepamplona.com\/actualidad\/#organization","name":"La Gu\u00eda de Pamplona \/ Noticias","url":"https:\/\/www.laguiadepamplona.com\/actualidad\/","logo":{"@type":"ImageObject","inLanguage":"es","@id":"https:\/\/www.laguiadepamplona.com\/actualidad\/#\/schema\/logo\/image\/","url":"https:\/\/www.laguiadepamplona.com\/actualidad\/wp-content\/uploads\/2018\/11\/logo-laguiadepamplona18-web1.png","contentUrl":"https:\/\/www.laguiadepamplona.com\/actualidad\/wp-content\/uploads\/2018\/11\/logo-laguiadepamplona18-web1.png","width":600,"height":196,"caption":"La Gu\u00eda de Pamplona \/ Noticias"},"image":{"@id":"https:\/\/www.laguiadepamplona.com\/actualidad\/#\/schema\/logo\/image\/"},"sameAs":["https:\/\/www.facebook.com\/laguiadepamplonacom-133175176762273\/?ref=hl","https:\/\/x.com\/LaGuiadPamplona","https:\/\/www.instagram.com\/la_guia_de_pamplona\/","https:\/\/www.youtube.com\/user\/laguiadepamplona"]},{"@type":"Person","@id":"https:\/\/www.laguiadepamplona.com\/actualidad\/#\/schema\/person\/efe887376f0213d4657c93adc50b1fdb","name":"La Gu\u00eda de Pamplona","image":{"@type":"ImageObject","inLanguage":"es","@id":"https:\/\/secure.gravatar.com\/avatar\/b6992f131dc8d30ab0dff15446e9d346d9dbd95992de0fef795073f5ea83a81c?s=96&d=mm&r=g","url":"https:\/\/secure.gravatar.com\/avatar\/b6992f131dc8d30ab0dff15446e9d346d9dbd95992de0fef795073f5ea83a81c?s=96&d=mm&r=g","contentUrl":"https:\/\/secure.gravatar.com\/avatar\/b6992f131dc8d30ab0dff15446e9d346d9dbd95992de0fef795073f5ea83a81c?s=96&d=mm&r=g","caption":"La Gu\u00eda de Pamplona"}}]}},"post_mailing_queue_ids":[],"_links":{"self":[{"href":"https:\/\/www.laguiadepamplona.com\/actualidad\/wp-json\/wp\/v2\/posts\/53337","targetHints":{"allow":["GET"]}}],"collection":[{"href":"https:\/\/www.laguiadepamplona.com\/actualidad\/wp-json\/wp\/v2\/posts"}],"about":[{"href":"https:\/\/www.laguiadepamplona.com\/actualidad\/wp-json\/wp\/v2\/types\/post"}],"author":[{"embeddable":true,"href":"https:\/\/www.laguiadepamplona.com\/actualidad\/wp-json\/wp\/v2\/users\/1"}],"replies":[{"embeddable":true,"href":"https:\/\/www.laguiadepamplona.com\/actualidad\/wp-json\/wp\/v2\/comments?post=53337"}],"version-history":[{"count":1,"href":"https:\/\/www.laguiadepamplona.com\/actualidad\/wp-json\/wp\/v2\/posts\/53337\/revisions"}],"predecessor-version":[{"id":53338,"href":"https:\/\/www.laguiadepamplona.com\/actualidad\/wp-json\/wp\/v2\/posts\/53337\/revisions\/53338"}],"wp:featuredmedia":[{"embeddable":true,"href":"https:\/\/www.laguiadepamplona.com\/actualidad\/wp-json\/wp\/v2\/media\/53184"}],"wp:attachment":[{"href":"https:\/\/www.laguiadepamplona.com\/actualidad\/wp-json\/wp\/v2\/media?parent=53337"}],"wp:term":[{"taxonomy":"category","embeddable":true,"href":"https:\/\/www.laguiadepamplona.com\/actualidad\/wp-json\/wp\/v2\/categories?post=53337"},{"taxonomy":"post_tag","embeddable":true,"href":"https:\/\/www.laguiadepamplona.com\/actualidad\/wp-json\/wp\/v2\/tags?post=53337"}],"curies":[{"name":"wp","href":"https:\/\/api.w.org\/{rel}","templated":true}]}}