{"id":53331,"date":"2025-07-02T17:35:31","date_gmt":"2025-07-02T15:35:31","guid":{"rendered":"https:\/\/www.laguiadepamplona.com\/actualidad\/?p=53331"},"modified":"2025-07-02T17:35:31","modified_gmt":"2025-07-02T15:35:31","slug":"estos-sanfermines-la-plaza-de-los-fueros-acogera-por-septimo-ano-la-zona-joven-ocio-variado-disenado-para-un-publico-de-12-a-17-anos","status":"publish","type":"post","link":"https:\/\/www.laguiadepamplona.com\/actualidad\/estos-sanfermines-la-plaza-de-los-fueros-acogera-por-septimo-ano-la-zona-joven-ocio-variado-disenado-para-un-publico-de-12-a-17-anos\/","title":{"rendered":"Estos Sanfermines la plaza de los Fueros acoger\u00e1 por s\u00e9ptimo a\u00f1o la \u2018Zona Joven\u2019: ocio variado dise\u00f1ado para un p\u00fablico de 12 a 17 a\u00f1os"},"content":{"rendered":"<h2>En la pasada edici\u00f3n m\u00e1s de 35.200 personas j\u00f3venes participaron en las actividades programadas por el Ayuntamiento de Pamplona en ese espacio<\/h2>\n<p><!--more--><\/p>\n<p>El 7 de julio comenzar\u00e1 la s\u00e9ptima edici\u00f3n de la Zona Joven, un espacio de ocio destinado a un p\u00fablico de 12 a 17 a\u00f1os que se inaugur\u00f3 en los Sanfermines de 2017 y que, desde esa fecha, ha obtenido una amplia participaci\u00f3n. La propuesta es un conjunto de actividades espec\u00edficamente programadas para ofrecer una alternativa de ocio que genere un disfrute diferente de las fiestas, con un enfoque que es, simult\u00e1neamente, socializador, preventivo y educativo.<\/p>\n<p>En total, se desarrollar\u00e1n m\u00e1s de 30 propuestas gratuitas a lo largo de las fiestas, siempre entre las 19 y las 22.30 horas, momento que coincide con el cierre al tr\u00e1fico de ese entorno, coincidiendo con el vaciado de la plaza. Lo previsto son talleres, <em>masterclasses<\/em>, hinchables o actuaciones (algunas de ellas de la bolsa municipal de grupos) que se suceder\u00e1n del 7 al 14 de julio, todas de libre participaci\u00f3n. En la pasada edici\u00f3n m\u00e1s de 35.200 personas j\u00f3venes participaron en las actividades programadas por el Ayuntamiento de Pamplona en ese espacio.<\/p>\n<p>Adem\u00e1s, el Ayuntamiento de Pamplona mantendr\u00e1 en la Zona Joven durante todas las fiestas un punto seguro que, dentro de la campa\u00f1a municipal \u2018Disfruta con cabeza\u2019, tiene como objetivo dar informaci\u00f3n sobre diferentes temas relacionados con el disfrute, con las relaciones socio-afectivas, etc. que requieren especial difusi\u00f3n y sensibilizaci\u00f3n entre la poblaci\u00f3n joven. Este punto realiz\u00f3 el a\u00f1o pasado 558 intervenciones. En esa misma ubicaci\u00f3n estar\u00e1 disponible tambi\u00e9n material informativo del trabajo de prevenci\u00f3n en el \u00e1mbito joven y en materia de adicciones. En ese espacio estar\u00e1 instalada una \u2018Taberna de agua\u2019 de la Mancomunidad de la Comarca de Pamplona.<\/p>\n<p><strong>M\u00e1s de 30 propuestas de 19 a 22.30 horas<\/strong><\/p>\n<p>La propuesta programada por el Ayuntamiento recoge una treintena de actividades. Est\u00e1n previstos hinchables todos los d\u00edas e hinchables de agua el lunes 14 de julio, adem\u00e1s de diez diferentes talleres abiertos: hacer pancartas de San Ferm\u00edn, maquillaje de fantas\u00eda, confecci\u00f3n pins y tatuajes, c\u00f3cteles (0,0), juegos de mesa con Norma Comics, euskal dantzak con el grupo DanTXaldi, herri kirolak, un taller de baile Tik-tok con TXFitness y otro de break dance con Team Rocket, adem\u00e1s de uno sobre decorar pa\u00f1uelos.<\/p>\n<p>Adem\u00e1s del par de talleres de baile, est\u00e1 prevista una masterclass de zumba, otra de bailes urbanos con la academia Breathless y una exhibici\u00f3n de danza fusi\u00f3n por parte de la academia Ravel. Cada d\u00eda, de 21 a 22.30 horas, la sesi\u00f3n de Zona Joven propondr\u00e1 un cierre musical con actuaciones, orquestas o DJs. Ser\u00e1n la Orquesta Aliados (7 de julio), el concierto de Hagoan (9 de julio), la actuaci\u00f3n de Nakama Planet (13 de julio) o los DJ Mikel Sevillano, Muffin, Eddy o Sangalo, los d\u00edas 8, 10, 12 y 14 de julio, respectivamente. El d\u00eda 11 de julio, viernes, habr\u00e1 un espect\u00e1culo Drag con Donatella Mani y Albina Stardust.<\/p>\n<p>Est\u00e1n previstas tambi\u00e9n una Fiesta de la espuma y una Fiesta Holi, un karaoke \u2018La Voz\u2019 con c\u00e1mara 360, , punter\u00eda con bolas de gel, magia de cerca con Itzal Magoa (\u2018Magia en tu cara\u2019) o un minifestival en directo con Eider eta Guayre y River Newt.<\/p>\n<p><strong>As\u00ed, cada d\u00eda entre el 7 y el 14, de 19 a 22.30 horas, la cita est\u00e1 servida.<\/strong><\/p>\n<p>Punto seguro \u201cDisfruta con cabeza\u201d<\/p>\n<p>En la plaza de los Fueros se colocar\u00e1 una carpa que operar\u00e1 cada d\u00eda entre las 19 y las 21 horas, atendida por diferentes asociaciones y colectivos que contestar\u00e1n las preguntas o cuestiones que las personas j\u00f3venes quieran hacer. Es una forma de conseguir una comunicaci\u00f3n directa con fuentes autorizadas sobre asuntos como sustancias adictivas, enganche a la tecnolog\u00eda, diversidad de g\u00e9nero, inclusi\u00f3n y racializaci\u00f3n, etc.<\/p>\n<p>El 8 y 9 de julio Miren Orozko Etxeberria se encargar\u00e1 de informar sobre relaciones sanas y acompa\u00f1ar\u00e1 para identificar la calidad de las relaciones que se mantienen, buscando referentes positivos y analizando c\u00f3mo debe ser una relaci\u00f3n sana. El jueves 10 la Asociaci\u00f3n ANTOX, dedicada a adicciones a sustancias y tecnolog\u00edas atender\u00e1 el punto con el lema \u201cSin ti puedo vivir\u201d. Los d\u00edas 11,13 y 14 de julio la carpa estar\u00e1 atendida por Asociaci\u00f3n EGHAM que se encarga de temas de sexualidad, orientaci\u00f3n sexual, derechos LGTBIQ+. Finalmente habr\u00e1 un hueco para la Fundaci\u00f3n Secretariado Gitano el d\u00eda 12 que dedica sus esfuerzos a la promoci\u00f3n integral de la comunidad gitana.<\/p>\n<p>&nbsp;<\/p>\n<h3><strong>Zona Joven de 7 al 14 de julio<\/strong><\/h3>\n<p><strong>Lunes 7<\/strong><\/p>\n<p>19:00 \u2013 Apertura con Goxo Txaranga e hinchables<\/p>\n<p>19:30 \u2013 Taller de pancartas de San Ferm\u00edn con Erlantz Xabier Esteban<\/p>\n<p>20:00 \u2013 Fiesta de la espuma + taller de bailes urbanos (Academia Breathless)<\/p>\n<p>21:00 \u2013 Concierto de la Orquesta Aliados<\/p>\n<p><strong>Martes 8<\/strong><\/p>\n<p>19:00 \u2013 Hinchables + taller de maquillaje de fantas\u00eda + c\u00e1mara 360<\/p>\n<p>19:15 \u2013 Masterclass de zumba (TXFitness)<\/p>\n<p>21:00 \u2013 Sesi\u00f3n con DJ Mikel Sevillano<\/p>\n<p><strong>Mi\u00e9rcoles 9<\/strong><\/p>\n<p>19:00 \u2013 Hinchables<\/p>\n<p>19:15 \u2013 Taller de pins y tattoos + exhibici\u00f3n de danza fusi\u00f3n (Academia Ravel)<\/p>\n<p>21:00 \u2013 Concierto del grupo pamplon\u00e9s Hagoan<\/p>\n<p><strong>Jueves 10<\/strong><\/p>\n<p>19:00 \u2013 Hinchables<\/p>\n<p>19:15 \u2013 Taller de cocteler\u00eda 0\/0, karaoke \u201cLa Voz\u201d y c\u00e1mara 360\u00ba<\/p>\n<p>21:00 \u2013 Sesi\u00f3n con DJ Muffin + animaci\u00f3n<\/p>\n<p><strong>Viernes 11<\/strong><\/p>\n<p>19:00 \u2013 Hinchables<\/p>\n<p>19:15 \u2013 Talleres de juegos de mesa (Norma Comics) y euskal dantzak (DanTXaldi)<\/p>\n<p>21:00 \u2013 Espect\u00e1culo drag con Donatella Mani y Albina Stardust<\/p>\n<p><strong>S\u00e1bado 12 (D\u00eda de las Cuadrillas)<\/strong><\/p>\n<p>19:00 \u2013 Hinchables y taller de baile Tik Tok (TXFitness)<\/p>\n<p>19:15 \u2013 Desaf\u00edo punter\u00eda bolas de gel<\/p>\n<p>21:00 \u2013 Sesi\u00f3n con DJ Eddy<\/p>\n<p><strong>Domingo 13<\/strong><\/p>\n<p>19:00 \u2013 Hinchables + taller y exhibici\u00f3n de break dance (Team Rocket) + taller \u201cDecora tu pa\u00f1uelo\u201d y tattoo<\/p>\n<p>19:15 \u2013 Magia con Itzal Magoa<\/p>\n<p>21:00 \u2013 Concierto de Nakama Planet<\/p>\n<p><strong>Lunes 14<\/strong><\/p>\n<p>19:00 \u2013 Hinchables D\u00eda del Agua<\/p>\n<p>19:15 \u2013 Taller de herri kirolak (deportes rurales)<\/p>\n<p>19:30 \u2013 Mini festival en directo con Eider eta Guayre! y River Newt<\/p>\n<p>20:30 \u2013 Fiesta Holi<\/p>\n<p>21:00 &#8211; Sesi\u00f3n con DJ Sangalo (hasta las 22:30)<\/p>\n","protected":false},"excerpt":{"rendered":"<p>En la pasada edici\u00f3n m\u00e1s de 35.200 personas j\u00f3venes participaron en las actividades programadas por el Ayuntamiento de Pamplona en ese espacio<\/p>\n","protected":false},"author":1,"featured_media":53332,"comment_status":"open","ping_status":"closed","sticky":false,"template":"","format":"standard","meta":{"footnotes":""},"categories":[2],"tags":[],"class_list":["post-53331","post","type-post","status-publish","format-standard","has-post-thumbnail","hentry","category-ayuntamiento-pamplona"],"yoast_head":"<!-- This site is optimized with the Yoast SEO plugin v27.5 - https:\/\/yoast.com\/product\/yoast-seo-wordpress\/ -->\n<title>Estos Sanfermines la plaza de los Fueros acoger\u00e1 por s\u00e9ptimo a\u00f1o la \u2018Zona Joven\u2019: ocio variado dise\u00f1ado para un p\u00fablico de 12 a 17 a\u00f1os<\/title>\n<meta name=\"description\" content=\"En la pasada edici\u00f3n m\u00e1s de 35.200 personas j\u00f3venes participaron en las actividades programadas por el Ayuntamiento de Pamplona en ese espacio\" \/>\n<meta name=\"robots\" content=\"index, follow, max-snippet:-1, max-image-preview:large, max-video-preview:-1\" \/>\n<link rel=\"canonical\" href=\"https:\/\/www.laguiadepamplona.com\/actualidad\/estos-sanfermines-la-plaza-de-los-fueros-acogera-por-septimo-ano-la-zona-joven-ocio-variado-disenado-para-un-publico-de-12-a-17-anos\/\" \/>\n<meta property=\"og:locale\" content=\"es_ES\" \/>\n<meta property=\"og:type\" content=\"article\" \/>\n<meta property=\"og:title\" content=\"Estos Sanfermines la plaza de los Fueros acoger\u00e1 por s\u00e9ptimo a\u00f1o la \u2018Zona Joven\u2019: ocio variado dise\u00f1ado para un p\u00fablico de 12 a 17 a\u00f1os\" \/>\n<meta property=\"og:description\" content=\"En la pasada edici\u00f3n m\u00e1s de 35.200 personas j\u00f3venes participaron en las actividades programadas por el Ayuntamiento de Pamplona en ese espacio\" \/>\n<meta property=\"og:url\" content=\"https:\/\/www.laguiadepamplona.com\/actualidad\/estos-sanfermines-la-plaza-de-los-fueros-acogera-por-septimo-ano-la-zona-joven-ocio-variado-disenado-para-un-publico-de-12-a-17-anos\/\" \/>\n<meta property=\"og:site_name\" content=\"La Gu\u00eda de Pamplona\" \/>\n<meta property=\"article:publisher\" content=\"https:\/\/www.facebook.com\/laguiadepamplonacom-133175176762273\/?ref=hl\" \/>\n<meta property=\"article:published_time\" content=\"2025-07-02T15:35:31+00:00\" \/>\n<meta property=\"og:image\" content=\"https:\/\/www.laguiadepamplona.com\/actualidad\/wp-content\/uploads\/2025\/07\/zona-joven_web_1.webp\" \/>\n\t<meta property=\"og:image:width\" content=\"1000\" \/>\n\t<meta property=\"og:image:height\" content=\"667\" \/>\n\t<meta property=\"og:image:type\" content=\"image\/webp\" \/>\n<meta name=\"author\" content=\"La Gu\u00eda de Pamplona\" \/>\n<meta name=\"twitter:card\" content=\"summary_large_image\" \/>\n<meta name=\"twitter:creator\" content=\"@LaGuiadPamplona\" \/>\n<meta name=\"twitter:site\" content=\"@LaGuiadPamplona\" \/>\n<meta name=\"twitter:label1\" content=\"Escrito por\" \/>\n\t<meta name=\"twitter:data1\" content=\"La Gu\u00eda de Pamplona\" \/>\n\t<meta name=\"twitter:label2\" content=\"Tiempo de lectura\" \/>\n\t<meta name=\"twitter:data2\" content=\"5 minutos\" \/>\n<script type=\"application\/ld+json\" class=\"yoast-schema-graph\">{\"@context\":\"https:\\\/\\\/schema.org\",\"@graph\":[{\"@type\":\"Article\",\"@id\":\"https:\\\/\\\/www.laguiadepamplona.com\\\/actualidad\\\/estos-sanfermines-la-plaza-de-los-fueros-acogera-por-septimo-ano-la-zona-joven-ocio-variado-disenado-para-un-publico-de-12-a-17-anos\\\/#article\",\"isPartOf\":{\"@id\":\"https:\\\/\\\/www.laguiadepamplona.com\\\/actualidad\\\/estos-sanfermines-la-plaza-de-los-fueros-acogera-por-septimo-ano-la-zona-joven-ocio-variado-disenado-para-un-publico-de-12-a-17-anos\\\/\"},\"author\":{\"name\":\"La Gu\u00eda de Pamplona\",\"@id\":\"https:\\\/\\\/www.laguiadepamplona.com\\\/actualidad\\\/#\\\/schema\\\/person\\\/efe887376f0213d4657c93adc50b1fdb\"},\"headline\":\"Estos Sanfermines la plaza de los Fueros acoger\u00e1 por s\u00e9ptimo a\u00f1o la \u2018Zona Joven\u2019: ocio variado dise\u00f1ado para un p\u00fablico de 12 a 17 a\u00f1os\",\"datePublished\":\"2025-07-02T15:35:31+00:00\",\"mainEntityOfPage\":{\"@id\":\"https:\\\/\\\/www.laguiadepamplona.com\\\/actualidad\\\/estos-sanfermines-la-plaza-de-los-fueros-acogera-por-septimo-ano-la-zona-joven-ocio-variado-disenado-para-un-publico-de-12-a-17-anos\\\/\"},\"wordCount\":1007,\"commentCount\":0,\"publisher\":{\"@id\":\"https:\\\/\\\/www.laguiadepamplona.com\\\/actualidad\\\/#organization\"},\"image\":{\"@id\":\"https:\\\/\\\/www.laguiadepamplona.com\\\/actualidad\\\/estos-sanfermines-la-plaza-de-los-fueros-acogera-por-septimo-ano-la-zona-joven-ocio-variado-disenado-para-un-publico-de-12-a-17-anos\\\/#primaryimage\"},\"thumbnailUrl\":\"https:\\\/\\\/www.laguiadepamplona.com\\\/actualidad\\\/wp-content\\\/uploads\\\/2025\\\/07\\\/zona-joven_web_1.webp\",\"articleSection\":[\"Ayto Pamplona\"],\"inLanguage\":\"es\",\"potentialAction\":[{\"@type\":\"CommentAction\",\"name\":\"Comment\",\"target\":[\"https:\\\/\\\/www.laguiadepamplona.com\\\/actualidad\\\/estos-sanfermines-la-plaza-de-los-fueros-acogera-por-septimo-ano-la-zona-joven-ocio-variado-disenado-para-un-publico-de-12-a-17-anos\\\/#respond\"]}]},{\"@type\":\"WebPage\",\"@id\":\"https:\\\/\\\/www.laguiadepamplona.com\\\/actualidad\\\/estos-sanfermines-la-plaza-de-los-fueros-acogera-por-septimo-ano-la-zona-joven-ocio-variado-disenado-para-un-publico-de-12-a-17-anos\\\/\",\"url\":\"https:\\\/\\\/www.laguiadepamplona.com\\\/actualidad\\\/estos-sanfermines-la-plaza-de-los-fueros-acogera-por-septimo-ano-la-zona-joven-ocio-variado-disenado-para-un-publico-de-12-a-17-anos\\\/\",\"name\":\"Estos Sanfermines la plaza de los Fueros acoger\u00e1 por s\u00e9ptimo a\u00f1o la \u2018Zona Joven\u2019: ocio variado dise\u00f1ado para un p\u00fablico de 12 a 17 a\u00f1os\",\"isPartOf\":{\"@id\":\"https:\\\/\\\/www.laguiadepamplona.com\\\/actualidad\\\/#website\"},\"primaryImageOfPage\":{\"@id\":\"https:\\\/\\\/www.laguiadepamplona.com\\\/actualidad\\\/estos-sanfermines-la-plaza-de-los-fueros-acogera-por-septimo-ano-la-zona-joven-ocio-variado-disenado-para-un-publico-de-12-a-17-anos\\\/#primaryimage\"},\"image\":{\"@id\":\"https:\\\/\\\/www.laguiadepamplona.com\\\/actualidad\\\/estos-sanfermines-la-plaza-de-los-fueros-acogera-por-septimo-ano-la-zona-joven-ocio-variado-disenado-para-un-publico-de-12-a-17-anos\\\/#primaryimage\"},\"thumbnailUrl\":\"https:\\\/\\\/www.laguiadepamplona.com\\\/actualidad\\\/wp-content\\\/uploads\\\/2025\\\/07\\\/zona-joven_web_1.webp\",\"datePublished\":\"2025-07-02T15:35:31+00:00\",\"description\":\"En la pasada edici\u00f3n m\u00e1s de 35.200 personas j\u00f3venes participaron en las actividades programadas por el Ayuntamiento de Pamplona en ese espacio\",\"breadcrumb\":{\"@id\":\"https:\\\/\\\/www.laguiadepamplona.com\\\/actualidad\\\/estos-sanfermines-la-plaza-de-los-fueros-acogera-por-septimo-ano-la-zona-joven-ocio-variado-disenado-para-un-publico-de-12-a-17-anos\\\/#breadcrumb\"},\"inLanguage\":\"es\",\"potentialAction\":[{\"@type\":\"ReadAction\",\"target\":[\"https:\\\/\\\/www.laguiadepamplona.com\\\/actualidad\\\/estos-sanfermines-la-plaza-de-los-fueros-acogera-por-septimo-ano-la-zona-joven-ocio-variado-disenado-para-un-publico-de-12-a-17-anos\\\/\"]}]},{\"@type\":\"ImageObject\",\"inLanguage\":\"es\",\"@id\":\"https:\\\/\\\/www.laguiadepamplona.com\\\/actualidad\\\/estos-sanfermines-la-plaza-de-los-fueros-acogera-por-septimo-ano-la-zona-joven-ocio-variado-disenado-para-un-publico-de-12-a-17-anos\\\/#primaryimage\",\"url\":\"https:\\\/\\\/www.laguiadepamplona.com\\\/actualidad\\\/wp-content\\\/uploads\\\/2025\\\/07\\\/zona-joven_web_1.webp\",\"contentUrl\":\"https:\\\/\\\/www.laguiadepamplona.com\\\/actualidad\\\/wp-content\\\/uploads\\\/2025\\\/07\\\/zona-joven_web_1.webp\",\"width\":1000,\"height\":667,\"caption\":\"zona joven sanfermines\"},{\"@type\":\"BreadcrumbList\",\"@id\":\"https:\\\/\\\/www.laguiadepamplona.com\\\/actualidad\\\/estos-sanfermines-la-plaza-de-los-fueros-acogera-por-septimo-ano-la-zona-joven-ocio-variado-disenado-para-un-publico-de-12-a-17-anos\\\/#breadcrumb\",\"itemListElement\":[{\"@type\":\"ListItem\",\"position\":1,\"name\":\"Portada\",\"item\":\"https:\\\/\\\/www.laguiadepamplona.com\\\/actualidad\\\/\"},{\"@type\":\"ListItem\",\"position\":2,\"name\":\"Estos Sanfermines la plaza de los Fueros acoger\u00e1 por s\u00e9ptimo a\u00f1o la \u2018Zona Joven\u2019: ocio variado dise\u00f1ado para un p\u00fablico de 12 a 17 a\u00f1os\"}]},{\"@type\":\"WebSite\",\"@id\":\"https:\\\/\\\/www.laguiadepamplona.com\\\/actualidad\\\/#website\",\"url\":\"https:\\\/\\\/www.laguiadepamplona.com\\\/actualidad\\\/\",\"name\":\"La gu\u00eda de Pamplona\",\"description\":\"Noticias de Pamplona\",\"publisher\":{\"@id\":\"https:\\\/\\\/www.laguiadepamplona.com\\\/actualidad\\\/#organization\"},\"potentialAction\":[{\"@type\":\"SearchAction\",\"target\":{\"@type\":\"EntryPoint\",\"urlTemplate\":\"https:\\\/\\\/www.laguiadepamplona.com\\\/actualidad\\\/?s={search_term_string}\"},\"query-input\":{\"@type\":\"PropertyValueSpecification\",\"valueRequired\":true,\"valueName\":\"search_term_string\"}}],\"inLanguage\":\"es\"},{\"@type\":\"Organization\",\"@id\":\"https:\\\/\\\/www.laguiadepamplona.com\\\/actualidad\\\/#organization\",\"name\":\"La Gu\u00eda de Pamplona \\\/ Noticias\",\"url\":\"https:\\\/\\\/www.laguiadepamplona.com\\\/actualidad\\\/\",\"logo\":{\"@type\":\"ImageObject\",\"inLanguage\":\"es\",\"@id\":\"https:\\\/\\\/www.laguiadepamplona.com\\\/actualidad\\\/#\\\/schema\\\/logo\\\/image\\\/\",\"url\":\"https:\\\/\\\/www.laguiadepamplona.com\\\/actualidad\\\/wp-content\\\/uploads\\\/2018\\\/11\\\/logo-laguiadepamplona18-web1.png\",\"contentUrl\":\"https:\\\/\\\/www.laguiadepamplona.com\\\/actualidad\\\/wp-content\\\/uploads\\\/2018\\\/11\\\/logo-laguiadepamplona18-web1.png\",\"width\":600,\"height\":196,\"caption\":\"La Gu\u00eda de Pamplona \\\/ Noticias\"},\"image\":{\"@id\":\"https:\\\/\\\/www.laguiadepamplona.com\\\/actualidad\\\/#\\\/schema\\\/logo\\\/image\\\/\"},\"sameAs\":[\"https:\\\/\\\/www.facebook.com\\\/laguiadepamplonacom-133175176762273\\\/?ref=hl\",\"https:\\\/\\\/x.com\\\/LaGuiadPamplona\",\"https:\\\/\\\/www.instagram.com\\\/la_guia_de_pamplona\\\/\",\"https:\\\/\\\/www.youtube.com\\\/user\\\/laguiadepamplona\"]},{\"@type\":\"Person\",\"@id\":\"https:\\\/\\\/www.laguiadepamplona.com\\\/actualidad\\\/#\\\/schema\\\/person\\\/efe887376f0213d4657c93adc50b1fdb\",\"name\":\"La Gu\u00eda de Pamplona\",\"image\":{\"@type\":\"ImageObject\",\"inLanguage\":\"es\",\"@id\":\"https:\\\/\\\/secure.gravatar.com\\\/avatar\\\/b6992f131dc8d30ab0dff15446e9d346d9dbd95992de0fef795073f5ea83a81c?s=96&d=mm&r=g\",\"url\":\"https:\\\/\\\/secure.gravatar.com\\\/avatar\\\/b6992f131dc8d30ab0dff15446e9d346d9dbd95992de0fef795073f5ea83a81c?s=96&d=mm&r=g\",\"contentUrl\":\"https:\\\/\\\/secure.gravatar.com\\\/avatar\\\/b6992f131dc8d30ab0dff15446e9d346d9dbd95992de0fef795073f5ea83a81c?s=96&d=mm&r=g\",\"caption\":\"La Gu\u00eda de Pamplona\"}}]}<\/script>\n<!-- \/ Yoast SEO plugin. -->","yoast_head_json":{"title":"Estos Sanfermines la plaza de los Fueros acoger\u00e1 por s\u00e9ptimo a\u00f1o la \u2018Zona Joven\u2019: ocio variado dise\u00f1ado para un p\u00fablico de 12 a 17 a\u00f1os","description":"En la pasada edici\u00f3n m\u00e1s de 35.200 personas j\u00f3venes participaron en las actividades programadas por el Ayuntamiento de Pamplona en ese espacio","robots":{"index":"index","follow":"follow","max-snippet":"max-snippet:-1","max-image-preview":"max-image-preview:large","max-video-preview":"max-video-preview:-1"},"canonical":"https:\/\/www.laguiadepamplona.com\/actualidad\/estos-sanfermines-la-plaza-de-los-fueros-acogera-por-septimo-ano-la-zona-joven-ocio-variado-disenado-para-un-publico-de-12-a-17-anos\/","og_locale":"es_ES","og_type":"article","og_title":"Estos Sanfermines la plaza de los Fueros acoger\u00e1 por s\u00e9ptimo a\u00f1o la \u2018Zona Joven\u2019: ocio variado dise\u00f1ado para un p\u00fablico de 12 a 17 a\u00f1os","og_description":"En la pasada edici\u00f3n m\u00e1s de 35.200 personas j\u00f3venes participaron en las actividades programadas por el Ayuntamiento de Pamplona en ese espacio","og_url":"https:\/\/www.laguiadepamplona.com\/actualidad\/estos-sanfermines-la-plaza-de-los-fueros-acogera-por-septimo-ano-la-zona-joven-ocio-variado-disenado-para-un-publico-de-12-a-17-anos\/","og_site_name":"La Gu\u00eda de Pamplona","article_publisher":"https:\/\/www.facebook.com\/laguiadepamplonacom-133175176762273\/?ref=hl","article_published_time":"2025-07-02T15:35:31+00:00","og_image":[{"width":1000,"height":667,"url":"https:\/\/www.laguiadepamplona.com\/actualidad\/wp-content\/uploads\/2025\/07\/zona-joven_web_1.webp","type":"image\/webp"}],"author":"La Gu\u00eda de Pamplona","twitter_card":"summary_large_image","twitter_creator":"@LaGuiadPamplona","twitter_site":"@LaGuiadPamplona","twitter_misc":{"Escrito por":"La Gu\u00eda de Pamplona","Tiempo de lectura":"5 minutos"},"schema":{"@context":"https:\/\/schema.org","@graph":[{"@type":"Article","@id":"https:\/\/www.laguiadepamplona.com\/actualidad\/estos-sanfermines-la-plaza-de-los-fueros-acogera-por-septimo-ano-la-zona-joven-ocio-variado-disenado-para-un-publico-de-12-a-17-anos\/#article","isPartOf":{"@id":"https:\/\/www.laguiadepamplona.com\/actualidad\/estos-sanfermines-la-plaza-de-los-fueros-acogera-por-septimo-ano-la-zona-joven-ocio-variado-disenado-para-un-publico-de-12-a-17-anos\/"},"author":{"name":"La Gu\u00eda de Pamplona","@id":"https:\/\/www.laguiadepamplona.com\/actualidad\/#\/schema\/person\/efe887376f0213d4657c93adc50b1fdb"},"headline":"Estos Sanfermines la plaza de los Fueros acoger\u00e1 por s\u00e9ptimo a\u00f1o la \u2018Zona Joven\u2019: ocio variado dise\u00f1ado para un p\u00fablico de 12 a 17 a\u00f1os","datePublished":"2025-07-02T15:35:31+00:00","mainEntityOfPage":{"@id":"https:\/\/www.laguiadepamplona.com\/actualidad\/estos-sanfermines-la-plaza-de-los-fueros-acogera-por-septimo-ano-la-zona-joven-ocio-variado-disenado-para-un-publico-de-12-a-17-anos\/"},"wordCount":1007,"commentCount":0,"publisher":{"@id":"https:\/\/www.laguiadepamplona.com\/actualidad\/#organization"},"image":{"@id":"https:\/\/www.laguiadepamplona.com\/actualidad\/estos-sanfermines-la-plaza-de-los-fueros-acogera-por-septimo-ano-la-zona-joven-ocio-variado-disenado-para-un-publico-de-12-a-17-anos\/#primaryimage"},"thumbnailUrl":"https:\/\/www.laguiadepamplona.com\/actualidad\/wp-content\/uploads\/2025\/07\/zona-joven_web_1.webp","articleSection":["Ayto Pamplona"],"inLanguage":"es","potentialAction":[{"@type":"CommentAction","name":"Comment","target":["https:\/\/www.laguiadepamplona.com\/actualidad\/estos-sanfermines-la-plaza-de-los-fueros-acogera-por-septimo-ano-la-zona-joven-ocio-variado-disenado-para-un-publico-de-12-a-17-anos\/#respond"]}]},{"@type":"WebPage","@id":"https:\/\/www.laguiadepamplona.com\/actualidad\/estos-sanfermines-la-plaza-de-los-fueros-acogera-por-septimo-ano-la-zona-joven-ocio-variado-disenado-para-un-publico-de-12-a-17-anos\/","url":"https:\/\/www.laguiadepamplona.com\/actualidad\/estos-sanfermines-la-plaza-de-los-fueros-acogera-por-septimo-ano-la-zona-joven-ocio-variado-disenado-para-un-publico-de-12-a-17-anos\/","name":"Estos Sanfermines la plaza de los Fueros acoger\u00e1 por s\u00e9ptimo a\u00f1o la \u2018Zona Joven\u2019: ocio variado dise\u00f1ado para un p\u00fablico de 12 a 17 a\u00f1os","isPartOf":{"@id":"https:\/\/www.laguiadepamplona.com\/actualidad\/#website"},"primaryImageOfPage":{"@id":"https:\/\/www.laguiadepamplona.com\/actualidad\/estos-sanfermines-la-plaza-de-los-fueros-acogera-por-septimo-ano-la-zona-joven-ocio-variado-disenado-para-un-publico-de-12-a-17-anos\/#primaryimage"},"image":{"@id":"https:\/\/www.laguiadepamplona.com\/actualidad\/estos-sanfermines-la-plaza-de-los-fueros-acogera-por-septimo-ano-la-zona-joven-ocio-variado-disenado-para-un-publico-de-12-a-17-anos\/#primaryimage"},"thumbnailUrl":"https:\/\/www.laguiadepamplona.com\/actualidad\/wp-content\/uploads\/2025\/07\/zona-joven_web_1.webp","datePublished":"2025-07-02T15:35:31+00:00","description":"En la pasada edici\u00f3n m\u00e1s de 35.200 personas j\u00f3venes participaron en las actividades programadas por el Ayuntamiento de Pamplona en ese espacio","breadcrumb":{"@id":"https:\/\/www.laguiadepamplona.com\/actualidad\/estos-sanfermines-la-plaza-de-los-fueros-acogera-por-septimo-ano-la-zona-joven-ocio-variado-disenado-para-un-publico-de-12-a-17-anos\/#breadcrumb"},"inLanguage":"es","potentialAction":[{"@type":"ReadAction","target":["https:\/\/www.laguiadepamplona.com\/actualidad\/estos-sanfermines-la-plaza-de-los-fueros-acogera-por-septimo-ano-la-zona-joven-ocio-variado-disenado-para-un-publico-de-12-a-17-anos\/"]}]},{"@type":"ImageObject","inLanguage":"es","@id":"https:\/\/www.laguiadepamplona.com\/actualidad\/estos-sanfermines-la-plaza-de-los-fueros-acogera-por-septimo-ano-la-zona-joven-ocio-variado-disenado-para-un-publico-de-12-a-17-anos\/#primaryimage","url":"https:\/\/www.laguiadepamplona.com\/actualidad\/wp-content\/uploads\/2025\/07\/zona-joven_web_1.webp","contentUrl":"https:\/\/www.laguiadepamplona.com\/actualidad\/wp-content\/uploads\/2025\/07\/zona-joven_web_1.webp","width":1000,"height":667,"caption":"zona joven sanfermines"},{"@type":"BreadcrumbList","@id":"https:\/\/www.laguiadepamplona.com\/actualidad\/estos-sanfermines-la-plaza-de-los-fueros-acogera-por-septimo-ano-la-zona-joven-ocio-variado-disenado-para-un-publico-de-12-a-17-anos\/#breadcrumb","itemListElement":[{"@type":"ListItem","position":1,"name":"Portada","item":"https:\/\/www.laguiadepamplona.com\/actualidad\/"},{"@type":"ListItem","position":2,"name":"Estos Sanfermines la plaza de los Fueros acoger\u00e1 por s\u00e9ptimo a\u00f1o la \u2018Zona Joven\u2019: ocio variado dise\u00f1ado para un p\u00fablico de 12 a 17 a\u00f1os"}]},{"@type":"WebSite","@id":"https:\/\/www.laguiadepamplona.com\/actualidad\/#website","url":"https:\/\/www.laguiadepamplona.com\/actualidad\/","name":"La gu\u00eda de Pamplona","description":"Noticias de Pamplona","publisher":{"@id":"https:\/\/www.laguiadepamplona.com\/actualidad\/#organization"},"potentialAction":[{"@type":"SearchAction","target":{"@type":"EntryPoint","urlTemplate":"https:\/\/www.laguiadepamplona.com\/actualidad\/?s={search_term_string}"},"query-input":{"@type":"PropertyValueSpecification","valueRequired":true,"valueName":"search_term_string"}}],"inLanguage":"es"},{"@type":"Organization","@id":"https:\/\/www.laguiadepamplona.com\/actualidad\/#organization","name":"La Gu\u00eda de Pamplona \/ Noticias","url":"https:\/\/www.laguiadepamplona.com\/actualidad\/","logo":{"@type":"ImageObject","inLanguage":"es","@id":"https:\/\/www.laguiadepamplona.com\/actualidad\/#\/schema\/logo\/image\/","url":"https:\/\/www.laguiadepamplona.com\/actualidad\/wp-content\/uploads\/2018\/11\/logo-laguiadepamplona18-web1.png","contentUrl":"https:\/\/www.laguiadepamplona.com\/actualidad\/wp-content\/uploads\/2018\/11\/logo-laguiadepamplona18-web1.png","width":600,"height":196,"caption":"La Gu\u00eda de Pamplona \/ Noticias"},"image":{"@id":"https:\/\/www.laguiadepamplona.com\/actualidad\/#\/schema\/logo\/image\/"},"sameAs":["https:\/\/www.facebook.com\/laguiadepamplonacom-133175176762273\/?ref=hl","https:\/\/x.com\/LaGuiadPamplona","https:\/\/www.instagram.com\/la_guia_de_pamplona\/","https:\/\/www.youtube.com\/user\/laguiadepamplona"]},{"@type":"Person","@id":"https:\/\/www.laguiadepamplona.com\/actualidad\/#\/schema\/person\/efe887376f0213d4657c93adc50b1fdb","name":"La Gu\u00eda de Pamplona","image":{"@type":"ImageObject","inLanguage":"es","@id":"https:\/\/secure.gravatar.com\/avatar\/b6992f131dc8d30ab0dff15446e9d346d9dbd95992de0fef795073f5ea83a81c?s=96&d=mm&r=g","url":"https:\/\/secure.gravatar.com\/avatar\/b6992f131dc8d30ab0dff15446e9d346d9dbd95992de0fef795073f5ea83a81c?s=96&d=mm&r=g","contentUrl":"https:\/\/secure.gravatar.com\/avatar\/b6992f131dc8d30ab0dff15446e9d346d9dbd95992de0fef795073f5ea83a81c?s=96&d=mm&r=g","caption":"La Gu\u00eda de Pamplona"}}]}},"post_mailing_queue_ids":[],"_links":{"self":[{"href":"https:\/\/www.laguiadepamplona.com\/actualidad\/wp-json\/wp\/v2\/posts\/53331","targetHints":{"allow":["GET"]}}],"collection":[{"href":"https:\/\/www.laguiadepamplona.com\/actualidad\/wp-json\/wp\/v2\/posts"}],"about":[{"href":"https:\/\/www.laguiadepamplona.com\/actualidad\/wp-json\/wp\/v2\/types\/post"}],"author":[{"embeddable":true,"href":"https:\/\/www.laguiadepamplona.com\/actualidad\/wp-json\/wp\/v2\/users\/1"}],"replies":[{"embeddable":true,"href":"https:\/\/www.laguiadepamplona.com\/actualidad\/wp-json\/wp\/v2\/comments?post=53331"}],"version-history":[{"count":1,"href":"https:\/\/www.laguiadepamplona.com\/actualidad\/wp-json\/wp\/v2\/posts\/53331\/revisions"}],"predecessor-version":[{"id":53333,"href":"https:\/\/www.laguiadepamplona.com\/actualidad\/wp-json\/wp\/v2\/posts\/53331\/revisions\/53333"}],"wp:featuredmedia":[{"embeddable":true,"href":"https:\/\/www.laguiadepamplona.com\/actualidad\/wp-json\/wp\/v2\/media\/53332"}],"wp:attachment":[{"href":"https:\/\/www.laguiadepamplona.com\/actualidad\/wp-json\/wp\/v2\/media?parent=53331"}],"wp:term":[{"taxonomy":"category","embeddable":true,"href":"https:\/\/www.laguiadepamplona.com\/actualidad\/wp-json\/wp\/v2\/categories?post=53331"},{"taxonomy":"post_tag","embeddable":true,"href":"https:\/\/www.laguiadepamplona.com\/actualidad\/wp-json\/wp\/v2\/tags?post=53331"}],"curies":[{"name":"wp","href":"https:\/\/api.w.org\/{rel}","templated":true}]}}