{"id":53324,"date":"2025-07-02T17:29:51","date_gmt":"2025-07-02T15:29:51","guid":{"rendered":"https:\/\/www.laguiadepamplona.com\/actualidad\/?p=53324"},"modified":"2025-07-02T17:29:51","modified_gmt":"2025-07-02T15:29:51","slug":"la-noche-del-viernes-al-sabado-toda-pamplona-se-convierte-en-zona-naranja-24-7-hasta-el-final-de-las-fiestas","status":"publish","type":"post","link":"https:\/\/www.laguiadepamplona.com\/actualidad\/la-noche-del-viernes-al-sabado-toda-pamplona-se-convierte-en-zona-naranja-24-7-hasta-el-final-de-las-fiestas\/","title":{"rendered":"La noche del viernes al s\u00e1bado toda Pamplona se convierte en zona naranja 24\/7 hasta el final de las fiestas"},"content":{"rendered":"<h2>A partir de las 22 horas del 5 de julio, se cerrar\u00e1n los accesos al Casco Antiguo de la ciudad, con excepciones para residentes<\/h2>\n<p><!--more--><\/p>\n<p>Un a\u00f1o m\u00e1s, la medianoche del 5 de julio (la noche del viernes al s\u00e1bado) se modifica el sistema de regulaci\u00f3n de tr\u00e1fico y aparcamiento en la ciudad (ZER). Toda Pamplona se convierte en zona naranja de estacionamiento regulado 24 del d\u00eda hasta que acaben las fiestas de San Ferm\u00edn. En esa zona se podr\u00e1 estacionar un m\u00e1ximo de 24 horas con el mismo tique. A la zona naranja, se sumar\u00e1n a partir de las 22 horas de 5 de julio, el cierre de los accesos al Casco Antiguo, con excepciones reguladas para los residentes.<\/p>\n<p>La zona naranja comprende durante Sanfermines el actual sector 2 (Segundo Ensanche) desde la avenida de la Baja Navarra, avenida de Conde Oliveto y avenida del Ej\u00e9rcito hacia el sur el sector 3 (Milagrosa y Azpilaga\u00f1a), el sector 4 (Iturrama), el sector 5 (Ermitaga\u00f1a, Mendebaldea y Etxabakoitz Norte), sector 6 (San Juan), sector 7 (aparcamiento de zona hospitalaria), sector 8 (Rochapea), sector 9 (San Jorge) y sector 10 (Txantrea). Se except\u00faan de esa calificaci\u00f3n la zona de estacionamiento de larga duraci\u00f3n en calle Muelle (sector 9), que mantendr\u00e1 la regulaci\u00f3n habitual del resto del a\u00f1o; la zona de estacionamiento en la estaci\u00f3n de RENFE, que se mantendr\u00e1 roja como el resto del a\u00f1o; y la zona del Cementerio, en la que la primera hora se mantendr\u00e1 gratuita y el resto del horario (las 24 horas del d\u00eda) ser\u00e1 naranja.<\/p>\n<p>Asimismo, desde la medianoche del viernes y hasta que acaben los Sanfermines, en la zona comprendida entre la avenida de la Baja Navarra, avenida de Conde Oliveto, avenida del Ej\u00e9rcito y el l\u00edmite con el sector 1 (Casco Antiguo), en aquellos lugares donde est\u00e9 autorizado el aparcamiento \u00fanicamente podr\u00e1n estacionar quienes tengan tarjeta de residente del sector 1 o 2. Tambi\u00e9n ser\u00e1n zonas restringidas a residentes de esos sectores las situada junto a la sociedad Larraina y en las calles Juli\u00e1n Arteaga, Sandoval y Navas de Tolosa. La zona situada junto a la sociedad Larraina ser\u00e1 zona restringida para los residentes de los sectores 1, 2 y 6.<\/p>\n<p>La mayor afluencia de peatones y de veh\u00edculos durante las fiestas complica considerablemente el tr\u00e1fico, por lo que durante las fiestas se toman medidas extraordinarias tendentes a paliar en lo posible los problemas derivados de ese incremento, que durante los fines de semana llega a ser enorme. se recuerda que, adem\u00e1s del aparcamiento en superficie, la ciudad cuenta con estacionamientos en superficie disuasorios gratuitos (10), de pago a partir de 24 horas de estacionamiento con control de matr\u00edculas (12) y subterr\u00e1neos de pago (9).<\/p>\n<p><strong>Cierre del Casco Antiguo desde las 22 horas de 5 de julio<\/strong><\/p>\n<p>El Casco Antiguo de Pamplona quedar\u00e1 cerrado al tr\u00e1fico desde las 22 horas de este viernes 5 de julio, hasta las 14 horas del lunes 15 de julio. En la zona de las Huertas de Santo Domingo, plaza de Santa Mar\u00eda la Real y vial de Taconera podr\u00e1n estacionar los vecinos y vecinas con tarjeta de residente del sector 1, con las limitaciones para entrar y salir derivadas de la celebraci\u00f3n de determinados actos festivos como Encierro o Encierrillo, entre otros. El aparcamiento junto a los Corrales del Gas ser\u00e1 de uso exclusivo para residentes de los sectores 1 y 8. Este a\u00f1o se habilita como aparcamiento para residentes del Sector 1 la pista polideportiva de la Fundaci\u00f3n P.E. Dominicas de la Ense\u00f1anza (Colegio Santo Tom\u00e1s), situada en la calle R\u00edo Arga. Desde la ma\u00f1ana del d\u00eda 5 se prohibir\u00e1 el giro hacia Navas de Tolosa por la avenida del Ej\u00e9rcito, en sentido centro.<\/p>\n<p>En ese mismo periodo de tiempo, desde las 22 horas del 5 de julio hasta las 14 horas del 15 de julio, se suspende la aplicaci\u00f3n de las normas de acceso y circulaci\u00f3n para el Casco Antiguo y parque de Aranzadi. Est\u00e1n excluidos de esta prohibici\u00f3n el transporte urbano de la Comarca de Pamplona, taxis de servicio, veh\u00edculos de polic\u00eda, ambulancias, veh\u00edculos del parque de bomberos y otros servicios municipales, adem\u00e1s de aquellos que cuenten con permiso expreso y por escrito expedido por Polic\u00eda Municipal de Pamplona.<\/p>\n<p><strong>Cortes temporales al tr\u00e1fico de veh\u00edculos<\/strong><\/p>\n<p>El entorno del espacio de lanzamiento de las colecciones de fuegos artificiales y la Zona Joven, tienen sus propias circunstancias. As\u00ed, se cerrar\u00e1n al tr\u00e1fico a partir de las 22:00 horas hasta las 24:00 horas la calle Vuelta del Castillo, desde la calle Esquiroz hasta la Plaza de los Fueros, las avenidas del Ej\u00e9rcito y Conde Oliveto, la calle Yanguas y Miranda y la avenida de Zaragoza, desde la Plaza Pr\u00edncipe de Viana hasta su cruce con la calle Sang\u00fcesa.<\/p>\n<p>Desde esa misma hora (las 22) hora, pero hasta las 3.00, media hora m\u00e1s que el a\u00f1o pasado, se cerrar\u00e1n al tr\u00e1fico todos los accesos a la Plaza de los Fueros comprendidos entre la avenida de Zaragoza desde la rotonda con la calle Sang\u00fcesa, Gayarre, avenida Galicia, Abejeras, Vuelta del Castillo, Yanguas y Miranda, y avenida Zaragoza desde Pr\u00edncipe de Viana.<\/p>\n<p><strong>Prohibici\u00f3n de estacionamiento de autocaravanas<\/strong><\/p>\n<p>El Ayuntamiento de Pamplona recuerda que est\u00e1 prohibido el estacionamiento de caravanas en la v\u00eda p\u00fablica en el t\u00e9rmino municipal. Tambi\u00e9n est\u00e1 prohibido estacionar autocaravanas para ser utilizadas como vivienda, excepto en el parking de autocaravanas espec\u00edfico ubicado en Trinitarios. Se except\u00faa de esta prohibici\u00f3n el aparcamiento del solar de Trinitarios habilitado para tal fin y cedido para estas fechas a la Casa de Misericordia para que se instalen las caravanas y veh\u00edculos vivienda de las personas que ponen sus atracciones de feria en el parque del Runa.<\/p>\n<p>Los veh\u00edculos mal estacionados ser\u00e1n denunciados y, en su caso, retirados por el servicio municipal de gr\u00faa, siempre de acuerdo con lo que dispone al efecto la Ley de Seguridad Vial, Reglamento General de Circulaci\u00f3n, Ordenanza de Movilidad de la ciudad de Pamplona y Ordenanza Reguladora de las Zonas de Estacionamiento Limitado y Restringido.<\/p>\n<p><strong>Carga y descarga<\/strong><\/p>\n<p>El horario de carga y descarga en Casco Antiguo que en estos d\u00edas presanfermineros es de 8 a 12 horas y de 14 a 17.30 horas, cambiar\u00e1 durante las fiestas. El d\u00eda 6 de julio ser\u00e1 de 7 a 10 horas y de 15 a 17 horas, excepto en Plaza Consistorial e inmediaciones donde la horquilla temporal se limita a la franja de 7 a 10 horas. El d\u00eda 7 no habr\u00e1 carga y descarga habilitada en Casco Antiguo. En esa zona del 7 al 14 el horario para realizar labores de carga y descarga ser\u00e1 de 09 a 13 horas y de 15 a 17 horas, aunque el d\u00eda 14 habr\u00e1 una limitaci\u00f3n para esas labores en las calles Mayor, San Saturnino y Plaza Consistorial, donde la carga y descarga solo estar\u00e1 permitida de 15 a 17 horas.<\/p>\n<p>&nbsp;<\/p>\n<h3>Aparcamientos gratuitos-libres<\/h3>\n<ul>\n<li>Aparcamientos de la c\/ El Sadar<\/li>\n<li>Zona Universidad P\u00fablica de Navarra<\/li>\n<li>Aparcamientos del Pol\u00edgono Industrial de Landaben<\/li>\n<li>Aparcamiento Santa Engracia<\/li>\n<li>Aparcamiento de Buztintxuri (C\/ Ferrocarril)<\/li>\n<li>Aparcamiento de Buztintxuri (Trelleborg)<\/li>\n<li>Aparcamiento en Avda. de Ar\u00f3stegui, junto a Venta de Andr\u00e9s<\/li>\n<li>Aparcamientos Etxabakoitz<\/li>\n<li>Solar c\/ Miguel Astrain (Azpilaga\u00f1a)<\/li>\n<li>Zonas de aparcamientos de superficie en nuevas urbanizaciones de Arrosadia y Lezkairu<\/li>\n<\/ul>\n<h3>Aparcamientos gratuitos las primeras 24 horas<\/h3>\n<ul>\n<li>Aparcamiento de Txantrea Sur<\/li>\n<li>Aparcamiento c\/ Canal \u2013 colegio Do\u00f1a Mayor<\/li>\n<li>Aparcamiento Rochapea (colegio Cardenal Ilundain)<\/li>\n<li>Aparcamientos de Trinitarios II (C.\/Biurdana)<\/li>\n<li>Aparcamiento San Jorge (c\/ Doctor Rep\u00e1raz &#8211; Colegio P\u00fablico Sanduzelai)<\/li>\n<li>Aparcamiento de Mendebaldea (c\/ Arcadio M\u00aa Larraona)<\/li>\n<li>Aparcamiento de San Juan (Acceso a Cementerio)<\/li>\n<li>Aparcamiento Arrosadia (c\/ Sebasti\u00e1n Albero con c\/ Tajonar)<\/li>\n<li>Aparcamiento Arrosadia (c\/ R\u00edo Ulzama)<\/li>\n<li>Aparcamiento Arrosadia (c\/ Blas de la Serna)<\/li>\n<li>Aparcamiento Arrosadia (c\/ Mochuelo)<\/li>\n<li>Aparcamiento de Lezkairu<\/li>\n<\/ul>\n<h3>Aparcamientos subterr\u00e1neos (de pago)<\/h3>\n<ul>\n<li>Plaza de Toros<\/li>\n<li>Plaza Blanca de Navarra<\/li>\n<li>Rinc\u00f3n de la Aduana<\/li>\n<li>Avenida de Carlos III<\/li>\n<li>Audiencia<\/li>\n<li>Plaza del Castillo<\/li>\n<li>Estaci\u00f3n de autobuses<\/li>\n<li>Baluarte<\/li>\n<li>Hospitales<\/li>\n<\/ul>\n","protected":false},"excerpt":{"rendered":"<p>A partir de las 22 horas del 5 de julio, se cerrar\u00e1n los accesos al Casco Antiguo de la ciudad, con excepciones para residentes<\/p>\n","protected":false},"author":1,"featured_media":53249,"comment_status":"open","ping_status":"closed","sticky":false,"template":"","format":"standard","meta":{"footnotes":""},"categories":[2],"tags":[],"class_list":["post-53324","post","type-post","status-publish","format-standard","has-post-thumbnail","hentry","category-ayuntamiento-pamplona"],"yoast_head":"<!-- This site is optimized with the Yoast SEO plugin v27.5 - https:\/\/yoast.com\/product\/yoast-seo-wordpress\/ -->\n<title>La noche del viernes al s\u00e1bado toda Pamplona se convierte en zona naranja 24\/7 hasta el final de las fiestas<\/title>\n<meta name=\"description\" content=\"A partir de las 22 horas del 5 de julio, se cerrar\u00e1n los accesos al Casco Antiguo de la ciudad, con excepciones para residentes\" \/>\n<meta name=\"robots\" content=\"index, follow, max-snippet:-1, max-image-preview:large, max-video-preview:-1\" \/>\n<link rel=\"canonical\" href=\"https:\/\/www.laguiadepamplona.com\/actualidad\/la-noche-del-viernes-al-sabado-toda-pamplona-se-convierte-en-zona-naranja-24-7-hasta-el-final-de-las-fiestas\/\" \/>\n<meta property=\"og:locale\" content=\"es_ES\" \/>\n<meta property=\"og:type\" content=\"article\" \/>\n<meta property=\"og:title\" content=\"La noche del viernes al s\u00e1bado toda Pamplona se convierte en zona naranja 24\/7 hasta el final de las fiestas\" \/>\n<meta property=\"og:description\" content=\"A partir de las 22 horas del 5 de julio, se cerrar\u00e1n los accesos al Casco Antiguo de la ciudad, con excepciones para residentes\" \/>\n<meta property=\"og:url\" content=\"https:\/\/www.laguiadepamplona.com\/actualidad\/la-noche-del-viernes-al-sabado-toda-pamplona-se-convierte-en-zona-naranja-24-7-hasta-el-final-de-las-fiestas\/\" \/>\n<meta property=\"og:site_name\" content=\"La Gu\u00eda de Pamplona\" \/>\n<meta property=\"article:publisher\" content=\"https:\/\/www.facebook.com\/laguiadepamplonacom-133175176762273\/?ref=hl\" \/>\n<meta property=\"article:published_time\" content=\"2025-07-02T15:29:51+00:00\" \/>\n<meta property=\"og:image\" content=\"https:\/\/www.laguiadepamplona.com\/actualidad\/wp-content\/uploads\/2025\/06\/trafico_sf_web.webp\" \/>\n\t<meta property=\"og:image:width\" content=\"1000\" \/>\n\t<meta property=\"og:image:height\" content=\"667\" \/>\n\t<meta property=\"og:image:type\" content=\"image\/webp\" \/>\n<meta name=\"author\" content=\"La Gu\u00eda de Pamplona\" \/>\n<meta name=\"twitter:card\" content=\"summary_large_image\" \/>\n<meta name=\"twitter:creator\" content=\"@LaGuiadPamplona\" \/>\n<meta name=\"twitter:site\" content=\"@LaGuiadPamplona\" \/>\n<meta name=\"twitter:label1\" content=\"Escrito por\" \/>\n\t<meta name=\"twitter:data1\" content=\"La Gu\u00eda de Pamplona\" \/>\n\t<meta name=\"twitter:label2\" content=\"Tiempo de lectura\" \/>\n\t<meta name=\"twitter:data2\" content=\"6 minutos\" \/>\n<script type=\"application\/ld+json\" class=\"yoast-schema-graph\">{\"@context\":\"https:\\\/\\\/schema.org\",\"@graph\":[{\"@type\":\"Article\",\"@id\":\"https:\\\/\\\/www.laguiadepamplona.com\\\/actualidad\\\/la-noche-del-viernes-al-sabado-toda-pamplona-se-convierte-en-zona-naranja-24-7-hasta-el-final-de-las-fiestas\\\/#article\",\"isPartOf\":{\"@id\":\"https:\\\/\\\/www.laguiadepamplona.com\\\/actualidad\\\/la-noche-del-viernes-al-sabado-toda-pamplona-se-convierte-en-zona-naranja-24-7-hasta-el-final-de-las-fiestas\\\/\"},\"author\":{\"name\":\"La Gu\u00eda de Pamplona\",\"@id\":\"https:\\\/\\\/www.laguiadepamplona.com\\\/actualidad\\\/#\\\/schema\\\/person\\\/efe887376f0213d4657c93adc50b1fdb\"},\"headline\":\"La noche del viernes al s\u00e1bado toda Pamplona se convierte en zona naranja 24\\\/7 hasta el final de las fiestas\",\"datePublished\":\"2025-07-02T15:29:51+00:00\",\"mainEntityOfPage\":{\"@id\":\"https:\\\/\\\/www.laguiadepamplona.com\\\/actualidad\\\/la-noche-del-viernes-al-sabado-toda-pamplona-se-convierte-en-zona-naranja-24-7-hasta-el-final-de-las-fiestas\\\/\"},\"wordCount\":1355,\"commentCount\":0,\"publisher\":{\"@id\":\"https:\\\/\\\/www.laguiadepamplona.com\\\/actualidad\\\/#organization\"},\"image\":{\"@id\":\"https:\\\/\\\/www.laguiadepamplona.com\\\/actualidad\\\/la-noche-del-viernes-al-sabado-toda-pamplona-se-convierte-en-zona-naranja-24-7-hasta-el-final-de-las-fiestas\\\/#primaryimage\"},\"thumbnailUrl\":\"https:\\\/\\\/www.laguiadepamplona.com\\\/actualidad\\\/wp-content\\\/uploads\\\/2025\\\/06\\\/trafico_sf_web.webp\",\"articleSection\":[\"Ayto Pamplona\"],\"inLanguage\":\"es\",\"potentialAction\":[{\"@type\":\"CommentAction\",\"name\":\"Comment\",\"target\":[\"https:\\\/\\\/www.laguiadepamplona.com\\\/actualidad\\\/la-noche-del-viernes-al-sabado-toda-pamplona-se-convierte-en-zona-naranja-24-7-hasta-el-final-de-las-fiestas\\\/#respond\"]}]},{\"@type\":\"WebPage\",\"@id\":\"https:\\\/\\\/www.laguiadepamplona.com\\\/actualidad\\\/la-noche-del-viernes-al-sabado-toda-pamplona-se-convierte-en-zona-naranja-24-7-hasta-el-final-de-las-fiestas\\\/\",\"url\":\"https:\\\/\\\/www.laguiadepamplona.com\\\/actualidad\\\/la-noche-del-viernes-al-sabado-toda-pamplona-se-convierte-en-zona-naranja-24-7-hasta-el-final-de-las-fiestas\\\/\",\"name\":\"La noche del viernes al s\u00e1bado toda Pamplona se convierte en zona naranja 24\\\/7 hasta el final de las fiestas\",\"isPartOf\":{\"@id\":\"https:\\\/\\\/www.laguiadepamplona.com\\\/actualidad\\\/#website\"},\"primaryImageOfPage\":{\"@id\":\"https:\\\/\\\/www.laguiadepamplona.com\\\/actualidad\\\/la-noche-del-viernes-al-sabado-toda-pamplona-se-convierte-en-zona-naranja-24-7-hasta-el-final-de-las-fiestas\\\/#primaryimage\"},\"image\":{\"@id\":\"https:\\\/\\\/www.laguiadepamplona.com\\\/actualidad\\\/la-noche-del-viernes-al-sabado-toda-pamplona-se-convierte-en-zona-naranja-24-7-hasta-el-final-de-las-fiestas\\\/#primaryimage\"},\"thumbnailUrl\":\"https:\\\/\\\/www.laguiadepamplona.com\\\/actualidad\\\/wp-content\\\/uploads\\\/2025\\\/06\\\/trafico_sf_web.webp\",\"datePublished\":\"2025-07-02T15:29:51+00:00\",\"description\":\"A partir de las 22 horas del 5 de julio, se cerrar\u00e1n los accesos al Casco Antiguo de la ciudad, con excepciones para residentes\",\"breadcrumb\":{\"@id\":\"https:\\\/\\\/www.laguiadepamplona.com\\\/actualidad\\\/la-noche-del-viernes-al-sabado-toda-pamplona-se-convierte-en-zona-naranja-24-7-hasta-el-final-de-las-fiestas\\\/#breadcrumb\"},\"inLanguage\":\"es\",\"potentialAction\":[{\"@type\":\"ReadAction\",\"target\":[\"https:\\\/\\\/www.laguiadepamplona.com\\\/actualidad\\\/la-noche-del-viernes-al-sabado-toda-pamplona-se-convierte-en-zona-naranja-24-7-hasta-el-final-de-las-fiestas\\\/\"]}]},{\"@type\":\"ImageObject\",\"inLanguage\":\"es\",\"@id\":\"https:\\\/\\\/www.laguiadepamplona.com\\\/actualidad\\\/la-noche-del-viernes-al-sabado-toda-pamplona-se-convierte-en-zona-naranja-24-7-hasta-el-final-de-las-fiestas\\\/#primaryimage\",\"url\":\"https:\\\/\\\/www.laguiadepamplona.com\\\/actualidad\\\/wp-content\\\/uploads\\\/2025\\\/06\\\/trafico_sf_web.webp\",\"contentUrl\":\"https:\\\/\\\/www.laguiadepamplona.com\\\/actualidad\\\/wp-content\\\/uploads\\\/2025\\\/06\\\/trafico_sf_web.webp\",\"width\":1000,\"height\":667,\"caption\":\"Tr\u00e1fico San Ferm\u00edn\"},{\"@type\":\"BreadcrumbList\",\"@id\":\"https:\\\/\\\/www.laguiadepamplona.com\\\/actualidad\\\/la-noche-del-viernes-al-sabado-toda-pamplona-se-convierte-en-zona-naranja-24-7-hasta-el-final-de-las-fiestas\\\/#breadcrumb\",\"itemListElement\":[{\"@type\":\"ListItem\",\"position\":1,\"name\":\"Portada\",\"item\":\"https:\\\/\\\/www.laguiadepamplona.com\\\/actualidad\\\/\"},{\"@type\":\"ListItem\",\"position\":2,\"name\":\"La noche del viernes al s\u00e1bado toda Pamplona se convierte en zona naranja 24\\\/7 hasta el final de las fiestas\"}]},{\"@type\":\"WebSite\",\"@id\":\"https:\\\/\\\/www.laguiadepamplona.com\\\/actualidad\\\/#website\",\"url\":\"https:\\\/\\\/www.laguiadepamplona.com\\\/actualidad\\\/\",\"name\":\"La gu\u00eda de Pamplona\",\"description\":\"Noticias de Pamplona\",\"publisher\":{\"@id\":\"https:\\\/\\\/www.laguiadepamplona.com\\\/actualidad\\\/#organization\"},\"potentialAction\":[{\"@type\":\"SearchAction\",\"target\":{\"@type\":\"EntryPoint\",\"urlTemplate\":\"https:\\\/\\\/www.laguiadepamplona.com\\\/actualidad\\\/?s={search_term_string}\"},\"query-input\":{\"@type\":\"PropertyValueSpecification\",\"valueRequired\":true,\"valueName\":\"search_term_string\"}}],\"inLanguage\":\"es\"},{\"@type\":\"Organization\",\"@id\":\"https:\\\/\\\/www.laguiadepamplona.com\\\/actualidad\\\/#organization\",\"name\":\"La Gu\u00eda de Pamplona \\\/ Noticias\",\"url\":\"https:\\\/\\\/www.laguiadepamplona.com\\\/actualidad\\\/\",\"logo\":{\"@type\":\"ImageObject\",\"inLanguage\":\"es\",\"@id\":\"https:\\\/\\\/www.laguiadepamplona.com\\\/actualidad\\\/#\\\/schema\\\/logo\\\/image\\\/\",\"url\":\"https:\\\/\\\/www.laguiadepamplona.com\\\/actualidad\\\/wp-content\\\/uploads\\\/2018\\\/11\\\/logo-laguiadepamplona18-web1.png\",\"contentUrl\":\"https:\\\/\\\/www.laguiadepamplona.com\\\/actualidad\\\/wp-content\\\/uploads\\\/2018\\\/11\\\/logo-laguiadepamplona18-web1.png\",\"width\":600,\"height\":196,\"caption\":\"La Gu\u00eda de Pamplona \\\/ Noticias\"},\"image\":{\"@id\":\"https:\\\/\\\/www.laguiadepamplona.com\\\/actualidad\\\/#\\\/schema\\\/logo\\\/image\\\/\"},\"sameAs\":[\"https:\\\/\\\/www.facebook.com\\\/laguiadepamplonacom-133175176762273\\\/?ref=hl\",\"https:\\\/\\\/x.com\\\/LaGuiadPamplona\",\"https:\\\/\\\/www.instagram.com\\\/la_guia_de_pamplona\\\/\",\"https:\\\/\\\/www.youtube.com\\\/user\\\/laguiadepamplona\"]},{\"@type\":\"Person\",\"@id\":\"https:\\\/\\\/www.laguiadepamplona.com\\\/actualidad\\\/#\\\/schema\\\/person\\\/efe887376f0213d4657c93adc50b1fdb\",\"name\":\"La Gu\u00eda de Pamplona\",\"image\":{\"@type\":\"ImageObject\",\"inLanguage\":\"es\",\"@id\":\"https:\\\/\\\/secure.gravatar.com\\\/avatar\\\/b6992f131dc8d30ab0dff15446e9d346d9dbd95992de0fef795073f5ea83a81c?s=96&d=mm&r=g\",\"url\":\"https:\\\/\\\/secure.gravatar.com\\\/avatar\\\/b6992f131dc8d30ab0dff15446e9d346d9dbd95992de0fef795073f5ea83a81c?s=96&d=mm&r=g\",\"contentUrl\":\"https:\\\/\\\/secure.gravatar.com\\\/avatar\\\/b6992f131dc8d30ab0dff15446e9d346d9dbd95992de0fef795073f5ea83a81c?s=96&d=mm&r=g\",\"caption\":\"La Gu\u00eda de Pamplona\"}}]}<\/script>\n<!-- \/ Yoast SEO plugin. -->","yoast_head_json":{"title":"La noche del viernes al s\u00e1bado toda Pamplona se convierte en zona naranja 24\/7 hasta el final de las fiestas","description":"A partir de las 22 horas del 5 de julio, se cerrar\u00e1n los accesos al Casco Antiguo de la ciudad, con excepciones para residentes","robots":{"index":"index","follow":"follow","max-snippet":"max-snippet:-1","max-image-preview":"max-image-preview:large","max-video-preview":"max-video-preview:-1"},"canonical":"https:\/\/www.laguiadepamplona.com\/actualidad\/la-noche-del-viernes-al-sabado-toda-pamplona-se-convierte-en-zona-naranja-24-7-hasta-el-final-de-las-fiestas\/","og_locale":"es_ES","og_type":"article","og_title":"La noche del viernes al s\u00e1bado toda Pamplona se convierte en zona naranja 24\/7 hasta el final de las fiestas","og_description":"A partir de las 22 horas del 5 de julio, se cerrar\u00e1n los accesos al Casco Antiguo de la ciudad, con excepciones para residentes","og_url":"https:\/\/www.laguiadepamplona.com\/actualidad\/la-noche-del-viernes-al-sabado-toda-pamplona-se-convierte-en-zona-naranja-24-7-hasta-el-final-de-las-fiestas\/","og_site_name":"La Gu\u00eda de Pamplona","article_publisher":"https:\/\/www.facebook.com\/laguiadepamplonacom-133175176762273\/?ref=hl","article_published_time":"2025-07-02T15:29:51+00:00","og_image":[{"width":1000,"height":667,"url":"https:\/\/www.laguiadepamplona.com\/actualidad\/wp-content\/uploads\/2025\/06\/trafico_sf_web.webp","type":"image\/webp"}],"author":"La Gu\u00eda de Pamplona","twitter_card":"summary_large_image","twitter_creator":"@LaGuiadPamplona","twitter_site":"@LaGuiadPamplona","twitter_misc":{"Escrito por":"La Gu\u00eda de Pamplona","Tiempo de lectura":"6 minutos"},"schema":{"@context":"https:\/\/schema.org","@graph":[{"@type":"Article","@id":"https:\/\/www.laguiadepamplona.com\/actualidad\/la-noche-del-viernes-al-sabado-toda-pamplona-se-convierte-en-zona-naranja-24-7-hasta-el-final-de-las-fiestas\/#article","isPartOf":{"@id":"https:\/\/www.laguiadepamplona.com\/actualidad\/la-noche-del-viernes-al-sabado-toda-pamplona-se-convierte-en-zona-naranja-24-7-hasta-el-final-de-las-fiestas\/"},"author":{"name":"La Gu\u00eda de Pamplona","@id":"https:\/\/www.laguiadepamplona.com\/actualidad\/#\/schema\/person\/efe887376f0213d4657c93adc50b1fdb"},"headline":"La noche del viernes al s\u00e1bado toda Pamplona se convierte en zona naranja 24\/7 hasta el final de las fiestas","datePublished":"2025-07-02T15:29:51+00:00","mainEntityOfPage":{"@id":"https:\/\/www.laguiadepamplona.com\/actualidad\/la-noche-del-viernes-al-sabado-toda-pamplona-se-convierte-en-zona-naranja-24-7-hasta-el-final-de-las-fiestas\/"},"wordCount":1355,"commentCount":0,"publisher":{"@id":"https:\/\/www.laguiadepamplona.com\/actualidad\/#organization"},"image":{"@id":"https:\/\/www.laguiadepamplona.com\/actualidad\/la-noche-del-viernes-al-sabado-toda-pamplona-se-convierte-en-zona-naranja-24-7-hasta-el-final-de-las-fiestas\/#primaryimage"},"thumbnailUrl":"https:\/\/www.laguiadepamplona.com\/actualidad\/wp-content\/uploads\/2025\/06\/trafico_sf_web.webp","articleSection":["Ayto Pamplona"],"inLanguage":"es","potentialAction":[{"@type":"CommentAction","name":"Comment","target":["https:\/\/www.laguiadepamplona.com\/actualidad\/la-noche-del-viernes-al-sabado-toda-pamplona-se-convierte-en-zona-naranja-24-7-hasta-el-final-de-las-fiestas\/#respond"]}]},{"@type":"WebPage","@id":"https:\/\/www.laguiadepamplona.com\/actualidad\/la-noche-del-viernes-al-sabado-toda-pamplona-se-convierte-en-zona-naranja-24-7-hasta-el-final-de-las-fiestas\/","url":"https:\/\/www.laguiadepamplona.com\/actualidad\/la-noche-del-viernes-al-sabado-toda-pamplona-se-convierte-en-zona-naranja-24-7-hasta-el-final-de-las-fiestas\/","name":"La noche del viernes al s\u00e1bado toda Pamplona se convierte en zona naranja 24\/7 hasta el final de las fiestas","isPartOf":{"@id":"https:\/\/www.laguiadepamplona.com\/actualidad\/#website"},"primaryImageOfPage":{"@id":"https:\/\/www.laguiadepamplona.com\/actualidad\/la-noche-del-viernes-al-sabado-toda-pamplona-se-convierte-en-zona-naranja-24-7-hasta-el-final-de-las-fiestas\/#primaryimage"},"image":{"@id":"https:\/\/www.laguiadepamplona.com\/actualidad\/la-noche-del-viernes-al-sabado-toda-pamplona-se-convierte-en-zona-naranja-24-7-hasta-el-final-de-las-fiestas\/#primaryimage"},"thumbnailUrl":"https:\/\/www.laguiadepamplona.com\/actualidad\/wp-content\/uploads\/2025\/06\/trafico_sf_web.webp","datePublished":"2025-07-02T15:29:51+00:00","description":"A partir de las 22 horas del 5 de julio, se cerrar\u00e1n los accesos al Casco Antiguo de la ciudad, con excepciones para residentes","breadcrumb":{"@id":"https:\/\/www.laguiadepamplona.com\/actualidad\/la-noche-del-viernes-al-sabado-toda-pamplona-se-convierte-en-zona-naranja-24-7-hasta-el-final-de-las-fiestas\/#breadcrumb"},"inLanguage":"es","potentialAction":[{"@type":"ReadAction","target":["https:\/\/www.laguiadepamplona.com\/actualidad\/la-noche-del-viernes-al-sabado-toda-pamplona-se-convierte-en-zona-naranja-24-7-hasta-el-final-de-las-fiestas\/"]}]},{"@type":"ImageObject","inLanguage":"es","@id":"https:\/\/www.laguiadepamplona.com\/actualidad\/la-noche-del-viernes-al-sabado-toda-pamplona-se-convierte-en-zona-naranja-24-7-hasta-el-final-de-las-fiestas\/#primaryimage","url":"https:\/\/www.laguiadepamplona.com\/actualidad\/wp-content\/uploads\/2025\/06\/trafico_sf_web.webp","contentUrl":"https:\/\/www.laguiadepamplona.com\/actualidad\/wp-content\/uploads\/2025\/06\/trafico_sf_web.webp","width":1000,"height":667,"caption":"Tr\u00e1fico San Ferm\u00edn"},{"@type":"BreadcrumbList","@id":"https:\/\/www.laguiadepamplona.com\/actualidad\/la-noche-del-viernes-al-sabado-toda-pamplona-se-convierte-en-zona-naranja-24-7-hasta-el-final-de-las-fiestas\/#breadcrumb","itemListElement":[{"@type":"ListItem","position":1,"name":"Portada","item":"https:\/\/www.laguiadepamplona.com\/actualidad\/"},{"@type":"ListItem","position":2,"name":"La noche del viernes al s\u00e1bado toda Pamplona se convierte en zona naranja 24\/7 hasta el final de las fiestas"}]},{"@type":"WebSite","@id":"https:\/\/www.laguiadepamplona.com\/actualidad\/#website","url":"https:\/\/www.laguiadepamplona.com\/actualidad\/","name":"La gu\u00eda de Pamplona","description":"Noticias de Pamplona","publisher":{"@id":"https:\/\/www.laguiadepamplona.com\/actualidad\/#organization"},"potentialAction":[{"@type":"SearchAction","target":{"@type":"EntryPoint","urlTemplate":"https:\/\/www.laguiadepamplona.com\/actualidad\/?s={search_term_string}"},"query-input":{"@type":"PropertyValueSpecification","valueRequired":true,"valueName":"search_term_string"}}],"inLanguage":"es"},{"@type":"Organization","@id":"https:\/\/www.laguiadepamplona.com\/actualidad\/#organization","name":"La Gu\u00eda de Pamplona \/ Noticias","url":"https:\/\/www.laguiadepamplona.com\/actualidad\/","logo":{"@type":"ImageObject","inLanguage":"es","@id":"https:\/\/www.laguiadepamplona.com\/actualidad\/#\/schema\/logo\/image\/","url":"https:\/\/www.laguiadepamplona.com\/actualidad\/wp-content\/uploads\/2018\/11\/logo-laguiadepamplona18-web1.png","contentUrl":"https:\/\/www.laguiadepamplona.com\/actualidad\/wp-content\/uploads\/2018\/11\/logo-laguiadepamplona18-web1.png","width":600,"height":196,"caption":"La Gu\u00eda de Pamplona \/ Noticias"},"image":{"@id":"https:\/\/www.laguiadepamplona.com\/actualidad\/#\/schema\/logo\/image\/"},"sameAs":["https:\/\/www.facebook.com\/laguiadepamplonacom-133175176762273\/?ref=hl","https:\/\/x.com\/LaGuiadPamplona","https:\/\/www.instagram.com\/la_guia_de_pamplona\/","https:\/\/www.youtube.com\/user\/laguiadepamplona"]},{"@type":"Person","@id":"https:\/\/www.laguiadepamplona.com\/actualidad\/#\/schema\/person\/efe887376f0213d4657c93adc50b1fdb","name":"La Gu\u00eda de Pamplona","image":{"@type":"ImageObject","inLanguage":"es","@id":"https:\/\/secure.gravatar.com\/avatar\/b6992f131dc8d30ab0dff15446e9d346d9dbd95992de0fef795073f5ea83a81c?s=96&d=mm&r=g","url":"https:\/\/secure.gravatar.com\/avatar\/b6992f131dc8d30ab0dff15446e9d346d9dbd95992de0fef795073f5ea83a81c?s=96&d=mm&r=g","contentUrl":"https:\/\/secure.gravatar.com\/avatar\/b6992f131dc8d30ab0dff15446e9d346d9dbd95992de0fef795073f5ea83a81c?s=96&d=mm&r=g","caption":"La Gu\u00eda de Pamplona"}}]}},"post_mailing_queue_ids":[],"_links":{"self":[{"href":"https:\/\/www.laguiadepamplona.com\/actualidad\/wp-json\/wp\/v2\/posts\/53324","targetHints":{"allow":["GET"]}}],"collection":[{"href":"https:\/\/www.laguiadepamplona.com\/actualidad\/wp-json\/wp\/v2\/posts"}],"about":[{"href":"https:\/\/www.laguiadepamplona.com\/actualidad\/wp-json\/wp\/v2\/types\/post"}],"author":[{"embeddable":true,"href":"https:\/\/www.laguiadepamplona.com\/actualidad\/wp-json\/wp\/v2\/users\/1"}],"replies":[{"embeddable":true,"href":"https:\/\/www.laguiadepamplona.com\/actualidad\/wp-json\/wp\/v2\/comments?post=53324"}],"version-history":[{"count":1,"href":"https:\/\/www.laguiadepamplona.com\/actualidad\/wp-json\/wp\/v2\/posts\/53324\/revisions"}],"predecessor-version":[{"id":53325,"href":"https:\/\/www.laguiadepamplona.com\/actualidad\/wp-json\/wp\/v2\/posts\/53324\/revisions\/53325"}],"wp:featuredmedia":[{"embeddable":true,"href":"https:\/\/www.laguiadepamplona.com\/actualidad\/wp-json\/wp\/v2\/media\/53249"}],"wp:attachment":[{"href":"https:\/\/www.laguiadepamplona.com\/actualidad\/wp-json\/wp\/v2\/media?parent=53324"}],"wp:term":[{"taxonomy":"category","embeddable":true,"href":"https:\/\/www.laguiadepamplona.com\/actualidad\/wp-json\/wp\/v2\/categories?post=53324"},{"taxonomy":"post_tag","embeddable":true,"href":"https:\/\/www.laguiadepamplona.com\/actualidad\/wp-json\/wp\/v2\/tags?post=53324"}],"curies":[{"name":"wp","href":"https:\/\/api.w.org\/{rel}","templated":true}]}}