{"id":53318,"date":"2025-07-01T13:53:48","date_gmt":"2025-07-01T11:53:48","guid":{"rendered":"https:\/\/www.laguiadepamplona.com\/actualidad\/?p=53318"},"modified":"2025-07-01T13:53:48","modified_gmt":"2025-07-01T11:53:48","slug":"el-bando-de-san-fermin-insta-a-disfrutar-las-fiestas-con-alegria-y-civismo-y-recuerda-que-hay-que-atender-las-indicaciones-de-policia-y-funcionariado","status":"publish","type":"post","link":"https:\/\/www.laguiadepamplona.com\/actualidad\/el-bando-de-san-fermin-insta-a-disfrutar-las-fiestas-con-alegria-y-civismo-y-recuerda-que-hay-que-atender-las-indicaciones-de-policia-y-funcionariado\/","title":{"rendered":"El bando de San Ferm\u00edn insta a disfrutar las fiestas con alegr\u00eda y civismo, y recuerda que hay que atender las indicaciones de polic\u00eda y funcionariado"},"content":{"rendered":"<h2>Se recuerda que el vaso reutilizable ya es obligatorio para toda la hosteler\u00eda y que estar\u00e1 prohibido el tr\u00e1fico en el entorno de los fuegos hasta las 3 am<\/h2>\n<p><!--more--><\/p>\n<p>El alcalde de Pamplona, Joseba Asiron, conf\u00eda en el disfrute de las fiestas con sentido de la responsabilidad por parte de los pamploneses, pamplonesas y visitantes y en \u201csu colaboraci\u00f3n para el buen desarrollo de las fiestas de San Ferm\u00edn\u201d. As\u00ed termina el bando de 2025, un texto que cada a\u00f1o aprueba la Alcald\u00eda de Pamplona para regular el funcionamiento de la ciudad durante las fiestas.<\/p>\n<p>El Bando de San Ferm\u00edn plasma aspectos organizativos de las fiestas y de su desarrollo que deben cumplirse, tanto referentes a ordenanzas y normativa como a la participaci\u00f3n en los actos programados. Se regulan cuestiones que van desde el tr\u00e1fico y el aparcamiento; la seguridad de fachadas y balcones de edificios; el desarrollo de actos como el Chupinazo, los encierros y encierrillos o las vaquillas; o las licencias de establecimientos, las terrazas y los puestos de venta en la calle.<\/p>\n<p>Aunque en la mayor\u00eda de las disposiciones es continuista, este a\u00f1o el bando recuerda la obligatoriedad para todos los establecimientos del uso del vaso reutilizable con Sistema de Dep\u00f3sito, Devoluci\u00f3n y Retorno (SDDR) frente al uso del vaso desechable; el Ayuntamiento de nuevo ofrece su sistema a los establecimientos privados, de forma que a la hosteler\u00eda le sea m\u00e1s sencillo y sostenible que utilizar sistemas propios de gesti\u00f3n.<\/p>\n<p>Siguiendo con la hosteler\u00eda, el bando especifica que, por la obligatoriedad de la \u201cdoble puerta\u201d estanca para los establecimientos ubicados en el \u00e1mbito del Casco Antiguo, quienes no hayan regularizado su situaci\u00f3n o hayan comunicado su intenci\u00f3n de acogerse a alguna de las dos alternativas previstas (colocar el vest\u00edbulo estanco o limitar su licencia para emisi\u00f3n musical a las 23:00 horas) se les aplicar\u00e1 el r\u00e9gimen de estos \u00faltimos, que durante las fiestas de San Ferm\u00edn deber\u00e1n cesar la emisi\u00f3n musical por cualquier medio a las 2.00 horas. Una \u00faltima novedad en este \u00e1mbito es la precisi\u00f3n de que acera o espacio p\u00fablico afectado por la existencia de terraza, velador o similar ser\u00e1 limpiado y baldeado por el establecimiento titular, aunque en alguna franja horaria queden desmontados y retirados.<\/p>\n<p>Tras los buenos resultados del ensayo del pasado a\u00f1o de corte temporal del tr\u00e1fico en el entorno de la plaza de los Fueros durante las noches de Sanfermines, en ese 2025 se ampliar\u00e1 en 30 minutos el corte, desde las 22.30 hasta las 3.00 horas. El corte afectar\u00e1 a la avenida de Zaragoza rotonda con calles Sang\u00fcesa, Gayarre, avenida de Galicia, Abejeras, Vuelta del Castillo, Yanguas y Miranda y avenida de Zaragoza desde Pr\u00edncipe de Viana.<\/p>\n<p><strong>El derecho a la igualdad y a la diversidad<\/strong><\/p>\n<p>Continuando con la l\u00ednea de trabajo de 2025 el bando recoge el car\u00e1cter de Pamplona como ciudad orgullosa de su diversidad, animando \u201ca todas las personas a participar en los Sanfermines en libertad\u201d y se avisa de que no se tolerar\u00e1 \u201cninguna manifestaci\u00f3n de LGTBIfobia\u201d. Y de nuevo el texto recuerda que \u201clas agresiones sexistas contra las mujeres de cualquier edad y en cualquier situaci\u00f3n, ser\u00e1n perseguidas y sancionadas\u201d y anima \u201ca la ciudadan\u00eda a adoptar una actitud activa frente a cualquier tipo de agresi\u00f3n contra las mujeres, y a socorrer o apoyar a la mujer agredida y aislar al agresor\u201d. En este sentido, se recuerda el compromiso de este Ayuntamiento \u201cde no tolerar y perseguir este tipo de conductas para que los Sanfermines sean unas fiestas en las que las mujeres puedan disfrutar de forma libre, segura y en igualdad\u201d. Adem\u00e1s, se proh\u00edbe \u201cla venta de materiales (camisetas, chapas, etc.) con mensajes y\/o lemas sexistas\u201d<\/p>\n<p><strong>Civismo como conducta de ciudad<\/strong><\/p>\n<p>El bando se promulga con la finalidad de que las fiestas de San Ferm\u00edn sean una expresi\u00f3n de alegr\u00eda de la ciudad y sus visitantes, con el fin de mantenerlas en sus l\u00edneas de tradici\u00f3n y civismo, y dentro del rigor exigible por sus condiciones de desarrollo. Se mantiene este a\u00f1o la prohibici\u00f3n de introducir en el Chupinazo, tanto en la Plaza Consistorial, como en la Plaza del Castillo \u201cpalos, envases de vidrio, vasos de vidrio, latas de bebida que no est\u00e9n abiertas o cualquier otro elemento similar susceptible de originar da\u00f1os directa o indirectamente\u201d. Tampoco se podr\u00e1 acceder al acto con huevos, globos con pintura y objetos similares susceptibles de poder arrojarse contra las fachadas ensuci\u00e1ndolas y distorsionando el acto.<\/p>\n<p>Asimismo, el Ayuntamiento de Pamplona quiere insistir en el civismo y refleja de forma clara que \u201cse sancionar\u00e1 a quien ensucie la v\u00eda y espacios p\u00fablicos, y especialmente a quien deposite o rompa recipientes de vidrio y realice otros actos que puedan ocasionar da\u00f1os\u201d. Este a\u00f1o se especifica que \u201cde forma an\u00e1loga ser\u00e1 sancionado quien orine en la acera o espacio p\u00fablico, en aplicaci\u00f3n de la Ordenanza Municipal sobre promoci\u00f3n de Conductas C\u00edvicas y Protecci\u00f3n de los Espacios P\u00fablicos\u201d. El bando recuerda que \u201cla agresi\u00f3n, intimidaci\u00f3n, resistencia y desobediencia a los agentes de la autoridad y personal funcionario de servicio, a quienes representan la autoridad y a quienes desarrollen tareas de servicio p\u00fablico, as\u00ed como la negativa a la identificaci\u00f3n, ser\u00e1n perseguidas en la forma que prev\u00e9 la legislaci\u00f3n vigente, incluida la detenci\u00f3n y puesta a disposici\u00f3n judicial, si procede\u201d.<\/p>\n","protected":false},"excerpt":{"rendered":"<p>Se recuerda que el vaso reutilizable ya es obligatorio para toda la hosteler\u00eda y que estar\u00e1 prohibido el tr\u00e1fico en el entorno de los fuegos hasta las 3 am<\/p>\n","protected":false},"author":1,"featured_media":52947,"comment_status":"open","ping_status":"closed","sticky":false,"template":"","format":"standard","meta":{"footnotes":""},"categories":[2],"tags":[],"class_list":["post-53318","post","type-post","status-publish","format-standard","has-post-thumbnail","hentry","category-ayuntamiento-pamplona"],"yoast_head":"<!-- This site is optimized with the Yoast SEO plugin v27.5 - https:\/\/yoast.com\/product\/yoast-seo-wordpress\/ -->\n<title>El bando de San Ferm\u00edn insta a disfrutar las fiestas con alegr\u00eda y civismo, y recuerda que hay que atender las indicaciones de polic\u00eda y funcionariado<\/title>\n<meta name=\"description\" content=\"Se recuerda que el vaso reutilizable ya es obligatorio para toda la hosteler\u00eda y que estar\u00e1 prohibido el tr\u00e1fico en el entorno de los fuegos hasta las 3 am\" \/>\n<meta name=\"robots\" content=\"index, follow, max-snippet:-1, max-image-preview:large, max-video-preview:-1\" \/>\n<link rel=\"canonical\" href=\"https:\/\/www.laguiadepamplona.com\/actualidad\/el-bando-de-san-fermin-insta-a-disfrutar-las-fiestas-con-alegria-y-civismo-y-recuerda-que-hay-que-atender-las-indicaciones-de-policia-y-funcionariado\/\" \/>\n<meta property=\"og:locale\" content=\"es_ES\" \/>\n<meta property=\"og:type\" content=\"article\" \/>\n<meta property=\"og:title\" content=\"El bando de San Ferm\u00edn insta a disfrutar las fiestas con alegr\u00eda y civismo, y recuerda que hay que atender las indicaciones de polic\u00eda y funcionariado\" \/>\n<meta property=\"og:description\" content=\"Se recuerda que el vaso reutilizable ya es obligatorio para toda la hosteler\u00eda y que estar\u00e1 prohibido el tr\u00e1fico en el entorno de los fuegos hasta las 3 am\" \/>\n<meta property=\"og:url\" content=\"https:\/\/www.laguiadepamplona.com\/actualidad\/el-bando-de-san-fermin-insta-a-disfrutar-las-fiestas-con-alegria-y-civismo-y-recuerda-que-hay-que-atender-las-indicaciones-de-policia-y-funcionariado\/\" \/>\n<meta property=\"og:site_name\" content=\"La Gu\u00eda de Pamplona\" \/>\n<meta property=\"article:publisher\" content=\"https:\/\/www.facebook.com\/laguiadepamplonacom-133175176762273\/?ref=hl\" \/>\n<meta property=\"article:published_time\" content=\"2025-07-01T11:53:48+00:00\" \/>\n<meta property=\"og:image\" content=\"https:\/\/www.laguiadepamplona.com\/actualidad\/wp-content\/uploads\/2025\/05\/chupinazo9j2a4446copiaweb.webp\" \/>\n\t<meta property=\"og:image:width\" content=\"1000\" \/>\n\t<meta property=\"og:image:height\" content=\"667\" \/>\n\t<meta property=\"og:image:type\" content=\"image\/webp\" \/>\n<meta name=\"author\" content=\"La Gu\u00eda de Pamplona\" \/>\n<meta name=\"twitter:card\" content=\"summary_large_image\" \/>\n<meta name=\"twitter:creator\" content=\"@LaGuiadPamplona\" \/>\n<meta name=\"twitter:site\" content=\"@LaGuiadPamplona\" \/>\n<meta name=\"twitter:label1\" content=\"Escrito por\" \/>\n\t<meta name=\"twitter:data1\" content=\"La Gu\u00eda de Pamplona\" \/>\n\t<meta name=\"twitter:label2\" content=\"Tiempo de lectura\" \/>\n\t<meta name=\"twitter:data2\" content=\"5 minutos\" \/>\n<script type=\"application\/ld+json\" class=\"yoast-schema-graph\">{\"@context\":\"https:\\\/\\\/schema.org\",\"@graph\":[{\"@type\":\"Article\",\"@id\":\"https:\\\/\\\/www.laguiadepamplona.com\\\/actualidad\\\/el-bando-de-san-fermin-insta-a-disfrutar-las-fiestas-con-alegria-y-civismo-y-recuerda-que-hay-que-atender-las-indicaciones-de-policia-y-funcionariado\\\/#article\",\"isPartOf\":{\"@id\":\"https:\\\/\\\/www.laguiadepamplona.com\\\/actualidad\\\/el-bando-de-san-fermin-insta-a-disfrutar-las-fiestas-con-alegria-y-civismo-y-recuerda-que-hay-que-atender-las-indicaciones-de-policia-y-funcionariado\\\/\"},\"author\":{\"name\":\"La Gu\u00eda de Pamplona\",\"@id\":\"https:\\\/\\\/www.laguiadepamplona.com\\\/actualidad\\\/#\\\/schema\\\/person\\\/efe887376f0213d4657c93adc50b1fdb\"},\"headline\":\"El bando de San Ferm\u00edn insta a disfrutar las fiestas con alegr\u00eda y civismo, y recuerda que hay que atender las indicaciones de polic\u00eda y funcionariado\",\"datePublished\":\"2025-07-01T11:53:48+00:00\",\"mainEntityOfPage\":{\"@id\":\"https:\\\/\\\/www.laguiadepamplona.com\\\/actualidad\\\/el-bando-de-san-fermin-insta-a-disfrutar-las-fiestas-con-alegria-y-civismo-y-recuerda-que-hay-que-atender-las-indicaciones-de-policia-y-funcionariado\\\/\"},\"wordCount\":970,\"commentCount\":0,\"publisher\":{\"@id\":\"https:\\\/\\\/www.laguiadepamplona.com\\\/actualidad\\\/#organization\"},\"image\":{\"@id\":\"https:\\\/\\\/www.laguiadepamplona.com\\\/actualidad\\\/el-bando-de-san-fermin-insta-a-disfrutar-las-fiestas-con-alegria-y-civismo-y-recuerda-que-hay-que-atender-las-indicaciones-de-policia-y-funcionariado\\\/#primaryimage\"},\"thumbnailUrl\":\"https:\\\/\\\/www.laguiadepamplona.com\\\/actualidad\\\/wp-content\\\/uploads\\\/2025\\\/05\\\/chupinazo9j2a4446copiaweb.webp\",\"articleSection\":[\"Ayto Pamplona\"],\"inLanguage\":\"es\",\"potentialAction\":[{\"@type\":\"CommentAction\",\"name\":\"Comment\",\"target\":[\"https:\\\/\\\/www.laguiadepamplona.com\\\/actualidad\\\/el-bando-de-san-fermin-insta-a-disfrutar-las-fiestas-con-alegria-y-civismo-y-recuerda-que-hay-que-atender-las-indicaciones-de-policia-y-funcionariado\\\/#respond\"]}]},{\"@type\":\"WebPage\",\"@id\":\"https:\\\/\\\/www.laguiadepamplona.com\\\/actualidad\\\/el-bando-de-san-fermin-insta-a-disfrutar-las-fiestas-con-alegria-y-civismo-y-recuerda-que-hay-que-atender-las-indicaciones-de-policia-y-funcionariado\\\/\",\"url\":\"https:\\\/\\\/www.laguiadepamplona.com\\\/actualidad\\\/el-bando-de-san-fermin-insta-a-disfrutar-las-fiestas-con-alegria-y-civismo-y-recuerda-que-hay-que-atender-las-indicaciones-de-policia-y-funcionariado\\\/\",\"name\":\"El bando de San Ferm\u00edn insta a disfrutar las fiestas con alegr\u00eda y civismo, y recuerda que hay que atender las indicaciones de polic\u00eda y funcionariado\",\"isPartOf\":{\"@id\":\"https:\\\/\\\/www.laguiadepamplona.com\\\/actualidad\\\/#website\"},\"primaryImageOfPage\":{\"@id\":\"https:\\\/\\\/www.laguiadepamplona.com\\\/actualidad\\\/el-bando-de-san-fermin-insta-a-disfrutar-las-fiestas-con-alegria-y-civismo-y-recuerda-que-hay-que-atender-las-indicaciones-de-policia-y-funcionariado\\\/#primaryimage\"},\"image\":{\"@id\":\"https:\\\/\\\/www.laguiadepamplona.com\\\/actualidad\\\/el-bando-de-san-fermin-insta-a-disfrutar-las-fiestas-con-alegria-y-civismo-y-recuerda-que-hay-que-atender-las-indicaciones-de-policia-y-funcionariado\\\/#primaryimage\"},\"thumbnailUrl\":\"https:\\\/\\\/www.laguiadepamplona.com\\\/actualidad\\\/wp-content\\\/uploads\\\/2025\\\/05\\\/chupinazo9j2a4446copiaweb.webp\",\"datePublished\":\"2025-07-01T11:53:48+00:00\",\"description\":\"Se recuerda que el vaso reutilizable ya es obligatorio para toda la hosteler\u00eda y que estar\u00e1 prohibido el tr\u00e1fico en el entorno de los fuegos hasta las 3 am\",\"breadcrumb\":{\"@id\":\"https:\\\/\\\/www.laguiadepamplona.com\\\/actualidad\\\/el-bando-de-san-fermin-insta-a-disfrutar-las-fiestas-con-alegria-y-civismo-y-recuerda-que-hay-que-atender-las-indicaciones-de-policia-y-funcionariado\\\/#breadcrumb\"},\"inLanguage\":\"es\",\"potentialAction\":[{\"@type\":\"ReadAction\",\"target\":[\"https:\\\/\\\/www.laguiadepamplona.com\\\/actualidad\\\/el-bando-de-san-fermin-insta-a-disfrutar-las-fiestas-con-alegria-y-civismo-y-recuerda-que-hay-que-atender-las-indicaciones-de-policia-y-funcionariado\\\/\"]}]},{\"@type\":\"ImageObject\",\"inLanguage\":\"es\",\"@id\":\"https:\\\/\\\/www.laguiadepamplona.com\\\/actualidad\\\/el-bando-de-san-fermin-insta-a-disfrutar-las-fiestas-con-alegria-y-civismo-y-recuerda-que-hay-que-atender-las-indicaciones-de-policia-y-funcionariado\\\/#primaryimage\",\"url\":\"https:\\\/\\\/www.laguiadepamplona.com\\\/actualidad\\\/wp-content\\\/uploads\\\/2025\\\/05\\\/chupinazo9j2a4446copiaweb.webp\",\"contentUrl\":\"https:\\\/\\\/www.laguiadepamplona.com\\\/actualidad\\\/wp-content\\\/uploads\\\/2025\\\/05\\\/chupinazo9j2a4446copiaweb.webp\",\"width\":1000,\"height\":667,\"caption\":\"chupinazo\"},{\"@type\":\"BreadcrumbList\",\"@id\":\"https:\\\/\\\/www.laguiadepamplona.com\\\/actualidad\\\/el-bando-de-san-fermin-insta-a-disfrutar-las-fiestas-con-alegria-y-civismo-y-recuerda-que-hay-que-atender-las-indicaciones-de-policia-y-funcionariado\\\/#breadcrumb\",\"itemListElement\":[{\"@type\":\"ListItem\",\"position\":1,\"name\":\"Portada\",\"item\":\"https:\\\/\\\/www.laguiadepamplona.com\\\/actualidad\\\/\"},{\"@type\":\"ListItem\",\"position\":2,\"name\":\"El bando de San Ferm\u00edn insta a disfrutar las fiestas con alegr\u00eda y civismo, y recuerda que hay que atender las indicaciones de polic\u00eda y funcionariado\"}]},{\"@type\":\"WebSite\",\"@id\":\"https:\\\/\\\/www.laguiadepamplona.com\\\/actualidad\\\/#website\",\"url\":\"https:\\\/\\\/www.laguiadepamplona.com\\\/actualidad\\\/\",\"name\":\"La gu\u00eda de Pamplona\",\"description\":\"Noticias de Pamplona\",\"publisher\":{\"@id\":\"https:\\\/\\\/www.laguiadepamplona.com\\\/actualidad\\\/#organization\"},\"potentialAction\":[{\"@type\":\"SearchAction\",\"target\":{\"@type\":\"EntryPoint\",\"urlTemplate\":\"https:\\\/\\\/www.laguiadepamplona.com\\\/actualidad\\\/?s={search_term_string}\"},\"query-input\":{\"@type\":\"PropertyValueSpecification\",\"valueRequired\":true,\"valueName\":\"search_term_string\"}}],\"inLanguage\":\"es\"},{\"@type\":\"Organization\",\"@id\":\"https:\\\/\\\/www.laguiadepamplona.com\\\/actualidad\\\/#organization\",\"name\":\"La Gu\u00eda de Pamplona \\\/ Noticias\",\"url\":\"https:\\\/\\\/www.laguiadepamplona.com\\\/actualidad\\\/\",\"logo\":{\"@type\":\"ImageObject\",\"inLanguage\":\"es\",\"@id\":\"https:\\\/\\\/www.laguiadepamplona.com\\\/actualidad\\\/#\\\/schema\\\/logo\\\/image\\\/\",\"url\":\"https:\\\/\\\/www.laguiadepamplona.com\\\/actualidad\\\/wp-content\\\/uploads\\\/2018\\\/11\\\/logo-laguiadepamplona18-web1.png\",\"contentUrl\":\"https:\\\/\\\/www.laguiadepamplona.com\\\/actualidad\\\/wp-content\\\/uploads\\\/2018\\\/11\\\/logo-laguiadepamplona18-web1.png\",\"width\":600,\"height\":196,\"caption\":\"La Gu\u00eda de Pamplona \\\/ Noticias\"},\"image\":{\"@id\":\"https:\\\/\\\/www.laguiadepamplona.com\\\/actualidad\\\/#\\\/schema\\\/logo\\\/image\\\/\"},\"sameAs\":[\"https:\\\/\\\/www.facebook.com\\\/laguiadepamplonacom-133175176762273\\\/?ref=hl\",\"https:\\\/\\\/x.com\\\/LaGuiadPamplona\",\"https:\\\/\\\/www.instagram.com\\\/la_guia_de_pamplona\\\/\",\"https:\\\/\\\/www.youtube.com\\\/user\\\/laguiadepamplona\"]},{\"@type\":\"Person\",\"@id\":\"https:\\\/\\\/www.laguiadepamplona.com\\\/actualidad\\\/#\\\/schema\\\/person\\\/efe887376f0213d4657c93adc50b1fdb\",\"name\":\"La Gu\u00eda de Pamplona\",\"image\":{\"@type\":\"ImageObject\",\"inLanguage\":\"es\",\"@id\":\"https:\\\/\\\/secure.gravatar.com\\\/avatar\\\/b6992f131dc8d30ab0dff15446e9d346d9dbd95992de0fef795073f5ea83a81c?s=96&d=mm&r=g\",\"url\":\"https:\\\/\\\/secure.gravatar.com\\\/avatar\\\/b6992f131dc8d30ab0dff15446e9d346d9dbd95992de0fef795073f5ea83a81c?s=96&d=mm&r=g\",\"contentUrl\":\"https:\\\/\\\/secure.gravatar.com\\\/avatar\\\/b6992f131dc8d30ab0dff15446e9d346d9dbd95992de0fef795073f5ea83a81c?s=96&d=mm&r=g\",\"caption\":\"La Gu\u00eda de Pamplona\"}}]}<\/script>\n<!-- \/ Yoast SEO plugin. -->","yoast_head_json":{"title":"El bando de San Ferm\u00edn insta a disfrutar las fiestas con alegr\u00eda y civismo, y recuerda que hay que atender las indicaciones de polic\u00eda y funcionariado","description":"Se recuerda que el vaso reutilizable ya es obligatorio para toda la hosteler\u00eda y que estar\u00e1 prohibido el tr\u00e1fico en el entorno de los fuegos hasta las 3 am","robots":{"index":"index","follow":"follow","max-snippet":"max-snippet:-1","max-image-preview":"max-image-preview:large","max-video-preview":"max-video-preview:-1"},"canonical":"https:\/\/www.laguiadepamplona.com\/actualidad\/el-bando-de-san-fermin-insta-a-disfrutar-las-fiestas-con-alegria-y-civismo-y-recuerda-que-hay-que-atender-las-indicaciones-de-policia-y-funcionariado\/","og_locale":"es_ES","og_type":"article","og_title":"El bando de San Ferm\u00edn insta a disfrutar las fiestas con alegr\u00eda y civismo, y recuerda que hay que atender las indicaciones de polic\u00eda y funcionariado","og_description":"Se recuerda que el vaso reutilizable ya es obligatorio para toda la hosteler\u00eda y que estar\u00e1 prohibido el tr\u00e1fico en el entorno de los fuegos hasta las 3 am","og_url":"https:\/\/www.laguiadepamplona.com\/actualidad\/el-bando-de-san-fermin-insta-a-disfrutar-las-fiestas-con-alegria-y-civismo-y-recuerda-que-hay-que-atender-las-indicaciones-de-policia-y-funcionariado\/","og_site_name":"La Gu\u00eda de Pamplona","article_publisher":"https:\/\/www.facebook.com\/laguiadepamplonacom-133175176762273\/?ref=hl","article_published_time":"2025-07-01T11:53:48+00:00","og_image":[{"width":1000,"height":667,"url":"https:\/\/www.laguiadepamplona.com\/actualidad\/wp-content\/uploads\/2025\/05\/chupinazo9j2a4446copiaweb.webp","type":"image\/webp"}],"author":"La Gu\u00eda de Pamplona","twitter_card":"summary_large_image","twitter_creator":"@LaGuiadPamplona","twitter_site":"@LaGuiadPamplona","twitter_misc":{"Escrito por":"La Gu\u00eda de Pamplona","Tiempo de lectura":"5 minutos"},"schema":{"@context":"https:\/\/schema.org","@graph":[{"@type":"Article","@id":"https:\/\/www.laguiadepamplona.com\/actualidad\/el-bando-de-san-fermin-insta-a-disfrutar-las-fiestas-con-alegria-y-civismo-y-recuerda-que-hay-que-atender-las-indicaciones-de-policia-y-funcionariado\/#article","isPartOf":{"@id":"https:\/\/www.laguiadepamplona.com\/actualidad\/el-bando-de-san-fermin-insta-a-disfrutar-las-fiestas-con-alegria-y-civismo-y-recuerda-que-hay-que-atender-las-indicaciones-de-policia-y-funcionariado\/"},"author":{"name":"La Gu\u00eda de Pamplona","@id":"https:\/\/www.laguiadepamplona.com\/actualidad\/#\/schema\/person\/efe887376f0213d4657c93adc50b1fdb"},"headline":"El bando de San Ferm\u00edn insta a disfrutar las fiestas con alegr\u00eda y civismo, y recuerda que hay que atender las indicaciones de polic\u00eda y funcionariado","datePublished":"2025-07-01T11:53:48+00:00","mainEntityOfPage":{"@id":"https:\/\/www.laguiadepamplona.com\/actualidad\/el-bando-de-san-fermin-insta-a-disfrutar-las-fiestas-con-alegria-y-civismo-y-recuerda-que-hay-que-atender-las-indicaciones-de-policia-y-funcionariado\/"},"wordCount":970,"commentCount":0,"publisher":{"@id":"https:\/\/www.laguiadepamplona.com\/actualidad\/#organization"},"image":{"@id":"https:\/\/www.laguiadepamplona.com\/actualidad\/el-bando-de-san-fermin-insta-a-disfrutar-las-fiestas-con-alegria-y-civismo-y-recuerda-que-hay-que-atender-las-indicaciones-de-policia-y-funcionariado\/#primaryimage"},"thumbnailUrl":"https:\/\/www.laguiadepamplona.com\/actualidad\/wp-content\/uploads\/2025\/05\/chupinazo9j2a4446copiaweb.webp","articleSection":["Ayto Pamplona"],"inLanguage":"es","potentialAction":[{"@type":"CommentAction","name":"Comment","target":["https:\/\/www.laguiadepamplona.com\/actualidad\/el-bando-de-san-fermin-insta-a-disfrutar-las-fiestas-con-alegria-y-civismo-y-recuerda-que-hay-que-atender-las-indicaciones-de-policia-y-funcionariado\/#respond"]}]},{"@type":"WebPage","@id":"https:\/\/www.laguiadepamplona.com\/actualidad\/el-bando-de-san-fermin-insta-a-disfrutar-las-fiestas-con-alegria-y-civismo-y-recuerda-que-hay-que-atender-las-indicaciones-de-policia-y-funcionariado\/","url":"https:\/\/www.laguiadepamplona.com\/actualidad\/el-bando-de-san-fermin-insta-a-disfrutar-las-fiestas-con-alegria-y-civismo-y-recuerda-que-hay-que-atender-las-indicaciones-de-policia-y-funcionariado\/","name":"El bando de San Ferm\u00edn insta a disfrutar las fiestas con alegr\u00eda y civismo, y recuerda que hay que atender las indicaciones de polic\u00eda y funcionariado","isPartOf":{"@id":"https:\/\/www.laguiadepamplona.com\/actualidad\/#website"},"primaryImageOfPage":{"@id":"https:\/\/www.laguiadepamplona.com\/actualidad\/el-bando-de-san-fermin-insta-a-disfrutar-las-fiestas-con-alegria-y-civismo-y-recuerda-que-hay-que-atender-las-indicaciones-de-policia-y-funcionariado\/#primaryimage"},"image":{"@id":"https:\/\/www.laguiadepamplona.com\/actualidad\/el-bando-de-san-fermin-insta-a-disfrutar-las-fiestas-con-alegria-y-civismo-y-recuerda-que-hay-que-atender-las-indicaciones-de-policia-y-funcionariado\/#primaryimage"},"thumbnailUrl":"https:\/\/www.laguiadepamplona.com\/actualidad\/wp-content\/uploads\/2025\/05\/chupinazo9j2a4446copiaweb.webp","datePublished":"2025-07-01T11:53:48+00:00","description":"Se recuerda que el vaso reutilizable ya es obligatorio para toda la hosteler\u00eda y que estar\u00e1 prohibido el tr\u00e1fico en el entorno de los fuegos hasta las 3 am","breadcrumb":{"@id":"https:\/\/www.laguiadepamplona.com\/actualidad\/el-bando-de-san-fermin-insta-a-disfrutar-las-fiestas-con-alegria-y-civismo-y-recuerda-que-hay-que-atender-las-indicaciones-de-policia-y-funcionariado\/#breadcrumb"},"inLanguage":"es","potentialAction":[{"@type":"ReadAction","target":["https:\/\/www.laguiadepamplona.com\/actualidad\/el-bando-de-san-fermin-insta-a-disfrutar-las-fiestas-con-alegria-y-civismo-y-recuerda-que-hay-que-atender-las-indicaciones-de-policia-y-funcionariado\/"]}]},{"@type":"ImageObject","inLanguage":"es","@id":"https:\/\/www.laguiadepamplona.com\/actualidad\/el-bando-de-san-fermin-insta-a-disfrutar-las-fiestas-con-alegria-y-civismo-y-recuerda-que-hay-que-atender-las-indicaciones-de-policia-y-funcionariado\/#primaryimage","url":"https:\/\/www.laguiadepamplona.com\/actualidad\/wp-content\/uploads\/2025\/05\/chupinazo9j2a4446copiaweb.webp","contentUrl":"https:\/\/www.laguiadepamplona.com\/actualidad\/wp-content\/uploads\/2025\/05\/chupinazo9j2a4446copiaweb.webp","width":1000,"height":667,"caption":"chupinazo"},{"@type":"BreadcrumbList","@id":"https:\/\/www.laguiadepamplona.com\/actualidad\/el-bando-de-san-fermin-insta-a-disfrutar-las-fiestas-con-alegria-y-civismo-y-recuerda-que-hay-que-atender-las-indicaciones-de-policia-y-funcionariado\/#breadcrumb","itemListElement":[{"@type":"ListItem","position":1,"name":"Portada","item":"https:\/\/www.laguiadepamplona.com\/actualidad\/"},{"@type":"ListItem","position":2,"name":"El bando de San Ferm\u00edn insta a disfrutar las fiestas con alegr\u00eda y civismo, y recuerda que hay que atender las indicaciones de polic\u00eda y funcionariado"}]},{"@type":"WebSite","@id":"https:\/\/www.laguiadepamplona.com\/actualidad\/#website","url":"https:\/\/www.laguiadepamplona.com\/actualidad\/","name":"La gu\u00eda de Pamplona","description":"Noticias de Pamplona","publisher":{"@id":"https:\/\/www.laguiadepamplona.com\/actualidad\/#organization"},"potentialAction":[{"@type":"SearchAction","target":{"@type":"EntryPoint","urlTemplate":"https:\/\/www.laguiadepamplona.com\/actualidad\/?s={search_term_string}"},"query-input":{"@type":"PropertyValueSpecification","valueRequired":true,"valueName":"search_term_string"}}],"inLanguage":"es"},{"@type":"Organization","@id":"https:\/\/www.laguiadepamplona.com\/actualidad\/#organization","name":"La Gu\u00eda de Pamplona \/ Noticias","url":"https:\/\/www.laguiadepamplona.com\/actualidad\/","logo":{"@type":"ImageObject","inLanguage":"es","@id":"https:\/\/www.laguiadepamplona.com\/actualidad\/#\/schema\/logo\/image\/","url":"https:\/\/www.laguiadepamplona.com\/actualidad\/wp-content\/uploads\/2018\/11\/logo-laguiadepamplona18-web1.png","contentUrl":"https:\/\/www.laguiadepamplona.com\/actualidad\/wp-content\/uploads\/2018\/11\/logo-laguiadepamplona18-web1.png","width":600,"height":196,"caption":"La Gu\u00eda de Pamplona \/ Noticias"},"image":{"@id":"https:\/\/www.laguiadepamplona.com\/actualidad\/#\/schema\/logo\/image\/"},"sameAs":["https:\/\/www.facebook.com\/laguiadepamplonacom-133175176762273\/?ref=hl","https:\/\/x.com\/LaGuiadPamplona","https:\/\/www.instagram.com\/la_guia_de_pamplona\/","https:\/\/www.youtube.com\/user\/laguiadepamplona"]},{"@type":"Person","@id":"https:\/\/www.laguiadepamplona.com\/actualidad\/#\/schema\/person\/efe887376f0213d4657c93adc50b1fdb","name":"La Gu\u00eda de Pamplona","image":{"@type":"ImageObject","inLanguage":"es","@id":"https:\/\/secure.gravatar.com\/avatar\/b6992f131dc8d30ab0dff15446e9d346d9dbd95992de0fef795073f5ea83a81c?s=96&d=mm&r=g","url":"https:\/\/secure.gravatar.com\/avatar\/b6992f131dc8d30ab0dff15446e9d346d9dbd95992de0fef795073f5ea83a81c?s=96&d=mm&r=g","contentUrl":"https:\/\/secure.gravatar.com\/avatar\/b6992f131dc8d30ab0dff15446e9d346d9dbd95992de0fef795073f5ea83a81c?s=96&d=mm&r=g","caption":"La Gu\u00eda de Pamplona"}}]}},"post_mailing_queue_ids":[],"_links":{"self":[{"href":"https:\/\/www.laguiadepamplona.com\/actualidad\/wp-json\/wp\/v2\/posts\/53318","targetHints":{"allow":["GET"]}}],"collection":[{"href":"https:\/\/www.laguiadepamplona.com\/actualidad\/wp-json\/wp\/v2\/posts"}],"about":[{"href":"https:\/\/www.laguiadepamplona.com\/actualidad\/wp-json\/wp\/v2\/types\/post"}],"author":[{"embeddable":true,"href":"https:\/\/www.laguiadepamplona.com\/actualidad\/wp-json\/wp\/v2\/users\/1"}],"replies":[{"embeddable":true,"href":"https:\/\/www.laguiadepamplona.com\/actualidad\/wp-json\/wp\/v2\/comments?post=53318"}],"version-history":[{"count":1,"href":"https:\/\/www.laguiadepamplona.com\/actualidad\/wp-json\/wp\/v2\/posts\/53318\/revisions"}],"predecessor-version":[{"id":53319,"href":"https:\/\/www.laguiadepamplona.com\/actualidad\/wp-json\/wp\/v2\/posts\/53318\/revisions\/53319"}],"wp:featuredmedia":[{"embeddable":true,"href":"https:\/\/www.laguiadepamplona.com\/actualidad\/wp-json\/wp\/v2\/media\/52947"}],"wp:attachment":[{"href":"https:\/\/www.laguiadepamplona.com\/actualidad\/wp-json\/wp\/v2\/media?parent=53318"}],"wp:term":[{"taxonomy":"category","embeddable":true,"href":"https:\/\/www.laguiadepamplona.com\/actualidad\/wp-json\/wp\/v2\/categories?post=53318"},{"taxonomy":"post_tag","embeddable":true,"href":"https:\/\/www.laguiadepamplona.com\/actualidad\/wp-json\/wp\/v2\/tags?post=53318"}],"curies":[{"name":"wp","href":"https:\/\/api.w.org\/{rel}","templated":true}]}}