{"id":53316,"date":"2025-07-01T13:51:18","date_gmt":"2025-07-01T11:51:18","guid":{"rendered":"https:\/\/www.laguiadepamplona.com\/actualidad\/?p=53316"},"modified":"2025-07-01T13:51:42","modified_gmt":"2025-07-01T11:51:42","slug":"1-500-litros-de-antideslizante-se-aplicaran-esta-noche-desde-la-plaza-del-ayuntamiento-hasta-el-inicio-de-la-calle-estafeta","status":"publish","type":"post","link":"https:\/\/www.laguiadepamplona.com\/actualidad\/1-500-litros-de-antideslizante-se-aplicaran-esta-noche-desde-la-plaza-del-ayuntamiento-hasta-el-inicio-de-la-calle-estafeta\/","title":{"rendered":"1.500 litros de antideslizante se aplicar\u00e1n esta noche desde la plaza del Ayuntamiento hasta el inicio de la calle Estafeta"},"content":{"rendered":"<h2>Los operarios extender\u00e1n el compuesto qu\u00edmico desde las 23 horas de forma manual para cubrir 1.800 metros cuadrados del recorrido del Encierro<\/h2>\n<p><!--more--><\/p>\n<p>Los adoquines de la plaza del Ayuntamiento, calle Mercaderes y curva de la Estafeta estar\u00e1n desde esta noche listos para el Encierro. <strong><u>Hoy, a partir de las 23 horas<\/u><\/strong>, los operarios de la empresa Pavitec aplicar\u00e1n manualmente 1.500 litros de antideslizante para evitar que los toros resbalen y creen situaciones peligrosas durante las carreras. Lo har\u00e1n manualmente, extendiendo el compuesto qu\u00edmico con regaderas y escobones, durante alrededor de ocho horas.<\/p>\n<p>El director del \u00c1rea de Seguridad y Convivencia Ciudadana, <strong>Juan Manuel Gil Larequi<\/strong>, y el responsable t\u00e9cnico de la empresa, <strong>Vicente Garc\u00eda Nogueira<\/strong>, supervisar\u00e1n el inicio del operativo, en el que participar\u00e1n diez trabajadores de Pavitec. Se aplicar\u00e1 el antideslizante en el tramo final de la cuesta Santo Domingo (unos 10 metros antes de llegar al Ayuntamiento), en el recorrido de los toros por la plaza Consistorial, calle Mercaderes y hasta 10 metros del inicio de la calle Estafeta. Adem\u00e1s, se tratar\u00e1 el pavimento hormigonado existente a la salida de los corrales del gas para evitar que los morlacos resbalen al inicio del Encierrillo. En total, se calcula que la superficie tratada ser\u00e1 de 1.875 metros cuadrados, a raz\u00f3n de 0,8 litros por metro cuadrado.<\/p>\n<p>El l\u00edquido antideslizante busca evitar la ca\u00edda de las reses y la fragmentaci\u00f3n de las manadas lo que incrementa la velocidad de la carrera y, en definitiva, minimiza su peligrosidad. El compuesto qu\u00edmico produce una reacci\u00f3n que libera en la parte sil\u00edcea del pavimento los microporos que a lo largo del a\u00f1o se ven embozados por la suciedad o el pulido de las m\u00e1quinas de limpieza. Esos poros producen un \u2018efecto ventosa\u2019, que permite el mejor agarre de las pezu\u00f1as del animal y que funciona especialmente bien en el caso de que el pavimento est\u00e9 mojado. El Ayuntamiento de Pamplona realiz\u00f3 una prueba piloto en 2005 con una soluci\u00f3n qu\u00edmica antideslizante y, desde ese a\u00f1o, se ha venido aplicando el tratamiento de forma ininterrumpida. La empresa Pavitec lo hace desde el a\u00f1o 2006. Su manejo del antideslizante les ha llevado desde Portugal Chequia, B\u00e9lgica, o Hungr\u00eda hasta a Qatar, Rep\u00fablica Dominicana o M\u00e9xico.<\/p>\n","protected":false},"excerpt":{"rendered":"<p>Los operarios extender\u00e1n el compuesto qu\u00edmico desde las 23 horas de forma manual para cubrir 1.800 metros cuadrados del recorrido del Encierro<\/p>\n","protected":false},"author":1,"featured_media":50246,"comment_status":"open","ping_status":"closed","sticky":false,"template":"","format":"standard","meta":{"footnotes":""},"categories":[2],"tags":[],"class_list":["post-53316","post","type-post","status-publish","format-standard","has-post-thumbnail","hentry","category-ayuntamiento-pamplona"],"yoast_head":"<!-- This site is optimized with the Yoast SEO plugin v27.5 - https:\/\/yoast.com\/product\/yoast-seo-wordpress\/ -->\n<title>1.500 litros de antideslizante se aplicar\u00e1n esta noche desde la plaza del Ayuntamiento hasta el inicio de la calle Estafeta<\/title>\n<meta name=\"description\" content=\"Los operarios extender\u00e1n el compuesto qu\u00edmico desde las 23 horas de forma manual para cubrir 1.800 metros cuadrados del recorrido del Encierro\" \/>\n<meta name=\"robots\" content=\"index, follow, max-snippet:-1, max-image-preview:large, max-video-preview:-1\" \/>\n<link rel=\"canonical\" href=\"https:\/\/www.laguiadepamplona.com\/actualidad\/1-500-litros-de-antideslizante-se-aplicaran-esta-noche-desde-la-plaza-del-ayuntamiento-hasta-el-inicio-de-la-calle-estafeta\/\" \/>\n<meta property=\"og:locale\" content=\"es_ES\" \/>\n<meta property=\"og:type\" content=\"article\" \/>\n<meta property=\"og:title\" content=\"1.500 litros de antideslizante se aplicar\u00e1n esta noche desde la plaza del Ayuntamiento hasta el inicio de la calle Estafeta\" \/>\n<meta property=\"og:description\" content=\"Los operarios extender\u00e1n el compuesto qu\u00edmico desde las 23 horas de forma manual para cubrir 1.800 metros cuadrados del recorrido del Encierro\" \/>\n<meta property=\"og:url\" content=\"https:\/\/www.laguiadepamplona.com\/actualidad\/1-500-litros-de-antideslizante-se-aplicaran-esta-noche-desde-la-plaza-del-ayuntamiento-hasta-el-inicio-de-la-calle-estafeta\/\" \/>\n<meta property=\"og:site_name\" content=\"La Gu\u00eda de Pamplona\" \/>\n<meta property=\"article:publisher\" content=\"https:\/\/www.facebook.com\/laguiadepamplonacom-133175176762273\/?ref=hl\" \/>\n<meta property=\"article:published_time\" content=\"2025-07-01T11:51:18+00:00\" \/>\n<meta property=\"article:modified_time\" content=\"2025-07-01T11:51:42+00:00\" \/>\n<meta property=\"og:image\" content=\"https:\/\/www.laguiadepamplona.com\/actualidad\/wp-content\/uploads\/2024\/07\/ANTIDESLIZANTE-SF23_NB_0001.webp\" \/>\n\t<meta property=\"og:image:width\" content=\"1000\" \/>\n\t<meta property=\"og:image:height\" content=\"667\" \/>\n\t<meta property=\"og:image:type\" content=\"image\/webp\" \/>\n<meta name=\"author\" content=\"La Gu\u00eda de Pamplona\" \/>\n<meta name=\"twitter:card\" content=\"summary_large_image\" \/>\n<meta name=\"twitter:creator\" content=\"@LaGuiadPamplona\" \/>\n<meta name=\"twitter:site\" content=\"@LaGuiadPamplona\" \/>\n<meta name=\"twitter:label1\" content=\"Escrito por\" \/>\n\t<meta name=\"twitter:data1\" content=\"La Gu\u00eda de Pamplona\" \/>\n\t<meta name=\"twitter:label2\" content=\"Tiempo de lectura\" \/>\n\t<meta name=\"twitter:data2\" content=\"2 minutos\" \/>\n<script type=\"application\/ld+json\" class=\"yoast-schema-graph\">{\"@context\":\"https:\\\/\\\/schema.org\",\"@graph\":[{\"@type\":\"Article\",\"@id\":\"https:\\\/\\\/www.laguiadepamplona.com\\\/actualidad\\\/1-500-litros-de-antideslizante-se-aplicaran-esta-noche-desde-la-plaza-del-ayuntamiento-hasta-el-inicio-de-la-calle-estafeta\\\/#article\",\"isPartOf\":{\"@id\":\"https:\\\/\\\/www.laguiadepamplona.com\\\/actualidad\\\/1-500-litros-de-antideslizante-se-aplicaran-esta-noche-desde-la-plaza-del-ayuntamiento-hasta-el-inicio-de-la-calle-estafeta\\\/\"},\"author\":{\"name\":\"La Gu\u00eda de Pamplona\",\"@id\":\"https:\\\/\\\/www.laguiadepamplona.com\\\/actualidad\\\/#\\\/schema\\\/person\\\/efe887376f0213d4657c93adc50b1fdb\"},\"headline\":\"1.500 litros de antideslizante se aplicar\u00e1n esta noche desde la plaza del Ayuntamiento hasta el inicio de la calle Estafeta\",\"datePublished\":\"2025-07-01T11:51:18+00:00\",\"dateModified\":\"2025-07-01T11:51:42+00:00\",\"mainEntityOfPage\":{\"@id\":\"https:\\\/\\\/www.laguiadepamplona.com\\\/actualidad\\\/1-500-litros-de-antideslizante-se-aplicaran-esta-noche-desde-la-plaza-del-ayuntamiento-hasta-el-inicio-de-la-calle-estafeta\\\/\"},\"wordCount\":409,\"commentCount\":0,\"publisher\":{\"@id\":\"https:\\\/\\\/www.laguiadepamplona.com\\\/actualidad\\\/#organization\"},\"image\":{\"@id\":\"https:\\\/\\\/www.laguiadepamplona.com\\\/actualidad\\\/1-500-litros-de-antideslizante-se-aplicaran-esta-noche-desde-la-plaza-del-ayuntamiento-hasta-el-inicio-de-la-calle-estafeta\\\/#primaryimage\"},\"thumbnailUrl\":\"https:\\\/\\\/www.laguiadepamplona.com\\\/actualidad\\\/wp-content\\\/uploads\\\/2024\\\/07\\\/ANTIDESLIZANTE-SF23_NB_0001.webp\",\"articleSection\":[\"Ayto Pamplona\"],\"inLanguage\":\"es\",\"potentialAction\":[{\"@type\":\"CommentAction\",\"name\":\"Comment\",\"target\":[\"https:\\\/\\\/www.laguiadepamplona.com\\\/actualidad\\\/1-500-litros-de-antideslizante-se-aplicaran-esta-noche-desde-la-plaza-del-ayuntamiento-hasta-el-inicio-de-la-calle-estafeta\\\/#respond\"]}]},{\"@type\":\"WebPage\",\"@id\":\"https:\\\/\\\/www.laguiadepamplona.com\\\/actualidad\\\/1-500-litros-de-antideslizante-se-aplicaran-esta-noche-desde-la-plaza-del-ayuntamiento-hasta-el-inicio-de-la-calle-estafeta\\\/\",\"url\":\"https:\\\/\\\/www.laguiadepamplona.com\\\/actualidad\\\/1-500-litros-de-antideslizante-se-aplicaran-esta-noche-desde-la-plaza-del-ayuntamiento-hasta-el-inicio-de-la-calle-estafeta\\\/\",\"name\":\"1.500 litros de antideslizante se aplicar\u00e1n esta noche desde la plaza del Ayuntamiento hasta el inicio de la calle Estafeta\",\"isPartOf\":{\"@id\":\"https:\\\/\\\/www.laguiadepamplona.com\\\/actualidad\\\/#website\"},\"primaryImageOfPage\":{\"@id\":\"https:\\\/\\\/www.laguiadepamplona.com\\\/actualidad\\\/1-500-litros-de-antideslizante-se-aplicaran-esta-noche-desde-la-plaza-del-ayuntamiento-hasta-el-inicio-de-la-calle-estafeta\\\/#primaryimage\"},\"image\":{\"@id\":\"https:\\\/\\\/www.laguiadepamplona.com\\\/actualidad\\\/1-500-litros-de-antideslizante-se-aplicaran-esta-noche-desde-la-plaza-del-ayuntamiento-hasta-el-inicio-de-la-calle-estafeta\\\/#primaryimage\"},\"thumbnailUrl\":\"https:\\\/\\\/www.laguiadepamplona.com\\\/actualidad\\\/wp-content\\\/uploads\\\/2024\\\/07\\\/ANTIDESLIZANTE-SF23_NB_0001.webp\",\"datePublished\":\"2025-07-01T11:51:18+00:00\",\"dateModified\":\"2025-07-01T11:51:42+00:00\",\"description\":\"Los operarios extender\u00e1n el compuesto qu\u00edmico desde las 23 horas de forma manual para cubrir 1.800 metros cuadrados del recorrido del Encierro\",\"breadcrumb\":{\"@id\":\"https:\\\/\\\/www.laguiadepamplona.com\\\/actualidad\\\/1-500-litros-de-antideslizante-se-aplicaran-esta-noche-desde-la-plaza-del-ayuntamiento-hasta-el-inicio-de-la-calle-estafeta\\\/#breadcrumb\"},\"inLanguage\":\"es\",\"potentialAction\":[{\"@type\":\"ReadAction\",\"target\":[\"https:\\\/\\\/www.laguiadepamplona.com\\\/actualidad\\\/1-500-litros-de-antideslizante-se-aplicaran-esta-noche-desde-la-plaza-del-ayuntamiento-hasta-el-inicio-de-la-calle-estafeta\\\/\"]}]},{\"@type\":\"ImageObject\",\"inLanguage\":\"es\",\"@id\":\"https:\\\/\\\/www.laguiadepamplona.com\\\/actualidad\\\/1-500-litros-de-antideslizante-se-aplicaran-esta-noche-desde-la-plaza-del-ayuntamiento-hasta-el-inicio-de-la-calle-estafeta\\\/#primaryimage\",\"url\":\"https:\\\/\\\/www.laguiadepamplona.com\\\/actualidad\\\/wp-content\\\/uploads\\\/2024\\\/07\\\/ANTIDESLIZANTE-SF23_NB_0001.webp\",\"contentUrl\":\"https:\\\/\\\/www.laguiadepamplona.com\\\/actualidad\\\/wp-content\\\/uploads\\\/2024\\\/07\\\/ANTIDESLIZANTE-SF23_NB_0001.webp\",\"width\":1000,\"height\":667,\"caption\":\"antideslizante sanfermines\"},{\"@type\":\"BreadcrumbList\",\"@id\":\"https:\\\/\\\/www.laguiadepamplona.com\\\/actualidad\\\/1-500-litros-de-antideslizante-se-aplicaran-esta-noche-desde-la-plaza-del-ayuntamiento-hasta-el-inicio-de-la-calle-estafeta\\\/#breadcrumb\",\"itemListElement\":[{\"@type\":\"ListItem\",\"position\":1,\"name\":\"Portada\",\"item\":\"https:\\\/\\\/www.laguiadepamplona.com\\\/actualidad\\\/\"},{\"@type\":\"ListItem\",\"position\":2,\"name\":\"1.500 litros de antideslizante se aplicar\u00e1n esta noche desde la plaza del Ayuntamiento hasta el inicio de la calle Estafeta\"}]},{\"@type\":\"WebSite\",\"@id\":\"https:\\\/\\\/www.laguiadepamplona.com\\\/actualidad\\\/#website\",\"url\":\"https:\\\/\\\/www.laguiadepamplona.com\\\/actualidad\\\/\",\"name\":\"La gu\u00eda de Pamplona\",\"description\":\"Noticias de Pamplona\",\"publisher\":{\"@id\":\"https:\\\/\\\/www.laguiadepamplona.com\\\/actualidad\\\/#organization\"},\"potentialAction\":[{\"@type\":\"SearchAction\",\"target\":{\"@type\":\"EntryPoint\",\"urlTemplate\":\"https:\\\/\\\/www.laguiadepamplona.com\\\/actualidad\\\/?s={search_term_string}\"},\"query-input\":{\"@type\":\"PropertyValueSpecification\",\"valueRequired\":true,\"valueName\":\"search_term_string\"}}],\"inLanguage\":\"es\"},{\"@type\":\"Organization\",\"@id\":\"https:\\\/\\\/www.laguiadepamplona.com\\\/actualidad\\\/#organization\",\"name\":\"La Gu\u00eda de Pamplona \\\/ Noticias\",\"url\":\"https:\\\/\\\/www.laguiadepamplona.com\\\/actualidad\\\/\",\"logo\":{\"@type\":\"ImageObject\",\"inLanguage\":\"es\",\"@id\":\"https:\\\/\\\/www.laguiadepamplona.com\\\/actualidad\\\/#\\\/schema\\\/logo\\\/image\\\/\",\"url\":\"https:\\\/\\\/www.laguiadepamplona.com\\\/actualidad\\\/wp-content\\\/uploads\\\/2018\\\/11\\\/logo-laguiadepamplona18-web1.png\",\"contentUrl\":\"https:\\\/\\\/www.laguiadepamplona.com\\\/actualidad\\\/wp-content\\\/uploads\\\/2018\\\/11\\\/logo-laguiadepamplona18-web1.png\",\"width\":600,\"height\":196,\"caption\":\"La Gu\u00eda de Pamplona \\\/ Noticias\"},\"image\":{\"@id\":\"https:\\\/\\\/www.laguiadepamplona.com\\\/actualidad\\\/#\\\/schema\\\/logo\\\/image\\\/\"},\"sameAs\":[\"https:\\\/\\\/www.facebook.com\\\/laguiadepamplonacom-133175176762273\\\/?ref=hl\",\"https:\\\/\\\/x.com\\\/LaGuiadPamplona\",\"https:\\\/\\\/www.instagram.com\\\/la_guia_de_pamplona\\\/\",\"https:\\\/\\\/www.youtube.com\\\/user\\\/laguiadepamplona\"]},{\"@type\":\"Person\",\"@id\":\"https:\\\/\\\/www.laguiadepamplona.com\\\/actualidad\\\/#\\\/schema\\\/person\\\/efe887376f0213d4657c93adc50b1fdb\",\"name\":\"La Gu\u00eda de Pamplona\",\"image\":{\"@type\":\"ImageObject\",\"inLanguage\":\"es\",\"@id\":\"https:\\\/\\\/secure.gravatar.com\\\/avatar\\\/b6992f131dc8d30ab0dff15446e9d346d9dbd95992de0fef795073f5ea83a81c?s=96&d=mm&r=g\",\"url\":\"https:\\\/\\\/secure.gravatar.com\\\/avatar\\\/b6992f131dc8d30ab0dff15446e9d346d9dbd95992de0fef795073f5ea83a81c?s=96&d=mm&r=g\",\"contentUrl\":\"https:\\\/\\\/secure.gravatar.com\\\/avatar\\\/b6992f131dc8d30ab0dff15446e9d346d9dbd95992de0fef795073f5ea83a81c?s=96&d=mm&r=g\",\"caption\":\"La Gu\u00eda de Pamplona\"}}]}<\/script>\n<!-- \/ Yoast SEO plugin. -->","yoast_head_json":{"title":"1.500 litros de antideslizante se aplicar\u00e1n esta noche desde la plaza del Ayuntamiento hasta el inicio de la calle Estafeta","description":"Los operarios extender\u00e1n el compuesto qu\u00edmico desde las 23 horas de forma manual para cubrir 1.800 metros cuadrados del recorrido del Encierro","robots":{"index":"index","follow":"follow","max-snippet":"max-snippet:-1","max-image-preview":"max-image-preview:large","max-video-preview":"max-video-preview:-1"},"canonical":"https:\/\/www.laguiadepamplona.com\/actualidad\/1-500-litros-de-antideslizante-se-aplicaran-esta-noche-desde-la-plaza-del-ayuntamiento-hasta-el-inicio-de-la-calle-estafeta\/","og_locale":"es_ES","og_type":"article","og_title":"1.500 litros de antideslizante se aplicar\u00e1n esta noche desde la plaza del Ayuntamiento hasta el inicio de la calle Estafeta","og_description":"Los operarios extender\u00e1n el compuesto qu\u00edmico desde las 23 horas de forma manual para cubrir 1.800 metros cuadrados del recorrido del Encierro","og_url":"https:\/\/www.laguiadepamplona.com\/actualidad\/1-500-litros-de-antideslizante-se-aplicaran-esta-noche-desde-la-plaza-del-ayuntamiento-hasta-el-inicio-de-la-calle-estafeta\/","og_site_name":"La Gu\u00eda de Pamplona","article_publisher":"https:\/\/www.facebook.com\/laguiadepamplonacom-133175176762273\/?ref=hl","article_published_time":"2025-07-01T11:51:18+00:00","article_modified_time":"2025-07-01T11:51:42+00:00","og_image":[{"width":1000,"height":667,"url":"https:\/\/www.laguiadepamplona.com\/actualidad\/wp-content\/uploads\/2024\/07\/ANTIDESLIZANTE-SF23_NB_0001.webp","type":"image\/webp"}],"author":"La Gu\u00eda de Pamplona","twitter_card":"summary_large_image","twitter_creator":"@LaGuiadPamplona","twitter_site":"@LaGuiadPamplona","twitter_misc":{"Escrito por":"La Gu\u00eda de Pamplona","Tiempo de lectura":"2 minutos"},"schema":{"@context":"https:\/\/schema.org","@graph":[{"@type":"Article","@id":"https:\/\/www.laguiadepamplona.com\/actualidad\/1-500-litros-de-antideslizante-se-aplicaran-esta-noche-desde-la-plaza-del-ayuntamiento-hasta-el-inicio-de-la-calle-estafeta\/#article","isPartOf":{"@id":"https:\/\/www.laguiadepamplona.com\/actualidad\/1-500-litros-de-antideslizante-se-aplicaran-esta-noche-desde-la-plaza-del-ayuntamiento-hasta-el-inicio-de-la-calle-estafeta\/"},"author":{"name":"La Gu\u00eda de Pamplona","@id":"https:\/\/www.laguiadepamplona.com\/actualidad\/#\/schema\/person\/efe887376f0213d4657c93adc50b1fdb"},"headline":"1.500 litros de antideslizante se aplicar\u00e1n esta noche desde la plaza del Ayuntamiento hasta el inicio de la calle Estafeta","datePublished":"2025-07-01T11:51:18+00:00","dateModified":"2025-07-01T11:51:42+00:00","mainEntityOfPage":{"@id":"https:\/\/www.laguiadepamplona.com\/actualidad\/1-500-litros-de-antideslizante-se-aplicaran-esta-noche-desde-la-plaza-del-ayuntamiento-hasta-el-inicio-de-la-calle-estafeta\/"},"wordCount":409,"commentCount":0,"publisher":{"@id":"https:\/\/www.laguiadepamplona.com\/actualidad\/#organization"},"image":{"@id":"https:\/\/www.laguiadepamplona.com\/actualidad\/1-500-litros-de-antideslizante-se-aplicaran-esta-noche-desde-la-plaza-del-ayuntamiento-hasta-el-inicio-de-la-calle-estafeta\/#primaryimage"},"thumbnailUrl":"https:\/\/www.laguiadepamplona.com\/actualidad\/wp-content\/uploads\/2024\/07\/ANTIDESLIZANTE-SF23_NB_0001.webp","articleSection":["Ayto Pamplona"],"inLanguage":"es","potentialAction":[{"@type":"CommentAction","name":"Comment","target":["https:\/\/www.laguiadepamplona.com\/actualidad\/1-500-litros-de-antideslizante-se-aplicaran-esta-noche-desde-la-plaza-del-ayuntamiento-hasta-el-inicio-de-la-calle-estafeta\/#respond"]}]},{"@type":"WebPage","@id":"https:\/\/www.laguiadepamplona.com\/actualidad\/1-500-litros-de-antideslizante-se-aplicaran-esta-noche-desde-la-plaza-del-ayuntamiento-hasta-el-inicio-de-la-calle-estafeta\/","url":"https:\/\/www.laguiadepamplona.com\/actualidad\/1-500-litros-de-antideslizante-se-aplicaran-esta-noche-desde-la-plaza-del-ayuntamiento-hasta-el-inicio-de-la-calle-estafeta\/","name":"1.500 litros de antideslizante se aplicar\u00e1n esta noche desde la plaza del Ayuntamiento hasta el inicio de la calle Estafeta","isPartOf":{"@id":"https:\/\/www.laguiadepamplona.com\/actualidad\/#website"},"primaryImageOfPage":{"@id":"https:\/\/www.laguiadepamplona.com\/actualidad\/1-500-litros-de-antideslizante-se-aplicaran-esta-noche-desde-la-plaza-del-ayuntamiento-hasta-el-inicio-de-la-calle-estafeta\/#primaryimage"},"image":{"@id":"https:\/\/www.laguiadepamplona.com\/actualidad\/1-500-litros-de-antideslizante-se-aplicaran-esta-noche-desde-la-plaza-del-ayuntamiento-hasta-el-inicio-de-la-calle-estafeta\/#primaryimage"},"thumbnailUrl":"https:\/\/www.laguiadepamplona.com\/actualidad\/wp-content\/uploads\/2024\/07\/ANTIDESLIZANTE-SF23_NB_0001.webp","datePublished":"2025-07-01T11:51:18+00:00","dateModified":"2025-07-01T11:51:42+00:00","description":"Los operarios extender\u00e1n el compuesto qu\u00edmico desde las 23 horas de forma manual para cubrir 1.800 metros cuadrados del recorrido del Encierro","breadcrumb":{"@id":"https:\/\/www.laguiadepamplona.com\/actualidad\/1-500-litros-de-antideslizante-se-aplicaran-esta-noche-desde-la-plaza-del-ayuntamiento-hasta-el-inicio-de-la-calle-estafeta\/#breadcrumb"},"inLanguage":"es","potentialAction":[{"@type":"ReadAction","target":["https:\/\/www.laguiadepamplona.com\/actualidad\/1-500-litros-de-antideslizante-se-aplicaran-esta-noche-desde-la-plaza-del-ayuntamiento-hasta-el-inicio-de-la-calle-estafeta\/"]}]},{"@type":"ImageObject","inLanguage":"es","@id":"https:\/\/www.laguiadepamplona.com\/actualidad\/1-500-litros-de-antideslizante-se-aplicaran-esta-noche-desde-la-plaza-del-ayuntamiento-hasta-el-inicio-de-la-calle-estafeta\/#primaryimage","url":"https:\/\/www.laguiadepamplona.com\/actualidad\/wp-content\/uploads\/2024\/07\/ANTIDESLIZANTE-SF23_NB_0001.webp","contentUrl":"https:\/\/www.laguiadepamplona.com\/actualidad\/wp-content\/uploads\/2024\/07\/ANTIDESLIZANTE-SF23_NB_0001.webp","width":1000,"height":667,"caption":"antideslizante sanfermines"},{"@type":"BreadcrumbList","@id":"https:\/\/www.laguiadepamplona.com\/actualidad\/1-500-litros-de-antideslizante-se-aplicaran-esta-noche-desde-la-plaza-del-ayuntamiento-hasta-el-inicio-de-la-calle-estafeta\/#breadcrumb","itemListElement":[{"@type":"ListItem","position":1,"name":"Portada","item":"https:\/\/www.laguiadepamplona.com\/actualidad\/"},{"@type":"ListItem","position":2,"name":"1.500 litros de antideslizante se aplicar\u00e1n esta noche desde la plaza del Ayuntamiento hasta el inicio de la calle Estafeta"}]},{"@type":"WebSite","@id":"https:\/\/www.laguiadepamplona.com\/actualidad\/#website","url":"https:\/\/www.laguiadepamplona.com\/actualidad\/","name":"La gu\u00eda de Pamplona","description":"Noticias de Pamplona","publisher":{"@id":"https:\/\/www.laguiadepamplona.com\/actualidad\/#organization"},"potentialAction":[{"@type":"SearchAction","target":{"@type":"EntryPoint","urlTemplate":"https:\/\/www.laguiadepamplona.com\/actualidad\/?s={search_term_string}"},"query-input":{"@type":"PropertyValueSpecification","valueRequired":true,"valueName":"search_term_string"}}],"inLanguage":"es"},{"@type":"Organization","@id":"https:\/\/www.laguiadepamplona.com\/actualidad\/#organization","name":"La Gu\u00eda de Pamplona \/ Noticias","url":"https:\/\/www.laguiadepamplona.com\/actualidad\/","logo":{"@type":"ImageObject","inLanguage":"es","@id":"https:\/\/www.laguiadepamplona.com\/actualidad\/#\/schema\/logo\/image\/","url":"https:\/\/www.laguiadepamplona.com\/actualidad\/wp-content\/uploads\/2018\/11\/logo-laguiadepamplona18-web1.png","contentUrl":"https:\/\/www.laguiadepamplona.com\/actualidad\/wp-content\/uploads\/2018\/11\/logo-laguiadepamplona18-web1.png","width":600,"height":196,"caption":"La Gu\u00eda de Pamplona \/ Noticias"},"image":{"@id":"https:\/\/www.laguiadepamplona.com\/actualidad\/#\/schema\/logo\/image\/"},"sameAs":["https:\/\/www.facebook.com\/laguiadepamplonacom-133175176762273\/?ref=hl","https:\/\/x.com\/LaGuiadPamplona","https:\/\/www.instagram.com\/la_guia_de_pamplona\/","https:\/\/www.youtube.com\/user\/laguiadepamplona"]},{"@type":"Person","@id":"https:\/\/www.laguiadepamplona.com\/actualidad\/#\/schema\/person\/efe887376f0213d4657c93adc50b1fdb","name":"La Gu\u00eda de Pamplona","image":{"@type":"ImageObject","inLanguage":"es","@id":"https:\/\/secure.gravatar.com\/avatar\/b6992f131dc8d30ab0dff15446e9d346d9dbd95992de0fef795073f5ea83a81c?s=96&d=mm&r=g","url":"https:\/\/secure.gravatar.com\/avatar\/b6992f131dc8d30ab0dff15446e9d346d9dbd95992de0fef795073f5ea83a81c?s=96&d=mm&r=g","contentUrl":"https:\/\/secure.gravatar.com\/avatar\/b6992f131dc8d30ab0dff15446e9d346d9dbd95992de0fef795073f5ea83a81c?s=96&d=mm&r=g","caption":"La Gu\u00eda de Pamplona"}}]}},"post_mailing_queue_ids":[],"_links":{"self":[{"href":"https:\/\/www.laguiadepamplona.com\/actualidad\/wp-json\/wp\/v2\/posts\/53316","targetHints":{"allow":["GET"]}}],"collection":[{"href":"https:\/\/www.laguiadepamplona.com\/actualidad\/wp-json\/wp\/v2\/posts"}],"about":[{"href":"https:\/\/www.laguiadepamplona.com\/actualidad\/wp-json\/wp\/v2\/types\/post"}],"author":[{"embeddable":true,"href":"https:\/\/www.laguiadepamplona.com\/actualidad\/wp-json\/wp\/v2\/users\/1"}],"replies":[{"embeddable":true,"href":"https:\/\/www.laguiadepamplona.com\/actualidad\/wp-json\/wp\/v2\/comments?post=53316"}],"version-history":[{"count":1,"href":"https:\/\/www.laguiadepamplona.com\/actualidad\/wp-json\/wp\/v2\/posts\/53316\/revisions"}],"predecessor-version":[{"id":53317,"href":"https:\/\/www.laguiadepamplona.com\/actualidad\/wp-json\/wp\/v2\/posts\/53316\/revisions\/53317"}],"wp:featuredmedia":[{"embeddable":true,"href":"https:\/\/www.laguiadepamplona.com\/actualidad\/wp-json\/wp\/v2\/media\/50246"}],"wp:attachment":[{"href":"https:\/\/www.laguiadepamplona.com\/actualidad\/wp-json\/wp\/v2\/media?parent=53316"}],"wp:term":[{"taxonomy":"category","embeddable":true,"href":"https:\/\/www.laguiadepamplona.com\/actualidad\/wp-json\/wp\/v2\/categories?post=53316"},{"taxonomy":"post_tag","embeddable":true,"href":"https:\/\/www.laguiadepamplona.com\/actualidad\/wp-json\/wp\/v2\/tags?post=53316"}],"curies":[{"name":"wp","href":"https:\/\/api.w.org\/{rel}","templated":true}]}}