{"id":53304,"date":"2025-06-30T16:31:29","date_gmt":"2025-06-30T14:31:29","guid":{"rendered":"https:\/\/www.laguiadepamplona.com\/actualidad\/?p=53304"},"modified":"2025-06-30T16:31:29","modified_gmt":"2025-06-30T14:31:29","slug":"el-pleno-debatira-modificaciones-presupuestarias-por-9-millones-que-incluyen-saldar-la-deuda-de-gerencia-de-urbanismo-y-aumentar-el-gasto-social","status":"publish","type":"post","link":"https:\/\/www.laguiadepamplona.com\/actualidad\/el-pleno-debatira-modificaciones-presupuestarias-por-9-millones-que-incluyen-saldar-la-deuda-de-gerencia-de-urbanismo-y-aumentar-el-gasto-social\/","title":{"rendered":"El Pleno debatir\u00e1 modificaciones presupuestarias por 9 millones, que incluyen saldar la deuda de Gerencia de Urbanismo y aumentar el gasto social"},"content":{"rendered":"<h2>La propuesta, que ir\u00e1 el jueves a Pleno, prev\u00e9 tambi\u00e9n 120.000 euros para equipar los espacios muse\u00edsticos del Civivox del Ensanche y 180.000 para convenios con organizaciones del Infancia y Adolescencia<\/h2>\n<p><!--more--><\/p>\n<p>El Pleno del Ayuntamiento de Pamplona debatir\u00e1 el pr\u00f3ximo jueves unas modificaciones presupuestarias por un importe total de 9.031.187 euros. La mayor parte de esta cuant\u00eda corresponde a un traspaso que realiza Gerencia de Urbanismo al Ayuntamiento, debido a un mayor ingreso del previsto en la venta de unas parcelas en Arrosad\u00eda-Lezkairu. En concreto, Gerencia aportar\u00e1 8.250.000 euros a las arcas municipales, lo que le permitir\u00e1 acabar de saldar la deuda que en 2009 contrajo con el Ayuntamiento por la compra de terrenos por 20 millones de euros.<\/p>\n<p>En concreto se trata de las parcelas L23-1, L23-2 y L23-3 de Arrosad\u00eda-Lezkairu que la Gerencia de Urbanismo sac\u00f3 a subasta p\u00fablica este a\u00f1o por un importe de 29,98 millones de euros (IVA excluido). No obstante, el precio de venta alcanz\u00f3 los 39 millones. Los ingresos extra generados de 8.250.000 euros con respecto a la previsi\u00f3n inicial es lo que ahora transfiere Gerencia al Ayuntamiento.<\/p>\n<p>Los restantes 781.187 euros corresponden a dos modificaciones distintas. Por un lado, se quiere aprobar un trasvase de 605.000 euros, procedente de la bajada en el importe del contrato de limpieza adjudicado por el Ayuntamiento; y por otro, 176.187 euros procedente de ayudas y subvenciones europeas y auton\u00f3micas.<\/p>\n<p><strong>Escuelas Infantiles, convenios de infancia y espacios expositivos<\/strong><\/p>\n<p>Si el Pleno aprueba la modificaci\u00f3n referida al contrato de limpieza, esta cuant\u00eda servir\u00e1 para sufragar gastos en distintas \u00e1reas, desde Escuelas Infantiles, hasta Participaci\u00f3n, Infancia, Mayores y la red Civivox. En concreto, para los programas de atenci\u00f3n a la infancia se prev\u00e9 destinar 180.000 euros, que se destinar\u00e1n a las Organizaciones Comunitarias de Infancia y Adolescencia (OCIAs). Esta aportaci\u00f3n, que se realizar\u00e1 a trav\u00e9s de convenios, permitir\u00e1 evolucionar del modelo p\u00fablico actual hacia un modelo p\u00fablico-comunitario de acciones en materia de prevenci\u00f3n con la infancia y adolescencia.<\/p>\n<p>Otros 175.000 euros se destinar\u00e1n al Organismo Aut\u00f3nomo de Escuelas Infantiles para hacer frente al incremento de ratios en las distintas escuelas infantiles municipales, que suponen contar este pr\u00f3ximo curso con 54 menores m\u00e1s matriculados. Este aumento de ratios supone incrementar tambi\u00e9n el personal para atenderles. Es por ello que el organismo requiere una nueva aportaci\u00f3n con la que sufragar las retribuciones y los gastos de Seguridad Social del personal de refuerzo.<\/p>\n<p>Para la realizaci\u00f3n de acciones dentro de la red Civivox se quieren destinar 120.000 euros. Este importe se destinar\u00e1 al dise\u00f1o y producci\u00f3n de elementos museogr\u00e1ficos en Civivox Ensanche, donde se prev\u00e9 albergar exposiciones permanentes y temporales. Se plantea dotar a las salas de los recursos materiales, t\u00e9cnicos y expositivos necesarios y llevar a cabo la adecuaci\u00f3n de sistemas de seguridad y accesibilidad a las normativas correspondientes y la incorporaci\u00f3n de recursos tecnol\u00f3gicos interactivos, audiovisuales y gr\u00e1ficos.<\/p>\n<p>Otros 60.000 euros se destinar\u00e1n al \u00e1rea de Acci\u00f3n Social para sufragar los gastos de alquiler de locales para el desarrollo de programas de acogida. Los restantes 70.000 euros corresponden al \u00e1rea de Igualdad, Acci\u00f3n Comunitaria, Barrios, Participaci\u00f3n Ciudadana y Euskera. De ellos, 50.000 euros servir\u00e1n para afrontar el gasto de mantener el local Convive del Casco Antiguo, como centro de actividades de la Red de Mayores de la ciudad, a ra\u00edz de un convenio con Fundaci\u00f3n Caja Navarra. Los otros 20.000 euros se destinar\u00e1n a organizar el Servicio de Dinamizaci\u00f3n para la Participaci\u00f3n Ciudadana y Plaza On, dentro del espacio Zentro, en Condestable.<\/p>\n<p><strong>176.187 euros de ayudas y subvenciones<\/strong><\/p>\n<p>Por \u00faltimo, el Pleno debatir\u00e1 una modificaci\u00f3n presupuestas de 176.187 euros procedentes del cobro de varias subvenciones y ayudas europeas, dentro de varios programas. Parte de ese importe surge del ingreso de 55.102 euros de ayudas europeas dentro del proyecto OpenLab, que se destinar\u00e1 a la Oficina Estrat\u00e9gica para hacer frente a los gastos de personal derivados de la contrataci\u00f3n de personas para llevar a cabo el proyecto. Los otros 121.085,75 euros corresponden a varias subvenciones concedidas. Por un lado, 36.085,75 procedente de los fondos europeos Next Generation EU. Y, por otro, una subvenci\u00f3n del Gobierno de Navarra para la mejora del transporte urbano comarcal mediante el adelanto de paradas.<\/p>\n","protected":false},"excerpt":{"rendered":"<p>La propuesta, que ir\u00e1 el jueves a Pleno, prev\u00e9 tambi\u00e9n 120.000 euros para equipar los espacios muse\u00edsticos del Civivox del Ensanche y 180.000 para convenios con organizaciones del Infancia y&#8230;<\/p>\n","protected":false},"author":1,"featured_media":48503,"comment_status":"open","ping_status":"closed","sticky":false,"template":"","format":"standard","meta":{"footnotes":""},"categories":[2],"tags":[],"class_list":["post-53304","post","type-post","status-publish","format-standard","has-post-thumbnail","hentry","category-ayuntamiento-pamplona"],"yoast_head":"<!-- This site is optimized with the Yoast SEO plugin v27.3 - https:\/\/yoast.com\/product\/yoast-seo-wordpress\/ -->\n<title>El Pleno debatir\u00e1 modificaciones presupuestarias por 9 millones, que incluyen saldar la deuda de Gerencia de Urbanismo y aumentar el gasto social<\/title>\n<meta name=\"description\" content=\"La propuesta, que ir\u00e1 el jueves a Pleno, prev\u00e9 tambi\u00e9n 120.000 euros para equipar los espacios muse\u00edsticos del Civivox del Ensanche\" \/>\n<meta name=\"robots\" content=\"index, follow, max-snippet:-1, max-image-preview:large, max-video-preview:-1\" \/>\n<link rel=\"canonical\" href=\"https:\/\/www.laguiadepamplona.com\/actualidad\/el-pleno-debatira-modificaciones-presupuestarias-por-9-millones-que-incluyen-saldar-la-deuda-de-gerencia-de-urbanismo-y-aumentar-el-gasto-social\/\" \/>\n<meta property=\"og:locale\" content=\"es_ES\" \/>\n<meta property=\"og:type\" content=\"article\" \/>\n<meta property=\"og:title\" content=\"El Pleno debatir\u00e1 modificaciones presupuestarias por 9 millones, que incluyen saldar la deuda de Gerencia de Urbanismo y aumentar el gasto social\" \/>\n<meta property=\"og:description\" content=\"La propuesta, que ir\u00e1 el jueves a Pleno, prev\u00e9 tambi\u00e9n 120.000 euros para equipar los espacios muse\u00edsticos del Civivox del Ensanche\" \/>\n<meta property=\"og:url\" content=\"https:\/\/www.laguiadepamplona.com\/actualidad\/el-pleno-debatira-modificaciones-presupuestarias-por-9-millones-que-incluyen-saldar-la-deuda-de-gerencia-de-urbanismo-y-aumentar-el-gasto-social\/\" \/>\n<meta property=\"og:site_name\" content=\"La Gu\u00eda de Pamplona\" \/>\n<meta property=\"article:publisher\" content=\"https:\/\/www.facebook.com\/laguiadepamplonacom-133175176762273\/?ref=hl\" \/>\n<meta property=\"article:published_time\" content=\"2025-06-30T14:31:29+00:00\" \/>\n<meta property=\"og:image\" content=\"https:\/\/www.laguiadepamplona.com\/actualidad\/wp-content\/uploads\/2024\/01\/ayuntamiento-pamplona.webp\" \/>\n\t<meta property=\"og:image:width\" content=\"1200\" \/>\n\t<meta property=\"og:image:height\" content=\"675\" \/>\n\t<meta property=\"og:image:type\" content=\"image\/webp\" \/>\n<meta name=\"author\" content=\"La Gu\u00eda de Pamplona\" \/>\n<meta name=\"twitter:card\" content=\"summary_large_image\" \/>\n<meta name=\"twitter:creator\" content=\"@LaGuiadPamplona\" \/>\n<meta name=\"twitter:site\" content=\"@LaGuiadPamplona\" \/>\n<meta name=\"twitter:label1\" content=\"Escrito por\" \/>\n\t<meta name=\"twitter:data1\" content=\"La Gu\u00eda de Pamplona\" \/>\n\t<meta name=\"twitter:label2\" content=\"Tiempo de lectura\" \/>\n\t<meta name=\"twitter:data2\" content=\"4 minutos\" \/>\n<script type=\"application\/ld+json\" class=\"yoast-schema-graph\">{\"@context\":\"https:\\\/\\\/schema.org\",\"@graph\":[{\"@type\":\"Article\",\"@id\":\"https:\\\/\\\/www.laguiadepamplona.com\\\/actualidad\\\/el-pleno-debatira-modificaciones-presupuestarias-por-9-millones-que-incluyen-saldar-la-deuda-de-gerencia-de-urbanismo-y-aumentar-el-gasto-social\\\/#article\",\"isPartOf\":{\"@id\":\"https:\\\/\\\/www.laguiadepamplona.com\\\/actualidad\\\/el-pleno-debatira-modificaciones-presupuestarias-por-9-millones-que-incluyen-saldar-la-deuda-de-gerencia-de-urbanismo-y-aumentar-el-gasto-social\\\/\"},\"author\":{\"name\":\"La Gu\u00eda de Pamplona\",\"@id\":\"https:\\\/\\\/www.laguiadepamplona.com\\\/actualidad\\\/#\\\/schema\\\/person\\\/efe887376f0213d4657c93adc50b1fdb\"},\"headline\":\"El Pleno debatir\u00e1 modificaciones presupuestarias por 9 millones, que incluyen saldar la deuda de Gerencia de Urbanismo y aumentar el gasto social\",\"datePublished\":\"2025-06-30T14:31:29+00:00\",\"mainEntityOfPage\":{\"@id\":\"https:\\\/\\\/www.laguiadepamplona.com\\\/actualidad\\\/el-pleno-debatira-modificaciones-presupuestarias-por-9-millones-que-incluyen-saldar-la-deuda-de-gerencia-de-urbanismo-y-aumentar-el-gasto-social\\\/\"},\"wordCount\":745,\"commentCount\":0,\"publisher\":{\"@id\":\"https:\\\/\\\/www.laguiadepamplona.com\\\/actualidad\\\/#organization\"},\"image\":{\"@id\":\"https:\\\/\\\/www.laguiadepamplona.com\\\/actualidad\\\/el-pleno-debatira-modificaciones-presupuestarias-por-9-millones-que-incluyen-saldar-la-deuda-de-gerencia-de-urbanismo-y-aumentar-el-gasto-social\\\/#primaryimage\"},\"thumbnailUrl\":\"https:\\\/\\\/www.laguiadepamplona.com\\\/actualidad\\\/wp-content\\\/uploads\\\/2024\\\/01\\\/ayuntamiento-pamplona.webp\",\"articleSection\":[\"Ayto Pamplona\"],\"inLanguage\":\"es\",\"potentialAction\":[{\"@type\":\"CommentAction\",\"name\":\"Comment\",\"target\":[\"https:\\\/\\\/www.laguiadepamplona.com\\\/actualidad\\\/el-pleno-debatira-modificaciones-presupuestarias-por-9-millones-que-incluyen-saldar-la-deuda-de-gerencia-de-urbanismo-y-aumentar-el-gasto-social\\\/#respond\"]}]},{\"@type\":\"WebPage\",\"@id\":\"https:\\\/\\\/www.laguiadepamplona.com\\\/actualidad\\\/el-pleno-debatira-modificaciones-presupuestarias-por-9-millones-que-incluyen-saldar-la-deuda-de-gerencia-de-urbanismo-y-aumentar-el-gasto-social\\\/\",\"url\":\"https:\\\/\\\/www.laguiadepamplona.com\\\/actualidad\\\/el-pleno-debatira-modificaciones-presupuestarias-por-9-millones-que-incluyen-saldar-la-deuda-de-gerencia-de-urbanismo-y-aumentar-el-gasto-social\\\/\",\"name\":\"El Pleno debatir\u00e1 modificaciones presupuestarias por 9 millones, que incluyen saldar la deuda de Gerencia de Urbanismo y aumentar el gasto social\",\"isPartOf\":{\"@id\":\"https:\\\/\\\/www.laguiadepamplona.com\\\/actualidad\\\/#website\"},\"primaryImageOfPage\":{\"@id\":\"https:\\\/\\\/www.laguiadepamplona.com\\\/actualidad\\\/el-pleno-debatira-modificaciones-presupuestarias-por-9-millones-que-incluyen-saldar-la-deuda-de-gerencia-de-urbanismo-y-aumentar-el-gasto-social\\\/#primaryimage\"},\"image\":{\"@id\":\"https:\\\/\\\/www.laguiadepamplona.com\\\/actualidad\\\/el-pleno-debatira-modificaciones-presupuestarias-por-9-millones-que-incluyen-saldar-la-deuda-de-gerencia-de-urbanismo-y-aumentar-el-gasto-social\\\/#primaryimage\"},\"thumbnailUrl\":\"https:\\\/\\\/www.laguiadepamplona.com\\\/actualidad\\\/wp-content\\\/uploads\\\/2024\\\/01\\\/ayuntamiento-pamplona.webp\",\"datePublished\":\"2025-06-30T14:31:29+00:00\",\"description\":\"La propuesta, que ir\u00e1 el jueves a Pleno, prev\u00e9 tambi\u00e9n 120.000 euros para equipar los espacios muse\u00edsticos del Civivox del Ensanche\",\"breadcrumb\":{\"@id\":\"https:\\\/\\\/www.laguiadepamplona.com\\\/actualidad\\\/el-pleno-debatira-modificaciones-presupuestarias-por-9-millones-que-incluyen-saldar-la-deuda-de-gerencia-de-urbanismo-y-aumentar-el-gasto-social\\\/#breadcrumb\"},\"inLanguage\":\"es\",\"potentialAction\":[{\"@type\":\"ReadAction\",\"target\":[\"https:\\\/\\\/www.laguiadepamplona.com\\\/actualidad\\\/el-pleno-debatira-modificaciones-presupuestarias-por-9-millones-que-incluyen-saldar-la-deuda-de-gerencia-de-urbanismo-y-aumentar-el-gasto-social\\\/\"]}]},{\"@type\":\"ImageObject\",\"inLanguage\":\"es\",\"@id\":\"https:\\\/\\\/www.laguiadepamplona.com\\\/actualidad\\\/el-pleno-debatira-modificaciones-presupuestarias-por-9-millones-que-incluyen-saldar-la-deuda-de-gerencia-de-urbanismo-y-aumentar-el-gasto-social\\\/#primaryimage\",\"url\":\"https:\\\/\\\/www.laguiadepamplona.com\\\/actualidad\\\/wp-content\\\/uploads\\\/2024\\\/01\\\/ayuntamiento-pamplona.webp\",\"contentUrl\":\"https:\\\/\\\/www.laguiadepamplona.com\\\/actualidad\\\/wp-content\\\/uploads\\\/2024\\\/01\\\/ayuntamiento-pamplona.webp\",\"width\":1200,\"height\":675,\"caption\":\"ayuntamiento pamplona\"},{\"@type\":\"BreadcrumbList\",\"@id\":\"https:\\\/\\\/www.laguiadepamplona.com\\\/actualidad\\\/el-pleno-debatira-modificaciones-presupuestarias-por-9-millones-que-incluyen-saldar-la-deuda-de-gerencia-de-urbanismo-y-aumentar-el-gasto-social\\\/#breadcrumb\",\"itemListElement\":[{\"@type\":\"ListItem\",\"position\":1,\"name\":\"Portada\",\"item\":\"https:\\\/\\\/www.laguiadepamplona.com\\\/actualidad\\\/\"},{\"@type\":\"ListItem\",\"position\":2,\"name\":\"El Pleno debatir\u00e1 modificaciones presupuestarias por 9 millones, que incluyen saldar la deuda de Gerencia de Urbanismo y aumentar el gasto social\"}]},{\"@type\":\"WebSite\",\"@id\":\"https:\\\/\\\/www.laguiadepamplona.com\\\/actualidad\\\/#website\",\"url\":\"https:\\\/\\\/www.laguiadepamplona.com\\\/actualidad\\\/\",\"name\":\"La gu\u00eda de Pamplona\",\"description\":\"Noticias de Pamplona\",\"publisher\":{\"@id\":\"https:\\\/\\\/www.laguiadepamplona.com\\\/actualidad\\\/#organization\"},\"potentialAction\":[{\"@type\":\"SearchAction\",\"target\":{\"@type\":\"EntryPoint\",\"urlTemplate\":\"https:\\\/\\\/www.laguiadepamplona.com\\\/actualidad\\\/?s={search_term_string}\"},\"query-input\":{\"@type\":\"PropertyValueSpecification\",\"valueRequired\":true,\"valueName\":\"search_term_string\"}}],\"inLanguage\":\"es\"},{\"@type\":\"Organization\",\"@id\":\"https:\\\/\\\/www.laguiadepamplona.com\\\/actualidad\\\/#organization\",\"name\":\"La Gu\u00eda de Pamplona \\\/ Noticias\",\"url\":\"https:\\\/\\\/www.laguiadepamplona.com\\\/actualidad\\\/\",\"logo\":{\"@type\":\"ImageObject\",\"inLanguage\":\"es\",\"@id\":\"https:\\\/\\\/www.laguiadepamplona.com\\\/actualidad\\\/#\\\/schema\\\/logo\\\/image\\\/\",\"url\":\"https:\\\/\\\/www.laguiadepamplona.com\\\/actualidad\\\/wp-content\\\/uploads\\\/2018\\\/11\\\/logo-laguiadepamplona18-web1.png\",\"contentUrl\":\"https:\\\/\\\/www.laguiadepamplona.com\\\/actualidad\\\/wp-content\\\/uploads\\\/2018\\\/11\\\/logo-laguiadepamplona18-web1.png\",\"width\":600,\"height\":196,\"caption\":\"La Gu\u00eda de Pamplona \\\/ Noticias\"},\"image\":{\"@id\":\"https:\\\/\\\/www.laguiadepamplona.com\\\/actualidad\\\/#\\\/schema\\\/logo\\\/image\\\/\"},\"sameAs\":[\"https:\\\/\\\/www.facebook.com\\\/laguiadepamplonacom-133175176762273\\\/?ref=hl\",\"https:\\\/\\\/x.com\\\/LaGuiadPamplona\",\"https:\\\/\\\/www.instagram.com\\\/la_guia_de_pamplona\\\/\",\"https:\\\/\\\/www.youtube.com\\\/user\\\/laguiadepamplona\"]},{\"@type\":\"Person\",\"@id\":\"https:\\\/\\\/www.laguiadepamplona.com\\\/actualidad\\\/#\\\/schema\\\/person\\\/efe887376f0213d4657c93adc50b1fdb\",\"name\":\"La Gu\u00eda de Pamplona\",\"image\":{\"@type\":\"ImageObject\",\"inLanguage\":\"es\",\"@id\":\"https:\\\/\\\/secure.gravatar.com\\\/avatar\\\/b6992f131dc8d30ab0dff15446e9d346d9dbd95992de0fef795073f5ea83a81c?s=96&d=mm&r=g\",\"url\":\"https:\\\/\\\/secure.gravatar.com\\\/avatar\\\/b6992f131dc8d30ab0dff15446e9d346d9dbd95992de0fef795073f5ea83a81c?s=96&d=mm&r=g\",\"contentUrl\":\"https:\\\/\\\/secure.gravatar.com\\\/avatar\\\/b6992f131dc8d30ab0dff15446e9d346d9dbd95992de0fef795073f5ea83a81c?s=96&d=mm&r=g\",\"caption\":\"La Gu\u00eda de Pamplona\"}}]}<\/script>\n<!-- \/ Yoast SEO plugin. -->","yoast_head_json":{"title":"El Pleno debatir\u00e1 modificaciones presupuestarias por 9 millones, que incluyen saldar la deuda de Gerencia de Urbanismo y aumentar el gasto social","description":"La propuesta, que ir\u00e1 el jueves a Pleno, prev\u00e9 tambi\u00e9n 120.000 euros para equipar los espacios muse\u00edsticos del Civivox del Ensanche","robots":{"index":"index","follow":"follow","max-snippet":"max-snippet:-1","max-image-preview":"max-image-preview:large","max-video-preview":"max-video-preview:-1"},"canonical":"https:\/\/www.laguiadepamplona.com\/actualidad\/el-pleno-debatira-modificaciones-presupuestarias-por-9-millones-que-incluyen-saldar-la-deuda-de-gerencia-de-urbanismo-y-aumentar-el-gasto-social\/","og_locale":"es_ES","og_type":"article","og_title":"El Pleno debatir\u00e1 modificaciones presupuestarias por 9 millones, que incluyen saldar la deuda de Gerencia de Urbanismo y aumentar el gasto social","og_description":"La propuesta, que ir\u00e1 el jueves a Pleno, prev\u00e9 tambi\u00e9n 120.000 euros para equipar los espacios muse\u00edsticos del Civivox del Ensanche","og_url":"https:\/\/www.laguiadepamplona.com\/actualidad\/el-pleno-debatira-modificaciones-presupuestarias-por-9-millones-que-incluyen-saldar-la-deuda-de-gerencia-de-urbanismo-y-aumentar-el-gasto-social\/","og_site_name":"La Gu\u00eda de Pamplona","article_publisher":"https:\/\/www.facebook.com\/laguiadepamplonacom-133175176762273\/?ref=hl","article_published_time":"2025-06-30T14:31:29+00:00","og_image":[{"width":1200,"height":675,"url":"https:\/\/www.laguiadepamplona.com\/actualidad\/wp-content\/uploads\/2024\/01\/ayuntamiento-pamplona.webp","type":"image\/webp"}],"author":"La Gu\u00eda de Pamplona","twitter_card":"summary_large_image","twitter_creator":"@LaGuiadPamplona","twitter_site":"@LaGuiadPamplona","twitter_misc":{"Escrito por":"La Gu\u00eda de Pamplona","Tiempo de lectura":"4 minutos"},"schema":{"@context":"https:\/\/schema.org","@graph":[{"@type":"Article","@id":"https:\/\/www.laguiadepamplona.com\/actualidad\/el-pleno-debatira-modificaciones-presupuestarias-por-9-millones-que-incluyen-saldar-la-deuda-de-gerencia-de-urbanismo-y-aumentar-el-gasto-social\/#article","isPartOf":{"@id":"https:\/\/www.laguiadepamplona.com\/actualidad\/el-pleno-debatira-modificaciones-presupuestarias-por-9-millones-que-incluyen-saldar-la-deuda-de-gerencia-de-urbanismo-y-aumentar-el-gasto-social\/"},"author":{"name":"La Gu\u00eda de Pamplona","@id":"https:\/\/www.laguiadepamplona.com\/actualidad\/#\/schema\/person\/efe887376f0213d4657c93adc50b1fdb"},"headline":"El Pleno debatir\u00e1 modificaciones presupuestarias por 9 millones, que incluyen saldar la deuda de Gerencia de Urbanismo y aumentar el gasto social","datePublished":"2025-06-30T14:31:29+00:00","mainEntityOfPage":{"@id":"https:\/\/www.laguiadepamplona.com\/actualidad\/el-pleno-debatira-modificaciones-presupuestarias-por-9-millones-que-incluyen-saldar-la-deuda-de-gerencia-de-urbanismo-y-aumentar-el-gasto-social\/"},"wordCount":745,"commentCount":0,"publisher":{"@id":"https:\/\/www.laguiadepamplona.com\/actualidad\/#organization"},"image":{"@id":"https:\/\/www.laguiadepamplona.com\/actualidad\/el-pleno-debatira-modificaciones-presupuestarias-por-9-millones-que-incluyen-saldar-la-deuda-de-gerencia-de-urbanismo-y-aumentar-el-gasto-social\/#primaryimage"},"thumbnailUrl":"https:\/\/www.laguiadepamplona.com\/actualidad\/wp-content\/uploads\/2024\/01\/ayuntamiento-pamplona.webp","articleSection":["Ayto Pamplona"],"inLanguage":"es","potentialAction":[{"@type":"CommentAction","name":"Comment","target":["https:\/\/www.laguiadepamplona.com\/actualidad\/el-pleno-debatira-modificaciones-presupuestarias-por-9-millones-que-incluyen-saldar-la-deuda-de-gerencia-de-urbanismo-y-aumentar-el-gasto-social\/#respond"]}]},{"@type":"WebPage","@id":"https:\/\/www.laguiadepamplona.com\/actualidad\/el-pleno-debatira-modificaciones-presupuestarias-por-9-millones-que-incluyen-saldar-la-deuda-de-gerencia-de-urbanismo-y-aumentar-el-gasto-social\/","url":"https:\/\/www.laguiadepamplona.com\/actualidad\/el-pleno-debatira-modificaciones-presupuestarias-por-9-millones-que-incluyen-saldar-la-deuda-de-gerencia-de-urbanismo-y-aumentar-el-gasto-social\/","name":"El Pleno debatir\u00e1 modificaciones presupuestarias por 9 millones, que incluyen saldar la deuda de Gerencia de Urbanismo y aumentar el gasto social","isPartOf":{"@id":"https:\/\/www.laguiadepamplona.com\/actualidad\/#website"},"primaryImageOfPage":{"@id":"https:\/\/www.laguiadepamplona.com\/actualidad\/el-pleno-debatira-modificaciones-presupuestarias-por-9-millones-que-incluyen-saldar-la-deuda-de-gerencia-de-urbanismo-y-aumentar-el-gasto-social\/#primaryimage"},"image":{"@id":"https:\/\/www.laguiadepamplona.com\/actualidad\/el-pleno-debatira-modificaciones-presupuestarias-por-9-millones-que-incluyen-saldar-la-deuda-de-gerencia-de-urbanismo-y-aumentar-el-gasto-social\/#primaryimage"},"thumbnailUrl":"https:\/\/www.laguiadepamplona.com\/actualidad\/wp-content\/uploads\/2024\/01\/ayuntamiento-pamplona.webp","datePublished":"2025-06-30T14:31:29+00:00","description":"La propuesta, que ir\u00e1 el jueves a Pleno, prev\u00e9 tambi\u00e9n 120.000 euros para equipar los espacios muse\u00edsticos del Civivox del Ensanche","breadcrumb":{"@id":"https:\/\/www.laguiadepamplona.com\/actualidad\/el-pleno-debatira-modificaciones-presupuestarias-por-9-millones-que-incluyen-saldar-la-deuda-de-gerencia-de-urbanismo-y-aumentar-el-gasto-social\/#breadcrumb"},"inLanguage":"es","potentialAction":[{"@type":"ReadAction","target":["https:\/\/www.laguiadepamplona.com\/actualidad\/el-pleno-debatira-modificaciones-presupuestarias-por-9-millones-que-incluyen-saldar-la-deuda-de-gerencia-de-urbanismo-y-aumentar-el-gasto-social\/"]}]},{"@type":"ImageObject","inLanguage":"es","@id":"https:\/\/www.laguiadepamplona.com\/actualidad\/el-pleno-debatira-modificaciones-presupuestarias-por-9-millones-que-incluyen-saldar-la-deuda-de-gerencia-de-urbanismo-y-aumentar-el-gasto-social\/#primaryimage","url":"https:\/\/www.laguiadepamplona.com\/actualidad\/wp-content\/uploads\/2024\/01\/ayuntamiento-pamplona.webp","contentUrl":"https:\/\/www.laguiadepamplona.com\/actualidad\/wp-content\/uploads\/2024\/01\/ayuntamiento-pamplona.webp","width":1200,"height":675,"caption":"ayuntamiento pamplona"},{"@type":"BreadcrumbList","@id":"https:\/\/www.laguiadepamplona.com\/actualidad\/el-pleno-debatira-modificaciones-presupuestarias-por-9-millones-que-incluyen-saldar-la-deuda-de-gerencia-de-urbanismo-y-aumentar-el-gasto-social\/#breadcrumb","itemListElement":[{"@type":"ListItem","position":1,"name":"Portada","item":"https:\/\/www.laguiadepamplona.com\/actualidad\/"},{"@type":"ListItem","position":2,"name":"El Pleno debatir\u00e1 modificaciones presupuestarias por 9 millones, que incluyen saldar la deuda de Gerencia de Urbanismo y aumentar el gasto social"}]},{"@type":"WebSite","@id":"https:\/\/www.laguiadepamplona.com\/actualidad\/#website","url":"https:\/\/www.laguiadepamplona.com\/actualidad\/","name":"La gu\u00eda de Pamplona","description":"Noticias de Pamplona","publisher":{"@id":"https:\/\/www.laguiadepamplona.com\/actualidad\/#organization"},"potentialAction":[{"@type":"SearchAction","target":{"@type":"EntryPoint","urlTemplate":"https:\/\/www.laguiadepamplona.com\/actualidad\/?s={search_term_string}"},"query-input":{"@type":"PropertyValueSpecification","valueRequired":true,"valueName":"search_term_string"}}],"inLanguage":"es"},{"@type":"Organization","@id":"https:\/\/www.laguiadepamplona.com\/actualidad\/#organization","name":"La Gu\u00eda de Pamplona \/ Noticias","url":"https:\/\/www.laguiadepamplona.com\/actualidad\/","logo":{"@type":"ImageObject","inLanguage":"es","@id":"https:\/\/www.laguiadepamplona.com\/actualidad\/#\/schema\/logo\/image\/","url":"https:\/\/www.laguiadepamplona.com\/actualidad\/wp-content\/uploads\/2018\/11\/logo-laguiadepamplona18-web1.png","contentUrl":"https:\/\/www.laguiadepamplona.com\/actualidad\/wp-content\/uploads\/2018\/11\/logo-laguiadepamplona18-web1.png","width":600,"height":196,"caption":"La Gu\u00eda de Pamplona \/ Noticias"},"image":{"@id":"https:\/\/www.laguiadepamplona.com\/actualidad\/#\/schema\/logo\/image\/"},"sameAs":["https:\/\/www.facebook.com\/laguiadepamplonacom-133175176762273\/?ref=hl","https:\/\/x.com\/LaGuiadPamplona","https:\/\/www.instagram.com\/la_guia_de_pamplona\/","https:\/\/www.youtube.com\/user\/laguiadepamplona"]},{"@type":"Person","@id":"https:\/\/www.laguiadepamplona.com\/actualidad\/#\/schema\/person\/efe887376f0213d4657c93adc50b1fdb","name":"La Gu\u00eda de Pamplona","image":{"@type":"ImageObject","inLanguage":"es","@id":"https:\/\/secure.gravatar.com\/avatar\/b6992f131dc8d30ab0dff15446e9d346d9dbd95992de0fef795073f5ea83a81c?s=96&d=mm&r=g","url":"https:\/\/secure.gravatar.com\/avatar\/b6992f131dc8d30ab0dff15446e9d346d9dbd95992de0fef795073f5ea83a81c?s=96&d=mm&r=g","contentUrl":"https:\/\/secure.gravatar.com\/avatar\/b6992f131dc8d30ab0dff15446e9d346d9dbd95992de0fef795073f5ea83a81c?s=96&d=mm&r=g","caption":"La Gu\u00eda de Pamplona"}}]}},"post_mailing_queue_ids":[],"_links":{"self":[{"href":"https:\/\/www.laguiadepamplona.com\/actualidad\/wp-json\/wp\/v2\/posts\/53304","targetHints":{"allow":["GET"]}}],"collection":[{"href":"https:\/\/www.laguiadepamplona.com\/actualidad\/wp-json\/wp\/v2\/posts"}],"about":[{"href":"https:\/\/www.laguiadepamplona.com\/actualidad\/wp-json\/wp\/v2\/types\/post"}],"author":[{"embeddable":true,"href":"https:\/\/www.laguiadepamplona.com\/actualidad\/wp-json\/wp\/v2\/users\/1"}],"replies":[{"embeddable":true,"href":"https:\/\/www.laguiadepamplona.com\/actualidad\/wp-json\/wp\/v2\/comments?post=53304"}],"version-history":[{"count":1,"href":"https:\/\/www.laguiadepamplona.com\/actualidad\/wp-json\/wp\/v2\/posts\/53304\/revisions"}],"predecessor-version":[{"id":53305,"href":"https:\/\/www.laguiadepamplona.com\/actualidad\/wp-json\/wp\/v2\/posts\/53304\/revisions\/53305"}],"wp:featuredmedia":[{"embeddable":true,"href":"https:\/\/www.laguiadepamplona.com\/actualidad\/wp-json\/wp\/v2\/media\/48503"}],"wp:attachment":[{"href":"https:\/\/www.laguiadepamplona.com\/actualidad\/wp-json\/wp\/v2\/media?parent=53304"}],"wp:term":[{"taxonomy":"category","embeddable":true,"href":"https:\/\/www.laguiadepamplona.com\/actualidad\/wp-json\/wp\/v2\/categories?post=53304"},{"taxonomy":"post_tag","embeddable":true,"href":"https:\/\/www.laguiadepamplona.com\/actualidad\/wp-json\/wp\/v2\/tags?post=53304"}],"curies":[{"name":"wp","href":"https:\/\/api.w.org\/{rel}","templated":true}]}}