{"id":533,"date":"2014-02-20T12:46:35","date_gmt":"2014-02-20T11:46:35","guid":{"rendered":"http:\/\/laguiadepamplona.es\/noticias\/?p=533"},"modified":"2014-02-20T12:46:35","modified_gmt":"2014-02-20T11:46:35","slug":"la-artista-navarra-asun-requena-presenta-en-3565r-una-seleccion-de-pinturas-centradas-en-la-figura-de-la-mujer-y-en-el-uso-del-color-rojo","status":"publish","type":"post","link":"https:\/\/www.laguiadepamplona.com\/actualidad\/la-artista-navarra-asun-requena-presenta-en-3565r-una-seleccion-de-pinturas-centradas-en-la-figura-de-la-mujer-y-en-el-uso-del-color-rojo\/","title":{"rendered":"La artista navarra Asun Requena presenta en \u20183565R\u2019 una selecci\u00f3n de pinturas centradas en la figura de la mujer y en el uso del color rojo"},"content":{"rendered":"<h6>La exposici\u00f3n permanecer\u00e1 abierta al p\u00fablico en el edificio del Polvor\u00edn de la Ciudadela desde ma\u00f1ana viernes hasta el d\u00eda 6 de abril<\/h6>\n<p><a href=\"http:\/\/laguiadepamplona.es\/noticias\/wp-content\/uploads\/2014\/02\/3560RAsun-RequenaZ.jpg\"><img loading=\"lazy\" decoding=\"async\" class=\"alignleft size-medium wp-image-534\" alt=\"3560RAsun RequenaZ\" src=\"http:\/\/laguiadepamplona.es\/noticias\/wp-content\/uploads\/2014\/02\/3560RAsun-RequenaZ-297x300.jpg\" width=\"297\" height=\"300\" \/><\/a>Asun Requena ha presentado hoy en Ciudadela la exposici\u00f3n \u20183565R\u2019, un conjunto de pinturas que giran en torno a dos ejes principales: la figura de la mujer y el color base rojo bermell\u00f3n que utiliza y que da precisamente nombre a la muestra. La artista refleja en su trabajo la evoluci\u00f3n de la representaci\u00f3n de la mujer en la Historia del Arte, con obras que transmiten su personal interpretaci\u00f3n de cuadros como \u2018Las meninas\u2019 o \u2018La Venus del espejo\u2019 de Vel\u00e1zquez, el \u2018Guernica\u2019 de Picasso o retratos como \u2018La Gioconda\u2019, \u2018La joven de la perla\u2019, \u2018La dama del armi\u00f1o\u2019 o \u2018La Gloria\u2019.<\/p>\n<p>Su trabajo constituye un estudio exhaustivo de la composici\u00f3n y el color, y comprende adem\u00e1s un retrato donde aparecen las mujeres de su familia basado en una obra de Manuel de las Casas, as\u00ed como una serie de lienzos de gran colorido a los que da nombre nuevamente el tono 3565, con los que se acerca al campo de la abstracci\u00f3n. La muestra, que podr\u00e1 visitarse hasta el pr\u00f3ximo 6 de abril en el edificio del Polvor\u00edn, se completa con objetos que la artista \u2018tunea\u2019 con una finalidad l\u00fadica, como por ejemplo unos zuecos de pl\u00e1stico y unos \u2018gatos de la suerte\u2019 de pol\u00edmero y metal decorados con t\u00e9cnica mixta.<\/p>\n<p>Junto a la exposici\u00f3n, se han programado dos actividades formativas abiertas al p\u00fablico. Por un lado, el s\u00e1bado 1 de marzo est\u00e1 previsto a las 18.30 horas un encuentro titulado \u2018El proceso creativo\u2019, en el que Asun Requena realizar\u00e1 una visita guiada por la muestra. Por otro lado, el s\u00e1bado 8 de marzo se llevar\u00e1 a cabo un taller infantil en dos sesiones de entrada libre, a las 11 y a las 12.30 horas. Todos los detalles han sido explicados esta ma\u00f1ana en rueda de prensa por el concejal delegado de Educaci\u00f3n y Cultura, Ferm\u00edn Alonso, que ha estado acompa\u00f1ado por la comisaria de la muestra, Aitziber Urtasun, y por la propia artista.<\/p>\n<p><strong>L\u00edneas, manchas y color<\/strong><\/p>\n<p>El arte es para Asun Requena \u201cuna necesidad\u201d, y utiliza distintos canales para expresarlo, como la escritura, la escultura o la fotograf\u00eda, aunque ella misma reconoce que la pintura es para ella \u201csu gran amor\u201d. La artista sit\u00faa el origen de esta exposici\u00f3n en Albarrac\u00edn en cuanto a selecci\u00f3n crom\u00e1tica se refiere, y destaca el dibujo de l\u00ednea junto a la mancha y el color como principales caracter\u00edsticas de unas obras en las que evoluciona de la figuraci\u00f3n a la abstracci\u00f3n.<\/p>\n<p>En palabras de la comisaria de la exposici\u00f3n, Aitziber Urtasun, la elecci\u00f3n de este color rojo que utiliza \u201cresulta natural si analizamos la figura de la artista, ya que muestra vivencias personales que desnudan a una mujer fuerte, valiente, vehemente y apasionada\u201d. \u201cEl rojo es tierra\u201d, apunta, \u201cpero tambi\u00e9n es sangre, maternidad, vida, muerte, labios carnosos y sensualidad. Y desde esa mujer surgen muchas mujeres que se transforman al mirar\u201d.<\/p>\n<p><strong>Trayectoria y Festival Miradas de Mujeres<\/strong><\/p>\n<p>La artista navarra Asun Requena, licenciada en Bellas Artes, comenz\u00f3 a pintar desde muy ni\u00f1a, y desarrolla su actividad profesional a caballo entre Pamplona y Tafalla. Adem\u00e1s trabaja actualmente en varios proyectos en Madrid, Alemania, \u00c1msterdam y Estados Unidos, y ha participado en exposiciones tanto colectivas como individuales en lugares como Madrid, Barcelona, Toledo, Nueva York o Jap\u00f3n.<\/p>\n<p>Su exposici\u00f3n \u20183565R\u2019 es la primera propuesta del Festival Miradas de Mujeres, que est\u00e1 coordinado en Navarra por Marta Prieto. Esta iniciativa, que se desarrolla simult\u00e1neamente en toda Espa\u00f1a desde 2012, propone durante el mes de marzo una completa programaci\u00f3n art\u00edstica que incluye exposiciones, eventos y otras actividades con el objetivo de difundir y visibilizar el papel de la mujer dentro de todos los \u00e1mbitos profesionales de las artes visuales, desde la creaci\u00f3n art\u00edstica al comisariado, la cr\u00edtica, la investigaci\u00f3n y la gesti\u00f3n. El festival est\u00e1 organizado por Mujeres en las Artes Visuales (MAV), una asociaci\u00f3n interprofesional y de \u00e1mbito estatal sin \u00e1nimo de lucro formada por 400 profesionales en el sector de las artes pl\u00e1sticas en Espa\u00f1a.<\/p>\n<p>&nbsp;<\/p>\n<div>\n<p><strong>Exposici\u00f3n<\/strong><\/p>\n<\/div>\n<ul>\n<li><b>T\u00edtulo<\/b>: \u20183565R\u2019<\/li>\n<li><b>Autora:<\/b> Asun Requena<\/li>\n<li><b>Lugar:<\/b> Polvor\u00edn de la Ciudadela<\/li>\n<li><b>Fechas:<\/b> del 21 de febrero al 6 de abril, de martes a viernes de 18 a 20.30 horas, s\u00e1bados de 12 a 14 y de 18 a 20.30 horas, y domingos y festivos de 12 a 14 horas<\/li>\n<li><b>Actividades complementarias:<\/b>\n<ul>\n<li>Visita guiada \u2018El proceso creativo\u2019: 1 de marzo a las 18.30 horas<\/li>\n<li>Taller infantil: 8 de marzo, a las 11 y 12.15 horas<\/li>\n<\/ul>\n<\/li>\n<\/ul>\n<p>&nbsp;<\/p>\n","protected":false},"excerpt":{"rendered":"<p>La exposici\u00f3n permanecer\u00e1 abierta al p\u00fablico en el edificio del Polvor\u00edn de la Ciudadela desde ma\u00f1ana viernes hasta el d\u00eda 6 de abril Asun Requena ha presentado hoy en Ciudadela&#8230;<\/p>\n","protected":false},"author":1,"featured_media":534,"comment_status":"open","ping_status":"open","sticky":false,"template":"","format":"standard","meta":{"footnotes":""},"categories":[2],"tags":[316,5,317,6,8,9],"class_list":["post-533","post","type-post","status-publish","format-standard","has-post-thumbnail","hentry","category-ayuntamiento-pamplona","tag-3565r","tag-actualidad","tag-asun-requena","tag-ayto-pamplona","tag-noticias","tag-pamplona"],"yoast_head":"<!-- This site is optimized with the Yoast SEO plugin v27.5 - https:\/\/yoast.com\/product\/yoast-seo-wordpress\/ -->\n<title>La artista navarra Asun Requena presenta en \u20183565R\u2019 una selecci\u00f3n de pinturas centradas en la figura de la mujer y en el uso del color rojo<\/title>\n<meta name=\"robots\" content=\"index, follow, max-snippet:-1, max-image-preview:large, max-video-preview:-1\" \/>\n<link rel=\"canonical\" href=\"https:\/\/www.laguiadepamplona.com\/actualidad\/la-artista-navarra-asun-requena-presenta-en-3565r-una-seleccion-de-pinturas-centradas-en-la-figura-de-la-mujer-y-en-el-uso-del-color-rojo\/\" \/>\n<meta property=\"og:locale\" content=\"es_ES\" \/>\n<meta property=\"og:type\" content=\"article\" \/>\n<meta property=\"og:title\" content=\"La artista navarra Asun Requena presenta en \u20183565R\u2019 una selecci\u00f3n de pinturas centradas en la figura de la mujer y en el uso del color rojo\" \/>\n<meta property=\"og:description\" content=\"La exposici\u00f3n permanecer\u00e1 abierta al p\u00fablico en el edificio del Polvor\u00edn de la Ciudadela desde ma\u00f1ana viernes hasta el d\u00eda 6 de abril Asun Requena ha presentado hoy en Ciudadela...\" \/>\n<meta property=\"og:url\" content=\"https:\/\/www.laguiadepamplona.com\/actualidad\/la-artista-navarra-asun-requena-presenta-en-3565r-una-seleccion-de-pinturas-centradas-en-la-figura-de-la-mujer-y-en-el-uso-del-color-rojo\/\" \/>\n<meta property=\"og:site_name\" content=\"La Gu\u00eda de Pamplona\" \/>\n<meta property=\"article:publisher\" content=\"https:\/\/www.facebook.com\/laguiadepamplonacom-133175176762273\/?ref=hl\" \/>\n<meta property=\"article:published_time\" content=\"2014-02-20T11:46:35+00:00\" \/>\n<meta name=\"author\" content=\"La Gu\u00eda de Pamplona\" \/>\n<meta name=\"twitter:card\" content=\"summary_large_image\" \/>\n<meta name=\"twitter:creator\" content=\"@LaGuiadPamplona\" \/>\n<meta name=\"twitter:site\" content=\"@LaGuiadPamplona\" \/>\n<meta name=\"twitter:label1\" content=\"Escrito por\" \/>\n\t<meta name=\"twitter:data1\" content=\"La Gu\u00eda de Pamplona\" \/>\n\t<meta name=\"twitter:label2\" content=\"Tiempo de lectura\" \/>\n\t<meta name=\"twitter:data2\" content=\"4 minutos\" \/>\n<script type=\"application\/ld+json\" class=\"yoast-schema-graph\">{\"@context\":\"https:\\\/\\\/schema.org\",\"@graph\":[{\"@type\":\"Article\",\"@id\":\"https:\\\/\\\/www.laguiadepamplona.com\\\/actualidad\\\/la-artista-navarra-asun-requena-presenta-en-3565r-una-seleccion-de-pinturas-centradas-en-la-figura-de-la-mujer-y-en-el-uso-del-color-rojo\\\/#article\",\"isPartOf\":{\"@id\":\"https:\\\/\\\/www.laguiadepamplona.com\\\/actualidad\\\/la-artista-navarra-asun-requena-presenta-en-3565r-una-seleccion-de-pinturas-centradas-en-la-figura-de-la-mujer-y-en-el-uso-del-color-rojo\\\/\"},\"author\":{\"name\":\"La Gu\u00eda de Pamplona\",\"@id\":\"https:\\\/\\\/www.laguiadepamplona.com\\\/actualidad\\\/#\\\/schema\\\/person\\\/efe887376f0213d4657c93adc50b1fdb\"},\"headline\":\"La artista navarra Asun Requena presenta en \u20183565R\u2019 una selecci\u00f3n de pinturas centradas en la figura de la mujer y en el uso del color rojo\",\"datePublished\":\"2014-02-20T11:46:35+00:00\",\"mainEntityOfPage\":{\"@id\":\"https:\\\/\\\/www.laguiadepamplona.com\\\/actualidad\\\/la-artista-navarra-asun-requena-presenta-en-3565r-una-seleccion-de-pinturas-centradas-en-la-figura-de-la-mujer-y-en-el-uso-del-color-rojo\\\/\"},\"wordCount\":826,\"commentCount\":0,\"publisher\":{\"@id\":\"https:\\\/\\\/www.laguiadepamplona.com\\\/actualidad\\\/#organization\"},\"image\":{\"@id\":\"https:\\\/\\\/www.laguiadepamplona.com\\\/actualidad\\\/la-artista-navarra-asun-requena-presenta-en-3565r-una-seleccion-de-pinturas-centradas-en-la-figura-de-la-mujer-y-en-el-uso-del-color-rojo\\\/#primaryimage\"},\"thumbnailUrl\":\"\",\"keywords\":[\"3565R\",\"actualidad\",\"Asun Requena\",\"ayto pamplona\",\"noticias\",\"pamplona\"],\"articleSection\":[\"Ayto Pamplona\"],\"inLanguage\":\"es\",\"potentialAction\":[{\"@type\":\"CommentAction\",\"name\":\"Comment\",\"target\":[\"https:\\\/\\\/www.laguiadepamplona.com\\\/actualidad\\\/la-artista-navarra-asun-requena-presenta-en-3565r-una-seleccion-de-pinturas-centradas-en-la-figura-de-la-mujer-y-en-el-uso-del-color-rojo\\\/#respond\"]}]},{\"@type\":\"WebPage\",\"@id\":\"https:\\\/\\\/www.laguiadepamplona.com\\\/actualidad\\\/la-artista-navarra-asun-requena-presenta-en-3565r-una-seleccion-de-pinturas-centradas-en-la-figura-de-la-mujer-y-en-el-uso-del-color-rojo\\\/\",\"url\":\"https:\\\/\\\/www.laguiadepamplona.com\\\/actualidad\\\/la-artista-navarra-asun-requena-presenta-en-3565r-una-seleccion-de-pinturas-centradas-en-la-figura-de-la-mujer-y-en-el-uso-del-color-rojo\\\/\",\"name\":\"La artista navarra Asun Requena presenta en \u20183565R\u2019 una selecci\u00f3n de pinturas centradas en la figura de la mujer y en el uso del color rojo\",\"isPartOf\":{\"@id\":\"https:\\\/\\\/www.laguiadepamplona.com\\\/actualidad\\\/#website\"},\"primaryImageOfPage\":{\"@id\":\"https:\\\/\\\/www.laguiadepamplona.com\\\/actualidad\\\/la-artista-navarra-asun-requena-presenta-en-3565r-una-seleccion-de-pinturas-centradas-en-la-figura-de-la-mujer-y-en-el-uso-del-color-rojo\\\/#primaryimage\"},\"image\":{\"@id\":\"https:\\\/\\\/www.laguiadepamplona.com\\\/actualidad\\\/la-artista-navarra-asun-requena-presenta-en-3565r-una-seleccion-de-pinturas-centradas-en-la-figura-de-la-mujer-y-en-el-uso-del-color-rojo\\\/#primaryimage\"},\"thumbnailUrl\":\"\",\"datePublished\":\"2014-02-20T11:46:35+00:00\",\"breadcrumb\":{\"@id\":\"https:\\\/\\\/www.laguiadepamplona.com\\\/actualidad\\\/la-artista-navarra-asun-requena-presenta-en-3565r-una-seleccion-de-pinturas-centradas-en-la-figura-de-la-mujer-y-en-el-uso-del-color-rojo\\\/#breadcrumb\"},\"inLanguage\":\"es\",\"potentialAction\":[{\"@type\":\"ReadAction\",\"target\":[\"https:\\\/\\\/www.laguiadepamplona.com\\\/actualidad\\\/la-artista-navarra-asun-requena-presenta-en-3565r-una-seleccion-de-pinturas-centradas-en-la-figura-de-la-mujer-y-en-el-uso-del-color-rojo\\\/\"]}]},{\"@type\":\"ImageObject\",\"inLanguage\":\"es\",\"@id\":\"https:\\\/\\\/www.laguiadepamplona.com\\\/actualidad\\\/la-artista-navarra-asun-requena-presenta-en-3565r-una-seleccion-de-pinturas-centradas-en-la-figura-de-la-mujer-y-en-el-uso-del-color-rojo\\\/#primaryimage\",\"url\":\"\",\"contentUrl\":\"\"},{\"@type\":\"BreadcrumbList\",\"@id\":\"https:\\\/\\\/www.laguiadepamplona.com\\\/actualidad\\\/la-artista-navarra-asun-requena-presenta-en-3565r-una-seleccion-de-pinturas-centradas-en-la-figura-de-la-mujer-y-en-el-uso-del-color-rojo\\\/#breadcrumb\",\"itemListElement\":[{\"@type\":\"ListItem\",\"position\":1,\"name\":\"Portada\",\"item\":\"https:\\\/\\\/www.laguiadepamplona.com\\\/actualidad\\\/\"},{\"@type\":\"ListItem\",\"position\":2,\"name\":\"La artista navarra Asun Requena presenta en \u20183565R\u2019 una selecci\u00f3n de pinturas centradas en la figura de la mujer y en el uso del color rojo\"}]},{\"@type\":\"WebSite\",\"@id\":\"https:\\\/\\\/www.laguiadepamplona.com\\\/actualidad\\\/#website\",\"url\":\"https:\\\/\\\/www.laguiadepamplona.com\\\/actualidad\\\/\",\"name\":\"La gu\u00eda de Pamplona\",\"description\":\"Noticias de Pamplona\",\"publisher\":{\"@id\":\"https:\\\/\\\/www.laguiadepamplona.com\\\/actualidad\\\/#organization\"},\"potentialAction\":[{\"@type\":\"SearchAction\",\"target\":{\"@type\":\"EntryPoint\",\"urlTemplate\":\"https:\\\/\\\/www.laguiadepamplona.com\\\/actualidad\\\/?s={search_term_string}\"},\"query-input\":{\"@type\":\"PropertyValueSpecification\",\"valueRequired\":true,\"valueName\":\"search_term_string\"}}],\"inLanguage\":\"es\"},{\"@type\":\"Organization\",\"@id\":\"https:\\\/\\\/www.laguiadepamplona.com\\\/actualidad\\\/#organization\",\"name\":\"La Gu\u00eda de Pamplona \\\/ Noticias\",\"url\":\"https:\\\/\\\/www.laguiadepamplona.com\\\/actualidad\\\/\",\"logo\":{\"@type\":\"ImageObject\",\"inLanguage\":\"es\",\"@id\":\"https:\\\/\\\/www.laguiadepamplona.com\\\/actualidad\\\/#\\\/schema\\\/logo\\\/image\\\/\",\"url\":\"https:\\\/\\\/www.laguiadepamplona.com\\\/actualidad\\\/wp-content\\\/uploads\\\/2018\\\/11\\\/logo-laguiadepamplona18-web1.png\",\"contentUrl\":\"https:\\\/\\\/www.laguiadepamplona.com\\\/actualidad\\\/wp-content\\\/uploads\\\/2018\\\/11\\\/logo-laguiadepamplona18-web1.png\",\"width\":600,\"height\":196,\"caption\":\"La Gu\u00eda de Pamplona \\\/ Noticias\"},\"image\":{\"@id\":\"https:\\\/\\\/www.laguiadepamplona.com\\\/actualidad\\\/#\\\/schema\\\/logo\\\/image\\\/\"},\"sameAs\":[\"https:\\\/\\\/www.facebook.com\\\/laguiadepamplonacom-133175176762273\\\/?ref=hl\",\"https:\\\/\\\/x.com\\\/LaGuiadPamplona\",\"https:\\\/\\\/www.instagram.com\\\/la_guia_de_pamplona\\\/\",\"https:\\\/\\\/www.youtube.com\\\/user\\\/laguiadepamplona\"]},{\"@type\":\"Person\",\"@id\":\"https:\\\/\\\/www.laguiadepamplona.com\\\/actualidad\\\/#\\\/schema\\\/person\\\/efe887376f0213d4657c93adc50b1fdb\",\"name\":\"La Gu\u00eda de Pamplona\",\"image\":{\"@type\":\"ImageObject\",\"inLanguage\":\"es\",\"@id\":\"https:\\\/\\\/secure.gravatar.com\\\/avatar\\\/b6992f131dc8d30ab0dff15446e9d346d9dbd95992de0fef795073f5ea83a81c?s=96&d=mm&r=g\",\"url\":\"https:\\\/\\\/secure.gravatar.com\\\/avatar\\\/b6992f131dc8d30ab0dff15446e9d346d9dbd95992de0fef795073f5ea83a81c?s=96&d=mm&r=g\",\"contentUrl\":\"https:\\\/\\\/secure.gravatar.com\\\/avatar\\\/b6992f131dc8d30ab0dff15446e9d346d9dbd95992de0fef795073f5ea83a81c?s=96&d=mm&r=g\",\"caption\":\"La Gu\u00eda de Pamplona\"}}]}<\/script>\n<!-- \/ Yoast SEO plugin. -->","yoast_head_json":{"title":"La artista navarra Asun Requena presenta en \u20183565R\u2019 una selecci\u00f3n de pinturas centradas en la figura de la mujer y en el uso del color rojo","robots":{"index":"index","follow":"follow","max-snippet":"max-snippet:-1","max-image-preview":"max-image-preview:large","max-video-preview":"max-video-preview:-1"},"canonical":"https:\/\/www.laguiadepamplona.com\/actualidad\/la-artista-navarra-asun-requena-presenta-en-3565r-una-seleccion-de-pinturas-centradas-en-la-figura-de-la-mujer-y-en-el-uso-del-color-rojo\/","og_locale":"es_ES","og_type":"article","og_title":"La artista navarra Asun Requena presenta en \u20183565R\u2019 una selecci\u00f3n de pinturas centradas en la figura de la mujer y en el uso del color rojo","og_description":"La exposici\u00f3n permanecer\u00e1 abierta al p\u00fablico en el edificio del Polvor\u00edn de la Ciudadela desde ma\u00f1ana viernes hasta el d\u00eda 6 de abril Asun Requena ha presentado hoy en Ciudadela...","og_url":"https:\/\/www.laguiadepamplona.com\/actualidad\/la-artista-navarra-asun-requena-presenta-en-3565r-una-seleccion-de-pinturas-centradas-en-la-figura-de-la-mujer-y-en-el-uso-del-color-rojo\/","og_site_name":"La Gu\u00eda de Pamplona","article_publisher":"https:\/\/www.facebook.com\/laguiadepamplonacom-133175176762273\/?ref=hl","article_published_time":"2014-02-20T11:46:35+00:00","author":"La Gu\u00eda de Pamplona","twitter_card":"summary_large_image","twitter_creator":"@LaGuiadPamplona","twitter_site":"@LaGuiadPamplona","twitter_misc":{"Escrito por":"La Gu\u00eda de Pamplona","Tiempo de lectura":"4 minutos"},"schema":{"@context":"https:\/\/schema.org","@graph":[{"@type":"Article","@id":"https:\/\/www.laguiadepamplona.com\/actualidad\/la-artista-navarra-asun-requena-presenta-en-3565r-una-seleccion-de-pinturas-centradas-en-la-figura-de-la-mujer-y-en-el-uso-del-color-rojo\/#article","isPartOf":{"@id":"https:\/\/www.laguiadepamplona.com\/actualidad\/la-artista-navarra-asun-requena-presenta-en-3565r-una-seleccion-de-pinturas-centradas-en-la-figura-de-la-mujer-y-en-el-uso-del-color-rojo\/"},"author":{"name":"La Gu\u00eda de Pamplona","@id":"https:\/\/www.laguiadepamplona.com\/actualidad\/#\/schema\/person\/efe887376f0213d4657c93adc50b1fdb"},"headline":"La artista navarra Asun Requena presenta en \u20183565R\u2019 una selecci\u00f3n de pinturas centradas en la figura de la mujer y en el uso del color rojo","datePublished":"2014-02-20T11:46:35+00:00","mainEntityOfPage":{"@id":"https:\/\/www.laguiadepamplona.com\/actualidad\/la-artista-navarra-asun-requena-presenta-en-3565r-una-seleccion-de-pinturas-centradas-en-la-figura-de-la-mujer-y-en-el-uso-del-color-rojo\/"},"wordCount":826,"commentCount":0,"publisher":{"@id":"https:\/\/www.laguiadepamplona.com\/actualidad\/#organization"},"image":{"@id":"https:\/\/www.laguiadepamplona.com\/actualidad\/la-artista-navarra-asun-requena-presenta-en-3565r-una-seleccion-de-pinturas-centradas-en-la-figura-de-la-mujer-y-en-el-uso-del-color-rojo\/#primaryimage"},"thumbnailUrl":"","keywords":["3565R","actualidad","Asun Requena","ayto pamplona","noticias","pamplona"],"articleSection":["Ayto Pamplona"],"inLanguage":"es","potentialAction":[{"@type":"CommentAction","name":"Comment","target":["https:\/\/www.laguiadepamplona.com\/actualidad\/la-artista-navarra-asun-requena-presenta-en-3565r-una-seleccion-de-pinturas-centradas-en-la-figura-de-la-mujer-y-en-el-uso-del-color-rojo\/#respond"]}]},{"@type":"WebPage","@id":"https:\/\/www.laguiadepamplona.com\/actualidad\/la-artista-navarra-asun-requena-presenta-en-3565r-una-seleccion-de-pinturas-centradas-en-la-figura-de-la-mujer-y-en-el-uso-del-color-rojo\/","url":"https:\/\/www.laguiadepamplona.com\/actualidad\/la-artista-navarra-asun-requena-presenta-en-3565r-una-seleccion-de-pinturas-centradas-en-la-figura-de-la-mujer-y-en-el-uso-del-color-rojo\/","name":"La artista navarra Asun Requena presenta en \u20183565R\u2019 una selecci\u00f3n de pinturas centradas en la figura de la mujer y en el uso del color rojo","isPartOf":{"@id":"https:\/\/www.laguiadepamplona.com\/actualidad\/#website"},"primaryImageOfPage":{"@id":"https:\/\/www.laguiadepamplona.com\/actualidad\/la-artista-navarra-asun-requena-presenta-en-3565r-una-seleccion-de-pinturas-centradas-en-la-figura-de-la-mujer-y-en-el-uso-del-color-rojo\/#primaryimage"},"image":{"@id":"https:\/\/www.laguiadepamplona.com\/actualidad\/la-artista-navarra-asun-requena-presenta-en-3565r-una-seleccion-de-pinturas-centradas-en-la-figura-de-la-mujer-y-en-el-uso-del-color-rojo\/#primaryimage"},"thumbnailUrl":"","datePublished":"2014-02-20T11:46:35+00:00","breadcrumb":{"@id":"https:\/\/www.laguiadepamplona.com\/actualidad\/la-artista-navarra-asun-requena-presenta-en-3565r-una-seleccion-de-pinturas-centradas-en-la-figura-de-la-mujer-y-en-el-uso-del-color-rojo\/#breadcrumb"},"inLanguage":"es","potentialAction":[{"@type":"ReadAction","target":["https:\/\/www.laguiadepamplona.com\/actualidad\/la-artista-navarra-asun-requena-presenta-en-3565r-una-seleccion-de-pinturas-centradas-en-la-figura-de-la-mujer-y-en-el-uso-del-color-rojo\/"]}]},{"@type":"ImageObject","inLanguage":"es","@id":"https:\/\/www.laguiadepamplona.com\/actualidad\/la-artista-navarra-asun-requena-presenta-en-3565r-una-seleccion-de-pinturas-centradas-en-la-figura-de-la-mujer-y-en-el-uso-del-color-rojo\/#primaryimage","url":"","contentUrl":""},{"@type":"BreadcrumbList","@id":"https:\/\/www.laguiadepamplona.com\/actualidad\/la-artista-navarra-asun-requena-presenta-en-3565r-una-seleccion-de-pinturas-centradas-en-la-figura-de-la-mujer-y-en-el-uso-del-color-rojo\/#breadcrumb","itemListElement":[{"@type":"ListItem","position":1,"name":"Portada","item":"https:\/\/www.laguiadepamplona.com\/actualidad\/"},{"@type":"ListItem","position":2,"name":"La artista navarra Asun Requena presenta en \u20183565R\u2019 una selecci\u00f3n de pinturas centradas en la figura de la mujer y en el uso del color rojo"}]},{"@type":"WebSite","@id":"https:\/\/www.laguiadepamplona.com\/actualidad\/#website","url":"https:\/\/www.laguiadepamplona.com\/actualidad\/","name":"La gu\u00eda de Pamplona","description":"Noticias de Pamplona","publisher":{"@id":"https:\/\/www.laguiadepamplona.com\/actualidad\/#organization"},"potentialAction":[{"@type":"SearchAction","target":{"@type":"EntryPoint","urlTemplate":"https:\/\/www.laguiadepamplona.com\/actualidad\/?s={search_term_string}"},"query-input":{"@type":"PropertyValueSpecification","valueRequired":true,"valueName":"search_term_string"}}],"inLanguage":"es"},{"@type":"Organization","@id":"https:\/\/www.laguiadepamplona.com\/actualidad\/#organization","name":"La Gu\u00eda de Pamplona \/ Noticias","url":"https:\/\/www.laguiadepamplona.com\/actualidad\/","logo":{"@type":"ImageObject","inLanguage":"es","@id":"https:\/\/www.laguiadepamplona.com\/actualidad\/#\/schema\/logo\/image\/","url":"https:\/\/www.laguiadepamplona.com\/actualidad\/wp-content\/uploads\/2018\/11\/logo-laguiadepamplona18-web1.png","contentUrl":"https:\/\/www.laguiadepamplona.com\/actualidad\/wp-content\/uploads\/2018\/11\/logo-laguiadepamplona18-web1.png","width":600,"height":196,"caption":"La Gu\u00eda de Pamplona \/ Noticias"},"image":{"@id":"https:\/\/www.laguiadepamplona.com\/actualidad\/#\/schema\/logo\/image\/"},"sameAs":["https:\/\/www.facebook.com\/laguiadepamplonacom-133175176762273\/?ref=hl","https:\/\/x.com\/LaGuiadPamplona","https:\/\/www.instagram.com\/la_guia_de_pamplona\/","https:\/\/www.youtube.com\/user\/laguiadepamplona"]},{"@type":"Person","@id":"https:\/\/www.laguiadepamplona.com\/actualidad\/#\/schema\/person\/efe887376f0213d4657c93adc50b1fdb","name":"La Gu\u00eda de Pamplona","image":{"@type":"ImageObject","inLanguage":"es","@id":"https:\/\/secure.gravatar.com\/avatar\/b6992f131dc8d30ab0dff15446e9d346d9dbd95992de0fef795073f5ea83a81c?s=96&d=mm&r=g","url":"https:\/\/secure.gravatar.com\/avatar\/b6992f131dc8d30ab0dff15446e9d346d9dbd95992de0fef795073f5ea83a81c?s=96&d=mm&r=g","contentUrl":"https:\/\/secure.gravatar.com\/avatar\/b6992f131dc8d30ab0dff15446e9d346d9dbd95992de0fef795073f5ea83a81c?s=96&d=mm&r=g","caption":"La Gu\u00eda de Pamplona"}}]}},"post_mailing_queue_ids":[],"_links":{"self":[{"href":"https:\/\/www.laguiadepamplona.com\/actualidad\/wp-json\/wp\/v2\/posts\/533","targetHints":{"allow":["GET"]}}],"collection":[{"href":"https:\/\/www.laguiadepamplona.com\/actualidad\/wp-json\/wp\/v2\/posts"}],"about":[{"href":"https:\/\/www.laguiadepamplona.com\/actualidad\/wp-json\/wp\/v2\/types\/post"}],"author":[{"embeddable":true,"href":"https:\/\/www.laguiadepamplona.com\/actualidad\/wp-json\/wp\/v2\/users\/1"}],"replies":[{"embeddable":true,"href":"https:\/\/www.laguiadepamplona.com\/actualidad\/wp-json\/wp\/v2\/comments?post=533"}],"version-history":[{"count":0,"href":"https:\/\/www.laguiadepamplona.com\/actualidad\/wp-json\/wp\/v2\/posts\/533\/revisions"}],"wp:featuredmedia":[{"embeddable":true,"href":"https:\/\/www.laguiadepamplona.com\/actualidad\/wp-json\/"}],"wp:attachment":[{"href":"https:\/\/www.laguiadepamplona.com\/actualidad\/wp-json\/wp\/v2\/media?parent=533"}],"wp:term":[{"taxonomy":"category","embeddable":true,"href":"https:\/\/www.laguiadepamplona.com\/actualidad\/wp-json\/wp\/v2\/categories?post=533"},{"taxonomy":"post_tag","embeddable":true,"href":"https:\/\/www.laguiadepamplona.com\/actualidad\/wp-json\/wp\/v2\/tags?post=533"}],"curies":[{"name":"wp","href":"https:\/\/api.w.org\/{rel}","templated":true}]}}