{"id":53291,"date":"2025-06-30T16:19:01","date_gmt":"2025-06-30T14:19:01","guid":{"rendered":"https:\/\/www.laguiadepamplona.com\/actualidad\/?p=53291"},"modified":"2025-06-30T16:19:01","modified_gmt":"2025-06-30T14:19:01","slug":"una-treintena-de-colectivos-y-asociaciones-participaran-el-lunes-14-de-julio-ultimo-dia-de-los-sanfermines-en-la-septima-edicion-de-la-mazedonia-kalejira-de-las-culturas","status":"publish","type":"post","link":"https:\/\/www.laguiadepamplona.com\/actualidad\/una-treintena-de-colectivos-y-asociaciones-participaran-el-lunes-14-de-julio-ultimo-dia-de-los-sanfermines-en-la-septima-edicion-de-la-mazedonia-kalejira-de-las-culturas\/","title":{"rendered":"Una treintena de colectivos y asociaciones participar\u00e1n el lunes 14 de julio, \u00faltimo d\u00eda de los Sanfermines, en la s\u00e9ptima edici\u00f3n de la Mazedonia Kalejira de las Culturas"},"content":{"rendered":"<h2>Comenzar\u00e1 a las 17.30 horas en la calle Mayor, junto a San Lorenzo, y concluir\u00e1 sobre las 20 horas en la Plaza del Castillo con un espect\u00e1culo final<\/h2>\n<p><!--more--><\/p>\n<p>La s\u00e9ptima edici\u00f3n de la Mazedonia Kalejira de las Culturas se celebrar\u00e1, como suele ser habitual, el \u00faltimo d\u00eda de los Sanfermines. M\u00e1s de una treintena de asociaciones y colectivos de Pamplona, de distintos lugares y or\u00edgenes, van a participar el lunes 14 de julio en la nueva edici\u00f3n de un acto ya consolidado en el programa festivo, que fomenta y visibilidad la diversidad cultural de la ciudad y de las fiestas.<\/p>\n<p>El Ayuntamiento, en colaboraci\u00f3n con los colectivos de diversidad cultural de Pamplona, han organizado un evento que este lunes ha tenido su primer acto con una fotograf\u00eda conjunta de las asociaciones participantes en el Palacio del Condestable. Adem\u00e1s de la visibilizaci\u00f3n de la diversidad cultura, la Mazedonia Kalejira de las Culturas potencia el espacio urbano para fines de integraci\u00f3n y conocimiento de la diversidad cultural, promueve iniciativas y la participaci\u00f3n de las entidades de diversidad cultural presentes en la ciudad y pone en valor la participaci\u00f3n de la ciudadan\u00eda perteneciente a las entidades y colectivos que trabajan frente a la discriminaci\u00f3n, el racismo y la xenofobia en los Sanfermines.<\/p>\n<p>La Mazedonia La Kalejira de las Culturas saldr\u00e1 a las 17.30 horas de la confluencia de la calle Mayor con la calle San Lorenzo a las 17.30 horas. Su colorido, su m\u00fasica, sus bailes y sus ejemplos de diversidad cultural transitar\u00e1n hacia la Plaza Consistorial y, por Mercaderes y Chapitela, llegar\u00e1n en torno a las 20 horas a la Plaza del Castillo. Ser\u00e1 aproximadamente un kil\u00f3metro de celebraci\u00f3n y fiesta, que incluir\u00e1 una media vuelta a la plaza, y que culminar\u00e1 con un acto final en el que todos los grupos participantes bailar\u00e1n un aurresku y una sokadantza con bajo la direcci\u00f3n de Duguna.<\/p>\n<p>&nbsp;<\/p>\n<h3>Participantes en la Mazedonia \u2013 Kalejira de las Culturas. Lunes 14 de julio, 17.30 horas<\/h3>\n<ul>\n<li>Casa Amaz\u00f3nica Brasile\u00f1a<\/li>\n<li>Malienses en Navarra<\/li>\n<li>Benkadi<\/li>\n<li>Ghana Uni\u00f3n Navarra<\/li>\n<li>Asociaci\u00f3n SEI + CEAR<\/li>\n<li>AMUDISNA<\/li>\n<li>Berehynia<\/li>\n<li>Alas de Ucrania<\/li>\n<li>Mriya<\/li>\n<li>Orfey BG<\/li>\n<li>Pirina<\/li>\n<li>Oskia Txistulariak<\/li>\n<li>Escuela de Jotas Manuel Turrillas<\/li>\n<li>Zarrabete gaiteroak<\/li>\n<li>Tirikitrauki fanfarrea<\/li>\n<li>Oberena dantza taldea<\/li>\n<li>Asocolon<\/li>\n<li>Integraci\u00f3n sin fronteras<\/li>\n<li>Fuerza peruana<\/li>\n<li>Compartiendo ra\u00edces<\/li>\n<li>Salay Cochabamba (Asiriy)<\/li>\n<li>Salay Mundial<\/li>\n<li>Fraternidad Salay Pasi\u00f3n Bolivia USA filial Navarra<\/li>\n<li>Caporales San Sim\u00f3n Sucre<\/li>\n<li>Caporales San Sim\u00f3n USA filial Navarra<\/li>\n<li>Mi Viejo San Sim\u00f3n<\/li>\n<li>Munata Folklor Boliviano<\/li>\n<li>Asociaci\u00f3n Cultural Rebeldes<\/li>\n<li>Tinkus San Sim\u00f3n<\/li>\n<li>Tinkus Kaysur<\/li>\n<li>Tinkus Tiataco<\/li>\n<li>Amigos Pujllay<\/li>\n<li>La Farruka<\/li>\n<li>Asociaci\u00f3n Colectivo Saharaui en Navarra<\/li>\n<\/ul>\n","protected":false},"excerpt":{"rendered":"<p>Comenzar\u00e1 a las 17.30 horas en la calle Mayor, junto a San Lorenzo, y concluir\u00e1 sobre las 20 horas en la Plaza del Castillo con un espect\u00e1culo final<\/p>\n","protected":false},"author":1,"featured_media":53292,"comment_status":"open","ping_status":"closed","sticky":false,"template":"","format":"standard","meta":{"footnotes":""},"categories":[2],"tags":[],"class_list":["post-53291","post","type-post","status-publish","format-standard","has-post-thumbnail","hentry","category-ayuntamiento-pamplona"],"yoast_head":"<!-- This site is optimized with the Yoast SEO plugin v27.5 - https:\/\/yoast.com\/product\/yoast-seo-wordpress\/ -->\n<title>Una treintena de colectivos y asociaciones participar\u00e1n el lunes 14 de julio, \u00faltimo d\u00eda de los Sanfermines, en la s\u00e9ptima edici\u00f3n de la Mazedonia Kalejira de las Culturas<\/title>\n<meta name=\"description\" content=\"Comenzar\u00e1 a las 17.30 horas en la calle Mayor, junto a San Lorenzo, y concluir\u00e1 sobre las 20 horas en la Plaza del Castillo con un espect\u00e1culo final\" \/>\n<meta name=\"robots\" content=\"index, follow, max-snippet:-1, max-image-preview:large, max-video-preview:-1\" \/>\n<link rel=\"canonical\" href=\"https:\/\/www.laguiadepamplona.com\/actualidad\/una-treintena-de-colectivos-y-asociaciones-participaran-el-lunes-14-de-julio-ultimo-dia-de-los-sanfermines-en-la-septima-edicion-de-la-mazedonia-kalejira-de-las-culturas\/\" \/>\n<meta property=\"og:locale\" content=\"es_ES\" \/>\n<meta property=\"og:type\" content=\"article\" \/>\n<meta property=\"og:title\" content=\"Una treintena de colectivos y asociaciones participar\u00e1n el lunes 14 de julio, \u00faltimo d\u00eda de los Sanfermines, en la s\u00e9ptima edici\u00f3n de la Mazedonia Kalejira de las Culturas\" \/>\n<meta property=\"og:description\" content=\"Comenzar\u00e1 a las 17.30 horas en la calle Mayor, junto a San Lorenzo, y concluir\u00e1 sobre las 20 horas en la Plaza del Castillo con un espect\u00e1culo final\" \/>\n<meta property=\"og:url\" content=\"https:\/\/www.laguiadepamplona.com\/actualidad\/una-treintena-de-colectivos-y-asociaciones-participaran-el-lunes-14-de-julio-ultimo-dia-de-los-sanfermines-en-la-septima-edicion-de-la-mazedonia-kalejira-de-las-culturas\/\" \/>\n<meta property=\"og:site_name\" content=\"La Gu\u00eda de Pamplona\" \/>\n<meta property=\"article:publisher\" content=\"https:\/\/www.facebook.com\/laguiadepamplonacom-133175176762273\/?ref=hl\" \/>\n<meta property=\"article:published_time\" content=\"2025-06-30T14:19:01+00:00\" \/>\n<meta property=\"og:image\" content=\"https:\/\/www.laguiadepamplona.com\/actualidad\/wp-content\/uploads\/2025\/06\/2presentacionkalejirademacedoniasf252.webp\" \/>\n\t<meta property=\"og:image:width\" content=\"1000\" \/>\n\t<meta property=\"og:image:height\" content=\"667\" \/>\n\t<meta property=\"og:image:type\" content=\"image\/webp\" \/>\n<meta name=\"author\" content=\"La Gu\u00eda de Pamplona\" \/>\n<meta name=\"twitter:card\" content=\"summary_large_image\" \/>\n<meta name=\"twitter:creator\" content=\"@LaGuiadPamplona\" \/>\n<meta name=\"twitter:site\" content=\"@LaGuiadPamplona\" \/>\n<meta name=\"twitter:label1\" content=\"Escrito por\" \/>\n\t<meta name=\"twitter:data1\" content=\"La Gu\u00eda de Pamplona\" \/>\n\t<meta name=\"twitter:label2\" content=\"Tiempo de lectura\" \/>\n\t<meta name=\"twitter:data2\" content=\"2 minutos\" \/>\n<script type=\"application\/ld+json\" class=\"yoast-schema-graph\">{\"@context\":\"https:\\\/\\\/schema.org\",\"@graph\":[{\"@type\":\"Article\",\"@id\":\"https:\\\/\\\/www.laguiadepamplona.com\\\/actualidad\\\/una-treintena-de-colectivos-y-asociaciones-participaran-el-lunes-14-de-julio-ultimo-dia-de-los-sanfermines-en-la-septima-edicion-de-la-mazedonia-kalejira-de-las-culturas\\\/#article\",\"isPartOf\":{\"@id\":\"https:\\\/\\\/www.laguiadepamplona.com\\\/actualidad\\\/una-treintena-de-colectivos-y-asociaciones-participaran-el-lunes-14-de-julio-ultimo-dia-de-los-sanfermines-en-la-septima-edicion-de-la-mazedonia-kalejira-de-las-culturas\\\/\"},\"author\":{\"name\":\"La Gu\u00eda de Pamplona\",\"@id\":\"https:\\\/\\\/www.laguiadepamplona.com\\\/actualidad\\\/#\\\/schema\\\/person\\\/efe887376f0213d4657c93adc50b1fdb\"},\"headline\":\"Una treintena de colectivos y asociaciones participar\u00e1n el lunes 14 de julio, \u00faltimo d\u00eda de los Sanfermines, en la s\u00e9ptima edici\u00f3n de la Mazedonia Kalejira de las Culturas\",\"datePublished\":\"2025-06-30T14:19:01+00:00\",\"mainEntityOfPage\":{\"@id\":\"https:\\\/\\\/www.laguiadepamplona.com\\\/actualidad\\\/una-treintena-de-colectivos-y-asociaciones-participaran-el-lunes-14-de-julio-ultimo-dia-de-los-sanfermines-en-la-septima-edicion-de-la-mazedonia-kalejira-de-las-culturas\\\/\"},\"wordCount\":479,\"commentCount\":0,\"publisher\":{\"@id\":\"https:\\\/\\\/www.laguiadepamplona.com\\\/actualidad\\\/#organization\"},\"image\":{\"@id\":\"https:\\\/\\\/www.laguiadepamplona.com\\\/actualidad\\\/una-treintena-de-colectivos-y-asociaciones-participaran-el-lunes-14-de-julio-ultimo-dia-de-los-sanfermines-en-la-septima-edicion-de-la-mazedonia-kalejira-de-las-culturas\\\/#primaryimage\"},\"thumbnailUrl\":\"https:\\\/\\\/www.laguiadepamplona.com\\\/actualidad\\\/wp-content\\\/uploads\\\/2025\\\/06\\\/2presentacionkalejirademacedoniasf252.webp\",\"articleSection\":[\"Ayto Pamplona\"],\"inLanguage\":\"es\",\"potentialAction\":[{\"@type\":\"CommentAction\",\"name\":\"Comment\",\"target\":[\"https:\\\/\\\/www.laguiadepamplona.com\\\/actualidad\\\/una-treintena-de-colectivos-y-asociaciones-participaran-el-lunes-14-de-julio-ultimo-dia-de-los-sanfermines-en-la-septima-edicion-de-la-mazedonia-kalejira-de-las-culturas\\\/#respond\"]}]},{\"@type\":\"WebPage\",\"@id\":\"https:\\\/\\\/www.laguiadepamplona.com\\\/actualidad\\\/una-treintena-de-colectivos-y-asociaciones-participaran-el-lunes-14-de-julio-ultimo-dia-de-los-sanfermines-en-la-septima-edicion-de-la-mazedonia-kalejira-de-las-culturas\\\/\",\"url\":\"https:\\\/\\\/www.laguiadepamplona.com\\\/actualidad\\\/una-treintena-de-colectivos-y-asociaciones-participaran-el-lunes-14-de-julio-ultimo-dia-de-los-sanfermines-en-la-septima-edicion-de-la-mazedonia-kalejira-de-las-culturas\\\/\",\"name\":\"Una treintena de colectivos y asociaciones participar\u00e1n el lunes 14 de julio, \u00faltimo d\u00eda de los Sanfermines, en la s\u00e9ptima edici\u00f3n de la Mazedonia Kalejira de las Culturas\",\"isPartOf\":{\"@id\":\"https:\\\/\\\/www.laguiadepamplona.com\\\/actualidad\\\/#website\"},\"primaryImageOfPage\":{\"@id\":\"https:\\\/\\\/www.laguiadepamplona.com\\\/actualidad\\\/una-treintena-de-colectivos-y-asociaciones-participaran-el-lunes-14-de-julio-ultimo-dia-de-los-sanfermines-en-la-septima-edicion-de-la-mazedonia-kalejira-de-las-culturas\\\/#primaryimage\"},\"image\":{\"@id\":\"https:\\\/\\\/www.laguiadepamplona.com\\\/actualidad\\\/una-treintena-de-colectivos-y-asociaciones-participaran-el-lunes-14-de-julio-ultimo-dia-de-los-sanfermines-en-la-septima-edicion-de-la-mazedonia-kalejira-de-las-culturas\\\/#primaryimage\"},\"thumbnailUrl\":\"https:\\\/\\\/www.laguiadepamplona.com\\\/actualidad\\\/wp-content\\\/uploads\\\/2025\\\/06\\\/2presentacionkalejirademacedoniasf252.webp\",\"datePublished\":\"2025-06-30T14:19:01+00:00\",\"description\":\"Comenzar\u00e1 a las 17.30 horas en la calle Mayor, junto a San Lorenzo, y concluir\u00e1 sobre las 20 horas en la Plaza del Castillo con un espect\u00e1culo final\",\"breadcrumb\":{\"@id\":\"https:\\\/\\\/www.laguiadepamplona.com\\\/actualidad\\\/una-treintena-de-colectivos-y-asociaciones-participaran-el-lunes-14-de-julio-ultimo-dia-de-los-sanfermines-en-la-septima-edicion-de-la-mazedonia-kalejira-de-las-culturas\\\/#breadcrumb\"},\"inLanguage\":\"es\",\"potentialAction\":[{\"@type\":\"ReadAction\",\"target\":[\"https:\\\/\\\/www.laguiadepamplona.com\\\/actualidad\\\/una-treintena-de-colectivos-y-asociaciones-participaran-el-lunes-14-de-julio-ultimo-dia-de-los-sanfermines-en-la-septima-edicion-de-la-mazedonia-kalejira-de-las-culturas\\\/\"]}]},{\"@type\":\"ImageObject\",\"inLanguage\":\"es\",\"@id\":\"https:\\\/\\\/www.laguiadepamplona.com\\\/actualidad\\\/una-treintena-de-colectivos-y-asociaciones-participaran-el-lunes-14-de-julio-ultimo-dia-de-los-sanfermines-en-la-septima-edicion-de-la-mazedonia-kalejira-de-las-culturas\\\/#primaryimage\",\"url\":\"https:\\\/\\\/www.laguiadepamplona.com\\\/actualidad\\\/wp-content\\\/uploads\\\/2025\\\/06\\\/2presentacionkalejirademacedoniasf252.webp\",\"contentUrl\":\"https:\\\/\\\/www.laguiadepamplona.com\\\/actualidad\\\/wp-content\\\/uploads\\\/2025\\\/06\\\/2presentacionkalejirademacedoniasf252.webp\",\"width\":1000,\"height\":667,\"caption\":\"kalijera mazedonias\"},{\"@type\":\"BreadcrumbList\",\"@id\":\"https:\\\/\\\/www.laguiadepamplona.com\\\/actualidad\\\/una-treintena-de-colectivos-y-asociaciones-participaran-el-lunes-14-de-julio-ultimo-dia-de-los-sanfermines-en-la-septima-edicion-de-la-mazedonia-kalejira-de-las-culturas\\\/#breadcrumb\",\"itemListElement\":[{\"@type\":\"ListItem\",\"position\":1,\"name\":\"Portada\",\"item\":\"https:\\\/\\\/www.laguiadepamplona.com\\\/actualidad\\\/\"},{\"@type\":\"ListItem\",\"position\":2,\"name\":\"Una treintena de colectivos y asociaciones participar\u00e1n el lunes 14 de julio, \u00faltimo d\u00eda de los Sanfermines, en la s\u00e9ptima edici\u00f3n de la Mazedonia Kalejira de las Culturas\"}]},{\"@type\":\"WebSite\",\"@id\":\"https:\\\/\\\/www.laguiadepamplona.com\\\/actualidad\\\/#website\",\"url\":\"https:\\\/\\\/www.laguiadepamplona.com\\\/actualidad\\\/\",\"name\":\"La gu\u00eda de Pamplona\",\"description\":\"Noticias de Pamplona\",\"publisher\":{\"@id\":\"https:\\\/\\\/www.laguiadepamplona.com\\\/actualidad\\\/#organization\"},\"potentialAction\":[{\"@type\":\"SearchAction\",\"target\":{\"@type\":\"EntryPoint\",\"urlTemplate\":\"https:\\\/\\\/www.laguiadepamplona.com\\\/actualidad\\\/?s={search_term_string}\"},\"query-input\":{\"@type\":\"PropertyValueSpecification\",\"valueRequired\":true,\"valueName\":\"search_term_string\"}}],\"inLanguage\":\"es\"},{\"@type\":\"Organization\",\"@id\":\"https:\\\/\\\/www.laguiadepamplona.com\\\/actualidad\\\/#organization\",\"name\":\"La Gu\u00eda de Pamplona \\\/ Noticias\",\"url\":\"https:\\\/\\\/www.laguiadepamplona.com\\\/actualidad\\\/\",\"logo\":{\"@type\":\"ImageObject\",\"inLanguage\":\"es\",\"@id\":\"https:\\\/\\\/www.laguiadepamplona.com\\\/actualidad\\\/#\\\/schema\\\/logo\\\/image\\\/\",\"url\":\"https:\\\/\\\/www.laguiadepamplona.com\\\/actualidad\\\/wp-content\\\/uploads\\\/2018\\\/11\\\/logo-laguiadepamplona18-web1.png\",\"contentUrl\":\"https:\\\/\\\/www.laguiadepamplona.com\\\/actualidad\\\/wp-content\\\/uploads\\\/2018\\\/11\\\/logo-laguiadepamplona18-web1.png\",\"width\":600,\"height\":196,\"caption\":\"La Gu\u00eda de Pamplona \\\/ Noticias\"},\"image\":{\"@id\":\"https:\\\/\\\/www.laguiadepamplona.com\\\/actualidad\\\/#\\\/schema\\\/logo\\\/image\\\/\"},\"sameAs\":[\"https:\\\/\\\/www.facebook.com\\\/laguiadepamplonacom-133175176762273\\\/?ref=hl\",\"https:\\\/\\\/x.com\\\/LaGuiadPamplona\",\"https:\\\/\\\/www.instagram.com\\\/la_guia_de_pamplona\\\/\",\"https:\\\/\\\/www.youtube.com\\\/user\\\/laguiadepamplona\"]},{\"@type\":\"Person\",\"@id\":\"https:\\\/\\\/www.laguiadepamplona.com\\\/actualidad\\\/#\\\/schema\\\/person\\\/efe887376f0213d4657c93adc50b1fdb\",\"name\":\"La Gu\u00eda de Pamplona\",\"image\":{\"@type\":\"ImageObject\",\"inLanguage\":\"es\",\"@id\":\"https:\\\/\\\/secure.gravatar.com\\\/avatar\\\/b6992f131dc8d30ab0dff15446e9d346d9dbd95992de0fef795073f5ea83a81c?s=96&d=mm&r=g\",\"url\":\"https:\\\/\\\/secure.gravatar.com\\\/avatar\\\/b6992f131dc8d30ab0dff15446e9d346d9dbd95992de0fef795073f5ea83a81c?s=96&d=mm&r=g\",\"contentUrl\":\"https:\\\/\\\/secure.gravatar.com\\\/avatar\\\/b6992f131dc8d30ab0dff15446e9d346d9dbd95992de0fef795073f5ea83a81c?s=96&d=mm&r=g\",\"caption\":\"La Gu\u00eda de Pamplona\"}}]}<\/script>\n<!-- \/ Yoast SEO plugin. -->","yoast_head_json":{"title":"Una treintena de colectivos y asociaciones participar\u00e1n el lunes 14 de julio, \u00faltimo d\u00eda de los Sanfermines, en la s\u00e9ptima edici\u00f3n de la Mazedonia Kalejira de las Culturas","description":"Comenzar\u00e1 a las 17.30 horas en la calle Mayor, junto a San Lorenzo, y concluir\u00e1 sobre las 20 horas en la Plaza del Castillo con un espect\u00e1culo final","robots":{"index":"index","follow":"follow","max-snippet":"max-snippet:-1","max-image-preview":"max-image-preview:large","max-video-preview":"max-video-preview:-1"},"canonical":"https:\/\/www.laguiadepamplona.com\/actualidad\/una-treintena-de-colectivos-y-asociaciones-participaran-el-lunes-14-de-julio-ultimo-dia-de-los-sanfermines-en-la-septima-edicion-de-la-mazedonia-kalejira-de-las-culturas\/","og_locale":"es_ES","og_type":"article","og_title":"Una treintena de colectivos y asociaciones participar\u00e1n el lunes 14 de julio, \u00faltimo d\u00eda de los Sanfermines, en la s\u00e9ptima edici\u00f3n de la Mazedonia Kalejira de las Culturas","og_description":"Comenzar\u00e1 a las 17.30 horas en la calle Mayor, junto a San Lorenzo, y concluir\u00e1 sobre las 20 horas en la Plaza del Castillo con un espect\u00e1culo final","og_url":"https:\/\/www.laguiadepamplona.com\/actualidad\/una-treintena-de-colectivos-y-asociaciones-participaran-el-lunes-14-de-julio-ultimo-dia-de-los-sanfermines-en-la-septima-edicion-de-la-mazedonia-kalejira-de-las-culturas\/","og_site_name":"La Gu\u00eda de Pamplona","article_publisher":"https:\/\/www.facebook.com\/laguiadepamplonacom-133175176762273\/?ref=hl","article_published_time":"2025-06-30T14:19:01+00:00","og_image":[{"width":1000,"height":667,"url":"https:\/\/www.laguiadepamplona.com\/actualidad\/wp-content\/uploads\/2025\/06\/2presentacionkalejirademacedoniasf252.webp","type":"image\/webp"}],"author":"La Gu\u00eda de Pamplona","twitter_card":"summary_large_image","twitter_creator":"@LaGuiadPamplona","twitter_site":"@LaGuiadPamplona","twitter_misc":{"Escrito por":"La Gu\u00eda de Pamplona","Tiempo de lectura":"2 minutos"},"schema":{"@context":"https:\/\/schema.org","@graph":[{"@type":"Article","@id":"https:\/\/www.laguiadepamplona.com\/actualidad\/una-treintena-de-colectivos-y-asociaciones-participaran-el-lunes-14-de-julio-ultimo-dia-de-los-sanfermines-en-la-septima-edicion-de-la-mazedonia-kalejira-de-las-culturas\/#article","isPartOf":{"@id":"https:\/\/www.laguiadepamplona.com\/actualidad\/una-treintena-de-colectivos-y-asociaciones-participaran-el-lunes-14-de-julio-ultimo-dia-de-los-sanfermines-en-la-septima-edicion-de-la-mazedonia-kalejira-de-las-culturas\/"},"author":{"name":"La Gu\u00eda de Pamplona","@id":"https:\/\/www.laguiadepamplona.com\/actualidad\/#\/schema\/person\/efe887376f0213d4657c93adc50b1fdb"},"headline":"Una treintena de colectivos y asociaciones participar\u00e1n el lunes 14 de julio, \u00faltimo d\u00eda de los Sanfermines, en la s\u00e9ptima edici\u00f3n de la Mazedonia Kalejira de las Culturas","datePublished":"2025-06-30T14:19:01+00:00","mainEntityOfPage":{"@id":"https:\/\/www.laguiadepamplona.com\/actualidad\/una-treintena-de-colectivos-y-asociaciones-participaran-el-lunes-14-de-julio-ultimo-dia-de-los-sanfermines-en-la-septima-edicion-de-la-mazedonia-kalejira-de-las-culturas\/"},"wordCount":479,"commentCount":0,"publisher":{"@id":"https:\/\/www.laguiadepamplona.com\/actualidad\/#organization"},"image":{"@id":"https:\/\/www.laguiadepamplona.com\/actualidad\/una-treintena-de-colectivos-y-asociaciones-participaran-el-lunes-14-de-julio-ultimo-dia-de-los-sanfermines-en-la-septima-edicion-de-la-mazedonia-kalejira-de-las-culturas\/#primaryimage"},"thumbnailUrl":"https:\/\/www.laguiadepamplona.com\/actualidad\/wp-content\/uploads\/2025\/06\/2presentacionkalejirademacedoniasf252.webp","articleSection":["Ayto Pamplona"],"inLanguage":"es","potentialAction":[{"@type":"CommentAction","name":"Comment","target":["https:\/\/www.laguiadepamplona.com\/actualidad\/una-treintena-de-colectivos-y-asociaciones-participaran-el-lunes-14-de-julio-ultimo-dia-de-los-sanfermines-en-la-septima-edicion-de-la-mazedonia-kalejira-de-las-culturas\/#respond"]}]},{"@type":"WebPage","@id":"https:\/\/www.laguiadepamplona.com\/actualidad\/una-treintena-de-colectivos-y-asociaciones-participaran-el-lunes-14-de-julio-ultimo-dia-de-los-sanfermines-en-la-septima-edicion-de-la-mazedonia-kalejira-de-las-culturas\/","url":"https:\/\/www.laguiadepamplona.com\/actualidad\/una-treintena-de-colectivos-y-asociaciones-participaran-el-lunes-14-de-julio-ultimo-dia-de-los-sanfermines-en-la-septima-edicion-de-la-mazedonia-kalejira-de-las-culturas\/","name":"Una treintena de colectivos y asociaciones participar\u00e1n el lunes 14 de julio, \u00faltimo d\u00eda de los Sanfermines, en la s\u00e9ptima edici\u00f3n de la Mazedonia Kalejira de las Culturas","isPartOf":{"@id":"https:\/\/www.laguiadepamplona.com\/actualidad\/#website"},"primaryImageOfPage":{"@id":"https:\/\/www.laguiadepamplona.com\/actualidad\/una-treintena-de-colectivos-y-asociaciones-participaran-el-lunes-14-de-julio-ultimo-dia-de-los-sanfermines-en-la-septima-edicion-de-la-mazedonia-kalejira-de-las-culturas\/#primaryimage"},"image":{"@id":"https:\/\/www.laguiadepamplona.com\/actualidad\/una-treintena-de-colectivos-y-asociaciones-participaran-el-lunes-14-de-julio-ultimo-dia-de-los-sanfermines-en-la-septima-edicion-de-la-mazedonia-kalejira-de-las-culturas\/#primaryimage"},"thumbnailUrl":"https:\/\/www.laguiadepamplona.com\/actualidad\/wp-content\/uploads\/2025\/06\/2presentacionkalejirademacedoniasf252.webp","datePublished":"2025-06-30T14:19:01+00:00","description":"Comenzar\u00e1 a las 17.30 horas en la calle Mayor, junto a San Lorenzo, y concluir\u00e1 sobre las 20 horas en la Plaza del Castillo con un espect\u00e1culo final","breadcrumb":{"@id":"https:\/\/www.laguiadepamplona.com\/actualidad\/una-treintena-de-colectivos-y-asociaciones-participaran-el-lunes-14-de-julio-ultimo-dia-de-los-sanfermines-en-la-septima-edicion-de-la-mazedonia-kalejira-de-las-culturas\/#breadcrumb"},"inLanguage":"es","potentialAction":[{"@type":"ReadAction","target":["https:\/\/www.laguiadepamplona.com\/actualidad\/una-treintena-de-colectivos-y-asociaciones-participaran-el-lunes-14-de-julio-ultimo-dia-de-los-sanfermines-en-la-septima-edicion-de-la-mazedonia-kalejira-de-las-culturas\/"]}]},{"@type":"ImageObject","inLanguage":"es","@id":"https:\/\/www.laguiadepamplona.com\/actualidad\/una-treintena-de-colectivos-y-asociaciones-participaran-el-lunes-14-de-julio-ultimo-dia-de-los-sanfermines-en-la-septima-edicion-de-la-mazedonia-kalejira-de-las-culturas\/#primaryimage","url":"https:\/\/www.laguiadepamplona.com\/actualidad\/wp-content\/uploads\/2025\/06\/2presentacionkalejirademacedoniasf252.webp","contentUrl":"https:\/\/www.laguiadepamplona.com\/actualidad\/wp-content\/uploads\/2025\/06\/2presentacionkalejirademacedoniasf252.webp","width":1000,"height":667,"caption":"kalijera mazedonias"},{"@type":"BreadcrumbList","@id":"https:\/\/www.laguiadepamplona.com\/actualidad\/una-treintena-de-colectivos-y-asociaciones-participaran-el-lunes-14-de-julio-ultimo-dia-de-los-sanfermines-en-la-septima-edicion-de-la-mazedonia-kalejira-de-las-culturas\/#breadcrumb","itemListElement":[{"@type":"ListItem","position":1,"name":"Portada","item":"https:\/\/www.laguiadepamplona.com\/actualidad\/"},{"@type":"ListItem","position":2,"name":"Una treintena de colectivos y asociaciones participar\u00e1n el lunes 14 de julio, \u00faltimo d\u00eda de los Sanfermines, en la s\u00e9ptima edici\u00f3n de la Mazedonia Kalejira de las Culturas"}]},{"@type":"WebSite","@id":"https:\/\/www.laguiadepamplona.com\/actualidad\/#website","url":"https:\/\/www.laguiadepamplona.com\/actualidad\/","name":"La gu\u00eda de Pamplona","description":"Noticias de Pamplona","publisher":{"@id":"https:\/\/www.laguiadepamplona.com\/actualidad\/#organization"},"potentialAction":[{"@type":"SearchAction","target":{"@type":"EntryPoint","urlTemplate":"https:\/\/www.laguiadepamplona.com\/actualidad\/?s={search_term_string}"},"query-input":{"@type":"PropertyValueSpecification","valueRequired":true,"valueName":"search_term_string"}}],"inLanguage":"es"},{"@type":"Organization","@id":"https:\/\/www.laguiadepamplona.com\/actualidad\/#organization","name":"La Gu\u00eda de Pamplona \/ Noticias","url":"https:\/\/www.laguiadepamplona.com\/actualidad\/","logo":{"@type":"ImageObject","inLanguage":"es","@id":"https:\/\/www.laguiadepamplona.com\/actualidad\/#\/schema\/logo\/image\/","url":"https:\/\/www.laguiadepamplona.com\/actualidad\/wp-content\/uploads\/2018\/11\/logo-laguiadepamplona18-web1.png","contentUrl":"https:\/\/www.laguiadepamplona.com\/actualidad\/wp-content\/uploads\/2018\/11\/logo-laguiadepamplona18-web1.png","width":600,"height":196,"caption":"La Gu\u00eda de Pamplona \/ Noticias"},"image":{"@id":"https:\/\/www.laguiadepamplona.com\/actualidad\/#\/schema\/logo\/image\/"},"sameAs":["https:\/\/www.facebook.com\/laguiadepamplonacom-133175176762273\/?ref=hl","https:\/\/x.com\/LaGuiadPamplona","https:\/\/www.instagram.com\/la_guia_de_pamplona\/","https:\/\/www.youtube.com\/user\/laguiadepamplona"]},{"@type":"Person","@id":"https:\/\/www.laguiadepamplona.com\/actualidad\/#\/schema\/person\/efe887376f0213d4657c93adc50b1fdb","name":"La Gu\u00eda de Pamplona","image":{"@type":"ImageObject","inLanguage":"es","@id":"https:\/\/secure.gravatar.com\/avatar\/b6992f131dc8d30ab0dff15446e9d346d9dbd95992de0fef795073f5ea83a81c?s=96&d=mm&r=g","url":"https:\/\/secure.gravatar.com\/avatar\/b6992f131dc8d30ab0dff15446e9d346d9dbd95992de0fef795073f5ea83a81c?s=96&d=mm&r=g","contentUrl":"https:\/\/secure.gravatar.com\/avatar\/b6992f131dc8d30ab0dff15446e9d346d9dbd95992de0fef795073f5ea83a81c?s=96&d=mm&r=g","caption":"La Gu\u00eda de Pamplona"}}]}},"post_mailing_queue_ids":[],"_links":{"self":[{"href":"https:\/\/www.laguiadepamplona.com\/actualidad\/wp-json\/wp\/v2\/posts\/53291","targetHints":{"allow":["GET"]}}],"collection":[{"href":"https:\/\/www.laguiadepamplona.com\/actualidad\/wp-json\/wp\/v2\/posts"}],"about":[{"href":"https:\/\/www.laguiadepamplona.com\/actualidad\/wp-json\/wp\/v2\/types\/post"}],"author":[{"embeddable":true,"href":"https:\/\/www.laguiadepamplona.com\/actualidad\/wp-json\/wp\/v2\/users\/1"}],"replies":[{"embeddable":true,"href":"https:\/\/www.laguiadepamplona.com\/actualidad\/wp-json\/wp\/v2\/comments?post=53291"}],"version-history":[{"count":1,"href":"https:\/\/www.laguiadepamplona.com\/actualidad\/wp-json\/wp\/v2\/posts\/53291\/revisions"}],"predecessor-version":[{"id":53293,"href":"https:\/\/www.laguiadepamplona.com\/actualidad\/wp-json\/wp\/v2\/posts\/53291\/revisions\/53293"}],"wp:featuredmedia":[{"embeddable":true,"href":"https:\/\/www.laguiadepamplona.com\/actualidad\/wp-json\/wp\/v2\/media\/53292"}],"wp:attachment":[{"href":"https:\/\/www.laguiadepamplona.com\/actualidad\/wp-json\/wp\/v2\/media?parent=53291"}],"wp:term":[{"taxonomy":"category","embeddable":true,"href":"https:\/\/www.laguiadepamplona.com\/actualidad\/wp-json\/wp\/v2\/categories?post=53291"},{"taxonomy":"post_tag","embeddable":true,"href":"https:\/\/www.laguiadepamplona.com\/actualidad\/wp-json\/wp\/v2\/tags?post=53291"}],"curies":[{"name":"wp","href":"https:\/\/api.w.org\/{rel}","templated":true}]}}