{"id":53273,"date":"2025-06-27T18:24:20","date_gmt":"2025-06-27T16:24:20","guid":{"rendered":"https:\/\/www.laguiadepamplona.com\/actualidad\/?p=53273"},"modified":"2025-06-27T18:24:20","modified_gmt":"2025-06-27T16:24:20","slug":"el-1-de-julio-diferentes-servicios-municipales-inician-cambios-horarios","status":"publish","type":"post","link":"https:\/\/www.laguiadepamplona.com\/actualidad\/el-1-de-julio-diferentes-servicios-municipales-inician-cambios-horarios\/","title":{"rendered":"El 1 de julio diferentes servicios municipales inician cambios horarios"},"content":{"rendered":"<h2>En parte por su ubicaci\u00f3n, y en parte por la falta de afluencia en el entorno de ocio festivo, algunos centros cierran durante las fiestas de San Ferm\u00edn<\/h2>\n<p><!--more--><\/p>\n<p>El mes de julio empieza con cambios en los horarios de algunos servicios municipales. Este martes d\u00eda 1 y hasta el 31 de agosto, el Fort\u00edn de San Bartolom\u00e9 abre sus puertas de forma gratuita de lunes a domingo por las ma\u00f1anas (de 10 a 14 horas) y de martes a s\u00e1bados en horario de tarde (de 15 a 18 horas). El que cierra todo el mes es el Museo de Educaci\u00f3n Ambiental (Monasterio Viejo de San Pedro s\/n) y, durante la primera quincena de julio, lo hacen la Casa de la Juventud (calle Sang\u00fcesa 30) y el centro especializado en trabajar sobre la brecha digital de g\u00e9nero, EMATIC (calle Compa\u00f1\u00eda, 19).<\/p>\n<p>Hay otros servicios del Ayuntamiento de Pamplona que modifican sus horarios en San Ferm\u00edn. En bibliotecas hay cierres parciales. Entre el 11 y el 14 de julio, en horario de 9.30 a 13.30 horas abrir\u00e1n las bibliotecas de Txantrea, Milagrosa, San Pedro y Yamaguchi. Por su parte, los centros de Iturrama, Mendillorri, San Jorge, Etxabakoitz y San Francisco permanecer\u00e1n cerrados al p\u00fablico entre el 6 y el 14 de julio. Despu\u00e9s de esa fecha, las nueve bibliotecas p\u00fablicas durante todo el verano abrir\u00e1n de lunes a viernes, de 8.30 a 14.30 horas.<\/p>\n<p>Los horarios de la red Civivox tambi\u00e9n sufren modificaciones este mes de julio y en Sanfermines cerrar\u00e1n sus puertas todos los centros todos salvo Condestable que solo descansar\u00e1 los d\u00edas 6 y 7 de julio. Durante las fiestas Condestable recibir\u00e1 p\u00fablico de 11 a 14 horas (exposiciones, Sala dedicada a la figura de Pablo Sarasate y el espacio de descanso sensorial \u2018Refugio de los Sentidos\u2019) y de 17.30 a 20.30 horas (apertura exclusiva \u2018Refugio de los Sentidos\u2019).<\/p>\n<p>Pero muchos servicios otros cierran sus puertas, en parte por su ubicaci\u00f3n, y en parte por la falta de afluencia en el entorno de ocio festivo. La Casa de las Mujeres (calle Aoiz, 9) cerrar\u00e1 entre el 5 y el 14 de julio, y desde el 15 hasta al 31 de julio el horario ser\u00e1 exclusivamente de ma\u00f1ana, de lunes a s\u00e1bado de 9.30 a 14.30 horas. Cerrar\u00e1n tambi\u00e9n durante las fiestas el servicio p\u00fablico de informaci\u00f3n, promoci\u00f3n de los derechos y la participaci\u00f3n LGTBI del Ayuntamiento de Pamplona Harrotu (calle San Gregorio 28) y el Centro de documentaci\u00f3n- biblioteca de mujeres Silvia Fern\u00e1ndez Viguera.<\/p>\n<p>En la calle Mayor, estar\u00e1n cerrados durante las fiestas el Servicio de Informaci\u00f3n y Recursos para la Participaci\u00f3n (Zentro) y el Centro de acogida al peregrino e interpretaci\u00f3n del Camino de Santiago \u2013Ultreia, as\u00ed como el Archivo Municipal de Pamplona, que se encuentra situado en la calle Mercado, en la trasera del edificio de la Casa Consistorial.<\/p>\n","protected":false},"excerpt":{"rendered":"<p>En parte por su ubicaci\u00f3n, y en parte por la falta de afluencia en el entorno de ocio festivo, algunos centros cierran durante las fiestas de San Ferm\u00edn<\/p>\n","protected":false},"author":1,"featured_media":48503,"comment_status":"open","ping_status":"closed","sticky":false,"template":"","format":"standard","meta":{"footnotes":""},"categories":[2],"tags":[],"class_list":["post-53273","post","type-post","status-publish","format-standard","has-post-thumbnail","hentry","category-ayuntamiento-pamplona"],"yoast_head":"<!-- This site is optimized with the Yoast SEO plugin v27.3 - https:\/\/yoast.com\/product\/yoast-seo-wordpress\/ -->\n<title>El 1 de julio diferentes servicios municipales inician cambios horarios<\/title>\n<meta name=\"description\" content=\"En parte por su ubicaci\u00f3n, y en parte por la falta de afluencia en el entorno de ocio festivo, algunos centros cierran durante las fiestas de San Ferm\u00edn\" \/>\n<meta name=\"robots\" content=\"index, follow, max-snippet:-1, max-image-preview:large, max-video-preview:-1\" \/>\n<link rel=\"canonical\" href=\"https:\/\/www.laguiadepamplona.com\/actualidad\/el-1-de-julio-diferentes-servicios-municipales-inician-cambios-horarios\/\" \/>\n<meta property=\"og:locale\" content=\"es_ES\" \/>\n<meta property=\"og:type\" content=\"article\" \/>\n<meta property=\"og:title\" content=\"El 1 de julio diferentes servicios municipales inician cambios horarios\" \/>\n<meta property=\"og:description\" content=\"En parte por su ubicaci\u00f3n, y en parte por la falta de afluencia en el entorno de ocio festivo, algunos centros cierran durante las fiestas de San Ferm\u00edn\" \/>\n<meta property=\"og:url\" content=\"https:\/\/www.laguiadepamplona.com\/actualidad\/el-1-de-julio-diferentes-servicios-municipales-inician-cambios-horarios\/\" \/>\n<meta property=\"og:site_name\" content=\"La Gu\u00eda de Pamplona\" \/>\n<meta property=\"article:publisher\" content=\"https:\/\/www.facebook.com\/laguiadepamplonacom-133175176762273\/?ref=hl\" \/>\n<meta property=\"article:published_time\" content=\"2025-06-27T16:24:20+00:00\" \/>\n<meta property=\"og:image\" content=\"https:\/\/www.laguiadepamplona.com\/actualidad\/wp-content\/uploads\/2024\/01\/ayuntamiento-pamplona.webp\" \/>\n\t<meta property=\"og:image:width\" content=\"1200\" \/>\n\t<meta property=\"og:image:height\" content=\"675\" \/>\n\t<meta property=\"og:image:type\" content=\"image\/webp\" \/>\n<meta name=\"author\" content=\"La Gu\u00eda de Pamplona\" \/>\n<meta name=\"twitter:card\" content=\"summary_large_image\" \/>\n<meta name=\"twitter:creator\" content=\"@LaGuiadPamplona\" \/>\n<meta name=\"twitter:site\" content=\"@LaGuiadPamplona\" \/>\n<meta name=\"twitter:label1\" content=\"Escrito por\" \/>\n\t<meta name=\"twitter:data1\" content=\"La Gu\u00eda de Pamplona\" \/>\n\t<meta name=\"twitter:label2\" content=\"Tiempo de lectura\" \/>\n\t<meta name=\"twitter:data2\" content=\"3 minutos\" \/>\n<script type=\"application\/ld+json\" class=\"yoast-schema-graph\">{\"@context\":\"https:\\\/\\\/schema.org\",\"@graph\":[{\"@type\":\"Article\",\"@id\":\"https:\\\/\\\/www.laguiadepamplona.com\\\/actualidad\\\/el-1-de-julio-diferentes-servicios-municipales-inician-cambios-horarios\\\/#article\",\"isPartOf\":{\"@id\":\"https:\\\/\\\/www.laguiadepamplona.com\\\/actualidad\\\/el-1-de-julio-diferentes-servicios-municipales-inician-cambios-horarios\\\/\"},\"author\":{\"name\":\"La Gu\u00eda de Pamplona\",\"@id\":\"https:\\\/\\\/www.laguiadepamplona.com\\\/actualidad\\\/#\\\/schema\\\/person\\\/efe887376f0213d4657c93adc50b1fdb\"},\"headline\":\"El 1 de julio diferentes servicios municipales inician cambios horarios\",\"datePublished\":\"2025-06-27T16:24:20+00:00\",\"mainEntityOfPage\":{\"@id\":\"https:\\\/\\\/www.laguiadepamplona.com\\\/actualidad\\\/el-1-de-julio-diferentes-servicios-municipales-inician-cambios-horarios\\\/\"},\"wordCount\":487,\"commentCount\":0,\"publisher\":{\"@id\":\"https:\\\/\\\/www.laguiadepamplona.com\\\/actualidad\\\/#organization\"},\"image\":{\"@id\":\"https:\\\/\\\/www.laguiadepamplona.com\\\/actualidad\\\/el-1-de-julio-diferentes-servicios-municipales-inician-cambios-horarios\\\/#primaryimage\"},\"thumbnailUrl\":\"https:\\\/\\\/www.laguiadepamplona.com\\\/actualidad\\\/wp-content\\\/uploads\\\/2024\\\/01\\\/ayuntamiento-pamplona.webp\",\"articleSection\":[\"Ayto Pamplona\"],\"inLanguage\":\"es\",\"potentialAction\":[{\"@type\":\"CommentAction\",\"name\":\"Comment\",\"target\":[\"https:\\\/\\\/www.laguiadepamplona.com\\\/actualidad\\\/el-1-de-julio-diferentes-servicios-municipales-inician-cambios-horarios\\\/#respond\"]}]},{\"@type\":\"WebPage\",\"@id\":\"https:\\\/\\\/www.laguiadepamplona.com\\\/actualidad\\\/el-1-de-julio-diferentes-servicios-municipales-inician-cambios-horarios\\\/\",\"url\":\"https:\\\/\\\/www.laguiadepamplona.com\\\/actualidad\\\/el-1-de-julio-diferentes-servicios-municipales-inician-cambios-horarios\\\/\",\"name\":\"El 1 de julio diferentes servicios municipales inician cambios horarios\",\"isPartOf\":{\"@id\":\"https:\\\/\\\/www.laguiadepamplona.com\\\/actualidad\\\/#website\"},\"primaryImageOfPage\":{\"@id\":\"https:\\\/\\\/www.laguiadepamplona.com\\\/actualidad\\\/el-1-de-julio-diferentes-servicios-municipales-inician-cambios-horarios\\\/#primaryimage\"},\"image\":{\"@id\":\"https:\\\/\\\/www.laguiadepamplona.com\\\/actualidad\\\/el-1-de-julio-diferentes-servicios-municipales-inician-cambios-horarios\\\/#primaryimage\"},\"thumbnailUrl\":\"https:\\\/\\\/www.laguiadepamplona.com\\\/actualidad\\\/wp-content\\\/uploads\\\/2024\\\/01\\\/ayuntamiento-pamplona.webp\",\"datePublished\":\"2025-06-27T16:24:20+00:00\",\"description\":\"En parte por su ubicaci\u00f3n, y en parte por la falta de afluencia en el entorno de ocio festivo, algunos centros cierran durante las fiestas de San Ferm\u00edn\",\"breadcrumb\":{\"@id\":\"https:\\\/\\\/www.laguiadepamplona.com\\\/actualidad\\\/el-1-de-julio-diferentes-servicios-municipales-inician-cambios-horarios\\\/#breadcrumb\"},\"inLanguage\":\"es\",\"potentialAction\":[{\"@type\":\"ReadAction\",\"target\":[\"https:\\\/\\\/www.laguiadepamplona.com\\\/actualidad\\\/el-1-de-julio-diferentes-servicios-municipales-inician-cambios-horarios\\\/\"]}]},{\"@type\":\"ImageObject\",\"inLanguage\":\"es\",\"@id\":\"https:\\\/\\\/www.laguiadepamplona.com\\\/actualidad\\\/el-1-de-julio-diferentes-servicios-municipales-inician-cambios-horarios\\\/#primaryimage\",\"url\":\"https:\\\/\\\/www.laguiadepamplona.com\\\/actualidad\\\/wp-content\\\/uploads\\\/2024\\\/01\\\/ayuntamiento-pamplona.webp\",\"contentUrl\":\"https:\\\/\\\/www.laguiadepamplona.com\\\/actualidad\\\/wp-content\\\/uploads\\\/2024\\\/01\\\/ayuntamiento-pamplona.webp\",\"width\":1200,\"height\":675,\"caption\":\"ayuntamiento pamplona\"},{\"@type\":\"BreadcrumbList\",\"@id\":\"https:\\\/\\\/www.laguiadepamplona.com\\\/actualidad\\\/el-1-de-julio-diferentes-servicios-municipales-inician-cambios-horarios\\\/#breadcrumb\",\"itemListElement\":[{\"@type\":\"ListItem\",\"position\":1,\"name\":\"Portada\",\"item\":\"https:\\\/\\\/www.laguiadepamplona.com\\\/actualidad\\\/\"},{\"@type\":\"ListItem\",\"position\":2,\"name\":\"El 1 de julio diferentes servicios municipales inician cambios horarios\"}]},{\"@type\":\"WebSite\",\"@id\":\"https:\\\/\\\/www.laguiadepamplona.com\\\/actualidad\\\/#website\",\"url\":\"https:\\\/\\\/www.laguiadepamplona.com\\\/actualidad\\\/\",\"name\":\"La gu\u00eda de Pamplona\",\"description\":\"Noticias de Pamplona\",\"publisher\":{\"@id\":\"https:\\\/\\\/www.laguiadepamplona.com\\\/actualidad\\\/#organization\"},\"potentialAction\":[{\"@type\":\"SearchAction\",\"target\":{\"@type\":\"EntryPoint\",\"urlTemplate\":\"https:\\\/\\\/www.laguiadepamplona.com\\\/actualidad\\\/?s={search_term_string}\"},\"query-input\":{\"@type\":\"PropertyValueSpecification\",\"valueRequired\":true,\"valueName\":\"search_term_string\"}}],\"inLanguage\":\"es\"},{\"@type\":\"Organization\",\"@id\":\"https:\\\/\\\/www.laguiadepamplona.com\\\/actualidad\\\/#organization\",\"name\":\"La Gu\u00eda de Pamplona \\\/ Noticias\",\"url\":\"https:\\\/\\\/www.laguiadepamplona.com\\\/actualidad\\\/\",\"logo\":{\"@type\":\"ImageObject\",\"inLanguage\":\"es\",\"@id\":\"https:\\\/\\\/www.laguiadepamplona.com\\\/actualidad\\\/#\\\/schema\\\/logo\\\/image\\\/\",\"url\":\"https:\\\/\\\/www.laguiadepamplona.com\\\/actualidad\\\/wp-content\\\/uploads\\\/2018\\\/11\\\/logo-laguiadepamplona18-web1.png\",\"contentUrl\":\"https:\\\/\\\/www.laguiadepamplona.com\\\/actualidad\\\/wp-content\\\/uploads\\\/2018\\\/11\\\/logo-laguiadepamplona18-web1.png\",\"width\":600,\"height\":196,\"caption\":\"La Gu\u00eda de Pamplona \\\/ Noticias\"},\"image\":{\"@id\":\"https:\\\/\\\/www.laguiadepamplona.com\\\/actualidad\\\/#\\\/schema\\\/logo\\\/image\\\/\"},\"sameAs\":[\"https:\\\/\\\/www.facebook.com\\\/laguiadepamplonacom-133175176762273\\\/?ref=hl\",\"https:\\\/\\\/x.com\\\/LaGuiadPamplona\",\"https:\\\/\\\/www.instagram.com\\\/la_guia_de_pamplona\\\/\",\"https:\\\/\\\/www.youtube.com\\\/user\\\/laguiadepamplona\"]},{\"@type\":\"Person\",\"@id\":\"https:\\\/\\\/www.laguiadepamplona.com\\\/actualidad\\\/#\\\/schema\\\/person\\\/efe887376f0213d4657c93adc50b1fdb\",\"name\":\"La Gu\u00eda de Pamplona\",\"image\":{\"@type\":\"ImageObject\",\"inLanguage\":\"es\",\"@id\":\"https:\\\/\\\/secure.gravatar.com\\\/avatar\\\/b6992f131dc8d30ab0dff15446e9d346d9dbd95992de0fef795073f5ea83a81c?s=96&d=mm&r=g\",\"url\":\"https:\\\/\\\/secure.gravatar.com\\\/avatar\\\/b6992f131dc8d30ab0dff15446e9d346d9dbd95992de0fef795073f5ea83a81c?s=96&d=mm&r=g\",\"contentUrl\":\"https:\\\/\\\/secure.gravatar.com\\\/avatar\\\/b6992f131dc8d30ab0dff15446e9d346d9dbd95992de0fef795073f5ea83a81c?s=96&d=mm&r=g\",\"caption\":\"La Gu\u00eda de Pamplona\"}}]}<\/script>\n<!-- \/ Yoast SEO plugin. -->","yoast_head_json":{"title":"El 1 de julio diferentes servicios municipales inician cambios horarios","description":"En parte por su ubicaci\u00f3n, y en parte por la falta de afluencia en el entorno de ocio festivo, algunos centros cierran durante las fiestas de San Ferm\u00edn","robots":{"index":"index","follow":"follow","max-snippet":"max-snippet:-1","max-image-preview":"max-image-preview:large","max-video-preview":"max-video-preview:-1"},"canonical":"https:\/\/www.laguiadepamplona.com\/actualidad\/el-1-de-julio-diferentes-servicios-municipales-inician-cambios-horarios\/","og_locale":"es_ES","og_type":"article","og_title":"El 1 de julio diferentes servicios municipales inician cambios horarios","og_description":"En parte por su ubicaci\u00f3n, y en parte por la falta de afluencia en el entorno de ocio festivo, algunos centros cierran durante las fiestas de San Ferm\u00edn","og_url":"https:\/\/www.laguiadepamplona.com\/actualidad\/el-1-de-julio-diferentes-servicios-municipales-inician-cambios-horarios\/","og_site_name":"La Gu\u00eda de Pamplona","article_publisher":"https:\/\/www.facebook.com\/laguiadepamplonacom-133175176762273\/?ref=hl","article_published_time":"2025-06-27T16:24:20+00:00","og_image":[{"width":1200,"height":675,"url":"https:\/\/www.laguiadepamplona.com\/actualidad\/wp-content\/uploads\/2024\/01\/ayuntamiento-pamplona.webp","type":"image\/webp"}],"author":"La Gu\u00eda de Pamplona","twitter_card":"summary_large_image","twitter_creator":"@LaGuiadPamplona","twitter_site":"@LaGuiadPamplona","twitter_misc":{"Escrito por":"La Gu\u00eda de Pamplona","Tiempo de lectura":"3 minutos"},"schema":{"@context":"https:\/\/schema.org","@graph":[{"@type":"Article","@id":"https:\/\/www.laguiadepamplona.com\/actualidad\/el-1-de-julio-diferentes-servicios-municipales-inician-cambios-horarios\/#article","isPartOf":{"@id":"https:\/\/www.laguiadepamplona.com\/actualidad\/el-1-de-julio-diferentes-servicios-municipales-inician-cambios-horarios\/"},"author":{"name":"La Gu\u00eda de Pamplona","@id":"https:\/\/www.laguiadepamplona.com\/actualidad\/#\/schema\/person\/efe887376f0213d4657c93adc50b1fdb"},"headline":"El 1 de julio diferentes servicios municipales inician cambios horarios","datePublished":"2025-06-27T16:24:20+00:00","mainEntityOfPage":{"@id":"https:\/\/www.laguiadepamplona.com\/actualidad\/el-1-de-julio-diferentes-servicios-municipales-inician-cambios-horarios\/"},"wordCount":487,"commentCount":0,"publisher":{"@id":"https:\/\/www.laguiadepamplona.com\/actualidad\/#organization"},"image":{"@id":"https:\/\/www.laguiadepamplona.com\/actualidad\/el-1-de-julio-diferentes-servicios-municipales-inician-cambios-horarios\/#primaryimage"},"thumbnailUrl":"https:\/\/www.laguiadepamplona.com\/actualidad\/wp-content\/uploads\/2024\/01\/ayuntamiento-pamplona.webp","articleSection":["Ayto Pamplona"],"inLanguage":"es","potentialAction":[{"@type":"CommentAction","name":"Comment","target":["https:\/\/www.laguiadepamplona.com\/actualidad\/el-1-de-julio-diferentes-servicios-municipales-inician-cambios-horarios\/#respond"]}]},{"@type":"WebPage","@id":"https:\/\/www.laguiadepamplona.com\/actualidad\/el-1-de-julio-diferentes-servicios-municipales-inician-cambios-horarios\/","url":"https:\/\/www.laguiadepamplona.com\/actualidad\/el-1-de-julio-diferentes-servicios-municipales-inician-cambios-horarios\/","name":"El 1 de julio diferentes servicios municipales inician cambios horarios","isPartOf":{"@id":"https:\/\/www.laguiadepamplona.com\/actualidad\/#website"},"primaryImageOfPage":{"@id":"https:\/\/www.laguiadepamplona.com\/actualidad\/el-1-de-julio-diferentes-servicios-municipales-inician-cambios-horarios\/#primaryimage"},"image":{"@id":"https:\/\/www.laguiadepamplona.com\/actualidad\/el-1-de-julio-diferentes-servicios-municipales-inician-cambios-horarios\/#primaryimage"},"thumbnailUrl":"https:\/\/www.laguiadepamplona.com\/actualidad\/wp-content\/uploads\/2024\/01\/ayuntamiento-pamplona.webp","datePublished":"2025-06-27T16:24:20+00:00","description":"En parte por su ubicaci\u00f3n, y en parte por la falta de afluencia en el entorno de ocio festivo, algunos centros cierran durante las fiestas de San Ferm\u00edn","breadcrumb":{"@id":"https:\/\/www.laguiadepamplona.com\/actualidad\/el-1-de-julio-diferentes-servicios-municipales-inician-cambios-horarios\/#breadcrumb"},"inLanguage":"es","potentialAction":[{"@type":"ReadAction","target":["https:\/\/www.laguiadepamplona.com\/actualidad\/el-1-de-julio-diferentes-servicios-municipales-inician-cambios-horarios\/"]}]},{"@type":"ImageObject","inLanguage":"es","@id":"https:\/\/www.laguiadepamplona.com\/actualidad\/el-1-de-julio-diferentes-servicios-municipales-inician-cambios-horarios\/#primaryimage","url":"https:\/\/www.laguiadepamplona.com\/actualidad\/wp-content\/uploads\/2024\/01\/ayuntamiento-pamplona.webp","contentUrl":"https:\/\/www.laguiadepamplona.com\/actualidad\/wp-content\/uploads\/2024\/01\/ayuntamiento-pamplona.webp","width":1200,"height":675,"caption":"ayuntamiento pamplona"},{"@type":"BreadcrumbList","@id":"https:\/\/www.laguiadepamplona.com\/actualidad\/el-1-de-julio-diferentes-servicios-municipales-inician-cambios-horarios\/#breadcrumb","itemListElement":[{"@type":"ListItem","position":1,"name":"Portada","item":"https:\/\/www.laguiadepamplona.com\/actualidad\/"},{"@type":"ListItem","position":2,"name":"El 1 de julio diferentes servicios municipales inician cambios horarios"}]},{"@type":"WebSite","@id":"https:\/\/www.laguiadepamplona.com\/actualidad\/#website","url":"https:\/\/www.laguiadepamplona.com\/actualidad\/","name":"La gu\u00eda de Pamplona","description":"Noticias de Pamplona","publisher":{"@id":"https:\/\/www.laguiadepamplona.com\/actualidad\/#organization"},"potentialAction":[{"@type":"SearchAction","target":{"@type":"EntryPoint","urlTemplate":"https:\/\/www.laguiadepamplona.com\/actualidad\/?s={search_term_string}"},"query-input":{"@type":"PropertyValueSpecification","valueRequired":true,"valueName":"search_term_string"}}],"inLanguage":"es"},{"@type":"Organization","@id":"https:\/\/www.laguiadepamplona.com\/actualidad\/#organization","name":"La Gu\u00eda de Pamplona \/ Noticias","url":"https:\/\/www.laguiadepamplona.com\/actualidad\/","logo":{"@type":"ImageObject","inLanguage":"es","@id":"https:\/\/www.laguiadepamplona.com\/actualidad\/#\/schema\/logo\/image\/","url":"https:\/\/www.laguiadepamplona.com\/actualidad\/wp-content\/uploads\/2018\/11\/logo-laguiadepamplona18-web1.png","contentUrl":"https:\/\/www.laguiadepamplona.com\/actualidad\/wp-content\/uploads\/2018\/11\/logo-laguiadepamplona18-web1.png","width":600,"height":196,"caption":"La Gu\u00eda de Pamplona \/ Noticias"},"image":{"@id":"https:\/\/www.laguiadepamplona.com\/actualidad\/#\/schema\/logo\/image\/"},"sameAs":["https:\/\/www.facebook.com\/laguiadepamplonacom-133175176762273\/?ref=hl","https:\/\/x.com\/LaGuiadPamplona","https:\/\/www.instagram.com\/la_guia_de_pamplona\/","https:\/\/www.youtube.com\/user\/laguiadepamplona"]},{"@type":"Person","@id":"https:\/\/www.laguiadepamplona.com\/actualidad\/#\/schema\/person\/efe887376f0213d4657c93adc50b1fdb","name":"La Gu\u00eda de Pamplona","image":{"@type":"ImageObject","inLanguage":"es","@id":"https:\/\/secure.gravatar.com\/avatar\/b6992f131dc8d30ab0dff15446e9d346d9dbd95992de0fef795073f5ea83a81c?s=96&d=mm&r=g","url":"https:\/\/secure.gravatar.com\/avatar\/b6992f131dc8d30ab0dff15446e9d346d9dbd95992de0fef795073f5ea83a81c?s=96&d=mm&r=g","contentUrl":"https:\/\/secure.gravatar.com\/avatar\/b6992f131dc8d30ab0dff15446e9d346d9dbd95992de0fef795073f5ea83a81c?s=96&d=mm&r=g","caption":"La Gu\u00eda de Pamplona"}}]}},"post_mailing_queue_ids":[],"_links":{"self":[{"href":"https:\/\/www.laguiadepamplona.com\/actualidad\/wp-json\/wp\/v2\/posts\/53273","targetHints":{"allow":["GET"]}}],"collection":[{"href":"https:\/\/www.laguiadepamplona.com\/actualidad\/wp-json\/wp\/v2\/posts"}],"about":[{"href":"https:\/\/www.laguiadepamplona.com\/actualidad\/wp-json\/wp\/v2\/types\/post"}],"author":[{"embeddable":true,"href":"https:\/\/www.laguiadepamplona.com\/actualidad\/wp-json\/wp\/v2\/users\/1"}],"replies":[{"embeddable":true,"href":"https:\/\/www.laguiadepamplona.com\/actualidad\/wp-json\/wp\/v2\/comments?post=53273"}],"version-history":[{"count":1,"href":"https:\/\/www.laguiadepamplona.com\/actualidad\/wp-json\/wp\/v2\/posts\/53273\/revisions"}],"predecessor-version":[{"id":53274,"href":"https:\/\/www.laguiadepamplona.com\/actualidad\/wp-json\/wp\/v2\/posts\/53273\/revisions\/53274"}],"wp:featuredmedia":[{"embeddable":true,"href":"https:\/\/www.laguiadepamplona.com\/actualidad\/wp-json\/wp\/v2\/media\/48503"}],"wp:attachment":[{"href":"https:\/\/www.laguiadepamplona.com\/actualidad\/wp-json\/wp\/v2\/media?parent=53273"}],"wp:term":[{"taxonomy":"category","embeddable":true,"href":"https:\/\/www.laguiadepamplona.com\/actualidad\/wp-json\/wp\/v2\/categories?post=53273"},{"taxonomy":"post_tag","embeddable":true,"href":"https:\/\/www.laguiadepamplona.com\/actualidad\/wp-json\/wp\/v2\/tags?post=53273"}],"curies":[{"name":"wp","href":"https:\/\/api.w.org\/{rel}","templated":true}]}}