{"id":53270,"date":"2025-06-27T18:18:04","date_gmt":"2025-06-27T16:18:04","guid":{"rendered":"https:\/\/www.laguiadepamplona.com\/actualidad\/?p=53270"},"modified":"2025-06-27T18:18:04","modified_gmt":"2025-06-27T16:18:04","slug":"pamplona-muestra-su-compromiso-con-la-igualdad-real-y-efectiva-de-todas-las-personas-en-una-concentracion-con-motivo-del-dia-internacional-del-orgullo-lgtbi","status":"publish","type":"post","link":"https:\/\/www.laguiadepamplona.com\/actualidad\/pamplona-muestra-su-compromiso-con-la-igualdad-real-y-efectiva-de-todas-las-personas-en-una-concentracion-con-motivo-del-dia-internacional-del-orgullo-lgtbi\/","title":{"rendered":"Pamplona muestra su compromiso con la igualdad real y efectiva de todas las personas en una concentraci\u00f3n con motivo del D\u00eda Internacional del Orgullo LGTBI+"},"content":{"rendered":"<h2>El alcalde Joseba Asiron Saez y la Corporaci\u00f3n municipal han mostrado su apoyo ante la Casa Consistorial<\/h2>\n<p><!--more--><\/p>\n<p>Con motivo del D\u00eda Internacional del Orgullo LGTBI+, que se celebra este s\u00e1bado, 28 de junio, el Ayuntamiento de Pamplona se ha concentrado ante la fachada de la Casa Consistorial, en un acto encabezado por el alcalde de la ciudad, Joseba Asiron Saez, y con la presencia de miembros de la Corporaci\u00f3n municipal y representantes de colectivos LGTBI+. Con este acto, el Consistorio ha querido mostrar \u201csu firme compromiso con la igualdad real y efectiva de todas las personas, independientemente de su orientaci\u00f3n sexual, expresi\u00f3n de g\u00e9nero e identidad sexual y de g\u00e9nero\u201d.<\/p>\n<p>Durante la concentraci\u00f3n, dos representantes de la Asociaci\u00f3n de Mujeres Lesbianas, Bisexuales y Transexuales Dekumas LBT, Noelia Garc\u00eda Rueda y Edurne P\u00e9rez Unanua, han sido las encargadas de leer, en castellano y en euskera respectivamente, la declaraci\u00f3n institucional que aprob\u00f3 este pasado martes la Comisi\u00f3n de Asuntos Ciudadanos. En ella, se ha recordado el origen de esta celebraci\u00f3n del D\u00eda Internacional del Orgullo LGTBI+, que se remonta al a\u00f1o 1969, en Nueva York, en un movimiento social contra la marginaci\u00f3n sist\u00e9mica de personas trans, lesbianas, gays y bisexuales. Desde entonces, se han realizado avances, con leyes y planes, pero, advierte la declaraci\u00f3n, \u201cno se puede caer en la autocomplacencia\u201d.<\/p>\n<p>El acto ha incluido, asimismo, la lectura por parte de la concejala delegada Igualdad, Acci\u00f3n Comunitaria, Barrios, Participaci\u00f3n Ciudadana y Euskera, Zaloa Basabe Guti\u00e9rrez, de los compromisos municipales en la materia. En concreto, el Ayuntamiento de Pamplona acord\u00f3 \u201creafirmar su compromiso institucional con la defensa de los derechos del colectivo LGTBI+, combatiendo activamente cualquier forma de discriminaci\u00f3n, odio o violencia por motivos de orientaci\u00f3n sexual, expresi\u00f3n de g\u00e9nero e identidad sexual o de g\u00e9nero\u201d. Tambi\u00e9n se compromete a \u201cimpulsar en la ciudad pol\u00edticas p\u00fablicas, a trav\u00e9s del desarrollo del Plan Municipal de Diversidad Sexual y de G\u00e9nero e Igualdad LGTBI+ del Ayuntamiento de Pamplona\u201d.<\/p>\n<p>En un tercer punto, la declaraci\u00f3n recoge la voluntad municipal de \u201ccolaborar de forma activa con las asociaciones y colectivos LGTBI+ de la ciudad, reconociendo su labor hist\u00f3rica y su papel fundamental en la construcci\u00f3n de una sociedad m\u00e1s justa e igualitaria\u201d. Por \u00faltimo, el Ayuntamiento quiere realizar, a trav\u00e9s de actos como la concentraci\u00f3n celebrada esta ma\u00f1ana, \u201cun llamamiento a toda la ciudadan\u00eda a formar parte activa de las reivindicaciones del colectivo LGTBI+ y a sumarse a los actos en conmemoraci\u00f3n del D\u00eda del Orgullo LGTBI+\u201d.<\/p>\n<p>El acto ha incluido una actuaci\u00f3n de Enklabe Dantza, de la mano de Ainhoa Carrera y Miguel Nu\u00f1o, que han interpretado la pieza \u2018Harrotasoinua\u2019, creada especialmente para la ocasi\u00f3n.<\/p>\n","protected":false},"excerpt":{"rendered":"<p>El alcalde Joseba Asiron Saez y la Corporaci\u00f3n municipal han mostrado su apoyo ante la Casa Consistorial<\/p>\n","protected":false},"author":1,"featured_media":53271,"comment_status":"open","ping_status":"closed","sticky":false,"template":"","format":"standard","meta":{"footnotes":""},"categories":[2],"tags":[],"class_list":["post-53270","post","type-post","status-publish","format-standard","has-post-thumbnail","hentry","category-ayuntamiento-pamplona"],"yoast_head":"<!-- This site is optimized with the Yoast SEO plugin v27.3 - https:\/\/yoast.com\/product\/yoast-seo-wordpress\/ -->\n<title>Pamplona muestra su compromiso con la igualdad real y efectiva de todas las personas en una concentraci\u00f3n con motivo del D\u00eda Internacional del Orgullo LGTBI+<\/title>\n<meta name=\"description\" content=\"El alcalde Joseba Asiron Saez y la Corporaci\u00f3n municipal han mostrado su apoyo ante la Casa Consistorial\" \/>\n<meta name=\"robots\" content=\"index, follow, max-snippet:-1, max-image-preview:large, max-video-preview:-1\" \/>\n<link rel=\"canonical\" href=\"https:\/\/www.laguiadepamplona.com\/actualidad\/pamplona-muestra-su-compromiso-con-la-igualdad-real-y-efectiva-de-todas-las-personas-en-una-concentracion-con-motivo-del-dia-internacional-del-orgullo-lgtbi\/\" \/>\n<meta property=\"og:locale\" content=\"es_ES\" \/>\n<meta property=\"og:type\" content=\"article\" \/>\n<meta property=\"og:title\" content=\"Pamplona muestra su compromiso con la igualdad real y efectiva de todas las personas en una concentraci\u00f3n con motivo del D\u00eda Internacional del Orgullo LGTBI+\" \/>\n<meta property=\"og:description\" content=\"El alcalde Joseba Asiron Saez y la Corporaci\u00f3n municipal han mostrado su apoyo ante la Casa Consistorial\" \/>\n<meta property=\"og:url\" content=\"https:\/\/www.laguiadepamplona.com\/actualidad\/pamplona-muestra-su-compromiso-con-la-igualdad-real-y-efectiva-de-todas-las-personas-en-una-concentracion-con-motivo-del-dia-internacional-del-orgullo-lgtbi\/\" \/>\n<meta property=\"og:site_name\" content=\"La Gu\u00eda de Pamplona\" \/>\n<meta property=\"article:publisher\" content=\"https:\/\/www.facebook.com\/laguiadepamplonacom-133175176762273\/?ref=hl\" \/>\n<meta property=\"article:published_time\" content=\"2025-06-27T16:18:04+00:00\" \/>\n<meta property=\"og:image\" content=\"https:\/\/www.laguiadepamplona.com\/actualidad\/wp-content\/uploads\/2025\/06\/2actodiadelorgullolgtbidsc81582-scaled.jpg\" \/>\n\t<meta property=\"og:image:width\" content=\"2560\" \/>\n\t<meta property=\"og:image:height\" content=\"1704\" \/>\n\t<meta property=\"og:image:type\" content=\"image\/jpeg\" \/>\n<meta name=\"author\" content=\"La Gu\u00eda de Pamplona\" \/>\n<meta name=\"twitter:card\" content=\"summary_large_image\" \/>\n<meta name=\"twitter:creator\" content=\"@LaGuiadPamplona\" \/>\n<meta name=\"twitter:site\" content=\"@LaGuiadPamplona\" \/>\n<meta name=\"twitter:label1\" content=\"Escrito por\" \/>\n\t<meta name=\"twitter:data1\" content=\"La Gu\u00eda de Pamplona\" \/>\n\t<meta name=\"twitter:label2\" content=\"Tiempo de lectura\" \/>\n\t<meta name=\"twitter:data2\" content=\"3 minutos\" \/>\n<script type=\"application\/ld+json\" class=\"yoast-schema-graph\">{\"@context\":\"https:\\\/\\\/schema.org\",\"@graph\":[{\"@type\":\"Article\",\"@id\":\"https:\\\/\\\/www.laguiadepamplona.com\\\/actualidad\\\/pamplona-muestra-su-compromiso-con-la-igualdad-real-y-efectiva-de-todas-las-personas-en-una-concentracion-con-motivo-del-dia-internacional-del-orgullo-lgtbi\\\/#article\",\"isPartOf\":{\"@id\":\"https:\\\/\\\/www.laguiadepamplona.com\\\/actualidad\\\/pamplona-muestra-su-compromiso-con-la-igualdad-real-y-efectiva-de-todas-las-personas-en-una-concentracion-con-motivo-del-dia-internacional-del-orgullo-lgtbi\\\/\"},\"author\":{\"name\":\"La Gu\u00eda de Pamplona\",\"@id\":\"https:\\\/\\\/www.laguiadepamplona.com\\\/actualidad\\\/#\\\/schema\\\/person\\\/efe887376f0213d4657c93adc50b1fdb\"},\"headline\":\"Pamplona muestra su compromiso con la igualdad real y efectiva de todas las personas en una concentraci\u00f3n con motivo del D\u00eda Internacional del Orgullo LGTBI+\",\"datePublished\":\"2025-06-27T16:18:04+00:00\",\"mainEntityOfPage\":{\"@id\":\"https:\\\/\\\/www.laguiadepamplona.com\\\/actualidad\\\/pamplona-muestra-su-compromiso-con-la-igualdad-real-y-efectiva-de-todas-las-personas-en-una-concentracion-con-motivo-del-dia-internacional-del-orgullo-lgtbi\\\/\"},\"wordCount\":510,\"commentCount\":0,\"publisher\":{\"@id\":\"https:\\\/\\\/www.laguiadepamplona.com\\\/actualidad\\\/#organization\"},\"image\":{\"@id\":\"https:\\\/\\\/www.laguiadepamplona.com\\\/actualidad\\\/pamplona-muestra-su-compromiso-con-la-igualdad-real-y-efectiva-de-todas-las-personas-en-una-concentracion-con-motivo-del-dia-internacional-del-orgullo-lgtbi\\\/#primaryimage\"},\"thumbnailUrl\":\"https:\\\/\\\/www.laguiadepamplona.com\\\/actualidad\\\/wp-content\\\/uploads\\\/2025\\\/06\\\/2actodiadelorgullolgtbidsc81582-scaled.jpg\",\"articleSection\":[\"Ayto Pamplona\"],\"inLanguage\":\"es\",\"potentialAction\":[{\"@type\":\"CommentAction\",\"name\":\"Comment\",\"target\":[\"https:\\\/\\\/www.laguiadepamplona.com\\\/actualidad\\\/pamplona-muestra-su-compromiso-con-la-igualdad-real-y-efectiva-de-todas-las-personas-en-una-concentracion-con-motivo-del-dia-internacional-del-orgullo-lgtbi\\\/#respond\"]}]},{\"@type\":\"WebPage\",\"@id\":\"https:\\\/\\\/www.laguiadepamplona.com\\\/actualidad\\\/pamplona-muestra-su-compromiso-con-la-igualdad-real-y-efectiva-de-todas-las-personas-en-una-concentracion-con-motivo-del-dia-internacional-del-orgullo-lgtbi\\\/\",\"url\":\"https:\\\/\\\/www.laguiadepamplona.com\\\/actualidad\\\/pamplona-muestra-su-compromiso-con-la-igualdad-real-y-efectiva-de-todas-las-personas-en-una-concentracion-con-motivo-del-dia-internacional-del-orgullo-lgtbi\\\/\",\"name\":\"Pamplona muestra su compromiso con la igualdad real y efectiva de todas las personas en una concentraci\u00f3n con motivo del D\u00eda Internacional del Orgullo LGTBI+\",\"isPartOf\":{\"@id\":\"https:\\\/\\\/www.laguiadepamplona.com\\\/actualidad\\\/#website\"},\"primaryImageOfPage\":{\"@id\":\"https:\\\/\\\/www.laguiadepamplona.com\\\/actualidad\\\/pamplona-muestra-su-compromiso-con-la-igualdad-real-y-efectiva-de-todas-las-personas-en-una-concentracion-con-motivo-del-dia-internacional-del-orgullo-lgtbi\\\/#primaryimage\"},\"image\":{\"@id\":\"https:\\\/\\\/www.laguiadepamplona.com\\\/actualidad\\\/pamplona-muestra-su-compromiso-con-la-igualdad-real-y-efectiva-de-todas-las-personas-en-una-concentracion-con-motivo-del-dia-internacional-del-orgullo-lgtbi\\\/#primaryimage\"},\"thumbnailUrl\":\"https:\\\/\\\/www.laguiadepamplona.com\\\/actualidad\\\/wp-content\\\/uploads\\\/2025\\\/06\\\/2actodiadelorgullolgtbidsc81582-scaled.jpg\",\"datePublished\":\"2025-06-27T16:18:04+00:00\",\"description\":\"El alcalde Joseba Asiron Saez y la Corporaci\u00f3n municipal han mostrado su apoyo ante la Casa Consistorial\",\"breadcrumb\":{\"@id\":\"https:\\\/\\\/www.laguiadepamplona.com\\\/actualidad\\\/pamplona-muestra-su-compromiso-con-la-igualdad-real-y-efectiva-de-todas-las-personas-en-una-concentracion-con-motivo-del-dia-internacional-del-orgullo-lgtbi\\\/#breadcrumb\"},\"inLanguage\":\"es\",\"potentialAction\":[{\"@type\":\"ReadAction\",\"target\":[\"https:\\\/\\\/www.laguiadepamplona.com\\\/actualidad\\\/pamplona-muestra-su-compromiso-con-la-igualdad-real-y-efectiva-de-todas-las-personas-en-una-concentracion-con-motivo-del-dia-internacional-del-orgullo-lgtbi\\\/\"]}]},{\"@type\":\"ImageObject\",\"inLanguage\":\"es\",\"@id\":\"https:\\\/\\\/www.laguiadepamplona.com\\\/actualidad\\\/pamplona-muestra-su-compromiso-con-la-igualdad-real-y-efectiva-de-todas-las-personas-en-una-concentracion-con-motivo-del-dia-internacional-del-orgullo-lgtbi\\\/#primaryimage\",\"url\":\"https:\\\/\\\/www.laguiadepamplona.com\\\/actualidad\\\/wp-content\\\/uploads\\\/2025\\\/06\\\/2actodiadelorgullolgtbidsc81582-scaled.jpg\",\"contentUrl\":\"https:\\\/\\\/www.laguiadepamplona.com\\\/actualidad\\\/wp-content\\\/uploads\\\/2025\\\/06\\\/2actodiadelorgullolgtbidsc81582-scaled.jpg\",\"width\":2560,\"height\":1704,\"caption\":\"acto dia del orgullo lgtbi\"},{\"@type\":\"BreadcrumbList\",\"@id\":\"https:\\\/\\\/www.laguiadepamplona.com\\\/actualidad\\\/pamplona-muestra-su-compromiso-con-la-igualdad-real-y-efectiva-de-todas-las-personas-en-una-concentracion-con-motivo-del-dia-internacional-del-orgullo-lgtbi\\\/#breadcrumb\",\"itemListElement\":[{\"@type\":\"ListItem\",\"position\":1,\"name\":\"Portada\",\"item\":\"https:\\\/\\\/www.laguiadepamplona.com\\\/actualidad\\\/\"},{\"@type\":\"ListItem\",\"position\":2,\"name\":\"Pamplona muestra su compromiso con la igualdad real y efectiva de todas las personas en una concentraci\u00f3n con motivo del D\u00eda Internacional del Orgullo LGTBI+\"}]},{\"@type\":\"WebSite\",\"@id\":\"https:\\\/\\\/www.laguiadepamplona.com\\\/actualidad\\\/#website\",\"url\":\"https:\\\/\\\/www.laguiadepamplona.com\\\/actualidad\\\/\",\"name\":\"La gu\u00eda de Pamplona\",\"description\":\"Noticias de Pamplona\",\"publisher\":{\"@id\":\"https:\\\/\\\/www.laguiadepamplona.com\\\/actualidad\\\/#organization\"},\"potentialAction\":[{\"@type\":\"SearchAction\",\"target\":{\"@type\":\"EntryPoint\",\"urlTemplate\":\"https:\\\/\\\/www.laguiadepamplona.com\\\/actualidad\\\/?s={search_term_string}\"},\"query-input\":{\"@type\":\"PropertyValueSpecification\",\"valueRequired\":true,\"valueName\":\"search_term_string\"}}],\"inLanguage\":\"es\"},{\"@type\":\"Organization\",\"@id\":\"https:\\\/\\\/www.laguiadepamplona.com\\\/actualidad\\\/#organization\",\"name\":\"La Gu\u00eda de Pamplona \\\/ Noticias\",\"url\":\"https:\\\/\\\/www.laguiadepamplona.com\\\/actualidad\\\/\",\"logo\":{\"@type\":\"ImageObject\",\"inLanguage\":\"es\",\"@id\":\"https:\\\/\\\/www.laguiadepamplona.com\\\/actualidad\\\/#\\\/schema\\\/logo\\\/image\\\/\",\"url\":\"https:\\\/\\\/www.laguiadepamplona.com\\\/actualidad\\\/wp-content\\\/uploads\\\/2018\\\/11\\\/logo-laguiadepamplona18-web1.png\",\"contentUrl\":\"https:\\\/\\\/www.laguiadepamplona.com\\\/actualidad\\\/wp-content\\\/uploads\\\/2018\\\/11\\\/logo-laguiadepamplona18-web1.png\",\"width\":600,\"height\":196,\"caption\":\"La Gu\u00eda de Pamplona \\\/ Noticias\"},\"image\":{\"@id\":\"https:\\\/\\\/www.laguiadepamplona.com\\\/actualidad\\\/#\\\/schema\\\/logo\\\/image\\\/\"},\"sameAs\":[\"https:\\\/\\\/www.facebook.com\\\/laguiadepamplonacom-133175176762273\\\/?ref=hl\",\"https:\\\/\\\/x.com\\\/LaGuiadPamplona\",\"https:\\\/\\\/www.instagram.com\\\/la_guia_de_pamplona\\\/\",\"https:\\\/\\\/www.youtube.com\\\/user\\\/laguiadepamplona\"]},{\"@type\":\"Person\",\"@id\":\"https:\\\/\\\/www.laguiadepamplona.com\\\/actualidad\\\/#\\\/schema\\\/person\\\/efe887376f0213d4657c93adc50b1fdb\",\"name\":\"La Gu\u00eda de Pamplona\",\"image\":{\"@type\":\"ImageObject\",\"inLanguage\":\"es\",\"@id\":\"https:\\\/\\\/secure.gravatar.com\\\/avatar\\\/b6992f131dc8d30ab0dff15446e9d346d9dbd95992de0fef795073f5ea83a81c?s=96&d=mm&r=g\",\"url\":\"https:\\\/\\\/secure.gravatar.com\\\/avatar\\\/b6992f131dc8d30ab0dff15446e9d346d9dbd95992de0fef795073f5ea83a81c?s=96&d=mm&r=g\",\"contentUrl\":\"https:\\\/\\\/secure.gravatar.com\\\/avatar\\\/b6992f131dc8d30ab0dff15446e9d346d9dbd95992de0fef795073f5ea83a81c?s=96&d=mm&r=g\",\"caption\":\"La Gu\u00eda de Pamplona\"}}]}<\/script>\n<!-- \/ Yoast SEO plugin. -->","yoast_head_json":{"title":"Pamplona muestra su compromiso con la igualdad real y efectiva de todas las personas en una concentraci\u00f3n con motivo del D\u00eda Internacional del Orgullo LGTBI+","description":"El alcalde Joseba Asiron Saez y la Corporaci\u00f3n municipal han mostrado su apoyo ante la Casa Consistorial","robots":{"index":"index","follow":"follow","max-snippet":"max-snippet:-1","max-image-preview":"max-image-preview:large","max-video-preview":"max-video-preview:-1"},"canonical":"https:\/\/www.laguiadepamplona.com\/actualidad\/pamplona-muestra-su-compromiso-con-la-igualdad-real-y-efectiva-de-todas-las-personas-en-una-concentracion-con-motivo-del-dia-internacional-del-orgullo-lgtbi\/","og_locale":"es_ES","og_type":"article","og_title":"Pamplona muestra su compromiso con la igualdad real y efectiva de todas las personas en una concentraci\u00f3n con motivo del D\u00eda Internacional del Orgullo LGTBI+","og_description":"El alcalde Joseba Asiron Saez y la Corporaci\u00f3n municipal han mostrado su apoyo ante la Casa Consistorial","og_url":"https:\/\/www.laguiadepamplona.com\/actualidad\/pamplona-muestra-su-compromiso-con-la-igualdad-real-y-efectiva-de-todas-las-personas-en-una-concentracion-con-motivo-del-dia-internacional-del-orgullo-lgtbi\/","og_site_name":"La Gu\u00eda de Pamplona","article_publisher":"https:\/\/www.facebook.com\/laguiadepamplonacom-133175176762273\/?ref=hl","article_published_time":"2025-06-27T16:18:04+00:00","og_image":[{"width":2560,"height":1704,"url":"https:\/\/www.laguiadepamplona.com\/actualidad\/wp-content\/uploads\/2025\/06\/2actodiadelorgullolgtbidsc81582-scaled.jpg","type":"image\/jpeg"}],"author":"La Gu\u00eda de Pamplona","twitter_card":"summary_large_image","twitter_creator":"@LaGuiadPamplona","twitter_site":"@LaGuiadPamplona","twitter_misc":{"Escrito por":"La Gu\u00eda de Pamplona","Tiempo de lectura":"3 minutos"},"schema":{"@context":"https:\/\/schema.org","@graph":[{"@type":"Article","@id":"https:\/\/www.laguiadepamplona.com\/actualidad\/pamplona-muestra-su-compromiso-con-la-igualdad-real-y-efectiva-de-todas-las-personas-en-una-concentracion-con-motivo-del-dia-internacional-del-orgullo-lgtbi\/#article","isPartOf":{"@id":"https:\/\/www.laguiadepamplona.com\/actualidad\/pamplona-muestra-su-compromiso-con-la-igualdad-real-y-efectiva-de-todas-las-personas-en-una-concentracion-con-motivo-del-dia-internacional-del-orgullo-lgtbi\/"},"author":{"name":"La Gu\u00eda de Pamplona","@id":"https:\/\/www.laguiadepamplona.com\/actualidad\/#\/schema\/person\/efe887376f0213d4657c93adc50b1fdb"},"headline":"Pamplona muestra su compromiso con la igualdad real y efectiva de todas las personas en una concentraci\u00f3n con motivo del D\u00eda Internacional del Orgullo LGTBI+","datePublished":"2025-06-27T16:18:04+00:00","mainEntityOfPage":{"@id":"https:\/\/www.laguiadepamplona.com\/actualidad\/pamplona-muestra-su-compromiso-con-la-igualdad-real-y-efectiva-de-todas-las-personas-en-una-concentracion-con-motivo-del-dia-internacional-del-orgullo-lgtbi\/"},"wordCount":510,"commentCount":0,"publisher":{"@id":"https:\/\/www.laguiadepamplona.com\/actualidad\/#organization"},"image":{"@id":"https:\/\/www.laguiadepamplona.com\/actualidad\/pamplona-muestra-su-compromiso-con-la-igualdad-real-y-efectiva-de-todas-las-personas-en-una-concentracion-con-motivo-del-dia-internacional-del-orgullo-lgtbi\/#primaryimage"},"thumbnailUrl":"https:\/\/www.laguiadepamplona.com\/actualidad\/wp-content\/uploads\/2025\/06\/2actodiadelorgullolgtbidsc81582-scaled.jpg","articleSection":["Ayto Pamplona"],"inLanguage":"es","potentialAction":[{"@type":"CommentAction","name":"Comment","target":["https:\/\/www.laguiadepamplona.com\/actualidad\/pamplona-muestra-su-compromiso-con-la-igualdad-real-y-efectiva-de-todas-las-personas-en-una-concentracion-con-motivo-del-dia-internacional-del-orgullo-lgtbi\/#respond"]}]},{"@type":"WebPage","@id":"https:\/\/www.laguiadepamplona.com\/actualidad\/pamplona-muestra-su-compromiso-con-la-igualdad-real-y-efectiva-de-todas-las-personas-en-una-concentracion-con-motivo-del-dia-internacional-del-orgullo-lgtbi\/","url":"https:\/\/www.laguiadepamplona.com\/actualidad\/pamplona-muestra-su-compromiso-con-la-igualdad-real-y-efectiva-de-todas-las-personas-en-una-concentracion-con-motivo-del-dia-internacional-del-orgullo-lgtbi\/","name":"Pamplona muestra su compromiso con la igualdad real y efectiva de todas las personas en una concentraci\u00f3n con motivo del D\u00eda Internacional del Orgullo LGTBI+","isPartOf":{"@id":"https:\/\/www.laguiadepamplona.com\/actualidad\/#website"},"primaryImageOfPage":{"@id":"https:\/\/www.laguiadepamplona.com\/actualidad\/pamplona-muestra-su-compromiso-con-la-igualdad-real-y-efectiva-de-todas-las-personas-en-una-concentracion-con-motivo-del-dia-internacional-del-orgullo-lgtbi\/#primaryimage"},"image":{"@id":"https:\/\/www.laguiadepamplona.com\/actualidad\/pamplona-muestra-su-compromiso-con-la-igualdad-real-y-efectiva-de-todas-las-personas-en-una-concentracion-con-motivo-del-dia-internacional-del-orgullo-lgtbi\/#primaryimage"},"thumbnailUrl":"https:\/\/www.laguiadepamplona.com\/actualidad\/wp-content\/uploads\/2025\/06\/2actodiadelorgullolgtbidsc81582-scaled.jpg","datePublished":"2025-06-27T16:18:04+00:00","description":"El alcalde Joseba Asiron Saez y la Corporaci\u00f3n municipal han mostrado su apoyo ante la Casa Consistorial","breadcrumb":{"@id":"https:\/\/www.laguiadepamplona.com\/actualidad\/pamplona-muestra-su-compromiso-con-la-igualdad-real-y-efectiva-de-todas-las-personas-en-una-concentracion-con-motivo-del-dia-internacional-del-orgullo-lgtbi\/#breadcrumb"},"inLanguage":"es","potentialAction":[{"@type":"ReadAction","target":["https:\/\/www.laguiadepamplona.com\/actualidad\/pamplona-muestra-su-compromiso-con-la-igualdad-real-y-efectiva-de-todas-las-personas-en-una-concentracion-con-motivo-del-dia-internacional-del-orgullo-lgtbi\/"]}]},{"@type":"ImageObject","inLanguage":"es","@id":"https:\/\/www.laguiadepamplona.com\/actualidad\/pamplona-muestra-su-compromiso-con-la-igualdad-real-y-efectiva-de-todas-las-personas-en-una-concentracion-con-motivo-del-dia-internacional-del-orgullo-lgtbi\/#primaryimage","url":"https:\/\/www.laguiadepamplona.com\/actualidad\/wp-content\/uploads\/2025\/06\/2actodiadelorgullolgtbidsc81582-scaled.jpg","contentUrl":"https:\/\/www.laguiadepamplona.com\/actualidad\/wp-content\/uploads\/2025\/06\/2actodiadelorgullolgtbidsc81582-scaled.jpg","width":2560,"height":1704,"caption":"acto dia del orgullo lgtbi"},{"@type":"BreadcrumbList","@id":"https:\/\/www.laguiadepamplona.com\/actualidad\/pamplona-muestra-su-compromiso-con-la-igualdad-real-y-efectiva-de-todas-las-personas-en-una-concentracion-con-motivo-del-dia-internacional-del-orgullo-lgtbi\/#breadcrumb","itemListElement":[{"@type":"ListItem","position":1,"name":"Portada","item":"https:\/\/www.laguiadepamplona.com\/actualidad\/"},{"@type":"ListItem","position":2,"name":"Pamplona muestra su compromiso con la igualdad real y efectiva de todas las personas en una concentraci\u00f3n con motivo del D\u00eda Internacional del Orgullo LGTBI+"}]},{"@type":"WebSite","@id":"https:\/\/www.laguiadepamplona.com\/actualidad\/#website","url":"https:\/\/www.laguiadepamplona.com\/actualidad\/","name":"La gu\u00eda de Pamplona","description":"Noticias de Pamplona","publisher":{"@id":"https:\/\/www.laguiadepamplona.com\/actualidad\/#organization"},"potentialAction":[{"@type":"SearchAction","target":{"@type":"EntryPoint","urlTemplate":"https:\/\/www.laguiadepamplona.com\/actualidad\/?s={search_term_string}"},"query-input":{"@type":"PropertyValueSpecification","valueRequired":true,"valueName":"search_term_string"}}],"inLanguage":"es"},{"@type":"Organization","@id":"https:\/\/www.laguiadepamplona.com\/actualidad\/#organization","name":"La Gu\u00eda de Pamplona \/ Noticias","url":"https:\/\/www.laguiadepamplona.com\/actualidad\/","logo":{"@type":"ImageObject","inLanguage":"es","@id":"https:\/\/www.laguiadepamplona.com\/actualidad\/#\/schema\/logo\/image\/","url":"https:\/\/www.laguiadepamplona.com\/actualidad\/wp-content\/uploads\/2018\/11\/logo-laguiadepamplona18-web1.png","contentUrl":"https:\/\/www.laguiadepamplona.com\/actualidad\/wp-content\/uploads\/2018\/11\/logo-laguiadepamplona18-web1.png","width":600,"height":196,"caption":"La Gu\u00eda de Pamplona \/ Noticias"},"image":{"@id":"https:\/\/www.laguiadepamplona.com\/actualidad\/#\/schema\/logo\/image\/"},"sameAs":["https:\/\/www.facebook.com\/laguiadepamplonacom-133175176762273\/?ref=hl","https:\/\/x.com\/LaGuiadPamplona","https:\/\/www.instagram.com\/la_guia_de_pamplona\/","https:\/\/www.youtube.com\/user\/laguiadepamplona"]},{"@type":"Person","@id":"https:\/\/www.laguiadepamplona.com\/actualidad\/#\/schema\/person\/efe887376f0213d4657c93adc50b1fdb","name":"La Gu\u00eda de Pamplona","image":{"@type":"ImageObject","inLanguage":"es","@id":"https:\/\/secure.gravatar.com\/avatar\/b6992f131dc8d30ab0dff15446e9d346d9dbd95992de0fef795073f5ea83a81c?s=96&d=mm&r=g","url":"https:\/\/secure.gravatar.com\/avatar\/b6992f131dc8d30ab0dff15446e9d346d9dbd95992de0fef795073f5ea83a81c?s=96&d=mm&r=g","contentUrl":"https:\/\/secure.gravatar.com\/avatar\/b6992f131dc8d30ab0dff15446e9d346d9dbd95992de0fef795073f5ea83a81c?s=96&d=mm&r=g","caption":"La Gu\u00eda de Pamplona"}}]}},"post_mailing_queue_ids":[],"_links":{"self":[{"href":"https:\/\/www.laguiadepamplona.com\/actualidad\/wp-json\/wp\/v2\/posts\/53270","targetHints":{"allow":["GET"]}}],"collection":[{"href":"https:\/\/www.laguiadepamplona.com\/actualidad\/wp-json\/wp\/v2\/posts"}],"about":[{"href":"https:\/\/www.laguiadepamplona.com\/actualidad\/wp-json\/wp\/v2\/types\/post"}],"author":[{"embeddable":true,"href":"https:\/\/www.laguiadepamplona.com\/actualidad\/wp-json\/wp\/v2\/users\/1"}],"replies":[{"embeddable":true,"href":"https:\/\/www.laguiadepamplona.com\/actualidad\/wp-json\/wp\/v2\/comments?post=53270"}],"version-history":[{"count":1,"href":"https:\/\/www.laguiadepamplona.com\/actualidad\/wp-json\/wp\/v2\/posts\/53270\/revisions"}],"predecessor-version":[{"id":53272,"href":"https:\/\/www.laguiadepamplona.com\/actualidad\/wp-json\/wp\/v2\/posts\/53270\/revisions\/53272"}],"wp:featuredmedia":[{"embeddable":true,"href":"https:\/\/www.laguiadepamplona.com\/actualidad\/wp-json\/wp\/v2\/media\/53271"}],"wp:attachment":[{"href":"https:\/\/www.laguiadepamplona.com\/actualidad\/wp-json\/wp\/v2\/media?parent=53270"}],"wp:term":[{"taxonomy":"category","embeddable":true,"href":"https:\/\/www.laguiadepamplona.com\/actualidad\/wp-json\/wp\/v2\/categories?post=53270"},{"taxonomy":"post_tag","embeddable":true,"href":"https:\/\/www.laguiadepamplona.com\/actualidad\/wp-json\/wp\/v2\/tags?post=53270"}],"curies":[{"name":"wp","href":"https:\/\/api.w.org\/{rel}","templated":true}]}}