{"id":53267,"date":"2025-06-26T17:07:36","date_gmt":"2025-06-26T15:07:36","guid":{"rendered":"https:\/\/www.laguiadepamplona.com\/actualidad\/?p=53267"},"modified":"2025-06-26T17:07:36","modified_gmt":"2025-06-26T15:07:36","slug":"un-nuevo-tramo-de-carril-bici-en-la-plaza-de-los-fueros-y-yanguas-y-miranda-conectara-los-recorridos-ciclables-de-los-barrios-de-milagrosa-iturrama-azpilagana-y-casco-antiguo","status":"publish","type":"post","link":"https:\/\/www.laguiadepamplona.com\/actualidad\/un-nuevo-tramo-de-carril-bici-en-la-plaza-de-los-fueros-y-yanguas-y-miranda-conectara-los-recorridos-ciclables-de-los-barrios-de-milagrosa-iturrama-azpilagana-y-casco-antiguo\/","title":{"rendered":"Un nuevo tramo de carril bici en la plaza de los Fueros y Yanguas y Miranda conectar\u00e1 los recorridos ciclables de los barrios de Milagrosa, Iturrama, Azpilaga\u00f1a y Casco Antiguo"},"content":{"rendered":"<h2>El Ayuntamiento de Pamplona va a intervenir tambi\u00e9n en las calles Monasterio de Cilveti e Irunlarrea, con mejoras de movilidad y accesibilidad<\/h2>\n<p><!--more--><\/p>\n<p>El Ayuntamiento de Pamplona iniciar\u00e1 despu\u00e9s de los Sanfermines, las obras para conectar los carriles bici que llegan al centro de la ciudad desde barrios como Milagrosa, Iturrama o Azpilaga\u00f1a, a trav\u00e9s de la plaza de los Fueros y Yanguas y Miranda. De esta manera, se completar\u00e1n recorridos ciclables, siguiendo con la apuesta municipal por la movilidad sostenible. La Junta de Movilidad ha conocido esta ma\u00f1ana, adem\u00e1s, el detalle de los proyectos previstos en las calles Monasterio de Cilveti e Irunlarrea.<\/p>\n<p>En el entorno de la plaza de los Fueros, existen actualmente carriles bici bidireccionales que llegan a la avenida del Ej\u00e9rcito e inicio de Yanguas y Miranda, a Abejeras y Juli\u00e1n Gayarre y tambi\u00e9n a la Ciudadela. Esta intervenci\u00f3n busca conectar estos carriles bicis de forma que se genere un eje ciclable continuo que conecte los barrios de Milagrosa, Iturrama, Azpilaga\u00f1a, y Casco Viejo. Adem\u00e1s, se aprovecha la intervenci\u00f3n para mejorar la accesibilidad de los pasos peatonales de la Casa de Misericordia. La obra tiene un presupuesto de 1.005.231,71 euros, que se ejecutar\u00e1 con cargo a 2025 y 2026.<\/p>\n<p>El carril bici proyectado comenzar\u00e1 en la calle Abejeras, en las inmediaciones de la plaza de los Fueros. Desde este punto, buscar\u00e1 la avenida de Sancho el Fuerte a trav\u00e9s de una zona ajardinada. Posteriormente, el trazado discurrir\u00e1 por el oeste de la plaza de los Fueros hasta la conexi\u00f3n Yanguas y Miranda y con la pista ciclable del entorno de la Ciudadela, a trav\u00e9s de la Calle Vuelta del Castillo. En la calle Yanguas y Miranda el nuevo carril bici transitar\u00e1 por el per\u00edmetro de la acera de acceso a la estaci\u00f3n de autobuses hasta la avenida del Ej\u00e9rcito. Ser\u00e1 un carril bici de 3 metros de ancho, con 1,25 metros para cada sentido de circulaci\u00f3n y con una franja de seguridad de 0,50 metros.<\/p>\n<p><strong>Calmado del tr\u00e1fico con eliminaci\u00f3n de carriles de circulaci\u00f3n<\/strong><\/p>\n<p>La implantaci\u00f3n del carril bici supondr\u00e1 la eliminaci\u00f3n de un carril de circulaci\u00f3n en el tramo afectado en Yanguas y Miranda, pasando de dos carriles a uno; otro en la glorieta de la plaza de los Fueros de Navarra, quedando en dos carriles en el tramo de actuaci\u00f3n; y de otro carril en la avenida de Sancho el Fuerte que pasar\u00e1 de dos a uno en el tramo inicial de salida de la glorieta de la plaza de los Fueros. Esta reducci\u00f3n de los carriles de circulaci\u00f3n redundar\u00e1 en el calmado del tr\u00e1fico actual.<\/p>\n<p>La actuaci\u00f3n se completa con la intervenci\u00f3n en cuatro pasos peatonales de la zona. En la salida de la Casa de Misericordia por Sancho el Fuerte, se sobrelevar\u00e1n los dos pasos peatonales para dar continuidad peatonal hacia la calle Abejeras y se colocar\u00e1n reductores de velocidad en la\u00a0 incorporaci\u00f3n de plaza de los Fueros a Sancho el Fuerte para calmar el tr\u00e1fico. En la conexi\u00f3n de la Casa de Misericordia con Vuelta del Castillo, se avanzar\u00e1 la acera del paso peatonal anterior a la plaza de los Fueros y se sobreelevar\u00e1 el paso peatonal de salida de la Misericordia para darle continuidad peatonal.<\/p>\n<p>Durante este 2025, a partir del 15 de julio, se ejecutar\u00e1n las obras correspondientes a la conexi\u00f3n del carril bici de Abejeras con el carril bici de Vuelta del Castillo, incluyendo los pasos peatonales del entorno de la Casa de Misericordia y el avance de parada de Sancho el Fuerte, previsto tambi\u00e9n en el proyecto. Todav\u00eda no se podr\u00e1n realizar las obras de enlace con la avenida del Ej\u00e9rcito debido a los trabajos que se llevan a cabo en la cubierta de la Estaci\u00f3n de Autobuses.<\/p>\n<p><strong>Mejora de la movilidad y accesibilidad en la calle Monasterio de Cilveti<\/strong><\/p>\n<p>La Junta de Movilidad ha conocido tambi\u00e9n el proyecto previsto para la calle Monasterio de Cilveti con un nuevo paso peatonal en su confluencia con Monasterio de la Oliva y la construcci\u00f3n de aceras avanzadas en los pasos existentes. Las obras comenzar\u00e1n despu\u00e9s de San Ferm\u00edn, con un presupuesto de 462.000 euros y un plazo de ejecuci\u00f3n de cinco meses. La calle presenta dos carriles de circulaci\u00f3n, uno para cada sentido, con aparcamientos en bater\u00eda a ambos lados del vial, que se mantendr\u00e1n como hasta ahora.<\/p>\n<p>El nuevo paso peatonal en la intersecci\u00f3n con Monasterio de la Oliva es una demanda vecinal al Ayuntamiento de Pamplona. Ser\u00e1 el cuarto en la zona y completar\u00e1 las opciones para cruzar desde cualquiera de las manzanas. En ese mismo cruce, se elevar\u00e1 el paso peatonal de acceso a la bolsa de aparcamiento y se avanzar\u00e1n las aceras de los otros dos pasos peatonales. Tambi\u00e9n se convertir\u00e1n en pasos elevados los pasos peatonales de acceso a otras bolsas de aparcamiento de Monasterio de Cilveti. Por \u00faltimo, se avanzar\u00e1 la acera en el paso peatonal con San Roque.<\/p>\n<p>La presente actuaci\u00f3n prevista modifica el cruce con la avenida de Bayona, retranqueando el punto de paso del carril bici, de forma que se disponga de un espacio de espera para el veh\u00edculo que accede a Monasterio de Cilveti. Al mismo tiempo, y dada la proximidad de la parada del transporte urbano comarcal existente en la avenida de Bayona se aprovechar\u00e1 para avanzar la acera en ese emplazamiento.<\/p>\n<p><strong>Restricciones en la calle Irunlarrea<\/strong><\/p>\n<p>Tambi\u00e9n se ha dado cuenta de la restricci\u00f3n puesta ya en marcha en la calle Irunlarrea, en el tramo comprendido entre la avenida de Bara\u00f1\u00e1in y la calle Boticario Vi\u00f1aburu, por el que solo pueden transitar veh\u00edculos de emergencia, transporte p\u00fablico, bicicletas y veh\u00edculos de movilidad personal. Los veh\u00edculos privados que accedan a las Urgencias de Materno-Infantil tendr\u00e1n 30 minutos para transitar por ese espacio, controlado por c\u00e1maras, que se ha reordenado en accesos y salidas.<\/p>\n<p>Esta medida busca conseguir un entorno hospitalario m\u00e1s seguro para peatones, reducir la contaminaci\u00f3n ambiental y de ruidos en ese espacio y mejorar el acceso a los servicios de emergencias y otros servicios sanitarios en la labor asistencial de traslado de pacientes. A pesar de los cambios, se puede seguir accediendo a los aparcamientos subterr\u00e1neos y en superficie de la zona hospitalaria por los espacios conexos a las rotondas que cierran el tramo.<\/p>\n<p>Esta actuaci\u00f3n ha conllevado medidas de regulaci\u00f3n de sem\u00e1foros en la avenida de Bara\u00f1\u00e1in y P\u00edo XII, pues el tr\u00e1fico que circulaba por Irunlarrea se ha desviado hacia esas v\u00edas.<\/p>\n","protected":false},"excerpt":{"rendered":"<p>El Ayuntamiento de Pamplona va a intervenir tambi\u00e9n en las calles Monasterio de Cilveti e Irunlarrea, con mejoras de movilidad y accesibilidad<\/p>\n","protected":false},"author":1,"featured_media":53268,"comment_status":"open","ping_status":"closed","sticky":false,"template":"","format":"standard","meta":{"footnotes":""},"categories":[2],"tags":[],"class_list":["post-53267","post","type-post","status-publish","format-standard","has-post-thumbnail","hentry","category-ayuntamiento-pamplona"],"yoast_head":"<!-- This site is optimized with the Yoast SEO plugin v27.5 - https:\/\/yoast.com\/product\/yoast-seo-wordpress\/ -->\n<title>Un nuevo tramo de carril bici en la plaza de los Fueros y Yanguas y Miranda conectar\u00e1 los recorridos ciclables de los barrios de Milagrosa, Iturrama, Azpilaga\u00f1a y Casco Antiguo<\/title>\n<meta name=\"description\" content=\"El Ayuntamiento de Pamplona va a intervenir tambi\u00e9n en las calles Monasterio de Cilveti e Irunlarrea, con mejoras de movilidad y accesibilidad\" \/>\n<meta name=\"robots\" content=\"index, follow, max-snippet:-1, max-image-preview:large, max-video-preview:-1\" \/>\n<link rel=\"canonical\" href=\"https:\/\/www.laguiadepamplona.com\/actualidad\/un-nuevo-tramo-de-carril-bici-en-la-plaza-de-los-fueros-y-yanguas-y-miranda-conectara-los-recorridos-ciclables-de-los-barrios-de-milagrosa-iturrama-azpilagana-y-casco-antiguo\/\" \/>\n<meta property=\"og:locale\" content=\"es_ES\" \/>\n<meta property=\"og:type\" content=\"article\" \/>\n<meta property=\"og:title\" content=\"Un nuevo tramo de carril bici en la plaza de los Fueros y Yanguas y Miranda conectar\u00e1 los recorridos ciclables de los barrios de Milagrosa, Iturrama, Azpilaga\u00f1a y Casco Antiguo\" \/>\n<meta property=\"og:description\" content=\"El Ayuntamiento de Pamplona va a intervenir tambi\u00e9n en las calles Monasterio de Cilveti e Irunlarrea, con mejoras de movilidad y accesibilidad\" \/>\n<meta property=\"og:url\" content=\"https:\/\/www.laguiadepamplona.com\/actualidad\/un-nuevo-tramo-de-carril-bici-en-la-plaza-de-los-fueros-y-yanguas-y-miranda-conectara-los-recorridos-ciclables-de-los-barrios-de-milagrosa-iturrama-azpilagana-y-casco-antiguo\/\" \/>\n<meta property=\"og:site_name\" content=\"La Gu\u00eda de Pamplona\" \/>\n<meta property=\"article:publisher\" content=\"https:\/\/www.facebook.com\/laguiadepamplonacom-133175176762273\/?ref=hl\" \/>\n<meta property=\"article:published_time\" content=\"2025-06-26T15:07:36+00:00\" \/>\n<meta property=\"og:image\" content=\"https:\/\/www.laguiadepamplona.com\/actualidad\/wp-content\/uploads\/2025\/06\/fueros_web_0.webp\" \/>\n\t<meta property=\"og:image:width\" content=\"1000\" \/>\n\t<meta property=\"og:image:height\" content=\"667\" \/>\n\t<meta property=\"og:image:type\" content=\"image\/webp\" \/>\n<meta name=\"author\" content=\"La Gu\u00eda de Pamplona\" \/>\n<meta name=\"twitter:card\" content=\"summary_large_image\" \/>\n<meta name=\"twitter:creator\" content=\"@LaGuiadPamplona\" \/>\n<meta name=\"twitter:site\" content=\"@LaGuiadPamplona\" \/>\n<meta name=\"twitter:label1\" content=\"Escrito por\" \/>\n\t<meta name=\"twitter:data1\" content=\"La Gu\u00eda de Pamplona\" \/>\n\t<meta name=\"twitter:label2\" content=\"Tiempo de lectura\" \/>\n\t<meta name=\"twitter:data2\" content=\"5 minutos\" \/>\n<script type=\"application\/ld+json\" class=\"yoast-schema-graph\">{\"@context\":\"https:\\\/\\\/schema.org\",\"@graph\":[{\"@type\":\"Article\",\"@id\":\"https:\\\/\\\/www.laguiadepamplona.com\\\/actualidad\\\/un-nuevo-tramo-de-carril-bici-en-la-plaza-de-los-fueros-y-yanguas-y-miranda-conectara-los-recorridos-ciclables-de-los-barrios-de-milagrosa-iturrama-azpilagana-y-casco-antiguo\\\/#article\",\"isPartOf\":{\"@id\":\"https:\\\/\\\/www.laguiadepamplona.com\\\/actualidad\\\/un-nuevo-tramo-de-carril-bici-en-la-plaza-de-los-fueros-y-yanguas-y-miranda-conectara-los-recorridos-ciclables-de-los-barrios-de-milagrosa-iturrama-azpilagana-y-casco-antiguo\\\/\"},\"author\":{\"name\":\"La Gu\u00eda de Pamplona\",\"@id\":\"https:\\\/\\\/www.laguiadepamplona.com\\\/actualidad\\\/#\\\/schema\\\/person\\\/efe887376f0213d4657c93adc50b1fdb\"},\"headline\":\"Un nuevo tramo de carril bici en la plaza de los Fueros y Yanguas y Miranda conectar\u00e1 los recorridos ciclables de los barrios de Milagrosa, Iturrama, Azpilaga\u00f1a y Casco Antiguo\",\"datePublished\":\"2025-06-26T15:07:36+00:00\",\"mainEntityOfPage\":{\"@id\":\"https:\\\/\\\/www.laguiadepamplona.com\\\/actualidad\\\/un-nuevo-tramo-de-carril-bici-en-la-plaza-de-los-fueros-y-yanguas-y-miranda-conectara-los-recorridos-ciclables-de-los-barrios-de-milagrosa-iturrama-azpilagana-y-casco-antiguo\\\/\"},\"wordCount\":1168,\"commentCount\":0,\"publisher\":{\"@id\":\"https:\\\/\\\/www.laguiadepamplona.com\\\/actualidad\\\/#organization\"},\"image\":{\"@id\":\"https:\\\/\\\/www.laguiadepamplona.com\\\/actualidad\\\/un-nuevo-tramo-de-carril-bici-en-la-plaza-de-los-fueros-y-yanguas-y-miranda-conectara-los-recorridos-ciclables-de-los-barrios-de-milagrosa-iturrama-azpilagana-y-casco-antiguo\\\/#primaryimage\"},\"thumbnailUrl\":\"https:\\\/\\\/www.laguiadepamplona.com\\\/actualidad\\\/wp-content\\\/uploads\\\/2025\\\/06\\\/fueros_web_0.webp\",\"articleSection\":[\"Ayto Pamplona\"],\"inLanguage\":\"es\",\"potentialAction\":[{\"@type\":\"CommentAction\",\"name\":\"Comment\",\"target\":[\"https:\\\/\\\/www.laguiadepamplona.com\\\/actualidad\\\/un-nuevo-tramo-de-carril-bici-en-la-plaza-de-los-fueros-y-yanguas-y-miranda-conectara-los-recorridos-ciclables-de-los-barrios-de-milagrosa-iturrama-azpilagana-y-casco-antiguo\\\/#respond\"]}]},{\"@type\":\"WebPage\",\"@id\":\"https:\\\/\\\/www.laguiadepamplona.com\\\/actualidad\\\/un-nuevo-tramo-de-carril-bici-en-la-plaza-de-los-fueros-y-yanguas-y-miranda-conectara-los-recorridos-ciclables-de-los-barrios-de-milagrosa-iturrama-azpilagana-y-casco-antiguo\\\/\",\"url\":\"https:\\\/\\\/www.laguiadepamplona.com\\\/actualidad\\\/un-nuevo-tramo-de-carril-bici-en-la-plaza-de-los-fueros-y-yanguas-y-miranda-conectara-los-recorridos-ciclables-de-los-barrios-de-milagrosa-iturrama-azpilagana-y-casco-antiguo\\\/\",\"name\":\"Un nuevo tramo de carril bici en la plaza de los Fueros y Yanguas y Miranda conectar\u00e1 los recorridos ciclables de los barrios de Milagrosa, Iturrama, Azpilaga\u00f1a y Casco Antiguo\",\"isPartOf\":{\"@id\":\"https:\\\/\\\/www.laguiadepamplona.com\\\/actualidad\\\/#website\"},\"primaryImageOfPage\":{\"@id\":\"https:\\\/\\\/www.laguiadepamplona.com\\\/actualidad\\\/un-nuevo-tramo-de-carril-bici-en-la-plaza-de-los-fueros-y-yanguas-y-miranda-conectara-los-recorridos-ciclables-de-los-barrios-de-milagrosa-iturrama-azpilagana-y-casco-antiguo\\\/#primaryimage\"},\"image\":{\"@id\":\"https:\\\/\\\/www.laguiadepamplona.com\\\/actualidad\\\/un-nuevo-tramo-de-carril-bici-en-la-plaza-de-los-fueros-y-yanguas-y-miranda-conectara-los-recorridos-ciclables-de-los-barrios-de-milagrosa-iturrama-azpilagana-y-casco-antiguo\\\/#primaryimage\"},\"thumbnailUrl\":\"https:\\\/\\\/www.laguiadepamplona.com\\\/actualidad\\\/wp-content\\\/uploads\\\/2025\\\/06\\\/fueros_web_0.webp\",\"datePublished\":\"2025-06-26T15:07:36+00:00\",\"description\":\"El Ayuntamiento de Pamplona va a intervenir tambi\u00e9n en las calles Monasterio de Cilveti e Irunlarrea, con mejoras de movilidad y accesibilidad\",\"breadcrumb\":{\"@id\":\"https:\\\/\\\/www.laguiadepamplona.com\\\/actualidad\\\/un-nuevo-tramo-de-carril-bici-en-la-plaza-de-los-fueros-y-yanguas-y-miranda-conectara-los-recorridos-ciclables-de-los-barrios-de-milagrosa-iturrama-azpilagana-y-casco-antiguo\\\/#breadcrumb\"},\"inLanguage\":\"es\",\"potentialAction\":[{\"@type\":\"ReadAction\",\"target\":[\"https:\\\/\\\/www.laguiadepamplona.com\\\/actualidad\\\/un-nuevo-tramo-de-carril-bici-en-la-plaza-de-los-fueros-y-yanguas-y-miranda-conectara-los-recorridos-ciclables-de-los-barrios-de-milagrosa-iturrama-azpilagana-y-casco-antiguo\\\/\"]}]},{\"@type\":\"ImageObject\",\"inLanguage\":\"es\",\"@id\":\"https:\\\/\\\/www.laguiadepamplona.com\\\/actualidad\\\/un-nuevo-tramo-de-carril-bici-en-la-plaza-de-los-fueros-y-yanguas-y-miranda-conectara-los-recorridos-ciclables-de-los-barrios-de-milagrosa-iturrama-azpilagana-y-casco-antiguo\\\/#primaryimage\",\"url\":\"https:\\\/\\\/www.laguiadepamplona.com\\\/actualidad\\\/wp-content\\\/uploads\\\/2025\\\/06\\\/fueros_web_0.webp\",\"contentUrl\":\"https:\\\/\\\/www.laguiadepamplona.com\\\/actualidad\\\/wp-content\\\/uploads\\\/2025\\\/06\\\/fueros_web_0.webp\",\"width\":1000,\"height\":667,\"caption\":\"fueros\"},{\"@type\":\"BreadcrumbList\",\"@id\":\"https:\\\/\\\/www.laguiadepamplona.com\\\/actualidad\\\/un-nuevo-tramo-de-carril-bici-en-la-plaza-de-los-fueros-y-yanguas-y-miranda-conectara-los-recorridos-ciclables-de-los-barrios-de-milagrosa-iturrama-azpilagana-y-casco-antiguo\\\/#breadcrumb\",\"itemListElement\":[{\"@type\":\"ListItem\",\"position\":1,\"name\":\"Portada\",\"item\":\"https:\\\/\\\/www.laguiadepamplona.com\\\/actualidad\\\/\"},{\"@type\":\"ListItem\",\"position\":2,\"name\":\"Un nuevo tramo de carril bici en la plaza de los Fueros y Yanguas y Miranda conectar\u00e1 los recorridos ciclables de los barrios de Milagrosa, Iturrama, Azpilaga\u00f1a y Casco Antiguo\"}]},{\"@type\":\"WebSite\",\"@id\":\"https:\\\/\\\/www.laguiadepamplona.com\\\/actualidad\\\/#website\",\"url\":\"https:\\\/\\\/www.laguiadepamplona.com\\\/actualidad\\\/\",\"name\":\"La gu\u00eda de Pamplona\",\"description\":\"Noticias de Pamplona\",\"publisher\":{\"@id\":\"https:\\\/\\\/www.laguiadepamplona.com\\\/actualidad\\\/#organization\"},\"potentialAction\":[{\"@type\":\"SearchAction\",\"target\":{\"@type\":\"EntryPoint\",\"urlTemplate\":\"https:\\\/\\\/www.laguiadepamplona.com\\\/actualidad\\\/?s={search_term_string}\"},\"query-input\":{\"@type\":\"PropertyValueSpecification\",\"valueRequired\":true,\"valueName\":\"search_term_string\"}}],\"inLanguage\":\"es\"},{\"@type\":\"Organization\",\"@id\":\"https:\\\/\\\/www.laguiadepamplona.com\\\/actualidad\\\/#organization\",\"name\":\"La Gu\u00eda de Pamplona \\\/ Noticias\",\"url\":\"https:\\\/\\\/www.laguiadepamplona.com\\\/actualidad\\\/\",\"logo\":{\"@type\":\"ImageObject\",\"inLanguage\":\"es\",\"@id\":\"https:\\\/\\\/www.laguiadepamplona.com\\\/actualidad\\\/#\\\/schema\\\/logo\\\/image\\\/\",\"url\":\"https:\\\/\\\/www.laguiadepamplona.com\\\/actualidad\\\/wp-content\\\/uploads\\\/2018\\\/11\\\/logo-laguiadepamplona18-web1.png\",\"contentUrl\":\"https:\\\/\\\/www.laguiadepamplona.com\\\/actualidad\\\/wp-content\\\/uploads\\\/2018\\\/11\\\/logo-laguiadepamplona18-web1.png\",\"width\":600,\"height\":196,\"caption\":\"La Gu\u00eda de Pamplona \\\/ Noticias\"},\"image\":{\"@id\":\"https:\\\/\\\/www.laguiadepamplona.com\\\/actualidad\\\/#\\\/schema\\\/logo\\\/image\\\/\"},\"sameAs\":[\"https:\\\/\\\/www.facebook.com\\\/laguiadepamplonacom-133175176762273\\\/?ref=hl\",\"https:\\\/\\\/x.com\\\/LaGuiadPamplona\",\"https:\\\/\\\/www.instagram.com\\\/la_guia_de_pamplona\\\/\",\"https:\\\/\\\/www.youtube.com\\\/user\\\/laguiadepamplona\"]},{\"@type\":\"Person\",\"@id\":\"https:\\\/\\\/www.laguiadepamplona.com\\\/actualidad\\\/#\\\/schema\\\/person\\\/efe887376f0213d4657c93adc50b1fdb\",\"name\":\"La Gu\u00eda de Pamplona\",\"image\":{\"@type\":\"ImageObject\",\"inLanguage\":\"es\",\"@id\":\"https:\\\/\\\/secure.gravatar.com\\\/avatar\\\/b6992f131dc8d30ab0dff15446e9d346d9dbd95992de0fef795073f5ea83a81c?s=96&d=mm&r=g\",\"url\":\"https:\\\/\\\/secure.gravatar.com\\\/avatar\\\/b6992f131dc8d30ab0dff15446e9d346d9dbd95992de0fef795073f5ea83a81c?s=96&d=mm&r=g\",\"contentUrl\":\"https:\\\/\\\/secure.gravatar.com\\\/avatar\\\/b6992f131dc8d30ab0dff15446e9d346d9dbd95992de0fef795073f5ea83a81c?s=96&d=mm&r=g\",\"caption\":\"La Gu\u00eda de Pamplona\"}}]}<\/script>\n<!-- \/ Yoast SEO plugin. -->","yoast_head_json":{"title":"Un nuevo tramo de carril bici en la plaza de los Fueros y Yanguas y Miranda conectar\u00e1 los recorridos ciclables de los barrios de Milagrosa, Iturrama, Azpilaga\u00f1a y Casco Antiguo","description":"El Ayuntamiento de Pamplona va a intervenir tambi\u00e9n en las calles Monasterio de Cilveti e Irunlarrea, con mejoras de movilidad y accesibilidad","robots":{"index":"index","follow":"follow","max-snippet":"max-snippet:-1","max-image-preview":"max-image-preview:large","max-video-preview":"max-video-preview:-1"},"canonical":"https:\/\/www.laguiadepamplona.com\/actualidad\/un-nuevo-tramo-de-carril-bici-en-la-plaza-de-los-fueros-y-yanguas-y-miranda-conectara-los-recorridos-ciclables-de-los-barrios-de-milagrosa-iturrama-azpilagana-y-casco-antiguo\/","og_locale":"es_ES","og_type":"article","og_title":"Un nuevo tramo de carril bici en la plaza de los Fueros y Yanguas y Miranda conectar\u00e1 los recorridos ciclables de los barrios de Milagrosa, Iturrama, Azpilaga\u00f1a y Casco Antiguo","og_description":"El Ayuntamiento de Pamplona va a intervenir tambi\u00e9n en las calles Monasterio de Cilveti e Irunlarrea, con mejoras de movilidad y accesibilidad","og_url":"https:\/\/www.laguiadepamplona.com\/actualidad\/un-nuevo-tramo-de-carril-bici-en-la-plaza-de-los-fueros-y-yanguas-y-miranda-conectara-los-recorridos-ciclables-de-los-barrios-de-milagrosa-iturrama-azpilagana-y-casco-antiguo\/","og_site_name":"La Gu\u00eda de Pamplona","article_publisher":"https:\/\/www.facebook.com\/laguiadepamplonacom-133175176762273\/?ref=hl","article_published_time":"2025-06-26T15:07:36+00:00","og_image":[{"width":1000,"height":667,"url":"https:\/\/www.laguiadepamplona.com\/actualidad\/wp-content\/uploads\/2025\/06\/fueros_web_0.webp","type":"image\/webp"}],"author":"La Gu\u00eda de Pamplona","twitter_card":"summary_large_image","twitter_creator":"@LaGuiadPamplona","twitter_site":"@LaGuiadPamplona","twitter_misc":{"Escrito por":"La Gu\u00eda de Pamplona","Tiempo de lectura":"5 minutos"},"schema":{"@context":"https:\/\/schema.org","@graph":[{"@type":"Article","@id":"https:\/\/www.laguiadepamplona.com\/actualidad\/un-nuevo-tramo-de-carril-bici-en-la-plaza-de-los-fueros-y-yanguas-y-miranda-conectara-los-recorridos-ciclables-de-los-barrios-de-milagrosa-iturrama-azpilagana-y-casco-antiguo\/#article","isPartOf":{"@id":"https:\/\/www.laguiadepamplona.com\/actualidad\/un-nuevo-tramo-de-carril-bici-en-la-plaza-de-los-fueros-y-yanguas-y-miranda-conectara-los-recorridos-ciclables-de-los-barrios-de-milagrosa-iturrama-azpilagana-y-casco-antiguo\/"},"author":{"name":"La Gu\u00eda de Pamplona","@id":"https:\/\/www.laguiadepamplona.com\/actualidad\/#\/schema\/person\/efe887376f0213d4657c93adc50b1fdb"},"headline":"Un nuevo tramo de carril bici en la plaza de los Fueros y Yanguas y Miranda conectar\u00e1 los recorridos ciclables de los barrios de Milagrosa, Iturrama, Azpilaga\u00f1a y Casco Antiguo","datePublished":"2025-06-26T15:07:36+00:00","mainEntityOfPage":{"@id":"https:\/\/www.laguiadepamplona.com\/actualidad\/un-nuevo-tramo-de-carril-bici-en-la-plaza-de-los-fueros-y-yanguas-y-miranda-conectara-los-recorridos-ciclables-de-los-barrios-de-milagrosa-iturrama-azpilagana-y-casco-antiguo\/"},"wordCount":1168,"commentCount":0,"publisher":{"@id":"https:\/\/www.laguiadepamplona.com\/actualidad\/#organization"},"image":{"@id":"https:\/\/www.laguiadepamplona.com\/actualidad\/un-nuevo-tramo-de-carril-bici-en-la-plaza-de-los-fueros-y-yanguas-y-miranda-conectara-los-recorridos-ciclables-de-los-barrios-de-milagrosa-iturrama-azpilagana-y-casco-antiguo\/#primaryimage"},"thumbnailUrl":"https:\/\/www.laguiadepamplona.com\/actualidad\/wp-content\/uploads\/2025\/06\/fueros_web_0.webp","articleSection":["Ayto Pamplona"],"inLanguage":"es","potentialAction":[{"@type":"CommentAction","name":"Comment","target":["https:\/\/www.laguiadepamplona.com\/actualidad\/un-nuevo-tramo-de-carril-bici-en-la-plaza-de-los-fueros-y-yanguas-y-miranda-conectara-los-recorridos-ciclables-de-los-barrios-de-milagrosa-iturrama-azpilagana-y-casco-antiguo\/#respond"]}]},{"@type":"WebPage","@id":"https:\/\/www.laguiadepamplona.com\/actualidad\/un-nuevo-tramo-de-carril-bici-en-la-plaza-de-los-fueros-y-yanguas-y-miranda-conectara-los-recorridos-ciclables-de-los-barrios-de-milagrosa-iturrama-azpilagana-y-casco-antiguo\/","url":"https:\/\/www.laguiadepamplona.com\/actualidad\/un-nuevo-tramo-de-carril-bici-en-la-plaza-de-los-fueros-y-yanguas-y-miranda-conectara-los-recorridos-ciclables-de-los-barrios-de-milagrosa-iturrama-azpilagana-y-casco-antiguo\/","name":"Un nuevo tramo de carril bici en la plaza de los Fueros y Yanguas y Miranda conectar\u00e1 los recorridos ciclables de los barrios de Milagrosa, Iturrama, Azpilaga\u00f1a y Casco Antiguo","isPartOf":{"@id":"https:\/\/www.laguiadepamplona.com\/actualidad\/#website"},"primaryImageOfPage":{"@id":"https:\/\/www.laguiadepamplona.com\/actualidad\/un-nuevo-tramo-de-carril-bici-en-la-plaza-de-los-fueros-y-yanguas-y-miranda-conectara-los-recorridos-ciclables-de-los-barrios-de-milagrosa-iturrama-azpilagana-y-casco-antiguo\/#primaryimage"},"image":{"@id":"https:\/\/www.laguiadepamplona.com\/actualidad\/un-nuevo-tramo-de-carril-bici-en-la-plaza-de-los-fueros-y-yanguas-y-miranda-conectara-los-recorridos-ciclables-de-los-barrios-de-milagrosa-iturrama-azpilagana-y-casco-antiguo\/#primaryimage"},"thumbnailUrl":"https:\/\/www.laguiadepamplona.com\/actualidad\/wp-content\/uploads\/2025\/06\/fueros_web_0.webp","datePublished":"2025-06-26T15:07:36+00:00","description":"El Ayuntamiento de Pamplona va a intervenir tambi\u00e9n en las calles Monasterio de Cilveti e Irunlarrea, con mejoras de movilidad y accesibilidad","breadcrumb":{"@id":"https:\/\/www.laguiadepamplona.com\/actualidad\/un-nuevo-tramo-de-carril-bici-en-la-plaza-de-los-fueros-y-yanguas-y-miranda-conectara-los-recorridos-ciclables-de-los-barrios-de-milagrosa-iturrama-azpilagana-y-casco-antiguo\/#breadcrumb"},"inLanguage":"es","potentialAction":[{"@type":"ReadAction","target":["https:\/\/www.laguiadepamplona.com\/actualidad\/un-nuevo-tramo-de-carril-bici-en-la-plaza-de-los-fueros-y-yanguas-y-miranda-conectara-los-recorridos-ciclables-de-los-barrios-de-milagrosa-iturrama-azpilagana-y-casco-antiguo\/"]}]},{"@type":"ImageObject","inLanguage":"es","@id":"https:\/\/www.laguiadepamplona.com\/actualidad\/un-nuevo-tramo-de-carril-bici-en-la-plaza-de-los-fueros-y-yanguas-y-miranda-conectara-los-recorridos-ciclables-de-los-barrios-de-milagrosa-iturrama-azpilagana-y-casco-antiguo\/#primaryimage","url":"https:\/\/www.laguiadepamplona.com\/actualidad\/wp-content\/uploads\/2025\/06\/fueros_web_0.webp","contentUrl":"https:\/\/www.laguiadepamplona.com\/actualidad\/wp-content\/uploads\/2025\/06\/fueros_web_0.webp","width":1000,"height":667,"caption":"fueros"},{"@type":"BreadcrumbList","@id":"https:\/\/www.laguiadepamplona.com\/actualidad\/un-nuevo-tramo-de-carril-bici-en-la-plaza-de-los-fueros-y-yanguas-y-miranda-conectara-los-recorridos-ciclables-de-los-barrios-de-milagrosa-iturrama-azpilagana-y-casco-antiguo\/#breadcrumb","itemListElement":[{"@type":"ListItem","position":1,"name":"Portada","item":"https:\/\/www.laguiadepamplona.com\/actualidad\/"},{"@type":"ListItem","position":2,"name":"Un nuevo tramo de carril bici en la plaza de los Fueros y Yanguas y Miranda conectar\u00e1 los recorridos ciclables de los barrios de Milagrosa, Iturrama, Azpilaga\u00f1a y Casco Antiguo"}]},{"@type":"WebSite","@id":"https:\/\/www.laguiadepamplona.com\/actualidad\/#website","url":"https:\/\/www.laguiadepamplona.com\/actualidad\/","name":"La gu\u00eda de Pamplona","description":"Noticias de Pamplona","publisher":{"@id":"https:\/\/www.laguiadepamplona.com\/actualidad\/#organization"},"potentialAction":[{"@type":"SearchAction","target":{"@type":"EntryPoint","urlTemplate":"https:\/\/www.laguiadepamplona.com\/actualidad\/?s={search_term_string}"},"query-input":{"@type":"PropertyValueSpecification","valueRequired":true,"valueName":"search_term_string"}}],"inLanguage":"es"},{"@type":"Organization","@id":"https:\/\/www.laguiadepamplona.com\/actualidad\/#organization","name":"La Gu\u00eda de Pamplona \/ Noticias","url":"https:\/\/www.laguiadepamplona.com\/actualidad\/","logo":{"@type":"ImageObject","inLanguage":"es","@id":"https:\/\/www.laguiadepamplona.com\/actualidad\/#\/schema\/logo\/image\/","url":"https:\/\/www.laguiadepamplona.com\/actualidad\/wp-content\/uploads\/2018\/11\/logo-laguiadepamplona18-web1.png","contentUrl":"https:\/\/www.laguiadepamplona.com\/actualidad\/wp-content\/uploads\/2018\/11\/logo-laguiadepamplona18-web1.png","width":600,"height":196,"caption":"La Gu\u00eda de Pamplona \/ Noticias"},"image":{"@id":"https:\/\/www.laguiadepamplona.com\/actualidad\/#\/schema\/logo\/image\/"},"sameAs":["https:\/\/www.facebook.com\/laguiadepamplonacom-133175176762273\/?ref=hl","https:\/\/x.com\/LaGuiadPamplona","https:\/\/www.instagram.com\/la_guia_de_pamplona\/","https:\/\/www.youtube.com\/user\/laguiadepamplona"]},{"@type":"Person","@id":"https:\/\/www.laguiadepamplona.com\/actualidad\/#\/schema\/person\/efe887376f0213d4657c93adc50b1fdb","name":"La Gu\u00eda de Pamplona","image":{"@type":"ImageObject","inLanguage":"es","@id":"https:\/\/secure.gravatar.com\/avatar\/b6992f131dc8d30ab0dff15446e9d346d9dbd95992de0fef795073f5ea83a81c?s=96&d=mm&r=g","url":"https:\/\/secure.gravatar.com\/avatar\/b6992f131dc8d30ab0dff15446e9d346d9dbd95992de0fef795073f5ea83a81c?s=96&d=mm&r=g","contentUrl":"https:\/\/secure.gravatar.com\/avatar\/b6992f131dc8d30ab0dff15446e9d346d9dbd95992de0fef795073f5ea83a81c?s=96&d=mm&r=g","caption":"La Gu\u00eda de Pamplona"}}]}},"post_mailing_queue_ids":[],"_links":{"self":[{"href":"https:\/\/www.laguiadepamplona.com\/actualidad\/wp-json\/wp\/v2\/posts\/53267","targetHints":{"allow":["GET"]}}],"collection":[{"href":"https:\/\/www.laguiadepamplona.com\/actualidad\/wp-json\/wp\/v2\/posts"}],"about":[{"href":"https:\/\/www.laguiadepamplona.com\/actualidad\/wp-json\/wp\/v2\/types\/post"}],"author":[{"embeddable":true,"href":"https:\/\/www.laguiadepamplona.com\/actualidad\/wp-json\/wp\/v2\/users\/1"}],"replies":[{"embeddable":true,"href":"https:\/\/www.laguiadepamplona.com\/actualidad\/wp-json\/wp\/v2\/comments?post=53267"}],"version-history":[{"count":1,"href":"https:\/\/www.laguiadepamplona.com\/actualidad\/wp-json\/wp\/v2\/posts\/53267\/revisions"}],"predecessor-version":[{"id":53269,"href":"https:\/\/www.laguiadepamplona.com\/actualidad\/wp-json\/wp\/v2\/posts\/53267\/revisions\/53269"}],"wp:featuredmedia":[{"embeddable":true,"href":"https:\/\/www.laguiadepamplona.com\/actualidad\/wp-json\/wp\/v2\/media\/53268"}],"wp:attachment":[{"href":"https:\/\/www.laguiadepamplona.com\/actualidad\/wp-json\/wp\/v2\/media?parent=53267"}],"wp:term":[{"taxonomy":"category","embeddable":true,"href":"https:\/\/www.laguiadepamplona.com\/actualidad\/wp-json\/wp\/v2\/categories?post=53267"},{"taxonomy":"post_tag","embeddable":true,"href":"https:\/\/www.laguiadepamplona.com\/actualidad\/wp-json\/wp\/v2\/tags?post=53267"}],"curies":[{"name":"wp","href":"https:\/\/api.w.org\/{rel}","templated":true}]}}