{"id":53245,"date":"2025-06-25T16:03:50","date_gmt":"2025-06-25T14:03:50","guid":{"rendered":"https:\/\/www.laguiadepamplona.com\/actualidad\/?p=53245"},"modified":"2025-06-25T16:03:50","modified_gmt":"2025-06-25T14:03:50","slug":"la-oficina-verde-de-milagrosa-inicia-la-primera-labor-de-acompanamiento-a-una-comunidad-de-vecinos-del-barrio-en-las-obras-de-rehabilitacion-y-regeneracion-urbana","status":"publish","type":"post","link":"https:\/\/www.laguiadepamplona.com\/actualidad\/la-oficina-verde-de-milagrosa-inicia-la-primera-labor-de-acompanamiento-a-una-comunidad-de-vecinos-del-barrio-en-las-obras-de-rehabilitacion-y-regeneracion-urbana\/","title":{"rendered":"La Oficina Verde de Milagrosa inicia la primera labor de acompa\u00f1amiento a una comunidad de vecinos del barrio en las obras de rehabilitaci\u00f3n y regeneraci\u00f3n urbana"},"content":{"rendered":"<h2>La oficina, que abri\u00f3 sus puertas en septiembre de 2024, ha suscrito esta ma\u00f1ana el primer convenio para asesorar en labores de rehabilitaci\u00f3n<\/h2>\n<p><!--more--><\/p>\n<p>La Oficina Verde de Milagrosa-Arrosad\u00eda, Azpilaga\u00f1a y Santa Maria La Real ha firmado su primer convenio de colaboraci\u00f3n p\u00fablico-privada con la Comunidad de Propietarios de la calle Rio Urederra 16-22 y calle Rio Irati 7-13 para asesorarle y acompa\u00f1arle en las obras de rehabilitaci\u00f3n y regeneraci\u00f3n urbana que quieren iniciar. La Comunidad de Propietarios representa un total de ocho portales y 116 viviendas, ubicadas entre las calles R\u00edo Irati y R\u00edo Urederra, que comparte, asimismo, una cooperativa de calefacci\u00f3n urbana.<\/p>\n<p>El concejal de Gobierno Estrat\u00e9gico, Urbanismo, Vivienda y Agenda 2023, Joxe Abaurrea San Juan, y la directora del \u00e1rea, Uxua Dombl\u00e1s Ib\u00e1\u00f1ez, han acudido a la firma del convenio suscrito entre la sociedad p\u00fablica municipal Pamplona Centro Hist\u00f3rico-Iru\u00f1a Biziberritzen, S.A, responsable de la oficina, y la comunidad de propietarios. En representaci\u00f3n de PCH ha rubricado el convenio su gerente, Idoia Madariaga, mientras que por parte de la comunidad han plasmado su firma el presidente, Jose Eduardo Echarri, y su vicepresidente, Luis Cerd\u00e1n. Tambi\u00e9n les ha acompa\u00f1ado, Alba Lorente de Diego, responsable de la oficina, que har\u00e1 las funciones de acompa\u00f1amiento y asesoramiento a los vecinos y vecinas que se integran en este proyecto.<\/p>\n<p>Los objetivos del convenio pasan por establecer un marco formal de colaboraci\u00f3n y acompa\u00f1amiento por parte del Ayuntamiento de Pamplona en la tramitaci\u00f3n del Proyecto de Intervenci\u00f3n Global (PIG) de esa comunidad de propietarios, as\u00ed como garantizar el asesoramiento correcto de cara a la obtenci\u00f3n de ayudas p\u00fablicas para la rehabilitaci\u00f3n integral de los edificios. Por otro lado, se quiere impulsar la regeneraci\u00f3n urbana de todo el entorno y la mejora del parque edificado del barrio.<\/p>\n<p>Los inmuebles comprendidos en el \u00e1mbito de actuaci\u00f3n del convenio se localizan dentro del Plan Especial de Actuaci\u00f3n Urbana (PEAU) del barrio de Milagrosa, declarado \u00c1rea de Rehabilitaci\u00f3n Preferente desde el 4 de septiembre de 2024. La redacci\u00f3n del Proyecto de Intervenci\u00f3n Global para el que se firma el convenio permitir\u00e1 a la comunidad acceder a un mayor porcentaje de subvenciones p\u00fablicas para la rehabilitaci\u00f3n integral, de acuerdo con el marco vigente de ayudas, tras la aprobaci\u00f3n de las modificaciones de la Ley Foral de Vivienda, el pasado jueves 19 de junio, por el Parlamento de Navarra, y con la Ordenanza Municipal de Ayudas a la Rehabilitaci\u00f3n aprobada en septiembre de 2023.<\/p>\n<p>Los edificios sujetos al convenio con la Oficina Verde cuentan con m\u00e1s de 50 a\u00f1os de antig\u00fcedad. En este tiempo, apenas se han realizado actuaciones relevantes en elementos comunes. Sus propietarios han detectado deficiencias estructurales y funcionales, especialmente en cubiertas, fachadas e instalaciones comunitarias, que les motiva a emprender estos procesos de rehabilitaci\u00f3n con el apoyo del Ayuntamiento de Pamplona, a trav\u00e9s de la ORVE y la Oficina Verde.<\/p>\n<p><strong>Las Oficinas Verdes, un nuevo servicio municipal para la ciudadan\u00eda<\/strong><\/p>\n<p>Pamplona ha puesto en marcha una red de Oficinas Verdes, que ya est\u00e1n presentes en los barrios de Milagrosa, Rochapea y Txantrea. A trav\u00e9s de ellas, el Ayuntamiento quiere apostar por un modelo de rehabilitaci\u00f3n de ciudad m\u00e1s estable y accesible, adem\u00e1s de orientar en materia de sostenibilidad y transici\u00f3n energ\u00e9tica. Las oficinas ofrecen un servicio gratuito a la ciudadan\u00eda.<\/p>\n<p>Su trabajo se centrar\u00e1 en la implantaci\u00f3n de acciones para impulsar y acompa\u00f1ar procesos de regeneraci\u00f3n urbana en el barrio, principalmente, los relacionados con la eficiencia energ\u00e9ticas de los edificios y viviendas, accesibilidad e implantaci\u00f3n de comunidades energ\u00e9ticas de barrio.\u00a0 En estos espacios se asesora a la ciudadan\u00eda y a las comunidades en materia de rehabilitaci\u00f3n, regeneraci\u00f3n urbana y transici\u00f3n energ\u00e9tica.<\/p>\n<p>Las oficinas ofrecen un amplio abanico de servicios clave para apoyar un modelo sostenible de mejora de barrios y viviendas. Son un espacio de proximidad y simplificar\u00e1n las consultas y tr\u00e1mites individuales y colectivos mediante la implantaci\u00f3n de ventanilla \u00fanica. Tambi\u00e9n ofrecen informaci\u00f3n actualizada sobre las ayudas vigentes a nivel local, regional y nacional, incluidas las subvenciones ofrecidas a trav\u00e9s de la ordenanza de edificaci\u00f3n del Ayuntamiento de Pamplona.<\/p>\n<p>Para tener acceso a sus servicios, se puede solicitar cita previa de manera presencial o a trav\u00e9s del 010 y la web municipal.<\/p>\n","protected":false},"excerpt":{"rendered":"<p>La oficina, que abri\u00f3 sus puertas en septiembre de 2024, ha suscrito esta ma\u00f1ana el primer convenio para asesorar en labores de rehabilitaci\u00f3n<\/p>\n","protected":false},"author":1,"featured_media":53246,"comment_status":"open","ping_status":"closed","sticky":false,"template":"","format":"standard","meta":{"footnotes":""},"categories":[2],"tags":[],"class_list":["post-53245","post","type-post","status-publish","format-standard","has-post-thumbnail","hentry","category-ayuntamiento-pamplona"],"yoast_head":"<!-- This site is optimized with the Yoast SEO plugin v27.5 - https:\/\/yoast.com\/product\/yoast-seo-wordpress\/ -->\n<title>La Oficina Verde de Milagrosa inicia la primera labor de acompa\u00f1amiento a una comunidad de vecinos del barrio en las obras de rehabilitaci\u00f3n y regeneraci\u00f3n urbana<\/title>\n<meta name=\"description\" content=\"La oficina, que abri\u00f3 sus puertas en septiembre de 2024, ha suscrito esta ma\u00f1ana el primer convenio para asesorar en labores de rehabilitaci\u00f3n\" \/>\n<meta name=\"robots\" content=\"index, follow, max-snippet:-1, max-image-preview:large, max-video-preview:-1\" \/>\n<link rel=\"canonical\" href=\"https:\/\/www.laguiadepamplona.com\/actualidad\/la-oficina-verde-de-milagrosa-inicia-la-primera-labor-de-acompanamiento-a-una-comunidad-de-vecinos-del-barrio-en-las-obras-de-rehabilitacion-y-regeneracion-urbana\/\" \/>\n<meta property=\"og:locale\" content=\"es_ES\" \/>\n<meta property=\"og:type\" content=\"article\" \/>\n<meta property=\"og:title\" content=\"La Oficina Verde de Milagrosa inicia la primera labor de acompa\u00f1amiento a una comunidad de vecinos del barrio en las obras de rehabilitaci\u00f3n y regeneraci\u00f3n urbana\" \/>\n<meta property=\"og:description\" content=\"La oficina, que abri\u00f3 sus puertas en septiembre de 2024, ha suscrito esta ma\u00f1ana el primer convenio para asesorar en labores de rehabilitaci\u00f3n\" \/>\n<meta property=\"og:url\" content=\"https:\/\/www.laguiadepamplona.com\/actualidad\/la-oficina-verde-de-milagrosa-inicia-la-primera-labor-de-acompanamiento-a-una-comunidad-de-vecinos-del-barrio-en-las-obras-de-rehabilitacion-y-regeneracion-urbana\/\" \/>\n<meta property=\"og:site_name\" content=\"La Gu\u00eda de Pamplona\" \/>\n<meta property=\"article:publisher\" content=\"https:\/\/www.facebook.com\/laguiadepamplonacom-133175176762273\/?ref=hl\" \/>\n<meta property=\"article:published_time\" content=\"2025-06-25T14:03:50+00:00\" \/>\n<meta property=\"og:image\" content=\"https:\/\/www.laguiadepamplona.com\/actualidad\/wp-content\/uploads\/2025\/06\/1_FOTO-NOTA-OFICINA-VERDE-FIRMA-CONVENIO_DSC_7813.webp\" \/>\n\t<meta property=\"og:image:width\" content=\"1000\" \/>\n\t<meta property=\"og:image:height\" content=\"666\" \/>\n\t<meta property=\"og:image:type\" content=\"image\/webp\" \/>\n<meta name=\"author\" content=\"La Gu\u00eda de Pamplona\" \/>\n<meta name=\"twitter:card\" content=\"summary_large_image\" \/>\n<meta name=\"twitter:creator\" content=\"@LaGuiadPamplona\" \/>\n<meta name=\"twitter:site\" content=\"@LaGuiadPamplona\" \/>\n<meta name=\"twitter:label1\" content=\"Escrito por\" \/>\n\t<meta name=\"twitter:data1\" content=\"La Gu\u00eda de Pamplona\" \/>\n\t<meta name=\"twitter:label2\" content=\"Tiempo de lectura\" \/>\n\t<meta name=\"twitter:data2\" content=\"4 minutos\" \/>\n<script type=\"application\/ld+json\" class=\"yoast-schema-graph\">{\"@context\":\"https:\\\/\\\/schema.org\",\"@graph\":[{\"@type\":\"Article\",\"@id\":\"https:\\\/\\\/www.laguiadepamplona.com\\\/actualidad\\\/la-oficina-verde-de-milagrosa-inicia-la-primera-labor-de-acompanamiento-a-una-comunidad-de-vecinos-del-barrio-en-las-obras-de-rehabilitacion-y-regeneracion-urbana\\\/#article\",\"isPartOf\":{\"@id\":\"https:\\\/\\\/www.laguiadepamplona.com\\\/actualidad\\\/la-oficina-verde-de-milagrosa-inicia-la-primera-labor-de-acompanamiento-a-una-comunidad-de-vecinos-del-barrio-en-las-obras-de-rehabilitacion-y-regeneracion-urbana\\\/\"},\"author\":{\"name\":\"La Gu\u00eda de Pamplona\",\"@id\":\"https:\\\/\\\/www.laguiadepamplona.com\\\/actualidad\\\/#\\\/schema\\\/person\\\/efe887376f0213d4657c93adc50b1fdb\"},\"headline\":\"La Oficina Verde de Milagrosa inicia la primera labor de acompa\u00f1amiento a una comunidad de vecinos del barrio en las obras de rehabilitaci\u00f3n y regeneraci\u00f3n urbana\",\"datePublished\":\"2025-06-25T14:03:50+00:00\",\"mainEntityOfPage\":{\"@id\":\"https:\\\/\\\/www.laguiadepamplona.com\\\/actualidad\\\/la-oficina-verde-de-milagrosa-inicia-la-primera-labor-de-acompanamiento-a-una-comunidad-de-vecinos-del-barrio-en-las-obras-de-rehabilitacion-y-regeneracion-urbana\\\/\"},\"wordCount\":790,\"commentCount\":0,\"publisher\":{\"@id\":\"https:\\\/\\\/www.laguiadepamplona.com\\\/actualidad\\\/#organization\"},\"image\":{\"@id\":\"https:\\\/\\\/www.laguiadepamplona.com\\\/actualidad\\\/la-oficina-verde-de-milagrosa-inicia-la-primera-labor-de-acompanamiento-a-una-comunidad-de-vecinos-del-barrio-en-las-obras-de-rehabilitacion-y-regeneracion-urbana\\\/#primaryimage\"},\"thumbnailUrl\":\"https:\\\/\\\/www.laguiadepamplona.com\\\/actualidad\\\/wp-content\\\/uploads\\\/2025\\\/06\\\/1_FOTO-NOTA-OFICINA-VERDE-FIRMA-CONVENIO_DSC_7813.webp\",\"articleSection\":[\"Ayto Pamplona\"],\"inLanguage\":\"es\",\"potentialAction\":[{\"@type\":\"CommentAction\",\"name\":\"Comment\",\"target\":[\"https:\\\/\\\/www.laguiadepamplona.com\\\/actualidad\\\/la-oficina-verde-de-milagrosa-inicia-la-primera-labor-de-acompanamiento-a-una-comunidad-de-vecinos-del-barrio-en-las-obras-de-rehabilitacion-y-regeneracion-urbana\\\/#respond\"]}]},{\"@type\":\"WebPage\",\"@id\":\"https:\\\/\\\/www.laguiadepamplona.com\\\/actualidad\\\/la-oficina-verde-de-milagrosa-inicia-la-primera-labor-de-acompanamiento-a-una-comunidad-de-vecinos-del-barrio-en-las-obras-de-rehabilitacion-y-regeneracion-urbana\\\/\",\"url\":\"https:\\\/\\\/www.laguiadepamplona.com\\\/actualidad\\\/la-oficina-verde-de-milagrosa-inicia-la-primera-labor-de-acompanamiento-a-una-comunidad-de-vecinos-del-barrio-en-las-obras-de-rehabilitacion-y-regeneracion-urbana\\\/\",\"name\":\"La Oficina Verde de Milagrosa inicia la primera labor de acompa\u00f1amiento a una comunidad de vecinos del barrio en las obras de rehabilitaci\u00f3n y regeneraci\u00f3n urbana\",\"isPartOf\":{\"@id\":\"https:\\\/\\\/www.laguiadepamplona.com\\\/actualidad\\\/#website\"},\"primaryImageOfPage\":{\"@id\":\"https:\\\/\\\/www.laguiadepamplona.com\\\/actualidad\\\/la-oficina-verde-de-milagrosa-inicia-la-primera-labor-de-acompanamiento-a-una-comunidad-de-vecinos-del-barrio-en-las-obras-de-rehabilitacion-y-regeneracion-urbana\\\/#primaryimage\"},\"image\":{\"@id\":\"https:\\\/\\\/www.laguiadepamplona.com\\\/actualidad\\\/la-oficina-verde-de-milagrosa-inicia-la-primera-labor-de-acompanamiento-a-una-comunidad-de-vecinos-del-barrio-en-las-obras-de-rehabilitacion-y-regeneracion-urbana\\\/#primaryimage\"},\"thumbnailUrl\":\"https:\\\/\\\/www.laguiadepamplona.com\\\/actualidad\\\/wp-content\\\/uploads\\\/2025\\\/06\\\/1_FOTO-NOTA-OFICINA-VERDE-FIRMA-CONVENIO_DSC_7813.webp\",\"datePublished\":\"2025-06-25T14:03:50+00:00\",\"description\":\"La oficina, que abri\u00f3 sus puertas en septiembre de 2024, ha suscrito esta ma\u00f1ana el primer convenio para asesorar en labores de rehabilitaci\u00f3n\",\"breadcrumb\":{\"@id\":\"https:\\\/\\\/www.laguiadepamplona.com\\\/actualidad\\\/la-oficina-verde-de-milagrosa-inicia-la-primera-labor-de-acompanamiento-a-una-comunidad-de-vecinos-del-barrio-en-las-obras-de-rehabilitacion-y-regeneracion-urbana\\\/#breadcrumb\"},\"inLanguage\":\"es\",\"potentialAction\":[{\"@type\":\"ReadAction\",\"target\":[\"https:\\\/\\\/www.laguiadepamplona.com\\\/actualidad\\\/la-oficina-verde-de-milagrosa-inicia-la-primera-labor-de-acompanamiento-a-una-comunidad-de-vecinos-del-barrio-en-las-obras-de-rehabilitacion-y-regeneracion-urbana\\\/\"]}]},{\"@type\":\"ImageObject\",\"inLanguage\":\"es\",\"@id\":\"https:\\\/\\\/www.laguiadepamplona.com\\\/actualidad\\\/la-oficina-verde-de-milagrosa-inicia-la-primera-labor-de-acompanamiento-a-una-comunidad-de-vecinos-del-barrio-en-las-obras-de-rehabilitacion-y-regeneracion-urbana\\\/#primaryimage\",\"url\":\"https:\\\/\\\/www.laguiadepamplona.com\\\/actualidad\\\/wp-content\\\/uploads\\\/2025\\\/06\\\/1_FOTO-NOTA-OFICINA-VERDE-FIRMA-CONVENIO_DSC_7813.webp\",\"contentUrl\":\"https:\\\/\\\/www.laguiadepamplona.com\\\/actualidad\\\/wp-content\\\/uploads\\\/2025\\\/06\\\/1_FOTO-NOTA-OFICINA-VERDE-FIRMA-CONVENIO_DSC_7813.webp\",\"width\":1000,\"height\":666,\"caption\":\"FOTO NOTA OFICINA VERDE FIRMA CONVENIO\"},{\"@type\":\"BreadcrumbList\",\"@id\":\"https:\\\/\\\/www.laguiadepamplona.com\\\/actualidad\\\/la-oficina-verde-de-milagrosa-inicia-la-primera-labor-de-acompanamiento-a-una-comunidad-de-vecinos-del-barrio-en-las-obras-de-rehabilitacion-y-regeneracion-urbana\\\/#breadcrumb\",\"itemListElement\":[{\"@type\":\"ListItem\",\"position\":1,\"name\":\"Portada\",\"item\":\"https:\\\/\\\/www.laguiadepamplona.com\\\/actualidad\\\/\"},{\"@type\":\"ListItem\",\"position\":2,\"name\":\"La Oficina Verde de Milagrosa inicia la primera labor de acompa\u00f1amiento a una comunidad de vecinos del barrio en las obras de rehabilitaci\u00f3n y regeneraci\u00f3n urbana\"}]},{\"@type\":\"WebSite\",\"@id\":\"https:\\\/\\\/www.laguiadepamplona.com\\\/actualidad\\\/#website\",\"url\":\"https:\\\/\\\/www.laguiadepamplona.com\\\/actualidad\\\/\",\"name\":\"La gu\u00eda de Pamplona\",\"description\":\"Noticias de Pamplona\",\"publisher\":{\"@id\":\"https:\\\/\\\/www.laguiadepamplona.com\\\/actualidad\\\/#organization\"},\"potentialAction\":[{\"@type\":\"SearchAction\",\"target\":{\"@type\":\"EntryPoint\",\"urlTemplate\":\"https:\\\/\\\/www.laguiadepamplona.com\\\/actualidad\\\/?s={search_term_string}\"},\"query-input\":{\"@type\":\"PropertyValueSpecification\",\"valueRequired\":true,\"valueName\":\"search_term_string\"}}],\"inLanguage\":\"es\"},{\"@type\":\"Organization\",\"@id\":\"https:\\\/\\\/www.laguiadepamplona.com\\\/actualidad\\\/#organization\",\"name\":\"La Gu\u00eda de Pamplona \\\/ Noticias\",\"url\":\"https:\\\/\\\/www.laguiadepamplona.com\\\/actualidad\\\/\",\"logo\":{\"@type\":\"ImageObject\",\"inLanguage\":\"es\",\"@id\":\"https:\\\/\\\/www.laguiadepamplona.com\\\/actualidad\\\/#\\\/schema\\\/logo\\\/image\\\/\",\"url\":\"https:\\\/\\\/www.laguiadepamplona.com\\\/actualidad\\\/wp-content\\\/uploads\\\/2018\\\/11\\\/logo-laguiadepamplona18-web1.png\",\"contentUrl\":\"https:\\\/\\\/www.laguiadepamplona.com\\\/actualidad\\\/wp-content\\\/uploads\\\/2018\\\/11\\\/logo-laguiadepamplona18-web1.png\",\"width\":600,\"height\":196,\"caption\":\"La Gu\u00eda de Pamplona \\\/ Noticias\"},\"image\":{\"@id\":\"https:\\\/\\\/www.laguiadepamplona.com\\\/actualidad\\\/#\\\/schema\\\/logo\\\/image\\\/\"},\"sameAs\":[\"https:\\\/\\\/www.facebook.com\\\/laguiadepamplonacom-133175176762273\\\/?ref=hl\",\"https:\\\/\\\/x.com\\\/LaGuiadPamplona\",\"https:\\\/\\\/www.instagram.com\\\/la_guia_de_pamplona\\\/\",\"https:\\\/\\\/www.youtube.com\\\/user\\\/laguiadepamplona\"]},{\"@type\":\"Person\",\"@id\":\"https:\\\/\\\/www.laguiadepamplona.com\\\/actualidad\\\/#\\\/schema\\\/person\\\/efe887376f0213d4657c93adc50b1fdb\",\"name\":\"La Gu\u00eda de Pamplona\",\"image\":{\"@type\":\"ImageObject\",\"inLanguage\":\"es\",\"@id\":\"https:\\\/\\\/secure.gravatar.com\\\/avatar\\\/b6992f131dc8d30ab0dff15446e9d346d9dbd95992de0fef795073f5ea83a81c?s=96&d=mm&r=g\",\"url\":\"https:\\\/\\\/secure.gravatar.com\\\/avatar\\\/b6992f131dc8d30ab0dff15446e9d346d9dbd95992de0fef795073f5ea83a81c?s=96&d=mm&r=g\",\"contentUrl\":\"https:\\\/\\\/secure.gravatar.com\\\/avatar\\\/b6992f131dc8d30ab0dff15446e9d346d9dbd95992de0fef795073f5ea83a81c?s=96&d=mm&r=g\",\"caption\":\"La Gu\u00eda de Pamplona\"}}]}<\/script>\n<!-- \/ Yoast SEO plugin. -->","yoast_head_json":{"title":"La Oficina Verde de Milagrosa inicia la primera labor de acompa\u00f1amiento a una comunidad de vecinos del barrio en las obras de rehabilitaci\u00f3n y regeneraci\u00f3n urbana","description":"La oficina, que abri\u00f3 sus puertas en septiembre de 2024, ha suscrito esta ma\u00f1ana el primer convenio para asesorar en labores de rehabilitaci\u00f3n","robots":{"index":"index","follow":"follow","max-snippet":"max-snippet:-1","max-image-preview":"max-image-preview:large","max-video-preview":"max-video-preview:-1"},"canonical":"https:\/\/www.laguiadepamplona.com\/actualidad\/la-oficina-verde-de-milagrosa-inicia-la-primera-labor-de-acompanamiento-a-una-comunidad-de-vecinos-del-barrio-en-las-obras-de-rehabilitacion-y-regeneracion-urbana\/","og_locale":"es_ES","og_type":"article","og_title":"La Oficina Verde de Milagrosa inicia la primera labor de acompa\u00f1amiento a una comunidad de vecinos del barrio en las obras de rehabilitaci\u00f3n y regeneraci\u00f3n urbana","og_description":"La oficina, que abri\u00f3 sus puertas en septiembre de 2024, ha suscrito esta ma\u00f1ana el primer convenio para asesorar en labores de rehabilitaci\u00f3n","og_url":"https:\/\/www.laguiadepamplona.com\/actualidad\/la-oficina-verde-de-milagrosa-inicia-la-primera-labor-de-acompanamiento-a-una-comunidad-de-vecinos-del-barrio-en-las-obras-de-rehabilitacion-y-regeneracion-urbana\/","og_site_name":"La Gu\u00eda de Pamplona","article_publisher":"https:\/\/www.facebook.com\/laguiadepamplonacom-133175176762273\/?ref=hl","article_published_time":"2025-06-25T14:03:50+00:00","og_image":[{"width":1000,"height":666,"url":"https:\/\/www.laguiadepamplona.com\/actualidad\/wp-content\/uploads\/2025\/06\/1_FOTO-NOTA-OFICINA-VERDE-FIRMA-CONVENIO_DSC_7813.webp","type":"image\/webp"}],"author":"La Gu\u00eda de Pamplona","twitter_card":"summary_large_image","twitter_creator":"@LaGuiadPamplona","twitter_site":"@LaGuiadPamplona","twitter_misc":{"Escrito por":"La Gu\u00eda de Pamplona","Tiempo de lectura":"4 minutos"},"schema":{"@context":"https:\/\/schema.org","@graph":[{"@type":"Article","@id":"https:\/\/www.laguiadepamplona.com\/actualidad\/la-oficina-verde-de-milagrosa-inicia-la-primera-labor-de-acompanamiento-a-una-comunidad-de-vecinos-del-barrio-en-las-obras-de-rehabilitacion-y-regeneracion-urbana\/#article","isPartOf":{"@id":"https:\/\/www.laguiadepamplona.com\/actualidad\/la-oficina-verde-de-milagrosa-inicia-la-primera-labor-de-acompanamiento-a-una-comunidad-de-vecinos-del-barrio-en-las-obras-de-rehabilitacion-y-regeneracion-urbana\/"},"author":{"name":"La Gu\u00eda de Pamplona","@id":"https:\/\/www.laguiadepamplona.com\/actualidad\/#\/schema\/person\/efe887376f0213d4657c93adc50b1fdb"},"headline":"La Oficina Verde de Milagrosa inicia la primera labor de acompa\u00f1amiento a una comunidad de vecinos del barrio en las obras de rehabilitaci\u00f3n y regeneraci\u00f3n urbana","datePublished":"2025-06-25T14:03:50+00:00","mainEntityOfPage":{"@id":"https:\/\/www.laguiadepamplona.com\/actualidad\/la-oficina-verde-de-milagrosa-inicia-la-primera-labor-de-acompanamiento-a-una-comunidad-de-vecinos-del-barrio-en-las-obras-de-rehabilitacion-y-regeneracion-urbana\/"},"wordCount":790,"commentCount":0,"publisher":{"@id":"https:\/\/www.laguiadepamplona.com\/actualidad\/#organization"},"image":{"@id":"https:\/\/www.laguiadepamplona.com\/actualidad\/la-oficina-verde-de-milagrosa-inicia-la-primera-labor-de-acompanamiento-a-una-comunidad-de-vecinos-del-barrio-en-las-obras-de-rehabilitacion-y-regeneracion-urbana\/#primaryimage"},"thumbnailUrl":"https:\/\/www.laguiadepamplona.com\/actualidad\/wp-content\/uploads\/2025\/06\/1_FOTO-NOTA-OFICINA-VERDE-FIRMA-CONVENIO_DSC_7813.webp","articleSection":["Ayto Pamplona"],"inLanguage":"es","potentialAction":[{"@type":"CommentAction","name":"Comment","target":["https:\/\/www.laguiadepamplona.com\/actualidad\/la-oficina-verde-de-milagrosa-inicia-la-primera-labor-de-acompanamiento-a-una-comunidad-de-vecinos-del-barrio-en-las-obras-de-rehabilitacion-y-regeneracion-urbana\/#respond"]}]},{"@type":"WebPage","@id":"https:\/\/www.laguiadepamplona.com\/actualidad\/la-oficina-verde-de-milagrosa-inicia-la-primera-labor-de-acompanamiento-a-una-comunidad-de-vecinos-del-barrio-en-las-obras-de-rehabilitacion-y-regeneracion-urbana\/","url":"https:\/\/www.laguiadepamplona.com\/actualidad\/la-oficina-verde-de-milagrosa-inicia-la-primera-labor-de-acompanamiento-a-una-comunidad-de-vecinos-del-barrio-en-las-obras-de-rehabilitacion-y-regeneracion-urbana\/","name":"La Oficina Verde de Milagrosa inicia la primera labor de acompa\u00f1amiento a una comunidad de vecinos del barrio en las obras de rehabilitaci\u00f3n y regeneraci\u00f3n urbana","isPartOf":{"@id":"https:\/\/www.laguiadepamplona.com\/actualidad\/#website"},"primaryImageOfPage":{"@id":"https:\/\/www.laguiadepamplona.com\/actualidad\/la-oficina-verde-de-milagrosa-inicia-la-primera-labor-de-acompanamiento-a-una-comunidad-de-vecinos-del-barrio-en-las-obras-de-rehabilitacion-y-regeneracion-urbana\/#primaryimage"},"image":{"@id":"https:\/\/www.laguiadepamplona.com\/actualidad\/la-oficina-verde-de-milagrosa-inicia-la-primera-labor-de-acompanamiento-a-una-comunidad-de-vecinos-del-barrio-en-las-obras-de-rehabilitacion-y-regeneracion-urbana\/#primaryimage"},"thumbnailUrl":"https:\/\/www.laguiadepamplona.com\/actualidad\/wp-content\/uploads\/2025\/06\/1_FOTO-NOTA-OFICINA-VERDE-FIRMA-CONVENIO_DSC_7813.webp","datePublished":"2025-06-25T14:03:50+00:00","description":"La oficina, que abri\u00f3 sus puertas en septiembre de 2024, ha suscrito esta ma\u00f1ana el primer convenio para asesorar en labores de rehabilitaci\u00f3n","breadcrumb":{"@id":"https:\/\/www.laguiadepamplona.com\/actualidad\/la-oficina-verde-de-milagrosa-inicia-la-primera-labor-de-acompanamiento-a-una-comunidad-de-vecinos-del-barrio-en-las-obras-de-rehabilitacion-y-regeneracion-urbana\/#breadcrumb"},"inLanguage":"es","potentialAction":[{"@type":"ReadAction","target":["https:\/\/www.laguiadepamplona.com\/actualidad\/la-oficina-verde-de-milagrosa-inicia-la-primera-labor-de-acompanamiento-a-una-comunidad-de-vecinos-del-barrio-en-las-obras-de-rehabilitacion-y-regeneracion-urbana\/"]}]},{"@type":"ImageObject","inLanguage":"es","@id":"https:\/\/www.laguiadepamplona.com\/actualidad\/la-oficina-verde-de-milagrosa-inicia-la-primera-labor-de-acompanamiento-a-una-comunidad-de-vecinos-del-barrio-en-las-obras-de-rehabilitacion-y-regeneracion-urbana\/#primaryimage","url":"https:\/\/www.laguiadepamplona.com\/actualidad\/wp-content\/uploads\/2025\/06\/1_FOTO-NOTA-OFICINA-VERDE-FIRMA-CONVENIO_DSC_7813.webp","contentUrl":"https:\/\/www.laguiadepamplona.com\/actualidad\/wp-content\/uploads\/2025\/06\/1_FOTO-NOTA-OFICINA-VERDE-FIRMA-CONVENIO_DSC_7813.webp","width":1000,"height":666,"caption":"FOTO NOTA OFICINA VERDE FIRMA CONVENIO"},{"@type":"BreadcrumbList","@id":"https:\/\/www.laguiadepamplona.com\/actualidad\/la-oficina-verde-de-milagrosa-inicia-la-primera-labor-de-acompanamiento-a-una-comunidad-de-vecinos-del-barrio-en-las-obras-de-rehabilitacion-y-regeneracion-urbana\/#breadcrumb","itemListElement":[{"@type":"ListItem","position":1,"name":"Portada","item":"https:\/\/www.laguiadepamplona.com\/actualidad\/"},{"@type":"ListItem","position":2,"name":"La Oficina Verde de Milagrosa inicia la primera labor de acompa\u00f1amiento a una comunidad de vecinos del barrio en las obras de rehabilitaci\u00f3n y regeneraci\u00f3n urbana"}]},{"@type":"WebSite","@id":"https:\/\/www.laguiadepamplona.com\/actualidad\/#website","url":"https:\/\/www.laguiadepamplona.com\/actualidad\/","name":"La gu\u00eda de Pamplona","description":"Noticias de Pamplona","publisher":{"@id":"https:\/\/www.laguiadepamplona.com\/actualidad\/#organization"},"potentialAction":[{"@type":"SearchAction","target":{"@type":"EntryPoint","urlTemplate":"https:\/\/www.laguiadepamplona.com\/actualidad\/?s={search_term_string}"},"query-input":{"@type":"PropertyValueSpecification","valueRequired":true,"valueName":"search_term_string"}}],"inLanguage":"es"},{"@type":"Organization","@id":"https:\/\/www.laguiadepamplona.com\/actualidad\/#organization","name":"La Gu\u00eda de Pamplona \/ Noticias","url":"https:\/\/www.laguiadepamplona.com\/actualidad\/","logo":{"@type":"ImageObject","inLanguage":"es","@id":"https:\/\/www.laguiadepamplona.com\/actualidad\/#\/schema\/logo\/image\/","url":"https:\/\/www.laguiadepamplona.com\/actualidad\/wp-content\/uploads\/2018\/11\/logo-laguiadepamplona18-web1.png","contentUrl":"https:\/\/www.laguiadepamplona.com\/actualidad\/wp-content\/uploads\/2018\/11\/logo-laguiadepamplona18-web1.png","width":600,"height":196,"caption":"La Gu\u00eda de Pamplona \/ Noticias"},"image":{"@id":"https:\/\/www.laguiadepamplona.com\/actualidad\/#\/schema\/logo\/image\/"},"sameAs":["https:\/\/www.facebook.com\/laguiadepamplonacom-133175176762273\/?ref=hl","https:\/\/x.com\/LaGuiadPamplona","https:\/\/www.instagram.com\/la_guia_de_pamplona\/","https:\/\/www.youtube.com\/user\/laguiadepamplona"]},{"@type":"Person","@id":"https:\/\/www.laguiadepamplona.com\/actualidad\/#\/schema\/person\/efe887376f0213d4657c93adc50b1fdb","name":"La Gu\u00eda de Pamplona","image":{"@type":"ImageObject","inLanguage":"es","@id":"https:\/\/secure.gravatar.com\/avatar\/b6992f131dc8d30ab0dff15446e9d346d9dbd95992de0fef795073f5ea83a81c?s=96&d=mm&r=g","url":"https:\/\/secure.gravatar.com\/avatar\/b6992f131dc8d30ab0dff15446e9d346d9dbd95992de0fef795073f5ea83a81c?s=96&d=mm&r=g","contentUrl":"https:\/\/secure.gravatar.com\/avatar\/b6992f131dc8d30ab0dff15446e9d346d9dbd95992de0fef795073f5ea83a81c?s=96&d=mm&r=g","caption":"La Gu\u00eda de Pamplona"}}]}},"post_mailing_queue_ids":[],"_links":{"self":[{"href":"https:\/\/www.laguiadepamplona.com\/actualidad\/wp-json\/wp\/v2\/posts\/53245","targetHints":{"allow":["GET"]}}],"collection":[{"href":"https:\/\/www.laguiadepamplona.com\/actualidad\/wp-json\/wp\/v2\/posts"}],"about":[{"href":"https:\/\/www.laguiadepamplona.com\/actualidad\/wp-json\/wp\/v2\/types\/post"}],"author":[{"embeddable":true,"href":"https:\/\/www.laguiadepamplona.com\/actualidad\/wp-json\/wp\/v2\/users\/1"}],"replies":[{"embeddable":true,"href":"https:\/\/www.laguiadepamplona.com\/actualidad\/wp-json\/wp\/v2\/comments?post=53245"}],"version-history":[{"count":1,"href":"https:\/\/www.laguiadepamplona.com\/actualidad\/wp-json\/wp\/v2\/posts\/53245\/revisions"}],"predecessor-version":[{"id":53247,"href":"https:\/\/www.laguiadepamplona.com\/actualidad\/wp-json\/wp\/v2\/posts\/53245\/revisions\/53247"}],"wp:featuredmedia":[{"embeddable":true,"href":"https:\/\/www.laguiadepamplona.com\/actualidad\/wp-json\/wp\/v2\/media\/53246"}],"wp:attachment":[{"href":"https:\/\/www.laguiadepamplona.com\/actualidad\/wp-json\/wp\/v2\/media?parent=53245"}],"wp:term":[{"taxonomy":"category","embeddable":true,"href":"https:\/\/www.laguiadepamplona.com\/actualidad\/wp-json\/wp\/v2\/categories?post=53245"},{"taxonomy":"post_tag","embeddable":true,"href":"https:\/\/www.laguiadepamplona.com\/actualidad\/wp-json\/wp\/v2\/tags?post=53245"}],"curies":[{"name":"wp","href":"https:\/\/api.w.org\/{rel}","templated":true}]}}