{"id":53242,"date":"2025-06-25T16:02:18","date_gmt":"2025-06-25T14:02:18","guid":{"rendered":"https:\/\/www.laguiadepamplona.com\/actualidad\/?p=53242"},"modified":"2025-06-25T16:02:18","modified_gmt":"2025-06-25T14:02:18","slug":"los-bares-podran-abrir-hasta-las-seis-de-la-manana-durante-las-fiestas-de-san-fermin-y-las-discotecas-y-salas-de-fiestas-hasta-las-siete-y-media","status":"publish","type":"post","link":"https:\/\/www.laguiadepamplona.com\/actualidad\/los-bares-podran-abrir-hasta-las-seis-de-la-manana-durante-las-fiestas-de-san-fermin-y-las-discotecas-y-salas-de-fiestas-hasta-las-siete-y-media\/","title":{"rendered":"Los bares podr\u00e1n abrir hasta las seis de la ma\u00f1ana durante las fiestas de San Ferm\u00edn y las discotecas y salas de fiestas hasta las siete y media"},"content":{"rendered":"<h2>Todos los establecimientos de este tipo deber\u00e1n garantizar al menos tres horas de cierre al d\u00eda<\/h2>\n<p><!--more--><\/p>\n<p>El Ayuntamiento de Pamplona ha establecido el horario especial de apertura durante las fiestas de San Ferm\u00edn para los establecimientos de hosteler\u00eda, discotecas y salas de fiestas, que les permite prolongar su actividad. En concreto, los bares, cafeter\u00edas, restaurantes, bares especiales y caf\u00e9s espect\u00e1culo podr\u00e1n permanecer abiertos hasta las 6.00 horas entre los d\u00edas 7 y 15 de julio, ambos inclusive. Por su parte, las discotecas y salas de fiesta podr\u00e1n adelantar su horario de apertura a las 17 horas y contar\u00e1n, adem\u00e1s, con un horario ampliado de actividad, hasta las 7.30 horas.<\/p>\n<p>Los nuevos horarios han sido fijados mediante un decreto de Alcald\u00eda, que establece la limitaci\u00f3n temporal, entre el 7 y el 15 de julio, exclusivamente. El decreto tambi\u00e9n recoge que todos los establecimientos a los que les afecta esta ampliaci\u00f3n de horarios deber\u00e1n cumplir con un m\u00ednimo de tres horas inactividad al d\u00eda, entre un cierre y la apertura siguiente. En este tiempo deber\u00e1n llevar a cabo las labores de limpieza del local.<\/p>\n<h3>Horarios de Hosteler\u00eda en San Ferm\u00edn<\/h3>\n<ul>\n<li>Bares, cafeter\u00edas, restaurantes, bares especiales y caf\u00e9 espect\u00e1culo: abierto hasta las 6.00 horas<\/li>\n<li>Discotecas y salas de fiestas: desde las 17 horas hasta las 7.30 horas<\/li>\n<\/ul>\n","protected":false},"excerpt":{"rendered":"<p>Todos los establecimientos de este tipo deber\u00e1n garantizar al menos tres horas de cierre al d\u00eda<\/p>\n","protected":false},"author":1,"featured_media":53243,"comment_status":"open","ping_status":"closed","sticky":false,"template":"","format":"standard","meta":{"footnotes":""},"categories":[2],"tags":[],"class_list":["post-53242","post","type-post","status-publish","format-standard","has-post-thumbnail","hentry","category-ayuntamiento-pamplona"],"yoast_head":"<!-- This site is optimized with the Yoast SEO plugin v27.3 - https:\/\/yoast.com\/product\/yoast-seo-wordpress\/ -->\n<title>Los bares podr\u00e1n abrir hasta las seis de la ma\u00f1ana durante las fiestas de San Ferm\u00edn y las discotecas y salas de fiestas hasta las siete y media<\/title>\n<meta name=\"description\" content=\"Todos los establecimientos de este tipo deber\u00e1n garantizar al menos tres horas de cierre al d\u00eda\" \/>\n<meta name=\"robots\" content=\"index, follow, max-snippet:-1, max-image-preview:large, max-video-preview:-1\" \/>\n<link rel=\"canonical\" href=\"https:\/\/www.laguiadepamplona.com\/actualidad\/los-bares-podran-abrir-hasta-las-seis-de-la-manana-durante-las-fiestas-de-san-fermin-y-las-discotecas-y-salas-de-fiestas-hasta-las-siete-y-media\/\" \/>\n<meta property=\"og:locale\" content=\"es_ES\" \/>\n<meta property=\"og:type\" content=\"article\" \/>\n<meta property=\"og:title\" content=\"Los bares podr\u00e1n abrir hasta las seis de la ma\u00f1ana durante las fiestas de San Ferm\u00edn y las discotecas y salas de fiestas hasta las siete y media\" \/>\n<meta property=\"og:description\" content=\"Todos los establecimientos de este tipo deber\u00e1n garantizar al menos tres horas de cierre al d\u00eda\" \/>\n<meta property=\"og:url\" content=\"https:\/\/www.laguiadepamplona.com\/actualidad\/los-bares-podran-abrir-hasta-las-seis-de-la-manana-durante-las-fiestas-de-san-fermin-y-las-discotecas-y-salas-de-fiestas-hasta-las-siete-y-media\/\" \/>\n<meta property=\"og:site_name\" content=\"La Gu\u00eda de Pamplona\" \/>\n<meta property=\"article:publisher\" content=\"https:\/\/www.facebook.com\/laguiadepamplonacom-133175176762273\/?ref=hl\" \/>\n<meta property=\"article:published_time\" content=\"2025-06-25T14:02:18+00:00\" \/>\n<meta property=\"og:image\" content=\"https:\/\/www.laguiadepamplona.com\/actualidad\/wp-content\/uploads\/2025\/06\/Horarios-bares-SF_web_0.webp\" \/>\n\t<meta property=\"og:image:width\" content=\"1000\" \/>\n\t<meta property=\"og:image:height\" content=\"667\" \/>\n\t<meta property=\"og:image:type\" content=\"image\/webp\" \/>\n<meta name=\"author\" content=\"La Gu\u00eda de Pamplona\" \/>\n<meta name=\"twitter:card\" content=\"summary_large_image\" \/>\n<meta name=\"twitter:creator\" content=\"@LaGuiadPamplona\" \/>\n<meta name=\"twitter:site\" content=\"@LaGuiadPamplona\" \/>\n<meta name=\"twitter:label1\" content=\"Escrito por\" \/>\n\t<meta name=\"twitter:data1\" content=\"La Gu\u00eda de Pamplona\" \/>\n\t<meta name=\"twitter:label2\" content=\"Tiempo de lectura\" \/>\n\t<meta name=\"twitter:data2\" content=\"1 minuto\" \/>\n<script type=\"application\/ld+json\" class=\"yoast-schema-graph\">{\"@context\":\"https:\\\/\\\/schema.org\",\"@graph\":[{\"@type\":\"Article\",\"@id\":\"https:\\\/\\\/www.laguiadepamplona.com\\\/actualidad\\\/los-bares-podran-abrir-hasta-las-seis-de-la-manana-durante-las-fiestas-de-san-fermin-y-las-discotecas-y-salas-de-fiestas-hasta-las-siete-y-media\\\/#article\",\"isPartOf\":{\"@id\":\"https:\\\/\\\/www.laguiadepamplona.com\\\/actualidad\\\/los-bares-podran-abrir-hasta-las-seis-de-la-manana-durante-las-fiestas-de-san-fermin-y-las-discotecas-y-salas-de-fiestas-hasta-las-siete-y-media\\\/\"},\"author\":{\"name\":\"La Gu\u00eda de Pamplona\",\"@id\":\"https:\\\/\\\/www.laguiadepamplona.com\\\/actualidad\\\/#\\\/schema\\\/person\\\/efe887376f0213d4657c93adc50b1fdb\"},\"headline\":\"Los bares podr\u00e1n abrir hasta las seis de la ma\u00f1ana durante las fiestas de San Ferm\u00edn y las discotecas y salas de fiestas hasta las siete y media\",\"datePublished\":\"2025-06-25T14:02:18+00:00\",\"mainEntityOfPage\":{\"@id\":\"https:\\\/\\\/www.laguiadepamplona.com\\\/actualidad\\\/los-bares-podran-abrir-hasta-las-seis-de-la-manana-durante-las-fiestas-de-san-fermin-y-las-discotecas-y-salas-de-fiestas-hasta-las-siete-y-media\\\/\"},\"wordCount\":259,\"commentCount\":0,\"publisher\":{\"@id\":\"https:\\\/\\\/www.laguiadepamplona.com\\\/actualidad\\\/#organization\"},\"image\":{\"@id\":\"https:\\\/\\\/www.laguiadepamplona.com\\\/actualidad\\\/los-bares-podran-abrir-hasta-las-seis-de-la-manana-durante-las-fiestas-de-san-fermin-y-las-discotecas-y-salas-de-fiestas-hasta-las-siete-y-media\\\/#primaryimage\"},\"thumbnailUrl\":\"https:\\\/\\\/www.laguiadepamplona.com\\\/actualidad\\\/wp-content\\\/uploads\\\/2025\\\/06\\\/Horarios-bares-SF_web_0.webp\",\"articleSection\":[\"Ayto Pamplona\"],\"inLanguage\":\"es\",\"potentialAction\":[{\"@type\":\"CommentAction\",\"name\":\"Comment\",\"target\":[\"https:\\\/\\\/www.laguiadepamplona.com\\\/actualidad\\\/los-bares-podran-abrir-hasta-las-seis-de-la-manana-durante-las-fiestas-de-san-fermin-y-las-discotecas-y-salas-de-fiestas-hasta-las-siete-y-media\\\/#respond\"]}]},{\"@type\":\"WebPage\",\"@id\":\"https:\\\/\\\/www.laguiadepamplona.com\\\/actualidad\\\/los-bares-podran-abrir-hasta-las-seis-de-la-manana-durante-las-fiestas-de-san-fermin-y-las-discotecas-y-salas-de-fiestas-hasta-las-siete-y-media\\\/\",\"url\":\"https:\\\/\\\/www.laguiadepamplona.com\\\/actualidad\\\/los-bares-podran-abrir-hasta-las-seis-de-la-manana-durante-las-fiestas-de-san-fermin-y-las-discotecas-y-salas-de-fiestas-hasta-las-siete-y-media\\\/\",\"name\":\"Los bares podr\u00e1n abrir hasta las seis de la ma\u00f1ana durante las fiestas de San Ferm\u00edn y las discotecas y salas de fiestas hasta las siete y media\",\"isPartOf\":{\"@id\":\"https:\\\/\\\/www.laguiadepamplona.com\\\/actualidad\\\/#website\"},\"primaryImageOfPage\":{\"@id\":\"https:\\\/\\\/www.laguiadepamplona.com\\\/actualidad\\\/los-bares-podran-abrir-hasta-las-seis-de-la-manana-durante-las-fiestas-de-san-fermin-y-las-discotecas-y-salas-de-fiestas-hasta-las-siete-y-media\\\/#primaryimage\"},\"image\":{\"@id\":\"https:\\\/\\\/www.laguiadepamplona.com\\\/actualidad\\\/los-bares-podran-abrir-hasta-las-seis-de-la-manana-durante-las-fiestas-de-san-fermin-y-las-discotecas-y-salas-de-fiestas-hasta-las-siete-y-media\\\/#primaryimage\"},\"thumbnailUrl\":\"https:\\\/\\\/www.laguiadepamplona.com\\\/actualidad\\\/wp-content\\\/uploads\\\/2025\\\/06\\\/Horarios-bares-SF_web_0.webp\",\"datePublished\":\"2025-06-25T14:02:18+00:00\",\"description\":\"Todos los establecimientos de este tipo deber\u00e1n garantizar al menos tres horas de cierre al d\u00eda\",\"breadcrumb\":{\"@id\":\"https:\\\/\\\/www.laguiadepamplona.com\\\/actualidad\\\/los-bares-podran-abrir-hasta-las-seis-de-la-manana-durante-las-fiestas-de-san-fermin-y-las-discotecas-y-salas-de-fiestas-hasta-las-siete-y-media\\\/#breadcrumb\"},\"inLanguage\":\"es\",\"potentialAction\":[{\"@type\":\"ReadAction\",\"target\":[\"https:\\\/\\\/www.laguiadepamplona.com\\\/actualidad\\\/los-bares-podran-abrir-hasta-las-seis-de-la-manana-durante-las-fiestas-de-san-fermin-y-las-discotecas-y-salas-de-fiestas-hasta-las-siete-y-media\\\/\"]}]},{\"@type\":\"ImageObject\",\"inLanguage\":\"es\",\"@id\":\"https:\\\/\\\/www.laguiadepamplona.com\\\/actualidad\\\/los-bares-podran-abrir-hasta-las-seis-de-la-manana-durante-las-fiestas-de-san-fermin-y-las-discotecas-y-salas-de-fiestas-hasta-las-siete-y-media\\\/#primaryimage\",\"url\":\"https:\\\/\\\/www.laguiadepamplona.com\\\/actualidad\\\/wp-content\\\/uploads\\\/2025\\\/06\\\/Horarios-bares-SF_web_0.webp\",\"contentUrl\":\"https:\\\/\\\/www.laguiadepamplona.com\\\/actualidad\\\/wp-content\\\/uploads\\\/2025\\\/06\\\/Horarios-bares-SF_web_0.webp\",\"width\":1000,\"height\":667,\"caption\":\"Horarios bares San Ferm\u00edn\"},{\"@type\":\"BreadcrumbList\",\"@id\":\"https:\\\/\\\/www.laguiadepamplona.com\\\/actualidad\\\/los-bares-podran-abrir-hasta-las-seis-de-la-manana-durante-las-fiestas-de-san-fermin-y-las-discotecas-y-salas-de-fiestas-hasta-las-siete-y-media\\\/#breadcrumb\",\"itemListElement\":[{\"@type\":\"ListItem\",\"position\":1,\"name\":\"Portada\",\"item\":\"https:\\\/\\\/www.laguiadepamplona.com\\\/actualidad\\\/\"},{\"@type\":\"ListItem\",\"position\":2,\"name\":\"Los bares podr\u00e1n abrir hasta las seis de la ma\u00f1ana durante las fiestas de San Ferm\u00edn y las discotecas y salas de fiestas hasta las siete y media\"}]},{\"@type\":\"WebSite\",\"@id\":\"https:\\\/\\\/www.laguiadepamplona.com\\\/actualidad\\\/#website\",\"url\":\"https:\\\/\\\/www.laguiadepamplona.com\\\/actualidad\\\/\",\"name\":\"La gu\u00eda de Pamplona\",\"description\":\"Noticias de Pamplona\",\"publisher\":{\"@id\":\"https:\\\/\\\/www.laguiadepamplona.com\\\/actualidad\\\/#organization\"},\"potentialAction\":[{\"@type\":\"SearchAction\",\"target\":{\"@type\":\"EntryPoint\",\"urlTemplate\":\"https:\\\/\\\/www.laguiadepamplona.com\\\/actualidad\\\/?s={search_term_string}\"},\"query-input\":{\"@type\":\"PropertyValueSpecification\",\"valueRequired\":true,\"valueName\":\"search_term_string\"}}],\"inLanguage\":\"es\"},{\"@type\":\"Organization\",\"@id\":\"https:\\\/\\\/www.laguiadepamplona.com\\\/actualidad\\\/#organization\",\"name\":\"La Gu\u00eda de Pamplona \\\/ Noticias\",\"url\":\"https:\\\/\\\/www.laguiadepamplona.com\\\/actualidad\\\/\",\"logo\":{\"@type\":\"ImageObject\",\"inLanguage\":\"es\",\"@id\":\"https:\\\/\\\/www.laguiadepamplona.com\\\/actualidad\\\/#\\\/schema\\\/logo\\\/image\\\/\",\"url\":\"https:\\\/\\\/www.laguiadepamplona.com\\\/actualidad\\\/wp-content\\\/uploads\\\/2018\\\/11\\\/logo-laguiadepamplona18-web1.png\",\"contentUrl\":\"https:\\\/\\\/www.laguiadepamplona.com\\\/actualidad\\\/wp-content\\\/uploads\\\/2018\\\/11\\\/logo-laguiadepamplona18-web1.png\",\"width\":600,\"height\":196,\"caption\":\"La Gu\u00eda de Pamplona \\\/ Noticias\"},\"image\":{\"@id\":\"https:\\\/\\\/www.laguiadepamplona.com\\\/actualidad\\\/#\\\/schema\\\/logo\\\/image\\\/\"},\"sameAs\":[\"https:\\\/\\\/www.facebook.com\\\/laguiadepamplonacom-133175176762273\\\/?ref=hl\",\"https:\\\/\\\/x.com\\\/LaGuiadPamplona\",\"https:\\\/\\\/www.instagram.com\\\/la_guia_de_pamplona\\\/\",\"https:\\\/\\\/www.youtube.com\\\/user\\\/laguiadepamplona\"]},{\"@type\":\"Person\",\"@id\":\"https:\\\/\\\/www.laguiadepamplona.com\\\/actualidad\\\/#\\\/schema\\\/person\\\/efe887376f0213d4657c93adc50b1fdb\",\"name\":\"La Gu\u00eda de Pamplona\",\"image\":{\"@type\":\"ImageObject\",\"inLanguage\":\"es\",\"@id\":\"https:\\\/\\\/secure.gravatar.com\\\/avatar\\\/b6992f131dc8d30ab0dff15446e9d346d9dbd95992de0fef795073f5ea83a81c?s=96&d=mm&r=g\",\"url\":\"https:\\\/\\\/secure.gravatar.com\\\/avatar\\\/b6992f131dc8d30ab0dff15446e9d346d9dbd95992de0fef795073f5ea83a81c?s=96&d=mm&r=g\",\"contentUrl\":\"https:\\\/\\\/secure.gravatar.com\\\/avatar\\\/b6992f131dc8d30ab0dff15446e9d346d9dbd95992de0fef795073f5ea83a81c?s=96&d=mm&r=g\",\"caption\":\"La Gu\u00eda de Pamplona\"}}]}<\/script>\n<!-- \/ Yoast SEO plugin. -->","yoast_head_json":{"title":"Los bares podr\u00e1n abrir hasta las seis de la ma\u00f1ana durante las fiestas de San Ferm\u00edn y las discotecas y salas de fiestas hasta las siete y media","description":"Todos los establecimientos de este tipo deber\u00e1n garantizar al menos tres horas de cierre al d\u00eda","robots":{"index":"index","follow":"follow","max-snippet":"max-snippet:-1","max-image-preview":"max-image-preview:large","max-video-preview":"max-video-preview:-1"},"canonical":"https:\/\/www.laguiadepamplona.com\/actualidad\/los-bares-podran-abrir-hasta-las-seis-de-la-manana-durante-las-fiestas-de-san-fermin-y-las-discotecas-y-salas-de-fiestas-hasta-las-siete-y-media\/","og_locale":"es_ES","og_type":"article","og_title":"Los bares podr\u00e1n abrir hasta las seis de la ma\u00f1ana durante las fiestas de San Ferm\u00edn y las discotecas y salas de fiestas hasta las siete y media","og_description":"Todos los establecimientos de este tipo deber\u00e1n garantizar al menos tres horas de cierre al d\u00eda","og_url":"https:\/\/www.laguiadepamplona.com\/actualidad\/los-bares-podran-abrir-hasta-las-seis-de-la-manana-durante-las-fiestas-de-san-fermin-y-las-discotecas-y-salas-de-fiestas-hasta-las-siete-y-media\/","og_site_name":"La Gu\u00eda de Pamplona","article_publisher":"https:\/\/www.facebook.com\/laguiadepamplonacom-133175176762273\/?ref=hl","article_published_time":"2025-06-25T14:02:18+00:00","og_image":[{"width":1000,"height":667,"url":"https:\/\/www.laguiadepamplona.com\/actualidad\/wp-content\/uploads\/2025\/06\/Horarios-bares-SF_web_0.webp","type":"image\/webp"}],"author":"La Gu\u00eda de Pamplona","twitter_card":"summary_large_image","twitter_creator":"@LaGuiadPamplona","twitter_site":"@LaGuiadPamplona","twitter_misc":{"Escrito por":"La Gu\u00eda de Pamplona","Tiempo de lectura":"1 minuto"},"schema":{"@context":"https:\/\/schema.org","@graph":[{"@type":"Article","@id":"https:\/\/www.laguiadepamplona.com\/actualidad\/los-bares-podran-abrir-hasta-las-seis-de-la-manana-durante-las-fiestas-de-san-fermin-y-las-discotecas-y-salas-de-fiestas-hasta-las-siete-y-media\/#article","isPartOf":{"@id":"https:\/\/www.laguiadepamplona.com\/actualidad\/los-bares-podran-abrir-hasta-las-seis-de-la-manana-durante-las-fiestas-de-san-fermin-y-las-discotecas-y-salas-de-fiestas-hasta-las-siete-y-media\/"},"author":{"name":"La Gu\u00eda de Pamplona","@id":"https:\/\/www.laguiadepamplona.com\/actualidad\/#\/schema\/person\/efe887376f0213d4657c93adc50b1fdb"},"headline":"Los bares podr\u00e1n abrir hasta las seis de la ma\u00f1ana durante las fiestas de San Ferm\u00edn y las discotecas y salas de fiestas hasta las siete y media","datePublished":"2025-06-25T14:02:18+00:00","mainEntityOfPage":{"@id":"https:\/\/www.laguiadepamplona.com\/actualidad\/los-bares-podran-abrir-hasta-las-seis-de-la-manana-durante-las-fiestas-de-san-fermin-y-las-discotecas-y-salas-de-fiestas-hasta-las-siete-y-media\/"},"wordCount":259,"commentCount":0,"publisher":{"@id":"https:\/\/www.laguiadepamplona.com\/actualidad\/#organization"},"image":{"@id":"https:\/\/www.laguiadepamplona.com\/actualidad\/los-bares-podran-abrir-hasta-las-seis-de-la-manana-durante-las-fiestas-de-san-fermin-y-las-discotecas-y-salas-de-fiestas-hasta-las-siete-y-media\/#primaryimage"},"thumbnailUrl":"https:\/\/www.laguiadepamplona.com\/actualidad\/wp-content\/uploads\/2025\/06\/Horarios-bares-SF_web_0.webp","articleSection":["Ayto Pamplona"],"inLanguage":"es","potentialAction":[{"@type":"CommentAction","name":"Comment","target":["https:\/\/www.laguiadepamplona.com\/actualidad\/los-bares-podran-abrir-hasta-las-seis-de-la-manana-durante-las-fiestas-de-san-fermin-y-las-discotecas-y-salas-de-fiestas-hasta-las-siete-y-media\/#respond"]}]},{"@type":"WebPage","@id":"https:\/\/www.laguiadepamplona.com\/actualidad\/los-bares-podran-abrir-hasta-las-seis-de-la-manana-durante-las-fiestas-de-san-fermin-y-las-discotecas-y-salas-de-fiestas-hasta-las-siete-y-media\/","url":"https:\/\/www.laguiadepamplona.com\/actualidad\/los-bares-podran-abrir-hasta-las-seis-de-la-manana-durante-las-fiestas-de-san-fermin-y-las-discotecas-y-salas-de-fiestas-hasta-las-siete-y-media\/","name":"Los bares podr\u00e1n abrir hasta las seis de la ma\u00f1ana durante las fiestas de San Ferm\u00edn y las discotecas y salas de fiestas hasta las siete y media","isPartOf":{"@id":"https:\/\/www.laguiadepamplona.com\/actualidad\/#website"},"primaryImageOfPage":{"@id":"https:\/\/www.laguiadepamplona.com\/actualidad\/los-bares-podran-abrir-hasta-las-seis-de-la-manana-durante-las-fiestas-de-san-fermin-y-las-discotecas-y-salas-de-fiestas-hasta-las-siete-y-media\/#primaryimage"},"image":{"@id":"https:\/\/www.laguiadepamplona.com\/actualidad\/los-bares-podran-abrir-hasta-las-seis-de-la-manana-durante-las-fiestas-de-san-fermin-y-las-discotecas-y-salas-de-fiestas-hasta-las-siete-y-media\/#primaryimage"},"thumbnailUrl":"https:\/\/www.laguiadepamplona.com\/actualidad\/wp-content\/uploads\/2025\/06\/Horarios-bares-SF_web_0.webp","datePublished":"2025-06-25T14:02:18+00:00","description":"Todos los establecimientos de este tipo deber\u00e1n garantizar al menos tres horas de cierre al d\u00eda","breadcrumb":{"@id":"https:\/\/www.laguiadepamplona.com\/actualidad\/los-bares-podran-abrir-hasta-las-seis-de-la-manana-durante-las-fiestas-de-san-fermin-y-las-discotecas-y-salas-de-fiestas-hasta-las-siete-y-media\/#breadcrumb"},"inLanguage":"es","potentialAction":[{"@type":"ReadAction","target":["https:\/\/www.laguiadepamplona.com\/actualidad\/los-bares-podran-abrir-hasta-las-seis-de-la-manana-durante-las-fiestas-de-san-fermin-y-las-discotecas-y-salas-de-fiestas-hasta-las-siete-y-media\/"]}]},{"@type":"ImageObject","inLanguage":"es","@id":"https:\/\/www.laguiadepamplona.com\/actualidad\/los-bares-podran-abrir-hasta-las-seis-de-la-manana-durante-las-fiestas-de-san-fermin-y-las-discotecas-y-salas-de-fiestas-hasta-las-siete-y-media\/#primaryimage","url":"https:\/\/www.laguiadepamplona.com\/actualidad\/wp-content\/uploads\/2025\/06\/Horarios-bares-SF_web_0.webp","contentUrl":"https:\/\/www.laguiadepamplona.com\/actualidad\/wp-content\/uploads\/2025\/06\/Horarios-bares-SF_web_0.webp","width":1000,"height":667,"caption":"Horarios bares San Ferm\u00edn"},{"@type":"BreadcrumbList","@id":"https:\/\/www.laguiadepamplona.com\/actualidad\/los-bares-podran-abrir-hasta-las-seis-de-la-manana-durante-las-fiestas-de-san-fermin-y-las-discotecas-y-salas-de-fiestas-hasta-las-siete-y-media\/#breadcrumb","itemListElement":[{"@type":"ListItem","position":1,"name":"Portada","item":"https:\/\/www.laguiadepamplona.com\/actualidad\/"},{"@type":"ListItem","position":2,"name":"Los bares podr\u00e1n abrir hasta las seis de la ma\u00f1ana durante las fiestas de San Ferm\u00edn y las discotecas y salas de fiestas hasta las siete y media"}]},{"@type":"WebSite","@id":"https:\/\/www.laguiadepamplona.com\/actualidad\/#website","url":"https:\/\/www.laguiadepamplona.com\/actualidad\/","name":"La gu\u00eda de Pamplona","description":"Noticias de Pamplona","publisher":{"@id":"https:\/\/www.laguiadepamplona.com\/actualidad\/#organization"},"potentialAction":[{"@type":"SearchAction","target":{"@type":"EntryPoint","urlTemplate":"https:\/\/www.laguiadepamplona.com\/actualidad\/?s={search_term_string}"},"query-input":{"@type":"PropertyValueSpecification","valueRequired":true,"valueName":"search_term_string"}}],"inLanguage":"es"},{"@type":"Organization","@id":"https:\/\/www.laguiadepamplona.com\/actualidad\/#organization","name":"La Gu\u00eda de Pamplona \/ Noticias","url":"https:\/\/www.laguiadepamplona.com\/actualidad\/","logo":{"@type":"ImageObject","inLanguage":"es","@id":"https:\/\/www.laguiadepamplona.com\/actualidad\/#\/schema\/logo\/image\/","url":"https:\/\/www.laguiadepamplona.com\/actualidad\/wp-content\/uploads\/2018\/11\/logo-laguiadepamplona18-web1.png","contentUrl":"https:\/\/www.laguiadepamplona.com\/actualidad\/wp-content\/uploads\/2018\/11\/logo-laguiadepamplona18-web1.png","width":600,"height":196,"caption":"La Gu\u00eda de Pamplona \/ Noticias"},"image":{"@id":"https:\/\/www.laguiadepamplona.com\/actualidad\/#\/schema\/logo\/image\/"},"sameAs":["https:\/\/www.facebook.com\/laguiadepamplonacom-133175176762273\/?ref=hl","https:\/\/x.com\/LaGuiadPamplona","https:\/\/www.instagram.com\/la_guia_de_pamplona\/","https:\/\/www.youtube.com\/user\/laguiadepamplona"]},{"@type":"Person","@id":"https:\/\/www.laguiadepamplona.com\/actualidad\/#\/schema\/person\/efe887376f0213d4657c93adc50b1fdb","name":"La Gu\u00eda de Pamplona","image":{"@type":"ImageObject","inLanguage":"es","@id":"https:\/\/secure.gravatar.com\/avatar\/b6992f131dc8d30ab0dff15446e9d346d9dbd95992de0fef795073f5ea83a81c?s=96&d=mm&r=g","url":"https:\/\/secure.gravatar.com\/avatar\/b6992f131dc8d30ab0dff15446e9d346d9dbd95992de0fef795073f5ea83a81c?s=96&d=mm&r=g","contentUrl":"https:\/\/secure.gravatar.com\/avatar\/b6992f131dc8d30ab0dff15446e9d346d9dbd95992de0fef795073f5ea83a81c?s=96&d=mm&r=g","caption":"La Gu\u00eda de Pamplona"}}]}},"post_mailing_queue_ids":[],"_links":{"self":[{"href":"https:\/\/www.laguiadepamplona.com\/actualidad\/wp-json\/wp\/v2\/posts\/53242","targetHints":{"allow":["GET"]}}],"collection":[{"href":"https:\/\/www.laguiadepamplona.com\/actualidad\/wp-json\/wp\/v2\/posts"}],"about":[{"href":"https:\/\/www.laguiadepamplona.com\/actualidad\/wp-json\/wp\/v2\/types\/post"}],"author":[{"embeddable":true,"href":"https:\/\/www.laguiadepamplona.com\/actualidad\/wp-json\/wp\/v2\/users\/1"}],"replies":[{"embeddable":true,"href":"https:\/\/www.laguiadepamplona.com\/actualidad\/wp-json\/wp\/v2\/comments?post=53242"}],"version-history":[{"count":1,"href":"https:\/\/www.laguiadepamplona.com\/actualidad\/wp-json\/wp\/v2\/posts\/53242\/revisions"}],"predecessor-version":[{"id":53244,"href":"https:\/\/www.laguiadepamplona.com\/actualidad\/wp-json\/wp\/v2\/posts\/53242\/revisions\/53244"}],"wp:featuredmedia":[{"embeddable":true,"href":"https:\/\/www.laguiadepamplona.com\/actualidad\/wp-json\/wp\/v2\/media\/53243"}],"wp:attachment":[{"href":"https:\/\/www.laguiadepamplona.com\/actualidad\/wp-json\/wp\/v2\/media?parent=53242"}],"wp:term":[{"taxonomy":"category","embeddable":true,"href":"https:\/\/www.laguiadepamplona.com\/actualidad\/wp-json\/wp\/v2\/categories?post=53242"},{"taxonomy":"post_tag","embeddable":true,"href":"https:\/\/www.laguiadepamplona.com\/actualidad\/wp-json\/wp\/v2\/tags?post=53242"}],"curies":[{"name":"wp","href":"https:\/\/api.w.org\/{rel}","templated":true}]}}