{"id":53229,"date":"2025-06-24T13:20:11","date_gmt":"2025-06-24T11:20:11","guid":{"rendered":"https:\/\/www.laguiadepamplona.com\/actualidad\/?p=53229"},"modified":"2025-06-24T13:20:11","modified_gmt":"2025-06-24T11:20:11","slug":"el-ayuntamiento-invertira-479-700-euros-en-las-segundas-fases-de-obras-de-los-patios-de-cpeip-san-jorge-ikastola-amaiur-y-cpeip-iturrama","status":"publish","type":"post","link":"https:\/\/www.laguiadepamplona.com\/actualidad\/el-ayuntamiento-invertira-479-700-euros-en-las-segundas-fases-de-obras-de-los-patios-de-cpeip-san-jorge-ikastola-amaiur-y-cpeip-iturrama\/","title":{"rendered":"El Ayuntamiento invertir\u00e1 479.700 euros en las segundas fases de obras de los patios de CPEIP San Jorge, Ikastola Amaiur y CPEIP Iturrama"},"content":{"rendered":"<h2>Las intervenciones se iniciar\u00e1n este mismo mes en Iturrama y San Jorge, y en agosto en Amaiur<\/h2>\n<p><!--more--><\/p>\n<p>Pamplona invertir\u00e1 479.707 euros en este 2025 en la renaturalizaci\u00f3n de los patios de tres centros escolares replicando Soluciones Basadas en la Naturaleza (SBN) y contribuyendo a paliar los efectos del cambio clim\u00e1tico: ser\u00e1 la ejecuci\u00f3n de las segundas y \u00faltimas fases de CPEIP San Jorge, Ikastola Amaiur y CPEIP Iturrama, comenzando por este \u00faltimo centro. No ha habido concurrencia a la licitaci\u00f3n de la primera fase CPEIP San Francisco.<\/p>\n<p>La empresa Lacunza Hermanos S.L. ser\u00e1 la encargada de ejecutar los proyectos para los tres espacios en los que, esencialmente, se busca mejorar la experiencia de juegos, estancia y aprendizaje de los menores, trabajar por la coeducaci\u00f3n y convertir ese espacio urbano en un refuerzo \u201cverde\u201d para general una ciudad resiliente frente a los efectos del cambio clim\u00e1tico. En definitiva, las obras quieres aportar mejoras funcionales, ambientales, paisaj\u00edsticas, educativas, l\u00fadicas y constructivas.<\/p>\n<p>En el dise\u00f1o de los proyectos de los tres centros se ha tenido en cuenta la sensibilidad de las respectivas comunidades educativas a la hora de encarar el resultado final y las obras se acometen en verano para permitir la m\u00e1xima normalidad en el inicio del curso 2025-2026.<\/p>\n<p>Las obras en los CPEIP Iturrama y San Jorge comenzar\u00e1n este mes de junio de forma simult\u00e1nea aplicando dos equipos de trabajo diferentes. Lo previsto para la II fase del primer centro es a\u00f1adir nuevas islas \u2018verdes\u2019 en la zona sur del patio, sumando tambi\u00e9n equipamientos l\u00fadicos, y aprovechando para mejorar las condiciones de accesibilidad del espacio con la ejecuci\u00f3n de una nueva puerta. Esta intervenci\u00f3n podr\u00eda estar acabada a principios de agosto. En el CPEIP San Jorge, con final previsto en septiembre, se intervendr\u00e1 en zonas pr\u00f3ximas a las edificaciones, como el de llegada y recogida de menores, las rampas de comedor y gimnasio, y el entorno del centro Infantil ubicado en el patio.<\/p>\n<p>Finalmente, en la ikastola Amaiur, las obras se iniciar\u00e1n en agosto y terminar\u00e1n en octubre. En este patio, adem\u00e1s de zonas verdes en la pista central, se ejecutar\u00e1 una alineaci\u00f3n arbolada que reduzca el efecto isla de calor en el frente del edificio. Adem\u00e1s, se intervendr\u00e1 en los l\u00edmites norte y oeste del patio para sustituir el pavimento de caucho por otro de corteza, incluir plantaciones arbustivas y colocar elementos naturales como troncos o, rocas.<\/p>\n<p>El objetivo general de estas intervenciones es tambi\u00e9n entrelazar la infraestructura urbana general con una red verde y azul, donde la accesibilidad a espacios naturales sea un derecho garantizado, beneficiando la salud, el bienestar y la calidad de vida de los alumnados, y de la ciudadan\u00eda en general. Por todo ello estas intervenciones figuran dentro de la Agenda Urbana de Pamplona y forman parte de las medidas del Plan de Infraestructuras Verdes y Azules de la ciudad, participan de la Agenda Urbana de Pamplona y de la Estrategia 2030 de Transici\u00f3n Energ\u00e9tica y Cambio Clim\u00e1tico.<\/p>\n","protected":false},"excerpt":{"rendered":"<p>Las intervenciones se iniciar\u00e1n este mismo mes en Iturrama y San Jorge, y en agosto en Amaiur<\/p>\n","protected":false},"author":1,"featured_media":53230,"comment_status":"open","ping_status":"closed","sticky":false,"template":"","format":"standard","meta":{"footnotes":""},"categories":[2],"tags":[],"class_list":["post-53229","post","type-post","status-publish","format-standard","has-post-thumbnail","hentry","category-ayuntamiento-pamplona"],"yoast_head":"<!-- This site is optimized with the Yoast SEO plugin v27.3 - https:\/\/yoast.com\/product\/yoast-seo-wordpress\/ -->\n<title>El Ayuntamiento invertir\u00e1 479.700 euros en las segundas fases de obras de los patios de CPEIP San Jorge, Ikastola Amaiur y CPEIP Iturrama<\/title>\n<meta name=\"description\" content=\"Las intervenciones se iniciar\u00e1n este mismo mes en Iturrama y San Jorge, y en agosto en Amaiur\" \/>\n<meta name=\"robots\" content=\"index, follow, max-snippet:-1, max-image-preview:large, max-video-preview:-1\" \/>\n<link rel=\"canonical\" href=\"https:\/\/www.laguiadepamplona.com\/actualidad\/el-ayuntamiento-invertira-479-700-euros-en-las-segundas-fases-de-obras-de-los-patios-de-cpeip-san-jorge-ikastola-amaiur-y-cpeip-iturrama\/\" \/>\n<meta property=\"og:locale\" content=\"es_ES\" \/>\n<meta property=\"og:type\" content=\"article\" \/>\n<meta property=\"og:title\" content=\"El Ayuntamiento invertir\u00e1 479.700 euros en las segundas fases de obras de los patios de CPEIP San Jorge, Ikastola Amaiur y CPEIP Iturrama\" \/>\n<meta property=\"og:description\" content=\"Las intervenciones se iniciar\u00e1n este mismo mes en Iturrama y San Jorge, y en agosto en Amaiur\" \/>\n<meta property=\"og:url\" content=\"https:\/\/www.laguiadepamplona.com\/actualidad\/el-ayuntamiento-invertira-479-700-euros-en-las-segundas-fases-de-obras-de-los-patios-de-cpeip-san-jorge-ikastola-amaiur-y-cpeip-iturrama\/\" \/>\n<meta property=\"og:site_name\" content=\"La Gu\u00eda de Pamplona\" \/>\n<meta property=\"article:publisher\" content=\"https:\/\/www.facebook.com\/laguiadepamplonacom-133175176762273\/?ref=hl\" \/>\n<meta property=\"article:published_time\" content=\"2025-06-24T11:20:11+00:00\" \/>\n<meta property=\"og:image\" content=\"https:\/\/www.laguiadepamplona.com\/actualidad\/wp-content\/uploads\/2025\/06\/renaturalizacion-patios-escolares_web.webp\" \/>\n\t<meta property=\"og:image:width\" content=\"1000\" \/>\n\t<meta property=\"og:image:height\" content=\"667\" \/>\n\t<meta property=\"og:image:type\" content=\"image\/webp\" \/>\n<meta name=\"author\" content=\"La Gu\u00eda de Pamplona\" \/>\n<meta name=\"twitter:card\" content=\"summary_large_image\" \/>\n<meta name=\"twitter:creator\" content=\"@LaGuiadPamplona\" \/>\n<meta name=\"twitter:site\" content=\"@LaGuiadPamplona\" \/>\n<meta name=\"twitter:label1\" content=\"Escrito por\" \/>\n\t<meta name=\"twitter:data1\" content=\"La Gu\u00eda de Pamplona\" \/>\n\t<meta name=\"twitter:label2\" content=\"Tiempo de lectura\" \/>\n\t<meta name=\"twitter:data2\" content=\"3 minutos\" \/>\n<script type=\"application\/ld+json\" class=\"yoast-schema-graph\">{\"@context\":\"https:\\\/\\\/schema.org\",\"@graph\":[{\"@type\":\"Article\",\"@id\":\"https:\\\/\\\/www.laguiadepamplona.com\\\/actualidad\\\/el-ayuntamiento-invertira-479-700-euros-en-las-segundas-fases-de-obras-de-los-patios-de-cpeip-san-jorge-ikastola-amaiur-y-cpeip-iturrama\\\/#article\",\"isPartOf\":{\"@id\":\"https:\\\/\\\/www.laguiadepamplona.com\\\/actualidad\\\/el-ayuntamiento-invertira-479-700-euros-en-las-segundas-fases-de-obras-de-los-patios-de-cpeip-san-jorge-ikastola-amaiur-y-cpeip-iturrama\\\/\"},\"author\":{\"name\":\"La Gu\u00eda de Pamplona\",\"@id\":\"https:\\\/\\\/www.laguiadepamplona.com\\\/actualidad\\\/#\\\/schema\\\/person\\\/efe887376f0213d4657c93adc50b1fdb\"},\"headline\":\"El Ayuntamiento invertir\u00e1 479.700 euros en las segundas fases de obras de los patios de CPEIP San Jorge, Ikastola Amaiur y CPEIP Iturrama\",\"datePublished\":\"2025-06-24T11:20:11+00:00\",\"mainEntityOfPage\":{\"@id\":\"https:\\\/\\\/www.laguiadepamplona.com\\\/actualidad\\\/el-ayuntamiento-invertira-479-700-euros-en-las-segundas-fases-de-obras-de-los-patios-de-cpeip-san-jorge-ikastola-amaiur-y-cpeip-iturrama\\\/\"},\"wordCount\":543,\"commentCount\":0,\"publisher\":{\"@id\":\"https:\\\/\\\/www.laguiadepamplona.com\\\/actualidad\\\/#organization\"},\"image\":{\"@id\":\"https:\\\/\\\/www.laguiadepamplona.com\\\/actualidad\\\/el-ayuntamiento-invertira-479-700-euros-en-las-segundas-fases-de-obras-de-los-patios-de-cpeip-san-jorge-ikastola-amaiur-y-cpeip-iturrama\\\/#primaryimage\"},\"thumbnailUrl\":\"https:\\\/\\\/www.laguiadepamplona.com\\\/actualidad\\\/wp-content\\\/uploads\\\/2025\\\/06\\\/renaturalizacion-patios-escolares_web.webp\",\"articleSection\":[\"Ayto Pamplona\"],\"inLanguage\":\"es\",\"potentialAction\":[{\"@type\":\"CommentAction\",\"name\":\"Comment\",\"target\":[\"https:\\\/\\\/www.laguiadepamplona.com\\\/actualidad\\\/el-ayuntamiento-invertira-479-700-euros-en-las-segundas-fases-de-obras-de-los-patios-de-cpeip-san-jorge-ikastola-amaiur-y-cpeip-iturrama\\\/#respond\"]}]},{\"@type\":\"WebPage\",\"@id\":\"https:\\\/\\\/www.laguiadepamplona.com\\\/actualidad\\\/el-ayuntamiento-invertira-479-700-euros-en-las-segundas-fases-de-obras-de-los-patios-de-cpeip-san-jorge-ikastola-amaiur-y-cpeip-iturrama\\\/\",\"url\":\"https:\\\/\\\/www.laguiadepamplona.com\\\/actualidad\\\/el-ayuntamiento-invertira-479-700-euros-en-las-segundas-fases-de-obras-de-los-patios-de-cpeip-san-jorge-ikastola-amaiur-y-cpeip-iturrama\\\/\",\"name\":\"El Ayuntamiento invertir\u00e1 479.700 euros en las segundas fases de obras de los patios de CPEIP San Jorge, Ikastola Amaiur y CPEIP Iturrama\",\"isPartOf\":{\"@id\":\"https:\\\/\\\/www.laguiadepamplona.com\\\/actualidad\\\/#website\"},\"primaryImageOfPage\":{\"@id\":\"https:\\\/\\\/www.laguiadepamplona.com\\\/actualidad\\\/el-ayuntamiento-invertira-479-700-euros-en-las-segundas-fases-de-obras-de-los-patios-de-cpeip-san-jorge-ikastola-amaiur-y-cpeip-iturrama\\\/#primaryimage\"},\"image\":{\"@id\":\"https:\\\/\\\/www.laguiadepamplona.com\\\/actualidad\\\/el-ayuntamiento-invertira-479-700-euros-en-las-segundas-fases-de-obras-de-los-patios-de-cpeip-san-jorge-ikastola-amaiur-y-cpeip-iturrama\\\/#primaryimage\"},\"thumbnailUrl\":\"https:\\\/\\\/www.laguiadepamplona.com\\\/actualidad\\\/wp-content\\\/uploads\\\/2025\\\/06\\\/renaturalizacion-patios-escolares_web.webp\",\"datePublished\":\"2025-06-24T11:20:11+00:00\",\"description\":\"Las intervenciones se iniciar\u00e1n este mismo mes en Iturrama y San Jorge, y en agosto en Amaiur\",\"breadcrumb\":{\"@id\":\"https:\\\/\\\/www.laguiadepamplona.com\\\/actualidad\\\/el-ayuntamiento-invertira-479-700-euros-en-las-segundas-fases-de-obras-de-los-patios-de-cpeip-san-jorge-ikastola-amaiur-y-cpeip-iturrama\\\/#breadcrumb\"},\"inLanguage\":\"es\",\"potentialAction\":[{\"@type\":\"ReadAction\",\"target\":[\"https:\\\/\\\/www.laguiadepamplona.com\\\/actualidad\\\/el-ayuntamiento-invertira-479-700-euros-en-las-segundas-fases-de-obras-de-los-patios-de-cpeip-san-jorge-ikastola-amaiur-y-cpeip-iturrama\\\/\"]}]},{\"@type\":\"ImageObject\",\"inLanguage\":\"es\",\"@id\":\"https:\\\/\\\/www.laguiadepamplona.com\\\/actualidad\\\/el-ayuntamiento-invertira-479-700-euros-en-las-segundas-fases-de-obras-de-los-patios-de-cpeip-san-jorge-ikastola-amaiur-y-cpeip-iturrama\\\/#primaryimage\",\"url\":\"https:\\\/\\\/www.laguiadepamplona.com\\\/actualidad\\\/wp-content\\\/uploads\\\/2025\\\/06\\\/renaturalizacion-patios-escolares_web.webp\",\"contentUrl\":\"https:\\\/\\\/www.laguiadepamplona.com\\\/actualidad\\\/wp-content\\\/uploads\\\/2025\\\/06\\\/renaturalizacion-patios-escolares_web.webp\",\"width\":1000,\"height\":667,\"caption\":\"renaturalizaci\u00f3n patios escolares\"},{\"@type\":\"BreadcrumbList\",\"@id\":\"https:\\\/\\\/www.laguiadepamplona.com\\\/actualidad\\\/el-ayuntamiento-invertira-479-700-euros-en-las-segundas-fases-de-obras-de-los-patios-de-cpeip-san-jorge-ikastola-amaiur-y-cpeip-iturrama\\\/#breadcrumb\",\"itemListElement\":[{\"@type\":\"ListItem\",\"position\":1,\"name\":\"Portada\",\"item\":\"https:\\\/\\\/www.laguiadepamplona.com\\\/actualidad\\\/\"},{\"@type\":\"ListItem\",\"position\":2,\"name\":\"El Ayuntamiento invertir\u00e1 479.700 euros en las segundas fases de obras de los patios de CPEIP San Jorge, Ikastola Amaiur y CPEIP Iturrama\"}]},{\"@type\":\"WebSite\",\"@id\":\"https:\\\/\\\/www.laguiadepamplona.com\\\/actualidad\\\/#website\",\"url\":\"https:\\\/\\\/www.laguiadepamplona.com\\\/actualidad\\\/\",\"name\":\"La gu\u00eda de Pamplona\",\"description\":\"Noticias de Pamplona\",\"publisher\":{\"@id\":\"https:\\\/\\\/www.laguiadepamplona.com\\\/actualidad\\\/#organization\"},\"potentialAction\":[{\"@type\":\"SearchAction\",\"target\":{\"@type\":\"EntryPoint\",\"urlTemplate\":\"https:\\\/\\\/www.laguiadepamplona.com\\\/actualidad\\\/?s={search_term_string}\"},\"query-input\":{\"@type\":\"PropertyValueSpecification\",\"valueRequired\":true,\"valueName\":\"search_term_string\"}}],\"inLanguage\":\"es\"},{\"@type\":\"Organization\",\"@id\":\"https:\\\/\\\/www.laguiadepamplona.com\\\/actualidad\\\/#organization\",\"name\":\"La Gu\u00eda de Pamplona \\\/ Noticias\",\"url\":\"https:\\\/\\\/www.laguiadepamplona.com\\\/actualidad\\\/\",\"logo\":{\"@type\":\"ImageObject\",\"inLanguage\":\"es\",\"@id\":\"https:\\\/\\\/www.laguiadepamplona.com\\\/actualidad\\\/#\\\/schema\\\/logo\\\/image\\\/\",\"url\":\"https:\\\/\\\/www.laguiadepamplona.com\\\/actualidad\\\/wp-content\\\/uploads\\\/2018\\\/11\\\/logo-laguiadepamplona18-web1.png\",\"contentUrl\":\"https:\\\/\\\/www.laguiadepamplona.com\\\/actualidad\\\/wp-content\\\/uploads\\\/2018\\\/11\\\/logo-laguiadepamplona18-web1.png\",\"width\":600,\"height\":196,\"caption\":\"La Gu\u00eda de Pamplona \\\/ Noticias\"},\"image\":{\"@id\":\"https:\\\/\\\/www.laguiadepamplona.com\\\/actualidad\\\/#\\\/schema\\\/logo\\\/image\\\/\"},\"sameAs\":[\"https:\\\/\\\/www.facebook.com\\\/laguiadepamplonacom-133175176762273\\\/?ref=hl\",\"https:\\\/\\\/x.com\\\/LaGuiadPamplona\",\"https:\\\/\\\/www.instagram.com\\\/la_guia_de_pamplona\\\/\",\"https:\\\/\\\/www.youtube.com\\\/user\\\/laguiadepamplona\"]},{\"@type\":\"Person\",\"@id\":\"https:\\\/\\\/www.laguiadepamplona.com\\\/actualidad\\\/#\\\/schema\\\/person\\\/efe887376f0213d4657c93adc50b1fdb\",\"name\":\"La Gu\u00eda de Pamplona\",\"image\":{\"@type\":\"ImageObject\",\"inLanguage\":\"es\",\"@id\":\"https:\\\/\\\/secure.gravatar.com\\\/avatar\\\/b6992f131dc8d30ab0dff15446e9d346d9dbd95992de0fef795073f5ea83a81c?s=96&d=mm&r=g\",\"url\":\"https:\\\/\\\/secure.gravatar.com\\\/avatar\\\/b6992f131dc8d30ab0dff15446e9d346d9dbd95992de0fef795073f5ea83a81c?s=96&d=mm&r=g\",\"contentUrl\":\"https:\\\/\\\/secure.gravatar.com\\\/avatar\\\/b6992f131dc8d30ab0dff15446e9d346d9dbd95992de0fef795073f5ea83a81c?s=96&d=mm&r=g\",\"caption\":\"La Gu\u00eda de Pamplona\"}}]}<\/script>\n<!-- \/ Yoast SEO plugin. -->","yoast_head_json":{"title":"El Ayuntamiento invertir\u00e1 479.700 euros en las segundas fases de obras de los patios de CPEIP San Jorge, Ikastola Amaiur y CPEIP Iturrama","description":"Las intervenciones se iniciar\u00e1n este mismo mes en Iturrama y San Jorge, y en agosto en Amaiur","robots":{"index":"index","follow":"follow","max-snippet":"max-snippet:-1","max-image-preview":"max-image-preview:large","max-video-preview":"max-video-preview:-1"},"canonical":"https:\/\/www.laguiadepamplona.com\/actualidad\/el-ayuntamiento-invertira-479-700-euros-en-las-segundas-fases-de-obras-de-los-patios-de-cpeip-san-jorge-ikastola-amaiur-y-cpeip-iturrama\/","og_locale":"es_ES","og_type":"article","og_title":"El Ayuntamiento invertir\u00e1 479.700 euros en las segundas fases de obras de los patios de CPEIP San Jorge, Ikastola Amaiur y CPEIP Iturrama","og_description":"Las intervenciones se iniciar\u00e1n este mismo mes en Iturrama y San Jorge, y en agosto en Amaiur","og_url":"https:\/\/www.laguiadepamplona.com\/actualidad\/el-ayuntamiento-invertira-479-700-euros-en-las-segundas-fases-de-obras-de-los-patios-de-cpeip-san-jorge-ikastola-amaiur-y-cpeip-iturrama\/","og_site_name":"La Gu\u00eda de Pamplona","article_publisher":"https:\/\/www.facebook.com\/laguiadepamplonacom-133175176762273\/?ref=hl","article_published_time":"2025-06-24T11:20:11+00:00","og_image":[{"width":1000,"height":667,"url":"https:\/\/www.laguiadepamplona.com\/actualidad\/wp-content\/uploads\/2025\/06\/renaturalizacion-patios-escolares_web.webp","type":"image\/webp"}],"author":"La Gu\u00eda de Pamplona","twitter_card":"summary_large_image","twitter_creator":"@LaGuiadPamplona","twitter_site":"@LaGuiadPamplona","twitter_misc":{"Escrito por":"La Gu\u00eda de Pamplona","Tiempo de lectura":"3 minutos"},"schema":{"@context":"https:\/\/schema.org","@graph":[{"@type":"Article","@id":"https:\/\/www.laguiadepamplona.com\/actualidad\/el-ayuntamiento-invertira-479-700-euros-en-las-segundas-fases-de-obras-de-los-patios-de-cpeip-san-jorge-ikastola-amaiur-y-cpeip-iturrama\/#article","isPartOf":{"@id":"https:\/\/www.laguiadepamplona.com\/actualidad\/el-ayuntamiento-invertira-479-700-euros-en-las-segundas-fases-de-obras-de-los-patios-de-cpeip-san-jorge-ikastola-amaiur-y-cpeip-iturrama\/"},"author":{"name":"La Gu\u00eda de Pamplona","@id":"https:\/\/www.laguiadepamplona.com\/actualidad\/#\/schema\/person\/efe887376f0213d4657c93adc50b1fdb"},"headline":"El Ayuntamiento invertir\u00e1 479.700 euros en las segundas fases de obras de los patios de CPEIP San Jorge, Ikastola Amaiur y CPEIP Iturrama","datePublished":"2025-06-24T11:20:11+00:00","mainEntityOfPage":{"@id":"https:\/\/www.laguiadepamplona.com\/actualidad\/el-ayuntamiento-invertira-479-700-euros-en-las-segundas-fases-de-obras-de-los-patios-de-cpeip-san-jorge-ikastola-amaiur-y-cpeip-iturrama\/"},"wordCount":543,"commentCount":0,"publisher":{"@id":"https:\/\/www.laguiadepamplona.com\/actualidad\/#organization"},"image":{"@id":"https:\/\/www.laguiadepamplona.com\/actualidad\/el-ayuntamiento-invertira-479-700-euros-en-las-segundas-fases-de-obras-de-los-patios-de-cpeip-san-jorge-ikastola-amaiur-y-cpeip-iturrama\/#primaryimage"},"thumbnailUrl":"https:\/\/www.laguiadepamplona.com\/actualidad\/wp-content\/uploads\/2025\/06\/renaturalizacion-patios-escolares_web.webp","articleSection":["Ayto Pamplona"],"inLanguage":"es","potentialAction":[{"@type":"CommentAction","name":"Comment","target":["https:\/\/www.laguiadepamplona.com\/actualidad\/el-ayuntamiento-invertira-479-700-euros-en-las-segundas-fases-de-obras-de-los-patios-de-cpeip-san-jorge-ikastola-amaiur-y-cpeip-iturrama\/#respond"]}]},{"@type":"WebPage","@id":"https:\/\/www.laguiadepamplona.com\/actualidad\/el-ayuntamiento-invertira-479-700-euros-en-las-segundas-fases-de-obras-de-los-patios-de-cpeip-san-jorge-ikastola-amaiur-y-cpeip-iturrama\/","url":"https:\/\/www.laguiadepamplona.com\/actualidad\/el-ayuntamiento-invertira-479-700-euros-en-las-segundas-fases-de-obras-de-los-patios-de-cpeip-san-jorge-ikastola-amaiur-y-cpeip-iturrama\/","name":"El Ayuntamiento invertir\u00e1 479.700 euros en las segundas fases de obras de los patios de CPEIP San Jorge, Ikastola Amaiur y CPEIP Iturrama","isPartOf":{"@id":"https:\/\/www.laguiadepamplona.com\/actualidad\/#website"},"primaryImageOfPage":{"@id":"https:\/\/www.laguiadepamplona.com\/actualidad\/el-ayuntamiento-invertira-479-700-euros-en-las-segundas-fases-de-obras-de-los-patios-de-cpeip-san-jorge-ikastola-amaiur-y-cpeip-iturrama\/#primaryimage"},"image":{"@id":"https:\/\/www.laguiadepamplona.com\/actualidad\/el-ayuntamiento-invertira-479-700-euros-en-las-segundas-fases-de-obras-de-los-patios-de-cpeip-san-jorge-ikastola-amaiur-y-cpeip-iturrama\/#primaryimage"},"thumbnailUrl":"https:\/\/www.laguiadepamplona.com\/actualidad\/wp-content\/uploads\/2025\/06\/renaturalizacion-patios-escolares_web.webp","datePublished":"2025-06-24T11:20:11+00:00","description":"Las intervenciones se iniciar\u00e1n este mismo mes en Iturrama y San Jorge, y en agosto en Amaiur","breadcrumb":{"@id":"https:\/\/www.laguiadepamplona.com\/actualidad\/el-ayuntamiento-invertira-479-700-euros-en-las-segundas-fases-de-obras-de-los-patios-de-cpeip-san-jorge-ikastola-amaiur-y-cpeip-iturrama\/#breadcrumb"},"inLanguage":"es","potentialAction":[{"@type":"ReadAction","target":["https:\/\/www.laguiadepamplona.com\/actualidad\/el-ayuntamiento-invertira-479-700-euros-en-las-segundas-fases-de-obras-de-los-patios-de-cpeip-san-jorge-ikastola-amaiur-y-cpeip-iturrama\/"]}]},{"@type":"ImageObject","inLanguage":"es","@id":"https:\/\/www.laguiadepamplona.com\/actualidad\/el-ayuntamiento-invertira-479-700-euros-en-las-segundas-fases-de-obras-de-los-patios-de-cpeip-san-jorge-ikastola-amaiur-y-cpeip-iturrama\/#primaryimage","url":"https:\/\/www.laguiadepamplona.com\/actualidad\/wp-content\/uploads\/2025\/06\/renaturalizacion-patios-escolares_web.webp","contentUrl":"https:\/\/www.laguiadepamplona.com\/actualidad\/wp-content\/uploads\/2025\/06\/renaturalizacion-patios-escolares_web.webp","width":1000,"height":667,"caption":"renaturalizaci\u00f3n patios escolares"},{"@type":"BreadcrumbList","@id":"https:\/\/www.laguiadepamplona.com\/actualidad\/el-ayuntamiento-invertira-479-700-euros-en-las-segundas-fases-de-obras-de-los-patios-de-cpeip-san-jorge-ikastola-amaiur-y-cpeip-iturrama\/#breadcrumb","itemListElement":[{"@type":"ListItem","position":1,"name":"Portada","item":"https:\/\/www.laguiadepamplona.com\/actualidad\/"},{"@type":"ListItem","position":2,"name":"El Ayuntamiento invertir\u00e1 479.700 euros en las segundas fases de obras de los patios de CPEIP San Jorge, Ikastola Amaiur y CPEIP Iturrama"}]},{"@type":"WebSite","@id":"https:\/\/www.laguiadepamplona.com\/actualidad\/#website","url":"https:\/\/www.laguiadepamplona.com\/actualidad\/","name":"La gu\u00eda de Pamplona","description":"Noticias de Pamplona","publisher":{"@id":"https:\/\/www.laguiadepamplona.com\/actualidad\/#organization"},"potentialAction":[{"@type":"SearchAction","target":{"@type":"EntryPoint","urlTemplate":"https:\/\/www.laguiadepamplona.com\/actualidad\/?s={search_term_string}"},"query-input":{"@type":"PropertyValueSpecification","valueRequired":true,"valueName":"search_term_string"}}],"inLanguage":"es"},{"@type":"Organization","@id":"https:\/\/www.laguiadepamplona.com\/actualidad\/#organization","name":"La Gu\u00eda de Pamplona \/ Noticias","url":"https:\/\/www.laguiadepamplona.com\/actualidad\/","logo":{"@type":"ImageObject","inLanguage":"es","@id":"https:\/\/www.laguiadepamplona.com\/actualidad\/#\/schema\/logo\/image\/","url":"https:\/\/www.laguiadepamplona.com\/actualidad\/wp-content\/uploads\/2018\/11\/logo-laguiadepamplona18-web1.png","contentUrl":"https:\/\/www.laguiadepamplona.com\/actualidad\/wp-content\/uploads\/2018\/11\/logo-laguiadepamplona18-web1.png","width":600,"height":196,"caption":"La Gu\u00eda de Pamplona \/ Noticias"},"image":{"@id":"https:\/\/www.laguiadepamplona.com\/actualidad\/#\/schema\/logo\/image\/"},"sameAs":["https:\/\/www.facebook.com\/laguiadepamplonacom-133175176762273\/?ref=hl","https:\/\/x.com\/LaGuiadPamplona","https:\/\/www.instagram.com\/la_guia_de_pamplona\/","https:\/\/www.youtube.com\/user\/laguiadepamplona"]},{"@type":"Person","@id":"https:\/\/www.laguiadepamplona.com\/actualidad\/#\/schema\/person\/efe887376f0213d4657c93adc50b1fdb","name":"La Gu\u00eda de Pamplona","image":{"@type":"ImageObject","inLanguage":"es","@id":"https:\/\/secure.gravatar.com\/avatar\/b6992f131dc8d30ab0dff15446e9d346d9dbd95992de0fef795073f5ea83a81c?s=96&d=mm&r=g","url":"https:\/\/secure.gravatar.com\/avatar\/b6992f131dc8d30ab0dff15446e9d346d9dbd95992de0fef795073f5ea83a81c?s=96&d=mm&r=g","contentUrl":"https:\/\/secure.gravatar.com\/avatar\/b6992f131dc8d30ab0dff15446e9d346d9dbd95992de0fef795073f5ea83a81c?s=96&d=mm&r=g","caption":"La Gu\u00eda de Pamplona"}}]}},"post_mailing_queue_ids":[],"_links":{"self":[{"href":"https:\/\/www.laguiadepamplona.com\/actualidad\/wp-json\/wp\/v2\/posts\/53229","targetHints":{"allow":["GET"]}}],"collection":[{"href":"https:\/\/www.laguiadepamplona.com\/actualidad\/wp-json\/wp\/v2\/posts"}],"about":[{"href":"https:\/\/www.laguiadepamplona.com\/actualidad\/wp-json\/wp\/v2\/types\/post"}],"author":[{"embeddable":true,"href":"https:\/\/www.laguiadepamplona.com\/actualidad\/wp-json\/wp\/v2\/users\/1"}],"replies":[{"embeddable":true,"href":"https:\/\/www.laguiadepamplona.com\/actualidad\/wp-json\/wp\/v2\/comments?post=53229"}],"version-history":[{"count":1,"href":"https:\/\/www.laguiadepamplona.com\/actualidad\/wp-json\/wp\/v2\/posts\/53229\/revisions"}],"predecessor-version":[{"id":53231,"href":"https:\/\/www.laguiadepamplona.com\/actualidad\/wp-json\/wp\/v2\/posts\/53229\/revisions\/53231"}],"wp:featuredmedia":[{"embeddable":true,"href":"https:\/\/www.laguiadepamplona.com\/actualidad\/wp-json\/wp\/v2\/media\/53230"}],"wp:attachment":[{"href":"https:\/\/www.laguiadepamplona.com\/actualidad\/wp-json\/wp\/v2\/media?parent=53229"}],"wp:term":[{"taxonomy":"category","embeddable":true,"href":"https:\/\/www.laguiadepamplona.com\/actualidad\/wp-json\/wp\/v2\/categories?post=53229"},{"taxonomy":"post_tag","embeddable":true,"href":"https:\/\/www.laguiadepamplona.com\/actualidad\/wp-json\/wp\/v2\/tags?post=53229"}],"curies":[{"name":"wp","href":"https:\/\/api.w.org\/{rel}","templated":true}]}}