{"id":53214,"date":"2025-06-23T14:03:59","date_gmt":"2025-06-23T12:03:59","guid":{"rendered":"https:\/\/www.laguiadepamplona.com\/actualidad\/?p=53214"},"modified":"2025-06-23T14:03:59","modified_gmt":"2025-06-23T12:03:59","slug":"la-temporada-de-verano-se-inicia-en-las-piscinas-municipales-de-aranzadi-y-san-jorge-con-mejoras-en-sus-instalaciones-para-uso-y-disfrute-de-la-ciudadania","status":"publish","type":"post","link":"https:\/\/www.laguiadepamplona.com\/actualidad\/la-temporada-de-verano-se-inicia-en-las-piscinas-municipales-de-aranzadi-y-san-jorge-con-mejoras-en-sus-instalaciones-para-uso-y-disfrute-de-la-ciudadania\/","title":{"rendered":"La temporada de verano se inicia en las piscinas municipales de Aranzadi y San Jorge con mejoras en sus instalaciones para uso y disfrute de la ciudadan\u00eda"},"content":{"rendered":"<h2>La venta de abonos de verano y de entradas diarias est\u00e1 disponible tanto de forma presencial como en <a href=\"https:\/\/aranzadi.provis.es\" target=\"_blank\" rel=\"noopener\">https:\/\/aranzadi.provis.es<\/a><\/h2>\n<p><!--more--><\/p>\n<p>Este lunes 23 de junio se abre la temporada de verano en las piscinas municipales de San Jorge, una apertura que se suma a la realizada ya el 15 de junio en las piscinas de Aranzadi, por lo que ambas instalaciones est\u00e1n ya funcionando en \u2018modo verano\u2019. Ambas dotaciones han invertido en este \u00faltimo a\u00f1o en mejoras en sus instalaciones que redundan en el uso y disfrute que de ellas hacen las personas usuarias que apuestan por estas piscinas municipales.<\/p>\n<p>Los abonos y entradas para esta temporada de verano pueden comprarse online, en <a href=\"https:\/\/aranzadi.provis.es\" target=\"_blank\" rel=\"noopener\">https:\/\/aranzadi.provis.es<\/a>, o de manera presencial en las instalaciones de los centros, en horario de 9 a 21 horas. Hay abonos de verano, abonos de 30, 90 o 180 d\u00edas, adem\u00e1s de entradas diarias y entradas para domingos y festivos. Los precios se mantienen respecto al a\u00f1o pasado. El abono de verano oscila entre los 82,40 euros y los 41,10 euros en funci\u00f3n de la edad y con descuentos por diferentes circunstancias. Las entradas diarias cuestan entre 4,50 y 2,80 euros.<\/p>\n<p>Ambas piscinas cuentan con normas de funcionamiento para garantizar la convivencia de todas las personas usuarias. El Ayuntamiento de Pamplona recuerda que no se podr\u00e1 comer en el c\u00e9sped fuera de las zonas habilitadas ni usar amplificadores de m\u00fasica. Para el uso de los asadores es necesario reservar el d\u00eda anterior y para acceder a los gimnasios habr\u00e1 que hacerlo con ropa deportiva adecuada. Los menores de 8 a\u00f1os deber\u00e1n estar acompa\u00f1ados de una persona adulta en todo momento.<\/p>\n<p>En cuanto al comportamiento en las piscinas exteriores, no est\u00e1 permitido lanzarse o realizar cualquier acto peligroso para el resto de las personas. Tampoco se pueden usar hinchables recreativos o pelotas hinchables dentro del agua. Las piscinas cubiertas se destinar\u00e1n exclusivamente para la nataci\u00f3n.\u00a0 Se proh\u00edbe el acceso al interior de las instalaciones con bicicletas, ciclomotores, monopatines y patinetes, por ejemplo. Tampoco se permite la entrada de animales.<\/p>\n<p><strong>Mejoras en ambas instalaciones durante el \u00faltimo a\u00f1o<\/strong><\/p>\n<p>El Ayuntamiento de Pamplona ha renovado las playas de las piscinas exteriores de Aranzadi, que presentaban problemas por falta de baldosas, porque estaban rotas o porque estaban sueltas, adem\u00e1s de inconvenientes en el rejuntado de la cer\u00e1mica y con el estado de la rejilla met\u00e1lica existente entre los vasos de piscina. Se ha cambiado el pavimento de las playas y el resto de elementos afectados, como el rebosadero y las rejillas. Asimismo, se ha mejorado la iluminaci\u00f3n led del front\u00f3n, con la consiguiente mejora en la calidad y la reducci\u00f3n tanto de emisiones de CO<sub>2<\/sub> a la atm\u00f3sfera como del gasto econ\u00f3mico, ya que se han sustituido las l\u00e1mparas hal\u00f3genas.<\/p>\n<p>La principal inversi\u00f3n en las instalaciones deportivas municipales de San Jorge en este \u00faltimo a\u00f1o han sido las obras de revestimiento e impermeabilizaci\u00f3n del vaso de balneoterapia. Unas labores de mantenimiento detectaron un levantamiento del suelo del vaso del spa, que ha habido que arreglar para evitar filtraciones de agua. A esa mejora en la zona de balneoterapia, se a\u00f1aden otras actuaciones menores pero necesarias para mejorar las instalaciones que se han acometido en estos meses previos al inicio de la temporada. Se ha mejorado el cierre de la zona de asadores, se ha renovado el pavimento exterior del borde de las piscinas para potenciar la seguridad y se han mejorado tambi\u00e9n las zonas de vigilancia.<\/p>\n<p>Para esta temporada de verano, ambas instalaciones municipales ofrecen tambi\u00e9n actividades deportivas que requieren de inscripci\u00f3n. Se ofertan, entre otras, clases de nataci\u00f3n, aquagym, pilates, funcional o boxeo.<\/p>\n","protected":false},"excerpt":{"rendered":"<p>La venta de abonos de verano y de entradas diarias est\u00e1 disponible tanto de forma presencial como en https:\/\/aranzadi.provis.es<\/p>\n","protected":false},"author":1,"featured_media":52488,"comment_status":"open","ping_status":"closed","sticky":false,"template":"","format":"standard","meta":{"footnotes":""},"categories":[2],"tags":[],"class_list":["post-53214","post","type-post","status-publish","format-standard","has-post-thumbnail","hentry","category-ayuntamiento-pamplona"],"yoast_head":"<!-- This site is optimized with the Yoast SEO plugin v27.5 - https:\/\/yoast.com\/product\/yoast-seo-wordpress\/ -->\n<title>La temporada de verano se inicia en las piscinas municipales de Aranzadi y San Jorge con mejoras en sus instalaciones para uso y disfrute de la ciudadan\u00eda<\/title>\n<meta name=\"description\" content=\"La venta de abonos de verano y de entradas diarias est\u00e1 disponible tanto de forma presencial como en https:\/\/aranzadi.provis.es\" \/>\n<meta name=\"robots\" content=\"index, follow, max-snippet:-1, max-image-preview:large, max-video-preview:-1\" \/>\n<link rel=\"canonical\" href=\"https:\/\/www.laguiadepamplona.com\/actualidad\/la-temporada-de-verano-se-inicia-en-las-piscinas-municipales-de-aranzadi-y-san-jorge-con-mejoras-en-sus-instalaciones-para-uso-y-disfrute-de-la-ciudadania\/\" \/>\n<meta property=\"og:locale\" content=\"es_ES\" \/>\n<meta property=\"og:type\" content=\"article\" \/>\n<meta property=\"og:title\" content=\"La temporada de verano se inicia en las piscinas municipales de Aranzadi y San Jorge con mejoras en sus instalaciones para uso y disfrute de la ciudadan\u00eda\" \/>\n<meta property=\"og:description\" content=\"La venta de abonos de verano y de entradas diarias est\u00e1 disponible tanto de forma presencial como en https:\/\/aranzadi.provis.es\" \/>\n<meta property=\"og:url\" content=\"https:\/\/www.laguiadepamplona.com\/actualidad\/la-temporada-de-verano-se-inicia-en-las-piscinas-municipales-de-aranzadi-y-san-jorge-con-mejoras-en-sus-instalaciones-para-uso-y-disfrute-de-la-ciudadania\/\" \/>\n<meta property=\"og:site_name\" content=\"La Gu\u00eda de Pamplona\" \/>\n<meta property=\"article:publisher\" content=\"https:\/\/www.facebook.com\/laguiadepamplonacom-133175176762273\/?ref=hl\" \/>\n<meta property=\"article:published_time\" content=\"2025-06-23T12:03:59+00:00\" \/>\n<meta property=\"og:image\" content=\"https:\/\/www.laguiadepamplona.com\/actualidad\/wp-content\/uploads\/2025\/03\/playas_piscinas_aranzadi.webp\" \/>\n\t<meta property=\"og:image:width\" content=\"1000\" \/>\n\t<meta property=\"og:image:height\" content=\"667\" \/>\n\t<meta property=\"og:image:type\" content=\"image\/webp\" \/>\n<meta name=\"author\" content=\"La Gu\u00eda de Pamplona\" \/>\n<meta name=\"twitter:card\" content=\"summary_large_image\" \/>\n<meta name=\"twitter:creator\" content=\"@LaGuiadPamplona\" \/>\n<meta name=\"twitter:site\" content=\"@LaGuiadPamplona\" \/>\n<meta name=\"twitter:label1\" content=\"Escrito por\" \/>\n\t<meta name=\"twitter:data1\" content=\"La Gu\u00eda de Pamplona\" \/>\n\t<meta name=\"twitter:label2\" content=\"Tiempo de lectura\" \/>\n\t<meta name=\"twitter:data2\" content=\"3 minutos\" \/>\n<script type=\"application\/ld+json\" class=\"yoast-schema-graph\">{\"@context\":\"https:\\\/\\\/schema.org\",\"@graph\":[{\"@type\":\"Article\",\"@id\":\"https:\\\/\\\/www.laguiadepamplona.com\\\/actualidad\\\/la-temporada-de-verano-se-inicia-en-las-piscinas-municipales-de-aranzadi-y-san-jorge-con-mejoras-en-sus-instalaciones-para-uso-y-disfrute-de-la-ciudadania\\\/#article\",\"isPartOf\":{\"@id\":\"https:\\\/\\\/www.laguiadepamplona.com\\\/actualidad\\\/la-temporada-de-verano-se-inicia-en-las-piscinas-municipales-de-aranzadi-y-san-jorge-con-mejoras-en-sus-instalaciones-para-uso-y-disfrute-de-la-ciudadania\\\/\"},\"author\":{\"name\":\"La Gu\u00eda de Pamplona\",\"@id\":\"https:\\\/\\\/www.laguiadepamplona.com\\\/actualidad\\\/#\\\/schema\\\/person\\\/efe887376f0213d4657c93adc50b1fdb\"},\"headline\":\"La temporada de verano se inicia en las piscinas municipales de Aranzadi y San Jorge con mejoras en sus instalaciones para uso y disfrute de la ciudadan\u00eda\",\"datePublished\":\"2025-06-23T12:03:59+00:00\",\"mainEntityOfPage\":{\"@id\":\"https:\\\/\\\/www.laguiadepamplona.com\\\/actualidad\\\/la-temporada-de-verano-se-inicia-en-las-piscinas-municipales-de-aranzadi-y-san-jorge-con-mejoras-en-sus-instalaciones-para-uso-y-disfrute-de-la-ciudadania\\\/\"},\"wordCount\":657,\"commentCount\":0,\"publisher\":{\"@id\":\"https:\\\/\\\/www.laguiadepamplona.com\\\/actualidad\\\/#organization\"},\"image\":{\"@id\":\"https:\\\/\\\/www.laguiadepamplona.com\\\/actualidad\\\/la-temporada-de-verano-se-inicia-en-las-piscinas-municipales-de-aranzadi-y-san-jorge-con-mejoras-en-sus-instalaciones-para-uso-y-disfrute-de-la-ciudadania\\\/#primaryimage\"},\"thumbnailUrl\":\"https:\\\/\\\/www.laguiadepamplona.com\\\/actualidad\\\/wp-content\\\/uploads\\\/2025\\\/03\\\/playas_piscinas_aranzadi.webp\",\"articleSection\":[\"Ayto Pamplona\"],\"inLanguage\":\"es\",\"potentialAction\":[{\"@type\":\"CommentAction\",\"name\":\"Comment\",\"target\":[\"https:\\\/\\\/www.laguiadepamplona.com\\\/actualidad\\\/la-temporada-de-verano-se-inicia-en-las-piscinas-municipales-de-aranzadi-y-san-jorge-con-mejoras-en-sus-instalaciones-para-uso-y-disfrute-de-la-ciudadania\\\/#respond\"]}]},{\"@type\":\"WebPage\",\"@id\":\"https:\\\/\\\/www.laguiadepamplona.com\\\/actualidad\\\/la-temporada-de-verano-se-inicia-en-las-piscinas-municipales-de-aranzadi-y-san-jorge-con-mejoras-en-sus-instalaciones-para-uso-y-disfrute-de-la-ciudadania\\\/\",\"url\":\"https:\\\/\\\/www.laguiadepamplona.com\\\/actualidad\\\/la-temporada-de-verano-se-inicia-en-las-piscinas-municipales-de-aranzadi-y-san-jorge-con-mejoras-en-sus-instalaciones-para-uso-y-disfrute-de-la-ciudadania\\\/\",\"name\":\"La temporada de verano se inicia en las piscinas municipales de Aranzadi y San Jorge con mejoras en sus instalaciones para uso y disfrute de la ciudadan\u00eda\",\"isPartOf\":{\"@id\":\"https:\\\/\\\/www.laguiadepamplona.com\\\/actualidad\\\/#website\"},\"primaryImageOfPage\":{\"@id\":\"https:\\\/\\\/www.laguiadepamplona.com\\\/actualidad\\\/la-temporada-de-verano-se-inicia-en-las-piscinas-municipales-de-aranzadi-y-san-jorge-con-mejoras-en-sus-instalaciones-para-uso-y-disfrute-de-la-ciudadania\\\/#primaryimage\"},\"image\":{\"@id\":\"https:\\\/\\\/www.laguiadepamplona.com\\\/actualidad\\\/la-temporada-de-verano-se-inicia-en-las-piscinas-municipales-de-aranzadi-y-san-jorge-con-mejoras-en-sus-instalaciones-para-uso-y-disfrute-de-la-ciudadania\\\/#primaryimage\"},\"thumbnailUrl\":\"https:\\\/\\\/www.laguiadepamplona.com\\\/actualidad\\\/wp-content\\\/uploads\\\/2025\\\/03\\\/playas_piscinas_aranzadi.webp\",\"datePublished\":\"2025-06-23T12:03:59+00:00\",\"description\":\"La venta de abonos de verano y de entradas diarias est\u00e1 disponible tanto de forma presencial como en https:\\\/\\\/aranzadi.provis.es\",\"breadcrumb\":{\"@id\":\"https:\\\/\\\/www.laguiadepamplona.com\\\/actualidad\\\/la-temporada-de-verano-se-inicia-en-las-piscinas-municipales-de-aranzadi-y-san-jorge-con-mejoras-en-sus-instalaciones-para-uso-y-disfrute-de-la-ciudadania\\\/#breadcrumb\"},\"inLanguage\":\"es\",\"potentialAction\":[{\"@type\":\"ReadAction\",\"target\":[\"https:\\\/\\\/www.laguiadepamplona.com\\\/actualidad\\\/la-temporada-de-verano-se-inicia-en-las-piscinas-municipales-de-aranzadi-y-san-jorge-con-mejoras-en-sus-instalaciones-para-uso-y-disfrute-de-la-ciudadania\\\/\"]}]},{\"@type\":\"ImageObject\",\"inLanguage\":\"es\",\"@id\":\"https:\\\/\\\/www.laguiadepamplona.com\\\/actualidad\\\/la-temporada-de-verano-se-inicia-en-las-piscinas-municipales-de-aranzadi-y-san-jorge-con-mejoras-en-sus-instalaciones-para-uso-y-disfrute-de-la-ciudadania\\\/#primaryimage\",\"url\":\"https:\\\/\\\/www.laguiadepamplona.com\\\/actualidad\\\/wp-content\\\/uploads\\\/2025\\\/03\\\/playas_piscinas_aranzadi.webp\",\"contentUrl\":\"https:\\\/\\\/www.laguiadepamplona.com\\\/actualidad\\\/wp-content\\\/uploads\\\/2025\\\/03\\\/playas_piscinas_aranzadi.webp\",\"width\":1000,\"height\":667,\"caption\":\"piscina aranzadi\"},{\"@type\":\"BreadcrumbList\",\"@id\":\"https:\\\/\\\/www.laguiadepamplona.com\\\/actualidad\\\/la-temporada-de-verano-se-inicia-en-las-piscinas-municipales-de-aranzadi-y-san-jorge-con-mejoras-en-sus-instalaciones-para-uso-y-disfrute-de-la-ciudadania\\\/#breadcrumb\",\"itemListElement\":[{\"@type\":\"ListItem\",\"position\":1,\"name\":\"Portada\",\"item\":\"https:\\\/\\\/www.laguiadepamplona.com\\\/actualidad\\\/\"},{\"@type\":\"ListItem\",\"position\":2,\"name\":\"La temporada de verano se inicia en las piscinas municipales de Aranzadi y San Jorge con mejoras en sus instalaciones para uso y disfrute de la ciudadan\u00eda\"}]},{\"@type\":\"WebSite\",\"@id\":\"https:\\\/\\\/www.laguiadepamplona.com\\\/actualidad\\\/#website\",\"url\":\"https:\\\/\\\/www.laguiadepamplona.com\\\/actualidad\\\/\",\"name\":\"La gu\u00eda de Pamplona\",\"description\":\"Noticias de Pamplona\",\"publisher\":{\"@id\":\"https:\\\/\\\/www.laguiadepamplona.com\\\/actualidad\\\/#organization\"},\"potentialAction\":[{\"@type\":\"SearchAction\",\"target\":{\"@type\":\"EntryPoint\",\"urlTemplate\":\"https:\\\/\\\/www.laguiadepamplona.com\\\/actualidad\\\/?s={search_term_string}\"},\"query-input\":{\"@type\":\"PropertyValueSpecification\",\"valueRequired\":true,\"valueName\":\"search_term_string\"}}],\"inLanguage\":\"es\"},{\"@type\":\"Organization\",\"@id\":\"https:\\\/\\\/www.laguiadepamplona.com\\\/actualidad\\\/#organization\",\"name\":\"La Gu\u00eda de Pamplona \\\/ Noticias\",\"url\":\"https:\\\/\\\/www.laguiadepamplona.com\\\/actualidad\\\/\",\"logo\":{\"@type\":\"ImageObject\",\"inLanguage\":\"es\",\"@id\":\"https:\\\/\\\/www.laguiadepamplona.com\\\/actualidad\\\/#\\\/schema\\\/logo\\\/image\\\/\",\"url\":\"https:\\\/\\\/www.laguiadepamplona.com\\\/actualidad\\\/wp-content\\\/uploads\\\/2018\\\/11\\\/logo-laguiadepamplona18-web1.png\",\"contentUrl\":\"https:\\\/\\\/www.laguiadepamplona.com\\\/actualidad\\\/wp-content\\\/uploads\\\/2018\\\/11\\\/logo-laguiadepamplona18-web1.png\",\"width\":600,\"height\":196,\"caption\":\"La Gu\u00eda de Pamplona \\\/ Noticias\"},\"image\":{\"@id\":\"https:\\\/\\\/www.laguiadepamplona.com\\\/actualidad\\\/#\\\/schema\\\/logo\\\/image\\\/\"},\"sameAs\":[\"https:\\\/\\\/www.facebook.com\\\/laguiadepamplonacom-133175176762273\\\/?ref=hl\",\"https:\\\/\\\/x.com\\\/LaGuiadPamplona\",\"https:\\\/\\\/www.instagram.com\\\/la_guia_de_pamplona\\\/\",\"https:\\\/\\\/www.youtube.com\\\/user\\\/laguiadepamplona\"]},{\"@type\":\"Person\",\"@id\":\"https:\\\/\\\/www.laguiadepamplona.com\\\/actualidad\\\/#\\\/schema\\\/person\\\/efe887376f0213d4657c93adc50b1fdb\",\"name\":\"La Gu\u00eda de Pamplona\",\"image\":{\"@type\":\"ImageObject\",\"inLanguage\":\"es\",\"@id\":\"https:\\\/\\\/secure.gravatar.com\\\/avatar\\\/b6992f131dc8d30ab0dff15446e9d346d9dbd95992de0fef795073f5ea83a81c?s=96&d=mm&r=g\",\"url\":\"https:\\\/\\\/secure.gravatar.com\\\/avatar\\\/b6992f131dc8d30ab0dff15446e9d346d9dbd95992de0fef795073f5ea83a81c?s=96&d=mm&r=g\",\"contentUrl\":\"https:\\\/\\\/secure.gravatar.com\\\/avatar\\\/b6992f131dc8d30ab0dff15446e9d346d9dbd95992de0fef795073f5ea83a81c?s=96&d=mm&r=g\",\"caption\":\"La Gu\u00eda de Pamplona\"}}]}<\/script>\n<!-- \/ Yoast SEO plugin. -->","yoast_head_json":{"title":"La temporada de verano se inicia en las piscinas municipales de Aranzadi y San Jorge con mejoras en sus instalaciones para uso y disfrute de la ciudadan\u00eda","description":"La venta de abonos de verano y de entradas diarias est\u00e1 disponible tanto de forma presencial como en https:\/\/aranzadi.provis.es","robots":{"index":"index","follow":"follow","max-snippet":"max-snippet:-1","max-image-preview":"max-image-preview:large","max-video-preview":"max-video-preview:-1"},"canonical":"https:\/\/www.laguiadepamplona.com\/actualidad\/la-temporada-de-verano-se-inicia-en-las-piscinas-municipales-de-aranzadi-y-san-jorge-con-mejoras-en-sus-instalaciones-para-uso-y-disfrute-de-la-ciudadania\/","og_locale":"es_ES","og_type":"article","og_title":"La temporada de verano se inicia en las piscinas municipales de Aranzadi y San Jorge con mejoras en sus instalaciones para uso y disfrute de la ciudadan\u00eda","og_description":"La venta de abonos de verano y de entradas diarias est\u00e1 disponible tanto de forma presencial como en https:\/\/aranzadi.provis.es","og_url":"https:\/\/www.laguiadepamplona.com\/actualidad\/la-temporada-de-verano-se-inicia-en-las-piscinas-municipales-de-aranzadi-y-san-jorge-con-mejoras-en-sus-instalaciones-para-uso-y-disfrute-de-la-ciudadania\/","og_site_name":"La Gu\u00eda de Pamplona","article_publisher":"https:\/\/www.facebook.com\/laguiadepamplonacom-133175176762273\/?ref=hl","article_published_time":"2025-06-23T12:03:59+00:00","og_image":[{"width":1000,"height":667,"url":"https:\/\/www.laguiadepamplona.com\/actualidad\/wp-content\/uploads\/2025\/03\/playas_piscinas_aranzadi.webp","type":"image\/webp"}],"author":"La Gu\u00eda de Pamplona","twitter_card":"summary_large_image","twitter_creator":"@LaGuiadPamplona","twitter_site":"@LaGuiadPamplona","twitter_misc":{"Escrito por":"La Gu\u00eda de Pamplona","Tiempo de lectura":"3 minutos"},"schema":{"@context":"https:\/\/schema.org","@graph":[{"@type":"Article","@id":"https:\/\/www.laguiadepamplona.com\/actualidad\/la-temporada-de-verano-se-inicia-en-las-piscinas-municipales-de-aranzadi-y-san-jorge-con-mejoras-en-sus-instalaciones-para-uso-y-disfrute-de-la-ciudadania\/#article","isPartOf":{"@id":"https:\/\/www.laguiadepamplona.com\/actualidad\/la-temporada-de-verano-se-inicia-en-las-piscinas-municipales-de-aranzadi-y-san-jorge-con-mejoras-en-sus-instalaciones-para-uso-y-disfrute-de-la-ciudadania\/"},"author":{"name":"La Gu\u00eda de Pamplona","@id":"https:\/\/www.laguiadepamplona.com\/actualidad\/#\/schema\/person\/efe887376f0213d4657c93adc50b1fdb"},"headline":"La temporada de verano se inicia en las piscinas municipales de Aranzadi y San Jorge con mejoras en sus instalaciones para uso y disfrute de la ciudadan\u00eda","datePublished":"2025-06-23T12:03:59+00:00","mainEntityOfPage":{"@id":"https:\/\/www.laguiadepamplona.com\/actualidad\/la-temporada-de-verano-se-inicia-en-las-piscinas-municipales-de-aranzadi-y-san-jorge-con-mejoras-en-sus-instalaciones-para-uso-y-disfrute-de-la-ciudadania\/"},"wordCount":657,"commentCount":0,"publisher":{"@id":"https:\/\/www.laguiadepamplona.com\/actualidad\/#organization"},"image":{"@id":"https:\/\/www.laguiadepamplona.com\/actualidad\/la-temporada-de-verano-se-inicia-en-las-piscinas-municipales-de-aranzadi-y-san-jorge-con-mejoras-en-sus-instalaciones-para-uso-y-disfrute-de-la-ciudadania\/#primaryimage"},"thumbnailUrl":"https:\/\/www.laguiadepamplona.com\/actualidad\/wp-content\/uploads\/2025\/03\/playas_piscinas_aranzadi.webp","articleSection":["Ayto Pamplona"],"inLanguage":"es","potentialAction":[{"@type":"CommentAction","name":"Comment","target":["https:\/\/www.laguiadepamplona.com\/actualidad\/la-temporada-de-verano-se-inicia-en-las-piscinas-municipales-de-aranzadi-y-san-jorge-con-mejoras-en-sus-instalaciones-para-uso-y-disfrute-de-la-ciudadania\/#respond"]}]},{"@type":"WebPage","@id":"https:\/\/www.laguiadepamplona.com\/actualidad\/la-temporada-de-verano-se-inicia-en-las-piscinas-municipales-de-aranzadi-y-san-jorge-con-mejoras-en-sus-instalaciones-para-uso-y-disfrute-de-la-ciudadania\/","url":"https:\/\/www.laguiadepamplona.com\/actualidad\/la-temporada-de-verano-se-inicia-en-las-piscinas-municipales-de-aranzadi-y-san-jorge-con-mejoras-en-sus-instalaciones-para-uso-y-disfrute-de-la-ciudadania\/","name":"La temporada de verano se inicia en las piscinas municipales de Aranzadi y San Jorge con mejoras en sus instalaciones para uso y disfrute de la ciudadan\u00eda","isPartOf":{"@id":"https:\/\/www.laguiadepamplona.com\/actualidad\/#website"},"primaryImageOfPage":{"@id":"https:\/\/www.laguiadepamplona.com\/actualidad\/la-temporada-de-verano-se-inicia-en-las-piscinas-municipales-de-aranzadi-y-san-jorge-con-mejoras-en-sus-instalaciones-para-uso-y-disfrute-de-la-ciudadania\/#primaryimage"},"image":{"@id":"https:\/\/www.laguiadepamplona.com\/actualidad\/la-temporada-de-verano-se-inicia-en-las-piscinas-municipales-de-aranzadi-y-san-jorge-con-mejoras-en-sus-instalaciones-para-uso-y-disfrute-de-la-ciudadania\/#primaryimage"},"thumbnailUrl":"https:\/\/www.laguiadepamplona.com\/actualidad\/wp-content\/uploads\/2025\/03\/playas_piscinas_aranzadi.webp","datePublished":"2025-06-23T12:03:59+00:00","description":"La venta de abonos de verano y de entradas diarias est\u00e1 disponible tanto de forma presencial como en https:\/\/aranzadi.provis.es","breadcrumb":{"@id":"https:\/\/www.laguiadepamplona.com\/actualidad\/la-temporada-de-verano-se-inicia-en-las-piscinas-municipales-de-aranzadi-y-san-jorge-con-mejoras-en-sus-instalaciones-para-uso-y-disfrute-de-la-ciudadania\/#breadcrumb"},"inLanguage":"es","potentialAction":[{"@type":"ReadAction","target":["https:\/\/www.laguiadepamplona.com\/actualidad\/la-temporada-de-verano-se-inicia-en-las-piscinas-municipales-de-aranzadi-y-san-jorge-con-mejoras-en-sus-instalaciones-para-uso-y-disfrute-de-la-ciudadania\/"]}]},{"@type":"ImageObject","inLanguage":"es","@id":"https:\/\/www.laguiadepamplona.com\/actualidad\/la-temporada-de-verano-se-inicia-en-las-piscinas-municipales-de-aranzadi-y-san-jorge-con-mejoras-en-sus-instalaciones-para-uso-y-disfrute-de-la-ciudadania\/#primaryimage","url":"https:\/\/www.laguiadepamplona.com\/actualidad\/wp-content\/uploads\/2025\/03\/playas_piscinas_aranzadi.webp","contentUrl":"https:\/\/www.laguiadepamplona.com\/actualidad\/wp-content\/uploads\/2025\/03\/playas_piscinas_aranzadi.webp","width":1000,"height":667,"caption":"piscina aranzadi"},{"@type":"BreadcrumbList","@id":"https:\/\/www.laguiadepamplona.com\/actualidad\/la-temporada-de-verano-se-inicia-en-las-piscinas-municipales-de-aranzadi-y-san-jorge-con-mejoras-en-sus-instalaciones-para-uso-y-disfrute-de-la-ciudadania\/#breadcrumb","itemListElement":[{"@type":"ListItem","position":1,"name":"Portada","item":"https:\/\/www.laguiadepamplona.com\/actualidad\/"},{"@type":"ListItem","position":2,"name":"La temporada de verano se inicia en las piscinas municipales de Aranzadi y San Jorge con mejoras en sus instalaciones para uso y disfrute de la ciudadan\u00eda"}]},{"@type":"WebSite","@id":"https:\/\/www.laguiadepamplona.com\/actualidad\/#website","url":"https:\/\/www.laguiadepamplona.com\/actualidad\/","name":"La gu\u00eda de Pamplona","description":"Noticias de Pamplona","publisher":{"@id":"https:\/\/www.laguiadepamplona.com\/actualidad\/#organization"},"potentialAction":[{"@type":"SearchAction","target":{"@type":"EntryPoint","urlTemplate":"https:\/\/www.laguiadepamplona.com\/actualidad\/?s={search_term_string}"},"query-input":{"@type":"PropertyValueSpecification","valueRequired":true,"valueName":"search_term_string"}}],"inLanguage":"es"},{"@type":"Organization","@id":"https:\/\/www.laguiadepamplona.com\/actualidad\/#organization","name":"La Gu\u00eda de Pamplona \/ Noticias","url":"https:\/\/www.laguiadepamplona.com\/actualidad\/","logo":{"@type":"ImageObject","inLanguage":"es","@id":"https:\/\/www.laguiadepamplona.com\/actualidad\/#\/schema\/logo\/image\/","url":"https:\/\/www.laguiadepamplona.com\/actualidad\/wp-content\/uploads\/2018\/11\/logo-laguiadepamplona18-web1.png","contentUrl":"https:\/\/www.laguiadepamplona.com\/actualidad\/wp-content\/uploads\/2018\/11\/logo-laguiadepamplona18-web1.png","width":600,"height":196,"caption":"La Gu\u00eda de Pamplona \/ Noticias"},"image":{"@id":"https:\/\/www.laguiadepamplona.com\/actualidad\/#\/schema\/logo\/image\/"},"sameAs":["https:\/\/www.facebook.com\/laguiadepamplonacom-133175176762273\/?ref=hl","https:\/\/x.com\/LaGuiadPamplona","https:\/\/www.instagram.com\/la_guia_de_pamplona\/","https:\/\/www.youtube.com\/user\/laguiadepamplona"]},{"@type":"Person","@id":"https:\/\/www.laguiadepamplona.com\/actualidad\/#\/schema\/person\/efe887376f0213d4657c93adc50b1fdb","name":"La Gu\u00eda de Pamplona","image":{"@type":"ImageObject","inLanguage":"es","@id":"https:\/\/secure.gravatar.com\/avatar\/b6992f131dc8d30ab0dff15446e9d346d9dbd95992de0fef795073f5ea83a81c?s=96&d=mm&r=g","url":"https:\/\/secure.gravatar.com\/avatar\/b6992f131dc8d30ab0dff15446e9d346d9dbd95992de0fef795073f5ea83a81c?s=96&d=mm&r=g","contentUrl":"https:\/\/secure.gravatar.com\/avatar\/b6992f131dc8d30ab0dff15446e9d346d9dbd95992de0fef795073f5ea83a81c?s=96&d=mm&r=g","caption":"La Gu\u00eda de Pamplona"}}]}},"post_mailing_queue_ids":[],"_links":{"self":[{"href":"https:\/\/www.laguiadepamplona.com\/actualidad\/wp-json\/wp\/v2\/posts\/53214","targetHints":{"allow":["GET"]}}],"collection":[{"href":"https:\/\/www.laguiadepamplona.com\/actualidad\/wp-json\/wp\/v2\/posts"}],"about":[{"href":"https:\/\/www.laguiadepamplona.com\/actualidad\/wp-json\/wp\/v2\/types\/post"}],"author":[{"embeddable":true,"href":"https:\/\/www.laguiadepamplona.com\/actualidad\/wp-json\/wp\/v2\/users\/1"}],"replies":[{"embeddable":true,"href":"https:\/\/www.laguiadepamplona.com\/actualidad\/wp-json\/wp\/v2\/comments?post=53214"}],"version-history":[{"count":1,"href":"https:\/\/www.laguiadepamplona.com\/actualidad\/wp-json\/wp\/v2\/posts\/53214\/revisions"}],"predecessor-version":[{"id":53215,"href":"https:\/\/www.laguiadepamplona.com\/actualidad\/wp-json\/wp\/v2\/posts\/53214\/revisions\/53215"}],"wp:featuredmedia":[{"embeddable":true,"href":"https:\/\/www.laguiadepamplona.com\/actualidad\/wp-json\/wp\/v2\/media\/52488"}],"wp:attachment":[{"href":"https:\/\/www.laguiadepamplona.com\/actualidad\/wp-json\/wp\/v2\/media?parent=53214"}],"wp:term":[{"taxonomy":"category","embeddable":true,"href":"https:\/\/www.laguiadepamplona.com\/actualidad\/wp-json\/wp\/v2\/categories?post=53214"},{"taxonomy":"post_tag","embeddable":true,"href":"https:\/\/www.laguiadepamplona.com\/actualidad\/wp-json\/wp\/v2\/tags?post=53214"}],"curies":[{"name":"wp","href":"https:\/\/api.w.org\/{rel}","templated":true}]}}