{"id":53174,"date":"2025-06-17T13:25:06","date_gmt":"2025-06-17T11:25:06","guid":{"rendered":"https:\/\/www.laguiadepamplona.com\/actualidad\/?p=53174"},"modified":"2025-06-17T13:25:06","modified_gmt":"2025-06-17T11:25:06","slug":"el-ayuntamiento-de-pamplona-invertira-60-500-euros-en-vallar-los-jardines-de-la-ciudad-y-en-perimetrar-espacios-del-entorno-festivo-durante-los-proximos-sanfermines","status":"publish","type":"post","link":"https:\/\/www.laguiadepamplona.com\/actualidad\/el-ayuntamiento-de-pamplona-invertira-60-500-euros-en-vallar-los-jardines-de-la-ciudad-y-en-perimetrar-espacios-del-entorno-festivo-durante-los-proximos-sanfermines\/","title":{"rendered":"El Ayuntamiento de Pamplona invertir\u00e1 60.500 euros en vallar los jardines de la ciudad y en perimetrar espacios del entorno festivo durante los pr\u00f3ximos Sanfermines"},"content":{"rendered":"<h2>Por primera vez, se ha licitado y adjudicado en un contrato el alquiler, transporte, colocaci\u00f3n, reposici\u00f3n y retirada de m\u00e1s de 2.200 vallas<\/h2>\n<p><!--more--><\/p>\n<p>La Junta de Gobierno Local ha adjudicado el contrato de alquiler, transporte, colocaci\u00f3n, reposici\u00f3n y retirada de vallas de protecci\u00f3n durante las fiestas de San Ferm\u00edn. Por primera vez, el Ayuntamiento de Pamplona ha licitado un contrato de este tipo, dotado con 60.500 euros anuales, que incluye 2.264 vallas y 2.230 soportes de sujeci\u00f3n para proteger tanto jardines del centro de la ciudad como otros espacios del entorno festivo.<\/p>\n<p>El contrato se ha articulado en dos lotes, uno para zonas verdes que gestiona el \u00e1rea de Conservaci\u00f3n Urbana y otro para otras zonas de la ciudad a cargo del \u00e1rea de Seguridad Ciudadana. El primer lote se\u00f1ala la necesidad de 1.400 vallas para proteger del tr\u00e1nsito peatonal en los jardines y zonas verdes del parque de la Taconera, Vistabella y Antoniutti. Ese lote conlleva un gasto de 34.485 euros anuales.<\/p>\n<p>El lote 2 abarca zonas como la Vuelta del Castillo y el per\u00edmetro de seguridad para la pirotecnia; las murallas, con vallas en el Caballo Blanco, cuesta de Red\u00edn, huertas de Santo Domingo, entorno del edificio de Educaci\u00f3n, aparcamiento de corralillos del Gas y zona de esparcimiento canino del portal de Francia; u otros emplazamientos como los aseos de San Agust\u00edn y Calderer\u00eda, plaza de Recoletas, V\u00e1zquez de Mella o patio de Dominicas, junto al aparcamiento de los corralillos de Gas. En este caso, las 864 vallas previstas tratan de salvaguardar la seguridad de las personas en cuanto al riesgo de los residuos pirot\u00e9cnicos o la altura de las murallas, entre otras circunstancias. El presupuesto de este lote es de 26.015 euros anuales.<\/p>\n<p>Ambos lotes se han adjudicado a la empresa Bobinados Labrit SL. El contrato se licita con opci\u00f3n a dos pr\u00f3rrogas anuales m\u00e1s con un presupuesto total los tres a\u00f1os de 181.500 euros.<\/p>\n","protected":false},"excerpt":{"rendered":"<p>Por primera vez, se ha licitado y adjudicado en un contrato el alquiler, transporte, colocaci\u00f3n, reposici\u00f3n y retirada de m\u00e1s de 2.200 vallas<\/p>\n","protected":false},"author":1,"featured_media":53175,"comment_status":"open","ping_status":"closed","sticky":false,"template":"","format":"standard","meta":{"footnotes":""},"categories":[2],"tags":[],"class_list":["post-53174","post","type-post","status-publish","format-standard","has-post-thumbnail","hentry","category-ayuntamiento-pamplona"],"yoast_head":"<!-- This site is optimized with the Yoast SEO plugin v27.5 - https:\/\/yoast.com\/product\/yoast-seo-wordpress\/ -->\n<title>El Ayuntamiento de Pamplona invertir\u00e1 60.500 euros en vallar los jardines de la ciudad y en perimetrar espacios del entorno festivo durante los pr\u00f3ximos Sanfermines<\/title>\n<meta name=\"description\" content=\"Por primera vez, se ha licitado y adjudicado en un contrato el alquiler, transporte, colocaci\u00f3n, reposici\u00f3n y retirada de m\u00e1s de 2.200 vallas\" \/>\n<meta name=\"robots\" content=\"index, follow, max-snippet:-1, max-image-preview:large, max-video-preview:-1\" \/>\n<link rel=\"canonical\" href=\"https:\/\/www.laguiadepamplona.com\/actualidad\/el-ayuntamiento-de-pamplona-invertira-60-500-euros-en-vallar-los-jardines-de-la-ciudad-y-en-perimetrar-espacios-del-entorno-festivo-durante-los-proximos-sanfermines\/\" \/>\n<meta property=\"og:locale\" content=\"es_ES\" \/>\n<meta property=\"og:type\" content=\"article\" \/>\n<meta property=\"og:title\" content=\"El Ayuntamiento de Pamplona invertir\u00e1 60.500 euros en vallar los jardines de la ciudad y en perimetrar espacios del entorno festivo durante los pr\u00f3ximos Sanfermines\" \/>\n<meta property=\"og:description\" content=\"Por primera vez, se ha licitado y adjudicado en un contrato el alquiler, transporte, colocaci\u00f3n, reposici\u00f3n y retirada de m\u00e1s de 2.200 vallas\" \/>\n<meta property=\"og:url\" content=\"https:\/\/www.laguiadepamplona.com\/actualidad\/el-ayuntamiento-de-pamplona-invertira-60-500-euros-en-vallar-los-jardines-de-la-ciudad-y-en-perimetrar-espacios-del-entorno-festivo-durante-los-proximos-sanfermines\/\" \/>\n<meta property=\"og:site_name\" content=\"La Gu\u00eda de Pamplona\" \/>\n<meta property=\"article:publisher\" content=\"https:\/\/www.facebook.com\/laguiadepamplonacom-133175176762273\/?ref=hl\" \/>\n<meta property=\"article:published_time\" content=\"2025-06-17T11:25:06+00:00\" \/>\n<meta property=\"og:image\" content=\"https:\/\/www.laguiadepamplona.com\/actualidad\/wp-content\/uploads\/2025\/06\/vallas-zonas-verdes-SF_web.webp\" \/>\n\t<meta property=\"og:image:width\" content=\"1000\" \/>\n\t<meta property=\"og:image:height\" content=\"599\" \/>\n\t<meta property=\"og:image:type\" content=\"image\/webp\" \/>\n<meta name=\"author\" content=\"La Gu\u00eda de Pamplona\" \/>\n<meta name=\"twitter:card\" content=\"summary_large_image\" \/>\n<meta name=\"twitter:creator\" content=\"@LaGuiadPamplona\" \/>\n<meta name=\"twitter:site\" content=\"@LaGuiadPamplona\" \/>\n<meta name=\"twitter:label1\" content=\"Escrito por\" \/>\n\t<meta name=\"twitter:data1\" content=\"La Gu\u00eda de Pamplona\" \/>\n\t<meta name=\"twitter:label2\" content=\"Tiempo de lectura\" \/>\n\t<meta name=\"twitter:data2\" content=\"2 minutos\" \/>\n<script type=\"application\/ld+json\" class=\"yoast-schema-graph\">{\"@context\":\"https:\\\/\\\/schema.org\",\"@graph\":[{\"@type\":\"Article\",\"@id\":\"https:\\\/\\\/www.laguiadepamplona.com\\\/actualidad\\\/el-ayuntamiento-de-pamplona-invertira-60-500-euros-en-vallar-los-jardines-de-la-ciudad-y-en-perimetrar-espacios-del-entorno-festivo-durante-los-proximos-sanfermines\\\/#article\",\"isPartOf\":{\"@id\":\"https:\\\/\\\/www.laguiadepamplona.com\\\/actualidad\\\/el-ayuntamiento-de-pamplona-invertira-60-500-euros-en-vallar-los-jardines-de-la-ciudad-y-en-perimetrar-espacios-del-entorno-festivo-durante-los-proximos-sanfermines\\\/\"},\"author\":{\"name\":\"La Gu\u00eda de Pamplona\",\"@id\":\"https:\\\/\\\/www.laguiadepamplona.com\\\/actualidad\\\/#\\\/schema\\\/person\\\/efe887376f0213d4657c93adc50b1fdb\"},\"headline\":\"El Ayuntamiento de Pamplona invertir\u00e1 60.500 euros en vallar los jardines de la ciudad y en perimetrar espacios del entorno festivo durante los pr\u00f3ximos Sanfermines\",\"datePublished\":\"2025-06-17T11:25:06+00:00\",\"mainEntityOfPage\":{\"@id\":\"https:\\\/\\\/www.laguiadepamplona.com\\\/actualidad\\\/el-ayuntamiento-de-pamplona-invertira-60-500-euros-en-vallar-los-jardines-de-la-ciudad-y-en-perimetrar-espacios-del-entorno-festivo-durante-los-proximos-sanfermines\\\/\"},\"wordCount\":355,\"commentCount\":0,\"publisher\":{\"@id\":\"https:\\\/\\\/www.laguiadepamplona.com\\\/actualidad\\\/#organization\"},\"image\":{\"@id\":\"https:\\\/\\\/www.laguiadepamplona.com\\\/actualidad\\\/el-ayuntamiento-de-pamplona-invertira-60-500-euros-en-vallar-los-jardines-de-la-ciudad-y-en-perimetrar-espacios-del-entorno-festivo-durante-los-proximos-sanfermines\\\/#primaryimage\"},\"thumbnailUrl\":\"https:\\\/\\\/www.laguiadepamplona.com\\\/actualidad\\\/wp-content\\\/uploads\\\/2025\\\/06\\\/vallas-zonas-verdes-SF_web.webp\",\"articleSection\":[\"Ayto Pamplona\"],\"inLanguage\":\"es\",\"potentialAction\":[{\"@type\":\"CommentAction\",\"name\":\"Comment\",\"target\":[\"https:\\\/\\\/www.laguiadepamplona.com\\\/actualidad\\\/el-ayuntamiento-de-pamplona-invertira-60-500-euros-en-vallar-los-jardines-de-la-ciudad-y-en-perimetrar-espacios-del-entorno-festivo-durante-los-proximos-sanfermines\\\/#respond\"]}]},{\"@type\":\"WebPage\",\"@id\":\"https:\\\/\\\/www.laguiadepamplona.com\\\/actualidad\\\/el-ayuntamiento-de-pamplona-invertira-60-500-euros-en-vallar-los-jardines-de-la-ciudad-y-en-perimetrar-espacios-del-entorno-festivo-durante-los-proximos-sanfermines\\\/\",\"url\":\"https:\\\/\\\/www.laguiadepamplona.com\\\/actualidad\\\/el-ayuntamiento-de-pamplona-invertira-60-500-euros-en-vallar-los-jardines-de-la-ciudad-y-en-perimetrar-espacios-del-entorno-festivo-durante-los-proximos-sanfermines\\\/\",\"name\":\"El Ayuntamiento de Pamplona invertir\u00e1 60.500 euros en vallar los jardines de la ciudad y en perimetrar espacios del entorno festivo durante los pr\u00f3ximos Sanfermines\",\"isPartOf\":{\"@id\":\"https:\\\/\\\/www.laguiadepamplona.com\\\/actualidad\\\/#website\"},\"primaryImageOfPage\":{\"@id\":\"https:\\\/\\\/www.laguiadepamplona.com\\\/actualidad\\\/el-ayuntamiento-de-pamplona-invertira-60-500-euros-en-vallar-los-jardines-de-la-ciudad-y-en-perimetrar-espacios-del-entorno-festivo-durante-los-proximos-sanfermines\\\/#primaryimage\"},\"image\":{\"@id\":\"https:\\\/\\\/www.laguiadepamplona.com\\\/actualidad\\\/el-ayuntamiento-de-pamplona-invertira-60-500-euros-en-vallar-los-jardines-de-la-ciudad-y-en-perimetrar-espacios-del-entorno-festivo-durante-los-proximos-sanfermines\\\/#primaryimage\"},\"thumbnailUrl\":\"https:\\\/\\\/www.laguiadepamplona.com\\\/actualidad\\\/wp-content\\\/uploads\\\/2025\\\/06\\\/vallas-zonas-verdes-SF_web.webp\",\"datePublished\":\"2025-06-17T11:25:06+00:00\",\"description\":\"Por primera vez, se ha licitado y adjudicado en un contrato el alquiler, transporte, colocaci\u00f3n, reposici\u00f3n y retirada de m\u00e1s de 2.200 vallas\",\"breadcrumb\":{\"@id\":\"https:\\\/\\\/www.laguiadepamplona.com\\\/actualidad\\\/el-ayuntamiento-de-pamplona-invertira-60-500-euros-en-vallar-los-jardines-de-la-ciudad-y-en-perimetrar-espacios-del-entorno-festivo-durante-los-proximos-sanfermines\\\/#breadcrumb\"},\"inLanguage\":\"es\",\"potentialAction\":[{\"@type\":\"ReadAction\",\"target\":[\"https:\\\/\\\/www.laguiadepamplona.com\\\/actualidad\\\/el-ayuntamiento-de-pamplona-invertira-60-500-euros-en-vallar-los-jardines-de-la-ciudad-y-en-perimetrar-espacios-del-entorno-festivo-durante-los-proximos-sanfermines\\\/\"]}]},{\"@type\":\"ImageObject\",\"inLanguage\":\"es\",\"@id\":\"https:\\\/\\\/www.laguiadepamplona.com\\\/actualidad\\\/el-ayuntamiento-de-pamplona-invertira-60-500-euros-en-vallar-los-jardines-de-la-ciudad-y-en-perimetrar-espacios-del-entorno-festivo-durante-los-proximos-sanfermines\\\/#primaryimage\",\"url\":\"https:\\\/\\\/www.laguiadepamplona.com\\\/actualidad\\\/wp-content\\\/uploads\\\/2025\\\/06\\\/vallas-zonas-verdes-SF_web.webp\",\"contentUrl\":\"https:\\\/\\\/www.laguiadepamplona.com\\\/actualidad\\\/wp-content\\\/uploads\\\/2025\\\/06\\\/vallas-zonas-verdes-SF_web.webp\",\"width\":1000,\"height\":599,\"caption\":\"vallas zonas verdes sanfermines\"},{\"@type\":\"BreadcrumbList\",\"@id\":\"https:\\\/\\\/www.laguiadepamplona.com\\\/actualidad\\\/el-ayuntamiento-de-pamplona-invertira-60-500-euros-en-vallar-los-jardines-de-la-ciudad-y-en-perimetrar-espacios-del-entorno-festivo-durante-los-proximos-sanfermines\\\/#breadcrumb\",\"itemListElement\":[{\"@type\":\"ListItem\",\"position\":1,\"name\":\"Portada\",\"item\":\"https:\\\/\\\/www.laguiadepamplona.com\\\/actualidad\\\/\"},{\"@type\":\"ListItem\",\"position\":2,\"name\":\"El Ayuntamiento de Pamplona invertir\u00e1 60.500 euros en vallar los jardines de la ciudad y en perimetrar espacios del entorno festivo durante los pr\u00f3ximos Sanfermines\"}]},{\"@type\":\"WebSite\",\"@id\":\"https:\\\/\\\/www.laguiadepamplona.com\\\/actualidad\\\/#website\",\"url\":\"https:\\\/\\\/www.laguiadepamplona.com\\\/actualidad\\\/\",\"name\":\"La gu\u00eda de Pamplona\",\"description\":\"Noticias de Pamplona\",\"publisher\":{\"@id\":\"https:\\\/\\\/www.laguiadepamplona.com\\\/actualidad\\\/#organization\"},\"potentialAction\":[{\"@type\":\"SearchAction\",\"target\":{\"@type\":\"EntryPoint\",\"urlTemplate\":\"https:\\\/\\\/www.laguiadepamplona.com\\\/actualidad\\\/?s={search_term_string}\"},\"query-input\":{\"@type\":\"PropertyValueSpecification\",\"valueRequired\":true,\"valueName\":\"search_term_string\"}}],\"inLanguage\":\"es\"},{\"@type\":\"Organization\",\"@id\":\"https:\\\/\\\/www.laguiadepamplona.com\\\/actualidad\\\/#organization\",\"name\":\"La Gu\u00eda de Pamplona \\\/ Noticias\",\"url\":\"https:\\\/\\\/www.laguiadepamplona.com\\\/actualidad\\\/\",\"logo\":{\"@type\":\"ImageObject\",\"inLanguage\":\"es\",\"@id\":\"https:\\\/\\\/www.laguiadepamplona.com\\\/actualidad\\\/#\\\/schema\\\/logo\\\/image\\\/\",\"url\":\"https:\\\/\\\/www.laguiadepamplona.com\\\/actualidad\\\/wp-content\\\/uploads\\\/2018\\\/11\\\/logo-laguiadepamplona18-web1.png\",\"contentUrl\":\"https:\\\/\\\/www.laguiadepamplona.com\\\/actualidad\\\/wp-content\\\/uploads\\\/2018\\\/11\\\/logo-laguiadepamplona18-web1.png\",\"width\":600,\"height\":196,\"caption\":\"La Gu\u00eda de Pamplona \\\/ Noticias\"},\"image\":{\"@id\":\"https:\\\/\\\/www.laguiadepamplona.com\\\/actualidad\\\/#\\\/schema\\\/logo\\\/image\\\/\"},\"sameAs\":[\"https:\\\/\\\/www.facebook.com\\\/laguiadepamplonacom-133175176762273\\\/?ref=hl\",\"https:\\\/\\\/x.com\\\/LaGuiadPamplona\",\"https:\\\/\\\/www.instagram.com\\\/la_guia_de_pamplona\\\/\",\"https:\\\/\\\/www.youtube.com\\\/user\\\/laguiadepamplona\"]},{\"@type\":\"Person\",\"@id\":\"https:\\\/\\\/www.laguiadepamplona.com\\\/actualidad\\\/#\\\/schema\\\/person\\\/efe887376f0213d4657c93adc50b1fdb\",\"name\":\"La Gu\u00eda de Pamplona\",\"image\":{\"@type\":\"ImageObject\",\"inLanguage\":\"es\",\"@id\":\"https:\\\/\\\/secure.gravatar.com\\\/avatar\\\/b6992f131dc8d30ab0dff15446e9d346d9dbd95992de0fef795073f5ea83a81c?s=96&d=mm&r=g\",\"url\":\"https:\\\/\\\/secure.gravatar.com\\\/avatar\\\/b6992f131dc8d30ab0dff15446e9d346d9dbd95992de0fef795073f5ea83a81c?s=96&d=mm&r=g\",\"contentUrl\":\"https:\\\/\\\/secure.gravatar.com\\\/avatar\\\/b6992f131dc8d30ab0dff15446e9d346d9dbd95992de0fef795073f5ea83a81c?s=96&d=mm&r=g\",\"caption\":\"La Gu\u00eda de Pamplona\"}}]}<\/script>\n<!-- \/ Yoast SEO plugin. -->","yoast_head_json":{"title":"El Ayuntamiento de Pamplona invertir\u00e1 60.500 euros en vallar los jardines de la ciudad y en perimetrar espacios del entorno festivo durante los pr\u00f3ximos Sanfermines","description":"Por primera vez, se ha licitado y adjudicado en un contrato el alquiler, transporte, colocaci\u00f3n, reposici\u00f3n y retirada de m\u00e1s de 2.200 vallas","robots":{"index":"index","follow":"follow","max-snippet":"max-snippet:-1","max-image-preview":"max-image-preview:large","max-video-preview":"max-video-preview:-1"},"canonical":"https:\/\/www.laguiadepamplona.com\/actualidad\/el-ayuntamiento-de-pamplona-invertira-60-500-euros-en-vallar-los-jardines-de-la-ciudad-y-en-perimetrar-espacios-del-entorno-festivo-durante-los-proximos-sanfermines\/","og_locale":"es_ES","og_type":"article","og_title":"El Ayuntamiento de Pamplona invertir\u00e1 60.500 euros en vallar los jardines de la ciudad y en perimetrar espacios del entorno festivo durante los pr\u00f3ximos Sanfermines","og_description":"Por primera vez, se ha licitado y adjudicado en un contrato el alquiler, transporte, colocaci\u00f3n, reposici\u00f3n y retirada de m\u00e1s de 2.200 vallas","og_url":"https:\/\/www.laguiadepamplona.com\/actualidad\/el-ayuntamiento-de-pamplona-invertira-60-500-euros-en-vallar-los-jardines-de-la-ciudad-y-en-perimetrar-espacios-del-entorno-festivo-durante-los-proximos-sanfermines\/","og_site_name":"La Gu\u00eda de Pamplona","article_publisher":"https:\/\/www.facebook.com\/laguiadepamplonacom-133175176762273\/?ref=hl","article_published_time":"2025-06-17T11:25:06+00:00","og_image":[{"width":1000,"height":599,"url":"https:\/\/www.laguiadepamplona.com\/actualidad\/wp-content\/uploads\/2025\/06\/vallas-zonas-verdes-SF_web.webp","type":"image\/webp"}],"author":"La Gu\u00eda de Pamplona","twitter_card":"summary_large_image","twitter_creator":"@LaGuiadPamplona","twitter_site":"@LaGuiadPamplona","twitter_misc":{"Escrito por":"La Gu\u00eda de Pamplona","Tiempo de lectura":"2 minutos"},"schema":{"@context":"https:\/\/schema.org","@graph":[{"@type":"Article","@id":"https:\/\/www.laguiadepamplona.com\/actualidad\/el-ayuntamiento-de-pamplona-invertira-60-500-euros-en-vallar-los-jardines-de-la-ciudad-y-en-perimetrar-espacios-del-entorno-festivo-durante-los-proximos-sanfermines\/#article","isPartOf":{"@id":"https:\/\/www.laguiadepamplona.com\/actualidad\/el-ayuntamiento-de-pamplona-invertira-60-500-euros-en-vallar-los-jardines-de-la-ciudad-y-en-perimetrar-espacios-del-entorno-festivo-durante-los-proximos-sanfermines\/"},"author":{"name":"La Gu\u00eda de Pamplona","@id":"https:\/\/www.laguiadepamplona.com\/actualidad\/#\/schema\/person\/efe887376f0213d4657c93adc50b1fdb"},"headline":"El Ayuntamiento de Pamplona invertir\u00e1 60.500 euros en vallar los jardines de la ciudad y en perimetrar espacios del entorno festivo durante los pr\u00f3ximos Sanfermines","datePublished":"2025-06-17T11:25:06+00:00","mainEntityOfPage":{"@id":"https:\/\/www.laguiadepamplona.com\/actualidad\/el-ayuntamiento-de-pamplona-invertira-60-500-euros-en-vallar-los-jardines-de-la-ciudad-y-en-perimetrar-espacios-del-entorno-festivo-durante-los-proximos-sanfermines\/"},"wordCount":355,"commentCount":0,"publisher":{"@id":"https:\/\/www.laguiadepamplona.com\/actualidad\/#organization"},"image":{"@id":"https:\/\/www.laguiadepamplona.com\/actualidad\/el-ayuntamiento-de-pamplona-invertira-60-500-euros-en-vallar-los-jardines-de-la-ciudad-y-en-perimetrar-espacios-del-entorno-festivo-durante-los-proximos-sanfermines\/#primaryimage"},"thumbnailUrl":"https:\/\/www.laguiadepamplona.com\/actualidad\/wp-content\/uploads\/2025\/06\/vallas-zonas-verdes-SF_web.webp","articleSection":["Ayto Pamplona"],"inLanguage":"es","potentialAction":[{"@type":"CommentAction","name":"Comment","target":["https:\/\/www.laguiadepamplona.com\/actualidad\/el-ayuntamiento-de-pamplona-invertira-60-500-euros-en-vallar-los-jardines-de-la-ciudad-y-en-perimetrar-espacios-del-entorno-festivo-durante-los-proximos-sanfermines\/#respond"]}]},{"@type":"WebPage","@id":"https:\/\/www.laguiadepamplona.com\/actualidad\/el-ayuntamiento-de-pamplona-invertira-60-500-euros-en-vallar-los-jardines-de-la-ciudad-y-en-perimetrar-espacios-del-entorno-festivo-durante-los-proximos-sanfermines\/","url":"https:\/\/www.laguiadepamplona.com\/actualidad\/el-ayuntamiento-de-pamplona-invertira-60-500-euros-en-vallar-los-jardines-de-la-ciudad-y-en-perimetrar-espacios-del-entorno-festivo-durante-los-proximos-sanfermines\/","name":"El Ayuntamiento de Pamplona invertir\u00e1 60.500 euros en vallar los jardines de la ciudad y en perimetrar espacios del entorno festivo durante los pr\u00f3ximos Sanfermines","isPartOf":{"@id":"https:\/\/www.laguiadepamplona.com\/actualidad\/#website"},"primaryImageOfPage":{"@id":"https:\/\/www.laguiadepamplona.com\/actualidad\/el-ayuntamiento-de-pamplona-invertira-60-500-euros-en-vallar-los-jardines-de-la-ciudad-y-en-perimetrar-espacios-del-entorno-festivo-durante-los-proximos-sanfermines\/#primaryimage"},"image":{"@id":"https:\/\/www.laguiadepamplona.com\/actualidad\/el-ayuntamiento-de-pamplona-invertira-60-500-euros-en-vallar-los-jardines-de-la-ciudad-y-en-perimetrar-espacios-del-entorno-festivo-durante-los-proximos-sanfermines\/#primaryimage"},"thumbnailUrl":"https:\/\/www.laguiadepamplona.com\/actualidad\/wp-content\/uploads\/2025\/06\/vallas-zonas-verdes-SF_web.webp","datePublished":"2025-06-17T11:25:06+00:00","description":"Por primera vez, se ha licitado y adjudicado en un contrato el alquiler, transporte, colocaci\u00f3n, reposici\u00f3n y retirada de m\u00e1s de 2.200 vallas","breadcrumb":{"@id":"https:\/\/www.laguiadepamplona.com\/actualidad\/el-ayuntamiento-de-pamplona-invertira-60-500-euros-en-vallar-los-jardines-de-la-ciudad-y-en-perimetrar-espacios-del-entorno-festivo-durante-los-proximos-sanfermines\/#breadcrumb"},"inLanguage":"es","potentialAction":[{"@type":"ReadAction","target":["https:\/\/www.laguiadepamplona.com\/actualidad\/el-ayuntamiento-de-pamplona-invertira-60-500-euros-en-vallar-los-jardines-de-la-ciudad-y-en-perimetrar-espacios-del-entorno-festivo-durante-los-proximos-sanfermines\/"]}]},{"@type":"ImageObject","inLanguage":"es","@id":"https:\/\/www.laguiadepamplona.com\/actualidad\/el-ayuntamiento-de-pamplona-invertira-60-500-euros-en-vallar-los-jardines-de-la-ciudad-y-en-perimetrar-espacios-del-entorno-festivo-durante-los-proximos-sanfermines\/#primaryimage","url":"https:\/\/www.laguiadepamplona.com\/actualidad\/wp-content\/uploads\/2025\/06\/vallas-zonas-verdes-SF_web.webp","contentUrl":"https:\/\/www.laguiadepamplona.com\/actualidad\/wp-content\/uploads\/2025\/06\/vallas-zonas-verdes-SF_web.webp","width":1000,"height":599,"caption":"vallas zonas verdes sanfermines"},{"@type":"BreadcrumbList","@id":"https:\/\/www.laguiadepamplona.com\/actualidad\/el-ayuntamiento-de-pamplona-invertira-60-500-euros-en-vallar-los-jardines-de-la-ciudad-y-en-perimetrar-espacios-del-entorno-festivo-durante-los-proximos-sanfermines\/#breadcrumb","itemListElement":[{"@type":"ListItem","position":1,"name":"Portada","item":"https:\/\/www.laguiadepamplona.com\/actualidad\/"},{"@type":"ListItem","position":2,"name":"El Ayuntamiento de Pamplona invertir\u00e1 60.500 euros en vallar los jardines de la ciudad y en perimetrar espacios del entorno festivo durante los pr\u00f3ximos Sanfermines"}]},{"@type":"WebSite","@id":"https:\/\/www.laguiadepamplona.com\/actualidad\/#website","url":"https:\/\/www.laguiadepamplona.com\/actualidad\/","name":"La gu\u00eda de Pamplona","description":"Noticias de Pamplona","publisher":{"@id":"https:\/\/www.laguiadepamplona.com\/actualidad\/#organization"},"potentialAction":[{"@type":"SearchAction","target":{"@type":"EntryPoint","urlTemplate":"https:\/\/www.laguiadepamplona.com\/actualidad\/?s={search_term_string}"},"query-input":{"@type":"PropertyValueSpecification","valueRequired":true,"valueName":"search_term_string"}}],"inLanguage":"es"},{"@type":"Organization","@id":"https:\/\/www.laguiadepamplona.com\/actualidad\/#organization","name":"La Gu\u00eda de Pamplona \/ Noticias","url":"https:\/\/www.laguiadepamplona.com\/actualidad\/","logo":{"@type":"ImageObject","inLanguage":"es","@id":"https:\/\/www.laguiadepamplona.com\/actualidad\/#\/schema\/logo\/image\/","url":"https:\/\/www.laguiadepamplona.com\/actualidad\/wp-content\/uploads\/2018\/11\/logo-laguiadepamplona18-web1.png","contentUrl":"https:\/\/www.laguiadepamplona.com\/actualidad\/wp-content\/uploads\/2018\/11\/logo-laguiadepamplona18-web1.png","width":600,"height":196,"caption":"La Gu\u00eda de Pamplona \/ Noticias"},"image":{"@id":"https:\/\/www.laguiadepamplona.com\/actualidad\/#\/schema\/logo\/image\/"},"sameAs":["https:\/\/www.facebook.com\/laguiadepamplonacom-133175176762273\/?ref=hl","https:\/\/x.com\/LaGuiadPamplona","https:\/\/www.instagram.com\/la_guia_de_pamplona\/","https:\/\/www.youtube.com\/user\/laguiadepamplona"]},{"@type":"Person","@id":"https:\/\/www.laguiadepamplona.com\/actualidad\/#\/schema\/person\/efe887376f0213d4657c93adc50b1fdb","name":"La Gu\u00eda de Pamplona","image":{"@type":"ImageObject","inLanguage":"es","@id":"https:\/\/secure.gravatar.com\/avatar\/b6992f131dc8d30ab0dff15446e9d346d9dbd95992de0fef795073f5ea83a81c?s=96&d=mm&r=g","url":"https:\/\/secure.gravatar.com\/avatar\/b6992f131dc8d30ab0dff15446e9d346d9dbd95992de0fef795073f5ea83a81c?s=96&d=mm&r=g","contentUrl":"https:\/\/secure.gravatar.com\/avatar\/b6992f131dc8d30ab0dff15446e9d346d9dbd95992de0fef795073f5ea83a81c?s=96&d=mm&r=g","caption":"La Gu\u00eda de Pamplona"}}]}},"post_mailing_queue_ids":[],"_links":{"self":[{"href":"https:\/\/www.laguiadepamplona.com\/actualidad\/wp-json\/wp\/v2\/posts\/53174","targetHints":{"allow":["GET"]}}],"collection":[{"href":"https:\/\/www.laguiadepamplona.com\/actualidad\/wp-json\/wp\/v2\/posts"}],"about":[{"href":"https:\/\/www.laguiadepamplona.com\/actualidad\/wp-json\/wp\/v2\/types\/post"}],"author":[{"embeddable":true,"href":"https:\/\/www.laguiadepamplona.com\/actualidad\/wp-json\/wp\/v2\/users\/1"}],"replies":[{"embeddable":true,"href":"https:\/\/www.laguiadepamplona.com\/actualidad\/wp-json\/wp\/v2\/comments?post=53174"}],"version-history":[{"count":1,"href":"https:\/\/www.laguiadepamplona.com\/actualidad\/wp-json\/wp\/v2\/posts\/53174\/revisions"}],"predecessor-version":[{"id":53176,"href":"https:\/\/www.laguiadepamplona.com\/actualidad\/wp-json\/wp\/v2\/posts\/53174\/revisions\/53176"}],"wp:featuredmedia":[{"embeddable":true,"href":"https:\/\/www.laguiadepamplona.com\/actualidad\/wp-json\/wp\/v2\/media\/53175"}],"wp:attachment":[{"href":"https:\/\/www.laguiadepamplona.com\/actualidad\/wp-json\/wp\/v2\/media?parent=53174"}],"wp:term":[{"taxonomy":"category","embeddable":true,"href":"https:\/\/www.laguiadepamplona.com\/actualidad\/wp-json\/wp\/v2\/categories?post=53174"},{"taxonomy":"post_tag","embeddable":true,"href":"https:\/\/www.laguiadepamplona.com\/actualidad\/wp-json\/wp\/v2\/tags?post=53174"}],"curies":[{"name":"wp","href":"https:\/\/api.w.org\/{rel}","templated":true}]}}