{"id":53109,"date":"2025-06-11T12:43:07","date_gmt":"2025-06-11T10:43:07","guid":{"rendered":"https:\/\/www.laguiadepamplona.com\/actualidad\/?p=53109"},"modified":"2025-06-11T12:43:07","modified_gmt":"2025-06-11T10:43:07","slug":"tras-los-sanfermines-comenzaran-las-obras-para-el-carril-bici-y-la-mejora-peatonal-en-la-calle-irunlarrea-zona-hospitalaria-por-un-importe-de-alrededor-de-550-000-euros","status":"publish","type":"post","link":"https:\/\/www.laguiadepamplona.com\/actualidad\/tras-los-sanfermines-comenzaran-las-obras-para-el-carril-bici-y-la-mejora-peatonal-en-la-calle-irunlarrea-zona-hospitalaria-por-un-importe-de-alrededor-de-550-000-euros\/","title":{"rendered":"Tras los Sanfermines comenzar\u00e1n las obras para el carril bici y la mejora peatonal en la calle Irunlarrea \u2013 zona hospitalaria, por un importe de alrededor de 550.000 euros"},"content":{"rendered":"<h2>Este junio se reorganizar\u00e1 del tr\u00e1fico de la zona, limitando el tr\u00e1nsito de veh\u00edculos privados entre P\u00edo XII y avenida de Bara\u00f1\u00e1in, salvo para aparcar<\/h2>\n<p><!--more--><\/p>\n<p>La Junta de Gobierno Local ha aprobado el \u2018Proyecto de carril bici y mejora de la movilidad peatonal en la calle Irunlarrea &#8211; Complejo Hospitalario de Navarra\u2019, en la idea de conectar el carril bici existente en la Avenida de Pio XII con el carril bici de la Avenida de Bara\u00f1\u00e1in, en un nuevo tramo de alrededor de 600 metros lineales. Las obras comenzar\u00e1n la segunda quincena de julio y lo previsto es que est\u00e9n acabadas antes de fin de a\u00f1o. El importe inicial de esta contrataci\u00f3n, realizada dentro del acuerdo marco, es de 549.984 euros. Su objetivo es mejorar las condiciones de caminabilidad, dotar de infraestructura ciclista la calle y el calmado de tr\u00e1fico con tres nuevos pasos de peatones elevados. El proyecto ser\u00e1 tratado de nuevo en Junta de Movilidad para, en su caso, a\u00f1adir las mejoras que pudieran aportar los grupos.<\/p>\n<p>La calle Irunlarrea, en el entorno de la zona hospitalaria, sufrir\u00e1 este mes de junio una reorganizaci\u00f3n del tr\u00e1fico, que limitar\u00e1 el acceso de veh\u00edculos a esta zona. Tan solo podr\u00e1n atravesarla veh\u00edculos de emergencia y de transporte p\u00fablico, de forma que los particulares no podr\u00e1n usar esta v\u00eda como conexi\u00f3n entre la avenida P\u00edo XII y la avenida de Bara\u00f1\u00e1in, salvo que sea para estacionar. Se mantiene, eso s\u00ed, el acceso al Hospital Universitario de Navarra, a sus zonas de aparcamiento tanto en superficie como subterr\u00e1neo. En todo ese espacio ser\u00e1 vigilado mediante c\u00e1maras de lectura de matr\u00edcula, que controlar\u00e1n los accesos en ambas direcciones.<\/p>\n<p>De esta forma se garantiza que los veh\u00edculos puedan acceder a la zona de urgencias y dem\u00e1s \u00e1reas sanitarias, como al aparcamiento subterr\u00e1neo junto al antiguo edificio de Virgen del Camino, pero no atravesar la v\u00eda de uno a otro extremo. La rotonda junto a la calle Boticario Vi\u00f1aburu ser\u00e1 la encargada de regular los accesos a las zonas habilitadas y facilitar la salida del Hospital Universitario de Navarra. Los veh\u00edculos que circulen por la avenida de Bara\u00f1\u00e1in, tendr\u00e1n el actual acceso a la zona de aparcamientos de Consultas Externas de Pr\u00edncipe de Viana, pero no podr\u00e1n continuar la marcha hasta la avenida de P\u00edo XII.<\/p>\n<p><strong>Inicio del procedimiento, calificaci\u00f3n de viales<\/strong><\/p>\n<p>El proyecto de intervenci\u00f3n busca mejorar la movilidad del \u00e1mbito hospitalario, ampliando las aceras existentes y construyendo tres pasos peatonales elevados. Adem\u00e1s, se actuar\u00e1 sobre el transporte urbano comarcal con la implantaci\u00f3n de paradas avanzadas para los autobuses, se buscar\u00e1 el calmado del tr\u00e1fico con la reducci\u00f3n de la anchura de los carriles de circulaci\u00f3n y se apostar\u00e1 por la mejora y la seguridad en la movilidad ciclista con la ejecuci\u00f3n de un carril bici segregado a lo largo de todo el tramo incluido en el \u00e1mbito del proyecto.<\/p>\n<p>El espacio de la actuaci\u00f3n es la calle Irunlarrea entre la intersecci\u00f3n con avenida de Bara\u00f1\u00e1in y el cruce con la avenida de P\u00edo XII, la intervenci\u00f3n conectar\u00e1 con las v\u00edas ciclistas de estas dos \u00faltimas avenidas. El presupuesto previsto para el conjunto de los trabajos es de 549.984 euros. La intervenci\u00f3n se enmarca en el objetivo de lograr un modelo de desarrollo sostenible, fomentando una movilidad basada en la sostenibilidad del sistema, la accesibilidad, seguridad y eficiencia, mejorar la calidad de vida, el dinamismo econ\u00f3mico, y la integraci\u00f3n de lodos los colectivos y personas. La base: promocionar y priorizar los transportes no motorizados (caminar y bicicleta) y el transporte p\u00fablico.<\/p>\n<p>Como primera actuaci\u00f3n para la ejecuci\u00f3n del proyecto, el Ayuntamiento ha aprobado la relaci\u00f3n de bienes y derechos afectados por las obras futuras, terrenos cuya ocupaci\u00f3n se considera estrictamente necesaria y cuya titularidad es de Gobierno de Navarra (Hospital de Navarra). As\u00ed, Pamplona solicita que se realicen los tr\u00e1mites necesarios para que, sin que el Gobierno pierda su titularidad, se desafecten del servicio p\u00fablico dotacional hospitalario alrededor de 800 m2 de terrenos para que puedan ser afectados al servicio p\u00fablico \u201cviario p\u00fablico\u201d de competencia municipal.<\/p>\n<p><strong>Nuevo carril bici y aceras ampliadas<\/strong><\/p>\n<p>Actualmente existen dos carriles bici bidireccionales en el entorno de la zona de actuaci\u00f3n: en el nortoeste, en la avenida de Bara\u00f1\u00e1in y por el sureste, en la avenida de Pio XII. El proyecto pretende la uni\u00f3n de ambas v\u00edas, una conexi\u00f3n que permitir\u00e1 una mejora de la movilidad ciclista entre el centro de Pamplona y del complejo del Hospital Universitario de Navarra.<\/p>\n<p>En la conexi\u00f3n de la calle Irunlarrea con la avenida de Pio XII el nuevo carril bici bidireccional, de 2.75 m de anchura, discurre por la calzada izquierda en direcci\u00f3n a la Avenida de Bara\u00f1\u00e1in hasta el futuro paso de peatones elevado que est\u00e1 previsto en las proximidades del acceso a la CUN, antes de la rotonda con Boticario Vi\u00f1aburu. A partir de este punto, el carril bici se traslada a la acera, pasa por detr\u00e1s de la nueva parada avanzada de autob\u00fas y discurre por el per\u00edmetro de la acera y el vial hasta el paso peatonal de la plaza Protomedicato. Su ubicaci\u00f3n implica la ocupaci\u00f3n de algunos tramos de zonas ajardinadas que se convierten en nuevos tramos de acera. A partir del paso peatonal, el carril bici discurre de forma continua por la calzada de la calle Irunlarrea (salvo el paso tras la parda avanzada del TUC) hasta la conexi\u00f3n con el carril bici de la avenida de Bara\u00f1\u00e1in. La conexi\u00f3n se realiza por el paso de peatones existente en la margen izquierda.<\/p>\n<p>La implantaci\u00f3n del carril bici no implica la eliminaci\u00f3n de ning\u00fan carril de circulaci\u00f3n en el tramo afectado. Dado que la calle Irunlarrea presenta isletas pintadas y anchuras de carriles excesivo, se puede ubicar el carril bici manteniendo una anchura de al menos 3 m en los carriles de circulaci\u00f3n.<\/p>\n<p>Adem\u00e1s, se realizar\u00e1n dos pasos peatonales elevados, en la entrada de la CUN y la plaza Protomedicato y se ampliar\u00e1n aceras de 1.45 m a una de 3.75 m en el tramo entre Pio XII y la CUN (en el lado Banco de Sangre).<\/p>\n","protected":false},"excerpt":{"rendered":"<p>Este junio se reorganizar\u00e1 del tr\u00e1fico de la zona, limitando el tr\u00e1nsito de veh\u00edculos privados entre P\u00edo XII y avenida de Bara\u00f1\u00e1in, salvo para aparcar<\/p>\n","protected":false},"author":1,"featured_media":53110,"comment_status":"open","ping_status":"closed","sticky":false,"template":"","format":"standard","meta":{"footnotes":""},"categories":[2],"tags":[],"class_list":["post-53109","post","type-post","status-publish","format-standard","has-post-thumbnail","hentry","category-ayuntamiento-pamplona"],"yoast_head":"<!-- This site is optimized with the Yoast SEO plugin v27.3 - https:\/\/yoast.com\/product\/yoast-seo-wordpress\/ -->\n<title>Tras los Sanfermines comenzar\u00e1n las obras para el carril bici y la mejora peatonal en la calle Irunlarrea \u2013 zona hospitalaria, por un importe de alrededor de 550.000 euros<\/title>\n<meta name=\"description\" content=\"Este junio se reorganizar\u00e1 del tr\u00e1fico de la zona, limitando el tr\u00e1nsito de veh\u00edculos privados entre P\u00edo XII y avenida de Bara\u00f1\u00e1in, salvo para aparcar\" \/>\n<meta name=\"robots\" content=\"index, follow, max-snippet:-1, max-image-preview:large, max-video-preview:-1\" \/>\n<link rel=\"canonical\" href=\"https:\/\/www.laguiadepamplona.com\/actualidad\/tras-los-sanfermines-comenzaran-las-obras-para-el-carril-bici-y-la-mejora-peatonal-en-la-calle-irunlarrea-zona-hospitalaria-por-un-importe-de-alrededor-de-550-000-euros\/\" \/>\n<meta property=\"og:locale\" content=\"es_ES\" \/>\n<meta property=\"og:type\" content=\"article\" \/>\n<meta property=\"og:title\" content=\"Tras los Sanfermines comenzar\u00e1n las obras para el carril bici y la mejora peatonal en la calle Irunlarrea \u2013 zona hospitalaria, por un importe de alrededor de 550.000 euros\" \/>\n<meta property=\"og:description\" content=\"Este junio se reorganizar\u00e1 del tr\u00e1fico de la zona, limitando el tr\u00e1nsito de veh\u00edculos privados entre P\u00edo XII y avenida de Bara\u00f1\u00e1in, salvo para aparcar\" \/>\n<meta property=\"og:url\" content=\"https:\/\/www.laguiadepamplona.com\/actualidad\/tras-los-sanfermines-comenzaran-las-obras-para-el-carril-bici-y-la-mejora-peatonal-en-la-calle-irunlarrea-zona-hospitalaria-por-un-importe-de-alrededor-de-550-000-euros\/\" \/>\n<meta property=\"og:site_name\" content=\"La Gu\u00eda de Pamplona\" \/>\n<meta property=\"article:publisher\" content=\"https:\/\/www.facebook.com\/laguiadepamplonacom-133175176762273\/?ref=hl\" \/>\n<meta property=\"article:published_time\" content=\"2025-06-11T10:43:07+00:00\" \/>\n<meta property=\"og:image\" content=\"https:\/\/www.laguiadepamplona.com\/actualidad\/wp-content\/uploads\/2025\/06\/carril-bici-hospitales_web.webp\" \/>\n\t<meta property=\"og:image:width\" content=\"1000\" \/>\n\t<meta property=\"og:image:height\" content=\"561\" \/>\n\t<meta property=\"og:image:type\" content=\"image\/webp\" \/>\n<meta name=\"author\" content=\"La Gu\u00eda de Pamplona\" \/>\n<meta name=\"twitter:card\" content=\"summary_large_image\" \/>\n<meta name=\"twitter:creator\" content=\"@LaGuiadPamplona\" \/>\n<meta name=\"twitter:site\" content=\"@LaGuiadPamplona\" \/>\n<meta name=\"twitter:label1\" content=\"Escrito por\" \/>\n\t<meta name=\"twitter:data1\" content=\"La Gu\u00eda de Pamplona\" \/>\n\t<meta name=\"twitter:label2\" content=\"Tiempo de lectura\" \/>\n\t<meta name=\"twitter:data2\" content=\"5 minutos\" \/>\n<script type=\"application\/ld+json\" class=\"yoast-schema-graph\">{\"@context\":\"https:\\\/\\\/schema.org\",\"@graph\":[{\"@type\":\"Article\",\"@id\":\"https:\\\/\\\/www.laguiadepamplona.com\\\/actualidad\\\/tras-los-sanfermines-comenzaran-las-obras-para-el-carril-bici-y-la-mejora-peatonal-en-la-calle-irunlarrea-zona-hospitalaria-por-un-importe-de-alrededor-de-550-000-euros\\\/#article\",\"isPartOf\":{\"@id\":\"https:\\\/\\\/www.laguiadepamplona.com\\\/actualidad\\\/tras-los-sanfermines-comenzaran-las-obras-para-el-carril-bici-y-la-mejora-peatonal-en-la-calle-irunlarrea-zona-hospitalaria-por-un-importe-de-alrededor-de-550-000-euros\\\/\"},\"author\":{\"name\":\"La Gu\u00eda de Pamplona\",\"@id\":\"https:\\\/\\\/www.laguiadepamplona.com\\\/actualidad\\\/#\\\/schema\\\/person\\\/efe887376f0213d4657c93adc50b1fdb\"},\"headline\":\"Tras los Sanfermines comenzar\u00e1n las obras para el carril bici y la mejora peatonal en la calle Irunlarrea \u2013 zona hospitalaria, por un importe de alrededor de 550.000 euros\",\"datePublished\":\"2025-06-11T10:43:07+00:00\",\"mainEntityOfPage\":{\"@id\":\"https:\\\/\\\/www.laguiadepamplona.com\\\/actualidad\\\/tras-los-sanfermines-comenzaran-las-obras-para-el-carril-bici-y-la-mejora-peatonal-en-la-calle-irunlarrea-zona-hospitalaria-por-un-importe-de-alrededor-de-550-000-euros\\\/\"},\"wordCount\":1119,\"commentCount\":0,\"publisher\":{\"@id\":\"https:\\\/\\\/www.laguiadepamplona.com\\\/actualidad\\\/#organization\"},\"image\":{\"@id\":\"https:\\\/\\\/www.laguiadepamplona.com\\\/actualidad\\\/tras-los-sanfermines-comenzaran-las-obras-para-el-carril-bici-y-la-mejora-peatonal-en-la-calle-irunlarrea-zona-hospitalaria-por-un-importe-de-alrededor-de-550-000-euros\\\/#primaryimage\"},\"thumbnailUrl\":\"https:\\\/\\\/www.laguiadepamplona.com\\\/actualidad\\\/wp-content\\\/uploads\\\/2025\\\/06\\\/carril-bici-hospitales_web.webp\",\"articleSection\":[\"Ayto Pamplona\"],\"inLanguage\":\"es\",\"potentialAction\":[{\"@type\":\"CommentAction\",\"name\":\"Comment\",\"target\":[\"https:\\\/\\\/www.laguiadepamplona.com\\\/actualidad\\\/tras-los-sanfermines-comenzaran-las-obras-para-el-carril-bici-y-la-mejora-peatonal-en-la-calle-irunlarrea-zona-hospitalaria-por-un-importe-de-alrededor-de-550-000-euros\\\/#respond\"]}]},{\"@type\":\"WebPage\",\"@id\":\"https:\\\/\\\/www.laguiadepamplona.com\\\/actualidad\\\/tras-los-sanfermines-comenzaran-las-obras-para-el-carril-bici-y-la-mejora-peatonal-en-la-calle-irunlarrea-zona-hospitalaria-por-un-importe-de-alrededor-de-550-000-euros\\\/\",\"url\":\"https:\\\/\\\/www.laguiadepamplona.com\\\/actualidad\\\/tras-los-sanfermines-comenzaran-las-obras-para-el-carril-bici-y-la-mejora-peatonal-en-la-calle-irunlarrea-zona-hospitalaria-por-un-importe-de-alrededor-de-550-000-euros\\\/\",\"name\":\"Tras los Sanfermines comenzar\u00e1n las obras para el carril bici y la mejora peatonal en la calle Irunlarrea \u2013 zona hospitalaria, por un importe de alrededor de 550.000 euros\",\"isPartOf\":{\"@id\":\"https:\\\/\\\/www.laguiadepamplona.com\\\/actualidad\\\/#website\"},\"primaryImageOfPage\":{\"@id\":\"https:\\\/\\\/www.laguiadepamplona.com\\\/actualidad\\\/tras-los-sanfermines-comenzaran-las-obras-para-el-carril-bici-y-la-mejora-peatonal-en-la-calle-irunlarrea-zona-hospitalaria-por-un-importe-de-alrededor-de-550-000-euros\\\/#primaryimage\"},\"image\":{\"@id\":\"https:\\\/\\\/www.laguiadepamplona.com\\\/actualidad\\\/tras-los-sanfermines-comenzaran-las-obras-para-el-carril-bici-y-la-mejora-peatonal-en-la-calle-irunlarrea-zona-hospitalaria-por-un-importe-de-alrededor-de-550-000-euros\\\/#primaryimage\"},\"thumbnailUrl\":\"https:\\\/\\\/www.laguiadepamplona.com\\\/actualidad\\\/wp-content\\\/uploads\\\/2025\\\/06\\\/carril-bici-hospitales_web.webp\",\"datePublished\":\"2025-06-11T10:43:07+00:00\",\"description\":\"Este junio se reorganizar\u00e1 del tr\u00e1fico de la zona, limitando el tr\u00e1nsito de veh\u00edculos privados entre P\u00edo XII y avenida de Bara\u00f1\u00e1in, salvo para aparcar\",\"breadcrumb\":{\"@id\":\"https:\\\/\\\/www.laguiadepamplona.com\\\/actualidad\\\/tras-los-sanfermines-comenzaran-las-obras-para-el-carril-bici-y-la-mejora-peatonal-en-la-calle-irunlarrea-zona-hospitalaria-por-un-importe-de-alrededor-de-550-000-euros\\\/#breadcrumb\"},\"inLanguage\":\"es\",\"potentialAction\":[{\"@type\":\"ReadAction\",\"target\":[\"https:\\\/\\\/www.laguiadepamplona.com\\\/actualidad\\\/tras-los-sanfermines-comenzaran-las-obras-para-el-carril-bici-y-la-mejora-peatonal-en-la-calle-irunlarrea-zona-hospitalaria-por-un-importe-de-alrededor-de-550-000-euros\\\/\"]}]},{\"@type\":\"ImageObject\",\"inLanguage\":\"es\",\"@id\":\"https:\\\/\\\/www.laguiadepamplona.com\\\/actualidad\\\/tras-los-sanfermines-comenzaran-las-obras-para-el-carril-bici-y-la-mejora-peatonal-en-la-calle-irunlarrea-zona-hospitalaria-por-un-importe-de-alrededor-de-550-000-euros\\\/#primaryimage\",\"url\":\"https:\\\/\\\/www.laguiadepamplona.com\\\/actualidad\\\/wp-content\\\/uploads\\\/2025\\\/06\\\/carril-bici-hospitales_web.webp\",\"contentUrl\":\"https:\\\/\\\/www.laguiadepamplona.com\\\/actualidad\\\/wp-content\\\/uploads\\\/2025\\\/06\\\/carril-bici-hospitales_web.webp\",\"width\":1000,\"height\":561,\"caption\":\"carril bici hospitales\"},{\"@type\":\"BreadcrumbList\",\"@id\":\"https:\\\/\\\/www.laguiadepamplona.com\\\/actualidad\\\/tras-los-sanfermines-comenzaran-las-obras-para-el-carril-bici-y-la-mejora-peatonal-en-la-calle-irunlarrea-zona-hospitalaria-por-un-importe-de-alrededor-de-550-000-euros\\\/#breadcrumb\",\"itemListElement\":[{\"@type\":\"ListItem\",\"position\":1,\"name\":\"Portada\",\"item\":\"https:\\\/\\\/www.laguiadepamplona.com\\\/actualidad\\\/\"},{\"@type\":\"ListItem\",\"position\":2,\"name\":\"Tras los Sanfermines comenzar\u00e1n las obras para el carril bici y la mejora peatonal en la calle Irunlarrea \u2013 zona hospitalaria, por un importe de alrededor de 550.000 euros\"}]},{\"@type\":\"WebSite\",\"@id\":\"https:\\\/\\\/www.laguiadepamplona.com\\\/actualidad\\\/#website\",\"url\":\"https:\\\/\\\/www.laguiadepamplona.com\\\/actualidad\\\/\",\"name\":\"La gu\u00eda de Pamplona\",\"description\":\"Noticias de Pamplona\",\"publisher\":{\"@id\":\"https:\\\/\\\/www.laguiadepamplona.com\\\/actualidad\\\/#organization\"},\"potentialAction\":[{\"@type\":\"SearchAction\",\"target\":{\"@type\":\"EntryPoint\",\"urlTemplate\":\"https:\\\/\\\/www.laguiadepamplona.com\\\/actualidad\\\/?s={search_term_string}\"},\"query-input\":{\"@type\":\"PropertyValueSpecification\",\"valueRequired\":true,\"valueName\":\"search_term_string\"}}],\"inLanguage\":\"es\"},{\"@type\":\"Organization\",\"@id\":\"https:\\\/\\\/www.laguiadepamplona.com\\\/actualidad\\\/#organization\",\"name\":\"La Gu\u00eda de Pamplona \\\/ Noticias\",\"url\":\"https:\\\/\\\/www.laguiadepamplona.com\\\/actualidad\\\/\",\"logo\":{\"@type\":\"ImageObject\",\"inLanguage\":\"es\",\"@id\":\"https:\\\/\\\/www.laguiadepamplona.com\\\/actualidad\\\/#\\\/schema\\\/logo\\\/image\\\/\",\"url\":\"https:\\\/\\\/www.laguiadepamplona.com\\\/actualidad\\\/wp-content\\\/uploads\\\/2018\\\/11\\\/logo-laguiadepamplona18-web1.png\",\"contentUrl\":\"https:\\\/\\\/www.laguiadepamplona.com\\\/actualidad\\\/wp-content\\\/uploads\\\/2018\\\/11\\\/logo-laguiadepamplona18-web1.png\",\"width\":600,\"height\":196,\"caption\":\"La Gu\u00eda de Pamplona \\\/ Noticias\"},\"image\":{\"@id\":\"https:\\\/\\\/www.laguiadepamplona.com\\\/actualidad\\\/#\\\/schema\\\/logo\\\/image\\\/\"},\"sameAs\":[\"https:\\\/\\\/www.facebook.com\\\/laguiadepamplonacom-133175176762273\\\/?ref=hl\",\"https:\\\/\\\/x.com\\\/LaGuiadPamplona\",\"https:\\\/\\\/www.instagram.com\\\/la_guia_de_pamplona\\\/\",\"https:\\\/\\\/www.youtube.com\\\/user\\\/laguiadepamplona\"]},{\"@type\":\"Person\",\"@id\":\"https:\\\/\\\/www.laguiadepamplona.com\\\/actualidad\\\/#\\\/schema\\\/person\\\/efe887376f0213d4657c93adc50b1fdb\",\"name\":\"La Gu\u00eda de Pamplona\",\"image\":{\"@type\":\"ImageObject\",\"inLanguage\":\"es\",\"@id\":\"https:\\\/\\\/secure.gravatar.com\\\/avatar\\\/b6992f131dc8d30ab0dff15446e9d346d9dbd95992de0fef795073f5ea83a81c?s=96&d=mm&r=g\",\"url\":\"https:\\\/\\\/secure.gravatar.com\\\/avatar\\\/b6992f131dc8d30ab0dff15446e9d346d9dbd95992de0fef795073f5ea83a81c?s=96&d=mm&r=g\",\"contentUrl\":\"https:\\\/\\\/secure.gravatar.com\\\/avatar\\\/b6992f131dc8d30ab0dff15446e9d346d9dbd95992de0fef795073f5ea83a81c?s=96&d=mm&r=g\",\"caption\":\"La Gu\u00eda de Pamplona\"}}]}<\/script>\n<!-- \/ Yoast SEO plugin. -->","yoast_head_json":{"title":"Tras los Sanfermines comenzar\u00e1n las obras para el carril bici y la mejora peatonal en la calle Irunlarrea \u2013 zona hospitalaria, por un importe de alrededor de 550.000 euros","description":"Este junio se reorganizar\u00e1 del tr\u00e1fico de la zona, limitando el tr\u00e1nsito de veh\u00edculos privados entre P\u00edo XII y avenida de Bara\u00f1\u00e1in, salvo para aparcar","robots":{"index":"index","follow":"follow","max-snippet":"max-snippet:-1","max-image-preview":"max-image-preview:large","max-video-preview":"max-video-preview:-1"},"canonical":"https:\/\/www.laguiadepamplona.com\/actualidad\/tras-los-sanfermines-comenzaran-las-obras-para-el-carril-bici-y-la-mejora-peatonal-en-la-calle-irunlarrea-zona-hospitalaria-por-un-importe-de-alrededor-de-550-000-euros\/","og_locale":"es_ES","og_type":"article","og_title":"Tras los Sanfermines comenzar\u00e1n las obras para el carril bici y la mejora peatonal en la calle Irunlarrea \u2013 zona hospitalaria, por un importe de alrededor de 550.000 euros","og_description":"Este junio se reorganizar\u00e1 del tr\u00e1fico de la zona, limitando el tr\u00e1nsito de veh\u00edculos privados entre P\u00edo XII y avenida de Bara\u00f1\u00e1in, salvo para aparcar","og_url":"https:\/\/www.laguiadepamplona.com\/actualidad\/tras-los-sanfermines-comenzaran-las-obras-para-el-carril-bici-y-la-mejora-peatonal-en-la-calle-irunlarrea-zona-hospitalaria-por-un-importe-de-alrededor-de-550-000-euros\/","og_site_name":"La Gu\u00eda de Pamplona","article_publisher":"https:\/\/www.facebook.com\/laguiadepamplonacom-133175176762273\/?ref=hl","article_published_time":"2025-06-11T10:43:07+00:00","og_image":[{"width":1000,"height":561,"url":"https:\/\/www.laguiadepamplona.com\/actualidad\/wp-content\/uploads\/2025\/06\/carril-bici-hospitales_web.webp","type":"image\/webp"}],"author":"La Gu\u00eda de Pamplona","twitter_card":"summary_large_image","twitter_creator":"@LaGuiadPamplona","twitter_site":"@LaGuiadPamplona","twitter_misc":{"Escrito por":"La Gu\u00eda de Pamplona","Tiempo de lectura":"5 minutos"},"schema":{"@context":"https:\/\/schema.org","@graph":[{"@type":"Article","@id":"https:\/\/www.laguiadepamplona.com\/actualidad\/tras-los-sanfermines-comenzaran-las-obras-para-el-carril-bici-y-la-mejora-peatonal-en-la-calle-irunlarrea-zona-hospitalaria-por-un-importe-de-alrededor-de-550-000-euros\/#article","isPartOf":{"@id":"https:\/\/www.laguiadepamplona.com\/actualidad\/tras-los-sanfermines-comenzaran-las-obras-para-el-carril-bici-y-la-mejora-peatonal-en-la-calle-irunlarrea-zona-hospitalaria-por-un-importe-de-alrededor-de-550-000-euros\/"},"author":{"name":"La Gu\u00eda de Pamplona","@id":"https:\/\/www.laguiadepamplona.com\/actualidad\/#\/schema\/person\/efe887376f0213d4657c93adc50b1fdb"},"headline":"Tras los Sanfermines comenzar\u00e1n las obras para el carril bici y la mejora peatonal en la calle Irunlarrea \u2013 zona hospitalaria, por un importe de alrededor de 550.000 euros","datePublished":"2025-06-11T10:43:07+00:00","mainEntityOfPage":{"@id":"https:\/\/www.laguiadepamplona.com\/actualidad\/tras-los-sanfermines-comenzaran-las-obras-para-el-carril-bici-y-la-mejora-peatonal-en-la-calle-irunlarrea-zona-hospitalaria-por-un-importe-de-alrededor-de-550-000-euros\/"},"wordCount":1119,"commentCount":0,"publisher":{"@id":"https:\/\/www.laguiadepamplona.com\/actualidad\/#organization"},"image":{"@id":"https:\/\/www.laguiadepamplona.com\/actualidad\/tras-los-sanfermines-comenzaran-las-obras-para-el-carril-bici-y-la-mejora-peatonal-en-la-calle-irunlarrea-zona-hospitalaria-por-un-importe-de-alrededor-de-550-000-euros\/#primaryimage"},"thumbnailUrl":"https:\/\/www.laguiadepamplona.com\/actualidad\/wp-content\/uploads\/2025\/06\/carril-bici-hospitales_web.webp","articleSection":["Ayto Pamplona"],"inLanguage":"es","potentialAction":[{"@type":"CommentAction","name":"Comment","target":["https:\/\/www.laguiadepamplona.com\/actualidad\/tras-los-sanfermines-comenzaran-las-obras-para-el-carril-bici-y-la-mejora-peatonal-en-la-calle-irunlarrea-zona-hospitalaria-por-un-importe-de-alrededor-de-550-000-euros\/#respond"]}]},{"@type":"WebPage","@id":"https:\/\/www.laguiadepamplona.com\/actualidad\/tras-los-sanfermines-comenzaran-las-obras-para-el-carril-bici-y-la-mejora-peatonal-en-la-calle-irunlarrea-zona-hospitalaria-por-un-importe-de-alrededor-de-550-000-euros\/","url":"https:\/\/www.laguiadepamplona.com\/actualidad\/tras-los-sanfermines-comenzaran-las-obras-para-el-carril-bici-y-la-mejora-peatonal-en-la-calle-irunlarrea-zona-hospitalaria-por-un-importe-de-alrededor-de-550-000-euros\/","name":"Tras los Sanfermines comenzar\u00e1n las obras para el carril bici y la mejora peatonal en la calle Irunlarrea \u2013 zona hospitalaria, por un importe de alrededor de 550.000 euros","isPartOf":{"@id":"https:\/\/www.laguiadepamplona.com\/actualidad\/#website"},"primaryImageOfPage":{"@id":"https:\/\/www.laguiadepamplona.com\/actualidad\/tras-los-sanfermines-comenzaran-las-obras-para-el-carril-bici-y-la-mejora-peatonal-en-la-calle-irunlarrea-zona-hospitalaria-por-un-importe-de-alrededor-de-550-000-euros\/#primaryimage"},"image":{"@id":"https:\/\/www.laguiadepamplona.com\/actualidad\/tras-los-sanfermines-comenzaran-las-obras-para-el-carril-bici-y-la-mejora-peatonal-en-la-calle-irunlarrea-zona-hospitalaria-por-un-importe-de-alrededor-de-550-000-euros\/#primaryimage"},"thumbnailUrl":"https:\/\/www.laguiadepamplona.com\/actualidad\/wp-content\/uploads\/2025\/06\/carril-bici-hospitales_web.webp","datePublished":"2025-06-11T10:43:07+00:00","description":"Este junio se reorganizar\u00e1 del tr\u00e1fico de la zona, limitando el tr\u00e1nsito de veh\u00edculos privados entre P\u00edo XII y avenida de Bara\u00f1\u00e1in, salvo para aparcar","breadcrumb":{"@id":"https:\/\/www.laguiadepamplona.com\/actualidad\/tras-los-sanfermines-comenzaran-las-obras-para-el-carril-bici-y-la-mejora-peatonal-en-la-calle-irunlarrea-zona-hospitalaria-por-un-importe-de-alrededor-de-550-000-euros\/#breadcrumb"},"inLanguage":"es","potentialAction":[{"@type":"ReadAction","target":["https:\/\/www.laguiadepamplona.com\/actualidad\/tras-los-sanfermines-comenzaran-las-obras-para-el-carril-bici-y-la-mejora-peatonal-en-la-calle-irunlarrea-zona-hospitalaria-por-un-importe-de-alrededor-de-550-000-euros\/"]}]},{"@type":"ImageObject","inLanguage":"es","@id":"https:\/\/www.laguiadepamplona.com\/actualidad\/tras-los-sanfermines-comenzaran-las-obras-para-el-carril-bici-y-la-mejora-peatonal-en-la-calle-irunlarrea-zona-hospitalaria-por-un-importe-de-alrededor-de-550-000-euros\/#primaryimage","url":"https:\/\/www.laguiadepamplona.com\/actualidad\/wp-content\/uploads\/2025\/06\/carril-bici-hospitales_web.webp","contentUrl":"https:\/\/www.laguiadepamplona.com\/actualidad\/wp-content\/uploads\/2025\/06\/carril-bici-hospitales_web.webp","width":1000,"height":561,"caption":"carril bici hospitales"},{"@type":"BreadcrumbList","@id":"https:\/\/www.laguiadepamplona.com\/actualidad\/tras-los-sanfermines-comenzaran-las-obras-para-el-carril-bici-y-la-mejora-peatonal-en-la-calle-irunlarrea-zona-hospitalaria-por-un-importe-de-alrededor-de-550-000-euros\/#breadcrumb","itemListElement":[{"@type":"ListItem","position":1,"name":"Portada","item":"https:\/\/www.laguiadepamplona.com\/actualidad\/"},{"@type":"ListItem","position":2,"name":"Tras los Sanfermines comenzar\u00e1n las obras para el carril bici y la mejora peatonal en la calle Irunlarrea \u2013 zona hospitalaria, por un importe de alrededor de 550.000 euros"}]},{"@type":"WebSite","@id":"https:\/\/www.laguiadepamplona.com\/actualidad\/#website","url":"https:\/\/www.laguiadepamplona.com\/actualidad\/","name":"La gu\u00eda de Pamplona","description":"Noticias de Pamplona","publisher":{"@id":"https:\/\/www.laguiadepamplona.com\/actualidad\/#organization"},"potentialAction":[{"@type":"SearchAction","target":{"@type":"EntryPoint","urlTemplate":"https:\/\/www.laguiadepamplona.com\/actualidad\/?s={search_term_string}"},"query-input":{"@type":"PropertyValueSpecification","valueRequired":true,"valueName":"search_term_string"}}],"inLanguage":"es"},{"@type":"Organization","@id":"https:\/\/www.laguiadepamplona.com\/actualidad\/#organization","name":"La Gu\u00eda de Pamplona \/ Noticias","url":"https:\/\/www.laguiadepamplona.com\/actualidad\/","logo":{"@type":"ImageObject","inLanguage":"es","@id":"https:\/\/www.laguiadepamplona.com\/actualidad\/#\/schema\/logo\/image\/","url":"https:\/\/www.laguiadepamplona.com\/actualidad\/wp-content\/uploads\/2018\/11\/logo-laguiadepamplona18-web1.png","contentUrl":"https:\/\/www.laguiadepamplona.com\/actualidad\/wp-content\/uploads\/2018\/11\/logo-laguiadepamplona18-web1.png","width":600,"height":196,"caption":"La Gu\u00eda de Pamplona \/ Noticias"},"image":{"@id":"https:\/\/www.laguiadepamplona.com\/actualidad\/#\/schema\/logo\/image\/"},"sameAs":["https:\/\/www.facebook.com\/laguiadepamplonacom-133175176762273\/?ref=hl","https:\/\/x.com\/LaGuiadPamplona","https:\/\/www.instagram.com\/la_guia_de_pamplona\/","https:\/\/www.youtube.com\/user\/laguiadepamplona"]},{"@type":"Person","@id":"https:\/\/www.laguiadepamplona.com\/actualidad\/#\/schema\/person\/efe887376f0213d4657c93adc50b1fdb","name":"La Gu\u00eda de Pamplona","image":{"@type":"ImageObject","inLanguage":"es","@id":"https:\/\/secure.gravatar.com\/avatar\/b6992f131dc8d30ab0dff15446e9d346d9dbd95992de0fef795073f5ea83a81c?s=96&d=mm&r=g","url":"https:\/\/secure.gravatar.com\/avatar\/b6992f131dc8d30ab0dff15446e9d346d9dbd95992de0fef795073f5ea83a81c?s=96&d=mm&r=g","contentUrl":"https:\/\/secure.gravatar.com\/avatar\/b6992f131dc8d30ab0dff15446e9d346d9dbd95992de0fef795073f5ea83a81c?s=96&d=mm&r=g","caption":"La Gu\u00eda de Pamplona"}}]}},"post_mailing_queue_ids":[],"_links":{"self":[{"href":"https:\/\/www.laguiadepamplona.com\/actualidad\/wp-json\/wp\/v2\/posts\/53109","targetHints":{"allow":["GET"]}}],"collection":[{"href":"https:\/\/www.laguiadepamplona.com\/actualidad\/wp-json\/wp\/v2\/posts"}],"about":[{"href":"https:\/\/www.laguiadepamplona.com\/actualidad\/wp-json\/wp\/v2\/types\/post"}],"author":[{"embeddable":true,"href":"https:\/\/www.laguiadepamplona.com\/actualidad\/wp-json\/wp\/v2\/users\/1"}],"replies":[{"embeddable":true,"href":"https:\/\/www.laguiadepamplona.com\/actualidad\/wp-json\/wp\/v2\/comments?post=53109"}],"version-history":[{"count":1,"href":"https:\/\/www.laguiadepamplona.com\/actualidad\/wp-json\/wp\/v2\/posts\/53109\/revisions"}],"predecessor-version":[{"id":53111,"href":"https:\/\/www.laguiadepamplona.com\/actualidad\/wp-json\/wp\/v2\/posts\/53109\/revisions\/53111"}],"wp:featuredmedia":[{"embeddable":true,"href":"https:\/\/www.laguiadepamplona.com\/actualidad\/wp-json\/wp\/v2\/media\/53110"}],"wp:attachment":[{"href":"https:\/\/www.laguiadepamplona.com\/actualidad\/wp-json\/wp\/v2\/media?parent=53109"}],"wp:term":[{"taxonomy":"category","embeddable":true,"href":"https:\/\/www.laguiadepamplona.com\/actualidad\/wp-json\/wp\/v2\/categories?post=53109"},{"taxonomy":"post_tag","embeddable":true,"href":"https:\/\/www.laguiadepamplona.com\/actualidad\/wp-json\/wp\/v2\/tags?post=53109"}],"curies":[{"name":"wp","href":"https:\/\/api.w.org\/{rel}","templated":true}]}}