{"id":53071,"date":"2025-05-26T15:26:27","date_gmt":"2025-05-26T13:26:27","guid":{"rendered":"https:\/\/www.laguiadepamplona.com\/actualidad\/?p=53071"},"modified":"2025-05-26T15:26:27","modified_gmt":"2025-05-26T13:26:27","slug":"el-alcalde-de-pamplona-y-tres-historiadores-mas-trasladaran-a-una-audiencia-estatal-desde-condestable-los-momentos-fundacionales-de-la-ciudad","status":"publish","type":"post","link":"https:\/\/www.laguiadepamplona.com\/actualidad\/el-alcalde-de-pamplona-y-tres-historiadores-mas-trasladaran-a-una-audiencia-estatal-desde-condestable-los-momentos-fundacionales-de-la-ciudad\/","title":{"rendered":"El alcalde de Pamplona y tres historiadores m\u00e1s trasladar\u00e1n a una audiencia estatal, desde Condestable, los momentos fundacionales de la ciudad"},"content":{"rendered":"<h2>El edificio acoger\u00e1 la grabaci\u00f3n del espacio de radio y el podcast SER Historia, como parte de los actos del programa municipal \u20182.100 a\u00f1os de convivencia\u2019<\/h2>\n<p><!--more--><\/p>\n<p>En el a\u00f1o 2025 se cumplen 2.100 a\u00f1os desde aquel a\u00f1o 75 a.n.e en que, seg\u00fan las fuentes, el c\u00f3nsul romano Cneo Pompeyo Magno fund\u00f3 la ciudad romana de Pompelo, a la que honrar\u00eda d\u00e1ndole su propio nombre. Dentro de los eventos de difusi\u00f3n de los momentos fundacionales de Pamplona, este mi\u00e9rcoles 28 de mayo, a las 18.30 horas, el Palacio del Condestable acoger\u00e1 la grabaci\u00f3n de un programa de radio especializado en historia, cuya emisi\u00f3n est\u00e1 prevista para el 15 de junio. El programa, de la SER, dirigido por Nacho Ares Regueras, ser\u00e1 tambi\u00e9n uno de los podcast grabados bajo la marca SER Historia. Las entradas a la sesi\u00f3n est\u00e1n ya agotadas.<\/p>\n<p>En la sesi\u00f3n participar\u00e1 el alcalde de Pamplona, Joseba Asiron Saez, licenciado en Historia del Arte por la Universidad de Zaragoza y Doctor por la Universidad de Navarra, con una tesis sobre las torres de linaje, casas fuerte y palacios de cabo de armer\u00eda en la Navarra medieval, es tambi\u00e9n divulgador de cuestiones hist\u00f3rica a trav\u00e9s de medios de comunicaci\u00f3n. Antes de llegar a la Alcald\u00eda Asiron desempe\u00f1aba su trabajo, desde 1991, como profesor de Historia del Arte en Bachillerato en la Ikastola San Ferm\u00edn.<\/p>\n<p>Esta sesi\u00f3n forma parte de las actividades de \u201c2.100 a\u00f1os de convivencia\u201d, un programa del Ayuntamiento de Pamplona para poner en valor los momentos fundacionales de una ciudad que quiere ser reflejo de una constante convivencia entre sensibilidades, credos e idiomas. Los actos programados se extender\u00e1n hasta mediados de 2026.<\/p>\n<p><strong>Desde Roma hasta la ciudad moderna<\/strong><\/p>\n<p>El programa comenzar\u00e1 con la secci\u00f3n El Cronovisor, que coordina Jes\u00fas Callejo Cabo, y lo har\u00e1 analizando la figura del rey Carlos III el Noble, protagonista de la unificaci\u00f3n de los burgos de Pamplona gracias al Privilegio de la Uni\u00f3n o de la construcci\u00f3n del Palacio Real de Olite, entre otros hitos. la secci\u00f3n contar\u00e1 con el historiador, escritor y divulgador Mikel Zuza Viniegra que el 15 de abril participaba en el di\u00e1logo. \u2018Tiempo de coronaciones y traiciones: la Pamplona de los siglos XIII al XV\u2019. Este 2025 se cumple el 600 aniversario de la muerte del rey que otorg\u00f3 a la ciudad su carta fundacional en la Edad Media.<\/p>\n<p>Para enmarcar el eje principal del programa, la Pamplona romana, Ares contar\u00e1 con el arque\u00f3logo y doctor en Historia, Javier Armend\u00e1riz Martija. Adem\u00e1s de profesor en el centro asociado de la UNED en Pamplona, Armend\u00e1riz tiene una faceta destacada en el \u00e1mbito de la arqueolog\u00eda de la \u00e9poca romana. Ese fue el titilo del di\u00e1logo en el que particip\u00f3 el 26 de marzo \u2018El mundo vasc\u00f3n y la romanizaci\u00f3n\u2019.<\/p>\n<p>Por \u00faltimo, para viajar al aspecto de la Pamplona medieval en la que se encuadra el propio escenario del programa, el palacio del Condestable, Nacho Ares contar\u00e1 con el doctor en Arqueolog\u00eda Jaime Aznar Auzmendi. Adscrito actualmente a la Universidad Internacional de la Rioja, ha participado en excavaciones arqueol\u00f3gicas, desde el Casco Antiguo de Pamplona al cementerio jud\u00edo de El Cairo.<\/p>\n<p>&nbsp;<\/p>\n<h3>Los entrevistados<\/h3>\n<p><strong>Mikel Zuza Viniegra (Pamplona, 1970)<\/strong><\/p>\n<ul>\n<li>Ha escrito art\u00edculos, pronunciado conferencias e impartido cursos sobre arte e historia medieval de Navarra. Es desde 1998, bibliotecario en la Red de Bibliotecas P\u00fablicas del Gobierno de Navarra y ha formado parte del Consejo Navarro de Cultura, desempe\u00f1ando el cargo de vocal entre 2015 y 2021. Como escritor, es autor de novelas y relatos como \u2018Causa perdida\u2019 (Pamiela, 2015), \u2018Cr\u00f3nicas Irreales del Reyno de Navarra\u2019 (Ttarttalo, 2008) o Scherzos (Pamiela, 2016) y acaba de publicar una nueva selecci\u00f3n de relatos titulada: \u2018Libro Redondo de Leyre\u2019.<\/li>\n<li>Entre sus publicaciones como historiado destacan la biograf\u00eda Pr\u00edncipe de Viana, el imaginario hist\u00f3rico y literario de los reyes de Navarra de la dinast\u00eda de Evreux, el Cancionero del rey Teobaldo y, m\u00e1s recientemente, ha colaborado en la obra conjunta \u2018Palacio de los Reyes de Navarra. Olite: exotismo y vanguardia en la corte de Carlos III\u2019 (Mintzoa, 2024).<\/li>\n<\/ul>\n<p><strong>Javier Armendariz Martija.<\/strong><\/p>\n<ul>\n<li>Licenciado en Historia -especialidad de Prehistoria, Historia Antigua y Arqueolog\u00eda- por la Universidad de Salamanca, es doctor en Historia (Departamento de Prehistoria, Historia Antigua y Arqueolog\u00eda) por la UNED y arque\u00f3logo profesional. Ha sido becario de investigaci\u00f3n de la Instituci\u00f3n Gran Duque de Alba (CSIC), de la Universidad del Pa\u00eds Vasco y del Departamento de Educaci\u00f3n del Gobierno de Navarra. Es profesor en la UNED (desde 2019) y la Universidad de Navarra (2016-2021).<\/li>\n<li>Como Arque\u00f3logo, ha ejercido profesionalmente en varias Administraciones P\u00fablicas (Servicio de Patrimonio Hist\u00f3rico del Gobierno de Navarra y Ayuntamiento de Berbinzana). Es Director del Museo y Yacimiento Arqueol\u00f3gico Las Eretas (Berbinzana) y ha participado proyectos de investigaci\u00f3n arqueol\u00f3gica de universidades como la de Navarra, Salamanca, Zaragoza u Oviedo, o centros de investigaci\u00f3n en \u00c1lava, \u00c1vila, Salamanca, M\u00e1laga, Burgos, Asturias, Guip\u00fazcoa, Zaragoza y Navarra. Tambi\u00e9n ha dirigido excavaciones. En Navarra en Larraga, Arellano, Berbinzana, Medigorr\u00eda, Eraul, Puente la Reina, Sang\u00fcesa, Beire y Viana.<\/li>\n<li>Es autor del libro \u2018De aldeas a ciudades, el poblamiento durante el primer milenio a. C. en Navarra\u2019, y ha firmado m\u00e1s de medio centenar de art\u00edculos cient\u00edficos, adem\u00e1s de dictar conferencias y comisariar varias exposiciones sobre Prehistoria, Historia y el Patrimonio Cultural. Desde 2022 dirige la revista Trabajos de Arqueolog\u00eda Navarra, dependiente del \u00c1rea de Publicaciones de la Direcci\u00f3n General de Cultura del Gobierno de Navarra.<\/li>\n<\/ul>\n<p><strong>Jaime Aznar Auzmendi (Pamplona, 1976)<\/strong><\/p>\n<ul>\n<li>Licenciado en Historia por la Universidad de Navarra, obtuvo la Suficiencia Investigadora en Arqueolog\u00eda en la Universidad de Granada y el doctorado por la Universidad P\u00fablica de Navarra en Arqueologia medieval. Actualmente est\u00e1 adscrito a Universidad Internacional de la Rioja. Aznar ha trabajado como arque\u00f3logo durante diez a\u00f1os para las empresas Trama y Navark en las localidades de Pamplona, Beri\u00e1in, Estella y Fitero; y tambi\u00e9n realiz\u00f3 trabajos en El Cairo (Egipto) para el IFAO (Instituto Franc\u00e9s de Arqueolog\u00eda Oriental) y la Fundaci\u00f3n Aga Khan.ha participado en excavaciones arqueol\u00f3gicas, desde el Casco Antiguo de Pamplona al cementerio jud\u00edo de El Cairo.<\/li>\n<\/ul>\n","protected":false},"excerpt":{"rendered":"<p>El edificio acoger\u00e1 la grabaci\u00f3n del espacio de radio y el podcast SER Historia, como parte de los actos del programa municipal \u20182.100 a\u00f1os de convivencia\u2019<\/p>\n","protected":false},"author":1,"featured_media":52495,"comment_status":"open","ping_status":"closed","sticky":false,"template":"","format":"standard","meta":{"footnotes":""},"categories":[2],"tags":[],"class_list":["post-53071","post","type-post","status-publish","format-standard","has-post-thumbnail","hentry","category-ayuntamiento-pamplona"],"yoast_head":"<!-- This site is optimized with the Yoast SEO plugin v27.3 - https:\/\/yoast.com\/product\/yoast-seo-wordpress\/ -->\n<title>El alcalde de Pamplona y tres historiadores m\u00e1s trasladar\u00e1n a una audiencia estatal, desde Condestable, los momentos fundacionales de la ciudad<\/title>\n<meta name=\"description\" content=\"El edificio acoger\u00e1 la grabaci\u00f3n del espacio de radio y el podcast SER Historia, como parte de los actos del programa municipal \u20182.100 a\u00f1os de convivencia\u2019\" \/>\n<meta name=\"robots\" content=\"index, follow, max-snippet:-1, max-image-preview:large, max-video-preview:-1\" \/>\n<link rel=\"canonical\" href=\"https:\/\/www.laguiadepamplona.com\/actualidad\/el-alcalde-de-pamplona-y-tres-historiadores-mas-trasladaran-a-una-audiencia-estatal-desde-condestable-los-momentos-fundacionales-de-la-ciudad\/\" \/>\n<meta property=\"og:locale\" content=\"es_ES\" \/>\n<meta property=\"og:type\" content=\"article\" \/>\n<meta property=\"og:title\" content=\"El alcalde de Pamplona y tres historiadores m\u00e1s trasladar\u00e1n a una audiencia estatal, desde Condestable, los momentos fundacionales de la ciudad\" \/>\n<meta property=\"og:description\" content=\"El edificio acoger\u00e1 la grabaci\u00f3n del espacio de radio y el podcast SER Historia, como parte de los actos del programa municipal \u20182.100 a\u00f1os de convivencia\u2019\" \/>\n<meta property=\"og:url\" content=\"https:\/\/www.laguiadepamplona.com\/actualidad\/el-alcalde-de-pamplona-y-tres-historiadores-mas-trasladaran-a-una-audiencia-estatal-desde-condestable-los-momentos-fundacionales-de-la-ciudad\/\" \/>\n<meta property=\"og:site_name\" content=\"La Gu\u00eda de Pamplona\" \/>\n<meta property=\"article:publisher\" content=\"https:\/\/www.facebook.com\/laguiadepamplonacom-133175176762273\/?ref=hl\" \/>\n<meta property=\"article:published_time\" content=\"2025-05-26T13:26:27+00:00\" \/>\n<meta property=\"og:image\" content=\"https:\/\/www.laguiadepamplona.com\/actualidad\/wp-content\/uploads\/2025\/03\/2100-web.webp\" \/>\n\t<meta property=\"og:image:width\" content=\"1000\" \/>\n\t<meta property=\"og:image:height\" content=\"618\" \/>\n\t<meta property=\"og:image:type\" content=\"image\/webp\" \/>\n<meta name=\"author\" content=\"La Gu\u00eda de Pamplona\" \/>\n<meta name=\"twitter:card\" content=\"summary_large_image\" \/>\n<meta name=\"twitter:creator\" content=\"@LaGuiadPamplona\" \/>\n<meta name=\"twitter:site\" content=\"@LaGuiadPamplona\" \/>\n<meta name=\"twitter:label1\" content=\"Escrito por\" \/>\n\t<meta name=\"twitter:data1\" content=\"La Gu\u00eda de Pamplona\" \/>\n\t<meta name=\"twitter:label2\" content=\"Tiempo de lectura\" \/>\n\t<meta name=\"twitter:data2\" content=\"5 minutos\" \/>\n<script type=\"application\/ld+json\" class=\"yoast-schema-graph\">{\"@context\":\"https:\\\/\\\/schema.org\",\"@graph\":[{\"@type\":\"Article\",\"@id\":\"https:\\\/\\\/www.laguiadepamplona.com\\\/actualidad\\\/el-alcalde-de-pamplona-y-tres-historiadores-mas-trasladaran-a-una-audiencia-estatal-desde-condestable-los-momentos-fundacionales-de-la-ciudad\\\/#article\",\"isPartOf\":{\"@id\":\"https:\\\/\\\/www.laguiadepamplona.com\\\/actualidad\\\/el-alcalde-de-pamplona-y-tres-historiadores-mas-trasladaran-a-una-audiencia-estatal-desde-condestable-los-momentos-fundacionales-de-la-ciudad\\\/\"},\"author\":{\"name\":\"La Gu\u00eda de Pamplona\",\"@id\":\"https:\\\/\\\/www.laguiadepamplona.com\\\/actualidad\\\/#\\\/schema\\\/person\\\/efe887376f0213d4657c93adc50b1fdb\"},\"headline\":\"El alcalde de Pamplona y tres historiadores m\u00e1s trasladar\u00e1n a una audiencia estatal, desde Condestable, los momentos fundacionales de la ciudad\",\"datePublished\":\"2025-05-26T13:26:27+00:00\",\"mainEntityOfPage\":{\"@id\":\"https:\\\/\\\/www.laguiadepamplona.com\\\/actualidad\\\/el-alcalde-de-pamplona-y-tres-historiadores-mas-trasladaran-a-una-audiencia-estatal-desde-condestable-los-momentos-fundacionales-de-la-ciudad\\\/\"},\"wordCount\":1095,\"commentCount\":0,\"publisher\":{\"@id\":\"https:\\\/\\\/www.laguiadepamplona.com\\\/actualidad\\\/#organization\"},\"image\":{\"@id\":\"https:\\\/\\\/www.laguiadepamplona.com\\\/actualidad\\\/el-alcalde-de-pamplona-y-tres-historiadores-mas-trasladaran-a-una-audiencia-estatal-desde-condestable-los-momentos-fundacionales-de-la-ciudad\\\/#primaryimage\"},\"thumbnailUrl\":\"https:\\\/\\\/www.laguiadepamplona.com\\\/actualidad\\\/wp-content\\\/uploads\\\/2025\\\/03\\\/2100-web.webp\",\"articleSection\":[\"Ayto Pamplona\"],\"inLanguage\":\"es\",\"potentialAction\":[{\"@type\":\"CommentAction\",\"name\":\"Comment\",\"target\":[\"https:\\\/\\\/www.laguiadepamplona.com\\\/actualidad\\\/el-alcalde-de-pamplona-y-tres-historiadores-mas-trasladaran-a-una-audiencia-estatal-desde-condestable-los-momentos-fundacionales-de-la-ciudad\\\/#respond\"]}]},{\"@type\":\"WebPage\",\"@id\":\"https:\\\/\\\/www.laguiadepamplona.com\\\/actualidad\\\/el-alcalde-de-pamplona-y-tres-historiadores-mas-trasladaran-a-una-audiencia-estatal-desde-condestable-los-momentos-fundacionales-de-la-ciudad\\\/\",\"url\":\"https:\\\/\\\/www.laguiadepamplona.com\\\/actualidad\\\/el-alcalde-de-pamplona-y-tres-historiadores-mas-trasladaran-a-una-audiencia-estatal-desde-condestable-los-momentos-fundacionales-de-la-ciudad\\\/\",\"name\":\"El alcalde de Pamplona y tres historiadores m\u00e1s trasladar\u00e1n a una audiencia estatal, desde Condestable, los momentos fundacionales de la ciudad\",\"isPartOf\":{\"@id\":\"https:\\\/\\\/www.laguiadepamplona.com\\\/actualidad\\\/#website\"},\"primaryImageOfPage\":{\"@id\":\"https:\\\/\\\/www.laguiadepamplona.com\\\/actualidad\\\/el-alcalde-de-pamplona-y-tres-historiadores-mas-trasladaran-a-una-audiencia-estatal-desde-condestable-los-momentos-fundacionales-de-la-ciudad\\\/#primaryimage\"},\"image\":{\"@id\":\"https:\\\/\\\/www.laguiadepamplona.com\\\/actualidad\\\/el-alcalde-de-pamplona-y-tres-historiadores-mas-trasladaran-a-una-audiencia-estatal-desde-condestable-los-momentos-fundacionales-de-la-ciudad\\\/#primaryimage\"},\"thumbnailUrl\":\"https:\\\/\\\/www.laguiadepamplona.com\\\/actualidad\\\/wp-content\\\/uploads\\\/2025\\\/03\\\/2100-web.webp\",\"datePublished\":\"2025-05-26T13:26:27+00:00\",\"description\":\"El edificio acoger\u00e1 la grabaci\u00f3n del espacio de radio y el podcast SER Historia, como parte de los actos del programa municipal \u20182.100 a\u00f1os de convivencia\u2019\",\"breadcrumb\":{\"@id\":\"https:\\\/\\\/www.laguiadepamplona.com\\\/actualidad\\\/el-alcalde-de-pamplona-y-tres-historiadores-mas-trasladaran-a-una-audiencia-estatal-desde-condestable-los-momentos-fundacionales-de-la-ciudad\\\/#breadcrumb\"},\"inLanguage\":\"es\",\"potentialAction\":[{\"@type\":\"ReadAction\",\"target\":[\"https:\\\/\\\/www.laguiadepamplona.com\\\/actualidad\\\/el-alcalde-de-pamplona-y-tres-historiadores-mas-trasladaran-a-una-audiencia-estatal-desde-condestable-los-momentos-fundacionales-de-la-ciudad\\\/\"]}]},{\"@type\":\"ImageObject\",\"inLanguage\":\"es\",\"@id\":\"https:\\\/\\\/www.laguiadepamplona.com\\\/actualidad\\\/el-alcalde-de-pamplona-y-tres-historiadores-mas-trasladaran-a-una-audiencia-estatal-desde-condestable-los-momentos-fundacionales-de-la-ciudad\\\/#primaryimage\",\"url\":\"https:\\\/\\\/www.laguiadepamplona.com\\\/actualidad\\\/wp-content\\\/uploads\\\/2025\\\/03\\\/2100-web.webp\",\"contentUrl\":\"https:\\\/\\\/www.laguiadepamplona.com\\\/actualidad\\\/wp-content\\\/uploads\\\/2025\\\/03\\\/2100-web.webp\",\"width\":1000,\"height\":618,\"caption\":\"2100 aniversario\"},{\"@type\":\"BreadcrumbList\",\"@id\":\"https:\\\/\\\/www.laguiadepamplona.com\\\/actualidad\\\/el-alcalde-de-pamplona-y-tres-historiadores-mas-trasladaran-a-una-audiencia-estatal-desde-condestable-los-momentos-fundacionales-de-la-ciudad\\\/#breadcrumb\",\"itemListElement\":[{\"@type\":\"ListItem\",\"position\":1,\"name\":\"Portada\",\"item\":\"https:\\\/\\\/www.laguiadepamplona.com\\\/actualidad\\\/\"},{\"@type\":\"ListItem\",\"position\":2,\"name\":\"El alcalde de Pamplona y tres historiadores m\u00e1s trasladar\u00e1n a una audiencia estatal, desde Condestable, los momentos fundacionales de la ciudad\"}]},{\"@type\":\"WebSite\",\"@id\":\"https:\\\/\\\/www.laguiadepamplona.com\\\/actualidad\\\/#website\",\"url\":\"https:\\\/\\\/www.laguiadepamplona.com\\\/actualidad\\\/\",\"name\":\"La gu\u00eda de Pamplona\",\"description\":\"Noticias de Pamplona\",\"publisher\":{\"@id\":\"https:\\\/\\\/www.laguiadepamplona.com\\\/actualidad\\\/#organization\"},\"potentialAction\":[{\"@type\":\"SearchAction\",\"target\":{\"@type\":\"EntryPoint\",\"urlTemplate\":\"https:\\\/\\\/www.laguiadepamplona.com\\\/actualidad\\\/?s={search_term_string}\"},\"query-input\":{\"@type\":\"PropertyValueSpecification\",\"valueRequired\":true,\"valueName\":\"search_term_string\"}}],\"inLanguage\":\"es\"},{\"@type\":\"Organization\",\"@id\":\"https:\\\/\\\/www.laguiadepamplona.com\\\/actualidad\\\/#organization\",\"name\":\"La Gu\u00eda de Pamplona \\\/ Noticias\",\"url\":\"https:\\\/\\\/www.laguiadepamplona.com\\\/actualidad\\\/\",\"logo\":{\"@type\":\"ImageObject\",\"inLanguage\":\"es\",\"@id\":\"https:\\\/\\\/www.laguiadepamplona.com\\\/actualidad\\\/#\\\/schema\\\/logo\\\/image\\\/\",\"url\":\"https:\\\/\\\/www.laguiadepamplona.com\\\/actualidad\\\/wp-content\\\/uploads\\\/2018\\\/11\\\/logo-laguiadepamplona18-web1.png\",\"contentUrl\":\"https:\\\/\\\/www.laguiadepamplona.com\\\/actualidad\\\/wp-content\\\/uploads\\\/2018\\\/11\\\/logo-laguiadepamplona18-web1.png\",\"width\":600,\"height\":196,\"caption\":\"La Gu\u00eda de Pamplona \\\/ Noticias\"},\"image\":{\"@id\":\"https:\\\/\\\/www.laguiadepamplona.com\\\/actualidad\\\/#\\\/schema\\\/logo\\\/image\\\/\"},\"sameAs\":[\"https:\\\/\\\/www.facebook.com\\\/laguiadepamplonacom-133175176762273\\\/?ref=hl\",\"https:\\\/\\\/x.com\\\/LaGuiadPamplona\",\"https:\\\/\\\/www.instagram.com\\\/la_guia_de_pamplona\\\/\",\"https:\\\/\\\/www.youtube.com\\\/user\\\/laguiadepamplona\"]},{\"@type\":\"Person\",\"@id\":\"https:\\\/\\\/www.laguiadepamplona.com\\\/actualidad\\\/#\\\/schema\\\/person\\\/efe887376f0213d4657c93adc50b1fdb\",\"name\":\"La Gu\u00eda de Pamplona\",\"image\":{\"@type\":\"ImageObject\",\"inLanguage\":\"es\",\"@id\":\"https:\\\/\\\/secure.gravatar.com\\\/avatar\\\/b6992f131dc8d30ab0dff15446e9d346d9dbd95992de0fef795073f5ea83a81c?s=96&d=mm&r=g\",\"url\":\"https:\\\/\\\/secure.gravatar.com\\\/avatar\\\/b6992f131dc8d30ab0dff15446e9d346d9dbd95992de0fef795073f5ea83a81c?s=96&d=mm&r=g\",\"contentUrl\":\"https:\\\/\\\/secure.gravatar.com\\\/avatar\\\/b6992f131dc8d30ab0dff15446e9d346d9dbd95992de0fef795073f5ea83a81c?s=96&d=mm&r=g\",\"caption\":\"La Gu\u00eda de Pamplona\"}}]}<\/script>\n<!-- \/ Yoast SEO plugin. -->","yoast_head_json":{"title":"El alcalde de Pamplona y tres historiadores m\u00e1s trasladar\u00e1n a una audiencia estatal, desde Condestable, los momentos fundacionales de la ciudad","description":"El edificio acoger\u00e1 la grabaci\u00f3n del espacio de radio y el podcast SER Historia, como parte de los actos del programa municipal \u20182.100 a\u00f1os de convivencia\u2019","robots":{"index":"index","follow":"follow","max-snippet":"max-snippet:-1","max-image-preview":"max-image-preview:large","max-video-preview":"max-video-preview:-1"},"canonical":"https:\/\/www.laguiadepamplona.com\/actualidad\/el-alcalde-de-pamplona-y-tres-historiadores-mas-trasladaran-a-una-audiencia-estatal-desde-condestable-los-momentos-fundacionales-de-la-ciudad\/","og_locale":"es_ES","og_type":"article","og_title":"El alcalde de Pamplona y tres historiadores m\u00e1s trasladar\u00e1n a una audiencia estatal, desde Condestable, los momentos fundacionales de la ciudad","og_description":"El edificio acoger\u00e1 la grabaci\u00f3n del espacio de radio y el podcast SER Historia, como parte de los actos del programa municipal \u20182.100 a\u00f1os de convivencia\u2019","og_url":"https:\/\/www.laguiadepamplona.com\/actualidad\/el-alcalde-de-pamplona-y-tres-historiadores-mas-trasladaran-a-una-audiencia-estatal-desde-condestable-los-momentos-fundacionales-de-la-ciudad\/","og_site_name":"La Gu\u00eda de Pamplona","article_publisher":"https:\/\/www.facebook.com\/laguiadepamplonacom-133175176762273\/?ref=hl","article_published_time":"2025-05-26T13:26:27+00:00","og_image":[{"width":1000,"height":618,"url":"https:\/\/www.laguiadepamplona.com\/actualidad\/wp-content\/uploads\/2025\/03\/2100-web.webp","type":"image\/webp"}],"author":"La Gu\u00eda de Pamplona","twitter_card":"summary_large_image","twitter_creator":"@LaGuiadPamplona","twitter_site":"@LaGuiadPamplona","twitter_misc":{"Escrito por":"La Gu\u00eda de Pamplona","Tiempo de lectura":"5 minutos"},"schema":{"@context":"https:\/\/schema.org","@graph":[{"@type":"Article","@id":"https:\/\/www.laguiadepamplona.com\/actualidad\/el-alcalde-de-pamplona-y-tres-historiadores-mas-trasladaran-a-una-audiencia-estatal-desde-condestable-los-momentos-fundacionales-de-la-ciudad\/#article","isPartOf":{"@id":"https:\/\/www.laguiadepamplona.com\/actualidad\/el-alcalde-de-pamplona-y-tres-historiadores-mas-trasladaran-a-una-audiencia-estatal-desde-condestable-los-momentos-fundacionales-de-la-ciudad\/"},"author":{"name":"La Gu\u00eda de Pamplona","@id":"https:\/\/www.laguiadepamplona.com\/actualidad\/#\/schema\/person\/efe887376f0213d4657c93adc50b1fdb"},"headline":"El alcalde de Pamplona y tres historiadores m\u00e1s trasladar\u00e1n a una audiencia estatal, desde Condestable, los momentos fundacionales de la ciudad","datePublished":"2025-05-26T13:26:27+00:00","mainEntityOfPage":{"@id":"https:\/\/www.laguiadepamplona.com\/actualidad\/el-alcalde-de-pamplona-y-tres-historiadores-mas-trasladaran-a-una-audiencia-estatal-desde-condestable-los-momentos-fundacionales-de-la-ciudad\/"},"wordCount":1095,"commentCount":0,"publisher":{"@id":"https:\/\/www.laguiadepamplona.com\/actualidad\/#organization"},"image":{"@id":"https:\/\/www.laguiadepamplona.com\/actualidad\/el-alcalde-de-pamplona-y-tres-historiadores-mas-trasladaran-a-una-audiencia-estatal-desde-condestable-los-momentos-fundacionales-de-la-ciudad\/#primaryimage"},"thumbnailUrl":"https:\/\/www.laguiadepamplona.com\/actualidad\/wp-content\/uploads\/2025\/03\/2100-web.webp","articleSection":["Ayto Pamplona"],"inLanguage":"es","potentialAction":[{"@type":"CommentAction","name":"Comment","target":["https:\/\/www.laguiadepamplona.com\/actualidad\/el-alcalde-de-pamplona-y-tres-historiadores-mas-trasladaran-a-una-audiencia-estatal-desde-condestable-los-momentos-fundacionales-de-la-ciudad\/#respond"]}]},{"@type":"WebPage","@id":"https:\/\/www.laguiadepamplona.com\/actualidad\/el-alcalde-de-pamplona-y-tres-historiadores-mas-trasladaran-a-una-audiencia-estatal-desde-condestable-los-momentos-fundacionales-de-la-ciudad\/","url":"https:\/\/www.laguiadepamplona.com\/actualidad\/el-alcalde-de-pamplona-y-tres-historiadores-mas-trasladaran-a-una-audiencia-estatal-desde-condestable-los-momentos-fundacionales-de-la-ciudad\/","name":"El alcalde de Pamplona y tres historiadores m\u00e1s trasladar\u00e1n a una audiencia estatal, desde Condestable, los momentos fundacionales de la ciudad","isPartOf":{"@id":"https:\/\/www.laguiadepamplona.com\/actualidad\/#website"},"primaryImageOfPage":{"@id":"https:\/\/www.laguiadepamplona.com\/actualidad\/el-alcalde-de-pamplona-y-tres-historiadores-mas-trasladaran-a-una-audiencia-estatal-desde-condestable-los-momentos-fundacionales-de-la-ciudad\/#primaryimage"},"image":{"@id":"https:\/\/www.laguiadepamplona.com\/actualidad\/el-alcalde-de-pamplona-y-tres-historiadores-mas-trasladaran-a-una-audiencia-estatal-desde-condestable-los-momentos-fundacionales-de-la-ciudad\/#primaryimage"},"thumbnailUrl":"https:\/\/www.laguiadepamplona.com\/actualidad\/wp-content\/uploads\/2025\/03\/2100-web.webp","datePublished":"2025-05-26T13:26:27+00:00","description":"El edificio acoger\u00e1 la grabaci\u00f3n del espacio de radio y el podcast SER Historia, como parte de los actos del programa municipal \u20182.100 a\u00f1os de convivencia\u2019","breadcrumb":{"@id":"https:\/\/www.laguiadepamplona.com\/actualidad\/el-alcalde-de-pamplona-y-tres-historiadores-mas-trasladaran-a-una-audiencia-estatal-desde-condestable-los-momentos-fundacionales-de-la-ciudad\/#breadcrumb"},"inLanguage":"es","potentialAction":[{"@type":"ReadAction","target":["https:\/\/www.laguiadepamplona.com\/actualidad\/el-alcalde-de-pamplona-y-tres-historiadores-mas-trasladaran-a-una-audiencia-estatal-desde-condestable-los-momentos-fundacionales-de-la-ciudad\/"]}]},{"@type":"ImageObject","inLanguage":"es","@id":"https:\/\/www.laguiadepamplona.com\/actualidad\/el-alcalde-de-pamplona-y-tres-historiadores-mas-trasladaran-a-una-audiencia-estatal-desde-condestable-los-momentos-fundacionales-de-la-ciudad\/#primaryimage","url":"https:\/\/www.laguiadepamplona.com\/actualidad\/wp-content\/uploads\/2025\/03\/2100-web.webp","contentUrl":"https:\/\/www.laguiadepamplona.com\/actualidad\/wp-content\/uploads\/2025\/03\/2100-web.webp","width":1000,"height":618,"caption":"2100 aniversario"},{"@type":"BreadcrumbList","@id":"https:\/\/www.laguiadepamplona.com\/actualidad\/el-alcalde-de-pamplona-y-tres-historiadores-mas-trasladaran-a-una-audiencia-estatal-desde-condestable-los-momentos-fundacionales-de-la-ciudad\/#breadcrumb","itemListElement":[{"@type":"ListItem","position":1,"name":"Portada","item":"https:\/\/www.laguiadepamplona.com\/actualidad\/"},{"@type":"ListItem","position":2,"name":"El alcalde de Pamplona y tres historiadores m\u00e1s trasladar\u00e1n a una audiencia estatal, desde Condestable, los momentos fundacionales de la ciudad"}]},{"@type":"WebSite","@id":"https:\/\/www.laguiadepamplona.com\/actualidad\/#website","url":"https:\/\/www.laguiadepamplona.com\/actualidad\/","name":"La gu\u00eda de Pamplona","description":"Noticias de Pamplona","publisher":{"@id":"https:\/\/www.laguiadepamplona.com\/actualidad\/#organization"},"potentialAction":[{"@type":"SearchAction","target":{"@type":"EntryPoint","urlTemplate":"https:\/\/www.laguiadepamplona.com\/actualidad\/?s={search_term_string}"},"query-input":{"@type":"PropertyValueSpecification","valueRequired":true,"valueName":"search_term_string"}}],"inLanguage":"es"},{"@type":"Organization","@id":"https:\/\/www.laguiadepamplona.com\/actualidad\/#organization","name":"La Gu\u00eda de Pamplona \/ Noticias","url":"https:\/\/www.laguiadepamplona.com\/actualidad\/","logo":{"@type":"ImageObject","inLanguage":"es","@id":"https:\/\/www.laguiadepamplona.com\/actualidad\/#\/schema\/logo\/image\/","url":"https:\/\/www.laguiadepamplona.com\/actualidad\/wp-content\/uploads\/2018\/11\/logo-laguiadepamplona18-web1.png","contentUrl":"https:\/\/www.laguiadepamplona.com\/actualidad\/wp-content\/uploads\/2018\/11\/logo-laguiadepamplona18-web1.png","width":600,"height":196,"caption":"La Gu\u00eda de Pamplona \/ Noticias"},"image":{"@id":"https:\/\/www.laguiadepamplona.com\/actualidad\/#\/schema\/logo\/image\/"},"sameAs":["https:\/\/www.facebook.com\/laguiadepamplonacom-133175176762273\/?ref=hl","https:\/\/x.com\/LaGuiadPamplona","https:\/\/www.instagram.com\/la_guia_de_pamplona\/","https:\/\/www.youtube.com\/user\/laguiadepamplona"]},{"@type":"Person","@id":"https:\/\/www.laguiadepamplona.com\/actualidad\/#\/schema\/person\/efe887376f0213d4657c93adc50b1fdb","name":"La Gu\u00eda de Pamplona","image":{"@type":"ImageObject","inLanguage":"es","@id":"https:\/\/secure.gravatar.com\/avatar\/b6992f131dc8d30ab0dff15446e9d346d9dbd95992de0fef795073f5ea83a81c?s=96&d=mm&r=g","url":"https:\/\/secure.gravatar.com\/avatar\/b6992f131dc8d30ab0dff15446e9d346d9dbd95992de0fef795073f5ea83a81c?s=96&d=mm&r=g","contentUrl":"https:\/\/secure.gravatar.com\/avatar\/b6992f131dc8d30ab0dff15446e9d346d9dbd95992de0fef795073f5ea83a81c?s=96&d=mm&r=g","caption":"La Gu\u00eda de Pamplona"}}]}},"post_mailing_queue_ids":[],"_links":{"self":[{"href":"https:\/\/www.laguiadepamplona.com\/actualidad\/wp-json\/wp\/v2\/posts\/53071","targetHints":{"allow":["GET"]}}],"collection":[{"href":"https:\/\/www.laguiadepamplona.com\/actualidad\/wp-json\/wp\/v2\/posts"}],"about":[{"href":"https:\/\/www.laguiadepamplona.com\/actualidad\/wp-json\/wp\/v2\/types\/post"}],"author":[{"embeddable":true,"href":"https:\/\/www.laguiadepamplona.com\/actualidad\/wp-json\/wp\/v2\/users\/1"}],"replies":[{"embeddable":true,"href":"https:\/\/www.laguiadepamplona.com\/actualidad\/wp-json\/wp\/v2\/comments?post=53071"}],"version-history":[{"count":1,"href":"https:\/\/www.laguiadepamplona.com\/actualidad\/wp-json\/wp\/v2\/posts\/53071\/revisions"}],"predecessor-version":[{"id":53072,"href":"https:\/\/www.laguiadepamplona.com\/actualidad\/wp-json\/wp\/v2\/posts\/53071\/revisions\/53072"}],"wp:featuredmedia":[{"embeddable":true,"href":"https:\/\/www.laguiadepamplona.com\/actualidad\/wp-json\/wp\/v2\/media\/52495"}],"wp:attachment":[{"href":"https:\/\/www.laguiadepamplona.com\/actualidad\/wp-json\/wp\/v2\/media?parent=53071"}],"wp:term":[{"taxonomy":"category","embeddable":true,"href":"https:\/\/www.laguiadepamplona.com\/actualidad\/wp-json\/wp\/v2\/categories?post=53071"},{"taxonomy":"post_tag","embeddable":true,"href":"https:\/\/www.laguiadepamplona.com\/actualidad\/wp-json\/wp\/v2\/tags?post=53071"}],"curies":[{"name":"wp","href":"https:\/\/api.w.org\/{rel}","templated":true}]}}