{"id":53050,"date":"2025-05-23T13:33:47","date_gmt":"2025-05-23T11:33:47","guid":{"rendered":"https:\/\/www.laguiadepamplona.com\/actualidad\/?p=53050"},"modified":"2025-05-23T13:33:47","modified_gmt":"2025-05-23T11:33:47","slug":"una-delegacion-de-pamplona-se-encuentra-en-valencia-intercambiando-practicas-sobre-oficinas-verdes-y-urbanismo-sostenible-e-innovacion","status":"publish","type":"post","link":"https:\/\/www.laguiadepamplona.com\/actualidad\/una-delegacion-de-pamplona-se-encuentra-en-valencia-intercambiando-practicas-sobre-oficinas-verdes-y-urbanismo-sostenible-e-innovacion\/","title":{"rendered":"Una delegaci\u00f3n de Pamplona se encuentra en Valencia intercambiando pr\u00e1cticas sobre Oficinas verdes y urbanismo sostenible e innovaci\u00f3n"},"content":{"rendered":"<h2>La localidad levantina es la sede del I Encuentro Nacional de Oficinas Verdes<\/h2>\n<p><!--more--><\/p>\n<p>Una delegaci\u00f3n de Pamplona est\u00e1 en Valencia trabajando sobre urbanismo sostenible e innovaci\u00f3n. Esta ma\u00f1ana, personas con responsabilidad sobre las tres oficinas verdes de la ciudad est\u00e1n manteniendo reuniones con representantes del Ayuntamiento de Valencia, Servicio de Innovaci\u00f3n y de la entidad Valencia Energ\u00eda i Clima. Ha sido est\u00e1 \u00faltima instituci\u00f3n la organizadora del I Encuentro Nacional de Oficinas Verdes de Espa\u00f1a en el jard\u00edn bot\u00e1nico de Valencia, que tuvo lugar ayer, y que es el origen del viaje.<\/p>\n<p>Zuhaitz Areitio Larra\u00f1aga, responsable de Agencia Energ\u00e9tica y sostenibilidad, Juan Rold\u00e1n Marzo, arquitecto al cargo de la oficina verde de la Rochapea vinculada al proyecto europeo oPENlab y Uxua Dombl\u00e1s Ib\u00e1\u00f1ez como directora del \u00c1rea de Gobierno Estrat\u00e9gico Urbanismo, Vivienda y Agenda 2030, se han integrado entre el centenar de t\u00e9cnicos y t\u00e9cnicas y representantes institucionales presentes. Hasta Valencia se acercaba tambi\u00e9n Raquel Zulaica Oroz, responsable del \u00c1rea de Fomento de la rehabilitaci\u00f3n de NASUVINSA, que cogestiona la tercera oficina verde municipal recientemente abierta: la de Txantrea.<\/p>\n<p>La jornada t\u00e9cnica estaba destinada a intercambiar experiencias sobre los diferentes modelos de oficinas verdes en Espa\u00f1a y a analizar la gesti\u00f3n de los recursos, la comunicaci\u00f3n de las acciones o el futuro de los equipamientos para alinearlos con los objetivos de descarbonizaci\u00f3n de las ciudades que marca la Uni\u00f3n Europa.<\/p>\n<p>El Ayuntamiento de Pamplona quer\u00eda transmitir en ese foro la confianza de la ciudad en su estrategia de transici\u00f3n energ\u00e9tica y su apoyo a Cities2030 \u201cCiudades misi\u00f3n por el cambio clim\u00e1tico\u201d. El grupo de Pamplona ha participado en mesas de trabajo en relaci\u00f3n a la financiaci\u00f3n, gesti\u00f3n y el modelo de oficinas verdes, la comunicaci\u00f3n entre oficinas verdes como red y sobre la estrategia de comunicaci\u00f3n y sensibilizaci\u00f3n hacia la ciudadan\u00eda. Tambi\u00e9n en un programa paralelo que ha supuesto la visita oficina verde de Valencia o reuniones con el programa que llevo a cabo la primera supermanzana de la ciudad levantina, la Petxina, con 13.000 m<sup>2<\/sup> o con la direcci\u00f3n de innovaci\u00f3n para hablar sobre la Ordenanza Sanbox.<\/p>\n","protected":false},"excerpt":{"rendered":"<p>La localidad levantina es la sede del I Encuentro Nacional de Oficinas Verdes<\/p>\n","protected":false},"author":1,"featured_media":53051,"comment_status":"open","ping_status":"closed","sticky":false,"template":"","format":"standard","meta":{"footnotes":""},"categories":[2],"tags":[],"class_list":["post-53050","post","type-post","status-publish","format-standard","has-post-thumbnail","hentry","category-ayuntamiento-pamplona"],"yoast_head":"<!-- This site is optimized with the Yoast SEO plugin v27.3 - https:\/\/yoast.com\/product\/yoast-seo-wordpress\/ -->\n<title>Una delegaci\u00f3n de Pamplona se encuentra en Valencia intercambiando pr\u00e1cticas sobre Oficinas verdes y urbanismo sostenible e innovaci\u00f3n<\/title>\n<meta name=\"description\" content=\"La localidad levantina es la sede del I Encuentro Nacional de Oficinas Verdes\" \/>\n<meta name=\"robots\" content=\"index, follow, max-snippet:-1, max-image-preview:large, max-video-preview:-1\" \/>\n<link rel=\"canonical\" href=\"https:\/\/www.laguiadepamplona.com\/actualidad\/una-delegacion-de-pamplona-se-encuentra-en-valencia-intercambiando-practicas-sobre-oficinas-verdes-y-urbanismo-sostenible-e-innovacion\/\" \/>\n<meta property=\"og:locale\" content=\"es_ES\" \/>\n<meta property=\"og:type\" content=\"article\" \/>\n<meta property=\"og:title\" content=\"Una delegaci\u00f3n de Pamplona se encuentra en Valencia intercambiando pr\u00e1cticas sobre Oficinas verdes y urbanismo sostenible e innovaci\u00f3n\" \/>\n<meta property=\"og:description\" content=\"La localidad levantina es la sede del I Encuentro Nacional de Oficinas Verdes\" \/>\n<meta property=\"og:url\" content=\"https:\/\/www.laguiadepamplona.com\/actualidad\/una-delegacion-de-pamplona-se-encuentra-en-valencia-intercambiando-practicas-sobre-oficinas-verdes-y-urbanismo-sostenible-e-innovacion\/\" \/>\n<meta property=\"og:site_name\" content=\"La Gu\u00eda de Pamplona\" \/>\n<meta property=\"article:publisher\" content=\"https:\/\/www.facebook.com\/laguiadepamplonacom-133175176762273\/?ref=hl\" \/>\n<meta property=\"article:published_time\" content=\"2025-05-23T11:33:47+00:00\" \/>\n<meta property=\"og:image\" content=\"https:\/\/www.laguiadepamplona.com\/actualidad\/wp-content\/uploads\/2025\/05\/juanroldanuxuadomblas_0.webp\" \/>\n\t<meta property=\"og:image:width\" content=\"1000\" \/>\n\t<meta property=\"og:image:height\" content=\"563\" \/>\n\t<meta property=\"og:image:type\" content=\"image\/webp\" \/>\n<meta name=\"author\" content=\"La Gu\u00eda de Pamplona\" \/>\n<meta name=\"twitter:card\" content=\"summary_large_image\" \/>\n<meta name=\"twitter:creator\" content=\"@LaGuiadPamplona\" \/>\n<meta name=\"twitter:site\" content=\"@LaGuiadPamplona\" \/>\n<meta name=\"twitter:label1\" content=\"Escrito por\" \/>\n\t<meta name=\"twitter:data1\" content=\"La Gu\u00eda de Pamplona\" \/>\n\t<meta name=\"twitter:label2\" content=\"Tiempo de lectura\" \/>\n\t<meta name=\"twitter:data2\" content=\"2 minutos\" \/>\n<script type=\"application\/ld+json\" class=\"yoast-schema-graph\">{\"@context\":\"https:\\\/\\\/schema.org\",\"@graph\":[{\"@type\":\"Article\",\"@id\":\"https:\\\/\\\/www.laguiadepamplona.com\\\/actualidad\\\/una-delegacion-de-pamplona-se-encuentra-en-valencia-intercambiando-practicas-sobre-oficinas-verdes-y-urbanismo-sostenible-e-innovacion\\\/#article\",\"isPartOf\":{\"@id\":\"https:\\\/\\\/www.laguiadepamplona.com\\\/actualidad\\\/una-delegacion-de-pamplona-se-encuentra-en-valencia-intercambiando-practicas-sobre-oficinas-verdes-y-urbanismo-sostenible-e-innovacion\\\/\"},\"author\":{\"name\":\"La Gu\u00eda de Pamplona\",\"@id\":\"https:\\\/\\\/www.laguiadepamplona.com\\\/actualidad\\\/#\\\/schema\\\/person\\\/efe887376f0213d4657c93adc50b1fdb\"},\"headline\":\"Una delegaci\u00f3n de Pamplona se encuentra en Valencia intercambiando pr\u00e1cticas sobre Oficinas verdes y urbanismo sostenible e innovaci\u00f3n\",\"datePublished\":\"2025-05-23T11:33:47+00:00\",\"mainEntityOfPage\":{\"@id\":\"https:\\\/\\\/www.laguiadepamplona.com\\\/actualidad\\\/una-delegacion-de-pamplona-se-encuentra-en-valencia-intercambiando-practicas-sobre-oficinas-verdes-y-urbanismo-sostenible-e-innovacion\\\/\"},\"wordCount\":408,\"commentCount\":0,\"publisher\":{\"@id\":\"https:\\\/\\\/www.laguiadepamplona.com\\\/actualidad\\\/#organization\"},\"image\":{\"@id\":\"https:\\\/\\\/www.laguiadepamplona.com\\\/actualidad\\\/una-delegacion-de-pamplona-se-encuentra-en-valencia-intercambiando-practicas-sobre-oficinas-verdes-y-urbanismo-sostenible-e-innovacion\\\/#primaryimage\"},\"thumbnailUrl\":\"https:\\\/\\\/www.laguiadepamplona.com\\\/actualidad\\\/wp-content\\\/uploads\\\/2025\\\/05\\\/juanroldanuxuadomblas_0.webp\",\"articleSection\":[\"Ayto Pamplona\"],\"inLanguage\":\"es\",\"potentialAction\":[{\"@type\":\"CommentAction\",\"name\":\"Comment\",\"target\":[\"https:\\\/\\\/www.laguiadepamplona.com\\\/actualidad\\\/una-delegacion-de-pamplona-se-encuentra-en-valencia-intercambiando-practicas-sobre-oficinas-verdes-y-urbanismo-sostenible-e-innovacion\\\/#respond\"]}]},{\"@type\":\"WebPage\",\"@id\":\"https:\\\/\\\/www.laguiadepamplona.com\\\/actualidad\\\/una-delegacion-de-pamplona-se-encuentra-en-valencia-intercambiando-practicas-sobre-oficinas-verdes-y-urbanismo-sostenible-e-innovacion\\\/\",\"url\":\"https:\\\/\\\/www.laguiadepamplona.com\\\/actualidad\\\/una-delegacion-de-pamplona-se-encuentra-en-valencia-intercambiando-practicas-sobre-oficinas-verdes-y-urbanismo-sostenible-e-innovacion\\\/\",\"name\":\"Una delegaci\u00f3n de Pamplona se encuentra en Valencia intercambiando pr\u00e1cticas sobre Oficinas verdes y urbanismo sostenible e innovaci\u00f3n\",\"isPartOf\":{\"@id\":\"https:\\\/\\\/www.laguiadepamplona.com\\\/actualidad\\\/#website\"},\"primaryImageOfPage\":{\"@id\":\"https:\\\/\\\/www.laguiadepamplona.com\\\/actualidad\\\/una-delegacion-de-pamplona-se-encuentra-en-valencia-intercambiando-practicas-sobre-oficinas-verdes-y-urbanismo-sostenible-e-innovacion\\\/#primaryimage\"},\"image\":{\"@id\":\"https:\\\/\\\/www.laguiadepamplona.com\\\/actualidad\\\/una-delegacion-de-pamplona-se-encuentra-en-valencia-intercambiando-practicas-sobre-oficinas-verdes-y-urbanismo-sostenible-e-innovacion\\\/#primaryimage\"},\"thumbnailUrl\":\"https:\\\/\\\/www.laguiadepamplona.com\\\/actualidad\\\/wp-content\\\/uploads\\\/2025\\\/05\\\/juanroldanuxuadomblas_0.webp\",\"datePublished\":\"2025-05-23T11:33:47+00:00\",\"description\":\"La localidad levantina es la sede del I Encuentro Nacional de Oficinas Verdes\",\"breadcrumb\":{\"@id\":\"https:\\\/\\\/www.laguiadepamplona.com\\\/actualidad\\\/una-delegacion-de-pamplona-se-encuentra-en-valencia-intercambiando-practicas-sobre-oficinas-verdes-y-urbanismo-sostenible-e-innovacion\\\/#breadcrumb\"},\"inLanguage\":\"es\",\"potentialAction\":[{\"@type\":\"ReadAction\",\"target\":[\"https:\\\/\\\/www.laguiadepamplona.com\\\/actualidad\\\/una-delegacion-de-pamplona-se-encuentra-en-valencia-intercambiando-practicas-sobre-oficinas-verdes-y-urbanismo-sostenible-e-innovacion\\\/\"]}]},{\"@type\":\"ImageObject\",\"inLanguage\":\"es\",\"@id\":\"https:\\\/\\\/www.laguiadepamplona.com\\\/actualidad\\\/una-delegacion-de-pamplona-se-encuentra-en-valencia-intercambiando-practicas-sobre-oficinas-verdes-y-urbanismo-sostenible-e-innovacion\\\/#primaryimage\",\"url\":\"https:\\\/\\\/www.laguiadepamplona.com\\\/actualidad\\\/wp-content\\\/uploads\\\/2025\\\/05\\\/juanroldanuxuadomblas_0.webp\",\"contentUrl\":\"https:\\\/\\\/www.laguiadepamplona.com\\\/actualidad\\\/wp-content\\\/uploads\\\/2025\\\/05\\\/juanroldanuxuadomblas_0.webp\",\"width\":1000,\"height\":563,\"caption\":\"juan roldan uxua dombl\u00e1s\"},{\"@type\":\"BreadcrumbList\",\"@id\":\"https:\\\/\\\/www.laguiadepamplona.com\\\/actualidad\\\/una-delegacion-de-pamplona-se-encuentra-en-valencia-intercambiando-practicas-sobre-oficinas-verdes-y-urbanismo-sostenible-e-innovacion\\\/#breadcrumb\",\"itemListElement\":[{\"@type\":\"ListItem\",\"position\":1,\"name\":\"Portada\",\"item\":\"https:\\\/\\\/www.laguiadepamplona.com\\\/actualidad\\\/\"},{\"@type\":\"ListItem\",\"position\":2,\"name\":\"Una delegaci\u00f3n de Pamplona se encuentra en Valencia intercambiando pr\u00e1cticas sobre Oficinas verdes y urbanismo sostenible e innovaci\u00f3n\"}]},{\"@type\":\"WebSite\",\"@id\":\"https:\\\/\\\/www.laguiadepamplona.com\\\/actualidad\\\/#website\",\"url\":\"https:\\\/\\\/www.laguiadepamplona.com\\\/actualidad\\\/\",\"name\":\"La gu\u00eda de Pamplona\",\"description\":\"Noticias de Pamplona\",\"publisher\":{\"@id\":\"https:\\\/\\\/www.laguiadepamplona.com\\\/actualidad\\\/#organization\"},\"potentialAction\":[{\"@type\":\"SearchAction\",\"target\":{\"@type\":\"EntryPoint\",\"urlTemplate\":\"https:\\\/\\\/www.laguiadepamplona.com\\\/actualidad\\\/?s={search_term_string}\"},\"query-input\":{\"@type\":\"PropertyValueSpecification\",\"valueRequired\":true,\"valueName\":\"search_term_string\"}}],\"inLanguage\":\"es\"},{\"@type\":\"Organization\",\"@id\":\"https:\\\/\\\/www.laguiadepamplona.com\\\/actualidad\\\/#organization\",\"name\":\"La Gu\u00eda de Pamplona \\\/ Noticias\",\"url\":\"https:\\\/\\\/www.laguiadepamplona.com\\\/actualidad\\\/\",\"logo\":{\"@type\":\"ImageObject\",\"inLanguage\":\"es\",\"@id\":\"https:\\\/\\\/www.laguiadepamplona.com\\\/actualidad\\\/#\\\/schema\\\/logo\\\/image\\\/\",\"url\":\"https:\\\/\\\/www.laguiadepamplona.com\\\/actualidad\\\/wp-content\\\/uploads\\\/2018\\\/11\\\/logo-laguiadepamplona18-web1.png\",\"contentUrl\":\"https:\\\/\\\/www.laguiadepamplona.com\\\/actualidad\\\/wp-content\\\/uploads\\\/2018\\\/11\\\/logo-laguiadepamplona18-web1.png\",\"width\":600,\"height\":196,\"caption\":\"La Gu\u00eda de Pamplona \\\/ Noticias\"},\"image\":{\"@id\":\"https:\\\/\\\/www.laguiadepamplona.com\\\/actualidad\\\/#\\\/schema\\\/logo\\\/image\\\/\"},\"sameAs\":[\"https:\\\/\\\/www.facebook.com\\\/laguiadepamplonacom-133175176762273\\\/?ref=hl\",\"https:\\\/\\\/x.com\\\/LaGuiadPamplona\",\"https:\\\/\\\/www.instagram.com\\\/la_guia_de_pamplona\\\/\",\"https:\\\/\\\/www.youtube.com\\\/user\\\/laguiadepamplona\"]},{\"@type\":\"Person\",\"@id\":\"https:\\\/\\\/www.laguiadepamplona.com\\\/actualidad\\\/#\\\/schema\\\/person\\\/efe887376f0213d4657c93adc50b1fdb\",\"name\":\"La Gu\u00eda de Pamplona\",\"image\":{\"@type\":\"ImageObject\",\"inLanguage\":\"es\",\"@id\":\"https:\\\/\\\/secure.gravatar.com\\\/avatar\\\/b6992f131dc8d30ab0dff15446e9d346d9dbd95992de0fef795073f5ea83a81c?s=96&d=mm&r=g\",\"url\":\"https:\\\/\\\/secure.gravatar.com\\\/avatar\\\/b6992f131dc8d30ab0dff15446e9d346d9dbd95992de0fef795073f5ea83a81c?s=96&d=mm&r=g\",\"contentUrl\":\"https:\\\/\\\/secure.gravatar.com\\\/avatar\\\/b6992f131dc8d30ab0dff15446e9d346d9dbd95992de0fef795073f5ea83a81c?s=96&d=mm&r=g\",\"caption\":\"La Gu\u00eda de Pamplona\"}}]}<\/script>\n<!-- \/ Yoast SEO plugin. -->","yoast_head_json":{"title":"Una delegaci\u00f3n de Pamplona se encuentra en Valencia intercambiando pr\u00e1cticas sobre Oficinas verdes y urbanismo sostenible e innovaci\u00f3n","description":"La localidad levantina es la sede del I Encuentro Nacional de Oficinas Verdes","robots":{"index":"index","follow":"follow","max-snippet":"max-snippet:-1","max-image-preview":"max-image-preview:large","max-video-preview":"max-video-preview:-1"},"canonical":"https:\/\/www.laguiadepamplona.com\/actualidad\/una-delegacion-de-pamplona-se-encuentra-en-valencia-intercambiando-practicas-sobre-oficinas-verdes-y-urbanismo-sostenible-e-innovacion\/","og_locale":"es_ES","og_type":"article","og_title":"Una delegaci\u00f3n de Pamplona se encuentra en Valencia intercambiando pr\u00e1cticas sobre Oficinas verdes y urbanismo sostenible e innovaci\u00f3n","og_description":"La localidad levantina es la sede del I Encuentro Nacional de Oficinas Verdes","og_url":"https:\/\/www.laguiadepamplona.com\/actualidad\/una-delegacion-de-pamplona-se-encuentra-en-valencia-intercambiando-practicas-sobre-oficinas-verdes-y-urbanismo-sostenible-e-innovacion\/","og_site_name":"La Gu\u00eda de Pamplona","article_publisher":"https:\/\/www.facebook.com\/laguiadepamplonacom-133175176762273\/?ref=hl","article_published_time":"2025-05-23T11:33:47+00:00","og_image":[{"width":1000,"height":563,"url":"https:\/\/www.laguiadepamplona.com\/actualidad\/wp-content\/uploads\/2025\/05\/juanroldanuxuadomblas_0.webp","type":"image\/webp"}],"author":"La Gu\u00eda de Pamplona","twitter_card":"summary_large_image","twitter_creator":"@LaGuiadPamplona","twitter_site":"@LaGuiadPamplona","twitter_misc":{"Escrito por":"La Gu\u00eda de Pamplona","Tiempo de lectura":"2 minutos"},"schema":{"@context":"https:\/\/schema.org","@graph":[{"@type":"Article","@id":"https:\/\/www.laguiadepamplona.com\/actualidad\/una-delegacion-de-pamplona-se-encuentra-en-valencia-intercambiando-practicas-sobre-oficinas-verdes-y-urbanismo-sostenible-e-innovacion\/#article","isPartOf":{"@id":"https:\/\/www.laguiadepamplona.com\/actualidad\/una-delegacion-de-pamplona-se-encuentra-en-valencia-intercambiando-practicas-sobre-oficinas-verdes-y-urbanismo-sostenible-e-innovacion\/"},"author":{"name":"La Gu\u00eda de Pamplona","@id":"https:\/\/www.laguiadepamplona.com\/actualidad\/#\/schema\/person\/efe887376f0213d4657c93adc50b1fdb"},"headline":"Una delegaci\u00f3n de Pamplona se encuentra en Valencia intercambiando pr\u00e1cticas sobre Oficinas verdes y urbanismo sostenible e innovaci\u00f3n","datePublished":"2025-05-23T11:33:47+00:00","mainEntityOfPage":{"@id":"https:\/\/www.laguiadepamplona.com\/actualidad\/una-delegacion-de-pamplona-se-encuentra-en-valencia-intercambiando-practicas-sobre-oficinas-verdes-y-urbanismo-sostenible-e-innovacion\/"},"wordCount":408,"commentCount":0,"publisher":{"@id":"https:\/\/www.laguiadepamplona.com\/actualidad\/#organization"},"image":{"@id":"https:\/\/www.laguiadepamplona.com\/actualidad\/una-delegacion-de-pamplona-se-encuentra-en-valencia-intercambiando-practicas-sobre-oficinas-verdes-y-urbanismo-sostenible-e-innovacion\/#primaryimage"},"thumbnailUrl":"https:\/\/www.laguiadepamplona.com\/actualidad\/wp-content\/uploads\/2025\/05\/juanroldanuxuadomblas_0.webp","articleSection":["Ayto Pamplona"],"inLanguage":"es","potentialAction":[{"@type":"CommentAction","name":"Comment","target":["https:\/\/www.laguiadepamplona.com\/actualidad\/una-delegacion-de-pamplona-se-encuentra-en-valencia-intercambiando-practicas-sobre-oficinas-verdes-y-urbanismo-sostenible-e-innovacion\/#respond"]}]},{"@type":"WebPage","@id":"https:\/\/www.laguiadepamplona.com\/actualidad\/una-delegacion-de-pamplona-se-encuentra-en-valencia-intercambiando-practicas-sobre-oficinas-verdes-y-urbanismo-sostenible-e-innovacion\/","url":"https:\/\/www.laguiadepamplona.com\/actualidad\/una-delegacion-de-pamplona-se-encuentra-en-valencia-intercambiando-practicas-sobre-oficinas-verdes-y-urbanismo-sostenible-e-innovacion\/","name":"Una delegaci\u00f3n de Pamplona se encuentra en Valencia intercambiando pr\u00e1cticas sobre Oficinas verdes y urbanismo sostenible e innovaci\u00f3n","isPartOf":{"@id":"https:\/\/www.laguiadepamplona.com\/actualidad\/#website"},"primaryImageOfPage":{"@id":"https:\/\/www.laguiadepamplona.com\/actualidad\/una-delegacion-de-pamplona-se-encuentra-en-valencia-intercambiando-practicas-sobre-oficinas-verdes-y-urbanismo-sostenible-e-innovacion\/#primaryimage"},"image":{"@id":"https:\/\/www.laguiadepamplona.com\/actualidad\/una-delegacion-de-pamplona-se-encuentra-en-valencia-intercambiando-practicas-sobre-oficinas-verdes-y-urbanismo-sostenible-e-innovacion\/#primaryimage"},"thumbnailUrl":"https:\/\/www.laguiadepamplona.com\/actualidad\/wp-content\/uploads\/2025\/05\/juanroldanuxuadomblas_0.webp","datePublished":"2025-05-23T11:33:47+00:00","description":"La localidad levantina es la sede del I Encuentro Nacional de Oficinas Verdes","breadcrumb":{"@id":"https:\/\/www.laguiadepamplona.com\/actualidad\/una-delegacion-de-pamplona-se-encuentra-en-valencia-intercambiando-practicas-sobre-oficinas-verdes-y-urbanismo-sostenible-e-innovacion\/#breadcrumb"},"inLanguage":"es","potentialAction":[{"@type":"ReadAction","target":["https:\/\/www.laguiadepamplona.com\/actualidad\/una-delegacion-de-pamplona-se-encuentra-en-valencia-intercambiando-practicas-sobre-oficinas-verdes-y-urbanismo-sostenible-e-innovacion\/"]}]},{"@type":"ImageObject","inLanguage":"es","@id":"https:\/\/www.laguiadepamplona.com\/actualidad\/una-delegacion-de-pamplona-se-encuentra-en-valencia-intercambiando-practicas-sobre-oficinas-verdes-y-urbanismo-sostenible-e-innovacion\/#primaryimage","url":"https:\/\/www.laguiadepamplona.com\/actualidad\/wp-content\/uploads\/2025\/05\/juanroldanuxuadomblas_0.webp","contentUrl":"https:\/\/www.laguiadepamplona.com\/actualidad\/wp-content\/uploads\/2025\/05\/juanroldanuxuadomblas_0.webp","width":1000,"height":563,"caption":"juan roldan uxua dombl\u00e1s"},{"@type":"BreadcrumbList","@id":"https:\/\/www.laguiadepamplona.com\/actualidad\/una-delegacion-de-pamplona-se-encuentra-en-valencia-intercambiando-practicas-sobre-oficinas-verdes-y-urbanismo-sostenible-e-innovacion\/#breadcrumb","itemListElement":[{"@type":"ListItem","position":1,"name":"Portada","item":"https:\/\/www.laguiadepamplona.com\/actualidad\/"},{"@type":"ListItem","position":2,"name":"Una delegaci\u00f3n de Pamplona se encuentra en Valencia intercambiando pr\u00e1cticas sobre Oficinas verdes y urbanismo sostenible e innovaci\u00f3n"}]},{"@type":"WebSite","@id":"https:\/\/www.laguiadepamplona.com\/actualidad\/#website","url":"https:\/\/www.laguiadepamplona.com\/actualidad\/","name":"La gu\u00eda de Pamplona","description":"Noticias de Pamplona","publisher":{"@id":"https:\/\/www.laguiadepamplona.com\/actualidad\/#organization"},"potentialAction":[{"@type":"SearchAction","target":{"@type":"EntryPoint","urlTemplate":"https:\/\/www.laguiadepamplona.com\/actualidad\/?s={search_term_string}"},"query-input":{"@type":"PropertyValueSpecification","valueRequired":true,"valueName":"search_term_string"}}],"inLanguage":"es"},{"@type":"Organization","@id":"https:\/\/www.laguiadepamplona.com\/actualidad\/#organization","name":"La Gu\u00eda de Pamplona \/ Noticias","url":"https:\/\/www.laguiadepamplona.com\/actualidad\/","logo":{"@type":"ImageObject","inLanguage":"es","@id":"https:\/\/www.laguiadepamplona.com\/actualidad\/#\/schema\/logo\/image\/","url":"https:\/\/www.laguiadepamplona.com\/actualidad\/wp-content\/uploads\/2018\/11\/logo-laguiadepamplona18-web1.png","contentUrl":"https:\/\/www.laguiadepamplona.com\/actualidad\/wp-content\/uploads\/2018\/11\/logo-laguiadepamplona18-web1.png","width":600,"height":196,"caption":"La Gu\u00eda de Pamplona \/ Noticias"},"image":{"@id":"https:\/\/www.laguiadepamplona.com\/actualidad\/#\/schema\/logo\/image\/"},"sameAs":["https:\/\/www.facebook.com\/laguiadepamplonacom-133175176762273\/?ref=hl","https:\/\/x.com\/LaGuiadPamplona","https:\/\/www.instagram.com\/la_guia_de_pamplona\/","https:\/\/www.youtube.com\/user\/laguiadepamplona"]},{"@type":"Person","@id":"https:\/\/www.laguiadepamplona.com\/actualidad\/#\/schema\/person\/efe887376f0213d4657c93adc50b1fdb","name":"La Gu\u00eda de Pamplona","image":{"@type":"ImageObject","inLanguage":"es","@id":"https:\/\/secure.gravatar.com\/avatar\/b6992f131dc8d30ab0dff15446e9d346d9dbd95992de0fef795073f5ea83a81c?s=96&d=mm&r=g","url":"https:\/\/secure.gravatar.com\/avatar\/b6992f131dc8d30ab0dff15446e9d346d9dbd95992de0fef795073f5ea83a81c?s=96&d=mm&r=g","contentUrl":"https:\/\/secure.gravatar.com\/avatar\/b6992f131dc8d30ab0dff15446e9d346d9dbd95992de0fef795073f5ea83a81c?s=96&d=mm&r=g","caption":"La Gu\u00eda de Pamplona"}}]}},"post_mailing_queue_ids":[],"_links":{"self":[{"href":"https:\/\/www.laguiadepamplona.com\/actualidad\/wp-json\/wp\/v2\/posts\/53050","targetHints":{"allow":["GET"]}}],"collection":[{"href":"https:\/\/www.laguiadepamplona.com\/actualidad\/wp-json\/wp\/v2\/posts"}],"about":[{"href":"https:\/\/www.laguiadepamplona.com\/actualidad\/wp-json\/wp\/v2\/types\/post"}],"author":[{"embeddable":true,"href":"https:\/\/www.laguiadepamplona.com\/actualidad\/wp-json\/wp\/v2\/users\/1"}],"replies":[{"embeddable":true,"href":"https:\/\/www.laguiadepamplona.com\/actualidad\/wp-json\/wp\/v2\/comments?post=53050"}],"version-history":[{"count":1,"href":"https:\/\/www.laguiadepamplona.com\/actualidad\/wp-json\/wp\/v2\/posts\/53050\/revisions"}],"predecessor-version":[{"id":53052,"href":"https:\/\/www.laguiadepamplona.com\/actualidad\/wp-json\/wp\/v2\/posts\/53050\/revisions\/53052"}],"wp:featuredmedia":[{"embeddable":true,"href":"https:\/\/www.laguiadepamplona.com\/actualidad\/wp-json\/wp\/v2\/media\/53051"}],"wp:attachment":[{"href":"https:\/\/www.laguiadepamplona.com\/actualidad\/wp-json\/wp\/v2\/media?parent=53050"}],"wp:term":[{"taxonomy":"category","embeddable":true,"href":"https:\/\/www.laguiadepamplona.com\/actualidad\/wp-json\/wp\/v2\/categories?post=53050"},{"taxonomy":"post_tag","embeddable":true,"href":"https:\/\/www.laguiadepamplona.com\/actualidad\/wp-json\/wp\/v2\/tags?post=53050"}],"curies":[{"name":"wp","href":"https:\/\/api.w.org\/{rel}","templated":true}]}}