{"id":53041,"date":"2025-05-23T13:26:51","date_gmt":"2025-05-23T11:26:51","guid":{"rendered":"https:\/\/www.laguiadepamplona.com\/actualidad\/?p=53041"},"modified":"2025-05-23T13:26:51","modified_gmt":"2025-05-23T11:26:51","slug":"el-ayuntamiento-de-pamplona-modificara-la-parada-de-villavesas-del-cruce-cuatrovientos-previa-al-giro-a-la-derecha-hacia-la-avenida-de-san-jorge","status":"publish","type":"post","link":"https:\/\/www.laguiadepamplona.com\/actualidad\/el-ayuntamiento-de-pamplona-modificara-la-parada-de-villavesas-del-cruce-cuatrovientos-previa-al-giro-a-la-derecha-hacia-la-avenida-de-san-jorge\/","title":{"rendered":"El Ayuntamiento de Pamplona modificar\u00e1 la parada de villavesas del cruce Cuatrovientos, previa al giro a la derecha hacia la avenida de San Jorge"},"content":{"rendered":"<h2>Se adelanta la parada, se estrecha el carril de incorporaci\u00f3n a la avenida de San Jorge y se coloca un espejo para evitar el potencial riesgo de accidente<\/h2>\n<p><!--more--><\/p>\n<p>El Ayuntamiento de Pamplona ha introducido varias modificaciones en la se\u00f1alizaci\u00f3n horizontal de una de las paradas de villavesas del cruce de Cuatrovientos. Los cambios se han llevado a cabo en la parada de las l\u00edneas 16, 17, 21 y N4, previa al giro a la derecha de incorporaci\u00f3n a la avenida de San Jorge. Esta actuaci\u00f3n trata de eliminar uno de los puntos negros de lesividad de la ciudad.<\/p>\n<p>Cuatro son las medidas que se van a ejecutar para mejorar la circulaci\u00f3n y la seguridad de ese punto en el que convergen la parada de la villavesa, la incorporaci\u00f3n a una v\u00eda de dos carriles y la opci\u00f3n, unos metros despu\u00e9s de optar por hasta cuatro direcciones, bien la avenida de San Jorge, bien la avenida de Gipuzkoa, bien la avenida Marcelo Celayeta o bien continuar circunvalando la rotonda. As\u00ed las cosas, se ha adelantado unos metros la parada del transporte urbano comarcal, que empieza a continuaci\u00f3n de la salida desde la calle del Muelle y se ha estrechado el carril de incorporaci\u00f3n para dirigir el tr\u00e1fico.<\/p>\n<p>Adem\u00e1s, se ha pintado la correspondiente se\u00f1alizaci\u00f3n horizontal en la parada para delimitar su espacio y para establecer las zonas de incorporaci\u00f3n a la rotonda. Por \u00faltimo, se va a colocar un espejo espec\u00edfico en la rotonda para poder ayudar a quienes conducen las villavesas a visualizar los veh\u00edculos que se acercan por la parte trasera desde el puente que sobrevuela las v\u00edas del tren.<\/p>\n<p>Los accidentes que intenta resolver esta medida son los que se producen al incorporarse la villavesa a la circulaci\u00f3n desde la parada situada entre la calle del Muelle y la avenida de San Jorge. Es un punto conflictivo debido a la existencia de un carril excesivamente ancho y a la falta de visibilidad para quienes conducen el transporte p\u00fablico. Esta medida es una m\u00e1s del despliegue de acciones del Plan de Seguridad Vial que se llevan a cabo tras el an\u00e1lisis de los puntos negros de siniestralidad, de las causas y de las posibilidades reales de actuaci\u00f3n con cambios de se\u00f1alizaci\u00f3n.<\/p>\n","protected":false},"excerpt":{"rendered":"<p>Se adelanta la parada, se estrecha el carril de incorporaci\u00f3n a la avenida de San Jorge y se coloca un espejo para evitar el potencial riesgo de accidente<\/p>\n","protected":false},"author":1,"featured_media":52965,"comment_status":"open","ping_status":"closed","sticky":false,"template":"","format":"standard","meta":{"footnotes":""},"categories":[2],"tags":[],"class_list":["post-53041","post","type-post","status-publish","format-standard","has-post-thumbnail","hentry","category-ayuntamiento-pamplona"],"yoast_head":"<!-- This site is optimized with the Yoast SEO plugin v27.3 - https:\/\/yoast.com\/product\/yoast-seo-wordpress\/ -->\n<title>El Ayuntamiento de Pamplona modificar\u00e1 la parada de villavesas del cruce Cuatrovientos, previa al giro a la derecha hacia la avenida de San Jorge<\/title>\n<meta name=\"description\" content=\"Se adelanta la parada, se estrecha el carril de incorporaci\u00f3n a la avenida de San Jorge y se coloca un espejo para evitar el potencial riesgo de accidente\" \/>\n<meta name=\"robots\" content=\"index, follow, max-snippet:-1, max-image-preview:large, max-video-preview:-1\" \/>\n<link rel=\"canonical\" href=\"https:\/\/www.laguiadepamplona.com\/actualidad\/el-ayuntamiento-de-pamplona-modificara-la-parada-de-villavesas-del-cruce-cuatrovientos-previa-al-giro-a-la-derecha-hacia-la-avenida-de-san-jorge\/\" \/>\n<meta property=\"og:locale\" content=\"es_ES\" \/>\n<meta property=\"og:type\" content=\"article\" \/>\n<meta property=\"og:title\" content=\"El Ayuntamiento de Pamplona modificar\u00e1 la parada de villavesas del cruce Cuatrovientos, previa al giro a la derecha hacia la avenida de San Jorge\" \/>\n<meta property=\"og:description\" content=\"Se adelanta la parada, se estrecha el carril de incorporaci\u00f3n a la avenida de San Jorge y se coloca un espejo para evitar el potencial riesgo de accidente\" \/>\n<meta property=\"og:url\" content=\"https:\/\/www.laguiadepamplona.com\/actualidad\/el-ayuntamiento-de-pamplona-modificara-la-parada-de-villavesas-del-cruce-cuatrovientos-previa-al-giro-a-la-derecha-hacia-la-avenida-de-san-jorge\/\" \/>\n<meta property=\"og:site_name\" content=\"La Gu\u00eda de Pamplona\" \/>\n<meta property=\"article:publisher\" content=\"https:\/\/www.facebook.com\/laguiadepamplonacom-133175176762273\/?ref=hl\" \/>\n<meta property=\"article:published_time\" content=\"2025-05-23T11:26:51+00:00\" \/>\n<meta property=\"og:image\" content=\"https:\/\/www.laguiadepamplona.com\/actualidad\/wp-content\/uploads\/2025\/05\/parada_villavesa_web.webp\" \/>\n\t<meta property=\"og:image:width\" content=\"1000\" \/>\n\t<meta property=\"og:image:height\" content=\"572\" \/>\n\t<meta property=\"og:image:type\" content=\"image\/webp\" \/>\n<meta name=\"author\" content=\"La Gu\u00eda de Pamplona\" \/>\n<meta name=\"twitter:card\" content=\"summary_large_image\" \/>\n<meta name=\"twitter:creator\" content=\"@LaGuiadPamplona\" \/>\n<meta name=\"twitter:site\" content=\"@LaGuiadPamplona\" \/>\n<meta name=\"twitter:label1\" content=\"Escrito por\" \/>\n\t<meta name=\"twitter:data1\" content=\"La Gu\u00eda de Pamplona\" \/>\n\t<meta name=\"twitter:label2\" content=\"Tiempo de lectura\" \/>\n\t<meta name=\"twitter:data2\" content=\"2 minutos\" \/>\n<script type=\"application\/ld+json\" class=\"yoast-schema-graph\">{\"@context\":\"https:\\\/\\\/schema.org\",\"@graph\":[{\"@type\":\"Article\",\"@id\":\"https:\\\/\\\/www.laguiadepamplona.com\\\/actualidad\\\/el-ayuntamiento-de-pamplona-modificara-la-parada-de-villavesas-del-cruce-cuatrovientos-previa-al-giro-a-la-derecha-hacia-la-avenida-de-san-jorge\\\/#article\",\"isPartOf\":{\"@id\":\"https:\\\/\\\/www.laguiadepamplona.com\\\/actualidad\\\/el-ayuntamiento-de-pamplona-modificara-la-parada-de-villavesas-del-cruce-cuatrovientos-previa-al-giro-a-la-derecha-hacia-la-avenida-de-san-jorge\\\/\"},\"author\":{\"name\":\"La Gu\u00eda de Pamplona\",\"@id\":\"https:\\\/\\\/www.laguiadepamplona.com\\\/actualidad\\\/#\\\/schema\\\/person\\\/efe887376f0213d4657c93adc50b1fdb\"},\"headline\":\"El Ayuntamiento de Pamplona modificar\u00e1 la parada de villavesas del cruce Cuatrovientos, previa al giro a la derecha hacia la avenida de San Jorge\",\"datePublished\":\"2025-05-23T11:26:51+00:00\",\"mainEntityOfPage\":{\"@id\":\"https:\\\/\\\/www.laguiadepamplona.com\\\/actualidad\\\/el-ayuntamiento-de-pamplona-modificara-la-parada-de-villavesas-del-cruce-cuatrovientos-previa-al-giro-a-la-derecha-hacia-la-avenida-de-san-jorge\\\/\"},\"wordCount\":421,\"commentCount\":0,\"publisher\":{\"@id\":\"https:\\\/\\\/www.laguiadepamplona.com\\\/actualidad\\\/#organization\"},\"image\":{\"@id\":\"https:\\\/\\\/www.laguiadepamplona.com\\\/actualidad\\\/el-ayuntamiento-de-pamplona-modificara-la-parada-de-villavesas-del-cruce-cuatrovientos-previa-al-giro-a-la-derecha-hacia-la-avenida-de-san-jorge\\\/#primaryimage\"},\"thumbnailUrl\":\"https:\\\/\\\/www.laguiadepamplona.com\\\/actualidad\\\/wp-content\\\/uploads\\\/2025\\\/05\\\/parada_villavesa_web.webp\",\"articleSection\":[\"Ayto Pamplona\"],\"inLanguage\":\"es\",\"potentialAction\":[{\"@type\":\"CommentAction\",\"name\":\"Comment\",\"target\":[\"https:\\\/\\\/www.laguiadepamplona.com\\\/actualidad\\\/el-ayuntamiento-de-pamplona-modificara-la-parada-de-villavesas-del-cruce-cuatrovientos-previa-al-giro-a-la-derecha-hacia-la-avenida-de-san-jorge\\\/#respond\"]}]},{\"@type\":\"WebPage\",\"@id\":\"https:\\\/\\\/www.laguiadepamplona.com\\\/actualidad\\\/el-ayuntamiento-de-pamplona-modificara-la-parada-de-villavesas-del-cruce-cuatrovientos-previa-al-giro-a-la-derecha-hacia-la-avenida-de-san-jorge\\\/\",\"url\":\"https:\\\/\\\/www.laguiadepamplona.com\\\/actualidad\\\/el-ayuntamiento-de-pamplona-modificara-la-parada-de-villavesas-del-cruce-cuatrovientos-previa-al-giro-a-la-derecha-hacia-la-avenida-de-san-jorge\\\/\",\"name\":\"El Ayuntamiento de Pamplona modificar\u00e1 la parada de villavesas del cruce Cuatrovientos, previa al giro a la derecha hacia la avenida de San Jorge\",\"isPartOf\":{\"@id\":\"https:\\\/\\\/www.laguiadepamplona.com\\\/actualidad\\\/#website\"},\"primaryImageOfPage\":{\"@id\":\"https:\\\/\\\/www.laguiadepamplona.com\\\/actualidad\\\/el-ayuntamiento-de-pamplona-modificara-la-parada-de-villavesas-del-cruce-cuatrovientos-previa-al-giro-a-la-derecha-hacia-la-avenida-de-san-jorge\\\/#primaryimage\"},\"image\":{\"@id\":\"https:\\\/\\\/www.laguiadepamplona.com\\\/actualidad\\\/el-ayuntamiento-de-pamplona-modificara-la-parada-de-villavesas-del-cruce-cuatrovientos-previa-al-giro-a-la-derecha-hacia-la-avenida-de-san-jorge\\\/#primaryimage\"},\"thumbnailUrl\":\"https:\\\/\\\/www.laguiadepamplona.com\\\/actualidad\\\/wp-content\\\/uploads\\\/2025\\\/05\\\/parada_villavesa_web.webp\",\"datePublished\":\"2025-05-23T11:26:51+00:00\",\"description\":\"Se adelanta la parada, se estrecha el carril de incorporaci\u00f3n a la avenida de San Jorge y se coloca un espejo para evitar el potencial riesgo de accidente\",\"breadcrumb\":{\"@id\":\"https:\\\/\\\/www.laguiadepamplona.com\\\/actualidad\\\/el-ayuntamiento-de-pamplona-modificara-la-parada-de-villavesas-del-cruce-cuatrovientos-previa-al-giro-a-la-derecha-hacia-la-avenida-de-san-jorge\\\/#breadcrumb\"},\"inLanguage\":\"es\",\"potentialAction\":[{\"@type\":\"ReadAction\",\"target\":[\"https:\\\/\\\/www.laguiadepamplona.com\\\/actualidad\\\/el-ayuntamiento-de-pamplona-modificara-la-parada-de-villavesas-del-cruce-cuatrovientos-previa-al-giro-a-la-derecha-hacia-la-avenida-de-san-jorge\\\/\"]}]},{\"@type\":\"ImageObject\",\"inLanguage\":\"es\",\"@id\":\"https:\\\/\\\/www.laguiadepamplona.com\\\/actualidad\\\/el-ayuntamiento-de-pamplona-modificara-la-parada-de-villavesas-del-cruce-cuatrovientos-previa-al-giro-a-la-derecha-hacia-la-avenida-de-san-jorge\\\/#primaryimage\",\"url\":\"https:\\\/\\\/www.laguiadepamplona.com\\\/actualidad\\\/wp-content\\\/uploads\\\/2025\\\/05\\\/parada_villavesa_web.webp\",\"contentUrl\":\"https:\\\/\\\/www.laguiadepamplona.com\\\/actualidad\\\/wp-content\\\/uploads\\\/2025\\\/05\\\/parada_villavesa_web.webp\",\"width\":1000,\"height\":572,\"caption\":\"parada villavesa\"},{\"@type\":\"BreadcrumbList\",\"@id\":\"https:\\\/\\\/www.laguiadepamplona.com\\\/actualidad\\\/el-ayuntamiento-de-pamplona-modificara-la-parada-de-villavesas-del-cruce-cuatrovientos-previa-al-giro-a-la-derecha-hacia-la-avenida-de-san-jorge\\\/#breadcrumb\",\"itemListElement\":[{\"@type\":\"ListItem\",\"position\":1,\"name\":\"Portada\",\"item\":\"https:\\\/\\\/www.laguiadepamplona.com\\\/actualidad\\\/\"},{\"@type\":\"ListItem\",\"position\":2,\"name\":\"El Ayuntamiento de Pamplona modificar\u00e1 la parada de villavesas del cruce Cuatrovientos, previa al giro a la derecha hacia la avenida de San Jorge\"}]},{\"@type\":\"WebSite\",\"@id\":\"https:\\\/\\\/www.laguiadepamplona.com\\\/actualidad\\\/#website\",\"url\":\"https:\\\/\\\/www.laguiadepamplona.com\\\/actualidad\\\/\",\"name\":\"La gu\u00eda de Pamplona\",\"description\":\"Noticias de Pamplona\",\"publisher\":{\"@id\":\"https:\\\/\\\/www.laguiadepamplona.com\\\/actualidad\\\/#organization\"},\"potentialAction\":[{\"@type\":\"SearchAction\",\"target\":{\"@type\":\"EntryPoint\",\"urlTemplate\":\"https:\\\/\\\/www.laguiadepamplona.com\\\/actualidad\\\/?s={search_term_string}\"},\"query-input\":{\"@type\":\"PropertyValueSpecification\",\"valueRequired\":true,\"valueName\":\"search_term_string\"}}],\"inLanguage\":\"es\"},{\"@type\":\"Organization\",\"@id\":\"https:\\\/\\\/www.laguiadepamplona.com\\\/actualidad\\\/#organization\",\"name\":\"La Gu\u00eda de Pamplona \\\/ Noticias\",\"url\":\"https:\\\/\\\/www.laguiadepamplona.com\\\/actualidad\\\/\",\"logo\":{\"@type\":\"ImageObject\",\"inLanguage\":\"es\",\"@id\":\"https:\\\/\\\/www.laguiadepamplona.com\\\/actualidad\\\/#\\\/schema\\\/logo\\\/image\\\/\",\"url\":\"https:\\\/\\\/www.laguiadepamplona.com\\\/actualidad\\\/wp-content\\\/uploads\\\/2018\\\/11\\\/logo-laguiadepamplona18-web1.png\",\"contentUrl\":\"https:\\\/\\\/www.laguiadepamplona.com\\\/actualidad\\\/wp-content\\\/uploads\\\/2018\\\/11\\\/logo-laguiadepamplona18-web1.png\",\"width\":600,\"height\":196,\"caption\":\"La Gu\u00eda de Pamplona \\\/ Noticias\"},\"image\":{\"@id\":\"https:\\\/\\\/www.laguiadepamplona.com\\\/actualidad\\\/#\\\/schema\\\/logo\\\/image\\\/\"},\"sameAs\":[\"https:\\\/\\\/www.facebook.com\\\/laguiadepamplonacom-133175176762273\\\/?ref=hl\",\"https:\\\/\\\/x.com\\\/LaGuiadPamplona\",\"https:\\\/\\\/www.instagram.com\\\/la_guia_de_pamplona\\\/\",\"https:\\\/\\\/www.youtube.com\\\/user\\\/laguiadepamplona\"]},{\"@type\":\"Person\",\"@id\":\"https:\\\/\\\/www.laguiadepamplona.com\\\/actualidad\\\/#\\\/schema\\\/person\\\/efe887376f0213d4657c93adc50b1fdb\",\"name\":\"La Gu\u00eda de Pamplona\",\"image\":{\"@type\":\"ImageObject\",\"inLanguage\":\"es\",\"@id\":\"https:\\\/\\\/secure.gravatar.com\\\/avatar\\\/b6992f131dc8d30ab0dff15446e9d346d9dbd95992de0fef795073f5ea83a81c?s=96&d=mm&r=g\",\"url\":\"https:\\\/\\\/secure.gravatar.com\\\/avatar\\\/b6992f131dc8d30ab0dff15446e9d346d9dbd95992de0fef795073f5ea83a81c?s=96&d=mm&r=g\",\"contentUrl\":\"https:\\\/\\\/secure.gravatar.com\\\/avatar\\\/b6992f131dc8d30ab0dff15446e9d346d9dbd95992de0fef795073f5ea83a81c?s=96&d=mm&r=g\",\"caption\":\"La Gu\u00eda de Pamplona\"}}]}<\/script>\n<!-- \/ Yoast SEO plugin. -->","yoast_head_json":{"title":"El Ayuntamiento de Pamplona modificar\u00e1 la parada de villavesas del cruce Cuatrovientos, previa al giro a la derecha hacia la avenida de San Jorge","description":"Se adelanta la parada, se estrecha el carril de incorporaci\u00f3n a la avenida de San Jorge y se coloca un espejo para evitar el potencial riesgo de accidente","robots":{"index":"index","follow":"follow","max-snippet":"max-snippet:-1","max-image-preview":"max-image-preview:large","max-video-preview":"max-video-preview:-1"},"canonical":"https:\/\/www.laguiadepamplona.com\/actualidad\/el-ayuntamiento-de-pamplona-modificara-la-parada-de-villavesas-del-cruce-cuatrovientos-previa-al-giro-a-la-derecha-hacia-la-avenida-de-san-jorge\/","og_locale":"es_ES","og_type":"article","og_title":"El Ayuntamiento de Pamplona modificar\u00e1 la parada de villavesas del cruce Cuatrovientos, previa al giro a la derecha hacia la avenida de San Jorge","og_description":"Se adelanta la parada, se estrecha el carril de incorporaci\u00f3n a la avenida de San Jorge y se coloca un espejo para evitar el potencial riesgo de accidente","og_url":"https:\/\/www.laguiadepamplona.com\/actualidad\/el-ayuntamiento-de-pamplona-modificara-la-parada-de-villavesas-del-cruce-cuatrovientos-previa-al-giro-a-la-derecha-hacia-la-avenida-de-san-jorge\/","og_site_name":"La Gu\u00eda de Pamplona","article_publisher":"https:\/\/www.facebook.com\/laguiadepamplonacom-133175176762273\/?ref=hl","article_published_time":"2025-05-23T11:26:51+00:00","og_image":[{"width":1000,"height":572,"url":"https:\/\/www.laguiadepamplona.com\/actualidad\/wp-content\/uploads\/2025\/05\/parada_villavesa_web.webp","type":"image\/webp"}],"author":"La Gu\u00eda de Pamplona","twitter_card":"summary_large_image","twitter_creator":"@LaGuiadPamplona","twitter_site":"@LaGuiadPamplona","twitter_misc":{"Escrito por":"La Gu\u00eda de Pamplona","Tiempo de lectura":"2 minutos"},"schema":{"@context":"https:\/\/schema.org","@graph":[{"@type":"Article","@id":"https:\/\/www.laguiadepamplona.com\/actualidad\/el-ayuntamiento-de-pamplona-modificara-la-parada-de-villavesas-del-cruce-cuatrovientos-previa-al-giro-a-la-derecha-hacia-la-avenida-de-san-jorge\/#article","isPartOf":{"@id":"https:\/\/www.laguiadepamplona.com\/actualidad\/el-ayuntamiento-de-pamplona-modificara-la-parada-de-villavesas-del-cruce-cuatrovientos-previa-al-giro-a-la-derecha-hacia-la-avenida-de-san-jorge\/"},"author":{"name":"La Gu\u00eda de Pamplona","@id":"https:\/\/www.laguiadepamplona.com\/actualidad\/#\/schema\/person\/efe887376f0213d4657c93adc50b1fdb"},"headline":"El Ayuntamiento de Pamplona modificar\u00e1 la parada de villavesas del cruce Cuatrovientos, previa al giro a la derecha hacia la avenida de San Jorge","datePublished":"2025-05-23T11:26:51+00:00","mainEntityOfPage":{"@id":"https:\/\/www.laguiadepamplona.com\/actualidad\/el-ayuntamiento-de-pamplona-modificara-la-parada-de-villavesas-del-cruce-cuatrovientos-previa-al-giro-a-la-derecha-hacia-la-avenida-de-san-jorge\/"},"wordCount":421,"commentCount":0,"publisher":{"@id":"https:\/\/www.laguiadepamplona.com\/actualidad\/#organization"},"image":{"@id":"https:\/\/www.laguiadepamplona.com\/actualidad\/el-ayuntamiento-de-pamplona-modificara-la-parada-de-villavesas-del-cruce-cuatrovientos-previa-al-giro-a-la-derecha-hacia-la-avenida-de-san-jorge\/#primaryimage"},"thumbnailUrl":"https:\/\/www.laguiadepamplona.com\/actualidad\/wp-content\/uploads\/2025\/05\/parada_villavesa_web.webp","articleSection":["Ayto Pamplona"],"inLanguage":"es","potentialAction":[{"@type":"CommentAction","name":"Comment","target":["https:\/\/www.laguiadepamplona.com\/actualidad\/el-ayuntamiento-de-pamplona-modificara-la-parada-de-villavesas-del-cruce-cuatrovientos-previa-al-giro-a-la-derecha-hacia-la-avenida-de-san-jorge\/#respond"]}]},{"@type":"WebPage","@id":"https:\/\/www.laguiadepamplona.com\/actualidad\/el-ayuntamiento-de-pamplona-modificara-la-parada-de-villavesas-del-cruce-cuatrovientos-previa-al-giro-a-la-derecha-hacia-la-avenida-de-san-jorge\/","url":"https:\/\/www.laguiadepamplona.com\/actualidad\/el-ayuntamiento-de-pamplona-modificara-la-parada-de-villavesas-del-cruce-cuatrovientos-previa-al-giro-a-la-derecha-hacia-la-avenida-de-san-jorge\/","name":"El Ayuntamiento de Pamplona modificar\u00e1 la parada de villavesas del cruce Cuatrovientos, previa al giro a la derecha hacia la avenida de San Jorge","isPartOf":{"@id":"https:\/\/www.laguiadepamplona.com\/actualidad\/#website"},"primaryImageOfPage":{"@id":"https:\/\/www.laguiadepamplona.com\/actualidad\/el-ayuntamiento-de-pamplona-modificara-la-parada-de-villavesas-del-cruce-cuatrovientos-previa-al-giro-a-la-derecha-hacia-la-avenida-de-san-jorge\/#primaryimage"},"image":{"@id":"https:\/\/www.laguiadepamplona.com\/actualidad\/el-ayuntamiento-de-pamplona-modificara-la-parada-de-villavesas-del-cruce-cuatrovientos-previa-al-giro-a-la-derecha-hacia-la-avenida-de-san-jorge\/#primaryimage"},"thumbnailUrl":"https:\/\/www.laguiadepamplona.com\/actualidad\/wp-content\/uploads\/2025\/05\/parada_villavesa_web.webp","datePublished":"2025-05-23T11:26:51+00:00","description":"Se adelanta la parada, se estrecha el carril de incorporaci\u00f3n a la avenida de San Jorge y se coloca un espejo para evitar el potencial riesgo de accidente","breadcrumb":{"@id":"https:\/\/www.laguiadepamplona.com\/actualidad\/el-ayuntamiento-de-pamplona-modificara-la-parada-de-villavesas-del-cruce-cuatrovientos-previa-al-giro-a-la-derecha-hacia-la-avenida-de-san-jorge\/#breadcrumb"},"inLanguage":"es","potentialAction":[{"@type":"ReadAction","target":["https:\/\/www.laguiadepamplona.com\/actualidad\/el-ayuntamiento-de-pamplona-modificara-la-parada-de-villavesas-del-cruce-cuatrovientos-previa-al-giro-a-la-derecha-hacia-la-avenida-de-san-jorge\/"]}]},{"@type":"ImageObject","inLanguage":"es","@id":"https:\/\/www.laguiadepamplona.com\/actualidad\/el-ayuntamiento-de-pamplona-modificara-la-parada-de-villavesas-del-cruce-cuatrovientos-previa-al-giro-a-la-derecha-hacia-la-avenida-de-san-jorge\/#primaryimage","url":"https:\/\/www.laguiadepamplona.com\/actualidad\/wp-content\/uploads\/2025\/05\/parada_villavesa_web.webp","contentUrl":"https:\/\/www.laguiadepamplona.com\/actualidad\/wp-content\/uploads\/2025\/05\/parada_villavesa_web.webp","width":1000,"height":572,"caption":"parada villavesa"},{"@type":"BreadcrumbList","@id":"https:\/\/www.laguiadepamplona.com\/actualidad\/el-ayuntamiento-de-pamplona-modificara-la-parada-de-villavesas-del-cruce-cuatrovientos-previa-al-giro-a-la-derecha-hacia-la-avenida-de-san-jorge\/#breadcrumb","itemListElement":[{"@type":"ListItem","position":1,"name":"Portada","item":"https:\/\/www.laguiadepamplona.com\/actualidad\/"},{"@type":"ListItem","position":2,"name":"El Ayuntamiento de Pamplona modificar\u00e1 la parada de villavesas del cruce Cuatrovientos, previa al giro a la derecha hacia la avenida de San Jorge"}]},{"@type":"WebSite","@id":"https:\/\/www.laguiadepamplona.com\/actualidad\/#website","url":"https:\/\/www.laguiadepamplona.com\/actualidad\/","name":"La gu\u00eda de Pamplona","description":"Noticias de Pamplona","publisher":{"@id":"https:\/\/www.laguiadepamplona.com\/actualidad\/#organization"},"potentialAction":[{"@type":"SearchAction","target":{"@type":"EntryPoint","urlTemplate":"https:\/\/www.laguiadepamplona.com\/actualidad\/?s={search_term_string}"},"query-input":{"@type":"PropertyValueSpecification","valueRequired":true,"valueName":"search_term_string"}}],"inLanguage":"es"},{"@type":"Organization","@id":"https:\/\/www.laguiadepamplona.com\/actualidad\/#organization","name":"La Gu\u00eda de Pamplona \/ Noticias","url":"https:\/\/www.laguiadepamplona.com\/actualidad\/","logo":{"@type":"ImageObject","inLanguage":"es","@id":"https:\/\/www.laguiadepamplona.com\/actualidad\/#\/schema\/logo\/image\/","url":"https:\/\/www.laguiadepamplona.com\/actualidad\/wp-content\/uploads\/2018\/11\/logo-laguiadepamplona18-web1.png","contentUrl":"https:\/\/www.laguiadepamplona.com\/actualidad\/wp-content\/uploads\/2018\/11\/logo-laguiadepamplona18-web1.png","width":600,"height":196,"caption":"La Gu\u00eda de Pamplona \/ Noticias"},"image":{"@id":"https:\/\/www.laguiadepamplona.com\/actualidad\/#\/schema\/logo\/image\/"},"sameAs":["https:\/\/www.facebook.com\/laguiadepamplonacom-133175176762273\/?ref=hl","https:\/\/x.com\/LaGuiadPamplona","https:\/\/www.instagram.com\/la_guia_de_pamplona\/","https:\/\/www.youtube.com\/user\/laguiadepamplona"]},{"@type":"Person","@id":"https:\/\/www.laguiadepamplona.com\/actualidad\/#\/schema\/person\/efe887376f0213d4657c93adc50b1fdb","name":"La Gu\u00eda de Pamplona","image":{"@type":"ImageObject","inLanguage":"es","@id":"https:\/\/secure.gravatar.com\/avatar\/b6992f131dc8d30ab0dff15446e9d346d9dbd95992de0fef795073f5ea83a81c?s=96&d=mm&r=g","url":"https:\/\/secure.gravatar.com\/avatar\/b6992f131dc8d30ab0dff15446e9d346d9dbd95992de0fef795073f5ea83a81c?s=96&d=mm&r=g","contentUrl":"https:\/\/secure.gravatar.com\/avatar\/b6992f131dc8d30ab0dff15446e9d346d9dbd95992de0fef795073f5ea83a81c?s=96&d=mm&r=g","caption":"La Gu\u00eda de Pamplona"}}]}},"post_mailing_queue_ids":[],"_links":{"self":[{"href":"https:\/\/www.laguiadepamplona.com\/actualidad\/wp-json\/wp\/v2\/posts\/53041","targetHints":{"allow":["GET"]}}],"collection":[{"href":"https:\/\/www.laguiadepamplona.com\/actualidad\/wp-json\/wp\/v2\/posts"}],"about":[{"href":"https:\/\/www.laguiadepamplona.com\/actualidad\/wp-json\/wp\/v2\/types\/post"}],"author":[{"embeddable":true,"href":"https:\/\/www.laguiadepamplona.com\/actualidad\/wp-json\/wp\/v2\/users\/1"}],"replies":[{"embeddable":true,"href":"https:\/\/www.laguiadepamplona.com\/actualidad\/wp-json\/wp\/v2\/comments?post=53041"}],"version-history":[{"count":1,"href":"https:\/\/www.laguiadepamplona.com\/actualidad\/wp-json\/wp\/v2\/posts\/53041\/revisions"}],"predecessor-version":[{"id":53042,"href":"https:\/\/www.laguiadepamplona.com\/actualidad\/wp-json\/wp\/v2\/posts\/53041\/revisions\/53042"}],"wp:featuredmedia":[{"embeddable":true,"href":"https:\/\/www.laguiadepamplona.com\/actualidad\/wp-json\/wp\/v2\/media\/52965"}],"wp:attachment":[{"href":"https:\/\/www.laguiadepamplona.com\/actualidad\/wp-json\/wp\/v2\/media?parent=53041"}],"wp:term":[{"taxonomy":"category","embeddable":true,"href":"https:\/\/www.laguiadepamplona.com\/actualidad\/wp-json\/wp\/v2\/categories?post=53041"},{"taxonomy":"post_tag","embeddable":true,"href":"https:\/\/www.laguiadepamplona.com\/actualidad\/wp-json\/wp\/v2\/tags?post=53041"}],"curies":[{"name":"wp","href":"https:\/\/api.w.org\/{rel}","templated":true}]}}