{"id":53034,"date":"2025-05-22T17:36:16","date_gmt":"2025-05-22T15:36:16","guid":{"rendered":"https:\/\/www.laguiadepamplona.com\/actualidad\/?p=53034"},"modified":"2025-05-22T17:36:16","modified_gmt":"2025-05-22T15:36:16","slug":"propuesta-de-actividades-organizadas-por-el-ayuntamiento-de-pamplona-del-23-al-26-de-mayo-con-plazas-libres","status":"publish","type":"post","link":"https:\/\/www.laguiadepamplona.com\/actualidad\/propuesta-de-actividades-organizadas-por-el-ayuntamiento-de-pamplona-del-23-al-26-de-mayo-con-plazas-libres\/","title":{"rendered":"Propuesta de actividades organizadas por el Ayuntamiento de Pamplona del 23 al 26 de mayo con plazas libres"},"content":{"rendered":"<p><!--more--><\/p>\n<p><strong>VIERNES 23 DE MAYO<\/strong><\/p>\n<p><a href=\"https:\/\/www.pamplona.es\/actualidad\/eventos\/mercadillo-de-intercambio-sin-dinero-museo-de-educacion-ambiental-8\">Mercadillo de intercambio sin dinero. Museo de Educaci\u00f3n Ambiental, de 10 a 13 horas. Libre participaci\u00f3n<\/a><\/p>\n<p>Se ofrece una alternativa a la compra, impulsando la reutilizaci\u00f3n. As\u00ed, se contribuye al cuidado del entorno, ya que se ahorra en materia prima y energ\u00eda. Se puede encontrar desde ropa, calzado, abalorios, libros, juguetes, etc. Las personas participantes traer\u00e1n objetos en buen estado que ya no utilicen y que puedan ser de inter\u00e9s para otras personas. Podr\u00e1n intercambiar hasta un m\u00e1ximo de seis objetos por semana por otros objetos de valor similar.<\/p>\n<p><a href=\"https:\/\/www.pamplona.es\/actualidad\/eventos\/visita-guiada-en-euskera-edificios-emblematicos-del-ii-ensanche-punto-de\">Visita guiada en euskera. Edificios emblem\u00e1ticos del II Ensanche. Punto de encuentro: avda. San Ignacio 7, 11 horas. Entrada: 2 euros, previa inscripci\u00f3n en el 010, la red Civivox o<\/a> <a href=\"http:\/\/www.pamplonaescultura.es\">www.pamplonaescultura.es<\/a><\/p>\n<p>Nos adentraremos en la construcci\u00f3n y desarrollo del Segundo Ensanche de Pamplona y descubriremos los edificios que definieron su expansi\u00f3n a principios del siglo XX. Un recorrido por las joyas arquitect\u00f3nicas que marcaron el crecimiento y modernizaci\u00f3n de la ciudad, dejando una huella \u00fanica en nuestro urbanismo. Visita guiada por Aitziber Im\u00edzcoz.<\/p>\n<p><a href=\"https:\/\/www.pamplona.es\/actualidad\/eventos\/ii-semana-de-la-diversidad-charla-informativa-y-presentacion-de-documental-el\">II Semana de la Diversidad. Charla informativa y presentaci\u00f3n de documental \u2018El Legado\u2019. Sala Descalzos (c\/ Descalzos, 56 \u2013 2\u00aa planta), 17 horas. Entrada libre, hasta completar el aforo<\/a><\/p>\n<p>Doble sesi\u00f3n dentro de las actividades organizadas en la II Semana de la Diversidad. A las 17 horas, se llevar\u00e1 a cabo la charla \u2018Conversatorio desde las voces afrodescendiente\u2019 y, despu\u00e9s, a las 18.30 horas, se presentar\u00e1 la serie documental \u2018El Legado\u2019.<\/p>\n<p><a href=\"https:\/\/www.pamplona.es\/actualidad\/eventos\/cuentacuentos-en-euskera-ipuinak-ere-danzan-biblioteca-publica-de-milagrosa\">Cuentacuentos en euskera. \u201cIpuinak ere danzan\u201d. Biblioteca P\u00fablica de Milagrosa, 18 horas. Inscripci\u00f3n en la propia biblioteca, el tel\u00e9fono 948 24 54 60 o<\/a> <a href=\"mailto:biblimil@navarra.es\">biblimil@navarra.es<\/a><\/p>\n<p>\u00a1Nueva cita con los cuentacuentos en euskara! \u00bfCon qui\u00e9n? Con Maitane P\u00e9rez, que contar\u00e1 grandes historias para los m\u00e1s peque\u00f1os. En mayo, adem\u00e1s de flores, \u00a1cuentos! Para p\u00fablico infantil a partir de 4 a\u00f1os.<\/p>\n<p><a href=\"https:\/\/www.pamplona.es\/actualidad\/eventos\/dia-internacional-del-reciclaje-taller-de-manualidades-transforma-y-decora-de\">D\u00eda Internacional del Reciclaje. Taller de manualidades. Transforma y decora: de cristal a barrio. Casa de la Juventud, 19 horas. Entrada libre, hasta completar el aforo<\/a><\/p>\n<p>A trav\u00e9s de t\u00e9cnicas simples y materiales reciclados, se aprender\u00e1 a transformar botellas, jarrones y vasijas de cristal en piezas decorativas con efecto cer\u00e1mico, combin\u00e1ndolo con la creaci\u00f3n de hojas de palma de papel kraft para completar la decoraci\u00f3n. Para culminar el taller, se preparar\u00e1 un set de fotograf\u00eda donde exponer las creaciones en un entorno cuidado y profesional, ideal para compartir en redes sociales.<\/p>\n<p><a href=\"https:\/\/www.pamplona.es\/actualidad\/eventos\/ii-semana-de-la-diversidad-musica-dj-kabia-y-zaunka-plaza-de-la-virgen-de-la-o\">II Semana de la Diversidad. M\u00fasica. DJ Kabia y Zaunka. Plaza de la Virgen de la O, a partir de las 19.30 horas. Libre participaci\u00f3n<\/a><\/p>\n<p>Citas musicales tambi\u00e9n en la II Semana de la Diversidad con dos conciertos en la plaza de la Virgen de la O. A las 19.30 horas, actuar\u00e1 DJ Kabia y, a las 20.45 horas, el grupo Zaunka.<\/p>\n<p><strong>\u00a0<\/strong><\/p>\n<p><strong>S\u00c1BADO 24 DE MAYO<\/strong><\/p>\n<p><a href=\"https:\/\/www.pamplona.es\/actualidad\/eventos\/de-par-de-manana-atrapasuenos-casa-de-la-juventud\">De par de ma\u00f1ana. Atrapasue\u00f1os. Casa de la Juventud, 11.30 horas. Entrada libre, hasta completar el aforo<\/a><\/p>\n<p>Ma\u00f1ana en la Casa de la Juventud para pasar un buen rato con un taller creativo en el que se confeccionar\u00e1 un atrapasue\u00f1os con distintos materiales.<\/p>\n<p><a href=\"https:\/\/www.pamplona.es\/actualidad\/eventos\/charla-debate-alimentacion-saludable-y-respetuosa-con-el-planeta-mercado-del\">Charla &#8211; debate. Alimentaci\u00f3n saludable y respetuosa con el planeta. Mercado del Ensanche, 11.30 horas. Entrada libre, hasta completar el aforo<\/a><\/p>\n<p>La ONG Medicus Mundi, en colaboraci\u00f3n con Comiru\u00f1a, organiza una charla en el Mercado del Ensanche sobre los v\u00ednculos entre alimentaci\u00f3n, salud y sostenibilidad en el marco del proyecto de cooperaci\u00f3n en salud que financia en Bolivia el Ayuntamiento de Pamplona. La sesi\u00f3n contar\u00e1 con la intervenci\u00f3n del nutricionista \u00cd\u00f1igo Perales Barriendo y de Idoia Garc\u00eda, t\u00e9cnica de proyectos de cooperaci\u00f3n de Medicus Mundi para Am\u00e9rica Latina. Esta es una apuesta por repensar nuestros h\u00e1bitos alimentarios desde una perspectiva global y ecol\u00f3gica, poniendo en valor los mercados como lugares de encuentro, cultura y vida comunitaria.<\/p>\n<p><a href=\"https:\/\/www.pamplona.es\/actualidad\/eventos\/el-legado-de-sarasate-escape-room-el-misterio-de-pablo-sarasate-sala-museo-de\">El legado de Sarasate. Escape room. El misterio de Pablo Sarasate. Sala Museo de Pablo Sarasate (Civivox Condestable), 12 horas. Entrada libre, previa inscripci\u00f3n en el 010, la red Civivox o<\/a> <a href=\"http:\/\/www.pamplonaescultura.es\">www.pamplonaescultura.es<\/a>.<\/p>\n<p>\u00a1Bienvenidas y bienvenidos al misterio de Pablo Sarasate! Viajar\u00e9is en el tiempo para descubrir los secretos del famoso violinista navarro y su m\u00fasica m\u00e1gica. \u00a1Desafiad vuestro ingenio y resolved los enigmas para desbloquear el legado de Sarasate antes de que el reloj se detenga! Para j\u00f3venes entre 10 y 14 a\u00f1os. Con Kokea.<\/p>\n<p><a href=\"https:\/\/www.pamplona.es\/actualidad\/eventos\/magia-cuentacuentos-con-magia-civivox-milagrosa\">Magia. Cuentacuentos con magia. Civivox Milagrosa, 12 horas, y Civivox Ensanche, 18 horas. Entrada libre, hasta completar el aforo<\/a><\/p>\n<p>El humor y la magia se dan la mano en un espect\u00e1culo para todos los p\u00fablicos, que puede provocar agujetas severas en la parte abdominal. Con Sergio de Andr\u00e9s, para p\u00fablico infantil mayor de 4 a\u00f1os.<\/p>\n<p><a href=\"https:\/\/www.pamplona.es\/actualidad\/eventos\/media-tarde-bingo-casa-de-la-juventud\">A media tarde. Bingo. Casa de la Juventud, 17.30 horas. Entrada libre, hasta completar el aforo<\/a><\/p>\n<p>Tarde para tentar a la suerte con partidas al bingo en las que se busca cantar l\u00ednea, cart\u00f3n y bingo antes que nadie.<\/p>\n<p><a href=\"https:\/\/www.pamplona.es\/actualidad\/eventos\/cinetag-proyeccion-cinematografica-el-reverendo-de-paul-schrader-casa-de-la\">#Cinetag. Proyecci\u00f3n cinematogr\u00e1fica. \u2018El reverendo\u2019, de Paul Schrader. Casa de la Juventud, 18 horas. Entrada libre, hasta completar el aforo<\/a><\/p>\n<p>El encuentro con un activista medioambiental y su esposa embarazada radicaliza poco a poco la ideolog\u00eda de un pastor evang\u00e9lico, un antiguo capell\u00e1n del ej\u00e9rcito, todav\u00eda marcado por la muerte de su hijo en Irak, que dirige una peque\u00f1a iglesia en el norte del estado de Nueva York.<\/p>\n<p><a href=\"https:\/\/www.pamplona.es\/actualidad\/eventos\/ciclo-de-cine-europeo-proyeccion-cinematografica-emilia-perez-de-jacques-audiard\">Ciclo de cine europeo. Proyecci\u00f3n cinematogr\u00e1fica. \u2018Emilia P\u00e9rez\u2019, de Jacques Audiard. Civivox Condestable, 19 horas. Entrada libre, previa inscripci\u00f3n en el 010, la red Civivox o<\/a> <a href=\"http:\/\/www.pamplonaescultura.es\">www.pamplonaescultura.es<\/a><\/p>\n<p>Rita Mora Castro es una infravalorada abogada mexicana de un gran bufete que un d\u00eda recibe una oferta inesperada: ayudar a un temido jefe de un cartel, Juan &#8216;Manitas&#8217; del Monte, a retirarse de su negocio y desaparecer para siempre convirti\u00e9ndose en la mujer que \u00e9l siempre ha so\u00f1ado ser: Emilia P\u00e9rez.<\/p>\n<p>&nbsp;<\/p>\n<p><strong>LUNES 26 DE MAYO<\/strong><\/p>\n<p><a href=\"https:\/\/www.pamplona.es\/actualidad\/eventos\/memoria-eszenikoa-visita-teatralizada-en-euskera-punto-de-encuentro-plaza-santa\">Memoria Eszenikoa. Visita teatralizada en euskera. Punto de encuentro: plaza Santa Mar\u00eda la Real, 12 horas. Entrada libre, previa inscripci\u00f3n en el 010, la red Civivox o<\/a> <a href=\"http:\/\/www.pamplonaescultura.es\">www.pamplonaescultura.es<\/a><\/p>\n<p>Ruta teatralizada que a lo largo de las calles del Casco Cntiguo de Pamplona da vida a algunas de las mujeres que han hecho historia de la ciudad. Recorre algunos lugares que han sido significativos; muchos de ellos, lugares de encuentro y apoyo mutuo. Se representa a mujeres de distintas \u00e9pocas, oficios y desempe\u00f1os, poniendo especial \u00e9nfasis en la Pamplona de la primera mitad del siglo XX y los sucesos pol\u00edticos, econ\u00f3micos y sociales de dicha \u00e9poca.<\/p>\n","protected":false},"excerpt":{"rendered":"","protected":false},"author":1,"featured_media":50736,"comment_status":"open","ping_status":"closed","sticky":false,"template":"","format":"standard","meta":{"footnotes":""},"categories":[2],"tags":[],"class_list":["post-53034","post","type-post","status-publish","format-standard","has-post-thumbnail","hentry","category-ayuntamiento-pamplona"],"yoast_head":"<!-- This site is optimized with the Yoast SEO plugin v27.3 - https:\/\/yoast.com\/product\/yoast-seo-wordpress\/ -->\n<title>Propuesta de actividades organizadas por el Ayuntamiento de Pamplona del 23 al 26 de mayo con plazas libres<\/title>\n<meta name=\"robots\" content=\"index, follow, max-snippet:-1, max-image-preview:large, max-video-preview:-1\" \/>\n<link rel=\"canonical\" href=\"https:\/\/www.laguiadepamplona.com\/actualidad\/propuesta-de-actividades-organizadas-por-el-ayuntamiento-de-pamplona-del-23-al-26-de-mayo-con-plazas-libres\/\" \/>\n<meta property=\"og:locale\" content=\"es_ES\" \/>\n<meta property=\"og:type\" content=\"article\" \/>\n<meta property=\"og:title\" content=\"Propuesta de actividades organizadas por el Ayuntamiento de Pamplona del 23 al 26 de mayo con plazas libres\" \/>\n<meta property=\"og:url\" content=\"https:\/\/www.laguiadepamplona.com\/actualidad\/propuesta-de-actividades-organizadas-por-el-ayuntamiento-de-pamplona-del-23-al-26-de-mayo-con-plazas-libres\/\" \/>\n<meta property=\"og:site_name\" content=\"La Gu\u00eda de Pamplona\" \/>\n<meta property=\"article:publisher\" content=\"https:\/\/www.facebook.com\/laguiadepamplonacom-133175176762273\/?ref=hl\" \/>\n<meta property=\"article:published_time\" content=\"2025-05-22T15:36:16+00:00\" \/>\n<meta property=\"og:image\" content=\"https:\/\/www.laguiadepamplona.com\/actualidad\/wp-content\/uploads\/2024\/09\/Fachada-Ayuntamiento_contacto-Comarca_web2.webp\" \/>\n\t<meta property=\"og:image:width\" content=\"1000\" \/>\n\t<meta property=\"og:image:height\" content=\"646\" \/>\n\t<meta property=\"og:image:type\" content=\"image\/webp\" \/>\n<meta name=\"author\" content=\"La Gu\u00eda de Pamplona\" \/>\n<meta name=\"twitter:card\" content=\"summary_large_image\" \/>\n<meta name=\"twitter:creator\" content=\"@LaGuiadPamplona\" \/>\n<meta name=\"twitter:site\" content=\"@LaGuiadPamplona\" \/>\n<meta name=\"twitter:label1\" content=\"Escrito por\" \/>\n\t<meta name=\"twitter:data1\" content=\"La Gu\u00eda de Pamplona\" \/>\n\t<meta name=\"twitter:label2\" content=\"Tiempo de lectura\" \/>\n\t<meta name=\"twitter:data2\" content=\"5 minutos\" \/>\n<script type=\"application\/ld+json\" class=\"yoast-schema-graph\">{\"@context\":\"https:\\\/\\\/schema.org\",\"@graph\":[{\"@type\":\"Article\",\"@id\":\"https:\\\/\\\/www.laguiadepamplona.com\\\/actualidad\\\/propuesta-de-actividades-organizadas-por-el-ayuntamiento-de-pamplona-del-23-al-26-de-mayo-con-plazas-libres\\\/#article\",\"isPartOf\":{\"@id\":\"https:\\\/\\\/www.laguiadepamplona.com\\\/actualidad\\\/propuesta-de-actividades-organizadas-por-el-ayuntamiento-de-pamplona-del-23-al-26-de-mayo-con-plazas-libres\\\/\"},\"author\":{\"name\":\"La Gu\u00eda de Pamplona\",\"@id\":\"https:\\\/\\\/www.laguiadepamplona.com\\\/actualidad\\\/#\\\/schema\\\/person\\\/efe887376f0213d4657c93adc50b1fdb\"},\"headline\":\"Propuesta de actividades organizadas por el Ayuntamiento de Pamplona del 23 al 26 de mayo con plazas libres\",\"datePublished\":\"2025-05-22T15:36:16+00:00\",\"mainEntityOfPage\":{\"@id\":\"https:\\\/\\\/www.laguiadepamplona.com\\\/actualidad\\\/propuesta-de-actividades-organizadas-por-el-ayuntamiento-de-pamplona-del-23-al-26-de-mayo-con-plazas-libres\\\/\"},\"wordCount\":1136,\"commentCount\":0,\"publisher\":{\"@id\":\"https:\\\/\\\/www.laguiadepamplona.com\\\/actualidad\\\/#organization\"},\"image\":{\"@id\":\"https:\\\/\\\/www.laguiadepamplona.com\\\/actualidad\\\/propuesta-de-actividades-organizadas-por-el-ayuntamiento-de-pamplona-del-23-al-26-de-mayo-con-plazas-libres\\\/#primaryimage\"},\"thumbnailUrl\":\"https:\\\/\\\/www.laguiadepamplona.com\\\/actualidad\\\/wp-content\\\/uploads\\\/2024\\\/09\\\/Fachada-Ayuntamiento_contacto-Comarca_web2.webp\",\"articleSection\":[\"Ayto Pamplona\"],\"inLanguage\":\"es\",\"potentialAction\":[{\"@type\":\"CommentAction\",\"name\":\"Comment\",\"target\":[\"https:\\\/\\\/www.laguiadepamplona.com\\\/actualidad\\\/propuesta-de-actividades-organizadas-por-el-ayuntamiento-de-pamplona-del-23-al-26-de-mayo-con-plazas-libres\\\/#respond\"]}]},{\"@type\":\"WebPage\",\"@id\":\"https:\\\/\\\/www.laguiadepamplona.com\\\/actualidad\\\/propuesta-de-actividades-organizadas-por-el-ayuntamiento-de-pamplona-del-23-al-26-de-mayo-con-plazas-libres\\\/\",\"url\":\"https:\\\/\\\/www.laguiadepamplona.com\\\/actualidad\\\/propuesta-de-actividades-organizadas-por-el-ayuntamiento-de-pamplona-del-23-al-26-de-mayo-con-plazas-libres\\\/\",\"name\":\"Propuesta de actividades organizadas por el Ayuntamiento de Pamplona del 23 al 26 de mayo con plazas libres\",\"isPartOf\":{\"@id\":\"https:\\\/\\\/www.laguiadepamplona.com\\\/actualidad\\\/#website\"},\"primaryImageOfPage\":{\"@id\":\"https:\\\/\\\/www.laguiadepamplona.com\\\/actualidad\\\/propuesta-de-actividades-organizadas-por-el-ayuntamiento-de-pamplona-del-23-al-26-de-mayo-con-plazas-libres\\\/#primaryimage\"},\"image\":{\"@id\":\"https:\\\/\\\/www.laguiadepamplona.com\\\/actualidad\\\/propuesta-de-actividades-organizadas-por-el-ayuntamiento-de-pamplona-del-23-al-26-de-mayo-con-plazas-libres\\\/#primaryimage\"},\"thumbnailUrl\":\"https:\\\/\\\/www.laguiadepamplona.com\\\/actualidad\\\/wp-content\\\/uploads\\\/2024\\\/09\\\/Fachada-Ayuntamiento_contacto-Comarca_web2.webp\",\"datePublished\":\"2025-05-22T15:36:16+00:00\",\"breadcrumb\":{\"@id\":\"https:\\\/\\\/www.laguiadepamplona.com\\\/actualidad\\\/propuesta-de-actividades-organizadas-por-el-ayuntamiento-de-pamplona-del-23-al-26-de-mayo-con-plazas-libres\\\/#breadcrumb\"},\"inLanguage\":\"es\",\"potentialAction\":[{\"@type\":\"ReadAction\",\"target\":[\"https:\\\/\\\/www.laguiadepamplona.com\\\/actualidad\\\/propuesta-de-actividades-organizadas-por-el-ayuntamiento-de-pamplona-del-23-al-26-de-mayo-con-plazas-libres\\\/\"]}]},{\"@type\":\"ImageObject\",\"inLanguage\":\"es\",\"@id\":\"https:\\\/\\\/www.laguiadepamplona.com\\\/actualidad\\\/propuesta-de-actividades-organizadas-por-el-ayuntamiento-de-pamplona-del-23-al-26-de-mayo-con-plazas-libres\\\/#primaryimage\",\"url\":\"https:\\\/\\\/www.laguiadepamplona.com\\\/actualidad\\\/wp-content\\\/uploads\\\/2024\\\/09\\\/Fachada-Ayuntamiento_contacto-Comarca_web2.webp\",\"contentUrl\":\"https:\\\/\\\/www.laguiadepamplona.com\\\/actualidad\\\/wp-content\\\/uploads\\\/2024\\\/09\\\/Fachada-Ayuntamiento_contacto-Comarca_web2.webp\",\"width\":1000,\"height\":646,\"caption\":\"fachada ayuntamiento\"},{\"@type\":\"BreadcrumbList\",\"@id\":\"https:\\\/\\\/www.laguiadepamplona.com\\\/actualidad\\\/propuesta-de-actividades-organizadas-por-el-ayuntamiento-de-pamplona-del-23-al-26-de-mayo-con-plazas-libres\\\/#breadcrumb\",\"itemListElement\":[{\"@type\":\"ListItem\",\"position\":1,\"name\":\"Portada\",\"item\":\"https:\\\/\\\/www.laguiadepamplona.com\\\/actualidad\\\/\"},{\"@type\":\"ListItem\",\"position\":2,\"name\":\"Propuesta de actividades organizadas por el Ayuntamiento de Pamplona del 23 al 26 de mayo con plazas libres\"}]},{\"@type\":\"WebSite\",\"@id\":\"https:\\\/\\\/www.laguiadepamplona.com\\\/actualidad\\\/#website\",\"url\":\"https:\\\/\\\/www.laguiadepamplona.com\\\/actualidad\\\/\",\"name\":\"La gu\u00eda de Pamplona\",\"description\":\"Noticias de Pamplona\",\"publisher\":{\"@id\":\"https:\\\/\\\/www.laguiadepamplona.com\\\/actualidad\\\/#organization\"},\"potentialAction\":[{\"@type\":\"SearchAction\",\"target\":{\"@type\":\"EntryPoint\",\"urlTemplate\":\"https:\\\/\\\/www.laguiadepamplona.com\\\/actualidad\\\/?s={search_term_string}\"},\"query-input\":{\"@type\":\"PropertyValueSpecification\",\"valueRequired\":true,\"valueName\":\"search_term_string\"}}],\"inLanguage\":\"es\"},{\"@type\":\"Organization\",\"@id\":\"https:\\\/\\\/www.laguiadepamplona.com\\\/actualidad\\\/#organization\",\"name\":\"La Gu\u00eda de Pamplona \\\/ Noticias\",\"url\":\"https:\\\/\\\/www.laguiadepamplona.com\\\/actualidad\\\/\",\"logo\":{\"@type\":\"ImageObject\",\"inLanguage\":\"es\",\"@id\":\"https:\\\/\\\/www.laguiadepamplona.com\\\/actualidad\\\/#\\\/schema\\\/logo\\\/image\\\/\",\"url\":\"https:\\\/\\\/www.laguiadepamplona.com\\\/actualidad\\\/wp-content\\\/uploads\\\/2018\\\/11\\\/logo-laguiadepamplona18-web1.png\",\"contentUrl\":\"https:\\\/\\\/www.laguiadepamplona.com\\\/actualidad\\\/wp-content\\\/uploads\\\/2018\\\/11\\\/logo-laguiadepamplona18-web1.png\",\"width\":600,\"height\":196,\"caption\":\"La Gu\u00eda de Pamplona \\\/ Noticias\"},\"image\":{\"@id\":\"https:\\\/\\\/www.laguiadepamplona.com\\\/actualidad\\\/#\\\/schema\\\/logo\\\/image\\\/\"},\"sameAs\":[\"https:\\\/\\\/www.facebook.com\\\/laguiadepamplonacom-133175176762273\\\/?ref=hl\",\"https:\\\/\\\/x.com\\\/LaGuiadPamplona\",\"https:\\\/\\\/www.instagram.com\\\/la_guia_de_pamplona\\\/\",\"https:\\\/\\\/www.youtube.com\\\/user\\\/laguiadepamplona\"]},{\"@type\":\"Person\",\"@id\":\"https:\\\/\\\/www.laguiadepamplona.com\\\/actualidad\\\/#\\\/schema\\\/person\\\/efe887376f0213d4657c93adc50b1fdb\",\"name\":\"La Gu\u00eda de Pamplona\",\"image\":{\"@type\":\"ImageObject\",\"inLanguage\":\"es\",\"@id\":\"https:\\\/\\\/secure.gravatar.com\\\/avatar\\\/b6992f131dc8d30ab0dff15446e9d346d9dbd95992de0fef795073f5ea83a81c?s=96&d=mm&r=g\",\"url\":\"https:\\\/\\\/secure.gravatar.com\\\/avatar\\\/b6992f131dc8d30ab0dff15446e9d346d9dbd95992de0fef795073f5ea83a81c?s=96&d=mm&r=g\",\"contentUrl\":\"https:\\\/\\\/secure.gravatar.com\\\/avatar\\\/b6992f131dc8d30ab0dff15446e9d346d9dbd95992de0fef795073f5ea83a81c?s=96&d=mm&r=g\",\"caption\":\"La Gu\u00eda de Pamplona\"}}]}<\/script>\n<!-- \/ Yoast SEO plugin. -->","yoast_head_json":{"title":"Propuesta de actividades organizadas por el Ayuntamiento de Pamplona del 23 al 26 de mayo con plazas libres","robots":{"index":"index","follow":"follow","max-snippet":"max-snippet:-1","max-image-preview":"max-image-preview:large","max-video-preview":"max-video-preview:-1"},"canonical":"https:\/\/www.laguiadepamplona.com\/actualidad\/propuesta-de-actividades-organizadas-por-el-ayuntamiento-de-pamplona-del-23-al-26-de-mayo-con-plazas-libres\/","og_locale":"es_ES","og_type":"article","og_title":"Propuesta de actividades organizadas por el Ayuntamiento de Pamplona del 23 al 26 de mayo con plazas libres","og_url":"https:\/\/www.laguiadepamplona.com\/actualidad\/propuesta-de-actividades-organizadas-por-el-ayuntamiento-de-pamplona-del-23-al-26-de-mayo-con-plazas-libres\/","og_site_name":"La Gu\u00eda de Pamplona","article_publisher":"https:\/\/www.facebook.com\/laguiadepamplonacom-133175176762273\/?ref=hl","article_published_time":"2025-05-22T15:36:16+00:00","og_image":[{"width":1000,"height":646,"url":"https:\/\/www.laguiadepamplona.com\/actualidad\/wp-content\/uploads\/2024\/09\/Fachada-Ayuntamiento_contacto-Comarca_web2.webp","type":"image\/webp"}],"author":"La Gu\u00eda de Pamplona","twitter_card":"summary_large_image","twitter_creator":"@LaGuiadPamplona","twitter_site":"@LaGuiadPamplona","twitter_misc":{"Escrito por":"La Gu\u00eda de Pamplona","Tiempo de lectura":"5 minutos"},"schema":{"@context":"https:\/\/schema.org","@graph":[{"@type":"Article","@id":"https:\/\/www.laguiadepamplona.com\/actualidad\/propuesta-de-actividades-organizadas-por-el-ayuntamiento-de-pamplona-del-23-al-26-de-mayo-con-plazas-libres\/#article","isPartOf":{"@id":"https:\/\/www.laguiadepamplona.com\/actualidad\/propuesta-de-actividades-organizadas-por-el-ayuntamiento-de-pamplona-del-23-al-26-de-mayo-con-plazas-libres\/"},"author":{"name":"La Gu\u00eda de Pamplona","@id":"https:\/\/www.laguiadepamplona.com\/actualidad\/#\/schema\/person\/efe887376f0213d4657c93adc50b1fdb"},"headline":"Propuesta de actividades organizadas por el Ayuntamiento de Pamplona del 23 al 26 de mayo con plazas libres","datePublished":"2025-05-22T15:36:16+00:00","mainEntityOfPage":{"@id":"https:\/\/www.laguiadepamplona.com\/actualidad\/propuesta-de-actividades-organizadas-por-el-ayuntamiento-de-pamplona-del-23-al-26-de-mayo-con-plazas-libres\/"},"wordCount":1136,"commentCount":0,"publisher":{"@id":"https:\/\/www.laguiadepamplona.com\/actualidad\/#organization"},"image":{"@id":"https:\/\/www.laguiadepamplona.com\/actualidad\/propuesta-de-actividades-organizadas-por-el-ayuntamiento-de-pamplona-del-23-al-26-de-mayo-con-plazas-libres\/#primaryimage"},"thumbnailUrl":"https:\/\/www.laguiadepamplona.com\/actualidad\/wp-content\/uploads\/2024\/09\/Fachada-Ayuntamiento_contacto-Comarca_web2.webp","articleSection":["Ayto Pamplona"],"inLanguage":"es","potentialAction":[{"@type":"CommentAction","name":"Comment","target":["https:\/\/www.laguiadepamplona.com\/actualidad\/propuesta-de-actividades-organizadas-por-el-ayuntamiento-de-pamplona-del-23-al-26-de-mayo-con-plazas-libres\/#respond"]}]},{"@type":"WebPage","@id":"https:\/\/www.laguiadepamplona.com\/actualidad\/propuesta-de-actividades-organizadas-por-el-ayuntamiento-de-pamplona-del-23-al-26-de-mayo-con-plazas-libres\/","url":"https:\/\/www.laguiadepamplona.com\/actualidad\/propuesta-de-actividades-organizadas-por-el-ayuntamiento-de-pamplona-del-23-al-26-de-mayo-con-plazas-libres\/","name":"Propuesta de actividades organizadas por el Ayuntamiento de Pamplona del 23 al 26 de mayo con plazas libres","isPartOf":{"@id":"https:\/\/www.laguiadepamplona.com\/actualidad\/#website"},"primaryImageOfPage":{"@id":"https:\/\/www.laguiadepamplona.com\/actualidad\/propuesta-de-actividades-organizadas-por-el-ayuntamiento-de-pamplona-del-23-al-26-de-mayo-con-plazas-libres\/#primaryimage"},"image":{"@id":"https:\/\/www.laguiadepamplona.com\/actualidad\/propuesta-de-actividades-organizadas-por-el-ayuntamiento-de-pamplona-del-23-al-26-de-mayo-con-plazas-libres\/#primaryimage"},"thumbnailUrl":"https:\/\/www.laguiadepamplona.com\/actualidad\/wp-content\/uploads\/2024\/09\/Fachada-Ayuntamiento_contacto-Comarca_web2.webp","datePublished":"2025-05-22T15:36:16+00:00","breadcrumb":{"@id":"https:\/\/www.laguiadepamplona.com\/actualidad\/propuesta-de-actividades-organizadas-por-el-ayuntamiento-de-pamplona-del-23-al-26-de-mayo-con-plazas-libres\/#breadcrumb"},"inLanguage":"es","potentialAction":[{"@type":"ReadAction","target":["https:\/\/www.laguiadepamplona.com\/actualidad\/propuesta-de-actividades-organizadas-por-el-ayuntamiento-de-pamplona-del-23-al-26-de-mayo-con-plazas-libres\/"]}]},{"@type":"ImageObject","inLanguage":"es","@id":"https:\/\/www.laguiadepamplona.com\/actualidad\/propuesta-de-actividades-organizadas-por-el-ayuntamiento-de-pamplona-del-23-al-26-de-mayo-con-plazas-libres\/#primaryimage","url":"https:\/\/www.laguiadepamplona.com\/actualidad\/wp-content\/uploads\/2024\/09\/Fachada-Ayuntamiento_contacto-Comarca_web2.webp","contentUrl":"https:\/\/www.laguiadepamplona.com\/actualidad\/wp-content\/uploads\/2024\/09\/Fachada-Ayuntamiento_contacto-Comarca_web2.webp","width":1000,"height":646,"caption":"fachada ayuntamiento"},{"@type":"BreadcrumbList","@id":"https:\/\/www.laguiadepamplona.com\/actualidad\/propuesta-de-actividades-organizadas-por-el-ayuntamiento-de-pamplona-del-23-al-26-de-mayo-con-plazas-libres\/#breadcrumb","itemListElement":[{"@type":"ListItem","position":1,"name":"Portada","item":"https:\/\/www.laguiadepamplona.com\/actualidad\/"},{"@type":"ListItem","position":2,"name":"Propuesta de actividades organizadas por el Ayuntamiento de Pamplona del 23 al 26 de mayo con plazas libres"}]},{"@type":"WebSite","@id":"https:\/\/www.laguiadepamplona.com\/actualidad\/#website","url":"https:\/\/www.laguiadepamplona.com\/actualidad\/","name":"La gu\u00eda de Pamplona","description":"Noticias de Pamplona","publisher":{"@id":"https:\/\/www.laguiadepamplona.com\/actualidad\/#organization"},"potentialAction":[{"@type":"SearchAction","target":{"@type":"EntryPoint","urlTemplate":"https:\/\/www.laguiadepamplona.com\/actualidad\/?s={search_term_string}"},"query-input":{"@type":"PropertyValueSpecification","valueRequired":true,"valueName":"search_term_string"}}],"inLanguage":"es"},{"@type":"Organization","@id":"https:\/\/www.laguiadepamplona.com\/actualidad\/#organization","name":"La Gu\u00eda de Pamplona \/ Noticias","url":"https:\/\/www.laguiadepamplona.com\/actualidad\/","logo":{"@type":"ImageObject","inLanguage":"es","@id":"https:\/\/www.laguiadepamplona.com\/actualidad\/#\/schema\/logo\/image\/","url":"https:\/\/www.laguiadepamplona.com\/actualidad\/wp-content\/uploads\/2018\/11\/logo-laguiadepamplona18-web1.png","contentUrl":"https:\/\/www.laguiadepamplona.com\/actualidad\/wp-content\/uploads\/2018\/11\/logo-laguiadepamplona18-web1.png","width":600,"height":196,"caption":"La Gu\u00eda de Pamplona \/ Noticias"},"image":{"@id":"https:\/\/www.laguiadepamplona.com\/actualidad\/#\/schema\/logo\/image\/"},"sameAs":["https:\/\/www.facebook.com\/laguiadepamplonacom-133175176762273\/?ref=hl","https:\/\/x.com\/LaGuiadPamplona","https:\/\/www.instagram.com\/la_guia_de_pamplona\/","https:\/\/www.youtube.com\/user\/laguiadepamplona"]},{"@type":"Person","@id":"https:\/\/www.laguiadepamplona.com\/actualidad\/#\/schema\/person\/efe887376f0213d4657c93adc50b1fdb","name":"La Gu\u00eda de Pamplona","image":{"@type":"ImageObject","inLanguage":"es","@id":"https:\/\/secure.gravatar.com\/avatar\/b6992f131dc8d30ab0dff15446e9d346d9dbd95992de0fef795073f5ea83a81c?s=96&d=mm&r=g","url":"https:\/\/secure.gravatar.com\/avatar\/b6992f131dc8d30ab0dff15446e9d346d9dbd95992de0fef795073f5ea83a81c?s=96&d=mm&r=g","contentUrl":"https:\/\/secure.gravatar.com\/avatar\/b6992f131dc8d30ab0dff15446e9d346d9dbd95992de0fef795073f5ea83a81c?s=96&d=mm&r=g","caption":"La Gu\u00eda de Pamplona"}}]}},"post_mailing_queue_ids":[],"_links":{"self":[{"href":"https:\/\/www.laguiadepamplona.com\/actualidad\/wp-json\/wp\/v2\/posts\/53034","targetHints":{"allow":["GET"]}}],"collection":[{"href":"https:\/\/www.laguiadepamplona.com\/actualidad\/wp-json\/wp\/v2\/posts"}],"about":[{"href":"https:\/\/www.laguiadepamplona.com\/actualidad\/wp-json\/wp\/v2\/types\/post"}],"author":[{"embeddable":true,"href":"https:\/\/www.laguiadepamplona.com\/actualidad\/wp-json\/wp\/v2\/users\/1"}],"replies":[{"embeddable":true,"href":"https:\/\/www.laguiadepamplona.com\/actualidad\/wp-json\/wp\/v2\/comments?post=53034"}],"version-history":[{"count":1,"href":"https:\/\/www.laguiadepamplona.com\/actualidad\/wp-json\/wp\/v2\/posts\/53034\/revisions"}],"predecessor-version":[{"id":53035,"href":"https:\/\/www.laguiadepamplona.com\/actualidad\/wp-json\/wp\/v2\/posts\/53034\/revisions\/53035"}],"wp:featuredmedia":[{"embeddable":true,"href":"https:\/\/www.laguiadepamplona.com\/actualidad\/wp-json\/wp\/v2\/media\/50736"}],"wp:attachment":[{"href":"https:\/\/www.laguiadepamplona.com\/actualidad\/wp-json\/wp\/v2\/media?parent=53034"}],"wp:term":[{"taxonomy":"category","embeddable":true,"href":"https:\/\/www.laguiadepamplona.com\/actualidad\/wp-json\/wp\/v2\/categories?post=53034"},{"taxonomy":"post_tag","embeddable":true,"href":"https:\/\/www.laguiadepamplona.com\/actualidad\/wp-json\/wp\/v2\/tags?post=53034"}],"curies":[{"name":"wp","href":"https:\/\/api.w.org\/{rel}","templated":true}]}}