{"id":53025,"date":"2025-05-22T17:28:45","date_gmt":"2025-05-22T15:28:45","guid":{"rendered":"https:\/\/www.laguiadepamplona.com\/actualidad\/?p=53025"},"modified":"2025-05-22T17:28:45","modified_gmt":"2025-05-22T15:28:45","slug":"la-sala-de-armas-muestra-diez-proyectos-desarrollados-por-doce-creadores-locales-seleccionados-en-el-programa-de-ayudas-a-las-artes-plasticas-y-visuales-de-2024","status":"publish","type":"post","link":"https:\/\/www.laguiadepamplona.com\/actualidad\/la-sala-de-armas-muestra-diez-proyectos-desarrollados-por-doce-creadores-locales-seleccionados-en-el-programa-de-ayudas-a-las-artes-plasticas-y-visuales-de-2024\/","title":{"rendered":"La Sala de Armas muestra diez proyectos desarrollados por doce creadores locales seleccionados en el Programa de Ayudas a las Artes Pl\u00e1sticas y Visuales de 2024"},"content":{"rendered":"<h2>Las obras presentan gran variedad de enfoques y lenguajes en un programa que busca consolidar las trayectorias art\u00edsticas de creadores navarros<\/h2>\n<p><!--more--><\/p>\n<p>La Sala de Armas de la Ciudadela acoge, entre el 22 de mayo y el 14 de septiembre de 2025, la exposici\u00f3n de los proyectos desarrollados en el marco del Programa de Ayudas a las Artes Pl\u00e1sticas y Visuales del a\u00f1o 2024. La muestra re\u00fane las creaciones de Idoia Leache, Marisa Mantxola Gutierrez y Mikel Usetxi Sarasa, Ignacio Navas, Javier Ozcoidi, Oskia Paternain Erro e I\u00f1igo Zubikoa Agerri, e Iker Serrano.<\/p>\n<p>Los ocho artistas han finalizado sus proyectos esta primavera, tras un a\u00f1o de trabajo, despu\u00e9s de ser seleccionados en la convocatoria de 2024. El Ayuntamiento de Pamplona, a trav\u00e9s del \u00e1rea de Cultura, Fiestas, Educaci\u00f3n y Deporte colabora en la difusi\u00f3n del programa, fruto de la colaboraci\u00f3n entre el Centro Huarte y el Departamento de Cultura, Deporte y Turismo del Gobierno de Navarra, a trav\u00e9s del servicio de Museos.<\/p>\n<p>En la presentaci\u00f3n de la muestra, este jueves, han participado la concejala de Cultura, Fiestas, Educaci\u00f3n y Deporte, Maider Beloki Unzu, as\u00ed como Oskia Ugarte Abarzuza, directora del Centro Huarte y Celia Mart\u00edn Larumbe en representaci\u00f3n del Servicio de Museos de la Direcci\u00f3n General de Cultura.<\/p>\n<p>El Programa de Ayudas a las Artes Pl\u00e1sticas y Visuales busca apoyar la investigaci\u00f3n, la producci\u00f3n de obra, la difusi\u00f3n y la consolidaci\u00f3n de trayectorias art\u00edsticas entre creadores navarros y navarras. Los proyectos de la presente edici\u00f3n abarcan una gran variedad de enfoques y lenguajes. As\u00ed, \u2018Take me on\u2019, de Idoia Leache Olag\u00fce, investiga las posibilidades est\u00e9ticas de objetos provenientes de procesos industriales, como componentes de veh\u00edculos o tubos de ventilaci\u00f3n, que la artista recontextualiza para abrir nuevas lecturas.<\/p>\n<p>Otro de los proyectos, \u2018Rushes\u2019, de Javier Ozcoidi Arricibita, parte de restos y errores de trabajos anteriores para reflexionar sobre el potencial creativo de la reutilizaci\u00f3n y las capas de significado que los materiales acumulan. \u2018Klickflip\u2019, de Ignacio Navas, propone un videojuego fotogr\u00e1fico que reconstruye el paisaje urbano de Tudela desde la mirada de un grupo de adolescentes, explorando temas como el fracaso escolar o la identidad.<\/p>\n<p>En \u2018Latir vegetal\u2019, Iker Serrano Robles interviene directamente en el paisaje natural con el fin de observar c\u00f3mo responde el medio a la acci\u00f3n humana, en un intento por comprender mejor el lenguaje vegetal. \u2018El Atractor. Propaganda luminosa\u2019, de Marisa Mantxola Guti\u00e9rrez y Mikel Usetxi Sarasa, cuestiona los mecanismos contempor\u00e1neos de propaganda y propone una alternativa basada en la emoci\u00f3n sin manipulaci\u00f3n, reutilizando c\u00f3digos visuales cl\u00e1sicos de la publicidad.<\/p>\n<p>Finalmente, \u2018Re(construyendo) memorias\u2019, de Oskia Paternain Erro e I\u00f1igo Zubikoa Agerri, parte de una m\u00e1quina de coser cargada de simbolismo, vinculada al carlismo y a la memoria hist\u00f3rica, que se transforma en instalaci\u00f3n sonora para visibilizar a mujeres represaliadas por luchar por la igualdad y la libertad.<\/p>\n<p>Adem\u00e1s, con motivo de la exposici\u00f3n, se ha editado una publicaci\u00f3n que recoge los textos de los propios artistas, en los que reflexionan sobre sus obras y sus procesos de creaci\u00f3n. El texto introductorio ha sido elaborado por Maite Luengo Aguirre, doctora por la Universidad del Pa\u00eds Vasco \u2013 Euskal Herriko Unibertsitatea, quien ofrece una mirada cr\u00edtica y contextualizada que facilita un acercamiento a los proyectos art\u00edsticos.<\/p>\n<p>&nbsp;<\/p>\n<p><strong>Proyectos de publicaci\u00f3n<\/strong><\/p>\n<p>Durante el periodo expositivo, se presentar\u00e1n tambi\u00e9n los proyectos seleccionados en la modalidad de publicaci\u00f3n y que abarcan diversos formatos y contenidos. Esta modalidad est\u00e1 dirigida a la realizaci\u00f3n de publicaciones en distintos soportes cuyo objeto sea la difusi\u00f3n y promoci\u00f3n de artistas y proyectos de arte contempor\u00e1neo que requieran un formato editorial.<\/p>\n<p>En la convocatoria de 2024 fueron seleccionados los proyectos \u2018Pegasoenea\u2019, de Gorka Beunza, un foto-libro que narra en 15 cap\u00edtulos dos a\u00f1os de convivencia de un grupo de amigos en una casa en un pueblo del Pirineo navarro; \u2018Una piedra cae en el aliviadero\u2019, de Paula Eslava, que ofrece una mirada contempor\u00e1nea sobre las repercusiones est\u00e9ticas de las pol\u00edticas hidr\u00e1ulicas de los \u00faltimos 70 a\u00f1os; \u2018Imagen y hueso tiempo-p\u00e1rpado\u2019, de Katixa Goldarazena Azpirotz, proyecto personal de escritura y dibujo que recopila material creado entre el an\u0303o 2020 y la actualidad; y \u2018Erraiak__arte_kidetzak_afinidades\u2019, de Lara Molina, que recoge procesos de trabajo de mediaciones entre pr\u00e1cticas art\u00edsticas y movimientos sociales.<\/p>\n<p>El horario de apertura de la exposici\u00f3n ser\u00e1, de martes a s\u00e1bado, de 11:30 a 13:30 y de 18:00 a 20:30 horas; y los domingos y festivos, de 11:30 a 13:30 horas. Los lunes permanecer\u00e1 cerrada. Debido a la celebraci\u00f3n de las fiestas de San Ferm\u00edn, a partir del 1 de julio el recinto de Ciudadela permanecer\u00e1 cerrado. Una vez finalizadas las actividades y actuaciones necesarias para el acondicionamiento del recinto, la reapertura est\u00e1 prevista para la semana del 21 de julio.<\/p>\n<p>&nbsp;<\/p>\n<h3>Programa de Ayudas a las Artes Pl\u00e1sticas y Visuales del a\u00f1o 2024<\/h3>\n<ul>\n<li>Sala de Armas de la Ciudadela:\n<ul>\n<li>Fechas: del 22 de mayo al 14 de septiembre de 2025 (salvo Sanfermines)<\/li>\n<li>Horario: de martes a s\u00e1bado, de 11.30 a 13.30 y de 18.00 a 20.30; los domingos y festivos, apertura solo por la ma\u00f1ana, de 11.30 a 13.30; lunes, cerrado<\/li>\n<\/ul>\n<\/li>\n<li>Proyectos seleccionados en la modalidad de producci\u00f3n:\n<ul>\n<li>\u2018Take me on\u2019, de Idoia Leache Olag\u00fce<\/li>\n<li>\u2018El atractor, propaganda luminosa\u2019, de Marisa Mantxola Guti\u00e9rrez y Mikel Usetxi Sarasa<\/li>\n<li>\u2018Kickflip\u2019, de Ignacio Navas<\/li>\n<li>\u2018Rushes\u2019, de Javier Ozcoidi Arricibita<\/li>\n<li>\u2018Latir Vegetal\u2019, de Iker Serrano Robles<\/li>\n<li>\u2018(Re)construyendo memorias: segundas vidas y resistencias en torno a una ma\u0301quina de coser\u2019, de I\u00f1igo Zubikoa Agerri y Oskia Paternain Erro<\/li>\n<\/ul>\n<\/li>\n<li>Cuatro proyectos seleccionados en la modalidad de publicaci\u00f3n:\n<ul>\n<li>\u2018Pegasoenea\u2019, de Gorka Beunza<\/li>\n<li>\u2018Una piedra cae en el aliviadero\u2019, de Paula Eslava<\/li>\n<li>\u2018Imagen y hueso tiempo-pa\u0301rpado\u2019, de Katixa Goldarazena Azpirotz<\/li>\n<li>\u2018Erraiak__arte_kidetzak_afinidades\u2019, de Lara Molina<\/li>\n<\/ul>\n<\/li>\n<\/ul>\n","protected":false},"excerpt":{"rendered":"<p>Las obras presentan gran variedad de enfoques y lenguajes en un programa que busca consolidar las trayectorias art\u00edsticas de creadores navarros<\/p>\n","protected":false},"author":1,"featured_media":53026,"comment_status":"open","ping_status":"closed","sticky":false,"template":"","format":"standard","meta":{"footnotes":""},"categories":[2],"tags":[],"class_list":["post-53025","post","type-post","status-publish","format-standard","has-post-thumbnail","hentry","category-ayuntamiento-pamplona"],"yoast_head":"<!-- This site is optimized with the Yoast SEO plugin v27.3 - https:\/\/yoast.com\/product\/yoast-seo-wordpress\/ -->\n<title>La Sala de Armas muestra diez proyectos desarrollados por doce creadores locales seleccionados en el Programa de Ayudas a las Artes Pl\u00e1sticas y Visuales de 2024<\/title>\n<meta name=\"description\" content=\"Las obras presentan gran variedad de enfoques y lenguajes en un programa que busca consolidar las trayectorias art\u00edsticas de creadores navarros\" \/>\n<meta name=\"robots\" content=\"index, follow, max-snippet:-1, max-image-preview:large, max-video-preview:-1\" \/>\n<link rel=\"canonical\" href=\"https:\/\/www.laguiadepamplona.com\/actualidad\/la-sala-de-armas-muestra-diez-proyectos-desarrollados-por-doce-creadores-locales-seleccionados-en-el-programa-de-ayudas-a-las-artes-plasticas-y-visuales-de-2024\/\" \/>\n<meta property=\"og:locale\" content=\"es_ES\" \/>\n<meta property=\"og:type\" content=\"article\" \/>\n<meta property=\"og:title\" content=\"La Sala de Armas muestra diez proyectos desarrollados por doce creadores locales seleccionados en el Programa de Ayudas a las Artes Pl\u00e1sticas y Visuales de 2024\" \/>\n<meta property=\"og:description\" content=\"Las obras presentan gran variedad de enfoques y lenguajes en un programa que busca consolidar las trayectorias art\u00edsticas de creadores navarros\" \/>\n<meta property=\"og:url\" content=\"https:\/\/www.laguiadepamplona.com\/actualidad\/la-sala-de-armas-muestra-diez-proyectos-desarrollados-por-doce-creadores-locales-seleccionados-en-el-programa-de-ayudas-a-las-artes-plasticas-y-visuales-de-2024\/\" \/>\n<meta property=\"og:site_name\" content=\"La Gu\u00eda de Pamplona\" \/>\n<meta property=\"article:publisher\" content=\"https:\/\/www.facebook.com\/laguiadepamplonacom-133175176762273\/?ref=hl\" \/>\n<meta property=\"article:published_time\" content=\"2025-05-22T15:28:45+00:00\" \/>\n<meta property=\"og:image\" content=\"https:\/\/www.laguiadepamplona.com\/actualidad\/wp-content\/uploads\/2025\/05\/expoartesplasticas2.webp\" \/>\n\t<meta property=\"og:image:width\" content=\"1000\" \/>\n\t<meta property=\"og:image:height\" content=\"667\" \/>\n\t<meta property=\"og:image:type\" content=\"image\/webp\" \/>\n<meta name=\"author\" content=\"La Gu\u00eda de Pamplona\" \/>\n<meta name=\"twitter:card\" content=\"summary_large_image\" \/>\n<meta name=\"twitter:creator\" content=\"@LaGuiadPamplona\" \/>\n<meta name=\"twitter:site\" content=\"@LaGuiadPamplona\" \/>\n<meta name=\"twitter:label1\" content=\"Escrito por\" \/>\n\t<meta name=\"twitter:data1\" content=\"La Gu\u00eda de Pamplona\" \/>\n\t<meta name=\"twitter:label2\" content=\"Tiempo de lectura\" \/>\n\t<meta name=\"twitter:data2\" content=\"5 minutos\" \/>\n<script type=\"application\/ld+json\" class=\"yoast-schema-graph\">{\"@context\":\"https:\\\/\\\/schema.org\",\"@graph\":[{\"@type\":\"Article\",\"@id\":\"https:\\\/\\\/www.laguiadepamplona.com\\\/actualidad\\\/la-sala-de-armas-muestra-diez-proyectos-desarrollados-por-doce-creadores-locales-seleccionados-en-el-programa-de-ayudas-a-las-artes-plasticas-y-visuales-de-2024\\\/#article\",\"isPartOf\":{\"@id\":\"https:\\\/\\\/www.laguiadepamplona.com\\\/actualidad\\\/la-sala-de-armas-muestra-diez-proyectos-desarrollados-por-doce-creadores-locales-seleccionados-en-el-programa-de-ayudas-a-las-artes-plasticas-y-visuales-de-2024\\\/\"},\"author\":{\"name\":\"La Gu\u00eda de Pamplona\",\"@id\":\"https:\\\/\\\/www.laguiadepamplona.com\\\/actualidad\\\/#\\\/schema\\\/person\\\/efe887376f0213d4657c93adc50b1fdb\"},\"headline\":\"La Sala de Armas muestra diez proyectos desarrollados por doce creadores locales seleccionados en el Programa de Ayudas a las Artes Pl\u00e1sticas y Visuales de 2024\",\"datePublished\":\"2025-05-22T15:28:45+00:00\",\"mainEntityOfPage\":{\"@id\":\"https:\\\/\\\/www.laguiadepamplona.com\\\/actualidad\\\/la-sala-de-armas-muestra-diez-proyectos-desarrollados-por-doce-creadores-locales-seleccionados-en-el-programa-de-ayudas-a-las-artes-plasticas-y-visuales-de-2024\\\/\"},\"wordCount\":1029,\"commentCount\":0,\"publisher\":{\"@id\":\"https:\\\/\\\/www.laguiadepamplona.com\\\/actualidad\\\/#organization\"},\"image\":{\"@id\":\"https:\\\/\\\/www.laguiadepamplona.com\\\/actualidad\\\/la-sala-de-armas-muestra-diez-proyectos-desarrollados-por-doce-creadores-locales-seleccionados-en-el-programa-de-ayudas-a-las-artes-plasticas-y-visuales-de-2024\\\/#primaryimage\"},\"thumbnailUrl\":\"https:\\\/\\\/www.laguiadepamplona.com\\\/actualidad\\\/wp-content\\\/uploads\\\/2025\\\/05\\\/expoartesplasticas2.webp\",\"articleSection\":[\"Ayto Pamplona\"],\"inLanguage\":\"es\",\"potentialAction\":[{\"@type\":\"CommentAction\",\"name\":\"Comment\",\"target\":[\"https:\\\/\\\/www.laguiadepamplona.com\\\/actualidad\\\/la-sala-de-armas-muestra-diez-proyectos-desarrollados-por-doce-creadores-locales-seleccionados-en-el-programa-de-ayudas-a-las-artes-plasticas-y-visuales-de-2024\\\/#respond\"]}]},{\"@type\":\"WebPage\",\"@id\":\"https:\\\/\\\/www.laguiadepamplona.com\\\/actualidad\\\/la-sala-de-armas-muestra-diez-proyectos-desarrollados-por-doce-creadores-locales-seleccionados-en-el-programa-de-ayudas-a-las-artes-plasticas-y-visuales-de-2024\\\/\",\"url\":\"https:\\\/\\\/www.laguiadepamplona.com\\\/actualidad\\\/la-sala-de-armas-muestra-diez-proyectos-desarrollados-por-doce-creadores-locales-seleccionados-en-el-programa-de-ayudas-a-las-artes-plasticas-y-visuales-de-2024\\\/\",\"name\":\"La Sala de Armas muestra diez proyectos desarrollados por doce creadores locales seleccionados en el Programa de Ayudas a las Artes Pl\u00e1sticas y Visuales de 2024\",\"isPartOf\":{\"@id\":\"https:\\\/\\\/www.laguiadepamplona.com\\\/actualidad\\\/#website\"},\"primaryImageOfPage\":{\"@id\":\"https:\\\/\\\/www.laguiadepamplona.com\\\/actualidad\\\/la-sala-de-armas-muestra-diez-proyectos-desarrollados-por-doce-creadores-locales-seleccionados-en-el-programa-de-ayudas-a-las-artes-plasticas-y-visuales-de-2024\\\/#primaryimage\"},\"image\":{\"@id\":\"https:\\\/\\\/www.laguiadepamplona.com\\\/actualidad\\\/la-sala-de-armas-muestra-diez-proyectos-desarrollados-por-doce-creadores-locales-seleccionados-en-el-programa-de-ayudas-a-las-artes-plasticas-y-visuales-de-2024\\\/#primaryimage\"},\"thumbnailUrl\":\"https:\\\/\\\/www.laguiadepamplona.com\\\/actualidad\\\/wp-content\\\/uploads\\\/2025\\\/05\\\/expoartesplasticas2.webp\",\"datePublished\":\"2025-05-22T15:28:45+00:00\",\"description\":\"Las obras presentan gran variedad de enfoques y lenguajes en un programa que busca consolidar las trayectorias art\u00edsticas de creadores navarros\",\"breadcrumb\":{\"@id\":\"https:\\\/\\\/www.laguiadepamplona.com\\\/actualidad\\\/la-sala-de-armas-muestra-diez-proyectos-desarrollados-por-doce-creadores-locales-seleccionados-en-el-programa-de-ayudas-a-las-artes-plasticas-y-visuales-de-2024\\\/#breadcrumb\"},\"inLanguage\":\"es\",\"potentialAction\":[{\"@type\":\"ReadAction\",\"target\":[\"https:\\\/\\\/www.laguiadepamplona.com\\\/actualidad\\\/la-sala-de-armas-muestra-diez-proyectos-desarrollados-por-doce-creadores-locales-seleccionados-en-el-programa-de-ayudas-a-las-artes-plasticas-y-visuales-de-2024\\\/\"]}]},{\"@type\":\"ImageObject\",\"inLanguage\":\"es\",\"@id\":\"https:\\\/\\\/www.laguiadepamplona.com\\\/actualidad\\\/la-sala-de-armas-muestra-diez-proyectos-desarrollados-por-doce-creadores-locales-seleccionados-en-el-programa-de-ayudas-a-las-artes-plasticas-y-visuales-de-2024\\\/#primaryimage\",\"url\":\"https:\\\/\\\/www.laguiadepamplona.com\\\/actualidad\\\/wp-content\\\/uploads\\\/2025\\\/05\\\/expoartesplasticas2.webp\",\"contentUrl\":\"https:\\\/\\\/www.laguiadepamplona.com\\\/actualidad\\\/wp-content\\\/uploads\\\/2025\\\/05\\\/expoartesplasticas2.webp\",\"width\":1000,\"height\":667,\"caption\":\"expo artes pl\u00e1sticas\"},{\"@type\":\"BreadcrumbList\",\"@id\":\"https:\\\/\\\/www.laguiadepamplona.com\\\/actualidad\\\/la-sala-de-armas-muestra-diez-proyectos-desarrollados-por-doce-creadores-locales-seleccionados-en-el-programa-de-ayudas-a-las-artes-plasticas-y-visuales-de-2024\\\/#breadcrumb\",\"itemListElement\":[{\"@type\":\"ListItem\",\"position\":1,\"name\":\"Portada\",\"item\":\"https:\\\/\\\/www.laguiadepamplona.com\\\/actualidad\\\/\"},{\"@type\":\"ListItem\",\"position\":2,\"name\":\"La Sala de Armas muestra diez proyectos desarrollados por doce creadores locales seleccionados en el Programa de Ayudas a las Artes Pl\u00e1sticas y Visuales de 2024\"}]},{\"@type\":\"WebSite\",\"@id\":\"https:\\\/\\\/www.laguiadepamplona.com\\\/actualidad\\\/#website\",\"url\":\"https:\\\/\\\/www.laguiadepamplona.com\\\/actualidad\\\/\",\"name\":\"La gu\u00eda de Pamplona\",\"description\":\"Noticias de Pamplona\",\"publisher\":{\"@id\":\"https:\\\/\\\/www.laguiadepamplona.com\\\/actualidad\\\/#organization\"},\"potentialAction\":[{\"@type\":\"SearchAction\",\"target\":{\"@type\":\"EntryPoint\",\"urlTemplate\":\"https:\\\/\\\/www.laguiadepamplona.com\\\/actualidad\\\/?s={search_term_string}\"},\"query-input\":{\"@type\":\"PropertyValueSpecification\",\"valueRequired\":true,\"valueName\":\"search_term_string\"}}],\"inLanguage\":\"es\"},{\"@type\":\"Organization\",\"@id\":\"https:\\\/\\\/www.laguiadepamplona.com\\\/actualidad\\\/#organization\",\"name\":\"La Gu\u00eda de Pamplona \\\/ Noticias\",\"url\":\"https:\\\/\\\/www.laguiadepamplona.com\\\/actualidad\\\/\",\"logo\":{\"@type\":\"ImageObject\",\"inLanguage\":\"es\",\"@id\":\"https:\\\/\\\/www.laguiadepamplona.com\\\/actualidad\\\/#\\\/schema\\\/logo\\\/image\\\/\",\"url\":\"https:\\\/\\\/www.laguiadepamplona.com\\\/actualidad\\\/wp-content\\\/uploads\\\/2018\\\/11\\\/logo-laguiadepamplona18-web1.png\",\"contentUrl\":\"https:\\\/\\\/www.laguiadepamplona.com\\\/actualidad\\\/wp-content\\\/uploads\\\/2018\\\/11\\\/logo-laguiadepamplona18-web1.png\",\"width\":600,\"height\":196,\"caption\":\"La Gu\u00eda de Pamplona \\\/ Noticias\"},\"image\":{\"@id\":\"https:\\\/\\\/www.laguiadepamplona.com\\\/actualidad\\\/#\\\/schema\\\/logo\\\/image\\\/\"},\"sameAs\":[\"https:\\\/\\\/www.facebook.com\\\/laguiadepamplonacom-133175176762273\\\/?ref=hl\",\"https:\\\/\\\/x.com\\\/LaGuiadPamplona\",\"https:\\\/\\\/www.instagram.com\\\/la_guia_de_pamplona\\\/\",\"https:\\\/\\\/www.youtube.com\\\/user\\\/laguiadepamplona\"]},{\"@type\":\"Person\",\"@id\":\"https:\\\/\\\/www.laguiadepamplona.com\\\/actualidad\\\/#\\\/schema\\\/person\\\/efe887376f0213d4657c93adc50b1fdb\",\"name\":\"La Gu\u00eda de Pamplona\",\"image\":{\"@type\":\"ImageObject\",\"inLanguage\":\"es\",\"@id\":\"https:\\\/\\\/secure.gravatar.com\\\/avatar\\\/b6992f131dc8d30ab0dff15446e9d346d9dbd95992de0fef795073f5ea83a81c?s=96&d=mm&r=g\",\"url\":\"https:\\\/\\\/secure.gravatar.com\\\/avatar\\\/b6992f131dc8d30ab0dff15446e9d346d9dbd95992de0fef795073f5ea83a81c?s=96&d=mm&r=g\",\"contentUrl\":\"https:\\\/\\\/secure.gravatar.com\\\/avatar\\\/b6992f131dc8d30ab0dff15446e9d346d9dbd95992de0fef795073f5ea83a81c?s=96&d=mm&r=g\",\"caption\":\"La Gu\u00eda de Pamplona\"}}]}<\/script>\n<!-- \/ Yoast SEO plugin. -->","yoast_head_json":{"title":"La Sala de Armas muestra diez proyectos desarrollados por doce creadores locales seleccionados en el Programa de Ayudas a las Artes Pl\u00e1sticas y Visuales de 2024","description":"Las obras presentan gran variedad de enfoques y lenguajes en un programa que busca consolidar las trayectorias art\u00edsticas de creadores navarros","robots":{"index":"index","follow":"follow","max-snippet":"max-snippet:-1","max-image-preview":"max-image-preview:large","max-video-preview":"max-video-preview:-1"},"canonical":"https:\/\/www.laguiadepamplona.com\/actualidad\/la-sala-de-armas-muestra-diez-proyectos-desarrollados-por-doce-creadores-locales-seleccionados-en-el-programa-de-ayudas-a-las-artes-plasticas-y-visuales-de-2024\/","og_locale":"es_ES","og_type":"article","og_title":"La Sala de Armas muestra diez proyectos desarrollados por doce creadores locales seleccionados en el Programa de Ayudas a las Artes Pl\u00e1sticas y Visuales de 2024","og_description":"Las obras presentan gran variedad de enfoques y lenguajes en un programa que busca consolidar las trayectorias art\u00edsticas de creadores navarros","og_url":"https:\/\/www.laguiadepamplona.com\/actualidad\/la-sala-de-armas-muestra-diez-proyectos-desarrollados-por-doce-creadores-locales-seleccionados-en-el-programa-de-ayudas-a-las-artes-plasticas-y-visuales-de-2024\/","og_site_name":"La Gu\u00eda de Pamplona","article_publisher":"https:\/\/www.facebook.com\/laguiadepamplonacom-133175176762273\/?ref=hl","article_published_time":"2025-05-22T15:28:45+00:00","og_image":[{"width":1000,"height":667,"url":"https:\/\/www.laguiadepamplona.com\/actualidad\/wp-content\/uploads\/2025\/05\/expoartesplasticas2.webp","type":"image\/webp"}],"author":"La Gu\u00eda de Pamplona","twitter_card":"summary_large_image","twitter_creator":"@LaGuiadPamplona","twitter_site":"@LaGuiadPamplona","twitter_misc":{"Escrito por":"La Gu\u00eda de Pamplona","Tiempo de lectura":"5 minutos"},"schema":{"@context":"https:\/\/schema.org","@graph":[{"@type":"Article","@id":"https:\/\/www.laguiadepamplona.com\/actualidad\/la-sala-de-armas-muestra-diez-proyectos-desarrollados-por-doce-creadores-locales-seleccionados-en-el-programa-de-ayudas-a-las-artes-plasticas-y-visuales-de-2024\/#article","isPartOf":{"@id":"https:\/\/www.laguiadepamplona.com\/actualidad\/la-sala-de-armas-muestra-diez-proyectos-desarrollados-por-doce-creadores-locales-seleccionados-en-el-programa-de-ayudas-a-las-artes-plasticas-y-visuales-de-2024\/"},"author":{"name":"La Gu\u00eda de Pamplona","@id":"https:\/\/www.laguiadepamplona.com\/actualidad\/#\/schema\/person\/efe887376f0213d4657c93adc50b1fdb"},"headline":"La Sala de Armas muestra diez proyectos desarrollados por doce creadores locales seleccionados en el Programa de Ayudas a las Artes Pl\u00e1sticas y Visuales de 2024","datePublished":"2025-05-22T15:28:45+00:00","mainEntityOfPage":{"@id":"https:\/\/www.laguiadepamplona.com\/actualidad\/la-sala-de-armas-muestra-diez-proyectos-desarrollados-por-doce-creadores-locales-seleccionados-en-el-programa-de-ayudas-a-las-artes-plasticas-y-visuales-de-2024\/"},"wordCount":1029,"commentCount":0,"publisher":{"@id":"https:\/\/www.laguiadepamplona.com\/actualidad\/#organization"},"image":{"@id":"https:\/\/www.laguiadepamplona.com\/actualidad\/la-sala-de-armas-muestra-diez-proyectos-desarrollados-por-doce-creadores-locales-seleccionados-en-el-programa-de-ayudas-a-las-artes-plasticas-y-visuales-de-2024\/#primaryimage"},"thumbnailUrl":"https:\/\/www.laguiadepamplona.com\/actualidad\/wp-content\/uploads\/2025\/05\/expoartesplasticas2.webp","articleSection":["Ayto Pamplona"],"inLanguage":"es","potentialAction":[{"@type":"CommentAction","name":"Comment","target":["https:\/\/www.laguiadepamplona.com\/actualidad\/la-sala-de-armas-muestra-diez-proyectos-desarrollados-por-doce-creadores-locales-seleccionados-en-el-programa-de-ayudas-a-las-artes-plasticas-y-visuales-de-2024\/#respond"]}]},{"@type":"WebPage","@id":"https:\/\/www.laguiadepamplona.com\/actualidad\/la-sala-de-armas-muestra-diez-proyectos-desarrollados-por-doce-creadores-locales-seleccionados-en-el-programa-de-ayudas-a-las-artes-plasticas-y-visuales-de-2024\/","url":"https:\/\/www.laguiadepamplona.com\/actualidad\/la-sala-de-armas-muestra-diez-proyectos-desarrollados-por-doce-creadores-locales-seleccionados-en-el-programa-de-ayudas-a-las-artes-plasticas-y-visuales-de-2024\/","name":"La Sala de Armas muestra diez proyectos desarrollados por doce creadores locales seleccionados en el Programa de Ayudas a las Artes Pl\u00e1sticas y Visuales de 2024","isPartOf":{"@id":"https:\/\/www.laguiadepamplona.com\/actualidad\/#website"},"primaryImageOfPage":{"@id":"https:\/\/www.laguiadepamplona.com\/actualidad\/la-sala-de-armas-muestra-diez-proyectos-desarrollados-por-doce-creadores-locales-seleccionados-en-el-programa-de-ayudas-a-las-artes-plasticas-y-visuales-de-2024\/#primaryimage"},"image":{"@id":"https:\/\/www.laguiadepamplona.com\/actualidad\/la-sala-de-armas-muestra-diez-proyectos-desarrollados-por-doce-creadores-locales-seleccionados-en-el-programa-de-ayudas-a-las-artes-plasticas-y-visuales-de-2024\/#primaryimage"},"thumbnailUrl":"https:\/\/www.laguiadepamplona.com\/actualidad\/wp-content\/uploads\/2025\/05\/expoartesplasticas2.webp","datePublished":"2025-05-22T15:28:45+00:00","description":"Las obras presentan gran variedad de enfoques y lenguajes en un programa que busca consolidar las trayectorias art\u00edsticas de creadores navarros","breadcrumb":{"@id":"https:\/\/www.laguiadepamplona.com\/actualidad\/la-sala-de-armas-muestra-diez-proyectos-desarrollados-por-doce-creadores-locales-seleccionados-en-el-programa-de-ayudas-a-las-artes-plasticas-y-visuales-de-2024\/#breadcrumb"},"inLanguage":"es","potentialAction":[{"@type":"ReadAction","target":["https:\/\/www.laguiadepamplona.com\/actualidad\/la-sala-de-armas-muestra-diez-proyectos-desarrollados-por-doce-creadores-locales-seleccionados-en-el-programa-de-ayudas-a-las-artes-plasticas-y-visuales-de-2024\/"]}]},{"@type":"ImageObject","inLanguage":"es","@id":"https:\/\/www.laguiadepamplona.com\/actualidad\/la-sala-de-armas-muestra-diez-proyectos-desarrollados-por-doce-creadores-locales-seleccionados-en-el-programa-de-ayudas-a-las-artes-plasticas-y-visuales-de-2024\/#primaryimage","url":"https:\/\/www.laguiadepamplona.com\/actualidad\/wp-content\/uploads\/2025\/05\/expoartesplasticas2.webp","contentUrl":"https:\/\/www.laguiadepamplona.com\/actualidad\/wp-content\/uploads\/2025\/05\/expoartesplasticas2.webp","width":1000,"height":667,"caption":"expo artes pl\u00e1sticas"},{"@type":"BreadcrumbList","@id":"https:\/\/www.laguiadepamplona.com\/actualidad\/la-sala-de-armas-muestra-diez-proyectos-desarrollados-por-doce-creadores-locales-seleccionados-en-el-programa-de-ayudas-a-las-artes-plasticas-y-visuales-de-2024\/#breadcrumb","itemListElement":[{"@type":"ListItem","position":1,"name":"Portada","item":"https:\/\/www.laguiadepamplona.com\/actualidad\/"},{"@type":"ListItem","position":2,"name":"La Sala de Armas muestra diez proyectos desarrollados por doce creadores locales seleccionados en el Programa de Ayudas a las Artes Pl\u00e1sticas y Visuales de 2024"}]},{"@type":"WebSite","@id":"https:\/\/www.laguiadepamplona.com\/actualidad\/#website","url":"https:\/\/www.laguiadepamplona.com\/actualidad\/","name":"La gu\u00eda de Pamplona","description":"Noticias de Pamplona","publisher":{"@id":"https:\/\/www.laguiadepamplona.com\/actualidad\/#organization"},"potentialAction":[{"@type":"SearchAction","target":{"@type":"EntryPoint","urlTemplate":"https:\/\/www.laguiadepamplona.com\/actualidad\/?s={search_term_string}"},"query-input":{"@type":"PropertyValueSpecification","valueRequired":true,"valueName":"search_term_string"}}],"inLanguage":"es"},{"@type":"Organization","@id":"https:\/\/www.laguiadepamplona.com\/actualidad\/#organization","name":"La Gu\u00eda de Pamplona \/ Noticias","url":"https:\/\/www.laguiadepamplona.com\/actualidad\/","logo":{"@type":"ImageObject","inLanguage":"es","@id":"https:\/\/www.laguiadepamplona.com\/actualidad\/#\/schema\/logo\/image\/","url":"https:\/\/www.laguiadepamplona.com\/actualidad\/wp-content\/uploads\/2018\/11\/logo-laguiadepamplona18-web1.png","contentUrl":"https:\/\/www.laguiadepamplona.com\/actualidad\/wp-content\/uploads\/2018\/11\/logo-laguiadepamplona18-web1.png","width":600,"height":196,"caption":"La Gu\u00eda de Pamplona \/ Noticias"},"image":{"@id":"https:\/\/www.laguiadepamplona.com\/actualidad\/#\/schema\/logo\/image\/"},"sameAs":["https:\/\/www.facebook.com\/laguiadepamplonacom-133175176762273\/?ref=hl","https:\/\/x.com\/LaGuiadPamplona","https:\/\/www.instagram.com\/la_guia_de_pamplona\/","https:\/\/www.youtube.com\/user\/laguiadepamplona"]},{"@type":"Person","@id":"https:\/\/www.laguiadepamplona.com\/actualidad\/#\/schema\/person\/efe887376f0213d4657c93adc50b1fdb","name":"La Gu\u00eda de Pamplona","image":{"@type":"ImageObject","inLanguage":"es","@id":"https:\/\/secure.gravatar.com\/avatar\/b6992f131dc8d30ab0dff15446e9d346d9dbd95992de0fef795073f5ea83a81c?s=96&d=mm&r=g","url":"https:\/\/secure.gravatar.com\/avatar\/b6992f131dc8d30ab0dff15446e9d346d9dbd95992de0fef795073f5ea83a81c?s=96&d=mm&r=g","contentUrl":"https:\/\/secure.gravatar.com\/avatar\/b6992f131dc8d30ab0dff15446e9d346d9dbd95992de0fef795073f5ea83a81c?s=96&d=mm&r=g","caption":"La Gu\u00eda de Pamplona"}}]}},"post_mailing_queue_ids":[],"_links":{"self":[{"href":"https:\/\/www.laguiadepamplona.com\/actualidad\/wp-json\/wp\/v2\/posts\/53025","targetHints":{"allow":["GET"]}}],"collection":[{"href":"https:\/\/www.laguiadepamplona.com\/actualidad\/wp-json\/wp\/v2\/posts"}],"about":[{"href":"https:\/\/www.laguiadepamplona.com\/actualidad\/wp-json\/wp\/v2\/types\/post"}],"author":[{"embeddable":true,"href":"https:\/\/www.laguiadepamplona.com\/actualidad\/wp-json\/wp\/v2\/users\/1"}],"replies":[{"embeddable":true,"href":"https:\/\/www.laguiadepamplona.com\/actualidad\/wp-json\/wp\/v2\/comments?post=53025"}],"version-history":[{"count":1,"href":"https:\/\/www.laguiadepamplona.com\/actualidad\/wp-json\/wp\/v2\/posts\/53025\/revisions"}],"predecessor-version":[{"id":53027,"href":"https:\/\/www.laguiadepamplona.com\/actualidad\/wp-json\/wp\/v2\/posts\/53025\/revisions\/53027"}],"wp:featuredmedia":[{"embeddable":true,"href":"https:\/\/www.laguiadepamplona.com\/actualidad\/wp-json\/wp\/v2\/media\/53026"}],"wp:attachment":[{"href":"https:\/\/www.laguiadepamplona.com\/actualidad\/wp-json\/wp\/v2\/media?parent=53025"}],"wp:term":[{"taxonomy":"category","embeddable":true,"href":"https:\/\/www.laguiadepamplona.com\/actualidad\/wp-json\/wp\/v2\/categories?post=53025"},{"taxonomy":"post_tag","embeddable":true,"href":"https:\/\/www.laguiadepamplona.com\/actualidad\/wp-json\/wp\/v2\/tags?post=53025"}],"curies":[{"name":"wp","href":"https:\/\/api.w.org\/{rel}","templated":true}]}}