{"id":5301,"date":"2015-03-27T18:59:44","date_gmt":"2015-03-27T16:59:44","guid":{"rendered":"http:\/\/laguiadepamplona.com\/actualidad\/?p=5301"},"modified":"2015-03-27T18:59:44","modified_gmt":"2015-03-27T16:59:44","slug":"la-figura-de-glenn-gould-uno-de-los-pianistas-mas-controvertidos-del-siglo-xx-cerrara-este-lunes-las-actividades-de-musync-en-condestable","status":"publish","type":"post","link":"https:\/\/www.laguiadepamplona.com\/actualidad\/la-figura-de-glenn-gould-uno-de-los-pianistas-mas-controvertidos-del-siglo-xx-cerrara-este-lunes-las-actividades-de-musync-en-condestable\/","title":{"rendered":"La figura de Glenn Gould, uno de los pianistas m\u00e1s controvertidos del siglo XX, cerrar\u00e1 este lunes las actividades de \u00a1Musync! en Condestable"},"content":{"rendered":"<h4>Ser\u00e1 cuarta y \u00faltima sesi\u00f3n del ciclo de actividades organizado por el Ayuntamiento de Pamplona con el Conservatorio Superior de Navarra<\/h4>\n<p><a href=\"http:\/\/laguiadepamplona.com\/actualidad\/wp-content\/uploads\/2015\/03\/musync_juan_manuel_rubio.jpg\"><img loading=\"lazy\" decoding=\"async\" class=\"alignleft size-medium wp-image-5144\" src=\"http:\/\/laguiadepamplona.com\/actualidad\/wp-content\/uploads\/2015\/03\/musync_juan_manuel_rubio-300x200.jpg\" alt=\"musync_juan_manuel_rubio\" width=\"300\" height=\"200\" \/><\/a>Este lunes termina \u2018\u00a1Musync!\u2019, el ciclo de actividades municipales que pretende difundir el conocimiento de la m\u00fasica a trav\u00e9s de formatos novedosos y que est\u00e1 organizado por el Ayuntamiento de Pamplona en la Red Civivox, coordinado por el Departamento de Musicolog\u00eda del Conservatorio Superior de Navarra.<\/p>\n<p>Y lo hace con una sesi\u00f3n te\u00f3rica apoyada por audiovisuales en la que Xabier Armendariz, pianista, critico musical de Diario de Navarra, y alumno del ultimo curso de Musicolog\u00eda del Conservatorio Superior de Navarra, har\u00e1 una semblanza del controvertido Glenn Gould, virtuoso del piano del siglo XX. La actividad tendr\u00e1 lugar a las 19.30 horas en el Sal\u00f3n de Actos de Condestable, con entrada libre.<\/p>\n<p>Esta propuesta pretende acercar y difundir ideas, estrategias y recursos que proceden del Conservatorio Superior a las necesidades culturales de la ciudad. Desde que comenzaran las actividades de \u2018\u00a1Musync\u2019! el pasado 16 de marzo han tenido lugar tres sesiones, dos conciertos (uno de ellos de car\u00e1cter did\u00e1ctico) y un encuentro con formato de mesa redonda. La asistencia a las tres primeras sesiones del ciclo se ha situado en unas 300 personas.<\/p>\n<p>Glenn Gould (Toronto, Canad\u00e1, 1932) fue uno de los pianistas m\u00e1s controvertidos y personales de la interpretaci\u00f3n pian\u00edstica del siglo XX. Gould, aquejado de una importante fragilidad f\u00edsica y sobre cuya excentricidad plane\u00f3 siempre la sospecha alguna enfermedad psiqui\u00e1trica,<strong> ech\u00f3 por tierra las convenciones est\u00e9ticas y esc\u00e9nicas sobre c\u00f3mo <\/strong>debe comportarse en concierto un int\u00e9rprete de piano. Gould dej\u00f3 de dar conciertos a los 31 a\u00f1os, en la c\u00faspide de su fama.<\/p>\n<p><strong>\u00a0\u2018\u00a1Musync!\u2019<\/strong><\/p>\n<p><strong>Lugar: <\/strong>Civivox Condestable<\/p>\n<p><strong>Hora: <\/strong>19.30 horas<\/p>\n<p><strong>Lunes 30 de marzo<\/strong><\/p>\n<ul>\n<li>Conferencia con apoyo audiovisual<\/li>\n<li>Sal\u00f3n de actos. Entrada libre<\/li>\n<li>Glenn Gould (1932- 1982, virtuoso del piano)<\/li>\n<li>Ponente: Xabier Armend\u00e1riz, pianista, critico musical de Diario de Navarra, y alumno del ultimo curso de Musicolog\u00eda del Conservatorio Superior de Navarra<\/li>\n<\/ul>\n<p>&nbsp;<\/p>\n","protected":false},"excerpt":{"rendered":"<p>Ser\u00e1 cuarta y \u00faltima sesi\u00f3n del ciclo de actividades organizado por el Ayuntamiento de Pamplona con el Conservatorio Superior de Navarra Este lunes termina \u2018\u00a1Musync!\u2019, el ciclo de actividades municipales&#8230;<\/p>\n","protected":false},"author":1,"featured_media":5144,"comment_status":"closed","ping_status":"open","sticky":false,"template":"","format":"standard","meta":{"footnotes":""},"categories":[2],"tags":[5,6,509,441,4747,4748,678,8,9,4749,1140],"class_list":["post-5301","post","type-post","status-publish","format-standard","has-post-thumbnail","hentry","category-ayuntamiento-pamplona","tag-actualidad","tag-ayto-pamplona","tag-ayuntamiento-de-pamplona","tag-condestable","tag-controvertidos","tag-figura-de-glenn-gould","tag-musync","tag-noticias","tag-pamplona","tag-pianistas","tag-siglo-xx"],"yoast_head":"<!-- This site is optimized with the Yoast SEO plugin v27.5 - https:\/\/yoast.com\/product\/yoast-seo-wordpress\/ -->\n<title>La figura de Glenn Gould, uno de los pianistas m\u00e1s controvertidos del siglo XX, cerrar\u00e1 este lunes las actividades de \u00a1Musync! en Condestable<\/title>\n<meta name=\"robots\" content=\"index, follow, max-snippet:-1, max-image-preview:large, max-video-preview:-1\" \/>\n<link rel=\"canonical\" href=\"https:\/\/www.laguiadepamplona.com\/actualidad\/la-figura-de-glenn-gould-uno-de-los-pianistas-mas-controvertidos-del-siglo-xx-cerrara-este-lunes-las-actividades-de-musync-en-condestable\/\" \/>\n<meta property=\"og:locale\" content=\"es_ES\" \/>\n<meta property=\"og:type\" content=\"article\" \/>\n<meta property=\"og:title\" content=\"La figura de Glenn Gould, uno de los pianistas m\u00e1s controvertidos del siglo XX, cerrar\u00e1 este lunes las actividades de \u00a1Musync! en Condestable\" \/>\n<meta property=\"og:description\" content=\"Ser\u00e1 cuarta y \u00faltima sesi\u00f3n del ciclo de actividades organizado por el Ayuntamiento de Pamplona con el Conservatorio Superior de Navarra Este lunes termina \u2018\u00a1Musync!\u2019, el ciclo de actividades municipales...\" \/>\n<meta property=\"og:url\" content=\"https:\/\/www.laguiadepamplona.com\/actualidad\/la-figura-de-glenn-gould-uno-de-los-pianistas-mas-controvertidos-del-siglo-xx-cerrara-este-lunes-las-actividades-de-musync-en-condestable\/\" \/>\n<meta property=\"og:site_name\" content=\"La Gu\u00eda de Pamplona\" \/>\n<meta property=\"article:publisher\" content=\"https:\/\/www.facebook.com\/laguiadepamplonacom-133175176762273\/?ref=hl\" \/>\n<meta property=\"article:published_time\" content=\"2015-03-27T16:59:44+00:00\" \/>\n<meta name=\"author\" content=\"La Gu\u00eda de Pamplona\" \/>\n<meta name=\"twitter:card\" content=\"summary_large_image\" \/>\n<meta name=\"twitter:creator\" content=\"@LaGuiadPamplona\" \/>\n<meta name=\"twitter:site\" content=\"@LaGuiadPamplona\" \/>\n<meta name=\"twitter:label1\" content=\"Escrito por\" \/>\n\t<meta name=\"twitter:data1\" content=\"La Gu\u00eda de Pamplona\" \/>\n\t<meta name=\"twitter:label2\" content=\"Tiempo de lectura\" \/>\n\t<meta name=\"twitter:data2\" content=\"2 minutos\" \/>\n<script type=\"application\/ld+json\" class=\"yoast-schema-graph\">{\"@context\":\"https:\\\/\\\/schema.org\",\"@graph\":[{\"@type\":\"Article\",\"@id\":\"https:\\\/\\\/www.laguiadepamplona.com\\\/actualidad\\\/la-figura-de-glenn-gould-uno-de-los-pianistas-mas-controvertidos-del-siglo-xx-cerrara-este-lunes-las-actividades-de-musync-en-condestable\\\/#article\",\"isPartOf\":{\"@id\":\"https:\\\/\\\/www.laguiadepamplona.com\\\/actualidad\\\/la-figura-de-glenn-gould-uno-de-los-pianistas-mas-controvertidos-del-siglo-xx-cerrara-este-lunes-las-actividades-de-musync-en-condestable\\\/\"},\"author\":{\"name\":\"La Gu\u00eda de Pamplona\",\"@id\":\"https:\\\/\\\/www.laguiadepamplona.com\\\/actualidad\\\/#\\\/schema\\\/person\\\/efe887376f0213d4657c93adc50b1fdb\"},\"headline\":\"La figura de Glenn Gould, uno de los pianistas m\u00e1s controvertidos del siglo XX, cerrar\u00e1 este lunes las actividades de \u00a1Musync! en Condestable\",\"datePublished\":\"2015-03-27T16:59:44+00:00\",\"mainEntityOfPage\":{\"@id\":\"https:\\\/\\\/www.laguiadepamplona.com\\\/actualidad\\\/la-figura-de-glenn-gould-uno-de-los-pianistas-mas-controvertidos-del-siglo-xx-cerrara-este-lunes-las-actividades-de-musync-en-condestable\\\/\"},\"wordCount\":365,\"publisher\":{\"@id\":\"https:\\\/\\\/www.laguiadepamplona.com\\\/actualidad\\\/#organization\"},\"image\":{\"@id\":\"https:\\\/\\\/www.laguiadepamplona.com\\\/actualidad\\\/la-figura-de-glenn-gould-uno-de-los-pianistas-mas-controvertidos-del-siglo-xx-cerrara-este-lunes-las-actividades-de-musync-en-condestable\\\/#primaryimage\"},\"thumbnailUrl\":\"\",\"keywords\":[\"actualidad\",\"ayto pamplona\",\"Ayuntamiento de Pamplona\",\"Condestable\",\"controvertidos\",\"figura de Glenn Gould\",\"MuSync\",\"noticias\",\"pamplona\",\"pianistas\",\"siglo XX\"],\"articleSection\":[\"Ayto Pamplona\"],\"inLanguage\":\"es\"},{\"@type\":\"WebPage\",\"@id\":\"https:\\\/\\\/www.laguiadepamplona.com\\\/actualidad\\\/la-figura-de-glenn-gould-uno-de-los-pianistas-mas-controvertidos-del-siglo-xx-cerrara-este-lunes-las-actividades-de-musync-en-condestable\\\/\",\"url\":\"https:\\\/\\\/www.laguiadepamplona.com\\\/actualidad\\\/la-figura-de-glenn-gould-uno-de-los-pianistas-mas-controvertidos-del-siglo-xx-cerrara-este-lunes-las-actividades-de-musync-en-condestable\\\/\",\"name\":\"La figura de Glenn Gould, uno de los pianistas m\u00e1s controvertidos del siglo XX, cerrar\u00e1 este lunes las actividades de \u00a1Musync! en Condestable\",\"isPartOf\":{\"@id\":\"https:\\\/\\\/www.laguiadepamplona.com\\\/actualidad\\\/#website\"},\"primaryImageOfPage\":{\"@id\":\"https:\\\/\\\/www.laguiadepamplona.com\\\/actualidad\\\/la-figura-de-glenn-gould-uno-de-los-pianistas-mas-controvertidos-del-siglo-xx-cerrara-este-lunes-las-actividades-de-musync-en-condestable\\\/#primaryimage\"},\"image\":{\"@id\":\"https:\\\/\\\/www.laguiadepamplona.com\\\/actualidad\\\/la-figura-de-glenn-gould-uno-de-los-pianistas-mas-controvertidos-del-siglo-xx-cerrara-este-lunes-las-actividades-de-musync-en-condestable\\\/#primaryimage\"},\"thumbnailUrl\":\"\",\"datePublished\":\"2015-03-27T16:59:44+00:00\",\"breadcrumb\":{\"@id\":\"https:\\\/\\\/www.laguiadepamplona.com\\\/actualidad\\\/la-figura-de-glenn-gould-uno-de-los-pianistas-mas-controvertidos-del-siglo-xx-cerrara-este-lunes-las-actividades-de-musync-en-condestable\\\/#breadcrumb\"},\"inLanguage\":\"es\",\"potentialAction\":[{\"@type\":\"ReadAction\",\"target\":[\"https:\\\/\\\/www.laguiadepamplona.com\\\/actualidad\\\/la-figura-de-glenn-gould-uno-de-los-pianistas-mas-controvertidos-del-siglo-xx-cerrara-este-lunes-las-actividades-de-musync-en-condestable\\\/\"]}]},{\"@type\":\"ImageObject\",\"inLanguage\":\"es\",\"@id\":\"https:\\\/\\\/www.laguiadepamplona.com\\\/actualidad\\\/la-figura-de-glenn-gould-uno-de-los-pianistas-mas-controvertidos-del-siglo-xx-cerrara-este-lunes-las-actividades-de-musync-en-condestable\\\/#primaryimage\",\"url\":\"\",\"contentUrl\":\"\"},{\"@type\":\"BreadcrumbList\",\"@id\":\"https:\\\/\\\/www.laguiadepamplona.com\\\/actualidad\\\/la-figura-de-glenn-gould-uno-de-los-pianistas-mas-controvertidos-del-siglo-xx-cerrara-este-lunes-las-actividades-de-musync-en-condestable\\\/#breadcrumb\",\"itemListElement\":[{\"@type\":\"ListItem\",\"position\":1,\"name\":\"Portada\",\"item\":\"https:\\\/\\\/www.laguiadepamplona.com\\\/actualidad\\\/\"},{\"@type\":\"ListItem\",\"position\":2,\"name\":\"La figura de Glenn Gould, uno de los pianistas m\u00e1s controvertidos del siglo XX, cerrar\u00e1 este lunes las actividades de \u00a1Musync! en Condestable\"}]},{\"@type\":\"WebSite\",\"@id\":\"https:\\\/\\\/www.laguiadepamplona.com\\\/actualidad\\\/#website\",\"url\":\"https:\\\/\\\/www.laguiadepamplona.com\\\/actualidad\\\/\",\"name\":\"La gu\u00eda de Pamplona\",\"description\":\"Noticias de Pamplona\",\"publisher\":{\"@id\":\"https:\\\/\\\/www.laguiadepamplona.com\\\/actualidad\\\/#organization\"},\"potentialAction\":[{\"@type\":\"SearchAction\",\"target\":{\"@type\":\"EntryPoint\",\"urlTemplate\":\"https:\\\/\\\/www.laguiadepamplona.com\\\/actualidad\\\/?s={search_term_string}\"},\"query-input\":{\"@type\":\"PropertyValueSpecification\",\"valueRequired\":true,\"valueName\":\"search_term_string\"}}],\"inLanguage\":\"es\"},{\"@type\":\"Organization\",\"@id\":\"https:\\\/\\\/www.laguiadepamplona.com\\\/actualidad\\\/#organization\",\"name\":\"La Gu\u00eda de Pamplona \\\/ Noticias\",\"url\":\"https:\\\/\\\/www.laguiadepamplona.com\\\/actualidad\\\/\",\"logo\":{\"@type\":\"ImageObject\",\"inLanguage\":\"es\",\"@id\":\"https:\\\/\\\/www.laguiadepamplona.com\\\/actualidad\\\/#\\\/schema\\\/logo\\\/image\\\/\",\"url\":\"https:\\\/\\\/www.laguiadepamplona.com\\\/actualidad\\\/wp-content\\\/uploads\\\/2018\\\/11\\\/logo-laguiadepamplona18-web1.png\",\"contentUrl\":\"https:\\\/\\\/www.laguiadepamplona.com\\\/actualidad\\\/wp-content\\\/uploads\\\/2018\\\/11\\\/logo-laguiadepamplona18-web1.png\",\"width\":600,\"height\":196,\"caption\":\"La Gu\u00eda de Pamplona \\\/ Noticias\"},\"image\":{\"@id\":\"https:\\\/\\\/www.laguiadepamplona.com\\\/actualidad\\\/#\\\/schema\\\/logo\\\/image\\\/\"},\"sameAs\":[\"https:\\\/\\\/www.facebook.com\\\/laguiadepamplonacom-133175176762273\\\/?ref=hl\",\"https:\\\/\\\/x.com\\\/LaGuiadPamplona\",\"https:\\\/\\\/www.instagram.com\\\/la_guia_de_pamplona\\\/\",\"https:\\\/\\\/www.youtube.com\\\/user\\\/laguiadepamplona\"]},{\"@type\":\"Person\",\"@id\":\"https:\\\/\\\/www.laguiadepamplona.com\\\/actualidad\\\/#\\\/schema\\\/person\\\/efe887376f0213d4657c93adc50b1fdb\",\"name\":\"La Gu\u00eda de Pamplona\",\"image\":{\"@type\":\"ImageObject\",\"inLanguage\":\"es\",\"@id\":\"https:\\\/\\\/secure.gravatar.com\\\/avatar\\\/b6992f131dc8d30ab0dff15446e9d346d9dbd95992de0fef795073f5ea83a81c?s=96&d=mm&r=g\",\"url\":\"https:\\\/\\\/secure.gravatar.com\\\/avatar\\\/b6992f131dc8d30ab0dff15446e9d346d9dbd95992de0fef795073f5ea83a81c?s=96&d=mm&r=g\",\"contentUrl\":\"https:\\\/\\\/secure.gravatar.com\\\/avatar\\\/b6992f131dc8d30ab0dff15446e9d346d9dbd95992de0fef795073f5ea83a81c?s=96&d=mm&r=g\",\"caption\":\"La Gu\u00eda de Pamplona\"}}]}<\/script>\n<!-- \/ Yoast SEO plugin. -->","yoast_head_json":{"title":"La figura de Glenn Gould, uno de los pianistas m\u00e1s controvertidos del siglo XX, cerrar\u00e1 este lunes las actividades de \u00a1Musync! en Condestable","robots":{"index":"index","follow":"follow","max-snippet":"max-snippet:-1","max-image-preview":"max-image-preview:large","max-video-preview":"max-video-preview:-1"},"canonical":"https:\/\/www.laguiadepamplona.com\/actualidad\/la-figura-de-glenn-gould-uno-de-los-pianistas-mas-controvertidos-del-siglo-xx-cerrara-este-lunes-las-actividades-de-musync-en-condestable\/","og_locale":"es_ES","og_type":"article","og_title":"La figura de Glenn Gould, uno de los pianistas m\u00e1s controvertidos del siglo XX, cerrar\u00e1 este lunes las actividades de \u00a1Musync! en Condestable","og_description":"Ser\u00e1 cuarta y \u00faltima sesi\u00f3n del ciclo de actividades organizado por el Ayuntamiento de Pamplona con el Conservatorio Superior de Navarra Este lunes termina \u2018\u00a1Musync!\u2019, el ciclo de actividades municipales...","og_url":"https:\/\/www.laguiadepamplona.com\/actualidad\/la-figura-de-glenn-gould-uno-de-los-pianistas-mas-controvertidos-del-siglo-xx-cerrara-este-lunes-las-actividades-de-musync-en-condestable\/","og_site_name":"La Gu\u00eda de Pamplona","article_publisher":"https:\/\/www.facebook.com\/laguiadepamplonacom-133175176762273\/?ref=hl","article_published_time":"2015-03-27T16:59:44+00:00","author":"La Gu\u00eda de Pamplona","twitter_card":"summary_large_image","twitter_creator":"@LaGuiadPamplona","twitter_site":"@LaGuiadPamplona","twitter_misc":{"Escrito por":"La Gu\u00eda de Pamplona","Tiempo de lectura":"2 minutos"},"schema":{"@context":"https:\/\/schema.org","@graph":[{"@type":"Article","@id":"https:\/\/www.laguiadepamplona.com\/actualidad\/la-figura-de-glenn-gould-uno-de-los-pianistas-mas-controvertidos-del-siglo-xx-cerrara-este-lunes-las-actividades-de-musync-en-condestable\/#article","isPartOf":{"@id":"https:\/\/www.laguiadepamplona.com\/actualidad\/la-figura-de-glenn-gould-uno-de-los-pianistas-mas-controvertidos-del-siglo-xx-cerrara-este-lunes-las-actividades-de-musync-en-condestable\/"},"author":{"name":"La Gu\u00eda de Pamplona","@id":"https:\/\/www.laguiadepamplona.com\/actualidad\/#\/schema\/person\/efe887376f0213d4657c93adc50b1fdb"},"headline":"La figura de Glenn Gould, uno de los pianistas m\u00e1s controvertidos del siglo XX, cerrar\u00e1 este lunes las actividades de \u00a1Musync! en Condestable","datePublished":"2015-03-27T16:59:44+00:00","mainEntityOfPage":{"@id":"https:\/\/www.laguiadepamplona.com\/actualidad\/la-figura-de-glenn-gould-uno-de-los-pianistas-mas-controvertidos-del-siglo-xx-cerrara-este-lunes-las-actividades-de-musync-en-condestable\/"},"wordCount":365,"publisher":{"@id":"https:\/\/www.laguiadepamplona.com\/actualidad\/#organization"},"image":{"@id":"https:\/\/www.laguiadepamplona.com\/actualidad\/la-figura-de-glenn-gould-uno-de-los-pianistas-mas-controvertidos-del-siglo-xx-cerrara-este-lunes-las-actividades-de-musync-en-condestable\/#primaryimage"},"thumbnailUrl":"","keywords":["actualidad","ayto pamplona","Ayuntamiento de Pamplona","Condestable","controvertidos","figura de Glenn Gould","MuSync","noticias","pamplona","pianistas","siglo XX"],"articleSection":["Ayto Pamplona"],"inLanguage":"es"},{"@type":"WebPage","@id":"https:\/\/www.laguiadepamplona.com\/actualidad\/la-figura-de-glenn-gould-uno-de-los-pianistas-mas-controvertidos-del-siglo-xx-cerrara-este-lunes-las-actividades-de-musync-en-condestable\/","url":"https:\/\/www.laguiadepamplona.com\/actualidad\/la-figura-de-glenn-gould-uno-de-los-pianistas-mas-controvertidos-del-siglo-xx-cerrara-este-lunes-las-actividades-de-musync-en-condestable\/","name":"La figura de Glenn Gould, uno de los pianistas m\u00e1s controvertidos del siglo XX, cerrar\u00e1 este lunes las actividades de \u00a1Musync! en Condestable","isPartOf":{"@id":"https:\/\/www.laguiadepamplona.com\/actualidad\/#website"},"primaryImageOfPage":{"@id":"https:\/\/www.laguiadepamplona.com\/actualidad\/la-figura-de-glenn-gould-uno-de-los-pianistas-mas-controvertidos-del-siglo-xx-cerrara-este-lunes-las-actividades-de-musync-en-condestable\/#primaryimage"},"image":{"@id":"https:\/\/www.laguiadepamplona.com\/actualidad\/la-figura-de-glenn-gould-uno-de-los-pianistas-mas-controvertidos-del-siglo-xx-cerrara-este-lunes-las-actividades-de-musync-en-condestable\/#primaryimage"},"thumbnailUrl":"","datePublished":"2015-03-27T16:59:44+00:00","breadcrumb":{"@id":"https:\/\/www.laguiadepamplona.com\/actualidad\/la-figura-de-glenn-gould-uno-de-los-pianistas-mas-controvertidos-del-siglo-xx-cerrara-este-lunes-las-actividades-de-musync-en-condestable\/#breadcrumb"},"inLanguage":"es","potentialAction":[{"@type":"ReadAction","target":["https:\/\/www.laguiadepamplona.com\/actualidad\/la-figura-de-glenn-gould-uno-de-los-pianistas-mas-controvertidos-del-siglo-xx-cerrara-este-lunes-las-actividades-de-musync-en-condestable\/"]}]},{"@type":"ImageObject","inLanguage":"es","@id":"https:\/\/www.laguiadepamplona.com\/actualidad\/la-figura-de-glenn-gould-uno-de-los-pianistas-mas-controvertidos-del-siglo-xx-cerrara-este-lunes-las-actividades-de-musync-en-condestable\/#primaryimage","url":"","contentUrl":""},{"@type":"BreadcrumbList","@id":"https:\/\/www.laguiadepamplona.com\/actualidad\/la-figura-de-glenn-gould-uno-de-los-pianistas-mas-controvertidos-del-siglo-xx-cerrara-este-lunes-las-actividades-de-musync-en-condestable\/#breadcrumb","itemListElement":[{"@type":"ListItem","position":1,"name":"Portada","item":"https:\/\/www.laguiadepamplona.com\/actualidad\/"},{"@type":"ListItem","position":2,"name":"La figura de Glenn Gould, uno de los pianistas m\u00e1s controvertidos del siglo XX, cerrar\u00e1 este lunes las actividades de \u00a1Musync! en Condestable"}]},{"@type":"WebSite","@id":"https:\/\/www.laguiadepamplona.com\/actualidad\/#website","url":"https:\/\/www.laguiadepamplona.com\/actualidad\/","name":"La gu\u00eda de Pamplona","description":"Noticias de Pamplona","publisher":{"@id":"https:\/\/www.laguiadepamplona.com\/actualidad\/#organization"},"potentialAction":[{"@type":"SearchAction","target":{"@type":"EntryPoint","urlTemplate":"https:\/\/www.laguiadepamplona.com\/actualidad\/?s={search_term_string}"},"query-input":{"@type":"PropertyValueSpecification","valueRequired":true,"valueName":"search_term_string"}}],"inLanguage":"es"},{"@type":"Organization","@id":"https:\/\/www.laguiadepamplona.com\/actualidad\/#organization","name":"La Gu\u00eda de Pamplona \/ Noticias","url":"https:\/\/www.laguiadepamplona.com\/actualidad\/","logo":{"@type":"ImageObject","inLanguage":"es","@id":"https:\/\/www.laguiadepamplona.com\/actualidad\/#\/schema\/logo\/image\/","url":"https:\/\/www.laguiadepamplona.com\/actualidad\/wp-content\/uploads\/2018\/11\/logo-laguiadepamplona18-web1.png","contentUrl":"https:\/\/www.laguiadepamplona.com\/actualidad\/wp-content\/uploads\/2018\/11\/logo-laguiadepamplona18-web1.png","width":600,"height":196,"caption":"La Gu\u00eda de Pamplona \/ Noticias"},"image":{"@id":"https:\/\/www.laguiadepamplona.com\/actualidad\/#\/schema\/logo\/image\/"},"sameAs":["https:\/\/www.facebook.com\/laguiadepamplonacom-133175176762273\/?ref=hl","https:\/\/x.com\/LaGuiadPamplona","https:\/\/www.instagram.com\/la_guia_de_pamplona\/","https:\/\/www.youtube.com\/user\/laguiadepamplona"]},{"@type":"Person","@id":"https:\/\/www.laguiadepamplona.com\/actualidad\/#\/schema\/person\/efe887376f0213d4657c93adc50b1fdb","name":"La Gu\u00eda de Pamplona","image":{"@type":"ImageObject","inLanguage":"es","@id":"https:\/\/secure.gravatar.com\/avatar\/b6992f131dc8d30ab0dff15446e9d346d9dbd95992de0fef795073f5ea83a81c?s=96&d=mm&r=g","url":"https:\/\/secure.gravatar.com\/avatar\/b6992f131dc8d30ab0dff15446e9d346d9dbd95992de0fef795073f5ea83a81c?s=96&d=mm&r=g","contentUrl":"https:\/\/secure.gravatar.com\/avatar\/b6992f131dc8d30ab0dff15446e9d346d9dbd95992de0fef795073f5ea83a81c?s=96&d=mm&r=g","caption":"La Gu\u00eda de Pamplona"}}]}},"post_mailing_queue_ids":[],"_links":{"self":[{"href":"https:\/\/www.laguiadepamplona.com\/actualidad\/wp-json\/wp\/v2\/posts\/5301","targetHints":{"allow":["GET"]}}],"collection":[{"href":"https:\/\/www.laguiadepamplona.com\/actualidad\/wp-json\/wp\/v2\/posts"}],"about":[{"href":"https:\/\/www.laguiadepamplona.com\/actualidad\/wp-json\/wp\/v2\/types\/post"}],"author":[{"embeddable":true,"href":"https:\/\/www.laguiadepamplona.com\/actualidad\/wp-json\/wp\/v2\/users\/1"}],"replies":[{"embeddable":true,"href":"https:\/\/www.laguiadepamplona.com\/actualidad\/wp-json\/wp\/v2\/comments?post=5301"}],"version-history":[{"count":0,"href":"https:\/\/www.laguiadepamplona.com\/actualidad\/wp-json\/wp\/v2\/posts\/5301\/revisions"}],"wp:featuredmedia":[{"embeddable":true,"href":"https:\/\/www.laguiadepamplona.com\/actualidad\/wp-json\/"}],"wp:attachment":[{"href":"https:\/\/www.laguiadepamplona.com\/actualidad\/wp-json\/wp\/v2\/media?parent=5301"}],"wp:term":[{"taxonomy":"category","embeddable":true,"href":"https:\/\/www.laguiadepamplona.com\/actualidad\/wp-json\/wp\/v2\/categories?post=5301"},{"taxonomy":"post_tag","embeddable":true,"href":"https:\/\/www.laguiadepamplona.com\/actualidad\/wp-json\/wp\/v2\/tags?post=5301"}],"curies":[{"name":"wp","href":"https:\/\/api.w.org\/{rel}","templated":true}]}}