{"id":52994,"date":"2025-05-20T12:35:57","date_gmt":"2025-05-20T10:35:57","guid":{"rendered":"https:\/\/www.laguiadepamplona.com\/actualidad\/?p=52994"},"modified":"2025-05-20T12:35:57","modified_gmt":"2025-05-20T10:35:57","slug":"pamplona-sumara-este-verano-dos-instalaciones-solares-fotovoltaicas-mas-en-las-cubiertas-de-los-colegios-publicos-vazquez-de-mella-e-iturrama","status":"publish","type":"post","link":"https:\/\/www.laguiadepamplona.com\/actualidad\/pamplona-sumara-este-verano-dos-instalaciones-solares-fotovoltaicas-mas-en-las-cubiertas-de-los-colegios-publicos-vazquez-de-mella-e-iturrama\/","title":{"rendered":"Pamplona sumar\u00e1 este verano dos instalaciones solares fotovoltaicas m\u00e1s en las cubiertas de los colegios p\u00fablicos V\u00e1zquez de Mella e Iturrama"},"content":{"rendered":"<h3>La inversi\u00f3n para ambos proyectos alcanza los 148.549,40 euros, con un plazo de ejecuci\u00f3n en torno al mes y medio<\/h3>\n<p><!--more--><\/p>\n<p>La Junta de Gobierno Local ha aprobado la ejecuci\u00f3n de dos instalaciones solares fotovoltaicas de autoconsumo en edificios municipales, con sus correspondientes comunicaciones y monitorizaci\u00f3n. Se ubicar\u00e1n en en dos colegios p\u00fablicos, en CP Iturrama y el CPEIP V\u00e1zquez de Mella. La inversi\u00f3n alcanza los 148.549,40 euros. El plazo de ejecuci\u00f3n de los trabajos es de algo m\u00e1s de 40 d\u00edas, por lo que su ejecuci\u00f3n se llevar\u00e1 a cabo antes del inicio del nuevo curso.<\/p>\n<p>El lote 1, la instalaci\u00f3n del CPEIP V\u00e1zquez de Mella, cuenta con un presupuesto de 66.186,32 euros, que ejecutar\u00e1 Energ\u00edas Fotovoltaicas de Navarra SL. Ser\u00e1 una instalaci\u00f3n de 185 paneles, con una potencia nominal en inversores de 88 kWn y una potencia en m\u00f3dulos fotovoltaicos de 88,8 kWp que podr\u00e1n llegar a producir 114.953,57 kWhe\/a\u00f1o. De esta forma, se dar\u00e1 utilidad una cubierta disponible que actualmente no tiene ninguna otra funci\u00f3n. La instalaci\u00f3n solar fotovoltaica se dividir\u00e1 en 7 partes, por lo tanto, se puede considerar que estar\u00e1 repartida en 7 cubiertas diferentes, cada una con una orientaci\u00f3n e inclinaci\u00f3n propia. Cuatro de las cubiertas tendr\u00e1n orientaci\u00f3n sureste y tres de ellas suroeste. Una de las cubiertas cuenta con una peque\u00f1a instalaci\u00f3n fotovoltaica.<\/p>\n<p>El lote 2 del contrato se corresponde con la instalaci\u00f3n del CP Iturrama. La llevar\u00e1 a cabo la empresa Spie Energy Systems Ib\u00e9rica SLU con un presupuesto de de 82.363,08 euros. Se colocar\u00e1n 230 paneles solares con una potencia de instalaci\u00f3n de 115 kWp y un inversor de 110 kw. El edificio del colegio cuenta ya con una peque\u00f1a instalaci\u00f3n de 24 paneles fotovoltaicos que se mantendr\u00e1 en la intervenci\u00f3n.<\/p>\n<p>Las actuaciones en cada instalaci\u00f3n fotovoltaica de autoconsumo colectivo incluir\u00e1n la cubierta fotovoltaica, el inverso o inversores trif\u00e1sicos para conversi\u00f3n de la energ\u00eda el\u00e9ctrica, el equipo de monitorizaci\u00f3n y la adaptaci\u00f3n de la red de distribuci\u00f3n el\u00e9ctrica seg\u00fan especificaciones de la compa\u00f1\u00eda distribuidora. Asimismo, se gestionar\u00e1 la inspecci\u00f3n de la instalaci\u00f3n por parte de Organismo de Control Administrativo (O.C.A.) y el registro de la instalaci\u00f3n en Industria, seg\u00fan la normativa vigente.<\/p>\n","protected":false},"excerpt":{"rendered":"<p>La inversi\u00f3n para ambos proyectos alcanza los 148.549,40 euros, con un plazo de ejecuci\u00f3n en torno al mes y medio<\/p>\n","protected":false},"author":1,"featured_media":52995,"comment_status":"open","ping_status":"closed","sticky":false,"template":"","format":"standard","meta":{"footnotes":""},"categories":[2],"tags":[],"class_list":["post-52994","post","type-post","status-publish","format-standard","has-post-thumbnail","hentry","category-ayuntamiento-pamplona"],"yoast_head":"<!-- This site is optimized with the Yoast SEO plugin v27.3 - https:\/\/yoast.com\/product\/yoast-seo-wordpress\/ -->\n<title>Pamplona sumar\u00e1 este verano dos instalaciones solares fotovoltaicas m\u00e1s en las cubiertas de los colegios p\u00fablicos V\u00e1zquez de Mella e Iturrama<\/title>\n<meta name=\"description\" content=\"La inversi\u00f3n para ambos proyectos alcanza los 148.549,40 euros, con un plazo de ejecuci\u00f3n en torno al mes y medio\" \/>\n<meta name=\"robots\" content=\"index, follow, max-snippet:-1, max-image-preview:large, max-video-preview:-1\" \/>\n<link rel=\"canonical\" href=\"https:\/\/www.laguiadepamplona.com\/actualidad\/pamplona-sumara-este-verano-dos-instalaciones-solares-fotovoltaicas-mas-en-las-cubiertas-de-los-colegios-publicos-vazquez-de-mella-e-iturrama\/\" \/>\n<meta property=\"og:locale\" content=\"es_ES\" \/>\n<meta property=\"og:type\" content=\"article\" \/>\n<meta property=\"og:title\" content=\"Pamplona sumar\u00e1 este verano dos instalaciones solares fotovoltaicas m\u00e1s en las cubiertas de los colegios p\u00fablicos V\u00e1zquez de Mella e Iturrama\" \/>\n<meta property=\"og:description\" content=\"La inversi\u00f3n para ambos proyectos alcanza los 148.549,40 euros, con un plazo de ejecuci\u00f3n en torno al mes y medio\" \/>\n<meta property=\"og:url\" content=\"https:\/\/www.laguiadepamplona.com\/actualidad\/pamplona-sumara-este-verano-dos-instalaciones-solares-fotovoltaicas-mas-en-las-cubiertas-de-los-colegios-publicos-vazquez-de-mella-e-iturrama\/\" \/>\n<meta property=\"og:site_name\" content=\"La Gu\u00eda de Pamplona\" \/>\n<meta property=\"article:publisher\" content=\"https:\/\/www.facebook.com\/laguiadepamplonacom-133175176762273\/?ref=hl\" \/>\n<meta property=\"article:published_time\" content=\"2025-05-20T10:35:57+00:00\" \/>\n<meta property=\"og:image\" content=\"https:\/\/www.laguiadepamplona.com\/actualidad\/wp-content\/uploads\/2025\/05\/placa-solar-colegio_web.webp\" \/>\n\t<meta property=\"og:image:width\" content=\"1000\" \/>\n\t<meta property=\"og:image:height\" content=\"656\" \/>\n\t<meta property=\"og:image:type\" content=\"image\/webp\" \/>\n<meta name=\"author\" content=\"La Gu\u00eda de Pamplona\" \/>\n<meta name=\"twitter:card\" content=\"summary_large_image\" \/>\n<meta name=\"twitter:creator\" content=\"@LaGuiadPamplona\" \/>\n<meta name=\"twitter:site\" content=\"@LaGuiadPamplona\" \/>\n<meta name=\"twitter:label1\" content=\"Escrito por\" \/>\n\t<meta name=\"twitter:data1\" content=\"La Gu\u00eda de Pamplona\" \/>\n\t<meta name=\"twitter:label2\" content=\"Tiempo de lectura\" \/>\n\t<meta name=\"twitter:data2\" content=\"2 minutos\" \/>\n<script type=\"application\/ld+json\" class=\"yoast-schema-graph\">{\"@context\":\"https:\\\/\\\/schema.org\",\"@graph\":[{\"@type\":\"Article\",\"@id\":\"https:\\\/\\\/www.laguiadepamplona.com\\\/actualidad\\\/pamplona-sumara-este-verano-dos-instalaciones-solares-fotovoltaicas-mas-en-las-cubiertas-de-los-colegios-publicos-vazquez-de-mella-e-iturrama\\\/#article\",\"isPartOf\":{\"@id\":\"https:\\\/\\\/www.laguiadepamplona.com\\\/actualidad\\\/pamplona-sumara-este-verano-dos-instalaciones-solares-fotovoltaicas-mas-en-las-cubiertas-de-los-colegios-publicos-vazquez-de-mella-e-iturrama\\\/\"},\"author\":{\"name\":\"La Gu\u00eda de Pamplona\",\"@id\":\"https:\\\/\\\/www.laguiadepamplona.com\\\/actualidad\\\/#\\\/schema\\\/person\\\/efe887376f0213d4657c93adc50b1fdb\"},\"headline\":\"Pamplona sumar\u00e1 este verano dos instalaciones solares fotovoltaicas m\u00e1s en las cubiertas de los colegios p\u00fablicos V\u00e1zquez de Mella e Iturrama\",\"datePublished\":\"2025-05-20T10:35:57+00:00\",\"mainEntityOfPage\":{\"@id\":\"https:\\\/\\\/www.laguiadepamplona.com\\\/actualidad\\\/pamplona-sumara-este-verano-dos-instalaciones-solares-fotovoltaicas-mas-en-las-cubiertas-de-los-colegios-publicos-vazquez-de-mella-e-iturrama\\\/\"},\"wordCount\":420,\"commentCount\":0,\"publisher\":{\"@id\":\"https:\\\/\\\/www.laguiadepamplona.com\\\/actualidad\\\/#organization\"},\"image\":{\"@id\":\"https:\\\/\\\/www.laguiadepamplona.com\\\/actualidad\\\/pamplona-sumara-este-verano-dos-instalaciones-solares-fotovoltaicas-mas-en-las-cubiertas-de-los-colegios-publicos-vazquez-de-mella-e-iturrama\\\/#primaryimage\"},\"thumbnailUrl\":\"https:\\\/\\\/www.laguiadepamplona.com\\\/actualidad\\\/wp-content\\\/uploads\\\/2025\\\/05\\\/placa-solar-colegio_web.webp\",\"articleSection\":[\"Ayto Pamplona\"],\"inLanguage\":\"es\",\"potentialAction\":[{\"@type\":\"CommentAction\",\"name\":\"Comment\",\"target\":[\"https:\\\/\\\/www.laguiadepamplona.com\\\/actualidad\\\/pamplona-sumara-este-verano-dos-instalaciones-solares-fotovoltaicas-mas-en-las-cubiertas-de-los-colegios-publicos-vazquez-de-mella-e-iturrama\\\/#respond\"]}]},{\"@type\":\"WebPage\",\"@id\":\"https:\\\/\\\/www.laguiadepamplona.com\\\/actualidad\\\/pamplona-sumara-este-verano-dos-instalaciones-solares-fotovoltaicas-mas-en-las-cubiertas-de-los-colegios-publicos-vazquez-de-mella-e-iturrama\\\/\",\"url\":\"https:\\\/\\\/www.laguiadepamplona.com\\\/actualidad\\\/pamplona-sumara-este-verano-dos-instalaciones-solares-fotovoltaicas-mas-en-las-cubiertas-de-los-colegios-publicos-vazquez-de-mella-e-iturrama\\\/\",\"name\":\"Pamplona sumar\u00e1 este verano dos instalaciones solares fotovoltaicas m\u00e1s en las cubiertas de los colegios p\u00fablicos V\u00e1zquez de Mella e Iturrama\",\"isPartOf\":{\"@id\":\"https:\\\/\\\/www.laguiadepamplona.com\\\/actualidad\\\/#website\"},\"primaryImageOfPage\":{\"@id\":\"https:\\\/\\\/www.laguiadepamplona.com\\\/actualidad\\\/pamplona-sumara-este-verano-dos-instalaciones-solares-fotovoltaicas-mas-en-las-cubiertas-de-los-colegios-publicos-vazquez-de-mella-e-iturrama\\\/#primaryimage\"},\"image\":{\"@id\":\"https:\\\/\\\/www.laguiadepamplona.com\\\/actualidad\\\/pamplona-sumara-este-verano-dos-instalaciones-solares-fotovoltaicas-mas-en-las-cubiertas-de-los-colegios-publicos-vazquez-de-mella-e-iturrama\\\/#primaryimage\"},\"thumbnailUrl\":\"https:\\\/\\\/www.laguiadepamplona.com\\\/actualidad\\\/wp-content\\\/uploads\\\/2025\\\/05\\\/placa-solar-colegio_web.webp\",\"datePublished\":\"2025-05-20T10:35:57+00:00\",\"description\":\"La inversi\u00f3n para ambos proyectos alcanza los 148.549,40 euros, con un plazo de ejecuci\u00f3n en torno al mes y medio\",\"breadcrumb\":{\"@id\":\"https:\\\/\\\/www.laguiadepamplona.com\\\/actualidad\\\/pamplona-sumara-este-verano-dos-instalaciones-solares-fotovoltaicas-mas-en-las-cubiertas-de-los-colegios-publicos-vazquez-de-mella-e-iturrama\\\/#breadcrumb\"},\"inLanguage\":\"es\",\"potentialAction\":[{\"@type\":\"ReadAction\",\"target\":[\"https:\\\/\\\/www.laguiadepamplona.com\\\/actualidad\\\/pamplona-sumara-este-verano-dos-instalaciones-solares-fotovoltaicas-mas-en-las-cubiertas-de-los-colegios-publicos-vazquez-de-mella-e-iturrama\\\/\"]}]},{\"@type\":\"ImageObject\",\"inLanguage\":\"es\",\"@id\":\"https:\\\/\\\/www.laguiadepamplona.com\\\/actualidad\\\/pamplona-sumara-este-verano-dos-instalaciones-solares-fotovoltaicas-mas-en-las-cubiertas-de-los-colegios-publicos-vazquez-de-mella-e-iturrama\\\/#primaryimage\",\"url\":\"https:\\\/\\\/www.laguiadepamplona.com\\\/actualidad\\\/wp-content\\\/uploads\\\/2025\\\/05\\\/placa-solar-colegio_web.webp\",\"contentUrl\":\"https:\\\/\\\/www.laguiadepamplona.com\\\/actualidad\\\/wp-content\\\/uploads\\\/2025\\\/05\\\/placa-solar-colegio_web.webp\",\"width\":1000,\"height\":656,\"caption\":\"placa solar colegio\"},{\"@type\":\"BreadcrumbList\",\"@id\":\"https:\\\/\\\/www.laguiadepamplona.com\\\/actualidad\\\/pamplona-sumara-este-verano-dos-instalaciones-solares-fotovoltaicas-mas-en-las-cubiertas-de-los-colegios-publicos-vazquez-de-mella-e-iturrama\\\/#breadcrumb\",\"itemListElement\":[{\"@type\":\"ListItem\",\"position\":1,\"name\":\"Portada\",\"item\":\"https:\\\/\\\/www.laguiadepamplona.com\\\/actualidad\\\/\"},{\"@type\":\"ListItem\",\"position\":2,\"name\":\"Pamplona sumar\u00e1 este verano dos instalaciones solares fotovoltaicas m\u00e1s en las cubiertas de los colegios p\u00fablicos V\u00e1zquez de Mella e Iturrama\"}]},{\"@type\":\"WebSite\",\"@id\":\"https:\\\/\\\/www.laguiadepamplona.com\\\/actualidad\\\/#website\",\"url\":\"https:\\\/\\\/www.laguiadepamplona.com\\\/actualidad\\\/\",\"name\":\"La gu\u00eda de Pamplona\",\"description\":\"Noticias de Pamplona\",\"publisher\":{\"@id\":\"https:\\\/\\\/www.laguiadepamplona.com\\\/actualidad\\\/#organization\"},\"potentialAction\":[{\"@type\":\"SearchAction\",\"target\":{\"@type\":\"EntryPoint\",\"urlTemplate\":\"https:\\\/\\\/www.laguiadepamplona.com\\\/actualidad\\\/?s={search_term_string}\"},\"query-input\":{\"@type\":\"PropertyValueSpecification\",\"valueRequired\":true,\"valueName\":\"search_term_string\"}}],\"inLanguage\":\"es\"},{\"@type\":\"Organization\",\"@id\":\"https:\\\/\\\/www.laguiadepamplona.com\\\/actualidad\\\/#organization\",\"name\":\"La Gu\u00eda de Pamplona \\\/ Noticias\",\"url\":\"https:\\\/\\\/www.laguiadepamplona.com\\\/actualidad\\\/\",\"logo\":{\"@type\":\"ImageObject\",\"inLanguage\":\"es\",\"@id\":\"https:\\\/\\\/www.laguiadepamplona.com\\\/actualidad\\\/#\\\/schema\\\/logo\\\/image\\\/\",\"url\":\"https:\\\/\\\/www.laguiadepamplona.com\\\/actualidad\\\/wp-content\\\/uploads\\\/2018\\\/11\\\/logo-laguiadepamplona18-web1.png\",\"contentUrl\":\"https:\\\/\\\/www.laguiadepamplona.com\\\/actualidad\\\/wp-content\\\/uploads\\\/2018\\\/11\\\/logo-laguiadepamplona18-web1.png\",\"width\":600,\"height\":196,\"caption\":\"La Gu\u00eda de Pamplona \\\/ Noticias\"},\"image\":{\"@id\":\"https:\\\/\\\/www.laguiadepamplona.com\\\/actualidad\\\/#\\\/schema\\\/logo\\\/image\\\/\"},\"sameAs\":[\"https:\\\/\\\/www.facebook.com\\\/laguiadepamplonacom-133175176762273\\\/?ref=hl\",\"https:\\\/\\\/x.com\\\/LaGuiadPamplona\",\"https:\\\/\\\/www.instagram.com\\\/la_guia_de_pamplona\\\/\",\"https:\\\/\\\/www.youtube.com\\\/user\\\/laguiadepamplona\"]},{\"@type\":\"Person\",\"@id\":\"https:\\\/\\\/www.laguiadepamplona.com\\\/actualidad\\\/#\\\/schema\\\/person\\\/efe887376f0213d4657c93adc50b1fdb\",\"name\":\"La Gu\u00eda de Pamplona\",\"image\":{\"@type\":\"ImageObject\",\"inLanguage\":\"es\",\"@id\":\"https:\\\/\\\/secure.gravatar.com\\\/avatar\\\/b6992f131dc8d30ab0dff15446e9d346d9dbd95992de0fef795073f5ea83a81c?s=96&d=mm&r=g\",\"url\":\"https:\\\/\\\/secure.gravatar.com\\\/avatar\\\/b6992f131dc8d30ab0dff15446e9d346d9dbd95992de0fef795073f5ea83a81c?s=96&d=mm&r=g\",\"contentUrl\":\"https:\\\/\\\/secure.gravatar.com\\\/avatar\\\/b6992f131dc8d30ab0dff15446e9d346d9dbd95992de0fef795073f5ea83a81c?s=96&d=mm&r=g\",\"caption\":\"La Gu\u00eda de Pamplona\"}}]}<\/script>\n<!-- \/ Yoast SEO plugin. -->","yoast_head_json":{"title":"Pamplona sumar\u00e1 este verano dos instalaciones solares fotovoltaicas m\u00e1s en las cubiertas de los colegios p\u00fablicos V\u00e1zquez de Mella e Iturrama","description":"La inversi\u00f3n para ambos proyectos alcanza los 148.549,40 euros, con un plazo de ejecuci\u00f3n en torno al mes y medio","robots":{"index":"index","follow":"follow","max-snippet":"max-snippet:-1","max-image-preview":"max-image-preview:large","max-video-preview":"max-video-preview:-1"},"canonical":"https:\/\/www.laguiadepamplona.com\/actualidad\/pamplona-sumara-este-verano-dos-instalaciones-solares-fotovoltaicas-mas-en-las-cubiertas-de-los-colegios-publicos-vazquez-de-mella-e-iturrama\/","og_locale":"es_ES","og_type":"article","og_title":"Pamplona sumar\u00e1 este verano dos instalaciones solares fotovoltaicas m\u00e1s en las cubiertas de los colegios p\u00fablicos V\u00e1zquez de Mella e Iturrama","og_description":"La inversi\u00f3n para ambos proyectos alcanza los 148.549,40 euros, con un plazo de ejecuci\u00f3n en torno al mes y medio","og_url":"https:\/\/www.laguiadepamplona.com\/actualidad\/pamplona-sumara-este-verano-dos-instalaciones-solares-fotovoltaicas-mas-en-las-cubiertas-de-los-colegios-publicos-vazquez-de-mella-e-iturrama\/","og_site_name":"La Gu\u00eda de Pamplona","article_publisher":"https:\/\/www.facebook.com\/laguiadepamplonacom-133175176762273\/?ref=hl","article_published_time":"2025-05-20T10:35:57+00:00","og_image":[{"width":1000,"height":656,"url":"https:\/\/www.laguiadepamplona.com\/actualidad\/wp-content\/uploads\/2025\/05\/placa-solar-colegio_web.webp","type":"image\/webp"}],"author":"La Gu\u00eda de Pamplona","twitter_card":"summary_large_image","twitter_creator":"@LaGuiadPamplona","twitter_site":"@LaGuiadPamplona","twitter_misc":{"Escrito por":"La Gu\u00eda de Pamplona","Tiempo de lectura":"2 minutos"},"schema":{"@context":"https:\/\/schema.org","@graph":[{"@type":"Article","@id":"https:\/\/www.laguiadepamplona.com\/actualidad\/pamplona-sumara-este-verano-dos-instalaciones-solares-fotovoltaicas-mas-en-las-cubiertas-de-los-colegios-publicos-vazquez-de-mella-e-iturrama\/#article","isPartOf":{"@id":"https:\/\/www.laguiadepamplona.com\/actualidad\/pamplona-sumara-este-verano-dos-instalaciones-solares-fotovoltaicas-mas-en-las-cubiertas-de-los-colegios-publicos-vazquez-de-mella-e-iturrama\/"},"author":{"name":"La Gu\u00eda de Pamplona","@id":"https:\/\/www.laguiadepamplona.com\/actualidad\/#\/schema\/person\/efe887376f0213d4657c93adc50b1fdb"},"headline":"Pamplona sumar\u00e1 este verano dos instalaciones solares fotovoltaicas m\u00e1s en las cubiertas de los colegios p\u00fablicos V\u00e1zquez de Mella e Iturrama","datePublished":"2025-05-20T10:35:57+00:00","mainEntityOfPage":{"@id":"https:\/\/www.laguiadepamplona.com\/actualidad\/pamplona-sumara-este-verano-dos-instalaciones-solares-fotovoltaicas-mas-en-las-cubiertas-de-los-colegios-publicos-vazquez-de-mella-e-iturrama\/"},"wordCount":420,"commentCount":0,"publisher":{"@id":"https:\/\/www.laguiadepamplona.com\/actualidad\/#organization"},"image":{"@id":"https:\/\/www.laguiadepamplona.com\/actualidad\/pamplona-sumara-este-verano-dos-instalaciones-solares-fotovoltaicas-mas-en-las-cubiertas-de-los-colegios-publicos-vazquez-de-mella-e-iturrama\/#primaryimage"},"thumbnailUrl":"https:\/\/www.laguiadepamplona.com\/actualidad\/wp-content\/uploads\/2025\/05\/placa-solar-colegio_web.webp","articleSection":["Ayto Pamplona"],"inLanguage":"es","potentialAction":[{"@type":"CommentAction","name":"Comment","target":["https:\/\/www.laguiadepamplona.com\/actualidad\/pamplona-sumara-este-verano-dos-instalaciones-solares-fotovoltaicas-mas-en-las-cubiertas-de-los-colegios-publicos-vazquez-de-mella-e-iturrama\/#respond"]}]},{"@type":"WebPage","@id":"https:\/\/www.laguiadepamplona.com\/actualidad\/pamplona-sumara-este-verano-dos-instalaciones-solares-fotovoltaicas-mas-en-las-cubiertas-de-los-colegios-publicos-vazquez-de-mella-e-iturrama\/","url":"https:\/\/www.laguiadepamplona.com\/actualidad\/pamplona-sumara-este-verano-dos-instalaciones-solares-fotovoltaicas-mas-en-las-cubiertas-de-los-colegios-publicos-vazquez-de-mella-e-iturrama\/","name":"Pamplona sumar\u00e1 este verano dos instalaciones solares fotovoltaicas m\u00e1s en las cubiertas de los colegios p\u00fablicos V\u00e1zquez de Mella e Iturrama","isPartOf":{"@id":"https:\/\/www.laguiadepamplona.com\/actualidad\/#website"},"primaryImageOfPage":{"@id":"https:\/\/www.laguiadepamplona.com\/actualidad\/pamplona-sumara-este-verano-dos-instalaciones-solares-fotovoltaicas-mas-en-las-cubiertas-de-los-colegios-publicos-vazquez-de-mella-e-iturrama\/#primaryimage"},"image":{"@id":"https:\/\/www.laguiadepamplona.com\/actualidad\/pamplona-sumara-este-verano-dos-instalaciones-solares-fotovoltaicas-mas-en-las-cubiertas-de-los-colegios-publicos-vazquez-de-mella-e-iturrama\/#primaryimage"},"thumbnailUrl":"https:\/\/www.laguiadepamplona.com\/actualidad\/wp-content\/uploads\/2025\/05\/placa-solar-colegio_web.webp","datePublished":"2025-05-20T10:35:57+00:00","description":"La inversi\u00f3n para ambos proyectos alcanza los 148.549,40 euros, con un plazo de ejecuci\u00f3n en torno al mes y medio","breadcrumb":{"@id":"https:\/\/www.laguiadepamplona.com\/actualidad\/pamplona-sumara-este-verano-dos-instalaciones-solares-fotovoltaicas-mas-en-las-cubiertas-de-los-colegios-publicos-vazquez-de-mella-e-iturrama\/#breadcrumb"},"inLanguage":"es","potentialAction":[{"@type":"ReadAction","target":["https:\/\/www.laguiadepamplona.com\/actualidad\/pamplona-sumara-este-verano-dos-instalaciones-solares-fotovoltaicas-mas-en-las-cubiertas-de-los-colegios-publicos-vazquez-de-mella-e-iturrama\/"]}]},{"@type":"ImageObject","inLanguage":"es","@id":"https:\/\/www.laguiadepamplona.com\/actualidad\/pamplona-sumara-este-verano-dos-instalaciones-solares-fotovoltaicas-mas-en-las-cubiertas-de-los-colegios-publicos-vazquez-de-mella-e-iturrama\/#primaryimage","url":"https:\/\/www.laguiadepamplona.com\/actualidad\/wp-content\/uploads\/2025\/05\/placa-solar-colegio_web.webp","contentUrl":"https:\/\/www.laguiadepamplona.com\/actualidad\/wp-content\/uploads\/2025\/05\/placa-solar-colegio_web.webp","width":1000,"height":656,"caption":"placa solar colegio"},{"@type":"BreadcrumbList","@id":"https:\/\/www.laguiadepamplona.com\/actualidad\/pamplona-sumara-este-verano-dos-instalaciones-solares-fotovoltaicas-mas-en-las-cubiertas-de-los-colegios-publicos-vazquez-de-mella-e-iturrama\/#breadcrumb","itemListElement":[{"@type":"ListItem","position":1,"name":"Portada","item":"https:\/\/www.laguiadepamplona.com\/actualidad\/"},{"@type":"ListItem","position":2,"name":"Pamplona sumar\u00e1 este verano dos instalaciones solares fotovoltaicas m\u00e1s en las cubiertas de los colegios p\u00fablicos V\u00e1zquez de Mella e Iturrama"}]},{"@type":"WebSite","@id":"https:\/\/www.laguiadepamplona.com\/actualidad\/#website","url":"https:\/\/www.laguiadepamplona.com\/actualidad\/","name":"La gu\u00eda de Pamplona","description":"Noticias de Pamplona","publisher":{"@id":"https:\/\/www.laguiadepamplona.com\/actualidad\/#organization"},"potentialAction":[{"@type":"SearchAction","target":{"@type":"EntryPoint","urlTemplate":"https:\/\/www.laguiadepamplona.com\/actualidad\/?s={search_term_string}"},"query-input":{"@type":"PropertyValueSpecification","valueRequired":true,"valueName":"search_term_string"}}],"inLanguage":"es"},{"@type":"Organization","@id":"https:\/\/www.laguiadepamplona.com\/actualidad\/#organization","name":"La Gu\u00eda de Pamplona \/ Noticias","url":"https:\/\/www.laguiadepamplona.com\/actualidad\/","logo":{"@type":"ImageObject","inLanguage":"es","@id":"https:\/\/www.laguiadepamplona.com\/actualidad\/#\/schema\/logo\/image\/","url":"https:\/\/www.laguiadepamplona.com\/actualidad\/wp-content\/uploads\/2018\/11\/logo-laguiadepamplona18-web1.png","contentUrl":"https:\/\/www.laguiadepamplona.com\/actualidad\/wp-content\/uploads\/2018\/11\/logo-laguiadepamplona18-web1.png","width":600,"height":196,"caption":"La Gu\u00eda de Pamplona \/ Noticias"},"image":{"@id":"https:\/\/www.laguiadepamplona.com\/actualidad\/#\/schema\/logo\/image\/"},"sameAs":["https:\/\/www.facebook.com\/laguiadepamplonacom-133175176762273\/?ref=hl","https:\/\/x.com\/LaGuiadPamplona","https:\/\/www.instagram.com\/la_guia_de_pamplona\/","https:\/\/www.youtube.com\/user\/laguiadepamplona"]},{"@type":"Person","@id":"https:\/\/www.laguiadepamplona.com\/actualidad\/#\/schema\/person\/efe887376f0213d4657c93adc50b1fdb","name":"La Gu\u00eda de Pamplona","image":{"@type":"ImageObject","inLanguage":"es","@id":"https:\/\/secure.gravatar.com\/avatar\/b6992f131dc8d30ab0dff15446e9d346d9dbd95992de0fef795073f5ea83a81c?s=96&d=mm&r=g","url":"https:\/\/secure.gravatar.com\/avatar\/b6992f131dc8d30ab0dff15446e9d346d9dbd95992de0fef795073f5ea83a81c?s=96&d=mm&r=g","contentUrl":"https:\/\/secure.gravatar.com\/avatar\/b6992f131dc8d30ab0dff15446e9d346d9dbd95992de0fef795073f5ea83a81c?s=96&d=mm&r=g","caption":"La Gu\u00eda de Pamplona"}}]}},"post_mailing_queue_ids":[],"_links":{"self":[{"href":"https:\/\/www.laguiadepamplona.com\/actualidad\/wp-json\/wp\/v2\/posts\/52994","targetHints":{"allow":["GET"]}}],"collection":[{"href":"https:\/\/www.laguiadepamplona.com\/actualidad\/wp-json\/wp\/v2\/posts"}],"about":[{"href":"https:\/\/www.laguiadepamplona.com\/actualidad\/wp-json\/wp\/v2\/types\/post"}],"author":[{"embeddable":true,"href":"https:\/\/www.laguiadepamplona.com\/actualidad\/wp-json\/wp\/v2\/users\/1"}],"replies":[{"embeddable":true,"href":"https:\/\/www.laguiadepamplona.com\/actualidad\/wp-json\/wp\/v2\/comments?post=52994"}],"version-history":[{"count":1,"href":"https:\/\/www.laguiadepamplona.com\/actualidad\/wp-json\/wp\/v2\/posts\/52994\/revisions"}],"predecessor-version":[{"id":52996,"href":"https:\/\/www.laguiadepamplona.com\/actualidad\/wp-json\/wp\/v2\/posts\/52994\/revisions\/52996"}],"wp:featuredmedia":[{"embeddable":true,"href":"https:\/\/www.laguiadepamplona.com\/actualidad\/wp-json\/wp\/v2\/media\/52995"}],"wp:attachment":[{"href":"https:\/\/www.laguiadepamplona.com\/actualidad\/wp-json\/wp\/v2\/media?parent=52994"}],"wp:term":[{"taxonomy":"category","embeddable":true,"href":"https:\/\/www.laguiadepamplona.com\/actualidad\/wp-json\/wp\/v2\/categories?post=52994"},{"taxonomy":"post_tag","embeddable":true,"href":"https:\/\/www.laguiadepamplona.com\/actualidad\/wp-json\/wp\/v2\/tags?post=52994"}],"curies":[{"name":"wp","href":"https:\/\/api.w.org\/{rel}","templated":true}]}}