{"id":52932,"date":"2025-05-14T13:27:06","date_gmt":"2025-05-14T11:27:06","guid":{"rendered":"https:\/\/www.laguiadepamplona.com\/actualidad\/?p=52932"},"modified":"2025-05-14T13:27:06","modified_gmt":"2025-05-14T11:27:06","slug":"mas-de-6-800-personas-han-votado-ya-por-su-cartel-favorito-para-anunciar-los-sanfermines-2025","status":"publish","type":"post","link":"https:\/\/www.laguiadepamplona.com\/actualidad\/mas-de-6-800-personas-han-votado-ya-por-su-cartel-favorito-para-anunciar-los-sanfermines-2025\/","title":{"rendered":"M\u00e1s de 6.800 personas han votado ya por su cartel favorito para anunciar los Sanfermines 2025"},"content":{"rendered":"<h2>Las personas empadronadas en Pamplona pueden votar hasta el 18 de mayo a trav\u00e9s del 010, en la red Civivox o en <a href=\"http:\/\/www.pamplona.es\" target=\"_blank\" rel=\"noopener\">www.pamplona.es<\/a><\/h2>\n<p><!--more--><\/p>\n<p>Este domingo finaliza la votaci\u00f3n para elegir el cartel que anunciar\u00e1 las fiestas de San Ferm\u00edn 2025 entre los diez finalistas seleccionados por el jurado t\u00e9cnico. A falta de algo m\u00e1s de cuatro d\u00edas, ya han votado 6.861 personas. El a\u00f1o pasado se registraron 10.018 votos. El periodo de votaci\u00f3n se abri\u00f3 el pasado 7 de mayo y se desarrollar\u00e1 durante doce d\u00edas. Pueden votar \u00fanicamente las personas empadronadas en Pamplona.<\/p>\n<p>Habitualmente, el voto telem\u00e1tico suele ser el mayoritario a la hora de optar por una forma de votaci\u00f3n. Se han habilitado enlaces en las webs municipales <a href=\"http:\/\/www.pamplona.es\" target=\"_blank\" rel=\"noopener\">www.pamplona.es<\/a> y <a href=\"http:\/\/www.pamplonaescultura.es\" target=\"_blank\" rel=\"noopener\">www.pamplonaescultura.es<\/a>. Se requiere una direcci\u00f3n de correo electr\u00f3nico y cumplimentar un formulario con DNI, NIE o pasaporte completo, as\u00ed como nombre y apellido de la persona. El sistema enviar\u00e1 un enlace a la direcci\u00f3n de correo electr\u00f3nico facilitada, que se debe validar para poder contabilizar el voto. \u00danicamente se permite una votaci\u00f3n por persona. La votaci\u00f3n telem\u00e1tica estar\u00e1 abierta hasta las 23.59 horas del domingo 18 de mayo.<\/p>\n<p>Un d\u00eda antes, el s\u00e1bado 17 de mayo a las 13.30 horas, se cerrar\u00e1n las votaciones a trav\u00e9s del 010 \u2013 948 420 100 y en las urnas de la red Civivox. Para votar de forma telef\u00f3nica ser\u00e1 necesario facilitar nombre, apellido y se\u00f1alar el cartel al que se desea votar. Se pedir\u00e1 tambi\u00e9n el n\u00famero de DNI para verificar que no ha se votado por otro medio. Quienes opten por el voto presencial en los civivox rellenar\u00e1n una papeleta con sus datos personales y el DNI. Cuando esos votos se incluyan en el registro total, se comprobar\u00e1n los datos para evitar duplicidades.<\/p>\n<p>El Ayuntamiento de Pamplona ha implementado, al igual que en a\u00f1os anteriores, diferentes mecanismos de seguridad para que la votaci\u00f3n se desarrolle correctamente. Se ha reforzado la autenticaci\u00f3n de las personas que pueden votar a trav\u00e9s de correos de validaci\u00f3n, por ejemplo, para evitar votaciones masivas desde una misma IP y que no existan duplicidades.<\/p>\n<p>&nbsp;<\/p>\n<h3>Obras finalistas. Concurso de carteles Sanfermines 2025<\/h3>\n<ul>\n<li>N\u00famero 1. Plica 3017. Brillo<\/li>\n<li>N\u00famero 2. Plica 3129. El 6 a las 12:00<\/li>\n<li>N\u00famero 3. Plica 3225. Lore-Koroa \/ Corona de flores<\/li>\n<li>N\u00famero 4. Plica 3144. \u00a1A toda fiesta!<\/li>\n<li>N\u00famero 5. Plica 3395. Hogar pamplonica<\/li>\n<li>N\u00famero 6. Plica 3247. Bauhaus 1919<\/li>\n<li>N\u00famero 7. Plica 3155. Yo soy Pamplona<\/li>\n<li>N\u00famero 8. Plica 3520. Instantes<\/li>\n<li>N\u00famero 9. Plica 3514. Zaldiko<\/li>\n<li>N\u00famero 10. Plica 3440. Corre<\/li>\n<\/ul>\n","protected":false},"excerpt":{"rendered":"<p>Las personas empadronadas en Pamplona pueden votar hasta el 18 de mayo a trav\u00e9s del 010, en la red Civivox o en www.pamplona.es<\/p>\n","protected":false},"author":1,"featured_media":52933,"comment_status":"open","ping_status":"closed","sticky":false,"template":"","format":"standard","meta":{"footnotes":""},"categories":[2],"tags":[],"class_list":["post-52932","post","type-post","status-publish","format-standard","has-post-thumbnail","hentry","category-ayuntamiento-pamplona"],"yoast_head":"<!-- This site is optimized with the Yoast SEO plugin v27.3 - https:\/\/yoast.com\/product\/yoast-seo-wordpress\/ -->\n<title>M\u00e1s de 6.800 personas han votado ya por su cartel favorito para anunciar los Sanfermines 2025<\/title>\n<meta name=\"description\" content=\"Las personas empadronadas en Pamplona pueden votar hasta el 18 de mayo a trav\u00e9s del 010, en la red Civivox o en www.pamplona.es\" \/>\n<meta name=\"robots\" content=\"index, follow, max-snippet:-1, max-image-preview:large, max-video-preview:-1\" \/>\n<link rel=\"canonical\" href=\"https:\/\/www.laguiadepamplona.com\/actualidad\/mas-de-6-800-personas-han-votado-ya-por-su-cartel-favorito-para-anunciar-los-sanfermines-2025\/\" \/>\n<meta property=\"og:locale\" content=\"es_ES\" \/>\n<meta property=\"og:type\" content=\"article\" \/>\n<meta property=\"og:title\" content=\"M\u00e1s de 6.800 personas han votado ya por su cartel favorito para anunciar los Sanfermines 2025\" \/>\n<meta property=\"og:description\" content=\"Las personas empadronadas en Pamplona pueden votar hasta el 18 de mayo a trav\u00e9s del 010, en la red Civivox o en www.pamplona.es\" \/>\n<meta property=\"og:url\" content=\"https:\/\/www.laguiadepamplona.com\/actualidad\/mas-de-6-800-personas-han-votado-ya-por-su-cartel-favorito-para-anunciar-los-sanfermines-2025\/\" \/>\n<meta property=\"og:site_name\" content=\"La Gu\u00eda de Pamplona\" \/>\n<meta property=\"article:publisher\" content=\"https:\/\/www.facebook.com\/laguiadepamplonacom-133175176762273\/?ref=hl\" \/>\n<meta property=\"article:published_time\" content=\"2025-05-14T11:27:06+00:00\" \/>\n<meta property=\"og:image\" content=\"https:\/\/www.laguiadepamplona.com\/actualidad\/wp-content\/uploads\/2025\/05\/carteles-SF_2025.webp\" \/>\n\t<meta property=\"og:image:width\" content=\"1000\" \/>\n\t<meta property=\"og:image:height\" content=\"716\" \/>\n\t<meta property=\"og:image:type\" content=\"image\/webp\" \/>\n<meta name=\"author\" content=\"La Gu\u00eda de Pamplona\" \/>\n<meta name=\"twitter:card\" content=\"summary_large_image\" \/>\n<meta name=\"twitter:creator\" content=\"@LaGuiadPamplona\" \/>\n<meta name=\"twitter:site\" content=\"@LaGuiadPamplona\" \/>\n<meta name=\"twitter:label1\" content=\"Escrito por\" \/>\n\t<meta name=\"twitter:data1\" content=\"La Gu\u00eda de Pamplona\" \/>\n\t<meta name=\"twitter:label2\" content=\"Tiempo de lectura\" \/>\n\t<meta name=\"twitter:data2\" content=\"2 minutos\" \/>\n<script type=\"application\/ld+json\" class=\"yoast-schema-graph\">{\"@context\":\"https:\\\/\\\/schema.org\",\"@graph\":[{\"@type\":\"Article\",\"@id\":\"https:\\\/\\\/www.laguiadepamplona.com\\\/actualidad\\\/mas-de-6-800-personas-han-votado-ya-por-su-cartel-favorito-para-anunciar-los-sanfermines-2025\\\/#article\",\"isPartOf\":{\"@id\":\"https:\\\/\\\/www.laguiadepamplona.com\\\/actualidad\\\/mas-de-6-800-personas-han-votado-ya-por-su-cartel-favorito-para-anunciar-los-sanfermines-2025\\\/\"},\"author\":{\"name\":\"La Gu\u00eda de Pamplona\",\"@id\":\"https:\\\/\\\/www.laguiadepamplona.com\\\/actualidad\\\/#\\\/schema\\\/person\\\/efe887376f0213d4657c93adc50b1fdb\"},\"headline\":\"M\u00e1s de 6.800 personas han votado ya por su cartel favorito para anunciar los Sanfermines 2025\",\"datePublished\":\"2025-05-14T11:27:06+00:00\",\"mainEntityOfPage\":{\"@id\":\"https:\\\/\\\/www.laguiadepamplona.com\\\/actualidad\\\/mas-de-6-800-personas-han-votado-ya-por-su-cartel-favorito-para-anunciar-los-sanfermines-2025\\\/\"},\"wordCount\":444,\"commentCount\":0,\"publisher\":{\"@id\":\"https:\\\/\\\/www.laguiadepamplona.com\\\/actualidad\\\/#organization\"},\"image\":{\"@id\":\"https:\\\/\\\/www.laguiadepamplona.com\\\/actualidad\\\/mas-de-6-800-personas-han-votado-ya-por-su-cartel-favorito-para-anunciar-los-sanfermines-2025\\\/#primaryimage\"},\"thumbnailUrl\":\"https:\\\/\\\/www.laguiadepamplona.com\\\/actualidad\\\/wp-content\\\/uploads\\\/2025\\\/05\\\/carteles-SF_2025.webp\",\"articleSection\":[\"Ayto Pamplona\"],\"inLanguage\":\"es\",\"potentialAction\":[{\"@type\":\"CommentAction\",\"name\":\"Comment\",\"target\":[\"https:\\\/\\\/www.laguiadepamplona.com\\\/actualidad\\\/mas-de-6-800-personas-han-votado-ya-por-su-cartel-favorito-para-anunciar-los-sanfermines-2025\\\/#respond\"]}]},{\"@type\":\"WebPage\",\"@id\":\"https:\\\/\\\/www.laguiadepamplona.com\\\/actualidad\\\/mas-de-6-800-personas-han-votado-ya-por-su-cartel-favorito-para-anunciar-los-sanfermines-2025\\\/\",\"url\":\"https:\\\/\\\/www.laguiadepamplona.com\\\/actualidad\\\/mas-de-6-800-personas-han-votado-ya-por-su-cartel-favorito-para-anunciar-los-sanfermines-2025\\\/\",\"name\":\"M\u00e1s de 6.800 personas han votado ya por su cartel favorito para anunciar los Sanfermines 2025\",\"isPartOf\":{\"@id\":\"https:\\\/\\\/www.laguiadepamplona.com\\\/actualidad\\\/#website\"},\"primaryImageOfPage\":{\"@id\":\"https:\\\/\\\/www.laguiadepamplona.com\\\/actualidad\\\/mas-de-6-800-personas-han-votado-ya-por-su-cartel-favorito-para-anunciar-los-sanfermines-2025\\\/#primaryimage\"},\"image\":{\"@id\":\"https:\\\/\\\/www.laguiadepamplona.com\\\/actualidad\\\/mas-de-6-800-personas-han-votado-ya-por-su-cartel-favorito-para-anunciar-los-sanfermines-2025\\\/#primaryimage\"},\"thumbnailUrl\":\"https:\\\/\\\/www.laguiadepamplona.com\\\/actualidad\\\/wp-content\\\/uploads\\\/2025\\\/05\\\/carteles-SF_2025.webp\",\"datePublished\":\"2025-05-14T11:27:06+00:00\",\"description\":\"Las personas empadronadas en Pamplona pueden votar hasta el 18 de mayo a trav\u00e9s del 010, en la red Civivox o en www.pamplona.es\",\"breadcrumb\":{\"@id\":\"https:\\\/\\\/www.laguiadepamplona.com\\\/actualidad\\\/mas-de-6-800-personas-han-votado-ya-por-su-cartel-favorito-para-anunciar-los-sanfermines-2025\\\/#breadcrumb\"},\"inLanguage\":\"es\",\"potentialAction\":[{\"@type\":\"ReadAction\",\"target\":[\"https:\\\/\\\/www.laguiadepamplona.com\\\/actualidad\\\/mas-de-6-800-personas-han-votado-ya-por-su-cartel-favorito-para-anunciar-los-sanfermines-2025\\\/\"]}]},{\"@type\":\"ImageObject\",\"inLanguage\":\"es\",\"@id\":\"https:\\\/\\\/www.laguiadepamplona.com\\\/actualidad\\\/mas-de-6-800-personas-han-votado-ya-por-su-cartel-favorito-para-anunciar-los-sanfermines-2025\\\/#primaryimage\",\"url\":\"https:\\\/\\\/www.laguiadepamplona.com\\\/actualidad\\\/wp-content\\\/uploads\\\/2025\\\/05\\\/carteles-SF_2025.webp\",\"contentUrl\":\"https:\\\/\\\/www.laguiadepamplona.com\\\/actualidad\\\/wp-content\\\/uploads\\\/2025\\\/05\\\/carteles-SF_2025.webp\",\"width\":1000,\"height\":716,\"caption\":\"carteles San Ferm\u00edn 2025\"},{\"@type\":\"BreadcrumbList\",\"@id\":\"https:\\\/\\\/www.laguiadepamplona.com\\\/actualidad\\\/mas-de-6-800-personas-han-votado-ya-por-su-cartel-favorito-para-anunciar-los-sanfermines-2025\\\/#breadcrumb\",\"itemListElement\":[{\"@type\":\"ListItem\",\"position\":1,\"name\":\"Portada\",\"item\":\"https:\\\/\\\/www.laguiadepamplona.com\\\/actualidad\\\/\"},{\"@type\":\"ListItem\",\"position\":2,\"name\":\"M\u00e1s de 6.800 personas han votado ya por su cartel favorito para anunciar los Sanfermines 2025\"}]},{\"@type\":\"WebSite\",\"@id\":\"https:\\\/\\\/www.laguiadepamplona.com\\\/actualidad\\\/#website\",\"url\":\"https:\\\/\\\/www.laguiadepamplona.com\\\/actualidad\\\/\",\"name\":\"La gu\u00eda de Pamplona\",\"description\":\"Noticias de Pamplona\",\"publisher\":{\"@id\":\"https:\\\/\\\/www.laguiadepamplona.com\\\/actualidad\\\/#organization\"},\"potentialAction\":[{\"@type\":\"SearchAction\",\"target\":{\"@type\":\"EntryPoint\",\"urlTemplate\":\"https:\\\/\\\/www.laguiadepamplona.com\\\/actualidad\\\/?s={search_term_string}\"},\"query-input\":{\"@type\":\"PropertyValueSpecification\",\"valueRequired\":true,\"valueName\":\"search_term_string\"}}],\"inLanguage\":\"es\"},{\"@type\":\"Organization\",\"@id\":\"https:\\\/\\\/www.laguiadepamplona.com\\\/actualidad\\\/#organization\",\"name\":\"La Gu\u00eda de Pamplona \\\/ Noticias\",\"url\":\"https:\\\/\\\/www.laguiadepamplona.com\\\/actualidad\\\/\",\"logo\":{\"@type\":\"ImageObject\",\"inLanguage\":\"es\",\"@id\":\"https:\\\/\\\/www.laguiadepamplona.com\\\/actualidad\\\/#\\\/schema\\\/logo\\\/image\\\/\",\"url\":\"https:\\\/\\\/www.laguiadepamplona.com\\\/actualidad\\\/wp-content\\\/uploads\\\/2018\\\/11\\\/logo-laguiadepamplona18-web1.png\",\"contentUrl\":\"https:\\\/\\\/www.laguiadepamplona.com\\\/actualidad\\\/wp-content\\\/uploads\\\/2018\\\/11\\\/logo-laguiadepamplona18-web1.png\",\"width\":600,\"height\":196,\"caption\":\"La Gu\u00eda de Pamplona \\\/ Noticias\"},\"image\":{\"@id\":\"https:\\\/\\\/www.laguiadepamplona.com\\\/actualidad\\\/#\\\/schema\\\/logo\\\/image\\\/\"},\"sameAs\":[\"https:\\\/\\\/www.facebook.com\\\/laguiadepamplonacom-133175176762273\\\/?ref=hl\",\"https:\\\/\\\/x.com\\\/LaGuiadPamplona\",\"https:\\\/\\\/www.instagram.com\\\/la_guia_de_pamplona\\\/\",\"https:\\\/\\\/www.youtube.com\\\/user\\\/laguiadepamplona\"]},{\"@type\":\"Person\",\"@id\":\"https:\\\/\\\/www.laguiadepamplona.com\\\/actualidad\\\/#\\\/schema\\\/person\\\/efe887376f0213d4657c93adc50b1fdb\",\"name\":\"La Gu\u00eda de Pamplona\",\"image\":{\"@type\":\"ImageObject\",\"inLanguage\":\"es\",\"@id\":\"https:\\\/\\\/secure.gravatar.com\\\/avatar\\\/b6992f131dc8d30ab0dff15446e9d346d9dbd95992de0fef795073f5ea83a81c?s=96&d=mm&r=g\",\"url\":\"https:\\\/\\\/secure.gravatar.com\\\/avatar\\\/b6992f131dc8d30ab0dff15446e9d346d9dbd95992de0fef795073f5ea83a81c?s=96&d=mm&r=g\",\"contentUrl\":\"https:\\\/\\\/secure.gravatar.com\\\/avatar\\\/b6992f131dc8d30ab0dff15446e9d346d9dbd95992de0fef795073f5ea83a81c?s=96&d=mm&r=g\",\"caption\":\"La Gu\u00eda de Pamplona\"}}]}<\/script>\n<!-- \/ Yoast SEO plugin. -->","yoast_head_json":{"title":"M\u00e1s de 6.800 personas han votado ya por su cartel favorito para anunciar los Sanfermines 2025","description":"Las personas empadronadas en Pamplona pueden votar hasta el 18 de mayo a trav\u00e9s del 010, en la red Civivox o en www.pamplona.es","robots":{"index":"index","follow":"follow","max-snippet":"max-snippet:-1","max-image-preview":"max-image-preview:large","max-video-preview":"max-video-preview:-1"},"canonical":"https:\/\/www.laguiadepamplona.com\/actualidad\/mas-de-6-800-personas-han-votado-ya-por-su-cartel-favorito-para-anunciar-los-sanfermines-2025\/","og_locale":"es_ES","og_type":"article","og_title":"M\u00e1s de 6.800 personas han votado ya por su cartel favorito para anunciar los Sanfermines 2025","og_description":"Las personas empadronadas en Pamplona pueden votar hasta el 18 de mayo a trav\u00e9s del 010, en la red Civivox o en www.pamplona.es","og_url":"https:\/\/www.laguiadepamplona.com\/actualidad\/mas-de-6-800-personas-han-votado-ya-por-su-cartel-favorito-para-anunciar-los-sanfermines-2025\/","og_site_name":"La Gu\u00eda de Pamplona","article_publisher":"https:\/\/www.facebook.com\/laguiadepamplonacom-133175176762273\/?ref=hl","article_published_time":"2025-05-14T11:27:06+00:00","og_image":[{"width":1000,"height":716,"url":"https:\/\/www.laguiadepamplona.com\/actualidad\/wp-content\/uploads\/2025\/05\/carteles-SF_2025.webp","type":"image\/webp"}],"author":"La Gu\u00eda de Pamplona","twitter_card":"summary_large_image","twitter_creator":"@LaGuiadPamplona","twitter_site":"@LaGuiadPamplona","twitter_misc":{"Escrito por":"La Gu\u00eda de Pamplona","Tiempo de lectura":"2 minutos"},"schema":{"@context":"https:\/\/schema.org","@graph":[{"@type":"Article","@id":"https:\/\/www.laguiadepamplona.com\/actualidad\/mas-de-6-800-personas-han-votado-ya-por-su-cartel-favorito-para-anunciar-los-sanfermines-2025\/#article","isPartOf":{"@id":"https:\/\/www.laguiadepamplona.com\/actualidad\/mas-de-6-800-personas-han-votado-ya-por-su-cartel-favorito-para-anunciar-los-sanfermines-2025\/"},"author":{"name":"La Gu\u00eda de Pamplona","@id":"https:\/\/www.laguiadepamplona.com\/actualidad\/#\/schema\/person\/efe887376f0213d4657c93adc50b1fdb"},"headline":"M\u00e1s de 6.800 personas han votado ya por su cartel favorito para anunciar los Sanfermines 2025","datePublished":"2025-05-14T11:27:06+00:00","mainEntityOfPage":{"@id":"https:\/\/www.laguiadepamplona.com\/actualidad\/mas-de-6-800-personas-han-votado-ya-por-su-cartel-favorito-para-anunciar-los-sanfermines-2025\/"},"wordCount":444,"commentCount":0,"publisher":{"@id":"https:\/\/www.laguiadepamplona.com\/actualidad\/#organization"},"image":{"@id":"https:\/\/www.laguiadepamplona.com\/actualidad\/mas-de-6-800-personas-han-votado-ya-por-su-cartel-favorito-para-anunciar-los-sanfermines-2025\/#primaryimage"},"thumbnailUrl":"https:\/\/www.laguiadepamplona.com\/actualidad\/wp-content\/uploads\/2025\/05\/carteles-SF_2025.webp","articleSection":["Ayto Pamplona"],"inLanguage":"es","potentialAction":[{"@type":"CommentAction","name":"Comment","target":["https:\/\/www.laguiadepamplona.com\/actualidad\/mas-de-6-800-personas-han-votado-ya-por-su-cartel-favorito-para-anunciar-los-sanfermines-2025\/#respond"]}]},{"@type":"WebPage","@id":"https:\/\/www.laguiadepamplona.com\/actualidad\/mas-de-6-800-personas-han-votado-ya-por-su-cartel-favorito-para-anunciar-los-sanfermines-2025\/","url":"https:\/\/www.laguiadepamplona.com\/actualidad\/mas-de-6-800-personas-han-votado-ya-por-su-cartel-favorito-para-anunciar-los-sanfermines-2025\/","name":"M\u00e1s de 6.800 personas han votado ya por su cartel favorito para anunciar los Sanfermines 2025","isPartOf":{"@id":"https:\/\/www.laguiadepamplona.com\/actualidad\/#website"},"primaryImageOfPage":{"@id":"https:\/\/www.laguiadepamplona.com\/actualidad\/mas-de-6-800-personas-han-votado-ya-por-su-cartel-favorito-para-anunciar-los-sanfermines-2025\/#primaryimage"},"image":{"@id":"https:\/\/www.laguiadepamplona.com\/actualidad\/mas-de-6-800-personas-han-votado-ya-por-su-cartel-favorito-para-anunciar-los-sanfermines-2025\/#primaryimage"},"thumbnailUrl":"https:\/\/www.laguiadepamplona.com\/actualidad\/wp-content\/uploads\/2025\/05\/carteles-SF_2025.webp","datePublished":"2025-05-14T11:27:06+00:00","description":"Las personas empadronadas en Pamplona pueden votar hasta el 18 de mayo a trav\u00e9s del 010, en la red Civivox o en www.pamplona.es","breadcrumb":{"@id":"https:\/\/www.laguiadepamplona.com\/actualidad\/mas-de-6-800-personas-han-votado-ya-por-su-cartel-favorito-para-anunciar-los-sanfermines-2025\/#breadcrumb"},"inLanguage":"es","potentialAction":[{"@type":"ReadAction","target":["https:\/\/www.laguiadepamplona.com\/actualidad\/mas-de-6-800-personas-han-votado-ya-por-su-cartel-favorito-para-anunciar-los-sanfermines-2025\/"]}]},{"@type":"ImageObject","inLanguage":"es","@id":"https:\/\/www.laguiadepamplona.com\/actualidad\/mas-de-6-800-personas-han-votado-ya-por-su-cartel-favorito-para-anunciar-los-sanfermines-2025\/#primaryimage","url":"https:\/\/www.laguiadepamplona.com\/actualidad\/wp-content\/uploads\/2025\/05\/carteles-SF_2025.webp","contentUrl":"https:\/\/www.laguiadepamplona.com\/actualidad\/wp-content\/uploads\/2025\/05\/carteles-SF_2025.webp","width":1000,"height":716,"caption":"carteles San Ferm\u00edn 2025"},{"@type":"BreadcrumbList","@id":"https:\/\/www.laguiadepamplona.com\/actualidad\/mas-de-6-800-personas-han-votado-ya-por-su-cartel-favorito-para-anunciar-los-sanfermines-2025\/#breadcrumb","itemListElement":[{"@type":"ListItem","position":1,"name":"Portada","item":"https:\/\/www.laguiadepamplona.com\/actualidad\/"},{"@type":"ListItem","position":2,"name":"M\u00e1s de 6.800 personas han votado ya por su cartel favorito para anunciar los Sanfermines 2025"}]},{"@type":"WebSite","@id":"https:\/\/www.laguiadepamplona.com\/actualidad\/#website","url":"https:\/\/www.laguiadepamplona.com\/actualidad\/","name":"La gu\u00eda de Pamplona","description":"Noticias de Pamplona","publisher":{"@id":"https:\/\/www.laguiadepamplona.com\/actualidad\/#organization"},"potentialAction":[{"@type":"SearchAction","target":{"@type":"EntryPoint","urlTemplate":"https:\/\/www.laguiadepamplona.com\/actualidad\/?s={search_term_string}"},"query-input":{"@type":"PropertyValueSpecification","valueRequired":true,"valueName":"search_term_string"}}],"inLanguage":"es"},{"@type":"Organization","@id":"https:\/\/www.laguiadepamplona.com\/actualidad\/#organization","name":"La Gu\u00eda de Pamplona \/ Noticias","url":"https:\/\/www.laguiadepamplona.com\/actualidad\/","logo":{"@type":"ImageObject","inLanguage":"es","@id":"https:\/\/www.laguiadepamplona.com\/actualidad\/#\/schema\/logo\/image\/","url":"https:\/\/www.laguiadepamplona.com\/actualidad\/wp-content\/uploads\/2018\/11\/logo-laguiadepamplona18-web1.png","contentUrl":"https:\/\/www.laguiadepamplona.com\/actualidad\/wp-content\/uploads\/2018\/11\/logo-laguiadepamplona18-web1.png","width":600,"height":196,"caption":"La Gu\u00eda de Pamplona \/ Noticias"},"image":{"@id":"https:\/\/www.laguiadepamplona.com\/actualidad\/#\/schema\/logo\/image\/"},"sameAs":["https:\/\/www.facebook.com\/laguiadepamplonacom-133175176762273\/?ref=hl","https:\/\/x.com\/LaGuiadPamplona","https:\/\/www.instagram.com\/la_guia_de_pamplona\/","https:\/\/www.youtube.com\/user\/laguiadepamplona"]},{"@type":"Person","@id":"https:\/\/www.laguiadepamplona.com\/actualidad\/#\/schema\/person\/efe887376f0213d4657c93adc50b1fdb","name":"La Gu\u00eda de Pamplona","image":{"@type":"ImageObject","inLanguage":"es","@id":"https:\/\/secure.gravatar.com\/avatar\/b6992f131dc8d30ab0dff15446e9d346d9dbd95992de0fef795073f5ea83a81c?s=96&d=mm&r=g","url":"https:\/\/secure.gravatar.com\/avatar\/b6992f131dc8d30ab0dff15446e9d346d9dbd95992de0fef795073f5ea83a81c?s=96&d=mm&r=g","contentUrl":"https:\/\/secure.gravatar.com\/avatar\/b6992f131dc8d30ab0dff15446e9d346d9dbd95992de0fef795073f5ea83a81c?s=96&d=mm&r=g","caption":"La Gu\u00eda de Pamplona"}}]}},"post_mailing_queue_ids":[],"_links":{"self":[{"href":"https:\/\/www.laguiadepamplona.com\/actualidad\/wp-json\/wp\/v2\/posts\/52932","targetHints":{"allow":["GET"]}}],"collection":[{"href":"https:\/\/www.laguiadepamplona.com\/actualidad\/wp-json\/wp\/v2\/posts"}],"about":[{"href":"https:\/\/www.laguiadepamplona.com\/actualidad\/wp-json\/wp\/v2\/types\/post"}],"author":[{"embeddable":true,"href":"https:\/\/www.laguiadepamplona.com\/actualidad\/wp-json\/wp\/v2\/users\/1"}],"replies":[{"embeddable":true,"href":"https:\/\/www.laguiadepamplona.com\/actualidad\/wp-json\/wp\/v2\/comments?post=52932"}],"version-history":[{"count":1,"href":"https:\/\/www.laguiadepamplona.com\/actualidad\/wp-json\/wp\/v2\/posts\/52932\/revisions"}],"predecessor-version":[{"id":52934,"href":"https:\/\/www.laguiadepamplona.com\/actualidad\/wp-json\/wp\/v2\/posts\/52932\/revisions\/52934"}],"wp:featuredmedia":[{"embeddable":true,"href":"https:\/\/www.laguiadepamplona.com\/actualidad\/wp-json\/wp\/v2\/media\/52933"}],"wp:attachment":[{"href":"https:\/\/www.laguiadepamplona.com\/actualidad\/wp-json\/wp\/v2\/media?parent=52932"}],"wp:term":[{"taxonomy":"category","embeddable":true,"href":"https:\/\/www.laguiadepamplona.com\/actualidad\/wp-json\/wp\/v2\/categories?post=52932"},{"taxonomy":"post_tag","embeddable":true,"href":"https:\/\/www.laguiadepamplona.com\/actualidad\/wp-json\/wp\/v2\/tags?post=52932"}],"curies":[{"name":"wp","href":"https:\/\/api.w.org\/{rel}","templated":true}]}}