{"id":52929,"date":"2025-05-13T13:42:48","date_gmt":"2025-05-13T11:42:48","guid":{"rendered":"https:\/\/www.laguiadepamplona.com\/actualidad\/?p=52929"},"modified":"2025-05-13T13:42:48","modified_gmt":"2025-05-13T11:42:48","slug":"el-ayuntamiento-homenajea-a-jose-luis-cano-perez-48-anos-despues-de-su-muerte-por-un-disparo-de-un-funcionario-de-policia","status":"publish","type":"post","link":"https:\/\/www.laguiadepamplona.com\/actualidad\/el-ayuntamiento-homenajea-a-jose-luis-cano-perez-48-anos-despues-de-su-muerte-por-un-disparo-de-un-funcionario-de-policia\/","title":{"rendered":"El Ayuntamiento homenajea a Jos\u00e9 Luis Cano P\u00e9rez 48 a\u00f1os despu\u00e9s de su muerte por un disparo de un funcionario de Polic\u00eda"},"content":{"rendered":"<h2>El alcalde de Pamplona, Joseba Asiron, y familiares de Cano han inaugurado una placa en el lugar donde fue abatido, en el n\u00famero 42 de la calle Calderer\u00eda<\/h2>\n<p><!--more--><\/p>\n<p>El Ayuntamiento de Pamplona ha homenajeado esta ma\u00f1ana a Jos\u00e9 Luis Cano P\u00e9rez, que muri\u00f3 el 13 de mayo de 1977 por el disparo de un funcionario de Polic\u00eda durante una carga contra los manifestantes dentro de las protestas de la semana pro-amnist\u00eda que se celebr\u00f3 ese a\u00f1o en la ciudad. El alcalde de Pamplona, Joseba Asiron, y familiares de Cano, han descubierto una placa en el n\u00famero 42 de la calle Calderer\u00eda, el lugar donde cay\u00f3 abatido de un disparo en la nuca. La placa reza en castellano y euskera \u201cAqu\u00ed fue asesinado por un funcionario de Polic\u00eda Jos\u00e9 Luis Cano P\u00e9rez, en un contexto de motivaci\u00f3n pol\u00edtica, el d\u00eda 13 de mayo de 1977. Verdad, memoria, dignidad y justicia\u201d. Junto a ella, se ha colocado un ramo de flores.<\/p>\n<p>En el acto han participado junto al alcalde, miembros de la Corporaci\u00f3n municipal, el hermano de la v\u00edctima, Aingeru Cano P\u00e9rez, y el hijo de Aingeru, Joseba I\u00f1aki Cano P\u00e9rez. Asimismo, ha asistido la vicepresidenta segunda y consejera de Memoria y Convivencia, Acci\u00f3n Exterior y Euskera, Ana Ollo Hualde. Cabe recordar que, en junio de 2024, el Gobierno de Navarra reconoci\u00f3 como v\u00edctima de la polic\u00eda a Jos\u00e9 Luis Cano. Todos los a\u00f1os, su familia y amigos le recuerdan con una concentraci\u00f3n en la esquina de la bajada de Javier con la calle San Agust\u00edn, donde tuvieron lugar los hechos. El caso fue derivado a la\u00a0<strong>justicia militar<\/strong>. Los autores, nunca reconocidos,\u00a0<strong>se beneficiaron de la ley de amnist\u00eda<\/strong>.<\/p>\n<p>El alcalde Joseba Asiron ha entregado a la familia de Cano una r\u00e9plica de la placa, momento en que el hermano del homenajeado ha pronunciado unas palabras ante el p\u00fablico congregado. Durante el acto, el d\u00fao Isilune, integrado por la violinista Sara Sotes, y Julen Hoyuelos, han interpretado tres piezas: Txoriak txori, Xalbadorren heriotzean y la canci\u00f3n de la pel\u00edcula \u201cLa Vida es Bella\u201d.<\/p>\n","protected":false},"excerpt":{"rendered":"<p>El alcalde de Pamplona, Joseba Asiron, y familiares de Cano han inaugurado una placa en el lugar donde fue abatido, en el n\u00famero 42 de la calle Calderer\u00eda<\/p>\n","protected":false},"author":1,"featured_media":52930,"comment_status":"open","ping_status":"closed","sticky":false,"template":"","format":"standard","meta":{"footnotes":""},"categories":[2],"tags":[],"class_list":["post-52929","post","type-post","status-publish","format-standard","has-post-thumbnail","hentry","category-ayuntamiento-pamplona"],"yoast_head":"<!-- This site is optimized with the Yoast SEO plugin v27.3 - https:\/\/yoast.com\/product\/yoast-seo-wordpress\/ -->\n<title>El Ayuntamiento homenajea a Jos\u00e9 Luis Cano P\u00e9rez 48 a\u00f1os despu\u00e9s de su muerte por un disparo de un funcionario de Polic\u00eda<\/title>\n<meta name=\"description\" content=\"El alcalde de Pamplona, Joseba Asiron, y familiares de Cano han inaugurado una placa en el lugar donde fue abatido, en el n\u00famero 42 de la calle Calderer\u00eda\" \/>\n<meta name=\"robots\" content=\"index, follow, max-snippet:-1, max-image-preview:large, max-video-preview:-1\" \/>\n<link rel=\"canonical\" href=\"https:\/\/www.laguiadepamplona.com\/actualidad\/el-ayuntamiento-homenajea-a-jose-luis-cano-perez-48-anos-despues-de-su-muerte-por-un-disparo-de-un-funcionario-de-policia\/\" \/>\n<meta property=\"og:locale\" content=\"es_ES\" \/>\n<meta property=\"og:type\" content=\"article\" \/>\n<meta property=\"og:title\" content=\"El Ayuntamiento homenajea a Jos\u00e9 Luis Cano P\u00e9rez 48 a\u00f1os despu\u00e9s de su muerte por un disparo de un funcionario de Polic\u00eda\" \/>\n<meta property=\"og:description\" content=\"El alcalde de Pamplona, Joseba Asiron, y familiares de Cano han inaugurado una placa en el lugar donde fue abatido, en el n\u00famero 42 de la calle Calderer\u00eda\" \/>\n<meta property=\"og:url\" content=\"https:\/\/www.laguiadepamplona.com\/actualidad\/el-ayuntamiento-homenajea-a-jose-luis-cano-perez-48-anos-despues-de-su-muerte-por-un-disparo-de-un-funcionario-de-policia\/\" \/>\n<meta property=\"og:site_name\" content=\"La Gu\u00eda de Pamplona\" \/>\n<meta property=\"article:publisher\" content=\"https:\/\/www.facebook.com\/laguiadepamplonacom-133175176762273\/?ref=hl\" \/>\n<meta property=\"article:published_time\" content=\"2025-05-13T11:42:48+00:00\" \/>\n<meta property=\"og:image\" content=\"https:\/\/www.laguiadepamplona.com\/actualidad\/wp-content\/uploads\/2025\/05\/4homenajeaniversariojoseluiscanodsc5493.webp\" \/>\n\t<meta property=\"og:image:width\" content=\"1000\" \/>\n\t<meta property=\"og:image:height\" content=\"666\" \/>\n\t<meta property=\"og:image:type\" content=\"image\/webp\" \/>\n<meta name=\"author\" content=\"La Gu\u00eda de Pamplona\" \/>\n<meta name=\"twitter:card\" content=\"summary_large_image\" \/>\n<meta name=\"twitter:creator\" content=\"@LaGuiadPamplona\" \/>\n<meta name=\"twitter:site\" content=\"@LaGuiadPamplona\" \/>\n<meta name=\"twitter:label1\" content=\"Escrito por\" \/>\n\t<meta name=\"twitter:data1\" content=\"La Gu\u00eda de Pamplona\" \/>\n\t<meta name=\"twitter:label2\" content=\"Tiempo de lectura\" \/>\n\t<meta name=\"twitter:data2\" content=\"2 minutos\" \/>\n<script type=\"application\/ld+json\" class=\"yoast-schema-graph\">{\"@context\":\"https:\\\/\\\/schema.org\",\"@graph\":[{\"@type\":\"Article\",\"@id\":\"https:\\\/\\\/www.laguiadepamplona.com\\\/actualidad\\\/el-ayuntamiento-homenajea-a-jose-luis-cano-perez-48-anos-despues-de-su-muerte-por-un-disparo-de-un-funcionario-de-policia\\\/#article\",\"isPartOf\":{\"@id\":\"https:\\\/\\\/www.laguiadepamplona.com\\\/actualidad\\\/el-ayuntamiento-homenajea-a-jose-luis-cano-perez-48-anos-despues-de-su-muerte-por-un-disparo-de-un-funcionario-de-policia\\\/\"},\"author\":{\"name\":\"La Gu\u00eda de Pamplona\",\"@id\":\"https:\\\/\\\/www.laguiadepamplona.com\\\/actualidad\\\/#\\\/schema\\\/person\\\/efe887376f0213d4657c93adc50b1fdb\"},\"headline\":\"El Ayuntamiento homenajea a Jos\u00e9 Luis Cano P\u00e9rez 48 a\u00f1os despu\u00e9s de su muerte por un disparo de un funcionario de Polic\u00eda\",\"datePublished\":\"2025-05-13T11:42:48+00:00\",\"mainEntityOfPage\":{\"@id\":\"https:\\\/\\\/www.laguiadepamplona.com\\\/actualidad\\\/el-ayuntamiento-homenajea-a-jose-luis-cano-perez-48-anos-despues-de-su-muerte-por-un-disparo-de-un-funcionario-de-policia\\\/\"},\"wordCount\":391,\"commentCount\":0,\"publisher\":{\"@id\":\"https:\\\/\\\/www.laguiadepamplona.com\\\/actualidad\\\/#organization\"},\"image\":{\"@id\":\"https:\\\/\\\/www.laguiadepamplona.com\\\/actualidad\\\/el-ayuntamiento-homenajea-a-jose-luis-cano-perez-48-anos-despues-de-su-muerte-por-un-disparo-de-un-funcionario-de-policia\\\/#primaryimage\"},\"thumbnailUrl\":\"https:\\\/\\\/www.laguiadepamplona.com\\\/actualidad\\\/wp-content\\\/uploads\\\/2025\\\/05\\\/4homenajeaniversariojoseluiscanodsc5493.webp\",\"articleSection\":[\"Ayto Pamplona\"],\"inLanguage\":\"es\",\"potentialAction\":[{\"@type\":\"CommentAction\",\"name\":\"Comment\",\"target\":[\"https:\\\/\\\/www.laguiadepamplona.com\\\/actualidad\\\/el-ayuntamiento-homenajea-a-jose-luis-cano-perez-48-anos-despues-de-su-muerte-por-un-disparo-de-un-funcionario-de-policia\\\/#respond\"]}]},{\"@type\":\"WebPage\",\"@id\":\"https:\\\/\\\/www.laguiadepamplona.com\\\/actualidad\\\/el-ayuntamiento-homenajea-a-jose-luis-cano-perez-48-anos-despues-de-su-muerte-por-un-disparo-de-un-funcionario-de-policia\\\/\",\"url\":\"https:\\\/\\\/www.laguiadepamplona.com\\\/actualidad\\\/el-ayuntamiento-homenajea-a-jose-luis-cano-perez-48-anos-despues-de-su-muerte-por-un-disparo-de-un-funcionario-de-policia\\\/\",\"name\":\"El Ayuntamiento homenajea a Jos\u00e9 Luis Cano P\u00e9rez 48 a\u00f1os despu\u00e9s de su muerte por un disparo de un funcionario de Polic\u00eda\",\"isPartOf\":{\"@id\":\"https:\\\/\\\/www.laguiadepamplona.com\\\/actualidad\\\/#website\"},\"primaryImageOfPage\":{\"@id\":\"https:\\\/\\\/www.laguiadepamplona.com\\\/actualidad\\\/el-ayuntamiento-homenajea-a-jose-luis-cano-perez-48-anos-despues-de-su-muerte-por-un-disparo-de-un-funcionario-de-policia\\\/#primaryimage\"},\"image\":{\"@id\":\"https:\\\/\\\/www.laguiadepamplona.com\\\/actualidad\\\/el-ayuntamiento-homenajea-a-jose-luis-cano-perez-48-anos-despues-de-su-muerte-por-un-disparo-de-un-funcionario-de-policia\\\/#primaryimage\"},\"thumbnailUrl\":\"https:\\\/\\\/www.laguiadepamplona.com\\\/actualidad\\\/wp-content\\\/uploads\\\/2025\\\/05\\\/4homenajeaniversariojoseluiscanodsc5493.webp\",\"datePublished\":\"2025-05-13T11:42:48+00:00\",\"description\":\"El alcalde de Pamplona, Joseba Asiron, y familiares de Cano han inaugurado una placa en el lugar donde fue abatido, en el n\u00famero 42 de la calle Calderer\u00eda\",\"breadcrumb\":{\"@id\":\"https:\\\/\\\/www.laguiadepamplona.com\\\/actualidad\\\/el-ayuntamiento-homenajea-a-jose-luis-cano-perez-48-anos-despues-de-su-muerte-por-un-disparo-de-un-funcionario-de-policia\\\/#breadcrumb\"},\"inLanguage\":\"es\",\"potentialAction\":[{\"@type\":\"ReadAction\",\"target\":[\"https:\\\/\\\/www.laguiadepamplona.com\\\/actualidad\\\/el-ayuntamiento-homenajea-a-jose-luis-cano-perez-48-anos-despues-de-su-muerte-por-un-disparo-de-un-funcionario-de-policia\\\/\"]}]},{\"@type\":\"ImageObject\",\"inLanguage\":\"es\",\"@id\":\"https:\\\/\\\/www.laguiadepamplona.com\\\/actualidad\\\/el-ayuntamiento-homenajea-a-jose-luis-cano-perez-48-anos-despues-de-su-muerte-por-un-disparo-de-un-funcionario-de-policia\\\/#primaryimage\",\"url\":\"https:\\\/\\\/www.laguiadepamplona.com\\\/actualidad\\\/wp-content\\\/uploads\\\/2025\\\/05\\\/4homenajeaniversariojoseluiscanodsc5493.webp\",\"contentUrl\":\"https:\\\/\\\/www.laguiadepamplona.com\\\/actualidad\\\/wp-content\\\/uploads\\\/2025\\\/05\\\/4homenajeaniversariojoseluiscanodsc5493.webp\",\"width\":1000,\"height\":666,\"caption\":\"homenaje aniversario Jos\u00e9 Lu\u00eds Cano\"},{\"@type\":\"BreadcrumbList\",\"@id\":\"https:\\\/\\\/www.laguiadepamplona.com\\\/actualidad\\\/el-ayuntamiento-homenajea-a-jose-luis-cano-perez-48-anos-despues-de-su-muerte-por-un-disparo-de-un-funcionario-de-policia\\\/#breadcrumb\",\"itemListElement\":[{\"@type\":\"ListItem\",\"position\":1,\"name\":\"Portada\",\"item\":\"https:\\\/\\\/www.laguiadepamplona.com\\\/actualidad\\\/\"},{\"@type\":\"ListItem\",\"position\":2,\"name\":\"El Ayuntamiento homenajea a Jos\u00e9 Luis Cano P\u00e9rez 48 a\u00f1os despu\u00e9s de su muerte por un disparo de un funcionario de Polic\u00eda\"}]},{\"@type\":\"WebSite\",\"@id\":\"https:\\\/\\\/www.laguiadepamplona.com\\\/actualidad\\\/#website\",\"url\":\"https:\\\/\\\/www.laguiadepamplona.com\\\/actualidad\\\/\",\"name\":\"La gu\u00eda de Pamplona\",\"description\":\"Noticias de Pamplona\",\"publisher\":{\"@id\":\"https:\\\/\\\/www.laguiadepamplona.com\\\/actualidad\\\/#organization\"},\"potentialAction\":[{\"@type\":\"SearchAction\",\"target\":{\"@type\":\"EntryPoint\",\"urlTemplate\":\"https:\\\/\\\/www.laguiadepamplona.com\\\/actualidad\\\/?s={search_term_string}\"},\"query-input\":{\"@type\":\"PropertyValueSpecification\",\"valueRequired\":true,\"valueName\":\"search_term_string\"}}],\"inLanguage\":\"es\"},{\"@type\":\"Organization\",\"@id\":\"https:\\\/\\\/www.laguiadepamplona.com\\\/actualidad\\\/#organization\",\"name\":\"La Gu\u00eda de Pamplona \\\/ Noticias\",\"url\":\"https:\\\/\\\/www.laguiadepamplona.com\\\/actualidad\\\/\",\"logo\":{\"@type\":\"ImageObject\",\"inLanguage\":\"es\",\"@id\":\"https:\\\/\\\/www.laguiadepamplona.com\\\/actualidad\\\/#\\\/schema\\\/logo\\\/image\\\/\",\"url\":\"https:\\\/\\\/www.laguiadepamplona.com\\\/actualidad\\\/wp-content\\\/uploads\\\/2018\\\/11\\\/logo-laguiadepamplona18-web1.png\",\"contentUrl\":\"https:\\\/\\\/www.laguiadepamplona.com\\\/actualidad\\\/wp-content\\\/uploads\\\/2018\\\/11\\\/logo-laguiadepamplona18-web1.png\",\"width\":600,\"height\":196,\"caption\":\"La Gu\u00eda de Pamplona \\\/ Noticias\"},\"image\":{\"@id\":\"https:\\\/\\\/www.laguiadepamplona.com\\\/actualidad\\\/#\\\/schema\\\/logo\\\/image\\\/\"},\"sameAs\":[\"https:\\\/\\\/www.facebook.com\\\/laguiadepamplonacom-133175176762273\\\/?ref=hl\",\"https:\\\/\\\/x.com\\\/LaGuiadPamplona\",\"https:\\\/\\\/www.instagram.com\\\/la_guia_de_pamplona\\\/\",\"https:\\\/\\\/www.youtube.com\\\/user\\\/laguiadepamplona\"]},{\"@type\":\"Person\",\"@id\":\"https:\\\/\\\/www.laguiadepamplona.com\\\/actualidad\\\/#\\\/schema\\\/person\\\/efe887376f0213d4657c93adc50b1fdb\",\"name\":\"La Gu\u00eda de Pamplona\",\"image\":{\"@type\":\"ImageObject\",\"inLanguage\":\"es\",\"@id\":\"https:\\\/\\\/secure.gravatar.com\\\/avatar\\\/b6992f131dc8d30ab0dff15446e9d346d9dbd95992de0fef795073f5ea83a81c?s=96&d=mm&r=g\",\"url\":\"https:\\\/\\\/secure.gravatar.com\\\/avatar\\\/b6992f131dc8d30ab0dff15446e9d346d9dbd95992de0fef795073f5ea83a81c?s=96&d=mm&r=g\",\"contentUrl\":\"https:\\\/\\\/secure.gravatar.com\\\/avatar\\\/b6992f131dc8d30ab0dff15446e9d346d9dbd95992de0fef795073f5ea83a81c?s=96&d=mm&r=g\",\"caption\":\"La Gu\u00eda de Pamplona\"}}]}<\/script>\n<!-- \/ Yoast SEO plugin. -->","yoast_head_json":{"title":"El Ayuntamiento homenajea a Jos\u00e9 Luis Cano P\u00e9rez 48 a\u00f1os despu\u00e9s de su muerte por un disparo de un funcionario de Polic\u00eda","description":"El alcalde de Pamplona, Joseba Asiron, y familiares de Cano han inaugurado una placa en el lugar donde fue abatido, en el n\u00famero 42 de la calle Calderer\u00eda","robots":{"index":"index","follow":"follow","max-snippet":"max-snippet:-1","max-image-preview":"max-image-preview:large","max-video-preview":"max-video-preview:-1"},"canonical":"https:\/\/www.laguiadepamplona.com\/actualidad\/el-ayuntamiento-homenajea-a-jose-luis-cano-perez-48-anos-despues-de-su-muerte-por-un-disparo-de-un-funcionario-de-policia\/","og_locale":"es_ES","og_type":"article","og_title":"El Ayuntamiento homenajea a Jos\u00e9 Luis Cano P\u00e9rez 48 a\u00f1os despu\u00e9s de su muerte por un disparo de un funcionario de Polic\u00eda","og_description":"El alcalde de Pamplona, Joseba Asiron, y familiares de Cano han inaugurado una placa en el lugar donde fue abatido, en el n\u00famero 42 de la calle Calderer\u00eda","og_url":"https:\/\/www.laguiadepamplona.com\/actualidad\/el-ayuntamiento-homenajea-a-jose-luis-cano-perez-48-anos-despues-de-su-muerte-por-un-disparo-de-un-funcionario-de-policia\/","og_site_name":"La Gu\u00eda de Pamplona","article_publisher":"https:\/\/www.facebook.com\/laguiadepamplonacom-133175176762273\/?ref=hl","article_published_time":"2025-05-13T11:42:48+00:00","og_image":[{"width":1000,"height":666,"url":"https:\/\/www.laguiadepamplona.com\/actualidad\/wp-content\/uploads\/2025\/05\/4homenajeaniversariojoseluiscanodsc5493.webp","type":"image\/webp"}],"author":"La Gu\u00eda de Pamplona","twitter_card":"summary_large_image","twitter_creator":"@LaGuiadPamplona","twitter_site":"@LaGuiadPamplona","twitter_misc":{"Escrito por":"La Gu\u00eda de Pamplona","Tiempo de lectura":"2 minutos"},"schema":{"@context":"https:\/\/schema.org","@graph":[{"@type":"Article","@id":"https:\/\/www.laguiadepamplona.com\/actualidad\/el-ayuntamiento-homenajea-a-jose-luis-cano-perez-48-anos-despues-de-su-muerte-por-un-disparo-de-un-funcionario-de-policia\/#article","isPartOf":{"@id":"https:\/\/www.laguiadepamplona.com\/actualidad\/el-ayuntamiento-homenajea-a-jose-luis-cano-perez-48-anos-despues-de-su-muerte-por-un-disparo-de-un-funcionario-de-policia\/"},"author":{"name":"La Gu\u00eda de Pamplona","@id":"https:\/\/www.laguiadepamplona.com\/actualidad\/#\/schema\/person\/efe887376f0213d4657c93adc50b1fdb"},"headline":"El Ayuntamiento homenajea a Jos\u00e9 Luis Cano P\u00e9rez 48 a\u00f1os despu\u00e9s de su muerte por un disparo de un funcionario de Polic\u00eda","datePublished":"2025-05-13T11:42:48+00:00","mainEntityOfPage":{"@id":"https:\/\/www.laguiadepamplona.com\/actualidad\/el-ayuntamiento-homenajea-a-jose-luis-cano-perez-48-anos-despues-de-su-muerte-por-un-disparo-de-un-funcionario-de-policia\/"},"wordCount":391,"commentCount":0,"publisher":{"@id":"https:\/\/www.laguiadepamplona.com\/actualidad\/#organization"},"image":{"@id":"https:\/\/www.laguiadepamplona.com\/actualidad\/el-ayuntamiento-homenajea-a-jose-luis-cano-perez-48-anos-despues-de-su-muerte-por-un-disparo-de-un-funcionario-de-policia\/#primaryimage"},"thumbnailUrl":"https:\/\/www.laguiadepamplona.com\/actualidad\/wp-content\/uploads\/2025\/05\/4homenajeaniversariojoseluiscanodsc5493.webp","articleSection":["Ayto Pamplona"],"inLanguage":"es","potentialAction":[{"@type":"CommentAction","name":"Comment","target":["https:\/\/www.laguiadepamplona.com\/actualidad\/el-ayuntamiento-homenajea-a-jose-luis-cano-perez-48-anos-despues-de-su-muerte-por-un-disparo-de-un-funcionario-de-policia\/#respond"]}]},{"@type":"WebPage","@id":"https:\/\/www.laguiadepamplona.com\/actualidad\/el-ayuntamiento-homenajea-a-jose-luis-cano-perez-48-anos-despues-de-su-muerte-por-un-disparo-de-un-funcionario-de-policia\/","url":"https:\/\/www.laguiadepamplona.com\/actualidad\/el-ayuntamiento-homenajea-a-jose-luis-cano-perez-48-anos-despues-de-su-muerte-por-un-disparo-de-un-funcionario-de-policia\/","name":"El Ayuntamiento homenajea a Jos\u00e9 Luis Cano P\u00e9rez 48 a\u00f1os despu\u00e9s de su muerte por un disparo de un funcionario de Polic\u00eda","isPartOf":{"@id":"https:\/\/www.laguiadepamplona.com\/actualidad\/#website"},"primaryImageOfPage":{"@id":"https:\/\/www.laguiadepamplona.com\/actualidad\/el-ayuntamiento-homenajea-a-jose-luis-cano-perez-48-anos-despues-de-su-muerte-por-un-disparo-de-un-funcionario-de-policia\/#primaryimage"},"image":{"@id":"https:\/\/www.laguiadepamplona.com\/actualidad\/el-ayuntamiento-homenajea-a-jose-luis-cano-perez-48-anos-despues-de-su-muerte-por-un-disparo-de-un-funcionario-de-policia\/#primaryimage"},"thumbnailUrl":"https:\/\/www.laguiadepamplona.com\/actualidad\/wp-content\/uploads\/2025\/05\/4homenajeaniversariojoseluiscanodsc5493.webp","datePublished":"2025-05-13T11:42:48+00:00","description":"El alcalde de Pamplona, Joseba Asiron, y familiares de Cano han inaugurado una placa en el lugar donde fue abatido, en el n\u00famero 42 de la calle Calderer\u00eda","breadcrumb":{"@id":"https:\/\/www.laguiadepamplona.com\/actualidad\/el-ayuntamiento-homenajea-a-jose-luis-cano-perez-48-anos-despues-de-su-muerte-por-un-disparo-de-un-funcionario-de-policia\/#breadcrumb"},"inLanguage":"es","potentialAction":[{"@type":"ReadAction","target":["https:\/\/www.laguiadepamplona.com\/actualidad\/el-ayuntamiento-homenajea-a-jose-luis-cano-perez-48-anos-despues-de-su-muerte-por-un-disparo-de-un-funcionario-de-policia\/"]}]},{"@type":"ImageObject","inLanguage":"es","@id":"https:\/\/www.laguiadepamplona.com\/actualidad\/el-ayuntamiento-homenajea-a-jose-luis-cano-perez-48-anos-despues-de-su-muerte-por-un-disparo-de-un-funcionario-de-policia\/#primaryimage","url":"https:\/\/www.laguiadepamplona.com\/actualidad\/wp-content\/uploads\/2025\/05\/4homenajeaniversariojoseluiscanodsc5493.webp","contentUrl":"https:\/\/www.laguiadepamplona.com\/actualidad\/wp-content\/uploads\/2025\/05\/4homenajeaniversariojoseluiscanodsc5493.webp","width":1000,"height":666,"caption":"homenaje aniversario Jos\u00e9 Lu\u00eds Cano"},{"@type":"BreadcrumbList","@id":"https:\/\/www.laguiadepamplona.com\/actualidad\/el-ayuntamiento-homenajea-a-jose-luis-cano-perez-48-anos-despues-de-su-muerte-por-un-disparo-de-un-funcionario-de-policia\/#breadcrumb","itemListElement":[{"@type":"ListItem","position":1,"name":"Portada","item":"https:\/\/www.laguiadepamplona.com\/actualidad\/"},{"@type":"ListItem","position":2,"name":"El Ayuntamiento homenajea a Jos\u00e9 Luis Cano P\u00e9rez 48 a\u00f1os despu\u00e9s de su muerte por un disparo de un funcionario de Polic\u00eda"}]},{"@type":"WebSite","@id":"https:\/\/www.laguiadepamplona.com\/actualidad\/#website","url":"https:\/\/www.laguiadepamplona.com\/actualidad\/","name":"La gu\u00eda de Pamplona","description":"Noticias de Pamplona","publisher":{"@id":"https:\/\/www.laguiadepamplona.com\/actualidad\/#organization"},"potentialAction":[{"@type":"SearchAction","target":{"@type":"EntryPoint","urlTemplate":"https:\/\/www.laguiadepamplona.com\/actualidad\/?s={search_term_string}"},"query-input":{"@type":"PropertyValueSpecification","valueRequired":true,"valueName":"search_term_string"}}],"inLanguage":"es"},{"@type":"Organization","@id":"https:\/\/www.laguiadepamplona.com\/actualidad\/#organization","name":"La Gu\u00eda de Pamplona \/ Noticias","url":"https:\/\/www.laguiadepamplona.com\/actualidad\/","logo":{"@type":"ImageObject","inLanguage":"es","@id":"https:\/\/www.laguiadepamplona.com\/actualidad\/#\/schema\/logo\/image\/","url":"https:\/\/www.laguiadepamplona.com\/actualidad\/wp-content\/uploads\/2018\/11\/logo-laguiadepamplona18-web1.png","contentUrl":"https:\/\/www.laguiadepamplona.com\/actualidad\/wp-content\/uploads\/2018\/11\/logo-laguiadepamplona18-web1.png","width":600,"height":196,"caption":"La Gu\u00eda de Pamplona \/ Noticias"},"image":{"@id":"https:\/\/www.laguiadepamplona.com\/actualidad\/#\/schema\/logo\/image\/"},"sameAs":["https:\/\/www.facebook.com\/laguiadepamplonacom-133175176762273\/?ref=hl","https:\/\/x.com\/LaGuiadPamplona","https:\/\/www.instagram.com\/la_guia_de_pamplona\/","https:\/\/www.youtube.com\/user\/laguiadepamplona"]},{"@type":"Person","@id":"https:\/\/www.laguiadepamplona.com\/actualidad\/#\/schema\/person\/efe887376f0213d4657c93adc50b1fdb","name":"La Gu\u00eda de Pamplona","image":{"@type":"ImageObject","inLanguage":"es","@id":"https:\/\/secure.gravatar.com\/avatar\/b6992f131dc8d30ab0dff15446e9d346d9dbd95992de0fef795073f5ea83a81c?s=96&d=mm&r=g","url":"https:\/\/secure.gravatar.com\/avatar\/b6992f131dc8d30ab0dff15446e9d346d9dbd95992de0fef795073f5ea83a81c?s=96&d=mm&r=g","contentUrl":"https:\/\/secure.gravatar.com\/avatar\/b6992f131dc8d30ab0dff15446e9d346d9dbd95992de0fef795073f5ea83a81c?s=96&d=mm&r=g","caption":"La Gu\u00eda de Pamplona"}}]}},"post_mailing_queue_ids":[],"_links":{"self":[{"href":"https:\/\/www.laguiadepamplona.com\/actualidad\/wp-json\/wp\/v2\/posts\/52929","targetHints":{"allow":["GET"]}}],"collection":[{"href":"https:\/\/www.laguiadepamplona.com\/actualidad\/wp-json\/wp\/v2\/posts"}],"about":[{"href":"https:\/\/www.laguiadepamplona.com\/actualidad\/wp-json\/wp\/v2\/types\/post"}],"author":[{"embeddable":true,"href":"https:\/\/www.laguiadepamplona.com\/actualidad\/wp-json\/wp\/v2\/users\/1"}],"replies":[{"embeddable":true,"href":"https:\/\/www.laguiadepamplona.com\/actualidad\/wp-json\/wp\/v2\/comments?post=52929"}],"version-history":[{"count":1,"href":"https:\/\/www.laguiadepamplona.com\/actualidad\/wp-json\/wp\/v2\/posts\/52929\/revisions"}],"predecessor-version":[{"id":52931,"href":"https:\/\/www.laguiadepamplona.com\/actualidad\/wp-json\/wp\/v2\/posts\/52929\/revisions\/52931"}],"wp:featuredmedia":[{"embeddable":true,"href":"https:\/\/www.laguiadepamplona.com\/actualidad\/wp-json\/wp\/v2\/media\/52930"}],"wp:attachment":[{"href":"https:\/\/www.laguiadepamplona.com\/actualidad\/wp-json\/wp\/v2\/media?parent=52929"}],"wp:term":[{"taxonomy":"category","embeddable":true,"href":"https:\/\/www.laguiadepamplona.com\/actualidad\/wp-json\/wp\/v2\/categories?post=52929"},{"taxonomy":"post_tag","embeddable":true,"href":"https:\/\/www.laguiadepamplona.com\/actualidad\/wp-json\/wp\/v2\/tags?post=52929"}],"curies":[{"name":"wp","href":"https:\/\/api.w.org\/{rel}","templated":true}]}}