{"id":52917,"date":"2025-05-13T12:00:27","date_gmt":"2025-05-13T10:00:27","guid":{"rendered":"https:\/\/www.laguiadepamplona.com\/actualidad\/?p=52917"},"modified":"2025-05-13T12:00:27","modified_gmt":"2025-05-13T10:00:27","slug":"el-museo-de-educacion-ambiental-acoge-este-jueves-la-sesion-mensual-del-taller-repara-tu-bici-bizitxoko","status":"publish","type":"post","link":"https:\/\/www.laguiadepamplona.com\/actualidad\/el-museo-de-educacion-ambiental-acoge-este-jueves-la-sesion-mensual-del-taller-repara-tu-bici-bizitxoko\/","title":{"rendered":"El Museo de Educaci\u00f3n Ambiental acoge este jueves la sesi\u00f3n mensual del taller \u2018Repara tu bici \u2013 Bizitxoko\u2019"},"content":{"rendered":"<h2>De 18 a 20 horas, con acceso libre, este taller did\u00e1ctico buscar ense\u00f1ar a realizar peque\u00f1os arreglos y puesta a punto de bicicletas<\/h2>\n<p><!--more--><\/p>\n<p>El Museo de Educaci\u00f3n Ambiental se convertir\u00e1, de nuevo, este jueves en un taller de reparaci\u00f3n de bicicletas abierto a la participaci\u00f3n y visita de las personas interesadas. Una vez al mes, el Ayuntamiento de Pamplona organiza el taller gratuito \u2018Repara tu bici \u2013 Bizitxoko\u2019 para aprender a realizar peque\u00f1os arreglos y cuidados en la bicicleta. La sesi\u00f3n comenzar\u00e1 a las 18 horas y finalizar\u00e1 a las 20 horas.<\/p>\n<p>Este taller se puso en marcha hace m\u00e1s de seis a\u00f1os, en 2018, con la intenci\u00f3n de generar un espacio para compartir conocimientos sobre el arreglo de peque\u00f1as aver\u00edas en las bicicletas y para disfrutar de su puesta a punto mientras se ayuda tambi\u00e9n a otras personas. Y es que, en el taller, las reparaciones se llevan a cabo en torno a la bicicleta que se va a arreglar. Colocada en algo o en el centro del taller, se va reparando de forma did\u00e1ctica para saber qu\u00e9 se debe hacer en caso de que vuelva a suceder el percance o la incidencia.<\/p>\n<p><strong>Juanjo Iriarte,<\/strong>\u00a0experto en reparaci\u00f3n de bicicletas, sigue siendo el referente de este taller. \u00c9l es el encargado de acompa\u00f1ar y asesorar a las personas que se acerquen. Solo se les pide que lleven su bicicleta para reparar o ponerla a punto. No es necesario que quienes acudan lleven herramientas para ayudar en el arreglo ya que, como buen taller, tiene todo lo imprescindible para las peque\u00f1as reparaciones mec\u00e1nicas que habitualmente requieren las personas que se acercan.<\/p>\n<p>Este Bizitxoko es una de las actividades que organiza el Ayuntamiento de Pamplona dentro de la programaci\u00f3n de educaci\u00f3n ambiental. La pr\u00f3xima semana, del martes 20 al viernes 23 de mayo, se celebrar\u00e1 una nueva edici\u00f3n del mercadillo de intercambio sin dinero, un espacio que pretende ofrecer una alternativa a la compra, impulsando la reutilizaci\u00f3n. En el mercadillo se puede encontrar ropa, calzado, abalorios, libros, juguetes, etc. Se pueden intercambiar hasta un m\u00e1ximo de seis objetos por semana por otros objetos de valor similar.<\/p>\n","protected":false},"excerpt":{"rendered":"<p>De 18 a 20 horas, con acceso libre, este taller did\u00e1ctico buscar ense\u00f1ar a realizar peque\u00f1os arreglos y puesta a punto de bicicletas<\/p>\n","protected":false},"author":1,"featured_media":52918,"comment_status":"open","ping_status":"closed","sticky":false,"template":"","format":"standard","meta":{"footnotes":""},"categories":[2],"tags":[],"class_list":["post-52917","post","type-post","status-publish","format-standard","has-post-thumbnail","hentry","category-ayuntamiento-pamplona"],"yoast_head":"<!-- This site is optimized with the Yoast SEO plugin v27.3 - https:\/\/yoast.com\/product\/yoast-seo-wordpress\/ -->\n<title>El Museo de Educaci\u00f3n Ambiental acoge este jueves la sesi\u00f3n mensual del taller \u2018Repara tu bici \u2013 Bizitxoko\u2019<\/title>\n<meta name=\"description\" content=\"De 18 a 20 horas, con acceso libre, este taller did\u00e1ctico buscar ense\u00f1ar a realizar peque\u00f1os arreglos y puesta a punto de bicicletas\" \/>\n<meta name=\"robots\" content=\"index, follow, max-snippet:-1, max-image-preview:large, max-video-preview:-1\" \/>\n<link rel=\"canonical\" href=\"https:\/\/www.laguiadepamplona.com\/actualidad\/el-museo-de-educacion-ambiental-acoge-este-jueves-la-sesion-mensual-del-taller-repara-tu-bici-bizitxoko\/\" \/>\n<meta property=\"og:locale\" content=\"es_ES\" \/>\n<meta property=\"og:type\" content=\"article\" \/>\n<meta property=\"og:title\" content=\"El Museo de Educaci\u00f3n Ambiental acoge este jueves la sesi\u00f3n mensual del taller \u2018Repara tu bici \u2013 Bizitxoko\u2019\" \/>\n<meta property=\"og:description\" content=\"De 18 a 20 horas, con acceso libre, este taller did\u00e1ctico buscar ense\u00f1ar a realizar peque\u00f1os arreglos y puesta a punto de bicicletas\" \/>\n<meta property=\"og:url\" content=\"https:\/\/www.laguiadepamplona.com\/actualidad\/el-museo-de-educacion-ambiental-acoge-este-jueves-la-sesion-mensual-del-taller-repara-tu-bici-bizitxoko\/\" \/>\n<meta property=\"og:site_name\" content=\"La Gu\u00eda de Pamplona\" \/>\n<meta property=\"article:publisher\" content=\"https:\/\/www.facebook.com\/laguiadepamplonacom-133175176762273\/?ref=hl\" \/>\n<meta property=\"article:published_time\" content=\"2025-05-13T10:00:27+00:00\" \/>\n<meta property=\"og:image\" content=\"https:\/\/www.laguiadepamplona.com\/actualidad\/wp-content\/uploads\/2025\/05\/bizitxokoweb3.webp\" \/>\n\t<meta property=\"og:image:width\" content=\"1000\" \/>\n\t<meta property=\"og:image:height\" content=\"666\" \/>\n\t<meta property=\"og:image:type\" content=\"image\/webp\" \/>\n<meta name=\"author\" content=\"La Gu\u00eda de Pamplona\" \/>\n<meta name=\"twitter:card\" content=\"summary_large_image\" \/>\n<meta name=\"twitter:creator\" content=\"@LaGuiadPamplona\" \/>\n<meta name=\"twitter:site\" content=\"@LaGuiadPamplona\" \/>\n<meta name=\"twitter:label1\" content=\"Escrito por\" \/>\n\t<meta name=\"twitter:data1\" content=\"La Gu\u00eda de Pamplona\" \/>\n\t<meta name=\"twitter:label2\" content=\"Tiempo de lectura\" \/>\n\t<meta name=\"twitter:data2\" content=\"2 minutos\" \/>\n<script type=\"application\/ld+json\" class=\"yoast-schema-graph\">{\"@context\":\"https:\\\/\\\/schema.org\",\"@graph\":[{\"@type\":\"Article\",\"@id\":\"https:\\\/\\\/www.laguiadepamplona.com\\\/actualidad\\\/el-museo-de-educacion-ambiental-acoge-este-jueves-la-sesion-mensual-del-taller-repara-tu-bici-bizitxoko\\\/#article\",\"isPartOf\":{\"@id\":\"https:\\\/\\\/www.laguiadepamplona.com\\\/actualidad\\\/el-museo-de-educacion-ambiental-acoge-este-jueves-la-sesion-mensual-del-taller-repara-tu-bici-bizitxoko\\\/\"},\"author\":{\"name\":\"La Gu\u00eda de Pamplona\",\"@id\":\"https:\\\/\\\/www.laguiadepamplona.com\\\/actualidad\\\/#\\\/schema\\\/person\\\/efe887376f0213d4657c93adc50b1fdb\"},\"headline\":\"El Museo de Educaci\u00f3n Ambiental acoge este jueves la sesi\u00f3n mensual del taller \u2018Repara tu bici \u2013 Bizitxoko\u2019\",\"datePublished\":\"2025-05-13T10:00:27+00:00\",\"mainEntityOfPage\":{\"@id\":\"https:\\\/\\\/www.laguiadepamplona.com\\\/actualidad\\\/el-museo-de-educacion-ambiental-acoge-este-jueves-la-sesion-mensual-del-taller-repara-tu-bici-bizitxoko\\\/\"},\"wordCount\":391,\"commentCount\":0,\"publisher\":{\"@id\":\"https:\\\/\\\/www.laguiadepamplona.com\\\/actualidad\\\/#organization\"},\"image\":{\"@id\":\"https:\\\/\\\/www.laguiadepamplona.com\\\/actualidad\\\/el-museo-de-educacion-ambiental-acoge-este-jueves-la-sesion-mensual-del-taller-repara-tu-bici-bizitxoko\\\/#primaryimage\"},\"thumbnailUrl\":\"https:\\\/\\\/www.laguiadepamplona.com\\\/actualidad\\\/wp-content\\\/uploads\\\/2025\\\/05\\\/bizitxokoweb3.webp\",\"articleSection\":[\"Ayto Pamplona\"],\"inLanguage\":\"es\",\"potentialAction\":[{\"@type\":\"CommentAction\",\"name\":\"Comment\",\"target\":[\"https:\\\/\\\/www.laguiadepamplona.com\\\/actualidad\\\/el-museo-de-educacion-ambiental-acoge-este-jueves-la-sesion-mensual-del-taller-repara-tu-bici-bizitxoko\\\/#respond\"]}]},{\"@type\":\"WebPage\",\"@id\":\"https:\\\/\\\/www.laguiadepamplona.com\\\/actualidad\\\/el-museo-de-educacion-ambiental-acoge-este-jueves-la-sesion-mensual-del-taller-repara-tu-bici-bizitxoko\\\/\",\"url\":\"https:\\\/\\\/www.laguiadepamplona.com\\\/actualidad\\\/el-museo-de-educacion-ambiental-acoge-este-jueves-la-sesion-mensual-del-taller-repara-tu-bici-bizitxoko\\\/\",\"name\":\"El Museo de Educaci\u00f3n Ambiental acoge este jueves la sesi\u00f3n mensual del taller \u2018Repara tu bici \u2013 Bizitxoko\u2019\",\"isPartOf\":{\"@id\":\"https:\\\/\\\/www.laguiadepamplona.com\\\/actualidad\\\/#website\"},\"primaryImageOfPage\":{\"@id\":\"https:\\\/\\\/www.laguiadepamplona.com\\\/actualidad\\\/el-museo-de-educacion-ambiental-acoge-este-jueves-la-sesion-mensual-del-taller-repara-tu-bici-bizitxoko\\\/#primaryimage\"},\"image\":{\"@id\":\"https:\\\/\\\/www.laguiadepamplona.com\\\/actualidad\\\/el-museo-de-educacion-ambiental-acoge-este-jueves-la-sesion-mensual-del-taller-repara-tu-bici-bizitxoko\\\/#primaryimage\"},\"thumbnailUrl\":\"https:\\\/\\\/www.laguiadepamplona.com\\\/actualidad\\\/wp-content\\\/uploads\\\/2025\\\/05\\\/bizitxokoweb3.webp\",\"datePublished\":\"2025-05-13T10:00:27+00:00\",\"description\":\"De 18 a 20 horas, con acceso libre, este taller did\u00e1ctico buscar ense\u00f1ar a realizar peque\u00f1os arreglos y puesta a punto de bicicletas\",\"breadcrumb\":{\"@id\":\"https:\\\/\\\/www.laguiadepamplona.com\\\/actualidad\\\/el-museo-de-educacion-ambiental-acoge-este-jueves-la-sesion-mensual-del-taller-repara-tu-bici-bizitxoko\\\/#breadcrumb\"},\"inLanguage\":\"es\",\"potentialAction\":[{\"@type\":\"ReadAction\",\"target\":[\"https:\\\/\\\/www.laguiadepamplona.com\\\/actualidad\\\/el-museo-de-educacion-ambiental-acoge-este-jueves-la-sesion-mensual-del-taller-repara-tu-bici-bizitxoko\\\/\"]}]},{\"@type\":\"ImageObject\",\"inLanguage\":\"es\",\"@id\":\"https:\\\/\\\/www.laguiadepamplona.com\\\/actualidad\\\/el-museo-de-educacion-ambiental-acoge-este-jueves-la-sesion-mensual-del-taller-repara-tu-bici-bizitxoko\\\/#primaryimage\",\"url\":\"https:\\\/\\\/www.laguiadepamplona.com\\\/actualidad\\\/wp-content\\\/uploads\\\/2025\\\/05\\\/bizitxokoweb3.webp\",\"contentUrl\":\"https:\\\/\\\/www.laguiadepamplona.com\\\/actualidad\\\/wp-content\\\/uploads\\\/2025\\\/05\\\/bizitxokoweb3.webp\",\"width\":1000,\"height\":666,\"caption\":\"bizitxoko\"},{\"@type\":\"BreadcrumbList\",\"@id\":\"https:\\\/\\\/www.laguiadepamplona.com\\\/actualidad\\\/el-museo-de-educacion-ambiental-acoge-este-jueves-la-sesion-mensual-del-taller-repara-tu-bici-bizitxoko\\\/#breadcrumb\",\"itemListElement\":[{\"@type\":\"ListItem\",\"position\":1,\"name\":\"Portada\",\"item\":\"https:\\\/\\\/www.laguiadepamplona.com\\\/actualidad\\\/\"},{\"@type\":\"ListItem\",\"position\":2,\"name\":\"El Museo de Educaci\u00f3n Ambiental acoge este jueves la sesi\u00f3n mensual del taller \u2018Repara tu bici \u2013 Bizitxoko\u2019\"}]},{\"@type\":\"WebSite\",\"@id\":\"https:\\\/\\\/www.laguiadepamplona.com\\\/actualidad\\\/#website\",\"url\":\"https:\\\/\\\/www.laguiadepamplona.com\\\/actualidad\\\/\",\"name\":\"La gu\u00eda de Pamplona\",\"description\":\"Noticias de Pamplona\",\"publisher\":{\"@id\":\"https:\\\/\\\/www.laguiadepamplona.com\\\/actualidad\\\/#organization\"},\"potentialAction\":[{\"@type\":\"SearchAction\",\"target\":{\"@type\":\"EntryPoint\",\"urlTemplate\":\"https:\\\/\\\/www.laguiadepamplona.com\\\/actualidad\\\/?s={search_term_string}\"},\"query-input\":{\"@type\":\"PropertyValueSpecification\",\"valueRequired\":true,\"valueName\":\"search_term_string\"}}],\"inLanguage\":\"es\"},{\"@type\":\"Organization\",\"@id\":\"https:\\\/\\\/www.laguiadepamplona.com\\\/actualidad\\\/#organization\",\"name\":\"La Gu\u00eda de Pamplona \\\/ Noticias\",\"url\":\"https:\\\/\\\/www.laguiadepamplona.com\\\/actualidad\\\/\",\"logo\":{\"@type\":\"ImageObject\",\"inLanguage\":\"es\",\"@id\":\"https:\\\/\\\/www.laguiadepamplona.com\\\/actualidad\\\/#\\\/schema\\\/logo\\\/image\\\/\",\"url\":\"https:\\\/\\\/www.laguiadepamplona.com\\\/actualidad\\\/wp-content\\\/uploads\\\/2018\\\/11\\\/logo-laguiadepamplona18-web1.png\",\"contentUrl\":\"https:\\\/\\\/www.laguiadepamplona.com\\\/actualidad\\\/wp-content\\\/uploads\\\/2018\\\/11\\\/logo-laguiadepamplona18-web1.png\",\"width\":600,\"height\":196,\"caption\":\"La Gu\u00eda de Pamplona \\\/ Noticias\"},\"image\":{\"@id\":\"https:\\\/\\\/www.laguiadepamplona.com\\\/actualidad\\\/#\\\/schema\\\/logo\\\/image\\\/\"},\"sameAs\":[\"https:\\\/\\\/www.facebook.com\\\/laguiadepamplonacom-133175176762273\\\/?ref=hl\",\"https:\\\/\\\/x.com\\\/LaGuiadPamplona\",\"https:\\\/\\\/www.instagram.com\\\/la_guia_de_pamplona\\\/\",\"https:\\\/\\\/www.youtube.com\\\/user\\\/laguiadepamplona\"]},{\"@type\":\"Person\",\"@id\":\"https:\\\/\\\/www.laguiadepamplona.com\\\/actualidad\\\/#\\\/schema\\\/person\\\/efe887376f0213d4657c93adc50b1fdb\",\"name\":\"La Gu\u00eda de Pamplona\",\"image\":{\"@type\":\"ImageObject\",\"inLanguage\":\"es\",\"@id\":\"https:\\\/\\\/secure.gravatar.com\\\/avatar\\\/b6992f131dc8d30ab0dff15446e9d346d9dbd95992de0fef795073f5ea83a81c?s=96&d=mm&r=g\",\"url\":\"https:\\\/\\\/secure.gravatar.com\\\/avatar\\\/b6992f131dc8d30ab0dff15446e9d346d9dbd95992de0fef795073f5ea83a81c?s=96&d=mm&r=g\",\"contentUrl\":\"https:\\\/\\\/secure.gravatar.com\\\/avatar\\\/b6992f131dc8d30ab0dff15446e9d346d9dbd95992de0fef795073f5ea83a81c?s=96&d=mm&r=g\",\"caption\":\"La Gu\u00eda de Pamplona\"}}]}<\/script>\n<!-- \/ Yoast SEO plugin. -->","yoast_head_json":{"title":"El Museo de Educaci\u00f3n Ambiental acoge este jueves la sesi\u00f3n mensual del taller \u2018Repara tu bici \u2013 Bizitxoko\u2019","description":"De 18 a 20 horas, con acceso libre, este taller did\u00e1ctico buscar ense\u00f1ar a realizar peque\u00f1os arreglos y puesta a punto de bicicletas","robots":{"index":"index","follow":"follow","max-snippet":"max-snippet:-1","max-image-preview":"max-image-preview:large","max-video-preview":"max-video-preview:-1"},"canonical":"https:\/\/www.laguiadepamplona.com\/actualidad\/el-museo-de-educacion-ambiental-acoge-este-jueves-la-sesion-mensual-del-taller-repara-tu-bici-bizitxoko\/","og_locale":"es_ES","og_type":"article","og_title":"El Museo de Educaci\u00f3n Ambiental acoge este jueves la sesi\u00f3n mensual del taller \u2018Repara tu bici \u2013 Bizitxoko\u2019","og_description":"De 18 a 20 horas, con acceso libre, este taller did\u00e1ctico buscar ense\u00f1ar a realizar peque\u00f1os arreglos y puesta a punto de bicicletas","og_url":"https:\/\/www.laguiadepamplona.com\/actualidad\/el-museo-de-educacion-ambiental-acoge-este-jueves-la-sesion-mensual-del-taller-repara-tu-bici-bizitxoko\/","og_site_name":"La Gu\u00eda de Pamplona","article_publisher":"https:\/\/www.facebook.com\/laguiadepamplonacom-133175176762273\/?ref=hl","article_published_time":"2025-05-13T10:00:27+00:00","og_image":[{"width":1000,"height":666,"url":"https:\/\/www.laguiadepamplona.com\/actualidad\/wp-content\/uploads\/2025\/05\/bizitxokoweb3.webp","type":"image\/webp"}],"author":"La Gu\u00eda de Pamplona","twitter_card":"summary_large_image","twitter_creator":"@LaGuiadPamplona","twitter_site":"@LaGuiadPamplona","twitter_misc":{"Escrito por":"La Gu\u00eda de Pamplona","Tiempo de lectura":"2 minutos"},"schema":{"@context":"https:\/\/schema.org","@graph":[{"@type":"Article","@id":"https:\/\/www.laguiadepamplona.com\/actualidad\/el-museo-de-educacion-ambiental-acoge-este-jueves-la-sesion-mensual-del-taller-repara-tu-bici-bizitxoko\/#article","isPartOf":{"@id":"https:\/\/www.laguiadepamplona.com\/actualidad\/el-museo-de-educacion-ambiental-acoge-este-jueves-la-sesion-mensual-del-taller-repara-tu-bici-bizitxoko\/"},"author":{"name":"La Gu\u00eda de Pamplona","@id":"https:\/\/www.laguiadepamplona.com\/actualidad\/#\/schema\/person\/efe887376f0213d4657c93adc50b1fdb"},"headline":"El Museo de Educaci\u00f3n Ambiental acoge este jueves la sesi\u00f3n mensual del taller \u2018Repara tu bici \u2013 Bizitxoko\u2019","datePublished":"2025-05-13T10:00:27+00:00","mainEntityOfPage":{"@id":"https:\/\/www.laguiadepamplona.com\/actualidad\/el-museo-de-educacion-ambiental-acoge-este-jueves-la-sesion-mensual-del-taller-repara-tu-bici-bizitxoko\/"},"wordCount":391,"commentCount":0,"publisher":{"@id":"https:\/\/www.laguiadepamplona.com\/actualidad\/#organization"},"image":{"@id":"https:\/\/www.laguiadepamplona.com\/actualidad\/el-museo-de-educacion-ambiental-acoge-este-jueves-la-sesion-mensual-del-taller-repara-tu-bici-bizitxoko\/#primaryimage"},"thumbnailUrl":"https:\/\/www.laguiadepamplona.com\/actualidad\/wp-content\/uploads\/2025\/05\/bizitxokoweb3.webp","articleSection":["Ayto Pamplona"],"inLanguage":"es","potentialAction":[{"@type":"CommentAction","name":"Comment","target":["https:\/\/www.laguiadepamplona.com\/actualidad\/el-museo-de-educacion-ambiental-acoge-este-jueves-la-sesion-mensual-del-taller-repara-tu-bici-bizitxoko\/#respond"]}]},{"@type":"WebPage","@id":"https:\/\/www.laguiadepamplona.com\/actualidad\/el-museo-de-educacion-ambiental-acoge-este-jueves-la-sesion-mensual-del-taller-repara-tu-bici-bizitxoko\/","url":"https:\/\/www.laguiadepamplona.com\/actualidad\/el-museo-de-educacion-ambiental-acoge-este-jueves-la-sesion-mensual-del-taller-repara-tu-bici-bizitxoko\/","name":"El Museo de Educaci\u00f3n Ambiental acoge este jueves la sesi\u00f3n mensual del taller \u2018Repara tu bici \u2013 Bizitxoko\u2019","isPartOf":{"@id":"https:\/\/www.laguiadepamplona.com\/actualidad\/#website"},"primaryImageOfPage":{"@id":"https:\/\/www.laguiadepamplona.com\/actualidad\/el-museo-de-educacion-ambiental-acoge-este-jueves-la-sesion-mensual-del-taller-repara-tu-bici-bizitxoko\/#primaryimage"},"image":{"@id":"https:\/\/www.laguiadepamplona.com\/actualidad\/el-museo-de-educacion-ambiental-acoge-este-jueves-la-sesion-mensual-del-taller-repara-tu-bici-bizitxoko\/#primaryimage"},"thumbnailUrl":"https:\/\/www.laguiadepamplona.com\/actualidad\/wp-content\/uploads\/2025\/05\/bizitxokoweb3.webp","datePublished":"2025-05-13T10:00:27+00:00","description":"De 18 a 20 horas, con acceso libre, este taller did\u00e1ctico buscar ense\u00f1ar a realizar peque\u00f1os arreglos y puesta a punto de bicicletas","breadcrumb":{"@id":"https:\/\/www.laguiadepamplona.com\/actualidad\/el-museo-de-educacion-ambiental-acoge-este-jueves-la-sesion-mensual-del-taller-repara-tu-bici-bizitxoko\/#breadcrumb"},"inLanguage":"es","potentialAction":[{"@type":"ReadAction","target":["https:\/\/www.laguiadepamplona.com\/actualidad\/el-museo-de-educacion-ambiental-acoge-este-jueves-la-sesion-mensual-del-taller-repara-tu-bici-bizitxoko\/"]}]},{"@type":"ImageObject","inLanguage":"es","@id":"https:\/\/www.laguiadepamplona.com\/actualidad\/el-museo-de-educacion-ambiental-acoge-este-jueves-la-sesion-mensual-del-taller-repara-tu-bici-bizitxoko\/#primaryimage","url":"https:\/\/www.laguiadepamplona.com\/actualidad\/wp-content\/uploads\/2025\/05\/bizitxokoweb3.webp","contentUrl":"https:\/\/www.laguiadepamplona.com\/actualidad\/wp-content\/uploads\/2025\/05\/bizitxokoweb3.webp","width":1000,"height":666,"caption":"bizitxoko"},{"@type":"BreadcrumbList","@id":"https:\/\/www.laguiadepamplona.com\/actualidad\/el-museo-de-educacion-ambiental-acoge-este-jueves-la-sesion-mensual-del-taller-repara-tu-bici-bizitxoko\/#breadcrumb","itemListElement":[{"@type":"ListItem","position":1,"name":"Portada","item":"https:\/\/www.laguiadepamplona.com\/actualidad\/"},{"@type":"ListItem","position":2,"name":"El Museo de Educaci\u00f3n Ambiental acoge este jueves la sesi\u00f3n mensual del taller \u2018Repara tu bici \u2013 Bizitxoko\u2019"}]},{"@type":"WebSite","@id":"https:\/\/www.laguiadepamplona.com\/actualidad\/#website","url":"https:\/\/www.laguiadepamplona.com\/actualidad\/","name":"La gu\u00eda de Pamplona","description":"Noticias de Pamplona","publisher":{"@id":"https:\/\/www.laguiadepamplona.com\/actualidad\/#organization"},"potentialAction":[{"@type":"SearchAction","target":{"@type":"EntryPoint","urlTemplate":"https:\/\/www.laguiadepamplona.com\/actualidad\/?s={search_term_string}"},"query-input":{"@type":"PropertyValueSpecification","valueRequired":true,"valueName":"search_term_string"}}],"inLanguage":"es"},{"@type":"Organization","@id":"https:\/\/www.laguiadepamplona.com\/actualidad\/#organization","name":"La Gu\u00eda de Pamplona \/ Noticias","url":"https:\/\/www.laguiadepamplona.com\/actualidad\/","logo":{"@type":"ImageObject","inLanguage":"es","@id":"https:\/\/www.laguiadepamplona.com\/actualidad\/#\/schema\/logo\/image\/","url":"https:\/\/www.laguiadepamplona.com\/actualidad\/wp-content\/uploads\/2018\/11\/logo-laguiadepamplona18-web1.png","contentUrl":"https:\/\/www.laguiadepamplona.com\/actualidad\/wp-content\/uploads\/2018\/11\/logo-laguiadepamplona18-web1.png","width":600,"height":196,"caption":"La Gu\u00eda de Pamplona \/ Noticias"},"image":{"@id":"https:\/\/www.laguiadepamplona.com\/actualidad\/#\/schema\/logo\/image\/"},"sameAs":["https:\/\/www.facebook.com\/laguiadepamplonacom-133175176762273\/?ref=hl","https:\/\/x.com\/LaGuiadPamplona","https:\/\/www.instagram.com\/la_guia_de_pamplona\/","https:\/\/www.youtube.com\/user\/laguiadepamplona"]},{"@type":"Person","@id":"https:\/\/www.laguiadepamplona.com\/actualidad\/#\/schema\/person\/efe887376f0213d4657c93adc50b1fdb","name":"La Gu\u00eda de Pamplona","image":{"@type":"ImageObject","inLanguage":"es","@id":"https:\/\/secure.gravatar.com\/avatar\/b6992f131dc8d30ab0dff15446e9d346d9dbd95992de0fef795073f5ea83a81c?s=96&d=mm&r=g","url":"https:\/\/secure.gravatar.com\/avatar\/b6992f131dc8d30ab0dff15446e9d346d9dbd95992de0fef795073f5ea83a81c?s=96&d=mm&r=g","contentUrl":"https:\/\/secure.gravatar.com\/avatar\/b6992f131dc8d30ab0dff15446e9d346d9dbd95992de0fef795073f5ea83a81c?s=96&d=mm&r=g","caption":"La Gu\u00eda de Pamplona"}}]}},"post_mailing_queue_ids":[],"_links":{"self":[{"href":"https:\/\/www.laguiadepamplona.com\/actualidad\/wp-json\/wp\/v2\/posts\/52917","targetHints":{"allow":["GET"]}}],"collection":[{"href":"https:\/\/www.laguiadepamplona.com\/actualidad\/wp-json\/wp\/v2\/posts"}],"about":[{"href":"https:\/\/www.laguiadepamplona.com\/actualidad\/wp-json\/wp\/v2\/types\/post"}],"author":[{"embeddable":true,"href":"https:\/\/www.laguiadepamplona.com\/actualidad\/wp-json\/wp\/v2\/users\/1"}],"replies":[{"embeddable":true,"href":"https:\/\/www.laguiadepamplona.com\/actualidad\/wp-json\/wp\/v2\/comments?post=52917"}],"version-history":[{"count":1,"href":"https:\/\/www.laguiadepamplona.com\/actualidad\/wp-json\/wp\/v2\/posts\/52917\/revisions"}],"predecessor-version":[{"id":52919,"href":"https:\/\/www.laguiadepamplona.com\/actualidad\/wp-json\/wp\/v2\/posts\/52917\/revisions\/52919"}],"wp:featuredmedia":[{"embeddable":true,"href":"https:\/\/www.laguiadepamplona.com\/actualidad\/wp-json\/wp\/v2\/media\/52918"}],"wp:attachment":[{"href":"https:\/\/www.laguiadepamplona.com\/actualidad\/wp-json\/wp\/v2\/media?parent=52917"}],"wp:term":[{"taxonomy":"category","embeddable":true,"href":"https:\/\/www.laguiadepamplona.com\/actualidad\/wp-json\/wp\/v2\/categories?post=52917"},{"taxonomy":"post_tag","embeddable":true,"href":"https:\/\/www.laguiadepamplona.com\/actualidad\/wp-json\/wp\/v2\/tags?post=52917"}],"curies":[{"name":"wp","href":"https:\/\/api.w.org\/{rel}","templated":true}]}}