{"id":52856,"date":"2025-04-30T16:09:53","date_gmt":"2025-04-30T14:09:53","guid":{"rendered":"https:\/\/www.laguiadepamplona.com\/actualidad\/?p=52856"},"modified":"2025-04-30T16:09:53","modified_gmt":"2025-04-30T14:09:53","slug":"la-gaita-se-reivindica-como-instrumento-musical-de-primer-nivel-en-la-exposicion-conmemorativa-navarra-y-sus-gaiteros-100-anos-del-concurso-de-1924","status":"publish","type":"post","link":"https:\/\/www.laguiadepamplona.com\/actualidad\/la-gaita-se-reivindica-como-instrumento-musical-de-primer-nivel-en-la-exposicion-conmemorativa-navarra-y-sus-gaiteros-100-anos-del-concurso-de-1924\/","title":{"rendered":"La gaita se reivindica como instrumento musical de primer nivel en la exposici\u00f3n conmemorativa \u2018Navarra y sus gaiteros. 100 a\u00f1os del concurso de 1924\u2019"},"content":{"rendered":"<h2>La muestra, que incluye paneles, documentaci\u00f3n y objetos de la \u00e9poca, se exhibe, del 2 al 25 de mayo, en la Sala G\u00f3tica del Palacio del Condestable<\/h2>\n<p><!--more--><\/p>\n<p>La Sala G\u00f3tica del Palacio del Condestable acoge, del 2 al 25 de mayo, la exposici\u00f3n \u2018Navarra y sus gaiteros. 100 a\u00f1os del concurso de 1924\u2019. La muestra profundiza en el contexto y significado de este hist\u00f3rico certamen, que supuso un hito para el desarrollo de la gaita como instrumento clave. La exposici\u00f3n incluye paneles, documentaci\u00f3n y objetos de la \u00e9poca, procedentes del fondo documental de la Asociaci\u00f3n Gaiteros de Pamplona, del Archivo Municipal de Pamplona y del Archivo General de Navarra.<\/p>\n<p>Los principales contenidos de la muestra, que busca rescatar y preservar la riqueza hist\u00f3rica y cultural del evento de 1924, los han presentado este mi\u00e9rcoles la concejala de Cultura, Fiestas, Educaci\u00f3n y Deporte, Maider Beloki Unzu, y los gaiteros Javier Lacunza, Jos\u00e9 Luis Fraile Pernaute y Mart\u00edn Ariztimu\u00f1o Guti\u00e9rrez. Esta exposici\u00f3n cierra los actos organizados en torno al Concurso de Dulzaineros de Navarra de 1924, cuyo centenario e importancia se ha querido visibilizar con un programa de actividades iniciado en abril del pasado a\u00f1o.<\/p>\n<p>La muestra incluye partituras originales e instrumentos, as\u00ed como material gr\u00e1fico y musical de grupos que tomaron parte en el concierto, como Gaiteros de Pamplona-Iru\u00f1eko Gaiteroak (Mond\u00e9jar, Moreno, Lumbreras), Gaiteros de Estella (P\u00e9rez de Lazarraga, Elizaga) y Gaiteros de Etxarri-Aranatz (Carasatorre). Tambi\u00e9n se pueden revisar publicaciones y grabaciones posteriores relacionadas con el certamen. Como elemento m\u00e1s especial, la exposici\u00f3n recoge el original de \u2018Fantas\u00eda navarra\u2019, obra obligatoria en el concurso de 1924 compuesta por Silvanio Cervantes.<\/p>\n<p>Legado de aquel concurso<\/p>\n<p>Los participantes en el concurso de 1924 integraron posteriormente las bandas municipales de gaiteros de Pamplona, fundadas en 1942; contribuyeron a la supervivencia del instrumento hasta finales de los a\u00f1os 70; y, adem\u00e1s, destacaron como constructores del instrumento y continuadores del legado de Juli\u00e1n Romano, presente en los grupos actuales de la comunidad. El repertorio elaborado o encargado por los gaiteros del certamen, obras compuestas por m\u00fasicos contempor\u00e1neos como Silvanio Cervantes, Bonifacio Iraizoz o Nicol\u00e1s Garc\u00eda, siguen consider\u00e1ndose de alt\u00edsimo nivel en el repertorio para gaita hasta el d\u00eda de hoy.<\/p>\n<p>El \u00e1rea de Cultura del Ayuntamiento de Pamplona, en colaboraci\u00f3n con la Asociaci\u00f3n Gaiteros de Pamplona, ya organiz\u00f3 el a\u00f1o pasado diversos actos para celebrar el centenario de ese Gran Concurso de Dulzaineros de 1924. Entre otros eventos, se llev\u00f3 a cabo un encuentro de gaiteros de 17 agrupaciones de las cinco merindades de Navarra y un concierto conmemorativo en el Teatro Gayarre con la banda municipal de m\u00fasica La Pamplonesa, en el que se estren\u00f3 \u20181924\u2019, obra del joven compositor pamplon\u00e9s Mikel Rodr\u00edguez.<\/p>\n<p>&nbsp;<\/p>\n<h3>Exposici\u00f3n \u2018Navarra y sus gaiteros. 100 a\u00f1os del concurso de 1924\u2019<\/h3>\n<ul>\n<li>Palacio del Condestable, Sala G\u00f3tica\n<ul>\n<li>Fecha: del 2 al 25 de mayo<\/li>\n<li>Horario: de 11.00 a 13.30 horas y de 17.30 a 20.30 horas<\/li>\n<li>Entrada libre<\/li>\n<\/ul>\n<\/li>\n<\/ul>\n","protected":false},"excerpt":{"rendered":"<p>La muestra, que incluye paneles, documentaci\u00f3n y objetos de la \u00e9poca, se exhibe, del 2 al 25 de mayo, en la Sala G\u00f3tica del Palacio del Condestable<\/p>\n","protected":false},"author":1,"featured_media":52857,"comment_status":"open","ping_status":"closed","sticky":false,"template":"","format":"standard","meta":{"footnotes":""},"categories":[2],"tags":[],"class_list":["post-52856","post","type-post","status-publish","format-standard","has-post-thumbnail","hentry","category-ayuntamiento-pamplona"],"yoast_head":"<!-- This site is optimized with the Yoast SEO plugin v27.3 - https:\/\/yoast.com\/product\/yoast-seo-wordpress\/ -->\n<title>La gaita se reivindica como instrumento musical de primer nivel en la exposici\u00f3n conmemorativa \u2018Navarra y sus gaiteros. 100 a\u00f1os del concurso de 1924\u2019<\/title>\n<meta name=\"description\" content=\"La muestra, que incluye paneles, documentaci\u00f3n y objetos de la \u00e9poca, se exhibe, del 2 al 25 de mayo, en la Sala G\u00f3tica del Palacio del Condestable\" \/>\n<meta name=\"robots\" content=\"index, follow, max-snippet:-1, max-image-preview:large, max-video-preview:-1\" \/>\n<link rel=\"canonical\" href=\"https:\/\/www.laguiadepamplona.com\/actualidad\/la-gaita-se-reivindica-como-instrumento-musical-de-primer-nivel-en-la-exposicion-conmemorativa-navarra-y-sus-gaiteros-100-anos-del-concurso-de-1924\/\" \/>\n<meta property=\"og:locale\" content=\"es_ES\" \/>\n<meta property=\"og:type\" content=\"article\" \/>\n<meta property=\"og:title\" content=\"La gaita se reivindica como instrumento musical de primer nivel en la exposici\u00f3n conmemorativa \u2018Navarra y sus gaiteros. 100 a\u00f1os del concurso de 1924\u2019\" \/>\n<meta property=\"og:description\" content=\"La muestra, que incluye paneles, documentaci\u00f3n y objetos de la \u00e9poca, se exhibe, del 2 al 25 de mayo, en la Sala G\u00f3tica del Palacio del Condestable\" \/>\n<meta property=\"og:url\" content=\"https:\/\/www.laguiadepamplona.com\/actualidad\/la-gaita-se-reivindica-como-instrumento-musical-de-primer-nivel-en-la-exposicion-conmemorativa-navarra-y-sus-gaiteros-100-anos-del-concurso-de-1924\/\" \/>\n<meta property=\"og:site_name\" content=\"La Gu\u00eda de Pamplona\" \/>\n<meta property=\"article:publisher\" content=\"https:\/\/www.facebook.com\/laguiadepamplonacom-133175176762273\/?ref=hl\" \/>\n<meta property=\"article:published_time\" content=\"2025-04-30T14:09:53+00:00\" \/>\n<meta property=\"og:image\" content=\"https:\/\/www.laguiadepamplona.com\/actualidad\/wp-content\/uploads\/2025\/04\/expo-gaiteros_web.webp\" \/>\n\t<meta property=\"og:image:width\" content=\"1000\" \/>\n\t<meta property=\"og:image:height\" content=\"538\" \/>\n\t<meta property=\"og:image:type\" content=\"image\/webp\" \/>\n<meta name=\"author\" content=\"La Gu\u00eda de Pamplona\" \/>\n<meta name=\"twitter:card\" content=\"summary_large_image\" \/>\n<meta name=\"twitter:creator\" content=\"@LaGuiadPamplona\" \/>\n<meta name=\"twitter:site\" content=\"@LaGuiadPamplona\" \/>\n<meta name=\"twitter:label1\" content=\"Escrito por\" \/>\n\t<meta name=\"twitter:data1\" content=\"La Gu\u00eda de Pamplona\" \/>\n\t<meta name=\"twitter:label2\" content=\"Tiempo de lectura\" \/>\n\t<meta name=\"twitter:data2\" content=\"3 minutos\" \/>\n<script type=\"application\/ld+json\" class=\"yoast-schema-graph\">{\"@context\":\"https:\\\/\\\/schema.org\",\"@graph\":[{\"@type\":\"Article\",\"@id\":\"https:\\\/\\\/www.laguiadepamplona.com\\\/actualidad\\\/la-gaita-se-reivindica-como-instrumento-musical-de-primer-nivel-en-la-exposicion-conmemorativa-navarra-y-sus-gaiteros-100-anos-del-concurso-de-1924\\\/#article\",\"isPartOf\":{\"@id\":\"https:\\\/\\\/www.laguiadepamplona.com\\\/actualidad\\\/la-gaita-se-reivindica-como-instrumento-musical-de-primer-nivel-en-la-exposicion-conmemorativa-navarra-y-sus-gaiteros-100-anos-del-concurso-de-1924\\\/\"},\"author\":{\"name\":\"La Gu\u00eda de Pamplona\",\"@id\":\"https:\\\/\\\/www.laguiadepamplona.com\\\/actualidad\\\/#\\\/schema\\\/person\\\/efe887376f0213d4657c93adc50b1fdb\"},\"headline\":\"La gaita se reivindica como instrumento musical de primer nivel en la exposici\u00f3n conmemorativa \u2018Navarra y sus gaiteros. 100 a\u00f1os del concurso de 1924\u2019\",\"datePublished\":\"2025-04-30T14:09:53+00:00\",\"mainEntityOfPage\":{\"@id\":\"https:\\\/\\\/www.laguiadepamplona.com\\\/actualidad\\\/la-gaita-se-reivindica-como-instrumento-musical-de-primer-nivel-en-la-exposicion-conmemorativa-navarra-y-sus-gaiteros-100-anos-del-concurso-de-1924\\\/\"},\"wordCount\":531,\"commentCount\":0,\"publisher\":{\"@id\":\"https:\\\/\\\/www.laguiadepamplona.com\\\/actualidad\\\/#organization\"},\"image\":{\"@id\":\"https:\\\/\\\/www.laguiadepamplona.com\\\/actualidad\\\/la-gaita-se-reivindica-como-instrumento-musical-de-primer-nivel-en-la-exposicion-conmemorativa-navarra-y-sus-gaiteros-100-anos-del-concurso-de-1924\\\/#primaryimage\"},\"thumbnailUrl\":\"https:\\\/\\\/www.laguiadepamplona.com\\\/actualidad\\\/wp-content\\\/uploads\\\/2025\\\/04\\\/expo-gaiteros_web.webp\",\"articleSection\":[\"Ayto Pamplona\"],\"inLanguage\":\"es\",\"potentialAction\":[{\"@type\":\"CommentAction\",\"name\":\"Comment\",\"target\":[\"https:\\\/\\\/www.laguiadepamplona.com\\\/actualidad\\\/la-gaita-se-reivindica-como-instrumento-musical-de-primer-nivel-en-la-exposicion-conmemorativa-navarra-y-sus-gaiteros-100-anos-del-concurso-de-1924\\\/#respond\"]}]},{\"@type\":\"WebPage\",\"@id\":\"https:\\\/\\\/www.laguiadepamplona.com\\\/actualidad\\\/la-gaita-se-reivindica-como-instrumento-musical-de-primer-nivel-en-la-exposicion-conmemorativa-navarra-y-sus-gaiteros-100-anos-del-concurso-de-1924\\\/\",\"url\":\"https:\\\/\\\/www.laguiadepamplona.com\\\/actualidad\\\/la-gaita-se-reivindica-como-instrumento-musical-de-primer-nivel-en-la-exposicion-conmemorativa-navarra-y-sus-gaiteros-100-anos-del-concurso-de-1924\\\/\",\"name\":\"La gaita se reivindica como instrumento musical de primer nivel en la exposici\u00f3n conmemorativa \u2018Navarra y sus gaiteros. 100 a\u00f1os del concurso de 1924\u2019\",\"isPartOf\":{\"@id\":\"https:\\\/\\\/www.laguiadepamplona.com\\\/actualidad\\\/#website\"},\"primaryImageOfPage\":{\"@id\":\"https:\\\/\\\/www.laguiadepamplona.com\\\/actualidad\\\/la-gaita-se-reivindica-como-instrumento-musical-de-primer-nivel-en-la-exposicion-conmemorativa-navarra-y-sus-gaiteros-100-anos-del-concurso-de-1924\\\/#primaryimage\"},\"image\":{\"@id\":\"https:\\\/\\\/www.laguiadepamplona.com\\\/actualidad\\\/la-gaita-se-reivindica-como-instrumento-musical-de-primer-nivel-en-la-exposicion-conmemorativa-navarra-y-sus-gaiteros-100-anos-del-concurso-de-1924\\\/#primaryimage\"},\"thumbnailUrl\":\"https:\\\/\\\/www.laguiadepamplona.com\\\/actualidad\\\/wp-content\\\/uploads\\\/2025\\\/04\\\/expo-gaiteros_web.webp\",\"datePublished\":\"2025-04-30T14:09:53+00:00\",\"description\":\"La muestra, que incluye paneles, documentaci\u00f3n y objetos de la \u00e9poca, se exhibe, del 2 al 25 de mayo, en la Sala G\u00f3tica del Palacio del Condestable\",\"breadcrumb\":{\"@id\":\"https:\\\/\\\/www.laguiadepamplona.com\\\/actualidad\\\/la-gaita-se-reivindica-como-instrumento-musical-de-primer-nivel-en-la-exposicion-conmemorativa-navarra-y-sus-gaiteros-100-anos-del-concurso-de-1924\\\/#breadcrumb\"},\"inLanguage\":\"es\",\"potentialAction\":[{\"@type\":\"ReadAction\",\"target\":[\"https:\\\/\\\/www.laguiadepamplona.com\\\/actualidad\\\/la-gaita-se-reivindica-como-instrumento-musical-de-primer-nivel-en-la-exposicion-conmemorativa-navarra-y-sus-gaiteros-100-anos-del-concurso-de-1924\\\/\"]}]},{\"@type\":\"ImageObject\",\"inLanguage\":\"es\",\"@id\":\"https:\\\/\\\/www.laguiadepamplona.com\\\/actualidad\\\/la-gaita-se-reivindica-como-instrumento-musical-de-primer-nivel-en-la-exposicion-conmemorativa-navarra-y-sus-gaiteros-100-anos-del-concurso-de-1924\\\/#primaryimage\",\"url\":\"https:\\\/\\\/www.laguiadepamplona.com\\\/actualidad\\\/wp-content\\\/uploads\\\/2025\\\/04\\\/expo-gaiteros_web.webp\",\"contentUrl\":\"https:\\\/\\\/www.laguiadepamplona.com\\\/actualidad\\\/wp-content\\\/uploads\\\/2025\\\/04\\\/expo-gaiteros_web.webp\",\"width\":1000,\"height\":538,\"caption\":\"exposici\u00f3n gaiteros\"},{\"@type\":\"BreadcrumbList\",\"@id\":\"https:\\\/\\\/www.laguiadepamplona.com\\\/actualidad\\\/la-gaita-se-reivindica-como-instrumento-musical-de-primer-nivel-en-la-exposicion-conmemorativa-navarra-y-sus-gaiteros-100-anos-del-concurso-de-1924\\\/#breadcrumb\",\"itemListElement\":[{\"@type\":\"ListItem\",\"position\":1,\"name\":\"Portada\",\"item\":\"https:\\\/\\\/www.laguiadepamplona.com\\\/actualidad\\\/\"},{\"@type\":\"ListItem\",\"position\":2,\"name\":\"La gaita se reivindica como instrumento musical de primer nivel en la exposici\u00f3n conmemorativa \u2018Navarra y sus gaiteros. 100 a\u00f1os del concurso de 1924\u2019\"}]},{\"@type\":\"WebSite\",\"@id\":\"https:\\\/\\\/www.laguiadepamplona.com\\\/actualidad\\\/#website\",\"url\":\"https:\\\/\\\/www.laguiadepamplona.com\\\/actualidad\\\/\",\"name\":\"La gu\u00eda de Pamplona\",\"description\":\"Noticias de Pamplona\",\"publisher\":{\"@id\":\"https:\\\/\\\/www.laguiadepamplona.com\\\/actualidad\\\/#organization\"},\"potentialAction\":[{\"@type\":\"SearchAction\",\"target\":{\"@type\":\"EntryPoint\",\"urlTemplate\":\"https:\\\/\\\/www.laguiadepamplona.com\\\/actualidad\\\/?s={search_term_string}\"},\"query-input\":{\"@type\":\"PropertyValueSpecification\",\"valueRequired\":true,\"valueName\":\"search_term_string\"}}],\"inLanguage\":\"es\"},{\"@type\":\"Organization\",\"@id\":\"https:\\\/\\\/www.laguiadepamplona.com\\\/actualidad\\\/#organization\",\"name\":\"La Gu\u00eda de Pamplona \\\/ Noticias\",\"url\":\"https:\\\/\\\/www.laguiadepamplona.com\\\/actualidad\\\/\",\"logo\":{\"@type\":\"ImageObject\",\"inLanguage\":\"es\",\"@id\":\"https:\\\/\\\/www.laguiadepamplona.com\\\/actualidad\\\/#\\\/schema\\\/logo\\\/image\\\/\",\"url\":\"https:\\\/\\\/www.laguiadepamplona.com\\\/actualidad\\\/wp-content\\\/uploads\\\/2018\\\/11\\\/logo-laguiadepamplona18-web1.png\",\"contentUrl\":\"https:\\\/\\\/www.laguiadepamplona.com\\\/actualidad\\\/wp-content\\\/uploads\\\/2018\\\/11\\\/logo-laguiadepamplona18-web1.png\",\"width\":600,\"height\":196,\"caption\":\"La Gu\u00eda de Pamplona \\\/ Noticias\"},\"image\":{\"@id\":\"https:\\\/\\\/www.laguiadepamplona.com\\\/actualidad\\\/#\\\/schema\\\/logo\\\/image\\\/\"},\"sameAs\":[\"https:\\\/\\\/www.facebook.com\\\/laguiadepamplonacom-133175176762273\\\/?ref=hl\",\"https:\\\/\\\/x.com\\\/LaGuiadPamplona\",\"https:\\\/\\\/www.instagram.com\\\/la_guia_de_pamplona\\\/\",\"https:\\\/\\\/www.youtube.com\\\/user\\\/laguiadepamplona\"]},{\"@type\":\"Person\",\"@id\":\"https:\\\/\\\/www.laguiadepamplona.com\\\/actualidad\\\/#\\\/schema\\\/person\\\/efe887376f0213d4657c93adc50b1fdb\",\"name\":\"La Gu\u00eda de Pamplona\",\"image\":{\"@type\":\"ImageObject\",\"inLanguage\":\"es\",\"@id\":\"https:\\\/\\\/secure.gravatar.com\\\/avatar\\\/b6992f131dc8d30ab0dff15446e9d346d9dbd95992de0fef795073f5ea83a81c?s=96&d=mm&r=g\",\"url\":\"https:\\\/\\\/secure.gravatar.com\\\/avatar\\\/b6992f131dc8d30ab0dff15446e9d346d9dbd95992de0fef795073f5ea83a81c?s=96&d=mm&r=g\",\"contentUrl\":\"https:\\\/\\\/secure.gravatar.com\\\/avatar\\\/b6992f131dc8d30ab0dff15446e9d346d9dbd95992de0fef795073f5ea83a81c?s=96&d=mm&r=g\",\"caption\":\"La Gu\u00eda de Pamplona\"}}]}<\/script>\n<!-- \/ Yoast SEO plugin. -->","yoast_head_json":{"title":"La gaita se reivindica como instrumento musical de primer nivel en la exposici\u00f3n conmemorativa \u2018Navarra y sus gaiteros. 100 a\u00f1os del concurso de 1924\u2019","description":"La muestra, que incluye paneles, documentaci\u00f3n y objetos de la \u00e9poca, se exhibe, del 2 al 25 de mayo, en la Sala G\u00f3tica del Palacio del Condestable","robots":{"index":"index","follow":"follow","max-snippet":"max-snippet:-1","max-image-preview":"max-image-preview:large","max-video-preview":"max-video-preview:-1"},"canonical":"https:\/\/www.laguiadepamplona.com\/actualidad\/la-gaita-se-reivindica-como-instrumento-musical-de-primer-nivel-en-la-exposicion-conmemorativa-navarra-y-sus-gaiteros-100-anos-del-concurso-de-1924\/","og_locale":"es_ES","og_type":"article","og_title":"La gaita se reivindica como instrumento musical de primer nivel en la exposici\u00f3n conmemorativa \u2018Navarra y sus gaiteros. 100 a\u00f1os del concurso de 1924\u2019","og_description":"La muestra, que incluye paneles, documentaci\u00f3n y objetos de la \u00e9poca, se exhibe, del 2 al 25 de mayo, en la Sala G\u00f3tica del Palacio del Condestable","og_url":"https:\/\/www.laguiadepamplona.com\/actualidad\/la-gaita-se-reivindica-como-instrumento-musical-de-primer-nivel-en-la-exposicion-conmemorativa-navarra-y-sus-gaiteros-100-anos-del-concurso-de-1924\/","og_site_name":"La Gu\u00eda de Pamplona","article_publisher":"https:\/\/www.facebook.com\/laguiadepamplonacom-133175176762273\/?ref=hl","article_published_time":"2025-04-30T14:09:53+00:00","og_image":[{"width":1000,"height":538,"url":"https:\/\/www.laguiadepamplona.com\/actualidad\/wp-content\/uploads\/2025\/04\/expo-gaiteros_web.webp","type":"image\/webp"}],"author":"La Gu\u00eda de Pamplona","twitter_card":"summary_large_image","twitter_creator":"@LaGuiadPamplona","twitter_site":"@LaGuiadPamplona","twitter_misc":{"Escrito por":"La Gu\u00eda de Pamplona","Tiempo de lectura":"3 minutos"},"schema":{"@context":"https:\/\/schema.org","@graph":[{"@type":"Article","@id":"https:\/\/www.laguiadepamplona.com\/actualidad\/la-gaita-se-reivindica-como-instrumento-musical-de-primer-nivel-en-la-exposicion-conmemorativa-navarra-y-sus-gaiteros-100-anos-del-concurso-de-1924\/#article","isPartOf":{"@id":"https:\/\/www.laguiadepamplona.com\/actualidad\/la-gaita-se-reivindica-como-instrumento-musical-de-primer-nivel-en-la-exposicion-conmemorativa-navarra-y-sus-gaiteros-100-anos-del-concurso-de-1924\/"},"author":{"name":"La Gu\u00eda de Pamplona","@id":"https:\/\/www.laguiadepamplona.com\/actualidad\/#\/schema\/person\/efe887376f0213d4657c93adc50b1fdb"},"headline":"La gaita se reivindica como instrumento musical de primer nivel en la exposici\u00f3n conmemorativa \u2018Navarra y sus gaiteros. 100 a\u00f1os del concurso de 1924\u2019","datePublished":"2025-04-30T14:09:53+00:00","mainEntityOfPage":{"@id":"https:\/\/www.laguiadepamplona.com\/actualidad\/la-gaita-se-reivindica-como-instrumento-musical-de-primer-nivel-en-la-exposicion-conmemorativa-navarra-y-sus-gaiteros-100-anos-del-concurso-de-1924\/"},"wordCount":531,"commentCount":0,"publisher":{"@id":"https:\/\/www.laguiadepamplona.com\/actualidad\/#organization"},"image":{"@id":"https:\/\/www.laguiadepamplona.com\/actualidad\/la-gaita-se-reivindica-como-instrumento-musical-de-primer-nivel-en-la-exposicion-conmemorativa-navarra-y-sus-gaiteros-100-anos-del-concurso-de-1924\/#primaryimage"},"thumbnailUrl":"https:\/\/www.laguiadepamplona.com\/actualidad\/wp-content\/uploads\/2025\/04\/expo-gaiteros_web.webp","articleSection":["Ayto Pamplona"],"inLanguage":"es","potentialAction":[{"@type":"CommentAction","name":"Comment","target":["https:\/\/www.laguiadepamplona.com\/actualidad\/la-gaita-se-reivindica-como-instrumento-musical-de-primer-nivel-en-la-exposicion-conmemorativa-navarra-y-sus-gaiteros-100-anos-del-concurso-de-1924\/#respond"]}]},{"@type":"WebPage","@id":"https:\/\/www.laguiadepamplona.com\/actualidad\/la-gaita-se-reivindica-como-instrumento-musical-de-primer-nivel-en-la-exposicion-conmemorativa-navarra-y-sus-gaiteros-100-anos-del-concurso-de-1924\/","url":"https:\/\/www.laguiadepamplona.com\/actualidad\/la-gaita-se-reivindica-como-instrumento-musical-de-primer-nivel-en-la-exposicion-conmemorativa-navarra-y-sus-gaiteros-100-anos-del-concurso-de-1924\/","name":"La gaita se reivindica como instrumento musical de primer nivel en la exposici\u00f3n conmemorativa \u2018Navarra y sus gaiteros. 100 a\u00f1os del concurso de 1924\u2019","isPartOf":{"@id":"https:\/\/www.laguiadepamplona.com\/actualidad\/#website"},"primaryImageOfPage":{"@id":"https:\/\/www.laguiadepamplona.com\/actualidad\/la-gaita-se-reivindica-como-instrumento-musical-de-primer-nivel-en-la-exposicion-conmemorativa-navarra-y-sus-gaiteros-100-anos-del-concurso-de-1924\/#primaryimage"},"image":{"@id":"https:\/\/www.laguiadepamplona.com\/actualidad\/la-gaita-se-reivindica-como-instrumento-musical-de-primer-nivel-en-la-exposicion-conmemorativa-navarra-y-sus-gaiteros-100-anos-del-concurso-de-1924\/#primaryimage"},"thumbnailUrl":"https:\/\/www.laguiadepamplona.com\/actualidad\/wp-content\/uploads\/2025\/04\/expo-gaiteros_web.webp","datePublished":"2025-04-30T14:09:53+00:00","description":"La muestra, que incluye paneles, documentaci\u00f3n y objetos de la \u00e9poca, se exhibe, del 2 al 25 de mayo, en la Sala G\u00f3tica del Palacio del Condestable","breadcrumb":{"@id":"https:\/\/www.laguiadepamplona.com\/actualidad\/la-gaita-se-reivindica-como-instrumento-musical-de-primer-nivel-en-la-exposicion-conmemorativa-navarra-y-sus-gaiteros-100-anos-del-concurso-de-1924\/#breadcrumb"},"inLanguage":"es","potentialAction":[{"@type":"ReadAction","target":["https:\/\/www.laguiadepamplona.com\/actualidad\/la-gaita-se-reivindica-como-instrumento-musical-de-primer-nivel-en-la-exposicion-conmemorativa-navarra-y-sus-gaiteros-100-anos-del-concurso-de-1924\/"]}]},{"@type":"ImageObject","inLanguage":"es","@id":"https:\/\/www.laguiadepamplona.com\/actualidad\/la-gaita-se-reivindica-como-instrumento-musical-de-primer-nivel-en-la-exposicion-conmemorativa-navarra-y-sus-gaiteros-100-anos-del-concurso-de-1924\/#primaryimage","url":"https:\/\/www.laguiadepamplona.com\/actualidad\/wp-content\/uploads\/2025\/04\/expo-gaiteros_web.webp","contentUrl":"https:\/\/www.laguiadepamplona.com\/actualidad\/wp-content\/uploads\/2025\/04\/expo-gaiteros_web.webp","width":1000,"height":538,"caption":"exposici\u00f3n gaiteros"},{"@type":"BreadcrumbList","@id":"https:\/\/www.laguiadepamplona.com\/actualidad\/la-gaita-se-reivindica-como-instrumento-musical-de-primer-nivel-en-la-exposicion-conmemorativa-navarra-y-sus-gaiteros-100-anos-del-concurso-de-1924\/#breadcrumb","itemListElement":[{"@type":"ListItem","position":1,"name":"Portada","item":"https:\/\/www.laguiadepamplona.com\/actualidad\/"},{"@type":"ListItem","position":2,"name":"La gaita se reivindica como instrumento musical de primer nivel en la exposici\u00f3n conmemorativa \u2018Navarra y sus gaiteros. 100 a\u00f1os del concurso de 1924\u2019"}]},{"@type":"WebSite","@id":"https:\/\/www.laguiadepamplona.com\/actualidad\/#website","url":"https:\/\/www.laguiadepamplona.com\/actualidad\/","name":"La gu\u00eda de Pamplona","description":"Noticias de Pamplona","publisher":{"@id":"https:\/\/www.laguiadepamplona.com\/actualidad\/#organization"},"potentialAction":[{"@type":"SearchAction","target":{"@type":"EntryPoint","urlTemplate":"https:\/\/www.laguiadepamplona.com\/actualidad\/?s={search_term_string}"},"query-input":{"@type":"PropertyValueSpecification","valueRequired":true,"valueName":"search_term_string"}}],"inLanguage":"es"},{"@type":"Organization","@id":"https:\/\/www.laguiadepamplona.com\/actualidad\/#organization","name":"La Gu\u00eda de Pamplona \/ Noticias","url":"https:\/\/www.laguiadepamplona.com\/actualidad\/","logo":{"@type":"ImageObject","inLanguage":"es","@id":"https:\/\/www.laguiadepamplona.com\/actualidad\/#\/schema\/logo\/image\/","url":"https:\/\/www.laguiadepamplona.com\/actualidad\/wp-content\/uploads\/2018\/11\/logo-laguiadepamplona18-web1.png","contentUrl":"https:\/\/www.laguiadepamplona.com\/actualidad\/wp-content\/uploads\/2018\/11\/logo-laguiadepamplona18-web1.png","width":600,"height":196,"caption":"La Gu\u00eda de Pamplona \/ Noticias"},"image":{"@id":"https:\/\/www.laguiadepamplona.com\/actualidad\/#\/schema\/logo\/image\/"},"sameAs":["https:\/\/www.facebook.com\/laguiadepamplonacom-133175176762273\/?ref=hl","https:\/\/x.com\/LaGuiadPamplona","https:\/\/www.instagram.com\/la_guia_de_pamplona\/","https:\/\/www.youtube.com\/user\/laguiadepamplona"]},{"@type":"Person","@id":"https:\/\/www.laguiadepamplona.com\/actualidad\/#\/schema\/person\/efe887376f0213d4657c93adc50b1fdb","name":"La Gu\u00eda de Pamplona","image":{"@type":"ImageObject","inLanguage":"es","@id":"https:\/\/secure.gravatar.com\/avatar\/b6992f131dc8d30ab0dff15446e9d346d9dbd95992de0fef795073f5ea83a81c?s=96&d=mm&r=g","url":"https:\/\/secure.gravatar.com\/avatar\/b6992f131dc8d30ab0dff15446e9d346d9dbd95992de0fef795073f5ea83a81c?s=96&d=mm&r=g","contentUrl":"https:\/\/secure.gravatar.com\/avatar\/b6992f131dc8d30ab0dff15446e9d346d9dbd95992de0fef795073f5ea83a81c?s=96&d=mm&r=g","caption":"La Gu\u00eda de Pamplona"}}]}},"post_mailing_queue_ids":[],"_links":{"self":[{"href":"https:\/\/www.laguiadepamplona.com\/actualidad\/wp-json\/wp\/v2\/posts\/52856","targetHints":{"allow":["GET"]}}],"collection":[{"href":"https:\/\/www.laguiadepamplona.com\/actualidad\/wp-json\/wp\/v2\/posts"}],"about":[{"href":"https:\/\/www.laguiadepamplona.com\/actualidad\/wp-json\/wp\/v2\/types\/post"}],"author":[{"embeddable":true,"href":"https:\/\/www.laguiadepamplona.com\/actualidad\/wp-json\/wp\/v2\/users\/1"}],"replies":[{"embeddable":true,"href":"https:\/\/www.laguiadepamplona.com\/actualidad\/wp-json\/wp\/v2\/comments?post=52856"}],"version-history":[{"count":1,"href":"https:\/\/www.laguiadepamplona.com\/actualidad\/wp-json\/wp\/v2\/posts\/52856\/revisions"}],"predecessor-version":[{"id":52858,"href":"https:\/\/www.laguiadepamplona.com\/actualidad\/wp-json\/wp\/v2\/posts\/52856\/revisions\/52858"}],"wp:featuredmedia":[{"embeddable":true,"href":"https:\/\/www.laguiadepamplona.com\/actualidad\/wp-json\/wp\/v2\/media\/52857"}],"wp:attachment":[{"href":"https:\/\/www.laguiadepamplona.com\/actualidad\/wp-json\/wp\/v2\/media?parent=52856"}],"wp:term":[{"taxonomy":"category","embeddable":true,"href":"https:\/\/www.laguiadepamplona.com\/actualidad\/wp-json\/wp\/v2\/categories?post=52856"},{"taxonomy":"post_tag","embeddable":true,"href":"https:\/\/www.laguiadepamplona.com\/actualidad\/wp-json\/wp\/v2\/tags?post=52856"}],"curies":[{"name":"wp","href":"https:\/\/api.w.org\/{rel}","templated":true}]}}