{"id":52850,"date":"2025-04-25T17:19:41","date_gmt":"2025-04-25T15:19:41","guid":{"rendered":"https:\/\/www.laguiadepamplona.com\/actualidad\/?p=52850"},"modified":"2025-04-25T17:19:41","modified_gmt":"2025-04-25T15:19:41","slug":"el-ayuntamiento-de-pamplona-recibe-este-domingo-a-los-mayordomos-y-mayordomas-de-txantrea-en-visperas-de-las-fiestas-de-un-barrio-que-celebra-este-ano-su-75-aniversario","status":"publish","type":"post","link":"https:\/\/www.laguiadepamplona.com\/actualidad\/el-ayuntamiento-de-pamplona-recibe-este-domingo-a-los-mayordomos-y-mayordomas-de-txantrea-en-visperas-de-las-fiestas-de-un-barrio-que-celebra-este-ano-su-75-aniversario\/","title":{"rendered":"El Ayuntamiento de Pamplona recibe este domingo a los mayordomos y mayordomas de Txantrea en v\u00edsperas de las fiestas de un barrio que celebra este a\u00f1o su 75 aniversario"},"content":{"rendered":"<h2>La recepci\u00f3n tendr\u00e1 lugar a las 13 horas en la Plaza Consistorial, con zanpanzar, fanfarre y la comparsa de gigantes y cabezudos del barrio<\/h2>\n<p><!--more--><\/p>\n<p>El alcalde de Pamplona, Joseba Asiron Saez, y miembros de la Corporaci\u00f3n municipal reciben este domingo a las 13 horas en la Plaza Consistorial a los mayordomos y mayordomas del barrio de Txantrea. Esta subida al centro de la ciudad se repite cada a\u00f1o en v\u00edsperas de las fiestas del barrio, que tendr\u00e1n lugar del 30 de abril al 4 de mayo.<\/p>\n<p>Los zanpanzar entrar\u00e1n por calle Mercaderes precediendo a la fanfarre y a la comparsa de gigantes y cabezudos del barrio y a los mayordomos, mayordomas, vecinos y vecinas de Txantrea que se sumen a este acto prefiestas. La m\u00fasica y el baile dar\u00e1n paso a una breve intervenci\u00f3n del alcalde. Est\u00e1 previsto que los mayordomos y mayordomas le entreguen al alcalde de Pamplona un pa\u00f1uelo de fiestas. Por su parte, desde el Ayuntamiento, se les regalar\u00e1 una figura de Caravinagre con una placa en recuerdo del 75 aniversario del barrio. Tras unas palabras de los mayordomos y mayordomas, se realizar\u00e1 una foto de grupo y se despedir\u00e1 el acto con los bailes de la comparsa de gigantes y cabezudos.<\/p>\n<p>El D\u00eda de los Mayordomos y Mayordomas de Txantrea comenzar\u00e1 a las 10 horas con un \u00faltimo ensayo de los bailes en la plaza del Euskera. Sobre las 11.30 horas, comenzar\u00e1 en el portal de Francia un pasacalles que llevar\u00e1 a la comitiva a la Plaza del Castillo y a la Plaza Consistorial, donde tendr\u00e1 lugar la recepci\u00f3n institucional. Despu\u00e9s, se ha previsto una comida popular, bailes y el cierre de la jornada, con el intercambio de mayordomos y mayordomas y el homenaje a Jos\u00e9 Antonio Pidal Velasco, \u2018El Txato\u2019, fallecido el pasado mes de diciembre.<\/p>\n","protected":false},"excerpt":{"rendered":"<p>La recepci\u00f3n tendr\u00e1 lugar a las 13 horas en la Plaza Consistorial, con zanpanzar, fanfarre y la comparsa de gigantes y cabezudos del barrio<\/p>\n","protected":false},"author":1,"featured_media":52851,"comment_status":"open","ping_status":"closed","sticky":false,"template":"","format":"standard","meta":{"footnotes":""},"categories":[2],"tags":[],"class_list":["post-52850","post","type-post","status-publish","format-standard","has-post-thumbnail","hentry","category-ayuntamiento-pamplona"],"yoast_head":"<!-- This site is optimized with the Yoast SEO plugin v27.3 - https:\/\/yoast.com\/product\/yoast-seo-wordpress\/ -->\n<title>El Ayuntamiento de Pamplona recibe este domingo a los mayordomos y mayordomas de Txantrea en v\u00edsperas de las fiestas de un barrio que celebra este a\u00f1o su 75 aniversario<\/title>\n<meta name=\"description\" content=\"La recepci\u00f3n tendr\u00e1 lugar a las 13 horas en la Plaza Consistorial, con zanpanzar, fanfarre y la comparsa de gigantes y cabezudos del barrio\" \/>\n<meta name=\"robots\" content=\"index, follow, max-snippet:-1, max-image-preview:large, max-video-preview:-1\" \/>\n<link rel=\"canonical\" href=\"https:\/\/www.laguiadepamplona.com\/actualidad\/el-ayuntamiento-de-pamplona-recibe-este-domingo-a-los-mayordomos-y-mayordomas-de-txantrea-en-visperas-de-las-fiestas-de-un-barrio-que-celebra-este-ano-su-75-aniversario\/\" \/>\n<meta property=\"og:locale\" content=\"es_ES\" \/>\n<meta property=\"og:type\" content=\"article\" \/>\n<meta property=\"og:title\" content=\"El Ayuntamiento de Pamplona recibe este domingo a los mayordomos y mayordomas de Txantrea en v\u00edsperas de las fiestas de un barrio que celebra este a\u00f1o su 75 aniversario\" \/>\n<meta property=\"og:description\" content=\"La recepci\u00f3n tendr\u00e1 lugar a las 13 horas en la Plaza Consistorial, con zanpanzar, fanfarre y la comparsa de gigantes y cabezudos del barrio\" \/>\n<meta property=\"og:url\" content=\"https:\/\/www.laguiadepamplona.com\/actualidad\/el-ayuntamiento-de-pamplona-recibe-este-domingo-a-los-mayordomos-y-mayordomas-de-txantrea-en-visperas-de-las-fiestas-de-un-barrio-que-celebra-este-ano-su-75-aniversario\/\" \/>\n<meta property=\"og:site_name\" content=\"La Gu\u00eda de Pamplona\" \/>\n<meta property=\"article:publisher\" content=\"https:\/\/www.facebook.com\/laguiadepamplonacom-133175176762273\/?ref=hl\" \/>\n<meta property=\"article:published_time\" content=\"2025-04-25T15:19:41+00:00\" \/>\n<meta property=\"og:image\" content=\"https:\/\/www.laguiadepamplona.com\/actualidad\/wp-content\/uploads\/2025\/04\/24_04_28-Mayordomos-Txantrea_Q5A5898.webp\" \/>\n\t<meta property=\"og:image:width\" content=\"1000\" \/>\n\t<meta property=\"og:image:height\" content=\"667\" \/>\n\t<meta property=\"og:image:type\" content=\"image\/webp\" \/>\n<meta name=\"author\" content=\"La Gu\u00eda de Pamplona\" \/>\n<meta name=\"twitter:card\" content=\"summary_large_image\" \/>\n<meta name=\"twitter:creator\" content=\"@LaGuiadPamplona\" \/>\n<meta name=\"twitter:site\" content=\"@LaGuiadPamplona\" \/>\n<meta name=\"twitter:label1\" content=\"Escrito por\" \/>\n\t<meta name=\"twitter:data1\" content=\"La Gu\u00eda de Pamplona\" \/>\n\t<meta name=\"twitter:label2\" content=\"Tiempo de lectura\" \/>\n\t<meta name=\"twitter:data2\" content=\"2 minutos\" \/>\n<script type=\"application\/ld+json\" class=\"yoast-schema-graph\">{\"@context\":\"https:\\\/\\\/schema.org\",\"@graph\":[{\"@type\":\"Article\",\"@id\":\"https:\\\/\\\/www.laguiadepamplona.com\\\/actualidad\\\/el-ayuntamiento-de-pamplona-recibe-este-domingo-a-los-mayordomos-y-mayordomas-de-txantrea-en-visperas-de-las-fiestas-de-un-barrio-que-celebra-este-ano-su-75-aniversario\\\/#article\",\"isPartOf\":{\"@id\":\"https:\\\/\\\/www.laguiadepamplona.com\\\/actualidad\\\/el-ayuntamiento-de-pamplona-recibe-este-domingo-a-los-mayordomos-y-mayordomas-de-txantrea-en-visperas-de-las-fiestas-de-un-barrio-que-celebra-este-ano-su-75-aniversario\\\/\"},\"author\":{\"name\":\"La Gu\u00eda de Pamplona\",\"@id\":\"https:\\\/\\\/www.laguiadepamplona.com\\\/actualidad\\\/#\\\/schema\\\/person\\\/efe887376f0213d4657c93adc50b1fdb\"},\"headline\":\"El Ayuntamiento de Pamplona recibe este domingo a los mayordomos y mayordomas de Txantrea en v\u00edsperas de las fiestas de un barrio que celebra este a\u00f1o su 75 aniversario\",\"datePublished\":\"2025-04-25T15:19:41+00:00\",\"mainEntityOfPage\":{\"@id\":\"https:\\\/\\\/www.laguiadepamplona.com\\\/actualidad\\\/el-ayuntamiento-de-pamplona-recibe-este-domingo-a-los-mayordomos-y-mayordomas-de-txantrea-en-visperas-de-las-fiestas-de-un-barrio-que-celebra-este-ano-su-75-aniversario\\\/\"},\"wordCount\":337,\"commentCount\":0,\"publisher\":{\"@id\":\"https:\\\/\\\/www.laguiadepamplona.com\\\/actualidad\\\/#organization\"},\"image\":{\"@id\":\"https:\\\/\\\/www.laguiadepamplona.com\\\/actualidad\\\/el-ayuntamiento-de-pamplona-recibe-este-domingo-a-los-mayordomos-y-mayordomas-de-txantrea-en-visperas-de-las-fiestas-de-un-barrio-que-celebra-este-ano-su-75-aniversario\\\/#primaryimage\"},\"thumbnailUrl\":\"https:\\\/\\\/www.laguiadepamplona.com\\\/actualidad\\\/wp-content\\\/uploads\\\/2025\\\/04\\\/24_04_28-Mayordomos-Txantrea_Q5A5898.webp\",\"articleSection\":[\"Ayto Pamplona\"],\"inLanguage\":\"es\",\"potentialAction\":[{\"@type\":\"CommentAction\",\"name\":\"Comment\",\"target\":[\"https:\\\/\\\/www.laguiadepamplona.com\\\/actualidad\\\/el-ayuntamiento-de-pamplona-recibe-este-domingo-a-los-mayordomos-y-mayordomas-de-txantrea-en-visperas-de-las-fiestas-de-un-barrio-que-celebra-este-ano-su-75-aniversario\\\/#respond\"]}]},{\"@type\":\"WebPage\",\"@id\":\"https:\\\/\\\/www.laguiadepamplona.com\\\/actualidad\\\/el-ayuntamiento-de-pamplona-recibe-este-domingo-a-los-mayordomos-y-mayordomas-de-txantrea-en-visperas-de-las-fiestas-de-un-barrio-que-celebra-este-ano-su-75-aniversario\\\/\",\"url\":\"https:\\\/\\\/www.laguiadepamplona.com\\\/actualidad\\\/el-ayuntamiento-de-pamplona-recibe-este-domingo-a-los-mayordomos-y-mayordomas-de-txantrea-en-visperas-de-las-fiestas-de-un-barrio-que-celebra-este-ano-su-75-aniversario\\\/\",\"name\":\"El Ayuntamiento de Pamplona recibe este domingo a los mayordomos y mayordomas de Txantrea en v\u00edsperas de las fiestas de un barrio que celebra este a\u00f1o su 75 aniversario\",\"isPartOf\":{\"@id\":\"https:\\\/\\\/www.laguiadepamplona.com\\\/actualidad\\\/#website\"},\"primaryImageOfPage\":{\"@id\":\"https:\\\/\\\/www.laguiadepamplona.com\\\/actualidad\\\/el-ayuntamiento-de-pamplona-recibe-este-domingo-a-los-mayordomos-y-mayordomas-de-txantrea-en-visperas-de-las-fiestas-de-un-barrio-que-celebra-este-ano-su-75-aniversario\\\/#primaryimage\"},\"image\":{\"@id\":\"https:\\\/\\\/www.laguiadepamplona.com\\\/actualidad\\\/el-ayuntamiento-de-pamplona-recibe-este-domingo-a-los-mayordomos-y-mayordomas-de-txantrea-en-visperas-de-las-fiestas-de-un-barrio-que-celebra-este-ano-su-75-aniversario\\\/#primaryimage\"},\"thumbnailUrl\":\"https:\\\/\\\/www.laguiadepamplona.com\\\/actualidad\\\/wp-content\\\/uploads\\\/2025\\\/04\\\/24_04_28-Mayordomos-Txantrea_Q5A5898.webp\",\"datePublished\":\"2025-04-25T15:19:41+00:00\",\"description\":\"La recepci\u00f3n tendr\u00e1 lugar a las 13 horas en la Plaza Consistorial, con zanpanzar, fanfarre y la comparsa de gigantes y cabezudos del barrio\",\"breadcrumb\":{\"@id\":\"https:\\\/\\\/www.laguiadepamplona.com\\\/actualidad\\\/el-ayuntamiento-de-pamplona-recibe-este-domingo-a-los-mayordomos-y-mayordomas-de-txantrea-en-visperas-de-las-fiestas-de-un-barrio-que-celebra-este-ano-su-75-aniversario\\\/#breadcrumb\"},\"inLanguage\":\"es\",\"potentialAction\":[{\"@type\":\"ReadAction\",\"target\":[\"https:\\\/\\\/www.laguiadepamplona.com\\\/actualidad\\\/el-ayuntamiento-de-pamplona-recibe-este-domingo-a-los-mayordomos-y-mayordomas-de-txantrea-en-visperas-de-las-fiestas-de-un-barrio-que-celebra-este-ano-su-75-aniversario\\\/\"]}]},{\"@type\":\"ImageObject\",\"inLanguage\":\"es\",\"@id\":\"https:\\\/\\\/www.laguiadepamplona.com\\\/actualidad\\\/el-ayuntamiento-de-pamplona-recibe-este-domingo-a-los-mayordomos-y-mayordomas-de-txantrea-en-visperas-de-las-fiestas-de-un-barrio-que-celebra-este-ano-su-75-aniversario\\\/#primaryimage\",\"url\":\"https:\\\/\\\/www.laguiadepamplona.com\\\/actualidad\\\/wp-content\\\/uploads\\\/2025\\\/04\\\/24_04_28-Mayordomos-Txantrea_Q5A5898.webp\",\"contentUrl\":\"https:\\\/\\\/www.laguiadepamplona.com\\\/actualidad\\\/wp-content\\\/uploads\\\/2025\\\/04\\\/24_04_28-Mayordomos-Txantrea_Q5A5898.webp\",\"width\":1000,\"height\":667,\"caption\":\"24_04_28 Mayordomos Txantrea\"},{\"@type\":\"BreadcrumbList\",\"@id\":\"https:\\\/\\\/www.laguiadepamplona.com\\\/actualidad\\\/el-ayuntamiento-de-pamplona-recibe-este-domingo-a-los-mayordomos-y-mayordomas-de-txantrea-en-visperas-de-las-fiestas-de-un-barrio-que-celebra-este-ano-su-75-aniversario\\\/#breadcrumb\",\"itemListElement\":[{\"@type\":\"ListItem\",\"position\":1,\"name\":\"Portada\",\"item\":\"https:\\\/\\\/www.laguiadepamplona.com\\\/actualidad\\\/\"},{\"@type\":\"ListItem\",\"position\":2,\"name\":\"El Ayuntamiento de Pamplona recibe este domingo a los mayordomos y mayordomas de Txantrea en v\u00edsperas de las fiestas de un barrio que celebra este a\u00f1o su 75 aniversario\"}]},{\"@type\":\"WebSite\",\"@id\":\"https:\\\/\\\/www.laguiadepamplona.com\\\/actualidad\\\/#website\",\"url\":\"https:\\\/\\\/www.laguiadepamplona.com\\\/actualidad\\\/\",\"name\":\"La gu\u00eda de Pamplona\",\"description\":\"Noticias de Pamplona\",\"publisher\":{\"@id\":\"https:\\\/\\\/www.laguiadepamplona.com\\\/actualidad\\\/#organization\"},\"potentialAction\":[{\"@type\":\"SearchAction\",\"target\":{\"@type\":\"EntryPoint\",\"urlTemplate\":\"https:\\\/\\\/www.laguiadepamplona.com\\\/actualidad\\\/?s={search_term_string}\"},\"query-input\":{\"@type\":\"PropertyValueSpecification\",\"valueRequired\":true,\"valueName\":\"search_term_string\"}}],\"inLanguage\":\"es\"},{\"@type\":\"Organization\",\"@id\":\"https:\\\/\\\/www.laguiadepamplona.com\\\/actualidad\\\/#organization\",\"name\":\"La Gu\u00eda de Pamplona \\\/ Noticias\",\"url\":\"https:\\\/\\\/www.laguiadepamplona.com\\\/actualidad\\\/\",\"logo\":{\"@type\":\"ImageObject\",\"inLanguage\":\"es\",\"@id\":\"https:\\\/\\\/www.laguiadepamplona.com\\\/actualidad\\\/#\\\/schema\\\/logo\\\/image\\\/\",\"url\":\"https:\\\/\\\/www.laguiadepamplona.com\\\/actualidad\\\/wp-content\\\/uploads\\\/2018\\\/11\\\/logo-laguiadepamplona18-web1.png\",\"contentUrl\":\"https:\\\/\\\/www.laguiadepamplona.com\\\/actualidad\\\/wp-content\\\/uploads\\\/2018\\\/11\\\/logo-laguiadepamplona18-web1.png\",\"width\":600,\"height\":196,\"caption\":\"La Gu\u00eda de Pamplona \\\/ Noticias\"},\"image\":{\"@id\":\"https:\\\/\\\/www.laguiadepamplona.com\\\/actualidad\\\/#\\\/schema\\\/logo\\\/image\\\/\"},\"sameAs\":[\"https:\\\/\\\/www.facebook.com\\\/laguiadepamplonacom-133175176762273\\\/?ref=hl\",\"https:\\\/\\\/x.com\\\/LaGuiadPamplona\",\"https:\\\/\\\/www.instagram.com\\\/la_guia_de_pamplona\\\/\",\"https:\\\/\\\/www.youtube.com\\\/user\\\/laguiadepamplona\"]},{\"@type\":\"Person\",\"@id\":\"https:\\\/\\\/www.laguiadepamplona.com\\\/actualidad\\\/#\\\/schema\\\/person\\\/efe887376f0213d4657c93adc50b1fdb\",\"name\":\"La Gu\u00eda de Pamplona\",\"image\":{\"@type\":\"ImageObject\",\"inLanguage\":\"es\",\"@id\":\"https:\\\/\\\/secure.gravatar.com\\\/avatar\\\/b6992f131dc8d30ab0dff15446e9d346d9dbd95992de0fef795073f5ea83a81c?s=96&d=mm&r=g\",\"url\":\"https:\\\/\\\/secure.gravatar.com\\\/avatar\\\/b6992f131dc8d30ab0dff15446e9d346d9dbd95992de0fef795073f5ea83a81c?s=96&d=mm&r=g\",\"contentUrl\":\"https:\\\/\\\/secure.gravatar.com\\\/avatar\\\/b6992f131dc8d30ab0dff15446e9d346d9dbd95992de0fef795073f5ea83a81c?s=96&d=mm&r=g\",\"caption\":\"La Gu\u00eda de Pamplona\"}}]}<\/script>\n<!-- \/ Yoast SEO plugin. -->","yoast_head_json":{"title":"El Ayuntamiento de Pamplona recibe este domingo a los mayordomos y mayordomas de Txantrea en v\u00edsperas de las fiestas de un barrio que celebra este a\u00f1o su 75 aniversario","description":"La recepci\u00f3n tendr\u00e1 lugar a las 13 horas en la Plaza Consistorial, con zanpanzar, fanfarre y la comparsa de gigantes y cabezudos del barrio","robots":{"index":"index","follow":"follow","max-snippet":"max-snippet:-1","max-image-preview":"max-image-preview:large","max-video-preview":"max-video-preview:-1"},"canonical":"https:\/\/www.laguiadepamplona.com\/actualidad\/el-ayuntamiento-de-pamplona-recibe-este-domingo-a-los-mayordomos-y-mayordomas-de-txantrea-en-visperas-de-las-fiestas-de-un-barrio-que-celebra-este-ano-su-75-aniversario\/","og_locale":"es_ES","og_type":"article","og_title":"El Ayuntamiento de Pamplona recibe este domingo a los mayordomos y mayordomas de Txantrea en v\u00edsperas de las fiestas de un barrio que celebra este a\u00f1o su 75 aniversario","og_description":"La recepci\u00f3n tendr\u00e1 lugar a las 13 horas en la Plaza Consistorial, con zanpanzar, fanfarre y la comparsa de gigantes y cabezudos del barrio","og_url":"https:\/\/www.laguiadepamplona.com\/actualidad\/el-ayuntamiento-de-pamplona-recibe-este-domingo-a-los-mayordomos-y-mayordomas-de-txantrea-en-visperas-de-las-fiestas-de-un-barrio-que-celebra-este-ano-su-75-aniversario\/","og_site_name":"La Gu\u00eda de Pamplona","article_publisher":"https:\/\/www.facebook.com\/laguiadepamplonacom-133175176762273\/?ref=hl","article_published_time":"2025-04-25T15:19:41+00:00","og_image":[{"width":1000,"height":667,"url":"https:\/\/www.laguiadepamplona.com\/actualidad\/wp-content\/uploads\/2025\/04\/24_04_28-Mayordomos-Txantrea_Q5A5898.webp","type":"image\/webp"}],"author":"La Gu\u00eda de Pamplona","twitter_card":"summary_large_image","twitter_creator":"@LaGuiadPamplona","twitter_site":"@LaGuiadPamplona","twitter_misc":{"Escrito por":"La Gu\u00eda de Pamplona","Tiempo de lectura":"2 minutos"},"schema":{"@context":"https:\/\/schema.org","@graph":[{"@type":"Article","@id":"https:\/\/www.laguiadepamplona.com\/actualidad\/el-ayuntamiento-de-pamplona-recibe-este-domingo-a-los-mayordomos-y-mayordomas-de-txantrea-en-visperas-de-las-fiestas-de-un-barrio-que-celebra-este-ano-su-75-aniversario\/#article","isPartOf":{"@id":"https:\/\/www.laguiadepamplona.com\/actualidad\/el-ayuntamiento-de-pamplona-recibe-este-domingo-a-los-mayordomos-y-mayordomas-de-txantrea-en-visperas-de-las-fiestas-de-un-barrio-que-celebra-este-ano-su-75-aniversario\/"},"author":{"name":"La Gu\u00eda de Pamplona","@id":"https:\/\/www.laguiadepamplona.com\/actualidad\/#\/schema\/person\/efe887376f0213d4657c93adc50b1fdb"},"headline":"El Ayuntamiento de Pamplona recibe este domingo a los mayordomos y mayordomas de Txantrea en v\u00edsperas de las fiestas de un barrio que celebra este a\u00f1o su 75 aniversario","datePublished":"2025-04-25T15:19:41+00:00","mainEntityOfPage":{"@id":"https:\/\/www.laguiadepamplona.com\/actualidad\/el-ayuntamiento-de-pamplona-recibe-este-domingo-a-los-mayordomos-y-mayordomas-de-txantrea-en-visperas-de-las-fiestas-de-un-barrio-que-celebra-este-ano-su-75-aniversario\/"},"wordCount":337,"commentCount":0,"publisher":{"@id":"https:\/\/www.laguiadepamplona.com\/actualidad\/#organization"},"image":{"@id":"https:\/\/www.laguiadepamplona.com\/actualidad\/el-ayuntamiento-de-pamplona-recibe-este-domingo-a-los-mayordomos-y-mayordomas-de-txantrea-en-visperas-de-las-fiestas-de-un-barrio-que-celebra-este-ano-su-75-aniversario\/#primaryimage"},"thumbnailUrl":"https:\/\/www.laguiadepamplona.com\/actualidad\/wp-content\/uploads\/2025\/04\/24_04_28-Mayordomos-Txantrea_Q5A5898.webp","articleSection":["Ayto Pamplona"],"inLanguage":"es","potentialAction":[{"@type":"CommentAction","name":"Comment","target":["https:\/\/www.laguiadepamplona.com\/actualidad\/el-ayuntamiento-de-pamplona-recibe-este-domingo-a-los-mayordomos-y-mayordomas-de-txantrea-en-visperas-de-las-fiestas-de-un-barrio-que-celebra-este-ano-su-75-aniversario\/#respond"]}]},{"@type":"WebPage","@id":"https:\/\/www.laguiadepamplona.com\/actualidad\/el-ayuntamiento-de-pamplona-recibe-este-domingo-a-los-mayordomos-y-mayordomas-de-txantrea-en-visperas-de-las-fiestas-de-un-barrio-que-celebra-este-ano-su-75-aniversario\/","url":"https:\/\/www.laguiadepamplona.com\/actualidad\/el-ayuntamiento-de-pamplona-recibe-este-domingo-a-los-mayordomos-y-mayordomas-de-txantrea-en-visperas-de-las-fiestas-de-un-barrio-que-celebra-este-ano-su-75-aniversario\/","name":"El Ayuntamiento de Pamplona recibe este domingo a los mayordomos y mayordomas de Txantrea en v\u00edsperas de las fiestas de un barrio que celebra este a\u00f1o su 75 aniversario","isPartOf":{"@id":"https:\/\/www.laguiadepamplona.com\/actualidad\/#website"},"primaryImageOfPage":{"@id":"https:\/\/www.laguiadepamplona.com\/actualidad\/el-ayuntamiento-de-pamplona-recibe-este-domingo-a-los-mayordomos-y-mayordomas-de-txantrea-en-visperas-de-las-fiestas-de-un-barrio-que-celebra-este-ano-su-75-aniversario\/#primaryimage"},"image":{"@id":"https:\/\/www.laguiadepamplona.com\/actualidad\/el-ayuntamiento-de-pamplona-recibe-este-domingo-a-los-mayordomos-y-mayordomas-de-txantrea-en-visperas-de-las-fiestas-de-un-barrio-que-celebra-este-ano-su-75-aniversario\/#primaryimage"},"thumbnailUrl":"https:\/\/www.laguiadepamplona.com\/actualidad\/wp-content\/uploads\/2025\/04\/24_04_28-Mayordomos-Txantrea_Q5A5898.webp","datePublished":"2025-04-25T15:19:41+00:00","description":"La recepci\u00f3n tendr\u00e1 lugar a las 13 horas en la Plaza Consistorial, con zanpanzar, fanfarre y la comparsa de gigantes y cabezudos del barrio","breadcrumb":{"@id":"https:\/\/www.laguiadepamplona.com\/actualidad\/el-ayuntamiento-de-pamplona-recibe-este-domingo-a-los-mayordomos-y-mayordomas-de-txantrea-en-visperas-de-las-fiestas-de-un-barrio-que-celebra-este-ano-su-75-aniversario\/#breadcrumb"},"inLanguage":"es","potentialAction":[{"@type":"ReadAction","target":["https:\/\/www.laguiadepamplona.com\/actualidad\/el-ayuntamiento-de-pamplona-recibe-este-domingo-a-los-mayordomos-y-mayordomas-de-txantrea-en-visperas-de-las-fiestas-de-un-barrio-que-celebra-este-ano-su-75-aniversario\/"]}]},{"@type":"ImageObject","inLanguage":"es","@id":"https:\/\/www.laguiadepamplona.com\/actualidad\/el-ayuntamiento-de-pamplona-recibe-este-domingo-a-los-mayordomos-y-mayordomas-de-txantrea-en-visperas-de-las-fiestas-de-un-barrio-que-celebra-este-ano-su-75-aniversario\/#primaryimage","url":"https:\/\/www.laguiadepamplona.com\/actualidad\/wp-content\/uploads\/2025\/04\/24_04_28-Mayordomos-Txantrea_Q5A5898.webp","contentUrl":"https:\/\/www.laguiadepamplona.com\/actualidad\/wp-content\/uploads\/2025\/04\/24_04_28-Mayordomos-Txantrea_Q5A5898.webp","width":1000,"height":667,"caption":"24_04_28 Mayordomos Txantrea"},{"@type":"BreadcrumbList","@id":"https:\/\/www.laguiadepamplona.com\/actualidad\/el-ayuntamiento-de-pamplona-recibe-este-domingo-a-los-mayordomos-y-mayordomas-de-txantrea-en-visperas-de-las-fiestas-de-un-barrio-que-celebra-este-ano-su-75-aniversario\/#breadcrumb","itemListElement":[{"@type":"ListItem","position":1,"name":"Portada","item":"https:\/\/www.laguiadepamplona.com\/actualidad\/"},{"@type":"ListItem","position":2,"name":"El Ayuntamiento de Pamplona recibe este domingo a los mayordomos y mayordomas de Txantrea en v\u00edsperas de las fiestas de un barrio que celebra este a\u00f1o su 75 aniversario"}]},{"@type":"WebSite","@id":"https:\/\/www.laguiadepamplona.com\/actualidad\/#website","url":"https:\/\/www.laguiadepamplona.com\/actualidad\/","name":"La gu\u00eda de Pamplona","description":"Noticias de Pamplona","publisher":{"@id":"https:\/\/www.laguiadepamplona.com\/actualidad\/#organization"},"potentialAction":[{"@type":"SearchAction","target":{"@type":"EntryPoint","urlTemplate":"https:\/\/www.laguiadepamplona.com\/actualidad\/?s={search_term_string}"},"query-input":{"@type":"PropertyValueSpecification","valueRequired":true,"valueName":"search_term_string"}}],"inLanguage":"es"},{"@type":"Organization","@id":"https:\/\/www.laguiadepamplona.com\/actualidad\/#organization","name":"La Gu\u00eda de Pamplona \/ Noticias","url":"https:\/\/www.laguiadepamplona.com\/actualidad\/","logo":{"@type":"ImageObject","inLanguage":"es","@id":"https:\/\/www.laguiadepamplona.com\/actualidad\/#\/schema\/logo\/image\/","url":"https:\/\/www.laguiadepamplona.com\/actualidad\/wp-content\/uploads\/2018\/11\/logo-laguiadepamplona18-web1.png","contentUrl":"https:\/\/www.laguiadepamplona.com\/actualidad\/wp-content\/uploads\/2018\/11\/logo-laguiadepamplona18-web1.png","width":600,"height":196,"caption":"La Gu\u00eda de Pamplona \/ Noticias"},"image":{"@id":"https:\/\/www.laguiadepamplona.com\/actualidad\/#\/schema\/logo\/image\/"},"sameAs":["https:\/\/www.facebook.com\/laguiadepamplonacom-133175176762273\/?ref=hl","https:\/\/x.com\/LaGuiadPamplona","https:\/\/www.instagram.com\/la_guia_de_pamplona\/","https:\/\/www.youtube.com\/user\/laguiadepamplona"]},{"@type":"Person","@id":"https:\/\/www.laguiadepamplona.com\/actualidad\/#\/schema\/person\/efe887376f0213d4657c93adc50b1fdb","name":"La Gu\u00eda de Pamplona","image":{"@type":"ImageObject","inLanguage":"es","@id":"https:\/\/secure.gravatar.com\/avatar\/b6992f131dc8d30ab0dff15446e9d346d9dbd95992de0fef795073f5ea83a81c?s=96&d=mm&r=g","url":"https:\/\/secure.gravatar.com\/avatar\/b6992f131dc8d30ab0dff15446e9d346d9dbd95992de0fef795073f5ea83a81c?s=96&d=mm&r=g","contentUrl":"https:\/\/secure.gravatar.com\/avatar\/b6992f131dc8d30ab0dff15446e9d346d9dbd95992de0fef795073f5ea83a81c?s=96&d=mm&r=g","caption":"La Gu\u00eda de Pamplona"}}]}},"post_mailing_queue_ids":[],"_links":{"self":[{"href":"https:\/\/www.laguiadepamplona.com\/actualidad\/wp-json\/wp\/v2\/posts\/52850","targetHints":{"allow":["GET"]}}],"collection":[{"href":"https:\/\/www.laguiadepamplona.com\/actualidad\/wp-json\/wp\/v2\/posts"}],"about":[{"href":"https:\/\/www.laguiadepamplona.com\/actualidad\/wp-json\/wp\/v2\/types\/post"}],"author":[{"embeddable":true,"href":"https:\/\/www.laguiadepamplona.com\/actualidad\/wp-json\/wp\/v2\/users\/1"}],"replies":[{"embeddable":true,"href":"https:\/\/www.laguiadepamplona.com\/actualidad\/wp-json\/wp\/v2\/comments?post=52850"}],"version-history":[{"count":1,"href":"https:\/\/www.laguiadepamplona.com\/actualidad\/wp-json\/wp\/v2\/posts\/52850\/revisions"}],"predecessor-version":[{"id":52852,"href":"https:\/\/www.laguiadepamplona.com\/actualidad\/wp-json\/wp\/v2\/posts\/52850\/revisions\/52852"}],"wp:featuredmedia":[{"embeddable":true,"href":"https:\/\/www.laguiadepamplona.com\/actualidad\/wp-json\/wp\/v2\/media\/52851"}],"wp:attachment":[{"href":"https:\/\/www.laguiadepamplona.com\/actualidad\/wp-json\/wp\/v2\/media?parent=52850"}],"wp:term":[{"taxonomy":"category","embeddable":true,"href":"https:\/\/www.laguiadepamplona.com\/actualidad\/wp-json\/wp\/v2\/categories?post=52850"},{"taxonomy":"post_tag","embeddable":true,"href":"https:\/\/www.laguiadepamplona.com\/actualidad\/wp-json\/wp\/v2\/tags?post=52850"}],"curies":[{"name":"wp","href":"https:\/\/api.w.org\/{rel}","templated":true}]}}