{"id":52847,"date":"2025-04-25T17:17:49","date_gmt":"2025-04-25T15:17:49","guid":{"rendered":"https:\/\/www.laguiadepamplona.com\/actualidad\/?p=52847"},"modified":"2025-04-25T17:17:49","modified_gmt":"2025-04-25T15:17:49","slug":"el-proceso-participativo-en-torno-al-centro-de-interpretacion-de-la-pelota-vasca-concluye-este-martes-con-una-sesion-de-devolucion-de-las-aportaciones-realizadas-por-la-ciudadania","status":"publish","type":"post","link":"https:\/\/www.laguiadepamplona.com\/actualidad\/el-proceso-participativo-en-torno-al-centro-de-interpretacion-de-la-pelota-vasca-concluye-este-martes-con-una-sesion-de-devolucion-de-las-aportaciones-realizadas-por-la-ciudadania\/","title":{"rendered":"El proceso participativo en torno al Centro de Interpretaci\u00f3n de la Pelota Vasca concluye este martes con una sesi\u00f3n de devoluci\u00f3n de las aportaciones realizadas por la ciudadan\u00eda"},"content":{"rendered":"<h2>La sesi\u00f3n tendr\u00e1 lugar en la Sala Geltoki de la antigua estaci\u00f3n de autobuses, a las 18.30 horas, y est\u00e1 abierta a la participaci\u00f3n<\/h2>\n<p><!--more--><\/p>\n<p>Tres meses despu\u00e9s de su inicio, este pr\u00f3ximo martes finaliza el proceso participativo en torno a los proyectos arquitect\u00f3nicos seleccionados para construir el Centro de Interpretaci\u00f3n de la Pelota Vasca. Concluir\u00e1 con una sesi\u00f3n de devoluci\u00f3n en la que se detallar\u00e1n las conclusiones del proceso y en la que se dar\u00e1n a conocer los siguientes pasos que se llevar\u00e1n a cabo de cara a la ejecuci\u00f3n del proyecto. La sesi\u00f3n, abierta a la participaci\u00f3n ciudadana con <a href=\"https:\/\/docs.google.com\/forms\/d\/1K7PsQJD6v3SO6jK_Mv_ij9fqkz80UeIK7TwTyiUjcm8\/edit?usp=drivesdk\" target=\"_blank\" rel=\"noopener\">inscripci\u00f3n telem\u00e1tica<\/a>, tendr\u00e1 lugar a las 18.30 horas en la Sala Geltoki de la antigua estaci\u00f3n de autobuses.<\/p>\n<p>El proceso participativo se puso en marcha en enero con una presentaci\u00f3n de las cinco propuestas seleccionadas y con la apertura de una exposici\u00f3n con paneles descriptivos de los proyectos en Condestable. Se han desarrollado tambi\u00e9n dos talleres de trabajo para analizar tanto los contenidos del futuro Centro de Interpretaci\u00f3n de la Pelota Vasca como para estudiar el dise\u00f1o y los espacios propuestos. Adem\u00e1s de las aportaciones recibidas en esos talleres, se habilit\u00f3 una urna junto a la exposici\u00f3n para recoger tambi\u00e9n sugerencias.<\/p>\n<p>El jurado t\u00e9cnico del concurso de ideas seleccion\u00f3 las propuestas \u2018Pareten Mintzoa\u2019 de O Arquitectura SLP; \u2018Plaza eta horma\u2019 de Pereda P\u00e9rez Arquitectos SCP, \u00cd\u00f1igo Beguiristain Rep\u00e1raz y Jokin Lecumberri Larrea; \u2018Hangar\u2019 de Moest Soc. Microcooperativa Profesional y Tadeo Ciaurriz Taberna; \u2018Entremuros\u2019 de OM Arq SLP; y \u2018Trinketeka\u2019 de Jes\u00fas Leache Resano y Fernando Tabuenca Gonz\u00e1lez. Se proponen edificios vers\u00e1tiles, con uno o varios vol\u00famenes, e incluso con parte soterrada, inspirados en su mayor\u00eda en formas, dimensiones o tradiciones de los frontones. El Centro de Interpretaci\u00f3n de la Pelota Vasca se construir\u00e1 en la trasera de la Plaza de Toros, delimitado por el paseo de Hemingway, la calle Aralar y el paseo Juan Moya Bernedo.<\/p>\n<p>Las conclusiones y aportaciones del proceso participativo se podr\u00e1n en conocimiento de los equipos redactores de las cinco propuestas seleccionadas para que las integren en sus proyectos. Esas nuevas propuestas ser\u00e1n de nuevo valoradas por el jurado t\u00e9cnico, que determinar\u00e1 entonces el dise\u00f1o ganador del concurso de ideas. A partir de ese momento, se abrir\u00e1 un plazo de tres meses para que el equipo ganador redacte el proyecto definitivo y, despu\u00e9s, se licitar\u00e1n y adjudicar\u00e1n las obras. Si se cumplen los plazos previstos, las obras del Centro de Interpretaci\u00f3n de la Pelota Vasca podr\u00edan iniciarse a principios de 2026.<\/p>\n","protected":false},"excerpt":{"rendered":"<p>La sesi\u00f3n tendr\u00e1 lugar en la Sala Geltoki de la antigua estaci\u00f3n de autobuses, a las 18.30 horas, y est\u00e1 abierta a la participaci\u00f3n<\/p>\n","protected":false},"author":1,"featured_media":52848,"comment_status":"open","ping_status":"closed","sticky":false,"template":"","format":"standard","meta":{"footnotes":""},"categories":[2],"tags":[],"class_list":["post-52847","post","type-post","status-publish","format-standard","has-post-thumbnail","hentry","category-ayuntamiento-pamplona"],"yoast_head":"<!-- This site is optimized with the Yoast SEO plugin v27.3 - https:\/\/yoast.com\/product\/yoast-seo-wordpress\/ -->\n<title>El proceso participativo en torno al Centro de Interpretaci\u00f3n de la Pelota Vasca concluye este martes con una sesi\u00f3n de devoluci\u00f3n de las aportaciones realizadas por la ciudadan\u00eda<\/title>\n<meta name=\"description\" content=\"La sesi\u00f3n tendr\u00e1 lugar en la Sala Geltoki de la antigua estaci\u00f3n de autobuses, a las 18.30 horas, y est\u00e1 abierta a la participaci\u00f3n\" \/>\n<meta name=\"robots\" content=\"index, follow, max-snippet:-1, max-image-preview:large, max-video-preview:-1\" \/>\n<link rel=\"canonical\" href=\"https:\/\/www.laguiadepamplona.com\/actualidad\/el-proceso-participativo-en-torno-al-centro-de-interpretacion-de-la-pelota-vasca-concluye-este-martes-con-una-sesion-de-devolucion-de-las-aportaciones-realizadas-por-la-ciudadania\/\" \/>\n<meta property=\"og:locale\" content=\"es_ES\" \/>\n<meta property=\"og:type\" content=\"article\" \/>\n<meta property=\"og:title\" content=\"El proceso participativo en torno al Centro de Interpretaci\u00f3n de la Pelota Vasca concluye este martes con una sesi\u00f3n de devoluci\u00f3n de las aportaciones realizadas por la ciudadan\u00eda\" \/>\n<meta property=\"og:description\" content=\"La sesi\u00f3n tendr\u00e1 lugar en la Sala Geltoki de la antigua estaci\u00f3n de autobuses, a las 18.30 horas, y est\u00e1 abierta a la participaci\u00f3n\" \/>\n<meta property=\"og:url\" content=\"https:\/\/www.laguiadepamplona.com\/actualidad\/el-proceso-participativo-en-torno-al-centro-de-interpretacion-de-la-pelota-vasca-concluye-este-martes-con-una-sesion-de-devolucion-de-las-aportaciones-realizadas-por-la-ciudadania\/\" \/>\n<meta property=\"og:site_name\" content=\"La Gu\u00eda de Pamplona\" \/>\n<meta property=\"article:publisher\" content=\"https:\/\/www.facebook.com\/laguiadepamplonacom-133175176762273\/?ref=hl\" \/>\n<meta property=\"article:published_time\" content=\"2025-04-25T15:17:49+00:00\" \/>\n<meta property=\"og:image\" content=\"https:\/\/www.laguiadepamplona.com\/actualidad\/wp-content\/uploads\/2025\/04\/EXPO.-PROYECTOS-CENTRO-INTERPRETACION-PELOTA-VASCA_DSC_1731.webp\" \/>\n\t<meta property=\"og:image:width\" content=\"1000\" \/>\n\t<meta property=\"og:image:height\" content=\"666\" \/>\n\t<meta property=\"og:image:type\" content=\"image\/webp\" \/>\n<meta name=\"author\" content=\"La Gu\u00eda de Pamplona\" \/>\n<meta name=\"twitter:card\" content=\"summary_large_image\" \/>\n<meta name=\"twitter:creator\" content=\"@LaGuiadPamplona\" \/>\n<meta name=\"twitter:site\" content=\"@LaGuiadPamplona\" \/>\n<meta name=\"twitter:label1\" content=\"Escrito por\" \/>\n\t<meta name=\"twitter:data1\" content=\"La Gu\u00eda de Pamplona\" \/>\n\t<meta name=\"twitter:label2\" content=\"Tiempo de lectura\" \/>\n\t<meta name=\"twitter:data2\" content=\"2 minutos\" \/>\n<script type=\"application\/ld+json\" class=\"yoast-schema-graph\">{\"@context\":\"https:\\\/\\\/schema.org\",\"@graph\":[{\"@type\":\"Article\",\"@id\":\"https:\\\/\\\/www.laguiadepamplona.com\\\/actualidad\\\/el-proceso-participativo-en-torno-al-centro-de-interpretacion-de-la-pelota-vasca-concluye-este-martes-con-una-sesion-de-devolucion-de-las-aportaciones-realizadas-por-la-ciudadania\\\/#article\",\"isPartOf\":{\"@id\":\"https:\\\/\\\/www.laguiadepamplona.com\\\/actualidad\\\/el-proceso-participativo-en-torno-al-centro-de-interpretacion-de-la-pelota-vasca-concluye-este-martes-con-una-sesion-de-devolucion-de-las-aportaciones-realizadas-por-la-ciudadania\\\/\"},\"author\":{\"name\":\"La Gu\u00eda de Pamplona\",\"@id\":\"https:\\\/\\\/www.laguiadepamplona.com\\\/actualidad\\\/#\\\/schema\\\/person\\\/efe887376f0213d4657c93adc50b1fdb\"},\"headline\":\"El proceso participativo en torno al Centro de Interpretaci\u00f3n de la Pelota Vasca concluye este martes con una sesi\u00f3n de devoluci\u00f3n de las aportaciones realizadas por la ciudadan\u00eda\",\"datePublished\":\"2025-04-25T15:17:49+00:00\",\"mainEntityOfPage\":{\"@id\":\"https:\\\/\\\/www.laguiadepamplona.com\\\/actualidad\\\/el-proceso-participativo-en-torno-al-centro-de-interpretacion-de-la-pelota-vasca-concluye-este-martes-con-una-sesion-de-devolucion-de-las-aportaciones-realizadas-por-la-ciudadania\\\/\"},\"wordCount\":488,\"commentCount\":0,\"publisher\":{\"@id\":\"https:\\\/\\\/www.laguiadepamplona.com\\\/actualidad\\\/#organization\"},\"image\":{\"@id\":\"https:\\\/\\\/www.laguiadepamplona.com\\\/actualidad\\\/el-proceso-participativo-en-torno-al-centro-de-interpretacion-de-la-pelota-vasca-concluye-este-martes-con-una-sesion-de-devolucion-de-las-aportaciones-realizadas-por-la-ciudadania\\\/#primaryimage\"},\"thumbnailUrl\":\"https:\\\/\\\/www.laguiadepamplona.com\\\/actualidad\\\/wp-content\\\/uploads\\\/2025\\\/04\\\/EXPO.-PROYECTOS-CENTRO-INTERPRETACION-PELOTA-VASCA_DSC_1731.webp\",\"articleSection\":[\"Ayto Pamplona\"],\"inLanguage\":\"es\",\"potentialAction\":[{\"@type\":\"CommentAction\",\"name\":\"Comment\",\"target\":[\"https:\\\/\\\/www.laguiadepamplona.com\\\/actualidad\\\/el-proceso-participativo-en-torno-al-centro-de-interpretacion-de-la-pelota-vasca-concluye-este-martes-con-una-sesion-de-devolucion-de-las-aportaciones-realizadas-por-la-ciudadania\\\/#respond\"]}]},{\"@type\":\"WebPage\",\"@id\":\"https:\\\/\\\/www.laguiadepamplona.com\\\/actualidad\\\/el-proceso-participativo-en-torno-al-centro-de-interpretacion-de-la-pelota-vasca-concluye-este-martes-con-una-sesion-de-devolucion-de-las-aportaciones-realizadas-por-la-ciudadania\\\/\",\"url\":\"https:\\\/\\\/www.laguiadepamplona.com\\\/actualidad\\\/el-proceso-participativo-en-torno-al-centro-de-interpretacion-de-la-pelota-vasca-concluye-este-martes-con-una-sesion-de-devolucion-de-las-aportaciones-realizadas-por-la-ciudadania\\\/\",\"name\":\"El proceso participativo en torno al Centro de Interpretaci\u00f3n de la Pelota Vasca concluye este martes con una sesi\u00f3n de devoluci\u00f3n de las aportaciones realizadas por la ciudadan\u00eda\",\"isPartOf\":{\"@id\":\"https:\\\/\\\/www.laguiadepamplona.com\\\/actualidad\\\/#website\"},\"primaryImageOfPage\":{\"@id\":\"https:\\\/\\\/www.laguiadepamplona.com\\\/actualidad\\\/el-proceso-participativo-en-torno-al-centro-de-interpretacion-de-la-pelota-vasca-concluye-este-martes-con-una-sesion-de-devolucion-de-las-aportaciones-realizadas-por-la-ciudadania\\\/#primaryimage\"},\"image\":{\"@id\":\"https:\\\/\\\/www.laguiadepamplona.com\\\/actualidad\\\/el-proceso-participativo-en-torno-al-centro-de-interpretacion-de-la-pelota-vasca-concluye-este-martes-con-una-sesion-de-devolucion-de-las-aportaciones-realizadas-por-la-ciudadania\\\/#primaryimage\"},\"thumbnailUrl\":\"https:\\\/\\\/www.laguiadepamplona.com\\\/actualidad\\\/wp-content\\\/uploads\\\/2025\\\/04\\\/EXPO.-PROYECTOS-CENTRO-INTERPRETACION-PELOTA-VASCA_DSC_1731.webp\",\"datePublished\":\"2025-04-25T15:17:49+00:00\",\"description\":\"La sesi\u00f3n tendr\u00e1 lugar en la Sala Geltoki de la antigua estaci\u00f3n de autobuses, a las 18.30 horas, y est\u00e1 abierta a la participaci\u00f3n\",\"breadcrumb\":{\"@id\":\"https:\\\/\\\/www.laguiadepamplona.com\\\/actualidad\\\/el-proceso-participativo-en-torno-al-centro-de-interpretacion-de-la-pelota-vasca-concluye-este-martes-con-una-sesion-de-devolucion-de-las-aportaciones-realizadas-por-la-ciudadania\\\/#breadcrumb\"},\"inLanguage\":\"es\",\"potentialAction\":[{\"@type\":\"ReadAction\",\"target\":[\"https:\\\/\\\/www.laguiadepamplona.com\\\/actualidad\\\/el-proceso-participativo-en-torno-al-centro-de-interpretacion-de-la-pelota-vasca-concluye-este-martes-con-una-sesion-de-devolucion-de-las-aportaciones-realizadas-por-la-ciudadania\\\/\"]}]},{\"@type\":\"ImageObject\",\"inLanguage\":\"es\",\"@id\":\"https:\\\/\\\/www.laguiadepamplona.com\\\/actualidad\\\/el-proceso-participativo-en-torno-al-centro-de-interpretacion-de-la-pelota-vasca-concluye-este-martes-con-una-sesion-de-devolucion-de-las-aportaciones-realizadas-por-la-ciudadania\\\/#primaryimage\",\"url\":\"https:\\\/\\\/www.laguiadepamplona.com\\\/actualidad\\\/wp-content\\\/uploads\\\/2025\\\/04\\\/EXPO.-PROYECTOS-CENTRO-INTERPRETACION-PELOTA-VASCA_DSC_1731.webp\",\"contentUrl\":\"https:\\\/\\\/www.laguiadepamplona.com\\\/actualidad\\\/wp-content\\\/uploads\\\/2025\\\/04\\\/EXPO.-PROYECTOS-CENTRO-INTERPRETACION-PELOTA-VASCA_DSC_1731.webp\",\"width\":1000,\"height\":666,\"caption\":\"EXPO. PROYECTOS CENTRO INTERPRETACI\u00d3N PELOTA VASCA\"},{\"@type\":\"BreadcrumbList\",\"@id\":\"https:\\\/\\\/www.laguiadepamplona.com\\\/actualidad\\\/el-proceso-participativo-en-torno-al-centro-de-interpretacion-de-la-pelota-vasca-concluye-este-martes-con-una-sesion-de-devolucion-de-las-aportaciones-realizadas-por-la-ciudadania\\\/#breadcrumb\",\"itemListElement\":[{\"@type\":\"ListItem\",\"position\":1,\"name\":\"Portada\",\"item\":\"https:\\\/\\\/www.laguiadepamplona.com\\\/actualidad\\\/\"},{\"@type\":\"ListItem\",\"position\":2,\"name\":\"El proceso participativo en torno al Centro de Interpretaci\u00f3n de la Pelota Vasca concluye este martes con una sesi\u00f3n de devoluci\u00f3n de las aportaciones realizadas por la ciudadan\u00eda\"}]},{\"@type\":\"WebSite\",\"@id\":\"https:\\\/\\\/www.laguiadepamplona.com\\\/actualidad\\\/#website\",\"url\":\"https:\\\/\\\/www.laguiadepamplona.com\\\/actualidad\\\/\",\"name\":\"La gu\u00eda de Pamplona\",\"description\":\"Noticias de Pamplona\",\"publisher\":{\"@id\":\"https:\\\/\\\/www.laguiadepamplona.com\\\/actualidad\\\/#organization\"},\"potentialAction\":[{\"@type\":\"SearchAction\",\"target\":{\"@type\":\"EntryPoint\",\"urlTemplate\":\"https:\\\/\\\/www.laguiadepamplona.com\\\/actualidad\\\/?s={search_term_string}\"},\"query-input\":{\"@type\":\"PropertyValueSpecification\",\"valueRequired\":true,\"valueName\":\"search_term_string\"}}],\"inLanguage\":\"es\"},{\"@type\":\"Organization\",\"@id\":\"https:\\\/\\\/www.laguiadepamplona.com\\\/actualidad\\\/#organization\",\"name\":\"La Gu\u00eda de Pamplona \\\/ Noticias\",\"url\":\"https:\\\/\\\/www.laguiadepamplona.com\\\/actualidad\\\/\",\"logo\":{\"@type\":\"ImageObject\",\"inLanguage\":\"es\",\"@id\":\"https:\\\/\\\/www.laguiadepamplona.com\\\/actualidad\\\/#\\\/schema\\\/logo\\\/image\\\/\",\"url\":\"https:\\\/\\\/www.laguiadepamplona.com\\\/actualidad\\\/wp-content\\\/uploads\\\/2018\\\/11\\\/logo-laguiadepamplona18-web1.png\",\"contentUrl\":\"https:\\\/\\\/www.laguiadepamplona.com\\\/actualidad\\\/wp-content\\\/uploads\\\/2018\\\/11\\\/logo-laguiadepamplona18-web1.png\",\"width\":600,\"height\":196,\"caption\":\"La Gu\u00eda de Pamplona \\\/ Noticias\"},\"image\":{\"@id\":\"https:\\\/\\\/www.laguiadepamplona.com\\\/actualidad\\\/#\\\/schema\\\/logo\\\/image\\\/\"},\"sameAs\":[\"https:\\\/\\\/www.facebook.com\\\/laguiadepamplonacom-133175176762273\\\/?ref=hl\",\"https:\\\/\\\/x.com\\\/LaGuiadPamplona\",\"https:\\\/\\\/www.instagram.com\\\/la_guia_de_pamplona\\\/\",\"https:\\\/\\\/www.youtube.com\\\/user\\\/laguiadepamplona\"]},{\"@type\":\"Person\",\"@id\":\"https:\\\/\\\/www.laguiadepamplona.com\\\/actualidad\\\/#\\\/schema\\\/person\\\/efe887376f0213d4657c93adc50b1fdb\",\"name\":\"La Gu\u00eda de Pamplona\",\"image\":{\"@type\":\"ImageObject\",\"inLanguage\":\"es\",\"@id\":\"https:\\\/\\\/secure.gravatar.com\\\/avatar\\\/b6992f131dc8d30ab0dff15446e9d346d9dbd95992de0fef795073f5ea83a81c?s=96&d=mm&r=g\",\"url\":\"https:\\\/\\\/secure.gravatar.com\\\/avatar\\\/b6992f131dc8d30ab0dff15446e9d346d9dbd95992de0fef795073f5ea83a81c?s=96&d=mm&r=g\",\"contentUrl\":\"https:\\\/\\\/secure.gravatar.com\\\/avatar\\\/b6992f131dc8d30ab0dff15446e9d346d9dbd95992de0fef795073f5ea83a81c?s=96&d=mm&r=g\",\"caption\":\"La Gu\u00eda de Pamplona\"}}]}<\/script>\n<!-- \/ Yoast SEO plugin. -->","yoast_head_json":{"title":"El proceso participativo en torno al Centro de Interpretaci\u00f3n de la Pelota Vasca concluye este martes con una sesi\u00f3n de devoluci\u00f3n de las aportaciones realizadas por la ciudadan\u00eda","description":"La sesi\u00f3n tendr\u00e1 lugar en la Sala Geltoki de la antigua estaci\u00f3n de autobuses, a las 18.30 horas, y est\u00e1 abierta a la participaci\u00f3n","robots":{"index":"index","follow":"follow","max-snippet":"max-snippet:-1","max-image-preview":"max-image-preview:large","max-video-preview":"max-video-preview:-1"},"canonical":"https:\/\/www.laguiadepamplona.com\/actualidad\/el-proceso-participativo-en-torno-al-centro-de-interpretacion-de-la-pelota-vasca-concluye-este-martes-con-una-sesion-de-devolucion-de-las-aportaciones-realizadas-por-la-ciudadania\/","og_locale":"es_ES","og_type":"article","og_title":"El proceso participativo en torno al Centro de Interpretaci\u00f3n de la Pelota Vasca concluye este martes con una sesi\u00f3n de devoluci\u00f3n de las aportaciones realizadas por la ciudadan\u00eda","og_description":"La sesi\u00f3n tendr\u00e1 lugar en la Sala Geltoki de la antigua estaci\u00f3n de autobuses, a las 18.30 horas, y est\u00e1 abierta a la participaci\u00f3n","og_url":"https:\/\/www.laguiadepamplona.com\/actualidad\/el-proceso-participativo-en-torno-al-centro-de-interpretacion-de-la-pelota-vasca-concluye-este-martes-con-una-sesion-de-devolucion-de-las-aportaciones-realizadas-por-la-ciudadania\/","og_site_name":"La Gu\u00eda de Pamplona","article_publisher":"https:\/\/www.facebook.com\/laguiadepamplonacom-133175176762273\/?ref=hl","article_published_time":"2025-04-25T15:17:49+00:00","og_image":[{"width":1000,"height":666,"url":"https:\/\/www.laguiadepamplona.com\/actualidad\/wp-content\/uploads\/2025\/04\/EXPO.-PROYECTOS-CENTRO-INTERPRETACION-PELOTA-VASCA_DSC_1731.webp","type":"image\/webp"}],"author":"La Gu\u00eda de Pamplona","twitter_card":"summary_large_image","twitter_creator":"@LaGuiadPamplona","twitter_site":"@LaGuiadPamplona","twitter_misc":{"Escrito por":"La Gu\u00eda de Pamplona","Tiempo de lectura":"2 minutos"},"schema":{"@context":"https:\/\/schema.org","@graph":[{"@type":"Article","@id":"https:\/\/www.laguiadepamplona.com\/actualidad\/el-proceso-participativo-en-torno-al-centro-de-interpretacion-de-la-pelota-vasca-concluye-este-martes-con-una-sesion-de-devolucion-de-las-aportaciones-realizadas-por-la-ciudadania\/#article","isPartOf":{"@id":"https:\/\/www.laguiadepamplona.com\/actualidad\/el-proceso-participativo-en-torno-al-centro-de-interpretacion-de-la-pelota-vasca-concluye-este-martes-con-una-sesion-de-devolucion-de-las-aportaciones-realizadas-por-la-ciudadania\/"},"author":{"name":"La Gu\u00eda de Pamplona","@id":"https:\/\/www.laguiadepamplona.com\/actualidad\/#\/schema\/person\/efe887376f0213d4657c93adc50b1fdb"},"headline":"El proceso participativo en torno al Centro de Interpretaci\u00f3n de la Pelota Vasca concluye este martes con una sesi\u00f3n de devoluci\u00f3n de las aportaciones realizadas por la ciudadan\u00eda","datePublished":"2025-04-25T15:17:49+00:00","mainEntityOfPage":{"@id":"https:\/\/www.laguiadepamplona.com\/actualidad\/el-proceso-participativo-en-torno-al-centro-de-interpretacion-de-la-pelota-vasca-concluye-este-martes-con-una-sesion-de-devolucion-de-las-aportaciones-realizadas-por-la-ciudadania\/"},"wordCount":488,"commentCount":0,"publisher":{"@id":"https:\/\/www.laguiadepamplona.com\/actualidad\/#organization"},"image":{"@id":"https:\/\/www.laguiadepamplona.com\/actualidad\/el-proceso-participativo-en-torno-al-centro-de-interpretacion-de-la-pelota-vasca-concluye-este-martes-con-una-sesion-de-devolucion-de-las-aportaciones-realizadas-por-la-ciudadania\/#primaryimage"},"thumbnailUrl":"https:\/\/www.laguiadepamplona.com\/actualidad\/wp-content\/uploads\/2025\/04\/EXPO.-PROYECTOS-CENTRO-INTERPRETACION-PELOTA-VASCA_DSC_1731.webp","articleSection":["Ayto Pamplona"],"inLanguage":"es","potentialAction":[{"@type":"CommentAction","name":"Comment","target":["https:\/\/www.laguiadepamplona.com\/actualidad\/el-proceso-participativo-en-torno-al-centro-de-interpretacion-de-la-pelota-vasca-concluye-este-martes-con-una-sesion-de-devolucion-de-las-aportaciones-realizadas-por-la-ciudadania\/#respond"]}]},{"@type":"WebPage","@id":"https:\/\/www.laguiadepamplona.com\/actualidad\/el-proceso-participativo-en-torno-al-centro-de-interpretacion-de-la-pelota-vasca-concluye-este-martes-con-una-sesion-de-devolucion-de-las-aportaciones-realizadas-por-la-ciudadania\/","url":"https:\/\/www.laguiadepamplona.com\/actualidad\/el-proceso-participativo-en-torno-al-centro-de-interpretacion-de-la-pelota-vasca-concluye-este-martes-con-una-sesion-de-devolucion-de-las-aportaciones-realizadas-por-la-ciudadania\/","name":"El proceso participativo en torno al Centro de Interpretaci\u00f3n de la Pelota Vasca concluye este martes con una sesi\u00f3n de devoluci\u00f3n de las aportaciones realizadas por la ciudadan\u00eda","isPartOf":{"@id":"https:\/\/www.laguiadepamplona.com\/actualidad\/#website"},"primaryImageOfPage":{"@id":"https:\/\/www.laguiadepamplona.com\/actualidad\/el-proceso-participativo-en-torno-al-centro-de-interpretacion-de-la-pelota-vasca-concluye-este-martes-con-una-sesion-de-devolucion-de-las-aportaciones-realizadas-por-la-ciudadania\/#primaryimage"},"image":{"@id":"https:\/\/www.laguiadepamplona.com\/actualidad\/el-proceso-participativo-en-torno-al-centro-de-interpretacion-de-la-pelota-vasca-concluye-este-martes-con-una-sesion-de-devolucion-de-las-aportaciones-realizadas-por-la-ciudadania\/#primaryimage"},"thumbnailUrl":"https:\/\/www.laguiadepamplona.com\/actualidad\/wp-content\/uploads\/2025\/04\/EXPO.-PROYECTOS-CENTRO-INTERPRETACION-PELOTA-VASCA_DSC_1731.webp","datePublished":"2025-04-25T15:17:49+00:00","description":"La sesi\u00f3n tendr\u00e1 lugar en la Sala Geltoki de la antigua estaci\u00f3n de autobuses, a las 18.30 horas, y est\u00e1 abierta a la participaci\u00f3n","breadcrumb":{"@id":"https:\/\/www.laguiadepamplona.com\/actualidad\/el-proceso-participativo-en-torno-al-centro-de-interpretacion-de-la-pelota-vasca-concluye-este-martes-con-una-sesion-de-devolucion-de-las-aportaciones-realizadas-por-la-ciudadania\/#breadcrumb"},"inLanguage":"es","potentialAction":[{"@type":"ReadAction","target":["https:\/\/www.laguiadepamplona.com\/actualidad\/el-proceso-participativo-en-torno-al-centro-de-interpretacion-de-la-pelota-vasca-concluye-este-martes-con-una-sesion-de-devolucion-de-las-aportaciones-realizadas-por-la-ciudadania\/"]}]},{"@type":"ImageObject","inLanguage":"es","@id":"https:\/\/www.laguiadepamplona.com\/actualidad\/el-proceso-participativo-en-torno-al-centro-de-interpretacion-de-la-pelota-vasca-concluye-este-martes-con-una-sesion-de-devolucion-de-las-aportaciones-realizadas-por-la-ciudadania\/#primaryimage","url":"https:\/\/www.laguiadepamplona.com\/actualidad\/wp-content\/uploads\/2025\/04\/EXPO.-PROYECTOS-CENTRO-INTERPRETACION-PELOTA-VASCA_DSC_1731.webp","contentUrl":"https:\/\/www.laguiadepamplona.com\/actualidad\/wp-content\/uploads\/2025\/04\/EXPO.-PROYECTOS-CENTRO-INTERPRETACION-PELOTA-VASCA_DSC_1731.webp","width":1000,"height":666,"caption":"EXPO. PROYECTOS CENTRO INTERPRETACI\u00d3N PELOTA VASCA"},{"@type":"BreadcrumbList","@id":"https:\/\/www.laguiadepamplona.com\/actualidad\/el-proceso-participativo-en-torno-al-centro-de-interpretacion-de-la-pelota-vasca-concluye-este-martes-con-una-sesion-de-devolucion-de-las-aportaciones-realizadas-por-la-ciudadania\/#breadcrumb","itemListElement":[{"@type":"ListItem","position":1,"name":"Portada","item":"https:\/\/www.laguiadepamplona.com\/actualidad\/"},{"@type":"ListItem","position":2,"name":"El proceso participativo en torno al Centro de Interpretaci\u00f3n de la Pelota Vasca concluye este martes con una sesi\u00f3n de devoluci\u00f3n de las aportaciones realizadas por la ciudadan\u00eda"}]},{"@type":"WebSite","@id":"https:\/\/www.laguiadepamplona.com\/actualidad\/#website","url":"https:\/\/www.laguiadepamplona.com\/actualidad\/","name":"La gu\u00eda de Pamplona","description":"Noticias de Pamplona","publisher":{"@id":"https:\/\/www.laguiadepamplona.com\/actualidad\/#organization"},"potentialAction":[{"@type":"SearchAction","target":{"@type":"EntryPoint","urlTemplate":"https:\/\/www.laguiadepamplona.com\/actualidad\/?s={search_term_string}"},"query-input":{"@type":"PropertyValueSpecification","valueRequired":true,"valueName":"search_term_string"}}],"inLanguage":"es"},{"@type":"Organization","@id":"https:\/\/www.laguiadepamplona.com\/actualidad\/#organization","name":"La Gu\u00eda de Pamplona \/ Noticias","url":"https:\/\/www.laguiadepamplona.com\/actualidad\/","logo":{"@type":"ImageObject","inLanguage":"es","@id":"https:\/\/www.laguiadepamplona.com\/actualidad\/#\/schema\/logo\/image\/","url":"https:\/\/www.laguiadepamplona.com\/actualidad\/wp-content\/uploads\/2018\/11\/logo-laguiadepamplona18-web1.png","contentUrl":"https:\/\/www.laguiadepamplona.com\/actualidad\/wp-content\/uploads\/2018\/11\/logo-laguiadepamplona18-web1.png","width":600,"height":196,"caption":"La Gu\u00eda de Pamplona \/ Noticias"},"image":{"@id":"https:\/\/www.laguiadepamplona.com\/actualidad\/#\/schema\/logo\/image\/"},"sameAs":["https:\/\/www.facebook.com\/laguiadepamplonacom-133175176762273\/?ref=hl","https:\/\/x.com\/LaGuiadPamplona","https:\/\/www.instagram.com\/la_guia_de_pamplona\/","https:\/\/www.youtube.com\/user\/laguiadepamplona"]},{"@type":"Person","@id":"https:\/\/www.laguiadepamplona.com\/actualidad\/#\/schema\/person\/efe887376f0213d4657c93adc50b1fdb","name":"La Gu\u00eda de Pamplona","image":{"@type":"ImageObject","inLanguage":"es","@id":"https:\/\/secure.gravatar.com\/avatar\/b6992f131dc8d30ab0dff15446e9d346d9dbd95992de0fef795073f5ea83a81c?s=96&d=mm&r=g","url":"https:\/\/secure.gravatar.com\/avatar\/b6992f131dc8d30ab0dff15446e9d346d9dbd95992de0fef795073f5ea83a81c?s=96&d=mm&r=g","contentUrl":"https:\/\/secure.gravatar.com\/avatar\/b6992f131dc8d30ab0dff15446e9d346d9dbd95992de0fef795073f5ea83a81c?s=96&d=mm&r=g","caption":"La Gu\u00eda de Pamplona"}}]}},"post_mailing_queue_ids":[],"_links":{"self":[{"href":"https:\/\/www.laguiadepamplona.com\/actualidad\/wp-json\/wp\/v2\/posts\/52847","targetHints":{"allow":["GET"]}}],"collection":[{"href":"https:\/\/www.laguiadepamplona.com\/actualidad\/wp-json\/wp\/v2\/posts"}],"about":[{"href":"https:\/\/www.laguiadepamplona.com\/actualidad\/wp-json\/wp\/v2\/types\/post"}],"author":[{"embeddable":true,"href":"https:\/\/www.laguiadepamplona.com\/actualidad\/wp-json\/wp\/v2\/users\/1"}],"replies":[{"embeddable":true,"href":"https:\/\/www.laguiadepamplona.com\/actualidad\/wp-json\/wp\/v2\/comments?post=52847"}],"version-history":[{"count":1,"href":"https:\/\/www.laguiadepamplona.com\/actualidad\/wp-json\/wp\/v2\/posts\/52847\/revisions"}],"predecessor-version":[{"id":52849,"href":"https:\/\/www.laguiadepamplona.com\/actualidad\/wp-json\/wp\/v2\/posts\/52847\/revisions\/52849"}],"wp:featuredmedia":[{"embeddable":true,"href":"https:\/\/www.laguiadepamplona.com\/actualidad\/wp-json\/wp\/v2\/media\/52848"}],"wp:attachment":[{"href":"https:\/\/www.laguiadepamplona.com\/actualidad\/wp-json\/wp\/v2\/media?parent=52847"}],"wp:term":[{"taxonomy":"category","embeddable":true,"href":"https:\/\/www.laguiadepamplona.com\/actualidad\/wp-json\/wp\/v2\/categories?post=52847"},{"taxonomy":"post_tag","embeddable":true,"href":"https:\/\/www.laguiadepamplona.com\/actualidad\/wp-json\/wp\/v2\/tags?post=52847"}],"curies":[{"name":"wp","href":"https:\/\/api.w.org\/{rel}","templated":true}]}}