{"id":52834,"date":"2025-04-23T15:30:00","date_gmt":"2025-04-23T13:30:00","guid":{"rendered":"https:\/\/www.laguiadepamplona.com\/actualidad\/?p=52834"},"modified":"2025-04-23T15:30:00","modified_gmt":"2025-04-23T13:30:00","slug":"cuatro-centros-escolares-de-primaria-y-secundaria-participan-en-un-proyecto-educativo-municipal-que-mide-la-calidad-del-agua-de-los-rios-y-las-especies-que-los-habitan","status":"publish","type":"post","link":"https:\/\/www.laguiadepamplona.com\/actualidad\/cuatro-centros-escolares-de-primaria-y-secundaria-participan-en-un-proyecto-educativo-municipal-que-mide-la-calidad-del-agua-de-los-rios-y-las-especies-que-los-habitan\/","title":{"rendered":"Cuatro centros escolares de Primaria y Secundaria participan en un proyecto educativo municipal que mide la calidad del agua de los r\u00edos y las especies que los habitan"},"content":{"rendered":"<h2>El objetivo de la actividad es concienciar sobre el valor del agua y su importancia capital para conservar el h\u00e1bitat del espacio fluvial<\/h2>\n<p><!--more--><\/p>\n<p>Cuatro centros educativos de Pamplona participan en un proyecto municipal para medir la calidad del agua de los r\u00edos presentes en la ciudad, Arga, Elorz y Sadar. La actividad se encuadra dentro de las actividades de sensibilizaci\u00f3n que el Ayuntamiento de Pamplona organizada en el marco del proyecto RUNA 2025, financiado con fondos europeos. Este proyecto apuesta por la renaturalizaci\u00f3n y la protecci\u00f3n de la biodiversidad en los entornos fluviales de Pamplona mediante la ejecuci\u00f3n de diferentes iniciativas.<\/p>\n<p>El alumnado de estos centros, de Primaria y de Secundaria, acude a los cauces fluviales, donde se mide la calidad del agua en torno a diversos par\u00e1metros, como la temperatura o la turbidez. Tambi\u00e9n se mide la cantidad de especies de diferentes familias que habitan los cauces, macroinvertebrados y peces, de forma que el alumnado conoce en primera persona el h\u00e1bitat natural y las condiciones de vida de las especies que estudian dentro de su curr\u00edculum acad\u00e9mico.<\/p>\n<p>Este proyecto educativo que profundiza en el conocimiento del estado de calidad del agua de los r\u00edos ayuda a concienciar sobre el valor del agua y su importancia capital para conservar el h\u00e1bitat del espacio fluvial. Se desarrolla en castellano y en euskera. En la iniciativa colaboran tambi\u00e9n tres grupos de los grados de Ciencias ambientales y Qu\u00edmica de la Universidad de Navarra, que toman las muestras y analizan par\u00e1metros f\u00edsico-qu\u00edmicos y micropl\u00e1sticos de distintos puntos de los r\u00edos Arga, Elorz y Sadar. La colaboraci\u00f3n se encuadra en un proyecto de aprendizaje y servicio entre las dos instituciones.<\/p>\n<p>El contrato en el que se inscribe la realizaci\u00f3n de esta iniciativa fue adjudicado en octubre del pasado a\u00f1o, por importe de 112.914,10 euros, a la empresa Ekolur Asesor\u00eda Ambiental SLL. Forma parte del proyecto RUNA 2025, que ha obtenido 2,7 millones de euros en la convocatoria de ayudas de la Fundaci\u00f3n Biodiversidad del Ministerio para la Transici\u00f3n Ecol\u00f3gica y el Reto Demogr\u00e1fico (MITECO), en el marco del Plan de Recuperaci\u00f3n, Transformaci\u00f3n y Resiliencia, financiado por la Uni\u00f3n Europea y los fondos Next Generation EU.<\/p>\n","protected":false},"excerpt":{"rendered":"<p>El objetivo de la actividad es concienciar sobre el valor del agua y su importancia capital para conservar el h\u00e1bitat del espacio fluvial<\/p>\n","protected":false},"author":1,"featured_media":52835,"comment_status":"open","ping_status":"closed","sticky":false,"template":"","format":"standard","meta":{"footnotes":""},"categories":[2],"tags":[],"class_list":["post-52834","post","type-post","status-publish","format-standard","has-post-thumbnail","hentry","category-ayuntamiento-pamplona"],"yoast_head":"<!-- This site is optimized with the Yoast SEO plugin v27.3 - https:\/\/yoast.com\/product\/yoast-seo-wordpress\/ -->\n<title>Cuatro centros escolares de Primaria y Secundaria participan en un proyecto educativo municipal que mide la calidad del agua de los r\u00edos y las especies que los habitan<\/title>\n<meta name=\"description\" content=\"El objetivo de la actividad es concienciar sobre el valor del agua y su importancia capital para conservar el h\u00e1bitat del espacio fluvial\" \/>\n<meta name=\"robots\" content=\"index, follow, max-snippet:-1, max-image-preview:large, max-video-preview:-1\" \/>\n<link rel=\"canonical\" href=\"https:\/\/www.laguiadepamplona.com\/actualidad\/cuatro-centros-escolares-de-primaria-y-secundaria-participan-en-un-proyecto-educativo-municipal-que-mide-la-calidad-del-agua-de-los-rios-y-las-especies-que-los-habitan\/\" \/>\n<meta property=\"og:locale\" content=\"es_ES\" \/>\n<meta property=\"og:type\" content=\"article\" \/>\n<meta property=\"og:title\" content=\"Cuatro centros escolares de Primaria y Secundaria participan en un proyecto educativo municipal que mide la calidad del agua de los r\u00edos y las especies que los habitan\" \/>\n<meta property=\"og:description\" content=\"El objetivo de la actividad es concienciar sobre el valor del agua y su importancia capital para conservar el h\u00e1bitat del espacio fluvial\" \/>\n<meta property=\"og:url\" content=\"https:\/\/www.laguiadepamplona.com\/actualidad\/cuatro-centros-escolares-de-primaria-y-secundaria-participan-en-un-proyecto-educativo-municipal-que-mide-la-calidad-del-agua-de-los-rios-y-las-especies-que-los-habitan\/\" \/>\n<meta property=\"og:site_name\" content=\"La Gu\u00eda de Pamplona\" \/>\n<meta property=\"article:publisher\" content=\"https:\/\/www.facebook.com\/laguiadepamplonacom-133175176762273\/?ref=hl\" \/>\n<meta property=\"article:published_time\" content=\"2025-04-23T13:30:00+00:00\" \/>\n<meta property=\"og:image\" content=\"https:\/\/www.laguiadepamplona.com\/actualidad\/wp-content\/uploads\/2025\/04\/calidaddelaguaweb2.webp\" \/>\n\t<meta property=\"og:image:width\" content=\"1000\" \/>\n\t<meta property=\"og:image:height\" content=\"667\" \/>\n\t<meta property=\"og:image:type\" content=\"image\/webp\" \/>\n<meta name=\"author\" content=\"La Gu\u00eda de Pamplona\" \/>\n<meta name=\"twitter:card\" content=\"summary_large_image\" \/>\n<meta name=\"twitter:creator\" content=\"@LaGuiadPamplona\" \/>\n<meta name=\"twitter:site\" content=\"@LaGuiadPamplona\" \/>\n<meta name=\"twitter:label1\" content=\"Escrito por\" \/>\n\t<meta name=\"twitter:data1\" content=\"La Gu\u00eda de Pamplona\" \/>\n\t<meta name=\"twitter:label2\" content=\"Tiempo de lectura\" \/>\n\t<meta name=\"twitter:data2\" content=\"2 minutos\" \/>\n<script type=\"application\/ld+json\" class=\"yoast-schema-graph\">{\"@context\":\"https:\\\/\\\/schema.org\",\"@graph\":[{\"@type\":\"Article\",\"@id\":\"https:\\\/\\\/www.laguiadepamplona.com\\\/actualidad\\\/cuatro-centros-escolares-de-primaria-y-secundaria-participan-en-un-proyecto-educativo-municipal-que-mide-la-calidad-del-agua-de-los-rios-y-las-especies-que-los-habitan\\\/#article\",\"isPartOf\":{\"@id\":\"https:\\\/\\\/www.laguiadepamplona.com\\\/actualidad\\\/cuatro-centros-escolares-de-primaria-y-secundaria-participan-en-un-proyecto-educativo-municipal-que-mide-la-calidad-del-agua-de-los-rios-y-las-especies-que-los-habitan\\\/\"},\"author\":{\"name\":\"La Gu\u00eda de Pamplona\",\"@id\":\"https:\\\/\\\/www.laguiadepamplona.com\\\/actualidad\\\/#\\\/schema\\\/person\\\/efe887376f0213d4657c93adc50b1fdb\"},\"headline\":\"Cuatro centros escolares de Primaria y Secundaria participan en un proyecto educativo municipal que mide la calidad del agua de los r\u00edos y las especies que los habitan\",\"datePublished\":\"2025-04-23T13:30:00+00:00\",\"mainEntityOfPage\":{\"@id\":\"https:\\\/\\\/www.laguiadepamplona.com\\\/actualidad\\\/cuatro-centros-escolares-de-primaria-y-secundaria-participan-en-un-proyecto-educativo-municipal-que-mide-la-calidad-del-agua-de-los-rios-y-las-especies-que-los-habitan\\\/\"},\"wordCount\":417,\"commentCount\":0,\"publisher\":{\"@id\":\"https:\\\/\\\/www.laguiadepamplona.com\\\/actualidad\\\/#organization\"},\"image\":{\"@id\":\"https:\\\/\\\/www.laguiadepamplona.com\\\/actualidad\\\/cuatro-centros-escolares-de-primaria-y-secundaria-participan-en-un-proyecto-educativo-municipal-que-mide-la-calidad-del-agua-de-los-rios-y-las-especies-que-los-habitan\\\/#primaryimage\"},\"thumbnailUrl\":\"https:\\\/\\\/www.laguiadepamplona.com\\\/actualidad\\\/wp-content\\\/uploads\\\/2025\\\/04\\\/calidaddelaguaweb2.webp\",\"articleSection\":[\"Ayto Pamplona\"],\"inLanguage\":\"es\",\"potentialAction\":[{\"@type\":\"CommentAction\",\"name\":\"Comment\",\"target\":[\"https:\\\/\\\/www.laguiadepamplona.com\\\/actualidad\\\/cuatro-centros-escolares-de-primaria-y-secundaria-participan-en-un-proyecto-educativo-municipal-que-mide-la-calidad-del-agua-de-los-rios-y-las-especies-que-los-habitan\\\/#respond\"]}]},{\"@type\":\"WebPage\",\"@id\":\"https:\\\/\\\/www.laguiadepamplona.com\\\/actualidad\\\/cuatro-centros-escolares-de-primaria-y-secundaria-participan-en-un-proyecto-educativo-municipal-que-mide-la-calidad-del-agua-de-los-rios-y-las-especies-que-los-habitan\\\/\",\"url\":\"https:\\\/\\\/www.laguiadepamplona.com\\\/actualidad\\\/cuatro-centros-escolares-de-primaria-y-secundaria-participan-en-un-proyecto-educativo-municipal-que-mide-la-calidad-del-agua-de-los-rios-y-las-especies-que-los-habitan\\\/\",\"name\":\"Cuatro centros escolares de Primaria y Secundaria participan en un proyecto educativo municipal que mide la calidad del agua de los r\u00edos y las especies que los habitan\",\"isPartOf\":{\"@id\":\"https:\\\/\\\/www.laguiadepamplona.com\\\/actualidad\\\/#website\"},\"primaryImageOfPage\":{\"@id\":\"https:\\\/\\\/www.laguiadepamplona.com\\\/actualidad\\\/cuatro-centros-escolares-de-primaria-y-secundaria-participan-en-un-proyecto-educativo-municipal-que-mide-la-calidad-del-agua-de-los-rios-y-las-especies-que-los-habitan\\\/#primaryimage\"},\"image\":{\"@id\":\"https:\\\/\\\/www.laguiadepamplona.com\\\/actualidad\\\/cuatro-centros-escolares-de-primaria-y-secundaria-participan-en-un-proyecto-educativo-municipal-que-mide-la-calidad-del-agua-de-los-rios-y-las-especies-que-los-habitan\\\/#primaryimage\"},\"thumbnailUrl\":\"https:\\\/\\\/www.laguiadepamplona.com\\\/actualidad\\\/wp-content\\\/uploads\\\/2025\\\/04\\\/calidaddelaguaweb2.webp\",\"datePublished\":\"2025-04-23T13:30:00+00:00\",\"description\":\"El objetivo de la actividad es concienciar sobre el valor del agua y su importancia capital para conservar el h\u00e1bitat del espacio fluvial\",\"breadcrumb\":{\"@id\":\"https:\\\/\\\/www.laguiadepamplona.com\\\/actualidad\\\/cuatro-centros-escolares-de-primaria-y-secundaria-participan-en-un-proyecto-educativo-municipal-que-mide-la-calidad-del-agua-de-los-rios-y-las-especies-que-los-habitan\\\/#breadcrumb\"},\"inLanguage\":\"es\",\"potentialAction\":[{\"@type\":\"ReadAction\",\"target\":[\"https:\\\/\\\/www.laguiadepamplona.com\\\/actualidad\\\/cuatro-centros-escolares-de-primaria-y-secundaria-participan-en-un-proyecto-educativo-municipal-que-mide-la-calidad-del-agua-de-los-rios-y-las-especies-que-los-habitan\\\/\"]}]},{\"@type\":\"ImageObject\",\"inLanguage\":\"es\",\"@id\":\"https:\\\/\\\/www.laguiadepamplona.com\\\/actualidad\\\/cuatro-centros-escolares-de-primaria-y-secundaria-participan-en-un-proyecto-educativo-municipal-que-mide-la-calidad-del-agua-de-los-rios-y-las-especies-que-los-habitan\\\/#primaryimage\",\"url\":\"https:\\\/\\\/www.laguiadepamplona.com\\\/actualidad\\\/wp-content\\\/uploads\\\/2025\\\/04\\\/calidaddelaguaweb2.webp\",\"contentUrl\":\"https:\\\/\\\/www.laguiadepamplona.com\\\/actualidad\\\/wp-content\\\/uploads\\\/2025\\\/04\\\/calidaddelaguaweb2.webp\",\"width\":1000,\"height\":667,\"caption\":\"calidad del agua\"},{\"@type\":\"BreadcrumbList\",\"@id\":\"https:\\\/\\\/www.laguiadepamplona.com\\\/actualidad\\\/cuatro-centros-escolares-de-primaria-y-secundaria-participan-en-un-proyecto-educativo-municipal-que-mide-la-calidad-del-agua-de-los-rios-y-las-especies-que-los-habitan\\\/#breadcrumb\",\"itemListElement\":[{\"@type\":\"ListItem\",\"position\":1,\"name\":\"Portada\",\"item\":\"https:\\\/\\\/www.laguiadepamplona.com\\\/actualidad\\\/\"},{\"@type\":\"ListItem\",\"position\":2,\"name\":\"Cuatro centros escolares de Primaria y Secundaria participan en un proyecto educativo municipal que mide la calidad del agua de los r\u00edos y las especies que los habitan\"}]},{\"@type\":\"WebSite\",\"@id\":\"https:\\\/\\\/www.laguiadepamplona.com\\\/actualidad\\\/#website\",\"url\":\"https:\\\/\\\/www.laguiadepamplona.com\\\/actualidad\\\/\",\"name\":\"La gu\u00eda de Pamplona\",\"description\":\"Noticias de Pamplona\",\"publisher\":{\"@id\":\"https:\\\/\\\/www.laguiadepamplona.com\\\/actualidad\\\/#organization\"},\"potentialAction\":[{\"@type\":\"SearchAction\",\"target\":{\"@type\":\"EntryPoint\",\"urlTemplate\":\"https:\\\/\\\/www.laguiadepamplona.com\\\/actualidad\\\/?s={search_term_string}\"},\"query-input\":{\"@type\":\"PropertyValueSpecification\",\"valueRequired\":true,\"valueName\":\"search_term_string\"}}],\"inLanguage\":\"es\"},{\"@type\":\"Organization\",\"@id\":\"https:\\\/\\\/www.laguiadepamplona.com\\\/actualidad\\\/#organization\",\"name\":\"La Gu\u00eda de Pamplona \\\/ Noticias\",\"url\":\"https:\\\/\\\/www.laguiadepamplona.com\\\/actualidad\\\/\",\"logo\":{\"@type\":\"ImageObject\",\"inLanguage\":\"es\",\"@id\":\"https:\\\/\\\/www.laguiadepamplona.com\\\/actualidad\\\/#\\\/schema\\\/logo\\\/image\\\/\",\"url\":\"https:\\\/\\\/www.laguiadepamplona.com\\\/actualidad\\\/wp-content\\\/uploads\\\/2018\\\/11\\\/logo-laguiadepamplona18-web1.png\",\"contentUrl\":\"https:\\\/\\\/www.laguiadepamplona.com\\\/actualidad\\\/wp-content\\\/uploads\\\/2018\\\/11\\\/logo-laguiadepamplona18-web1.png\",\"width\":600,\"height\":196,\"caption\":\"La Gu\u00eda de Pamplona \\\/ Noticias\"},\"image\":{\"@id\":\"https:\\\/\\\/www.laguiadepamplona.com\\\/actualidad\\\/#\\\/schema\\\/logo\\\/image\\\/\"},\"sameAs\":[\"https:\\\/\\\/www.facebook.com\\\/laguiadepamplonacom-133175176762273\\\/?ref=hl\",\"https:\\\/\\\/x.com\\\/LaGuiadPamplona\",\"https:\\\/\\\/www.instagram.com\\\/la_guia_de_pamplona\\\/\",\"https:\\\/\\\/www.youtube.com\\\/user\\\/laguiadepamplona\"]},{\"@type\":\"Person\",\"@id\":\"https:\\\/\\\/www.laguiadepamplona.com\\\/actualidad\\\/#\\\/schema\\\/person\\\/efe887376f0213d4657c93adc50b1fdb\",\"name\":\"La Gu\u00eda de Pamplona\",\"image\":{\"@type\":\"ImageObject\",\"inLanguage\":\"es\",\"@id\":\"https:\\\/\\\/secure.gravatar.com\\\/avatar\\\/b6992f131dc8d30ab0dff15446e9d346d9dbd95992de0fef795073f5ea83a81c?s=96&d=mm&r=g\",\"url\":\"https:\\\/\\\/secure.gravatar.com\\\/avatar\\\/b6992f131dc8d30ab0dff15446e9d346d9dbd95992de0fef795073f5ea83a81c?s=96&d=mm&r=g\",\"contentUrl\":\"https:\\\/\\\/secure.gravatar.com\\\/avatar\\\/b6992f131dc8d30ab0dff15446e9d346d9dbd95992de0fef795073f5ea83a81c?s=96&d=mm&r=g\",\"caption\":\"La Gu\u00eda de Pamplona\"}}]}<\/script>\n<!-- \/ Yoast SEO plugin. -->","yoast_head_json":{"title":"Cuatro centros escolares de Primaria y Secundaria participan en un proyecto educativo municipal que mide la calidad del agua de los r\u00edos y las especies que los habitan","description":"El objetivo de la actividad es concienciar sobre el valor del agua y su importancia capital para conservar el h\u00e1bitat del espacio fluvial","robots":{"index":"index","follow":"follow","max-snippet":"max-snippet:-1","max-image-preview":"max-image-preview:large","max-video-preview":"max-video-preview:-1"},"canonical":"https:\/\/www.laguiadepamplona.com\/actualidad\/cuatro-centros-escolares-de-primaria-y-secundaria-participan-en-un-proyecto-educativo-municipal-que-mide-la-calidad-del-agua-de-los-rios-y-las-especies-que-los-habitan\/","og_locale":"es_ES","og_type":"article","og_title":"Cuatro centros escolares de Primaria y Secundaria participan en un proyecto educativo municipal que mide la calidad del agua de los r\u00edos y las especies que los habitan","og_description":"El objetivo de la actividad es concienciar sobre el valor del agua y su importancia capital para conservar el h\u00e1bitat del espacio fluvial","og_url":"https:\/\/www.laguiadepamplona.com\/actualidad\/cuatro-centros-escolares-de-primaria-y-secundaria-participan-en-un-proyecto-educativo-municipal-que-mide-la-calidad-del-agua-de-los-rios-y-las-especies-que-los-habitan\/","og_site_name":"La Gu\u00eda de Pamplona","article_publisher":"https:\/\/www.facebook.com\/laguiadepamplonacom-133175176762273\/?ref=hl","article_published_time":"2025-04-23T13:30:00+00:00","og_image":[{"width":1000,"height":667,"url":"https:\/\/www.laguiadepamplona.com\/actualidad\/wp-content\/uploads\/2025\/04\/calidaddelaguaweb2.webp","type":"image\/webp"}],"author":"La Gu\u00eda de Pamplona","twitter_card":"summary_large_image","twitter_creator":"@LaGuiadPamplona","twitter_site":"@LaGuiadPamplona","twitter_misc":{"Escrito por":"La Gu\u00eda de Pamplona","Tiempo de lectura":"2 minutos"},"schema":{"@context":"https:\/\/schema.org","@graph":[{"@type":"Article","@id":"https:\/\/www.laguiadepamplona.com\/actualidad\/cuatro-centros-escolares-de-primaria-y-secundaria-participan-en-un-proyecto-educativo-municipal-que-mide-la-calidad-del-agua-de-los-rios-y-las-especies-que-los-habitan\/#article","isPartOf":{"@id":"https:\/\/www.laguiadepamplona.com\/actualidad\/cuatro-centros-escolares-de-primaria-y-secundaria-participan-en-un-proyecto-educativo-municipal-que-mide-la-calidad-del-agua-de-los-rios-y-las-especies-que-los-habitan\/"},"author":{"name":"La Gu\u00eda de Pamplona","@id":"https:\/\/www.laguiadepamplona.com\/actualidad\/#\/schema\/person\/efe887376f0213d4657c93adc50b1fdb"},"headline":"Cuatro centros escolares de Primaria y Secundaria participan en un proyecto educativo municipal que mide la calidad del agua de los r\u00edos y las especies que los habitan","datePublished":"2025-04-23T13:30:00+00:00","mainEntityOfPage":{"@id":"https:\/\/www.laguiadepamplona.com\/actualidad\/cuatro-centros-escolares-de-primaria-y-secundaria-participan-en-un-proyecto-educativo-municipal-que-mide-la-calidad-del-agua-de-los-rios-y-las-especies-que-los-habitan\/"},"wordCount":417,"commentCount":0,"publisher":{"@id":"https:\/\/www.laguiadepamplona.com\/actualidad\/#organization"},"image":{"@id":"https:\/\/www.laguiadepamplona.com\/actualidad\/cuatro-centros-escolares-de-primaria-y-secundaria-participan-en-un-proyecto-educativo-municipal-que-mide-la-calidad-del-agua-de-los-rios-y-las-especies-que-los-habitan\/#primaryimage"},"thumbnailUrl":"https:\/\/www.laguiadepamplona.com\/actualidad\/wp-content\/uploads\/2025\/04\/calidaddelaguaweb2.webp","articleSection":["Ayto Pamplona"],"inLanguage":"es","potentialAction":[{"@type":"CommentAction","name":"Comment","target":["https:\/\/www.laguiadepamplona.com\/actualidad\/cuatro-centros-escolares-de-primaria-y-secundaria-participan-en-un-proyecto-educativo-municipal-que-mide-la-calidad-del-agua-de-los-rios-y-las-especies-que-los-habitan\/#respond"]}]},{"@type":"WebPage","@id":"https:\/\/www.laguiadepamplona.com\/actualidad\/cuatro-centros-escolares-de-primaria-y-secundaria-participan-en-un-proyecto-educativo-municipal-que-mide-la-calidad-del-agua-de-los-rios-y-las-especies-que-los-habitan\/","url":"https:\/\/www.laguiadepamplona.com\/actualidad\/cuatro-centros-escolares-de-primaria-y-secundaria-participan-en-un-proyecto-educativo-municipal-que-mide-la-calidad-del-agua-de-los-rios-y-las-especies-que-los-habitan\/","name":"Cuatro centros escolares de Primaria y Secundaria participan en un proyecto educativo municipal que mide la calidad del agua de los r\u00edos y las especies que los habitan","isPartOf":{"@id":"https:\/\/www.laguiadepamplona.com\/actualidad\/#website"},"primaryImageOfPage":{"@id":"https:\/\/www.laguiadepamplona.com\/actualidad\/cuatro-centros-escolares-de-primaria-y-secundaria-participan-en-un-proyecto-educativo-municipal-que-mide-la-calidad-del-agua-de-los-rios-y-las-especies-que-los-habitan\/#primaryimage"},"image":{"@id":"https:\/\/www.laguiadepamplona.com\/actualidad\/cuatro-centros-escolares-de-primaria-y-secundaria-participan-en-un-proyecto-educativo-municipal-que-mide-la-calidad-del-agua-de-los-rios-y-las-especies-que-los-habitan\/#primaryimage"},"thumbnailUrl":"https:\/\/www.laguiadepamplona.com\/actualidad\/wp-content\/uploads\/2025\/04\/calidaddelaguaweb2.webp","datePublished":"2025-04-23T13:30:00+00:00","description":"El objetivo de la actividad es concienciar sobre el valor del agua y su importancia capital para conservar el h\u00e1bitat del espacio fluvial","breadcrumb":{"@id":"https:\/\/www.laguiadepamplona.com\/actualidad\/cuatro-centros-escolares-de-primaria-y-secundaria-participan-en-un-proyecto-educativo-municipal-que-mide-la-calidad-del-agua-de-los-rios-y-las-especies-que-los-habitan\/#breadcrumb"},"inLanguage":"es","potentialAction":[{"@type":"ReadAction","target":["https:\/\/www.laguiadepamplona.com\/actualidad\/cuatro-centros-escolares-de-primaria-y-secundaria-participan-en-un-proyecto-educativo-municipal-que-mide-la-calidad-del-agua-de-los-rios-y-las-especies-que-los-habitan\/"]}]},{"@type":"ImageObject","inLanguage":"es","@id":"https:\/\/www.laguiadepamplona.com\/actualidad\/cuatro-centros-escolares-de-primaria-y-secundaria-participan-en-un-proyecto-educativo-municipal-que-mide-la-calidad-del-agua-de-los-rios-y-las-especies-que-los-habitan\/#primaryimage","url":"https:\/\/www.laguiadepamplona.com\/actualidad\/wp-content\/uploads\/2025\/04\/calidaddelaguaweb2.webp","contentUrl":"https:\/\/www.laguiadepamplona.com\/actualidad\/wp-content\/uploads\/2025\/04\/calidaddelaguaweb2.webp","width":1000,"height":667,"caption":"calidad del agua"},{"@type":"BreadcrumbList","@id":"https:\/\/www.laguiadepamplona.com\/actualidad\/cuatro-centros-escolares-de-primaria-y-secundaria-participan-en-un-proyecto-educativo-municipal-que-mide-la-calidad-del-agua-de-los-rios-y-las-especies-que-los-habitan\/#breadcrumb","itemListElement":[{"@type":"ListItem","position":1,"name":"Portada","item":"https:\/\/www.laguiadepamplona.com\/actualidad\/"},{"@type":"ListItem","position":2,"name":"Cuatro centros escolares de Primaria y Secundaria participan en un proyecto educativo municipal que mide la calidad del agua de los r\u00edos y las especies que los habitan"}]},{"@type":"WebSite","@id":"https:\/\/www.laguiadepamplona.com\/actualidad\/#website","url":"https:\/\/www.laguiadepamplona.com\/actualidad\/","name":"La gu\u00eda de Pamplona","description":"Noticias de Pamplona","publisher":{"@id":"https:\/\/www.laguiadepamplona.com\/actualidad\/#organization"},"potentialAction":[{"@type":"SearchAction","target":{"@type":"EntryPoint","urlTemplate":"https:\/\/www.laguiadepamplona.com\/actualidad\/?s={search_term_string}"},"query-input":{"@type":"PropertyValueSpecification","valueRequired":true,"valueName":"search_term_string"}}],"inLanguage":"es"},{"@type":"Organization","@id":"https:\/\/www.laguiadepamplona.com\/actualidad\/#organization","name":"La Gu\u00eda de Pamplona \/ Noticias","url":"https:\/\/www.laguiadepamplona.com\/actualidad\/","logo":{"@type":"ImageObject","inLanguage":"es","@id":"https:\/\/www.laguiadepamplona.com\/actualidad\/#\/schema\/logo\/image\/","url":"https:\/\/www.laguiadepamplona.com\/actualidad\/wp-content\/uploads\/2018\/11\/logo-laguiadepamplona18-web1.png","contentUrl":"https:\/\/www.laguiadepamplona.com\/actualidad\/wp-content\/uploads\/2018\/11\/logo-laguiadepamplona18-web1.png","width":600,"height":196,"caption":"La Gu\u00eda de Pamplona \/ Noticias"},"image":{"@id":"https:\/\/www.laguiadepamplona.com\/actualidad\/#\/schema\/logo\/image\/"},"sameAs":["https:\/\/www.facebook.com\/laguiadepamplonacom-133175176762273\/?ref=hl","https:\/\/x.com\/LaGuiadPamplona","https:\/\/www.instagram.com\/la_guia_de_pamplona\/","https:\/\/www.youtube.com\/user\/laguiadepamplona"]},{"@type":"Person","@id":"https:\/\/www.laguiadepamplona.com\/actualidad\/#\/schema\/person\/efe887376f0213d4657c93adc50b1fdb","name":"La Gu\u00eda de Pamplona","image":{"@type":"ImageObject","inLanguage":"es","@id":"https:\/\/secure.gravatar.com\/avatar\/b6992f131dc8d30ab0dff15446e9d346d9dbd95992de0fef795073f5ea83a81c?s=96&d=mm&r=g","url":"https:\/\/secure.gravatar.com\/avatar\/b6992f131dc8d30ab0dff15446e9d346d9dbd95992de0fef795073f5ea83a81c?s=96&d=mm&r=g","contentUrl":"https:\/\/secure.gravatar.com\/avatar\/b6992f131dc8d30ab0dff15446e9d346d9dbd95992de0fef795073f5ea83a81c?s=96&d=mm&r=g","caption":"La Gu\u00eda de Pamplona"}}]}},"post_mailing_queue_ids":[],"_links":{"self":[{"href":"https:\/\/www.laguiadepamplona.com\/actualidad\/wp-json\/wp\/v2\/posts\/52834","targetHints":{"allow":["GET"]}}],"collection":[{"href":"https:\/\/www.laguiadepamplona.com\/actualidad\/wp-json\/wp\/v2\/posts"}],"about":[{"href":"https:\/\/www.laguiadepamplona.com\/actualidad\/wp-json\/wp\/v2\/types\/post"}],"author":[{"embeddable":true,"href":"https:\/\/www.laguiadepamplona.com\/actualidad\/wp-json\/wp\/v2\/users\/1"}],"replies":[{"embeddable":true,"href":"https:\/\/www.laguiadepamplona.com\/actualidad\/wp-json\/wp\/v2\/comments?post=52834"}],"version-history":[{"count":1,"href":"https:\/\/www.laguiadepamplona.com\/actualidad\/wp-json\/wp\/v2\/posts\/52834\/revisions"}],"predecessor-version":[{"id":52836,"href":"https:\/\/www.laguiadepamplona.com\/actualidad\/wp-json\/wp\/v2\/posts\/52834\/revisions\/52836"}],"wp:featuredmedia":[{"embeddable":true,"href":"https:\/\/www.laguiadepamplona.com\/actualidad\/wp-json\/wp\/v2\/media\/52835"}],"wp:attachment":[{"href":"https:\/\/www.laguiadepamplona.com\/actualidad\/wp-json\/wp\/v2\/media?parent=52834"}],"wp:term":[{"taxonomy":"category","embeddable":true,"href":"https:\/\/www.laguiadepamplona.com\/actualidad\/wp-json\/wp\/v2\/categories?post=52834"},{"taxonomy":"post_tag","embeddable":true,"href":"https:\/\/www.laguiadepamplona.com\/actualidad\/wp-json\/wp\/v2\/tags?post=52834"}],"curies":[{"name":"wp","href":"https:\/\/api.w.org\/{rel}","templated":true}]}}