{"id":52829,"date":"2025-04-23T13:19:01","date_gmt":"2025-04-23T11:19:01","guid":{"rendered":"https:\/\/www.laguiadepamplona.com\/actualidad\/?p=52829"},"modified":"2025-04-23T13:19:01","modified_gmt":"2025-04-23T11:19:01","slug":"el-quiosco-de-la-plaza-del-castillo-se-ilumina-este-miercoles-en-color-verde-oscuro-y-naranja-por-la-celebracion-del-dia-nacional-de-la-fibrosis-quistica","status":"publish","type":"post","link":"https:\/\/www.laguiadepamplona.com\/actualidad\/el-quiosco-de-la-plaza-del-castillo-se-ilumina-este-miercoles-en-color-verde-oscuro-y-naranja-por-la-celebracion-del-dia-nacional-de-la-fibrosis-quistica\/","title":{"rendered":"El quiosco de la Plaza del Castillo se ilumina este mi\u00e9rcoles en color verde oscuro y naranja por la celebraci\u00f3n del D\u00eda Nacional de la Fibrosis Qu\u00edstica"},"content":{"rendered":"<h2>La fibrosis qu\u00edstica es una enfermedad degenerativa, cr\u00f3nica y hereditaria que afecta principalmente a pulmones y sistema digestivo<\/h2>\n<p><!--more--><\/p>\n<p>El Ayuntamiento de Pamplona se une este mi\u00e9rcoles a la celebraci\u00f3n del D\u00eda Nacional de la Fibrosis Qu\u00edstica con la iluminaci\u00f3n del quiosco de la Plaza del Castillo en los colores verde oscuro y naranja. Esta conmemoraci\u00f3n tiene lugar el cuarto mi\u00e9rcoles del mes de abril, que este a\u00f1o coincide con el D\u00eda Internacional del Libro. El objetivo de la jornada es dar visibilidad a esta dolencia y apoyar las reivindicaciones de las personas afectadas.<\/p>\n<p>La fibrosis qu\u00edstica es una enfermedad gen\u00e9tica que da\u00f1a los pulmones, el tubo digestivo y otros \u00f3rganos. Su origen est\u00e1 en un gen defectuoso que se transmite de forma hereditaria. Esta enfermedad cr\u00f3nica degenerativa produce secreciones espesas que obstruyen diversos \u00f3rganos y limitan la calidad de vida de afectados y sus familias. Actualmente, no existe cura para la enfermedad, pero s\u00ed tratamientos terap\u00e9uticos que mejoran los s\u00edntomas.<\/p>\n<p>Los tratamientos utilizados en la actualidad incluyen la antibioterapia, la fisioterapia respiratoria, moduladores de la prote\u00edna CFTR, nutrici\u00f3n personalizada, ejercicio f\u00edsico y, en casos m\u00e1s avanzados y agotados el resto de recursos terap\u00e9uticos, el trasplante pulmonar. Entre los s\u00edntomas m\u00e1s habituales se incluyen los problemas respiratorios, falta de peso, problemas digestivos y sabor salado de la piel.<\/p>\n<p>La fibrosis qu\u00edstica, cuya causa es la alteraci\u00f3n de un gen llamado CFTR (gen regulador de la Conductancia Transmembrana), afecta a uno de cada 5.000 ni\u00f1os y ni\u00f1as nacidos en Espa\u00f1a, y uno de cada 35 habitantes son portadores de la enfermedad, es decir, solo tienen un gen afectado y no sufren el mal, pero pueden transmitirlo. Los avances en la investigaci\u00f3n y el abordaje multidisciplinar han llevado a un incremento de la esperanza de vida de los pacientes.<\/p>\n","protected":false},"excerpt":{"rendered":"<p>La fibrosis qu\u00edstica es una enfermedad degenerativa, cr\u00f3nica y hereditaria que afecta principalmente a pulmones y sistema digestivo<\/p>\n","protected":false},"author":1,"featured_media":52200,"comment_status":"open","ping_status":"closed","sticky":false,"template":"","format":"standard","meta":{"footnotes":""},"categories":[2],"tags":[],"class_list":["post-52829","post","type-post","status-publish","format-standard","has-post-thumbnail","hentry","category-ayuntamiento-pamplona"],"yoast_head":"<!-- This site is optimized with the Yoast SEO plugin v27.3 - https:\/\/yoast.com\/product\/yoast-seo-wordpress\/ -->\n<title>El quiosco de la Plaza del Castillo se ilumina este mi\u00e9rcoles en color verde oscuro y naranja por la celebraci\u00f3n del D\u00eda Nacional de la Fibrosis Qu\u00edstica<\/title>\n<meta name=\"description\" content=\"La fibrosis qu\u00edstica es una enfermedad degenerativa, cr\u00f3nica y hereditaria que afecta principalmente a pulmones y sistema digestivo\" \/>\n<meta name=\"robots\" content=\"index, follow, max-snippet:-1, max-image-preview:large, max-video-preview:-1\" \/>\n<link rel=\"canonical\" href=\"https:\/\/www.laguiadepamplona.com\/actualidad\/el-quiosco-de-la-plaza-del-castillo-se-ilumina-este-miercoles-en-color-verde-oscuro-y-naranja-por-la-celebracion-del-dia-nacional-de-la-fibrosis-quistica\/\" \/>\n<meta property=\"og:locale\" content=\"es_ES\" \/>\n<meta property=\"og:type\" content=\"article\" \/>\n<meta property=\"og:title\" content=\"El quiosco de la Plaza del Castillo se ilumina este mi\u00e9rcoles en color verde oscuro y naranja por la celebraci\u00f3n del D\u00eda Nacional de la Fibrosis Qu\u00edstica\" \/>\n<meta property=\"og:description\" content=\"La fibrosis qu\u00edstica es una enfermedad degenerativa, cr\u00f3nica y hereditaria que afecta principalmente a pulmones y sistema digestivo\" \/>\n<meta property=\"og:url\" content=\"https:\/\/www.laguiadepamplona.com\/actualidad\/el-quiosco-de-la-plaza-del-castillo-se-ilumina-este-miercoles-en-color-verde-oscuro-y-naranja-por-la-celebracion-del-dia-nacional-de-la-fibrosis-quistica\/\" \/>\n<meta property=\"og:site_name\" content=\"La Gu\u00eda de Pamplona\" \/>\n<meta property=\"article:publisher\" content=\"https:\/\/www.facebook.com\/laguiadepamplonacom-133175176762273\/?ref=hl\" \/>\n<meta property=\"article:published_time\" content=\"2025-04-23T11:19:01+00:00\" \/>\n<meta property=\"og:image\" content=\"https:\/\/www.laguiadepamplona.com\/actualidad\/wp-content\/uploads\/2025\/02\/iluminacion-kiosco-verde_web.webp\" \/>\n\t<meta property=\"og:image:width\" content=\"1000\" \/>\n\t<meta property=\"og:image:height\" content=\"467\" \/>\n\t<meta property=\"og:image:type\" content=\"image\/webp\" \/>\n<meta name=\"author\" content=\"La Gu\u00eda de Pamplona\" \/>\n<meta name=\"twitter:card\" content=\"summary_large_image\" \/>\n<meta name=\"twitter:creator\" content=\"@LaGuiadPamplona\" \/>\n<meta name=\"twitter:site\" content=\"@LaGuiadPamplona\" \/>\n<meta name=\"twitter:label1\" content=\"Escrito por\" \/>\n\t<meta name=\"twitter:data1\" content=\"La Gu\u00eda de Pamplona\" \/>\n\t<meta name=\"twitter:label2\" content=\"Tiempo de lectura\" \/>\n\t<meta name=\"twitter:data2\" content=\"2 minutos\" \/>\n<script type=\"application\/ld+json\" class=\"yoast-schema-graph\">{\"@context\":\"https:\\\/\\\/schema.org\",\"@graph\":[{\"@type\":\"Article\",\"@id\":\"https:\\\/\\\/www.laguiadepamplona.com\\\/actualidad\\\/el-quiosco-de-la-plaza-del-castillo-se-ilumina-este-miercoles-en-color-verde-oscuro-y-naranja-por-la-celebracion-del-dia-nacional-de-la-fibrosis-quistica\\\/#article\",\"isPartOf\":{\"@id\":\"https:\\\/\\\/www.laguiadepamplona.com\\\/actualidad\\\/el-quiosco-de-la-plaza-del-castillo-se-ilumina-este-miercoles-en-color-verde-oscuro-y-naranja-por-la-celebracion-del-dia-nacional-de-la-fibrosis-quistica\\\/\"},\"author\":{\"name\":\"La Gu\u00eda de Pamplona\",\"@id\":\"https:\\\/\\\/www.laguiadepamplona.com\\\/actualidad\\\/#\\\/schema\\\/person\\\/efe887376f0213d4657c93adc50b1fdb\"},\"headline\":\"El quiosco de la Plaza del Castillo se ilumina este mi\u00e9rcoles en color verde oscuro y naranja por la celebraci\u00f3n del D\u00eda Nacional de la Fibrosis Qu\u00edstica\",\"datePublished\":\"2025-04-23T11:19:01+00:00\",\"mainEntityOfPage\":{\"@id\":\"https:\\\/\\\/www.laguiadepamplona.com\\\/actualidad\\\/el-quiosco-de-la-plaza-del-castillo-se-ilumina-este-miercoles-en-color-verde-oscuro-y-naranja-por-la-celebracion-del-dia-nacional-de-la-fibrosis-quistica\\\/\"},\"wordCount\":355,\"commentCount\":0,\"publisher\":{\"@id\":\"https:\\\/\\\/www.laguiadepamplona.com\\\/actualidad\\\/#organization\"},\"image\":{\"@id\":\"https:\\\/\\\/www.laguiadepamplona.com\\\/actualidad\\\/el-quiosco-de-la-plaza-del-castillo-se-ilumina-este-miercoles-en-color-verde-oscuro-y-naranja-por-la-celebracion-del-dia-nacional-de-la-fibrosis-quistica\\\/#primaryimage\"},\"thumbnailUrl\":\"https:\\\/\\\/www.laguiadepamplona.com\\\/actualidad\\\/wp-content\\\/uploads\\\/2025\\\/02\\\/iluminacion-kiosco-verde_web.webp\",\"articleSection\":[\"Ayto Pamplona\"],\"inLanguage\":\"es\",\"potentialAction\":[{\"@type\":\"CommentAction\",\"name\":\"Comment\",\"target\":[\"https:\\\/\\\/www.laguiadepamplona.com\\\/actualidad\\\/el-quiosco-de-la-plaza-del-castillo-se-ilumina-este-miercoles-en-color-verde-oscuro-y-naranja-por-la-celebracion-del-dia-nacional-de-la-fibrosis-quistica\\\/#respond\"]}]},{\"@type\":\"WebPage\",\"@id\":\"https:\\\/\\\/www.laguiadepamplona.com\\\/actualidad\\\/el-quiosco-de-la-plaza-del-castillo-se-ilumina-este-miercoles-en-color-verde-oscuro-y-naranja-por-la-celebracion-del-dia-nacional-de-la-fibrosis-quistica\\\/\",\"url\":\"https:\\\/\\\/www.laguiadepamplona.com\\\/actualidad\\\/el-quiosco-de-la-plaza-del-castillo-se-ilumina-este-miercoles-en-color-verde-oscuro-y-naranja-por-la-celebracion-del-dia-nacional-de-la-fibrosis-quistica\\\/\",\"name\":\"El quiosco de la Plaza del Castillo se ilumina este mi\u00e9rcoles en color verde oscuro y naranja por la celebraci\u00f3n del D\u00eda Nacional de la Fibrosis Qu\u00edstica\",\"isPartOf\":{\"@id\":\"https:\\\/\\\/www.laguiadepamplona.com\\\/actualidad\\\/#website\"},\"primaryImageOfPage\":{\"@id\":\"https:\\\/\\\/www.laguiadepamplona.com\\\/actualidad\\\/el-quiosco-de-la-plaza-del-castillo-se-ilumina-este-miercoles-en-color-verde-oscuro-y-naranja-por-la-celebracion-del-dia-nacional-de-la-fibrosis-quistica\\\/#primaryimage\"},\"image\":{\"@id\":\"https:\\\/\\\/www.laguiadepamplona.com\\\/actualidad\\\/el-quiosco-de-la-plaza-del-castillo-se-ilumina-este-miercoles-en-color-verde-oscuro-y-naranja-por-la-celebracion-del-dia-nacional-de-la-fibrosis-quistica\\\/#primaryimage\"},\"thumbnailUrl\":\"https:\\\/\\\/www.laguiadepamplona.com\\\/actualidad\\\/wp-content\\\/uploads\\\/2025\\\/02\\\/iluminacion-kiosco-verde_web.webp\",\"datePublished\":\"2025-04-23T11:19:01+00:00\",\"description\":\"La fibrosis qu\u00edstica es una enfermedad degenerativa, cr\u00f3nica y hereditaria que afecta principalmente a pulmones y sistema digestivo\",\"breadcrumb\":{\"@id\":\"https:\\\/\\\/www.laguiadepamplona.com\\\/actualidad\\\/el-quiosco-de-la-plaza-del-castillo-se-ilumina-este-miercoles-en-color-verde-oscuro-y-naranja-por-la-celebracion-del-dia-nacional-de-la-fibrosis-quistica\\\/#breadcrumb\"},\"inLanguage\":\"es\",\"potentialAction\":[{\"@type\":\"ReadAction\",\"target\":[\"https:\\\/\\\/www.laguiadepamplona.com\\\/actualidad\\\/el-quiosco-de-la-plaza-del-castillo-se-ilumina-este-miercoles-en-color-verde-oscuro-y-naranja-por-la-celebracion-del-dia-nacional-de-la-fibrosis-quistica\\\/\"]}]},{\"@type\":\"ImageObject\",\"inLanguage\":\"es\",\"@id\":\"https:\\\/\\\/www.laguiadepamplona.com\\\/actualidad\\\/el-quiosco-de-la-plaza-del-castillo-se-ilumina-este-miercoles-en-color-verde-oscuro-y-naranja-por-la-celebracion-del-dia-nacional-de-la-fibrosis-quistica\\\/#primaryimage\",\"url\":\"https:\\\/\\\/www.laguiadepamplona.com\\\/actualidad\\\/wp-content\\\/uploads\\\/2025\\\/02\\\/iluminacion-kiosco-verde_web.webp\",\"contentUrl\":\"https:\\\/\\\/www.laguiadepamplona.com\\\/actualidad\\\/wp-content\\\/uploads\\\/2025\\\/02\\\/iluminacion-kiosco-verde_web.webp\",\"width\":1000,\"height\":467,\"caption\":\"iluminaci\u00f3n kiosco verde plaza del castillo\"},{\"@type\":\"BreadcrumbList\",\"@id\":\"https:\\\/\\\/www.laguiadepamplona.com\\\/actualidad\\\/el-quiosco-de-la-plaza-del-castillo-se-ilumina-este-miercoles-en-color-verde-oscuro-y-naranja-por-la-celebracion-del-dia-nacional-de-la-fibrosis-quistica\\\/#breadcrumb\",\"itemListElement\":[{\"@type\":\"ListItem\",\"position\":1,\"name\":\"Portada\",\"item\":\"https:\\\/\\\/www.laguiadepamplona.com\\\/actualidad\\\/\"},{\"@type\":\"ListItem\",\"position\":2,\"name\":\"El quiosco de la Plaza del Castillo se ilumina este mi\u00e9rcoles en color verde oscuro y naranja por la celebraci\u00f3n del D\u00eda Nacional de la Fibrosis Qu\u00edstica\"}]},{\"@type\":\"WebSite\",\"@id\":\"https:\\\/\\\/www.laguiadepamplona.com\\\/actualidad\\\/#website\",\"url\":\"https:\\\/\\\/www.laguiadepamplona.com\\\/actualidad\\\/\",\"name\":\"La gu\u00eda de Pamplona\",\"description\":\"Noticias de Pamplona\",\"publisher\":{\"@id\":\"https:\\\/\\\/www.laguiadepamplona.com\\\/actualidad\\\/#organization\"},\"potentialAction\":[{\"@type\":\"SearchAction\",\"target\":{\"@type\":\"EntryPoint\",\"urlTemplate\":\"https:\\\/\\\/www.laguiadepamplona.com\\\/actualidad\\\/?s={search_term_string}\"},\"query-input\":{\"@type\":\"PropertyValueSpecification\",\"valueRequired\":true,\"valueName\":\"search_term_string\"}}],\"inLanguage\":\"es\"},{\"@type\":\"Organization\",\"@id\":\"https:\\\/\\\/www.laguiadepamplona.com\\\/actualidad\\\/#organization\",\"name\":\"La Gu\u00eda de Pamplona \\\/ Noticias\",\"url\":\"https:\\\/\\\/www.laguiadepamplona.com\\\/actualidad\\\/\",\"logo\":{\"@type\":\"ImageObject\",\"inLanguage\":\"es\",\"@id\":\"https:\\\/\\\/www.laguiadepamplona.com\\\/actualidad\\\/#\\\/schema\\\/logo\\\/image\\\/\",\"url\":\"https:\\\/\\\/www.laguiadepamplona.com\\\/actualidad\\\/wp-content\\\/uploads\\\/2018\\\/11\\\/logo-laguiadepamplona18-web1.png\",\"contentUrl\":\"https:\\\/\\\/www.laguiadepamplona.com\\\/actualidad\\\/wp-content\\\/uploads\\\/2018\\\/11\\\/logo-laguiadepamplona18-web1.png\",\"width\":600,\"height\":196,\"caption\":\"La Gu\u00eda de Pamplona \\\/ Noticias\"},\"image\":{\"@id\":\"https:\\\/\\\/www.laguiadepamplona.com\\\/actualidad\\\/#\\\/schema\\\/logo\\\/image\\\/\"},\"sameAs\":[\"https:\\\/\\\/www.facebook.com\\\/laguiadepamplonacom-133175176762273\\\/?ref=hl\",\"https:\\\/\\\/x.com\\\/LaGuiadPamplona\",\"https:\\\/\\\/www.instagram.com\\\/la_guia_de_pamplona\\\/\",\"https:\\\/\\\/www.youtube.com\\\/user\\\/laguiadepamplona\"]},{\"@type\":\"Person\",\"@id\":\"https:\\\/\\\/www.laguiadepamplona.com\\\/actualidad\\\/#\\\/schema\\\/person\\\/efe887376f0213d4657c93adc50b1fdb\",\"name\":\"La Gu\u00eda de Pamplona\",\"image\":{\"@type\":\"ImageObject\",\"inLanguage\":\"es\",\"@id\":\"https:\\\/\\\/secure.gravatar.com\\\/avatar\\\/b6992f131dc8d30ab0dff15446e9d346d9dbd95992de0fef795073f5ea83a81c?s=96&d=mm&r=g\",\"url\":\"https:\\\/\\\/secure.gravatar.com\\\/avatar\\\/b6992f131dc8d30ab0dff15446e9d346d9dbd95992de0fef795073f5ea83a81c?s=96&d=mm&r=g\",\"contentUrl\":\"https:\\\/\\\/secure.gravatar.com\\\/avatar\\\/b6992f131dc8d30ab0dff15446e9d346d9dbd95992de0fef795073f5ea83a81c?s=96&d=mm&r=g\",\"caption\":\"La Gu\u00eda de Pamplona\"}}]}<\/script>\n<!-- \/ Yoast SEO plugin. -->","yoast_head_json":{"title":"El quiosco de la Plaza del Castillo se ilumina este mi\u00e9rcoles en color verde oscuro y naranja por la celebraci\u00f3n del D\u00eda Nacional de la Fibrosis Qu\u00edstica","description":"La fibrosis qu\u00edstica es una enfermedad degenerativa, cr\u00f3nica y hereditaria que afecta principalmente a pulmones y sistema digestivo","robots":{"index":"index","follow":"follow","max-snippet":"max-snippet:-1","max-image-preview":"max-image-preview:large","max-video-preview":"max-video-preview:-1"},"canonical":"https:\/\/www.laguiadepamplona.com\/actualidad\/el-quiosco-de-la-plaza-del-castillo-se-ilumina-este-miercoles-en-color-verde-oscuro-y-naranja-por-la-celebracion-del-dia-nacional-de-la-fibrosis-quistica\/","og_locale":"es_ES","og_type":"article","og_title":"El quiosco de la Plaza del Castillo se ilumina este mi\u00e9rcoles en color verde oscuro y naranja por la celebraci\u00f3n del D\u00eda Nacional de la Fibrosis Qu\u00edstica","og_description":"La fibrosis qu\u00edstica es una enfermedad degenerativa, cr\u00f3nica y hereditaria que afecta principalmente a pulmones y sistema digestivo","og_url":"https:\/\/www.laguiadepamplona.com\/actualidad\/el-quiosco-de-la-plaza-del-castillo-se-ilumina-este-miercoles-en-color-verde-oscuro-y-naranja-por-la-celebracion-del-dia-nacional-de-la-fibrosis-quistica\/","og_site_name":"La Gu\u00eda de Pamplona","article_publisher":"https:\/\/www.facebook.com\/laguiadepamplonacom-133175176762273\/?ref=hl","article_published_time":"2025-04-23T11:19:01+00:00","og_image":[{"width":1000,"height":467,"url":"https:\/\/www.laguiadepamplona.com\/actualidad\/wp-content\/uploads\/2025\/02\/iluminacion-kiosco-verde_web.webp","type":"image\/webp"}],"author":"La Gu\u00eda de Pamplona","twitter_card":"summary_large_image","twitter_creator":"@LaGuiadPamplona","twitter_site":"@LaGuiadPamplona","twitter_misc":{"Escrito por":"La Gu\u00eda de Pamplona","Tiempo de lectura":"2 minutos"},"schema":{"@context":"https:\/\/schema.org","@graph":[{"@type":"Article","@id":"https:\/\/www.laguiadepamplona.com\/actualidad\/el-quiosco-de-la-plaza-del-castillo-se-ilumina-este-miercoles-en-color-verde-oscuro-y-naranja-por-la-celebracion-del-dia-nacional-de-la-fibrosis-quistica\/#article","isPartOf":{"@id":"https:\/\/www.laguiadepamplona.com\/actualidad\/el-quiosco-de-la-plaza-del-castillo-se-ilumina-este-miercoles-en-color-verde-oscuro-y-naranja-por-la-celebracion-del-dia-nacional-de-la-fibrosis-quistica\/"},"author":{"name":"La Gu\u00eda de Pamplona","@id":"https:\/\/www.laguiadepamplona.com\/actualidad\/#\/schema\/person\/efe887376f0213d4657c93adc50b1fdb"},"headline":"El quiosco de la Plaza del Castillo se ilumina este mi\u00e9rcoles en color verde oscuro y naranja por la celebraci\u00f3n del D\u00eda Nacional de la Fibrosis Qu\u00edstica","datePublished":"2025-04-23T11:19:01+00:00","mainEntityOfPage":{"@id":"https:\/\/www.laguiadepamplona.com\/actualidad\/el-quiosco-de-la-plaza-del-castillo-se-ilumina-este-miercoles-en-color-verde-oscuro-y-naranja-por-la-celebracion-del-dia-nacional-de-la-fibrosis-quistica\/"},"wordCount":355,"commentCount":0,"publisher":{"@id":"https:\/\/www.laguiadepamplona.com\/actualidad\/#organization"},"image":{"@id":"https:\/\/www.laguiadepamplona.com\/actualidad\/el-quiosco-de-la-plaza-del-castillo-se-ilumina-este-miercoles-en-color-verde-oscuro-y-naranja-por-la-celebracion-del-dia-nacional-de-la-fibrosis-quistica\/#primaryimage"},"thumbnailUrl":"https:\/\/www.laguiadepamplona.com\/actualidad\/wp-content\/uploads\/2025\/02\/iluminacion-kiosco-verde_web.webp","articleSection":["Ayto Pamplona"],"inLanguage":"es","potentialAction":[{"@type":"CommentAction","name":"Comment","target":["https:\/\/www.laguiadepamplona.com\/actualidad\/el-quiosco-de-la-plaza-del-castillo-se-ilumina-este-miercoles-en-color-verde-oscuro-y-naranja-por-la-celebracion-del-dia-nacional-de-la-fibrosis-quistica\/#respond"]}]},{"@type":"WebPage","@id":"https:\/\/www.laguiadepamplona.com\/actualidad\/el-quiosco-de-la-plaza-del-castillo-se-ilumina-este-miercoles-en-color-verde-oscuro-y-naranja-por-la-celebracion-del-dia-nacional-de-la-fibrosis-quistica\/","url":"https:\/\/www.laguiadepamplona.com\/actualidad\/el-quiosco-de-la-plaza-del-castillo-se-ilumina-este-miercoles-en-color-verde-oscuro-y-naranja-por-la-celebracion-del-dia-nacional-de-la-fibrosis-quistica\/","name":"El quiosco de la Plaza del Castillo se ilumina este mi\u00e9rcoles en color verde oscuro y naranja por la celebraci\u00f3n del D\u00eda Nacional de la Fibrosis Qu\u00edstica","isPartOf":{"@id":"https:\/\/www.laguiadepamplona.com\/actualidad\/#website"},"primaryImageOfPage":{"@id":"https:\/\/www.laguiadepamplona.com\/actualidad\/el-quiosco-de-la-plaza-del-castillo-se-ilumina-este-miercoles-en-color-verde-oscuro-y-naranja-por-la-celebracion-del-dia-nacional-de-la-fibrosis-quistica\/#primaryimage"},"image":{"@id":"https:\/\/www.laguiadepamplona.com\/actualidad\/el-quiosco-de-la-plaza-del-castillo-se-ilumina-este-miercoles-en-color-verde-oscuro-y-naranja-por-la-celebracion-del-dia-nacional-de-la-fibrosis-quistica\/#primaryimage"},"thumbnailUrl":"https:\/\/www.laguiadepamplona.com\/actualidad\/wp-content\/uploads\/2025\/02\/iluminacion-kiosco-verde_web.webp","datePublished":"2025-04-23T11:19:01+00:00","description":"La fibrosis qu\u00edstica es una enfermedad degenerativa, cr\u00f3nica y hereditaria que afecta principalmente a pulmones y sistema digestivo","breadcrumb":{"@id":"https:\/\/www.laguiadepamplona.com\/actualidad\/el-quiosco-de-la-plaza-del-castillo-se-ilumina-este-miercoles-en-color-verde-oscuro-y-naranja-por-la-celebracion-del-dia-nacional-de-la-fibrosis-quistica\/#breadcrumb"},"inLanguage":"es","potentialAction":[{"@type":"ReadAction","target":["https:\/\/www.laguiadepamplona.com\/actualidad\/el-quiosco-de-la-plaza-del-castillo-se-ilumina-este-miercoles-en-color-verde-oscuro-y-naranja-por-la-celebracion-del-dia-nacional-de-la-fibrosis-quistica\/"]}]},{"@type":"ImageObject","inLanguage":"es","@id":"https:\/\/www.laguiadepamplona.com\/actualidad\/el-quiosco-de-la-plaza-del-castillo-se-ilumina-este-miercoles-en-color-verde-oscuro-y-naranja-por-la-celebracion-del-dia-nacional-de-la-fibrosis-quistica\/#primaryimage","url":"https:\/\/www.laguiadepamplona.com\/actualidad\/wp-content\/uploads\/2025\/02\/iluminacion-kiosco-verde_web.webp","contentUrl":"https:\/\/www.laguiadepamplona.com\/actualidad\/wp-content\/uploads\/2025\/02\/iluminacion-kiosco-verde_web.webp","width":1000,"height":467,"caption":"iluminaci\u00f3n kiosco verde plaza del castillo"},{"@type":"BreadcrumbList","@id":"https:\/\/www.laguiadepamplona.com\/actualidad\/el-quiosco-de-la-plaza-del-castillo-se-ilumina-este-miercoles-en-color-verde-oscuro-y-naranja-por-la-celebracion-del-dia-nacional-de-la-fibrosis-quistica\/#breadcrumb","itemListElement":[{"@type":"ListItem","position":1,"name":"Portada","item":"https:\/\/www.laguiadepamplona.com\/actualidad\/"},{"@type":"ListItem","position":2,"name":"El quiosco de la Plaza del Castillo se ilumina este mi\u00e9rcoles en color verde oscuro y naranja por la celebraci\u00f3n del D\u00eda Nacional de la Fibrosis Qu\u00edstica"}]},{"@type":"WebSite","@id":"https:\/\/www.laguiadepamplona.com\/actualidad\/#website","url":"https:\/\/www.laguiadepamplona.com\/actualidad\/","name":"La gu\u00eda de Pamplona","description":"Noticias de Pamplona","publisher":{"@id":"https:\/\/www.laguiadepamplona.com\/actualidad\/#organization"},"potentialAction":[{"@type":"SearchAction","target":{"@type":"EntryPoint","urlTemplate":"https:\/\/www.laguiadepamplona.com\/actualidad\/?s={search_term_string}"},"query-input":{"@type":"PropertyValueSpecification","valueRequired":true,"valueName":"search_term_string"}}],"inLanguage":"es"},{"@type":"Organization","@id":"https:\/\/www.laguiadepamplona.com\/actualidad\/#organization","name":"La Gu\u00eda de Pamplona \/ Noticias","url":"https:\/\/www.laguiadepamplona.com\/actualidad\/","logo":{"@type":"ImageObject","inLanguage":"es","@id":"https:\/\/www.laguiadepamplona.com\/actualidad\/#\/schema\/logo\/image\/","url":"https:\/\/www.laguiadepamplona.com\/actualidad\/wp-content\/uploads\/2018\/11\/logo-laguiadepamplona18-web1.png","contentUrl":"https:\/\/www.laguiadepamplona.com\/actualidad\/wp-content\/uploads\/2018\/11\/logo-laguiadepamplona18-web1.png","width":600,"height":196,"caption":"La Gu\u00eda de Pamplona \/ Noticias"},"image":{"@id":"https:\/\/www.laguiadepamplona.com\/actualidad\/#\/schema\/logo\/image\/"},"sameAs":["https:\/\/www.facebook.com\/laguiadepamplonacom-133175176762273\/?ref=hl","https:\/\/x.com\/LaGuiadPamplona","https:\/\/www.instagram.com\/la_guia_de_pamplona\/","https:\/\/www.youtube.com\/user\/laguiadepamplona"]},{"@type":"Person","@id":"https:\/\/www.laguiadepamplona.com\/actualidad\/#\/schema\/person\/efe887376f0213d4657c93adc50b1fdb","name":"La Gu\u00eda de Pamplona","image":{"@type":"ImageObject","inLanguage":"es","@id":"https:\/\/secure.gravatar.com\/avatar\/b6992f131dc8d30ab0dff15446e9d346d9dbd95992de0fef795073f5ea83a81c?s=96&d=mm&r=g","url":"https:\/\/secure.gravatar.com\/avatar\/b6992f131dc8d30ab0dff15446e9d346d9dbd95992de0fef795073f5ea83a81c?s=96&d=mm&r=g","contentUrl":"https:\/\/secure.gravatar.com\/avatar\/b6992f131dc8d30ab0dff15446e9d346d9dbd95992de0fef795073f5ea83a81c?s=96&d=mm&r=g","caption":"La Gu\u00eda de Pamplona"}}]}},"post_mailing_queue_ids":[],"_links":{"self":[{"href":"https:\/\/www.laguiadepamplona.com\/actualidad\/wp-json\/wp\/v2\/posts\/52829","targetHints":{"allow":["GET"]}}],"collection":[{"href":"https:\/\/www.laguiadepamplona.com\/actualidad\/wp-json\/wp\/v2\/posts"}],"about":[{"href":"https:\/\/www.laguiadepamplona.com\/actualidad\/wp-json\/wp\/v2\/types\/post"}],"author":[{"embeddable":true,"href":"https:\/\/www.laguiadepamplona.com\/actualidad\/wp-json\/wp\/v2\/users\/1"}],"replies":[{"embeddable":true,"href":"https:\/\/www.laguiadepamplona.com\/actualidad\/wp-json\/wp\/v2\/comments?post=52829"}],"version-history":[{"count":1,"href":"https:\/\/www.laguiadepamplona.com\/actualidad\/wp-json\/wp\/v2\/posts\/52829\/revisions"}],"predecessor-version":[{"id":52830,"href":"https:\/\/www.laguiadepamplona.com\/actualidad\/wp-json\/wp\/v2\/posts\/52829\/revisions\/52830"}],"wp:featuredmedia":[{"embeddable":true,"href":"https:\/\/www.laguiadepamplona.com\/actualidad\/wp-json\/wp\/v2\/media\/52200"}],"wp:attachment":[{"href":"https:\/\/www.laguiadepamplona.com\/actualidad\/wp-json\/wp\/v2\/media?parent=52829"}],"wp:term":[{"taxonomy":"category","embeddable":true,"href":"https:\/\/www.laguiadepamplona.com\/actualidad\/wp-json\/wp\/v2\/categories?post=52829"},{"taxonomy":"post_tag","embeddable":true,"href":"https:\/\/www.laguiadepamplona.com\/actualidad\/wp-json\/wp\/v2\/tags?post=52829"}],"curies":[{"name":"wp","href":"https:\/\/api.w.org\/{rel}","templated":true}]}}