{"id":52826,"date":"2025-04-23T13:17:52","date_gmt":"2025-04-23T11:17:52","guid":{"rendered":"https:\/\/www.laguiadepamplona.com\/actualidad\/?p=52826"},"modified":"2025-04-23T13:17:52","modified_gmt":"2025-04-23T11:17:52","slug":"la-lectura-y-la-creacion-literaria-en-euskera-protagonizan-el-programa-de-actividades-de-primavera-del-ayuntamiento-de-pamplona-en-colaboracion-con-la-asociacion-karrikiri","status":"publish","type":"post","link":"https:\/\/www.laguiadepamplona.com\/actualidad\/la-lectura-y-la-creacion-literaria-en-euskera-protagonizan-el-programa-de-actividades-de-primavera-del-ayuntamiento-de-pamplona-en-colaboracion-con-la-asociacion-karrikiri\/","title":{"rendered":"La lectura y la creaci\u00f3n literaria en euskera protagonizan el programa de actividades de primavera del Ayuntamiento de Pamplona en colaboraci\u00f3n con la asociaci\u00f3n Karrikiri"},"content":{"rendered":"<h2>El ciclo se inaugura este jueves, a las 19.30 horas, con la presentaci\u00f3n del libro \u2018Irakurketaren aldeko manifestua\u2019, escrito por Irene Vallejo y traducido por Fernando Rey<\/h2>\n<p><!--more--><\/p>\n<p>El Ayuntamiento de Pamplona ha programado, en colaboraci\u00f3n con la asociaci\u00f3n Karrikiri, cuatro actividades en torno al euskera y la creaci\u00f3n literaria. El programa de primavera incluye las presentaciones de tres libros y dos poemarios, que tendr\u00e1n lugar por la tarde desde este jueves y hasta el 14 de mayo en la sede de la asociaci\u00f3n, en la calle Javier 4 del Casco Antiguo, con entrada libre hasta completar el aforo. Las actividades se desarrollan en euskera.<\/p>\n<p>El programa se abre este jueves, a las 19.30 horas con la presentaci\u00f3n del libro \u2018Irakurketaren aldeko manifestua\u2019, de la autora Irene Vallejo, traducido por Fernando Rey, quien participar\u00e1 en el acto junto a la presentadora Uxue Razquin. El encuentro gira en torno a la lectura y la literatura, poniendo en valor la afici\u00f3n a la lectura. Ser\u00e1 una oportunidad para compartir una postura a favor de la literatura en euskera y mantener un debate enriquecedor.<\/p>\n<p>La segunda presentaci\u00f3n, el martes 29 de abril, a las 19.30 horas, es la publicaci\u00f3n que recoge los trabajos premiados en el concurso de autores noveles en euskera, \u2018Egile berriendako literatur lehiaketa 2024\u2019. Participar\u00e1n las autoras y autores galardonados, quienes hablar\u00e1n sobre sus creaciones, dinamizados por Uxue Rey. Una oportunidad \u00fanica para descubrir la creatividad literaria de las nuevas generaciones.<\/p>\n<p>La poes\u00eda ser\u00e1 protagonista de la tercera cita, el lunes 13 de mayo, a las 19 horas, con la presentaci\u00f3n de los poemarios \u2018Apurkinak\u2019 y \u2018Baden Verboten\u2019, obra de Iker Aranberri Sarasua y Oihane Zuberoa Garmendia, respectivamente, y editados por Pamiela. Los poemarios ofrecen una mirada propia a trav\u00e9s de reflexiones po\u00e9ticas, im\u00e1genes contundentes y un lenguaje cuidado que se mueve entre la cotidianidad y el mundo interior. La actividad ofrece la conversaci\u00f3n con ambos autores en torno a la poes\u00eda contempor\u00e1nea.<\/p>\n<p>Por \u00faltimo, el martes 14 de mayo, a las 19 horas, una de las voces m\u00e1s potentes de la literatura vasca, Miren Agur Meabe, presentar\u00e1 su \u00faltimo trabajo, \u2018Amorante frantsesa\u2019, editado por Txalaparta. Esta novela aborda una historia personal y profunda que combina el amor, la identidad y la mirada de la mujer. En presencia de la autora, se profundizar\u00e1 en el proceso de creaci\u00f3n del texto, los temas principales y el estilo literario, ofreciendo a las personas participantes un espacio valioso donde vivir y compartir literatura.<\/p>\n<h3>Programa de primavera 2025<\/h3>\n<ul>\n<li>Presentaci\u00f3n del libro \u2018Irakurketaren aldeko manifestua\u2019\n<ul>\n<li>Fecha y hora: jueves 24 de abril, 19.30 horas<\/li>\n<li>Lugar: Asociaci\u00f3n Karrikiri (calle Javier, 4)<\/li>\n<li>Participantes: Fernando Rey (traductor) y Uxue Razquin (presentadora)<\/li>\n<\/ul>\n<\/li>\n<li>Presentaci\u00f3n del libro \u2018Egile berriendako literatur lehiaketa 2024\u2019\n<ul>\n<li>Fecha y hora: martes 29 de abril, 19.30 horas<\/li>\n<li>Lugar: Asociaci\u00f3n Karrikiri (calle Javier, 4)<\/li>\n<li>Participantes: Las personas premiadas este a\u00f1o y Uxue Rey (presentadora)<\/li>\n<\/ul>\n<\/li>\n<li>Presentaci\u00f3n de dos poemarios: \u2018Apurkinak\u2019 y \u2018Baden Verboten\u2019\n<ul>\n<li>Fecha: lunes 13 de mayo, 19.00 horas<\/li>\n<li>Lugar: Asociaci\u00f3n Karrikiri (calle de Javier, 4)<\/li>\n<li>Participantes: Iker Aranberri Sarasua y Oihane Zuberoa Garmendia<\/li>\n<li>Editorial: Pamiela<\/li>\n<\/ul>\n<\/li>\n<li>Presentaci\u00f3n del libro \u2018Amorante frantsesa\u2019\n<ul>\n<li>Fecha: martes 14 de mayo, 19.00 horas<\/li>\n<li>Lugar: Asociaci\u00f3n Karrikiri (calle Javier, 4)<\/li>\n<li>Participa: Miren Agur Meabe<\/li>\n<li>Editorial: Txalaparta<\/li>\n<\/ul>\n<\/li>\n<\/ul>\n","protected":false},"excerpt":{"rendered":"<p>El ciclo se inaugura este jueves, a las 19.30 horas, con la presentaci\u00f3n del libro \u2018Irakurketaren aldeko manifestua\u2019, escrito por Irene Vallejo y traducido por Fernando Rey<\/p>\n","protected":false},"author":1,"featured_media":52827,"comment_status":"open","ping_status":"closed","sticky":false,"template":"","format":"standard","meta":{"footnotes":""},"categories":[2],"tags":[],"class_list":["post-52826","post","type-post","status-publish","format-standard","has-post-thumbnail","hentry","category-ayuntamiento-pamplona"],"yoast_head":"<!-- This site is optimized with the Yoast SEO plugin v27.3 - https:\/\/yoast.com\/product\/yoast-seo-wordpress\/ -->\n<title>La lectura y la creaci\u00f3n literaria en euskera protagonizan el programa de actividades de primavera del Ayuntamiento de Pamplona en colaboraci\u00f3n con la asociaci\u00f3n Karrikiri<\/title>\n<meta name=\"description\" content=\"El ciclo se inaugura este jueves, a las 19.30 horas, con la presentaci\u00f3n del libro \u2018Irakurketaren aldeko manifestua\u2019, escrito por Irene Vallejo y traducido por Fernando Rey\u00a0\" \/>\n<meta name=\"robots\" content=\"index, follow, max-snippet:-1, max-image-preview:large, max-video-preview:-1\" \/>\n<link rel=\"canonical\" href=\"https:\/\/www.laguiadepamplona.com\/actualidad\/la-lectura-y-la-creacion-literaria-en-euskera-protagonizan-el-programa-de-actividades-de-primavera-del-ayuntamiento-de-pamplona-en-colaboracion-con-la-asociacion-karrikiri\/\" \/>\n<meta property=\"og:locale\" content=\"es_ES\" \/>\n<meta property=\"og:type\" content=\"article\" \/>\n<meta property=\"og:title\" content=\"La lectura y la creaci\u00f3n literaria en euskera protagonizan el programa de actividades de primavera del Ayuntamiento de Pamplona en colaboraci\u00f3n con la asociaci\u00f3n Karrikiri\" \/>\n<meta property=\"og:description\" content=\"El ciclo se inaugura este jueves, a las 19.30 horas, con la presentaci\u00f3n del libro \u2018Irakurketaren aldeko manifestua\u2019, escrito por Irene Vallejo y traducido por Fernando Rey\u00a0\" \/>\n<meta property=\"og:url\" content=\"https:\/\/www.laguiadepamplona.com\/actualidad\/la-lectura-y-la-creacion-literaria-en-euskera-protagonizan-el-programa-de-actividades-de-primavera-del-ayuntamiento-de-pamplona-en-colaboracion-con-la-asociacion-karrikiri\/\" \/>\n<meta property=\"og:site_name\" content=\"La Gu\u00eda de Pamplona\" \/>\n<meta property=\"article:publisher\" content=\"https:\/\/www.facebook.com\/laguiadepamplonacom-133175176762273\/?ref=hl\" \/>\n<meta property=\"article:published_time\" content=\"2025-04-23T11:17:52+00:00\" \/>\n<meta property=\"og:image\" content=\"https:\/\/www.laguiadepamplona.com\/actualidad\/wp-content\/uploads\/2025\/04\/karrikiri_web.jpg\" \/>\n\t<meta property=\"og:image:width\" content=\"678\" \/>\n\t<meta property=\"og:image:height\" content=\"452\" \/>\n\t<meta property=\"og:image:type\" content=\"image\/jpeg\" \/>\n<meta name=\"author\" content=\"La Gu\u00eda de Pamplona\" \/>\n<meta name=\"twitter:card\" content=\"summary_large_image\" \/>\n<meta name=\"twitter:creator\" content=\"@LaGuiadPamplona\" \/>\n<meta name=\"twitter:site\" content=\"@LaGuiadPamplona\" \/>\n<meta name=\"twitter:label1\" content=\"Escrito por\" \/>\n\t<meta name=\"twitter:data1\" content=\"La Gu\u00eda de Pamplona\" \/>\n\t<meta name=\"twitter:label2\" content=\"Tiempo de lectura\" \/>\n\t<meta name=\"twitter:data2\" content=\"3 minutos\" \/>\n<script type=\"application\/ld+json\" class=\"yoast-schema-graph\">{\"@context\":\"https:\\\/\\\/schema.org\",\"@graph\":[{\"@type\":\"Article\",\"@id\":\"https:\\\/\\\/www.laguiadepamplona.com\\\/actualidad\\\/la-lectura-y-la-creacion-literaria-en-euskera-protagonizan-el-programa-de-actividades-de-primavera-del-ayuntamiento-de-pamplona-en-colaboracion-con-la-asociacion-karrikiri\\\/#article\",\"isPartOf\":{\"@id\":\"https:\\\/\\\/www.laguiadepamplona.com\\\/actualidad\\\/la-lectura-y-la-creacion-literaria-en-euskera-protagonizan-el-programa-de-actividades-de-primavera-del-ayuntamiento-de-pamplona-en-colaboracion-con-la-asociacion-karrikiri\\\/\"},\"author\":{\"name\":\"La Gu\u00eda de Pamplona\",\"@id\":\"https:\\\/\\\/www.laguiadepamplona.com\\\/actualidad\\\/#\\\/schema\\\/person\\\/efe887376f0213d4657c93adc50b1fdb\"},\"headline\":\"La lectura y la creaci\u00f3n literaria en euskera protagonizan el programa de actividades de primavera del Ayuntamiento de Pamplona en colaboraci\u00f3n con la asociaci\u00f3n Karrikiri\",\"datePublished\":\"2025-04-23T11:17:52+00:00\",\"mainEntityOfPage\":{\"@id\":\"https:\\\/\\\/www.laguiadepamplona.com\\\/actualidad\\\/la-lectura-y-la-creacion-literaria-en-euskera-protagonizan-el-programa-de-actividades-de-primavera-del-ayuntamiento-de-pamplona-en-colaboracion-con-la-asociacion-karrikiri\\\/\"},\"wordCount\":565,\"commentCount\":0,\"publisher\":{\"@id\":\"https:\\\/\\\/www.laguiadepamplona.com\\\/actualidad\\\/#organization\"},\"image\":{\"@id\":\"https:\\\/\\\/www.laguiadepamplona.com\\\/actualidad\\\/la-lectura-y-la-creacion-literaria-en-euskera-protagonizan-el-programa-de-actividades-de-primavera-del-ayuntamiento-de-pamplona-en-colaboracion-con-la-asociacion-karrikiri\\\/#primaryimage\"},\"thumbnailUrl\":\"https:\\\/\\\/www.laguiadepamplona.com\\\/actualidad\\\/wp-content\\\/uploads\\\/2025\\\/04\\\/karrikiri_web.jpg\",\"articleSection\":[\"Ayto Pamplona\"],\"inLanguage\":\"es\",\"potentialAction\":[{\"@type\":\"CommentAction\",\"name\":\"Comment\",\"target\":[\"https:\\\/\\\/www.laguiadepamplona.com\\\/actualidad\\\/la-lectura-y-la-creacion-literaria-en-euskera-protagonizan-el-programa-de-actividades-de-primavera-del-ayuntamiento-de-pamplona-en-colaboracion-con-la-asociacion-karrikiri\\\/#respond\"]}]},{\"@type\":\"WebPage\",\"@id\":\"https:\\\/\\\/www.laguiadepamplona.com\\\/actualidad\\\/la-lectura-y-la-creacion-literaria-en-euskera-protagonizan-el-programa-de-actividades-de-primavera-del-ayuntamiento-de-pamplona-en-colaboracion-con-la-asociacion-karrikiri\\\/\",\"url\":\"https:\\\/\\\/www.laguiadepamplona.com\\\/actualidad\\\/la-lectura-y-la-creacion-literaria-en-euskera-protagonizan-el-programa-de-actividades-de-primavera-del-ayuntamiento-de-pamplona-en-colaboracion-con-la-asociacion-karrikiri\\\/\",\"name\":\"La lectura y la creaci\u00f3n literaria en euskera protagonizan el programa de actividades de primavera del Ayuntamiento de Pamplona en colaboraci\u00f3n con la asociaci\u00f3n Karrikiri\",\"isPartOf\":{\"@id\":\"https:\\\/\\\/www.laguiadepamplona.com\\\/actualidad\\\/#website\"},\"primaryImageOfPage\":{\"@id\":\"https:\\\/\\\/www.laguiadepamplona.com\\\/actualidad\\\/la-lectura-y-la-creacion-literaria-en-euskera-protagonizan-el-programa-de-actividades-de-primavera-del-ayuntamiento-de-pamplona-en-colaboracion-con-la-asociacion-karrikiri\\\/#primaryimage\"},\"image\":{\"@id\":\"https:\\\/\\\/www.laguiadepamplona.com\\\/actualidad\\\/la-lectura-y-la-creacion-literaria-en-euskera-protagonizan-el-programa-de-actividades-de-primavera-del-ayuntamiento-de-pamplona-en-colaboracion-con-la-asociacion-karrikiri\\\/#primaryimage\"},\"thumbnailUrl\":\"https:\\\/\\\/www.laguiadepamplona.com\\\/actualidad\\\/wp-content\\\/uploads\\\/2025\\\/04\\\/karrikiri_web.jpg\",\"datePublished\":\"2025-04-23T11:17:52+00:00\",\"description\":\"El ciclo se inaugura este jueves, a las 19.30 horas, con la presentaci\u00f3n del libro \u2018Irakurketaren aldeko manifestua\u2019, escrito por Irene Vallejo y traducido por Fernando Rey\u00a0\",\"breadcrumb\":{\"@id\":\"https:\\\/\\\/www.laguiadepamplona.com\\\/actualidad\\\/la-lectura-y-la-creacion-literaria-en-euskera-protagonizan-el-programa-de-actividades-de-primavera-del-ayuntamiento-de-pamplona-en-colaboracion-con-la-asociacion-karrikiri\\\/#breadcrumb\"},\"inLanguage\":\"es\",\"potentialAction\":[{\"@type\":\"ReadAction\",\"target\":[\"https:\\\/\\\/www.laguiadepamplona.com\\\/actualidad\\\/la-lectura-y-la-creacion-literaria-en-euskera-protagonizan-el-programa-de-actividades-de-primavera-del-ayuntamiento-de-pamplona-en-colaboracion-con-la-asociacion-karrikiri\\\/\"]}]},{\"@type\":\"ImageObject\",\"inLanguage\":\"es\",\"@id\":\"https:\\\/\\\/www.laguiadepamplona.com\\\/actualidad\\\/la-lectura-y-la-creacion-literaria-en-euskera-protagonizan-el-programa-de-actividades-de-primavera-del-ayuntamiento-de-pamplona-en-colaboracion-con-la-asociacion-karrikiri\\\/#primaryimage\",\"url\":\"https:\\\/\\\/www.laguiadepamplona.com\\\/actualidad\\\/wp-content\\\/uploads\\\/2025\\\/04\\\/karrikiri_web.jpg\",\"contentUrl\":\"https:\\\/\\\/www.laguiadepamplona.com\\\/actualidad\\\/wp-content\\\/uploads\\\/2025\\\/04\\\/karrikiri_web.jpg\",\"width\":678,\"height\":452,\"caption\":\"karrikiri\"},{\"@type\":\"BreadcrumbList\",\"@id\":\"https:\\\/\\\/www.laguiadepamplona.com\\\/actualidad\\\/la-lectura-y-la-creacion-literaria-en-euskera-protagonizan-el-programa-de-actividades-de-primavera-del-ayuntamiento-de-pamplona-en-colaboracion-con-la-asociacion-karrikiri\\\/#breadcrumb\",\"itemListElement\":[{\"@type\":\"ListItem\",\"position\":1,\"name\":\"Portada\",\"item\":\"https:\\\/\\\/www.laguiadepamplona.com\\\/actualidad\\\/\"},{\"@type\":\"ListItem\",\"position\":2,\"name\":\"La lectura y la creaci\u00f3n literaria en euskera protagonizan el programa de actividades de primavera del Ayuntamiento de Pamplona en colaboraci\u00f3n con la asociaci\u00f3n Karrikiri\"}]},{\"@type\":\"WebSite\",\"@id\":\"https:\\\/\\\/www.laguiadepamplona.com\\\/actualidad\\\/#website\",\"url\":\"https:\\\/\\\/www.laguiadepamplona.com\\\/actualidad\\\/\",\"name\":\"La gu\u00eda de Pamplona\",\"description\":\"Noticias de Pamplona\",\"publisher\":{\"@id\":\"https:\\\/\\\/www.laguiadepamplona.com\\\/actualidad\\\/#organization\"},\"potentialAction\":[{\"@type\":\"SearchAction\",\"target\":{\"@type\":\"EntryPoint\",\"urlTemplate\":\"https:\\\/\\\/www.laguiadepamplona.com\\\/actualidad\\\/?s={search_term_string}\"},\"query-input\":{\"@type\":\"PropertyValueSpecification\",\"valueRequired\":true,\"valueName\":\"search_term_string\"}}],\"inLanguage\":\"es\"},{\"@type\":\"Organization\",\"@id\":\"https:\\\/\\\/www.laguiadepamplona.com\\\/actualidad\\\/#organization\",\"name\":\"La Gu\u00eda de Pamplona \\\/ Noticias\",\"url\":\"https:\\\/\\\/www.laguiadepamplona.com\\\/actualidad\\\/\",\"logo\":{\"@type\":\"ImageObject\",\"inLanguage\":\"es\",\"@id\":\"https:\\\/\\\/www.laguiadepamplona.com\\\/actualidad\\\/#\\\/schema\\\/logo\\\/image\\\/\",\"url\":\"https:\\\/\\\/www.laguiadepamplona.com\\\/actualidad\\\/wp-content\\\/uploads\\\/2018\\\/11\\\/logo-laguiadepamplona18-web1.png\",\"contentUrl\":\"https:\\\/\\\/www.laguiadepamplona.com\\\/actualidad\\\/wp-content\\\/uploads\\\/2018\\\/11\\\/logo-laguiadepamplona18-web1.png\",\"width\":600,\"height\":196,\"caption\":\"La Gu\u00eda de Pamplona \\\/ Noticias\"},\"image\":{\"@id\":\"https:\\\/\\\/www.laguiadepamplona.com\\\/actualidad\\\/#\\\/schema\\\/logo\\\/image\\\/\"},\"sameAs\":[\"https:\\\/\\\/www.facebook.com\\\/laguiadepamplonacom-133175176762273\\\/?ref=hl\",\"https:\\\/\\\/x.com\\\/LaGuiadPamplona\",\"https:\\\/\\\/www.instagram.com\\\/la_guia_de_pamplona\\\/\",\"https:\\\/\\\/www.youtube.com\\\/user\\\/laguiadepamplona\"]},{\"@type\":\"Person\",\"@id\":\"https:\\\/\\\/www.laguiadepamplona.com\\\/actualidad\\\/#\\\/schema\\\/person\\\/efe887376f0213d4657c93adc50b1fdb\",\"name\":\"La Gu\u00eda de Pamplona\",\"image\":{\"@type\":\"ImageObject\",\"inLanguage\":\"es\",\"@id\":\"https:\\\/\\\/secure.gravatar.com\\\/avatar\\\/b6992f131dc8d30ab0dff15446e9d346d9dbd95992de0fef795073f5ea83a81c?s=96&d=mm&r=g\",\"url\":\"https:\\\/\\\/secure.gravatar.com\\\/avatar\\\/b6992f131dc8d30ab0dff15446e9d346d9dbd95992de0fef795073f5ea83a81c?s=96&d=mm&r=g\",\"contentUrl\":\"https:\\\/\\\/secure.gravatar.com\\\/avatar\\\/b6992f131dc8d30ab0dff15446e9d346d9dbd95992de0fef795073f5ea83a81c?s=96&d=mm&r=g\",\"caption\":\"La Gu\u00eda de Pamplona\"}}]}<\/script>\n<!-- \/ Yoast SEO plugin. -->","yoast_head_json":{"title":"La lectura y la creaci\u00f3n literaria en euskera protagonizan el programa de actividades de primavera del Ayuntamiento de Pamplona en colaboraci\u00f3n con la asociaci\u00f3n Karrikiri","description":"El ciclo se inaugura este jueves, a las 19.30 horas, con la presentaci\u00f3n del libro \u2018Irakurketaren aldeko manifestua\u2019, escrito por Irene Vallejo y traducido por Fernando Rey\u00a0","robots":{"index":"index","follow":"follow","max-snippet":"max-snippet:-1","max-image-preview":"max-image-preview:large","max-video-preview":"max-video-preview:-1"},"canonical":"https:\/\/www.laguiadepamplona.com\/actualidad\/la-lectura-y-la-creacion-literaria-en-euskera-protagonizan-el-programa-de-actividades-de-primavera-del-ayuntamiento-de-pamplona-en-colaboracion-con-la-asociacion-karrikiri\/","og_locale":"es_ES","og_type":"article","og_title":"La lectura y la creaci\u00f3n literaria en euskera protagonizan el programa de actividades de primavera del Ayuntamiento de Pamplona en colaboraci\u00f3n con la asociaci\u00f3n Karrikiri","og_description":"El ciclo se inaugura este jueves, a las 19.30 horas, con la presentaci\u00f3n del libro \u2018Irakurketaren aldeko manifestua\u2019, escrito por Irene Vallejo y traducido por Fernando Rey\u00a0","og_url":"https:\/\/www.laguiadepamplona.com\/actualidad\/la-lectura-y-la-creacion-literaria-en-euskera-protagonizan-el-programa-de-actividades-de-primavera-del-ayuntamiento-de-pamplona-en-colaboracion-con-la-asociacion-karrikiri\/","og_site_name":"La Gu\u00eda de Pamplona","article_publisher":"https:\/\/www.facebook.com\/laguiadepamplonacom-133175176762273\/?ref=hl","article_published_time":"2025-04-23T11:17:52+00:00","og_image":[{"width":678,"height":452,"url":"https:\/\/www.laguiadepamplona.com\/actualidad\/wp-content\/uploads\/2025\/04\/karrikiri_web.jpg","type":"image\/jpeg"}],"author":"La Gu\u00eda de Pamplona","twitter_card":"summary_large_image","twitter_creator":"@LaGuiadPamplona","twitter_site":"@LaGuiadPamplona","twitter_misc":{"Escrito por":"La Gu\u00eda de Pamplona","Tiempo de lectura":"3 minutos"},"schema":{"@context":"https:\/\/schema.org","@graph":[{"@type":"Article","@id":"https:\/\/www.laguiadepamplona.com\/actualidad\/la-lectura-y-la-creacion-literaria-en-euskera-protagonizan-el-programa-de-actividades-de-primavera-del-ayuntamiento-de-pamplona-en-colaboracion-con-la-asociacion-karrikiri\/#article","isPartOf":{"@id":"https:\/\/www.laguiadepamplona.com\/actualidad\/la-lectura-y-la-creacion-literaria-en-euskera-protagonizan-el-programa-de-actividades-de-primavera-del-ayuntamiento-de-pamplona-en-colaboracion-con-la-asociacion-karrikiri\/"},"author":{"name":"La Gu\u00eda de Pamplona","@id":"https:\/\/www.laguiadepamplona.com\/actualidad\/#\/schema\/person\/efe887376f0213d4657c93adc50b1fdb"},"headline":"La lectura y la creaci\u00f3n literaria en euskera protagonizan el programa de actividades de primavera del Ayuntamiento de Pamplona en colaboraci\u00f3n con la asociaci\u00f3n Karrikiri","datePublished":"2025-04-23T11:17:52+00:00","mainEntityOfPage":{"@id":"https:\/\/www.laguiadepamplona.com\/actualidad\/la-lectura-y-la-creacion-literaria-en-euskera-protagonizan-el-programa-de-actividades-de-primavera-del-ayuntamiento-de-pamplona-en-colaboracion-con-la-asociacion-karrikiri\/"},"wordCount":565,"commentCount":0,"publisher":{"@id":"https:\/\/www.laguiadepamplona.com\/actualidad\/#organization"},"image":{"@id":"https:\/\/www.laguiadepamplona.com\/actualidad\/la-lectura-y-la-creacion-literaria-en-euskera-protagonizan-el-programa-de-actividades-de-primavera-del-ayuntamiento-de-pamplona-en-colaboracion-con-la-asociacion-karrikiri\/#primaryimage"},"thumbnailUrl":"https:\/\/www.laguiadepamplona.com\/actualidad\/wp-content\/uploads\/2025\/04\/karrikiri_web.jpg","articleSection":["Ayto Pamplona"],"inLanguage":"es","potentialAction":[{"@type":"CommentAction","name":"Comment","target":["https:\/\/www.laguiadepamplona.com\/actualidad\/la-lectura-y-la-creacion-literaria-en-euskera-protagonizan-el-programa-de-actividades-de-primavera-del-ayuntamiento-de-pamplona-en-colaboracion-con-la-asociacion-karrikiri\/#respond"]}]},{"@type":"WebPage","@id":"https:\/\/www.laguiadepamplona.com\/actualidad\/la-lectura-y-la-creacion-literaria-en-euskera-protagonizan-el-programa-de-actividades-de-primavera-del-ayuntamiento-de-pamplona-en-colaboracion-con-la-asociacion-karrikiri\/","url":"https:\/\/www.laguiadepamplona.com\/actualidad\/la-lectura-y-la-creacion-literaria-en-euskera-protagonizan-el-programa-de-actividades-de-primavera-del-ayuntamiento-de-pamplona-en-colaboracion-con-la-asociacion-karrikiri\/","name":"La lectura y la creaci\u00f3n literaria en euskera protagonizan el programa de actividades de primavera del Ayuntamiento de Pamplona en colaboraci\u00f3n con la asociaci\u00f3n Karrikiri","isPartOf":{"@id":"https:\/\/www.laguiadepamplona.com\/actualidad\/#website"},"primaryImageOfPage":{"@id":"https:\/\/www.laguiadepamplona.com\/actualidad\/la-lectura-y-la-creacion-literaria-en-euskera-protagonizan-el-programa-de-actividades-de-primavera-del-ayuntamiento-de-pamplona-en-colaboracion-con-la-asociacion-karrikiri\/#primaryimage"},"image":{"@id":"https:\/\/www.laguiadepamplona.com\/actualidad\/la-lectura-y-la-creacion-literaria-en-euskera-protagonizan-el-programa-de-actividades-de-primavera-del-ayuntamiento-de-pamplona-en-colaboracion-con-la-asociacion-karrikiri\/#primaryimage"},"thumbnailUrl":"https:\/\/www.laguiadepamplona.com\/actualidad\/wp-content\/uploads\/2025\/04\/karrikiri_web.jpg","datePublished":"2025-04-23T11:17:52+00:00","description":"El ciclo se inaugura este jueves, a las 19.30 horas, con la presentaci\u00f3n del libro \u2018Irakurketaren aldeko manifestua\u2019, escrito por Irene Vallejo y traducido por Fernando Rey\u00a0","breadcrumb":{"@id":"https:\/\/www.laguiadepamplona.com\/actualidad\/la-lectura-y-la-creacion-literaria-en-euskera-protagonizan-el-programa-de-actividades-de-primavera-del-ayuntamiento-de-pamplona-en-colaboracion-con-la-asociacion-karrikiri\/#breadcrumb"},"inLanguage":"es","potentialAction":[{"@type":"ReadAction","target":["https:\/\/www.laguiadepamplona.com\/actualidad\/la-lectura-y-la-creacion-literaria-en-euskera-protagonizan-el-programa-de-actividades-de-primavera-del-ayuntamiento-de-pamplona-en-colaboracion-con-la-asociacion-karrikiri\/"]}]},{"@type":"ImageObject","inLanguage":"es","@id":"https:\/\/www.laguiadepamplona.com\/actualidad\/la-lectura-y-la-creacion-literaria-en-euskera-protagonizan-el-programa-de-actividades-de-primavera-del-ayuntamiento-de-pamplona-en-colaboracion-con-la-asociacion-karrikiri\/#primaryimage","url":"https:\/\/www.laguiadepamplona.com\/actualidad\/wp-content\/uploads\/2025\/04\/karrikiri_web.jpg","contentUrl":"https:\/\/www.laguiadepamplona.com\/actualidad\/wp-content\/uploads\/2025\/04\/karrikiri_web.jpg","width":678,"height":452,"caption":"karrikiri"},{"@type":"BreadcrumbList","@id":"https:\/\/www.laguiadepamplona.com\/actualidad\/la-lectura-y-la-creacion-literaria-en-euskera-protagonizan-el-programa-de-actividades-de-primavera-del-ayuntamiento-de-pamplona-en-colaboracion-con-la-asociacion-karrikiri\/#breadcrumb","itemListElement":[{"@type":"ListItem","position":1,"name":"Portada","item":"https:\/\/www.laguiadepamplona.com\/actualidad\/"},{"@type":"ListItem","position":2,"name":"La lectura y la creaci\u00f3n literaria en euskera protagonizan el programa de actividades de primavera del Ayuntamiento de Pamplona en colaboraci\u00f3n con la asociaci\u00f3n Karrikiri"}]},{"@type":"WebSite","@id":"https:\/\/www.laguiadepamplona.com\/actualidad\/#website","url":"https:\/\/www.laguiadepamplona.com\/actualidad\/","name":"La gu\u00eda de Pamplona","description":"Noticias de Pamplona","publisher":{"@id":"https:\/\/www.laguiadepamplona.com\/actualidad\/#organization"},"potentialAction":[{"@type":"SearchAction","target":{"@type":"EntryPoint","urlTemplate":"https:\/\/www.laguiadepamplona.com\/actualidad\/?s={search_term_string}"},"query-input":{"@type":"PropertyValueSpecification","valueRequired":true,"valueName":"search_term_string"}}],"inLanguage":"es"},{"@type":"Organization","@id":"https:\/\/www.laguiadepamplona.com\/actualidad\/#organization","name":"La Gu\u00eda de Pamplona \/ Noticias","url":"https:\/\/www.laguiadepamplona.com\/actualidad\/","logo":{"@type":"ImageObject","inLanguage":"es","@id":"https:\/\/www.laguiadepamplona.com\/actualidad\/#\/schema\/logo\/image\/","url":"https:\/\/www.laguiadepamplona.com\/actualidad\/wp-content\/uploads\/2018\/11\/logo-laguiadepamplona18-web1.png","contentUrl":"https:\/\/www.laguiadepamplona.com\/actualidad\/wp-content\/uploads\/2018\/11\/logo-laguiadepamplona18-web1.png","width":600,"height":196,"caption":"La Gu\u00eda de Pamplona \/ Noticias"},"image":{"@id":"https:\/\/www.laguiadepamplona.com\/actualidad\/#\/schema\/logo\/image\/"},"sameAs":["https:\/\/www.facebook.com\/laguiadepamplonacom-133175176762273\/?ref=hl","https:\/\/x.com\/LaGuiadPamplona","https:\/\/www.instagram.com\/la_guia_de_pamplona\/","https:\/\/www.youtube.com\/user\/laguiadepamplona"]},{"@type":"Person","@id":"https:\/\/www.laguiadepamplona.com\/actualidad\/#\/schema\/person\/efe887376f0213d4657c93adc50b1fdb","name":"La Gu\u00eda de Pamplona","image":{"@type":"ImageObject","inLanguage":"es","@id":"https:\/\/secure.gravatar.com\/avatar\/b6992f131dc8d30ab0dff15446e9d346d9dbd95992de0fef795073f5ea83a81c?s=96&d=mm&r=g","url":"https:\/\/secure.gravatar.com\/avatar\/b6992f131dc8d30ab0dff15446e9d346d9dbd95992de0fef795073f5ea83a81c?s=96&d=mm&r=g","contentUrl":"https:\/\/secure.gravatar.com\/avatar\/b6992f131dc8d30ab0dff15446e9d346d9dbd95992de0fef795073f5ea83a81c?s=96&d=mm&r=g","caption":"La Gu\u00eda de Pamplona"}}]}},"post_mailing_queue_ids":[],"_links":{"self":[{"href":"https:\/\/www.laguiadepamplona.com\/actualidad\/wp-json\/wp\/v2\/posts\/52826","targetHints":{"allow":["GET"]}}],"collection":[{"href":"https:\/\/www.laguiadepamplona.com\/actualidad\/wp-json\/wp\/v2\/posts"}],"about":[{"href":"https:\/\/www.laguiadepamplona.com\/actualidad\/wp-json\/wp\/v2\/types\/post"}],"author":[{"embeddable":true,"href":"https:\/\/www.laguiadepamplona.com\/actualidad\/wp-json\/wp\/v2\/users\/1"}],"replies":[{"embeddable":true,"href":"https:\/\/www.laguiadepamplona.com\/actualidad\/wp-json\/wp\/v2\/comments?post=52826"}],"version-history":[{"count":1,"href":"https:\/\/www.laguiadepamplona.com\/actualidad\/wp-json\/wp\/v2\/posts\/52826\/revisions"}],"predecessor-version":[{"id":52828,"href":"https:\/\/www.laguiadepamplona.com\/actualidad\/wp-json\/wp\/v2\/posts\/52826\/revisions\/52828"}],"wp:featuredmedia":[{"embeddable":true,"href":"https:\/\/www.laguiadepamplona.com\/actualidad\/wp-json\/wp\/v2\/media\/52827"}],"wp:attachment":[{"href":"https:\/\/www.laguiadepamplona.com\/actualidad\/wp-json\/wp\/v2\/media?parent=52826"}],"wp:term":[{"taxonomy":"category","embeddable":true,"href":"https:\/\/www.laguiadepamplona.com\/actualidad\/wp-json\/wp\/v2\/categories?post=52826"},{"taxonomy":"post_tag","embeddable":true,"href":"https:\/\/www.laguiadepamplona.com\/actualidad\/wp-json\/wp\/v2\/tags?post=52826"}],"curies":[{"name":"wp","href":"https:\/\/api.w.org\/{rel}","templated":true}]}}