{"id":52824,"date":"2025-04-23T13:16:23","date_gmt":"2025-04-23T11:16:23","guid":{"rendered":"https:\/\/www.laguiadepamplona.com\/actualidad\/?p=52824"},"modified":"2025-04-23T13:16:23","modified_gmt":"2025-04-23T11:16:23","slug":"convocadas-las-subvenciones-municipales-dirigidas-a-industrias-culturales-artisticas-y-creativas-para-la-realizacion-de-actividades-durante-este-ano","status":"publish","type":"post","link":"https:\/\/www.laguiadepamplona.com\/actualidad\/convocadas-las-subvenciones-municipales-dirigidas-a-industrias-culturales-artisticas-y-creativas-para-la-realizacion-de-actividades-durante-este-ano\/","title":{"rendered":"Convocadas las subvenciones municipales dirigidas a industrias culturales, art\u00edsticas y creativas para la realizaci\u00f3n de actividades durante este a\u00f1o"},"content":{"rendered":"<h2>La convocatoria est\u00e1 dotada con 81.000 euros y tiene un plazo de presentaci\u00f3n de solicitudes que finaliza el 28 de abril<\/h2>\n<p><!--more--><\/p>\n<p>El Ayuntamiento de Pamplona ha convocado las subvenciones, en r\u00e9gimen de concurrencia competitiva, para ayudas a industrias culturales, art\u00edsticas y creativas para la realizaci\u00f3n y programaci\u00f3n de actividades culturales y art\u00edsticas en este a\u00f1o 2025. El presupuesto de la convocatoria asciende a 81.000 euros y el plazo de presentaci\u00f3n de solicitudes finaliza el pr\u00f3ximo 28 de abril. Se pueden presentar de forma telem\u00e1tica o, en caso de no tener obligaci\u00f3n, se puede presentar tambi\u00e9n la documentaci\u00f3n en los registros municipales o en cualquiera de los previstos en la ley.<\/p>\n<p>La convocatoria regula las ayudas econ\u00f3micas a aquellas empresas y\/o profesionales de la cultura que llevan a cabo iniciativas que expresan su inquietud art\u00edstica y contribuyen al desarrollo de la cultura en la ciudad de Pamplona, a trav\u00e9s de cualquiera de sus manifestaciones. Las actividades objeto de subvenci\u00f3n deben contribuir a la igualdad de oportunidades entre mujeres y hombres en el sector cultural en todas las fases del proceso (creaci\u00f3n, realizaci\u00f3n y evaluaci\u00f3n). Asimismo, busca fortalecer y diversificar el sector cultural al tiempo que impulsa su car\u00e1cter como innovador y trasformador de la realidad cultural. Los proyectos se ejecutar\u00e1n \u00edntegramente entre el 1 de enero y el 31 de diciembre de 2025 y deber\u00e1n desarrollarse dentro del t\u00e9rmino municipal de Pamplona.<\/p>\n<p>Especialmente, esas actividades hacen referencia a festivales, recitales, ciclos, encuentros y\/o cert\u00e1menes de artes esc\u00e9nicas; ciclos y\/o encuentros de m\u00fasica; jornadas, talleres; festivales y ciclos de conferencias, proyecciones audiovisuales y cinef\u00f3rums; proyectos de investigaci\u00f3n, intervenci\u00f3n, o difusi\u00f3n cultural que fomenten la conservaci\u00f3n y la divulgaci\u00f3n del patrimonio hist\u00f3rico, material e inmaterial de la ciudad; y actividades de promoci\u00f3n del libro, la lectura y la literatura, en cualquiera de sus especialidades y soportes o cualquier otra actividad que pueda ser considerada de car\u00e1cter cultural y art\u00edstico, exceptuando la edici\u00f3n.<\/p>\n<p>Cada industria solicitante podr\u00e1 presentar una \u00fanica propuesta que contendr\u00e1 el proyecto con las actividades a realizar. El mismo proyecto solo se podr\u00e1 presentar a una de las dos convocatorias culturales ofertadas por el Ayuntamiento de Pamplona, bien esta de industrias bien la dirigida a entidades culturales. El porcentaje m\u00e1ximo que se puede subvencionar ser\u00e1 de un 30% del presupuesto aceptado del proyecto y con un importe m\u00e1ximo de 10.000 euros. Los detalles de la convocatoria se pueden consultar en la web municipal, <a href=\"http:\/\/www.pamplona.es\" target=\"_blank\" rel=\"noopener\">www.pamplona.es<\/a>, y en el <a href=\"https:\/\/bon.navarra.es\/es\/anuncio\/-\/texto\/2025\/62\/65\" target=\"_blank\" rel=\"noopener\">Bolet\u00edn Oficial de Navarra n\u00famero 62<\/a> de 27 de marzo.<\/p>\n<p><strong>Requisitos de los proyectos y de las industrias y\/o profesionales que concurran<\/strong><\/p>\n<p>Los proyectos subvencionables deben estar vinculados al desarrollo de alg\u00fan objetivo de car\u00e1cter cultural y\/o art\u00edstico, ser abiertos a la ciudadan\u00eda en general y realizarse en el t\u00e9rmino municipal de Pamplona. Excepcionalmente, se pueden admitir actividades que no se celebren en Pamplona y se realicen en otros lugares fuera de Navarra, siempre y cuando ayuden en la promoci\u00f3n de Pamplona como ciudad cultural y sean parte de un proyecto que mayoritariamente se desarrolle en Pamplona. En ese caso solo podr\u00e1 subvencionarse un 20% del presupuesto.<\/p>\n<p>Las industrias que se presenten deben ser personas jur\u00eddicas legalmente constituidas e inscritas en el registro correspondiente y tener en los objetivos de sus estatutos o acta de constituci\u00f3n la realizaci\u00f3n de actividades de actividades de difusi\u00f3n cultural y art\u00edstica. En el caso de profesionales, deber\u00e1n ser personas aut\u00f3nomas y dadas de alta en un ep\u00edgrafe del IAE que est\u00e9 relacionado con la cultura. Adem\u00e1s, quien quiera concurrir deber\u00e1 estar al corriente en el cumplimiento de las obligaciones tributarias con el Ayuntamiento de Pamplona y con la Seguridad Social, y no tener pendiente de justificar subvenciones anteriores concedidas por el este ayuntamiento cuyo plazo de justificaci\u00f3n hubiera finalizado.<\/p>\n<p>Los criterios de valoraci\u00f3n de las solicitudes puntuar\u00e1n aspectos relacionados con la entidad solicitante (fines y objetivos, inexistencia de entidades similares, domicilio fiscal de Pamplona); con el propio proyecto (calidad, inter\u00e9s, innovaci\u00f3n y originalidad, trabajo en colaboraci\u00f3n); la planificaci\u00f3n, comunicaci\u00f3n y evaluaci\u00f3n del proyecto; la perspectiva de g\u00e9nero (en la organizaci\u00f3n, en el proyecto); y la integraci\u00f3n y Objetivos de Desarrollo Sostenible. Se tendr\u00e1 en cuenta tambi\u00e9n la viabilidad econ\u00f3mica del proyecto y su coherencia presupuestaria.<\/p>\n","protected":false},"excerpt":{"rendered":"<p>La convocatoria est\u00e1 dotada con 81.000 euros y tiene un plazo de presentaci\u00f3n de solicitudes que finaliza el 28 de abril<\/p>\n","protected":false},"author":1,"featured_media":51519,"comment_status":"open","ping_status":"closed","sticky":false,"template":"","format":"standard","meta":{"footnotes":""},"categories":[2],"tags":[],"class_list":["post-52824","post","type-post","status-publish","format-standard","has-post-thumbnail","hentry","category-ayuntamiento-pamplona"],"yoast_head":"<!-- This site is optimized with the Yoast SEO plugin v27.5 - https:\/\/yoast.com\/product\/yoast-seo-wordpress\/ -->\n<title>Convocadas las subvenciones municipales dirigidas a industrias culturales, art\u00edsticas y creativas para la realizaci\u00f3n de actividades durante este a\u00f1o<\/title>\n<meta name=\"description\" content=\"La convocatoria est\u00e1 dotada con 81.000 euros y tiene un plazo de presentaci\u00f3n de solicitudes que finaliza el 28 de abril\" \/>\n<meta name=\"robots\" content=\"index, follow, max-snippet:-1, max-image-preview:large, max-video-preview:-1\" \/>\n<link rel=\"canonical\" href=\"https:\/\/www.laguiadepamplona.com\/actualidad\/convocadas-las-subvenciones-municipales-dirigidas-a-industrias-culturales-artisticas-y-creativas-para-la-realizacion-de-actividades-durante-este-ano\/\" \/>\n<meta property=\"og:locale\" content=\"es_ES\" \/>\n<meta property=\"og:type\" content=\"article\" \/>\n<meta property=\"og:title\" content=\"Convocadas las subvenciones municipales dirigidas a industrias culturales, art\u00edsticas y creativas para la realizaci\u00f3n de actividades durante este a\u00f1o\" \/>\n<meta property=\"og:description\" content=\"La convocatoria est\u00e1 dotada con 81.000 euros y tiene un plazo de presentaci\u00f3n de solicitudes que finaliza el 28 de abril\" \/>\n<meta property=\"og:url\" content=\"https:\/\/www.laguiadepamplona.com\/actualidad\/convocadas-las-subvenciones-municipales-dirigidas-a-industrias-culturales-artisticas-y-creativas-para-la-realizacion-de-actividades-durante-este-ano\/\" \/>\n<meta property=\"og:site_name\" content=\"La Gu\u00eda de Pamplona\" \/>\n<meta property=\"article:publisher\" content=\"https:\/\/www.facebook.com\/laguiadepamplonacom-133175176762273\/?ref=hl\" \/>\n<meta property=\"article:published_time\" content=\"2025-04-23T11:16:23+00:00\" \/>\n<meta property=\"og:image\" content=\"https:\/\/www.laguiadepamplona.com\/actualidad\/wp-content\/uploads\/2024\/12\/suvenciones_cultura_web.webp\" \/>\n\t<meta property=\"og:image:width\" content=\"1000\" \/>\n\t<meta property=\"og:image:height\" content=\"711\" \/>\n\t<meta property=\"og:image:type\" content=\"image\/webp\" \/>\n<meta name=\"author\" content=\"La Gu\u00eda de Pamplona\" \/>\n<meta name=\"twitter:card\" content=\"summary_large_image\" \/>\n<meta name=\"twitter:creator\" content=\"@LaGuiadPamplona\" \/>\n<meta name=\"twitter:site\" content=\"@LaGuiadPamplona\" \/>\n<meta name=\"twitter:label1\" content=\"Escrito por\" \/>\n\t<meta name=\"twitter:data1\" content=\"La Gu\u00eda de Pamplona\" \/>\n\t<meta name=\"twitter:label2\" content=\"Tiempo de lectura\" \/>\n\t<meta name=\"twitter:data2\" content=\"4 minutos\" \/>\n<script type=\"application\/ld+json\" class=\"yoast-schema-graph\">{\"@context\":\"https:\\\/\\\/schema.org\",\"@graph\":[{\"@type\":\"Article\",\"@id\":\"https:\\\/\\\/www.laguiadepamplona.com\\\/actualidad\\\/convocadas-las-subvenciones-municipales-dirigidas-a-industrias-culturales-artisticas-y-creativas-para-la-realizacion-de-actividades-durante-este-ano\\\/#article\",\"isPartOf\":{\"@id\":\"https:\\\/\\\/www.laguiadepamplona.com\\\/actualidad\\\/convocadas-las-subvenciones-municipales-dirigidas-a-industrias-culturales-artisticas-y-creativas-para-la-realizacion-de-actividades-durante-este-ano\\\/\"},\"author\":{\"name\":\"La Gu\u00eda de Pamplona\",\"@id\":\"https:\\\/\\\/www.laguiadepamplona.com\\\/actualidad\\\/#\\\/schema\\\/person\\\/efe887376f0213d4657c93adc50b1fdb\"},\"headline\":\"Convocadas las subvenciones municipales dirigidas a industrias culturales, art\u00edsticas y creativas para la realizaci\u00f3n de actividades durante este a\u00f1o\",\"datePublished\":\"2025-04-23T11:16:23+00:00\",\"mainEntityOfPage\":{\"@id\":\"https:\\\/\\\/www.laguiadepamplona.com\\\/actualidad\\\/convocadas-las-subvenciones-municipales-dirigidas-a-industrias-culturales-artisticas-y-creativas-para-la-realizacion-de-actividades-durante-este-ano\\\/\"},\"wordCount\":784,\"commentCount\":0,\"publisher\":{\"@id\":\"https:\\\/\\\/www.laguiadepamplona.com\\\/actualidad\\\/#organization\"},\"image\":{\"@id\":\"https:\\\/\\\/www.laguiadepamplona.com\\\/actualidad\\\/convocadas-las-subvenciones-municipales-dirigidas-a-industrias-culturales-artisticas-y-creativas-para-la-realizacion-de-actividades-durante-este-ano\\\/#primaryimage\"},\"thumbnailUrl\":\"https:\\\/\\\/www.laguiadepamplona.com\\\/actualidad\\\/wp-content\\\/uploads\\\/2024\\\/12\\\/suvenciones_cultura_web.webp\",\"articleSection\":[\"Ayto Pamplona\"],\"inLanguage\":\"es\",\"potentialAction\":[{\"@type\":\"CommentAction\",\"name\":\"Comment\",\"target\":[\"https:\\\/\\\/www.laguiadepamplona.com\\\/actualidad\\\/convocadas-las-subvenciones-municipales-dirigidas-a-industrias-culturales-artisticas-y-creativas-para-la-realizacion-de-actividades-durante-este-ano\\\/#respond\"]}]},{\"@type\":\"WebPage\",\"@id\":\"https:\\\/\\\/www.laguiadepamplona.com\\\/actualidad\\\/convocadas-las-subvenciones-municipales-dirigidas-a-industrias-culturales-artisticas-y-creativas-para-la-realizacion-de-actividades-durante-este-ano\\\/\",\"url\":\"https:\\\/\\\/www.laguiadepamplona.com\\\/actualidad\\\/convocadas-las-subvenciones-municipales-dirigidas-a-industrias-culturales-artisticas-y-creativas-para-la-realizacion-de-actividades-durante-este-ano\\\/\",\"name\":\"Convocadas las subvenciones municipales dirigidas a industrias culturales, art\u00edsticas y creativas para la realizaci\u00f3n de actividades durante este a\u00f1o\",\"isPartOf\":{\"@id\":\"https:\\\/\\\/www.laguiadepamplona.com\\\/actualidad\\\/#website\"},\"primaryImageOfPage\":{\"@id\":\"https:\\\/\\\/www.laguiadepamplona.com\\\/actualidad\\\/convocadas-las-subvenciones-municipales-dirigidas-a-industrias-culturales-artisticas-y-creativas-para-la-realizacion-de-actividades-durante-este-ano\\\/#primaryimage\"},\"image\":{\"@id\":\"https:\\\/\\\/www.laguiadepamplona.com\\\/actualidad\\\/convocadas-las-subvenciones-municipales-dirigidas-a-industrias-culturales-artisticas-y-creativas-para-la-realizacion-de-actividades-durante-este-ano\\\/#primaryimage\"},\"thumbnailUrl\":\"https:\\\/\\\/www.laguiadepamplona.com\\\/actualidad\\\/wp-content\\\/uploads\\\/2024\\\/12\\\/suvenciones_cultura_web.webp\",\"datePublished\":\"2025-04-23T11:16:23+00:00\",\"description\":\"La convocatoria est\u00e1 dotada con 81.000 euros y tiene un plazo de presentaci\u00f3n de solicitudes que finaliza el 28 de abril\",\"breadcrumb\":{\"@id\":\"https:\\\/\\\/www.laguiadepamplona.com\\\/actualidad\\\/convocadas-las-subvenciones-municipales-dirigidas-a-industrias-culturales-artisticas-y-creativas-para-la-realizacion-de-actividades-durante-este-ano\\\/#breadcrumb\"},\"inLanguage\":\"es\",\"potentialAction\":[{\"@type\":\"ReadAction\",\"target\":[\"https:\\\/\\\/www.laguiadepamplona.com\\\/actualidad\\\/convocadas-las-subvenciones-municipales-dirigidas-a-industrias-culturales-artisticas-y-creativas-para-la-realizacion-de-actividades-durante-este-ano\\\/\"]}]},{\"@type\":\"ImageObject\",\"inLanguage\":\"es\",\"@id\":\"https:\\\/\\\/www.laguiadepamplona.com\\\/actualidad\\\/convocadas-las-subvenciones-municipales-dirigidas-a-industrias-culturales-artisticas-y-creativas-para-la-realizacion-de-actividades-durante-este-ano\\\/#primaryimage\",\"url\":\"https:\\\/\\\/www.laguiadepamplona.com\\\/actualidad\\\/wp-content\\\/uploads\\\/2024\\\/12\\\/suvenciones_cultura_web.webp\",\"contentUrl\":\"https:\\\/\\\/www.laguiadepamplona.com\\\/actualidad\\\/wp-content\\\/uploads\\\/2024\\\/12\\\/suvenciones_cultura_web.webp\",\"width\":1000,\"height\":711,\"caption\":\"subvenciones cultura\"},{\"@type\":\"BreadcrumbList\",\"@id\":\"https:\\\/\\\/www.laguiadepamplona.com\\\/actualidad\\\/convocadas-las-subvenciones-municipales-dirigidas-a-industrias-culturales-artisticas-y-creativas-para-la-realizacion-de-actividades-durante-este-ano\\\/#breadcrumb\",\"itemListElement\":[{\"@type\":\"ListItem\",\"position\":1,\"name\":\"Portada\",\"item\":\"https:\\\/\\\/www.laguiadepamplona.com\\\/actualidad\\\/\"},{\"@type\":\"ListItem\",\"position\":2,\"name\":\"Convocadas las subvenciones municipales dirigidas a industrias culturales, art\u00edsticas y creativas para la realizaci\u00f3n de actividades durante este a\u00f1o\"}]},{\"@type\":\"WebSite\",\"@id\":\"https:\\\/\\\/www.laguiadepamplona.com\\\/actualidad\\\/#website\",\"url\":\"https:\\\/\\\/www.laguiadepamplona.com\\\/actualidad\\\/\",\"name\":\"La gu\u00eda de Pamplona\",\"description\":\"Noticias de Pamplona\",\"publisher\":{\"@id\":\"https:\\\/\\\/www.laguiadepamplona.com\\\/actualidad\\\/#organization\"},\"potentialAction\":[{\"@type\":\"SearchAction\",\"target\":{\"@type\":\"EntryPoint\",\"urlTemplate\":\"https:\\\/\\\/www.laguiadepamplona.com\\\/actualidad\\\/?s={search_term_string}\"},\"query-input\":{\"@type\":\"PropertyValueSpecification\",\"valueRequired\":true,\"valueName\":\"search_term_string\"}}],\"inLanguage\":\"es\"},{\"@type\":\"Organization\",\"@id\":\"https:\\\/\\\/www.laguiadepamplona.com\\\/actualidad\\\/#organization\",\"name\":\"La Gu\u00eda de Pamplona \\\/ Noticias\",\"url\":\"https:\\\/\\\/www.laguiadepamplona.com\\\/actualidad\\\/\",\"logo\":{\"@type\":\"ImageObject\",\"inLanguage\":\"es\",\"@id\":\"https:\\\/\\\/www.laguiadepamplona.com\\\/actualidad\\\/#\\\/schema\\\/logo\\\/image\\\/\",\"url\":\"https:\\\/\\\/www.laguiadepamplona.com\\\/actualidad\\\/wp-content\\\/uploads\\\/2018\\\/11\\\/logo-laguiadepamplona18-web1.png\",\"contentUrl\":\"https:\\\/\\\/www.laguiadepamplona.com\\\/actualidad\\\/wp-content\\\/uploads\\\/2018\\\/11\\\/logo-laguiadepamplona18-web1.png\",\"width\":600,\"height\":196,\"caption\":\"La Gu\u00eda de Pamplona \\\/ Noticias\"},\"image\":{\"@id\":\"https:\\\/\\\/www.laguiadepamplona.com\\\/actualidad\\\/#\\\/schema\\\/logo\\\/image\\\/\"},\"sameAs\":[\"https:\\\/\\\/www.facebook.com\\\/laguiadepamplonacom-133175176762273\\\/?ref=hl\",\"https:\\\/\\\/x.com\\\/LaGuiadPamplona\",\"https:\\\/\\\/www.instagram.com\\\/la_guia_de_pamplona\\\/\",\"https:\\\/\\\/www.youtube.com\\\/user\\\/laguiadepamplona\"]},{\"@type\":\"Person\",\"@id\":\"https:\\\/\\\/www.laguiadepamplona.com\\\/actualidad\\\/#\\\/schema\\\/person\\\/efe887376f0213d4657c93adc50b1fdb\",\"name\":\"La Gu\u00eda de Pamplona\",\"image\":{\"@type\":\"ImageObject\",\"inLanguage\":\"es\",\"@id\":\"https:\\\/\\\/secure.gravatar.com\\\/avatar\\\/b6992f131dc8d30ab0dff15446e9d346d9dbd95992de0fef795073f5ea83a81c?s=96&d=mm&r=g\",\"url\":\"https:\\\/\\\/secure.gravatar.com\\\/avatar\\\/b6992f131dc8d30ab0dff15446e9d346d9dbd95992de0fef795073f5ea83a81c?s=96&d=mm&r=g\",\"contentUrl\":\"https:\\\/\\\/secure.gravatar.com\\\/avatar\\\/b6992f131dc8d30ab0dff15446e9d346d9dbd95992de0fef795073f5ea83a81c?s=96&d=mm&r=g\",\"caption\":\"La Gu\u00eda de Pamplona\"}}]}<\/script>\n<!-- \/ Yoast SEO plugin. -->","yoast_head_json":{"title":"Convocadas las subvenciones municipales dirigidas a industrias culturales, art\u00edsticas y creativas para la realizaci\u00f3n de actividades durante este a\u00f1o","description":"La convocatoria est\u00e1 dotada con 81.000 euros y tiene un plazo de presentaci\u00f3n de solicitudes que finaliza el 28 de abril","robots":{"index":"index","follow":"follow","max-snippet":"max-snippet:-1","max-image-preview":"max-image-preview:large","max-video-preview":"max-video-preview:-1"},"canonical":"https:\/\/www.laguiadepamplona.com\/actualidad\/convocadas-las-subvenciones-municipales-dirigidas-a-industrias-culturales-artisticas-y-creativas-para-la-realizacion-de-actividades-durante-este-ano\/","og_locale":"es_ES","og_type":"article","og_title":"Convocadas las subvenciones municipales dirigidas a industrias culturales, art\u00edsticas y creativas para la realizaci\u00f3n de actividades durante este a\u00f1o","og_description":"La convocatoria est\u00e1 dotada con 81.000 euros y tiene un plazo de presentaci\u00f3n de solicitudes que finaliza el 28 de abril","og_url":"https:\/\/www.laguiadepamplona.com\/actualidad\/convocadas-las-subvenciones-municipales-dirigidas-a-industrias-culturales-artisticas-y-creativas-para-la-realizacion-de-actividades-durante-este-ano\/","og_site_name":"La Gu\u00eda de Pamplona","article_publisher":"https:\/\/www.facebook.com\/laguiadepamplonacom-133175176762273\/?ref=hl","article_published_time":"2025-04-23T11:16:23+00:00","og_image":[{"width":1000,"height":711,"url":"https:\/\/www.laguiadepamplona.com\/actualidad\/wp-content\/uploads\/2024\/12\/suvenciones_cultura_web.webp","type":"image\/webp"}],"author":"La Gu\u00eda de Pamplona","twitter_card":"summary_large_image","twitter_creator":"@LaGuiadPamplona","twitter_site":"@LaGuiadPamplona","twitter_misc":{"Escrito por":"La Gu\u00eda de Pamplona","Tiempo de lectura":"4 minutos"},"schema":{"@context":"https:\/\/schema.org","@graph":[{"@type":"Article","@id":"https:\/\/www.laguiadepamplona.com\/actualidad\/convocadas-las-subvenciones-municipales-dirigidas-a-industrias-culturales-artisticas-y-creativas-para-la-realizacion-de-actividades-durante-este-ano\/#article","isPartOf":{"@id":"https:\/\/www.laguiadepamplona.com\/actualidad\/convocadas-las-subvenciones-municipales-dirigidas-a-industrias-culturales-artisticas-y-creativas-para-la-realizacion-de-actividades-durante-este-ano\/"},"author":{"name":"La Gu\u00eda de Pamplona","@id":"https:\/\/www.laguiadepamplona.com\/actualidad\/#\/schema\/person\/efe887376f0213d4657c93adc50b1fdb"},"headline":"Convocadas las subvenciones municipales dirigidas a industrias culturales, art\u00edsticas y creativas para la realizaci\u00f3n de actividades durante este a\u00f1o","datePublished":"2025-04-23T11:16:23+00:00","mainEntityOfPage":{"@id":"https:\/\/www.laguiadepamplona.com\/actualidad\/convocadas-las-subvenciones-municipales-dirigidas-a-industrias-culturales-artisticas-y-creativas-para-la-realizacion-de-actividades-durante-este-ano\/"},"wordCount":784,"commentCount":0,"publisher":{"@id":"https:\/\/www.laguiadepamplona.com\/actualidad\/#organization"},"image":{"@id":"https:\/\/www.laguiadepamplona.com\/actualidad\/convocadas-las-subvenciones-municipales-dirigidas-a-industrias-culturales-artisticas-y-creativas-para-la-realizacion-de-actividades-durante-este-ano\/#primaryimage"},"thumbnailUrl":"https:\/\/www.laguiadepamplona.com\/actualidad\/wp-content\/uploads\/2024\/12\/suvenciones_cultura_web.webp","articleSection":["Ayto Pamplona"],"inLanguage":"es","potentialAction":[{"@type":"CommentAction","name":"Comment","target":["https:\/\/www.laguiadepamplona.com\/actualidad\/convocadas-las-subvenciones-municipales-dirigidas-a-industrias-culturales-artisticas-y-creativas-para-la-realizacion-de-actividades-durante-este-ano\/#respond"]}]},{"@type":"WebPage","@id":"https:\/\/www.laguiadepamplona.com\/actualidad\/convocadas-las-subvenciones-municipales-dirigidas-a-industrias-culturales-artisticas-y-creativas-para-la-realizacion-de-actividades-durante-este-ano\/","url":"https:\/\/www.laguiadepamplona.com\/actualidad\/convocadas-las-subvenciones-municipales-dirigidas-a-industrias-culturales-artisticas-y-creativas-para-la-realizacion-de-actividades-durante-este-ano\/","name":"Convocadas las subvenciones municipales dirigidas a industrias culturales, art\u00edsticas y creativas para la realizaci\u00f3n de actividades durante este a\u00f1o","isPartOf":{"@id":"https:\/\/www.laguiadepamplona.com\/actualidad\/#website"},"primaryImageOfPage":{"@id":"https:\/\/www.laguiadepamplona.com\/actualidad\/convocadas-las-subvenciones-municipales-dirigidas-a-industrias-culturales-artisticas-y-creativas-para-la-realizacion-de-actividades-durante-este-ano\/#primaryimage"},"image":{"@id":"https:\/\/www.laguiadepamplona.com\/actualidad\/convocadas-las-subvenciones-municipales-dirigidas-a-industrias-culturales-artisticas-y-creativas-para-la-realizacion-de-actividades-durante-este-ano\/#primaryimage"},"thumbnailUrl":"https:\/\/www.laguiadepamplona.com\/actualidad\/wp-content\/uploads\/2024\/12\/suvenciones_cultura_web.webp","datePublished":"2025-04-23T11:16:23+00:00","description":"La convocatoria est\u00e1 dotada con 81.000 euros y tiene un plazo de presentaci\u00f3n de solicitudes que finaliza el 28 de abril","breadcrumb":{"@id":"https:\/\/www.laguiadepamplona.com\/actualidad\/convocadas-las-subvenciones-municipales-dirigidas-a-industrias-culturales-artisticas-y-creativas-para-la-realizacion-de-actividades-durante-este-ano\/#breadcrumb"},"inLanguage":"es","potentialAction":[{"@type":"ReadAction","target":["https:\/\/www.laguiadepamplona.com\/actualidad\/convocadas-las-subvenciones-municipales-dirigidas-a-industrias-culturales-artisticas-y-creativas-para-la-realizacion-de-actividades-durante-este-ano\/"]}]},{"@type":"ImageObject","inLanguage":"es","@id":"https:\/\/www.laguiadepamplona.com\/actualidad\/convocadas-las-subvenciones-municipales-dirigidas-a-industrias-culturales-artisticas-y-creativas-para-la-realizacion-de-actividades-durante-este-ano\/#primaryimage","url":"https:\/\/www.laguiadepamplona.com\/actualidad\/wp-content\/uploads\/2024\/12\/suvenciones_cultura_web.webp","contentUrl":"https:\/\/www.laguiadepamplona.com\/actualidad\/wp-content\/uploads\/2024\/12\/suvenciones_cultura_web.webp","width":1000,"height":711,"caption":"subvenciones cultura"},{"@type":"BreadcrumbList","@id":"https:\/\/www.laguiadepamplona.com\/actualidad\/convocadas-las-subvenciones-municipales-dirigidas-a-industrias-culturales-artisticas-y-creativas-para-la-realizacion-de-actividades-durante-este-ano\/#breadcrumb","itemListElement":[{"@type":"ListItem","position":1,"name":"Portada","item":"https:\/\/www.laguiadepamplona.com\/actualidad\/"},{"@type":"ListItem","position":2,"name":"Convocadas las subvenciones municipales dirigidas a industrias culturales, art\u00edsticas y creativas para la realizaci\u00f3n de actividades durante este a\u00f1o"}]},{"@type":"WebSite","@id":"https:\/\/www.laguiadepamplona.com\/actualidad\/#website","url":"https:\/\/www.laguiadepamplona.com\/actualidad\/","name":"La gu\u00eda de Pamplona","description":"Noticias de Pamplona","publisher":{"@id":"https:\/\/www.laguiadepamplona.com\/actualidad\/#organization"},"potentialAction":[{"@type":"SearchAction","target":{"@type":"EntryPoint","urlTemplate":"https:\/\/www.laguiadepamplona.com\/actualidad\/?s={search_term_string}"},"query-input":{"@type":"PropertyValueSpecification","valueRequired":true,"valueName":"search_term_string"}}],"inLanguage":"es"},{"@type":"Organization","@id":"https:\/\/www.laguiadepamplona.com\/actualidad\/#organization","name":"La Gu\u00eda de Pamplona \/ Noticias","url":"https:\/\/www.laguiadepamplona.com\/actualidad\/","logo":{"@type":"ImageObject","inLanguage":"es","@id":"https:\/\/www.laguiadepamplona.com\/actualidad\/#\/schema\/logo\/image\/","url":"https:\/\/www.laguiadepamplona.com\/actualidad\/wp-content\/uploads\/2018\/11\/logo-laguiadepamplona18-web1.png","contentUrl":"https:\/\/www.laguiadepamplona.com\/actualidad\/wp-content\/uploads\/2018\/11\/logo-laguiadepamplona18-web1.png","width":600,"height":196,"caption":"La Gu\u00eda de Pamplona \/ Noticias"},"image":{"@id":"https:\/\/www.laguiadepamplona.com\/actualidad\/#\/schema\/logo\/image\/"},"sameAs":["https:\/\/www.facebook.com\/laguiadepamplonacom-133175176762273\/?ref=hl","https:\/\/x.com\/LaGuiadPamplona","https:\/\/www.instagram.com\/la_guia_de_pamplona\/","https:\/\/www.youtube.com\/user\/laguiadepamplona"]},{"@type":"Person","@id":"https:\/\/www.laguiadepamplona.com\/actualidad\/#\/schema\/person\/efe887376f0213d4657c93adc50b1fdb","name":"La Gu\u00eda de Pamplona","image":{"@type":"ImageObject","inLanguage":"es","@id":"https:\/\/secure.gravatar.com\/avatar\/b6992f131dc8d30ab0dff15446e9d346d9dbd95992de0fef795073f5ea83a81c?s=96&d=mm&r=g","url":"https:\/\/secure.gravatar.com\/avatar\/b6992f131dc8d30ab0dff15446e9d346d9dbd95992de0fef795073f5ea83a81c?s=96&d=mm&r=g","contentUrl":"https:\/\/secure.gravatar.com\/avatar\/b6992f131dc8d30ab0dff15446e9d346d9dbd95992de0fef795073f5ea83a81c?s=96&d=mm&r=g","caption":"La Gu\u00eda de Pamplona"}}]}},"post_mailing_queue_ids":[],"_links":{"self":[{"href":"https:\/\/www.laguiadepamplona.com\/actualidad\/wp-json\/wp\/v2\/posts\/52824","targetHints":{"allow":["GET"]}}],"collection":[{"href":"https:\/\/www.laguiadepamplona.com\/actualidad\/wp-json\/wp\/v2\/posts"}],"about":[{"href":"https:\/\/www.laguiadepamplona.com\/actualidad\/wp-json\/wp\/v2\/types\/post"}],"author":[{"embeddable":true,"href":"https:\/\/www.laguiadepamplona.com\/actualidad\/wp-json\/wp\/v2\/users\/1"}],"replies":[{"embeddable":true,"href":"https:\/\/www.laguiadepamplona.com\/actualidad\/wp-json\/wp\/v2\/comments?post=52824"}],"version-history":[{"count":1,"href":"https:\/\/www.laguiadepamplona.com\/actualidad\/wp-json\/wp\/v2\/posts\/52824\/revisions"}],"predecessor-version":[{"id":52825,"href":"https:\/\/www.laguiadepamplona.com\/actualidad\/wp-json\/wp\/v2\/posts\/52824\/revisions\/52825"}],"wp:featuredmedia":[{"embeddable":true,"href":"https:\/\/www.laguiadepamplona.com\/actualidad\/wp-json\/wp\/v2\/media\/51519"}],"wp:attachment":[{"href":"https:\/\/www.laguiadepamplona.com\/actualidad\/wp-json\/wp\/v2\/media?parent=52824"}],"wp:term":[{"taxonomy":"category","embeddable":true,"href":"https:\/\/www.laguiadepamplona.com\/actualidad\/wp-json\/wp\/v2\/categories?post=52824"},{"taxonomy":"post_tag","embeddable":true,"href":"https:\/\/www.laguiadepamplona.com\/actualidad\/wp-json\/wp\/v2\/tags?post=52824"}],"curies":[{"name":"wp","href":"https:\/\/api.w.org\/{rel}","templated":true}]}}