{"id":52821,"date":"2025-04-23T13:15:16","date_gmt":"2025-04-23T11:15:16","guid":{"rendered":"https:\/\/www.laguiadepamplona.com\/actualidad\/?p=52821"},"modified":"2025-04-23T13:15:16","modified_gmt":"2025-04-23T11:15:16","slug":"este-miercoles-abren-al-publico-las-zonas-de-entrenamiento-del-nuevo-polideportivo-municipal-de-buztintxuri","status":"publish","type":"post","link":"https:\/\/www.laguiadepamplona.com\/actualidad\/este-miercoles-abren-al-publico-las-zonas-de-entrenamiento-del-nuevo-polideportivo-municipal-de-buztintxuri\/","title":{"rendered":"Este mi\u00e9rcoles abren al p\u00fablico las zonas de entrenamiento del nuevo polideportivo municipal de Buztintxuri"},"content":{"rendered":"<h2>El Ayuntamiento de Pamplona ha establecido unas normas de uso tanto para la zona de gimnasio urbano como para la sala de entrenamiento funcional<\/h2>\n<p><!--more--><\/p>\n<p>Las zonas de entrenamiento del nuevo polideportivo municipal de Buztintxuri abrir\u00e1n al p\u00fablico este mi\u00e9rcoles. Esas zonas est\u00e1n conformadas por dos espacios, un gimnasio urbano interior con zona de m\u00e1quinas cardio y un circuito de paseo y carrera suave, y una sala de entrenamiento funcional. El Ayuntamiento de Pamplona ha establecido una serie de normas que regulan los usos de esos espacios. Esa normativa es complementaria al \u2018Reglamento de Uso de las Instalaciones Deportivas Municipales\u2019, que data de 2006, y que por tanto no incluye todav\u00eda al nuevo polideportivo.<\/p>\n<p>Las zonas de entrenamiento estar\u00e1n abiertas de lunes a viernes, de 8.30 a 22.30 horas, y los s\u00e1bados, de 8.30 a 21.30 horas. El precio de uso por persona y hora, con derecho a vestuario, ser\u00e1 de 3,26 euros. Se ha establecido un abono de 20 usos por persona y hora al precio de 57,17 euros. Durante el mes de mayo, se organizar\u00e1n ocho sesiones gratuitas de utilizaci\u00f3n del equipamiento funcional. En pr\u00f3ximas fechas, se dar\u00e1n a conocer los d\u00edas, horarios en el propio polideportivo, siendo necesario contar una inscripci\u00f3n previa para poder participar en las mismas, a trav\u00e9s de la conserjer\u00eda de la instalaci\u00f3n.<\/p>\n<p>Se considera como gimnasio urbano de interior al conjunto de m\u00e1quinas de tipo cardio situadas en la primera planta del polideportivo, junto con el circuito de paseo y carrera suave perimetral que transcurre a su lado, rodeando la instalaci\u00f3n en esa misma planta. La zona de cardio tiene un aforo de 15 personas y no la podr\u00e1n utilizar menores de 16 a\u00f1os. Su uso no estar\u00e1 supervisado por personal t\u00e9cnico especializado y se recomienda tener conocimientos previos para el manejo de las m\u00e1quinas. El tiempo m\u00e1ximo de uso de cada m\u00e1quina ser\u00e1 de 30 minutos. Se reservar\u00e1 en conserjer\u00eda y ser\u00e1n obligatorios tanto el calzado deportivo y como una toalla para la limpieza superficial de los aparatos.<\/p>\n<p>El circuito de paseo y carrera suave podr\u00e1 ser utilizado por personas de cualquier edad. En el caso de menores de 16 a\u00f1os, no se permitir\u00e1 su uso por libre, sino \u00fanicamente el realizado en el marco de alguna actividad organizada que est\u00e1 supervisada y acompa\u00f1ada por una persona adulta responsable. El aforo m\u00e1ximo ser\u00e1 de 20 personas, que deber\u00e1n usar calzado deportivo y reservar hora en la conserjer\u00eda. El l\u00edmite m\u00e1ximo de uso ser\u00e1 de una hora. Durante la celebraci\u00f3n de competiciones deportivas, el circuito estar\u00e1 cerrado.<\/p>\n<p>Por otra parte, la sala de entrenamiento funcional no podr\u00e1 ser utilizada por menores de 16 a\u00f1os. Su uso no estar\u00e1 supervisado por personal t\u00e9cnico especializado, por lo que se recomiendan unos conocimientos m\u00ednimos previos para su \u00f3ptimo aprovechamiento. El aforo m\u00e1ximo de la sala es de 30 personas simult\u00e1neamente. La reserva de la sala se realizar\u00e1 de forma previa en la consejer\u00eda del polideportivo, bajo el procedimiento que se establezca. El l\u00edmite m\u00e1ximo de uso por persona ser\u00e1 de una hora diaria. Se deber\u00e1 usar calzado deportivo, es obligatorio el uso de toalla para la limpieza superficial de los aparatos tras su uso y se deber\u00e1n devolver a su sitio los elementos que se utilicen en la actividad (mancuernas, esterillas\u2026). La sala podr\u00e1 ser reservada para la realizaci\u00f3n de otras actividades compatibles por parte de entidades, de forma puntual, lo que implicar\u00e1 la imposibilidad de uso de forma individual.<\/p>\n","protected":false},"excerpt":{"rendered":"<p>El Ayuntamiento de Pamplona ha establecido unas normas de uso tanto para la zona de gimnasio urbano como para la sala de entrenamiento funcional<\/p>\n","protected":false},"author":1,"featured_media":52822,"comment_status":"open","ping_status":"closed","sticky":false,"template":"","format":"standard","meta":{"footnotes":""},"categories":[2],"tags":[],"class_list":["post-52821","post","type-post","status-publish","format-standard","has-post-thumbnail","hentry","category-ayuntamiento-pamplona"],"yoast_head":"<!-- This site is optimized with the Yoast SEO plugin v27.3 - https:\/\/yoast.com\/product\/yoast-seo-wordpress\/ -->\n<title>Este mi\u00e9rcoles abren al p\u00fablico las zonas de entrenamiento del nuevo polideportivo municipal de Buztintxuri<\/title>\n<meta name=\"description\" content=\"El Ayuntamiento de Pamplona ha establecido unas normas de uso tanto para la zona de gimnasio urbano como para la sala de entrenamiento funcional\" \/>\n<meta name=\"robots\" content=\"index, follow, max-snippet:-1, max-image-preview:large, max-video-preview:-1\" \/>\n<link rel=\"canonical\" href=\"https:\/\/www.laguiadepamplona.com\/actualidad\/este-miercoles-abren-al-publico-las-zonas-de-entrenamiento-del-nuevo-polideportivo-municipal-de-buztintxuri\/\" \/>\n<meta property=\"og:locale\" content=\"es_ES\" \/>\n<meta property=\"og:type\" content=\"article\" \/>\n<meta property=\"og:title\" content=\"Este mi\u00e9rcoles abren al p\u00fablico las zonas de entrenamiento del nuevo polideportivo municipal de Buztintxuri\" \/>\n<meta property=\"og:description\" content=\"El Ayuntamiento de Pamplona ha establecido unas normas de uso tanto para la zona de gimnasio urbano como para la sala de entrenamiento funcional\" \/>\n<meta property=\"og:url\" content=\"https:\/\/www.laguiadepamplona.com\/actualidad\/este-miercoles-abren-al-publico-las-zonas-de-entrenamiento-del-nuevo-polideportivo-municipal-de-buztintxuri\/\" \/>\n<meta property=\"og:site_name\" content=\"La Gu\u00eda de Pamplona\" \/>\n<meta property=\"article:publisher\" content=\"https:\/\/www.facebook.com\/laguiadepamplonacom-133175176762273\/?ref=hl\" \/>\n<meta property=\"article:published_time\" content=\"2025-04-23T11:15:16+00:00\" \/>\n<meta property=\"og:image\" content=\"https:\/\/www.laguiadepamplona.com\/actualidad\/wp-content\/uploads\/2025\/04\/polideportivo-Buztintxuri_web.webp\" \/>\n\t<meta property=\"og:image:width\" content=\"1000\" \/>\n\t<meta property=\"og:image:height\" content=\"667\" \/>\n\t<meta property=\"og:image:type\" content=\"image\/webp\" \/>\n<meta name=\"author\" content=\"La Gu\u00eda de Pamplona\" \/>\n<meta name=\"twitter:card\" content=\"summary_large_image\" \/>\n<meta name=\"twitter:creator\" content=\"@LaGuiadPamplona\" \/>\n<meta name=\"twitter:site\" content=\"@LaGuiadPamplona\" \/>\n<meta name=\"twitter:label1\" content=\"Escrito por\" \/>\n\t<meta name=\"twitter:data1\" content=\"La Gu\u00eda de Pamplona\" \/>\n\t<meta name=\"twitter:label2\" content=\"Tiempo de lectura\" \/>\n\t<meta name=\"twitter:data2\" content=\"3 minutos\" \/>\n<script type=\"application\/ld+json\" class=\"yoast-schema-graph\">{\"@context\":\"https:\\\/\\\/schema.org\",\"@graph\":[{\"@type\":\"Article\",\"@id\":\"https:\\\/\\\/www.laguiadepamplona.com\\\/actualidad\\\/este-miercoles-abren-al-publico-las-zonas-de-entrenamiento-del-nuevo-polideportivo-municipal-de-buztintxuri\\\/#article\",\"isPartOf\":{\"@id\":\"https:\\\/\\\/www.laguiadepamplona.com\\\/actualidad\\\/este-miercoles-abren-al-publico-las-zonas-de-entrenamiento-del-nuevo-polideportivo-municipal-de-buztintxuri\\\/\"},\"author\":{\"name\":\"La Gu\u00eda de Pamplona\",\"@id\":\"https:\\\/\\\/www.laguiadepamplona.com\\\/actualidad\\\/#\\\/schema\\\/person\\\/efe887376f0213d4657c93adc50b1fdb\"},\"headline\":\"Este mi\u00e9rcoles abren al p\u00fablico las zonas de entrenamiento del nuevo polideportivo municipal de Buztintxuri\",\"datePublished\":\"2025-04-23T11:15:16+00:00\",\"mainEntityOfPage\":{\"@id\":\"https:\\\/\\\/www.laguiadepamplona.com\\\/actualidad\\\/este-miercoles-abren-al-publico-las-zonas-de-entrenamiento-del-nuevo-polideportivo-municipal-de-buztintxuri\\\/\"},\"wordCount\":620,\"commentCount\":0,\"publisher\":{\"@id\":\"https:\\\/\\\/www.laguiadepamplona.com\\\/actualidad\\\/#organization\"},\"image\":{\"@id\":\"https:\\\/\\\/www.laguiadepamplona.com\\\/actualidad\\\/este-miercoles-abren-al-publico-las-zonas-de-entrenamiento-del-nuevo-polideportivo-municipal-de-buztintxuri\\\/#primaryimage\"},\"thumbnailUrl\":\"https:\\\/\\\/www.laguiadepamplona.com\\\/actualidad\\\/wp-content\\\/uploads\\\/2025\\\/04\\\/polideportivo-Buztintxuri_web.webp\",\"articleSection\":[\"Ayto Pamplona\"],\"inLanguage\":\"es\",\"potentialAction\":[{\"@type\":\"CommentAction\",\"name\":\"Comment\",\"target\":[\"https:\\\/\\\/www.laguiadepamplona.com\\\/actualidad\\\/este-miercoles-abren-al-publico-las-zonas-de-entrenamiento-del-nuevo-polideportivo-municipal-de-buztintxuri\\\/#respond\"]}]},{\"@type\":\"WebPage\",\"@id\":\"https:\\\/\\\/www.laguiadepamplona.com\\\/actualidad\\\/este-miercoles-abren-al-publico-las-zonas-de-entrenamiento-del-nuevo-polideportivo-municipal-de-buztintxuri\\\/\",\"url\":\"https:\\\/\\\/www.laguiadepamplona.com\\\/actualidad\\\/este-miercoles-abren-al-publico-las-zonas-de-entrenamiento-del-nuevo-polideportivo-municipal-de-buztintxuri\\\/\",\"name\":\"Este mi\u00e9rcoles abren al p\u00fablico las zonas de entrenamiento del nuevo polideportivo municipal de Buztintxuri\",\"isPartOf\":{\"@id\":\"https:\\\/\\\/www.laguiadepamplona.com\\\/actualidad\\\/#website\"},\"primaryImageOfPage\":{\"@id\":\"https:\\\/\\\/www.laguiadepamplona.com\\\/actualidad\\\/este-miercoles-abren-al-publico-las-zonas-de-entrenamiento-del-nuevo-polideportivo-municipal-de-buztintxuri\\\/#primaryimage\"},\"image\":{\"@id\":\"https:\\\/\\\/www.laguiadepamplona.com\\\/actualidad\\\/este-miercoles-abren-al-publico-las-zonas-de-entrenamiento-del-nuevo-polideportivo-municipal-de-buztintxuri\\\/#primaryimage\"},\"thumbnailUrl\":\"https:\\\/\\\/www.laguiadepamplona.com\\\/actualidad\\\/wp-content\\\/uploads\\\/2025\\\/04\\\/polideportivo-Buztintxuri_web.webp\",\"datePublished\":\"2025-04-23T11:15:16+00:00\",\"description\":\"El Ayuntamiento de Pamplona ha establecido unas normas de uso tanto para la zona de gimnasio urbano como para la sala de entrenamiento funcional\",\"breadcrumb\":{\"@id\":\"https:\\\/\\\/www.laguiadepamplona.com\\\/actualidad\\\/este-miercoles-abren-al-publico-las-zonas-de-entrenamiento-del-nuevo-polideportivo-municipal-de-buztintxuri\\\/#breadcrumb\"},\"inLanguage\":\"es\",\"potentialAction\":[{\"@type\":\"ReadAction\",\"target\":[\"https:\\\/\\\/www.laguiadepamplona.com\\\/actualidad\\\/este-miercoles-abren-al-publico-las-zonas-de-entrenamiento-del-nuevo-polideportivo-municipal-de-buztintxuri\\\/\"]}]},{\"@type\":\"ImageObject\",\"inLanguage\":\"es\",\"@id\":\"https:\\\/\\\/www.laguiadepamplona.com\\\/actualidad\\\/este-miercoles-abren-al-publico-las-zonas-de-entrenamiento-del-nuevo-polideportivo-municipal-de-buztintxuri\\\/#primaryimage\",\"url\":\"https:\\\/\\\/www.laguiadepamplona.com\\\/actualidad\\\/wp-content\\\/uploads\\\/2025\\\/04\\\/polideportivo-Buztintxuri_web.webp\",\"contentUrl\":\"https:\\\/\\\/www.laguiadepamplona.com\\\/actualidad\\\/wp-content\\\/uploads\\\/2025\\\/04\\\/polideportivo-Buztintxuri_web.webp\",\"width\":1000,\"height\":667,\"caption\":\"polideportivo Buztintxuri\"},{\"@type\":\"BreadcrumbList\",\"@id\":\"https:\\\/\\\/www.laguiadepamplona.com\\\/actualidad\\\/este-miercoles-abren-al-publico-las-zonas-de-entrenamiento-del-nuevo-polideportivo-municipal-de-buztintxuri\\\/#breadcrumb\",\"itemListElement\":[{\"@type\":\"ListItem\",\"position\":1,\"name\":\"Portada\",\"item\":\"https:\\\/\\\/www.laguiadepamplona.com\\\/actualidad\\\/\"},{\"@type\":\"ListItem\",\"position\":2,\"name\":\"Este mi\u00e9rcoles abren al p\u00fablico las zonas de entrenamiento del nuevo polideportivo municipal de Buztintxuri\"}]},{\"@type\":\"WebSite\",\"@id\":\"https:\\\/\\\/www.laguiadepamplona.com\\\/actualidad\\\/#website\",\"url\":\"https:\\\/\\\/www.laguiadepamplona.com\\\/actualidad\\\/\",\"name\":\"La gu\u00eda de Pamplona\",\"description\":\"Noticias de Pamplona\",\"publisher\":{\"@id\":\"https:\\\/\\\/www.laguiadepamplona.com\\\/actualidad\\\/#organization\"},\"potentialAction\":[{\"@type\":\"SearchAction\",\"target\":{\"@type\":\"EntryPoint\",\"urlTemplate\":\"https:\\\/\\\/www.laguiadepamplona.com\\\/actualidad\\\/?s={search_term_string}\"},\"query-input\":{\"@type\":\"PropertyValueSpecification\",\"valueRequired\":true,\"valueName\":\"search_term_string\"}}],\"inLanguage\":\"es\"},{\"@type\":\"Organization\",\"@id\":\"https:\\\/\\\/www.laguiadepamplona.com\\\/actualidad\\\/#organization\",\"name\":\"La Gu\u00eda de Pamplona \\\/ Noticias\",\"url\":\"https:\\\/\\\/www.laguiadepamplona.com\\\/actualidad\\\/\",\"logo\":{\"@type\":\"ImageObject\",\"inLanguage\":\"es\",\"@id\":\"https:\\\/\\\/www.laguiadepamplona.com\\\/actualidad\\\/#\\\/schema\\\/logo\\\/image\\\/\",\"url\":\"https:\\\/\\\/www.laguiadepamplona.com\\\/actualidad\\\/wp-content\\\/uploads\\\/2018\\\/11\\\/logo-laguiadepamplona18-web1.png\",\"contentUrl\":\"https:\\\/\\\/www.laguiadepamplona.com\\\/actualidad\\\/wp-content\\\/uploads\\\/2018\\\/11\\\/logo-laguiadepamplona18-web1.png\",\"width\":600,\"height\":196,\"caption\":\"La Gu\u00eda de Pamplona \\\/ Noticias\"},\"image\":{\"@id\":\"https:\\\/\\\/www.laguiadepamplona.com\\\/actualidad\\\/#\\\/schema\\\/logo\\\/image\\\/\"},\"sameAs\":[\"https:\\\/\\\/www.facebook.com\\\/laguiadepamplonacom-133175176762273\\\/?ref=hl\",\"https:\\\/\\\/x.com\\\/LaGuiadPamplona\",\"https:\\\/\\\/www.instagram.com\\\/la_guia_de_pamplona\\\/\",\"https:\\\/\\\/www.youtube.com\\\/user\\\/laguiadepamplona\"]},{\"@type\":\"Person\",\"@id\":\"https:\\\/\\\/www.laguiadepamplona.com\\\/actualidad\\\/#\\\/schema\\\/person\\\/efe887376f0213d4657c93adc50b1fdb\",\"name\":\"La Gu\u00eda de Pamplona\",\"image\":{\"@type\":\"ImageObject\",\"inLanguage\":\"es\",\"@id\":\"https:\\\/\\\/secure.gravatar.com\\\/avatar\\\/b6992f131dc8d30ab0dff15446e9d346d9dbd95992de0fef795073f5ea83a81c?s=96&d=mm&r=g\",\"url\":\"https:\\\/\\\/secure.gravatar.com\\\/avatar\\\/b6992f131dc8d30ab0dff15446e9d346d9dbd95992de0fef795073f5ea83a81c?s=96&d=mm&r=g\",\"contentUrl\":\"https:\\\/\\\/secure.gravatar.com\\\/avatar\\\/b6992f131dc8d30ab0dff15446e9d346d9dbd95992de0fef795073f5ea83a81c?s=96&d=mm&r=g\",\"caption\":\"La Gu\u00eda de Pamplona\"}}]}<\/script>\n<!-- \/ Yoast SEO plugin. -->","yoast_head_json":{"title":"Este mi\u00e9rcoles abren al p\u00fablico las zonas de entrenamiento del nuevo polideportivo municipal de Buztintxuri","description":"El Ayuntamiento de Pamplona ha establecido unas normas de uso tanto para la zona de gimnasio urbano como para la sala de entrenamiento funcional","robots":{"index":"index","follow":"follow","max-snippet":"max-snippet:-1","max-image-preview":"max-image-preview:large","max-video-preview":"max-video-preview:-1"},"canonical":"https:\/\/www.laguiadepamplona.com\/actualidad\/este-miercoles-abren-al-publico-las-zonas-de-entrenamiento-del-nuevo-polideportivo-municipal-de-buztintxuri\/","og_locale":"es_ES","og_type":"article","og_title":"Este mi\u00e9rcoles abren al p\u00fablico las zonas de entrenamiento del nuevo polideportivo municipal de Buztintxuri","og_description":"El Ayuntamiento de Pamplona ha establecido unas normas de uso tanto para la zona de gimnasio urbano como para la sala de entrenamiento funcional","og_url":"https:\/\/www.laguiadepamplona.com\/actualidad\/este-miercoles-abren-al-publico-las-zonas-de-entrenamiento-del-nuevo-polideportivo-municipal-de-buztintxuri\/","og_site_name":"La Gu\u00eda de Pamplona","article_publisher":"https:\/\/www.facebook.com\/laguiadepamplonacom-133175176762273\/?ref=hl","article_published_time":"2025-04-23T11:15:16+00:00","og_image":[{"width":1000,"height":667,"url":"https:\/\/www.laguiadepamplona.com\/actualidad\/wp-content\/uploads\/2025\/04\/polideportivo-Buztintxuri_web.webp","type":"image\/webp"}],"author":"La Gu\u00eda de Pamplona","twitter_card":"summary_large_image","twitter_creator":"@LaGuiadPamplona","twitter_site":"@LaGuiadPamplona","twitter_misc":{"Escrito por":"La Gu\u00eda de Pamplona","Tiempo de lectura":"3 minutos"},"schema":{"@context":"https:\/\/schema.org","@graph":[{"@type":"Article","@id":"https:\/\/www.laguiadepamplona.com\/actualidad\/este-miercoles-abren-al-publico-las-zonas-de-entrenamiento-del-nuevo-polideportivo-municipal-de-buztintxuri\/#article","isPartOf":{"@id":"https:\/\/www.laguiadepamplona.com\/actualidad\/este-miercoles-abren-al-publico-las-zonas-de-entrenamiento-del-nuevo-polideportivo-municipal-de-buztintxuri\/"},"author":{"name":"La Gu\u00eda de Pamplona","@id":"https:\/\/www.laguiadepamplona.com\/actualidad\/#\/schema\/person\/efe887376f0213d4657c93adc50b1fdb"},"headline":"Este mi\u00e9rcoles abren al p\u00fablico las zonas de entrenamiento del nuevo polideportivo municipal de Buztintxuri","datePublished":"2025-04-23T11:15:16+00:00","mainEntityOfPage":{"@id":"https:\/\/www.laguiadepamplona.com\/actualidad\/este-miercoles-abren-al-publico-las-zonas-de-entrenamiento-del-nuevo-polideportivo-municipal-de-buztintxuri\/"},"wordCount":620,"commentCount":0,"publisher":{"@id":"https:\/\/www.laguiadepamplona.com\/actualidad\/#organization"},"image":{"@id":"https:\/\/www.laguiadepamplona.com\/actualidad\/este-miercoles-abren-al-publico-las-zonas-de-entrenamiento-del-nuevo-polideportivo-municipal-de-buztintxuri\/#primaryimage"},"thumbnailUrl":"https:\/\/www.laguiadepamplona.com\/actualidad\/wp-content\/uploads\/2025\/04\/polideportivo-Buztintxuri_web.webp","articleSection":["Ayto Pamplona"],"inLanguage":"es","potentialAction":[{"@type":"CommentAction","name":"Comment","target":["https:\/\/www.laguiadepamplona.com\/actualidad\/este-miercoles-abren-al-publico-las-zonas-de-entrenamiento-del-nuevo-polideportivo-municipal-de-buztintxuri\/#respond"]}]},{"@type":"WebPage","@id":"https:\/\/www.laguiadepamplona.com\/actualidad\/este-miercoles-abren-al-publico-las-zonas-de-entrenamiento-del-nuevo-polideportivo-municipal-de-buztintxuri\/","url":"https:\/\/www.laguiadepamplona.com\/actualidad\/este-miercoles-abren-al-publico-las-zonas-de-entrenamiento-del-nuevo-polideportivo-municipal-de-buztintxuri\/","name":"Este mi\u00e9rcoles abren al p\u00fablico las zonas de entrenamiento del nuevo polideportivo municipal de Buztintxuri","isPartOf":{"@id":"https:\/\/www.laguiadepamplona.com\/actualidad\/#website"},"primaryImageOfPage":{"@id":"https:\/\/www.laguiadepamplona.com\/actualidad\/este-miercoles-abren-al-publico-las-zonas-de-entrenamiento-del-nuevo-polideportivo-municipal-de-buztintxuri\/#primaryimage"},"image":{"@id":"https:\/\/www.laguiadepamplona.com\/actualidad\/este-miercoles-abren-al-publico-las-zonas-de-entrenamiento-del-nuevo-polideportivo-municipal-de-buztintxuri\/#primaryimage"},"thumbnailUrl":"https:\/\/www.laguiadepamplona.com\/actualidad\/wp-content\/uploads\/2025\/04\/polideportivo-Buztintxuri_web.webp","datePublished":"2025-04-23T11:15:16+00:00","description":"El Ayuntamiento de Pamplona ha establecido unas normas de uso tanto para la zona de gimnasio urbano como para la sala de entrenamiento funcional","breadcrumb":{"@id":"https:\/\/www.laguiadepamplona.com\/actualidad\/este-miercoles-abren-al-publico-las-zonas-de-entrenamiento-del-nuevo-polideportivo-municipal-de-buztintxuri\/#breadcrumb"},"inLanguage":"es","potentialAction":[{"@type":"ReadAction","target":["https:\/\/www.laguiadepamplona.com\/actualidad\/este-miercoles-abren-al-publico-las-zonas-de-entrenamiento-del-nuevo-polideportivo-municipal-de-buztintxuri\/"]}]},{"@type":"ImageObject","inLanguage":"es","@id":"https:\/\/www.laguiadepamplona.com\/actualidad\/este-miercoles-abren-al-publico-las-zonas-de-entrenamiento-del-nuevo-polideportivo-municipal-de-buztintxuri\/#primaryimage","url":"https:\/\/www.laguiadepamplona.com\/actualidad\/wp-content\/uploads\/2025\/04\/polideportivo-Buztintxuri_web.webp","contentUrl":"https:\/\/www.laguiadepamplona.com\/actualidad\/wp-content\/uploads\/2025\/04\/polideportivo-Buztintxuri_web.webp","width":1000,"height":667,"caption":"polideportivo Buztintxuri"},{"@type":"BreadcrumbList","@id":"https:\/\/www.laguiadepamplona.com\/actualidad\/este-miercoles-abren-al-publico-las-zonas-de-entrenamiento-del-nuevo-polideportivo-municipal-de-buztintxuri\/#breadcrumb","itemListElement":[{"@type":"ListItem","position":1,"name":"Portada","item":"https:\/\/www.laguiadepamplona.com\/actualidad\/"},{"@type":"ListItem","position":2,"name":"Este mi\u00e9rcoles abren al p\u00fablico las zonas de entrenamiento del nuevo polideportivo municipal de Buztintxuri"}]},{"@type":"WebSite","@id":"https:\/\/www.laguiadepamplona.com\/actualidad\/#website","url":"https:\/\/www.laguiadepamplona.com\/actualidad\/","name":"La gu\u00eda de Pamplona","description":"Noticias de Pamplona","publisher":{"@id":"https:\/\/www.laguiadepamplona.com\/actualidad\/#organization"},"potentialAction":[{"@type":"SearchAction","target":{"@type":"EntryPoint","urlTemplate":"https:\/\/www.laguiadepamplona.com\/actualidad\/?s={search_term_string}"},"query-input":{"@type":"PropertyValueSpecification","valueRequired":true,"valueName":"search_term_string"}}],"inLanguage":"es"},{"@type":"Organization","@id":"https:\/\/www.laguiadepamplona.com\/actualidad\/#organization","name":"La Gu\u00eda de Pamplona \/ Noticias","url":"https:\/\/www.laguiadepamplona.com\/actualidad\/","logo":{"@type":"ImageObject","inLanguage":"es","@id":"https:\/\/www.laguiadepamplona.com\/actualidad\/#\/schema\/logo\/image\/","url":"https:\/\/www.laguiadepamplona.com\/actualidad\/wp-content\/uploads\/2018\/11\/logo-laguiadepamplona18-web1.png","contentUrl":"https:\/\/www.laguiadepamplona.com\/actualidad\/wp-content\/uploads\/2018\/11\/logo-laguiadepamplona18-web1.png","width":600,"height":196,"caption":"La Gu\u00eda de Pamplona \/ Noticias"},"image":{"@id":"https:\/\/www.laguiadepamplona.com\/actualidad\/#\/schema\/logo\/image\/"},"sameAs":["https:\/\/www.facebook.com\/laguiadepamplonacom-133175176762273\/?ref=hl","https:\/\/x.com\/LaGuiadPamplona","https:\/\/www.instagram.com\/la_guia_de_pamplona\/","https:\/\/www.youtube.com\/user\/laguiadepamplona"]},{"@type":"Person","@id":"https:\/\/www.laguiadepamplona.com\/actualidad\/#\/schema\/person\/efe887376f0213d4657c93adc50b1fdb","name":"La Gu\u00eda de Pamplona","image":{"@type":"ImageObject","inLanguage":"es","@id":"https:\/\/secure.gravatar.com\/avatar\/b6992f131dc8d30ab0dff15446e9d346d9dbd95992de0fef795073f5ea83a81c?s=96&d=mm&r=g","url":"https:\/\/secure.gravatar.com\/avatar\/b6992f131dc8d30ab0dff15446e9d346d9dbd95992de0fef795073f5ea83a81c?s=96&d=mm&r=g","contentUrl":"https:\/\/secure.gravatar.com\/avatar\/b6992f131dc8d30ab0dff15446e9d346d9dbd95992de0fef795073f5ea83a81c?s=96&d=mm&r=g","caption":"La Gu\u00eda de Pamplona"}}]}},"post_mailing_queue_ids":[],"_links":{"self":[{"href":"https:\/\/www.laguiadepamplona.com\/actualidad\/wp-json\/wp\/v2\/posts\/52821","targetHints":{"allow":["GET"]}}],"collection":[{"href":"https:\/\/www.laguiadepamplona.com\/actualidad\/wp-json\/wp\/v2\/posts"}],"about":[{"href":"https:\/\/www.laguiadepamplona.com\/actualidad\/wp-json\/wp\/v2\/types\/post"}],"author":[{"embeddable":true,"href":"https:\/\/www.laguiadepamplona.com\/actualidad\/wp-json\/wp\/v2\/users\/1"}],"replies":[{"embeddable":true,"href":"https:\/\/www.laguiadepamplona.com\/actualidad\/wp-json\/wp\/v2\/comments?post=52821"}],"version-history":[{"count":1,"href":"https:\/\/www.laguiadepamplona.com\/actualidad\/wp-json\/wp\/v2\/posts\/52821\/revisions"}],"predecessor-version":[{"id":52823,"href":"https:\/\/www.laguiadepamplona.com\/actualidad\/wp-json\/wp\/v2\/posts\/52821\/revisions\/52823"}],"wp:featuredmedia":[{"embeddable":true,"href":"https:\/\/www.laguiadepamplona.com\/actualidad\/wp-json\/wp\/v2\/media\/52822"}],"wp:attachment":[{"href":"https:\/\/www.laguiadepamplona.com\/actualidad\/wp-json\/wp\/v2\/media?parent=52821"}],"wp:term":[{"taxonomy":"category","embeddable":true,"href":"https:\/\/www.laguiadepamplona.com\/actualidad\/wp-json\/wp\/v2\/categories?post=52821"},{"taxonomy":"post_tag","embeddable":true,"href":"https:\/\/www.laguiadepamplona.com\/actualidad\/wp-json\/wp\/v2\/tags?post=52821"}],"curies":[{"name":"wp","href":"https:\/\/api.w.org\/{rel}","templated":true}]}}