{"id":52819,"date":"2025-04-22T19:10:07","date_gmt":"2025-04-22T17:10:07","guid":{"rendered":"https:\/\/www.laguiadepamplona.com\/actualidad\/?p=52819"},"modified":"2025-04-22T19:10:07","modified_gmt":"2025-04-22T17:10:07","slug":"presentados-490-originales-para-el-concurso-del-cartel-anunciador-de-las-fiestas-de-san-fermin-2025","status":"publish","type":"post","link":"https:\/\/www.laguiadepamplona.com\/actualidad\/presentados-490-originales-para-el-concurso-del-cartel-anunciador-de-las-fiestas-de-san-fermin-2025\/","title":{"rendered":"Presentados 490 originales para el concurso del cartel anunciador de las fiestas de San Ferm\u00edn 2025"},"content":{"rendered":"<h2>Las bases establecen que los carteles deben ser in\u00e9ditos, de t\u00e9cnica libre y sin utilizaci\u00f3n de inteligencia artificial, en l\u00ednea con las demandas del sector<\/h2>\n<p><!--more--><\/p>\n<p>El Certamen Cartel de San Ferm\u00edn 2025 ha cerrado el plazo de presentaci\u00f3n de originales con un total de 490 trabajos presentados en la p\u00e1gina web\u00a0<a href=\"http:\/\/www.pamplonaescultura.es\/\" target=\"_blank\" rel=\"noopener\">www.pamplonaescultura.es<\/a>. La cifra es inferior a la registrada el pasado a\u00f1o, cuando se recibieron 635 carteles, un r\u00e9cord de participaci\u00f3n, al menos, desde el a\u00f1o 1994. La cifra de este a\u00f1o es ligeramente superior a la de 2023, cuando se recibieron 465 propuestas.<\/p>\n<p>Los carteles recibidos, que deb\u00edan ser in\u00e9ditos, de t\u00e9cnica libre y sin utilizaci\u00f3n de inteligencia artificial, ser\u00e1n ahora examinados para comprobar que cumplen las bases del concurso y el jurado profesional seleccionar\u00e1 las diez obras que participar\u00e1n en la votaci\u00f3n popular. El n\u00famero de plica de los diez finalistas se conocer\u00e1n la pr\u00f3xima semana, y posteriormente las personas empadronadas en Pamplona podr\u00e1n votar para elegir el cartel ganador.<\/p>\n<p>La novedad de este a\u00f1o es que los nueve finalistas seleccionados para la fase de votaci\u00f3n popular\u00a0ver\u00e1n reconocido su trabajo con un premio de 500 euros, mientras el cartel ganador se llevar\u00e1 un premio de 5.000 euros. Las bases indican que la autor\u00eda del cartel no podr\u00e1 hacerse p\u00fablica en ning\u00fan caso antes de la resoluci\u00f3n definitiva del concurso, en el mes de mayo. En caso de incumplimiento, se proceder\u00e1 a la exclusi\u00f3n autom\u00e1tica de la obra, m\u00e1s la imposibilidad de presentarse al concurso durante un per\u00edodo de 3 a\u00f1os.<\/p>\n<p>Adem\u00e1s, el concurso de este a\u00f1o ha modificado sus bases en l\u00ednea con las demandas del sector de la ilustraci\u00f3n, y ha modificado la cesi\u00f3n de derechos de autor, de forma que los creadores podr\u00e1n autorizar a terceros la reproducci\u00f3n y distribuci\u00f3n del cartel durante el a\u00f1o 2025 para fines distintos de las finalidades de las que el Ayuntamiento es titular, incluso comerciales.<\/p>\n","protected":false},"excerpt":{"rendered":"<p>Las bases establecen que los carteles deben ser in\u00e9ditos, de t\u00e9cnica libre y sin utilizaci\u00f3n de inteligencia artificial, en l\u00ednea con las demandas del sector<\/p>\n","protected":false},"author":1,"featured_media":49442,"comment_status":"open","ping_status":"closed","sticky":false,"template":"","format":"standard","meta":{"footnotes":""},"categories":[2],"tags":[],"class_list":["post-52819","post","type-post","status-publish","format-standard","has-post-thumbnail","hentry","category-ayuntamiento-pamplona"],"yoast_head":"<!-- This site is optimized with the Yoast SEO plugin v27.5 - https:\/\/yoast.com\/product\/yoast-seo-wordpress\/ -->\n<title>Presentados 490 originales para el concurso del cartel anunciador de las fiestas de San Ferm\u00edn 2025<\/title>\n<meta name=\"description\" content=\"Las bases establecen que los carteles deben ser in\u00e9ditos, de t\u00e9cnica libre y sin utilizaci\u00f3n de inteligencia artificial, en l\u00ednea con las demandas del sector\" \/>\n<meta name=\"robots\" content=\"index, follow, max-snippet:-1, max-image-preview:large, max-video-preview:-1\" \/>\n<link rel=\"canonical\" href=\"https:\/\/www.laguiadepamplona.com\/actualidad\/presentados-490-originales-para-el-concurso-del-cartel-anunciador-de-las-fiestas-de-san-fermin-2025\/\" \/>\n<meta property=\"og:locale\" content=\"es_ES\" \/>\n<meta property=\"og:type\" content=\"article\" \/>\n<meta property=\"og:title\" content=\"Presentados 490 originales para el concurso del cartel anunciador de las fiestas de San Ferm\u00edn 2025\" \/>\n<meta property=\"og:description\" content=\"Las bases establecen que los carteles deben ser in\u00e9ditos, de t\u00e9cnica libre y sin utilizaci\u00f3n de inteligencia artificial, en l\u00ednea con las demandas del sector\" \/>\n<meta property=\"og:url\" content=\"https:\/\/www.laguiadepamplona.com\/actualidad\/presentados-490-originales-para-el-concurso-del-cartel-anunciador-de-las-fiestas-de-san-fermin-2025\/\" \/>\n<meta property=\"og:site_name\" content=\"La Gu\u00eda de Pamplona\" \/>\n<meta property=\"article:publisher\" content=\"https:\/\/www.facebook.com\/laguiadepamplonacom-133175176762273\/?ref=hl\" \/>\n<meta property=\"article:published_time\" content=\"2025-04-22T17:10:07+00:00\" \/>\n<meta property=\"og:image\" content=\"https:\/\/www.laguiadepamplona.com\/actualidad\/wp-content\/uploads\/2024\/04\/presentacioncartelesfinalistassf240.webp\" \/>\n\t<meta property=\"og:image:width\" content=\"1200\" \/>\n\t<meta property=\"og:image:height\" content=\"800\" \/>\n\t<meta property=\"og:image:type\" content=\"image\/webp\" \/>\n<meta name=\"author\" content=\"La Gu\u00eda de Pamplona\" \/>\n<meta name=\"twitter:card\" content=\"summary_large_image\" \/>\n<meta name=\"twitter:creator\" content=\"@LaGuiadPamplona\" \/>\n<meta name=\"twitter:site\" content=\"@LaGuiadPamplona\" \/>\n<meta name=\"twitter:label1\" content=\"Escrito por\" \/>\n\t<meta name=\"twitter:data1\" content=\"La Gu\u00eda de Pamplona\" \/>\n\t<meta name=\"twitter:label2\" content=\"Tiempo de lectura\" \/>\n\t<meta name=\"twitter:data2\" content=\"2 minutos\" \/>\n<script type=\"application\/ld+json\" class=\"yoast-schema-graph\">{\"@context\":\"https:\\\/\\\/schema.org\",\"@graph\":[{\"@type\":\"Article\",\"@id\":\"https:\\\/\\\/www.laguiadepamplona.com\\\/actualidad\\\/presentados-490-originales-para-el-concurso-del-cartel-anunciador-de-las-fiestas-de-san-fermin-2025\\\/#article\",\"isPartOf\":{\"@id\":\"https:\\\/\\\/www.laguiadepamplona.com\\\/actualidad\\\/presentados-490-originales-para-el-concurso-del-cartel-anunciador-de-las-fiestas-de-san-fermin-2025\\\/\"},\"author\":{\"name\":\"La Gu\u00eda de Pamplona\",\"@id\":\"https:\\\/\\\/www.laguiadepamplona.com\\\/actualidad\\\/#\\\/schema\\\/person\\\/efe887376f0213d4657c93adc50b1fdb\"},\"headline\":\"Presentados 490 originales para el concurso del cartel anunciador de las fiestas de San Ferm\u00edn 2025\",\"datePublished\":\"2025-04-22T17:10:07+00:00\",\"mainEntityOfPage\":{\"@id\":\"https:\\\/\\\/www.laguiadepamplona.com\\\/actualidad\\\/presentados-490-originales-para-el-concurso-del-cartel-anunciador-de-las-fiestas-de-san-fermin-2025\\\/\"},\"wordCount\":367,\"commentCount\":0,\"publisher\":{\"@id\":\"https:\\\/\\\/www.laguiadepamplona.com\\\/actualidad\\\/#organization\"},\"image\":{\"@id\":\"https:\\\/\\\/www.laguiadepamplona.com\\\/actualidad\\\/presentados-490-originales-para-el-concurso-del-cartel-anunciador-de-las-fiestas-de-san-fermin-2025\\\/#primaryimage\"},\"thumbnailUrl\":\"https:\\\/\\\/www.laguiadepamplona.com\\\/actualidad\\\/wp-content\\\/uploads\\\/2024\\\/04\\\/presentacioncartelesfinalistassf240.webp\",\"articleSection\":[\"Ayto Pamplona\"],\"inLanguage\":\"es\",\"potentialAction\":[{\"@type\":\"CommentAction\",\"name\":\"Comment\",\"target\":[\"https:\\\/\\\/www.laguiadepamplona.com\\\/actualidad\\\/presentados-490-originales-para-el-concurso-del-cartel-anunciador-de-las-fiestas-de-san-fermin-2025\\\/#respond\"]}]},{\"@type\":\"WebPage\",\"@id\":\"https:\\\/\\\/www.laguiadepamplona.com\\\/actualidad\\\/presentados-490-originales-para-el-concurso-del-cartel-anunciador-de-las-fiestas-de-san-fermin-2025\\\/\",\"url\":\"https:\\\/\\\/www.laguiadepamplona.com\\\/actualidad\\\/presentados-490-originales-para-el-concurso-del-cartel-anunciador-de-las-fiestas-de-san-fermin-2025\\\/\",\"name\":\"Presentados 490 originales para el concurso del cartel anunciador de las fiestas de San Ferm\u00edn 2025\",\"isPartOf\":{\"@id\":\"https:\\\/\\\/www.laguiadepamplona.com\\\/actualidad\\\/#website\"},\"primaryImageOfPage\":{\"@id\":\"https:\\\/\\\/www.laguiadepamplona.com\\\/actualidad\\\/presentados-490-originales-para-el-concurso-del-cartel-anunciador-de-las-fiestas-de-san-fermin-2025\\\/#primaryimage\"},\"image\":{\"@id\":\"https:\\\/\\\/www.laguiadepamplona.com\\\/actualidad\\\/presentados-490-originales-para-el-concurso-del-cartel-anunciador-de-las-fiestas-de-san-fermin-2025\\\/#primaryimage\"},\"thumbnailUrl\":\"https:\\\/\\\/www.laguiadepamplona.com\\\/actualidad\\\/wp-content\\\/uploads\\\/2024\\\/04\\\/presentacioncartelesfinalistassf240.webp\",\"datePublished\":\"2025-04-22T17:10:07+00:00\",\"description\":\"Las bases establecen que los carteles deben ser in\u00e9ditos, de t\u00e9cnica libre y sin utilizaci\u00f3n de inteligencia artificial, en l\u00ednea con las demandas del sector\",\"breadcrumb\":{\"@id\":\"https:\\\/\\\/www.laguiadepamplona.com\\\/actualidad\\\/presentados-490-originales-para-el-concurso-del-cartel-anunciador-de-las-fiestas-de-san-fermin-2025\\\/#breadcrumb\"},\"inLanguage\":\"es\",\"potentialAction\":[{\"@type\":\"ReadAction\",\"target\":[\"https:\\\/\\\/www.laguiadepamplona.com\\\/actualidad\\\/presentados-490-originales-para-el-concurso-del-cartel-anunciador-de-las-fiestas-de-san-fermin-2025\\\/\"]}]},{\"@type\":\"ImageObject\",\"inLanguage\":\"es\",\"@id\":\"https:\\\/\\\/www.laguiadepamplona.com\\\/actualidad\\\/presentados-490-originales-para-el-concurso-del-cartel-anunciador-de-las-fiestas-de-san-fermin-2025\\\/#primaryimage\",\"url\":\"https:\\\/\\\/www.laguiadepamplona.com\\\/actualidad\\\/wp-content\\\/uploads\\\/2024\\\/04\\\/presentacioncartelesfinalistassf240.webp\",\"contentUrl\":\"https:\\\/\\\/www.laguiadepamplona.com\\\/actualidad\\\/wp-content\\\/uploads\\\/2024\\\/04\\\/presentacioncartelesfinalistassf240.webp\",\"width\":1200,\"height\":800,\"caption\":\"presentaci\u00f3n carteles finalistas sf24\"},{\"@type\":\"BreadcrumbList\",\"@id\":\"https:\\\/\\\/www.laguiadepamplona.com\\\/actualidad\\\/presentados-490-originales-para-el-concurso-del-cartel-anunciador-de-las-fiestas-de-san-fermin-2025\\\/#breadcrumb\",\"itemListElement\":[{\"@type\":\"ListItem\",\"position\":1,\"name\":\"Portada\",\"item\":\"https:\\\/\\\/www.laguiadepamplona.com\\\/actualidad\\\/\"},{\"@type\":\"ListItem\",\"position\":2,\"name\":\"Presentados 490 originales para el concurso del cartel anunciador de las fiestas de San Ferm\u00edn 2025\"}]},{\"@type\":\"WebSite\",\"@id\":\"https:\\\/\\\/www.laguiadepamplona.com\\\/actualidad\\\/#website\",\"url\":\"https:\\\/\\\/www.laguiadepamplona.com\\\/actualidad\\\/\",\"name\":\"La gu\u00eda de Pamplona\",\"description\":\"Noticias de Pamplona\",\"publisher\":{\"@id\":\"https:\\\/\\\/www.laguiadepamplona.com\\\/actualidad\\\/#organization\"},\"potentialAction\":[{\"@type\":\"SearchAction\",\"target\":{\"@type\":\"EntryPoint\",\"urlTemplate\":\"https:\\\/\\\/www.laguiadepamplona.com\\\/actualidad\\\/?s={search_term_string}\"},\"query-input\":{\"@type\":\"PropertyValueSpecification\",\"valueRequired\":true,\"valueName\":\"search_term_string\"}}],\"inLanguage\":\"es\"},{\"@type\":\"Organization\",\"@id\":\"https:\\\/\\\/www.laguiadepamplona.com\\\/actualidad\\\/#organization\",\"name\":\"La Gu\u00eda de Pamplona \\\/ Noticias\",\"url\":\"https:\\\/\\\/www.laguiadepamplona.com\\\/actualidad\\\/\",\"logo\":{\"@type\":\"ImageObject\",\"inLanguage\":\"es\",\"@id\":\"https:\\\/\\\/www.laguiadepamplona.com\\\/actualidad\\\/#\\\/schema\\\/logo\\\/image\\\/\",\"url\":\"https:\\\/\\\/www.laguiadepamplona.com\\\/actualidad\\\/wp-content\\\/uploads\\\/2018\\\/11\\\/logo-laguiadepamplona18-web1.png\",\"contentUrl\":\"https:\\\/\\\/www.laguiadepamplona.com\\\/actualidad\\\/wp-content\\\/uploads\\\/2018\\\/11\\\/logo-laguiadepamplona18-web1.png\",\"width\":600,\"height\":196,\"caption\":\"La Gu\u00eda de Pamplona \\\/ Noticias\"},\"image\":{\"@id\":\"https:\\\/\\\/www.laguiadepamplona.com\\\/actualidad\\\/#\\\/schema\\\/logo\\\/image\\\/\"},\"sameAs\":[\"https:\\\/\\\/www.facebook.com\\\/laguiadepamplonacom-133175176762273\\\/?ref=hl\",\"https:\\\/\\\/x.com\\\/LaGuiadPamplona\",\"https:\\\/\\\/www.instagram.com\\\/la_guia_de_pamplona\\\/\",\"https:\\\/\\\/www.youtube.com\\\/user\\\/laguiadepamplona\"]},{\"@type\":\"Person\",\"@id\":\"https:\\\/\\\/www.laguiadepamplona.com\\\/actualidad\\\/#\\\/schema\\\/person\\\/efe887376f0213d4657c93adc50b1fdb\",\"name\":\"La Gu\u00eda de Pamplona\",\"image\":{\"@type\":\"ImageObject\",\"inLanguage\":\"es\",\"@id\":\"https:\\\/\\\/secure.gravatar.com\\\/avatar\\\/b6992f131dc8d30ab0dff15446e9d346d9dbd95992de0fef795073f5ea83a81c?s=96&d=mm&r=g\",\"url\":\"https:\\\/\\\/secure.gravatar.com\\\/avatar\\\/b6992f131dc8d30ab0dff15446e9d346d9dbd95992de0fef795073f5ea83a81c?s=96&d=mm&r=g\",\"contentUrl\":\"https:\\\/\\\/secure.gravatar.com\\\/avatar\\\/b6992f131dc8d30ab0dff15446e9d346d9dbd95992de0fef795073f5ea83a81c?s=96&d=mm&r=g\",\"caption\":\"La Gu\u00eda de Pamplona\"}}]}<\/script>\n<!-- \/ Yoast SEO plugin. -->","yoast_head_json":{"title":"Presentados 490 originales para el concurso del cartel anunciador de las fiestas de San Ferm\u00edn 2025","description":"Las bases establecen que los carteles deben ser in\u00e9ditos, de t\u00e9cnica libre y sin utilizaci\u00f3n de inteligencia artificial, en l\u00ednea con las demandas del sector","robots":{"index":"index","follow":"follow","max-snippet":"max-snippet:-1","max-image-preview":"max-image-preview:large","max-video-preview":"max-video-preview:-1"},"canonical":"https:\/\/www.laguiadepamplona.com\/actualidad\/presentados-490-originales-para-el-concurso-del-cartel-anunciador-de-las-fiestas-de-san-fermin-2025\/","og_locale":"es_ES","og_type":"article","og_title":"Presentados 490 originales para el concurso del cartel anunciador de las fiestas de San Ferm\u00edn 2025","og_description":"Las bases establecen que los carteles deben ser in\u00e9ditos, de t\u00e9cnica libre y sin utilizaci\u00f3n de inteligencia artificial, en l\u00ednea con las demandas del sector","og_url":"https:\/\/www.laguiadepamplona.com\/actualidad\/presentados-490-originales-para-el-concurso-del-cartel-anunciador-de-las-fiestas-de-san-fermin-2025\/","og_site_name":"La Gu\u00eda de Pamplona","article_publisher":"https:\/\/www.facebook.com\/laguiadepamplonacom-133175176762273\/?ref=hl","article_published_time":"2025-04-22T17:10:07+00:00","og_image":[{"width":1200,"height":800,"url":"https:\/\/www.laguiadepamplona.com\/actualidad\/wp-content\/uploads\/2024\/04\/presentacioncartelesfinalistassf240.webp","type":"image\/webp"}],"author":"La Gu\u00eda de Pamplona","twitter_card":"summary_large_image","twitter_creator":"@LaGuiadPamplona","twitter_site":"@LaGuiadPamplona","twitter_misc":{"Escrito por":"La Gu\u00eda de Pamplona","Tiempo de lectura":"2 minutos"},"schema":{"@context":"https:\/\/schema.org","@graph":[{"@type":"Article","@id":"https:\/\/www.laguiadepamplona.com\/actualidad\/presentados-490-originales-para-el-concurso-del-cartel-anunciador-de-las-fiestas-de-san-fermin-2025\/#article","isPartOf":{"@id":"https:\/\/www.laguiadepamplona.com\/actualidad\/presentados-490-originales-para-el-concurso-del-cartel-anunciador-de-las-fiestas-de-san-fermin-2025\/"},"author":{"name":"La Gu\u00eda de Pamplona","@id":"https:\/\/www.laguiadepamplona.com\/actualidad\/#\/schema\/person\/efe887376f0213d4657c93adc50b1fdb"},"headline":"Presentados 490 originales para el concurso del cartel anunciador de las fiestas de San Ferm\u00edn 2025","datePublished":"2025-04-22T17:10:07+00:00","mainEntityOfPage":{"@id":"https:\/\/www.laguiadepamplona.com\/actualidad\/presentados-490-originales-para-el-concurso-del-cartel-anunciador-de-las-fiestas-de-san-fermin-2025\/"},"wordCount":367,"commentCount":0,"publisher":{"@id":"https:\/\/www.laguiadepamplona.com\/actualidad\/#organization"},"image":{"@id":"https:\/\/www.laguiadepamplona.com\/actualidad\/presentados-490-originales-para-el-concurso-del-cartel-anunciador-de-las-fiestas-de-san-fermin-2025\/#primaryimage"},"thumbnailUrl":"https:\/\/www.laguiadepamplona.com\/actualidad\/wp-content\/uploads\/2024\/04\/presentacioncartelesfinalistassf240.webp","articleSection":["Ayto Pamplona"],"inLanguage":"es","potentialAction":[{"@type":"CommentAction","name":"Comment","target":["https:\/\/www.laguiadepamplona.com\/actualidad\/presentados-490-originales-para-el-concurso-del-cartel-anunciador-de-las-fiestas-de-san-fermin-2025\/#respond"]}]},{"@type":"WebPage","@id":"https:\/\/www.laguiadepamplona.com\/actualidad\/presentados-490-originales-para-el-concurso-del-cartel-anunciador-de-las-fiestas-de-san-fermin-2025\/","url":"https:\/\/www.laguiadepamplona.com\/actualidad\/presentados-490-originales-para-el-concurso-del-cartel-anunciador-de-las-fiestas-de-san-fermin-2025\/","name":"Presentados 490 originales para el concurso del cartel anunciador de las fiestas de San Ferm\u00edn 2025","isPartOf":{"@id":"https:\/\/www.laguiadepamplona.com\/actualidad\/#website"},"primaryImageOfPage":{"@id":"https:\/\/www.laguiadepamplona.com\/actualidad\/presentados-490-originales-para-el-concurso-del-cartel-anunciador-de-las-fiestas-de-san-fermin-2025\/#primaryimage"},"image":{"@id":"https:\/\/www.laguiadepamplona.com\/actualidad\/presentados-490-originales-para-el-concurso-del-cartel-anunciador-de-las-fiestas-de-san-fermin-2025\/#primaryimage"},"thumbnailUrl":"https:\/\/www.laguiadepamplona.com\/actualidad\/wp-content\/uploads\/2024\/04\/presentacioncartelesfinalistassf240.webp","datePublished":"2025-04-22T17:10:07+00:00","description":"Las bases establecen que los carteles deben ser in\u00e9ditos, de t\u00e9cnica libre y sin utilizaci\u00f3n de inteligencia artificial, en l\u00ednea con las demandas del sector","breadcrumb":{"@id":"https:\/\/www.laguiadepamplona.com\/actualidad\/presentados-490-originales-para-el-concurso-del-cartel-anunciador-de-las-fiestas-de-san-fermin-2025\/#breadcrumb"},"inLanguage":"es","potentialAction":[{"@type":"ReadAction","target":["https:\/\/www.laguiadepamplona.com\/actualidad\/presentados-490-originales-para-el-concurso-del-cartel-anunciador-de-las-fiestas-de-san-fermin-2025\/"]}]},{"@type":"ImageObject","inLanguage":"es","@id":"https:\/\/www.laguiadepamplona.com\/actualidad\/presentados-490-originales-para-el-concurso-del-cartel-anunciador-de-las-fiestas-de-san-fermin-2025\/#primaryimage","url":"https:\/\/www.laguiadepamplona.com\/actualidad\/wp-content\/uploads\/2024\/04\/presentacioncartelesfinalistassf240.webp","contentUrl":"https:\/\/www.laguiadepamplona.com\/actualidad\/wp-content\/uploads\/2024\/04\/presentacioncartelesfinalistassf240.webp","width":1200,"height":800,"caption":"presentaci\u00f3n carteles finalistas sf24"},{"@type":"BreadcrumbList","@id":"https:\/\/www.laguiadepamplona.com\/actualidad\/presentados-490-originales-para-el-concurso-del-cartel-anunciador-de-las-fiestas-de-san-fermin-2025\/#breadcrumb","itemListElement":[{"@type":"ListItem","position":1,"name":"Portada","item":"https:\/\/www.laguiadepamplona.com\/actualidad\/"},{"@type":"ListItem","position":2,"name":"Presentados 490 originales para el concurso del cartel anunciador de las fiestas de San Ferm\u00edn 2025"}]},{"@type":"WebSite","@id":"https:\/\/www.laguiadepamplona.com\/actualidad\/#website","url":"https:\/\/www.laguiadepamplona.com\/actualidad\/","name":"La gu\u00eda de Pamplona","description":"Noticias de Pamplona","publisher":{"@id":"https:\/\/www.laguiadepamplona.com\/actualidad\/#organization"},"potentialAction":[{"@type":"SearchAction","target":{"@type":"EntryPoint","urlTemplate":"https:\/\/www.laguiadepamplona.com\/actualidad\/?s={search_term_string}"},"query-input":{"@type":"PropertyValueSpecification","valueRequired":true,"valueName":"search_term_string"}}],"inLanguage":"es"},{"@type":"Organization","@id":"https:\/\/www.laguiadepamplona.com\/actualidad\/#organization","name":"La Gu\u00eda de Pamplona \/ Noticias","url":"https:\/\/www.laguiadepamplona.com\/actualidad\/","logo":{"@type":"ImageObject","inLanguage":"es","@id":"https:\/\/www.laguiadepamplona.com\/actualidad\/#\/schema\/logo\/image\/","url":"https:\/\/www.laguiadepamplona.com\/actualidad\/wp-content\/uploads\/2018\/11\/logo-laguiadepamplona18-web1.png","contentUrl":"https:\/\/www.laguiadepamplona.com\/actualidad\/wp-content\/uploads\/2018\/11\/logo-laguiadepamplona18-web1.png","width":600,"height":196,"caption":"La Gu\u00eda de Pamplona \/ Noticias"},"image":{"@id":"https:\/\/www.laguiadepamplona.com\/actualidad\/#\/schema\/logo\/image\/"},"sameAs":["https:\/\/www.facebook.com\/laguiadepamplonacom-133175176762273\/?ref=hl","https:\/\/x.com\/LaGuiadPamplona","https:\/\/www.instagram.com\/la_guia_de_pamplona\/","https:\/\/www.youtube.com\/user\/laguiadepamplona"]},{"@type":"Person","@id":"https:\/\/www.laguiadepamplona.com\/actualidad\/#\/schema\/person\/efe887376f0213d4657c93adc50b1fdb","name":"La Gu\u00eda de Pamplona","image":{"@type":"ImageObject","inLanguage":"es","@id":"https:\/\/secure.gravatar.com\/avatar\/b6992f131dc8d30ab0dff15446e9d346d9dbd95992de0fef795073f5ea83a81c?s=96&d=mm&r=g","url":"https:\/\/secure.gravatar.com\/avatar\/b6992f131dc8d30ab0dff15446e9d346d9dbd95992de0fef795073f5ea83a81c?s=96&d=mm&r=g","contentUrl":"https:\/\/secure.gravatar.com\/avatar\/b6992f131dc8d30ab0dff15446e9d346d9dbd95992de0fef795073f5ea83a81c?s=96&d=mm&r=g","caption":"La Gu\u00eda de Pamplona"}}]}},"post_mailing_queue_ids":[],"_links":{"self":[{"href":"https:\/\/www.laguiadepamplona.com\/actualidad\/wp-json\/wp\/v2\/posts\/52819","targetHints":{"allow":["GET"]}}],"collection":[{"href":"https:\/\/www.laguiadepamplona.com\/actualidad\/wp-json\/wp\/v2\/posts"}],"about":[{"href":"https:\/\/www.laguiadepamplona.com\/actualidad\/wp-json\/wp\/v2\/types\/post"}],"author":[{"embeddable":true,"href":"https:\/\/www.laguiadepamplona.com\/actualidad\/wp-json\/wp\/v2\/users\/1"}],"replies":[{"embeddable":true,"href":"https:\/\/www.laguiadepamplona.com\/actualidad\/wp-json\/wp\/v2\/comments?post=52819"}],"version-history":[{"count":1,"href":"https:\/\/www.laguiadepamplona.com\/actualidad\/wp-json\/wp\/v2\/posts\/52819\/revisions"}],"predecessor-version":[{"id":52820,"href":"https:\/\/www.laguiadepamplona.com\/actualidad\/wp-json\/wp\/v2\/posts\/52819\/revisions\/52820"}],"wp:featuredmedia":[{"embeddable":true,"href":"https:\/\/www.laguiadepamplona.com\/actualidad\/wp-json\/wp\/v2\/media\/49442"}],"wp:attachment":[{"href":"https:\/\/www.laguiadepamplona.com\/actualidad\/wp-json\/wp\/v2\/media?parent=52819"}],"wp:term":[{"taxonomy":"category","embeddable":true,"href":"https:\/\/www.laguiadepamplona.com\/actualidad\/wp-json\/wp\/v2\/categories?post=52819"},{"taxonomy":"post_tag","embeddable":true,"href":"https:\/\/www.laguiadepamplona.com\/actualidad\/wp-json\/wp\/v2\/tags?post=52819"}],"curies":[{"name":"wp","href":"https:\/\/api.w.org\/{rel}","templated":true}]}}