{"id":52798,"date":"2025-04-16T13:53:05","date_gmt":"2025-04-16T11:53:05","guid":{"rendered":"https:\/\/www.laguiadepamplona.com\/actualidad\/?p=52798"},"modified":"2025-04-16T13:53:05","modified_gmt":"2025-04-16T11:53:05","slug":"un-distintivo-visibilizara-a-los-establecimientos-hosteleros-comprometidos-contra-la-violencia-sexista","status":"publish","type":"post","link":"https:\/\/www.laguiadepamplona.com\/actualidad\/un-distintivo-visibilizara-a-los-establecimientos-hosteleros-comprometidos-contra-la-violencia-sexista\/","title":{"rendered":"Un distintivo visibilizar\u00e1 a los establecimientos hosteleros comprometidos contra la violencia sexista"},"content":{"rendered":"<h2>El Consistorio ha renovado por dos a\u00f1os m\u00e1s los primeros distintivos a los diez establecimientos adheridos al Protocolo de Prevenci\u00f3n de Actuaciones ante la Violencia Sexista<\/h2>\n<p><!--more--><\/p>\n<p>El Ayuntamiento de Pamplona ha renovado por dos a\u00f1os m\u00e1s a los establecimientos hosteleros la adhesi\u00f3n al Protocolo de Prevenci\u00f3n de Actuaciones ante la Violencia Sexista en Espacios Festivos y de Ocio. Este distintivo, que se situar\u00e1 en la puerta de entrada y varios espacios interiores, permitir\u00e1 visibilizar los espacios comprometidos contra la violencia sexista. En la actualidad, son diez los establecimientos adheridos. Tres de ellos recibieron los distintivos de manos de la concejala delegada de Igualdad, Acci\u00f3n Comunitaria, Barrios, Participaci\u00f3n Ciudadana y Euskera, Zaloa Basabe Guti\u00e9rrez. Se trata de Infernu, en la calle San Agust\u00edn; la Antigua Farmacia, en la calle Garc\u00eda Casta\u00f1\u00f3n; y la Herriko Taberna, en la calle Del Carmen. Los otros siete son Adokin Gastrobar, en la calle Estafeta; Cofrad\u00eda, en la calle de la Merced; La Vi\u00f1a Gastrobar, en Jarauta; Lanbroa, en la calle Descalzos; Zazpi y Terminal, ambos en la calle Calderer\u00eda; y Zentral, en la calle Mercado.<\/p>\n<p>El distintivo es, en realidad, una certificaci\u00f3n como espacio libre de violencia sexista, con una vigencia de dos a\u00f1os. Pasado ese tiempo, el establecimiento deber\u00e1 volver a certificar su compromiso. Este compromiso debe plasmarse a trav\u00e9s de varias acciones de sensibilizaci\u00f3n y formaci\u00f3n para su plantilla y clientela. En concreto, los establecimientos que se adhieran al protocolo, y por tanto reciban el distintivo, deber\u00e1n, entre otros aspectos, contar con personal formado en la aplicaci\u00f3n del Protocolo de Prevenci\u00f3n de Actuaciones ante la Violencia Sexista en Espacios Festivos y de Ocio. En funci\u00f3n de la plantilla del establecimiento, ser\u00e1 necesario contar con una, dos o cuatro personas formadas. La formaci\u00f3n es facilitada de forma gratuita por el Ayuntamiento.<\/p>\n<p>Tambi\u00e9n deber\u00e1 comprometerse a sensibilizar a la ciudadan\u00eda y a su equipo profesional y su clientela, contribuyendo a crear un espacio de ocio respetuoso. El local deber\u00e1 participar en acciones de formaci\u00f3n conjunta y campa\u00f1as de sensibilizaci\u00f3n y, adem\u00e1s, debe comprometerse a revisar y adaptar sus acciones y comunicaciones para asegurar que la oferta de ocio responde a los principios de respeto a las libertades, no discriminaci\u00f3n, no fomento del sexismo y protecci\u00f3n de la libertad de las mujeres. Igualmente, se realiza una revisi\u00f3n del espacio evitando la existencia de zonas inseguras, mal iluminadas, etc\u00e9tera.<\/p>\n<p><strong>Todo tipo de locales de ocio<\/strong><\/p>\n<p>La adhesi\u00f3n al protocolo est\u00e1 abierta a todo tipo de establecimientos de ocio. As\u00ed, el Consistorio ha establecido distintas categor\u00edas. Por un lado, habla de locales permanentes bares y cafeter\u00edas, pubs, discotecas, etc. A todos ellos, se suman tambi\u00e9n entidades y empresas que gestionan y organizan experiencias no permanentes, como carpas universitarias, festivales, conciertos y otros eventos.<\/p>\n<p>El protocolo se dirige, a todos ellos principalmente, a locales de ocio, bares y cafeter\u00edas, independientemente de su tama\u00f1o y su ubicaci\u00f3n, que prestan servicios en horario de tarde y noche.<\/p>\n<p>Los establecimientos interesados en adherirse al protocolo pueden solicitar m\u00e1s informaci\u00f3n a trav\u00e9s del correo <a href=\"mailto:ociolibredeviolenciasexista@pamplona.es\">ociolibredeviolenciasexista@pamplona.es<\/a>. Adem\u00e1s, pr\u00f3ximamente, estar\u00e1 disponible una p\u00e1gina web con toda la informaci\u00f3n al respecto.<\/p>\n<p><strong>Distintivos dentro y fuera del establecimiento<\/strong><\/p>\n<p>El Ayuntamiento de Pamplona ha editado distintos distintivos para se\u00f1alar los establecimientos adheridos al protocolo, como forma para visibilizar su compromiso con un ocio seguro y contra la violencia sexista. As\u00ed, a los locales adheridos se les repartir\u00e1n pegatinas para que peguen en sus puertas exteriores, para que puedan ser colocadas en los aseos y en otros lugares estrat\u00e9gicos del local, y para los espejos de los aseos o para puertas de paso.<\/p>\n<p>En el caso de las empresas de eventos, adem\u00e1s de recibir las mismas pegatinas que los establecimientos, contar\u00e1n con carteles en soporte r\u00edgido tama\u00f1o A3 y un dise\u00f1o que puedan incluir en sus folletos, programas y publicidades.<\/p>\n","protected":false},"excerpt":{"rendered":"<p>El Consistorio ha renovado por dos a\u00f1os m\u00e1s los primeros distintivos a los diez establecimientos adheridos al Protocolo de Prevenci\u00f3n de Actuaciones ante la Violencia Sexista<\/p>\n","protected":false},"author":1,"featured_media":52799,"comment_status":"open","ping_status":"closed","sticky":false,"template":"","format":"standard","meta":{"footnotes":""},"categories":[2],"tags":[],"class_list":["post-52798","post","type-post","status-publish","format-standard","has-post-thumbnail","hentry","category-ayuntamiento-pamplona"],"yoast_head":"<!-- This site is optimized with the Yoast SEO plugin v27.3 - https:\/\/yoast.com\/product\/yoast-seo-wordpress\/ -->\n<title>Un distintivo visibilizar\u00e1 a los establecimientos hosteleros comprometidos contra la violencia sexista<\/title>\n<meta name=\"description\" content=\"El Consistorio ha renovado por dos a\u00f1os m\u00e1s los primeros distintivos a los diez establecimientos adheridos al Protocolo de Prevenci\u00f3n\" \/>\n<meta name=\"robots\" content=\"index, follow, max-snippet:-1, max-image-preview:large, max-video-preview:-1\" \/>\n<link rel=\"canonical\" href=\"https:\/\/www.laguiadepamplona.com\/actualidad\/un-distintivo-visibilizara-a-los-establecimientos-hosteleros-comprometidos-contra-la-violencia-sexista\/\" \/>\n<meta property=\"og:locale\" content=\"es_ES\" \/>\n<meta property=\"og:type\" content=\"article\" \/>\n<meta property=\"og:title\" content=\"Un distintivo visibilizar\u00e1 a los establecimientos hosteleros comprometidos contra la violencia sexista\" \/>\n<meta property=\"og:description\" content=\"El Consistorio ha renovado por dos a\u00f1os m\u00e1s los primeros distintivos a los diez establecimientos adheridos al Protocolo de Prevenci\u00f3n\" \/>\n<meta property=\"og:url\" content=\"https:\/\/www.laguiadepamplona.com\/actualidad\/un-distintivo-visibilizara-a-los-establecimientos-hosteleros-comprometidos-contra-la-violencia-sexista\/\" \/>\n<meta property=\"og:site_name\" content=\"La Gu\u00eda de Pamplona\" \/>\n<meta property=\"article:publisher\" content=\"https:\/\/www.facebook.com\/laguiadepamplonacom-133175176762273\/?ref=hl\" \/>\n<meta property=\"article:published_time\" content=\"2025-04-16T11:53:05+00:00\" \/>\n<meta property=\"og:image\" content=\"https:\/\/www.laguiadepamplona.com\/actualidad\/wp-content\/uploads\/2025\/04\/1entregacredencialesahostelerosprotocoloagresionesdsc2788.webp\" \/>\n\t<meta property=\"og:image:width\" content=\"1000\" \/>\n\t<meta property=\"og:image:height\" content=\"666\" \/>\n\t<meta property=\"og:image:type\" content=\"image\/webp\" \/>\n<meta name=\"author\" content=\"La Gu\u00eda de Pamplona\" \/>\n<meta name=\"twitter:card\" content=\"summary_large_image\" \/>\n<meta name=\"twitter:creator\" content=\"@LaGuiadPamplona\" \/>\n<meta name=\"twitter:site\" content=\"@LaGuiadPamplona\" \/>\n<meta name=\"twitter:label1\" content=\"Escrito por\" \/>\n\t<meta name=\"twitter:data1\" content=\"La Gu\u00eda de Pamplona\" \/>\n\t<meta name=\"twitter:label2\" content=\"Tiempo de lectura\" \/>\n\t<meta name=\"twitter:data2\" content=\"4 minutos\" \/>\n<script type=\"application\/ld+json\" class=\"yoast-schema-graph\">{\"@context\":\"https:\\\/\\\/schema.org\",\"@graph\":[{\"@type\":\"Article\",\"@id\":\"https:\\\/\\\/www.laguiadepamplona.com\\\/actualidad\\\/un-distintivo-visibilizara-a-los-establecimientos-hosteleros-comprometidos-contra-la-violencia-sexista\\\/#article\",\"isPartOf\":{\"@id\":\"https:\\\/\\\/www.laguiadepamplona.com\\\/actualidad\\\/un-distintivo-visibilizara-a-los-establecimientos-hosteleros-comprometidos-contra-la-violencia-sexista\\\/\"},\"author\":{\"name\":\"La Gu\u00eda de Pamplona\",\"@id\":\"https:\\\/\\\/www.laguiadepamplona.com\\\/actualidad\\\/#\\\/schema\\\/person\\\/efe887376f0213d4657c93adc50b1fdb\"},\"headline\":\"Un distintivo visibilizar\u00e1 a los establecimientos hosteleros comprometidos contra la violencia sexista\",\"datePublished\":\"2025-04-16T11:53:05+00:00\",\"mainEntityOfPage\":{\"@id\":\"https:\\\/\\\/www.laguiadepamplona.com\\\/actualidad\\\/un-distintivo-visibilizara-a-los-establecimientos-hosteleros-comprometidos-contra-la-violencia-sexista\\\/\"},\"wordCount\":703,\"commentCount\":0,\"publisher\":{\"@id\":\"https:\\\/\\\/www.laguiadepamplona.com\\\/actualidad\\\/#organization\"},\"image\":{\"@id\":\"https:\\\/\\\/www.laguiadepamplona.com\\\/actualidad\\\/un-distintivo-visibilizara-a-los-establecimientos-hosteleros-comprometidos-contra-la-violencia-sexista\\\/#primaryimage\"},\"thumbnailUrl\":\"https:\\\/\\\/www.laguiadepamplona.com\\\/actualidad\\\/wp-content\\\/uploads\\\/2025\\\/04\\\/1entregacredencialesahostelerosprotocoloagresionesdsc2788.webp\",\"articleSection\":[\"Ayto Pamplona\"],\"inLanguage\":\"es\",\"potentialAction\":[{\"@type\":\"CommentAction\",\"name\":\"Comment\",\"target\":[\"https:\\\/\\\/www.laguiadepamplona.com\\\/actualidad\\\/un-distintivo-visibilizara-a-los-establecimientos-hosteleros-comprometidos-contra-la-violencia-sexista\\\/#respond\"]}]},{\"@type\":\"WebPage\",\"@id\":\"https:\\\/\\\/www.laguiadepamplona.com\\\/actualidad\\\/un-distintivo-visibilizara-a-los-establecimientos-hosteleros-comprometidos-contra-la-violencia-sexista\\\/\",\"url\":\"https:\\\/\\\/www.laguiadepamplona.com\\\/actualidad\\\/un-distintivo-visibilizara-a-los-establecimientos-hosteleros-comprometidos-contra-la-violencia-sexista\\\/\",\"name\":\"Un distintivo visibilizar\u00e1 a los establecimientos hosteleros comprometidos contra la violencia sexista\",\"isPartOf\":{\"@id\":\"https:\\\/\\\/www.laguiadepamplona.com\\\/actualidad\\\/#website\"},\"primaryImageOfPage\":{\"@id\":\"https:\\\/\\\/www.laguiadepamplona.com\\\/actualidad\\\/un-distintivo-visibilizara-a-los-establecimientos-hosteleros-comprometidos-contra-la-violencia-sexista\\\/#primaryimage\"},\"image\":{\"@id\":\"https:\\\/\\\/www.laguiadepamplona.com\\\/actualidad\\\/un-distintivo-visibilizara-a-los-establecimientos-hosteleros-comprometidos-contra-la-violencia-sexista\\\/#primaryimage\"},\"thumbnailUrl\":\"https:\\\/\\\/www.laguiadepamplona.com\\\/actualidad\\\/wp-content\\\/uploads\\\/2025\\\/04\\\/1entregacredencialesahostelerosprotocoloagresionesdsc2788.webp\",\"datePublished\":\"2025-04-16T11:53:05+00:00\",\"description\":\"El Consistorio ha renovado por dos a\u00f1os m\u00e1s los primeros distintivos a los diez establecimientos adheridos al Protocolo de Prevenci\u00f3n\",\"breadcrumb\":{\"@id\":\"https:\\\/\\\/www.laguiadepamplona.com\\\/actualidad\\\/un-distintivo-visibilizara-a-los-establecimientos-hosteleros-comprometidos-contra-la-violencia-sexista\\\/#breadcrumb\"},\"inLanguage\":\"es\",\"potentialAction\":[{\"@type\":\"ReadAction\",\"target\":[\"https:\\\/\\\/www.laguiadepamplona.com\\\/actualidad\\\/un-distintivo-visibilizara-a-los-establecimientos-hosteleros-comprometidos-contra-la-violencia-sexista\\\/\"]}]},{\"@type\":\"ImageObject\",\"inLanguage\":\"es\",\"@id\":\"https:\\\/\\\/www.laguiadepamplona.com\\\/actualidad\\\/un-distintivo-visibilizara-a-los-establecimientos-hosteleros-comprometidos-contra-la-violencia-sexista\\\/#primaryimage\",\"url\":\"https:\\\/\\\/www.laguiadepamplona.com\\\/actualidad\\\/wp-content\\\/uploads\\\/2025\\\/04\\\/1entregacredencialesahostelerosprotocoloagresionesdsc2788.webp\",\"contentUrl\":\"https:\\\/\\\/www.laguiadepamplona.com\\\/actualidad\\\/wp-content\\\/uploads\\\/2025\\\/04\\\/1entregacredencialesahostelerosprotocoloagresionesdsc2788.webp\",\"width\":1000,\"height\":666,\"caption\":\"entrega credenciales a hosteleros protocolo agresiones\"},{\"@type\":\"BreadcrumbList\",\"@id\":\"https:\\\/\\\/www.laguiadepamplona.com\\\/actualidad\\\/un-distintivo-visibilizara-a-los-establecimientos-hosteleros-comprometidos-contra-la-violencia-sexista\\\/#breadcrumb\",\"itemListElement\":[{\"@type\":\"ListItem\",\"position\":1,\"name\":\"Portada\",\"item\":\"https:\\\/\\\/www.laguiadepamplona.com\\\/actualidad\\\/\"},{\"@type\":\"ListItem\",\"position\":2,\"name\":\"Un distintivo visibilizar\u00e1 a los establecimientos hosteleros comprometidos contra la violencia sexista\"}]},{\"@type\":\"WebSite\",\"@id\":\"https:\\\/\\\/www.laguiadepamplona.com\\\/actualidad\\\/#website\",\"url\":\"https:\\\/\\\/www.laguiadepamplona.com\\\/actualidad\\\/\",\"name\":\"La gu\u00eda de Pamplona\",\"description\":\"Noticias de Pamplona\",\"publisher\":{\"@id\":\"https:\\\/\\\/www.laguiadepamplona.com\\\/actualidad\\\/#organization\"},\"potentialAction\":[{\"@type\":\"SearchAction\",\"target\":{\"@type\":\"EntryPoint\",\"urlTemplate\":\"https:\\\/\\\/www.laguiadepamplona.com\\\/actualidad\\\/?s={search_term_string}\"},\"query-input\":{\"@type\":\"PropertyValueSpecification\",\"valueRequired\":true,\"valueName\":\"search_term_string\"}}],\"inLanguage\":\"es\"},{\"@type\":\"Organization\",\"@id\":\"https:\\\/\\\/www.laguiadepamplona.com\\\/actualidad\\\/#organization\",\"name\":\"La Gu\u00eda de Pamplona \\\/ Noticias\",\"url\":\"https:\\\/\\\/www.laguiadepamplona.com\\\/actualidad\\\/\",\"logo\":{\"@type\":\"ImageObject\",\"inLanguage\":\"es\",\"@id\":\"https:\\\/\\\/www.laguiadepamplona.com\\\/actualidad\\\/#\\\/schema\\\/logo\\\/image\\\/\",\"url\":\"https:\\\/\\\/www.laguiadepamplona.com\\\/actualidad\\\/wp-content\\\/uploads\\\/2018\\\/11\\\/logo-laguiadepamplona18-web1.png\",\"contentUrl\":\"https:\\\/\\\/www.laguiadepamplona.com\\\/actualidad\\\/wp-content\\\/uploads\\\/2018\\\/11\\\/logo-laguiadepamplona18-web1.png\",\"width\":600,\"height\":196,\"caption\":\"La Gu\u00eda de Pamplona \\\/ Noticias\"},\"image\":{\"@id\":\"https:\\\/\\\/www.laguiadepamplona.com\\\/actualidad\\\/#\\\/schema\\\/logo\\\/image\\\/\"},\"sameAs\":[\"https:\\\/\\\/www.facebook.com\\\/laguiadepamplonacom-133175176762273\\\/?ref=hl\",\"https:\\\/\\\/x.com\\\/LaGuiadPamplona\",\"https:\\\/\\\/www.instagram.com\\\/la_guia_de_pamplona\\\/\",\"https:\\\/\\\/www.youtube.com\\\/user\\\/laguiadepamplona\"]},{\"@type\":\"Person\",\"@id\":\"https:\\\/\\\/www.laguiadepamplona.com\\\/actualidad\\\/#\\\/schema\\\/person\\\/efe887376f0213d4657c93adc50b1fdb\",\"name\":\"La Gu\u00eda de Pamplona\",\"image\":{\"@type\":\"ImageObject\",\"inLanguage\":\"es\",\"@id\":\"https:\\\/\\\/secure.gravatar.com\\\/avatar\\\/b6992f131dc8d30ab0dff15446e9d346d9dbd95992de0fef795073f5ea83a81c?s=96&d=mm&r=g\",\"url\":\"https:\\\/\\\/secure.gravatar.com\\\/avatar\\\/b6992f131dc8d30ab0dff15446e9d346d9dbd95992de0fef795073f5ea83a81c?s=96&d=mm&r=g\",\"contentUrl\":\"https:\\\/\\\/secure.gravatar.com\\\/avatar\\\/b6992f131dc8d30ab0dff15446e9d346d9dbd95992de0fef795073f5ea83a81c?s=96&d=mm&r=g\",\"caption\":\"La Gu\u00eda de Pamplona\"}}]}<\/script>\n<!-- \/ Yoast SEO plugin. -->","yoast_head_json":{"title":"Un distintivo visibilizar\u00e1 a los establecimientos hosteleros comprometidos contra la violencia sexista","description":"El Consistorio ha renovado por dos a\u00f1os m\u00e1s los primeros distintivos a los diez establecimientos adheridos al Protocolo de Prevenci\u00f3n","robots":{"index":"index","follow":"follow","max-snippet":"max-snippet:-1","max-image-preview":"max-image-preview:large","max-video-preview":"max-video-preview:-1"},"canonical":"https:\/\/www.laguiadepamplona.com\/actualidad\/un-distintivo-visibilizara-a-los-establecimientos-hosteleros-comprometidos-contra-la-violencia-sexista\/","og_locale":"es_ES","og_type":"article","og_title":"Un distintivo visibilizar\u00e1 a los establecimientos hosteleros comprometidos contra la violencia sexista","og_description":"El Consistorio ha renovado por dos a\u00f1os m\u00e1s los primeros distintivos a los diez establecimientos adheridos al Protocolo de Prevenci\u00f3n","og_url":"https:\/\/www.laguiadepamplona.com\/actualidad\/un-distintivo-visibilizara-a-los-establecimientos-hosteleros-comprometidos-contra-la-violencia-sexista\/","og_site_name":"La Gu\u00eda de Pamplona","article_publisher":"https:\/\/www.facebook.com\/laguiadepamplonacom-133175176762273\/?ref=hl","article_published_time":"2025-04-16T11:53:05+00:00","og_image":[{"width":1000,"height":666,"url":"https:\/\/www.laguiadepamplona.com\/actualidad\/wp-content\/uploads\/2025\/04\/1entregacredencialesahostelerosprotocoloagresionesdsc2788.webp","type":"image\/webp"}],"author":"La Gu\u00eda de Pamplona","twitter_card":"summary_large_image","twitter_creator":"@LaGuiadPamplona","twitter_site":"@LaGuiadPamplona","twitter_misc":{"Escrito por":"La Gu\u00eda de Pamplona","Tiempo de lectura":"4 minutos"},"schema":{"@context":"https:\/\/schema.org","@graph":[{"@type":"Article","@id":"https:\/\/www.laguiadepamplona.com\/actualidad\/un-distintivo-visibilizara-a-los-establecimientos-hosteleros-comprometidos-contra-la-violencia-sexista\/#article","isPartOf":{"@id":"https:\/\/www.laguiadepamplona.com\/actualidad\/un-distintivo-visibilizara-a-los-establecimientos-hosteleros-comprometidos-contra-la-violencia-sexista\/"},"author":{"name":"La Gu\u00eda de Pamplona","@id":"https:\/\/www.laguiadepamplona.com\/actualidad\/#\/schema\/person\/efe887376f0213d4657c93adc50b1fdb"},"headline":"Un distintivo visibilizar\u00e1 a los establecimientos hosteleros comprometidos contra la violencia sexista","datePublished":"2025-04-16T11:53:05+00:00","mainEntityOfPage":{"@id":"https:\/\/www.laguiadepamplona.com\/actualidad\/un-distintivo-visibilizara-a-los-establecimientos-hosteleros-comprometidos-contra-la-violencia-sexista\/"},"wordCount":703,"commentCount":0,"publisher":{"@id":"https:\/\/www.laguiadepamplona.com\/actualidad\/#organization"},"image":{"@id":"https:\/\/www.laguiadepamplona.com\/actualidad\/un-distintivo-visibilizara-a-los-establecimientos-hosteleros-comprometidos-contra-la-violencia-sexista\/#primaryimage"},"thumbnailUrl":"https:\/\/www.laguiadepamplona.com\/actualidad\/wp-content\/uploads\/2025\/04\/1entregacredencialesahostelerosprotocoloagresionesdsc2788.webp","articleSection":["Ayto Pamplona"],"inLanguage":"es","potentialAction":[{"@type":"CommentAction","name":"Comment","target":["https:\/\/www.laguiadepamplona.com\/actualidad\/un-distintivo-visibilizara-a-los-establecimientos-hosteleros-comprometidos-contra-la-violencia-sexista\/#respond"]}]},{"@type":"WebPage","@id":"https:\/\/www.laguiadepamplona.com\/actualidad\/un-distintivo-visibilizara-a-los-establecimientos-hosteleros-comprometidos-contra-la-violencia-sexista\/","url":"https:\/\/www.laguiadepamplona.com\/actualidad\/un-distintivo-visibilizara-a-los-establecimientos-hosteleros-comprometidos-contra-la-violencia-sexista\/","name":"Un distintivo visibilizar\u00e1 a los establecimientos hosteleros comprometidos contra la violencia sexista","isPartOf":{"@id":"https:\/\/www.laguiadepamplona.com\/actualidad\/#website"},"primaryImageOfPage":{"@id":"https:\/\/www.laguiadepamplona.com\/actualidad\/un-distintivo-visibilizara-a-los-establecimientos-hosteleros-comprometidos-contra-la-violencia-sexista\/#primaryimage"},"image":{"@id":"https:\/\/www.laguiadepamplona.com\/actualidad\/un-distintivo-visibilizara-a-los-establecimientos-hosteleros-comprometidos-contra-la-violencia-sexista\/#primaryimage"},"thumbnailUrl":"https:\/\/www.laguiadepamplona.com\/actualidad\/wp-content\/uploads\/2025\/04\/1entregacredencialesahostelerosprotocoloagresionesdsc2788.webp","datePublished":"2025-04-16T11:53:05+00:00","description":"El Consistorio ha renovado por dos a\u00f1os m\u00e1s los primeros distintivos a los diez establecimientos adheridos al Protocolo de Prevenci\u00f3n","breadcrumb":{"@id":"https:\/\/www.laguiadepamplona.com\/actualidad\/un-distintivo-visibilizara-a-los-establecimientos-hosteleros-comprometidos-contra-la-violencia-sexista\/#breadcrumb"},"inLanguage":"es","potentialAction":[{"@type":"ReadAction","target":["https:\/\/www.laguiadepamplona.com\/actualidad\/un-distintivo-visibilizara-a-los-establecimientos-hosteleros-comprometidos-contra-la-violencia-sexista\/"]}]},{"@type":"ImageObject","inLanguage":"es","@id":"https:\/\/www.laguiadepamplona.com\/actualidad\/un-distintivo-visibilizara-a-los-establecimientos-hosteleros-comprometidos-contra-la-violencia-sexista\/#primaryimage","url":"https:\/\/www.laguiadepamplona.com\/actualidad\/wp-content\/uploads\/2025\/04\/1entregacredencialesahostelerosprotocoloagresionesdsc2788.webp","contentUrl":"https:\/\/www.laguiadepamplona.com\/actualidad\/wp-content\/uploads\/2025\/04\/1entregacredencialesahostelerosprotocoloagresionesdsc2788.webp","width":1000,"height":666,"caption":"entrega credenciales a hosteleros protocolo agresiones"},{"@type":"BreadcrumbList","@id":"https:\/\/www.laguiadepamplona.com\/actualidad\/un-distintivo-visibilizara-a-los-establecimientos-hosteleros-comprometidos-contra-la-violencia-sexista\/#breadcrumb","itemListElement":[{"@type":"ListItem","position":1,"name":"Portada","item":"https:\/\/www.laguiadepamplona.com\/actualidad\/"},{"@type":"ListItem","position":2,"name":"Un distintivo visibilizar\u00e1 a los establecimientos hosteleros comprometidos contra la violencia sexista"}]},{"@type":"WebSite","@id":"https:\/\/www.laguiadepamplona.com\/actualidad\/#website","url":"https:\/\/www.laguiadepamplona.com\/actualidad\/","name":"La gu\u00eda de Pamplona","description":"Noticias de Pamplona","publisher":{"@id":"https:\/\/www.laguiadepamplona.com\/actualidad\/#organization"},"potentialAction":[{"@type":"SearchAction","target":{"@type":"EntryPoint","urlTemplate":"https:\/\/www.laguiadepamplona.com\/actualidad\/?s={search_term_string}"},"query-input":{"@type":"PropertyValueSpecification","valueRequired":true,"valueName":"search_term_string"}}],"inLanguage":"es"},{"@type":"Organization","@id":"https:\/\/www.laguiadepamplona.com\/actualidad\/#organization","name":"La Gu\u00eda de Pamplona \/ Noticias","url":"https:\/\/www.laguiadepamplona.com\/actualidad\/","logo":{"@type":"ImageObject","inLanguage":"es","@id":"https:\/\/www.laguiadepamplona.com\/actualidad\/#\/schema\/logo\/image\/","url":"https:\/\/www.laguiadepamplona.com\/actualidad\/wp-content\/uploads\/2018\/11\/logo-laguiadepamplona18-web1.png","contentUrl":"https:\/\/www.laguiadepamplona.com\/actualidad\/wp-content\/uploads\/2018\/11\/logo-laguiadepamplona18-web1.png","width":600,"height":196,"caption":"La Gu\u00eda de Pamplona \/ Noticias"},"image":{"@id":"https:\/\/www.laguiadepamplona.com\/actualidad\/#\/schema\/logo\/image\/"},"sameAs":["https:\/\/www.facebook.com\/laguiadepamplonacom-133175176762273\/?ref=hl","https:\/\/x.com\/LaGuiadPamplona","https:\/\/www.instagram.com\/la_guia_de_pamplona\/","https:\/\/www.youtube.com\/user\/laguiadepamplona"]},{"@type":"Person","@id":"https:\/\/www.laguiadepamplona.com\/actualidad\/#\/schema\/person\/efe887376f0213d4657c93adc50b1fdb","name":"La Gu\u00eda de Pamplona","image":{"@type":"ImageObject","inLanguage":"es","@id":"https:\/\/secure.gravatar.com\/avatar\/b6992f131dc8d30ab0dff15446e9d346d9dbd95992de0fef795073f5ea83a81c?s=96&d=mm&r=g","url":"https:\/\/secure.gravatar.com\/avatar\/b6992f131dc8d30ab0dff15446e9d346d9dbd95992de0fef795073f5ea83a81c?s=96&d=mm&r=g","contentUrl":"https:\/\/secure.gravatar.com\/avatar\/b6992f131dc8d30ab0dff15446e9d346d9dbd95992de0fef795073f5ea83a81c?s=96&d=mm&r=g","caption":"La Gu\u00eda de Pamplona"}}]}},"post_mailing_queue_ids":[],"_links":{"self":[{"href":"https:\/\/www.laguiadepamplona.com\/actualidad\/wp-json\/wp\/v2\/posts\/52798","targetHints":{"allow":["GET"]}}],"collection":[{"href":"https:\/\/www.laguiadepamplona.com\/actualidad\/wp-json\/wp\/v2\/posts"}],"about":[{"href":"https:\/\/www.laguiadepamplona.com\/actualidad\/wp-json\/wp\/v2\/types\/post"}],"author":[{"embeddable":true,"href":"https:\/\/www.laguiadepamplona.com\/actualidad\/wp-json\/wp\/v2\/users\/1"}],"replies":[{"embeddable":true,"href":"https:\/\/www.laguiadepamplona.com\/actualidad\/wp-json\/wp\/v2\/comments?post=52798"}],"version-history":[{"count":1,"href":"https:\/\/www.laguiadepamplona.com\/actualidad\/wp-json\/wp\/v2\/posts\/52798\/revisions"}],"predecessor-version":[{"id":52800,"href":"https:\/\/www.laguiadepamplona.com\/actualidad\/wp-json\/wp\/v2\/posts\/52798\/revisions\/52800"}],"wp:featuredmedia":[{"embeddable":true,"href":"https:\/\/www.laguiadepamplona.com\/actualidad\/wp-json\/wp\/v2\/media\/52799"}],"wp:attachment":[{"href":"https:\/\/www.laguiadepamplona.com\/actualidad\/wp-json\/wp\/v2\/media?parent=52798"}],"wp:term":[{"taxonomy":"category","embeddable":true,"href":"https:\/\/www.laguiadepamplona.com\/actualidad\/wp-json\/wp\/v2\/categories?post=52798"},{"taxonomy":"post_tag","embeddable":true,"href":"https:\/\/www.laguiadepamplona.com\/actualidad\/wp-json\/wp\/v2\/tags?post=52798"}],"curies":[{"name":"wp","href":"https:\/\/api.w.org\/{rel}","templated":true}]}}