{"id":52785,"date":"2025-04-16T13:35:11","date_gmt":"2025-04-16T11:35:11","guid":{"rendered":"https:\/\/www.laguiadepamplona.com\/actualidad\/?p=52785"},"modified":"2025-04-16T13:35:11","modified_gmt":"2025-04-16T11:35:11","slug":"diecisiete-librerias-sacan-los-libros-a-la-calle-el-proximo-miercoles-con-descuento-del-10-para-celebrar-el-dia-internacional-del-libro","status":"publish","type":"post","link":"https:\/\/www.laguiadepamplona.com\/actualidad\/diecisiete-librerias-sacan-los-libros-a-la-calle-el-proximo-miercoles-con-descuento-del-10-para-celebrar-el-dia-internacional-del-libro\/","title":{"rendered":"Diecisiete librer\u00edas sacan los libros a la calle el pr\u00f3ximo mi\u00e9rcoles, con descuento del 10%, para celebrar el D\u00eda Internacional del Libro"},"content":{"rendered":"<h2>La feria abre en la confluencia de Carlos III con la avenida de Roncesvalles, de 10 a 21 horas, y se podr\u00e1n adquirir flores a precio simb\u00f3lico con fin solidario<\/h2>\n<p><!--more--><\/p>\n<p>El Ayuntamiento de Pamplona, en colaboraci\u00f3n con la Asociaci\u00f3n de Librer\u00edas de Navarra Diego de Haro, celebra el pr\u00f3ximo mi\u00e9rcoles 23 de abril el D\u00eda Internacional del Libro con la tradicional feria en la confluencia de Carlos III y la avenida de Roncesvalles. Los libros se acercan a la ciudadan\u00eda con un 10% de descuento, que tambi\u00e9n se aplica en los establecimientos habituales, y la posibilidad de adquirir una rosa, al precio simb\u00f3lico de 1,5 euros, con fin ben\u00e9fico: Cruz Roja Navarra ser\u00e1 la entidad social que este a\u00f1o recibir\u00e1 un lote de libros por el importe de la venta de flores, previsto en 2.210 euros.<\/p>\n<p>As\u00ed lo han presentado este mi\u00e9rcoles en rueda de prensa el concejal de Promoci\u00f3n Econ\u00f3mica, Proyecci\u00f3n Europea, Innovaci\u00f3n, Juventud y Cooperaci\u00f3n al Desarrollo, Mikel Armend\u00e1riz Barnechea, y el presidente de la Asociaci\u00f3n de Librer\u00edas de Navarra Diego de Haro, Pablo Abarzuza Apezarena.<\/p>\n<p>La feria permanecer\u00e1 abierta en horario ininterrumpido desde las 10 hasta las 21 horas y 17 librer\u00edas ofrecer\u00e1n sus libros en los puestos. Est\u00e1 prevista la presencia de 27 autores locales, que dedicar\u00e1n sus obras. Como novedad, este a\u00f1o todas las personas que adquieran un libro participar\u00e1n en el sorteo de 100 ejemplares de la publicaci\u00f3n \u2018Comercio Centenarios de Pamplona\u2019, de Carlos Albillo Torres, editada por el Ayuntamiento de Pamplona.<\/p>\n<p><strong>Firma de libros<\/strong><\/p>\n<p>En la feria colabora la Asociaci\u00f3n de Escritores de Navarra \u2013 Nafar Idazleen Elkartea (ANE-NIE) y la Asociaci\u00f3n de Editores Independientes de Navarra \u2013 Nafar Editore Independienteen Elkartea (Editargi), con veintisiete creadores locales que firmar\u00e1n sus libros a las personas que lo deseen. Las firmas se realizan por franjas horarias, a partir de las 11 de ma\u00f1ana y hasta las 20 horas.<\/p>\n<p>Por la ma\u00f1ana, de 11 a 12.30, firmar\u00e1n obras Daniel Ferro Montiu, Miguel Izu e Idoia Saralegui San Sebasti\u00e1n; y de 12.30 a 14 horas, Mar\u00eda Jes\u00fas Castillejo Samitier, F\u00e1tima Frutos y Nerea Aguado Alonso. Por la tarde, de 17 a 18.30, estar\u00e1n presentes en la feria Bego\u00f1a Pro Uriarte, Carlos\u00a0 Erice Azanza y Laura Azcona; de 18.30 a 19.30, C\u00e9sar Oroz, Mikel Bueno y Elorri Arcocha, Maite Sota y Eneko Olza; de 18.30 a 20 horas, Ana Rosa Saleme Ortiz, Josemi Albizu Gabari, Ester Ortiz Giron\u00e9s e Ignacio Lloret; y de 19.30 a 20.30 horas, Juan Echenique, Eduardo Mart\u00ednez Lacabe e Imanol Satr\u00fastegi.<\/p>\n<p>&nbsp;<\/p>\n<h3>17 librer\u00edas y 27 autores locales. Mi\u00e9rcoles 23 de abril, de 10 a 21 horas<\/h3>\n<ul>\n<li>Librer\u00edas de la Asociaci\u00f3n de Librer\u00edas de Navarra Diego de Haro:\n<ul>\n<li>Librer\u00eda Arcos<\/li>\n<li>Muga<\/li>\n<li>Librer\u00eda Nerea<\/li>\n<li>Librer\u00eda Arista<\/li>\n<li>Librer\u00eda Walden<\/li>\n<li>Elkar Leire<\/li>\n<li>Elkar Comedias<\/li>\n<li>Chundarata<\/li>\n<li>Katakrak<\/li>\n<li>Troa Librer\u00edas<\/li>\n<li>Karrikiri Elkartea<\/li>\n<li>Librer\u00eda Iratxe<\/li>\n<li>Kokea<\/li>\n<li>Txalaparta<\/li>\n<li>El Corte Ingl\u00e9s<\/li>\n<li>Casa del Libro<\/li>\n<li>Editargi<\/li>\n<\/ul>\n<\/li>\n<li>Editoriales participantes:\n<ul>\n<li>Alkibla<\/li>\n<li>Eunate<\/li>\n<li>Igela<\/li>\n<li>Mintzoa<\/li>\n<li>Pamiela<\/li>\n<li>Txalaparta<\/li>\n<\/ul>\n<\/li>\n<li>Autores y obras que firmar\u00e1n:\n<ul>\n<li>Nerea\u00a0 Aguado Alonso: \u2018\u00bfDe qu\u00e9 muere un buitre?\u2019<\/li>\n<li>Josemi Albizu Gabari: \u2018A la luz de las antorchas\u2019<\/li>\n<li>Laura Azcona: \u2018El pacto de las colonias\u2019, \u2018El pacto invisible\u2019<\/li>\n<li>Mikel Bueno y Elorri Arcocha: \u2018Navarra 1934. El a\u00f1o de las revoluciones sepultadas\u2019<\/li>\n<li>M\u00aa Jes\u00fas Castillejo Samitier: \u2018Mi abuela es una bruja\u2019<\/li>\n<li>Juan Echenique: \u2018Secretos de Pamplona\u2019<\/li>\n<li>Carlos Erice Azanza: \u2018Boricuas\u2019<\/li>\n<li>Daniel\u00a0 Ferro Montiu: \u2018La estrategia del tigre\u2019, \u2018El esp\u00eda idealista\u2019<\/li>\n<li>F\u00e1tima Frutos: La impaciencia de las mariposas<\/li>\n<li>Miguel Izu: \u2018Seis heridas de arma de fuego\u2019<\/li>\n<li>Ignacio Lloret: \u2018Llegaremos a la vez\u2019<\/li>\n<li>Eduardo Mart\u00ednez Lacabe: \u2018Mariano S\u00e1ez Morilla (1895-1937). Proclamador de la Segunda Rep\u00fablica en Pamplona\u2019<\/li>\n<li>Eneko Olza: \u2018Trabajo sucio\u2019<\/li>\n<li>C\u00e9sar Oroz: \u2018Amaiur 1522. El imperio ataca de nuevo\u2019<\/li>\n<li>Ester Ortiz Giron\u00e9s: \u2018Mi universo\u2019<\/li>\n<li>Bego\u00f1a Pro Uriarte: \u2018Victoria total. Historia de los reyes de Navarra\u2019 (junto a Juan Ram\u00f3n Corpas)<\/li>\n<li>I\u00f1aki Sagredo: \u2018De la Vasconia pirenaica al Reino de Pamplona con Sancho III el Mayor\u2019<\/li>\n<li>Ana Rosa Saleme Ortiz: \u2018Cruces y asfalto\u2019, \u2018El jard\u00edn en el plato\u2019, \u2018Quesos &amp; licores\u2019<\/li>\n<li>Idoia Saralegui San Sebasti\u00e1n: \u2018El secuestro de San Ferm\u00edn\u2019<\/li>\n<li>Imanol Satrustegi: \u2018Atreverse a luchar\u2019<\/li>\n<li>Maite Sota: \u2018Locura\u2019<\/li>\n<\/ul>\n<\/li>\n<\/ul>\n","protected":false},"excerpt":{"rendered":"<p>La feria abre en la confluencia de Carlos III con la avenida de Roncesvalles, de 10 a 21 horas, y se podr\u00e1n adquirir flores a precio simb\u00f3lico con fin solidario<\/p>\n","protected":false},"author":1,"featured_media":52786,"comment_status":"open","ping_status":"closed","sticky":false,"template":"","format":"standard","meta":{"footnotes":""},"categories":[2],"tags":[],"class_list":["post-52785","post","type-post","status-publish","format-standard","has-post-thumbnail","hentry","category-ayuntamiento-pamplona"],"yoast_head":"<!-- This site is optimized with the Yoast SEO plugin v27.3 - https:\/\/yoast.com\/product\/yoast-seo-wordpress\/ -->\n<title>Diecisiete librer\u00edas sacan los libros a la calle el pr\u00f3ximo mi\u00e9rcoles, con descuento del 10%, para celebrar el D\u00eda Internacional del Libro<\/title>\n<meta name=\"description\" content=\"La feria abre en la confluencia de Carlos III con la avenida de Roncesvalles, de 10 a 21 horas, y se podr\u00e1n adquirir flores a precio simb\u00f3lico con fin solidario\" \/>\n<meta name=\"robots\" content=\"index, follow, max-snippet:-1, max-image-preview:large, max-video-preview:-1\" \/>\n<link rel=\"canonical\" href=\"https:\/\/www.laguiadepamplona.com\/actualidad\/diecisiete-librerias-sacan-los-libros-a-la-calle-el-proximo-miercoles-con-descuento-del-10-para-celebrar-el-dia-internacional-del-libro\/\" \/>\n<meta property=\"og:locale\" content=\"es_ES\" \/>\n<meta property=\"og:type\" content=\"article\" \/>\n<meta property=\"og:title\" content=\"Diecisiete librer\u00edas sacan los libros a la calle el pr\u00f3ximo mi\u00e9rcoles, con descuento del 10%, para celebrar el D\u00eda Internacional del Libro\" \/>\n<meta property=\"og:description\" content=\"La feria abre en la confluencia de Carlos III con la avenida de Roncesvalles, de 10 a 21 horas, y se podr\u00e1n adquirir flores a precio simb\u00f3lico con fin solidario\" \/>\n<meta property=\"og:url\" content=\"https:\/\/www.laguiadepamplona.com\/actualidad\/diecisiete-librerias-sacan-los-libros-a-la-calle-el-proximo-miercoles-con-descuento-del-10-para-celebrar-el-dia-internacional-del-libro\/\" \/>\n<meta property=\"og:site_name\" content=\"La Gu\u00eda de Pamplona\" \/>\n<meta property=\"article:publisher\" content=\"https:\/\/www.facebook.com\/laguiadepamplonacom-133175176762273\/?ref=hl\" \/>\n<meta property=\"article:published_time\" content=\"2025-04-16T11:35:11+00:00\" \/>\n<meta property=\"og:image\" content=\"https:\/\/www.laguiadepamplona.com\/actualidad\/wp-content\/uploads\/2025\/04\/Dia-del-libro-y-de-la-flor_web_m.webp\" \/>\n\t<meta property=\"og:image:width\" content=\"1000\" \/>\n\t<meta property=\"og:image:height\" content=\"668\" \/>\n\t<meta property=\"og:image:type\" content=\"image\/webp\" \/>\n<meta name=\"author\" content=\"La Gu\u00eda de Pamplona\" \/>\n<meta name=\"twitter:card\" content=\"summary_large_image\" \/>\n<meta name=\"twitter:creator\" content=\"@LaGuiadPamplona\" \/>\n<meta name=\"twitter:site\" content=\"@LaGuiadPamplona\" \/>\n<meta name=\"twitter:label1\" content=\"Escrito por\" \/>\n\t<meta name=\"twitter:data1\" content=\"La Gu\u00eda de Pamplona\" \/>\n\t<meta name=\"twitter:label2\" content=\"Tiempo de lectura\" \/>\n\t<meta name=\"twitter:data2\" content=\"4 minutos\" \/>\n<script type=\"application\/ld+json\" class=\"yoast-schema-graph\">{\"@context\":\"https:\\\/\\\/schema.org\",\"@graph\":[{\"@type\":\"Article\",\"@id\":\"https:\\\/\\\/www.laguiadepamplona.com\\\/actualidad\\\/diecisiete-librerias-sacan-los-libros-a-la-calle-el-proximo-miercoles-con-descuento-del-10-para-celebrar-el-dia-internacional-del-libro\\\/#article\",\"isPartOf\":{\"@id\":\"https:\\\/\\\/www.laguiadepamplona.com\\\/actualidad\\\/diecisiete-librerias-sacan-los-libros-a-la-calle-el-proximo-miercoles-con-descuento-del-10-para-celebrar-el-dia-internacional-del-libro\\\/\"},\"author\":{\"name\":\"La Gu\u00eda de Pamplona\",\"@id\":\"https:\\\/\\\/www.laguiadepamplona.com\\\/actualidad\\\/#\\\/schema\\\/person\\\/efe887376f0213d4657c93adc50b1fdb\"},\"headline\":\"Diecisiete librer\u00edas sacan los libros a la calle el pr\u00f3ximo mi\u00e9rcoles, con descuento del 10%, para celebrar el D\u00eda Internacional del Libro\",\"datePublished\":\"2025-04-16T11:35:11+00:00\",\"mainEntityOfPage\":{\"@id\":\"https:\\\/\\\/www.laguiadepamplona.com\\\/actualidad\\\/diecisiete-librerias-sacan-los-libros-a-la-calle-el-proximo-miercoles-con-descuento-del-10-para-celebrar-el-dia-internacional-del-libro\\\/\"},\"wordCount\":734,\"commentCount\":0,\"publisher\":{\"@id\":\"https:\\\/\\\/www.laguiadepamplona.com\\\/actualidad\\\/#organization\"},\"image\":{\"@id\":\"https:\\\/\\\/www.laguiadepamplona.com\\\/actualidad\\\/diecisiete-librerias-sacan-los-libros-a-la-calle-el-proximo-miercoles-con-descuento-del-10-para-celebrar-el-dia-internacional-del-libro\\\/#primaryimage\"},\"thumbnailUrl\":\"https:\\\/\\\/www.laguiadepamplona.com\\\/actualidad\\\/wp-content\\\/uploads\\\/2025\\\/04\\\/Dia-del-libro-y-de-la-flor_web_m.webp\",\"articleSection\":[\"Ayto Pamplona\"],\"inLanguage\":\"es\",\"potentialAction\":[{\"@type\":\"CommentAction\",\"name\":\"Comment\",\"target\":[\"https:\\\/\\\/www.laguiadepamplona.com\\\/actualidad\\\/diecisiete-librerias-sacan-los-libros-a-la-calle-el-proximo-miercoles-con-descuento-del-10-para-celebrar-el-dia-internacional-del-libro\\\/#respond\"]}]},{\"@type\":\"WebPage\",\"@id\":\"https:\\\/\\\/www.laguiadepamplona.com\\\/actualidad\\\/diecisiete-librerias-sacan-los-libros-a-la-calle-el-proximo-miercoles-con-descuento-del-10-para-celebrar-el-dia-internacional-del-libro\\\/\",\"url\":\"https:\\\/\\\/www.laguiadepamplona.com\\\/actualidad\\\/diecisiete-librerias-sacan-los-libros-a-la-calle-el-proximo-miercoles-con-descuento-del-10-para-celebrar-el-dia-internacional-del-libro\\\/\",\"name\":\"Diecisiete librer\u00edas sacan los libros a la calle el pr\u00f3ximo mi\u00e9rcoles, con descuento del 10%, para celebrar el D\u00eda Internacional del Libro\",\"isPartOf\":{\"@id\":\"https:\\\/\\\/www.laguiadepamplona.com\\\/actualidad\\\/#website\"},\"primaryImageOfPage\":{\"@id\":\"https:\\\/\\\/www.laguiadepamplona.com\\\/actualidad\\\/diecisiete-librerias-sacan-los-libros-a-la-calle-el-proximo-miercoles-con-descuento-del-10-para-celebrar-el-dia-internacional-del-libro\\\/#primaryimage\"},\"image\":{\"@id\":\"https:\\\/\\\/www.laguiadepamplona.com\\\/actualidad\\\/diecisiete-librerias-sacan-los-libros-a-la-calle-el-proximo-miercoles-con-descuento-del-10-para-celebrar-el-dia-internacional-del-libro\\\/#primaryimage\"},\"thumbnailUrl\":\"https:\\\/\\\/www.laguiadepamplona.com\\\/actualidad\\\/wp-content\\\/uploads\\\/2025\\\/04\\\/Dia-del-libro-y-de-la-flor_web_m.webp\",\"datePublished\":\"2025-04-16T11:35:11+00:00\",\"description\":\"La feria abre en la confluencia de Carlos III con la avenida de Roncesvalles, de 10 a 21 horas, y se podr\u00e1n adquirir flores a precio simb\u00f3lico con fin solidario\",\"breadcrumb\":{\"@id\":\"https:\\\/\\\/www.laguiadepamplona.com\\\/actualidad\\\/diecisiete-librerias-sacan-los-libros-a-la-calle-el-proximo-miercoles-con-descuento-del-10-para-celebrar-el-dia-internacional-del-libro\\\/#breadcrumb\"},\"inLanguage\":\"es\",\"potentialAction\":[{\"@type\":\"ReadAction\",\"target\":[\"https:\\\/\\\/www.laguiadepamplona.com\\\/actualidad\\\/diecisiete-librerias-sacan-los-libros-a-la-calle-el-proximo-miercoles-con-descuento-del-10-para-celebrar-el-dia-internacional-del-libro\\\/\"]}]},{\"@type\":\"ImageObject\",\"inLanguage\":\"es\",\"@id\":\"https:\\\/\\\/www.laguiadepamplona.com\\\/actualidad\\\/diecisiete-librerias-sacan-los-libros-a-la-calle-el-proximo-miercoles-con-descuento-del-10-para-celebrar-el-dia-internacional-del-libro\\\/#primaryimage\",\"url\":\"https:\\\/\\\/www.laguiadepamplona.com\\\/actualidad\\\/wp-content\\\/uploads\\\/2025\\\/04\\\/Dia-del-libro-y-de-la-flor_web_m.webp\",\"contentUrl\":\"https:\\\/\\\/www.laguiadepamplona.com\\\/actualidad\\\/wp-content\\\/uploads\\\/2025\\\/04\\\/Dia-del-libro-y-de-la-flor_web_m.webp\",\"width\":1000,\"height\":668,\"caption\":\"D\u00eda del libro y de la flor\"},{\"@type\":\"BreadcrumbList\",\"@id\":\"https:\\\/\\\/www.laguiadepamplona.com\\\/actualidad\\\/diecisiete-librerias-sacan-los-libros-a-la-calle-el-proximo-miercoles-con-descuento-del-10-para-celebrar-el-dia-internacional-del-libro\\\/#breadcrumb\",\"itemListElement\":[{\"@type\":\"ListItem\",\"position\":1,\"name\":\"Portada\",\"item\":\"https:\\\/\\\/www.laguiadepamplona.com\\\/actualidad\\\/\"},{\"@type\":\"ListItem\",\"position\":2,\"name\":\"Diecisiete librer\u00edas sacan los libros a la calle el pr\u00f3ximo mi\u00e9rcoles, con descuento del 10%, para celebrar el D\u00eda Internacional del Libro\"}]},{\"@type\":\"WebSite\",\"@id\":\"https:\\\/\\\/www.laguiadepamplona.com\\\/actualidad\\\/#website\",\"url\":\"https:\\\/\\\/www.laguiadepamplona.com\\\/actualidad\\\/\",\"name\":\"La gu\u00eda de Pamplona\",\"description\":\"Noticias de Pamplona\",\"publisher\":{\"@id\":\"https:\\\/\\\/www.laguiadepamplona.com\\\/actualidad\\\/#organization\"},\"potentialAction\":[{\"@type\":\"SearchAction\",\"target\":{\"@type\":\"EntryPoint\",\"urlTemplate\":\"https:\\\/\\\/www.laguiadepamplona.com\\\/actualidad\\\/?s={search_term_string}\"},\"query-input\":{\"@type\":\"PropertyValueSpecification\",\"valueRequired\":true,\"valueName\":\"search_term_string\"}}],\"inLanguage\":\"es\"},{\"@type\":\"Organization\",\"@id\":\"https:\\\/\\\/www.laguiadepamplona.com\\\/actualidad\\\/#organization\",\"name\":\"La Gu\u00eda de Pamplona \\\/ Noticias\",\"url\":\"https:\\\/\\\/www.laguiadepamplona.com\\\/actualidad\\\/\",\"logo\":{\"@type\":\"ImageObject\",\"inLanguage\":\"es\",\"@id\":\"https:\\\/\\\/www.laguiadepamplona.com\\\/actualidad\\\/#\\\/schema\\\/logo\\\/image\\\/\",\"url\":\"https:\\\/\\\/www.laguiadepamplona.com\\\/actualidad\\\/wp-content\\\/uploads\\\/2018\\\/11\\\/logo-laguiadepamplona18-web1.png\",\"contentUrl\":\"https:\\\/\\\/www.laguiadepamplona.com\\\/actualidad\\\/wp-content\\\/uploads\\\/2018\\\/11\\\/logo-laguiadepamplona18-web1.png\",\"width\":600,\"height\":196,\"caption\":\"La Gu\u00eda de Pamplona \\\/ Noticias\"},\"image\":{\"@id\":\"https:\\\/\\\/www.laguiadepamplona.com\\\/actualidad\\\/#\\\/schema\\\/logo\\\/image\\\/\"},\"sameAs\":[\"https:\\\/\\\/www.facebook.com\\\/laguiadepamplonacom-133175176762273\\\/?ref=hl\",\"https:\\\/\\\/x.com\\\/LaGuiadPamplona\",\"https:\\\/\\\/www.instagram.com\\\/la_guia_de_pamplona\\\/\",\"https:\\\/\\\/www.youtube.com\\\/user\\\/laguiadepamplona\"]},{\"@type\":\"Person\",\"@id\":\"https:\\\/\\\/www.laguiadepamplona.com\\\/actualidad\\\/#\\\/schema\\\/person\\\/efe887376f0213d4657c93adc50b1fdb\",\"name\":\"La Gu\u00eda de Pamplona\",\"image\":{\"@type\":\"ImageObject\",\"inLanguage\":\"es\",\"@id\":\"https:\\\/\\\/secure.gravatar.com\\\/avatar\\\/b6992f131dc8d30ab0dff15446e9d346d9dbd95992de0fef795073f5ea83a81c?s=96&d=mm&r=g\",\"url\":\"https:\\\/\\\/secure.gravatar.com\\\/avatar\\\/b6992f131dc8d30ab0dff15446e9d346d9dbd95992de0fef795073f5ea83a81c?s=96&d=mm&r=g\",\"contentUrl\":\"https:\\\/\\\/secure.gravatar.com\\\/avatar\\\/b6992f131dc8d30ab0dff15446e9d346d9dbd95992de0fef795073f5ea83a81c?s=96&d=mm&r=g\",\"caption\":\"La Gu\u00eda de Pamplona\"}}]}<\/script>\n<!-- \/ Yoast SEO plugin. -->","yoast_head_json":{"title":"Diecisiete librer\u00edas sacan los libros a la calle el pr\u00f3ximo mi\u00e9rcoles, con descuento del 10%, para celebrar el D\u00eda Internacional del Libro","description":"La feria abre en la confluencia de Carlos III con la avenida de Roncesvalles, de 10 a 21 horas, y se podr\u00e1n adquirir flores a precio simb\u00f3lico con fin solidario","robots":{"index":"index","follow":"follow","max-snippet":"max-snippet:-1","max-image-preview":"max-image-preview:large","max-video-preview":"max-video-preview:-1"},"canonical":"https:\/\/www.laguiadepamplona.com\/actualidad\/diecisiete-librerias-sacan-los-libros-a-la-calle-el-proximo-miercoles-con-descuento-del-10-para-celebrar-el-dia-internacional-del-libro\/","og_locale":"es_ES","og_type":"article","og_title":"Diecisiete librer\u00edas sacan los libros a la calle el pr\u00f3ximo mi\u00e9rcoles, con descuento del 10%, para celebrar el D\u00eda Internacional del Libro","og_description":"La feria abre en la confluencia de Carlos III con la avenida de Roncesvalles, de 10 a 21 horas, y se podr\u00e1n adquirir flores a precio simb\u00f3lico con fin solidario","og_url":"https:\/\/www.laguiadepamplona.com\/actualidad\/diecisiete-librerias-sacan-los-libros-a-la-calle-el-proximo-miercoles-con-descuento-del-10-para-celebrar-el-dia-internacional-del-libro\/","og_site_name":"La Gu\u00eda de Pamplona","article_publisher":"https:\/\/www.facebook.com\/laguiadepamplonacom-133175176762273\/?ref=hl","article_published_time":"2025-04-16T11:35:11+00:00","og_image":[{"width":1000,"height":668,"url":"https:\/\/www.laguiadepamplona.com\/actualidad\/wp-content\/uploads\/2025\/04\/Dia-del-libro-y-de-la-flor_web_m.webp","type":"image\/webp"}],"author":"La Gu\u00eda de Pamplona","twitter_card":"summary_large_image","twitter_creator":"@LaGuiadPamplona","twitter_site":"@LaGuiadPamplona","twitter_misc":{"Escrito por":"La Gu\u00eda de Pamplona","Tiempo de lectura":"4 minutos"},"schema":{"@context":"https:\/\/schema.org","@graph":[{"@type":"Article","@id":"https:\/\/www.laguiadepamplona.com\/actualidad\/diecisiete-librerias-sacan-los-libros-a-la-calle-el-proximo-miercoles-con-descuento-del-10-para-celebrar-el-dia-internacional-del-libro\/#article","isPartOf":{"@id":"https:\/\/www.laguiadepamplona.com\/actualidad\/diecisiete-librerias-sacan-los-libros-a-la-calle-el-proximo-miercoles-con-descuento-del-10-para-celebrar-el-dia-internacional-del-libro\/"},"author":{"name":"La Gu\u00eda de Pamplona","@id":"https:\/\/www.laguiadepamplona.com\/actualidad\/#\/schema\/person\/efe887376f0213d4657c93adc50b1fdb"},"headline":"Diecisiete librer\u00edas sacan los libros a la calle el pr\u00f3ximo mi\u00e9rcoles, con descuento del 10%, para celebrar el D\u00eda Internacional del Libro","datePublished":"2025-04-16T11:35:11+00:00","mainEntityOfPage":{"@id":"https:\/\/www.laguiadepamplona.com\/actualidad\/diecisiete-librerias-sacan-los-libros-a-la-calle-el-proximo-miercoles-con-descuento-del-10-para-celebrar-el-dia-internacional-del-libro\/"},"wordCount":734,"commentCount":0,"publisher":{"@id":"https:\/\/www.laguiadepamplona.com\/actualidad\/#organization"},"image":{"@id":"https:\/\/www.laguiadepamplona.com\/actualidad\/diecisiete-librerias-sacan-los-libros-a-la-calle-el-proximo-miercoles-con-descuento-del-10-para-celebrar-el-dia-internacional-del-libro\/#primaryimage"},"thumbnailUrl":"https:\/\/www.laguiadepamplona.com\/actualidad\/wp-content\/uploads\/2025\/04\/Dia-del-libro-y-de-la-flor_web_m.webp","articleSection":["Ayto Pamplona"],"inLanguage":"es","potentialAction":[{"@type":"CommentAction","name":"Comment","target":["https:\/\/www.laguiadepamplona.com\/actualidad\/diecisiete-librerias-sacan-los-libros-a-la-calle-el-proximo-miercoles-con-descuento-del-10-para-celebrar-el-dia-internacional-del-libro\/#respond"]}]},{"@type":"WebPage","@id":"https:\/\/www.laguiadepamplona.com\/actualidad\/diecisiete-librerias-sacan-los-libros-a-la-calle-el-proximo-miercoles-con-descuento-del-10-para-celebrar-el-dia-internacional-del-libro\/","url":"https:\/\/www.laguiadepamplona.com\/actualidad\/diecisiete-librerias-sacan-los-libros-a-la-calle-el-proximo-miercoles-con-descuento-del-10-para-celebrar-el-dia-internacional-del-libro\/","name":"Diecisiete librer\u00edas sacan los libros a la calle el pr\u00f3ximo mi\u00e9rcoles, con descuento del 10%, para celebrar el D\u00eda Internacional del Libro","isPartOf":{"@id":"https:\/\/www.laguiadepamplona.com\/actualidad\/#website"},"primaryImageOfPage":{"@id":"https:\/\/www.laguiadepamplona.com\/actualidad\/diecisiete-librerias-sacan-los-libros-a-la-calle-el-proximo-miercoles-con-descuento-del-10-para-celebrar-el-dia-internacional-del-libro\/#primaryimage"},"image":{"@id":"https:\/\/www.laguiadepamplona.com\/actualidad\/diecisiete-librerias-sacan-los-libros-a-la-calle-el-proximo-miercoles-con-descuento-del-10-para-celebrar-el-dia-internacional-del-libro\/#primaryimage"},"thumbnailUrl":"https:\/\/www.laguiadepamplona.com\/actualidad\/wp-content\/uploads\/2025\/04\/Dia-del-libro-y-de-la-flor_web_m.webp","datePublished":"2025-04-16T11:35:11+00:00","description":"La feria abre en la confluencia de Carlos III con la avenida de Roncesvalles, de 10 a 21 horas, y se podr\u00e1n adquirir flores a precio simb\u00f3lico con fin solidario","breadcrumb":{"@id":"https:\/\/www.laguiadepamplona.com\/actualidad\/diecisiete-librerias-sacan-los-libros-a-la-calle-el-proximo-miercoles-con-descuento-del-10-para-celebrar-el-dia-internacional-del-libro\/#breadcrumb"},"inLanguage":"es","potentialAction":[{"@type":"ReadAction","target":["https:\/\/www.laguiadepamplona.com\/actualidad\/diecisiete-librerias-sacan-los-libros-a-la-calle-el-proximo-miercoles-con-descuento-del-10-para-celebrar-el-dia-internacional-del-libro\/"]}]},{"@type":"ImageObject","inLanguage":"es","@id":"https:\/\/www.laguiadepamplona.com\/actualidad\/diecisiete-librerias-sacan-los-libros-a-la-calle-el-proximo-miercoles-con-descuento-del-10-para-celebrar-el-dia-internacional-del-libro\/#primaryimage","url":"https:\/\/www.laguiadepamplona.com\/actualidad\/wp-content\/uploads\/2025\/04\/Dia-del-libro-y-de-la-flor_web_m.webp","contentUrl":"https:\/\/www.laguiadepamplona.com\/actualidad\/wp-content\/uploads\/2025\/04\/Dia-del-libro-y-de-la-flor_web_m.webp","width":1000,"height":668,"caption":"D\u00eda del libro y de la flor"},{"@type":"BreadcrumbList","@id":"https:\/\/www.laguiadepamplona.com\/actualidad\/diecisiete-librerias-sacan-los-libros-a-la-calle-el-proximo-miercoles-con-descuento-del-10-para-celebrar-el-dia-internacional-del-libro\/#breadcrumb","itemListElement":[{"@type":"ListItem","position":1,"name":"Portada","item":"https:\/\/www.laguiadepamplona.com\/actualidad\/"},{"@type":"ListItem","position":2,"name":"Diecisiete librer\u00edas sacan los libros a la calle el pr\u00f3ximo mi\u00e9rcoles, con descuento del 10%, para celebrar el D\u00eda Internacional del Libro"}]},{"@type":"WebSite","@id":"https:\/\/www.laguiadepamplona.com\/actualidad\/#website","url":"https:\/\/www.laguiadepamplona.com\/actualidad\/","name":"La gu\u00eda de Pamplona","description":"Noticias de Pamplona","publisher":{"@id":"https:\/\/www.laguiadepamplona.com\/actualidad\/#organization"},"potentialAction":[{"@type":"SearchAction","target":{"@type":"EntryPoint","urlTemplate":"https:\/\/www.laguiadepamplona.com\/actualidad\/?s={search_term_string}"},"query-input":{"@type":"PropertyValueSpecification","valueRequired":true,"valueName":"search_term_string"}}],"inLanguage":"es"},{"@type":"Organization","@id":"https:\/\/www.laguiadepamplona.com\/actualidad\/#organization","name":"La Gu\u00eda de Pamplona \/ Noticias","url":"https:\/\/www.laguiadepamplona.com\/actualidad\/","logo":{"@type":"ImageObject","inLanguage":"es","@id":"https:\/\/www.laguiadepamplona.com\/actualidad\/#\/schema\/logo\/image\/","url":"https:\/\/www.laguiadepamplona.com\/actualidad\/wp-content\/uploads\/2018\/11\/logo-laguiadepamplona18-web1.png","contentUrl":"https:\/\/www.laguiadepamplona.com\/actualidad\/wp-content\/uploads\/2018\/11\/logo-laguiadepamplona18-web1.png","width":600,"height":196,"caption":"La Gu\u00eda de Pamplona \/ Noticias"},"image":{"@id":"https:\/\/www.laguiadepamplona.com\/actualidad\/#\/schema\/logo\/image\/"},"sameAs":["https:\/\/www.facebook.com\/laguiadepamplonacom-133175176762273\/?ref=hl","https:\/\/x.com\/LaGuiadPamplona","https:\/\/www.instagram.com\/la_guia_de_pamplona\/","https:\/\/www.youtube.com\/user\/laguiadepamplona"]},{"@type":"Person","@id":"https:\/\/www.laguiadepamplona.com\/actualidad\/#\/schema\/person\/efe887376f0213d4657c93adc50b1fdb","name":"La Gu\u00eda de Pamplona","image":{"@type":"ImageObject","inLanguage":"es","@id":"https:\/\/secure.gravatar.com\/avatar\/b6992f131dc8d30ab0dff15446e9d346d9dbd95992de0fef795073f5ea83a81c?s=96&d=mm&r=g","url":"https:\/\/secure.gravatar.com\/avatar\/b6992f131dc8d30ab0dff15446e9d346d9dbd95992de0fef795073f5ea83a81c?s=96&d=mm&r=g","contentUrl":"https:\/\/secure.gravatar.com\/avatar\/b6992f131dc8d30ab0dff15446e9d346d9dbd95992de0fef795073f5ea83a81c?s=96&d=mm&r=g","caption":"La Gu\u00eda de Pamplona"}}]}},"post_mailing_queue_ids":[],"_links":{"self":[{"href":"https:\/\/www.laguiadepamplona.com\/actualidad\/wp-json\/wp\/v2\/posts\/52785","targetHints":{"allow":["GET"]}}],"collection":[{"href":"https:\/\/www.laguiadepamplona.com\/actualidad\/wp-json\/wp\/v2\/posts"}],"about":[{"href":"https:\/\/www.laguiadepamplona.com\/actualidad\/wp-json\/wp\/v2\/types\/post"}],"author":[{"embeddable":true,"href":"https:\/\/www.laguiadepamplona.com\/actualidad\/wp-json\/wp\/v2\/users\/1"}],"replies":[{"embeddable":true,"href":"https:\/\/www.laguiadepamplona.com\/actualidad\/wp-json\/wp\/v2\/comments?post=52785"}],"version-history":[{"count":1,"href":"https:\/\/www.laguiadepamplona.com\/actualidad\/wp-json\/wp\/v2\/posts\/52785\/revisions"}],"predecessor-version":[{"id":52787,"href":"https:\/\/www.laguiadepamplona.com\/actualidad\/wp-json\/wp\/v2\/posts\/52785\/revisions\/52787"}],"wp:featuredmedia":[{"embeddable":true,"href":"https:\/\/www.laguiadepamplona.com\/actualidad\/wp-json\/wp\/v2\/media\/52786"}],"wp:attachment":[{"href":"https:\/\/www.laguiadepamplona.com\/actualidad\/wp-json\/wp\/v2\/media?parent=52785"}],"wp:term":[{"taxonomy":"category","embeddable":true,"href":"https:\/\/www.laguiadepamplona.com\/actualidad\/wp-json\/wp\/v2\/categories?post=52785"},{"taxonomy":"post_tag","embeddable":true,"href":"https:\/\/www.laguiadepamplona.com\/actualidad\/wp-json\/wp\/v2\/tags?post=52785"}],"curies":[{"name":"wp","href":"https:\/\/api.w.org\/{rel}","templated":true}]}}