{"id":52780,"date":"2025-04-16T13:24:48","date_gmt":"2025-04-16T11:24:48","guid":{"rendered":"https:\/\/www.laguiadepamplona.com\/actualidad\/?p=52780"},"modified":"2025-04-16T13:24:48","modified_gmt":"2025-04-16T11:24:48","slug":"el-ayuntamiento-de-pamplona-cierra-un-acuerdo-para-estabilizar-el-servicio-de-bicicleta-electrica-garantizar-su-prestacion-y-permitir-su-comarcalizacion","status":"publish","type":"post","link":"https:\/\/www.laguiadepamplona.com\/actualidad\/el-ayuntamiento-de-pamplona-cierra-un-acuerdo-para-estabilizar-el-servicio-de-bicicleta-electrica-garantizar-su-prestacion-y-permitir-su-comarcalizacion\/","title":{"rendered":"El Ayuntamiento de Pamplona cierra un acuerdo para estabilizar el servicio de bicicleta el\u00e9ctrica, garantizar su prestaci\u00f3n y permitir su comarcalizaci\u00f3n"},"content":{"rendered":"<h2>La empresa Ride On seguir\u00e1 prestando el servicio, el Consistorio compensar\u00e1 las posibles p\u00e9rdidas, comprar\u00e1 40 bases y 400 bicicletas y tendr\u00e1 las manos libres para ampliar el servicio a otros municipios<\/h2>\n<p><!--more--><\/p>\n<p>El Ayuntamiento de Pamplona y la empresa Ride On, prestataria del servicio de bicicleta el\u00e9ctrica de la ciudad, han cerrado un acuerdo para garantizar la continuidad del servicio, su estabilizaci\u00f3n financiera y el desbloqueo de una posible comarcalizaci\u00f3n. Ese acuerdo implica dos aspectos fundamentales: por una parte, que el Consistorio se compromete a compensar a la empresa las p\u00e9rdidas anuales que pueda generar la prestaci\u00f3n del servicio y, por otra parte, la compra del stock y con \u00e9l, de los derechos de instalaci\u00f3n y comercializaci\u00f3n de 40 bases y 400 bicicletas. Esa operaci\u00f3n ser\u00e1 posible gracias a la liquidaci\u00f3n pactada de la concesi\u00f3n original del servicio con una orden posterior de continuidad por razones de inter\u00e9s p\u00fablico y a un acuerdo de compra del stock cifrado inicialmente en 800.000 euros que ser\u00e1n abonados en cuatro a\u00f1os: el 50% este mismo 2025, el 20% en 2026 y 2027, y el 10% restante en 2028.<\/p>\n<p>Los concejales responsables de las \u00e1reas de Gobierno Estrat\u00e9gico, Urbanismo, Vivienda y Agenda 2030, Joxe Abaurrea San Mart\u00edn, y de Ciudad Habitable y Sostenible, Borja Izagirre Larra\u00f1aga, han sido los encargados de presentar este mi\u00e9rcoles los t\u00e9rminos de este acuerdo. En su comparecencia han destacado la complejidad de la negociaci\u00f3n dadas \u201clas condiciones de un servicio que se inici\u00f3 en unos par\u00e1metros que jam\u00e1s se cumplieron, circunstancia agravada por decisiones controvertidas de anteriores equipos de gobierno que han llegado a hacer peligrar seriamente la prestaci\u00f3n del servicio por su inviabilidad econ\u00f3mica\u201d. Por ello han valorado el acuerdo alcanzado de una forma positiva, ya que permite cumplir los objetivos fundamentales de la negociaci\u00f3n: estabilidad del servicio a precios asumibles para la ciudadan\u00eda y posibilidad de extenderlo al resto de la Comarca.<\/p>\n<p><strong>Liquidaci\u00f3n de la concesi\u00f3n y orden de continuidad por inter\u00e9s p\u00fablico<\/strong><\/p>\n<p>La primera parte del acuerdo, la referida a las garant\u00edas de continuidad del servicio, se cimenta en dos pilares. En primer lugar, ambas partes han acordado la liquidaci\u00f3n de la concesi\u00f3n original, que al ser <em>a riesgo y ventura<\/em> implicaba que la empresa deb\u00eda asumir el 100% de las posibles p\u00e9rdidas, circunstancia que la ha llevado a la quiebra y a un concurso de acreedores. En segundo lugar, el Ayuntamiento y Ride On han pactado una orden de continuidad del servicio por razones de inter\u00e9s p\u00fablico con compensaci\u00f3n de las p\u00e9rdidas que \u00e9ste pudiera generar. Esta f\u00f3rmula implica que la empresa, hasta el final de la concesi\u00f3n (2029) o hasta que se lance una nueva licitaci\u00f3n, estar\u00e1 obligada a seguir prestando el servicio con todas las garant\u00edas de calidad a cambio de que la Administraci\u00f3n, en su caso, compense las posibles p\u00e9rdidas.<\/p>\n<p>Desde el equipo de gobierno han explicado que esta parte del acuerdo, equiparable a la figura de la t\u00e1cita reconducci\u00f3n, se fundamenta en el resultado de una auditor\u00eda independiente encargada por el Ayuntamiento a la empresa PKF Attest. Ese dictamen, realizado entre los meses de noviembre y diciembre de 2024, conclu\u00eda que, efectivamente, la prestaci\u00f3n del servicio era deficitaria en las condiciones pactadas en su d\u00eda y que, por tanto, su continuidad quedaba en entredicho. Las causas que explican esta situaci\u00f3n y que fueron argumentadas por la empresa son fundamentalmente tres: que las tarifas impuestas por la anterior Administraci\u00f3n no cubr\u00edan el m\u00ednimo de viabilidad comercial (se acordaron en diciembre de 2021 y se modificaron en mayo de 2023); que el modelo de negocio que deb\u00eda compensar esa viabilidad (publicidad exterior en MUPI) se vio seriamente comprometido con una segunda licitaci\u00f3n que fue a parar a manos de la competencia directa de Ride On (enero de 2023) y la aprobaci\u00f3n de una ampliaci\u00f3n del servicio esto sin una redefinici\u00f3n correlativa de la plantilla (diciembre de 2023)<\/p>\n<p>El acuerdo alcanzado ahora estipula que el Ayuntamiento, mientras el servicio siga funcionando, compensar\u00e1 posibles p\u00e9rdidas, pero siempre que se cumplan dos condiciones: que el servicio se desarrolle en los par\u00e1metros de calidad que se acordaron y que las cuentas que presente la empresa trimestralmente sean debidamente auditadas por el \u00e1rea de Econom\u00eda y Hacienda. Izagirre ha explicado que con estos par\u00e1metros el Ayuntamiento busca potenciar la transparencia en un contrato que lleg\u00f3 a sostenerse a trav\u00e9s de ayudas indirectas y bonificaciones de parte de las tarifas.<\/p>\n<p><strong>Compra del stock y posibilidad de ofertar el servicio a otros Ayuntamientos<\/strong><\/p>\n<p>La segunda parte del acuerdo, la referida a la posibilidad de comarcalizaci\u00f3n del servicio, se fundamenta en la recuperaci\u00f3n por parte del Ayuntamiento de la posibilidad de impulsarla. En la concesi\u00f3n original, aprobada por la Junta de Gobierno Local en marzo de 2021, se circunscrib\u00eda el servicio de bicicletas el\u00e9ctricas en exclusiva al t\u00e9rmino municipal de Pamplona negando expresamente la posibilidad de una extensi\u00f3n a otros municipios. El compromiso alcanzado ahora implica que el Ayuntamiento asume la propiedad de todo el stock de la empresa para disponer de \u00e9l, tambi\u00e9n desde la perspectiva comercial, en caso de que sea necesario. \u201cEl ejemplo de c\u00f3mo gestionar\u00edamos esto es sencillo: si un ayuntamiento quiere instalar el servicio en su t\u00e9rmino municipal podr\u00eda hacerlo sin necesidad de negociar con terceros y lo podr\u00eda hacer directamente con el Ayuntamiento de Pamplona a trav\u00e9s de un convenio\u201d, explicaba Abaurrea. \u201cAsumiendo los costes de instalaci\u00f3n y funcionamiento, ser\u00eda posible suministrarles tanto las bases, como las bicicletas y el soporte t\u00e9cnico e inform\u00e1tico\u201d, a\u00f1ad\u00eda.<\/p>\n<p>El presupuesto de esta operaci\u00f3n se ha fijado inicialmente en 800.000 euros. Esta cantidad se divide en dos conceptos: por una parte 100.000 euros por el valor residual de los elementos ya en funcionamiento y, por otra parte, 700.000 euros para la adquisici\u00f3n del stock de Ride On.\u00a0 Este stock incluye 40 bases y 400 bicicletas. El acuerdo implica asimismo que, a su entrega, todos estos elementos, as\u00ed como los recambios que tambi\u00e9n se incluyen en el stock, tendr\u00e1n que estar en condiciones de funcionamiento. Correr\u00e1 a cargo de la empresa el ensamblaje de las bicicletas mientras la puesta al d\u00eda de las mismas la asumir\u00e1 el Ayuntamiento.<\/p>\n<p>Previo al abono de la cantidad pactada, ambas partes han acordado tambi\u00e9n una inspecci\u00f3n t\u00e9cnica para comprobar el estado real del stockaje. Si esa inspecci\u00f3n es satisfactoria, el acuerdo incluye una f\u00f3rmula de pago concreta: 400.000 euros este a\u00f1o (el 50%), 160.000 en 2026 (20%), 160.000 en 2027 (20%) y 80.000 (10%) en 2028.<\/p>\n<p>En cuanto al arreglo y mantenimiento de las bicicletas y de los elementos t\u00e9cnicos que conforman el servicio, \u00e9ste deber\u00e1 estar incluido en los costes de funcionamiento anuales. Al igual que el resto, se abonar\u00e1n en caso de que la empresa justifique debidamente las p\u00e9rdidas y siempre previo contraste y comprobaci\u00f3n por parte de los servicios t\u00e9cnicos municipales.<\/p>\n<p><strong>Adelanto de liquidez para pagar las n\u00f3minas de la plantilla<\/strong><\/p>\n<p>El acuerdo alcanzado contiene un tercer compromiso por parte del Ayuntamiento: el adelanto de una partida de 200.000 euros para que la empresa pueda hacer frente a los pagos inmediatos. El mayor porcentaje de estos pagos son con la plantilla del servicio a quienes Ride On adeuda dos meses de n\u00f3minas. Esa cantidad que ahora se adelanta, se detraer\u00e1 a finales de a\u00f1o de las compensaciones que, en su caso, tenga que pagar el Ayuntamiento.<\/p>\n<p>Ambas partes han coincidido en la urgencia de poner en marcha esta parte del acuerdo con lo que la tramitaci\u00f3n del expediente se har\u00e1 en dos fases. La primera, de efecto inmediato, consiste en la habilitaci\u00f3n y puesta a disposici\u00f3n de los 200.000 euros pactados con el informe a favor de las \u00e1reas competentes que ir\u00e1 junto a la extinci\u00f3n de la concesi\u00f3n original y la orden de continuidad del servicio. La segunda, la compra del stock, se tramitar\u00e1 a trav\u00e9s de un nuevo expediente que se adjuntar\u00e1 al anterior. Seg\u00fan ha especificado hoy en la rueda de prensa el titular de Gobierno estrat\u00e9gico, \u201ccalculamos que el tema est\u00e9 resuelto administrativamente antes de Sanfermines\u201d.<\/p>\n","protected":false},"excerpt":{"rendered":"<p>La empresa Ride On seguir\u00e1 prestando el servicio, el Consistorio compensar\u00e1 las posibles p\u00e9rdidas, comprar\u00e1 40 bases y 400 bicicletas y tendr\u00e1 las manos libres para ampliar el servicio a&#8230;<\/p>\n","protected":false},"author":1,"featured_media":41696,"comment_status":"open","ping_status":"closed","sticky":false,"template":"","format":"standard","meta":{"footnotes":""},"categories":[2],"tags":[],"class_list":["post-52780","post","type-post","status-publish","format-standard","has-post-thumbnail","hentry","category-ayuntamiento-pamplona"],"yoast_head":"<!-- This site is optimized with the Yoast SEO plugin v27.3 - https:\/\/yoast.com\/product\/yoast-seo-wordpress\/ -->\n<title>El Ayuntamiento de Pamplona cierra un acuerdo para estabilizar el servicio de bicicleta el\u00e9ctrica, garantizar su prestaci\u00f3n y permitir su comarcalizaci\u00f3n<\/title>\n<meta name=\"description\" content=\"La empresa Ride On seguir\u00e1 prestando el servicio, el Consistorio compensar\u00e1 las posibles p\u00e9rdidas, comprar\u00e1 40 bases y 400 bicicletas\" \/>\n<meta name=\"robots\" content=\"index, follow, max-snippet:-1, max-image-preview:large, max-video-preview:-1\" \/>\n<link rel=\"canonical\" href=\"https:\/\/www.laguiadepamplona.com\/actualidad\/el-ayuntamiento-de-pamplona-cierra-un-acuerdo-para-estabilizar-el-servicio-de-bicicleta-electrica-garantizar-su-prestacion-y-permitir-su-comarcalizacion\/\" \/>\n<meta property=\"og:locale\" content=\"es_ES\" \/>\n<meta property=\"og:type\" content=\"article\" \/>\n<meta property=\"og:title\" content=\"El Ayuntamiento de Pamplona cierra un acuerdo para estabilizar el servicio de bicicleta el\u00e9ctrica, garantizar su prestaci\u00f3n y permitir su comarcalizaci\u00f3n\" \/>\n<meta property=\"og:description\" content=\"La empresa Ride On seguir\u00e1 prestando el servicio, el Consistorio compensar\u00e1 las posibles p\u00e9rdidas, comprar\u00e1 40 bases y 400 bicicletas\" \/>\n<meta property=\"og:url\" content=\"https:\/\/www.laguiadepamplona.com\/actualidad\/el-ayuntamiento-de-pamplona-cierra-un-acuerdo-para-estabilizar-el-servicio-de-bicicleta-electrica-garantizar-su-prestacion-y-permitir-su-comarcalizacion\/\" \/>\n<meta property=\"og:site_name\" content=\"La Gu\u00eda de Pamplona\" \/>\n<meta property=\"article:publisher\" content=\"https:\/\/www.facebook.com\/laguiadepamplonacom-133175176762273\/?ref=hl\" \/>\n<meta property=\"article:published_time\" content=\"2025-04-16T11:24:48+00:00\" \/>\n<meta property=\"og:image\" content=\"https:\/\/www.laguiadepamplona.com\/actualidad\/wp-content\/uploads\/2022\/09\/bici-pamplona.webp\" \/>\n\t<meta property=\"og:image:width\" content=\"1511\" \/>\n\t<meta property=\"og:image:height\" content=\"863\" \/>\n\t<meta property=\"og:image:type\" content=\"image\/webp\" \/>\n<meta name=\"author\" content=\"La Gu\u00eda de Pamplona\" \/>\n<meta name=\"twitter:card\" content=\"summary_large_image\" \/>\n<meta name=\"twitter:creator\" content=\"@LaGuiadPamplona\" \/>\n<meta name=\"twitter:site\" content=\"@LaGuiadPamplona\" \/>\n<meta name=\"twitter:label1\" content=\"Escrito por\" \/>\n\t<meta name=\"twitter:data1\" content=\"La Gu\u00eda de Pamplona\" \/>\n\t<meta name=\"twitter:label2\" content=\"Tiempo de lectura\" \/>\n\t<meta name=\"twitter:data2\" content=\"7 minutos\" \/>\n<script type=\"application\/ld+json\" class=\"yoast-schema-graph\">{\"@context\":\"https:\\\/\\\/schema.org\",\"@graph\":[{\"@type\":\"Article\",\"@id\":\"https:\\\/\\\/www.laguiadepamplona.com\\\/actualidad\\\/el-ayuntamiento-de-pamplona-cierra-un-acuerdo-para-estabilizar-el-servicio-de-bicicleta-electrica-garantizar-su-prestacion-y-permitir-su-comarcalizacion\\\/#article\",\"isPartOf\":{\"@id\":\"https:\\\/\\\/www.laguiadepamplona.com\\\/actualidad\\\/el-ayuntamiento-de-pamplona-cierra-un-acuerdo-para-estabilizar-el-servicio-de-bicicleta-electrica-garantizar-su-prestacion-y-permitir-su-comarcalizacion\\\/\"},\"author\":{\"name\":\"La Gu\u00eda de Pamplona\",\"@id\":\"https:\\\/\\\/www.laguiadepamplona.com\\\/actualidad\\\/#\\\/schema\\\/person\\\/efe887376f0213d4657c93adc50b1fdb\"},\"headline\":\"El Ayuntamiento de Pamplona cierra un acuerdo para estabilizar el servicio de bicicleta el\u00e9ctrica, garantizar su prestaci\u00f3n y permitir su comarcalizaci\u00f3n\",\"datePublished\":\"2025-04-16T11:24:48+00:00\",\"mainEntityOfPage\":{\"@id\":\"https:\\\/\\\/www.laguiadepamplona.com\\\/actualidad\\\/el-ayuntamiento-de-pamplona-cierra-un-acuerdo-para-estabilizar-el-servicio-de-bicicleta-electrica-garantizar-su-prestacion-y-permitir-su-comarcalizacion\\\/\"},\"wordCount\":1427,\"commentCount\":0,\"publisher\":{\"@id\":\"https:\\\/\\\/www.laguiadepamplona.com\\\/actualidad\\\/#organization\"},\"image\":{\"@id\":\"https:\\\/\\\/www.laguiadepamplona.com\\\/actualidad\\\/el-ayuntamiento-de-pamplona-cierra-un-acuerdo-para-estabilizar-el-servicio-de-bicicleta-electrica-garantizar-su-prestacion-y-permitir-su-comarcalizacion\\\/#primaryimage\"},\"thumbnailUrl\":\"https:\\\/\\\/www.laguiadepamplona.com\\\/actualidad\\\/wp-content\\\/uploads\\\/2022\\\/09\\\/bici-pamplona.webp\",\"articleSection\":[\"Ayto Pamplona\"],\"inLanguage\":\"es\",\"potentialAction\":[{\"@type\":\"CommentAction\",\"name\":\"Comment\",\"target\":[\"https:\\\/\\\/www.laguiadepamplona.com\\\/actualidad\\\/el-ayuntamiento-de-pamplona-cierra-un-acuerdo-para-estabilizar-el-servicio-de-bicicleta-electrica-garantizar-su-prestacion-y-permitir-su-comarcalizacion\\\/#respond\"]}]},{\"@type\":\"WebPage\",\"@id\":\"https:\\\/\\\/www.laguiadepamplona.com\\\/actualidad\\\/el-ayuntamiento-de-pamplona-cierra-un-acuerdo-para-estabilizar-el-servicio-de-bicicleta-electrica-garantizar-su-prestacion-y-permitir-su-comarcalizacion\\\/\",\"url\":\"https:\\\/\\\/www.laguiadepamplona.com\\\/actualidad\\\/el-ayuntamiento-de-pamplona-cierra-un-acuerdo-para-estabilizar-el-servicio-de-bicicleta-electrica-garantizar-su-prestacion-y-permitir-su-comarcalizacion\\\/\",\"name\":\"El Ayuntamiento de Pamplona cierra un acuerdo para estabilizar el servicio de bicicleta el\u00e9ctrica, garantizar su prestaci\u00f3n y permitir su comarcalizaci\u00f3n\",\"isPartOf\":{\"@id\":\"https:\\\/\\\/www.laguiadepamplona.com\\\/actualidad\\\/#website\"},\"primaryImageOfPage\":{\"@id\":\"https:\\\/\\\/www.laguiadepamplona.com\\\/actualidad\\\/el-ayuntamiento-de-pamplona-cierra-un-acuerdo-para-estabilizar-el-servicio-de-bicicleta-electrica-garantizar-su-prestacion-y-permitir-su-comarcalizacion\\\/#primaryimage\"},\"image\":{\"@id\":\"https:\\\/\\\/www.laguiadepamplona.com\\\/actualidad\\\/el-ayuntamiento-de-pamplona-cierra-un-acuerdo-para-estabilizar-el-servicio-de-bicicleta-electrica-garantizar-su-prestacion-y-permitir-su-comarcalizacion\\\/#primaryimage\"},\"thumbnailUrl\":\"https:\\\/\\\/www.laguiadepamplona.com\\\/actualidad\\\/wp-content\\\/uploads\\\/2022\\\/09\\\/bici-pamplona.webp\",\"datePublished\":\"2025-04-16T11:24:48+00:00\",\"description\":\"La empresa Ride On seguir\u00e1 prestando el servicio, el Consistorio compensar\u00e1 las posibles p\u00e9rdidas, comprar\u00e1 40 bases y 400 bicicletas\",\"breadcrumb\":{\"@id\":\"https:\\\/\\\/www.laguiadepamplona.com\\\/actualidad\\\/el-ayuntamiento-de-pamplona-cierra-un-acuerdo-para-estabilizar-el-servicio-de-bicicleta-electrica-garantizar-su-prestacion-y-permitir-su-comarcalizacion\\\/#breadcrumb\"},\"inLanguage\":\"es\",\"potentialAction\":[{\"@type\":\"ReadAction\",\"target\":[\"https:\\\/\\\/www.laguiadepamplona.com\\\/actualidad\\\/el-ayuntamiento-de-pamplona-cierra-un-acuerdo-para-estabilizar-el-servicio-de-bicicleta-electrica-garantizar-su-prestacion-y-permitir-su-comarcalizacion\\\/\"]}]},{\"@type\":\"ImageObject\",\"inLanguage\":\"es\",\"@id\":\"https:\\\/\\\/www.laguiadepamplona.com\\\/actualidad\\\/el-ayuntamiento-de-pamplona-cierra-un-acuerdo-para-estabilizar-el-servicio-de-bicicleta-electrica-garantizar-su-prestacion-y-permitir-su-comarcalizacion\\\/#primaryimage\",\"url\":\"https:\\\/\\\/www.laguiadepamplona.com\\\/actualidad\\\/wp-content\\\/uploads\\\/2022\\\/09\\\/bici-pamplona.webp\",\"contentUrl\":\"https:\\\/\\\/www.laguiadepamplona.com\\\/actualidad\\\/wp-content\\\/uploads\\\/2022\\\/09\\\/bici-pamplona.webp\",\"width\":1511,\"height\":863,\"caption\":\"bicicletas\"},{\"@type\":\"BreadcrumbList\",\"@id\":\"https:\\\/\\\/www.laguiadepamplona.com\\\/actualidad\\\/el-ayuntamiento-de-pamplona-cierra-un-acuerdo-para-estabilizar-el-servicio-de-bicicleta-electrica-garantizar-su-prestacion-y-permitir-su-comarcalizacion\\\/#breadcrumb\",\"itemListElement\":[{\"@type\":\"ListItem\",\"position\":1,\"name\":\"Portada\",\"item\":\"https:\\\/\\\/www.laguiadepamplona.com\\\/actualidad\\\/\"},{\"@type\":\"ListItem\",\"position\":2,\"name\":\"El Ayuntamiento de Pamplona cierra un acuerdo para estabilizar el servicio de bicicleta el\u00e9ctrica, garantizar su prestaci\u00f3n y permitir su comarcalizaci\u00f3n\"}]},{\"@type\":\"WebSite\",\"@id\":\"https:\\\/\\\/www.laguiadepamplona.com\\\/actualidad\\\/#website\",\"url\":\"https:\\\/\\\/www.laguiadepamplona.com\\\/actualidad\\\/\",\"name\":\"La gu\u00eda de Pamplona\",\"description\":\"Noticias de Pamplona\",\"publisher\":{\"@id\":\"https:\\\/\\\/www.laguiadepamplona.com\\\/actualidad\\\/#organization\"},\"potentialAction\":[{\"@type\":\"SearchAction\",\"target\":{\"@type\":\"EntryPoint\",\"urlTemplate\":\"https:\\\/\\\/www.laguiadepamplona.com\\\/actualidad\\\/?s={search_term_string}\"},\"query-input\":{\"@type\":\"PropertyValueSpecification\",\"valueRequired\":true,\"valueName\":\"search_term_string\"}}],\"inLanguage\":\"es\"},{\"@type\":\"Organization\",\"@id\":\"https:\\\/\\\/www.laguiadepamplona.com\\\/actualidad\\\/#organization\",\"name\":\"La Gu\u00eda de Pamplona \\\/ Noticias\",\"url\":\"https:\\\/\\\/www.laguiadepamplona.com\\\/actualidad\\\/\",\"logo\":{\"@type\":\"ImageObject\",\"inLanguage\":\"es\",\"@id\":\"https:\\\/\\\/www.laguiadepamplona.com\\\/actualidad\\\/#\\\/schema\\\/logo\\\/image\\\/\",\"url\":\"https:\\\/\\\/www.laguiadepamplona.com\\\/actualidad\\\/wp-content\\\/uploads\\\/2018\\\/11\\\/logo-laguiadepamplona18-web1.png\",\"contentUrl\":\"https:\\\/\\\/www.laguiadepamplona.com\\\/actualidad\\\/wp-content\\\/uploads\\\/2018\\\/11\\\/logo-laguiadepamplona18-web1.png\",\"width\":600,\"height\":196,\"caption\":\"La Gu\u00eda de Pamplona \\\/ Noticias\"},\"image\":{\"@id\":\"https:\\\/\\\/www.laguiadepamplona.com\\\/actualidad\\\/#\\\/schema\\\/logo\\\/image\\\/\"},\"sameAs\":[\"https:\\\/\\\/www.facebook.com\\\/laguiadepamplonacom-133175176762273\\\/?ref=hl\",\"https:\\\/\\\/x.com\\\/LaGuiadPamplona\",\"https:\\\/\\\/www.instagram.com\\\/la_guia_de_pamplona\\\/\",\"https:\\\/\\\/www.youtube.com\\\/user\\\/laguiadepamplona\"]},{\"@type\":\"Person\",\"@id\":\"https:\\\/\\\/www.laguiadepamplona.com\\\/actualidad\\\/#\\\/schema\\\/person\\\/efe887376f0213d4657c93adc50b1fdb\",\"name\":\"La Gu\u00eda de Pamplona\",\"image\":{\"@type\":\"ImageObject\",\"inLanguage\":\"es\",\"@id\":\"https:\\\/\\\/secure.gravatar.com\\\/avatar\\\/b6992f131dc8d30ab0dff15446e9d346d9dbd95992de0fef795073f5ea83a81c?s=96&d=mm&r=g\",\"url\":\"https:\\\/\\\/secure.gravatar.com\\\/avatar\\\/b6992f131dc8d30ab0dff15446e9d346d9dbd95992de0fef795073f5ea83a81c?s=96&d=mm&r=g\",\"contentUrl\":\"https:\\\/\\\/secure.gravatar.com\\\/avatar\\\/b6992f131dc8d30ab0dff15446e9d346d9dbd95992de0fef795073f5ea83a81c?s=96&d=mm&r=g\",\"caption\":\"La Gu\u00eda de Pamplona\"}}]}<\/script>\n<!-- \/ Yoast SEO plugin. -->","yoast_head_json":{"title":"El Ayuntamiento de Pamplona cierra un acuerdo para estabilizar el servicio de bicicleta el\u00e9ctrica, garantizar su prestaci\u00f3n y permitir su comarcalizaci\u00f3n","description":"La empresa Ride On seguir\u00e1 prestando el servicio, el Consistorio compensar\u00e1 las posibles p\u00e9rdidas, comprar\u00e1 40 bases y 400 bicicletas","robots":{"index":"index","follow":"follow","max-snippet":"max-snippet:-1","max-image-preview":"max-image-preview:large","max-video-preview":"max-video-preview:-1"},"canonical":"https:\/\/www.laguiadepamplona.com\/actualidad\/el-ayuntamiento-de-pamplona-cierra-un-acuerdo-para-estabilizar-el-servicio-de-bicicleta-electrica-garantizar-su-prestacion-y-permitir-su-comarcalizacion\/","og_locale":"es_ES","og_type":"article","og_title":"El Ayuntamiento de Pamplona cierra un acuerdo para estabilizar el servicio de bicicleta el\u00e9ctrica, garantizar su prestaci\u00f3n y permitir su comarcalizaci\u00f3n","og_description":"La empresa Ride On seguir\u00e1 prestando el servicio, el Consistorio compensar\u00e1 las posibles p\u00e9rdidas, comprar\u00e1 40 bases y 400 bicicletas","og_url":"https:\/\/www.laguiadepamplona.com\/actualidad\/el-ayuntamiento-de-pamplona-cierra-un-acuerdo-para-estabilizar-el-servicio-de-bicicleta-electrica-garantizar-su-prestacion-y-permitir-su-comarcalizacion\/","og_site_name":"La Gu\u00eda de Pamplona","article_publisher":"https:\/\/www.facebook.com\/laguiadepamplonacom-133175176762273\/?ref=hl","article_published_time":"2025-04-16T11:24:48+00:00","og_image":[{"width":1511,"height":863,"url":"https:\/\/www.laguiadepamplona.com\/actualidad\/wp-content\/uploads\/2022\/09\/bici-pamplona.webp","type":"image\/webp"}],"author":"La Gu\u00eda de Pamplona","twitter_card":"summary_large_image","twitter_creator":"@LaGuiadPamplona","twitter_site":"@LaGuiadPamplona","twitter_misc":{"Escrito por":"La Gu\u00eda de Pamplona","Tiempo de lectura":"7 minutos"},"schema":{"@context":"https:\/\/schema.org","@graph":[{"@type":"Article","@id":"https:\/\/www.laguiadepamplona.com\/actualidad\/el-ayuntamiento-de-pamplona-cierra-un-acuerdo-para-estabilizar-el-servicio-de-bicicleta-electrica-garantizar-su-prestacion-y-permitir-su-comarcalizacion\/#article","isPartOf":{"@id":"https:\/\/www.laguiadepamplona.com\/actualidad\/el-ayuntamiento-de-pamplona-cierra-un-acuerdo-para-estabilizar-el-servicio-de-bicicleta-electrica-garantizar-su-prestacion-y-permitir-su-comarcalizacion\/"},"author":{"name":"La Gu\u00eda de Pamplona","@id":"https:\/\/www.laguiadepamplona.com\/actualidad\/#\/schema\/person\/efe887376f0213d4657c93adc50b1fdb"},"headline":"El Ayuntamiento de Pamplona cierra un acuerdo para estabilizar el servicio de bicicleta el\u00e9ctrica, garantizar su prestaci\u00f3n y permitir su comarcalizaci\u00f3n","datePublished":"2025-04-16T11:24:48+00:00","mainEntityOfPage":{"@id":"https:\/\/www.laguiadepamplona.com\/actualidad\/el-ayuntamiento-de-pamplona-cierra-un-acuerdo-para-estabilizar-el-servicio-de-bicicleta-electrica-garantizar-su-prestacion-y-permitir-su-comarcalizacion\/"},"wordCount":1427,"commentCount":0,"publisher":{"@id":"https:\/\/www.laguiadepamplona.com\/actualidad\/#organization"},"image":{"@id":"https:\/\/www.laguiadepamplona.com\/actualidad\/el-ayuntamiento-de-pamplona-cierra-un-acuerdo-para-estabilizar-el-servicio-de-bicicleta-electrica-garantizar-su-prestacion-y-permitir-su-comarcalizacion\/#primaryimage"},"thumbnailUrl":"https:\/\/www.laguiadepamplona.com\/actualidad\/wp-content\/uploads\/2022\/09\/bici-pamplona.webp","articleSection":["Ayto Pamplona"],"inLanguage":"es","potentialAction":[{"@type":"CommentAction","name":"Comment","target":["https:\/\/www.laguiadepamplona.com\/actualidad\/el-ayuntamiento-de-pamplona-cierra-un-acuerdo-para-estabilizar-el-servicio-de-bicicleta-electrica-garantizar-su-prestacion-y-permitir-su-comarcalizacion\/#respond"]}]},{"@type":"WebPage","@id":"https:\/\/www.laguiadepamplona.com\/actualidad\/el-ayuntamiento-de-pamplona-cierra-un-acuerdo-para-estabilizar-el-servicio-de-bicicleta-electrica-garantizar-su-prestacion-y-permitir-su-comarcalizacion\/","url":"https:\/\/www.laguiadepamplona.com\/actualidad\/el-ayuntamiento-de-pamplona-cierra-un-acuerdo-para-estabilizar-el-servicio-de-bicicleta-electrica-garantizar-su-prestacion-y-permitir-su-comarcalizacion\/","name":"El Ayuntamiento de Pamplona cierra un acuerdo para estabilizar el servicio de bicicleta el\u00e9ctrica, garantizar su prestaci\u00f3n y permitir su comarcalizaci\u00f3n","isPartOf":{"@id":"https:\/\/www.laguiadepamplona.com\/actualidad\/#website"},"primaryImageOfPage":{"@id":"https:\/\/www.laguiadepamplona.com\/actualidad\/el-ayuntamiento-de-pamplona-cierra-un-acuerdo-para-estabilizar-el-servicio-de-bicicleta-electrica-garantizar-su-prestacion-y-permitir-su-comarcalizacion\/#primaryimage"},"image":{"@id":"https:\/\/www.laguiadepamplona.com\/actualidad\/el-ayuntamiento-de-pamplona-cierra-un-acuerdo-para-estabilizar-el-servicio-de-bicicleta-electrica-garantizar-su-prestacion-y-permitir-su-comarcalizacion\/#primaryimage"},"thumbnailUrl":"https:\/\/www.laguiadepamplona.com\/actualidad\/wp-content\/uploads\/2022\/09\/bici-pamplona.webp","datePublished":"2025-04-16T11:24:48+00:00","description":"La empresa Ride On seguir\u00e1 prestando el servicio, el Consistorio compensar\u00e1 las posibles p\u00e9rdidas, comprar\u00e1 40 bases y 400 bicicletas","breadcrumb":{"@id":"https:\/\/www.laguiadepamplona.com\/actualidad\/el-ayuntamiento-de-pamplona-cierra-un-acuerdo-para-estabilizar-el-servicio-de-bicicleta-electrica-garantizar-su-prestacion-y-permitir-su-comarcalizacion\/#breadcrumb"},"inLanguage":"es","potentialAction":[{"@type":"ReadAction","target":["https:\/\/www.laguiadepamplona.com\/actualidad\/el-ayuntamiento-de-pamplona-cierra-un-acuerdo-para-estabilizar-el-servicio-de-bicicleta-electrica-garantizar-su-prestacion-y-permitir-su-comarcalizacion\/"]}]},{"@type":"ImageObject","inLanguage":"es","@id":"https:\/\/www.laguiadepamplona.com\/actualidad\/el-ayuntamiento-de-pamplona-cierra-un-acuerdo-para-estabilizar-el-servicio-de-bicicleta-electrica-garantizar-su-prestacion-y-permitir-su-comarcalizacion\/#primaryimage","url":"https:\/\/www.laguiadepamplona.com\/actualidad\/wp-content\/uploads\/2022\/09\/bici-pamplona.webp","contentUrl":"https:\/\/www.laguiadepamplona.com\/actualidad\/wp-content\/uploads\/2022\/09\/bici-pamplona.webp","width":1511,"height":863,"caption":"bicicletas"},{"@type":"BreadcrumbList","@id":"https:\/\/www.laguiadepamplona.com\/actualidad\/el-ayuntamiento-de-pamplona-cierra-un-acuerdo-para-estabilizar-el-servicio-de-bicicleta-electrica-garantizar-su-prestacion-y-permitir-su-comarcalizacion\/#breadcrumb","itemListElement":[{"@type":"ListItem","position":1,"name":"Portada","item":"https:\/\/www.laguiadepamplona.com\/actualidad\/"},{"@type":"ListItem","position":2,"name":"El Ayuntamiento de Pamplona cierra un acuerdo para estabilizar el servicio de bicicleta el\u00e9ctrica, garantizar su prestaci\u00f3n y permitir su comarcalizaci\u00f3n"}]},{"@type":"WebSite","@id":"https:\/\/www.laguiadepamplona.com\/actualidad\/#website","url":"https:\/\/www.laguiadepamplona.com\/actualidad\/","name":"La gu\u00eda de Pamplona","description":"Noticias de Pamplona","publisher":{"@id":"https:\/\/www.laguiadepamplona.com\/actualidad\/#organization"},"potentialAction":[{"@type":"SearchAction","target":{"@type":"EntryPoint","urlTemplate":"https:\/\/www.laguiadepamplona.com\/actualidad\/?s={search_term_string}"},"query-input":{"@type":"PropertyValueSpecification","valueRequired":true,"valueName":"search_term_string"}}],"inLanguage":"es"},{"@type":"Organization","@id":"https:\/\/www.laguiadepamplona.com\/actualidad\/#organization","name":"La Gu\u00eda de Pamplona \/ Noticias","url":"https:\/\/www.laguiadepamplona.com\/actualidad\/","logo":{"@type":"ImageObject","inLanguage":"es","@id":"https:\/\/www.laguiadepamplona.com\/actualidad\/#\/schema\/logo\/image\/","url":"https:\/\/www.laguiadepamplona.com\/actualidad\/wp-content\/uploads\/2018\/11\/logo-laguiadepamplona18-web1.png","contentUrl":"https:\/\/www.laguiadepamplona.com\/actualidad\/wp-content\/uploads\/2018\/11\/logo-laguiadepamplona18-web1.png","width":600,"height":196,"caption":"La Gu\u00eda de Pamplona \/ Noticias"},"image":{"@id":"https:\/\/www.laguiadepamplona.com\/actualidad\/#\/schema\/logo\/image\/"},"sameAs":["https:\/\/www.facebook.com\/laguiadepamplonacom-133175176762273\/?ref=hl","https:\/\/x.com\/LaGuiadPamplona","https:\/\/www.instagram.com\/la_guia_de_pamplona\/","https:\/\/www.youtube.com\/user\/laguiadepamplona"]},{"@type":"Person","@id":"https:\/\/www.laguiadepamplona.com\/actualidad\/#\/schema\/person\/efe887376f0213d4657c93adc50b1fdb","name":"La Gu\u00eda de Pamplona","image":{"@type":"ImageObject","inLanguage":"es","@id":"https:\/\/secure.gravatar.com\/avatar\/b6992f131dc8d30ab0dff15446e9d346d9dbd95992de0fef795073f5ea83a81c?s=96&d=mm&r=g","url":"https:\/\/secure.gravatar.com\/avatar\/b6992f131dc8d30ab0dff15446e9d346d9dbd95992de0fef795073f5ea83a81c?s=96&d=mm&r=g","contentUrl":"https:\/\/secure.gravatar.com\/avatar\/b6992f131dc8d30ab0dff15446e9d346d9dbd95992de0fef795073f5ea83a81c?s=96&d=mm&r=g","caption":"La Gu\u00eda de Pamplona"}}]}},"post_mailing_queue_ids":[],"_links":{"self":[{"href":"https:\/\/www.laguiadepamplona.com\/actualidad\/wp-json\/wp\/v2\/posts\/52780","targetHints":{"allow":["GET"]}}],"collection":[{"href":"https:\/\/www.laguiadepamplona.com\/actualidad\/wp-json\/wp\/v2\/posts"}],"about":[{"href":"https:\/\/www.laguiadepamplona.com\/actualidad\/wp-json\/wp\/v2\/types\/post"}],"author":[{"embeddable":true,"href":"https:\/\/www.laguiadepamplona.com\/actualidad\/wp-json\/wp\/v2\/users\/1"}],"replies":[{"embeddable":true,"href":"https:\/\/www.laguiadepamplona.com\/actualidad\/wp-json\/wp\/v2\/comments?post=52780"}],"version-history":[{"count":1,"href":"https:\/\/www.laguiadepamplona.com\/actualidad\/wp-json\/wp\/v2\/posts\/52780\/revisions"}],"predecessor-version":[{"id":52781,"href":"https:\/\/www.laguiadepamplona.com\/actualidad\/wp-json\/wp\/v2\/posts\/52780\/revisions\/52781"}],"wp:featuredmedia":[{"embeddable":true,"href":"https:\/\/www.laguiadepamplona.com\/actualidad\/wp-json\/wp\/v2\/media\/41696"}],"wp:attachment":[{"href":"https:\/\/www.laguiadepamplona.com\/actualidad\/wp-json\/wp\/v2\/media?parent=52780"}],"wp:term":[{"taxonomy":"category","embeddable":true,"href":"https:\/\/www.laguiadepamplona.com\/actualidad\/wp-json\/wp\/v2\/categories?post=52780"},{"taxonomy":"post_tag","embeddable":true,"href":"https:\/\/www.laguiadepamplona.com\/actualidad\/wp-json\/wp\/v2\/tags?post=52780"}],"curies":[{"name":"wp","href":"https:\/\/api.w.org\/{rel}","templated":true}]}}