{"id":52777,"date":"2025-04-15T18:27:01","date_gmt":"2025-04-15T16:27:01","guid":{"rendered":"https:\/\/www.laguiadepamplona.com\/actualidad\/?p=52777"},"modified":"2025-04-15T18:27:01","modified_gmt":"2025-04-15T16:27:01","slug":"las-obras-de-renaturalizacion-del-patio-de-la-escuela-infantil-buztintxuri-con-un-presupuesto-de-173-098-euros-comenzaran-en-el-mes-de-julio","status":"publish","type":"post","link":"https:\/\/www.laguiadepamplona.com\/actualidad\/las-obras-de-renaturalizacion-del-patio-de-la-escuela-infantil-buztintxuri-con-un-presupuesto-de-173-098-euros-comenzaran-en-el-mes-de-julio\/","title":{"rendered":"Las obras de renaturalizaci\u00f3n del patio de la escuela infantil Buztintxuri, con un presupuesto de 173.098 euros, comenzar\u00e1n en el mes de julio"},"content":{"rendered":"<h2>Se integrar\u00e1n \u00e1reas sensoriales, elementos de juego naturales y espacios naturalizados, en una actuaci\u00f3n que compagina la funcionalidad ecol\u00f3gica con objetivos educativos y sociales<\/h2>\n<p><!--more--><\/p>\n<p>El Ayuntamiento de Pamplona abordar\u00e1 en el mes de julio las obras de renaturalizaci\u00f3n del patio de la escuela infantil Buztintxuri. La Junta de Gobierno Local ha aprobado la licitaci\u00f3n del contrato de obras, con un presupuesto de 173.098,5 euros, IVA incluido, y un plazo de ejecuci\u00f3n de 77 d\u00edas, que incluye los meses de julio, agosto y dos semanas de septiembre. Las obras aprovechan el periodo vacacional escolar, el 1 de julio hasta el 17 de agosto, para minimizar las afecciones de los trabajos en la actividad escolar.<\/p>\n<p>Este proyecto corresponde con la acci\u00f3n \u201cB17. Renaturalizaci\u00f3n de patios escolares. Patios pedag\u00f3gicos en escuelas infantiles municipales\u201d, que se desarrolla como parte del proyecto \u201cRenaturalizaci\u00f3n Urbana de Pamplona (RUNA) 2025\u201d, que cuenta con el apoyo de la Fundaci\u00f3n Biodiversidad del Ministerio para la Transici\u00f3n Ecol\u00f3gica y el Reto Demogr\u00e1fico (MITECO) en el marco del Plan de Recuperaci\u00f3n, Transformaci\u00f3n y Resiliencia (PRTR), financiado por la Uni\u00f3n Europea-Next Generation EU.<\/p>\n<p>El plazo de presentaci\u00f3n de ofertas en el <a href=\"https:\/\/hacienda.navarra.es\/sicpportal\/mtoAnunciosLicitacion.aspx\" target=\"_blank\" rel=\"noopener\">Portal de Contrataci\u00f3n de Navarra<\/a> concluye el 7 de mayo. El contrato se adjudicar\u00e1 a la oferta con la mejor calidad precio, de acuerdo con los siguientes criterios: propuesta t\u00e9cnica, con m\u00e1ximo de 45 puntos; oferta econ\u00f3mica, hasta 35 puntos; reducci\u00f3n del plazo de ejecuci\u00f3n, hasta 10 puntos; criterio social, hasta 5 puntos; y criterio medioambiental, hasta 5 puntos.<\/p>\n<p>Con esta actuaci\u00f3n se pretende potenciar la educaci\u00f3n ambiental, con una mayor relaci\u00f3n del alumnado con la naturaleza que genere cambios individuales y colectivos para avanzar a una sociedad m\u00e1s sostenible.<\/p>\n<p><strong>Recuperaci\u00f3n de la naturaleza<\/strong><\/p>\n<p>El patio de la escuela infantil Buztintxuri, construida en 2009, tiene unas dimensiones de 86 x 10,34 metros cuadrados, y se encuentra delimitado por la propia edificaci\u00f3n de la escuela y un cerramiento formado por el muro de hormig\u00f3n revestido con aplacado de losas de piedra natural de 3 cent\u00edmetros de espesor. Su forma es rectangular y lineal, y se accede a \u00e9l desde las diferentes aulas de la escuela.<\/p>\n<p>En la construcci\u00f3n original, predominaba el pavimento de hormig\u00f3n intercalado con pavimentos de caucho y grava de canto rodado. Posteriormente, se realiz\u00f3 una peque\u00f1a reforma que consisti\u00f3 en el cambio del pavimento de caucho por un pavimento textil (Chilplay) y la pavimentaci\u00f3n de hormig\u00f3n de la franja vegetal colindante con el muro de cerramiento.<\/p>\n<p>Ahora, desde el Organismo de Escuelas Infantiles del Ayuntamiento de Pamplona se ha apostado por la \u201crenaturalizaci\u00f3n\u201d de patios escolares, es decir, la recuperaci\u00f3n de la naturaleza del lugar para vivirla e integrarse en ella.<\/p>\n<p>El proyecto consiste en la demolici\u00f3n de los pavimentos de hormig\u00f3n semipulido para convertirlos en zonas m\u00e1s atractivas para el juego infantil: arena, gravilla y pavimentos de piezas prefabricadas de hormig\u00f3n de diferentes texturas y colores. Se ampliar\u00e1n las zonas verdes dot\u00e1ndolas de diferentes rasantes, se plantar\u00e1n nuevos ejemplares de arbolado y se crear\u00e1n bancos curvos que permitan zonas de estancia y exploraci\u00f3n.<\/p>\n<p>A lo largo del patio se crear\u00e1 un recorrido para el juego a base de diferentes elementos naturales, como losas circulares, traviesas y troncos elevados de madera. Se mantendr\u00e1n los pavimentos textiles existentes (Childplay) y sus diferentes lomas.<\/p>\n<p>La renaturalizaci\u00f3n busca la introducci\u00f3n de elementos naturales en los espacios de juego, pero tambi\u00e9n persigue en su conjunto acomodar el dise\u00f1o y funcionamiento de los patios, con tipolog\u00edas diversas, a los objetivos educativos, sociales y ambientales de los centros. Se considera una apuesta por la democratizaci\u00f3n de los espacios verdes, garantizando la accesibilidad a la naturaleza en uno de los lugares donde los ni\u00f1os y ni\u00f1as pasan m\u00e1s horas en su actividad diaria.<\/p>\n","protected":false},"excerpt":{"rendered":"<p>Se integrar\u00e1n \u00e1reas sensoriales, elementos de juego naturales y espacios naturalizados, en una actuaci\u00f3n que compagina la funcionalidad ecol\u00f3gica con objetivos educativos y sociales<\/p>\n","protected":false},"author":1,"featured_media":52778,"comment_status":"open","ping_status":"closed","sticky":false,"template":"","format":"standard","meta":{"footnotes":""},"categories":[2],"tags":[],"class_list":["post-52777","post","type-post","status-publish","format-standard","has-post-thumbnail","hentry","category-ayuntamiento-pamplona"],"yoast_head":"<!-- This site is optimized with the Yoast SEO plugin v27.3 - https:\/\/yoast.com\/product\/yoast-seo-wordpress\/ -->\n<title>Las obras de renaturalizaci\u00f3n del patio de la escuela infantil Buztintxuri, con un presupuesto de 173.098 euros, comenzar\u00e1n en el mes de julio<\/title>\n<meta name=\"description\" content=\"Se integrar\u00e1n \u00e1reas sensoriales, elementos de juego naturales y espacios naturalizados, en una actuaci\u00f3n que compagina la funcionalidad\" \/>\n<meta name=\"robots\" content=\"index, follow, max-snippet:-1, max-image-preview:large, max-video-preview:-1\" \/>\n<link rel=\"canonical\" href=\"https:\/\/www.laguiadepamplona.com\/actualidad\/las-obras-de-renaturalizacion-del-patio-de-la-escuela-infantil-buztintxuri-con-un-presupuesto-de-173-098-euros-comenzaran-en-el-mes-de-julio\/\" \/>\n<meta property=\"og:locale\" content=\"es_ES\" \/>\n<meta property=\"og:type\" content=\"article\" \/>\n<meta property=\"og:title\" content=\"Las obras de renaturalizaci\u00f3n del patio de la escuela infantil Buztintxuri, con un presupuesto de 173.098 euros, comenzar\u00e1n en el mes de julio\" \/>\n<meta property=\"og:description\" content=\"Se integrar\u00e1n \u00e1reas sensoriales, elementos de juego naturales y espacios naturalizados, en una actuaci\u00f3n que compagina la funcionalidad\" \/>\n<meta property=\"og:url\" content=\"https:\/\/www.laguiadepamplona.com\/actualidad\/las-obras-de-renaturalizacion-del-patio-de-la-escuela-infantil-buztintxuri-con-un-presupuesto-de-173-098-euros-comenzaran-en-el-mes-de-julio\/\" \/>\n<meta property=\"og:site_name\" content=\"La Gu\u00eda de Pamplona\" \/>\n<meta property=\"article:publisher\" content=\"https:\/\/www.facebook.com\/laguiadepamplonacom-133175176762273\/?ref=hl\" \/>\n<meta property=\"article:published_time\" content=\"2025-04-15T16:27:01+00:00\" \/>\n<meta property=\"og:image\" content=\"https:\/\/www.laguiadepamplona.com\/actualidad\/wp-content\/uploads\/2025\/04\/Escuela-infantil-Buztintxuri_web.webp\" \/>\n\t<meta property=\"og:image:width\" content=\"971\" \/>\n\t<meta property=\"og:image:height\" content=\"725\" \/>\n\t<meta property=\"og:image:type\" content=\"image\/webp\" \/>\n<meta name=\"author\" content=\"La Gu\u00eda de Pamplona\" \/>\n<meta name=\"twitter:card\" content=\"summary_large_image\" \/>\n<meta name=\"twitter:creator\" content=\"@LaGuiadPamplona\" \/>\n<meta name=\"twitter:site\" content=\"@LaGuiadPamplona\" \/>\n<meta name=\"twitter:label1\" content=\"Escrito por\" \/>\n\t<meta name=\"twitter:data1\" content=\"La Gu\u00eda de Pamplona\" \/>\n\t<meta name=\"twitter:label2\" content=\"Tiempo de lectura\" \/>\n\t<meta name=\"twitter:data2\" content=\"4 minutos\" \/>\n<script type=\"application\/ld+json\" class=\"yoast-schema-graph\">{\"@context\":\"https:\\\/\\\/schema.org\",\"@graph\":[{\"@type\":\"Article\",\"@id\":\"https:\\\/\\\/www.laguiadepamplona.com\\\/actualidad\\\/las-obras-de-renaturalizacion-del-patio-de-la-escuela-infantil-buztintxuri-con-un-presupuesto-de-173-098-euros-comenzaran-en-el-mes-de-julio\\\/#article\",\"isPartOf\":{\"@id\":\"https:\\\/\\\/www.laguiadepamplona.com\\\/actualidad\\\/las-obras-de-renaturalizacion-del-patio-de-la-escuela-infantil-buztintxuri-con-un-presupuesto-de-173-098-euros-comenzaran-en-el-mes-de-julio\\\/\"},\"author\":{\"name\":\"La Gu\u00eda de Pamplona\",\"@id\":\"https:\\\/\\\/www.laguiadepamplona.com\\\/actualidad\\\/#\\\/schema\\\/person\\\/efe887376f0213d4657c93adc50b1fdb\"},\"headline\":\"Las obras de renaturalizaci\u00f3n del patio de la escuela infantil Buztintxuri, con un presupuesto de 173.098 euros, comenzar\u00e1n en el mes de julio\",\"datePublished\":\"2025-04-15T16:27:01+00:00\",\"mainEntityOfPage\":{\"@id\":\"https:\\\/\\\/www.laguiadepamplona.com\\\/actualidad\\\/las-obras-de-renaturalizacion-del-patio-de-la-escuela-infantil-buztintxuri-con-un-presupuesto-de-173-098-euros-comenzaran-en-el-mes-de-julio\\\/\"},\"wordCount\":685,\"commentCount\":0,\"publisher\":{\"@id\":\"https:\\\/\\\/www.laguiadepamplona.com\\\/actualidad\\\/#organization\"},\"image\":{\"@id\":\"https:\\\/\\\/www.laguiadepamplona.com\\\/actualidad\\\/las-obras-de-renaturalizacion-del-patio-de-la-escuela-infantil-buztintxuri-con-un-presupuesto-de-173-098-euros-comenzaran-en-el-mes-de-julio\\\/#primaryimage\"},\"thumbnailUrl\":\"https:\\\/\\\/www.laguiadepamplona.com\\\/actualidad\\\/wp-content\\\/uploads\\\/2025\\\/04\\\/Escuela-infantil-Buztintxuri_web.webp\",\"articleSection\":[\"Ayto Pamplona\"],\"inLanguage\":\"es\",\"potentialAction\":[{\"@type\":\"CommentAction\",\"name\":\"Comment\",\"target\":[\"https:\\\/\\\/www.laguiadepamplona.com\\\/actualidad\\\/las-obras-de-renaturalizacion-del-patio-de-la-escuela-infantil-buztintxuri-con-un-presupuesto-de-173-098-euros-comenzaran-en-el-mes-de-julio\\\/#respond\"]}]},{\"@type\":\"WebPage\",\"@id\":\"https:\\\/\\\/www.laguiadepamplona.com\\\/actualidad\\\/las-obras-de-renaturalizacion-del-patio-de-la-escuela-infantil-buztintxuri-con-un-presupuesto-de-173-098-euros-comenzaran-en-el-mes-de-julio\\\/\",\"url\":\"https:\\\/\\\/www.laguiadepamplona.com\\\/actualidad\\\/las-obras-de-renaturalizacion-del-patio-de-la-escuela-infantil-buztintxuri-con-un-presupuesto-de-173-098-euros-comenzaran-en-el-mes-de-julio\\\/\",\"name\":\"Las obras de renaturalizaci\u00f3n del patio de la escuela infantil Buztintxuri, con un presupuesto de 173.098 euros, comenzar\u00e1n en el mes de julio\",\"isPartOf\":{\"@id\":\"https:\\\/\\\/www.laguiadepamplona.com\\\/actualidad\\\/#website\"},\"primaryImageOfPage\":{\"@id\":\"https:\\\/\\\/www.laguiadepamplona.com\\\/actualidad\\\/las-obras-de-renaturalizacion-del-patio-de-la-escuela-infantil-buztintxuri-con-un-presupuesto-de-173-098-euros-comenzaran-en-el-mes-de-julio\\\/#primaryimage\"},\"image\":{\"@id\":\"https:\\\/\\\/www.laguiadepamplona.com\\\/actualidad\\\/las-obras-de-renaturalizacion-del-patio-de-la-escuela-infantil-buztintxuri-con-un-presupuesto-de-173-098-euros-comenzaran-en-el-mes-de-julio\\\/#primaryimage\"},\"thumbnailUrl\":\"https:\\\/\\\/www.laguiadepamplona.com\\\/actualidad\\\/wp-content\\\/uploads\\\/2025\\\/04\\\/Escuela-infantil-Buztintxuri_web.webp\",\"datePublished\":\"2025-04-15T16:27:01+00:00\",\"description\":\"Se integrar\u00e1n \u00e1reas sensoriales, elementos de juego naturales y espacios naturalizados, en una actuaci\u00f3n que compagina la funcionalidad\",\"breadcrumb\":{\"@id\":\"https:\\\/\\\/www.laguiadepamplona.com\\\/actualidad\\\/las-obras-de-renaturalizacion-del-patio-de-la-escuela-infantil-buztintxuri-con-un-presupuesto-de-173-098-euros-comenzaran-en-el-mes-de-julio\\\/#breadcrumb\"},\"inLanguage\":\"es\",\"potentialAction\":[{\"@type\":\"ReadAction\",\"target\":[\"https:\\\/\\\/www.laguiadepamplona.com\\\/actualidad\\\/las-obras-de-renaturalizacion-del-patio-de-la-escuela-infantil-buztintxuri-con-un-presupuesto-de-173-098-euros-comenzaran-en-el-mes-de-julio\\\/\"]}]},{\"@type\":\"ImageObject\",\"inLanguage\":\"es\",\"@id\":\"https:\\\/\\\/www.laguiadepamplona.com\\\/actualidad\\\/las-obras-de-renaturalizacion-del-patio-de-la-escuela-infantil-buztintxuri-con-un-presupuesto-de-173-098-euros-comenzaran-en-el-mes-de-julio\\\/#primaryimage\",\"url\":\"https:\\\/\\\/www.laguiadepamplona.com\\\/actualidad\\\/wp-content\\\/uploads\\\/2025\\\/04\\\/Escuela-infantil-Buztintxuri_web.webp\",\"contentUrl\":\"https:\\\/\\\/www.laguiadepamplona.com\\\/actualidad\\\/wp-content\\\/uploads\\\/2025\\\/04\\\/Escuela-infantil-Buztintxuri_web.webp\",\"width\":971,\"height\":725,\"caption\":\"escuela infantil buztintxuri\"},{\"@type\":\"BreadcrumbList\",\"@id\":\"https:\\\/\\\/www.laguiadepamplona.com\\\/actualidad\\\/las-obras-de-renaturalizacion-del-patio-de-la-escuela-infantil-buztintxuri-con-un-presupuesto-de-173-098-euros-comenzaran-en-el-mes-de-julio\\\/#breadcrumb\",\"itemListElement\":[{\"@type\":\"ListItem\",\"position\":1,\"name\":\"Portada\",\"item\":\"https:\\\/\\\/www.laguiadepamplona.com\\\/actualidad\\\/\"},{\"@type\":\"ListItem\",\"position\":2,\"name\":\"Las obras de renaturalizaci\u00f3n del patio de la escuela infantil Buztintxuri, con un presupuesto de 173.098 euros, comenzar\u00e1n en el mes de julio\"}]},{\"@type\":\"WebSite\",\"@id\":\"https:\\\/\\\/www.laguiadepamplona.com\\\/actualidad\\\/#website\",\"url\":\"https:\\\/\\\/www.laguiadepamplona.com\\\/actualidad\\\/\",\"name\":\"La gu\u00eda de Pamplona\",\"description\":\"Noticias de Pamplona\",\"publisher\":{\"@id\":\"https:\\\/\\\/www.laguiadepamplona.com\\\/actualidad\\\/#organization\"},\"potentialAction\":[{\"@type\":\"SearchAction\",\"target\":{\"@type\":\"EntryPoint\",\"urlTemplate\":\"https:\\\/\\\/www.laguiadepamplona.com\\\/actualidad\\\/?s={search_term_string}\"},\"query-input\":{\"@type\":\"PropertyValueSpecification\",\"valueRequired\":true,\"valueName\":\"search_term_string\"}}],\"inLanguage\":\"es\"},{\"@type\":\"Organization\",\"@id\":\"https:\\\/\\\/www.laguiadepamplona.com\\\/actualidad\\\/#organization\",\"name\":\"La Gu\u00eda de Pamplona \\\/ Noticias\",\"url\":\"https:\\\/\\\/www.laguiadepamplona.com\\\/actualidad\\\/\",\"logo\":{\"@type\":\"ImageObject\",\"inLanguage\":\"es\",\"@id\":\"https:\\\/\\\/www.laguiadepamplona.com\\\/actualidad\\\/#\\\/schema\\\/logo\\\/image\\\/\",\"url\":\"https:\\\/\\\/www.laguiadepamplona.com\\\/actualidad\\\/wp-content\\\/uploads\\\/2018\\\/11\\\/logo-laguiadepamplona18-web1.png\",\"contentUrl\":\"https:\\\/\\\/www.laguiadepamplona.com\\\/actualidad\\\/wp-content\\\/uploads\\\/2018\\\/11\\\/logo-laguiadepamplona18-web1.png\",\"width\":600,\"height\":196,\"caption\":\"La Gu\u00eda de Pamplona \\\/ Noticias\"},\"image\":{\"@id\":\"https:\\\/\\\/www.laguiadepamplona.com\\\/actualidad\\\/#\\\/schema\\\/logo\\\/image\\\/\"},\"sameAs\":[\"https:\\\/\\\/www.facebook.com\\\/laguiadepamplonacom-133175176762273\\\/?ref=hl\",\"https:\\\/\\\/x.com\\\/LaGuiadPamplona\",\"https:\\\/\\\/www.instagram.com\\\/la_guia_de_pamplona\\\/\",\"https:\\\/\\\/www.youtube.com\\\/user\\\/laguiadepamplona\"]},{\"@type\":\"Person\",\"@id\":\"https:\\\/\\\/www.laguiadepamplona.com\\\/actualidad\\\/#\\\/schema\\\/person\\\/efe887376f0213d4657c93adc50b1fdb\",\"name\":\"La Gu\u00eda de Pamplona\",\"image\":{\"@type\":\"ImageObject\",\"inLanguage\":\"es\",\"@id\":\"https:\\\/\\\/secure.gravatar.com\\\/avatar\\\/b6992f131dc8d30ab0dff15446e9d346d9dbd95992de0fef795073f5ea83a81c?s=96&d=mm&r=g\",\"url\":\"https:\\\/\\\/secure.gravatar.com\\\/avatar\\\/b6992f131dc8d30ab0dff15446e9d346d9dbd95992de0fef795073f5ea83a81c?s=96&d=mm&r=g\",\"contentUrl\":\"https:\\\/\\\/secure.gravatar.com\\\/avatar\\\/b6992f131dc8d30ab0dff15446e9d346d9dbd95992de0fef795073f5ea83a81c?s=96&d=mm&r=g\",\"caption\":\"La Gu\u00eda de Pamplona\"}}]}<\/script>\n<!-- \/ Yoast SEO plugin. -->","yoast_head_json":{"title":"Las obras de renaturalizaci\u00f3n del patio de la escuela infantil Buztintxuri, con un presupuesto de 173.098 euros, comenzar\u00e1n en el mes de julio","description":"Se integrar\u00e1n \u00e1reas sensoriales, elementos de juego naturales y espacios naturalizados, en una actuaci\u00f3n que compagina la funcionalidad","robots":{"index":"index","follow":"follow","max-snippet":"max-snippet:-1","max-image-preview":"max-image-preview:large","max-video-preview":"max-video-preview:-1"},"canonical":"https:\/\/www.laguiadepamplona.com\/actualidad\/las-obras-de-renaturalizacion-del-patio-de-la-escuela-infantil-buztintxuri-con-un-presupuesto-de-173-098-euros-comenzaran-en-el-mes-de-julio\/","og_locale":"es_ES","og_type":"article","og_title":"Las obras de renaturalizaci\u00f3n del patio de la escuela infantil Buztintxuri, con un presupuesto de 173.098 euros, comenzar\u00e1n en el mes de julio","og_description":"Se integrar\u00e1n \u00e1reas sensoriales, elementos de juego naturales y espacios naturalizados, en una actuaci\u00f3n que compagina la funcionalidad","og_url":"https:\/\/www.laguiadepamplona.com\/actualidad\/las-obras-de-renaturalizacion-del-patio-de-la-escuela-infantil-buztintxuri-con-un-presupuesto-de-173-098-euros-comenzaran-en-el-mes-de-julio\/","og_site_name":"La Gu\u00eda de Pamplona","article_publisher":"https:\/\/www.facebook.com\/laguiadepamplonacom-133175176762273\/?ref=hl","article_published_time":"2025-04-15T16:27:01+00:00","og_image":[{"width":971,"height":725,"url":"https:\/\/www.laguiadepamplona.com\/actualidad\/wp-content\/uploads\/2025\/04\/Escuela-infantil-Buztintxuri_web.webp","type":"image\/webp"}],"author":"La Gu\u00eda de Pamplona","twitter_card":"summary_large_image","twitter_creator":"@LaGuiadPamplona","twitter_site":"@LaGuiadPamplona","twitter_misc":{"Escrito por":"La Gu\u00eda de Pamplona","Tiempo de lectura":"4 minutos"},"schema":{"@context":"https:\/\/schema.org","@graph":[{"@type":"Article","@id":"https:\/\/www.laguiadepamplona.com\/actualidad\/las-obras-de-renaturalizacion-del-patio-de-la-escuela-infantil-buztintxuri-con-un-presupuesto-de-173-098-euros-comenzaran-en-el-mes-de-julio\/#article","isPartOf":{"@id":"https:\/\/www.laguiadepamplona.com\/actualidad\/las-obras-de-renaturalizacion-del-patio-de-la-escuela-infantil-buztintxuri-con-un-presupuesto-de-173-098-euros-comenzaran-en-el-mes-de-julio\/"},"author":{"name":"La Gu\u00eda de Pamplona","@id":"https:\/\/www.laguiadepamplona.com\/actualidad\/#\/schema\/person\/efe887376f0213d4657c93adc50b1fdb"},"headline":"Las obras de renaturalizaci\u00f3n del patio de la escuela infantil Buztintxuri, con un presupuesto de 173.098 euros, comenzar\u00e1n en el mes de julio","datePublished":"2025-04-15T16:27:01+00:00","mainEntityOfPage":{"@id":"https:\/\/www.laguiadepamplona.com\/actualidad\/las-obras-de-renaturalizacion-del-patio-de-la-escuela-infantil-buztintxuri-con-un-presupuesto-de-173-098-euros-comenzaran-en-el-mes-de-julio\/"},"wordCount":685,"commentCount":0,"publisher":{"@id":"https:\/\/www.laguiadepamplona.com\/actualidad\/#organization"},"image":{"@id":"https:\/\/www.laguiadepamplona.com\/actualidad\/las-obras-de-renaturalizacion-del-patio-de-la-escuela-infantil-buztintxuri-con-un-presupuesto-de-173-098-euros-comenzaran-en-el-mes-de-julio\/#primaryimage"},"thumbnailUrl":"https:\/\/www.laguiadepamplona.com\/actualidad\/wp-content\/uploads\/2025\/04\/Escuela-infantil-Buztintxuri_web.webp","articleSection":["Ayto Pamplona"],"inLanguage":"es","potentialAction":[{"@type":"CommentAction","name":"Comment","target":["https:\/\/www.laguiadepamplona.com\/actualidad\/las-obras-de-renaturalizacion-del-patio-de-la-escuela-infantil-buztintxuri-con-un-presupuesto-de-173-098-euros-comenzaran-en-el-mes-de-julio\/#respond"]}]},{"@type":"WebPage","@id":"https:\/\/www.laguiadepamplona.com\/actualidad\/las-obras-de-renaturalizacion-del-patio-de-la-escuela-infantil-buztintxuri-con-un-presupuesto-de-173-098-euros-comenzaran-en-el-mes-de-julio\/","url":"https:\/\/www.laguiadepamplona.com\/actualidad\/las-obras-de-renaturalizacion-del-patio-de-la-escuela-infantil-buztintxuri-con-un-presupuesto-de-173-098-euros-comenzaran-en-el-mes-de-julio\/","name":"Las obras de renaturalizaci\u00f3n del patio de la escuela infantil Buztintxuri, con un presupuesto de 173.098 euros, comenzar\u00e1n en el mes de julio","isPartOf":{"@id":"https:\/\/www.laguiadepamplona.com\/actualidad\/#website"},"primaryImageOfPage":{"@id":"https:\/\/www.laguiadepamplona.com\/actualidad\/las-obras-de-renaturalizacion-del-patio-de-la-escuela-infantil-buztintxuri-con-un-presupuesto-de-173-098-euros-comenzaran-en-el-mes-de-julio\/#primaryimage"},"image":{"@id":"https:\/\/www.laguiadepamplona.com\/actualidad\/las-obras-de-renaturalizacion-del-patio-de-la-escuela-infantil-buztintxuri-con-un-presupuesto-de-173-098-euros-comenzaran-en-el-mes-de-julio\/#primaryimage"},"thumbnailUrl":"https:\/\/www.laguiadepamplona.com\/actualidad\/wp-content\/uploads\/2025\/04\/Escuela-infantil-Buztintxuri_web.webp","datePublished":"2025-04-15T16:27:01+00:00","description":"Se integrar\u00e1n \u00e1reas sensoriales, elementos de juego naturales y espacios naturalizados, en una actuaci\u00f3n que compagina la funcionalidad","breadcrumb":{"@id":"https:\/\/www.laguiadepamplona.com\/actualidad\/las-obras-de-renaturalizacion-del-patio-de-la-escuela-infantil-buztintxuri-con-un-presupuesto-de-173-098-euros-comenzaran-en-el-mes-de-julio\/#breadcrumb"},"inLanguage":"es","potentialAction":[{"@type":"ReadAction","target":["https:\/\/www.laguiadepamplona.com\/actualidad\/las-obras-de-renaturalizacion-del-patio-de-la-escuela-infantil-buztintxuri-con-un-presupuesto-de-173-098-euros-comenzaran-en-el-mes-de-julio\/"]}]},{"@type":"ImageObject","inLanguage":"es","@id":"https:\/\/www.laguiadepamplona.com\/actualidad\/las-obras-de-renaturalizacion-del-patio-de-la-escuela-infantil-buztintxuri-con-un-presupuesto-de-173-098-euros-comenzaran-en-el-mes-de-julio\/#primaryimage","url":"https:\/\/www.laguiadepamplona.com\/actualidad\/wp-content\/uploads\/2025\/04\/Escuela-infantil-Buztintxuri_web.webp","contentUrl":"https:\/\/www.laguiadepamplona.com\/actualidad\/wp-content\/uploads\/2025\/04\/Escuela-infantil-Buztintxuri_web.webp","width":971,"height":725,"caption":"escuela infantil buztintxuri"},{"@type":"BreadcrumbList","@id":"https:\/\/www.laguiadepamplona.com\/actualidad\/las-obras-de-renaturalizacion-del-patio-de-la-escuela-infantil-buztintxuri-con-un-presupuesto-de-173-098-euros-comenzaran-en-el-mes-de-julio\/#breadcrumb","itemListElement":[{"@type":"ListItem","position":1,"name":"Portada","item":"https:\/\/www.laguiadepamplona.com\/actualidad\/"},{"@type":"ListItem","position":2,"name":"Las obras de renaturalizaci\u00f3n del patio de la escuela infantil Buztintxuri, con un presupuesto de 173.098 euros, comenzar\u00e1n en el mes de julio"}]},{"@type":"WebSite","@id":"https:\/\/www.laguiadepamplona.com\/actualidad\/#website","url":"https:\/\/www.laguiadepamplona.com\/actualidad\/","name":"La gu\u00eda de Pamplona","description":"Noticias de Pamplona","publisher":{"@id":"https:\/\/www.laguiadepamplona.com\/actualidad\/#organization"},"potentialAction":[{"@type":"SearchAction","target":{"@type":"EntryPoint","urlTemplate":"https:\/\/www.laguiadepamplona.com\/actualidad\/?s={search_term_string}"},"query-input":{"@type":"PropertyValueSpecification","valueRequired":true,"valueName":"search_term_string"}}],"inLanguage":"es"},{"@type":"Organization","@id":"https:\/\/www.laguiadepamplona.com\/actualidad\/#organization","name":"La Gu\u00eda de Pamplona \/ Noticias","url":"https:\/\/www.laguiadepamplona.com\/actualidad\/","logo":{"@type":"ImageObject","inLanguage":"es","@id":"https:\/\/www.laguiadepamplona.com\/actualidad\/#\/schema\/logo\/image\/","url":"https:\/\/www.laguiadepamplona.com\/actualidad\/wp-content\/uploads\/2018\/11\/logo-laguiadepamplona18-web1.png","contentUrl":"https:\/\/www.laguiadepamplona.com\/actualidad\/wp-content\/uploads\/2018\/11\/logo-laguiadepamplona18-web1.png","width":600,"height":196,"caption":"La Gu\u00eda de Pamplona \/ Noticias"},"image":{"@id":"https:\/\/www.laguiadepamplona.com\/actualidad\/#\/schema\/logo\/image\/"},"sameAs":["https:\/\/www.facebook.com\/laguiadepamplonacom-133175176762273\/?ref=hl","https:\/\/x.com\/LaGuiadPamplona","https:\/\/www.instagram.com\/la_guia_de_pamplona\/","https:\/\/www.youtube.com\/user\/laguiadepamplona"]},{"@type":"Person","@id":"https:\/\/www.laguiadepamplona.com\/actualidad\/#\/schema\/person\/efe887376f0213d4657c93adc50b1fdb","name":"La Gu\u00eda de Pamplona","image":{"@type":"ImageObject","inLanguage":"es","@id":"https:\/\/secure.gravatar.com\/avatar\/b6992f131dc8d30ab0dff15446e9d346d9dbd95992de0fef795073f5ea83a81c?s=96&d=mm&r=g","url":"https:\/\/secure.gravatar.com\/avatar\/b6992f131dc8d30ab0dff15446e9d346d9dbd95992de0fef795073f5ea83a81c?s=96&d=mm&r=g","contentUrl":"https:\/\/secure.gravatar.com\/avatar\/b6992f131dc8d30ab0dff15446e9d346d9dbd95992de0fef795073f5ea83a81c?s=96&d=mm&r=g","caption":"La Gu\u00eda de Pamplona"}}]}},"post_mailing_queue_ids":[],"_links":{"self":[{"href":"https:\/\/www.laguiadepamplona.com\/actualidad\/wp-json\/wp\/v2\/posts\/52777","targetHints":{"allow":["GET"]}}],"collection":[{"href":"https:\/\/www.laguiadepamplona.com\/actualidad\/wp-json\/wp\/v2\/posts"}],"about":[{"href":"https:\/\/www.laguiadepamplona.com\/actualidad\/wp-json\/wp\/v2\/types\/post"}],"author":[{"embeddable":true,"href":"https:\/\/www.laguiadepamplona.com\/actualidad\/wp-json\/wp\/v2\/users\/1"}],"replies":[{"embeddable":true,"href":"https:\/\/www.laguiadepamplona.com\/actualidad\/wp-json\/wp\/v2\/comments?post=52777"}],"version-history":[{"count":1,"href":"https:\/\/www.laguiadepamplona.com\/actualidad\/wp-json\/wp\/v2\/posts\/52777\/revisions"}],"predecessor-version":[{"id":52779,"href":"https:\/\/www.laguiadepamplona.com\/actualidad\/wp-json\/wp\/v2\/posts\/52777\/revisions\/52779"}],"wp:featuredmedia":[{"embeddable":true,"href":"https:\/\/www.laguiadepamplona.com\/actualidad\/wp-json\/wp\/v2\/media\/52778"}],"wp:attachment":[{"href":"https:\/\/www.laguiadepamplona.com\/actualidad\/wp-json\/wp\/v2\/media?parent=52777"}],"wp:term":[{"taxonomy":"category","embeddable":true,"href":"https:\/\/www.laguiadepamplona.com\/actualidad\/wp-json\/wp\/v2\/categories?post=52777"},{"taxonomy":"post_tag","embeddable":true,"href":"https:\/\/www.laguiadepamplona.com\/actualidad\/wp-json\/wp\/v2\/tags?post=52777"}],"curies":[{"name":"wp","href":"https:\/\/api.w.org\/{rel}","templated":true}]}}